{"id":396489,"date":"2024-06-27T05:34:02","date_gmt":"2024-06-27T03:34:02","guid":{"rendered":"https:\/\/www.radiopiu.net\/wordpress\/?p=396489"},"modified":"2024-06-27T06:50:56","modified_gmt":"2024-06-27T04:50:56","slug":"giornale-radiopiu-27-giugno-2024-direttore-mirko-mezzacasada-41-anni-25-giugno-1983-25-giugno-2024","status":"publish","type":"post","link":"https:\/\/www.radiopiu.net\/wordpress\/giornale-radiopiu-27-giugno-2024-direttore-mirko-mezzacasada-41-anni-25-giugno-1983-25-giugno-2024\/","title":{"rendered":"GIORNALE RADIOPIU 27 GIUGNO 2024 DIRETTORE MIRKO MEZZACASA\u2026DA 41 ANNI 25 GIUGNO 1983-25 GIUGNO 2024"},"content":{"rendered":"<p>*******<\/p>\n<h1 style=\"text-align: center;\"><span style=\"color: #ff0000;\"><a class=\"dt-pswp-item\" href=\"https:\/\/www.radiopiu.net\/wordpress\/wp-content\/uploads\/2024\/06\/Senza-nome-67.png\" data-dt-img-description=\"\" data-large_image_width=\"413\" data-large_image_height=\"248\"><img loading=\"lazy\" decoding=\"async\" class=\"size-medium wp-image-396280 aligncenter\" src=\"https:\/\/www.radiopiu.net\/wordpress\/wp-content\/uploads\/2024\/06\/Senza-nome-67-300x180.png\" alt=\"\" width=\"300\" height=\"180\" srcset=\"https:\/\/www.radiopiu.net\/wordpress\/wp-content\/uploads\/2024\/06\/Senza-nome-67-300x180.png 300w, https:\/\/www.radiopiu.net\/wordpress\/wp-content\/uploads\/2024\/06\/Senza-nome-67.png 413w\" sizes=\"auto, (max-width: 300px) 100vw, 300px\" \/><\/a><\/span><\/h1>\n<p>&nbsp;<\/p>\n<p><em><span style=\"color: #ff0000;\">ATTENZIONE: LA NUOVA APP PER IOS-IPHONE di Nicola Vettorello <\/span><\/em><a href=\"https:\/\/apps.apple.com\/it\/app\/radio-pi%C3%B9-emittente-agordina\/id1515939845\">https:\/\/apps.apple.com\/it\/app\/radio-pi%C3%B9-emittente-agordina\/id1515939845<\/a><\/p>\n<p><em style=\"color: #ff0000;\">ATTENZIONE: LA NUOVA APP RADIO\u00a0 PER ANDROID di Nicola Vettorello<\/em><\/p>\n<p><a href=\"https:\/\/play.google.com\/store\/apps\/details?id=net.radiopiu.iniko\" target=\"_blank\" rel=\"noopener noreferrer\">https:\/\/play.google.com\/store\/apps\/details?id=net.radiopiu.iniko\u00a0\u00a0\u00a0<\/a><\/p>\n<p>&nbsp;<\/p>\n<p>&nbsp;<\/p>\n<hr \/>\n<p>&nbsp;<\/p>\n<h1 style=\"text-align: center;\"><\/h1>\n<p><strong class=\"photoswipe-wrapper\"><span style=\"color: #ff0000;\"><a class=\"dt-pswp-item\" href=\"https:\/\/www.radiopiu.net\/wordpress\/wp-content\/uploads\/2024\/06\/449064769_2730264683807799_4785170504380746463_n.jpg\" data-dt-img-description=\"\" data-large_image_width=\"1080\" data-large_image_height=\"1920\"><img loading=\"lazy\" decoding=\"async\" class=\" wp-image-396606 alignleft\" src=\"https:\/\/www.radiopiu.net\/wordpress\/wp-content\/uploads\/2024\/06\/449064769_2730264683807799_4785170504380746463_n-169x300.jpg\" alt=\"\" width=\"134\" height=\"238\" srcset=\"https:\/\/www.radiopiu.net\/wordpress\/wp-content\/uploads\/2024\/06\/449064769_2730264683807799_4785170504380746463_n-169x300.jpg 169w, https:\/\/www.radiopiu.net\/wordpress\/wp-content\/uploads\/2024\/06\/449064769_2730264683807799_4785170504380746463_n-576x1024.jpg 576w, https:\/\/www.radiopiu.net\/wordpress\/wp-content\/uploads\/2024\/06\/449064769_2730264683807799_4785170504380746463_n-768x1365.jpg 768w, https:\/\/www.radiopiu.net\/wordpress\/wp-content\/uploads\/2024\/06\/449064769_2730264683807799_4785170504380746463_n-864x1536.jpg 864w, https:\/\/www.radiopiu.net\/wordpress\/wp-content\/uploads\/2024\/06\/449064769_2730264683807799_4785170504380746463_n.jpg 1080w\" sizes=\"auto, (max-width: 134px) 100vw, 134px\" \/><\/a>OGGI ALLA RADIO<\/span><\/strong>:\u00a0<strong>ALLE 6.15 <\/strong>PIROLE DE LENGA, CON IL MUSLA\u00a0\u00a0<strong>ALLE 7.20<\/strong>\u00a0EL BAL DEL FIOR, DETTI E TRADIZIONI DI GIULIANA DA RONCH;\u00a0<strong>ALLE 8.20\u00a0<\/strong>PIU&#8217; SIAMO ESTATE DI MARINA DONA&#8217;\u00a0 <strong>9.00<\/strong>\u00a0 alex nascinben LA MUSICA COUNTRY\u00a0 \u00a0<strong>9.30\u00a0<\/strong>VIABILITA\u2019 Botol_Car <strong>10.10<\/strong> ZAINO DA VIAGGIO AL FEMMINILE DI PAOLA LANCIATO\u00a0 <span style=\"color: #0000ff;\"><strong><span style=\"color: #000000;\">10.30\u00a0<\/span><\/strong><span style=\"color: #000000;\">\u00a0 SUMMER GREEN VOLLEY CON DINA LUCIANI, EMILY BENVEGNU&#8217; E DAVID TANCON<\/span><span style=\"color: #000000;\">\u00a0<\/span><\/span><strong>11.10 <\/strong>LA STORIA DEL FESTIVALBAR RACCONTATA DA MIRCO BENCIVENN<strong>I <\/strong>\u00a0\u00a0<strong>12.00\u00a0<\/strong>VA TUTTO LISCIO\u00a0<strong>12.30\u00a0<\/strong>GIORNALE RADIO EDIZIONE PRINCIPALE <strong>13.10<\/strong> SPECIALE NON VEDENTI NEL SITO DI VALLE IMPERINA, OSPITI LAURA NARDONE E DINO PRELORAN\u00a0 <strong>13.20<\/strong> TRE PEZZI ESTIVI DI MARINA DONA&#8217; <strong>14.00\u00a0<\/strong> LORIS SCUSSEL CON COLLAGE OPERAZIONE NOSTALGIA <strong>15.00\u00a0<\/strong>\u00a0 \u00a0TIME FOR ME IL PROGRAMMA DEL GIOVEDI&#8217; DI MARINA DONA&#8217; ospite Andrea de Bernardin con il suo nuovo libro fresco di stampa <strong>1<\/strong><strong>6.00\u00a0<\/strong>IL ROCK DI MARCO COSTANTINI\u00a0<strong>16.45\u00a0<\/strong>LE HIT DI MIRCO BENCIVENNI\u00a0 <strong>19\u00a0<\/strong>ANTICIPAZIONI DAL TG DI ANTENNA 3<\/p>\n<blockquote><p><strong>rassegna stampa nazionale, ogni giorno alle 5 e alle 6 del mattino<\/strong><br \/>\n<em>giornali locali 7 rassegna stampa flash, 8 rassegna stampa, gr flash alle 10 e alle 11, principale 12.30. Informazione pomerIggio alle 15 (speciale) 16, 17, 18. Giornale radio nazionale: ogni ora dalle 5 del mattino, alle 20 della sera.\u00a0<\/em><\/p><\/blockquote>\n<div class=\"x11i5rnm xat24cr x1mh8g0r x1vvkbs xtlvy1s x126k92a\">\n<div dir=\"auto\">\n<p>&nbsp;<\/p>\n<p>&nbsp;<\/p>\n<hr \/>\n<p>&nbsp;<\/p>\n<p>&nbsp;<\/p>\n<div class=\"x11i5rnm xat24cr x1mh8g0r x1vvkbs xtlvy1s x126k92a\">\n<div dir=\"auto\">\n<p><strong><a class=\"dt-pswp-item\" href=\"https:\/\/www.radiopiu.net\/wordpress\/wp-content\/uploads\/2024\/02\/2d44e751-d8a8-461b-8e22-d8e4e853b032.jpg\" data-dt-img-description=\"\" data-large_image_width=\"1600\" data-large_image_height=\"1200\"><img loading=\"lazy\" decoding=\"async\" class=\"wp-image-373307 alignleft\" src=\"https:\/\/www.radiopiu.net\/wordpress\/wp-content\/uploads\/2024\/02\/2d44e751-d8a8-461b-8e22-d8e4e853b032-300x225.jpg\" alt=\"\" width=\"105\" height=\"79\" srcset=\"https:\/\/www.radiopiu.net\/wordpress\/wp-content\/uploads\/2024\/02\/2d44e751-d8a8-461b-8e22-d8e4e853b032-300x225.jpg 300w, https:\/\/www.radiopiu.net\/wordpress\/wp-content\/uploads\/2024\/02\/2d44e751-d8a8-461b-8e22-d8e4e853b032-1024x768.jpg 1024w, https:\/\/www.radiopiu.net\/wordpress\/wp-content\/uploads\/2024\/02\/2d44e751-d8a8-461b-8e22-d8e4e853b032-768x576.jpg 768w, https:\/\/www.radiopiu.net\/wordpress\/wp-content\/uploads\/2024\/02\/2d44e751-d8a8-461b-8e22-d8e4e853b032-1536x1152.jpg 1536w, https:\/\/www.radiopiu.net\/wordpress\/wp-content\/uploads\/2024\/02\/2d44e751-d8a8-461b-8e22-d8e4e853b032.jpg 1600w\" sizes=\"auto, (max-width: 105px) 100vw, 105px\" \/><\/a>EL BAL DEL FIOR, DI GIULIANA DA RONCH, 27<\/strong><strong>\u00a0GIUGNO 2024<em>\u00a0<\/em><\/strong><\/p>\n<\/div>\n<\/div>\n<\/div>\n<audio class=\"wp-audio-shortcode\" id=\"audio-396489-1\" preload=\"none\" style=\"width: 100%;\" controls=\"controls\"><source type=\"audio\/mpeg\" src=\"https:\/\/www.radiopiu.net\/wordpress\/wp-content\/uploads\/2024\/06\/GGI-2.m4a?_=1\" \/><a href=\"https:\/\/www.radiopiu.net\/wordpress\/wp-content\/uploads\/2024\/06\/GGI-2.m4a\">https:\/\/www.radiopiu.net\/wordpress\/wp-content\/uploads\/2024\/06\/GGI-2.m4a<\/a><\/audio>\n<p>&nbsp;<\/p>\n<hr \/>\n<p>&nbsp;<\/p>\n<p>&nbsp;<\/p>\n<h1><span style=\"color: #ff0000;\"><a class=\"dt-pswp-item\" href=\"https:\/\/www.radiopiu.net\/wordpress\/wp-content\/uploads\/2024\/06\/th-5.jpg\" data-dt-img-description=\"\" data-large_image_width=\"326\" data-large_image_height=\"180\"><img loading=\"lazy\" decoding=\"async\" class=\"size-medium wp-image-395881 alignleft\" src=\"https:\/\/www.radiopiu.net\/wordpress\/wp-content\/uploads\/2024\/06\/th-5-300x166.jpg\" alt=\"\" width=\"300\" height=\"166\" srcset=\"https:\/\/www.radiopiu.net\/wordpress\/wp-content\/uploads\/2024\/06\/th-5-300x166.jpg 300w, https:\/\/www.radiopiu.net\/wordpress\/wp-content\/uploads\/2024\/06\/th-5.jpg 326w\" sizes=\"auto, (max-width: 300px) 100vw, 300px\" \/><\/a><\/span><\/h1>\n<h1><\/h1>\n<h1><\/h1>\n<h1><span style=\"color: #000000;\">27 giugno&#8230; alla radio l&#8217;almanacco\u00a0<\/span><\/h1>\n<p>&nbsp;<\/p>\n<audio class=\"wp-audio-shortcode\" id=\"audio-396489-2\" preload=\"none\" style=\"width: 100%;\" controls=\"controls\"><source type=\"audio\/mpeg\" src=\"https:\/\/www.radiopiu.net\/wordpress\/wp-content\/uploads\/2024\/06\/ALMANACCONEW-4.mp3?_=2\" \/><a href=\"https:\/\/www.radiopiu.net\/wordpress\/wp-content\/uploads\/2024\/06\/ALMANACCONEW-4.mp3\">https:\/\/www.radiopiu.net\/wordpress\/wp-content\/uploads\/2024\/06\/ALMANACCONEW-4.mp3<\/a><\/audio>\n<p><strong><a class=\"dt-pswp-item\" href=\"https:\/\/www.radiopiu.net\/wordpress\/wp-content\/uploads\/2023\/09\/radiopiu-18.jpg\" data-dt-img-description=\"\" data-large_image_width=\"1049\" data-large_image_height=\"1049\"><img loading=\"lazy\" decoding=\"async\" class=\" wp-image-353159 aligncenter\" src=\"https:\/\/www.radiopiu.net\/wordpress\/wp-content\/uploads\/2023\/09\/radiopiu-18-300x300.jpg\" alt=\"\" width=\"115\" height=\"115\" srcset=\"https:\/\/www.radiopiu.net\/wordpress\/wp-content\/uploads\/2023\/09\/radiopiu-18-300x300.jpg 300w, https:\/\/www.radiopiu.net\/wordpress\/wp-content\/uploads\/2023\/09\/radiopiu-18-1024x1024.jpg 1024w, https:\/\/www.radiopiu.net\/wordpress\/wp-content\/uploads\/2023\/09\/radiopiu-18-150x150.jpg 150w, https:\/\/www.radiopiu.net\/wordpress\/wp-content\/uploads\/2023\/09\/radiopiu-18-768x768.jpg 768w, https:\/\/www.radiopiu.net\/wordpress\/wp-content\/uploads\/2023\/09\/radiopiu-18.jpg 1049w\" sizes=\"auto, (max-width: 115px) 100vw, 115px\" \/><\/a><\/strong><\/p>\n<p>&nbsp;<\/p>\n<div dir=\"auto\">\n<hr \/>\n<\/div>\n<\/div>\n<blockquote>\n<blockquote>\n<h1><span style=\"color: #ff0000;\">\u00a0<\/span><\/h1>\n<h1><span style=\"color: #ff0000;\">I podcast informativi del mattino &#8211; audio &#8211;\u00a0\u00a0<\/span><\/h1>\n<\/blockquote>\n<p><strong><a class=\"dt-pswp-item\" href=\"https:\/\/www.radiopiu.net\/wordpress\/wp-content\/uploads\/2023\/11\/th-10.jpg\" data-dt-img-description=\"\" data-large_image_width=\"320\" data-large_image_height=\"180\"><img loading=\"lazy\" decoding=\"async\" class=\"wp-image-362866 alignleft\" src=\"https:\/\/www.radiopiu.net\/wordpress\/wp-content\/uploads\/2023\/11\/th-10-300x169.jpg\" alt=\"\" width=\"185\" height=\"104\" srcset=\"https:\/\/www.radiopiu.net\/wordpress\/wp-content\/uploads\/2023\/11\/th-10-300x169.jpg 300w, https:\/\/www.radiopiu.net\/wordpress\/wp-content\/uploads\/2023\/11\/th-10.jpg 320w\" sizes=\"auto, (max-width: 185px) 100vw, 185px\" \/><\/a>LA RASSEGNA STAMPA NAZIONALE ALLA RADIO, OGNI GIORNO ALLE 5 E ALLE 6 DEL MATTINO <span style=\"color: #0000ff;\">viene pubblicata alle 6.00 <span style=\"color: #ff0000;\">DIRETTA RADIO\u00a0 \u00a0\u00a0<\/span><\/span><\/strong><\/p><\/blockquote>\n<p>&nbsp;<\/p>\n<p><strong>NOTIZIE DELLA NOTTE\u00a0\u00a0<\/strong><\/p>\n<p>&nbsp;<\/p>\n<h2>AUDIO dalle 6 del mattino<\/h2>\n<p><strong>Taiwan,<\/strong> 35 aerei e 7 navi da guerra cinesi intorno all&#8217;isola <strong>Attacco a Jenin,<\/strong> feriti una ventina di soldati israeliani\u00a0 <strong>Gallant<\/strong>, Israele non vuole una guerra in Libano\u00a0 <strong>Una nuova talpa<\/strong> punta il dito contro Boeing, difetti nel 787\u00a0 <strong>Messico<\/strong>, &#8216;turismo contribuir\u00e0 16% al Pil entro un decennio&#8217;\u00a0 <strong>Fallito il golpe<\/strong> in Bolivia, i militari smobilitano\u00a0 <strong>Bolivia<\/strong>, il generale Zuniga &#8216;presto un nuovo governo&#8217;<\/p>\n<audio class=\"wp-audio-shortcode\" id=\"audio-396489-3\" preload=\"none\" style=\"width: 100%;\" controls=\"controls\"><source type=\"audio\/mpeg\" src=\"https:\/\/www.radiopiu.net\/wordpress\/wp-content\/uploads\/2024\/06\/GIORNALEDELLESEI-21.mp3?_=3\" \/><a href=\"https:\/\/www.radiopiu.net\/wordpress\/wp-content\/uploads\/2024\/06\/GIORNALEDELLESEI-21.mp3\">https:\/\/www.radiopiu.net\/wordpress\/wp-content\/uploads\/2024\/06\/GIORNALEDELLESEI-21.mp3<\/a><\/audio>\n<p>&nbsp;<\/p>\n<p>&nbsp;<\/p>\n<hr \/>\n<p>&nbsp;<\/p>\n<h1 style=\"text-align: center;\"><span style=\"color: #ff0000;\">I podcast informativi del mattino &#8211; audio &#8211;\u00a0<\/span><\/h1>\n<p><strong><a class=\"dt-pswp-item\" href=\"https:\/\/www.radiopiu.net\/wordpress\/wp-content\/uploads\/2023\/12\/images.png\" data-dt-img-description=\"\" data-large_image_width=\"316\" data-large_image_height=\"160\"><img loading=\"lazy\" decoding=\"async\" class=\"wp-image-367008 alignleft\" src=\"https:\/\/www.radiopiu.net\/wordpress\/wp-content\/uploads\/2023\/12\/images-300x152.png\" alt=\"\" width=\"235\" height=\"119\" srcset=\"https:\/\/www.radiopiu.net\/wordpress\/wp-content\/uploads\/2023\/12\/images-300x152.png 300w, https:\/\/www.radiopiu.net\/wordpress\/wp-content\/uploads\/2023\/12\/images.png 316w\" sizes=\"auto, (max-width: 235px) 100vw, 235px\" \/><\/a>OGNI GIORNO ALLE SETTE DEL MATTINO, LA RASSEGNA STAMPA LOCALE FLASH&#8230; PER CHI VA IN FRETTA. I TITOLI DAI GIORNALI E DAL SITO WWW.RADIOPIU.NET <span style=\"color: #0000ff;\">viene pubblicato alle 7.00<\/span> <span style=\"color: #ff0000;\">DIRETTA RADIO\u00a0<\/span><\/strong><\/p>\n<p><em><span style=\"color: #ff0000;\">per chi va in fretta&#8230; tante notizie in pochi minuti. L&#8217;informazione locale alla radio, ogni ora dalle 7 del mattino alle 19 della sera.\u00a0 <\/span><\/em><\/p>\n<p><strong>FALCADE<\/strong> Gestione Servizi Pubblici informa che, per lavori alla rete idrica comunale, oggi dalle 8 a fine lavori verr\u00e0 sospesa l\u2019erogazione dell\u2019acqua a\u00a0 nelle vie MARCHIORI, COL MAOR, BUSIN, CAPPELLO, SALPIAN, NICOLAJEWKA, DE SAN DOANE e TRENTO (dal civ. 24 al 76).<br \/>\n<strong>VENEZIA<\/strong> Il 26 giugno, il Presidente Sergio Mattarella ha promulgato la legge sull&#8217;Autonomia, approvata dal parlamento il 19 giugno. Il presidente della Regione Veneto, Luca Zaia, ha espresso entusiasmo per la notizia, ringraziando il Capo dello Stato e sottolineando l&#8217;importanza storica della riforma per la Repubblica Italiana.<br \/>\n<strong>ROCCA PIETORE<\/strong> Il Comune di Canazei e la Provincia autonoma di Trento non potevano negare l&#8217;autorizzazione per la sostituzione della vecchia seggiovia \u201cSass de Mul\u201d. Per questo motivo, Marmolada Srl ha presentato un ricorso al Tar di Trento chiedendo un risarcimento danni di 8,5 milioni di euro<br \/>\n<strong>BELLUNO<\/strong> Il Comando Provinciale della Guardia di Finanza di Belluno ha celebrato\u00a0 il 250\u00b0 anniversario della fondazione con una cerimonia commemorativa. Dal 1\u00b0 gennaio 2023 al 31 maggio 2024, la GDF ha eseguito oltre 2.200 interventi ispettivi e 410 indagini, individuando 166 evasori totali e 108 lavoratori irregolari. L&#8217;attivit\u00e0 ha portato al sequestro di beni per un valore di circa 1 milione di euro e alla proposta di sequestro di ulteriori 3 milioni. Inoltre, sono stati denunciati 31 soggetti per reati tributari e 16 per illeciti contro la spesa pubblica.<\/p>\n<h1>AUDIO dalle 7 del mattino<\/h1>\n<audio class=\"wp-audio-shortcode\" id=\"audio-396489-4\" preload=\"none\" style=\"width: 100%;\" controls=\"controls\"><source type=\"audio\/mpeg\" src=\"https:\/\/www.radiopiu.net\/wordpress\/wp-content\/uploads\/2024\/06\/GF07-23.mp3?_=4\" \/><a href=\"https:\/\/www.radiopiu.net\/wordpress\/wp-content\/uploads\/2024\/06\/GF07-23.mp3\">https:\/\/www.radiopiu.net\/wordpress\/wp-content\/uploads\/2024\/06\/GF07-23.mp3<\/a><\/audio>\n<p>&nbsp;<\/p>\n<p>&nbsp;<\/p>\n<hr \/>\n<p>&nbsp;<\/p>\n<h1><\/h1>\n<h1 style=\"text-align: center;\"><span style=\"color: #ff0000;\"><a class=\"dt-pswp-item\" href=\"https:\/\/www.radiopiu.net\/wordpress\/wp-content\/uploads\/2022\/01\/026c3f9d-dae9-4040-a3c1-a6530231bcc3.jpg\" data-dt-img-description=\"\" data-large_image_width=\"1152\" data-large_image_height=\"2048\"><img loading=\"lazy\" decoding=\"async\" class=\"wp-image-251839 alignleft\" src=\"https:\/\/www.radiopiu.net\/wordpress\/wp-content\/uploads\/2022\/01\/026c3f9d-dae9-4040-a3c1-a6530231bcc3-169x300.jpg\" alt=\"\" width=\"100\" height=\"177\" srcset=\"https:\/\/www.radiopiu.net\/wordpress\/wp-content\/uploads\/2022\/01\/026c3f9d-dae9-4040-a3c1-a6530231bcc3-169x300.jpg 169w, https:\/\/www.radiopiu.net\/wordpress\/wp-content\/uploads\/2022\/01\/026c3f9d-dae9-4040-a3c1-a6530231bcc3-576x1024.jpg 576w, https:\/\/www.radiopiu.net\/wordpress\/wp-content\/uploads\/2022\/01\/026c3f9d-dae9-4040-a3c1-a6530231bcc3-768x1365.jpg 768w, https:\/\/www.radiopiu.net\/wordpress\/wp-content\/uploads\/2022\/01\/026c3f9d-dae9-4040-a3c1-a6530231bcc3-864x1536.jpg 864w, https:\/\/www.radiopiu.net\/wordpress\/wp-content\/uploads\/2022\/01\/026c3f9d-dae9-4040-a3c1-a6530231bcc3.jpg 1152w\" sizes=\"auto, (max-width: 100px) 100vw, 100px\" \/><\/a>I podcast informativi del mattino &#8211; audio &#8211;\u00a0<\/span><\/h1>\n<blockquote><p><strong>GIORNALE RADIO NAZIONALE, EDIZIONE DELLE SETTE <span style=\"color: #0000ff;\">viene pubblicato alle 7.05 <span style=\"color: #ff0000;\">DIRETTA RADIO\u00a0<\/span><\/span><\/strong><\/p><\/blockquote>\n<p><strong>il giornale radionazionale e&#8217; in onda ogni ora, dalle sette del mattino alle venti della sera\u00a0 \u00a0<\/strong><strong>\u00a0<\/strong><\/p>\n<p>&nbsp;<\/p>\n<p><strong>Il colpo da 500 mila<\/strong> euro Ritrovato il corpo del corriere scomparso con il carico di borse Gucci\u00a0 <strong>Roma<\/strong> Donna ferita soccorsa in strada, in casa sua un uomo impiccato\u00a0 <strong>L&#8217;emergenza<\/strong> La morte dietro le sbarre, oltre 100 vittime in carcere\u00a0 \u00a0<strong>Milano<\/strong> Scarcerato il trapper Baby Gang, torna ai domiciliari\u00a0 <span style=\"color: #ff0000;\"><strong>Meteo<\/strong> <\/span>Ultime ore di maltempo, poi tornano il sole e il caldoNel weekend temperature fino a 40 gradi al Sud\u00a0 <strong>Il 60% delle ragazze<\/strong> per paura non prende i mezzi di sera Indagine Eumetra per Telefono donna, &#8216;Il quadro \u00e8 allarmante&#8217;\u00a0 <strong>Sigilli al lido<\/strong> dei vip a Ischia, abusi in un&#8217;area vincolata\u00a0 <strong>Kickboxer morto<\/strong> per un malore, due denunce per spaccio di dopanti\u00a0 <strong>Morte dell&#8217;orsa Amarena<\/strong>, chi l&#8217;ha uccisa rischia il processo\u00a0 <strong>Roma<\/strong> Incendio in capannone a Roma, colonna di fumo, nessun ferito<\/p>\n<h2>AUDIO dalle sette del mattino, ogni ora alla radio<\/h2>\n<audio class=\"wp-audio-shortcode\" id=\"audio-396489-5\" preload=\"none\" style=\"width: 100%;\" controls=\"controls\"><source type=\"audio\/mpeg\" src=\"https:\/\/www.radiopiu.net\/wordpress\/wp-content\/uploads\/2024\/06\/giornale07-22.mp3?_=5\" \/><a href=\"https:\/\/www.radiopiu.net\/wordpress\/wp-content\/uploads\/2024\/06\/giornale07-22.mp3\">https:\/\/www.radiopiu.net\/wordpress\/wp-content\/uploads\/2024\/06\/giornale07-22.mp3<\/a><\/audio>\n<p>&nbsp;<\/p>\n<p>&nbsp;<\/p>\n<hr \/>\n<p>&nbsp;<\/p>\n<p>&nbsp;<\/p>\n<h1><span style=\"color: #ff0000;\">I podcast informativi del mattino &#8211; video &#8211;\u00a0<\/span><\/h1>\n<h2><strong><a class=\"dt-pswp-item\" href=\"https:\/\/www.radiopiu.net\/wordpress\/wp-content\/uploads\/2023\/12\/th-10.jpg\" data-dt-img-description=\"\" data-large_image_width=\"245\" data-large_image_height=\"180\"><img loading=\"lazy\" decoding=\"async\" class=\" wp-image-367395 alignleft\" src=\"https:\/\/www.radiopiu.net\/wordpress\/wp-content\/uploads\/2023\/12\/th-10.jpg\" alt=\"\" width=\"166\" height=\"122\" \/><\/a>RASSEGNA STAMPA LOCALE, ORE OTTO 05<\/strong><\/h2>\n<h2><strong> <span style=\"color: #0000ff;\">viene\u00a0 <\/span><\/strong><strong><span style=\"color: #0000ff;\">pubblicata alle 8.05 <span style=\"color: #ff0000;\">DIRETTA RADIO\u00a0\u00a0<\/span><\/span><\/strong><\/h2>\n<p><strong>DI MIRKO MEZZACASA\u00a0 \u00a0<\/strong><button class=\"rounded-lg text-token-text-secondary hover:bg-token-main-surface-secondary\"><\/button><\/p>\n<p><strong>OGGI SUL Corriere delle Alpi E NOTIZIARI DI Radio Pi\u00f9<\/strong><\/p>\n<p>&nbsp;<\/p>\n<h2><span style=\"color: #ff0000;\"><strong>VIDEO\u00a0 \u00a0in diretta dalle 8 del mattino\u00a0\u00a0<\/strong><\/span><\/h2>\n<p><a class=\"dt-pswp-item\" href=\"https:\/\/www.radiopiu.net\/wordpress\/wp-content\/uploads\/2024\/06\/Senza-nome-77.png\" data-dt-img-description=\"\" data-large_image_width=\"303\" data-large_image_height=\"230\"><img loading=\"lazy\" decoding=\"async\" class=\"size-medium wp-image-396613 alignleft\" src=\"https:\/\/www.radiopiu.net\/wordpress\/wp-content\/uploads\/2024\/06\/Senza-nome-77-300x228.png\" alt=\"\" width=\"300\" height=\"228\" srcset=\"https:\/\/www.radiopiu.net\/wordpress\/wp-content\/uploads\/2024\/06\/Senza-nome-77-300x228.png 300w, https:\/\/www.radiopiu.net\/wordpress\/wp-content\/uploads\/2024\/06\/Senza-nome-77.png 303w\" sizes=\"auto, (max-width: 300px) 100vw, 300px\" \/><\/a><strong>ANNIVERSARIO DELLA MORTE DI LEONARDO DEL VECCHIO: ALLE 11.30 UN MINUTO DI RACCOGLIMENTO IN TUTTI GLI STABILIMENTI ESSILORLUXOTTICA<\/strong>, in localit\u00e0 Valcozzena davanti alla casa nella &#8220;fabbrica&#8221; di Leonardo un nuovo Monumento a futura memoria, oggi lo scoprimento e l&#8217;inaugurazione<br \/>\n<strong>L&#8217;ASSOCIAZIONE DISABILI VISIVI ONLUS AL SITO MINERARIO DI VALLE IMPERINA.<\/strong><br \/>\n<strong>RIVAMONTE<\/strong> L&#8217;Associazione Disabili Visivi Onlus hanno potuto visitare il sito minerario di Valle Imperina. Una gita particolare che ha coinvolto anche i Carabinieri Forestali. A fare da accompagnatore l&#8217;Ex docente dell&#8217;Istituto Minerario Follador De Rossi di Agordo Dino Preloran.<br \/>\n<strong>BELLUNO<\/strong> E&#8217;\u00a0in vigore da qualche giorno a Belluno la \u2013 ormai tradizionale \u2013 ordinanza anti-zanzare, necessaria per limitare la diffusione e le profilerazione di questi insetti, fastidiosi ma soprattutto potenzialmente portatori di malattie anche pericolose.<br \/>\n<strong>BELLUNO<\/strong> Tutelare la montagna, valorizzando il lavoro dell&#8217;uomo, Quindici anni fa &#8211; il 26 luglio 2009 &#8211; le Dolomiti sono state iscritte nella Lista del Patrimonio Mondiale<br \/>\n<strong>IL MONDO DEL LAVORO IN VENETO<\/strong><br \/>\n<strong>VENEZIA<\/strong> Nel primo trimestre 2024, il saldo occupazionale in Veneto \u00e8 stato positivo con +29.800 posti di lavoro dipendente, leggermente inferiore rispetto all&#8217;anno precedente. Ci sono state 213.700 assunzioni (-2%) e 184.000 cessazioni (+1%)<\/p>\n<p><a class=\"dt-pswp-item\" href=\"https:\/\/www.radiopiu.net\/wordpress\/wp-content\/uploads\/2024\/06\/coper.png\" data-dt-img-description=\"\" data-large_image_width=\"643\" data-large_image_height=\"375\"><img loading=\"lazy\" decoding=\"async\" class=\"size-medium wp-image-396618 aligncenter\" src=\"https:\/\/www.radiopiu.net\/wordpress\/wp-content\/uploads\/2024\/06\/coper-300x175.png\" alt=\"\" width=\"300\" height=\"175\" srcset=\"https:\/\/www.radiopiu.net\/wordpress\/wp-content\/uploads\/2024\/06\/coper-300x175.png 300w, https:\/\/www.radiopiu.net\/wordpress\/wp-content\/uploads\/2024\/06\/coper.png 643w\" sizes=\"auto, (max-width: 300px) 100vw, 300px\" \/><\/a><\/p>\n<hr \/>\n<p>&nbsp;<\/p>\n<p>&nbsp;<\/p>\n<p><strong><a class=\"dt-pswp-item\" href=\"https:\/\/www.radiopiu.net\/wordpress\/wp-content\/uploads\/2023\/12\/ANTENNA.png\" data-dt-img-description=\"\" data-large_image_width=\"300\" data-large_image_height=\"166\"><img loading=\"lazy\" decoding=\"async\" class=\" wp-image-366306 alignleft\" src=\"https:\/\/www.radiopiu.net\/wordpress\/wp-content\/uploads\/2023\/12\/ANTENNA.png\" alt=\"\" width=\"175\" height=\"97\" \/><\/a>IERI SERA, DAL TG DI ANTENNA 3, ogni sera alle 19 le anticipazioni alla radio, quello che poi seguirete nel TELEGIORNALE BELLUNESE\u00a0 in onda alle 19.30 sul CANALE 10 del digitale terrestre.\u00a0\u00a0<\/strong><\/p>\n<p>&nbsp;<\/p>\n<p><span style=\"color: #ff0000;\"><strong>\u00a0IERI SERA ALLA RADIO&#8230; LE ANTICIPAZIONI DI\u00a0 tiziana bolognani<br \/>\n<\/strong><\/span><\/p>\n<audio class=\"wp-audio-shortcode\" id=\"audio-396489-6\" preload=\"none\" style=\"width: 100%;\" controls=\"controls\"><source type=\"audio\/mpeg\" src=\"https:\/\/www.radiopiu.net\/wordpress\/wp-content\/uploads\/2024\/06\/ANTENNA3-18.mp3?_=6\" \/><a href=\"https:\/\/www.radiopiu.net\/wordpress\/wp-content\/uploads\/2024\/06\/ANTENNA3-18.mp3\">https:\/\/www.radiopiu.net\/wordpress\/wp-content\/uploads\/2024\/06\/ANTENNA3-18.mp3<\/a><\/audio>\n<p><span style=\"color: #ff0000;\"><strong>\u00a0<\/strong><\/span><\/p>\n<p>&nbsp;<\/p>\n<p>&nbsp;<\/p>\n<hr \/>\n<p>&nbsp;<\/p>\n<blockquote>\n<h3>GOSALDO E LIVINALLONGO: ACQUA INQUINATA<\/h3>\n<\/blockquote>\n<p><strong><img loading=\"lazy\" decoding=\"async\" class=\"alignleft\" src=\"https:\/\/www.radiopiu.net\/wordpress\/wp-content\/uploads\/2024\/05\/cantiere-municipio-Livinallongo-scaled.jpg\" width=\"231\" height=\"104\" \/><\/strong><b><\/b><\/p>\n<p><strong>GOSALDO<\/strong> in localit\u00e0 VALLASIN l&#8217;acqua erogata dall&#8217;acquedotto non \u00e8 potabile e pu\u00f2 essere usata per scopi alimentari SOLO PREVIA bollitura.<\/p>\n<p><strong>LIVINALLONGO<\/strong> Gestione Servizi Pubblici informa che a LIVINALLONGO DEL COL DI LANA in localit\u00e0 VARDA l&#8217;acqua erogata dall&#8217;acquedotto \u00e8 di nuovo potabile e pu\u00f2 essere usata, quindi, per scopi alimentari. Nelle localit\u00e0 COLLAZ e LARZONEI l&#8217;acqua erogata dall&#8217;acquedotto non \u00e8 potabile e pu\u00f2 essere usata per scopi alimentari SOLO PREVIA bollitura. GSP ha, comunque, gi\u00e0 adottato le necessarie misure per la disinfezione dell&#8217;acqua presente nei serbatoi e nella rete idrica con l&#8217;aggiunta di cloro.<\/p>\n<p>&nbsp;<\/p>\n<blockquote>\n<h2 lang=\"x-unicode\">LAVORI PROGRAMMATI BIM GSP<\/h2>\n<\/blockquote>\n<p lang=\"x-unicode\"><strong>\u00a0FALCADE<\/strong> Gestione Servizi Pubblici informa che, per lavori alla rete idrica comunale, oggi dalle 8 a fine lavori verr\u00e0 sospesa l\u2019erogazione dell\u2019acqua a\u00a0 nelle vie MARCHIORI, COL MAOR, BUSIN, CAPPELLO, SALPIAN, NICOLAJEWKA, DE SAN DOANE e TRENTO (dal civ. 24 al 76). Il personale addetto operer\u00e0 per limitare il pi\u00f9 possibile i disagi alla popolazione.<\/p>\n<p lang=\"x-unicode\"><strong>ROCCA PIETORE<\/strong>\u00a0 per lavori alla rete idrica comunale, oggi dalle 8 a fne lavori verr\u00e0 sospesa l\u2019erogazione dell\u2019acqua nelle localit\u00e0 CAPOLUOGO, SORAR\u00d9, PEZZ\u00c8, PALUE, BOSCOVERDE, PIAN, SAS NEGHER, COL DI ROCCA, CONDIO, SOTTOGUDA, MALGA CIAPELA.<\/p>\n<p>&nbsp;<\/p>\n<blockquote>\n<h3>VIABILITA&#8217; A CAVIOLA, CHIUSURA PROROGATA FINO AL 28 GIUGNO<\/h3>\n<\/blockquote>\n<p><strong>FALCADE<\/strong> Si allungano i tempi dei lavori a Caviola di Falcade. La chiusura della strada che va da Via Trento al centro abitato di Caviola \u00e8 stata prorogata fino al 28 giugno<\/p>\n<p>&nbsp;<\/p>\n<hr \/>\n<p>&nbsp;<\/p>\n<blockquote>\n<h3>AUTONOMIA: IL CAPO DELLO STATO HA PROMULGATO LA LEGGE<\/h3>\n<\/blockquote>\n<p><strong>VENEZIA<\/strong> Il 26 giugno, il Presidente Sergio Mattarella ha promulgato la legge sull&#8217;Autonomia, approvata dal parlamento il 19 giugno. Il presidente della Regione Veneto, Luca Zaia, ha espresso entusiasmo per la notizia, ringraziando il Capo dello Stato e sottolineando l&#8217;importanza storica della riforma per la Repubblica Italiana.<\/p>\n<p><strong>IL PRESIDENTE DEL VENETO LUCA ZAIA<\/strong><\/p>\n<div style=\"width: 1200px;\" class=\"wp-video\"><video class=\"wp-video-shortcode\" id=\"video-396489-1\" width=\"1200\" height=\"675\" preload=\"metadata\" controls=\"controls\"><source type=\"video\/mp4\" src=\"https:\/\/www.radiopiu.net\/wordpress\/wp-content\/uploads\/2024\/06\/WhatsApp-Video-2024-06-26-at-20.18.47.mp4?_=1\" \/><a href=\"https:\/\/www.radiopiu.net\/wordpress\/wp-content\/uploads\/2024\/06\/WhatsApp-Video-2024-06-26-at-20.18.47.mp4\">https:\/\/www.radiopiu.net\/wordpress\/wp-content\/uploads\/2024\/06\/WhatsApp-Video-2024-06-26-at-20.18.47.mp4<\/a><\/video><\/div>\n<p>&nbsp;<\/p>\n<p>&nbsp;<\/p>\n<hr \/>\n<blockquote>\n<h3>MARMOLADA SRL CHIEDE I DANNI A COMUNE DI CANAZEI E PROVINCIA AUTONOMA DI TRENTO PER IL NO ALLA SEGGIOVIA SASS DE MUL<\/h3>\n<\/blockquote>\n<p><strong><a class=\"dt-pswp-item\" href=\"https:\/\/www.radiopiu.net\/wordpress\/wp-content\/uploads\/2022\/12\/Alba_Marmolada-scaled.jpg\" data-dt-img-description=\"\" data-large_image_width=\"2560\" data-large_image_height=\"1920\"><img loading=\"lazy\" decoding=\"async\" class=\" wp-image-312436 alignleft\" src=\"https:\/\/www.radiopiu.net\/wordpress\/wp-content\/uploads\/2022\/12\/Alba_Marmolada-300x225.jpg\" alt=\"\" width=\"183\" height=\"137\" srcset=\"https:\/\/www.radiopiu.net\/wordpress\/wp-content\/uploads\/2022\/12\/Alba_Marmolada-300x225.jpg 300w, https:\/\/www.radiopiu.net\/wordpress\/wp-content\/uploads\/2022\/12\/Alba_Marmolada-1024x768.jpg 1024w, https:\/\/www.radiopiu.net\/wordpress\/wp-content\/uploads\/2022\/12\/Alba_Marmolada-768x576.jpg 768w, https:\/\/www.radiopiu.net\/wordpress\/wp-content\/uploads\/2022\/12\/Alba_Marmolada-1536x1152.jpg 1536w, https:\/\/www.radiopiu.net\/wordpress\/wp-content\/uploads\/2022\/12\/Alba_Marmolada-2048x1536.jpg 2048w\" sizes=\"auto, (max-width: 183px) 100vw, 183px\" \/><\/a>ROCCA PIETORE<\/strong> Il Comune di Canazei e la Provincia autonoma di Trento non potevano negare l&#8217;autorizzazione per la sostituzione della vecchia seggiovia \u201cSass de Mul\u201d. Per questo motivo, Marmolada Srl ha presentato un ricorso al Tar di Trento chiedendo un risarcimento danni di 8,5 milioni di euro. La societ\u00e0, che gestisce la funivia da Rocca Pietore a Punta Rocca dal 1965, sostiene che il rifiuto era illegittimo, causando un notevole danno economico. Nel 2007, Marmolada Srl aveva richiesto per la prima volta l&#8217;autorizzazione per sostituire la sciovia dismessa, ma la risposta definitiva \u00e8 arrivata solo nel 2017 con un rifiuto. Tuttavia, la pianificazione urbanistica provinciale prevedeva il rinnovo dell&#8217;impianto. Il Consiglio di Stato, nel 2023, ha dichiarato che il rifiuto era illegittimo. Di conseguenza, la societ\u00e0 ha richiesto un risarcimento per l&#8217;aumento dei costi e i mancati introiti. Marmolada Srl spera che il Tar accolga la loro richiesta per sanare la situazione e riconoscere il loro contributo allo sviluppo sostenibile del massiccio della Marmolada.<\/p>\n<p>&nbsp;<\/p>\n<div class=\"flex-shrink-0 flex flex-col relative items-end\">\n<div>\n<div class=\"pt-0.5 juice:pt-0\">\n<div class=\"gizmo-bot-avatar flex h-6 w-6 items-center justify-center overflow-hidden rounded-full juice:h-8 juice:w-8\">\n<div class=\"relative p-1 rounded-sm flex items-center justify-center bg-token-main-surface-primary text-token-text-primary h-8 w-8\"><strong><a class=\"dt-pswp-item\" href=\"https:\/\/www.radiopiu.net\/wordpress\/wp-content\/uploads\/2024\/06\/VALERIO-DAVARE.png\" data-dt-img-description=\"\" data-large_image_width=\"513\" data-large_image_height=\"495\"><img loading=\"lazy\" decoding=\"async\" class=\"wp-image-393708 alignleft\" src=\"https:\/\/www.radiopiu.net\/wordpress\/wp-content\/uploads\/2024\/06\/VALERIO-DAVARE-300x289.png\" alt=\"\" width=\"136\" height=\"131\" srcset=\"https:\/\/www.radiopiu.net\/wordpress\/wp-content\/uploads\/2024\/06\/VALERIO-DAVARE-300x289.png 300w, https:\/\/www.radiopiu.net\/wordpress\/wp-content\/uploads\/2024\/06\/VALERIO-DAVARE.png 513w\" sizes=\"auto, (max-width: 136px) 100vw, 136px\" \/><\/a>IL SINDACO<\/strong><\/div>\n<\/div>\n<\/div>\n<\/div>\n<\/div>\n<div class=\"group\/conversation-turn relative flex w-full min-w-0 flex-col agent-turn\">\n<div class=\"flex-col gap-1 md:gap-3\">\n<div class=\"flex flex-grow flex-col max-w-full\">\n<div class=\"min-h-[20px] text-message flex flex-col items-start whitespace-pre-wrap break-words [.text-message+&amp;]:mt-5 juice:w-full juice:items-end overflow-x-auto gap-2\" dir=\"auto\" data-message-author-role=\"assistant\" data-message-id=\"b8a5d259-ec2d-4735-b0fe-5e4c8155535b\">\n<div class=\"flex w-full flex-col gap-1 juice:empty:hidden juice:first:pt-[3px]\">\n<div class=\"markdown prose w-full break-words dark:prose-invert dark\">\n<h3>Valerio Davare e il progetto funiviario Sass de Mul &#8211; Serauta<\/h3>\n<p>Il neosindaco di Rocca Pietore, Valerio Davare, afferma che approfondir\u00e0 la questione del progetto funiviario Sass de Mul &#8211; Serauta, rifiutato nel 2017 per non conformit\u00e0 agli strumenti urbanistici e mancanza di un accordo tra Trento e Veneto.<\/p>\n<p>&nbsp;<\/p>\n<p>&nbsp;<\/p>\n<\/div>\n<\/div>\n<\/div>\n<\/div>\n<\/div>\n<\/div>\n<hr \/>\n<p>&nbsp;<\/p>\n<blockquote>\n<h2>Guardia di Finanza Belluno: 250\u00b0 anniversario<\/h2>\n<\/blockquote>\n<p><strong>BELLUNO<\/strong> <em>Il Comando Provinciale della Guardia di Finanza di Belluno ha celebrato\u00a0 il 250\u00b0 anniversario della fondazione con una cerimonia commemorativa. Dal 1\u00b0 gennaio 2023 al 31 maggio 2024, la GDF ha eseguito oltre 2.200 interventi ispettivi e 410 indagini, individuando 166 evasori totali e 108 lavoratori irregolari. L&#8217;attivit\u00e0 ha portato al sequestro di beni per un valore di circa 1 milione di euro e alla proposta di sequestro di ulteriori 3 milioni. Inoltre, sono stati denunciati 31 soggetti per reati tributari e 16 per illeciti contro la spesa pubblica.<\/em><\/p>\n<p>&nbsp;<\/p>\n<h2>APPROFONDIMENTO, TUTTI I NUMERI DELLA GDF 2023<\/h2>\n<blockquote class=\"wp-embedded-content\" data-secret=\"HZfRgKvtDO\"><p><a href=\"https:\/\/www.radiopiu.net\/wordpress\/guardia-di-finanza-belluno-250-anniversario\/\">Guardia di Finanza Belluno: 250\u00b0 anniversario<\/a><\/p><\/blockquote>\n<p><iframe loading=\"lazy\" class=\"wp-embedded-content\" sandbox=\"allow-scripts\" security=\"restricted\" style=\"position: absolute; clip: rect(1px, 1px, 1px, 1px);\" title=\"&#8220;Guardia di Finanza Belluno: 250\u00b0 anniversario&#8221; &#8212; Radio Pi\u00f9\" src=\"https:\/\/www.radiopiu.net\/wordpress\/guardia-di-finanza-belluno-250-anniversario\/embed\/#?secret=UIkbyJ1DAj#?secret=HZfRgKvtDO\" data-secret=\"HZfRgKvtDO\" width=\"600\" height=\"338\" frameborder=\"0\" marginwidth=\"0\" marginheight=\"0\" scrolling=\"no\"><\/iframe><\/p>\n<p>&nbsp;<\/p>\n<blockquote>\n<h1 class=\"_title post-title entry-title\"><a class=\"dt-pswp-item\" href=\"https:\/\/www.radiopiu.net\/wordpress\/wp-content\/uploads\/2023\/12\/ANTENNA.png\" data-dt-img-description=\"\" data-large_image_width=\"300\" data-large_image_height=\"166\"><img loading=\"lazy\" decoding=\"async\" class=\"wp-image-366306 alignleft\" src=\"https:\/\/www.radiopiu.net\/wordpress\/wp-content\/uploads\/2023\/12\/ANTENNA.png\" alt=\"\" width=\"164\" height=\"91\" \/><\/a>LA FESTA DELLA GUARDIA DI FINANZA, IN PROVINCIA SCOVATI 166 EVASORI<\/h1>\n<\/blockquote>\n<p>\u2013 Intervistati DARIO GUARINO (COMANDANTE PROVINCIALE GDF BELLUNO) (Servizio di\u00a0<a href=\"https:\/\/antennatre.medianordest.it\/redazione\/Tiziana-Bolognani\/\">Tiziana Bolognani<\/a>)<\/p>\n<p><iframe loading=\"lazy\" title=\"LA FESTA DELLA GUARDIA DI FINANZA, IN PROVINCIA SCOVATI 166 EVASORI | 26\/06\/2024\" width=\"1200\" height=\"675\" src=\"https:\/\/www.youtube.com\/embed\/F7LQ76neruU?feature=oembed\" frameborder=\"0\" allow=\"accelerometer; autoplay; clipboard-write; encrypted-media; gyroscope; picture-in-picture; web-share\" referrerpolicy=\"strict-origin-when-cross-origin\" allowfullscreen><\/iframe><\/p>\n<p>&nbsp;<\/p>\n<p>&nbsp;<\/p>\n<hr \/>\n<p>&nbsp;<\/p>\n<blockquote>\n<h3>ANNIVERSARIO MORTE LEONARDO DEL VECCHIO: UN MINUTO DI RACCOGLIMENTO IN TUTTI GLI STABILIMENTI ESSILORLUXOTTICA,<\/h3>\n<h3><em>in localit\u00e0 Valcozzena davanti alla casa nella &#8220;fabbrica&#8221; di Leonardo un nuovo Monumento a futura memoria, oggi lo scoprimento e l&#8217;inaugurazione<\/em><\/h3>\n<\/blockquote>\n<p><strong><img loading=\"lazy\" decoding=\"async\" class=\"alignleft\" src=\"https:\/\/www.radiopiu.net\/wordpress\/wp-content\/uploads\/2022\/06\/Del-Vecchio.jpg\" width=\"305\" height=\"167\" \/>AGORDO<\/strong> In occasione del secondo anniversario della scomparsa del Fondatore di Luxottica Leonardo Del Vecchio, oggi\u00a0 alle 11:30 tutti gli stabilimenti e le sedi osserveranno un minuto di silenzio preceduto da un segnale acustico. Alle 18\u00a0 messa\u00a0 in chiesa<\/p>\n<p><strong>SEDICO<\/strong> Oggi alle 18 alla chiesa di Mas si celebrer\u00e0 una funzione in memoria di Leonardo Del Vecchio, chi volesse unirsi in sua memoria sar\u00e0 il benvenuto. La funzione \u00e8 stata voluta da alcuni dipendenti che vorrebbero solo un raccoglimento di colleghi per pregare e ricordarlo con una preghiera dal cuore<\/p>\n<p><span style=\"color: #ff0000;\"><strong>ARCHIVIO RADIO PIU&#8217;&#8230;.. LEONARDO DEL VECCHIO DALLA LUXOTTICA DI AGORDO<\/strong><\/span><\/p>\n<audio class=\"wp-audio-shortcode\" id=\"audio-396489-7\" preload=\"none\" style=\"width: 100%;\" controls=\"controls\"><source type=\"audio\/mpeg\" src=\"https:\/\/www.radiopiu.net\/wordpress\/wp-content\/uploads\/2022\/06\/Intervista-Del-Vecchio-e-Vian.mp3?_=7\" \/><a href=\"https:\/\/www.radiopiu.net\/wordpress\/wp-content\/uploads\/2022\/06\/Intervista-Del-Vecchio-e-Vian.mp3\">https:\/\/www.radiopiu.net\/wordpress\/wp-content\/uploads\/2022\/06\/Intervista-Del-Vecchio-e-Vian.mp3<\/a><\/audio>\n<p><span style=\"color: #0000ff;\"><strong>ARCHIVIO RADIOPIU L&#8217;ABBRACCIO <\/strong><\/span><\/p>\n<audio class=\"wp-audio-shortcode\" id=\"audio-396489-8\" preload=\"none\" style=\"width: 100%;\" controls=\"controls\"><source type=\"audio\/mpeg\" src=\"https:\/\/www.radiopiu.net\/wordpress\/wp-content\/uploads\/2022\/06\/RICORDO-DEL-VECCHIO-CONSIGLIO-RIVAMONTE.mp3?_=8\" \/><a href=\"https:\/\/www.radiopiu.net\/wordpress\/wp-content\/uploads\/2022\/06\/RICORDO-DEL-VECCHIO-CONSIGLIO-RIVAMONTE.mp3\">https:\/\/www.radiopiu.net\/wordpress\/wp-content\/uploads\/2022\/06\/RICORDO-DEL-VECCHIO-CONSIGLIO-RIVAMONTE.mp3<\/a><\/audio>\n<p><strong><a class=\"dt-pswp-item\" href=\"https:\/\/www.radiopiu.net\/wordpress\/wp-content\/uploads\/2023\/09\/radiopiu-18.jpg\" data-dt-img-description=\"\" data-large_image_width=\"1049\" data-large_image_height=\"1049\"><img loading=\"lazy\" decoding=\"async\" class=\" wp-image-353159 aligncenter\" src=\"https:\/\/www.radiopiu.net\/wordpress\/wp-content\/uploads\/2023\/09\/radiopiu-18-300x300.jpg\" alt=\"\" width=\"115\" height=\"115\" srcset=\"https:\/\/www.radiopiu.net\/wordpress\/wp-content\/uploads\/2023\/09\/radiopiu-18-300x300.jpg 300w, https:\/\/www.radiopiu.net\/wordpress\/wp-content\/uploads\/2023\/09\/radiopiu-18-1024x1024.jpg 1024w, https:\/\/www.radiopiu.net\/wordpress\/wp-content\/uploads\/2023\/09\/radiopiu-18-150x150.jpg 150w, https:\/\/www.radiopiu.net\/wordpress\/wp-content\/uploads\/2023\/09\/radiopiu-18-768x768.jpg 768w, https:\/\/www.radiopiu.net\/wordpress\/wp-content\/uploads\/2023\/09\/radiopiu-18.jpg 1049w\" sizes=\"auto, (max-width: 115px) 100vw, 115px\" \/><\/a><\/strong><\/p>\n<p><strong>ARCHIVIO RADIOPIU NICOLETTA ZAMPILLO<\/strong><\/p>\n<audio class=\"wp-audio-shortcode\" id=\"audio-396489-9\" preload=\"none\" style=\"width: 100%;\" controls=\"controls\"><source type=\"audio\/mpeg\" src=\"https:\/\/www.radiopiu.net\/wordpress\/wp-content\/uploads\/2022\/06\/NICOLETTA-ZAMPILLO-MOGLIE-DEL-VECCHIO.mp3?_=9\" \/><a href=\"https:\/\/www.radiopiu.net\/wordpress\/wp-content\/uploads\/2022\/06\/NICOLETTA-ZAMPILLO-MOGLIE-DEL-VECCHIO.mp3\">https:\/\/www.radiopiu.net\/wordpress\/wp-content\/uploads\/2022\/06\/NICOLETTA-ZAMPILLO-MOGLIE-DEL-VECCHIO.mp3<\/a><\/audio>\n<p><strong>ARCHIVIO RADIOPIU CLAUDIO DEL VECCHIO<\/strong><\/p>\n<audio class=\"wp-audio-shortcode\" id=\"audio-396489-10\" preload=\"none\" style=\"width: 100%;\" controls=\"controls\"><source type=\"audio\/mpeg\" src=\"https:\/\/www.radiopiu.net\/wordpress\/wp-content\/uploads\/2022\/06\/CLAUDIO-DEL-VECCHIO.mp3?_=10\" \/><a href=\"https:\/\/www.radiopiu.net\/wordpress\/wp-content\/uploads\/2022\/06\/CLAUDIO-DEL-VECCHIO.mp3\">https:\/\/www.radiopiu.net\/wordpress\/wp-content\/uploads\/2022\/06\/CLAUDIO-DEL-VECCHIO.mp3<\/a><\/audio>\n<p><strong>ARCHIVIO RADIOPIU CLEMENTE DEL VECCHIO<\/strong><\/p>\n<audio class=\"wp-audio-shortcode\" id=\"audio-396489-11\" preload=\"none\" style=\"width: 100%;\" controls=\"controls\"><source type=\"audio\/mpeg\" src=\"https:\/\/www.radiopiu.net\/wordpress\/wp-content\/uploads\/2022\/06\/CLEMENTE-DEL-VECCHIO.mp3?_=11\" \/><a href=\"https:\/\/www.radiopiu.net\/wordpress\/wp-content\/uploads\/2022\/06\/CLEMENTE-DEL-VECCHIO.mp3\">https:\/\/www.radiopiu.net\/wordpress\/wp-content\/uploads\/2022\/06\/CLEMENTE-DEL-VECCHIO.mp3<\/a><\/audio>\n<p><strong>ARCHIVIO LEONARDO MARIA DEL VECCHIO<\/strong><\/p>\n<audio class=\"wp-audio-shortcode\" id=\"audio-396489-12\" preload=\"none\" style=\"width: 100%;\" controls=\"controls\"><source type=\"audio\/mpeg\" src=\"https:\/\/www.radiopiu.net\/wordpress\/wp-content\/uploads\/2022\/06\/LEONARDO-MARIA-DEL-VECCHIO.mp3?_=12\" \/><a href=\"https:\/\/www.radiopiu.net\/wordpress\/wp-content\/uploads\/2022\/06\/LEONARDO-MARIA-DEL-VECCHIO.mp3\">https:\/\/www.radiopiu.net\/wordpress\/wp-content\/uploads\/2022\/06\/LEONARDO-MARIA-DEL-VECCHIO.mp3<\/a><\/audio>\n<p>&nbsp;<\/p>\n<p><strong><a class=\"dt-pswp-item\" href=\"https:\/\/www.radiopiu.net\/wordpress\/wp-content\/uploads\/2023\/09\/radiopiu-18.jpg\" data-dt-img-description=\"\" data-large_image_width=\"1049\" data-large_image_height=\"1049\"><img loading=\"lazy\" decoding=\"async\" class=\" wp-image-353159 aligncenter\" src=\"https:\/\/www.radiopiu.net\/wordpress\/wp-content\/uploads\/2023\/09\/radiopiu-18-300x300.jpg\" alt=\"\" width=\"115\" height=\"115\" srcset=\"https:\/\/www.radiopiu.net\/wordpress\/wp-content\/uploads\/2023\/09\/radiopiu-18-300x300.jpg 300w, https:\/\/www.radiopiu.net\/wordpress\/wp-content\/uploads\/2023\/09\/radiopiu-18-1024x1024.jpg 1024w, https:\/\/www.radiopiu.net\/wordpress\/wp-content\/uploads\/2023\/09\/radiopiu-18-150x150.jpg 150w, https:\/\/www.radiopiu.net\/wordpress\/wp-content\/uploads\/2023\/09\/radiopiu-18-768x768.jpg 768w, https:\/\/www.radiopiu.net\/wordpress\/wp-content\/uploads\/2023\/09\/radiopiu-18.jpg 1049w\" sizes=\"auto, (max-width: 115px) 100vw, 115px\" \/><\/a><\/strong><\/p>\n<p>&nbsp;<\/p>\n<hr \/>\n<p>&nbsp;<\/p>\n<blockquote>\n<h3>L&#8217;ASSOCIAZIONE DISABILI VISIVI ONLUS AL SITO MINERARIO DI VALLE IMPERINA<\/h3>\n<\/blockquote>\n<p><strong>REDAZIONE<\/strong> L&#8217;Associazione Disabili Visivi Onlus hanno potuto visitare il sito minerario di Valle Imperina. Una gita particolare che ha coinvolto anche i Carabinieri Forestali. A fare da accompagnatore l&#8217;Ex docente dell&#8217;Istituto Minerario Follador De Rossi di Agordo Dino Preloran.<\/p>\n<p><iframe loading=\"lazy\" title=\"L&#039;Associazione Disabili Visivi Onlus nel sito minerario di Valle Imperina\" width=\"1200\" height=\"675\" src=\"https:\/\/www.youtube.com\/embed\/5aov-RmB4gY?feature=oembed\" frameborder=\"0\" allow=\"accelerometer; autoplay; clipboard-write; encrypted-media; gyroscope; picture-in-picture; web-share\" referrerpolicy=\"strict-origin-when-cross-origin\" allowfullscreen><\/iframe><\/p>\n<p>&nbsp;<\/p>\n<hr \/>\n<p>&nbsp;<\/p>\n<blockquote>\n<h3>IN VIGORE A BELLUNO L&#8217;ORDINANZA ANTI-ZANZARE<\/h3>\n<\/blockquote>\n<p><strong><a class=\"dt-pswp-item\" href=\"https:\/\/www.radiopiu.net\/wordpress\/wp-content\/uploads\/2018\/08\/zanzara.jpg\" data-dt-img-description=\"\" data-large_image_width=\"1280\" data-large_image_height=\"851\"><img loading=\"lazy\" decoding=\"async\" class=\" wp-image-58981 alignleft\" src=\"https:\/\/www.radiopiu.net\/wordpress\/wp-content\/uploads\/2018\/08\/zanzara-300x199.jpg\" alt=\"\" width=\"188\" height=\"125\" srcset=\"https:\/\/www.radiopiu.net\/wordpress\/wp-content\/uploads\/2018\/08\/zanzara-300x199.jpg 300w, https:\/\/www.radiopiu.net\/wordpress\/wp-content\/uploads\/2018\/08\/zanzara-768x511.jpg 768w, https:\/\/www.radiopiu.net\/wordpress\/wp-content\/uploads\/2018\/08\/zanzara-1024x681.jpg 1024w, https:\/\/www.radiopiu.net\/wordpress\/wp-content\/uploads\/2018\/08\/zanzara.jpg 1280w\" sizes=\"auto, (max-width: 188px) 100vw, 188px\" \/><\/a>BELLUNO<\/strong> E&#8217;\u00a0in vigore da qualche giorno a Belluno la \u2013 ormai tradizionale \u2013 ordinanza anti-zanzare, necessaria per limitare la diffusione e le profilerazione di questi insetti, fastidiosi ma soprattutto potenzialmente portatori di malattie anche pericolose.<\/p>\n<p><strong>DI DANIELE DALVIT<\/strong><\/p>\n<audio class=\"wp-audio-shortcode\" id=\"audio-396489-13\" preload=\"none\" style=\"width: 100%;\" controls=\"controls\"><source type=\"audio\/mpeg\" src=\"https:\/\/www.radiopiu.net\/wordpress\/wp-content\/uploads\/2024\/06\/Servizio-Ordinanza-antizanzare-Belluno.mp3?_=13\" \/><a href=\"https:\/\/www.radiopiu.net\/wordpress\/wp-content\/uploads\/2024\/06\/Servizio-Ordinanza-antizanzare-Belluno.mp3\">https:\/\/www.radiopiu.net\/wordpress\/wp-content\/uploads\/2024\/06\/Servizio-Ordinanza-antizanzare-Belluno.mp3<\/a><\/audio>\n<p>&nbsp;<\/p>\n<p>&nbsp;<\/p>\n<hr \/>\n<p>&nbsp;<\/p>\n<blockquote>\n<h3>Tutelare la montagna, valorizzando il lavoro dell&#8217;uomo<\/h3>\n<p><em><span style=\"font-size: large;\"><a class=\"dt-pswp-item\" href=\"https:\/\/www.radiopiu.net\/wordpress\/wp-content\/uploads\/2023\/07\/SOTTOGUDA-MARMOLADA-PADON-8.jpg\" data-dt-img-description=\"\" data-large_image_width=\"2048\" data-large_image_height=\"1152\"><img loading=\"lazy\" decoding=\"async\" class=\" wp-image-344416 alignleft\" src=\"https:\/\/www.radiopiu.net\/wordpress\/wp-content\/uploads\/2023\/07\/SOTTOGUDA-MARMOLADA-PADON-8-300x169.jpg\" alt=\"\" width=\"241\" height=\"136\" srcset=\"https:\/\/www.radiopiu.net\/wordpress\/wp-content\/uploads\/2023\/07\/SOTTOGUDA-MARMOLADA-PADON-8-300x169.jpg 300w, https:\/\/www.radiopiu.net\/wordpress\/wp-content\/uploads\/2023\/07\/SOTTOGUDA-MARMOLADA-PADON-8-1024x576.jpg 1024w, https:\/\/www.radiopiu.net\/wordpress\/wp-content\/uploads\/2023\/07\/SOTTOGUDA-MARMOLADA-PADON-8-768x432.jpg 768w, https:\/\/www.radiopiu.net\/wordpress\/wp-content\/uploads\/2023\/07\/SOTTOGUDA-MARMOLADA-PADON-8-1536x864.jpg 1536w, https:\/\/www.radiopiu.net\/wordpress\/wp-content\/uploads\/2023\/07\/SOTTOGUDA-MARMOLADA-PADON-8.jpg 2048w\" sizes=\"auto, (max-width: 241px) 100vw, 241px\" \/><\/a>Quindici anni fa &#8211; il 26 luglio 2009 &#8211; le Dolomiti sono state iscritte nella Lista del Patrimonio Mondiale<\/span><\/em><\/p><\/blockquote>\n<p><strong>BELLUNO<\/strong> Il presidente della Provincia di Belluno, Roberto Padrin, sottolinea l&#8217;importanza dell&#8217;impegno umano per preservare e promuovere le Dolomiti, nel 15\u00b0 anniversario del riconoscimento Unesco. Le Dolomiti, iscritte nel Patrimonio Mondiale il 26 luglio 2009, sono celebrate per la loro bellezza e unicit\u00e0 geologica. Padrin evidenzia la necessit\u00e0 di misure per contrastare lo spopolamento e promuovere turismo sostenibile e sviluppo economico.<\/p>\n<p>&nbsp;<\/p>\n<p>&nbsp;<\/p>\n<hr \/>\n<p>&nbsp;<\/p>\n<blockquote>\n<h3>IL MONDO DEL LAVORO IN VENETO<\/h3>\n<\/blockquote>\n<p><strong><a class=\"dt-pswp-item\" href=\"https:\/\/www.radiopiu.net\/wordpress\/wp-content\/uploads\/2018\/05\/lavoro.jpg\" data-dt-img-description=\"\" data-large_image_width=\"1280\" data-large_image_height=\"720\"><img loading=\"lazy\" decoding=\"async\" class=\" wp-image-49672 alignleft\" src=\"https:\/\/www.radiopiu.net\/wordpress\/wp-content\/uploads\/2018\/05\/lavoro-300x169.jpg\" alt=\"\" width=\"176\" height=\"99\" srcset=\"https:\/\/www.radiopiu.net\/wordpress\/wp-content\/uploads\/2018\/05\/lavoro-300x169.jpg 300w, https:\/\/www.radiopiu.net\/wordpress\/wp-content\/uploads\/2018\/05\/lavoro-768x432.jpg 768w, https:\/\/www.radiopiu.net\/wordpress\/wp-content\/uploads\/2018\/05\/lavoro-1024x576.jpg 1024w, https:\/\/www.radiopiu.net\/wordpress\/wp-content\/uploads\/2018\/05\/lavoro.jpg 1280w\" sizes=\"auto, (max-width: 176px) 100vw, 176px\" \/><\/a>VENEZIA<\/strong> Nel primo trimestre 2024, il saldo occupazionale in Veneto \u00e8 stato positivo con +29.800 posti di lavoro dipendente, leggermente inferiore rispetto all&#8217;anno precedente. Ci sono state 213.700 assunzioni (-2%) e 184.000 cessazioni (+1%). Le posizioni a tempo indeterminato sono aumentate di 8.500, i tirocini sono in lieve crescita, stabili i contratti di lavoro intermittente, mentre il lavoro domestico e parasubordinato sono in calo. Il report include un approfondimento sul lavoro agricolo occasionale a tempo determinato, con 371 assunzioni da 255 aziende nelle province di Treviso e Verona.\u00a0 La sezione sulla disoccupazione riporta circa 94 mila disoccupati e 70 mila &#8220;scoraggiati&#8221; in Veneto, con quasi 32 mila dichiarazioni di immediata disponibilit\u00e0 ai Centri per l&#8217;Impiego nel primo trimestre dell&#8217;anno, in linea con l&#8217;anno precedente.<\/p>\n<p>&nbsp;<\/p>\n<p>&nbsp;<\/p>\n<hr \/>\n<p>&nbsp;<\/p>\n<h2><span style=\"color: #ff0000;\">CONSIGLI COMUNALI IN AGORDINO<\/span><\/h2>\n<p><strong>LA VALLE<\/strong> Il sindaco Ezio Zuanel ha convocato il consiglio comunale per oggi alle 18:30. Sette punti da discutere tra cui la convalida degli eletti a sindaco e consiglieri, il giuramento del sindaco, l&#8217;elezione della commissione elettorale e la designazione dei rappresentanti del comune presso enti, aziende ed istituzioni<\/p>\n<p><strong>AGORDO<\/strong> Luned\u00ec 1 luglio alle 19 \u00e8 stato convocato il consiglio comunale ad Agordo. Tra gli 8 punti all&#8217;rodine del giorno la convalida degli eletti a sindaco e consiglieri, il giuramento del sindaco Roberto Chissal\u00e8, la nomina degli assessori, l&#8217;elezione della commissione elettorale e la designazione dei rappresentanti del comune presso enti, aziende ed istituzioni<\/p>\n<p>&nbsp;<\/p>\n<p>&nbsp;<\/p>\n<hr \/>\n<p>&nbsp;<\/p>\n<p><strong>LA GIUDIZIARIA OGGI, DAL CORRIERE DELLE ALPI<\/strong><br \/>\n<strong>GIGI SOSSO<\/strong><\/p>\n<h3>Dubbi sulla colpevolezza di Pedro Livert Dominguez Sanchez<\/h3>\n<p><strong>FELTRE<\/strong> Durante il processo per l&#8217;omicidio di Antonio Costa, gli avvocati difensori di Pedro Livert Dominguez Sanchez, Marcello Stellin e Paolo Serrangeli, hanno sollevato dubbi sull&#8217;esclusivit\u00e0 della colpevolezza del loro assistito. Tre questioni principali sono emerse: un blackout delle videocamere di sorveglianza, la mancata mappatura delle tracce ematiche, e il fatto che le indagini si sono concentrate solo su Sanchez. Il processo riprender\u00e0 il 3 e il 10 luglio.<\/p>\n<p>&nbsp;<\/p>\n<p>&nbsp;<\/p>\n<h1 class=\"_title post-title entry-title\"><a class=\"dt-pswp-item\" href=\"https:\/\/www.radiopiu.net\/wordpress\/wp-content\/uploads\/2023\/12\/ANTENNA.png\" data-dt-img-description=\"\" data-large_image_width=\"300\" data-large_image_height=\"166\"><img loading=\"lazy\" decoding=\"async\" class=\"wp-image-366306 alignleft\" src=\"https:\/\/www.radiopiu.net\/wordpress\/wp-content\/uploads\/2023\/12\/ANTENNA.png\" alt=\"\" width=\"183\" height=\"101\" \/><\/a>OMICIDIO COSTA, PRIMA UDIENZA IN CORTE D\u2019ASSISE<\/h1>\n<p>Intervistati PAOLO SERRANGELI (AVVOCATO DIFENSORE), MARCELLO STELLIN (AVVOCATO DIFENSORE) (Servizio di\u00a0<a href=\"https:\/\/antennatre.medianordest.it\/redazione\/Fabio-Fioravanzi\/\">Fabio Fioravanzi<\/a>)<\/p>\n<p><iframe loading=\"lazy\" title=\"OMICIDIO COSTA, PRIMA UDIENZA IN CORTE D&#039;ASSISE | 26\/06\/2024\" width=\"1200\" height=\"675\" src=\"https:\/\/www.youtube.com\/embed\/1TbhO4XBKB4?feature=oembed\" frameborder=\"0\" allow=\"accelerometer; autoplay; clipboard-write; encrypted-media; gyroscope; picture-in-picture; web-share\" referrerpolicy=\"strict-origin-when-cross-origin\" allowfullscreen><\/iframe><\/p>\n<p>&nbsp;<\/p>\n<p>&nbsp;<\/p>\n<hr \/>\n<p>&nbsp;<\/p>\n<blockquote>\n<h2>CILP e MOSTRA DELL&#8217;ARTIGIANATO<\/h2>\n<h2><em>sabato dalle 15.00 diretta su tutti i Canali di Radio Piu&#8217; con Brunella, Luisa, Marina, Paola, Alessia, Gianfranco, Francesco, Marco Gaz, Marco,\u00a0 Dal Farra, Mirko.<\/em><\/h2>\n<\/blockquote>\n<p><strong>FELTRE<\/strong>\u00a0 La prossima settimana la Citt\u00e0 di Feltre ospiter\u00e0 la Mostra dell&#8217;Artigianato e il CILP sar\u00e0 presente con il suo gruppo di lettori presso la Chiesa di San Giovanni Nepomuceno in via Paradiso. I Libri Parlanti vi intratterranno con letture nei seguenti orari: \u00a0Venerd\u00ec 28 dalle 16.00 alle 18.00 \u00a0Sabato 29 dalle 10.00 alle 12.00 e dalle 16.00 alle 18.00<br \/>\nDomenica 30 dalle 10.00 alle 12.00 Sar\u00e0 allestita anche una mostra fotografica con la storia dei 40 anni del CILP<br \/>\n<a class=\"dt-pswp-item\" href=\"https:\/\/www.radiopiu.net\/wordpress\/wp-content\/uploads\/2024\/06\/fd2eb428-268e-4255-8a1c-ec356dbcd979.jpg\" data-dt-img-description=\"\" data-large_image_width=\"1080\" data-large_image_height=\"1080\"><img loading=\"lazy\" decoding=\"async\" class=\"size-medium wp-image-395484 aligncenter\" src=\"https:\/\/www.radiopiu.net\/wordpress\/wp-content\/uploads\/2024\/06\/fd2eb428-268e-4255-8a1c-ec356dbcd979-300x300.jpg\" alt=\"\" width=\"300\" height=\"300\" srcset=\"https:\/\/www.radiopiu.net\/wordpress\/wp-content\/uploads\/2024\/06\/fd2eb428-268e-4255-8a1c-ec356dbcd979-300x300.jpg 300w, https:\/\/www.radiopiu.net\/wordpress\/wp-content\/uploads\/2024\/06\/fd2eb428-268e-4255-8a1c-ec356dbcd979-1024x1024.jpg 1024w, https:\/\/www.radiopiu.net\/wordpress\/wp-content\/uploads\/2024\/06\/fd2eb428-268e-4255-8a1c-ec356dbcd979-150x150.jpg 150w, https:\/\/www.radiopiu.net\/wordpress\/wp-content\/uploads\/2024\/06\/fd2eb428-268e-4255-8a1c-ec356dbcd979-768x768.jpg 768w, https:\/\/www.radiopiu.net\/wordpress\/wp-content\/uploads\/2024\/06\/fd2eb428-268e-4255-8a1c-ec356dbcd979.jpg 1080w\" sizes=\"auto, (max-width: 300px) 100vw, 300px\" \/><\/a><\/p>\n<p>&nbsp;<\/p>\n<hr \/>\n<p>&nbsp;<\/p>\n<p>&nbsp;<\/p>\n<blockquote>\n<h2>CISL LA VOCE PER I LAVORATORI, IL MERCOLEDI MATTINA ALLA RADIO<\/h2>\n<\/blockquote>\n<p><strong><img loading=\"lazy\" decoding=\"async\" class=\"alignleft\" src=\"https:\/\/www.radiopiu.net\/wordpress\/wp-content\/uploads\/2023\/07\/CAF-CISL.png\" width=\"158\" height=\"83\" \/>di mirko mezzacasa<\/strong><\/p>\n<p><strong>OSPITE\u00a0 ALESSIO PICCOLI,\u00a0 OPERATORE CISL_BELLUNO-TREVISO\u00a0<\/strong><\/p>\n<audio class=\"wp-audio-shortcode\" id=\"audio-396489-14\" preload=\"none\" style=\"width: 100%;\" controls=\"controls\"><source type=\"audio\/mpeg\" src=\"https:\/\/www.radiopiu.net\/wordpress\/wp-content\/uploads\/2024\/06\/FEMCA-CISL.mp3?_=14\" \/><a href=\"https:\/\/www.radiopiu.net\/wordpress\/wp-content\/uploads\/2024\/06\/FEMCA-CISL.mp3\">https:\/\/www.radiopiu.net\/wordpress\/wp-content\/uploads\/2024\/06\/FEMCA-CISL.mp3<\/a><\/audio>\n<p>&nbsp;<\/p>\n<p>&nbsp;<\/p>\n<hr \/>\n<p>&nbsp;<\/p>\n<p>&nbsp;<\/p>\n<blockquote>\n<h2>LA NUOVA PROLOCO LA VALLE, PRONTA PER IL VIA. AD AGOSTO IL CLOU<\/h2>\n<\/blockquote>\n<p><strong><a class=\"dt-pswp-item\" href=\"https:\/\/www.radiopiu.net\/wordpress\/wp-content\/uploads\/2024\/06\/326232126_1561503757657122_8156840533673126668_n.jpg\" data-dt-img-description=\"\" data-large_image_width=\"1240\" data-large_image_height=\"1240\"><img loading=\"lazy\" decoding=\"async\" class=\"wp-image-396538 alignleft\" src=\"https:\/\/www.radiopiu.net\/wordpress\/wp-content\/uploads\/2024\/06\/326232126_1561503757657122_8156840533673126668_n-300x300.jpg\" alt=\"\" width=\"141\" height=\"141\" srcset=\"https:\/\/www.radiopiu.net\/wordpress\/wp-content\/uploads\/2024\/06\/326232126_1561503757657122_8156840533673126668_n-300x300.jpg 300w, https:\/\/www.radiopiu.net\/wordpress\/wp-content\/uploads\/2024\/06\/326232126_1561503757657122_8156840533673126668_n-1024x1024.jpg 1024w, https:\/\/www.radiopiu.net\/wordpress\/wp-content\/uploads\/2024\/06\/326232126_1561503757657122_8156840533673126668_n-150x150.jpg 150w, https:\/\/www.radiopiu.net\/wordpress\/wp-content\/uploads\/2024\/06\/326232126_1561503757657122_8156840533673126668_n-768x768.jpg 768w, https:\/\/www.radiopiu.net\/wordpress\/wp-content\/uploads\/2024\/06\/326232126_1561503757657122_8156840533673126668_n.jpg 1240w\" sizes=\"auto, (max-width: 141px) 100vw, 141px\" \/><\/a>di mirko mezzacasa<\/strong><\/p>\n<p><strong>OSPITI FEDERICA MEZZACASA_MORRIS DE ZAIACOMO<\/strong><\/p>\n<audio class=\"wp-audio-shortcode\" id=\"audio-396489-15\" preload=\"none\" style=\"width: 100%;\" controls=\"controls\"><source type=\"audio\/mpeg\" src=\"https:\/\/www.radiopiu.net\/wordpress\/wp-content\/uploads\/2024\/06\/proloco-e-sci-club-la-valle-agordina.mp3?_=15\" \/><a href=\"https:\/\/www.radiopiu.net\/wordpress\/wp-content\/uploads\/2024\/06\/proloco-e-sci-club-la-valle-agordina.mp3\">https:\/\/www.radiopiu.net\/wordpress\/wp-content\/uploads\/2024\/06\/proloco-e-sci-club-la-valle-agordina.mp3<\/a><\/audio>\n<p>&nbsp;<\/p>\n<p>&nbsp;<\/p>\n<p><a class=\"dt-pswp-item\" href=\"https:\/\/www.radiopiu.net\/wordpress\/wp-content\/uploads\/2024\/06\/442392452_844954744328485_106783105804014784_n.jpg\" data-dt-img-description=\"\" data-large_image_width=\"600\" data-large_image_height=\"503\"><img loading=\"lazy\" decoding=\"async\" class=\"alignnone wp-image-396536 size-full\" src=\"https:\/\/www.radiopiu.net\/wordpress\/wp-content\/uploads\/2024\/06\/442392452_844954744328485_106783105804014784_n.jpg\" alt=\"\" width=\"600\" height=\"503\" srcset=\"https:\/\/www.radiopiu.net\/wordpress\/wp-content\/uploads\/2024\/06\/442392452_844954744328485_106783105804014784_n.jpg 600w, https:\/\/www.radiopiu.net\/wordpress\/wp-content\/uploads\/2024\/06\/442392452_844954744328485_106783105804014784_n-300x252.jpg 300w\" sizes=\"auto, (max-width: 600px) 100vw, 600px\" \/><\/a><\/p>\n<p>&nbsp;<\/p>\n<p>&nbsp;<\/p>\n<p>&nbsp;<\/p>\n<hr \/>\n<p>&nbsp;<\/p>\n<p><a class=\"dt-pswp-item\" href=\"https:\/\/www.radiopiu.net\/wordpress\/wp-content\/uploads\/2024\/06\/6a884a5b-a4cf-4bb3-a957-2de3050cec0b-1.jpg\" data-dt-img-description=\"\" data-large_image_width=\"1127\" data-large_image_height=\"1600\"><img loading=\"lazy\" decoding=\"async\" class=\"wp-image-395682 aligncenter\" src=\"https:\/\/www.radiopiu.net\/wordpress\/wp-content\/uploads\/2024\/06\/6a884a5b-a4cf-4bb3-a957-2de3050cec0b-1-721x1024.jpg\" alt=\"\" width=\"308\" height=\"437\" srcset=\"https:\/\/www.radiopiu.net\/wordpress\/wp-content\/uploads\/2024\/06\/6a884a5b-a4cf-4bb3-a957-2de3050cec0b-1-721x1024.jpg 721w, https:\/\/www.radiopiu.net\/wordpress\/wp-content\/uploads\/2024\/06\/6a884a5b-a4cf-4bb3-a957-2de3050cec0b-1-211x300.jpg 211w, https:\/\/www.radiopiu.net\/wordpress\/wp-content\/uploads\/2024\/06\/6a884a5b-a4cf-4bb3-a957-2de3050cec0b-1-768x1090.jpg 768w, https:\/\/www.radiopiu.net\/wordpress\/wp-content\/uploads\/2024\/06\/6a884a5b-a4cf-4bb3-a957-2de3050cec0b-1-1082x1536.jpg 1082w, https:\/\/www.radiopiu.net\/wordpress\/wp-content\/uploads\/2024\/06\/6a884a5b-a4cf-4bb3-a957-2de3050cec0b-1.jpg 1127w\" sizes=\"auto, (max-width: 308px) 100vw, 308px\" \/><\/a><\/p>\n<p>&nbsp;<\/p>\n<p>&nbsp;<\/p>\n<hr \/>\n<p>&nbsp;<\/p>\n<blockquote>\n<h3>Diario di un Sindaco: Vent&#8217;anni di Esperienze e Dedizione<\/h3>\n<\/blockquote>\n<blockquote><p><em>&#8220;uno spaccato interessante della nostra societ\u00e0 e delle vicissitudini amministrative&#8221;.\u00a0<\/em><\/p><\/blockquote>\n<p style=\"padding-left: 40px;\"><strong>ROCCA PIETORE<\/strong><\/p>\n<p><img decoding=\"async\" src=\"https:\/\/www.radiopiu.net\/wordpress\/wp-content\/uploads\/2024\/06\/23cf37c2-45db-4ab5-81e2-738189f8850b.jpg\" \/><\/p>\n<div class=\"flex flex-grow flex-col max-w-full\">\n<div class=\"min-h-[20px] text-message flex flex-col items-start whitespace-pre-wrap break-words [.text-message+&amp;]:mt-5 juice:w-full juice:items-end overflow-x-auto gap-2\" dir=\"auto\" data-message-author-role=\"assistant\" data-message-id=\"eceef8cf-552a-4279-af45-64ad67149b76\">\n<div class=\"flex w-full flex-col gap-1 juice:empty:hidden juice:first:pt-[3px]\">\n<div class=\"markdown prose w-full break-words dark:prose-invert dark\">\n<p>&#8220;Diario di un Sindaco&#8221; di Andrea De Bernardin: Vent&#8217;anni in municipio, quindici da sindaco. Un percorso di vita tra l&#8217;ordinaria amministrazione e eventi straordinari come tempeste, valanghe, frane e confini. Un tributo alla protezione civile e ai volontari che donano il loro tempo prezioso. Ora in distribuzione.<\/p>\n<\/div>\n<\/div>\n<\/div>\n<\/div>\n<div class=\"mt-1 flex gap-3 empty:hidden juice:-ml-3\">\n<div class=\"items-center justify-start rounded-xl p-1 flex\">\n<div class=\"flex items-center\"><\/div>\n<\/div>\n<\/div>\n<p><strong>AUDIO<\/strong><\/p>\n<audio class=\"wp-audio-shortcode\" id=\"audio-396489-16\" preload=\"none\" style=\"width: 100%;\" controls=\"controls\"><source type=\"audio\/mpeg\" src=\"https:\/\/www.radiopiu.net\/wordpress\/wp-content\/uploads\/2024\/06\/DIARIO-DI-UN-SINDACO_BA.mp3?_=16\" \/><a href=\"https:\/\/www.radiopiu.net\/wordpress\/wp-content\/uploads\/2024\/06\/DIARIO-DI-UN-SINDACO_BA.mp3\">https:\/\/www.radiopiu.net\/wordpress\/wp-content\/uploads\/2024\/06\/DIARIO-DI-UN-SINDACO_BA.mp3<\/a><\/audio>\n<p>&nbsp;<\/p>\n<hr \/>\n<p>&nbsp;<\/p>\n<blockquote>\n<h3>CON IL CAI DI BELLUNO<\/h3>\n<\/blockquote>\n<p><strong>BELLUNO<\/strong>\u00a0 Domenica 30 giugno 2024 si terr\u00e0 l&#8217;escursione ai Labirinti della Moiazza. Il ritrovo \u00e8 fissato per le ore 7.00 presso Piazzale Resistenza, con rientro previsto in serata. Il percorso prevede un dislivello in salita di circa 900 metri e un tempo di percorrenza di circa 5 ore, escluse le soste. Iscrizioni online entro il 29 giugno: <a href=\"https:\/\/form.jotform.com\/EscursionismoCaiBL\/Labirinti\" target=\"_new\" rel=\"noreferrer noopener\">link<\/a>.<\/p>\n<p>&nbsp;<\/p>\n<p>&nbsp;<\/p>\n<p>&nbsp;<\/p>\n<hr \/>\n<p>&nbsp;<\/p>\n<blockquote>\n<h3>NUOVE OPPORTUNITA&#8217; DI LAVORO PER I GIOVANI BELLUNESI<\/h3>\n<\/blockquote>\n<p><strong><a class=\"dt-pswp-item\" href=\"https:\/\/www.radiopiu.net\/wordpress\/wp-content\/uploads\/2024\/06\/443940785_958206859639658_3735909911788675835_n.jpg\" data-dt-img-description=\"\" data-large_image_width=\"2048\" data-large_image_height=\"1152\"><img loading=\"lazy\" decoding=\"async\" class=\" wp-image-395263 alignleft\" src=\"https:\/\/www.radiopiu.net\/wordpress\/wp-content\/uploads\/2024\/06\/443940785_958206859639658_3735909911788675835_n-300x169.jpg\" alt=\"\" width=\"163\" height=\"92\" srcset=\"https:\/\/www.radiopiu.net\/wordpress\/wp-content\/uploads\/2024\/06\/443940785_958206859639658_3735909911788675835_n-300x169.jpg 300w, https:\/\/www.radiopiu.net\/wordpress\/wp-content\/uploads\/2024\/06\/443940785_958206859639658_3735909911788675835_n-1024x576.jpg 1024w, https:\/\/www.radiopiu.net\/wordpress\/wp-content\/uploads\/2024\/06\/443940785_958206859639658_3735909911788675835_n-768x432.jpg 768w, https:\/\/www.radiopiu.net\/wordpress\/wp-content\/uploads\/2024\/06\/443940785_958206859639658_3735909911788675835_n-1536x864.jpg 1536w, https:\/\/www.radiopiu.net\/wordpress\/wp-content\/uploads\/2024\/06\/443940785_958206859639658_3735909911788675835_n.jpg 2048w\" sizes=\"auto, (max-width: 163px) 100vw, 163px\" \/><\/a>BELLUNO<\/strong> La Regione Veneto, insieme ai partner locali, sta organizzando iniziative per offrire ai giovani delle Dolomiti opportunit\u00e0 di formazione e sviluppo professionale nell&#8217;ambito del progetto &#8220;DAL VIRTUALE AL REALE: I am here for you&#8221;. il 31 maggio si svolger\u00e0 un workshop sulla &#8220;Palestra d&#8217;impresa e innovazione sociale&#8221;, focalizzato sulla creazione di spazi per lo sviluppo di competenze imprenditoriali. Questi eventi, finanziati dalla Regione Veneto e organizzati da FORCOOP, mirano a contrastare lo spopolamento delle aree montane favorendo l&#8217;inserimento lavorativo dei giovani. Per partecipare, \u00e8 possibile iscriversi gratuitamente contattando il Centro Consorzi di Belluno.<\/p>\n<p>&nbsp;<\/p>\n<hr \/>\n<p>&nbsp;<\/p>\n<blockquote>\n<h3>\u00a0<a class=\"dt-pswp-item\" href=\"https:\/\/www.radiopiu.net\/wordpress\/wp-content\/uploads\/2024\/06\/Massimo-Sposato-1.jpg\" data-dt-img-description=\"\" data-large_image_width=\"2016\" data-large_image_height=\"1344\"><img loading=\"lazy\" decoding=\"async\" class=\" wp-image-396526 alignleft\" src=\"https:\/\/www.radiopiu.net\/wordpress\/wp-content\/uploads\/2024\/06\/Massimo-Sposato-1-300x200.jpg\" alt=\"\" width=\"192\" height=\"128\" srcset=\"https:\/\/www.radiopiu.net\/wordpress\/wp-content\/uploads\/2024\/06\/Massimo-Sposato-1-300x200.jpg 300w, https:\/\/www.radiopiu.net\/wordpress\/wp-content\/uploads\/2024\/06\/Massimo-Sposato-1-1024x683.jpg 1024w, https:\/\/www.radiopiu.net\/wordpress\/wp-content\/uploads\/2024\/06\/Massimo-Sposato-1-768x512.jpg 768w, https:\/\/www.radiopiu.net\/wordpress\/wp-content\/uploads\/2024\/06\/Massimo-Sposato-1-1536x1024.jpg 1536w, https:\/\/www.radiopiu.net\/wordpress\/wp-content\/uploads\/2024\/06\/Massimo-Sposato-1.jpg 2016w\" sizes=\"auto, (max-width: 192px) 100vw, 192px\" \/><\/a>Al via il progetto \u201cArtigiano in Mostra\u201d di CNA Belluno<\/h3>\n<\/blockquote>\n<p>Il progetto \u201cArtigiano in Mostra\u201d, promosso da Appia CNA Belluno con CNA Veneto e Ebav, verr\u00e0 presentato alla Mostra dell\u2019Artigianato di Feltre. L&#8217;iniziativa mira a sensibilizzare il pubblico sul valore delle produzioni artigiane, evidenziandone gli aspetti economici, sociali e ambientali. In Veneto, le imprese artigiane rappresentano il 28,6% del totale, ma sono diminuite del 4% dal 2019. Appia CNA Belluno punta a promuovere il settore attraverso riconoscimenti come \u201cMaestro Artigiano\u201d e \u201cBottega Artigiana\u201d.<\/p>\n<p>&nbsp;<\/p>\n<p>&nbsp;<\/p>\n<hr \/>\n<p>&nbsp;<\/p>\n<blockquote>\n<h3>\u201cCANTON SAN PIERO\u201d CON ECHI DI SARDEGNA PER IL CORO MONTI DEL SOLE<\/h3>\n<\/blockquote>\n<p><strong><a class=\"dt-pswp-item\" href=\"https:\/\/www.radiopiu.net\/wordpress\/wp-content\/uploads\/2024\/06\/coro_mds.jpg\" data-dt-img-description=\"\" data-large_image_width=\"1600\" data-large_image_height=\"1200\"><img loading=\"lazy\" decoding=\"async\" class=\" wp-image-395277 alignleft\" src=\"https:\/\/www.radiopiu.net\/wordpress\/wp-content\/uploads\/2024\/06\/coro_mds-300x225.jpg\" alt=\"\" width=\"185\" height=\"139\" srcset=\"https:\/\/www.radiopiu.net\/wordpress\/wp-content\/uploads\/2024\/06\/coro_mds-300x225.jpg 300w, https:\/\/www.radiopiu.net\/wordpress\/wp-content\/uploads\/2024\/06\/coro_mds-1024x768.jpg 1024w, https:\/\/www.radiopiu.net\/wordpress\/wp-content\/uploads\/2024\/06\/coro_mds-768x576.jpg 768w, https:\/\/www.radiopiu.net\/wordpress\/wp-content\/uploads\/2024\/06\/coro_mds-1536x1152.jpg 1536w, https:\/\/www.radiopiu.net\/wordpress\/wp-content\/uploads\/2024\/06\/coro_mds.jpg 1600w\" sizes=\"auto, (max-width: 185px) 100vw, 185px\" \/><\/a>SOSPIRILO\u00a0<\/strong>La chiesa dei Santi Pietro e Paolo di Sospirolo ospiter\u00e0 sabato 29 giugno alle 20:45 il concerto &#8220;Canton San Piero&#8221; del Coro Monti del Sole, diretto da Luca Lotto. L&#8217;evento, organizzato dal coro di Sedico, avr\u00e0 come ospite il Coro S\u2019Arrodia di Sinnai, diretto da Maurizio Boassa. Fondato nel 2007, S\u2019Arrodia ha gi\u00e0 ospitato Monti del Sole nel 2010 durante la rassegna &#8220;Is duas columbas&#8221;. L&#8217;organizzazione dell&#8217;evento, guidata dal presidente Stefano Colle, accoglier\u00e0 i coristi sardi dal 28 giugno al 1\u00b0 luglio, con visite a diverse attrazioni del Bellunese. Inoltre, il 30 giugno si terr\u00e0 un concerto alla sala polifunzionale La Tappa di Valle di Cadore, con il Coro Rualan e S\u2019Arrodia.<\/p>\n<p>&nbsp;<\/p>\n<p>&nbsp;<\/p>\n<hr \/>\n<p>&nbsp;<\/p>\n<blockquote>\n<h2>Concerto Commemorativo per il 250\u00b0 Anniversario della Guardia di Finanza<\/h2>\n<\/blockquote>\n<p><strong><a class=\"dt-pswp-item\" href=\"https:\/\/www.radiopiu.net\/wordpress\/wp-content\/uploads\/2024\/06\/Senza-nome-52.png\" data-dt-img-description=\"\" data-large_image_width=\"132\" data-large_image_height=\"160\"><img loading=\"lazy\" decoding=\"async\" class=\"size-full wp-image-395674 alignleft\" src=\"https:\/\/www.radiopiu.net\/wordpress\/wp-content\/uploads\/2024\/06\/Senza-nome-52.png\" alt=\"\" width=\"132\" height=\"160\" \/><\/a>BELLUNO\u00a0<\/strong> In occasione del 250\u00b0 anniversario della Fondazione del Corpo della Guardia di Finanza, si terr\u00e0 un concerto commemorativo,\u00a0 oggi alle\u00a0 20 presso il Palazzo dei Rettori, sede della Prefettura di Belluno. L&#8217;evento nel ricordo di Martina Bonavera, vedr\u00e0 la partecipazione del Coro della Guardia di Finanza di Belluno, accompagnato dall\u2019Ensemble dei maestri Claudio Montafia (flauto), Mara Comelato (flauto) e Orazio Longo (pianoforte). L&#8217;evento ha come\u00a0 obiettivo\u00a0 raccogliere fondi per l&#8217;associazione benefica dedicata a Martina Bonavera. L&#8217;ingresso \u00e8 ad offerta libera e la prenotazione \u00e8 obbligatoria tramite email a <a rel=\"noreferrer\">bl0500009@gdf.it<\/a>. Questo evento non solo celebra un&#8217;importante pietra miliare nella storia della Guardia di Finanza, ma unisce la comunit\u00e0 in un gesto di solidariet\u00e0 e commemorazione. I fondi raccolti contribuiranno a sostenere le attivit\u00e0 dell&#8217;Associazione Martina Bonavera, impegno anche della Guardia di Finanza nel supporto alle cause sociali e umanitarie.<\/p>\n<p>&nbsp;<\/p>\n<p><a class=\"dt-pswp-item\" href=\"https:\/\/www.radiopiu.net\/wordpress\/wp-content\/uploads\/2024\/06\/Senza-nome-51.png\" data-dt-img-description=\"\" data-large_image_width=\"773\" data-large_image_height=\"344\"><img loading=\"lazy\" decoding=\"async\" class=\"alignnone wp-image-395673 size-full\" src=\"https:\/\/www.radiopiu.net\/wordpress\/wp-content\/uploads\/2024\/06\/Senza-nome-51.png\" alt=\"\" width=\"773\" height=\"344\" srcset=\"https:\/\/www.radiopiu.net\/wordpress\/wp-content\/uploads\/2024\/06\/Senza-nome-51.png 773w, https:\/\/www.radiopiu.net\/wordpress\/wp-content\/uploads\/2024\/06\/Senza-nome-51-300x134.png 300w, https:\/\/www.radiopiu.net\/wordpress\/wp-content\/uploads\/2024\/06\/Senza-nome-51-768x342.png 768w\" sizes=\"auto, (max-width: 773px) 100vw, 773px\" \/><\/a><\/p>\n<p>&nbsp;<\/p>\n<hr \/>\n<p>&nbsp;<\/p>\n<blockquote>\n<h3>TUTTO PRONTO PER LA SAGRA DE SAN PIERO<\/h3>\n<\/blockquote>\n<p><strong><a class=\"dt-pswp-item\" href=\"https:\/\/www.radiopiu.net\/wordpress\/wp-content\/uploads\/2024\/06\/448989977_899189602253273_3754632420210410649_n-1.jpg\" data-dt-img-description=\"\" data-large_image_width=\"1638\" data-large_image_height=\"2048\"><img loading=\"lazy\" decoding=\"async\" class=\" wp-image-396451 alignleft\" src=\"https:\/\/www.radiopiu.net\/wordpress\/wp-content\/uploads\/2024\/06\/448989977_899189602253273_3754632420210410649_n-1-240x300.jpg\" alt=\"\" width=\"137\" height=\"171\" srcset=\"https:\/\/www.radiopiu.net\/wordpress\/wp-content\/uploads\/2024\/06\/448989977_899189602253273_3754632420210410649_n-1-240x300.jpg 240w, https:\/\/www.radiopiu.net\/wordpress\/wp-content\/uploads\/2024\/06\/448989977_899189602253273_3754632420210410649_n-1-819x1024.jpg 819w, https:\/\/www.radiopiu.net\/wordpress\/wp-content\/uploads\/2024\/06\/448989977_899189602253273_3754632420210410649_n-1-768x960.jpg 768w, https:\/\/www.radiopiu.net\/wordpress\/wp-content\/uploads\/2024\/06\/448989977_899189602253273_3754632420210410649_n-1-1229x1536.jpg 1229w, https:\/\/www.radiopiu.net\/wordpress\/wp-content\/uploads\/2024\/06\/448989977_899189602253273_3754632420210410649_n-1.jpg 1638w\" sizes=\"auto, (max-width: 137px) 100vw, 137px\" \/><\/a>AGORDO<\/strong> Sabato ad Agordo si festeggeranno i Santi Pietro e Paolo, patroni del capoluogo di Vallata. Anche quest&#8217;anno Ad Agordo Pro Loco e il comune organizzano la Sagra De San Piero, tre giorni di festa sotto al tendone allestito sul Broi. Si inizia gioved\u00ec sera con la cena a base di polpette e patatine e alla sera la musica di DJ Morgan &amp; Bisso. Venerd\u00ec a cena toc\u00e0 da boia con polenta, alle 19:30 Jessica Lena in concerto, dalle 21 musica con Franco Bel Band e a seguire musica fino a chiusura con R DJ. Sabato, giornata di festa, il mercato attorno al Broi, alle 10:30 la Santa Messa, alle 11 la gara di briscola. A pranzo trippa e piatto San Piero, alle 17:30 Matti Ratti in concerto. Cena con spiedo, polenta, tagliata, canederli e fagioli alla Bud Spencer. Dalle 20 la musica dei Sinfobia, alle 22 esibizione dei Nobrasska e a seguire Illazy. Tutti i giorni il luna park sul Broi e sotto al tendone il banco cocktail.<\/p>\n<p><strong>L&#8217;INVITO DELLA PRO LOCO DI AGORDO LA PRESIDENTE CELESTE PAGANIN<\/strong><\/p>\n<audio class=\"wp-audio-shortcode\" id=\"audio-396489-17\" preload=\"none\" style=\"width: 100%;\" controls=\"controls\"><source type=\"audio\/mpeg\" src=\"https:\/\/www.radiopiu.net\/wordpress\/wp-content\/uploads\/2024\/06\/SAN-PIERO-DA-PRO-LOCO.mp3?_=17\" \/><a href=\"https:\/\/www.radiopiu.net\/wordpress\/wp-content\/uploads\/2024\/06\/SAN-PIERO-DA-PRO-LOCO.mp3\">https:\/\/www.radiopiu.net\/wordpress\/wp-content\/uploads\/2024\/06\/SAN-PIERO-DA-PRO-LOCO.mp3<\/a><\/audio>\n<p>&nbsp;<\/p>\n<p>&nbsp;<\/p>\n<hr \/>\n<p>&nbsp;<\/p>\n<blockquote>\n<h3>IL LUNGO VIAGGIO DEL FAGIOLO DALL\u2019AMERICA ALLE DOLOMITI, L&#8217;EVENTO A SAN TOMASO<\/h3>\n<\/blockquote>\n<p><a class=\"dt-pswp-item\" href=\"https:\/\/www.radiopiu.net\/wordpress\/wp-content\/uploads\/2024\/06\/a1255490-93b2-46a4-8211-d8118fd23b27.jpg\" data-dt-img-description=\"A SAN TOMASO\" data-large_image_width=\"1131\" data-large_image_height=\"1600\"><img loading=\"lazy\" decoding=\"async\" class=\"alignleft wp-image-394932 \" src=\"https:\/\/www.radiopiu.net\/wordpress\/wp-content\/uploads\/2024\/06\/a1255490-93b2-46a4-8211-d8118fd23b27-212x300.jpg\" alt=\"\" width=\"110\" height=\"156\" srcset=\"https:\/\/www.radiopiu.net\/wordpress\/wp-content\/uploads\/2024\/06\/a1255490-93b2-46a4-8211-d8118fd23b27-212x300.jpg 212w, https:\/\/www.radiopiu.net\/wordpress\/wp-content\/uploads\/2024\/06\/a1255490-93b2-46a4-8211-d8118fd23b27-724x1024.jpg 724w, https:\/\/www.radiopiu.net\/wordpress\/wp-content\/uploads\/2024\/06\/a1255490-93b2-46a4-8211-d8118fd23b27-768x1086.jpg 768w, https:\/\/www.radiopiu.net\/wordpress\/wp-content\/uploads\/2024\/06\/a1255490-93b2-46a4-8211-d8118fd23b27-1086x1536.jpg 1086w, https:\/\/www.radiopiu.net\/wordpress\/wp-content\/uploads\/2024\/06\/a1255490-93b2-46a4-8211-d8118fd23b27.jpg 1131w\" sizes=\"auto, (max-width: 110px) 100vw, 110px\" \/><\/a><\/p>\n<p><strong>DI MIRKO MEZZACASA<\/strong><\/p>\n<p>OSPITE: Marco Perale<\/p>\n<audio class=\"wp-audio-shortcode\" id=\"audio-396489-18\" preload=\"none\" style=\"width: 100%;\" controls=\"controls\"><source type=\"audio\/mpeg\" src=\"https:\/\/www.radiopiu.net\/wordpress\/wp-content\/uploads\/2024\/06\/MARCO-PERALE-UFFICIALE-PER-IL-SITO.mp3?_=18\" \/><a href=\"https:\/\/www.radiopiu.net\/wordpress\/wp-content\/uploads\/2024\/06\/MARCO-PERALE-UFFICIALE-PER-IL-SITO.mp3\">https:\/\/www.radiopiu.net\/wordpress\/wp-content\/uploads\/2024\/06\/MARCO-PERALE-UFFICIALE-PER-IL-SITO.mp3<\/a><\/audio>\n<p>&nbsp;<\/p>\n<p>&nbsp;<\/p>\n<hr \/>\n<p>&nbsp;<\/p>\n<blockquote class=\"wp-embedded-content\" data-secret=\"bMw36NNDn6\"><p><a href=\"https:\/\/www.radiopiu.net\/wordpress\/rimasti-piu-avanti-39\/\">&#8220;RIMASTI PIU&#8217; AVANTI&#8221;, ALLA SCOPERTA DELLA MUSICA BELLUNESE CON MARCO V. DAL FARRA<\/a><\/p><\/blockquote>\n<p><iframe loading=\"lazy\" class=\"wp-embedded-content\" sandbox=\"allow-scripts\" security=\"restricted\" style=\"position: absolute; clip: rect(1px, 1px, 1px, 1px);\" title=\"&#8220;&#8220;RIMASTI PIU&#8217; AVANTI&#8221;, ALLA SCOPERTA DELLA MUSICA BELLUNESE CON MARCO V. DAL FARRA&#8221; &#8212; Radio Pi\u00f9\" src=\"https:\/\/www.radiopiu.net\/wordpress\/rimasti-piu-avanti-39\/embed\/#?secret=da4qrUb1Qd#?secret=bMw36NNDn6\" data-secret=\"bMw36NNDn6\" width=\"600\" height=\"338\" frameborder=\"0\" marginwidth=\"0\" marginheight=\"0\" scrolling=\"no\"><\/iframe><\/p>\n<p>&nbsp;<\/p>\n<hr \/>\n<p>&nbsp;<\/p>\n<h2><span style=\"color: #ff0000;\">DAL SITO DI RADIO PIU&#8230; ALCUNI PODCAST, I PIU&#8217; VISUALIZZATI NELLA SETTIMANA&#8230;\u00a0<\/span><\/h2>\n<blockquote class=\"wp-embedded-content\" data-secret=\"tuqIbqpkMi\"><p><a href=\"https:\/\/www.radiopiu.net\/wordpress\/biblioteca-del-territorio-i-podcast-di-radiopiu\/\">BIBLIOTECA DEL TERRITORIO&#8230; I PODCAST DI RADIOPIU<\/a><\/p><\/blockquote>\n<p><iframe loading=\"lazy\" class=\"wp-embedded-content\" sandbox=\"allow-scripts\" security=\"restricted\" style=\"position: absolute; clip: rect(1px, 1px, 1px, 1px);\" title=\"&#8220;BIBLIOTECA DEL TERRITORIO&#8230; I PODCAST DI RADIOPIU&#8221; &#8212; Radio Pi\u00f9\" src=\"https:\/\/www.radiopiu.net\/wordpress\/biblioteca-del-territorio-i-podcast-di-radiopiu\/embed\/#?secret=mLgFxNHjWn#?secret=tuqIbqpkMi\" data-secret=\"tuqIbqpkMi\" width=\"600\" height=\"338\" frameborder=\"0\" marginwidth=\"0\" marginheight=\"0\" scrolling=\"no\"><\/iframe><\/p>\n<p>&nbsp;<\/p>\n<blockquote class=\"wp-embedded-content\" data-secret=\"Wqa4tZsrC6\"><p><a href=\"https:\/\/www.radiopiu.net\/wordpress\/lad08aaaa\/\">&#8220;NCONTONSE&#8221; IN LADINO SU RADIO PI\u00d9<\/a><\/p><\/blockquote>\n<p><iframe loading=\"lazy\" class=\"wp-embedded-content\" sandbox=\"allow-scripts\" security=\"restricted\" style=\"position: absolute; clip: rect(1px, 1px, 1px, 1px);\" title=\"&#8220;&#8220;NCONTONSE&#8221; IN LADINO SU RADIO PI\u00d9&#8221; &#8212; Radio Pi\u00f9\" src=\"https:\/\/www.radiopiu.net\/wordpress\/lad08aaaa\/embed\/#?secret=NRpEBy41KT#?secret=Wqa4tZsrC6\" data-secret=\"Wqa4tZsrC6\" width=\"600\" height=\"338\" frameborder=\"0\" marginwidth=\"0\" marginheight=\"0\" scrolling=\"no\"><\/iframe><\/p>\n<p>&nbsp;<\/p>\n<hr \/>\n<p>&nbsp;<\/p>\n<h2><span style=\"color: #ff0000;\"><a class=\"dt-pswp-item\" href=\"https:\/\/www.radiopiu.net\/wordpress\/wp-content\/uploads\/2018\/09\/appuntamenti.jpeg\" data-dt-img-description=\"\" data-large_image_width=\"800\" data-large_image_height=\"100\"><img loading=\"lazy\" decoding=\"async\" class=\"wp-image-61958 size-full aligncenter\" src=\"https:\/\/www.radiopiu.net\/wordpress\/wp-content\/uploads\/2018\/09\/appuntamenti.jpeg\" alt=\"\" width=\"800\" height=\"100\" srcset=\"https:\/\/www.radiopiu.net\/wordpress\/wp-content\/uploads\/2018\/09\/appuntamenti.jpeg 800w, https:\/\/www.radiopiu.net\/wordpress\/wp-content\/uploads\/2018\/09\/appuntamenti-300x38.jpeg 300w, https:\/\/www.radiopiu.net\/wordpress\/wp-content\/uploads\/2018\/09\/appuntamenti-768x96.jpeg 768w\" sizes=\"auto, (max-width: 800px) 100vw, 800px\" \/><\/a><\/span><\/h2>\n<div>\n<div class=\"\" dir=\"auto\">\n<div id=\":r9h:\" class=\"x1iorvi4 x1pi30zi x1l90r2v x1swvt13\" data-ad-comet-preview=\"message\" data-ad-preview=\"message\">\n\n\t\t\t<style type='text\/css'>\n\t\t\t\t#gallery-1 {\n\t\t\t\t\tmargin: auto;\n\t\t\t\t}\n\t\t\t\t#gallery-1 .gallery-item {\n\t\t\t\t\tfloat: left;\n\t\t\t\t\tmargin-top: 10px;\n\t\t\t\t\ttext-align: center;\n\t\t\t\t\twidth: 20%;\n\t\t\t\t}\n\t\t\t\t#gallery-1 img {\n\t\t\t\t\tborder: 2px solid #cfcfcf;\n\t\t\t\t}\n\t\t\t\t#gallery-1 .gallery-caption {\n\t\t\t\t\tmargin-left: 0;\n\t\t\t\t}\n\t\t\t\t\/* see gallery_shortcode() in wp-includes\/media.php *\/\n\t\t\t<\/style>\n\t\t<div id='gallery-1' class='dt-gallery-container gallery galleryid-396489 gallery-columns-5 gallery-size-thumbnail'><dl class='gallery-item'>\n\t\t\t\t<dt class='gallery-icon portrait'>\n\t\t\t\t\t<a class=\"rollover rollover-zoom dt-pswp-item\" title=\"09d50e2a-86d9-4273-aeb6-415f92136bc3\" data-dt-img-description=\"\" data-large_image_width=\"750\" data-large_image_height=\"1022\"href='https:\/\/www.radiopiu.net\/wordpress\/wp-content\/uploads\/2024\/06\/09d50e2a-86d9-4273-aeb6-415f92136bc3.jpg'><img loading=\"lazy\" decoding=\"async\" width=\"150\" height=\"150\" src=\"https:\/\/www.radiopiu.net\/wordpress\/wp-content\/uploads\/2024\/06\/09d50e2a-86d9-4273-aeb6-415f92136bc3-150x150.jpg\" class=\"attachment-thumbnail size-thumbnail\" alt=\"\" aria-describedby=\"gallery-1-393715\" \/><\/a>\n\t\t\t\t<\/dt>\n\t\t\t\t\t<dd class='wp-caption-text gallery-caption' id='gallery-1-393715'>\n\t\t\t\t\tCORSO DI BALLO A VOLTAGO\n\t\t\t\t\t<\/dd><\/dl><dl class='gallery-item'>\n\t\t\t\t<dt class='gallery-icon portrait'>\n\t\t\t\t\t<a class=\"rollover rollover-zoom dt-pswp-item\" title=\"441936111_953300066803441_3663667299753321850_n\" data-dt-img-description=\"\" data-large_image_width=\"520\" data-large_image_height=\"640\"href='https:\/\/www.radiopiu.net\/wordpress\/wp-content\/uploads\/2024\/06\/441936111_953300066803441_3663667299753321850_n.jpg'><img loading=\"lazy\" decoding=\"async\" width=\"150\" height=\"150\" src=\"https:\/\/www.radiopiu.net\/wordpress\/wp-content\/uploads\/2024\/06\/441936111_953300066803441_3663667299753321850_n-150x150.jpg\" class=\"attachment-thumbnail size-thumbnail\" alt=\"\" aria-describedby=\"gallery-1-394061\" \/><\/a>\n\t\t\t\t<\/dt>\n\t\t\t\t\t<dd class='wp-caption-text gallery-caption' id='gallery-1-394061'>\n\t\t\t\t\t31 LUGLIO AL MINIERE E IN DIRETTA ALLA RADIO \n\t\t\t\t\t<\/dd><\/dl><dl class='gallery-item'>\n\t\t\t\t<dt class='gallery-icon portrait'>\n\t\t\t\t\t<a class=\"rollover rollover-zoom dt-pswp-item\" title=\"a1255490-93b2-46a4-8211-d8118fd23b27\" data-dt-img-description=\"\" data-large_image_width=\"1131\" data-large_image_height=\"1600\"href='https:\/\/www.radiopiu.net\/wordpress\/wp-content\/uploads\/2024\/06\/a1255490-93b2-46a4-8211-d8118fd23b27.jpg'><img loading=\"lazy\" decoding=\"async\" width=\"150\" height=\"150\" src=\"https:\/\/www.radiopiu.net\/wordpress\/wp-content\/uploads\/2024\/06\/a1255490-93b2-46a4-8211-d8118fd23b27-150x150.jpg\" class=\"attachment-thumbnail size-thumbnail\" alt=\"\" aria-describedby=\"gallery-1-394932\" \/><\/a>\n\t\t\t\t<\/dt>\n\t\t\t\t\t<dd class='wp-caption-text gallery-caption' id='gallery-1-394932'>\n\t\t\t\t\tA SAN TOMASO\n\t\t\t\t\t<\/dd><\/dl><dl class='gallery-item'>\n\t\t\t\t<dt class='gallery-icon portrait'>\n\t\t\t\t\t<a class=\"rollover rollover-zoom dt-pswp-item\" title=\"Presepi fuori tempo\" data-dt-img-description=\"\" data-large_image_width=\"1414\" data-large_image_height=\"2000\"href='https:\/\/www.radiopiu.net\/wordpress\/wp-content\/uploads\/2024\/06\/Presepi-fuori-tempo.png'><img loading=\"lazy\" decoding=\"async\" width=\"150\" height=\"150\" src=\"https:\/\/www.radiopiu.net\/wordpress\/wp-content\/uploads\/2024\/06\/Presepi-fuori-tempo-150x150.png\" class=\"attachment-thumbnail size-thumbnail\" alt=\"\" aria-describedby=\"gallery-1-395141\" \/><\/a>\n\t\t\t\t<\/dt>\n\t\t\t\t\t<dd class='wp-caption-text gallery-caption' id='gallery-1-395141'>\n\t\t\t\t\tPRESEPI FUORI TEMPO AD AGORDO\n\t\t\t\t\t<\/dd><\/dl><dl class='gallery-item'>\n\t\t\t\t<dt class='gallery-icon portrait'>\n\t\t\t\t\t<a class=\"rollover rollover-zoom dt-pswp-item\" title=\"447443480_320674017756499_9025951349706877056_n\" data-dt-img-description=\"\" data-large_image_width=\"509\" data-large_image_height=\"720\"href='https:\/\/www.radiopiu.net\/wordpress\/wp-content\/uploads\/2024\/06\/447443480_320674017756499_9025951349706877056_n.jpg'><img loading=\"lazy\" decoding=\"async\" width=\"150\" height=\"150\" src=\"https:\/\/www.radiopiu.net\/wordpress\/wp-content\/uploads\/2024\/06\/447443480_320674017756499_9025951349706877056_n-150x150.jpg\" class=\"attachment-thumbnail size-thumbnail\" alt=\"\" aria-describedby=\"gallery-1-395159\" \/><\/a>\n\t\t\t\t<\/dt>\n\t\t\t\t\t<dd class='wp-caption-text gallery-caption' id='gallery-1-395159'>\n\t\t\t\t\t6 LUGLIO AGORDO BAR DELLE BOCCE\n\t\t\t\t\t<\/dd><\/dl><br style=\"clear: both\" \/><dl class='gallery-item'>\n\t\t\t\t<dt class='gallery-icon portrait'>\n\t\t\t\t\t<a class=\"rollover rollover-zoom dt-pswp-item\" title=\"Le_zecche_come_difendersi_e_proteggersi\" data-dt-img-description=\"\" data-large_image_width=\"1834\" data-large_image_height=\"2560\"href='https:\/\/www.radiopiu.net\/wordpress\/wp-content\/uploads\/2024\/06\/Le_zecche_come_difendersi_e_proteggersi-scaled.jpg'><img loading=\"lazy\" decoding=\"async\" width=\"150\" height=\"150\" src=\"https:\/\/www.radiopiu.net\/wordpress\/wp-content\/uploads\/2024\/06\/Le_zecche_come_difendersi_e_proteggersi-150x150.jpg\" class=\"attachment-thumbnail size-thumbnail\" alt=\"\" aria-describedby=\"gallery-1-395245\" \/><\/a>\n\t\t\t\t<\/dt>\n\t\t\t\t\t<dd class='wp-caption-text gallery-caption' id='gallery-1-395245'>\n\t\t\t\t\tCONOSCIAMO LE ZECCHE A BELLUNO\n\t\t\t\t\t<\/dd><\/dl><dl class='gallery-item'>\n\t\t\t\t<dt class='gallery-icon portrait'>\n\t\t\t\t\t<a class=\"rollover rollover-zoom dt-pswp-item\" title=\"6a884a5b-a4cf-4bb3-a957-2de3050cec0b\" data-dt-img-description=\"\" data-large_image_width=\"1127\" data-large_image_height=\"1600\"href='https:\/\/www.radiopiu.net\/wordpress\/wp-content\/uploads\/2024\/06\/6a884a5b-a4cf-4bb3-a957-2de3050cec0b-2.jpg'><img loading=\"lazy\" decoding=\"async\" width=\"150\" height=\"150\" src=\"https:\/\/www.radiopiu.net\/wordpress\/wp-content\/uploads\/2024\/06\/6a884a5b-a4cf-4bb3-a957-2de3050cec0b-2-150x150.jpg\" class=\"attachment-thumbnail size-thumbnail\" alt=\"\" aria-describedby=\"gallery-1-395683\" \/><\/a>\n\t\t\t\t<\/dt>\n\t\t\t\t\t<dd class='wp-caption-text gallery-caption' id='gallery-1-395683'>\n\t\t\t\t\tCON MOSTO RICCO AD AGORDO \n\t\t\t\t\t<\/dd><\/dl><dl class='gallery-item'>\n\t\t\t\t<dt class='gallery-icon portrait'>\n\t\t\t\t\t<a class=\"rollover rollover-zoom dt-pswp-item\" title=\"448989977_899189602253273_3754632420210410649_n\" data-dt-img-description=\"\" data-large_image_width=\"1638\" data-large_image_height=\"2048\"href='https:\/\/www.radiopiu.net\/wordpress\/wp-content\/uploads\/2024\/06\/448989977_899189602253273_3754632420210410649_n.jpg'><img loading=\"lazy\" decoding=\"async\" width=\"150\" height=\"150\" src=\"https:\/\/www.radiopiu.net\/wordpress\/wp-content\/uploads\/2024\/06\/448989977_899189602253273_3754632420210410649_n-150x150.jpg\" class=\"attachment-thumbnail size-thumbnail\" alt=\"\" aria-describedby=\"gallery-1-396449\" \/><\/a>\n\t\t\t\t<\/dt>\n\t\t\t\t\t<dd class='wp-caption-text gallery-caption' id='gallery-1-396449'>\n\t\t\t\t\tSAGRA DE SAN PIERO AD AGORDO\n\t\t\t\t\t<\/dd><\/dl><dl class='gallery-item'>\n\t\t\t\t<dt class='gallery-icon portrait'>\n\t\t\t\t\t<a class=\"rollover rollover-zoom dt-pswp-item\" title=\"f84567d6-a1d2-47de-9596-ef8505986952\" data-dt-img-description=\"\" data-large_image_width=\"745\" data-large_image_height=\"1073\"href='https:\/\/www.radiopiu.net\/wordpress\/wp-content\/uploads\/2024\/06\/f84567d6-a1d2-47de-9596-ef8505986952.jpg'><img loading=\"lazy\" decoding=\"async\" width=\"150\" height=\"150\" src=\"https:\/\/www.radiopiu.net\/wordpress\/wp-content\/uploads\/2024\/06\/f84567d6-a1d2-47de-9596-ef8505986952-150x150.jpg\" class=\"attachment-thumbnail size-thumbnail\" alt=\"\" aria-describedby=\"gallery-1-396466\" \/><\/a>\n\t\t\t\t<\/dt>\n\t\t\t\t\t<dd class='wp-caption-text gallery-caption' id='gallery-1-396466'>\n\t\t\t\t\tSUMMER GREEN VOLLEY AGORDINO\n\t\t\t\t\t<\/dd><\/dl>\n\t\t\t\t<br style='clear: both' \/>\n\t\t\t<\/div>\n\n<\/div>\n<\/div>\n<\/div>\n<p><strong>FELTRE<\/strong> Il Centro Astronomico di Feltre ospiter\u00e0 una conferenza sulle origini e la struttura dell\u2019universo intitolata &#8220;Le scoperte del Telescopio Spaziale Webb&#8221;, sar\u00e0 tenuta da Gabriele Vanin il 29 giugno 2024 alle 21.<\/p>\n<p>&nbsp;<\/p>\n<h2><span style=\"color: #ff0000;\">PROSSIMAMENTE\u00a0<\/span><\/h2>\n<p>Preparatevi a scatenare la vostra energia e a superare i vostri limiti con CorriPoi 2024. Il trofeo di Corse Podistiche a tappe Nell&#8217;Agordino, quattro tappe emozionanti, ognuna delle quali vi porter\u00e0 a scoprire le bellezze naturali del territorio. 7 LUGLIO FORCELLA AURINE, 7 SETTEMBRE VOLTAGO Alla CorriPoi parteciperanno, fianco a fianco, forti runner, atleti della domenica, famiglie, gruppi di amici, giovani corridori in erba, tutti con l&#8217;obiettivo di correre e di divertirsi. Corri verso la vittoria, corri verso il trofeo Alpenpluss. Regolamento delle quattro gare sul sito KEEPSPORTING.COM, in collaborazione con Kiwi Sport, abbigliamento sportivo per tutta la famiglia, ad ALLEGHE- CENCENIGHE &#8211; BELLUNO<\/p>\n<p>&nbsp;<\/p>\n<hr \/>\n<p>&nbsp;<\/p>\n<p><a class=\"dt-pswp-item\" href=\"https:\/\/www.radiopiu.net\/wordpress\/wp-content\/uploads\/2018\/09\/viabilita.jpeg\" data-dt-img-description=\"\" data-large_image_width=\"800\" data-large_image_height=\"100\"><img loading=\"lazy\" decoding=\"async\" class=\"aligncenter wp-image-61954 size-full\" src=\"https:\/\/www.radiopiu.net\/wordpress\/wp-content\/uploads\/2018\/09\/viabilita.jpeg\" alt=\"\" width=\"800\" height=\"100\" srcset=\"https:\/\/www.radiopiu.net\/wordpress\/wp-content\/uploads\/2018\/09\/viabilita.jpeg 800w, https:\/\/www.radiopiu.net\/wordpress\/wp-content\/uploads\/2018\/09\/viabilita-300x38.jpeg 300w, https:\/\/www.radiopiu.net\/wordpress\/wp-content\/uploads\/2018\/09\/viabilita-768x96.jpeg 768w\" sizes=\"auto, (max-width: 800px) 100vw, 800px\" \/><\/a><\/p>\n<p>&nbsp;<\/p>\n<p><a class=\"dt-pswp-item\" href=\"https:\/\/www.radiopiu.net\/wordpress\/wp-content\/uploads\/2023\/12\/botol-car-service.jpg\" data-dt-img-description=\"\" data-large_image_width=\"600\" data-large_image_height=\"600\"><img loading=\"lazy\" decoding=\"async\" class=\"size-medium wp-image-367044 aligncenter\" src=\"https:\/\/www.radiopiu.net\/wordpress\/wp-content\/uploads\/2023\/12\/botol-car-service-300x300.jpg\" alt=\"\" width=\"300\" height=\"300\" srcset=\"https:\/\/www.radiopiu.net\/wordpress\/wp-content\/uploads\/2023\/12\/botol-car-service-300x300.jpg 300w, https:\/\/www.radiopiu.net\/wordpress\/wp-content\/uploads\/2023\/12\/botol-car-service-150x150.jpg 150w, https:\/\/www.radiopiu.net\/wordpress\/wp-content\/uploads\/2023\/12\/botol-car-service.jpg 600w\" sizes=\"auto, (max-width: 300px) 100vw, 300px\" \/><\/a><\/p>\n<p>&nbsp;<\/p>\n<p>&nbsp;<\/p>\n<h1>BOLLETTINO QUOTIDIANO, CLICCA QUI<\/h1>\n<blockquote class=\"wp-embedded-content\" data-secret=\"fOGRspH81D\"><p><a href=\"https:\/\/www.radiopiu.net\/wordpress\/viabilita-2\/\">viabilita<\/a><\/p><\/blockquote>\n<p><iframe loading=\"lazy\" class=\"wp-embedded-content\" sandbox=\"allow-scripts\" security=\"restricted\" style=\"position: absolute; clip: rect(1px, 1px, 1px, 1px);\" title=\"&#8220;viabilita&#8221; &#8212; Radio Pi\u00f9\" src=\"https:\/\/www.radiopiu.net\/wordpress\/viabilita-2\/embed\/#?secret=xKOl2qLnBT#?secret=fOGRspH81D\" data-secret=\"fOGRspH81D\" width=\"600\" height=\"338\" frameborder=\"0\" marginwidth=\"0\" marginheight=\"0\" scrolling=\"no\"><\/iframe><\/p>\n<p>&nbsp;<\/p>\n<p>&nbsp;<\/p>\n<hr \/>\n<p>&nbsp;<\/p>\n<p><a class=\"dt-pswp-item\" href=\"https:\/\/www.radiopiu.net\/wordpress\/wp-content\/uploads\/2018\/09\/WhatsApp-Image-2018-09-20-at-16.04.06.jpeg\" data-dt-img-description=\"\" data-large_image_width=\"800\" data-large_image_height=\"100\"><img loading=\"lazy\" decoding=\"async\" class=\"wp-image-61378 size-full aligncenter\" src=\"https:\/\/www.radiopiu.net\/wordpress\/wp-content\/uploads\/2018\/09\/WhatsApp-Image-2018-09-20-at-16.04.06.jpeg\" alt=\"\" width=\"800\" height=\"100\" srcset=\"https:\/\/www.radiopiu.net\/wordpress\/wp-content\/uploads\/2018\/09\/WhatsApp-Image-2018-09-20-at-16.04.06.jpeg 800w, https:\/\/www.radiopiu.net\/wordpress\/wp-content\/uploads\/2018\/09\/WhatsApp-Image-2018-09-20-at-16.04.06-300x38.jpeg 300w, https:\/\/www.radiopiu.net\/wordpress\/wp-content\/uploads\/2018\/09\/WhatsApp-Image-2018-09-20-at-16.04.06-768x96.jpeg 768w\" sizes=\"auto, (max-width: 800px) 100vw, 800px\" \/><\/a><\/p>\n<p><center><\/center><center><\/center><center><\/center><center><\/center><center><\/center><center><\/center>&nbsp;<\/p>\n<p><center><\/center><center><\/center><center><\/center><center><\/center><center><\/center><center><\/center><center><\/center><center><\/center><center><\/center><b>OGGI: <\/b>Al mattino poco nuvoloso dopo il dissolvimento di qualche nube bassa nelle valli; dalle ore centrali e nel pomeriggio irregolare aumento della nuvolosit\u00e0 cumuliforme con cielo da parzialmente nuvoloso a nuvoloso <b>Precipitazioni: <\/b>Dalle ore centrali e nel pomeriggio aumento della probabilit\u00e0 di rovesci sparsi e isolati temporali<\/p>\n<hr \/>\n<p><center><\/center><b>DOMANI T<\/b>Cielo sereno o poco nuvoloso al mattino. Nel pomeriggio sviluppo di cumuli sulle cime assieme al transito di velature. <b>Precipitazioni: <\/b>Nel pomeriggio possibile un rovescio o temporale\u00a0 specie su Dolomiti. <b>Temperature: <\/b>Temperature in ulteriore lieve aumento, con afa nei fondovalle prealpini pi\u00f9 bassi.<\/p>\n<hr \/>\n<p><center><\/center><strong>SABATO<\/strong> In giornata tempo stabile con cielo sereno o poco nuvoloso per velature e modesti cumuli nel pomeriggio sulle cime. In serata possibile irregolare aumento della nuvolosit\u00e0 specie su Prealpi dove non sono esclusi rovesci e temporali sparsi sui settori occidentali. Temperature in ulteriore aumento e afoso nei fondovalle prealpini.<\/p>\n<hr \/>\n<p><center><\/center><strong>DOMANI<\/strong> Evoluzione assai incerta: possibile instabilit\u00e0 nella notte con rovesci e temporali seguita da un miglioramento al mattino e da nuova instabilit\u00e0 nel pomeriggio\/sera con rovesci e temporali. Temperature stazionarie o in lieve calo.<\/p>\n<hr \/>\n<p>&nbsp;<\/p>\n<p><img loading=\"lazy\" decoding=\"async\" class=\"wp-image-60761 size-full aligncenter\" src=\"https:\/\/www.radiopiu.net\/wordpress\/wp-content\/uploads\/2018\/09\/sport.jpg\" alt=\"\" width=\"800\" height=\"100\" srcset=\"https:\/\/www.radiopiu.net\/wordpress\/wp-content\/uploads\/2018\/09\/sport.jpg 800w, https:\/\/www.radiopiu.net\/wordpress\/wp-content\/uploads\/2018\/09\/sport-300x38.jpg 300w, https:\/\/www.radiopiu.net\/wordpress\/wp-content\/uploads\/2018\/09\/sport-768x96.jpg 768w\" sizes=\"auto, (max-width: 800px) 100vw, 800px\" \/><\/p>\n<p>&nbsp;<\/p>\n<p><span style=\"color: #0000ff;\"><strong>CORSA IN MONTAGNA<\/strong><\/span><\/p>\n<blockquote>\n<h2>ANCORA POCHI GIORNI PER ISCRIVERSI ALLA TRANSCIVETTA KARPOS 2024<\/h2>\n<p><strong><img loading=\"lazy\" decoding=\"async\" class=\"alignleft\" src=\"https:\/\/www.radiopiu.net\/wordpress\/wp-content\/uploads\/2024\/06\/transcivetta_2024_passaggio_coldai-scaled.jpg\" width=\"266\" height=\"177\" \/>La gara di corsa in montagna a coppie si svolger\u00e0 domenica 21 luglio\u00a0<\/strong><\/p><\/blockquote>\n<p><strong>ALLEGHE\u00a0<\/strong> Rimangono ancora pochi giorni per potersi iscrivere alla Transcivetta, la storica gara di corsa in montagna a coppie che si svolge sulle Dolomiti Bellunesi, con partenza da Listolade di Taibon Agordino e arrivo ad Alleghe. L\u2019evento, che in questo 2024 vivr\u00e0 l\u2019edizione numero 42, \u00e8 in programma per domenica 21 luglio. <strong>Per iscriversi ci sar\u00e0 tempo fino alle ore 19 di luned\u00ec 1 luglio<\/strong>. Le iscrizioni si possono perfezionare sul sito ufficiale della manifestazione, <a href=\"http:\/\/www.transcivetta.com\">www.transcivetta.com<\/a>. Sar\u00e0 possibile partecipare in maniera competitiva, e in questo caso bisogner\u00e0 essere in possesso del certificato medico agonistico, oppure in maniera non competitiva. In quest\u2019ultimo caso sar\u00e0 sufficiente un certificato medico non agonistico. Per approfondimenti: <a href=\"http:\/\/www.transcivetta.com\">www.transcivetta.com<\/a><\/p>\n<p>&nbsp;<\/p>\n<p><span style=\"color: #0000ff;\"><strong>BASKET\u00a0<\/strong><\/span><\/p>\n<blockquote><p><strong><a class=\"dt-pswp-item\" href=\"https:\/\/www.radiopiu.net\/wordpress\/wp-content\/uploads\/2024\/06\/Italia-Under20-2023-Torneo-Domegge-di-Cadore.jpg\" data-dt-img-description=\"\" data-large_image_width=\"1658\" data-large_image_height=\"926\"><img loading=\"lazy\" decoding=\"async\" class=\"size-medium wp-image-396530 alignleft\" src=\"https:\/\/www.radiopiu.net\/wordpress\/wp-content\/uploads\/2024\/06\/Italia-Under20-2023-Torneo-Domegge-di-Cadore-300x168.jpg\" alt=\"\" width=\"300\" height=\"168\" srcset=\"https:\/\/www.radiopiu.net\/wordpress\/wp-content\/uploads\/2024\/06\/Italia-Under20-2023-Torneo-Domegge-di-Cadore-300x168.jpg 300w, https:\/\/www.radiopiu.net\/wordpress\/wp-content\/uploads\/2024\/06\/Italia-Under20-2023-Torneo-Domegge-di-Cadore-1024x572.jpg 1024w, https:\/\/www.radiopiu.net\/wordpress\/wp-content\/uploads\/2024\/06\/Italia-Under20-2023-Torneo-Domegge-di-Cadore-768x429.jpg 768w, https:\/\/www.radiopiu.net\/wordpress\/wp-content\/uploads\/2024\/06\/Italia-Under20-2023-Torneo-Domegge-di-Cadore-1536x858.jpg 1536w, https:\/\/www.radiopiu.net\/wordpress\/wp-content\/uploads\/2024\/06\/Italia-Under20-2023-Torneo-Domegge-di-Cadore.jpg 1658w\" sizes=\"auto, (max-width: 300px) 100vw, 300px\" \/><\/a>COUNTDOWN PER IL\u00a0<\/strong><strong>22\u00b0 TORNEO U20 \u201cV. DE SILVESTRO\u2013B. MENEGHIN\u201d\u00a0<\/strong><strong>DI DOMEGGE DI CADORE (BL)\u00a0<\/strong><strong>DAL 5 AL 7 LUGLIO CON ITALIA, SPAGNA, GRECIA E SLOVENIA<\/strong><\/p><\/blockquote>\n<p><strong>DOMEGGE DI CADORE\u00a0<\/strong> &#8211; E\u2019 partito il countdown in vista del 22\u00b0Torneo \u201cMemorial Vigilio De Silvestro \u2013 Trofeo Bepi Meneghin\u201d in programma al palazzetto Mario Cian Toma di Domegge\u00a0 <strong>dal 5 al 7 luglio 2024<\/strong>\u00a0e che vedr\u00e0 la partecipazione delle Nazionali maschili Under 20 di\u00a0<strong>Italia, Spagna, Slovenia e Grecia.\u00a0<\/strong>Fervono i preparativi in Cadore per ospitare le giovani stelle; dall&#8217;adeguamento del palasport, alle strutture ricettive che ospiteranno tra Calalzo, Vigo e Pieve di Cadore, gi\u00e0 dalla prossima settimana le 4 selezioni.\u00a0 (FOTO L&#8217;Italia U20 vincitrice dell&#8217;edizione 2023)<\/p>\n<p>&nbsp;<\/p>\n<p><span style=\"color: #0000ff;\"><strong>\u00a0ATLETICA\u00a0<\/strong><\/span><\/p>\n<blockquote>\n<h2><strong> <a class=\"dt-pswp-item\" href=\"https:\/\/www.radiopiu.net\/wordpress\/wp-content\/uploads\/2024\/06\/vallesella_csi_2021-1.jpg\" data-dt-img-description=\"\" data-large_image_width=\"2560\" data-large_image_height=\"1707\"><img loading=\"lazy\" decoding=\"async\" class=\" wp-image-396544 alignleft\" src=\"https:\/\/www.radiopiu.net\/wordpress\/wp-content\/uploads\/2024\/06\/vallesella_csi_2021-1-300x200.jpg\" alt=\"\" width=\"207\" height=\"138\" srcset=\"https:\/\/www.radiopiu.net\/wordpress\/wp-content\/uploads\/2024\/06\/vallesella_csi_2021-1-300x200.jpg 300w, https:\/\/www.radiopiu.net\/wordpress\/wp-content\/uploads\/2024\/06\/vallesella_csi_2021-1-1024x683.jpg 1024w, https:\/\/www.radiopiu.net\/wordpress\/wp-content\/uploads\/2024\/06\/vallesella_csi_2021-1-768x512.jpg 768w, https:\/\/www.radiopiu.net\/wordpress\/wp-content\/uploads\/2024\/06\/vallesella_csi_2021-1-1536x1024.jpg 1536w, https:\/\/www.radiopiu.net\/wordpress\/wp-content\/uploads\/2024\/06\/vallesella_csi_2021-1-2048x1366.jpg 2048w\" sizes=\"auto, (max-width: 207px) 100vw, 207px\" \/><\/a>seconda prova del Campionato regionale Veneto Csi su pista<\/strong><\/h2>\n<\/blockquote>\n<p><strong>BELLUNO<\/strong> Domenica, 30 giugno, la pista di Vallesella di Cadore ospiter\u00e0 la seconda prova del Campionato regionale di atletica del Centro Sportivo Italiano. L&#8217;organizzazione vede la sinergia di As Pozzale, As Vodo e Marciatori Calalzo. Le gare, che coinvolgeranno tutte le categorie da Esordienti a Veterani, prenderanno il via alle 9.45 per concludersi indicativamente alle 16. In programma ci sono gare di salto in lungo, salto in alto, getto del peso, giavellotto, 60 ostacoli 200 metri, 400 metri, 600 metri, 800 metri, 1500 metri, 3 mila metri e 5 mila metri.<\/p>\n<p>&nbsp;<\/p>\n<p><span style=\"color: #0000ff;\"><strong>MOTORI<\/strong><\/span><\/p>\n<blockquote>\n<h3>AL VIA IL CORSO PER DIVENTARE COMMISSARIO DI PERCORSO<\/h3>\n<\/blockquote>\n<p><strong><a class=\"dt-pswp-item\" href=\"https:\/\/www.radiopiu.net\/wordpress\/wp-content\/uploads\/2019\/05\/DOLOMITIRALLY2.jpg\" data-dt-img-description=\"\" data-large_image_width=\"4041\" data-large_image_height=\"2474\"><img loading=\"lazy\" decoding=\"async\" class=\" wp-image-86331 alignleft\" src=\"https:\/\/www.radiopiu.net\/wordpress\/wp-content\/uploads\/2019\/05\/DOLOMITIRALLY2-300x184.jpg\" alt=\"\" width=\"186\" height=\"114\" srcset=\"https:\/\/www.radiopiu.net\/wordpress\/wp-content\/uploads\/2019\/05\/DOLOMITIRALLY2-300x184.jpg 300w, https:\/\/www.radiopiu.net\/wordpress\/wp-content\/uploads\/2019\/05\/DOLOMITIRALLY2-768x470.jpg 768w, https:\/\/www.radiopiu.net\/wordpress\/wp-content\/uploads\/2019\/05\/DOLOMITIRALLY2-1024x627.jpg 1024w\" sizes=\"auto, (max-width: 186px) 100vw, 186px\" \/><\/a>BELLUNO<\/strong><\/p>\n<p>DI ROBERTO BONA<\/p>\n<audio class=\"wp-audio-shortcode\" id=\"audio-396489-19\" preload=\"none\" style=\"width: 100%;\" controls=\"controls\"><source type=\"audio\/mpeg\" src=\"https:\/\/www.radiopiu.net\/wordpress\/wp-content\/uploads\/2024\/06\/gr-27-sport-BONA-COMMISSARI-DI-PERCORSO.mp3?_=19\" \/><a href=\"https:\/\/www.radiopiu.net\/wordpress\/wp-content\/uploads\/2024\/06\/gr-27-sport-BONA-COMMISSARI-DI-PERCORSO.mp3\">https:\/\/www.radiopiu.net\/wordpress\/wp-content\/uploads\/2024\/06\/gr-27-sport-BONA-COMMISSARI-DI-PERCORSO.mp3<\/a><\/audio>\n<p>&nbsp;<\/p>\n<p>&nbsp;<\/p>\n<p>&nbsp;<\/p>\n<hr \/>\n<p>&nbsp;<\/p>\n<h2><span style=\"color: #ffcc00;\">GOODBYE BY BICICLE&#8230;UN VIAGGIO DALL&#8217;INDIA A SEREN DEL GRAPPA IN BICICLETTA<\/span><\/h2>\n<p><span style=\"color: #ff0000;\"><strong>PUNTATA 19 &#8211; LA BELLEZZA DEL TIBET TRA LE CIME PIU&#8217; ALTE DEL MONDO<\/strong><\/span><\/p>\n<audio class=\"wp-audio-shortcode\" id=\"audio-396489-20\" preload=\"none\" style=\"width: 100%;\" controls=\"controls\"><source type=\"audio\/mpeg\" src=\"https:\/\/www.radiopiu.net\/wordpress\/wp-content\/uploads\/2024\/06\/AIRE-INDIA-PUNTATA-19.mp3?_=20\" \/><a href=\"https:\/\/www.radiopiu.net\/wordpress\/wp-content\/uploads\/2024\/06\/AIRE-INDIA-PUNTATA-19.mp3\">https:\/\/www.radiopiu.net\/wordpress\/wp-content\/uploads\/2024\/06\/AIRE-INDIA-PUNTATA-19.mp3<\/a><\/audio>\n<p>&nbsp;<\/p>\n\n\t\t\t<style type='text\/css'>\n\t\t\t\t#gallery-2 {\n\t\t\t\t\tmargin: auto;\n\t\t\t\t}\n\t\t\t\t#gallery-2 .gallery-item {\n\t\t\t\t\tfloat: left;\n\t\t\t\t\tmargin-top: 10px;\n\t\t\t\t\ttext-align: center;\n\t\t\t\t\twidth: 20%;\n\t\t\t\t}\n\t\t\t\t#gallery-2 img {\n\t\t\t\t\tborder: 2px solid #cfcfcf;\n\t\t\t\t}\n\t\t\t\t#gallery-2 .gallery-caption {\n\t\t\t\t\tmargin-left: 0;\n\t\t\t\t}\n\t\t\t\t\/* see gallery_shortcode() in wp-includes\/media.php *\/\n\t\t\t<\/style>\n\t\t<div id='gallery-2' class='dt-gallery-container gallery galleryid-396489 gallery-columns-5 gallery-size-thumbnail'><dl class='gallery-item'>\n\t\t\t\t<dt class='gallery-icon landscape'>\n\t\t\t\t\t<a class=\"rollover rollover-zoom dt-pswp-item\" title=\"730fa4d4-046b-47e1-8e4b-2f58f529267e\" data-dt-img-description=\"\" data-large_image_width=\"1600\" data-large_image_height=\"1200\"href='https:\/\/www.radiopiu.net\/wordpress\/wp-content\/uploads\/2024\/06\/730fa4d4-046b-47e1-8e4b-2f58f529267e.jpg'><img loading=\"lazy\" decoding=\"async\" width=\"150\" height=\"150\" src=\"https:\/\/www.radiopiu.net\/wordpress\/wp-content\/uploads\/2024\/06\/730fa4d4-046b-47e1-8e4b-2f58f529267e-150x150.jpg\" class=\"attachment-thumbnail size-thumbnail\" alt=\"\" \/><\/a>\n\t\t\t\t<\/dt><\/dl><dl class='gallery-item'>\n\t\t\t\t<dt class='gallery-icon portrait'>\n\t\t\t\t\t<a class=\"rollover rollover-zoom dt-pswp-item\" title=\"f4f388c7-5649-4f72-b745-10f75dff6374\" data-dt-img-description=\"\" data-large_image_width=\"1143\" data-large_image_height=\"1600\"href='https:\/\/www.radiopiu.net\/wordpress\/wp-content\/uploads\/2024\/06\/f4f388c7-5649-4f72-b745-10f75dff6374.jpg'><img loading=\"lazy\" decoding=\"async\" width=\"150\" height=\"150\" src=\"https:\/\/www.radiopiu.net\/wordpress\/wp-content\/uploads\/2024\/06\/f4f388c7-5649-4f72-b745-10f75dff6374-150x150.jpg\" class=\"attachment-thumbnail size-thumbnail\" alt=\"\" \/><\/a>\n\t\t\t\t<\/dt><\/dl><dl class='gallery-item'>\n\t\t\t\t<dt class='gallery-icon landscape'>\n\t\t\t\t\t<a class=\"rollover rollover-zoom dt-pswp-item\" title=\"3e4c45c7-0118-4463-b7eb-250ed9d55541\" data-dt-img-description=\"\" data-large_image_width=\"2000\" data-large_image_height=\"1500\"href='https:\/\/www.radiopiu.net\/wordpress\/wp-content\/uploads\/2024\/06\/3e4c45c7-0118-4463-b7eb-250ed9d55541.jpg'><img loading=\"lazy\" decoding=\"async\" width=\"150\" height=\"150\" src=\"https:\/\/www.radiopiu.net\/wordpress\/wp-content\/uploads\/2024\/06\/3e4c45c7-0118-4463-b7eb-250ed9d55541-150x150.jpg\" class=\"attachment-thumbnail size-thumbnail\" alt=\"\" \/><\/a>\n\t\t\t\t<\/dt><\/dl><dl class='gallery-item'>\n\t\t\t\t<dt class='gallery-icon landscape'>\n\t\t\t\t\t<a class=\"rollover rollover-zoom dt-pswp-item\" title=\"743db94b-167e-400d-9a51-46a3ab49b4c7\" data-dt-img-description=\"\" data-large_image_width=\"1600\" data-large_image_height=\"1200\"href='https:\/\/www.radiopiu.net\/wordpress\/wp-content\/uploads\/2024\/06\/743db94b-167e-400d-9a51-46a3ab49b4c7.jpg'><img loading=\"lazy\" decoding=\"async\" width=\"150\" height=\"150\" src=\"https:\/\/www.radiopiu.net\/wordpress\/wp-content\/uploads\/2024\/06\/743db94b-167e-400d-9a51-46a3ab49b4c7-150x150.jpg\" class=\"attachment-thumbnail size-thumbnail\" alt=\"\" \/><\/a>\n\t\t\t\t<\/dt><\/dl><dl class='gallery-item'>\n\t\t\t\t<dt class='gallery-icon landscape'>\n\t\t\t\t\t<a class=\"rollover rollover-zoom dt-pswp-item\" title=\"ad263c0a-17ff-4897-bd8d-24176612563e\" data-dt-img-description=\"\" data-large_image_width=\"1600\" data-large_image_height=\"1200\"href='https:\/\/www.radiopiu.net\/wordpress\/wp-content\/uploads\/2024\/06\/ad263c0a-17ff-4897-bd8d-24176612563e.jpg'><img loading=\"lazy\" decoding=\"async\" width=\"150\" height=\"150\" src=\"https:\/\/www.radiopiu.net\/wordpress\/wp-content\/uploads\/2024\/06\/ad263c0a-17ff-4897-bd8d-24176612563e-150x150.jpg\" class=\"attachment-thumbnail size-thumbnail\" alt=\"\" \/><\/a>\n\t\t\t\t<\/dt><\/dl><br style=\"clear: both\" \/>\n\t\t\t<\/div>\n\n<p>&nbsp;<\/p>\n<p>&nbsp;<\/p>\n<p>&nbsp;<\/p>\n<p>&nbsp;<\/p>\n","protected":false},"excerpt":{"rendered":"<p>******* &nbsp; ATTENZIONE: LA NUOVA APP PER IOS-IPHONE di Nicola Vettorello https:\/\/apps.apple.com\/it\/app\/radio-pi%C3%B9-emittente-agordina\/id1515939845 ATTENZIONE: LA NUOVA APP RADIO\u00a0 PER ANDROID di Nicola Vettorello https:\/\/play.google.com\/store\/apps\/details?id=net.radiopiu.iniko\u00a0\u00a0\u00a0 &nbsp; &nbsp; &nbsp; OGGI ALLA RADIO:\u00a0ALLE 6.15 PIROLE DE LENGA, CON IL MUSLA\u00a0\u00a0ALLE 7.20\u00a0EL BAL DEL FIOR, DETTI E TRADIZIONI DI GIULIANA DA RONCH;\u00a0ALLE 8.20\u00a0PIU&#8217; SIAMO ESTATE DI MARINA DONA&#8217;\u00a0 9.00\u00a0 alex&hellip;<\/p>\n","protected":false},"author":4,"featured_media":396613,"comment_status":"closed","ping_status":"closed","sticky":false,"template":"","format":"standard","meta":{"_monsterinsights_skip_tracking":false,"_monsterinsights_sitenote_active":false,"_monsterinsights_sitenote_note":"","_monsterinsights_sitenote_category":0,"footnotes":""},"categories":[51,86,49],"tags":[],"class_list":["post-396489","post","type-post","status-publish","format-standard","has-post-thumbnail","hentry","category-evidenza-top","category-gr","category-news-18","category-51","category-86","category-49","description-off"],"img_url":"https:\/\/www.radiopiu.net\/wordpress\/wp-content\/uploads\/2024\/06\/Senza-nome-77.png","_links":{"self":[{"href":"https:\/\/www.radiopiu.net\/wordpress\/wp-json\/wp\/v2\/posts\/396489","targetHints":{"allow":["GET"]}}],"collection":[{"href":"https:\/\/www.radiopiu.net\/wordpress\/wp-json\/wp\/v2\/posts"}],"about":[{"href":"https:\/\/www.radiopiu.net\/wordpress\/wp-json\/wp\/v2\/types\/post"}],"author":[{"embeddable":true,"href":"https:\/\/www.radiopiu.net\/wordpress\/wp-json\/wp\/v2\/users\/4"}],"replies":[{"embeddable":true,"href":"https:\/\/www.radiopiu.net\/wordpress\/wp-json\/wp\/v2\/comments?post=396489"}],"version-history":[{"count":0,"href":"https:\/\/www.radiopiu.net\/wordpress\/wp-json\/wp\/v2\/posts\/396489\/revisions"}],"wp:featuredmedia":[{"embeddable":true,"href":"https:\/\/www.radiopiu.net\/wordpress\/wp-json\/wp\/v2\/media\/396613"}],"wp:attachment":[{"href":"https:\/\/www.radiopiu.net\/wordpress\/wp-json\/wp\/v2\/media?parent=396489"}],"wp:term":[{"taxonomy":"category","embeddable":true,"href":"https:\/\/www.radiopiu.net\/wordpress\/wp-json\/wp\/v2\/categories?post=396489"},{"taxonomy":"post_tag","embeddable":true,"href":"https:\/\/www.radiopiu.net\/wordpress\/wp-json\/wp\/v2\/tags?post=396489"}],"curies":[{"name":"wp","href":"https:\/\/api.w.org\/{rel}","templated":true}]}}