{"id":396513,"date":"2024-06-26T07:55:56","date_gmt":"2024-06-26T05:55:56","guid":{"rendered":"https:\/\/www.radiopiu.net\/wordpress\/?p=396513"},"modified":"2024-06-26T07:57:55","modified_gmt":"2024-06-26T05:57:55","slug":"396513-2","status":"publish","type":"post","link":"https:\/\/www.radiopiu.net\/wordpress\/396513-2\/","title":{"rendered":"dal 1983 L&#8217;ORIGINALE la rassegna stampa locale di mirko mezzacasa"},"content":{"rendered":"<p>***<\/p>\n<p>&nbsp;<\/p>\n<p>OGGI ALLA RADIO: ALLE 6.15 PIROLE DE LENGA, CON IL MUSLA ALLE 7.20 EL BAL DEL FIOR, DETTI E TRADIZIONI DI GIULIANA DA RONCH; ALLE 8.20 PIU\u2019 SIAMO ESTATE DI MARINA DONA\u2019 9.00 MARCO PERALE ANTICIPA I CONTENUTI DELL\u2019INCONTRO DI SABATO SUL FAGIOLO IN PROGRAMMA A SAN TOMASO CON L\u2019ASSOCIAZIONE ORTI RUPESTRI 9.30 VIABILITA\u2019 Botol_CarAGORDO-SEDICO-FELTRE 10.10 CISL la voce per i lavoratori con Alessio Piccoli 10.30 Federica Mezzacasa e Morris De Zaiacomo ospiti di RADIOPIU PROLOCO LAVALLE il nuovo direttivo la nuova stagione 11.10 LA STORIA DEL FESTIVALBAR RACCONTATA DA MIRCO BENCIVENNI 12.00 VA TUTTO LISCIO 12.30 GIORNALE RADIO EDIZIONE PRINCIPALE 13.20 TRE PEZZI ESTIVI DI MARINA DONA\u2019 14.00 rimasti piu\u2019 avanti CON MARCO V DAL FARRA, OSPITE GIANNI CARLIN 15.00 LA CLASSIFICA DI RADIOPIU. QUELLA UFFICIALE DI MARCO GAZ 16.00 IL ROCK DI MARCO COSTANTINI 16.45 LE HIT DI MIRCO BENCIVENNI 19 ANTICIPAZIONI DAL TG DI ANTENNA 3<\/p>\n<p><iframe loading=\"lazy\" title=\"DAL 1983 LA RASSEGNA STAMPA LOCALE di mirko mezzacasa. L&#039;ORIGINALE\" width=\"1200\" height=\"675\" src=\"https:\/\/www.youtube.com\/embed\/OXe5LBIAr6Q?feature=oembed\" frameborder=\"0\" allow=\"accelerometer; autoplay; clipboard-write; encrypted-media; gyroscope; picture-in-picture; web-share\" referrerpolicy=\"strict-origin-when-cross-origin\" allowfullscreen><\/iframe><\/p>\n<p><a class=\"dt-pswp-item\" href=\"https:\/\/www.radiopiu.net\/wordpress\/wp-content\/uploads\/2024\/06\/Senza-nome-76.png\" data-dt-img-description=\"\" data-large_image_width=\"470\" data-large_image_height=\"243\"><img loading=\"lazy\" decoding=\"async\" class=\"size-medium wp-image-396502 alignleft\" src=\"https:\/\/www.radiopiu.net\/wordpress\/wp-content\/uploads\/2024\/06\/Senza-nome-76-300x155.png\" alt=\"\" width=\"300\" height=\"155\" srcset=\"https:\/\/www.radiopiu.net\/wordpress\/wp-content\/uploads\/2024\/06\/Senza-nome-76-300x155.png 300w, https:\/\/www.radiopiu.net\/wordpress\/wp-content\/uploads\/2024\/06\/Senza-nome-76.png 470w\" sizes=\"auto, (max-width: 300px) 100vw, 300px\" \/><\/a>REDAZIONE Un altro \u201cguerriero\u201d ci ha lasciato, improvvisamente e non ci rimane che il ricordo. Roberto Campedel per tanti aspetti un grande esempio, perch\u00e9 nonostante quell\u2019incidente sportivo che lo ha debilitato non ha mai mollato. Quante volte con la scala sulle spalle o il bidone del colore tra le mani. E\u2019 il ricordo che ci porteremo di Roberto,\u00a0 mai domo fino al termine dei sui 56 anni.<br \/>\nCORTINA Ieri alle 7, il Soccorso alpino di Cortina \u00e8 intervenuto per il mancato rientro di due alpinisti sloveni dalla Tofana. Nonostante le difficolt\u00e0 causate da nuvole e turbolenze, l&#8217;elicottero del Suem di Pieve di Cadore ha completato il recupero verso le 12.30.<br \/>\nREDAZIONE Tra le 21 dell&#8217;altra sera e\u00a0 le 6.30 di ieri mattina il personale medico e paramedico del Suem 118 \u00e8 intervenuto in seguito a tre chiamate di emergenza. A Longarone incidente stradale con un ciclista investito, un uomo di 68 anni di Longarone \u00e8 ricoverato con ferite di media gravit\u00e0 al San Martino di Belluno. Alle 2.30 del mattino un altro incidente stradale in citt\u00e0, unico ferito (non in modo grave) un 19enne di Santa Giustina trasportato in ambulanza al vicino ospedale della Ulss1 Dolomiti. Stamane, alle 6.30 l&#8217;episodio pi\u00f9 grave, un uomo di Chioggia di 68 anni \u00e8 stato colto da malore. L&#8217;elicottero Pelikan (foto) lo ha trasportato al San Martino di Belluno in condizioni molto gravi.<br \/>\nAGORDO In occasione del secondo anniversario della scomparsa del Fondatore di Luxottica Leonardo Del Vecchio, domani alle 11:30 tutti gli stabilimenti e le sedi osserveranno un minuto di silenzio preceduto da un segnale acustico. Inoltre, durante le S. Messe ordinarie alle 18:00 nella chiesa parrocchiale di Agordo e alle 18:30 a Sedico, Leonardo Del Vecchio sar\u00e0 ricordato con un simbolico abbraccio tra i dipendenti EssilorLuxottica e il territorio.<\/p>\n<p><a class=\"dt-pswp-item\" href=\"https:\/\/www.radiopiu.net\/wordpress\/wp-content\/uploads\/2024\/06\/Senza-nome-75.png\" data-dt-img-description=\"\" data-large_image_width=\"499\" data-large_image_height=\"289\"><img loading=\"lazy\" decoding=\"async\" class=\"size-medium wp-image-396501 alignleft\" src=\"https:\/\/www.radiopiu.net\/wordpress\/wp-content\/uploads\/2024\/06\/Senza-nome-75-300x174.png\" alt=\"\" width=\"300\" height=\"174\" srcset=\"https:\/\/www.radiopiu.net\/wordpress\/wp-content\/uploads\/2024\/06\/Senza-nome-75-300x174.png 300w, https:\/\/www.radiopiu.net\/wordpress\/wp-content\/uploads\/2024\/06\/Senza-nome-75.png 499w\" sizes=\"auto, (max-width: 300px) 100vw, 300px\" \/><\/a>SCOPERTO LAVORO SOMMERSO NEL DISTRETTO DELL\u2019OCCHIALERIA, sono stati scoperti 6 lavoratori \u201cin nero\u201d e 7 irregolari in aziende del settore dell\u2019occhialeria, gestite da soggetti di etnia marocchina. Sono state contestate gravi violazioni fiscali e sulla sicurezza del lavoro, con omissioni di ritenute per oltre 5 mila euro e mancate formazioni e forniture di dispositivi di protezione. Proposta la sospensione delle attivit\u00e0 imprenditoriali coinvolte e sanzioni amministrative fino a 70.200 euro.<br \/>\nLavoratori irregolari nel bellunese. La condanna di Uil Veneto<br \/>\n&#8220;Grazie alla Guardia di Finanza, sono emerse irregolarit\u00e0 che minavano la sicurezza dei lavoratori nel bellunese&#8221;. La Uil Veneto, con il segretario generale Roberto Toigo, sottolinea l&#8217;importanza della cultura della sicurezza e &#8220;condanna le violazioni che aumentano i rischi di infortuni&#8221;.<br \/>\nBELLUNO In Piazza dei Martiri a Belluno si terr\u00e0 la celebrazione per il 250\u00b0 Anniversario della fondazione del Corpo della Guardia di Finanza. La cerimonia militare avr\u00e0 luogo alle ore 18:00, alla presenza del Comandante Provinciale, Col. Dario Guarino, e delle massime Autorit\u00e0 locali. Durante l&#8217;evento, saranno consegnate le ricompense di ordine morale ai finanzieri che si sono contraddistinti in operazioni e attivit\u00e0 di servizio.<br \/>\nMedaglia d&#8217;argento al valore civile per il finanziere feltrino Alessandro Alberioli<br \/>\nFELTRE A tredici anni dal suo eroico gesto, Alessandro Alberioli, tenente colonnello della Guardia di Finanza, ha ricevuto la medaglia d&#8217;argento al valore civile dal Presidente della Repubblica, Sergio Mattarella. Nel settembre 2013, Alberioli salv\u00f2 un uomo che tentava il suicidio gettandosi nell&#8217;Adige. Durante la cerimonia per i 250 anni della Guardia di Finanza, sono stati ricordati anche gli importanti incarichi di Alberioli, dalle missioni di soccorso in Turchia alle spedizioni scientifiche e alpinistiche.<\/p>\n<p><a class=\"dt-pswp-item\" href=\"https:\/\/www.radiopiu.net\/wordpress\/wp-content\/uploads\/2024\/06\/Senza-nome-74.png\" data-dt-img-description=\"\" data-large_image_width=\"201\" data-large_image_height=\"130\"><img loading=\"lazy\" decoding=\"async\" class=\"size-full wp-image-396500 alignleft\" src=\"https:\/\/www.radiopiu.net\/wordpress\/wp-content\/uploads\/2024\/06\/Senza-nome-74.png\" alt=\"\" width=\"201\" height=\"130\" \/><\/a>BELLUNO\u00a0 In occasione del 250\u00b0 anniversario della Fondazione del Corpo della Guardia di Finanza, si terr\u00e0 un concerto commemorativo,\u00a0 domani alle\u00a0 20 presso il Palazzo dei Rettori, sede della Prefettura di Belluno. L&#8217;evento nel ricordo di Martina Bonavera, vedr\u00e0 la partecipazione del Coro della Guardia di Finanza di Belluno, accompagnato dall\u2019Ensemble<br \/>\nLIVINALLONGO ieri sera IL SINDACO OSCAR NAGLER GIURA, DELMONEGO VICE E DE MATTIA ASSESSORE<br \/>\nBELLUNO Il Comune riesce a incassare solo circa la met\u00e0 delle multe stradali. Nel 2020, sono ancora da riscuotere 320.450 euro per 838 multe non pagate, ora affidate all&#8217;Agenzia delle entrate riscossione<br \/>\nLa sentenza del Tar: niente galli nel pollaio, disturbano i vicini<br \/>\nVENEZIA. A Mestre, in zona urbana, saranno ammessi solo pollai con galline, non pi\u00f9 di 50, escludendo la presenza di galli. Questa decisione \u00e8 stata presa dall&#8217;Ulss 3 Serenissima, dal Comune di Venezia e infine confermata dal Tar del Veneto per ridurre i disturbi ai vicini causati dai galli. Un residente aveva chiesto l&#8217;autorizzazione per un pollaio con gallo per autoconsumo, ma i vicini si erano lamentati per il continuo canto, portando all&#8217;esclusione dei galli.<br \/>\nIL PRECEDENTE ARCHIVIO RADIOPIU 2019 SUL SITO DI RADIOPIU: PER UN TURISTA IN PIU&#8217; UN POLLAIO IN MENO, ALL&#8217;OSPITE DI SAN TOMASO AGORDINO DAVA FASTIDIO IL CANTO DEL GALLO<br \/>\nBELLUNO\u00a0 \u00a0il Prefetto di Belluno, Mariano Savastano, ha effettuato un sopralluogo tecnico presso i tre cantieri Anas di realizzazione delle Varianti di Tai, San Vito e Valle di Cadore lungo la strada statale 51 &#8220;di Alemagna&#8221;. Verificato lo stato dei cantieri e l&#8217;avanzamento dei lavori iniziati circa 10 mesi fa.<br \/>\nREDAZIONE Il servizio di Luisa Manfroi, le parole del sindaco Fabio Luchetta attraverso il sito di Radio Pi\u00f9 hanno valicato i confini e sono arrivate sulla scrivania del noto giornalista\u00a0 Phillip Arens (foto), giornalista sportivo della Bild, inviato a Leverkusen (!!!!) e anche per la Nazionale Italiana. Una vicenda che lo ha interessato al punto tale da contattare l&#8217;Italia, il Municipio realizzando un servizio importante.\u00a0 Che dice sindaco Fabio Luchetta&#8230; proponiamo il gemellaggio? potrebbe essere l&#8217;avversario ideale per il Venezia di seria A in ritiro a Falcade.<\/p>\n<p>&nbsp;<\/p>\n<p>&nbsp;<\/p>\n<hr \/>\n<p>&nbsp;<\/p>\n","protected":false},"excerpt":{"rendered":"<p>*** &nbsp; OGGI ALLA RADIO: ALLE 6.15 PIROLE DE LENGA, CON IL MUSLA ALLE 7.20 EL BAL DEL FIOR, DETTI E TRADIZIONI DI GIULIANA DA RONCH; ALLE 8.20 PIU\u2019 SIAMO ESTATE DI MARINA DONA\u2019 9.00 MARCO PERALE ANTICIPA I CONTENUTI DELL\u2019INCONTRO DI SABATO SUL FAGIOLO IN PROGRAMMA A SAN TOMASO CON L\u2019ASSOCIAZIONE ORTI RUPESTRI 9.30&hellip;<\/p>\n","protected":false},"author":4,"featured_media":396501,"comment_status":"closed","ping_status":"closed","sticky":false,"template":"","format":"standard","meta":{"_monsterinsights_skip_tracking":false,"_monsterinsights_sitenote_active":false,"_monsterinsights_sitenote_note":"","_monsterinsights_sitenote_category":0,"footnotes":""},"categories":[104,49,142],"tags":[],"class_list":["post-396513","post","type-post","status-publish","format-standard","has-post-thumbnail","hentry","category-evidenza_3","category-news-18","category-rassegna-stampa","category-104","category-49","category-142","description-off"],"img_url":"https:\/\/www.radiopiu.net\/wordpress\/wp-content\/uploads\/2024\/06\/Senza-nome-75.png","_links":{"self":[{"href":"https:\/\/www.radiopiu.net\/wordpress\/wp-json\/wp\/v2\/posts\/396513","targetHints":{"allow":["GET"]}}],"collection":[{"href":"https:\/\/www.radiopiu.net\/wordpress\/wp-json\/wp\/v2\/posts"}],"about":[{"href":"https:\/\/www.radiopiu.net\/wordpress\/wp-json\/wp\/v2\/types\/post"}],"author":[{"embeddable":true,"href":"https:\/\/www.radiopiu.net\/wordpress\/wp-json\/wp\/v2\/users\/4"}],"replies":[{"embeddable":true,"href":"https:\/\/www.radiopiu.net\/wordpress\/wp-json\/wp\/v2\/comments?post=396513"}],"version-history":[{"count":0,"href":"https:\/\/www.radiopiu.net\/wordpress\/wp-json\/wp\/v2\/posts\/396513\/revisions"}],"wp:featuredmedia":[{"embeddable":true,"href":"https:\/\/www.radiopiu.net\/wordpress\/wp-json\/wp\/v2\/media\/396501"}],"wp:attachment":[{"href":"https:\/\/www.radiopiu.net\/wordpress\/wp-json\/wp\/v2\/media?parent=396513"}],"wp:term":[{"taxonomy":"category","embeddable":true,"href":"https:\/\/www.radiopiu.net\/wordpress\/wp-json\/wp\/v2\/categories?post=396513"},{"taxonomy":"post_tag","embeddable":true,"href":"https:\/\/www.radiopiu.net\/wordpress\/wp-json\/wp\/v2\/tags?post=396513"}],"curies":[{"name":"wp","href":"https:\/\/api.w.org\/{rel}","templated":true}]}}