{"id":396527,"date":"2024-06-26T14:17:21","date_gmt":"2024-06-26T12:17:21","guid":{"rendered":"https:\/\/www.radiopiu.net\/wordpress\/?p=396527"},"modified":"2024-06-28T05:40:29","modified_gmt":"2024-06-28T03:40:29","slug":"ancora-pochi-giorni-per-iscriversi-alla-transcivetta-karpos-2024","status":"publish","type":"post","link":"https:\/\/www.radiopiu.net\/wordpress\/ancora-pochi-giorni-per-iscriversi-alla-transcivetta-karpos-2024\/","title":{"rendered":"ANCORA POCHI GIORNI PER ISCRIVERSI ALLA TRANSCIVETTA KARPOS 2024"},"content":{"rendered":"<p>***<\/p>\n<p>&nbsp;<\/p>\n<blockquote><p><strong><img loading=\"lazy\" decoding=\"async\" class=\"alignleft\" src=\"https:\/\/www.radiopiu.net\/wordpress\/wp-content\/uploads\/2024\/06\/transcivetta_2024_passaggio_coldai-scaled.jpg\" width=\"266\" height=\"177\" \/>La gara di corsa in montagna a coppie si svolger\u00e0 domenica 21 luglio\u00a0<\/strong><\/p><\/blockquote>\n<p><strong>ALLEGHE\u00a0<\/strong> Rimangono ancora pochi giorni per potersi iscrivere alla Transcivetta, la storica gara di corsa in montagna a coppie che si svolge sulle Dolomiti Bellunesi, con partenza da Listolade di Taibon Agordino e arrivo ad Alleghe. L\u2019evento, che in questo 2024 vivr\u00e0 l\u2019edizione numero 42, \u00e8 in programma per domenica 21 luglio. <strong>Per iscriversi ci sar\u00e0 tempo fino alle ore 19 di luned\u00ec 1 luglio<\/strong>. Le iscrizioni si possono perfezionare sul sito ufficiale della manifestazione, <a href=\"http:\/\/www.transcivetta.com\">www.transcivetta.com<\/a>. Sar\u00e0 possibile partecipare in maniera competitiva, e in questo caso bisogner\u00e0 essere in possesso del certificato medico agonistico, oppure in maniera non competitiva. In quest\u2019ultimo caso sar\u00e0 sufficiente un certificato medico non agonistico. Per approfondimenti: <a href=\"http:\/\/www.transcivetta.com\">www.transcivetta.com<\/a><\/p>\n<p>&nbsp;<\/p>\n<p>&nbsp;<\/p>\n<p>___<\/p>\n","protected":false},"excerpt":{"rendered":"<p>*** &nbsp; La gara di corsa in montagna a coppie si svolger\u00e0 domenica 21 luglio\u00a0 ALLEGHE\u00a0 Rimangono ancora pochi giorni per potersi iscrivere alla Transcivetta, la storica gara di corsa in montagna a coppie che si svolge sulle Dolomiti Bellunesi, con partenza da Listolade di Taibon Agordino e arrivo ad Alleghe. L\u2019evento, che in questo&hellip;<\/p>\n","protected":false},"author":4,"featured_media":396528,"comment_status":"closed","ping_status":"closed","sticky":false,"template":"","format":"standard","meta":{"_monsterinsights_skip_tracking":false,"_monsterinsights_sitenote_active":false,"_monsterinsights_sitenote_note":"","_monsterinsights_sitenote_category":0,"footnotes":""},"categories":[51,49],"tags":[],"class_list":["post-396527","post","type-post","status-publish","format-standard","has-post-thumbnail","hentry","category-evidenza-top","category-news-18","category-51","category-49","description-off"],"img_url":"https:\/\/www.radiopiu.net\/wordpress\/wp-content\/uploads\/2024\/06\/transcivetta_2024_passaggio_coldai-scaled.jpg","_links":{"self":[{"href":"https:\/\/www.radiopiu.net\/wordpress\/wp-json\/wp\/v2\/posts\/396527","targetHints":{"allow":["GET"]}}],"collection":[{"href":"https:\/\/www.radiopiu.net\/wordpress\/wp-json\/wp\/v2\/posts"}],"about":[{"href":"https:\/\/www.radiopiu.net\/wordpress\/wp-json\/wp\/v2\/types\/post"}],"author":[{"embeddable":true,"href":"https:\/\/www.radiopiu.net\/wordpress\/wp-json\/wp\/v2\/users\/4"}],"replies":[{"embeddable":true,"href":"https:\/\/www.radiopiu.net\/wordpress\/wp-json\/wp\/v2\/comments?post=396527"}],"version-history":[{"count":0,"href":"https:\/\/www.radiopiu.net\/wordpress\/wp-json\/wp\/v2\/posts\/396527\/revisions"}],"wp:featuredmedia":[{"embeddable":true,"href":"https:\/\/www.radiopiu.net\/wordpress\/wp-json\/wp\/v2\/media\/396528"}],"wp:attachment":[{"href":"https:\/\/www.radiopiu.net\/wordpress\/wp-json\/wp\/v2\/media?parent=396527"}],"wp:term":[{"taxonomy":"category","embeddable":true,"href":"https:\/\/www.radiopiu.net\/wordpress\/wp-json\/wp\/v2\/categories?post=396527"},{"taxonomy":"post_tag","embeddable":true,"href":"https:\/\/www.radiopiu.net\/wordpress\/wp-json\/wp\/v2\/tags?post=396527"}],"curies":[{"name":"wp","href":"https:\/\/api.w.org\/{rel}","templated":true}]}}