{"id":396572,"date":"2024-06-27T04:57:27","date_gmt":"2024-06-27T02:57:27","guid":{"rendered":"https:\/\/www.radiopiu.net\/wordpress\/?p=396572"},"modified":"2024-06-27T05:36:18","modified_gmt":"2024-06-27T03:36:18","slug":"marmolada-srl-chiede-i-danni-a-comune-di-canazei-e-provincia-autonoma-di-trento-per-il-no-alla-seggiovia-sass-de-mul","status":"publish","type":"post","link":"https:\/\/www.radiopiu.net\/wordpress\/marmolada-srl-chiede-i-danni-a-comune-di-canazei-e-provincia-autonoma-di-trento-per-il-no-alla-seggiovia-sass-de-mul\/","title":{"rendered":"MARMOLADA SRL CHIEDE I DANNI A COMUNE DI CANAZEI E PROVINCIA AUTONOMA DI TRENTO PER IL NO ALLA SEGGIOVIA SASS DE MUL"},"content":{"rendered":"<p>*****<\/p>\n<p>&nbsp;<\/p>\n<p><strong><a class=\"dt-pswp-item\" href=\"https:\/\/www.radiopiu.net\/wordpress\/wp-content\/uploads\/2022\/12\/Alba_Marmolada-scaled.jpg\" data-dt-img-description=\"\" data-large_image_width=\"2560\" data-large_image_height=\"1920\"><img loading=\"lazy\" decoding=\"async\" class=\" wp-image-312436 alignleft\" src=\"https:\/\/www.radiopiu.net\/wordpress\/wp-content\/uploads\/2022\/12\/Alba_Marmolada-300x225.jpg\" alt=\"\" width=\"183\" height=\"137\" srcset=\"https:\/\/www.radiopiu.net\/wordpress\/wp-content\/uploads\/2022\/12\/Alba_Marmolada-300x225.jpg 300w, https:\/\/www.radiopiu.net\/wordpress\/wp-content\/uploads\/2022\/12\/Alba_Marmolada-1024x768.jpg 1024w, https:\/\/www.radiopiu.net\/wordpress\/wp-content\/uploads\/2022\/12\/Alba_Marmolada-768x576.jpg 768w, https:\/\/www.radiopiu.net\/wordpress\/wp-content\/uploads\/2022\/12\/Alba_Marmolada-1536x1152.jpg 1536w, https:\/\/www.radiopiu.net\/wordpress\/wp-content\/uploads\/2022\/12\/Alba_Marmolada-2048x1536.jpg 2048w\" sizes=\"auto, (max-width: 183px) 100vw, 183px\" \/><\/a>ROCCA PIETORE <\/strong>Il Comune di Canazei e la Provincia autonoma di Trento non potevano negare l&#8217;autorizzazione per la sostituzione della vecchia seggiovia \u201cSass de Mul\u201d; per questo Marmolada Srl \u2013 con un ricorso al Tar di Trento \u2013 chiede ai due enti un risarcimento danni di 8 milioni e mezzo di euro. \u201cEra un impianto previsto anche dalla pianificazione urbanistica provinciale, come ribadito dal Consiglio di Stato: quel no era illegittimo. Abbiamo subito un notevole danno economico, che adesso va ristorato\u201d, affermano dalla societ\u00e0 che dal 1965 gestisce la funivia che da Rocca Pietore porta a Punta Rocca. Ma andiamo con ordine: \u00c8 il 2007 quando Marmolada srl chiede per la prima volta a Provincia autonoma di Trento e comune di Canazei l&#8217;autorizzazione a sostituire la vecchia sciovia \u201cSass del Mul\u201d, dismessa un anno prima. \u201cEra ed \u00e8 a tutt&#8217;oggi un impianto di fondamentale importanza per estendere la stagione sciistica, perch\u00e9 garantisce la possibilit\u00e0 di sciare sempre in quota senza dover scendere alla stazione di Malga Ciapela per poi risalire\u201d, spiegano dalla societ\u00e0 bellunese. La richiesta quindi \u00e8 chiara, ma per dieci anni Provincia autonoma e Comune di Canazei non danno alcuna risposta definitiva. La stessa Marmolada srl parla di \u201csolleciti continui e risposte interlocutorie\u201d e questo fino al 2017 quando i due enti optano per il no. Nel frattempo, per\u00f2, la stessa Provincia Autonoma \u2013 attraverso il cosiddetto \u201cProgramma Marmolada\u201d che si inserisce all&#8217;interno della pianificazione urbanistica provinciale \u2013 definisce l&#8217;impianto \u201cesistente da rinnovare\u201d. Non solo: la Regione del Veneto lo ammette \u2013 gi\u00e0 nel 2013 \u2013 a possibile contributo. Ne nasce un contenzioso amministrativo che arriva fino al Consiglio di Stato che \u2013 con sentenza del 2023 \u2013 dichiara che Provincia e Comune non potevano negare l\u2019autorizzazione, n\u00e9 sul presupposto della mancanza del requisito della conformit\u00e0 urbanistica perch\u00e9 l\u2019impianto non era previsto dal piano regolatore generale di Canazei, n\u00e9 per la mancata stipula di un accordo di programma fra la Pat e la Regione. Da qui la richiesta di risarcimento danni, che tiene conto dell&#8217;incremento dei costi per la realizzazione dell&#8217;impianto e dei mancati introiti della gestione. \u201c\u00c8 una vicenda paradossale che speriamo possa essere sanata: la nostra richiesta era evidentemente legittima\u201d, sottolineano dalla societ\u00e0, che ora resta in attesa del verdetto del Tar. \u201cSpiace constatare che si sia creato un danno a una realt\u00e0 che da anni tiene viva la Marmolada, promuovendo le sue bellezze e il suo immenso patrimonio storico e umano. Se il massiccio e le sue valli \u2013 sia sul versante bellunese che trentino &#8211; possono crescere in modo sostenibile \u00e8 anche grazie al nostro lavoro e a quello dei tanti nostri collaboratori\u201d, la conclusione.<\/p>\n<p>&nbsp;<\/p>\n<p>&nbsp;<\/p>\n<p>********<\/p>\n","protected":false},"excerpt":{"rendered":"<p>***** &nbsp; ROCCA PIETORE Il Comune di Canazei e la Provincia autonoma di Trento non potevano negare l&#8217;autorizzazione per la sostituzione della vecchia seggiovia \u201cSass de Mul\u201d; per questo Marmolada Srl \u2013 con un ricorso al Tar di Trento \u2013 chiede ai due enti un risarcimento danni di 8 milioni e mezzo di euro. \u201cEra&hellip;<\/p>\n","protected":false},"author":4,"featured_media":312436,"comment_status":"closed","ping_status":"closed","sticky":false,"template":"","format":"standard","meta":{"_monsterinsights_skip_tracking":false,"_monsterinsights_sitenote_active":false,"_monsterinsights_sitenote_note":"","_monsterinsights_sitenote_category":0,"footnotes":""},"categories":[51,49],"tags":[],"class_list":["post-396572","post","type-post","status-publish","format-standard","has-post-thumbnail","hentry","category-evidenza-top","category-news-18","category-51","category-49","description-off"],"img_url":"https:\/\/www.radiopiu.net\/wordpress\/wp-content\/uploads\/2022\/12\/Alba_Marmolada-scaled.jpg","_links":{"self":[{"href":"https:\/\/www.radiopiu.net\/wordpress\/wp-json\/wp\/v2\/posts\/396572","targetHints":{"allow":["GET"]}}],"collection":[{"href":"https:\/\/www.radiopiu.net\/wordpress\/wp-json\/wp\/v2\/posts"}],"about":[{"href":"https:\/\/www.radiopiu.net\/wordpress\/wp-json\/wp\/v2\/types\/post"}],"author":[{"embeddable":true,"href":"https:\/\/www.radiopiu.net\/wordpress\/wp-json\/wp\/v2\/users\/4"}],"replies":[{"embeddable":true,"href":"https:\/\/www.radiopiu.net\/wordpress\/wp-json\/wp\/v2\/comments?post=396572"}],"version-history":[{"count":0,"href":"https:\/\/www.radiopiu.net\/wordpress\/wp-json\/wp\/v2\/posts\/396572\/revisions"}],"wp:featuredmedia":[{"embeddable":true,"href":"https:\/\/www.radiopiu.net\/wordpress\/wp-json\/wp\/v2\/media\/312436"}],"wp:attachment":[{"href":"https:\/\/www.radiopiu.net\/wordpress\/wp-json\/wp\/v2\/media?parent=396572"}],"wp:term":[{"taxonomy":"category","embeddable":true,"href":"https:\/\/www.radiopiu.net\/wordpress\/wp-json\/wp\/v2\/categories?post=396572"},{"taxonomy":"post_tag","embeddable":true,"href":"https:\/\/www.radiopiu.net\/wordpress\/wp-json\/wp\/v2\/tags?post=396572"}],"curies":[{"name":"wp","href":"https:\/\/api.w.org\/{rel}","templated":true}]}}