{"id":396596,"date":"2024-06-28T05:36:33","date_gmt":"2024-06-28T03:36:33","guid":{"rendered":"https:\/\/www.radiopiu.net\/wordpress\/?p=396596"},"modified":"2024-06-28T07:32:25","modified_gmt":"2024-06-28T05:32:25","slug":"giornale-radiopiu-28-giugno-2024-direttore-mirko-mezzacasada-41-anni-25-giugno-1983-25-giugno-2024","status":"publish","type":"post","link":"https:\/\/www.radiopiu.net\/wordpress\/giornale-radiopiu-28-giugno-2024-direttore-mirko-mezzacasada-41-anni-25-giugno-1983-25-giugno-2024\/","title":{"rendered":"GIORNALE RADIOPIU 28 GIUGNO 2024 DIRETTORE MIRKO MEZZACASA\u2026DA 41 ANNI 25 GIUGNO 1983-25 GIUGNO 2024"},"content":{"rendered":"<p>*******<\/p>\n<p>&nbsp;<\/p>\n<p><strong>IL BUONGIORNO DALL&#8217;ALTRO, MONT ALT DI FRAMONT SOPRA AGORDO. UNO SGUARDO SULLA CONCA AGORDINA, VALLE DI SAN LUCANO, TAIBON. foto di Barbara Benvegn\u00f9\u00a0<\/strong><\/p>\n\n\t\t\t<style type='text\/css'>\n\t\t\t\t#gallery-1 {\n\t\t\t\t\tmargin: auto;\n\t\t\t\t}\n\t\t\t\t#gallery-1 .gallery-item {\n\t\t\t\t\tfloat: left;\n\t\t\t\t\tmargin-top: 10px;\n\t\t\t\t\ttext-align: center;\n\t\t\t\t\twidth: 50%;\n\t\t\t\t}\n\t\t\t\t#gallery-1 img {\n\t\t\t\t\tborder: 2px solid #cfcfcf;\n\t\t\t\t}\n\t\t\t\t#gallery-1 .gallery-caption {\n\t\t\t\t\tmargin-left: 0;\n\t\t\t\t}\n\t\t\t\t\/* see gallery_shortcode() in wp-includes\/media.php *\/\n\t\t\t<\/style>\n\t\t<div id='gallery-1' class='dt-gallery-container gallery galleryid-396596 gallery-columns-2 gallery-size-medium'><dl class='gallery-item'>\n\t\t\t\t<dt class='gallery-icon landscape'>\n\t\t\t\t\t<a class=\"rollover rollover-zoom dt-pswp-item\" title=\"taibon framont san lucano(2)\" data-dt-img-description=\"\" data-large_image_width=\"1600\" data-large_image_height=\"1200\"href='https:\/\/www.radiopiu.net\/wordpress\/wp-content\/uploads\/2024\/06\/taibon-framont-san-lucano2.jpg'><img loading=\"lazy\" decoding=\"async\" width=\"300\" height=\"225\" src=\"https:\/\/www.radiopiu.net\/wordpress\/wp-content\/uploads\/2024\/06\/taibon-framont-san-lucano2-300x225.jpg\" class=\"attachment-medium size-medium\" alt=\"\" srcset=\"https:\/\/www.radiopiu.net\/wordpress\/wp-content\/uploads\/2024\/06\/taibon-framont-san-lucano2-300x225.jpg 300w, https:\/\/www.radiopiu.net\/wordpress\/wp-content\/uploads\/2024\/06\/taibon-framont-san-lucano2-1024x768.jpg 1024w, https:\/\/www.radiopiu.net\/wordpress\/wp-content\/uploads\/2024\/06\/taibon-framont-san-lucano2-768x576.jpg 768w, https:\/\/www.radiopiu.net\/wordpress\/wp-content\/uploads\/2024\/06\/taibon-framont-san-lucano2-1536x1152.jpg 1536w, https:\/\/www.radiopiu.net\/wordpress\/wp-content\/uploads\/2024\/06\/taibon-framont-san-lucano2.jpg 1600w\" sizes=\"auto, (max-width: 300px) 100vw, 300px\" \/><\/a>\n\t\t\t\t<\/dt><\/dl><dl class='gallery-item'>\n\t\t\t\t<dt class='gallery-icon portrait'>\n\t\t\t\t\t<a class=\"rollover rollover-zoom dt-pswp-item\" title=\"taibon framont san lucano(3)\" data-dt-img-description=\"\" data-large_image_width=\"1200\" data-large_image_height=\"1600\"href='https:\/\/www.radiopiu.net\/wordpress\/wp-content\/uploads\/2024\/06\/taibon-framont-san-lucano3.jpg'><img loading=\"lazy\" decoding=\"async\" width=\"225\" height=\"300\" src=\"https:\/\/www.radiopiu.net\/wordpress\/wp-content\/uploads\/2024\/06\/taibon-framont-san-lucano3-225x300.jpg\" class=\"attachment-medium size-medium\" alt=\"\" srcset=\"https:\/\/www.radiopiu.net\/wordpress\/wp-content\/uploads\/2024\/06\/taibon-framont-san-lucano3-225x300.jpg 225w, https:\/\/www.radiopiu.net\/wordpress\/wp-content\/uploads\/2024\/06\/taibon-framont-san-lucano3-768x1024.jpg 768w, https:\/\/www.radiopiu.net\/wordpress\/wp-content\/uploads\/2024\/06\/taibon-framont-san-lucano3-1152x1536.jpg 1152w, https:\/\/www.radiopiu.net\/wordpress\/wp-content\/uploads\/2024\/06\/taibon-framont-san-lucano3.jpg 1200w\" sizes=\"auto, (max-width: 225px) 100vw, 225px\" \/><\/a>\n\t\t\t\t<\/dt><\/dl><br style=\"clear: both\" \/>\n\t\t\t<\/div>\n\n<p>&nbsp;<\/p>\n<hr \/>\n<p>&nbsp;<\/p>\n<p><em><span style=\"color: #ff0000;\">ATTENZIONE: LA NUOVA APP PER IOS-IPHONE di Nicola Vettorello <\/span><\/em><a href=\"https:\/\/apps.apple.com\/it\/app\/radio-pi%C3%B9-emittente-agordina\/id1515939845\">https:\/\/apps.apple.com\/it\/app\/radio-pi%C3%B9-emittente-agordina\/id1515939845<\/a><\/p>\n<p><em style=\"color: #ff0000;\">ATTENZIONE: LA NUOVA APP RADIO\u00a0 PER ANDROID di Nicola Vettorello<\/em><\/p>\n<p><a href=\"https:\/\/play.google.com\/store\/apps\/details?id=net.radiopiu.iniko\" target=\"_blank\" rel=\"noopener noreferrer\">https:\/\/play.google.com\/store\/apps\/details?id=net.radiopiu.iniko\u00a0\u00a0\u00a0<\/a><\/p>\n<p>&nbsp;<\/p>\n<p>&nbsp;<\/p>\n<hr \/>\n<p>&nbsp;<\/p>\n<p><strong class=\"photoswipe-wrapper\"><span style=\"color: #ff0000;\"><a class=\"dt-pswp-item\" href=\"https:\/\/www.radiopiu.net\/wordpress\/wp-content\/uploads\/2019\/12\/1236827_10205459850482519_3300730022538887559_n.jpg\" data-dt-img-description=\"\" data-large_image_width=\"800\" data-large_image_height=\"600\"><img loading=\"lazy\" decoding=\"async\" class=\" wp-image-109180 alignleft\" src=\"https:\/\/www.radiopiu.net\/wordpress\/wp-content\/uploads\/2019\/12\/1236827_10205459850482519_3300730022538887559_n-300x225.jpg\" alt=\"\" width=\"247\" height=\"185\" srcset=\"https:\/\/www.radiopiu.net\/wordpress\/wp-content\/uploads\/2019\/12\/1236827_10205459850482519_3300730022538887559_n-300x225.jpg 300w, https:\/\/www.radiopiu.net\/wordpress\/wp-content\/uploads\/2019\/12\/1236827_10205459850482519_3300730022538887559_n-768x576.jpg 768w, https:\/\/www.radiopiu.net\/wordpress\/wp-content\/uploads\/2019\/12\/1236827_10205459850482519_3300730022538887559_n.jpg 800w\" sizes=\"auto, (max-width: 247px) 100vw, 247px\" \/><\/a>OGGI ALLA RADIO<\/span><\/strong>:\u00a0<strong>ALLE 6.15 <\/strong>PIROLE DE LENGA, CON IL MUSLA\u00a0\u00a0<strong>ALLE 7.20<\/strong>\u00a0EL BAL DEL FIOR, DETTI E TRADIZIONI DI GIULIANA DA RONCH;\u00a0<strong>ALLE 8.20\u00a0<\/strong>PIU&#8217; SIAMO ESTATE DI MARINA DONA&#8217;\u00a0 <strong>9.00<\/strong>\u00a0 premier le novit\u00e0 delle settimana di Marco Gaz e Ottanta le selezioni di Monica Fontanive\u00a0 <strong>9.30\u00a0<\/strong>VIABILITA\u2019 Botol_Car <strong>10.10<\/strong> ZAINO DA VIAGGIO AL FEMMINILE DI PAOLA LANCIATO\u00a0 <span style=\"color: #0000ff;\"><strong><span style=\"color: #000000;\">10.30\u00a0<\/span><\/strong><span style=\"color: #000000;\">\u00a0 speciale FALCADE con Mauro Salvaterra, Flavio Murer e Fulvio Valt, seconda parte. <\/span><span style=\"color: #000000;\">\u00a0<\/span><\/span><strong>11.10 <\/strong>LA STORIA DEL FESTIVALBAR RACCONTATA DA MIRCO BENCIVENN<strong>I <\/strong>\u00a0\u00a0<strong>12.00\u00a0<\/strong>VA TUTTO LISCIO\u00a0<strong>12.30\u00a0<\/strong>GIORNALE RADIO EDIZIONE PRINCIPALE <strong>13.10<\/strong> SPECIALE\u00a0 con l&#8217;associazione cacciatori di Agordo e il centro estivo <strong>13.20<\/strong> TRE PEZZI ESTIVI DI MARINA DONA&#8217; <strong>14.00\u00a0<\/strong> golden classic, il programma di Marco Edelvais <strong>15.00\u00a0<\/strong>\u00a0 \u00a0week end.. Marina c&#8217;e&#8217;\u00a0 <strong>1<\/strong><strong>6.00\u00a0<\/strong>IL ROCK DI MARCO COSTANTINI <strong>16.45\u00a0<\/strong>LE HIT DI MIRCO BENCIVENNI\u00a0 <strong>19\u00a0<\/strong>ANTICIPAZIONI DAL TG DI ANTENNA 3<\/p>\n<p><strong>DOMANI DALLE 15.00 DIRETTA RADIO&#8230;. DALLA MOSTRA DELL&#8217;ARTIGIANATO DI FELTRE CON LA SQUADRA DI RADIO PIU&#8217;&#8230;. REGIA GIANFRANCO TOME&#8217;.<\/strong><\/p>\n<p>&nbsp;<\/p>\n<blockquote><p><strong>rassegna stampa nazionale, ogni giorno alle 5 e alle 6 del mattino<\/strong><br \/>\n<em>giornali locali 7 rassegna stampa flash, 8 rassegna stampa, gr flash alle 10 e alle 11, principale 12.30. Informazione pomerIggio alle 15 (speciale) 16, 17, 18. Giornale radio nazionale: ogni ora dalle 5 del mattino, alle 20 della sera.\u00a0<\/em><\/p><\/blockquote>\n<div class=\"x11i5rnm xat24cr x1mh8g0r x1vvkbs xtlvy1s x126k92a\">\n<div dir=\"auto\">\n<p>&nbsp;<\/p>\n<p>&nbsp;<\/p>\n<hr \/>\n<p>&nbsp;<\/p>\n<p>&nbsp;<\/p>\n<div class=\"x11i5rnm xat24cr x1mh8g0r x1vvkbs xtlvy1s x126k92a\">\n<div dir=\"auto\">\n<p><strong><a class=\"dt-pswp-item\" href=\"https:\/\/www.radiopiu.net\/wordpress\/wp-content\/uploads\/2024\/02\/2d44e751-d8a8-461b-8e22-d8e4e853b032.jpg\" data-dt-img-description=\"\" data-large_image_width=\"1600\" data-large_image_height=\"1200\"><img loading=\"lazy\" decoding=\"async\" class=\"wp-image-373307 alignleft\" src=\"https:\/\/www.radiopiu.net\/wordpress\/wp-content\/uploads\/2024\/02\/2d44e751-d8a8-461b-8e22-d8e4e853b032-300x225.jpg\" alt=\"\" width=\"105\" height=\"79\" srcset=\"https:\/\/www.radiopiu.net\/wordpress\/wp-content\/uploads\/2024\/02\/2d44e751-d8a8-461b-8e22-d8e4e853b032-300x225.jpg 300w, https:\/\/www.radiopiu.net\/wordpress\/wp-content\/uploads\/2024\/02\/2d44e751-d8a8-461b-8e22-d8e4e853b032-1024x768.jpg 1024w, https:\/\/www.radiopiu.net\/wordpress\/wp-content\/uploads\/2024\/02\/2d44e751-d8a8-461b-8e22-d8e4e853b032-768x576.jpg 768w, https:\/\/www.radiopiu.net\/wordpress\/wp-content\/uploads\/2024\/02\/2d44e751-d8a8-461b-8e22-d8e4e853b032-1536x1152.jpg 1536w, https:\/\/www.radiopiu.net\/wordpress\/wp-content\/uploads\/2024\/02\/2d44e751-d8a8-461b-8e22-d8e4e853b032.jpg 1600w\" sizes=\"auto, (max-width: 105px) 100vw, 105px\" \/><\/a>EL BAL DEL FIOR, DI GIULIANA DA RONCH, 28<\/strong><strong>\u00a0GIUGNO 2024<em>\u00a0<\/em><\/strong><\/p>\n<\/div>\n<\/div>\n<\/div>\n<audio class=\"wp-audio-shortcode\" id=\"audio-396596-1\" preload=\"none\" style=\"width: 100%;\" controls=\"controls\"><source type=\"audio\/mpeg\" src=\"https:\/\/www.radiopiu.net\/wordpress\/wp-content\/uploads\/2024\/06\/GVE-3.m4a?_=1\" \/><a href=\"https:\/\/www.radiopiu.net\/wordpress\/wp-content\/uploads\/2024\/06\/GVE-3.m4a\">https:\/\/www.radiopiu.net\/wordpress\/wp-content\/uploads\/2024\/06\/GVE-3.m4a<\/a><\/audio>\n<p>&nbsp;<\/p>\n<hr \/>\n<p>&nbsp;<\/p>\n<p>&nbsp;<\/p>\n<h1><span style=\"color: #ff0000;\"><a class=\"dt-pswp-item\" href=\"https:\/\/www.radiopiu.net\/wordpress\/wp-content\/uploads\/2024\/06\/th-5.jpg\" data-dt-img-description=\"\" data-large_image_width=\"326\" data-large_image_height=\"180\"><img loading=\"lazy\" decoding=\"async\" class=\"size-medium wp-image-395881 alignleft\" src=\"https:\/\/www.radiopiu.net\/wordpress\/wp-content\/uploads\/2024\/06\/th-5-300x166.jpg\" alt=\"\" width=\"300\" height=\"166\" srcset=\"https:\/\/www.radiopiu.net\/wordpress\/wp-content\/uploads\/2024\/06\/th-5-300x166.jpg 300w, https:\/\/www.radiopiu.net\/wordpress\/wp-content\/uploads\/2024\/06\/th-5.jpg 326w\" sizes=\"auto, (max-width: 300px) 100vw, 300px\" \/><\/a><\/span><\/h1>\n<h1><\/h1>\n<h1><\/h1>\n<h1><span style=\"color: #000000;\">28 giugno&#8230; alla radio l&#8217;almanacco\u00a0<\/span><\/h1>\n<p>&nbsp;<\/p>\n<p>&nbsp;<\/p>\n<audio class=\"wp-audio-shortcode\" id=\"audio-396596-2\" preload=\"none\" style=\"width: 100%;\" controls=\"controls\"><source type=\"audio\/mpeg\" src=\"https:\/\/www.radiopiu.net\/wordpress\/wp-content\/uploads\/2024\/06\/ALMANACCONEW-5.mp3?_=2\" \/><a href=\"https:\/\/www.radiopiu.net\/wordpress\/wp-content\/uploads\/2024\/06\/ALMANACCONEW-5.mp3\">https:\/\/www.radiopiu.net\/wordpress\/wp-content\/uploads\/2024\/06\/ALMANACCONEW-5.mp3<\/a><\/audio>\n<p>&nbsp;<\/p>\n<div dir=\"auto\">\n<hr \/>\n<\/div>\n<\/div>\n<blockquote>\n<blockquote>\n<h1><span style=\"color: #ff0000;\">\u00a0<\/span><\/h1>\n<h1><span style=\"color: #ff0000;\">I podcast informativi del mattino &#8211; audio &#8211;\u00a0\u00a0<\/span><\/h1>\n<\/blockquote>\n<p><strong><a class=\"dt-pswp-item\" href=\"https:\/\/www.radiopiu.net\/wordpress\/wp-content\/uploads\/2023\/11\/th-10.jpg\" data-dt-img-description=\"\" data-large_image_width=\"320\" data-large_image_height=\"180\"><img loading=\"lazy\" decoding=\"async\" class=\"wp-image-362866 alignleft\" src=\"https:\/\/www.radiopiu.net\/wordpress\/wp-content\/uploads\/2023\/11\/th-10-300x169.jpg\" alt=\"\" width=\"185\" height=\"104\" srcset=\"https:\/\/www.radiopiu.net\/wordpress\/wp-content\/uploads\/2023\/11\/th-10-300x169.jpg 300w, https:\/\/www.radiopiu.net\/wordpress\/wp-content\/uploads\/2023\/11\/th-10.jpg 320w\" sizes=\"auto, (max-width: 185px) 100vw, 185px\" \/><\/a>LA RASSEGNA STAMPA NAZIONALE ALLA RADIO, OGNI GIORNO ALLE 5 E ALLE 6 DEL MATTINO <span style=\"color: #0000ff;\">viene pubblicata alle 6.00 <span style=\"color: #ff0000;\">DIRETTA RADIO\u00a0 \u00a0\u00a0<\/span><\/span><\/strong><\/p><\/blockquote>\n<p>&nbsp;<\/p>\n<p><strong>NOTIZIE DELLA NOTTE\u00a0\u00a0<\/strong><\/p>\n<p><strong>Biden<\/strong> e Trump non si stringono la mano, via al duello tv\u00a0 <strong>Wafa,<\/strong> uccisi tre operatori protezione civile in attacco su Gaza\u00a0 <strong>Rutte,<\/strong> &#8220;Meloni grande collega, gestito dossier in modo misurato&#8221;\u00a0 <strong>Macron<\/strong>, &#8220;rispetto per Meloni, Italia Paese amico della Francia&#8221;\u00a0 <strong>Val d&#8217;Aveto <\/strong>Un uomo di 71 anni sepolto da una frana nel Piacentino\u00a0 <strong>Proteste<\/strong> antigovernative <strong>La polizia spara<\/strong> sui dimostranti in Kenya, 25 le vittime\u00a0 <strong>Ucraina<\/strong> L&#8217;Ue firma gli impegni di sicurezza con Kiev<\/p>\n<h2>AUDIO dalle 6 del mattino<\/h2>\n<p>&nbsp;<\/p>\n<p>&nbsp;<\/p>\n<hr \/>\n<p>&nbsp;<\/p>\n<h1 style=\"text-align: center;\"><span style=\"color: #ff0000;\">I podcast informativi del mattino &#8211; audio &#8211;\u00a0<\/span><\/h1>\n<p><strong><a class=\"dt-pswp-item\" href=\"https:\/\/www.radiopiu.net\/wordpress\/wp-content\/uploads\/2023\/12\/images.png\" data-dt-img-description=\"\" data-large_image_width=\"316\" data-large_image_height=\"160\"><img loading=\"lazy\" decoding=\"async\" class=\"wp-image-367008 alignleft\" src=\"https:\/\/www.radiopiu.net\/wordpress\/wp-content\/uploads\/2023\/12\/images-300x152.png\" alt=\"\" width=\"235\" height=\"119\" srcset=\"https:\/\/www.radiopiu.net\/wordpress\/wp-content\/uploads\/2023\/12\/images-300x152.png 300w, https:\/\/www.radiopiu.net\/wordpress\/wp-content\/uploads\/2023\/12\/images.png 316w\" sizes=\"auto, (max-width: 235px) 100vw, 235px\" \/><\/a>OGNI GIORNO ALLE SETTE DEL MATTINO, LA RASSEGNA STAMPA LOCALE FLASH&#8230; PER CHI VA IN FRETTA. I TITOLI DAI GIORNALI E DAL SITO WWW.RADIOPIU.NET <span style=\"color: #0000ff;\">viene pubblicato alle 7.00<\/span> <span style=\"color: #ff0000;\">DIRETTA RADIO\u00a0<\/span><\/strong><\/p>\n<p><em><span style=\"color: #ff0000;\">per chi va in fretta&#8230; tante notizie in pochi minuti. L&#8217;informazione locale alla radio, ogni ora dalle 7 del mattino alle 19 della sera.\u00a0 <\/span><\/em><\/p>\n<h1>AUDIO dalle 7 del mattino<\/h1>\n<p>&nbsp;<\/p>\n<p>&nbsp;<\/p>\n<hr \/>\n<p>&nbsp;<\/p>\n<h1><\/h1>\n<h1 style=\"text-align: center;\"><span style=\"color: #ff0000;\"><a class=\"dt-pswp-item\" href=\"https:\/\/www.radiopiu.net\/wordpress\/wp-content\/uploads\/2022\/01\/026c3f9d-dae9-4040-a3c1-a6530231bcc3.jpg\" data-dt-img-description=\"\" data-large_image_width=\"1152\" data-large_image_height=\"2048\"><img loading=\"lazy\" decoding=\"async\" class=\"wp-image-251839 alignleft\" src=\"https:\/\/www.radiopiu.net\/wordpress\/wp-content\/uploads\/2022\/01\/026c3f9d-dae9-4040-a3c1-a6530231bcc3-169x300.jpg\" alt=\"\" width=\"100\" height=\"177\" srcset=\"https:\/\/www.radiopiu.net\/wordpress\/wp-content\/uploads\/2022\/01\/026c3f9d-dae9-4040-a3c1-a6530231bcc3-169x300.jpg 169w, https:\/\/www.radiopiu.net\/wordpress\/wp-content\/uploads\/2022\/01\/026c3f9d-dae9-4040-a3c1-a6530231bcc3-576x1024.jpg 576w, https:\/\/www.radiopiu.net\/wordpress\/wp-content\/uploads\/2022\/01\/026c3f9d-dae9-4040-a3c1-a6530231bcc3-768x1365.jpg 768w, https:\/\/www.radiopiu.net\/wordpress\/wp-content\/uploads\/2022\/01\/026c3f9d-dae9-4040-a3c1-a6530231bcc3-864x1536.jpg 864w, https:\/\/www.radiopiu.net\/wordpress\/wp-content\/uploads\/2022\/01\/026c3f9d-dae9-4040-a3c1-a6530231bcc3.jpg 1152w\" sizes=\"auto, (max-width: 100px) 100vw, 100px\" \/><\/a>I podcast informativi del mattino &#8211; audio &#8211;\u00a0<\/span><\/h1>\n<blockquote><p><strong>GIORNALE RADIO NAZIONALE, EDIZIONE DELLE SETTE <span style=\"color: #0000ff;\">viene pubblicato alle 7.05 <span style=\"color: #ff0000;\">DIRETTA RADIO\u00a0<\/span><\/span><\/strong><\/p><\/blockquote>\n<h1><strong>il giornale radionazionale e&#8217; in onda ogni ora, dalle sette del mattino alle venti della sera\u00a0 \u00a0<\/strong><strong>\u00a0<\/strong><\/h1>\n<p>&nbsp;<\/p>\n<p><strong>Roma<\/strong> La sentenza Uccisa sul Gra, camionista condannato ad 8 anni\u00a0 <strong>Pescara<\/strong> Il delitto di\u00a0 Thomas,\u00a0 morto per lesioni ai polmoni\u00a0 <strong>Taranto<\/strong> Maltrattamenti e abusi su una nave della Marina, in 3 rischiano il processo\u00a0 \u00a0<strong>Meningite<\/strong> scambiata per un mal di testa, a giudizio 3 medici Processo nel 2025. I genitori della vittima: &#8216;Le diedero un antidolorifico&#8217;\u00a0 <strong>Trento<\/strong> Traffico di anabolizzanti, sette arresti del Nas\u00a0 <strong>Napoli<\/strong> Due giovani feriti a colpi di pistola\u00a0 uno \u00e8 grave\u00a0 <strong>Siracusa<\/strong> Tragedia al campo estivo, bimbo cade nel pozzo e muore\u00a0 <strong>Avellino<\/strong> Schiacciato dal tavolo, bimbo muore mentre gioca in cortile Aveva otto anni <strong>Meteo<\/strong> Ondata di caldo, bollino arancione in 17 citt\u00e0 e 40 gradi\u00a0 <strong>Modena<\/strong> La denuncia\u00a0 &#8216;Affitto negato perch\u00e9 gay&#8217;<\/p>\n<h2>AUDIO dalle 7 del mattino<\/h2>\n<p>&nbsp;<\/p>\n<p>&nbsp;<\/p>\n<hr \/>\n<p>&nbsp;<\/p>\n<p>&nbsp;<\/p>\n<h1><span style=\"color: #ff0000;\">I podcast informativi del mattino &#8211; video &#8211;\u00a0<\/span><\/h1>\n<h2><strong><a class=\"dt-pswp-item\" href=\"https:\/\/www.radiopiu.net\/wordpress\/wp-content\/uploads\/2023\/12\/th-10.jpg\" data-dt-img-description=\"\" data-large_image_width=\"245\" data-large_image_height=\"180\"><img loading=\"lazy\" decoding=\"async\" class=\" wp-image-367395 alignleft\" src=\"https:\/\/www.radiopiu.net\/wordpress\/wp-content\/uploads\/2023\/12\/th-10.jpg\" alt=\"\" width=\"166\" height=\"122\" \/><\/a>RASSEGNA STAMPA LOCALE, ORE OTTO 05<\/strong><\/h2>\n<h2><strong> <span style=\"color: #0000ff;\">viene\u00a0 <\/span><\/strong><strong><span style=\"color: #0000ff;\">pubblicata alle 8.05 <span style=\"color: #ff0000;\">DIRETTA RADIO\u00a0\u00a0<\/span><\/span><\/strong><\/h2>\n<p><strong>DI MIRKO MEZZACASA\u00a0 \u00a0<\/strong><button class=\"rounded-lg text-token-text-secondary hover:bg-token-main-surface-secondary\"><\/button><\/p>\n<p><strong>OGGI SUL Corriere delle Alpi E NOTIZIARI DI Radio Pi\u00f9<\/strong><\/p>\n<p>&nbsp;<\/p>\n<h2>AUDIO dalle 8 del mattino &#8211; diretta radio su tutti i canali &#8211;<\/h2>\n<p><a class=\"dt-pswp-item\" href=\"https:\/\/www.radiopiu.net\/wordpress\/wp-content\/uploads\/2024\/06\/copertina-6.png\" data-dt-img-description=\"\" data-large_image_width=\"519\" data-large_image_height=\"328\"><img loading=\"lazy\" decoding=\"async\" class=\"size-medium wp-image-396726 aligncenter\" src=\"https:\/\/www.radiopiu.net\/wordpress\/wp-content\/uploads\/2024\/06\/copertina-6-300x190.png\" alt=\"\" width=\"300\" height=\"190\" srcset=\"https:\/\/www.radiopiu.net\/wordpress\/wp-content\/uploads\/2024\/06\/copertina-6-300x190.png 300w, https:\/\/www.radiopiu.net\/wordpress\/wp-content\/uploads\/2024\/06\/copertina-6.png 519w\" sizes=\"auto, (max-width: 300px) 100vw, 300px\" \/><\/a><\/p>\n<p>&nbsp;<\/p>\n<hr \/>\n<p>&nbsp;<\/p>\n<p>&nbsp;<\/p>\n<p><strong><a class=\"dt-pswp-item\" href=\"https:\/\/www.radiopiu.net\/wordpress\/wp-content\/uploads\/2023\/12\/ANTENNA.png\" data-dt-img-description=\"\" data-large_image_width=\"300\" data-large_image_height=\"166\"><img loading=\"lazy\" decoding=\"async\" class=\" wp-image-366306 alignleft\" src=\"https:\/\/www.radiopiu.net\/wordpress\/wp-content\/uploads\/2023\/12\/ANTENNA.png\" alt=\"\" width=\"175\" height=\"97\" \/><\/a>IERI SERA, DAL TG DI ANTENNA 3, ogni sera alle 19 le anticipazioni alla radio, quello che poi seguirete nel TELEGIORNALE BELLUNESE\u00a0 in onda alle 19.30 sul CANALE 10 del digitale terrestre.\u00a0\u00a0<\/strong><\/p>\n<p>&nbsp;<\/p>\n<p><span style=\"color: #ff0000;\"><strong>\u00a0IERI SERA ALLA RADIO&#8230; LE ANTICIPAZIONI DI\u00a0 TIZIANA BOLOGNANI\u00a0<\/strong><\/span><\/p>\n<audio class=\"wp-audio-shortcode\" id=\"audio-396596-3\" preload=\"none\" style=\"width: 100%;\" controls=\"controls\"><source type=\"audio\/mpeg\" src=\"https:\/\/www.radiopiu.net\/wordpress\/wp-content\/uploads\/2024\/06\/ANTENNA3-19.mp3?_=3\" \/><a href=\"https:\/\/www.radiopiu.net\/wordpress\/wp-content\/uploads\/2024\/06\/ANTENNA3-19.mp3\">https:\/\/www.radiopiu.net\/wordpress\/wp-content\/uploads\/2024\/06\/ANTENNA3-19.mp3<\/a><\/audio>\n<p>&nbsp;<\/p>\n<hr \/>\n<p>&nbsp;<\/p>\n<blockquote>\n<h3>GOSALDO E LIVINALLONGO: ACQUA INQUINATA<\/h3>\n<\/blockquote>\n<p><strong><img loading=\"lazy\" decoding=\"async\" class=\"alignleft\" src=\"https:\/\/www.radiopiu.net\/wordpress\/wp-content\/uploads\/2024\/05\/cantiere-municipio-Livinallongo-scaled.jpg\" width=\"231\" height=\"104\" \/><\/strong><b><\/b><\/p>\n<p><strong>GOSALDO<\/strong> in localit\u00e0 VALLASIN l&#8217;acqua erogata dall&#8217;acquedotto non \u00e8 potabile e pu\u00f2 essere usata per scopi alimentari SOLO PREVIA bollitura.<\/p>\n<p><strong>LIVINALLONGO<\/strong> Gestione Servizi Pubblici informa che a LIVINALLONGO DEL COL DI LANA in localit\u00e0 VARDA l&#8217;acqua erogata dall&#8217;acquedotto \u00e8 di nuovo potabile e pu\u00f2 essere usata, quindi, per scopi alimentari. Nelle localit\u00e0 COLLAZ e LARZONEI l&#8217;acqua erogata dall&#8217;acquedotto non \u00e8 potabile e pu\u00f2 essere usata per scopi alimentari SOLO PREVIA bollitura. GSP ha, comunque, gi\u00e0 adottato le necessarie misure per la disinfezione dell&#8217;acqua presente nei serbatoi e nella rete idrica con l&#8217;aggiunta di cloro.<\/p>\n<p>&nbsp;<\/p>\n<blockquote>\n<h3>VIABILITA&#8217; A CAVIOLA, CHIUSURA PROROGATA FINO AL 28 GIUGNO<\/h3>\n<\/blockquote>\n<p><strong>FALCADE<\/strong> Si allungano i tempi dei lavori a Caviola di Falcade. La chiusura della strada che va da Via Trento al centro abitato di Caviola \u00e8 stata prorogata fino al 28 giugno<\/p>\n<p>&nbsp;<\/p>\n<hr \/>\n<p>&nbsp;<\/p>\n<blockquote>\n<h3>ESSILORLUXOTTICA RENDE OMAGGIO A LEONARDO DEL VECCHIO CON UNA PIETRA DI DOLOMIA ALLO STABILIMENTO DI AGORDO<\/h3>\n<\/blockquote>\n\n\t\t\t<style type='text\/css'>\n\t\t\t\t#gallery-2 {\n\t\t\t\t\tmargin: auto;\n\t\t\t\t}\n\t\t\t\t#gallery-2 .gallery-item {\n\t\t\t\t\tfloat: left;\n\t\t\t\t\tmargin-top: 10px;\n\t\t\t\t\ttext-align: center;\n\t\t\t\t\twidth: 100%;\n\t\t\t\t}\n\t\t\t\t#gallery-2 img {\n\t\t\t\t\tborder: 2px solid #cfcfcf;\n\t\t\t\t}\n\t\t\t\t#gallery-2 .gallery-caption {\n\t\t\t\t\tmargin-left: 0;\n\t\t\t\t}\n\t\t\t\t\/* see gallery_shortcode() in wp-includes\/media.php *\/\n\t\t\t<\/style>\n\t\t<div id='gallery-2' class='dt-gallery-container gallery galleryid-396596 gallery-columns-1 gallery-size-large'><dl class='gallery-item'>\n\t\t\t\t<dt class='gallery-icon landscape'>\n\t\t\t\t\t<a class=\"rollover rollover-zoom dt-pswp-item\" title=\"Pietra Dolomia FM LF\" data-dt-img-description=\"\" data-large_image_width=\"2560\" data-large_image_height=\"1707\"href='https:\/\/www.radiopiu.net\/wordpress\/wp-content\/uploads\/2024\/06\/Pietra-Dolomia-FM-LF-scaled.jpg'><img loading=\"lazy\" decoding=\"async\" width=\"1024\" height=\"683\" src=\"https:\/\/www.radiopiu.net\/wordpress\/wp-content\/uploads\/2024\/06\/Pietra-Dolomia-FM-LF-1024x683.jpg\" class=\"attachment-large size-large\" alt=\"\" srcset=\"https:\/\/www.radiopiu.net\/wordpress\/wp-content\/uploads\/2024\/06\/Pietra-Dolomia-FM-LF-1024x683.jpg 1024w, https:\/\/www.radiopiu.net\/wordpress\/wp-content\/uploads\/2024\/06\/Pietra-Dolomia-FM-LF-300x200.jpg 300w, https:\/\/www.radiopiu.net\/wordpress\/wp-content\/uploads\/2024\/06\/Pietra-Dolomia-FM-LF-768x512.jpg 768w, https:\/\/www.radiopiu.net\/wordpress\/wp-content\/uploads\/2024\/06\/Pietra-Dolomia-FM-LF-1536x1024.jpg 1536w, https:\/\/www.radiopiu.net\/wordpress\/wp-content\/uploads\/2024\/06\/Pietra-Dolomia-FM-LF-2048x1365.jpg 2048w\" sizes=\"auto, (max-width: 1024px) 100vw, 1024px\" \/><\/a>\n\t\t\t\t<\/dt><\/dl><br style=\"clear: both\" \/>\n\t\t\t<\/div>\n\n<p>&nbsp;<\/p>\n<p><strong><a class=\"dt-pswp-item\" href=\"https:\/\/www.radiopiu.net\/wordpress\/wp-content\/uploads\/2024\/06\/cf8cea77-7455-403e-8b27-c95c1116932f.jpg\" data-dt-img-description=\"\" data-large_image_width=\"1600\" data-large_image_height=\"1066\"><img loading=\"lazy\" decoding=\"async\" class=\"size-medium wp-image-396675 alignleft\" src=\"https:\/\/www.radiopiu.net\/wordpress\/wp-content\/uploads\/2024\/06\/cf8cea77-7455-403e-8b27-c95c1116932f-300x200.jpg\" alt=\"\" width=\"300\" height=\"200\" srcset=\"https:\/\/www.radiopiu.net\/wordpress\/wp-content\/uploads\/2024\/06\/cf8cea77-7455-403e-8b27-c95c1116932f-300x200.jpg 300w, https:\/\/www.radiopiu.net\/wordpress\/wp-content\/uploads\/2024\/06\/cf8cea77-7455-403e-8b27-c95c1116932f-1024x682.jpg 1024w, https:\/\/www.radiopiu.net\/wordpress\/wp-content\/uploads\/2024\/06\/cf8cea77-7455-403e-8b27-c95c1116932f-768x512.jpg 768w, https:\/\/www.radiopiu.net\/wordpress\/wp-content\/uploads\/2024\/06\/cf8cea77-7455-403e-8b27-c95c1116932f-1536x1023.jpg 1536w, https:\/\/www.radiopiu.net\/wordpress\/wp-content\/uploads\/2024\/06\/cf8cea77-7455-403e-8b27-c95c1116932f.jpg 1600w\" sizes=\"auto, (max-width: 300px) 100vw, 300px\" \/><\/a>AGORDO\u00a0 <\/strong>A due anni dalla scomparsa di Leonardo Del Vecchio, EssilorLuxottica ha voluto ricordare l\u2019uomo e l\u2019imprenditore svelando una imponente pietra dolomia alla sua memoria. Questo significativo omaggio \u00e8 stato posto ad Agordo, luogo simbolo per l\u2019azienda poich\u00e9 \u00e8 qui che Del Vecchio fond\u00f2 la sua azienda oltre 60 anni fa. Questo sito rappresenta il cuore pulsante dell\u2019azienda, situato all\u2019interno del principale stabilimento del Gruppo, dove migliaia di persone transitano ogni giorno per lavorare nei reparti produttivi e non. La scelta di questo luogo per la pietra commemorativa riflette sia l\u2019importanza geografica sia quella simbolica, sottolineando le radici profonde e solide di EssilorLuxottica. Il nome di Leonardo Del Vecchio, da oggi \u00e8 inciso nella roccia, rappresenta un legame indissolubile con le montagne che tanto amava e considerava casa sua. Questa presenza tangibile rafforza il suo ricordo e i suoi insegnamenti, che rimarranno per sempre vivi in questo luogo e nell\u2019azienda che ha costruito. La cerimonia si \u00e8 svolta alla presenza del Presidente e Amministratore Delegato Francesco Milleri, del Cavalier Luigi Francavilla e il management aziendale. Don Cesare Larese De Pol, arcidiacono di Agordo, ha reso omaggio a Del Vecchio, ricordandone ancora una volta la personalit\u00e0 unica e la visione straordinaria. Del Vecchio \u00e8 stato celebrato come un vero visionario, che ha sempre dimostrato in modo tangibile il suo profondo legame con il territorio bellunese.<\/p>\n<p>&nbsp;<\/p>\n<p>&nbsp;<\/p>\n<hr \/>\n<p>&nbsp;<\/p>\n<blockquote>\n<h2>ARRESTO A BELLUNO, PER RAPINA E TENTATA ESTORSIONE<\/h2>\n<\/blockquote>\n<p><strong><img loading=\"lazy\" decoding=\"async\" class=\"alignleft\" src=\"https:\/\/www.radiopiu.net\/wordpress\/wp-content\/uploads\/2023\/12\/polizia.png\" width=\"294\" height=\"225\" \/>BELLUNO<\/strong> La Squadra Mobile di Belluno ha eseguito un&#8217;ordinanza cautelare coercitiva emessa dal Giudice per le Indagini Preliminari del Tribunale di Belluno, su richiesta della locale Procura della Repubblica, nei confronti di M.M., un diciannovenne. L&#8217;indagine condotta dalla 3^ sezione della Squadra Mobile ha portato all&#8217;accusa del giovane per i reati di rapina e tentata estorsione. Il 2 maggio scorso, M.M., in <a class=\"dt-pswp-item\" href=\"https:\/\/www.radiopiu.net\/wordpress\/wp-content\/uploads\/2024\/06\/Senza-nome-78.png\" data-dt-img-description=\"\" data-large_image_width=\"678\" data-large_image_height=\"504\"><img loading=\"lazy\" decoding=\"async\" class=\" wp-image-396661 alignright\" src=\"https:\/\/www.radiopiu.net\/wordpress\/wp-content\/uploads\/2024\/06\/Senza-nome-78-300x223.png\" alt=\"\" width=\"204\" height=\"152\" srcset=\"https:\/\/www.radiopiu.net\/wordpress\/wp-content\/uploads\/2024\/06\/Senza-nome-78-300x223.png 300w, https:\/\/www.radiopiu.net\/wordpress\/wp-content\/uploads\/2024\/06\/Senza-nome-78.png 678w\" sizes=\"auto, (max-width: 204px) 100vw, 204px\" \/><\/a>concorso con altri coetanei, ha accerchiato un sedicenne davanti alla stazione ferroviaria di Belluno, impedendogli di allontanarsi e costringendolo con minacce di percosse a togliersi le scarpe e consegnarle. La vittima \u00e8 stata costretta a tornare a casa scalza, nonostante la pioggia. Nei giorni successivi, M.M. ha continuato a vessare la vittima, contattandola via WhatsApp e chiedendole 50\u20ac, affermando falsamente che il denaro gli fosse stato sottratto. Minacciava azioni ritorsive per costringere la vittima a incontrarlo e consegnare i soldi. All&#8217;incontro si sono presentati i poliziotti, che hanno portato M.M. in Questura, segnalandolo all&#8217;Autorit\u00e0 Giudiziaria. Le investigazioni hanno permesso di ricostruire l&#8217;intera vicenda, evidenziando le responsabilit\u00e0 e la pericolosit\u00e0 dell&#8217;autore, portando all&#8217;emissione del provvedimento cautelare da parte del GIP.<\/p>\n<p>&nbsp;<\/p>\n<p>&nbsp;<\/p>\n<blockquote>\n<h2>Dopo la tragedia di Udine e la rapina in citt\u00e0<\/h2>\n<\/blockquote>\n<p><strong>\u00a0BABY GANG,<\/strong> \u00a0il presidente del Veneto Luca Zaia chiede una legge specifica per arginare il fenomeno delle bande giovanili che stanno provocando gravi problemi in tutto il Nord Est. E anche a Belluno si registrano casi di giovani bulli che hanno accerchiato e rapinato un ragazzo in stazione.<\/p>\n<p>&nbsp;<\/p>\n<p><iframe loading=\"lazy\" title=\"$R9TW90X\" width=\"1200\" height=\"675\" src=\"https:\/\/www.youtube.com\/embed\/O8-tZOM93ZA?feature=oembed\" frameborder=\"0\" allow=\"accelerometer; autoplay; clipboard-write; encrypted-media; gyroscope; picture-in-picture; web-share\" referrerpolicy=\"strict-origin-when-cross-origin\" allowfullscreen><\/iframe><\/p>\n<p>&nbsp;<\/p>\n<p>&nbsp;<\/p>\n<hr \/>\n<h3><\/h3>\n<h3><a class=\"dt-pswp-item\" href=\"https:\/\/www.radiopiu.net\/wordpress\/wp-content\/uploads\/2024\/01\/POSTE-ITALIANE.png\" data-dt-img-description=\"\" data-large_image_width=\"400\" data-large_image_height=\"400\"><img loading=\"lazy\" decoding=\"async\" class=\"wp-image-370478 alignleft\" src=\"https:\/\/www.radiopiu.net\/wordpress\/wp-content\/uploads\/2024\/01\/POSTE-ITALIANE-300x300.png\" alt=\"\" width=\"124\" height=\"124\" srcset=\"https:\/\/www.radiopiu.net\/wordpress\/wp-content\/uploads\/2024\/01\/POSTE-ITALIANE-300x300.png 300w, https:\/\/www.radiopiu.net\/wordpress\/wp-content\/uploads\/2024\/01\/POSTE-ITALIANE-150x150.png 150w, https:\/\/www.radiopiu.net\/wordpress\/wp-content\/uploads\/2024\/01\/POSTE-ITALIANE.png 400w\" sizes=\"auto, (max-width: 124px) 100vw, 124px\" \/><\/a>DILLO A RADIO PIU&#8217;&#8230;. SERVIZIO (?)\u00a0 NEL CAPOLUOGO?<\/h3>\n<p><strong>REDAZIONE<\/strong> Nei giorni in cui la redazione \u00e8 invasa dai comunicati stampa di Poste Italiane che &#8220;strombazzano&#8221; i progetti Polis da un punto all&#8217;altro della provincia, ad Agordo la realt\u00e0 \u00e8 un&#8217;altra, altro che complimenti agli uomini che dirigono le Poste&#8230;. <strong>IERI <\/strong>L&#8217;ufficio di Taibon chiuso per lavori e ad\u00a0 Agordo nel piccolo camper all&#8217;aperto disagi per la mancanza della corrente elettrica.<\/p>\n<p>attendere la fine dei lavori ad Agordo prima di iniziare a Taibon era chiedere troppo nel rispetto del &#8220;suddito&#8221;&#8230; Poste Italiane&#8230;..?<\/p>\n<p>&nbsp;<\/p>\n<hr \/>\n<p>&nbsp;<\/p>\n<blockquote>\n<h3>CARCERI: 19 NUOVI AGENTI PER BELLUNO E TREVISO<\/h3>\n<\/blockquote>\n<p><strong><a class=\"dt-pswp-item\" href=\"https:\/\/www.radiopiu.net\/wordpress\/wp-content\/uploads\/2019\/05\/De-Carlo-Visita-carcere-Baldenich.jpg\" data-dt-img-description=\"\" data-large_image_width=\"4032\" data-large_image_height=\"3024\"><img loading=\"lazy\" decoding=\"async\" class=\" wp-image-85082 alignleft\" src=\"https:\/\/www.radiopiu.net\/wordpress\/wp-content\/uploads\/2019\/05\/De-Carlo-Visita-carcere-Baldenich-300x225.jpg\" alt=\"\" width=\"144\" height=\"108\" srcset=\"https:\/\/www.radiopiu.net\/wordpress\/wp-content\/uploads\/2019\/05\/De-Carlo-Visita-carcere-Baldenich-300x225.jpg 300w, https:\/\/www.radiopiu.net\/wordpress\/wp-content\/uploads\/2019\/05\/De-Carlo-Visita-carcere-Baldenich-768x576.jpg 768w, https:\/\/www.radiopiu.net\/wordpress\/wp-content\/uploads\/2019\/05\/De-Carlo-Visita-carcere-Baldenich-1024x768.jpg 1024w\" sizes=\"auto, (max-width: 144px) 100vw, 144px\" \/><\/a>ROMA<\/strong> Il Governo continua a migliorare la sicurezza e la legalit\u00e0 nelle carceri italiane. Con la fine del 183\u00b0 Corso Allievi della Polizia Penitenziaria, 1704 nuovi agenti sono stati assegnati agli istituti penitenziari. Tra questi, 8 agenti andranno alla Casa Circondariale di Belluno e 11 all&#8217;Istituto Penale per Minorenni di Treviso. Il Sottosegretario alla Giustizia, Andrea Delmastro, sottolinea che questi nuovi agenti miglioreranno le condizioni lavorative nelle carceri, rispondendo ai problemi derivati da anni di negligenza dei precedenti governi. Il senatore Luca De Carlo, Coordinatore regionale di Fratelli d\u2019Italia, esprime gratitudine per l&#8217;operato del Sottosegretario e ribadisce il suo impegno per il territorio.<\/p>\n<p>&nbsp;<\/p>\n<p>&nbsp;<\/p>\n<hr \/>\n<p>&nbsp;<\/p>\n<blockquote>\n<h3>CORTINA, HA LA PEGGIO IL MOTOCICLISTA<\/h3>\n<\/blockquote>\n<p><strong>CORTINA\u00a0<\/strong> Mezzogiorno tra le sirene a Cortina. Ieri all&#8217;ora di pranzo l&#8217;incidente che ha coinvolto un motociclista 58enne di Bolzano ricoverato al pronto soccorso di Cortina conferite di media gravit\u00e0.<\/p>\n<p><strong>CORTINA<\/strong> Un paio d&#8217;ore prima si era invece alzato in volo l&#8217;elicottero Falco per una chiama si soccorso dal Rifugio Faloria. Un sessantenne slovacca di 60 anni \u00e8 stato trasportato al Codivilla di Cortina ma solo per accertamenti<\/p>\n<p><strong>BELLUNO<\/strong> Ieri mattina alle 10 incidente a Belluno, unica ferita in modo lieve un&#8217;anziana di 82anni presa in carico dai sanitari del San Martino<\/p>\n<p>&nbsp;<\/p>\n<hr \/>\n<p>&nbsp;<\/p>\n<p>&nbsp;<\/p>\n<blockquote>\n<h3><a class=\"dt-pswp-item\" href=\"https:\/\/www.radiopiu.net\/wordpress\/wp-content\/uploads\/2024\/06\/Senza-nome-80.png\" data-dt-img-description=\"\" data-large_image_width=\"259\" data-large_image_height=\"327\"><img loading=\"lazy\" decoding=\"async\" class=\"wp-image-396725 alignleft\" src=\"https:\/\/www.radiopiu.net\/wordpress\/wp-content\/uploads\/2024\/06\/Senza-nome-80-238x300.png\" alt=\"\" width=\"94\" height=\"118\" srcset=\"https:\/\/www.radiopiu.net\/wordpress\/wp-content\/uploads\/2024\/06\/Senza-nome-80-238x300.png 238w, https:\/\/www.radiopiu.net\/wordpress\/wp-content\/uploads\/2024\/06\/Senza-nome-80.png 259w\" sizes=\"auto, (max-width: 94px) 100vw, 94px\" \/><\/a>Addio a Nadio Palman, Campione di Bocce<\/h3>\n<\/blockquote>\n<p>&nbsp;<\/p>\n<p><strong>BELLUNO<\/strong> Il mondo delle bocce piange Nadio Palman, morto ieri a 76 anni. Ex dipendente della Standa, era noto per la sua passione e abilit\u00e0 nel gioco delle bocce, tramandata al figlio Andrea.<\/p>\n<p>&nbsp;<\/p>\n<hr \/>\n<p>&nbsp;<\/p>\n<h1 class=\"_title post-title entry-title\"><a class=\"dt-pswp-item\" href=\"https:\/\/www.radiopiu.net\/wordpress\/wp-content\/uploads\/2023\/12\/ANTENNA.png\" data-dt-img-description=\"\" data-large_image_width=\"300\" data-large_image_height=\"166\"><img loading=\"lazy\" decoding=\"async\" class=\"wp-image-366306 alignleft\" src=\"https:\/\/www.radiopiu.net\/wordpress\/wp-content\/uploads\/2023\/12\/ANTENNA.png\" alt=\"\" width=\"186\" height=\"103\" \/><\/a>STRAGE SANTO STEFANO: ANGELIKA HUTTER VORREBBE TORNARE IN GERMANIA<\/h1>\n<p>Intervistati GIUSEPPE TRIOLO (AVVOCATO DIFENSORE ANGELIKA HUTTER) (Servizio di\u00a0<a href=\"https:\/\/antennatre.medianordest.it\/redazione\/Fabio-Fioravanzi\/\">Fabio Fioravanzi<\/a>)<\/p>\n<p>&nbsp;<\/p>\n<p><iframe loading=\"lazy\" title=\"STRAGE SANTO STEFANO: ANGELIKA HUTTER VORREBBE TORNARE IN GERMANIA | 27\/06\/2024\" width=\"1200\" height=\"675\" src=\"https:\/\/www.youtube.com\/embed\/tz8DAcFyrG0?feature=oembed\" frameborder=\"0\" allow=\"accelerometer; autoplay; clipboard-write; encrypted-media; gyroscope; picture-in-picture; web-share\" referrerpolicy=\"strict-origin-when-cross-origin\" allowfullscreen><\/iframe><\/p>\n<p>&nbsp;<\/p>\n<hr \/>\n<p>&nbsp;<\/p>\n<blockquote>\n<h2>Intervento della Protezione Civile a Castelfranco<\/h2>\n<\/blockquote>\n<p><strong><a class=\"dt-pswp-item\" href=\"https:\/\/www.radiopiu.net\/wordpress\/wp-content\/uploads\/2024\/06\/WhatsApp-Image-2024-06-26-at-16.53.26-2.jpeg\" data-dt-img-description=\"\" data-large_image_width=\"1204\" data-large_image_height=\"1600\"><img loading=\"lazy\" decoding=\"async\" class=\"wp-image-396650 alignleft\" src=\"https:\/\/www.radiopiu.net\/wordpress\/wp-content\/uploads\/2024\/06\/WhatsApp-Image-2024-06-26-at-16.53.26-2-226x300.jpeg\" alt=\"\" width=\"139\" height=\"185\" srcset=\"https:\/\/www.radiopiu.net\/wordpress\/wp-content\/uploads\/2024\/06\/WhatsApp-Image-2024-06-26-at-16.53.26-2-226x300.jpeg 226w, https:\/\/www.radiopiu.net\/wordpress\/wp-content\/uploads\/2024\/06\/WhatsApp-Image-2024-06-26-at-16.53.26-2-771x1024.jpeg 771w, https:\/\/www.radiopiu.net\/wordpress\/wp-content\/uploads\/2024\/06\/WhatsApp-Image-2024-06-26-at-16.53.26-2-768x1021.jpeg 768w, https:\/\/www.radiopiu.net\/wordpress\/wp-content\/uploads\/2024\/06\/WhatsApp-Image-2024-06-26-at-16.53.26-2-1156x1536.jpeg 1156w, https:\/\/www.radiopiu.net\/wordpress\/wp-content\/uploads\/2024\/06\/WhatsApp-Image-2024-06-26-at-16.53.26-2.jpeg 1204w\" sizes=\"auto, (max-width: 139px) 100vw, 139px\" \/><\/a>BELLUNO<\/strong> Una decina di volontari bellunesi della Protezione Civile, attivati dalla Regione Veneto, sono in aiuto a Castelfranco, colpita dal maltempo. Provenienti dai gruppi Antelao, comunale di Belluno e Ana Belluno, i volontari operano con strumenti come un\u2019idrovora da 300 metri cubi l&#8217;ora. Massimo Bortoluzzi, consigliere provinciale, ha espresso gratitudine per l\u2019impegno dei volontari e solidariet\u00e0 alle popolazioni colpite, sottolineando l\u2019efficacia del sistema di gestione delle emergenze.<\/p>\n<p>&nbsp;<\/p>\n<p>&nbsp;<\/p>\n<p>&nbsp;<\/p>\n<hr \/>\n<p>&nbsp;<\/p>\n<blockquote>\n<h3>DONAZIONE DISPOSITIVO MEDICO \u201cVIBRAZIONE AD ARIA\u201d<\/h3>\n<\/blockquote>\n<p><strong><a class=\"dt-pswp-item\" href=\"https:\/\/www.radiopiu.net\/wordpress\/wp-content\/uploads\/2024\/06\/WhatsApp-Image-2024-06-27-at-15.28.31.jpeg\" data-dt-img-description=\"\" data-large_image_width=\"2040\" data-large_image_height=\"1530\"><img loading=\"lazy\" decoding=\"async\" class=\" wp-image-396680 alignleft\" src=\"https:\/\/www.radiopiu.net\/wordpress\/wp-content\/uploads\/2024\/06\/WhatsApp-Image-2024-06-27-at-15.28.31-300x225.jpeg\" alt=\"\" width=\"167\" height=\"125\" srcset=\"https:\/\/www.radiopiu.net\/wordpress\/wp-content\/uploads\/2024\/06\/WhatsApp-Image-2024-06-27-at-15.28.31-300x225.jpeg 300w, https:\/\/www.radiopiu.net\/wordpress\/wp-content\/uploads\/2024\/06\/WhatsApp-Image-2024-06-27-at-15.28.31-1024x768.jpeg 1024w, https:\/\/www.radiopiu.net\/wordpress\/wp-content\/uploads\/2024\/06\/WhatsApp-Image-2024-06-27-at-15.28.31-768x576.jpeg 768w, https:\/\/www.radiopiu.net\/wordpress\/wp-content\/uploads\/2024\/06\/WhatsApp-Image-2024-06-27-at-15.28.31-1536x1152.jpeg 1536w, https:\/\/www.radiopiu.net\/wordpress\/wp-content\/uploads\/2024\/06\/WhatsApp-Image-2024-06-27-at-15.28.31.jpeg 2040w\" sizes=\"auto, (max-width: 167px) 100vw, 167px\" \/><\/a>BELLUNO<\/strong> All&#8217;ospedale di Lamon, alla presenza del sindaco Loris Maccagnan, si \u00e8 tenuto il ringraziamento alla Cassa Rurale Valsugana e Tesino per la donazione di uno strumento da 22 mila euro all&#8217;unit\u00e0 operativa di Riabilitazione e Recupero Funzionale diretta da Massimo Ballotta. Il dispositivo per vibrazioni ad aria, innovativo e non invasivo, utilizza vibrazioni meccaniche per trattare patologie ortopediche e neurologiche, ottimizzando il recupero funzionale. Elena Maccagna, dirigente medico, ha sottolineato l&#8217;assenza di controindicazioni della terapia, utile anche in ambito pediatrico. Arnaldo Dandrea, presidente della Cassa Rurale, ha evidenziato l&#8217;importanza dei soci nella cooperativa. Il sindaco Maccagnan e il commissario dell&#8217;Ulss Dolomiti, Giuseppe Dal Ben, hanno espresso gratitudine per la donazione e l&#8217;impegno verso l&#8217;ospedale.<\/p>\n<p>&nbsp;<\/p>\n<p>&nbsp;<\/p>\n<hr \/>\n<p>&nbsp;<\/p>\n<blockquote>\n<h3>I CENTRI DIURNI \u201cLE CASETTE\u201d E MEDAGLIE D\u2019ORO\u201d PARTECIPANO ALLA MOSTRA DELL\u2019ARTIGIANATO DI FELTRE<\/h3>\n<\/blockquote>\n<p><strong><a class=\"dt-pswp-item\" href=\"https:\/\/www.radiopiu.net\/wordpress\/wp-content\/uploads\/2024\/06\/LKAGYLUHQL.png\" data-dt-img-description=\"\" data-large_image_width=\"974\" data-large_image_height=\"607\"><img loading=\"lazy\" decoding=\"async\" class=\" wp-image-396698 alignleft\" src=\"https:\/\/www.radiopiu.net\/wordpress\/wp-content\/uploads\/2024\/06\/LKAGYLUHQL-300x187.png\" alt=\"\" width=\"176\" height=\"110\" srcset=\"https:\/\/www.radiopiu.net\/wordpress\/wp-content\/uploads\/2024\/06\/LKAGYLUHQL-300x187.png 300w, https:\/\/www.radiopiu.net\/wordpress\/wp-content\/uploads\/2024\/06\/LKAGYLUHQL-768x479.png 768w, https:\/\/www.radiopiu.net\/wordpress\/wp-content\/uploads\/2024\/06\/LKAGYLUHQL.png 974w\" sizes=\"auto, (max-width: 176px) 100vw, 176px\" \/><\/a>FELTRE<\/strong> I Centri Diurni per persone con disabilit\u00e0 del distretto di Feltre, \u201cLe casette\u201d e \u201cMedaglie d\u2019oro\u201d, partecipano alla Mostra dell\u2019Artigiano con uno stand al Monte di Piet\u00e0 in Via Paradiso, Feltre. Saranno esposti i lavori realizzati nei laboratori grafico-pittorici espressivi manuali, inclusi quadri e oggetti di stoffa dipinti a mano. Queste attivit\u00e0 educative e riabilitative aiutano a migliorare le competenze comunicative ed espressive dei partecipanti, favorendo la loro autostima e fiducia. La partecipazione alla mostra valorizza e gratifica gli utenti e le loro famiglie, oltre a dare visibilit\u00e0 al Centro nel contesto sociale.<\/p>\n<p>&nbsp;<\/p>\n<p>&nbsp;<\/p>\n<hr \/>\n<p>&nbsp;<\/p>\n<blockquote>\n<h3>I RAGAZZI DEL CENTRO ESTIVO A LEZIONE DAI CACCIATORI<\/h3>\n<\/blockquote>\n<p><strong>REDAZIONE<\/strong> I 27 soci dell&#8217;associazione cacciatori di Agordo non hanno come obiettivo solo un paio di corna da mettere in esposizione. Il loro impegno si dimostra anche attraverso azioni di volontariato per il territorio (pulizia boschi, sfalcio prati&#8230;) e incontro con le generazioni pi\u00f9 giovani. Ieri ad Agordo per esempio, dall&#8217;associazione cacciatori di Belluno \u00e8 infatti salito in via Ceramasse, sede dell&#8217;associazione agordina, Maurizio Barp, il vicepresidente che si \u00e8 intrattenuto con tanti ragazzi e ragazze del centro estivo parlando di animali e ambiente.<\/p>\n<h2>VIDEO OSPITI ANGELO RUMOR presidente ROBERTO CALDART segretario MAURIZIO BARP vice presidente Cacciatori Belluno<\/h2>\n<p><iframe loading=\"lazy\" title=\"CONOSCERE GLI ANIMALI FASTIDIOSI\" width=\"1200\" height=\"675\" src=\"https:\/\/www.youtube.com\/embed\/nMwPNv1HHqg?feature=oembed\" frameborder=\"0\" allow=\"accelerometer; autoplay; clipboard-write; encrypted-media; gyroscope; picture-in-picture; web-share\" referrerpolicy=\"strict-origin-when-cross-origin\" allowfullscreen><\/iframe><\/p>\n<p>&nbsp;<\/p>\n<hr \/>\n<p>&nbsp;<\/p>\n<blockquote>\n<h3>IL 30 GIUGNO APRE IL BORGO DI PALUE A ROCCA PIETORE<\/h3>\n<\/blockquote>\n<p><strong><a class=\"dt-pswp-item\" href=\"https:\/\/www.radiopiu.net\/wordpress\/wp-content\/uploads\/2024\/06\/6fc0c3a5-30df-4f66-94ae-65ce53f5dd6c.jpg\" data-dt-img-description=\"\" data-large_image_width=\"1600\" data-large_image_height=\"1201\"><img loading=\"lazy\" decoding=\"async\" class=\" wp-image-396716 alignleft\" src=\"https:\/\/www.radiopiu.net\/wordpress\/wp-content\/uploads\/2024\/06\/6fc0c3a5-30df-4f66-94ae-65ce53f5dd6c-300x225.jpg\" alt=\"\" width=\"188\" height=\"141\" srcset=\"https:\/\/www.radiopiu.net\/wordpress\/wp-content\/uploads\/2024\/06\/6fc0c3a5-30df-4f66-94ae-65ce53f5dd6c-300x225.jpg 300w, https:\/\/www.radiopiu.net\/wordpress\/wp-content\/uploads\/2024\/06\/6fc0c3a5-30df-4f66-94ae-65ce53f5dd6c-1024x769.jpg 1024w, https:\/\/www.radiopiu.net\/wordpress\/wp-content\/uploads\/2024\/06\/6fc0c3a5-30df-4f66-94ae-65ce53f5dd6c-768x576.jpg 768w, https:\/\/www.radiopiu.net\/wordpress\/wp-content\/uploads\/2024\/06\/6fc0c3a5-30df-4f66-94ae-65ce53f5dd6c-1536x1153.jpg 1536w, https:\/\/www.radiopiu.net\/wordpress\/wp-content\/uploads\/2024\/06\/6fc0c3a5-30df-4f66-94ae-65ce53f5dd6c.jpg 1600w\" sizes=\"auto, (max-width: 188px) 100vw, 188px\" \/><\/a>ROCCA PIETORE<\/strong><\/p>\n<p>DI MARINA DONA&#8217;<\/p>\n<audio class=\"wp-audio-shortcode\" id=\"audio-396596-4\" preload=\"none\" style=\"width: 100%;\" controls=\"controls\"><source type=\"audio\/mpeg\" src=\"https:\/\/www.radiopiu.net\/wordpress\/wp-content\/uploads\/2024\/06\/BORGO-PALUE-APERTURA-30-GIUGNO-SERVIZIO.mp3?_=4\" \/><a href=\"https:\/\/www.radiopiu.net\/wordpress\/wp-content\/uploads\/2024\/06\/BORGO-PALUE-APERTURA-30-GIUGNO-SERVIZIO.mp3\">https:\/\/www.radiopiu.net\/wordpress\/wp-content\/uploads\/2024\/06\/BORGO-PALUE-APERTURA-30-GIUGNO-SERVIZIO.mp3<\/a><\/audio>\n<p>&nbsp;<\/p>\n<hr \/>\n<p>&nbsp;<\/p>\n<blockquote>\n<h3>OSCAR DE BONA RICONFERMATO ALLA GUIDA DELL&#8217;ASSOCIAZIONE BELLUNESI NEL MONDO<\/h3>\n<\/blockquote>\n<p><strong><a class=\"dt-pswp-item\" href=\"https:\/\/www.radiopiu.net\/wordpress\/wp-content\/uploads\/2024\/06\/direttivo_abm_2024.jpeg\" data-dt-img-description=\"\" data-large_image_width=\"1600\" data-large_image_height=\"900\"><img loading=\"lazy\" decoding=\"async\" class=\" wp-image-396669 alignleft\" src=\"https:\/\/www.radiopiu.net\/wordpress\/wp-content\/uploads\/2024\/06\/direttivo_abm_2024-300x169.jpeg\" alt=\"\" width=\"178\" height=\"100\" srcset=\"https:\/\/www.radiopiu.net\/wordpress\/wp-content\/uploads\/2024\/06\/direttivo_abm_2024-300x169.jpeg 300w, https:\/\/www.radiopiu.net\/wordpress\/wp-content\/uploads\/2024\/06\/direttivo_abm_2024-1024x576.jpeg 1024w, https:\/\/www.radiopiu.net\/wordpress\/wp-content\/uploads\/2024\/06\/direttivo_abm_2024-768x432.jpeg 768w, https:\/\/www.radiopiu.net\/wordpress\/wp-content\/uploads\/2024\/06\/direttivo_abm_2024-1536x864.jpeg 1536w, https:\/\/www.radiopiu.net\/wordpress\/wp-content\/uploads\/2024\/06\/direttivo_abm_2024.jpeg 1600w\" sizes=\"auto, (max-width: 178px) 100vw, 178px\" \/><\/a>BELLUNO<\/strong> L&#8217;Associazione Bellunesi nel Mondo ha riconfermato Oscar De Bona come presidente per i prossimi tre anni durante la riunione del Consiglio Direttivo del 26 giugno 2024. Patrizia Burigo \u00e8 stata riconfermata Vice Presidente Vicario, Angelo Paganin Tesoriere, mentre Antonio Dazzi diventa Vice Presidente, succedendo a Rino Budel. Il Comitato Esecutivo si arricchisce con Gioia Sacchet, Ernestina Dalla Corte Lucio e Sara Balcon. De Bona ha annunciato un triennio impegnativo, con il 60\u00b0 anniversario dell&#8217;associazione e della tragedia di Mattmark, e ha sottolineato l&#8217;importanza di contrastare lo spopolamento della provincia di Belluno, promuovere la storia dell\u2019emigrazione bellunese e sviluppare nuovi servizi per gli associati. L&#8217;associazione mira a coinvolgere giovani, nuovi emigranti e discendenti, rafforzando il proprio impegno a livello locale e internazionale.<\/p>\n<p>&nbsp;<\/p>\n<p>&nbsp;<\/p>\n<hr \/>\n<p>&nbsp;<\/p>\n<h1 class=\"_title post-title entry-title\">ESCURSIONISTI IMPREPARATI, IL PRESIDENTE CNSAS VENETO: \u00abCI VUOLE PIU\u2019 RISPETTO\u00bb<\/h1>\n<p>\u2013 Intervistati RODOLFO SELENATI (PRESIDENTE CNSAS VENETO) (Servizio di\u00a0<a href=\"https:\/\/antennatre.medianordest.it\/redazione\/Tiziana-Bolognani\/\">Tiziana Bolognani<\/a>)<\/p>\n<p><iframe loading=\"lazy\" title=\"ESCURSIONISTI IMPREPARATI, IL PRESIDENTE CNSAS VENETO: \u00abCI VUOLE PIU&#039; RISPETTO\u00bb | 27\/06\/2024\" width=\"1200\" height=\"675\" src=\"https:\/\/www.youtube.com\/embed\/f4vK8redtbU?feature=oembed\" frameborder=\"0\" allow=\"accelerometer; autoplay; clipboard-write; encrypted-media; gyroscope; picture-in-picture; web-share\" referrerpolicy=\"strict-origin-when-cross-origin\" allowfullscreen><\/iframe><\/p>\n<p>&nbsp;<\/p>\n<hr \/>\n<p>&nbsp;<\/p>\n<p>&nbsp;<\/p>\n<blockquote>\n<h2>CINQUE STUDENTI DA 100 &#8230; E ANCHE UNA LODE<\/h2>\n<\/blockquote>\n<p><strong><a class=\"dt-pswp-item\" href=\"https:\/\/www.radiopiu.net\/wordpress\/wp-content\/uploads\/2024\/06\/Senza-nome-81.png\" data-dt-img-description=\"\" data-large_image_width=\"288\" data-large_image_height=\"199\"><img loading=\"lazy\" decoding=\"async\" class=\"size-full wp-image-396727 alignleft\" src=\"https:\/\/www.radiopiu.net\/wordpress\/wp-content\/uploads\/2024\/06\/Senza-nome-81.png\" alt=\"\" width=\"288\" height=\"199\" \/><\/a>BELLUNO<\/strong> Scrutini della maturit\u00e0 all&#8217;istituto tecnico economico di Mier. Mirko Avanzi,\u00a0 Gabriele D&#8217;Inc\u00e0, Lorenzo Lotto,\u00a0 Alessia Minotto (foto) e Simone Scagnet hanno raggiunto il massimo.<\/p>\n<p>Mirko Avanzi 100 e lode, Emanuele Balcon 95, Gabriele D&#8217;Inc\u00e0 100, Kayky Augusto Da Silva Meneghelli 66, Davide Dai Pra 60, Lorenzo Lotto 100, Filippo Oliveri 75, Daniele Reolon 92, Francesco Righes 70, Jonathan Santacroce 62. 5A amministrazione, finanza e marketing. Luca Berzioli 76, Martina D&#8217;Inc\u00e0 84, Anna Dal Mas 83, Greta De Mario Sartor 95, Silvia De Villa 61, Matilde Edotti 75, Nicole Luisetto 75, Gaia Manunta 60, Simone Meneghin 80, Alessia Minotto 100, Massimo Nadalet 70, Massimo Russo 89, Simone Scagnet 100, Elena Tres 79. \u2014<\/p>\n<p>&nbsp;<\/p>\n<p>&nbsp;<\/p>\n<hr \/>\n<p>&nbsp;<\/p>\n<blockquote>\n<h3>AL VIA GLI ESAMI DI STATO PER L&#8217;ISCRIZIONE AL COLLEGIO DEI GEOMETRI<\/h3>\n<\/blockquote>\n<p><strong>BELLUNO<\/strong> Il Collegio dei Geometri di Belluno informa che il Ministero ha indetto gli esami di stato per la sessione 2024, necessari per l&#8217;iscrizione al Collegio dei Geometri. Per ulteriori dettagli, contattare il numero 0437\/948430 o l&#8217;email <a rel=\"noreferrer\">segreteria@geometri.bl.it<\/a>.<\/p>\n<p>&nbsp;<\/p>\n<p>&nbsp;<\/p>\n<hr \/>\n<p>&nbsp;<\/p>\n<h2><span style=\"color: #ff0000;\">CONSIGLI COMUNALI IN AGORDINO<\/span><\/h2>\n<p><strong>AGORDO<\/strong> Luned\u00ec 1 luglio alle 19 \u00e8 stato convocato il consiglio comunale ad Agordo. Tra gli 8 punti all&#8217;rodine del giorno la convalida degli eletti a sindaco e consiglieri, il giuramento del sindaco Roberto Chissal\u00e8, la nomina degli assessori, l&#8217;elezione della commissione elettorale e la designazione dei rappresentanti del comune presso enti, aziende ed istituzioni<\/p>\n<p>&nbsp;<\/p>\n<hr \/>\n<p>&nbsp;<\/p>\n<blockquote>\n<h2>Motori e Speranza: La Fabbrica dei Sorrisi a Borgo Valbelluna<\/h2>\n<\/blockquote>\n<p><strong>BORGO VALBELLUNA<\/strong><\/p>\n<p><a class=\"dt-pswp-item\" href=\"https:\/\/www.radiopiu.net\/wordpress\/wp-content\/uploads\/2024\/06\/35971219_1680256762051110_3974276179795378176_n.jpg\" data-dt-img-description=\"\" data-large_image_width=\"1440\" data-large_image_height=\"1080\"><img loading=\"lazy\" decoding=\"async\" class=\" wp-image-396664 alignleft\" src=\"https:\/\/www.radiopiu.net\/wordpress\/wp-content\/uploads\/2024\/06\/35971219_1680256762051110_3974276179795378176_n-300x225.jpg\" alt=\"\" width=\"252\" height=\"189\" srcset=\"https:\/\/www.radiopiu.net\/wordpress\/wp-content\/uploads\/2024\/06\/35971219_1680256762051110_3974276179795378176_n-300x225.jpg 300w, https:\/\/www.radiopiu.net\/wordpress\/wp-content\/uploads\/2024\/06\/35971219_1680256762051110_3974276179795378176_n-1024x768.jpg 1024w, https:\/\/www.radiopiu.net\/wordpress\/wp-content\/uploads\/2024\/06\/35971219_1680256762051110_3974276179795378176_n-768x576.jpg 768w, https:\/\/www.radiopiu.net\/wordpress\/wp-content\/uploads\/2024\/06\/35971219_1680256762051110_3974276179795378176_n.jpg 1440w\" sizes=\"auto, (max-width: 252px) 100vw, 252px\" \/><\/a> Una domenica di giugno, nella piccola frazione di Morgan di Trichiana, si trasformer\u00e0 in una speciale &#8220;Fabbrica dei Sorrisi&#8221;. Domenica 30 giugno 2024, ragazzi delle\u00a0 associazioni che operano nel mondo della disabilit\u00e0 potranno diventare &#8220;navigatori per un giorno&#8221; su auto da competizione, vivendo l&#8217;emozione del rombo dei motori. Grazie alla collaborazione dell\u2019amministrazione comunale, del locale &#8220;Gruppo Frazionale&#8221;, del team Valentino Racing, ASD Tre Cime Promotor e Dolomiti Racing Motorsport, si rinnova per il terzo anno l&#8217;evento &#8220;Motori e Speranza&#8221;. La giornata inizier\u00e0 alle 10:00 con la seconda edizione del Morgan Autoraduno, un percorso tra le bellezze del territorio che culminer\u00e0 a Morgan alle 13:30 con degustazioni e attivit\u00e0 per gli ospiti. Dopo il pranzo, la &#8220;Fabbrica dei Sorrisi&#8221; proseguir\u00e0 fino alle 18:00, concludendo con la consegna degli attestati di Buon Navigatore. L&#8217;evento, che \u00e8 anche il 2\u00b0 memorial Igor Schiocchet e Andrea Cortese, vedr\u00e0 la partecipazione speciale della Polizia di Stato con una volante a disposizione degli ospiti dalle 13:00. Per iscrizioni all&#8217;autoraduno, contattare Gianbruno al 3331088247 o Max al 3428309510. Per informazioni sulla manifestazione, chiamare il 3478592891.<\/p>\n<p>&nbsp;<\/p>\n<hr \/>\n<p>&nbsp;<\/p>\n<blockquote>\n<h3>Quarta Edizione di \u201cIncontrALI\u201d nel Parco Nazionale Dolomiti Bellunesi<\/h3>\n<\/blockquote>\n<p><strong>FELTRE<\/strong> Il Parco Nazionale Dolomiti Bellunesi ha ospitato la quarta edizione di \u201cIncontrALI\u201d, riunendo esperti e appassionati di farfalle per presentazioni scientifiche ed escursioni, promuovendo sia la ricerca che il turismo locale.<\/p>\n<p>&nbsp;<\/p>\n<p>&nbsp;<\/p>\n<hr \/>\n<p>&nbsp;<\/p>\n<blockquote>\n<h3>PRESENTATO IL CADORE DOLOMITI FESTIVAL<\/h3>\n<\/blockquote>\n<p><strong><a class=\"dt-pswp-item\" href=\"https:\/\/www.radiopiu.net\/wordpress\/wp-content\/uploads\/2024\/06\/Da-sx-Antonio-Palatini-pres-Dolomiti-BluesSoul_Renzo-Bortolot-pres-Magnifica-Com_Elisa-Calcamuggi-resp-mkt-Dmo_Eugenio-Dal-Bianco-dir-art-BluesSoul-scaled.jpg\" data-dt-img-description=\"\" data-large_image_width=\"2560\" data-large_image_height=\"2030\"><img loading=\"lazy\" decoding=\"async\" class=\" wp-image-396682 alignleft\" src=\"https:\/\/www.radiopiu.net\/wordpress\/wp-content\/uploads\/2024\/06\/Da-sx-Antonio-Palatini-pres-Dolomiti-BluesSoul_Renzo-Bortolot-pres-Magnifica-Com_Elisa-Calcamuggi-resp-mkt-Dmo_Eugenio-Dal-Bianco-dir-art-BluesSoul-300x238.jpg\" alt=\"\" width=\"145\" height=\"115\" srcset=\"https:\/\/www.radiopiu.net\/wordpress\/wp-content\/uploads\/2024\/06\/Da-sx-Antonio-Palatini-pres-Dolomiti-BluesSoul_Renzo-Bortolot-pres-Magnifica-Com_Elisa-Calcamuggi-resp-mkt-Dmo_Eugenio-Dal-Bianco-dir-art-BluesSoul-300x238.jpg 300w, https:\/\/www.radiopiu.net\/wordpress\/wp-content\/uploads\/2024\/06\/Da-sx-Antonio-Palatini-pres-Dolomiti-BluesSoul_Renzo-Bortolot-pres-Magnifica-Com_Elisa-Calcamuggi-resp-mkt-Dmo_Eugenio-Dal-Bianco-dir-art-BluesSoul-1024x812.jpg 1024w, https:\/\/www.radiopiu.net\/wordpress\/wp-content\/uploads\/2024\/06\/Da-sx-Antonio-Palatini-pres-Dolomiti-BluesSoul_Renzo-Bortolot-pres-Magnifica-Com_Elisa-Calcamuggi-resp-mkt-Dmo_Eugenio-Dal-Bianco-dir-art-BluesSoul-768x609.jpg 768w, https:\/\/www.radiopiu.net\/wordpress\/wp-content\/uploads\/2024\/06\/Da-sx-Antonio-Palatini-pres-Dolomiti-BluesSoul_Renzo-Bortolot-pres-Magnifica-Com_Elisa-Calcamuggi-resp-mkt-Dmo_Eugenio-Dal-Bianco-dir-art-BluesSoul-1536x1218.jpg 1536w, https:\/\/www.radiopiu.net\/wordpress\/wp-content\/uploads\/2024\/06\/Da-sx-Antonio-Palatini-pres-Dolomiti-BluesSoul_Renzo-Bortolot-pres-Magnifica-Com_Elisa-Calcamuggi-resp-mkt-Dmo_Eugenio-Dal-Bianco-dir-art-BluesSoul-2048x1624.jpg 2048w\" sizes=\"auto, (max-width: 145px) 100vw, 145px\" \/><\/a>CADORE\u00a0<\/strong>Il Cadore Dolomiti Music Festival nasce dall&#8217;unione di tre storici festival del Cadore: Dolomiti Blues&amp;Soul Festival, Organi Storici in Cadore e Dolomiti Pi\u00f9 Note. Promosso dalla Magnifica Comunit\u00e0 di Cadore, il festival \u00e8 finanziato dal progetto &#8220;Grandi Eventi&#8221; sostenuto dal Fondo Comuni Confinanti e dalla Regione del Veneto. Con oltre 60 appuntamenti dal 13 luglio al 7 settembre, il festival si svolger\u00e0 in 58 location tra rifugi, chiese, piazze e borghi. Coinvolger\u00e0 circa 80 artisti e offrir\u00e0 attivit\u00e0 collaterali come visite guidate e iniziative gastronomiche. Roberto Padrin e Silvia Calligaro, della Provincia di Belluno, e Renzo Bortolot, della Magnifica Comunit\u00e0 di Cadore, hanno sottolineato l&#8217;importanza della sinergia tra i festival per promuovere il territorio attraverso la musica e la cultura.<\/p>\n<p>&nbsp;<\/p>\n<p>&nbsp;<\/p>\n<hr \/>\n<p>&nbsp;<\/p>\n<blockquote>\n<h3>LA PRESENTAZIONE DEL CORSO SULLA STORIA DEGLI ORDINI RELIGIOSI DI BELLUNO<\/h3>\n<\/blockquote>\n<p><strong><a class=\"dt-pswp-item\" href=\"https:\/\/www.radiopiu.net\/wordpress\/wp-content\/uploads\/2024\/06\/testata_corso_samuele_def-scaled.jpg\" data-dt-img-description=\"\" data-large_image_width=\"2560\" data-large_image_height=\"1810\"><img loading=\"lazy\" decoding=\"async\" class=\" wp-image-396678 alignleft\" src=\"https:\/\/www.radiopiu.net\/wordpress\/wp-content\/uploads\/2024\/06\/testata_corso_samuele_def-300x212.jpg\" alt=\"\" width=\"138\" height=\"97\" srcset=\"https:\/\/www.radiopiu.net\/wordpress\/wp-content\/uploads\/2024\/06\/testata_corso_samuele_def-300x212.jpg 300w, https:\/\/www.radiopiu.net\/wordpress\/wp-content\/uploads\/2024\/06\/testata_corso_samuele_def-1024x724.jpg 1024w, https:\/\/www.radiopiu.net\/wordpress\/wp-content\/uploads\/2024\/06\/testata_corso_samuele_def-768x543.jpg 768w, https:\/\/www.radiopiu.net\/wordpress\/wp-content\/uploads\/2024\/06\/testata_corso_samuele_def-1536x1086.jpg 1536w, https:\/\/www.radiopiu.net\/wordpress\/wp-content\/uploads\/2024\/06\/testata_corso_samuele_def-2048x1448.jpg 2048w\" sizes=\"auto, (max-width: 138px) 100vw, 138px\" \/><\/a>BELLUNO<\/strong> Luned\u00ec 1 luglio alle 11.00, nella sede dell&#8217;Associazione Bellunesi nel Mondo (via Cavour 3, Belluno), si terr\u00e0 una conferenza stampa per presentare il nuovo corso online &#8220;Storia degli ordini religiosi di Belluno&#8221; curato da Samuele Marcon. Interverranno Oscar De Bona, presidente dell&#8217;Associazione, Renato Marangoni, vescovo di Belluno-Feltre, e Samuele Marcon. Il corso esplora la storia degli ordini religiosi nel territorio bellunese dall&#8217;et\u00e0 medievale ai giorni nostri, con l&#8217;obiettivo di approfondire una tematica poco conosciuta e i suoi intrecci con le comunit\u00e0 locali<\/p>\n<p>&nbsp;<\/p>\n<p>&nbsp;<\/p>\n<hr \/>\n<p>&nbsp;<\/p>\n<blockquote>\n<h2>CILP e MOSTRA DELL&#8217;ARTIGIANATO<\/h2>\n<\/blockquote>\n<p><strong>FELTRE<\/strong>\u00a0 La prossima settimana la Citt\u00e0 di Feltre ospiter\u00e0 la Mostra dell&#8217;Artigianato e il CILP sar\u00e0 presente con il suo gruppo di lettori presso la Chiesa di San Giovanni Nepomuceno in via Paradiso. I Libri Parlanti vi intratterranno con letture nei seguenti orari: \u00a0Venerd\u00ec 28 dalle 16.00 alle 18.00 \u00a0Sabato 29 dalle 10.00 alle 12.00 e dalle 16.00 alle 18.00<br \/>\nDomenica 30 dalle 10.00 alle 12.00 Sar\u00e0 allestita anche una mostra fotografica con la storia dei 40 anni del CILP<br \/>\n<a class=\"dt-pswp-item\" href=\"https:\/\/www.radiopiu.net\/wordpress\/wp-content\/uploads\/2024\/06\/fd2eb428-268e-4255-8a1c-ec356dbcd979.jpg\" data-dt-img-description=\"\" data-large_image_width=\"1080\" data-large_image_height=\"1080\"><img loading=\"lazy\" decoding=\"async\" class=\"size-medium wp-image-395484 aligncenter\" src=\"https:\/\/www.radiopiu.net\/wordpress\/wp-content\/uploads\/2024\/06\/fd2eb428-268e-4255-8a1c-ec356dbcd979-300x300.jpg\" alt=\"\" width=\"300\" height=\"300\" srcset=\"https:\/\/www.radiopiu.net\/wordpress\/wp-content\/uploads\/2024\/06\/fd2eb428-268e-4255-8a1c-ec356dbcd979-300x300.jpg 300w, https:\/\/www.radiopiu.net\/wordpress\/wp-content\/uploads\/2024\/06\/fd2eb428-268e-4255-8a1c-ec356dbcd979-1024x1024.jpg 1024w, https:\/\/www.radiopiu.net\/wordpress\/wp-content\/uploads\/2024\/06\/fd2eb428-268e-4255-8a1c-ec356dbcd979-150x150.jpg 150w, https:\/\/www.radiopiu.net\/wordpress\/wp-content\/uploads\/2024\/06\/fd2eb428-268e-4255-8a1c-ec356dbcd979-768x768.jpg 768w, https:\/\/www.radiopiu.net\/wordpress\/wp-content\/uploads\/2024\/06\/fd2eb428-268e-4255-8a1c-ec356dbcd979.jpg 1080w\" sizes=\"auto, (max-width: 300px) 100vw, 300px\" \/><\/a><\/p>\n<p>&nbsp;<\/p>\n<p>&nbsp;<\/p>\n<p>&nbsp;<\/p>\n<p>&nbsp;<\/p>\n<hr \/>\n<p>&nbsp;<\/p>\n<blockquote>\n<h3>Diario di un Sindaco: Vent&#8217;anni di Esperienze e Dedizione<\/h3>\n<\/blockquote>\n<blockquote><p><em>&#8220;uno spaccato interessante della nostra societ\u00e0 e delle vicissitudini amministrative&#8221;.\u00a0<\/em><\/p><\/blockquote>\n<p style=\"padding-left: 40px;\"><strong>ROCCA PIETORE<\/strong><\/p>\n<p><img decoding=\"async\" src=\"https:\/\/www.radiopiu.net\/wordpress\/wp-content\/uploads\/2024\/06\/23cf37c2-45db-4ab5-81e2-738189f8850b.jpg\" \/><\/p>\n<div class=\"flex flex-grow flex-col max-w-full\">\n<div class=\"min-h-[20px] text-message flex flex-col items-start whitespace-pre-wrap break-words [.text-message+&amp;]:mt-5 juice:w-full juice:items-end overflow-x-auto gap-2\" dir=\"auto\" data-message-author-role=\"assistant\" data-message-id=\"eceef8cf-552a-4279-af45-64ad67149b76\">\n<div class=\"flex w-full flex-col gap-1 juice:empty:hidden juice:first:pt-[3px]\">\n<div class=\"markdown prose w-full break-words dark:prose-invert dark\">\n<p>&#8220;Diario di un Sindaco&#8221; di Andrea De Bernardin: Vent&#8217;anni in municipio, quindici da sindaco. Un percorso di vita tra l&#8217;ordinaria amministrazione e eventi straordinari come tempeste, valanghe, frane e confini. Un tributo alla protezione civile e ai volontari che donano il loro tempo prezioso. Ora in distribuzione.<\/p>\n<\/div>\n<\/div>\n<\/div>\n<\/div>\n<div class=\"mt-1 flex gap-3 empty:hidden juice:-ml-3\">\n<div class=\"items-center justify-start rounded-xl p-1 flex\">\n<div class=\"flex items-center\"><\/div>\n<\/div>\n<\/div>\n<p><strong>AUDIO<\/strong><\/p>\n<audio class=\"wp-audio-shortcode\" id=\"audio-396596-5\" preload=\"none\" style=\"width: 100%;\" controls=\"controls\"><source type=\"audio\/mpeg\" src=\"https:\/\/www.radiopiu.net\/wordpress\/wp-content\/uploads\/2024\/06\/DIARIO-DI-UN-SINDACO_BA.mp3?_=5\" \/><a href=\"https:\/\/www.radiopiu.net\/wordpress\/wp-content\/uploads\/2024\/06\/DIARIO-DI-UN-SINDACO_BA.mp3\">https:\/\/www.radiopiu.net\/wordpress\/wp-content\/uploads\/2024\/06\/DIARIO-DI-UN-SINDACO_BA.mp3<\/a><\/audio>\n<p>&nbsp;<\/p>\n<hr \/>\n<p>&nbsp;<\/p>\n<blockquote>\n<h3>CON IL CAI DI BELLUNO<\/h3>\n<\/blockquote>\n<p><strong>BELLUNO<\/strong>\u00a0 Domenica 30 giugno 2024 si terr\u00e0 l&#8217;escursione ai Labirinti della Moiazza. Il ritrovo \u00e8 fissato per le ore 7.00 presso Piazzale Resistenza, con rientro previsto in serata. Il percorso prevede un dislivello in salita di circa 900 metri e un tempo di percorrenza di circa 5 ore, escluse le soste. Iscrizioni online entro il 29 giugno: <a href=\"https:\/\/form.jotform.com\/EscursionismoCaiBL\/Labirinti\" target=\"_new\" rel=\"noreferrer noopener\">link<\/a>.<\/p>\n<p>&nbsp;<\/p>\n<p>&nbsp;<\/p>\n<p>&nbsp;<\/p>\n<hr \/>\n<p>&nbsp;<\/p>\n<blockquote>\n<h3>NUOVE OPPORTUNITA&#8217; DI LAVORO PER I GIOVANI BELLUNESI<\/h3>\n<\/blockquote>\n<p><strong><a class=\"dt-pswp-item\" href=\"https:\/\/www.radiopiu.net\/wordpress\/wp-content\/uploads\/2024\/06\/443940785_958206859639658_3735909911788675835_n.jpg\" data-dt-img-description=\"\" data-large_image_width=\"2048\" data-large_image_height=\"1152\"><img loading=\"lazy\" decoding=\"async\" class=\" wp-image-395263 alignleft\" src=\"https:\/\/www.radiopiu.net\/wordpress\/wp-content\/uploads\/2024\/06\/443940785_958206859639658_3735909911788675835_n-300x169.jpg\" alt=\"\" width=\"163\" height=\"92\" srcset=\"https:\/\/www.radiopiu.net\/wordpress\/wp-content\/uploads\/2024\/06\/443940785_958206859639658_3735909911788675835_n-300x169.jpg 300w, https:\/\/www.radiopiu.net\/wordpress\/wp-content\/uploads\/2024\/06\/443940785_958206859639658_3735909911788675835_n-1024x576.jpg 1024w, https:\/\/www.radiopiu.net\/wordpress\/wp-content\/uploads\/2024\/06\/443940785_958206859639658_3735909911788675835_n-768x432.jpg 768w, https:\/\/www.radiopiu.net\/wordpress\/wp-content\/uploads\/2024\/06\/443940785_958206859639658_3735909911788675835_n-1536x864.jpg 1536w, https:\/\/www.radiopiu.net\/wordpress\/wp-content\/uploads\/2024\/06\/443940785_958206859639658_3735909911788675835_n.jpg 2048w\" sizes=\"auto, (max-width: 163px) 100vw, 163px\" \/><\/a>BELLUNO<\/strong> La Regione Veneto, insieme ai partner locali, sta organizzando iniziative per offrire ai giovani delle Dolomiti opportunit\u00e0 di formazione e sviluppo professionale nell&#8217;ambito del progetto &#8220;DAL VIRTUALE AL REALE: I am here for you&#8221;. il 31 maggio si svolger\u00e0 un workshop sulla &#8220;Palestra d&#8217;impresa e innovazione sociale&#8221;, focalizzato sulla creazione di spazi per lo sviluppo di competenze imprenditoriali. Questi eventi, finanziati dalla Regione Veneto e organizzati da FORCOOP, mirano a contrastare lo spopolamento delle aree montane favorendo l&#8217;inserimento lavorativo dei giovani. Per partecipare, \u00e8 possibile iscriversi gratuitamente contattando il Centro Consorzi di Belluno.<\/p>\n<p>&nbsp;<\/p>\n<p>&nbsp;<\/p>\n<hr \/>\n<p>&nbsp;<\/p>\n<blockquote>\n<h3>\u201cCANTON SAN PIERO\u201d CON ECHI DI SARDEGNA PER IL CORO MONTI DEL SOLE<\/h3>\n<\/blockquote>\n<p><strong><a class=\"dt-pswp-item\" href=\"https:\/\/www.radiopiu.net\/wordpress\/wp-content\/uploads\/2024\/06\/coro_mds.jpg\" data-dt-img-description=\"\" data-large_image_width=\"1600\" data-large_image_height=\"1200\"><img loading=\"lazy\" decoding=\"async\" class=\" wp-image-395277 alignleft\" src=\"https:\/\/www.radiopiu.net\/wordpress\/wp-content\/uploads\/2024\/06\/coro_mds-300x225.jpg\" alt=\"\" width=\"185\" height=\"139\" srcset=\"https:\/\/www.radiopiu.net\/wordpress\/wp-content\/uploads\/2024\/06\/coro_mds-300x225.jpg 300w, https:\/\/www.radiopiu.net\/wordpress\/wp-content\/uploads\/2024\/06\/coro_mds-1024x768.jpg 1024w, https:\/\/www.radiopiu.net\/wordpress\/wp-content\/uploads\/2024\/06\/coro_mds-768x576.jpg 768w, https:\/\/www.radiopiu.net\/wordpress\/wp-content\/uploads\/2024\/06\/coro_mds-1536x1152.jpg 1536w, https:\/\/www.radiopiu.net\/wordpress\/wp-content\/uploads\/2024\/06\/coro_mds.jpg 1600w\" sizes=\"auto, (max-width: 185px) 100vw, 185px\" \/><\/a>SOSPIRILO\u00a0<\/strong>La chiesa dei Santi Pietro e Paolo di Sospirolo ospiter\u00e0 sabato 29 giugno alle 20:45 il concerto &#8220;Canton San Piero&#8221; del Coro Monti del Sole, diretto da Luca Lotto. L&#8217;evento, organizzato dal coro di Sedico, avr\u00e0 come ospite il Coro S\u2019Arrodia di Sinnai, diretto da Maurizio Boassa. Fondato nel 2007, S\u2019Arrodia ha gi\u00e0 ospitato Monti del Sole nel 2010 durante la rassegna &#8220;Is duas columbas&#8221;. L&#8217;organizzazione dell&#8217;evento, guidata dal presidente Stefano Colle, accoglier\u00e0 i coristi sardi dal 28 giugno al 1\u00b0 luglio, con visite a diverse attrazioni del Bellunese. Inoltre, il 30 giugno si terr\u00e0 un concerto alla sala polifunzionale La Tappa di Valle di Cadore, con il Coro Rualan e S\u2019Arrodia.<\/p>\n<p>&nbsp;<\/p>\n<hr \/>\n<p>&nbsp;<\/p>\n<blockquote>\n<h2 class=\"articlePlainTitle\">Lo storico Marco Perale ricorda Pierio Valeriano<\/h2>\n<\/blockquote>\n<div class=\"articlePlainText\"><strong>SAN TOMASO <\/strong>\u00a0Il Centro Orti rupestri di San Tomaso, con il patrocinio del Comune, ha promosso un incontro con lo storico Marco Perale, che domani sar\u00e0 nell&#8217;ex scuola primaria, sede del Centro e del suo progetto di raccolta, conservazione, riproduzione e distribuzione del seme di antiche variet\u00e0 locali di piante coltivate. Con inizio alle 9, 30, dopo il saluto del riconfermato sindaco Moreno De Val e del presidente dell&#8217;Aps Orti Rupestri, Renato Da Ronch, Perale terr\u00e0 una conferenza dal titolo &#8220;Anno domini 1532: il lungo viaggio dei fagioli dall&#8217;America alle Dolomiti.<\/div>\n<div><\/div>\n<p><a class=\"dt-pswp-item\" href=\"https:\/\/www.radiopiu.net\/wordpress\/wp-content\/uploads\/2024\/06\/a1255490-93b2-46a4-8211-d8118fd23b27.jpg\" data-dt-img-description=\"A SAN TOMASO\" data-large_image_width=\"1131\" data-large_image_height=\"1600\"><img loading=\"lazy\" decoding=\"async\" class=\"alignleft wp-image-394932 \" src=\"https:\/\/www.radiopiu.net\/wordpress\/wp-content\/uploads\/2024\/06\/a1255490-93b2-46a4-8211-d8118fd23b27-212x300.jpg\" alt=\"\" width=\"110\" height=\"156\" srcset=\"https:\/\/www.radiopiu.net\/wordpress\/wp-content\/uploads\/2024\/06\/a1255490-93b2-46a4-8211-d8118fd23b27-212x300.jpg 212w, https:\/\/www.radiopiu.net\/wordpress\/wp-content\/uploads\/2024\/06\/a1255490-93b2-46a4-8211-d8118fd23b27-724x1024.jpg 724w, https:\/\/www.radiopiu.net\/wordpress\/wp-content\/uploads\/2024\/06\/a1255490-93b2-46a4-8211-d8118fd23b27-768x1086.jpg 768w, https:\/\/www.radiopiu.net\/wordpress\/wp-content\/uploads\/2024\/06\/a1255490-93b2-46a4-8211-d8118fd23b27-1086x1536.jpg 1086w, https:\/\/www.radiopiu.net\/wordpress\/wp-content\/uploads\/2024\/06\/a1255490-93b2-46a4-8211-d8118fd23b27.jpg 1131w\" sizes=\"auto, (max-width: 110px) 100vw, 110px\" \/><\/a><\/p>\n<p><strong>DI MIRKO MEZZACASA<\/strong><\/p>\n<p>OSPITE: Marco Perale<\/p>\n<audio class=\"wp-audio-shortcode\" id=\"audio-396596-6\" preload=\"none\" style=\"width: 100%;\" controls=\"controls\"><source type=\"audio\/mpeg\" src=\"https:\/\/www.radiopiu.net\/wordpress\/wp-content\/uploads\/2024\/06\/MARCO-PERALE-UFFICIALE-PER-IL-SITO.mp3?_=6\" \/><a href=\"https:\/\/www.radiopiu.net\/wordpress\/wp-content\/uploads\/2024\/06\/MARCO-PERALE-UFFICIALE-PER-IL-SITO.mp3\">https:\/\/www.radiopiu.net\/wordpress\/wp-content\/uploads\/2024\/06\/MARCO-PERALE-UFFICIALE-PER-IL-SITO.mp3<\/a><\/audio>\n<p>&nbsp;<\/p>\n<p>&nbsp;<\/p>\n<hr \/>\n<p>&nbsp;<\/p>\n<blockquote>\n<h3>LA SAGRA DE SAN PIERO AD AGORDO<\/h3>\n<\/blockquote>\n<p><strong><a class=\"dt-pswp-item\" href=\"https:\/\/www.radiopiu.net\/wordpress\/wp-content\/uploads\/2024\/06\/448989977_899189602253273_3754632420210410649_n-1.jpg\" data-dt-img-description=\"\" data-large_image_width=\"1638\" data-large_image_height=\"2048\"><img loading=\"lazy\" decoding=\"async\" class=\" wp-image-396451 alignleft\" src=\"https:\/\/www.radiopiu.net\/wordpress\/wp-content\/uploads\/2024\/06\/448989977_899189602253273_3754632420210410649_n-1-240x300.jpg\" alt=\"\" width=\"137\" height=\"171\" srcset=\"https:\/\/www.radiopiu.net\/wordpress\/wp-content\/uploads\/2024\/06\/448989977_899189602253273_3754632420210410649_n-1-240x300.jpg 240w, https:\/\/www.radiopiu.net\/wordpress\/wp-content\/uploads\/2024\/06\/448989977_899189602253273_3754632420210410649_n-1-819x1024.jpg 819w, https:\/\/www.radiopiu.net\/wordpress\/wp-content\/uploads\/2024\/06\/448989977_899189602253273_3754632420210410649_n-1-768x960.jpg 768w, https:\/\/www.radiopiu.net\/wordpress\/wp-content\/uploads\/2024\/06\/448989977_899189602253273_3754632420210410649_n-1-1229x1536.jpg 1229w, https:\/\/www.radiopiu.net\/wordpress\/wp-content\/uploads\/2024\/06\/448989977_899189602253273_3754632420210410649_n-1.jpg 1638w\" sizes=\"auto, (max-width: 137px) 100vw, 137px\" \/><\/a>AGORDO<\/strong> Sabato ad Agordo si festeggeranno i Santi Pietro e Paolo, patroni del capoluogo di Vallata. Anche quest&#8217;anno Ad Agordo Pro Loco e il comune organizzano la Sagra De San Piero, tre giorni di festa sotto al tendone allestito sul Broi. Oggi a cena toc\u00e0 da boia con polenta, alle 19:30 Jessica Lena in concerto, dalle 21 musica con Franco Bel Band e a seguire musica fino a chiusura con R DJ. Domani, giornata di festa, il mercato attorno al Broi, alle 10:30 la Santa Messa, alle 11 la gara di briscola. A pranzo trippa e piatto San Piero, alle 17:30 Matti Ratti in concerto. Cena con spiedo, polenta, tagliata, canederli e fagioli alla Bud Spencer. Dalle 20 la musica dei Sinfobia, alle 22 esibizione dei Nobrasska e a seguire Illazy. Tutti i giorni il luna park sul Broi e sotto al tendone il banco cocktail.<\/p>\n<p><strong>L&#8217;INVITO DELLA PRO LOCO DI AGORDO<\/strong><\/p>\n<audio class=\"wp-audio-shortcode\" id=\"audio-396596-7\" preload=\"none\" style=\"width: 100%;\" controls=\"controls\"><source type=\"audio\/mpeg\" src=\"https:\/\/www.radiopiu.net\/wordpress\/wp-content\/uploads\/2024\/06\/SAN-PIERO-DA-PRO-LOCO.mp3?_=7\" \/><a href=\"https:\/\/www.radiopiu.net\/wordpress\/wp-content\/uploads\/2024\/06\/SAN-PIERO-DA-PRO-LOCO.mp3\">https:\/\/www.radiopiu.net\/wordpress\/wp-content\/uploads\/2024\/06\/SAN-PIERO-DA-PRO-LOCO.mp3<\/a><\/audio>\n<p>&nbsp;<\/p>\n<p>&nbsp;<\/p>\n<hr \/>\n<p>&nbsp;<\/p>\n<h2><span style=\"color: #ff6600;\">ALLA RADIO<\/span><\/h2>\n<h2><span style=\"color: #800080;\">TIME FOR ME&#8230;CON ANDREA DE BERNARDIN<\/span><\/h2>\n<p><strong><a class=\"dt-pswp-item\" href=\"https:\/\/www.radiopiu.net\/wordpress\/wp-content\/uploads\/2024\/06\/TIME-ANDREA.jpg\" data-dt-img-description=\"\" data-large_image_width=\"1005\" data-large_image_height=\"778\"><img loading=\"lazy\" decoding=\"async\" class=\" wp-image-396689 alignleft\" src=\"https:\/\/www.radiopiu.net\/wordpress\/wp-content\/uploads\/2024\/06\/TIME-ANDREA-300x232.jpg\" alt=\"\" width=\"199\" height=\"154\" srcset=\"https:\/\/www.radiopiu.net\/wordpress\/wp-content\/uploads\/2024\/06\/TIME-ANDREA-300x232.jpg 300w, https:\/\/www.radiopiu.net\/wordpress\/wp-content\/uploads\/2024\/06\/TIME-ANDREA-768x595.jpg 768w, https:\/\/www.radiopiu.net\/wordpress\/wp-content\/uploads\/2024\/06\/TIME-ANDREA.jpg 1005w\" sizes=\"auto, (max-width: 199px) 100vw, 199px\" \/><\/a>DI MARINA DONA&#8217;<\/strong><\/p>\n<p>OSPITE: Andrea De Bernardin<\/p>\n<p><strong>PARTE UNO<\/strong><\/p>\n<audio class=\"wp-audio-shortcode\" id=\"audio-396596-8\" preload=\"none\" style=\"width: 100%;\" controls=\"controls\"><source type=\"audio\/mpeg\" src=\"https:\/\/www.radiopiu.net\/wordpress\/wp-content\/uploads\/2024\/06\/TIME-4-ME-ANDREA-DE-BERNARDIN-1.mp3?_=8\" \/><a href=\"https:\/\/www.radiopiu.net\/wordpress\/wp-content\/uploads\/2024\/06\/TIME-4-ME-ANDREA-DE-BERNARDIN-1.mp3\">https:\/\/www.radiopiu.net\/wordpress\/wp-content\/uploads\/2024\/06\/TIME-4-ME-ANDREA-DE-BERNARDIN-1.mp3<\/a><\/audio>\n<p><strong>\u00a0<\/strong><\/p>\n<p><strong>PARTE DUE<\/strong><\/p>\n<audio class=\"wp-audio-shortcode\" id=\"audio-396596-9\" preload=\"none\" style=\"width: 100%;\" controls=\"controls\"><source type=\"audio\/mpeg\" src=\"https:\/\/www.radiopiu.net\/wordpress\/wp-content\/uploads\/2024\/06\/TIME-4-ME-ANDREA-DE-BERNARDIN-2.mp3?_=9\" \/><a href=\"https:\/\/www.radiopiu.net\/wordpress\/wp-content\/uploads\/2024\/06\/TIME-4-ME-ANDREA-DE-BERNARDIN-2.mp3\">https:\/\/www.radiopiu.net\/wordpress\/wp-content\/uploads\/2024\/06\/TIME-4-ME-ANDREA-DE-BERNARDIN-2.mp3<\/a><\/audio>\n<p><strong>\u00a0<\/strong><\/p>\n<p><strong>PARTE TRE<\/strong><\/p>\n<audio class=\"wp-audio-shortcode\" id=\"audio-396596-10\" preload=\"none\" style=\"width: 100%;\" controls=\"controls\"><source type=\"audio\/mpeg\" src=\"https:\/\/www.radiopiu.net\/wordpress\/wp-content\/uploads\/2024\/06\/TIME-4-ME-ANDREA-DE-BERNARDIN-3.mp3?_=10\" \/><a href=\"https:\/\/www.radiopiu.net\/wordpress\/wp-content\/uploads\/2024\/06\/TIME-4-ME-ANDREA-DE-BERNARDIN-3.mp3\">https:\/\/www.radiopiu.net\/wordpress\/wp-content\/uploads\/2024\/06\/TIME-4-ME-ANDREA-DE-BERNARDIN-3.mp3<\/a><\/audio>\n<p>&nbsp;<\/p>\n<hr \/>\n<p>&nbsp;<\/p>\n<h2><span style=\"color: #008000;\">NEL FINE SETTIMANA AL VIA IL SUMMER GREEN VOLLEY<\/span><\/h2>\n<p><strong><a class=\"dt-pswp-item\" href=\"https:\/\/www.radiopiu.net\/wordpress\/wp-content\/uploads\/2024\/06\/a4b24449-7b71-4014-ada2-8e99cc90b931.jpg\" data-dt-img-description=\"\" data-large_image_width=\"1600\" data-large_image_height=\"1200\"><img loading=\"lazy\" decoding=\"async\" class=\" wp-image-396593 alignleft\" src=\"https:\/\/www.radiopiu.net\/wordpress\/wp-content\/uploads\/2024\/06\/a4b24449-7b71-4014-ada2-8e99cc90b931-300x225.jpg\" alt=\"\" width=\"192\" height=\"144\" srcset=\"https:\/\/www.radiopiu.net\/wordpress\/wp-content\/uploads\/2024\/06\/a4b24449-7b71-4014-ada2-8e99cc90b931-300x225.jpg 300w, https:\/\/www.radiopiu.net\/wordpress\/wp-content\/uploads\/2024\/06\/a4b24449-7b71-4014-ada2-8e99cc90b931-1024x768.jpg 1024w, https:\/\/www.radiopiu.net\/wordpress\/wp-content\/uploads\/2024\/06\/a4b24449-7b71-4014-ada2-8e99cc90b931-768x576.jpg 768w, https:\/\/www.radiopiu.net\/wordpress\/wp-content\/uploads\/2024\/06\/a4b24449-7b71-4014-ada2-8e99cc90b931-1536x1152.jpg 1536w, https:\/\/www.radiopiu.net\/wordpress\/wp-content\/uploads\/2024\/06\/a4b24449-7b71-4014-ada2-8e99cc90b931.jpg 1600w\" sizes=\"auto, (max-width: 192px) 100vw, 192px\" \/><\/a>DI MARCO GAZ<\/strong><\/p>\n<p>OSPITI: Dina Luciani, Emily Benvegn\u00f9 e David Tancon<\/p>\n<audio class=\"wp-audio-shortcode\" id=\"audio-396596-11\" preload=\"none\" style=\"width: 100%;\" controls=\"controls\"><source type=\"audio\/mpeg\" src=\"https:\/\/www.radiopiu.net\/wordpress\/wp-content\/uploads\/2024\/06\/SUMMER-GREEN-VOLLEY-SCADENZA-29-GIUGNO.mp3?_=11\" \/><a href=\"https:\/\/www.radiopiu.net\/wordpress\/wp-content\/uploads\/2024\/06\/SUMMER-GREEN-VOLLEY-SCADENZA-29-GIUGNO.mp3\">https:\/\/www.radiopiu.net\/wordpress\/wp-content\/uploads\/2024\/06\/SUMMER-GREEN-VOLLEY-SCADENZA-29-GIUGNO.mp3<\/a><\/audio>\n<p>&nbsp;<\/p>\n<hr \/>\n<h3><\/h3>\n<h2><span style=\"color: #993300;\">L&#8217;ASSOCIAZIONE DISABILI VISIVI ONLUS AL SITO MINERARIO DI VALLE IMPERINA<\/span><\/h2>\n<p><strong>REDAZIONE<\/strong> L&#8217;Associazione Disabili Visivi Onlus hanno potuto visitare il sito minerario di Valle Imperina. Una gita particolare che ha coinvolto anche i Carabinieri Forestali. A fare da accompagnatore l&#8217;Ex docente dell&#8217;Istituto Minerario Follador De Rossi di Agordo Dino Preloran.<\/p>\n<p><iframe loading=\"lazy\" title=\"L&#039;Associazione Disabili Visivi Onlus nel sito minerario di Valle Imperina\" width=\"1200\" height=\"675\" src=\"https:\/\/www.youtube.com\/embed\/5aov-RmB4gY?feature=oembed\" frameborder=\"0\" allow=\"accelerometer; autoplay; clipboard-write; encrypted-media; gyroscope; picture-in-picture; web-share\" referrerpolicy=\"strict-origin-when-cross-origin\" allowfullscreen><\/iframe><\/p>\n<p>&nbsp;<\/p>\n<p>&nbsp;<\/p>\n<p>&nbsp;<\/p>\n<hr \/>\n<p>&nbsp;<\/p>\n<h2><span style=\"color: #ff0000;\">DAL SITO DI RADIO PIU&#8230; ALCUNI PODCAST, I PIU&#8217; VISUALIZZATI NELLA SETTIMANA&#8230;\u00a0<\/span><\/h2>\n<blockquote class=\"wp-embedded-content\" data-secret=\"3ej8ukHEzf\"><p><a href=\"https:\/\/www.radiopiu.net\/wordpress\/biblioteca-del-territorio-i-podcast-di-radiopiu\/\">BIBLIOTECA DEL TERRITORIO&#8230; I PODCAST DI RADIOPIU<\/a><\/p><\/blockquote>\n<p><iframe loading=\"lazy\" class=\"wp-embedded-content\" sandbox=\"allow-scripts\" security=\"restricted\" style=\"position: absolute; clip: rect(1px, 1px, 1px, 1px);\" title=\"&#8220;BIBLIOTECA DEL TERRITORIO&#8230; I PODCAST DI RADIOPIU&#8221; &#8212; Radio Pi\u00f9\" src=\"https:\/\/www.radiopiu.net\/wordpress\/biblioteca-del-territorio-i-podcast-di-radiopiu\/embed\/#?secret=HCGJlm7jkP#?secret=3ej8ukHEzf\" data-secret=\"3ej8ukHEzf\" width=\"600\" height=\"338\" frameborder=\"0\" marginwidth=\"0\" marginheight=\"0\" scrolling=\"no\"><\/iframe><\/p>\n<p>&nbsp;<\/p>\n<blockquote class=\"wp-embedded-content\" data-secret=\"RbHopRqdG7\"><p><a href=\"https:\/\/www.radiopiu.net\/wordpress\/lad08aaaa\/\">&#8220;NCONTONSE&#8221; IN LADINO SU RADIO PI\u00d9<\/a><\/p><\/blockquote>\n<p><iframe loading=\"lazy\" class=\"wp-embedded-content\" sandbox=\"allow-scripts\" security=\"restricted\" style=\"position: absolute; clip: rect(1px, 1px, 1px, 1px);\" title=\"&#8220;&#8220;NCONTONSE&#8221; IN LADINO SU RADIO PI\u00d9&#8221; &#8212; Radio Pi\u00f9\" src=\"https:\/\/www.radiopiu.net\/wordpress\/lad08aaaa\/embed\/#?secret=7jMymVKAhf#?secret=RbHopRqdG7\" data-secret=\"RbHopRqdG7\" width=\"600\" height=\"338\" frameborder=\"0\" marginwidth=\"0\" marginheight=\"0\" scrolling=\"no\"><\/iframe><\/p>\n<p>&nbsp;<\/p>\n<hr \/>\n<p>&nbsp;<\/p>\n<h2><span style=\"color: #ff0000;\"><a class=\"dt-pswp-item\" href=\"https:\/\/www.radiopiu.net\/wordpress\/wp-content\/uploads\/2018\/09\/appuntamenti.jpeg\" data-dt-img-description=\"\" data-large_image_width=\"800\" data-large_image_height=\"100\"><img loading=\"lazy\" decoding=\"async\" class=\"wp-image-61958 size-full aligncenter\" src=\"https:\/\/www.radiopiu.net\/wordpress\/wp-content\/uploads\/2018\/09\/appuntamenti.jpeg\" alt=\"\" width=\"800\" height=\"100\" srcset=\"https:\/\/www.radiopiu.net\/wordpress\/wp-content\/uploads\/2018\/09\/appuntamenti.jpeg 800w, https:\/\/www.radiopiu.net\/wordpress\/wp-content\/uploads\/2018\/09\/appuntamenti-300x38.jpeg 300w, https:\/\/www.radiopiu.net\/wordpress\/wp-content\/uploads\/2018\/09\/appuntamenti-768x96.jpeg 768w\" sizes=\"auto, (max-width: 800px) 100vw, 800px\" \/><\/a><\/span><\/h2>\n<div>\n<div class=\"\" dir=\"auto\">\n<div id=\":r9h:\" class=\"x1iorvi4 x1pi30zi x1l90r2v x1swvt13\" data-ad-comet-preview=\"message\" data-ad-preview=\"message\">\n\n\t\t\t<style type='text\/css'>\n\t\t\t\t#gallery-3 {\n\t\t\t\t\tmargin: auto;\n\t\t\t\t}\n\t\t\t\t#gallery-3 .gallery-item {\n\t\t\t\t\tfloat: left;\n\t\t\t\t\tmargin-top: 10px;\n\t\t\t\t\ttext-align: center;\n\t\t\t\t\twidth: 25%;\n\t\t\t\t}\n\t\t\t\t#gallery-3 img {\n\t\t\t\t\tborder: 2px solid #cfcfcf;\n\t\t\t\t}\n\t\t\t\t#gallery-3 .gallery-caption {\n\t\t\t\t\tmargin-left: 0;\n\t\t\t\t}\n\t\t\t\t\/* see gallery_shortcode() in wp-includes\/media.php *\/\n\t\t\t<\/style>\n\t\t<div id='gallery-3' class='dt-gallery-container gallery galleryid-396596 gallery-columns-4 gallery-size-thumbnail'><dl class='gallery-item'>\n\t\t\t\t<dt class='gallery-icon portrait'>\n\t\t\t\t\t<a class=\"rollover rollover-zoom dt-pswp-item\" title=\"09d50e2a-86d9-4273-aeb6-415f92136bc3\" data-dt-img-description=\"\" data-large_image_width=\"750\" data-large_image_height=\"1022\"href='https:\/\/www.radiopiu.net\/wordpress\/wp-content\/uploads\/2024\/06\/09d50e2a-86d9-4273-aeb6-415f92136bc3.jpg'><img loading=\"lazy\" decoding=\"async\" width=\"150\" height=\"150\" src=\"https:\/\/www.radiopiu.net\/wordpress\/wp-content\/uploads\/2024\/06\/09d50e2a-86d9-4273-aeb6-415f92136bc3-150x150.jpg\" class=\"attachment-thumbnail size-thumbnail\" alt=\"\" aria-describedby=\"gallery-3-393715\" \/><\/a>\n\t\t\t\t<\/dt>\n\t\t\t\t\t<dd class='wp-caption-text gallery-caption' id='gallery-3-393715'>\n\t\t\t\t\tCORSO DI BALLO A VOLTAGO\n\t\t\t\t\t<\/dd><\/dl><dl class='gallery-item'>\n\t\t\t\t<dt class='gallery-icon portrait'>\n\t\t\t\t\t<a class=\"rollover rollover-zoom dt-pswp-item\" title=\"441936111_953300066803441_3663667299753321850_n\" data-dt-img-description=\"\" data-large_image_width=\"520\" data-large_image_height=\"640\"href='https:\/\/www.radiopiu.net\/wordpress\/wp-content\/uploads\/2024\/06\/441936111_953300066803441_3663667299753321850_n.jpg'><img loading=\"lazy\" decoding=\"async\" width=\"150\" height=\"150\" src=\"https:\/\/www.radiopiu.net\/wordpress\/wp-content\/uploads\/2024\/06\/441936111_953300066803441_3663667299753321850_n-150x150.jpg\" class=\"attachment-thumbnail size-thumbnail\" alt=\"\" aria-describedby=\"gallery-3-394061\" \/><\/a>\n\t\t\t\t<\/dt>\n\t\t\t\t\t<dd class='wp-caption-text gallery-caption' id='gallery-3-394061'>\n\t\t\t\t\t31 LUGLIO AL MINIERE E IN DIRETTA ALLA RADIO \n\t\t\t\t\t<\/dd><\/dl><dl class='gallery-item'>\n\t\t\t\t<dt class='gallery-icon portrait'>\n\t\t\t\t\t<a class=\"rollover rollover-zoom dt-pswp-item\" title=\"a1255490-93b2-46a4-8211-d8118fd23b27\" data-dt-img-description=\"\" data-large_image_width=\"1131\" data-large_image_height=\"1600\"href='https:\/\/www.radiopiu.net\/wordpress\/wp-content\/uploads\/2024\/06\/a1255490-93b2-46a4-8211-d8118fd23b27.jpg'><img loading=\"lazy\" decoding=\"async\" width=\"150\" height=\"150\" src=\"https:\/\/www.radiopiu.net\/wordpress\/wp-content\/uploads\/2024\/06\/a1255490-93b2-46a4-8211-d8118fd23b27-150x150.jpg\" class=\"attachment-thumbnail size-thumbnail\" alt=\"\" aria-describedby=\"gallery-3-394932\" \/><\/a>\n\t\t\t\t<\/dt>\n\t\t\t\t\t<dd class='wp-caption-text gallery-caption' id='gallery-3-394932'>\n\t\t\t\t\tA SAN TOMASO\n\t\t\t\t\t<\/dd><\/dl><dl class='gallery-item'>\n\t\t\t\t<dt class='gallery-icon portrait'>\n\t\t\t\t\t<a class=\"rollover rollover-zoom dt-pswp-item\" title=\"Presepi fuori tempo\" data-dt-img-description=\"\" data-large_image_width=\"1414\" data-large_image_height=\"2000\"href='https:\/\/www.radiopiu.net\/wordpress\/wp-content\/uploads\/2024\/06\/Presepi-fuori-tempo.png'><img loading=\"lazy\" decoding=\"async\" width=\"150\" height=\"150\" src=\"https:\/\/www.radiopiu.net\/wordpress\/wp-content\/uploads\/2024\/06\/Presepi-fuori-tempo-150x150.png\" class=\"attachment-thumbnail size-thumbnail\" alt=\"\" aria-describedby=\"gallery-3-395141\" \/><\/a>\n\t\t\t\t<\/dt>\n\t\t\t\t\t<dd class='wp-caption-text gallery-caption' id='gallery-3-395141'>\n\t\t\t\t\tPRESEPI FUORI TEMPO AD AGORDO\n\t\t\t\t\t<\/dd><\/dl><br style=\"clear: both\" \/><dl class='gallery-item'>\n\t\t\t\t<dt class='gallery-icon portrait'>\n\t\t\t\t\t<a class=\"rollover rollover-zoom dt-pswp-item\" title=\"447443480_320674017756499_9025951349706877056_n\" data-dt-img-description=\"\" data-large_image_width=\"509\" data-large_image_height=\"720\"href='https:\/\/www.radiopiu.net\/wordpress\/wp-content\/uploads\/2024\/06\/447443480_320674017756499_9025951349706877056_n.jpg'><img loading=\"lazy\" decoding=\"async\" width=\"150\" height=\"150\" src=\"https:\/\/www.radiopiu.net\/wordpress\/wp-content\/uploads\/2024\/06\/447443480_320674017756499_9025951349706877056_n-150x150.jpg\" class=\"attachment-thumbnail size-thumbnail\" alt=\"\" aria-describedby=\"gallery-3-395159\" \/><\/a>\n\t\t\t\t<\/dt>\n\t\t\t\t\t<dd class='wp-caption-text gallery-caption' id='gallery-3-395159'>\n\t\t\t\t\t6 LUGLIO AGORDO BAR DELLE BOCCE\n\t\t\t\t\t<\/dd><\/dl><dl class='gallery-item'>\n\t\t\t\t<dt class='gallery-icon portrait'>\n\t\t\t\t\t<a class=\"rollover rollover-zoom dt-pswp-item\" title=\"Le_zecche_come_difendersi_e_proteggersi\" data-dt-img-description=\"\" data-large_image_width=\"1834\" data-large_image_height=\"2560\"href='https:\/\/www.radiopiu.net\/wordpress\/wp-content\/uploads\/2024\/06\/Le_zecche_come_difendersi_e_proteggersi-scaled.jpg'><img loading=\"lazy\" decoding=\"async\" width=\"150\" height=\"150\" src=\"https:\/\/www.radiopiu.net\/wordpress\/wp-content\/uploads\/2024\/06\/Le_zecche_come_difendersi_e_proteggersi-150x150.jpg\" class=\"attachment-thumbnail size-thumbnail\" alt=\"\" aria-describedby=\"gallery-3-395245\" \/><\/a>\n\t\t\t\t<\/dt>\n\t\t\t\t\t<dd class='wp-caption-text gallery-caption' id='gallery-3-395245'>\n\t\t\t\t\tCONOSCIAMO LE ZECCHE A BELLUNO\n\t\t\t\t\t<\/dd><\/dl><dl class='gallery-item'>\n\t\t\t\t<dt class='gallery-icon portrait'>\n\t\t\t\t\t<a class=\"rollover rollover-zoom dt-pswp-item\" title=\"6a884a5b-a4cf-4bb3-a957-2de3050cec0b\" data-dt-img-description=\"\" data-large_image_width=\"1127\" data-large_image_height=\"1600\"href='https:\/\/www.radiopiu.net\/wordpress\/wp-content\/uploads\/2024\/06\/6a884a5b-a4cf-4bb3-a957-2de3050cec0b-2.jpg'><img loading=\"lazy\" decoding=\"async\" width=\"150\" height=\"150\" src=\"https:\/\/www.radiopiu.net\/wordpress\/wp-content\/uploads\/2024\/06\/6a884a5b-a4cf-4bb3-a957-2de3050cec0b-2-150x150.jpg\" class=\"attachment-thumbnail size-thumbnail\" alt=\"\" aria-describedby=\"gallery-3-395683\" \/><\/a>\n\t\t\t\t<\/dt>\n\t\t\t\t\t<dd class='wp-caption-text gallery-caption' id='gallery-3-395683'>\n\t\t\t\t\tCON MOSTO RICCO AD AGORDO \n\t\t\t\t\t<\/dd><\/dl><dl class='gallery-item'>\n\t\t\t\t<dt class='gallery-icon portrait'>\n\t\t\t\t\t<a class=\"rollover rollover-zoom dt-pswp-item\" title=\"448989977_899189602253273_3754632420210410649_n\" data-dt-img-description=\"\" data-large_image_width=\"1638\" data-large_image_height=\"2048\"href='https:\/\/www.radiopiu.net\/wordpress\/wp-content\/uploads\/2024\/06\/448989977_899189602253273_3754632420210410649_n.jpg'><img loading=\"lazy\" decoding=\"async\" width=\"150\" height=\"150\" src=\"https:\/\/www.radiopiu.net\/wordpress\/wp-content\/uploads\/2024\/06\/448989977_899189602253273_3754632420210410649_n-150x150.jpg\" class=\"attachment-thumbnail size-thumbnail\" alt=\"\" aria-describedby=\"gallery-3-396449\" \/><\/a>\n\t\t\t\t<\/dt>\n\t\t\t\t\t<dd class='wp-caption-text gallery-caption' id='gallery-3-396449'>\n\t\t\t\t\tSAGRA DE SAN PIERO AD AGORDO\n\t\t\t\t\t<\/dd><\/dl><br style=\"clear: both\" \/><dl class='gallery-item'>\n\t\t\t\t<dt class='gallery-icon portrait'>\n\t\t\t\t\t<a class=\"rollover rollover-zoom dt-pswp-item\" title=\"f84567d6-a1d2-47de-9596-ef8505986952\" data-dt-img-description=\"\" data-large_image_width=\"745\" data-large_image_height=\"1073\"href='https:\/\/www.radiopiu.net\/wordpress\/wp-content\/uploads\/2024\/06\/f84567d6-a1d2-47de-9596-ef8505986952.jpg'><img loading=\"lazy\" decoding=\"async\" width=\"150\" height=\"150\" src=\"https:\/\/www.radiopiu.net\/wordpress\/wp-content\/uploads\/2024\/06\/f84567d6-a1d2-47de-9596-ef8505986952-150x150.jpg\" class=\"attachment-thumbnail size-thumbnail\" alt=\"\" aria-describedby=\"gallery-3-396466\" \/><\/a>\n\t\t\t\t<\/dt>\n\t\t\t\t\t<dd class='wp-caption-text gallery-caption' id='gallery-3-396466'>\n\t\t\t\t\tSUMMER GREEN VOLLEY AGORDINO\n\t\t\t\t\t<\/dd><\/dl><dl class='gallery-item'>\n\t\t\t\t<dt class='gallery-icon portrait'>\n\t\t\t\t\t<a class=\"rollover rollover-zoom dt-pswp-item\" title=\"6611bb69-29ce-483e-ba61-1b39542903cc\" data-dt-img-description=\"\" data-large_image_width=\"1032\" data-large_image_height=\"1473\"href='https:\/\/www.radiopiu.net\/wordpress\/wp-content\/uploads\/2024\/06\/6611bb69-29ce-483e-ba61-1b39542903cc.jpg'><img loading=\"lazy\" decoding=\"async\" width=\"150\" height=\"150\" src=\"https:\/\/www.radiopiu.net\/wordpress\/wp-content\/uploads\/2024\/06\/6611bb69-29ce-483e-ba61-1b39542903cc-150x150.jpg\" class=\"attachment-thumbnail size-thumbnail\" alt=\"\" aria-describedby=\"gallery-3-396645\" \/><\/a>\n\t\t\t\t<\/dt>\n\t\t\t\t\t<dd class='wp-caption-text gallery-caption' id='gallery-3-396645'>\n\t\t\t\t\t12 LUGLIO AGORDO BAR DELLE BOCCE\n\t\t\t\t\t<\/dd><\/dl><dl class='gallery-item'>\n\t\t\t\t<dt class='gallery-icon landscape'>\n\t\t\t\t\t<a class=\"rollover rollover-zoom dt-pswp-item\" title=\"d5b0b734-6816-4395-8e21-976a97a70deb\" data-dt-img-description=\"\" data-large_image_width=\"1080\" data-large_image_height=\"1080\"href='https:\/\/www.radiopiu.net\/wordpress\/wp-content\/uploads\/2024\/06\/d5b0b734-6816-4395-8e21-976a97a70deb.jpg'><img loading=\"lazy\" decoding=\"async\" width=\"150\" height=\"150\" src=\"https:\/\/www.radiopiu.net\/wordpress\/wp-content\/uploads\/2024\/06\/d5b0b734-6816-4395-8e21-976a97a70deb-150x150.jpg\" class=\"attachment-thumbnail size-thumbnail\" alt=\"\" aria-describedby=\"gallery-3-396287\" srcset=\"https:\/\/www.radiopiu.net\/wordpress\/wp-content\/uploads\/2024\/06\/d5b0b734-6816-4395-8e21-976a97a70deb-150x150.jpg 150w, https:\/\/www.radiopiu.net\/wordpress\/wp-content\/uploads\/2024\/06\/d5b0b734-6816-4395-8e21-976a97a70deb-300x300.jpg 300w, https:\/\/www.radiopiu.net\/wordpress\/wp-content\/uploads\/2024\/06\/d5b0b734-6816-4395-8e21-976a97a70deb-1024x1024.jpg 1024w, https:\/\/www.radiopiu.net\/wordpress\/wp-content\/uploads\/2024\/06\/d5b0b734-6816-4395-8e21-976a97a70deb-768x768.jpg 768w, https:\/\/www.radiopiu.net\/wordpress\/wp-content\/uploads\/2024\/06\/d5b0b734-6816-4395-8e21-976a97a70deb.jpg 1080w\" sizes=\"auto, (max-width: 150px) 100vw, 150px\" \/><\/a>\n\t\t\t\t<\/dt>\n\t\t\t\t\t<dd class='wp-caption-text gallery-caption' id='gallery-3-396287'>\n\t\t\t\t\t25 LUGLIO A VOLTAGO\n\t\t\t\t\t<\/dd><\/dl><dl class='gallery-item'>\n\t\t\t\t<dt class='gallery-icon portrait'>\n\t\t\t\t\t<a class=\"rollover rollover-zoom dt-pswp-item\" title=\"40970b49-6296-4dc3-93d6-aa5934e19f37\" data-dt-img-description=\"\" data-large_image_width=\"1131\" data-large_image_height=\"1600\"href='https:\/\/www.radiopiu.net\/wordpress\/wp-content\/uploads\/2024\/06\/40970b49-6296-4dc3-93d6-aa5934e19f37.jpg'><img loading=\"lazy\" decoding=\"async\" width=\"150\" height=\"150\" src=\"https:\/\/www.radiopiu.net\/wordpress\/wp-content\/uploads\/2024\/06\/40970b49-6296-4dc3-93d6-aa5934e19f37-150x150.jpg\" class=\"attachment-thumbnail size-thumbnail\" alt=\"\" aria-describedby=\"gallery-3-396648\" \/><\/a>\n\t\t\t\t<\/dt>\n\t\t\t\t\t<dd class='wp-caption-text gallery-caption' id='gallery-3-396648'>\n\t\t\t\t\t14 LUGLIO IL PROFESSORE! PRESENTA IL LIBRO\n\t\t\t\t\t<\/dd><\/dl><br style=\"clear: both\" \/>\n\t\t\t<\/div>\n\n<\/div>\n<\/div>\n<\/div>\n<p><strong>FELTRE<\/strong> Il Centro Astronomico di Feltre ospiter\u00e0 una conferenza sulle origini e la struttura dell\u2019universo intitolata &#8220;Le scoperte del Telescopio Spaziale Webb&#8221;, sar\u00e0 tenuta da Gabriele Vanin il 29 giugno 2024 alle 21.<\/p>\n<p>&nbsp;<\/p>\n<h2><span style=\"color: #ff0000;\">PROSSIMAMENTE\u00a0<\/span><\/h2>\n<p><strong>BELLUNO\u00a0<\/strong>Mercoled\u00ec 3 luglio la Biblioteca delle migrazioni \u201cDino Buzzati\u201d organizza una serata a ingresso libero dedicata alla scoperta delle meraviglie della Colombia e alle radici bellunesi che vi si intrecciano. Questo evento offrir\u00e0 un&#8217;opportunit\u00e0 unica per esplorare la ricca cultura colombiana e per celebrare le connessioni storiche tra Belluno e il paese sudamericano.<\/p>\n<p>Preparatevi a scatenare la vostra energia e a superare i vostri limiti con CorriPoi 2024. Il trofeo di Corse Podistiche a tappe Nell&#8217;Agordino, quattro tappe emozionanti, ognuna delle quali vi porter\u00e0 a scoprire le bellezze naturali del territorio. 7 LUGLIO FORCELLA AURINE, 7 SETTEMBRE VOLTAGO Alla CorriPoi parteciperanno, fianco a fianco, forti runner, atleti della domenica, famiglie, gruppi di amici, giovani corridori in erba, tutti con l&#8217;obiettivo di correre e di divertirsi. Corri verso la vittoria, corri verso il trofeo Alpenpluss. Regolamento delle quattro gare sul sito KEEPSPORTING.COM, in collaborazione con Kiwi Sport, abbigliamento sportivo per tutta la famiglia, ad ALLEGHE- CENCENIGHE &#8211; BELLUNO<\/p>\n<p>&nbsp;<\/p>\n<hr \/>\n<p>&nbsp;<\/p>\n<p><a class=\"dt-pswp-item\" href=\"https:\/\/www.radiopiu.net\/wordpress\/wp-content\/uploads\/2018\/09\/viabilita.jpeg\" data-dt-img-description=\"\" data-large_image_width=\"800\" data-large_image_height=\"100\"><img loading=\"lazy\" decoding=\"async\" class=\"aligncenter wp-image-61954 size-full\" src=\"https:\/\/www.radiopiu.net\/wordpress\/wp-content\/uploads\/2018\/09\/viabilita.jpeg\" alt=\"\" width=\"800\" height=\"100\" srcset=\"https:\/\/www.radiopiu.net\/wordpress\/wp-content\/uploads\/2018\/09\/viabilita.jpeg 800w, https:\/\/www.radiopiu.net\/wordpress\/wp-content\/uploads\/2018\/09\/viabilita-300x38.jpeg 300w, https:\/\/www.radiopiu.net\/wordpress\/wp-content\/uploads\/2018\/09\/viabilita-768x96.jpeg 768w\" sizes=\"auto, (max-width: 800px) 100vw, 800px\" \/><\/a><\/p>\n<p>&nbsp;<\/p>\n<p><a class=\"dt-pswp-item\" href=\"https:\/\/www.radiopiu.net\/wordpress\/wp-content\/uploads\/2023\/12\/botol-car-service.jpg\" data-dt-img-description=\"\" data-large_image_width=\"600\" data-large_image_height=\"600\"><img loading=\"lazy\" decoding=\"async\" class=\"size-medium wp-image-367044 aligncenter\" src=\"https:\/\/www.radiopiu.net\/wordpress\/wp-content\/uploads\/2023\/12\/botol-car-service-300x300.jpg\" alt=\"\" width=\"300\" height=\"300\" srcset=\"https:\/\/www.radiopiu.net\/wordpress\/wp-content\/uploads\/2023\/12\/botol-car-service-300x300.jpg 300w, https:\/\/www.radiopiu.net\/wordpress\/wp-content\/uploads\/2023\/12\/botol-car-service-150x150.jpg 150w, https:\/\/www.radiopiu.net\/wordpress\/wp-content\/uploads\/2023\/12\/botol-car-service.jpg 600w\" sizes=\"auto, (max-width: 300px) 100vw, 300px\" \/><\/a><\/p>\n<p>&nbsp;<\/p>\n<p>&nbsp;<\/p>\n<h1>BOLLETTINO QUOTIDIANO, CLICCA QUI<\/h1>\n<blockquote class=\"wp-embedded-content\" data-secret=\"NOIfzjZilk\"><p><a href=\"https:\/\/www.radiopiu.net\/wordpress\/viabilita-2\/\">viabilita<\/a><\/p><\/blockquote>\n<p><iframe loading=\"lazy\" class=\"wp-embedded-content\" sandbox=\"allow-scripts\" security=\"restricted\" style=\"position: absolute; clip: rect(1px, 1px, 1px, 1px);\" title=\"&#8220;viabilita&#8221; &#8212; Radio Pi\u00f9\" src=\"https:\/\/www.radiopiu.net\/wordpress\/viabilita-2\/embed\/#?secret=4AavfaFNKs#?secret=NOIfzjZilk\" data-secret=\"NOIfzjZilk\" width=\"600\" height=\"338\" frameborder=\"0\" marginwidth=\"0\" marginheight=\"0\" scrolling=\"no\"><\/iframe><\/p>\n<p>&nbsp;<\/p>\n<p>&nbsp;<\/p>\n<hr \/>\n<p>&nbsp;<\/p>\n<p><a class=\"dt-pswp-item\" href=\"https:\/\/www.radiopiu.net\/wordpress\/wp-content\/uploads\/2018\/09\/WhatsApp-Image-2018-09-20-at-16.04.06.jpeg\" data-dt-img-description=\"\" data-large_image_width=\"800\" data-large_image_height=\"100\"><img loading=\"lazy\" decoding=\"async\" class=\"wp-image-61378 size-full aligncenter\" src=\"https:\/\/www.radiopiu.net\/wordpress\/wp-content\/uploads\/2018\/09\/WhatsApp-Image-2018-09-20-at-16.04.06.jpeg\" alt=\"\" width=\"800\" height=\"100\" srcset=\"https:\/\/www.radiopiu.net\/wordpress\/wp-content\/uploads\/2018\/09\/WhatsApp-Image-2018-09-20-at-16.04.06.jpeg 800w, https:\/\/www.radiopiu.net\/wordpress\/wp-content\/uploads\/2018\/09\/WhatsApp-Image-2018-09-20-at-16.04.06-300x38.jpeg 300w, https:\/\/www.radiopiu.net\/wordpress\/wp-content\/uploads\/2018\/09\/WhatsApp-Image-2018-09-20-at-16.04.06-768x96.jpeg 768w\" sizes=\"auto, (max-width: 800px) 100vw, 800px\" \/><\/a><\/p>\n<p><center><\/center><center><\/center><center><\/center><center><\/center><center><\/center><center><\/center>&nbsp;<\/p>\n<p><center><\/center><center><\/center><center><\/center><center><\/center><center><\/center><center><\/center><center><\/center><center><\/center><center><\/center><center><\/center><b>OGGI: <\/b>Cielo sereno o poco nuvoloso al mattino, con qualche nube bassa in qualche fondovalle fino al primo mattino. Nel pomeriggio modesto sviluppo di cumuli sulle cime assieme al transito di velature.<br \/>\n<b>Precipitazioni: <\/b>Nel pomeriggio non del tutto escluso un isolato rovescio o temporale di calore. <b>Temperature: <\/b>Temperature in ulteriore lieve aumento, con afa nei fondovalle prealpini pi\u00f9 bassi.<\/p>\n<hr \/>\n<p><center><\/center><b>DOMANI : <\/b>In giornata tempo stabile con cielo sereno o poco nuvoloso per velature e modesti cumuli nel pomeriggio sulle cime. In serata irregolare aumento della nuvolosit\u00e0 specie su Prealpi.<br \/>\n<b>Precipitazioni: <\/b>In giornata generalmente assenti anche se non del tutto escluso un piovasco nel pomeriggio<\/p>\n<hr \/>\n<p><center><\/center><strong>DOMENICA<\/strong> Evoluzione assai incerta: possibile instabilit\u00e0 nella notte su Prealpi con rovesci e temporali seguita da un miglioramento al mattino con cielo poco o parzialmente nuvoloso fino al pomeriggio, e da nuova instabilit\u00e0 dalla tarda serata con rovesci e temporali. Temperature stazionarie o in lieve calo.<\/p>\n<p>&nbsp;<\/p>\n<hr \/>\n<p><center><\/center><strong>LUNEDI<\/strong> Variabile\/instabile con nuvolosit\u00e0 irregolare a tratti intensa. Possibili rovesci o temporali sparsi a tratti durante tutta la giornata. Temperature in calo. Venti in quota moderati\/tesi da sudovest. Previsore<\/p>\n<p>&nbsp;<\/p>\n<hr \/>\n<p>&nbsp;<\/p>\n<p><img loading=\"lazy\" decoding=\"async\" class=\"wp-image-60761 size-full aligncenter\" src=\"https:\/\/www.radiopiu.net\/wordpress\/wp-content\/uploads\/2018\/09\/sport.jpg\" alt=\"\" width=\"800\" height=\"100\" srcset=\"https:\/\/www.radiopiu.net\/wordpress\/wp-content\/uploads\/2018\/09\/sport.jpg 800w, https:\/\/www.radiopiu.net\/wordpress\/wp-content\/uploads\/2018\/09\/sport-300x38.jpg 300w, https:\/\/www.radiopiu.net\/wordpress\/wp-content\/uploads\/2018\/09\/sport-768x96.jpg 768w\" sizes=\"auto, (max-width: 800px) 100vw, 800px\" \/><\/p>\n<p>&nbsp;<\/p>\n<p><span style=\"color: #0000ff;\"><b>HOCKEY SU GHIACCIO<\/b><\/span><\/p>\n<blockquote>\n<h3>THOMAS ANGOLETTA CONFERMATO NEL ROSTER DELLE CIVETTE<\/h3>\n<\/blockquote>\n<p><strong><a class=\"dt-pswp-item\" href=\"https:\/\/www.radiopiu.net\/wordpress\/wp-content\/uploads\/2024\/06\/1dce1571-b105-4d2b-8175-3046b0d1f28a.jpg\" data-dt-img-description=\"\" data-large_image_width=\"940\" data-large_image_height=\"510\"><img loading=\"lazy\" decoding=\"async\" class=\" wp-image-396599 alignleft\" src=\"https:\/\/www.radiopiu.net\/wordpress\/wp-content\/uploads\/2024\/06\/1dce1571-b105-4d2b-8175-3046b0d1f28a-300x163.jpg\" alt=\"\" width=\"234\" height=\"127\" srcset=\"https:\/\/www.radiopiu.net\/wordpress\/wp-content\/uploads\/2024\/06\/1dce1571-b105-4d2b-8175-3046b0d1f28a-300x163.jpg 300w, https:\/\/www.radiopiu.net\/wordpress\/wp-content\/uploads\/2024\/06\/1dce1571-b105-4d2b-8175-3046b0d1f28a-768x417.jpg 768w, https:\/\/www.radiopiu.net\/wordpress\/wp-content\/uploads\/2024\/06\/1dce1571-b105-4d2b-8175-3046b0d1f28a.jpg 940w\" sizes=\"auto, (max-width: 234px) 100vw, 234px\" \/><\/a>DI ROBERTO MIANA, PORTAVOCE DELL&#8217;ALLEGHE HOCKEY<\/strong><\/p>\n<p>La Societ\u00e0 Alleghe Hockey conferma nel proprio roster il giovane Thomas Angoletta. Difensore classe 2004 di Rivamonte Agordino, macellaio di professione, ha nell\u2019hockey la sua vera passione. Cresciuto nel vivaio agordino, ha fatto il suo d\u2019esordio in prima squadra nella stagione 2021\/2022, dove ha collezionato 79 presenze. Nato attaccante si \u00e8 riscoperto difensore con buoni risultati. Cos\u00ec Thomas: \u201cAppena contattato dalla Societ\u00e0 non ho avuto nessun dubbio nel continuare la mia avventura in biancorosso. Da un paio di stagioni gioco in difesa e ho trovato in Nicola Soppelsa il mio compagno pi\u00f9 fidato, lo considero come un professore, sempre pronto a darmi insegnamenti e consigli. Ho un buon rapporto con tutti i compagni di squadra, che mi aiutano in ogni occasione nel processo di crescita come giocatore. Penso che quest&#8217;anno il campionato IHL sar\u00e0 davvero competitivo e sono convinto che la nostra squadra sar\u00e0 costruita al meglio per competere con tutti. Nelle ultime due stagioni ho giocato in difesa, un ruolo che mi piace e che ora come ora preferisco, ma per quest\u2019anno vedremo dove il nuovo coach vorr\u00e0 farmi giocare, visto che in realt\u00e0 ho cominciato a giocare ad hockey come attaccante\u201d.<\/p>\n<p>&nbsp;<\/p>\n<p><span style=\"color: #0000ff;\"><strong>BOCCE<\/strong><\/span><\/p>\n<blockquote>\n<h3>IN PIAZZA DUOMO A BELLUNO LE FINALI DEI CAMPIONATI NAZIONALI DI BOCCE<\/h3>\n<\/blockquote>\n<p><strong><a class=\"dt-pswp-item\" href=\"https:\/\/www.radiopiu.net\/wordpress\/wp-content\/uploads\/2024\/06\/BOCCE.jpg\" data-dt-img-description=\"\" data-large_image_width=\"1280\" data-large_image_height=\"793\"><img loading=\"lazy\" decoding=\"async\" class=\" wp-image-396694 alignleft\" src=\"https:\/\/www.radiopiu.net\/wordpress\/wp-content\/uploads\/2024\/06\/BOCCE-300x186.jpg\" alt=\"\" width=\"155\" height=\"96\" srcset=\"https:\/\/www.radiopiu.net\/wordpress\/wp-content\/uploads\/2024\/06\/BOCCE-300x186.jpg 300w, https:\/\/www.radiopiu.net\/wordpress\/wp-content\/uploads\/2024\/06\/BOCCE-1024x634.jpg 1024w, https:\/\/www.radiopiu.net\/wordpress\/wp-content\/uploads\/2024\/06\/BOCCE-768x476.jpg 768w, https:\/\/www.radiopiu.net\/wordpress\/wp-content\/uploads\/2024\/06\/BOCCE.jpg 1280w\" sizes=\"auto, (max-width: 155px) 100vw, 155px\" \/><\/a>BELLUNO<\/strong> A Belluno, Piazza Duomo si trasforma per un weekend in bocciodromo: si svolgeranno infatti tra il 6 e il luglio nel centro del capoluogo le finali dei campionati nazionali di bocce.<\/p>\n<p><strong>DI DANIELE DALVIT<\/strong><\/p>\n<audio class=\"wp-audio-shortcode\" id=\"audio-396596-12\" preload=\"none\" style=\"width: 100%;\" controls=\"controls\"><source type=\"audio\/mpeg\" src=\"https:\/\/www.radiopiu.net\/wordpress\/wp-content\/uploads\/2024\/06\/Servizio-Finali-Bocce-Piazza-Duomo.mp3?_=12\" \/><a href=\"https:\/\/www.radiopiu.net\/wordpress\/wp-content\/uploads\/2024\/06\/Servizio-Finali-Bocce-Piazza-Duomo.mp3\">https:\/\/www.radiopiu.net\/wordpress\/wp-content\/uploads\/2024\/06\/Servizio-Finali-Bocce-Piazza-Duomo.mp3<\/a><\/audio>\n<p>&nbsp;<\/p>\n<p><span style=\"color: #0000ff;\"><strong>MOUNTAIN BIKE<\/strong><\/span><\/p>\n<blockquote>\n<h3>INIZIA LA TRE GIORNI DI ALPAGO BIKE FUNTASTIC<\/h3>\n<\/blockquote>\n<p><a class=\"dt-pswp-item\" href=\"https:\/\/www.radiopiu.net\/wordpress\/wp-content\/uploads\/2024\/06\/alpago-bike-funtastic-2023-partenza-credito-Mario-Pierguidi.jpg\" data-dt-img-description=\"\" data-large_image_width=\"2000\" data-large_image_height=\"1333\"><img loading=\"lazy\" decoding=\"async\" class=\" wp-image-396710 alignleft\" src=\"https:\/\/www.radiopiu.net\/wordpress\/wp-content\/uploads\/2024\/06\/alpago-bike-funtastic-2023-partenza-credito-Mario-Pierguidi-300x200.jpg\" alt=\"\" width=\"215\" height=\"143\" srcset=\"https:\/\/www.radiopiu.net\/wordpress\/wp-content\/uploads\/2024\/06\/alpago-bike-funtastic-2023-partenza-credito-Mario-Pierguidi-300x200.jpg 300w, https:\/\/www.radiopiu.net\/wordpress\/wp-content\/uploads\/2024\/06\/alpago-bike-funtastic-2023-partenza-credito-Mario-Pierguidi-1024x682.jpg 1024w, https:\/\/www.radiopiu.net\/wordpress\/wp-content\/uploads\/2024\/06\/alpago-bike-funtastic-2023-partenza-credito-Mario-Pierguidi-768x512.jpg 768w, https:\/\/www.radiopiu.net\/wordpress\/wp-content\/uploads\/2024\/06\/alpago-bike-funtastic-2023-partenza-credito-Mario-Pierguidi-1536x1024.jpg 1536w, https:\/\/www.radiopiu.net\/wordpress\/wp-content\/uploads\/2024\/06\/alpago-bike-funtastic-2023-partenza-credito-Mario-Pierguidi.jpg 2000w\" sizes=\"auto, (max-width: 215px) 100vw, 215px\" \/><\/a>Oggi inizier\u00e0 l&#8217;Alpago Bike Funtastic a Lamosano di Chies d&#8217;Alpago (Belluno), una tre giorni dedicata alla mountain bike. La prima giornata sar\u00e0 dedicata al Campionato Italiano Team Relay con gare a partire dalle 14. Sabato 29 giugno si svolger\u00e0 la quarta e ultima prova delle Internazionali d\u2019Italia Series, con gare dalle 9.30. Domenica 30 giugno sar\u00e0 dedicata alle categorie giovanili con gare nazionali dalle 8.30. Ci saranno 800 concorrenti in totale, con l&#8217;organizzazione coordinata da Paolo Zanon. Eventi collaterali includono la visione della partita Italia-Svizzera sabato sera e il Green Orange Fluo Party. Domenica si terr\u00e0 l&#8217;Alpago Bike &amp; Food, un&#8217;escursione per scoprire i sentieri dell&#8217;Alpago e i prodotti locali, con due percorsi disponibili.<\/p>\n<p>&nbsp;<\/p>\n<hr \/>\n<p>&nbsp;<\/p>\n<h2><span style=\"color: #ffcc00;\">GOODBYE BY BICICLE&#8230;UN VIAGGIO DALL&#8217;INDIA A SEREN DEL GRAPPA IN BICICLETTA<\/span><\/h2>\n<p><span style=\"color: #ff0000;\"><strong>PUNTATA 19 &#8211; LA BELLEZZA DEL TIBET TRA LE CIME PIU&#8217; ALTE DEL MONDO<\/strong><\/span><\/p>\n<audio class=\"wp-audio-shortcode\" id=\"audio-396596-13\" preload=\"none\" style=\"width: 100%;\" controls=\"controls\"><source type=\"audio\/mpeg\" src=\"https:\/\/www.radiopiu.net\/wordpress\/wp-content\/uploads\/2024\/06\/AIRE-INDIA-PUNTATA-19.mp3?_=13\" \/><a href=\"https:\/\/www.radiopiu.net\/wordpress\/wp-content\/uploads\/2024\/06\/AIRE-INDIA-PUNTATA-19.mp3\">https:\/\/www.radiopiu.net\/wordpress\/wp-content\/uploads\/2024\/06\/AIRE-INDIA-PUNTATA-19.mp3<\/a><\/audio>\n<p>&nbsp;<\/p>\n\n\t\t\t<style type='text\/css'>\n\t\t\t\t#gallery-4 {\n\t\t\t\t\tmargin: auto;\n\t\t\t\t}\n\t\t\t\t#gallery-4 .gallery-item {\n\t\t\t\t\tfloat: left;\n\t\t\t\t\tmargin-top: 10px;\n\t\t\t\t\ttext-align: center;\n\t\t\t\t\twidth: 20%;\n\t\t\t\t}\n\t\t\t\t#gallery-4 img {\n\t\t\t\t\tborder: 2px solid #cfcfcf;\n\t\t\t\t}\n\t\t\t\t#gallery-4 .gallery-caption {\n\t\t\t\t\tmargin-left: 0;\n\t\t\t\t}\n\t\t\t\t\/* see gallery_shortcode() in wp-includes\/media.php *\/\n\t\t\t<\/style>\n\t\t<div id='gallery-4' class='dt-gallery-container gallery galleryid-396596 gallery-columns-5 gallery-size-thumbnail'><dl class='gallery-item'>\n\t\t\t\t<dt class='gallery-icon landscape'>\n\t\t\t\t\t<a class=\"rollover rollover-zoom dt-pswp-item\" title=\"730fa4d4-046b-47e1-8e4b-2f58f529267e\" data-dt-img-description=\"\" data-large_image_width=\"1600\" data-large_image_height=\"1200\"href='https:\/\/www.radiopiu.net\/wordpress\/wp-content\/uploads\/2024\/06\/730fa4d4-046b-47e1-8e4b-2f58f529267e.jpg'><img loading=\"lazy\" decoding=\"async\" width=\"150\" height=\"150\" src=\"https:\/\/www.radiopiu.net\/wordpress\/wp-content\/uploads\/2024\/06\/730fa4d4-046b-47e1-8e4b-2f58f529267e-150x150.jpg\" class=\"attachment-thumbnail size-thumbnail\" alt=\"\" \/><\/a>\n\t\t\t\t<\/dt><\/dl><dl class='gallery-item'>\n\t\t\t\t<dt class='gallery-icon portrait'>\n\t\t\t\t\t<a class=\"rollover rollover-zoom dt-pswp-item\" title=\"f4f388c7-5649-4f72-b745-10f75dff6374\" data-dt-img-description=\"\" data-large_image_width=\"1143\" data-large_image_height=\"1600\"href='https:\/\/www.radiopiu.net\/wordpress\/wp-content\/uploads\/2024\/06\/f4f388c7-5649-4f72-b745-10f75dff6374.jpg'><img loading=\"lazy\" decoding=\"async\" width=\"150\" height=\"150\" src=\"https:\/\/www.radiopiu.net\/wordpress\/wp-content\/uploads\/2024\/06\/f4f388c7-5649-4f72-b745-10f75dff6374-150x150.jpg\" class=\"attachment-thumbnail size-thumbnail\" alt=\"\" \/><\/a>\n\t\t\t\t<\/dt><\/dl><dl class='gallery-item'>\n\t\t\t\t<dt class='gallery-icon landscape'>\n\t\t\t\t\t<a class=\"rollover rollover-zoom dt-pswp-item\" title=\"3e4c45c7-0118-4463-b7eb-250ed9d55541\" data-dt-img-description=\"\" data-large_image_width=\"2000\" data-large_image_height=\"1500\"href='https:\/\/www.radiopiu.net\/wordpress\/wp-content\/uploads\/2024\/06\/3e4c45c7-0118-4463-b7eb-250ed9d55541.jpg'><img loading=\"lazy\" decoding=\"async\" width=\"150\" height=\"150\" src=\"https:\/\/www.radiopiu.net\/wordpress\/wp-content\/uploads\/2024\/06\/3e4c45c7-0118-4463-b7eb-250ed9d55541-150x150.jpg\" class=\"attachment-thumbnail size-thumbnail\" alt=\"\" \/><\/a>\n\t\t\t\t<\/dt><\/dl><dl class='gallery-item'>\n\t\t\t\t<dt class='gallery-icon landscape'>\n\t\t\t\t\t<a class=\"rollover rollover-zoom dt-pswp-item\" title=\"743db94b-167e-400d-9a51-46a3ab49b4c7\" data-dt-img-description=\"\" data-large_image_width=\"1600\" data-large_image_height=\"1200\"href='https:\/\/www.radiopiu.net\/wordpress\/wp-content\/uploads\/2024\/06\/743db94b-167e-400d-9a51-46a3ab49b4c7.jpg'><img loading=\"lazy\" decoding=\"async\" width=\"150\" height=\"150\" src=\"https:\/\/www.radiopiu.net\/wordpress\/wp-content\/uploads\/2024\/06\/743db94b-167e-400d-9a51-46a3ab49b4c7-150x150.jpg\" class=\"attachment-thumbnail size-thumbnail\" alt=\"\" \/><\/a>\n\t\t\t\t<\/dt><\/dl><dl class='gallery-item'>\n\t\t\t\t<dt class='gallery-icon landscape'>\n\t\t\t\t\t<a class=\"rollover rollover-zoom dt-pswp-item\" title=\"ad263c0a-17ff-4897-bd8d-24176612563e\" data-dt-img-description=\"\" data-large_image_width=\"1600\" data-large_image_height=\"1200\"href='https:\/\/www.radiopiu.net\/wordpress\/wp-content\/uploads\/2024\/06\/ad263c0a-17ff-4897-bd8d-24176612563e.jpg'><img loading=\"lazy\" decoding=\"async\" width=\"150\" height=\"150\" src=\"https:\/\/www.radiopiu.net\/wordpress\/wp-content\/uploads\/2024\/06\/ad263c0a-17ff-4897-bd8d-24176612563e-150x150.jpg\" class=\"attachment-thumbnail size-thumbnail\" alt=\"\" \/><\/a>\n\t\t\t\t<\/dt><\/dl><br style=\"clear: both\" \/>\n\t\t\t<\/div>\n\n<p>&nbsp;<\/p>\n<p>&nbsp;<\/p>\n<p>&nbsp;<\/p>\n<p>&nbsp;<\/p>\n","protected":false},"excerpt":{"rendered":"<p>******* &nbsp; IL BUONGIORNO DALL&#8217;ALTRO, MONT ALT DI FRAMONT SOPRA AGORDO. UNO SGUARDO SULLA CONCA AGORDINA, VALLE DI SAN LUCANO, TAIBON. foto di Barbara Benvegn\u00f9\u00a0 &nbsp; &nbsp; ATTENZIONE: LA NUOVA APP PER IOS-IPHONE di Nicola Vettorello https:\/\/apps.apple.com\/it\/app\/radio-pi%C3%B9-emittente-agordina\/id1515939845 ATTENZIONE: LA NUOVA APP RADIO\u00a0 PER ANDROID di Nicola Vettorello https:\/\/play.google.com\/store\/apps\/details?id=net.radiopiu.iniko\u00a0\u00a0\u00a0 &nbsp; &nbsp; &nbsp; OGGI ALLA RADIO:\u00a0ALLE 6.15&hellip;<\/p>\n","protected":false},"author":4,"featured_media":396680,"comment_status":"closed","ping_status":"closed","sticky":false,"template":"","format":"standard","meta":{"_monsterinsights_skip_tracking":false,"_monsterinsights_sitenote_active":false,"_monsterinsights_sitenote_note":"","_monsterinsights_sitenote_category":0,"footnotes":""},"categories":[51,86,49],"tags":[],"class_list":["post-396596","post","type-post","status-publish","format-standard","has-post-thumbnail","hentry","category-evidenza-top","category-gr","category-news-18","category-51","category-86","category-49","description-off"],"img_url":"https:\/\/www.radiopiu.net\/wordpress\/wp-content\/uploads\/2024\/06\/WhatsApp-Image-2024-06-27-at-15.28.31.jpeg","_links":{"self":[{"href":"https:\/\/www.radiopiu.net\/wordpress\/wp-json\/wp\/v2\/posts\/396596","targetHints":{"allow":["GET"]}}],"collection":[{"href":"https:\/\/www.radiopiu.net\/wordpress\/wp-json\/wp\/v2\/posts"}],"about":[{"href":"https:\/\/www.radiopiu.net\/wordpress\/wp-json\/wp\/v2\/types\/post"}],"author":[{"embeddable":true,"href":"https:\/\/www.radiopiu.net\/wordpress\/wp-json\/wp\/v2\/users\/4"}],"replies":[{"embeddable":true,"href":"https:\/\/www.radiopiu.net\/wordpress\/wp-json\/wp\/v2\/comments?post=396596"}],"version-history":[{"count":0,"href":"https:\/\/www.radiopiu.net\/wordpress\/wp-json\/wp\/v2\/posts\/396596\/revisions"}],"wp:featuredmedia":[{"embeddable":true,"href":"https:\/\/www.radiopiu.net\/wordpress\/wp-json\/wp\/v2\/media\/396680"}],"wp:attachment":[{"href":"https:\/\/www.radiopiu.net\/wordpress\/wp-json\/wp\/v2\/media?parent=396596"}],"wp:term":[{"taxonomy":"category","embeddable":true,"href":"https:\/\/www.radiopiu.net\/wordpress\/wp-json\/wp\/v2\/categories?post=396596"},{"taxonomy":"post_tag","embeddable":true,"href":"https:\/\/www.radiopiu.net\/wordpress\/wp-json\/wp\/v2\/tags?post=396596"}],"curies":[{"name":"wp","href":"https:\/\/api.w.org\/{rel}","templated":true}]}}