{"id":396607,"date":"2024-06-27T04:58:35","date_gmt":"2024-06-27T02:58:35","guid":{"rendered":"https:\/\/www.radiopiu.net\/wordpress\/?p=396607"},"modified":"2024-06-27T04:58:35","modified_gmt":"2024-06-27T02:58:35","slug":"campeggio-in-zoldo-domenica-sit-int-di-protesta","status":"publish","type":"post","link":"https:\/\/www.radiopiu.net\/wordpress\/campeggio-in-zoldo-domenica-sit-int-di-protesta\/","title":{"rendered":"CAMPEGGIO IN ZOLDO,  DOMENICA SIT-INT DI PROTESTA"},"content":{"rendered":"<p>&nbsp;<\/p>\n<p>&nbsp;<\/p>\n<hr \/>\n<hr \/>\n<h3><img loading=\"lazy\" decoding=\"async\" class=\"alignleft\" src=\"https:\/\/www.radiopiu.net\/wordpress\/wp-content\/uploads\/2024\/06\/IMG-20240622-WA0004.jpg\" width=\"252\" height=\"302\" \/><\/h3>\n<blockquote>\n<h3>Sospeso il Campeggio Studentesco di Pralongo<\/h3>\n<\/blockquote>\n<p>Il campeggio studentesco &#8220;Italo De Cian&#8221; di Pralongo, dopo 50 anni di attivit\u00e0, \u00e8 stato sospeso per criticit\u00e0 burocratiche. Organizzato dall&#8217;Istituto Comprensivo Val di Zoldo e indetto dal Ministero della Pubblica Istruzione, ha visto la partecipazione di oltre 25.000 studenti. La sospensione ha causato un forte disagio tra le famiglie, portando a una petizione che ha raccolto 3200 firme. Domenica 30 giugno alle ore 10, si terr\u00e0 un sit-in di protesta a Pralongo, presso il campo sportivo, per sostenere il valore educativo dell&#8217;iniziativa.<\/p>\n<p>&nbsp;<\/p>\n<hr \/>\n<p>&nbsp;<\/p>\n<h1>archivio radiopiu<\/h1>\n<blockquote class=\"wp-embedded-content\" data-secret=\"m77GEetx5V\"><p><a href=\"https:\/\/www.radiopiu.net\/wordpress\/campeggio-studentesco\/\">DILLO A RADIO PIU&#8217;&#8230;.NON E&#8217; POSSIBILE, PERSA LA SFIDA EDUCATIVA<\/a><\/p><\/blockquote>\n<p><iframe loading=\"lazy\" class=\"wp-embedded-content\" sandbox=\"allow-scripts\" security=\"restricted\" style=\"position: absolute; clip: rect(1px, 1px, 1px, 1px);\" title=\"&#8220;DILLO A RADIO PIU&#8217;&#8230;.NON E&#8217; POSSIBILE, PERSA LA SFIDA EDUCATIVA&#8221; &#8212; Radio Pi\u00f9\" src=\"https:\/\/www.radiopiu.net\/wordpress\/campeggio-studentesco\/embed\/#?secret=ilQeYeCPW3#?secret=m77GEetx5V\" data-secret=\"m77GEetx5V\" width=\"600\" height=\"338\" frameborder=\"0\" marginwidth=\"0\" marginheight=\"0\" scrolling=\"no\"><\/iframe><\/p>\n<p>&nbsp;<\/p>\n<blockquote class=\"wp-embedded-content\" data-secret=\"g9Jl84dGLS\"><p><a href=\"https:\/\/www.radiopiu.net\/wordpress\/campeggio-pralongo-lettera-al-sindaco\/\">campeggio Pralongo, lettera al sindaco<\/a><\/p><\/blockquote>\n<p><iframe loading=\"lazy\" class=\"wp-embedded-content\" sandbox=\"allow-scripts\" security=\"restricted\" style=\"position: absolute; clip: rect(1px, 1px, 1px, 1px);\" title=\"&#8220;campeggio Pralongo, lettera al sindaco&#8221; &#8212; Radio Pi\u00f9\" src=\"https:\/\/www.radiopiu.net\/wordpress\/campeggio-pralongo-lettera-al-sindaco\/embed\/#?secret=34rCZ8GiLm#?secret=g9Jl84dGLS\" data-secret=\"g9Jl84dGLS\" width=\"600\" height=\"338\" frameborder=\"0\" marginwidth=\"0\" marginheight=\"0\" scrolling=\"no\"><\/iframe><\/p>\n<p>&nbsp;<\/p>\n<p>&nbsp;<\/p>\n<p>&nbsp;<\/p>\n","protected":false},"excerpt":{"rendered":"<p>&nbsp; &nbsp; Sospeso il Campeggio Studentesco di Pralongo Il campeggio studentesco &#8220;Italo De Cian&#8221; di Pralongo, dopo 50 anni di attivit\u00e0, \u00e8 stato sospeso per criticit\u00e0 burocratiche. Organizzato dall&#8217;Istituto Comprensivo Val di Zoldo e indetto dal Ministero della Pubblica Istruzione, ha visto la partecipazione di oltre 25.000 studenti. La sospensione ha causato un forte disagio&hellip;<\/p>\n","protected":false},"author":4,"featured_media":396608,"comment_status":"closed","ping_status":"closed","sticky":false,"template":"","format":"standard","meta":{"_monsterinsights_skip_tracking":false,"_monsterinsights_sitenote_active":false,"_monsterinsights_sitenote_note":"","_monsterinsights_sitenote_category":0,"footnotes":""},"categories":[51,49],"tags":[],"class_list":["post-396607","post","type-post","status-publish","format-standard","has-post-thumbnail","hentry","category-evidenza-top","category-news-18","category-51","category-49","description-off"],"img_url":"https:\/\/www.radiopiu.net\/wordpress\/wp-content\/uploads\/2024\/06\/IMG-20240622-WA0004.jpg","_links":{"self":[{"href":"https:\/\/www.radiopiu.net\/wordpress\/wp-json\/wp\/v2\/posts\/396607","targetHints":{"allow":["GET"]}}],"collection":[{"href":"https:\/\/www.radiopiu.net\/wordpress\/wp-json\/wp\/v2\/posts"}],"about":[{"href":"https:\/\/www.radiopiu.net\/wordpress\/wp-json\/wp\/v2\/types\/post"}],"author":[{"embeddable":true,"href":"https:\/\/www.radiopiu.net\/wordpress\/wp-json\/wp\/v2\/users\/4"}],"replies":[{"embeddable":true,"href":"https:\/\/www.radiopiu.net\/wordpress\/wp-json\/wp\/v2\/comments?post=396607"}],"version-history":[{"count":0,"href":"https:\/\/www.radiopiu.net\/wordpress\/wp-json\/wp\/v2\/posts\/396607\/revisions"}],"wp:featuredmedia":[{"embeddable":true,"href":"https:\/\/www.radiopiu.net\/wordpress\/wp-json\/wp\/v2\/media\/396608"}],"wp:attachment":[{"href":"https:\/\/www.radiopiu.net\/wordpress\/wp-json\/wp\/v2\/media?parent=396607"}],"wp:term":[{"taxonomy":"category","embeddable":true,"href":"https:\/\/www.radiopiu.net\/wordpress\/wp-json\/wp\/v2\/categories?post=396607"},{"taxonomy":"post_tag","embeddable":true,"href":"https:\/\/www.radiopiu.net\/wordpress\/wp-json\/wp\/v2\/tags?post=396607"}],"curies":[{"name":"wp","href":"https:\/\/api.w.org\/{rel}","templated":true}]}}