{"id":396612,"date":"2024-06-27T05:15:50","date_gmt":"2024-06-27T03:15:50","guid":{"rendered":"https:\/\/www.radiopiu.net\/wordpress\/?p=396612"},"modified":"2024-06-27T08:44:22","modified_gmt":"2024-06-27T06:44:22","slug":"ad-agordo-i-vertici-luxottica-o-monumento","status":"publish","type":"post","link":"https:\/\/www.radiopiu.net\/wordpress\/ad-agordo-i-vertici-luxottica-o-monumento\/","title":{"rendered":"AD AGORDO I VERTICI LUXOTTICA OGGI CELEBRANO DEL VECCHIO E INAUGURANO UN NUOVO MONUMENTO"},"content":{"rendered":"<p>***<\/p>\n<h3><a class=\"dt-pswp-item\" href=\"https:\/\/www.radiopiu.net\/wordpress\/wp-content\/uploads\/2024\/06\/7479bbca-e28e-4f89-858f-6649d9c956ca.jpg\" data-dt-img-description=\"\" data-large_image_width=\"1600\" data-large_image_height=\"1200\"><img loading=\"lazy\" decoding=\"async\" class=\" wp-image-396626 alignleft\" src=\"https:\/\/www.radiopiu.net\/wordpress\/wp-content\/uploads\/2024\/06\/7479bbca-e28e-4f89-858f-6649d9c956ca-300x225.jpg\" alt=\"\" width=\"223\" height=\"167\" srcset=\"https:\/\/www.radiopiu.net\/wordpress\/wp-content\/uploads\/2024\/06\/7479bbca-e28e-4f89-858f-6649d9c956ca-300x225.jpg 300w, https:\/\/www.radiopiu.net\/wordpress\/wp-content\/uploads\/2024\/06\/7479bbca-e28e-4f89-858f-6649d9c956ca-1024x768.jpg 1024w, https:\/\/www.radiopiu.net\/wordpress\/wp-content\/uploads\/2024\/06\/7479bbca-e28e-4f89-858f-6649d9c956ca-768x576.jpg 768w, https:\/\/www.radiopiu.net\/wordpress\/wp-content\/uploads\/2024\/06\/7479bbca-e28e-4f89-858f-6649d9c956ca-1536x1152.jpg 1536w, https:\/\/www.radiopiu.net\/wordpress\/wp-content\/uploads\/2024\/06\/7479bbca-e28e-4f89-858f-6649d9c956ca.jpg 1600w\" sizes=\"auto, (max-width: 223px) 100vw, 223px\" \/><\/a>ANNIVERSARIO MORTE LEONARDO DEL VECCHIO: UN MINUTO DI RACCOGLIMENTO IN TUTTI GLI STABILIMENTI ESSILORLUXOTTICA, in localit\u00e0 Valcozzena davanti alla casa nella &#8220;fabbrica&#8221; di Leonardo un nuovo Monumento a futura memoria, oggi lo scoprimento e l&#8217;inaugurazione<\/h3>\n<p>&nbsp;<\/p>\n<p>&nbsp;<\/p>\n<p><strong><img loading=\"lazy\" decoding=\"async\" class=\"alignleft\" src=\"https:\/\/www.radiopiu.net\/wordpress\/wp-content\/uploads\/2022\/06\/Del-Vecchio.jpg\" width=\"217\" height=\"119\" \/>AGORDO<\/strong> In occasione del secondo anniversario della scomparsa del Fondatore di Luxottica Leonardo Del Vecchio, oggi\u00a0 alle 11:30 tutti gli stabilimenti e le sedi osserveranno un minuto di silenzio preceduto da un segnale acustico. Alle 18\u00a0 messa\u00a0 in chiesa<\/p>\n<p><strong>SEDICO<\/strong> Oggi alle 18 alla chiesa di Mas si celebrer\u00e0 una funzione in memoria di Leonardo Del Vecchio, chi volesse unirsi in sua memoria sar\u00e0 il benvenuto. La funzione \u00e8 stata voluta da alcuni dipendenti che vorrebbero solo un raccoglimento di colleghi per pregare e ricordarlo con una preghiera dal cuore<\/p>\n<p><span style=\"color: #ff0000;\"><strong>ARCHIVIO RADIO PIU&#8217;&#8230;.. LEONARDO DEL VECCHIO DALLA LUXOTTICA DI AGORDO<\/strong><\/span><\/p>\n<audio class=\"wp-audio-shortcode\" id=\"audio-396612-1\" preload=\"none\" style=\"width: 100%;\" controls=\"controls\"><source type=\"audio\/mpeg\" src=\"https:\/\/www.radiopiu.net\/wordpress\/wp-content\/uploads\/2022\/06\/Intervista-Del-Vecchio-e-Vian.mp3?_=1\" \/><a href=\"https:\/\/www.radiopiu.net\/wordpress\/wp-content\/uploads\/2022\/06\/Intervista-Del-Vecchio-e-Vian.mp3\">https:\/\/www.radiopiu.net\/wordpress\/wp-content\/uploads\/2022\/06\/Intervista-Del-Vecchio-e-Vian.mp3<\/a><\/audio>\n<p><strong>ARCHIVIO RADIOPIU L&#8217;ABBRACCIO <\/strong><\/p>\n<audio class=\"wp-audio-shortcode\" id=\"audio-396612-2\" preload=\"none\" style=\"width: 100%;\" controls=\"controls\"><source type=\"audio\/mpeg\" src=\"https:\/\/www.radiopiu.net\/wordpress\/wp-content\/uploads\/2022\/06\/RICORDO-DEL-VECCHIO-CONSIGLIO-RIVAMONTE.mp3?_=2\" \/><a href=\"https:\/\/www.radiopiu.net\/wordpress\/wp-content\/uploads\/2022\/06\/RICORDO-DEL-VECCHIO-CONSIGLIO-RIVAMONTE.mp3\">https:\/\/www.radiopiu.net\/wordpress\/wp-content\/uploads\/2022\/06\/RICORDO-DEL-VECCHIO-CONSIGLIO-RIVAMONTE.mp3<\/a><\/audio>\n<p>&nbsp;<\/p>\n<p><strong><a class=\"dt-pswp-item\" href=\"https:\/\/www.radiopiu.net\/wordpress\/wp-content\/uploads\/2024\/06\/Senza-nome-77.png\" data-dt-img-description=\"\" data-large_image_width=\"303\" data-large_image_height=\"230\"><img loading=\"lazy\" decoding=\"async\" class=\"size-medium wp-image-396613 aligncenter\" src=\"https:\/\/www.radiopiu.net\/wordpress\/wp-content\/uploads\/2024\/06\/Senza-nome-77-300x228.png\" alt=\"\" width=\"300\" height=\"228\" srcset=\"https:\/\/www.radiopiu.net\/wordpress\/wp-content\/uploads\/2024\/06\/Senza-nome-77-300x228.png 300w, https:\/\/www.radiopiu.net\/wordpress\/wp-content\/uploads\/2024\/06\/Senza-nome-77.png 303w\" sizes=\"auto, (max-width: 300px) 100vw, 300px\" \/><\/a><\/strong><\/p>\n<p>&nbsp;<\/p>\n<p><strong>ARCHIVIO RADIOPIU NICOLETTA ZAMPILLO<\/strong><\/p>\n<audio class=\"wp-audio-shortcode\" id=\"audio-396612-3\" preload=\"none\" style=\"width: 100%;\" controls=\"controls\"><source type=\"audio\/mpeg\" src=\"https:\/\/www.radiopiu.net\/wordpress\/wp-content\/uploads\/2022\/06\/NICOLETTA-ZAMPILLO-MOGLIE-DEL-VECCHIO.mp3?_=3\" \/><a href=\"https:\/\/www.radiopiu.net\/wordpress\/wp-content\/uploads\/2022\/06\/NICOLETTA-ZAMPILLO-MOGLIE-DEL-VECCHIO.mp3\">https:\/\/www.radiopiu.net\/wordpress\/wp-content\/uploads\/2022\/06\/NICOLETTA-ZAMPILLO-MOGLIE-DEL-VECCHIO.mp3<\/a><\/audio>\n<p><strong>ARCHIVIO RADIOPIU CLAUDIO DEL VECCHIO<\/strong><\/p>\n<audio class=\"wp-audio-shortcode\" id=\"audio-396612-4\" preload=\"none\" style=\"width: 100%;\" controls=\"controls\"><source type=\"audio\/mpeg\" src=\"https:\/\/www.radiopiu.net\/wordpress\/wp-content\/uploads\/2022\/06\/CLAUDIO-DEL-VECCHIO.mp3?_=4\" \/><a href=\"https:\/\/www.radiopiu.net\/wordpress\/wp-content\/uploads\/2022\/06\/CLAUDIO-DEL-VECCHIO.mp3\">https:\/\/www.radiopiu.net\/wordpress\/wp-content\/uploads\/2022\/06\/CLAUDIO-DEL-VECCHIO.mp3<\/a><\/audio>\n<p><strong>ARCHIVIO RADIOPIU CLEMENTE DEL VECCHIO<\/strong><\/p>\n<audio class=\"wp-audio-shortcode\" id=\"audio-396612-5\" preload=\"none\" style=\"width: 100%;\" controls=\"controls\"><source type=\"audio\/mpeg\" src=\"https:\/\/www.radiopiu.net\/wordpress\/wp-content\/uploads\/2022\/06\/CLEMENTE-DEL-VECCHIO.mp3?_=5\" \/><a href=\"https:\/\/www.radiopiu.net\/wordpress\/wp-content\/uploads\/2022\/06\/CLEMENTE-DEL-VECCHIO.mp3\">https:\/\/www.radiopiu.net\/wordpress\/wp-content\/uploads\/2022\/06\/CLEMENTE-DEL-VECCHIO.mp3<\/a><\/audio>\n<p><strong>ARCHIVIO LEONARDO MARIA DEL VECCHIO<\/strong><\/p>\n<audio class=\"wp-audio-shortcode\" id=\"audio-396612-6\" preload=\"none\" style=\"width: 100%;\" controls=\"controls\"><source type=\"audio\/mpeg\" src=\"https:\/\/www.radiopiu.net\/wordpress\/wp-content\/uploads\/2022\/06\/LEONARDO-MARIA-DEL-VECCHIO.mp3?_=6\" \/><a href=\"https:\/\/www.radiopiu.net\/wordpress\/wp-content\/uploads\/2022\/06\/LEONARDO-MARIA-DEL-VECCHIO.mp3\">https:\/\/www.radiopiu.net\/wordpress\/wp-content\/uploads\/2022\/06\/LEONARDO-MARIA-DEL-VECCHIO.mp3<\/a><\/audio>\n<p>&nbsp;<\/p>\n<blockquote class=\"wp-embedded-content\" data-secret=\"TVEVk18k8s\"><p><a href=\"https:\/\/www.radiopiu.net\/wordpress\/i-funerali-di-leonardo-del-vecchio-diretta\/\">I FUNERALI DI LEONARDO DEL VECCHIO &#8211; DIRETTA<\/a><\/p><\/blockquote>\n<p><iframe loading=\"lazy\" class=\"wp-embedded-content\" sandbox=\"allow-scripts\" security=\"restricted\" style=\"position: absolute; clip: rect(1px, 1px, 1px, 1px);\" title=\"&#8220;I FUNERALI DI LEONARDO DEL VECCHIO &#8211; DIRETTA&#8221; &#8212; Radio Pi\u00f9\" src=\"https:\/\/www.radiopiu.net\/wordpress\/i-funerali-di-leonardo-del-vecchio-diretta\/embed\/#?secret=AGDidxgQo6#?secret=TVEVk18k8s\" data-secret=\"TVEVk18k8s\" width=\"600\" height=\"338\" frameborder=\"0\" marginwidth=\"0\" marginheight=\"0\" scrolling=\"no\"><\/iframe><\/p>\n","protected":false},"excerpt":{"rendered":"<p>*** ANNIVERSARIO MORTE LEONARDO DEL VECCHIO: UN MINUTO DI RACCOGLIMENTO IN TUTTI GLI STABILIMENTI ESSILORLUXOTTICA, in localit\u00e0 Valcozzena davanti alla casa nella &#8220;fabbrica&#8221; di Leonardo un nuovo Monumento a futura memoria, oggi lo scoprimento e l&#8217;inaugurazione &nbsp; &nbsp; AGORDO In occasione del secondo anniversario della scomparsa del Fondatore di Luxottica Leonardo Del Vecchio, oggi\u00a0 alle&hellip;<\/p>\n","protected":false},"author":4,"featured_media":324828,"comment_status":"closed","ping_status":"closed","sticky":false,"template":"","format":"standard","meta":{"_monsterinsights_skip_tracking":false,"_monsterinsights_sitenote_active":false,"_monsterinsights_sitenote_note":"","_monsterinsights_sitenote_category":0,"footnotes":""},"categories":[51,49],"tags":[],"class_list":["post-396612","post","type-post","status-publish","format-standard","has-post-thumbnail","hentry","category-evidenza-top","category-news-18","category-51","category-49","description-off"],"img_url":"https:\/\/www.radiopiu.net\/wordpress\/wp-content\/uploads\/2023\/03\/leonardo_del_vecchio_1300x400_0.jpg","_links":{"self":[{"href":"https:\/\/www.radiopiu.net\/wordpress\/wp-json\/wp\/v2\/posts\/396612","targetHints":{"allow":["GET"]}}],"collection":[{"href":"https:\/\/www.radiopiu.net\/wordpress\/wp-json\/wp\/v2\/posts"}],"about":[{"href":"https:\/\/www.radiopiu.net\/wordpress\/wp-json\/wp\/v2\/types\/post"}],"author":[{"embeddable":true,"href":"https:\/\/www.radiopiu.net\/wordpress\/wp-json\/wp\/v2\/users\/4"}],"replies":[{"embeddable":true,"href":"https:\/\/www.radiopiu.net\/wordpress\/wp-json\/wp\/v2\/comments?post=396612"}],"version-history":[{"count":0,"href":"https:\/\/www.radiopiu.net\/wordpress\/wp-json\/wp\/v2\/posts\/396612\/revisions"}],"wp:featuredmedia":[{"embeddable":true,"href":"https:\/\/www.radiopiu.net\/wordpress\/wp-json\/wp\/v2\/media\/324828"}],"wp:attachment":[{"href":"https:\/\/www.radiopiu.net\/wordpress\/wp-json\/wp\/v2\/media?parent=396612"}],"wp:term":[{"taxonomy":"category","embeddable":true,"href":"https:\/\/www.radiopiu.net\/wordpress\/wp-json\/wp\/v2\/categories?post=396612"},{"taxonomy":"post_tag","embeddable":true,"href":"https:\/\/www.radiopiu.net\/wordpress\/wp-json\/wp\/v2\/tags?post=396612"}],"curies":[{"name":"wp","href":"https:\/\/api.w.org\/{rel}","templated":true}]}}