{"id":396693,"date":"2024-06-27T16:29:10","date_gmt":"2024-06-27T14:29:10","guid":{"rendered":"https:\/\/www.radiopiu.net\/wordpress\/?p=396693"},"modified":"2024-06-28T05:40:12","modified_gmt":"2024-06-28T03:40:12","slug":"i-ragazzi-del-centro-estivo-a-lezione-dai-cacciatori","status":"publish","type":"post","link":"https:\/\/www.radiopiu.net\/wordpress\/i-ragazzi-del-centro-estivo-a-lezione-dai-cacciatori\/","title":{"rendered":"I RAGAZZI DEL CENTRO ESTIVO A LEZIONE DAI CACCIATORI"},"content":{"rendered":"<p>***<\/p>\n<p><strong>REDAZIONE<\/strong> I 27 soci dell&#8217;associazione cacciatori di Agordo non hanno come obiettivo solo un paio di corna da mettere in esposizione. Il loro impegno si dimostra anche attraverso azioni di volontariato per il territorio (pulizia boschi, sfalcio prati&#8230;) e incontro con le generazioni pi\u00f9 giovani. Ieri ad Agordo per esempio, dall&#8217;associazione cacciatori di Belluno \u00e8 infatti salito in via Ceramasse, sede dell&#8217;associazione agordina, Maurizio Barp, il vicepresidente che si \u00e8 intrattenuto con tanti ragazzi e ragazze del centro estivo parlando di animali e ambiente.<\/p>\n<h2>VIDEO OSPITI ANGELO RUMOR presidente ROBERTO CALDART segretario MAURIZIO BARP vice presidente Cacciatori Belluno<\/h2>\n<p><iframe loading=\"lazy\" title=\"CONOSCERE GLI ANIMALI FASTIDIOSI\" width=\"1200\" height=\"675\" src=\"https:\/\/www.youtube.com\/embed\/nMwPNv1HHqg?feature=oembed\" frameborder=\"0\" allow=\"accelerometer; autoplay; clipboard-write; encrypted-media; gyroscope; picture-in-picture; web-share\" referrerpolicy=\"strict-origin-when-cross-origin\" allowfullscreen><\/iframe><\/p>\n<p>&nbsp;<\/p>\n<p>&nbsp;<\/p>\n<hr \/>\n<p>&nbsp;<\/p>\n","protected":false},"excerpt":{"rendered":"<p>*** REDAZIONE I 27 soci dell&#8217;associazione cacciatori di Agordo non hanno come obiettivo solo un paio di corna da mettere in esposizione. Il loro impegno si dimostra anche attraverso azioni di volontariato per il territorio (pulizia boschi, sfalcio prati&#8230;) e incontro con le generazioni pi\u00f9 giovani. Ieri ad Agordo per esempio, dall&#8217;associazione cacciatori di Belluno&hellip;<\/p>\n","protected":false},"author":4,"featured_media":396695,"comment_status":"closed","ping_status":"closed","sticky":false,"template":"","format":"standard","meta":{"_monsterinsights_skip_tracking":false,"_monsterinsights_sitenote_active":false,"_monsterinsights_sitenote_note":"","_monsterinsights_sitenote_category":0,"footnotes":""},"categories":[51,49],"tags":[],"class_list":["post-396693","post","type-post","status-publish","format-standard","has-post-thumbnail","hentry","category-evidenza-top","category-news-18","category-51","category-49","description-off"],"img_url":"https:\/\/www.radiopiu.net\/wordpress\/wp-content\/uploads\/2024\/06\/Senza-nome-79.png","_links":{"self":[{"href":"https:\/\/www.radiopiu.net\/wordpress\/wp-json\/wp\/v2\/posts\/396693","targetHints":{"allow":["GET"]}}],"collection":[{"href":"https:\/\/www.radiopiu.net\/wordpress\/wp-json\/wp\/v2\/posts"}],"about":[{"href":"https:\/\/www.radiopiu.net\/wordpress\/wp-json\/wp\/v2\/types\/post"}],"author":[{"embeddable":true,"href":"https:\/\/www.radiopiu.net\/wordpress\/wp-json\/wp\/v2\/users\/4"}],"replies":[{"embeddable":true,"href":"https:\/\/www.radiopiu.net\/wordpress\/wp-json\/wp\/v2\/comments?post=396693"}],"version-history":[{"count":0,"href":"https:\/\/www.radiopiu.net\/wordpress\/wp-json\/wp\/v2\/posts\/396693\/revisions"}],"wp:featuredmedia":[{"embeddable":true,"href":"https:\/\/www.radiopiu.net\/wordpress\/wp-json\/wp\/v2\/media\/396695"}],"wp:attachment":[{"href":"https:\/\/www.radiopiu.net\/wordpress\/wp-json\/wp\/v2\/media?parent=396693"}],"wp:term":[{"taxonomy":"category","embeddable":true,"href":"https:\/\/www.radiopiu.net\/wordpress\/wp-json\/wp\/v2\/categories?post=396693"},{"taxonomy":"post_tag","embeddable":true,"href":"https:\/\/www.radiopiu.net\/wordpress\/wp-json\/wp\/v2\/tags?post=396693"}],"curies":[{"name":"wp","href":"https:\/\/api.w.org\/{rel}","templated":true}]}}