{"id":396735,"date":"2024-06-28T07:55:34","date_gmt":"2024-06-28T05:55:34","guid":{"rendered":"https:\/\/www.radiopiu.net\/wordpress\/?p=396735"},"modified":"2024-06-28T06:14:17","modified_gmt":"2024-06-28T04:14:17","slug":"dal-1983-la-rassegna-stampa-locale-e-su-radio-piu-loriginale-di-mirko-mezzacasa","status":"publish","type":"post","link":"https:\/\/www.radiopiu.net\/wordpress\/dal-1983-la-rassegna-stampa-locale-e-su-radio-piu-loriginale-di-mirko-mezzacasa\/","title":{"rendered":"dal 1983 LA RASSEGNA STAMPA LOCALE E&#8217; SU RADIO PIU&#8217;&#8230;. l&#8217;originale di mirko mezzacasa"},"content":{"rendered":"<p>***<\/p>\n<p>&nbsp;<\/p>\n<p>&nbsp;<\/p>\n<p><img loading=\"lazy\" decoding=\"async\" class=\"alignleft\" src=\"https:\/\/www.radiopiu.net\/wordpress\/wp-content\/uploads\/2024\/06\/copertina-6.png\" width=\"351\" height=\"222\" \/>AGORDO\u00a0 A due anni dalla scomparsa di Leonardo Del Vecchio, EssilorLuxottica ha voluto ricordare l\u2019uomo e l\u2019imprenditore svelando una imponente pietra dolomia alla sua memoria. Questo significativo omaggio \u00e8 stato posto ad Agordo, luogo simbolo per l\u2019azienda poich\u00e9 \u00e8 qui che Del Vecchio fond\u00f2 la sua azienda oltre 60 anni fa.<br \/>\nBELLUNO La Squadra Mobile di Belluno ha eseguito un&#8217;ordinanza cautelare coercitiva emessa dal Giudice per le Indagini Preliminari del Tribunale di Belluno, su richiesta della locale Procura della Repubblica, nei confronti di M.M., un diciannovenne. in concorso con altri coetanei, ha accerchiato un sedicenne davanti alla stazione ferroviaria di Belluno, impedendogli di allontanarsi e costringendolo con minacce di percosse a togliersi le scarpe e consegnarle.<br \/>\nBABY GANG,Dopo la tragedia di Udine e la rapina in citt\u00e0 \u00a0il presidente del Veneto Luca Zaia chiede una legge specifica per arginare il fenomeno delle bande giovanili che stanno provocando gravi problemi in tutto il Nord Est. E anche a Belluno si registrano casi di giovani bulli che hanno accerchiato e rapinato un ragazzo in stazione.<br \/>\nDILLO A RADIO PIU&#8217;&#8230;. SERVIZIO (?)\u00a0 NEL CAPOLUOGO?<br \/>\nREDAZIONE Nei giorni in cui la redazione \u00e8 invasa dai comunicati stampa di Poste Italiane che &#8220;strombazzano&#8221; i progetti Polis da un punto all&#8217;altro della provincia, ad Agordo la realt\u00e0 \u00e8 un&#8217;altra, altro che complimenti agli uomini che dirigono le Poste&#8230;. IERI L&#8217;ufficio di Taibon chiuso per lavori e ad\u00a0 Agordo nel piccolo camper all&#8217;aperto disagi per la mancanza della corrente elettrica.<br \/>\nCARCERI: 19 NUOVI AGENTI PER BELLUNO E TREVISO<br \/>\nROMA Il Governo continua a migliorare la sicurezza e la legalit\u00e0 nelle carceri italiane. Con la fine del 183\u00b0 Corso Allievi della Polizia Penitenziaria, 1704 nuovi agenti sono stati assegnati agli istituti penitenziari. Tra questi, 8 agenti andranno alla Casa Circondariale di Belluno e 11 all&#8217;Istituto Penale per Minorenni di Treviso.<br \/>\nBELLUNO Il Collegio dei Geometri di Belluno informa che il Ministero ha indetto gli esami di stato per la sessione 2024, necessari per l&#8217;iscrizione al Collegio dei Geometri.<\/p>\n<p>CORTINA\u00a0 Mezzogiorno tra le sirene a Cortina. Ieri all&#8217;ora di pranzo l&#8217;incidente che ha coinvolto un motociclista 58enne di Bolzano ricoverato al pronto soccorso di Cortina conferite di media gravit\u00e0.<br \/>\nCORTINA Un paio d&#8217;ore prima si era invece alzato in volo l&#8217;elicottero Falco per una chiama si soccorso dal Rifugio Faloria. Un sessantenne slovacca di 60 anni \u00e8 stato trasportato al Codivilla di Cortina ma solo per accertamenti<br \/>\nBELLUNO Ieri mattina alle 10 incidente a Belluno, unica ferita in modo lieve un&#8217;anziana di 82anni presa in carico dai sanitari del San Martino<br \/>\nBELLUNO Il mondo delle bocce piange Nadio Palman, morto ieri a 76 anni. Ex dipendente della Standa, era noto per la sua passione e abilit\u00e0 nel gioco delle bocce, tramandata al figlio Andrea.<br \/>\nBELLUNO Una decina di volontari bellunesi della Protezione Civile, attivati dalla Regione Veneto, sono in aiuto a Castelfranco, colpita dal maltempo. Provenienti dai gruppi Antelao, comunale di Belluno e Ana Belluno, i volontari operano con strumenti come un\u2019idrovora da 300 metri cubi l&#8217;ora. Massimo Bortoluzzi, consigliere provinciale, ha espresso gratitudine per l\u2019impegno dei volontari e solidariet\u00e0 alle popolazioni colpite, sottolineando l\u2019efficacia del sistema di gestione delle emergenze.<br \/>\nBELLUNO Scrutini della maturit\u00e0 all&#8217;istituto tecnico economico di Mier. Mirko Avanzi,\u00a0 Gabriele D&#8217;Inc\u00e0, Lorenzo Lotto,\u00a0 Alessia Minotto e Simone Scagnet hanno raggiunto il massimo.<\/p>\n<p>BELLUNO All&#8217;ospedale di Lamon, alla presenza del sindaco Loris Maccagnan, si \u00e8 tenuto il ringraziamento alla Cassa Rurale Valsugana e Tesino per la donazione di uno strumento da 22 mila euro all&#8217;unit\u00e0 operativa di Riabilitazione e Recupero Funzionale diretta da Massimo Ballotta.<br \/>\nFELTRE I Centri Diurni per persone con disabilit\u00e0 del distretto di Feltre, \u201cLe casette\u201d e \u201cMedaglie d\u2019oro\u201d, partecipano alla Mostra dell\u2019Artigiano con uno stand al Monte di Piet\u00e0 in Via Paradiso, Feltre. Saranno esposti i lavori realizzati nei laboratori grafico-pittorici espressivi manuali, inclusi quadri e oggetti di stoffa dipinti a mano.<br \/>\nREDAZIONE I 27 soci dell&#8217;associazione cacciatori di Agordo non hanno come obiettivo solo un paio di corna da mettere in esposizione. Il loro impegno si dimostra anche attraverso azioni di volontariato per il territorio (pulizia boschi, sfalcio prati&#8230;) e incontro con le generazioni pi\u00f9 giovani. Ieri ad Agordo per esempio, dall&#8217;associazione cacciatori di Belluno \u00e8 infatti salito in via Ceramasse, sede dell&#8217;associazione agordina, Maurizio Barp, il vicepresidente che si \u00e8 intrattenuto con tanti ragazzi e ragazze del centro estivo parlando di animali e ambiente.<br \/>\nBORGO VALBELLUNA Domenica 30 giugno 2024, ragazzi delle\u00a0 associazioni che operano nel mondo della disabilit\u00e0 potranno diventare &#8220;navigatori per un giorno&#8221; su auto da competizione, vivendo l&#8217;emozione del rombo dei motori. Grazie alla collaborazione dell\u2019amministrazione comunale, del locale &#8220;Gruppo Frazionale&#8221;, del team Valentino Racing, ASD Tre Cime Promotor e Dolomiti Racing Motorsport, si rinnova per il terzo anno l&#8217;evento &#8220;Motori e Speranza&#8221;<br \/>\n<strong>in podcast sul sito di radiopiu:<\/strong><\/p>\n<blockquote><p><strong>ROCCA PIETORE, IL 30 GIUGNO APRE IL BORGO DI PALUE A ROCCA PIETORE<\/strong><br \/>\n<strong>ESCURSIONISTI IMPREPARATI, IL PRESIDENTE CNSAS VENETO: \u00abCI VUOLE PIU\u2019 RISPETTO\u00bb<\/strong><\/p><\/blockquote>\n<p>&nbsp;<\/p>\n<p>&nbsp;<\/p>\n","protected":false},"excerpt":{"rendered":"<p>*** &nbsp; &nbsp; AGORDO\u00a0 A due anni dalla scomparsa di Leonardo Del Vecchio, EssilorLuxottica ha voluto ricordare l\u2019uomo e l\u2019imprenditore svelando una imponente pietra dolomia alla sua memoria. Questo significativo omaggio \u00e8 stato posto ad Agordo, luogo simbolo per l\u2019azienda poich\u00e9 \u00e8 qui che Del Vecchio fond\u00f2 la sua azienda oltre 60 anni fa. BELLUNO&hellip;<\/p>\n","protected":false},"author":4,"featured_media":396726,"comment_status":"closed","ping_status":"closed","sticky":false,"template":"","format":"standard","meta":{"_monsterinsights_skip_tracking":false,"_monsterinsights_sitenote_active":false,"_monsterinsights_sitenote_note":"","_monsterinsights_sitenote_category":0,"footnotes":""},"categories":[104,49,142],"tags":[],"class_list":["post-396735","post","type-post","status-publish","format-standard","has-post-thumbnail","hentry","category-evidenza_3","category-news-18","category-rassegna-stampa","category-104","category-49","category-142","description-off"],"img_url":"https:\/\/www.radiopiu.net\/wordpress\/wp-content\/uploads\/2024\/06\/copertina-6.png","_links":{"self":[{"href":"https:\/\/www.radiopiu.net\/wordpress\/wp-json\/wp\/v2\/posts\/396735","targetHints":{"allow":["GET"]}}],"collection":[{"href":"https:\/\/www.radiopiu.net\/wordpress\/wp-json\/wp\/v2\/posts"}],"about":[{"href":"https:\/\/www.radiopiu.net\/wordpress\/wp-json\/wp\/v2\/types\/post"}],"author":[{"embeddable":true,"href":"https:\/\/www.radiopiu.net\/wordpress\/wp-json\/wp\/v2\/users\/4"}],"replies":[{"embeddable":true,"href":"https:\/\/www.radiopiu.net\/wordpress\/wp-json\/wp\/v2\/comments?post=396735"}],"version-history":[{"count":0,"href":"https:\/\/www.radiopiu.net\/wordpress\/wp-json\/wp\/v2\/posts\/396735\/revisions"}],"wp:featuredmedia":[{"embeddable":true,"href":"https:\/\/www.radiopiu.net\/wordpress\/wp-json\/wp\/v2\/media\/396726"}],"wp:attachment":[{"href":"https:\/\/www.radiopiu.net\/wordpress\/wp-json\/wp\/v2\/media?parent=396735"}],"wp:term":[{"taxonomy":"category","embeddable":true,"href":"https:\/\/www.radiopiu.net\/wordpress\/wp-json\/wp\/v2\/categories?post=396735"},{"taxonomy":"post_tag","embeddable":true,"href":"https:\/\/www.radiopiu.net\/wordpress\/wp-json\/wp\/v2\/tags?post=396735"}],"curies":[{"name":"wp","href":"https:\/\/api.w.org\/{rel}","templated":true}]}}