{"id":396821,"date":"2024-06-28T17:56:58","date_gmt":"2024-06-28T15:56:58","guid":{"rendered":"https:\/\/www.radiopiu.net\/wordpress\/?p=396821"},"modified":"2024-06-29T08:34:54","modified_gmt":"2024-06-29T06:34:54","slug":"in-cansiglio-i-lupi-uccidono-un-asino-lurlo-di-rabbia-degli-allevatori","status":"publish","type":"post","link":"https:\/\/www.radiopiu.net\/wordpress\/in-cansiglio-i-lupi-uccidono-un-asino-lurlo-di-rabbia-degli-allevatori\/","title":{"rendered":"IN CANSIGLIO I LUPI UCCIDONO UN ASINO. L&#8217;URLO DI RABBIA DEGLI ALLEVATORI"},"content":{"rendered":"<p>*****<\/p>\n<p>&nbsp;<\/p>\n<p><strong>REDAZIONE<\/strong> Nella tranquilla notte della Foresta del Cansiglio, il destino ha colpito ancora. Wendi Zopp\u00e8 e Tamara De Filippo, come tanti altri allevatori della zona, hanno subito una perdita insopportabile: un asino, pi\u00f9 di un semplice animale, \u00e8 stato ucciso da lupi selvaggi. Questo non \u00e8 solo un attacco agli animali, ma un colpo diretto al cuore di chi dedica la propria vita alla cura degli animali e alla gestione degli allevamenti. Wendi e Tamara non sono soli nel loro dolore e nella loro rabbia. Allevatori come loro chiedono a gran voce un intervento immediato e concreto dalle autorit\u00e0 competenti. Non si tratta di chiedere la totale eliminazione dei lupi, ma di implementare una gestione equilibrata e responsabile che protegga sia la biodiversit\u00e0 che le comunit\u00e0 umane. &#8220;Chiedo alle autorit\u00e0 di intervenire. Non voglio sterminare i lupi, ma serve una gestione pi\u00f9 equilibrata e responsabile. Non possiamo essere lasciati soli in questa battaglia. Gli allevatori hanno bisogno di supporto e protezione, di risarcimenti adeguati e di misure preventive efficaci.&#8221; dichiara Wendi Zopp\u00e8. La storia di Wendi e Tamara \u00e8 un richiamo alla nostra responsabilit\u00e0 collettiva: la conservazione della biodiversit\u00e0 non pu\u00f2 essere raggiunta a spese di chi vive e lavora in queste terre. \u00c8 tempo che le istituzioni prendano sul serio le preoccupazioni degli allevatori e agiscano per trovare soluzioni sostenibili e giuste per tutti.<\/p>\n\n\t\t\t<style type='text\/css'>\n\t\t\t\t#gallery-1 {\n\t\t\t\t\tmargin: auto;\n\t\t\t\t}\n\t\t\t\t#gallery-1 .gallery-item {\n\t\t\t\t\tfloat: left;\n\t\t\t\t\tmargin-top: 10px;\n\t\t\t\t\ttext-align: center;\n\t\t\t\t\twidth: 20%;\n\t\t\t\t}\n\t\t\t\t#gallery-1 img {\n\t\t\t\t\tborder: 2px solid #cfcfcf;\n\t\t\t\t}\n\t\t\t\t#gallery-1 .gallery-caption {\n\t\t\t\t\tmargin-left: 0;\n\t\t\t\t}\n\t\t\t\t\/* see gallery_shortcode() in wp-includes\/media.php *\/\n\t\t\t<\/style>\n\t\t<div id='gallery-1' class='dt-gallery-container gallery galleryid-396821 gallery-columns-5 gallery-size-thumbnail'><dl class='gallery-item'>\n\t\t\t\t<dt class='gallery-icon portrait'>\n\t\t\t\t\t<a class=\"rollover rollover-zoom dt-pswp-item\" title=\"Image\" data-dt-img-description=\"\" data-large_image_width=\"968\" data-large_image_height=\"1296\"href='https:\/\/www.radiopiu.net\/wordpress\/wp-content\/uploads\/2024\/06\/Image.jpeg'><img loading=\"lazy\" decoding=\"async\" width=\"150\" height=\"150\" src=\"https:\/\/www.radiopiu.net\/wordpress\/wp-content\/uploads\/2024\/06\/Image-150x150.jpeg\" class=\"attachment-thumbnail size-thumbnail\" alt=\"\" \/><\/a>\n\t\t\t\t<\/dt><\/dl><dl class='gallery-item'>\n\t\t\t\t<dt class='gallery-icon portrait'>\n\t\t\t\t\t<a class=\"rollover rollover-zoom dt-pswp-item\" title=\"Image-1\" data-dt-img-description=\"\" data-large_image_width=\"968\" data-large_image_height=\"1296\"href='https:\/\/www.radiopiu.net\/wordpress\/wp-content\/uploads\/2024\/06\/Image-1.jpeg'><img loading=\"lazy\" decoding=\"async\" width=\"150\" height=\"150\" src=\"https:\/\/www.radiopiu.net\/wordpress\/wp-content\/uploads\/2024\/06\/Image-1-150x150.jpeg\" class=\"attachment-thumbnail size-thumbnail\" alt=\"\" \/><\/a>\n\t\t\t\t<\/dt><\/dl><dl class='gallery-item'>\n\t\t\t\t<dt class='gallery-icon portrait'>\n\t\t\t\t\t<a class=\"rollover rollover-zoom dt-pswp-item\" title=\"Image-2\" data-dt-img-description=\"\" data-large_image_width=\"972\" data-large_image_height=\"1296\"href='https:\/\/www.radiopiu.net\/wordpress\/wp-content\/uploads\/2024\/06\/Image-2.jpeg'><img loading=\"lazy\" decoding=\"async\" width=\"150\" height=\"150\" src=\"https:\/\/www.radiopiu.net\/wordpress\/wp-content\/uploads\/2024\/06\/Image-2-150x150.jpeg\" class=\"attachment-thumbnail size-thumbnail\" alt=\"\" \/><\/a>\n\t\t\t\t<\/dt><\/dl><dl class='gallery-item'>\n\t\t\t\t<dt class='gallery-icon portrait'>\n\t\t\t\t\t<a class=\"rollover rollover-zoom dt-pswp-item\" title=\"Image-3\" data-dt-img-description=\"\" data-large_image_width=\"972\" data-large_image_height=\"1296\"href='https:\/\/www.radiopiu.net\/wordpress\/wp-content\/uploads\/2024\/06\/Image-3.jpeg'><img loading=\"lazy\" decoding=\"async\" width=\"150\" height=\"150\" src=\"https:\/\/www.radiopiu.net\/wordpress\/wp-content\/uploads\/2024\/06\/Image-3-150x150.jpeg\" class=\"attachment-thumbnail size-thumbnail\" alt=\"\" \/><\/a>\n\t\t\t\t<\/dt><\/dl><dl class='gallery-item'>\n\t\t\t\t<dt class='gallery-icon portrait'>\n\t\t\t\t\t<a class=\"rollover rollover-zoom dt-pswp-item\" title=\"Image-4\" data-dt-img-description=\"\" data-large_image_width=\"972\" data-large_image_height=\"1296\"href='https:\/\/www.radiopiu.net\/wordpress\/wp-content\/uploads\/2024\/06\/Image-4.jpeg'><img loading=\"lazy\" decoding=\"async\" width=\"150\" height=\"150\" src=\"https:\/\/www.radiopiu.net\/wordpress\/wp-content\/uploads\/2024\/06\/Image-4-150x150.jpeg\" class=\"attachment-thumbnail size-thumbnail\" alt=\"\" \/><\/a>\n\t\t\t\t<\/dt><\/dl><br style=\"clear: both\" \/>\n\t\t\t<\/div>\n\n<p>&nbsp;<\/p>\n<p>&nbsp;<\/p>\n<p>*******<\/p>\n","protected":false},"excerpt":{"rendered":"<p>***** &nbsp; REDAZIONE Nella tranquilla notte della Foresta del Cansiglio, il destino ha colpito ancora. Wendi Zopp\u00e8 e Tamara De Filippo, come tanti altri allevatori della zona, hanno subito una perdita insopportabile: un asino, pi\u00f9 di un semplice animale, \u00e8 stato ucciso da lupi selvaggi. Questo non \u00e8 solo un attacco agli animali, ma un&hellip;<\/p>\n","protected":false},"author":4,"featured_media":396827,"comment_status":"closed","ping_status":"closed","sticky":false,"template":"","format":"standard","meta":{"_monsterinsights_skip_tracking":false,"_monsterinsights_sitenote_active":false,"_monsterinsights_sitenote_note":"","_monsterinsights_sitenote_category":0,"footnotes":""},"categories":[51,49],"tags":[],"class_list":["post-396821","post","type-post","status-publish","format-standard","has-post-thumbnail","hentry","category-evidenza-top","category-news-18","category-51","category-49","description-off"],"img_url":"https:\/\/www.radiopiu.net\/wordpress\/wp-content\/uploads\/2024\/06\/LHAOL.jpeg","_links":{"self":[{"href":"https:\/\/www.radiopiu.net\/wordpress\/wp-json\/wp\/v2\/posts\/396821","targetHints":{"allow":["GET"]}}],"collection":[{"href":"https:\/\/www.radiopiu.net\/wordpress\/wp-json\/wp\/v2\/posts"}],"about":[{"href":"https:\/\/www.radiopiu.net\/wordpress\/wp-json\/wp\/v2\/types\/post"}],"author":[{"embeddable":true,"href":"https:\/\/www.radiopiu.net\/wordpress\/wp-json\/wp\/v2\/users\/4"}],"replies":[{"embeddable":true,"href":"https:\/\/www.radiopiu.net\/wordpress\/wp-json\/wp\/v2\/comments?post=396821"}],"version-history":[{"count":0,"href":"https:\/\/www.radiopiu.net\/wordpress\/wp-json\/wp\/v2\/posts\/396821\/revisions"}],"wp:featuredmedia":[{"embeddable":true,"href":"https:\/\/www.radiopiu.net\/wordpress\/wp-json\/wp\/v2\/media\/396827"}],"wp:attachment":[{"href":"https:\/\/www.radiopiu.net\/wordpress\/wp-json\/wp\/v2\/media?parent=396821"}],"wp:term":[{"taxonomy":"category","embeddable":true,"href":"https:\/\/www.radiopiu.net\/wordpress\/wp-json\/wp\/v2\/categories?post=396821"},{"taxonomy":"post_tag","embeddable":true,"href":"https:\/\/www.radiopiu.net\/wordpress\/wp-json\/wp\/v2\/tags?post=396821"}],"curies":[{"name":"wp","href":"https:\/\/api.w.org\/{rel}","templated":true}]}}