{"id":396883,"date":"2024-06-29T06:37:43","date_gmt":"2024-06-29T04:37:43","guid":{"rendered":"https:\/\/www.radiopiu.net\/wordpress\/?p=396883"},"modified":"2024-07-01T05:46:33","modified_gmt":"2024-07-01T03:46:33","slug":"elitaxi-belluno-chi-paga-situazioni-che-non-cambiano","status":"publish","type":"post","link":"https:\/\/www.radiopiu.net\/wordpress\/elitaxi-belluno-chi-paga-situazioni-che-non-cambiano\/","title":{"rendered":"ELITAXI BELLUNO!  CHI PAGA? situazioni che non cambiano"},"content":{"rendered":"<p>&nbsp;<\/p>\n<p><strong>DILLO A RADIOPIU&#8217;&#8230; L&#8217;ENNESIMA LETTERA CONTRO I SOLDI BUTTATI<\/strong><\/p>\n<p style=\"text-align: left;\"><em>Sei stanco? Ti fa male l&#8217;orecchio destro? Ti prude il naso in maniera preoccupante? Sei a 2000 metri con l&#8217;infradito e ti accorgi che i sassi non sono la sabbia del deserto? Non preoccuparti i montanari bellunesi vengono a prenderti, i volontari lasciano il posto di lavoro, l&#8217;elicottero si alza, il contribuente paga perch\u00e9 chi ha l&#8217;assicurazione ha ragione da vendere, paga una piccola quota, ma si fa un bel giretto con l&#8217;elicottero, tanto i montanari tacciono sempre. Mi sento sempre pi\u00f9 &#8220;pantalon&#8221; e sempre meno rappresentato da queste Istituzioni che pare non siano tanto &#8220;social&#8221;, visto che non vedono le continue critiche e provocazioni che ogni giorno vengono pubblicate sui principali siti di informazioni e alla radio.<\/em><\/p>\n<p>&nbsp;<\/p>\n<h1><img loading=\"lazy\" decoding=\"async\" class=\"aligncenter\" src=\"https:\/\/www.radiopiu.net\/wordpress\/wp-content\/uploads\/2023\/07\/eli-3.jpg\" width=\"403\" height=\"196\" \/><\/h1>\n<h1><span style=\"color: #ff0000;\"><strong>POLSI SLOGATI, STANCHEZZA, MALE AL GINOCCHIO DURANTE LA COMPETIZIONE&#8230; E L&#8217;ELICOTTERO CONTINUA A VOLARE, CONSUMARE A SPESE DELLA COLLETTIVITA&#8217;.\u00a0\u00a0<\/strong><\/span><\/h1>\n<p><strong>Gli interventi di ieri dell&#8217;elicottero, che leggerete nelle notizie del giorno, fanno sorridere. Un polso slogato? Chiamiamo l&#8217;elicottero, siamo assicurati, chi se ne frega se aumentano i costi della sanit\u00e0. Basta per\u00f2! Ogni giorno la stessa storia e non \u00e8 servito nemmeno il richiamo di Luca Zaia&#8230; rimane sempre tutto uguale&#8230;Sar\u00e0 cosi&#8217; per tutta l&#8217;estate? Ogni giorno dovremo segnalare situazioni come queste? Possibile che tutto questo avvenga nel totale silenzio?<\/strong><\/p>\n<p><em>Non si va in montagna senza l\u2019attrezzatura adatta, chi lo fa commette una grave imprudenza e tocca a lui pagarne le conseguenze. Ha ragione Zaia? Ma certo, ha ragione da vendere. Perch\u00e9 se un\u2019auto scivola e si mette di traverso e blocca la strada, pi\u00f9 nessuno pu\u00f2 passare, l&#8217;auto viene fermata e il conducente sanzionato. Bene, lo stesso controllo va esercitato sulle scarpe dei turisti: non devono passare quelli che indossano scarpe da ginnastica. Gli alpini non hanno scarpe da ginnastica, hanno scarponi pesanti e impermeabili, in vibram. I turisti che salgono a sfiorare i tremila metri in scarpe da ginnastica commettono una stupida imprudenza che ha un costo alto. Lo paghino loro.<\/em><\/p>\n<p>mm<\/p>\n<p>&nbsp;<\/p>\n<p><span style=\"color: #0000ff;\"><strong>ARCHIVIO RADIOPIU<\/strong><\/span><\/p>\n<div class=\"page-title-head hgroup\">\n<h1 class=\"entry-title\">INCIDENTI IN MONTAGNA. ZAIA: \u201cSOCCORSO ALPINO NON SIA PERCEPITO COME \u2018TAXI\u2019 DA ESCURSIONISTI IMPRUDENTI\u201d<\/h1>\n<\/div>\n<div class=\"page-title-breadcrumbs\">\n<p>*******<\/p>\n<p><em><span style=\"color: #ff0000;\">\u00a0Anche il Presidente della Regione Zaia \u00e8 arrivato alla conclusione che \u00e8 ora di finirla con l&#8217;eli taxi&#8230; peccato che noi lo diciamo da anni, i nostri lettori ed ascoltatori lo segnalano da anni, ma mai nessuno si \u00e8 degnato di rispondere, fino ad oggi. Chi \u00e8 il responsabile di questi cambiamenti? Una volta non era cosi&#8217;? Come va con l&#8217;assicurazione che permette il viaggio in elicottero gratis? Lo diciamo da anni, sono arrivate anche risposte spesso evasive, che non hanno chiarito le situazioni,\u00a0 anche da DolomitiEmergency. Forse \u00e8 la volta buona che ci mettiamo un freno ai viaggi gratis nei cieli dolomitici?<\/span><br \/>\nmm<\/em><\/p>\n<p><strong><a class=\"dt-pswp-item\" href=\"https:\/\/www.radiopiu.net\/wordpress\/wp-content\/uploads\/2019\/08\/SOCCORSO-ALPINO-2019.jpg\" data-dt-img-description=\"\" data-large_image_width=\"1600\" data-large_image_height=\"1200\"><img loading=\"lazy\" decoding=\"async\" class=\" wp-image-96479 alignleft\" src=\"https:\/\/www.radiopiu.net\/wordpress\/wp-content\/uploads\/2019\/08\/SOCCORSO-ALPINO-2019-300x225.jpg\" alt=\"\" width=\"165\" height=\"124\" srcset=\"https:\/\/www.radiopiu.net\/wordpress\/wp-content\/uploads\/2019\/08\/SOCCORSO-ALPINO-2019-300x225.jpg 300w, https:\/\/www.radiopiu.net\/wordpress\/wp-content\/uploads\/2019\/08\/SOCCORSO-ALPINO-2019-768x576.jpg 768w, https:\/\/www.radiopiu.net\/wordpress\/wp-content\/uploads\/2019\/08\/SOCCORSO-ALPINO-2019-1024x768.jpg 1024w, https:\/\/www.radiopiu.net\/wordpress\/wp-content\/uploads\/2019\/08\/SOCCORSO-ALPINO-2019.jpg 1600w\" sizes=\"auto, (max-width: 165px) 100vw, 165px\" \/><\/a>VENEZIA <\/strong>\u201cIl nostro Soccorso Alpino e gli elicotteri gialli della sanit\u00e0 regionale non sono \u2018taxi\u2019. Chi approccia le cime pensando, con una chiamata, di poter tornare in breve tempo al parcheggio dell\u2019auto scortato dai soccorritori in divisa, deve valutare le conseguenze e le responsabilit\u00e0 della propria incoscienza. La stagione estiva anche in montagna \u00e8 appena iniziata e sono gi\u00e0 numerose le segnalazioni di imprudenza che hanno costretto ad intervenire uomini e mezzi del Soccorso Alpino. Nell\u2019arco dell\u2019ultimo mese sono stati oltre 50 gli interventi degli uomini e delle donne del CNSAS. I soccorritori nei loro rapporti riferiscono di persone senza la dovuta attrezzatura, con scarpe da ginnastica sui sentieri in quota, senza vestiario adeguato al maltempo. Sottovalutazioni che, in una stagione come questa, rischiano di costare caro: l\u2019approccio alla montagna non avviene con la dovuta attenzione e con una preparazione sufficiente\u201d.\u00a0 Lo dichiara il Presidente della Regione del Veneto commentando la notizia odierna di un escursionista soccorso a 2.480 metri sul Lagazuoi dove stava salendo in scarpe da ginnastica.\u00a0 \u00a0\u201cQuesto \u00e8 solo l\u2019ultimo di una serie di episodi accaduti anche quest&#8217;anno \u2013 sottolinea il Presidente del Veneto &#8211; colgo l\u2019occasione per rinnovare l\u2019appello alla responsabilit\u00e0 e alla prudenza a tutti coloro che si recano a fare escursionismo, arrampicata o qualsiasi attivit\u00e0 tra monti e boschi montani. I veri amanti della montagna lo sanno bene: bisogna avere il giusto rispetto per la montagna e per s\u00e9 stessi. La prudenza non \u00e8 mai troppa anche per chi ha una preparazione adeguata\u201d. \u201cServe essere consapevoli che l\u2019imprudenza ha un elevato costo sociale: non possiamo chiedere al Soccorso Alpino, all\u2019elisoccorso, al SAGF della Guardia di Finanza di fare miracoli \u2013 sottolinea in conclusione il Governatore del Veneto -. Troppo spesso oramai i soccorritori sono impegnati in interventi rischiosi per recuperare persone che in molti casi sono incolumi. La fatalit\u00e0 esiste, ma dobbiamo fare in modo chi i soccorritori, gli angeli della montagna, che colgo l\u2019occasione di ringraziare tutti, non siano costretti a fare interventi eccezionali, mettendo a repentaglio la loro incolumit\u00e0, per soccorrere persone imprudenti. Credo sia un impegno che tutti coloro che frequentano le nostre montagne per diletto e per passione sono in grado di assumersi\u201d.<\/p>\n<p>&nbsp;<\/p>\n<p>&nbsp;<\/p>\n<\/div>\n","protected":false},"excerpt":{"rendered":"<p>&nbsp; DILLO A RADIOPIU&#8217;&#8230; L&#8217;ENNESIMA LETTERA CONTRO I SOLDI BUTTATI Sei stanco? Ti fa male l&#8217;orecchio destro? Ti prude il naso in maniera preoccupante? Sei a 2000 metri con l&#8217;infradito e ti accorgi che i sassi non sono la sabbia del deserto? Non preoccuparti i montanari bellunesi vengono a prenderti, i volontari lasciano il posto&hellip;<\/p>\n","protected":false},"author":4,"featured_media":345295,"comment_status":"closed","ping_status":"closed","sticky":false,"template":"","format":"standard","meta":{"_monsterinsights_skip_tracking":false,"_monsterinsights_sitenote_active":false,"_monsterinsights_sitenote_note":"","_monsterinsights_sitenote_category":0,"footnotes":""},"categories":[51,49],"tags":[],"class_list":["post-396883","post","type-post","status-publish","format-standard","has-post-thumbnail","hentry","category-evidenza-top","category-news-18","category-51","category-49","description-off"],"img_url":"https:\/\/www.radiopiu.net\/wordpress\/wp-content\/uploads\/2023\/07\/eli-3.jpg","_links":{"self":[{"href":"https:\/\/www.radiopiu.net\/wordpress\/wp-json\/wp\/v2\/posts\/396883","targetHints":{"allow":["GET"]}}],"collection":[{"href":"https:\/\/www.radiopiu.net\/wordpress\/wp-json\/wp\/v2\/posts"}],"about":[{"href":"https:\/\/www.radiopiu.net\/wordpress\/wp-json\/wp\/v2\/types\/post"}],"author":[{"embeddable":true,"href":"https:\/\/www.radiopiu.net\/wordpress\/wp-json\/wp\/v2\/users\/4"}],"replies":[{"embeddable":true,"href":"https:\/\/www.radiopiu.net\/wordpress\/wp-json\/wp\/v2\/comments?post=396883"}],"version-history":[{"count":0,"href":"https:\/\/www.radiopiu.net\/wordpress\/wp-json\/wp\/v2\/posts\/396883\/revisions"}],"wp:featuredmedia":[{"embeddable":true,"href":"https:\/\/www.radiopiu.net\/wordpress\/wp-json\/wp\/v2\/media\/345295"}],"wp:attachment":[{"href":"https:\/\/www.radiopiu.net\/wordpress\/wp-json\/wp\/v2\/media?parent=396883"}],"wp:term":[{"taxonomy":"category","embeddable":true,"href":"https:\/\/www.radiopiu.net\/wordpress\/wp-json\/wp\/v2\/categories?post=396883"},{"taxonomy":"post_tag","embeddable":true,"href":"https:\/\/www.radiopiu.net\/wordpress\/wp-json\/wp\/v2\/tags?post=396883"}],"curies":[{"name":"wp","href":"https:\/\/api.w.org\/{rel}","templated":true}]}}