{"id":396906,"date":"2024-07-01T05:39:05","date_gmt":"2024-07-01T03:39:05","guid":{"rendered":"https:\/\/www.radiopiu.net\/wordpress\/?p=396906"},"modified":"2024-07-01T07:59:48","modified_gmt":"2024-07-01T05:59:48","slug":"giornale-radiopiu-01-luglio-2024-direttore-mirko-mezzacasada-41-anni-25-giugno-1983-25-giugno-2024","status":"publish","type":"post","link":"https:\/\/www.radiopiu.net\/wordpress\/giornale-radiopiu-01-luglio-2024-direttore-mirko-mezzacasada-41-anni-25-giugno-1983-25-giugno-2024\/","title":{"rendered":"GIORNALE RADIOPIU 01 LUGLIO 2024 DIRETTORE MIRKO MEZZACASA\u2026DA 41 ANNI 25 GIUGNO 1983-25 GIUGNO 2024"},"content":{"rendered":"<p>*******<\/p>\n<p><em><span style=\"color: #ff0000;\">ATTENZIONE: LA NUOVA APP PER IOS-IPHONE di Nicola Vettorello <\/span><\/em><a href=\"https:\/\/apps.apple.com\/it\/app\/radio-pi%C3%B9-emittente-agordina\/id1515939845\">https:\/\/apps.apple.com\/it\/app\/radio-pi%C3%B9-emittente-agordina\/id1515939845<\/a><\/p>\n<p><em style=\"color: #ff0000;\">ATTENZIONE: LA NUOVA APP RADIO\u00a0 PER ANDROID di Nicola Vettorello<\/em><\/p>\n<p><a href=\"https:\/\/play.google.com\/store\/apps\/details?id=net.radiopiu.iniko\" target=\"_blank\" rel=\"noopener noreferrer\">https:\/\/play.google.com\/store\/apps\/details?id=net.radiopiu.iniko\u00a0\u00a0\u00a0<\/a><\/p>\n<p>&nbsp;<\/p>\n<p>&nbsp;<\/p>\n<hr \/>\n<p>&nbsp;<\/p>\n<h1 style=\"text-align: center;\"><span style=\"color: #ff0000;\"><a class=\"dt-pswp-item\" href=\"https:\/\/www.radiopiu.net\/wordpress\/wp-content\/uploads\/2024\/06\/Senza-nome-67.png\" data-dt-img-description=\"\" data-large_image_width=\"413\" data-large_image_height=\"248\"><img loading=\"lazy\" decoding=\"async\" class=\"size-medium wp-image-396280 alignleft\" src=\"https:\/\/www.radiopiu.net\/wordpress\/wp-content\/uploads\/2024\/06\/Senza-nome-67-300x180.png\" alt=\"\" width=\"300\" height=\"180\" srcset=\"https:\/\/www.radiopiu.net\/wordpress\/wp-content\/uploads\/2024\/06\/Senza-nome-67-300x180.png 300w, https:\/\/www.radiopiu.net\/wordpress\/wp-content\/uploads\/2024\/06\/Senza-nome-67.png 413w\" sizes=\"auto, (max-width: 300px) 100vw, 300px\" \/><\/a><\/span><\/h1>\n<p><strong class=\"photoswipe-wrapper\"><span style=\"color: #ff0000;\">OGGI ALLA RADIO<\/span><\/strong>:\u00a0<strong>ALLE 6.15 <\/strong>PIROLE DE LENGA, CON IL MUSLA\u00a0\u00a0<strong>ALLE 7.20<\/strong>\u00a0EL BAL DEL FIOR, DETTI E TRADIZIONI DI GIULIANA DA RONCH;\u00a0<strong>ALLE 8.20\u00a0<\/strong>PIU&#8217; SIAMO ESTATE DI MARINA DONA&#8217;\u00a0 <strong>9.00 OGGI COME IERI, IL LUNEDI ALLA RADIO DI SILVIA BALDO <\/strong>\u00a0<strong>9.30\u00a0<\/strong>VIABILITA\u2019 Botol_Car <strong>10.10<\/strong> ZAINO DA VIAGGIO AL FEMMINILE DI PAOLA LANCIATO\u00a0 <span style=\"color: #0000ff;\"><strong><span style=\"color: #000000;\">10.30\u00a0<\/span><\/strong><span style=\"color: #000000;\">\u00a0 PERITI MINERARI NEL MONDO, CON L&#8217;APIM DI AGORDO <\/span><span style=\"color: #000000;\">\u00a0<\/span><\/span><strong>11.10 <\/strong>LA STORIA DEL FESTIVALBAR RACCONTATA DA MIRCO BENCIVENN<strong>I <\/strong>\u00a0\u00a0<strong>12.00\u00a0<\/strong>VA TUTTO LISCIO\u00a0<strong>12.30\u00a0<\/strong>GIORNALE RADIO EDIZIONE PRINCIPALE <strong>13.10<\/strong>\u00a0 SALUTE E SOCIETA&#8217; CON IL DOTTOR MARCO CARACCIOLO <strong>13.20<\/strong> TRE PEZZI ESTIVI DI MARINA DONA&#8217; <strong>14.00\u00a0<\/strong> LORIS SCUSSEL CON COLLAGE OPERAZIONE NOSTALGIA <strong>15.00 RITRATTI SONORI, IL PROGRAMMA DEL LUNEDI, IN STUDIO ALESSIA DALL&#8217;O OSPITE DIDIER PIRONI<\/strong>\u00a0\u00a0<strong>1<\/strong><strong>6.00\u00a0<\/strong>IL ROCK DI MARCO COSTANTINI\u00a0<strong>16.45\u00a0<\/strong>LE HIT DI MIRCO BENCIVENNI\u00a0 <strong>19\u00a0<\/strong>ANTICIPAZIONI DAL TG DI ANTENNA 3<\/p>\n<blockquote><p><strong>rassegna stampa nazionale, ogni giorno alle 5 e alle 6 del mattino<\/strong><br \/>\n<em>giornali locali 7 rassegna stampa flash, 8 rassegna stampa, gr flash alle 10 e alle 11, principale 12.30. Informazione pomerIggio alle 15 (speciale) 16, 17, 18. Giornale radio nazionale: ogni ora dalle 5 del mattino, alle 20 della sera.\u00a0<\/em><\/p><\/blockquote>\n<div class=\"x11i5rnm xat24cr x1mh8g0r x1vvkbs xtlvy1s x126k92a\">\n<div dir=\"auto\">\n<p>&nbsp;<\/p>\n<p>&nbsp;<\/p>\n<hr \/>\n<p>&nbsp;<\/p>\n<p>&nbsp;<\/p>\n<div class=\"x11i5rnm xat24cr x1mh8g0r x1vvkbs xtlvy1s x126k92a\">\n<div dir=\"auto\">\n<p><strong><a class=\"dt-pswp-item\" href=\"https:\/\/www.radiopiu.net\/wordpress\/wp-content\/uploads\/2024\/02\/2d44e751-d8a8-461b-8e22-d8e4e853b032.jpg\" data-dt-img-description=\"\" data-large_image_width=\"1600\" data-large_image_height=\"1200\"><img loading=\"lazy\" decoding=\"async\" class=\"wp-image-373307 alignleft\" src=\"https:\/\/www.radiopiu.net\/wordpress\/wp-content\/uploads\/2024\/02\/2d44e751-d8a8-461b-8e22-d8e4e853b032-300x225.jpg\" alt=\"\" width=\"105\" height=\"79\" srcset=\"https:\/\/www.radiopiu.net\/wordpress\/wp-content\/uploads\/2024\/02\/2d44e751-d8a8-461b-8e22-d8e4e853b032-300x225.jpg 300w, https:\/\/www.radiopiu.net\/wordpress\/wp-content\/uploads\/2024\/02\/2d44e751-d8a8-461b-8e22-d8e4e853b032-1024x768.jpg 1024w, https:\/\/www.radiopiu.net\/wordpress\/wp-content\/uploads\/2024\/02\/2d44e751-d8a8-461b-8e22-d8e4e853b032-768x576.jpg 768w, https:\/\/www.radiopiu.net\/wordpress\/wp-content\/uploads\/2024\/02\/2d44e751-d8a8-461b-8e22-d8e4e853b032-1536x1152.jpg 1536w, https:\/\/www.radiopiu.net\/wordpress\/wp-content\/uploads\/2024\/02\/2d44e751-d8a8-461b-8e22-d8e4e853b032.jpg 1600w\" sizes=\"auto, (max-width: 105px) 100vw, 105px\" \/><\/a>EL BAL DEL FIOR, DI GIULIANA DA RONCH, 01 LUGLIO<\/strong><strong>\u00a02024<em>\u00a0<\/em><\/strong><\/p>\n<p>&nbsp;<\/p>\n<audio class=\"wp-audio-shortcode\" id=\"audio-396906-1\" preload=\"none\" style=\"width: 100%;\" controls=\"controls\"><source type=\"audio\/mpeg\" src=\"https:\/\/www.radiopiu.net\/wordpress\/wp-content\/uploads\/2024\/06\/GLU-6.m4a?_=1\" \/><a href=\"https:\/\/www.radiopiu.net\/wordpress\/wp-content\/uploads\/2024\/06\/GLU-6.m4a\">https:\/\/www.radiopiu.net\/wordpress\/wp-content\/uploads\/2024\/06\/GLU-6.m4a<\/a><\/audio>\n<p>&nbsp;<\/p>\n<p>&nbsp;<\/p>\n<\/div>\n<\/div>\n<\/div>\n<p>&nbsp;<\/p>\n<hr \/>\n<p>&nbsp;<\/p>\n<p>&nbsp;<\/p>\n<h1><span style=\"color: #ff0000;\"><a class=\"dt-pswp-item\" href=\"https:\/\/www.radiopiu.net\/wordpress\/wp-content\/uploads\/2024\/06\/th-5.jpg\" data-dt-img-description=\"\" data-large_image_width=\"326\" data-large_image_height=\"180\"><img loading=\"lazy\" decoding=\"async\" class=\"size-medium wp-image-395881 alignleft\" src=\"https:\/\/www.radiopiu.net\/wordpress\/wp-content\/uploads\/2024\/06\/th-5-300x166.jpg\" alt=\"\" width=\"300\" height=\"166\" srcset=\"https:\/\/www.radiopiu.net\/wordpress\/wp-content\/uploads\/2024\/06\/th-5-300x166.jpg 300w, https:\/\/www.radiopiu.net\/wordpress\/wp-content\/uploads\/2024\/06\/th-5.jpg 326w\" sizes=\"auto, (max-width: 300px) 100vw, 300px\" \/><\/a><\/span><\/h1>\n<h1><\/h1>\n<h1><\/h1>\n<h1><span style=\"color: #000000;\">01 luglio&#8230; alla radio l&#8217;almanacco\u00a0<\/span><\/h1>\n<audio class=\"wp-audio-shortcode\" id=\"audio-396906-2\" preload=\"none\" style=\"width: 100%;\" controls=\"controls\"><source type=\"audio\/mpeg\" src=\"https:\/\/www.radiopiu.net\/wordpress\/wp-content\/uploads\/2024\/07\/ALMANACCONEW.mp3?_=2\" \/><a href=\"https:\/\/www.radiopiu.net\/wordpress\/wp-content\/uploads\/2024\/07\/ALMANACCONEW.mp3\">https:\/\/www.radiopiu.net\/wordpress\/wp-content\/uploads\/2024\/07\/ALMANACCONEW.mp3<\/a><\/audio>\n<p>&nbsp;<\/p>\n<p>&nbsp;<\/p>\n<p>&nbsp;<\/p>\n<div dir=\"auto\">\n<hr \/>\n<\/div>\n<\/div>\n<blockquote>\n<blockquote>\n<h1><span style=\"color: #ff0000;\">\u00a0<\/span><\/h1>\n<h1><span style=\"color: #ff0000;\">I podcast informativi del mattino &#8211; audio &#8211;\u00a0\u00a0<\/span><\/h1>\n<\/blockquote>\n<p><strong><a class=\"dt-pswp-item\" href=\"https:\/\/www.radiopiu.net\/wordpress\/wp-content\/uploads\/2023\/11\/th-10.jpg\" data-dt-img-description=\"\" data-large_image_width=\"320\" data-large_image_height=\"180\"><img loading=\"lazy\" decoding=\"async\" class=\"wp-image-362866 alignleft\" src=\"https:\/\/www.radiopiu.net\/wordpress\/wp-content\/uploads\/2023\/11\/th-10-300x169.jpg\" alt=\"\" width=\"185\" height=\"104\" srcset=\"https:\/\/www.radiopiu.net\/wordpress\/wp-content\/uploads\/2023\/11\/th-10-300x169.jpg 300w, https:\/\/www.radiopiu.net\/wordpress\/wp-content\/uploads\/2023\/11\/th-10.jpg 320w\" sizes=\"auto, (max-width: 185px) 100vw, 185px\" \/><\/a>LA RASSEGNA STAMPA NAZIONALE ALLA RADIO, OGNI GIORNO ALLE 5 E ALLE 6 DEL MATTINO <span style=\"color: #0000ff;\">viene pubblicata alle 6.00 <span style=\"color: #ff0000;\">DIRETTA RADIO\u00a0 \u00a0\u00a0<\/span><\/span><\/strong><\/p><\/blockquote>\n<p>&nbsp;<\/p>\n<p>&nbsp;<\/p>\n<p><strong>Usa 2024<\/strong>, 72% pensa che Biden non ha salute mentale per carica\u00a0 <strong>Attacco droni<\/strong> Hezbollah in Golan, feriti 18 soldati israeliani\u00a0 <strong>Borsa<\/strong>: Hong Kong poco mossa, apre a +0,01%\u00a0 <strong>Ucraina<\/strong>, Mosca: bimba uccisa da drone Kiev su russa Belgorod\u00a0 <strong>Seul<\/strong> annuncia: la Corea del Nord ha lanciato 2 missili balistici<\/p>\n<h2>AUDIO dalle 6 del mattino<\/h2>\n<audio class=\"wp-audio-shortcode\" id=\"audio-396906-3\" preload=\"none\" style=\"width: 100%;\" controls=\"controls\"><source type=\"audio\/mpeg\" src=\"https:\/\/www.radiopiu.net\/wordpress\/wp-content\/uploads\/2024\/07\/GIORNALEDELLESEI.mp3?_=3\" \/><a href=\"https:\/\/www.radiopiu.net\/wordpress\/wp-content\/uploads\/2024\/07\/GIORNALEDELLESEI.mp3\">https:\/\/www.radiopiu.net\/wordpress\/wp-content\/uploads\/2024\/07\/GIORNALEDELLESEI.mp3<\/a><\/audio>\n<p>&nbsp;<\/p>\n<p>&nbsp;<\/p>\n<hr \/>\n<p>&nbsp;<\/p>\n<h1 style=\"text-align: center;\"><span style=\"color: #ff0000;\">I podcast informativi del mattino &#8211; audio &#8211;\u00a0<\/span><\/h1>\n<p><strong><a class=\"dt-pswp-item\" href=\"https:\/\/www.radiopiu.net\/wordpress\/wp-content\/uploads\/2023\/12\/images.png\" data-dt-img-description=\"\" data-large_image_width=\"316\" data-large_image_height=\"160\"><img loading=\"lazy\" decoding=\"async\" class=\"wp-image-367008 alignleft\" src=\"https:\/\/www.radiopiu.net\/wordpress\/wp-content\/uploads\/2023\/12\/images-300x152.png\" alt=\"\" width=\"235\" height=\"119\" srcset=\"https:\/\/www.radiopiu.net\/wordpress\/wp-content\/uploads\/2023\/12\/images-300x152.png 300w, https:\/\/www.radiopiu.net\/wordpress\/wp-content\/uploads\/2023\/12\/images.png 316w\" sizes=\"auto, (max-width: 235px) 100vw, 235px\" \/><\/a>OGNI GIORNO ALLE SETTE DEL MATTINO, LA RASSEGNA STAMPA LOCALE FLASH&#8230; PER CHI VA IN FRETTA. I TITOLI DAI GIORNALI E DAL SITO WWW.RADIOPIU.NET <span style=\"color: #0000ff;\">viene pubblicato alle 7.00<\/span> <span style=\"color: #ff0000;\">DIRETTA RADIO\u00a0<\/span><\/strong><\/p>\n<p><em><span style=\"color: #ff0000;\">per chi va in fretta&#8230; tante notizie in pochi minuti. L&#8217;informazione locale alla radio, ogni ora dalle 7 del mattino alle 19 della sera.\u00a0 <\/span><\/em><\/p>\n<p><strong>Lieve scossa di terremoto in Cadore<\/strong><br \/>\nSANTO STEFANO DI CADORE Scossa di terremoto di 1,7 gradi della Richeter ha fatto &#8220;tremolare&#8221; il Cadore, Santo Stefano in particolare, epicentro del fenomeno registrato ieri sera alle 20.51.<br \/>\n<strong>VENEZIA<\/strong> Il Centro Funzionale Decentrato della Protezione Civile della Regione del Veneto, al fine di garantire un monitoraggio costante della situazione e la massima prontezza operativa, ha emesso un nuovo avviso di criticit\u00e0 idrogeologica ed idraulica. Nella giornata di oggi le precipitazioni, anche a carattere di rovescio e temporale, saranno pi\u00f9 diffuse e frequenti, ad iniziare dalle zone montane in mattinata per poi spostarsi verso la pianura, sulle cui zone meridionali potranno persistere anche nelle prime ore di domani. Saranno possibili dei temporali localmente intensi (forti rovesci, forti raffiche, locali grandinate).<br \/>\n<strong>BELLUNO<\/strong> Se n&#8217;\u00e8 andato don Fabio Cassol, 85 anni, trovato morto vicino alla sua auto dopo una passeggiata serale. Nato a San Gregorio nelle Alpi nel 1938, fu ordinato prete nel 1965. Serv\u00ec come vicario a Cadola, Santo Stefano di Cadore e Castion, e poi come parroco a Levego-Sagrogna, Visome e Pez. Fu impegnato con la Commissione diocesana &#8220;Migrantes&#8221; e come vice assistente del Movimento Lavoratori. Dal 1998 fece esperienza missionaria in Albania. Rientrato in Italia, fu parroco a Voltago, Frassen\u00e8, Gosaldo e Rasai,<br \/>\n<strong>FELTRE<\/strong> Un motociclista di Arsi\u00e8, M.Z. di 32 anni, \u00e8 stato ricoverato in gravi condizioni al Ca&#8217; Foncello di Treviso dopo uno scontro con una Fiat 500L al Casonetto. L&#8217;incidente \u00e8 avvenuto sulla statale 50 quando l&#8217;auto, svoltando a sinistra, ha tagliato la strada alla motocicletta. Il motociclista, stabilizzato e trasportato d&#8217;urgenza con l&#8217;elicottero del Suem, \u00e8 stato operato per le lesioni riportate.<\/p>\n<h1>AUDIO dalle 7 del mattino<\/h1>\n<audio class=\"wp-audio-shortcode\" id=\"audio-396906-4\" preload=\"none\" style=\"width: 100%;\" controls=\"controls\"><source type=\"audio\/mpeg\" src=\"https:\/\/www.radiopiu.net\/wordpress\/wp-content\/uploads\/2024\/06\/GF07-25.mp3?_=4\" \/><a href=\"https:\/\/www.radiopiu.net\/wordpress\/wp-content\/uploads\/2024\/06\/GF07-25.mp3\">https:\/\/www.radiopiu.net\/wordpress\/wp-content\/uploads\/2024\/06\/GF07-25.mp3<\/a><\/audio>\n<p>&nbsp;<\/p>\n<p>&nbsp;<\/p>\n<hr \/>\n<p>&nbsp;<\/p>\n<h1><\/h1>\n<h1 style=\"text-align: center;\"><span style=\"color: #ff0000;\"><a class=\"dt-pswp-item\" href=\"https:\/\/www.radiopiu.net\/wordpress\/wp-content\/uploads\/2022\/01\/026c3f9d-dae9-4040-a3c1-a6530231bcc3.jpg\" data-dt-img-description=\"\" data-large_image_width=\"1152\" data-large_image_height=\"2048\"><img loading=\"lazy\" decoding=\"async\" class=\"wp-image-251839 alignleft\" src=\"https:\/\/www.radiopiu.net\/wordpress\/wp-content\/uploads\/2022\/01\/026c3f9d-dae9-4040-a3c1-a6530231bcc3-169x300.jpg\" alt=\"\" width=\"100\" height=\"177\" srcset=\"https:\/\/www.radiopiu.net\/wordpress\/wp-content\/uploads\/2022\/01\/026c3f9d-dae9-4040-a3c1-a6530231bcc3-169x300.jpg 169w, https:\/\/www.radiopiu.net\/wordpress\/wp-content\/uploads\/2022\/01\/026c3f9d-dae9-4040-a3c1-a6530231bcc3-576x1024.jpg 576w, https:\/\/www.radiopiu.net\/wordpress\/wp-content\/uploads\/2022\/01\/026c3f9d-dae9-4040-a3c1-a6530231bcc3-768x1365.jpg 768w, https:\/\/www.radiopiu.net\/wordpress\/wp-content\/uploads\/2022\/01\/026c3f9d-dae9-4040-a3c1-a6530231bcc3-864x1536.jpg 864w, https:\/\/www.radiopiu.net\/wordpress\/wp-content\/uploads\/2022\/01\/026c3f9d-dae9-4040-a3c1-a6530231bcc3.jpg 1152w\" sizes=\"auto, (max-width: 100px) 100vw, 100px\" \/><\/a>I podcast informativi del mattino &#8211; audio &#8211;\u00a0<\/span><\/h1>\n<blockquote><p><strong>GIORNALE RADIO NAZIONALE, EDIZIONE DELLE SETTE <span style=\"color: #0000ff;\">viene pubblicato alle 7.05 <span style=\"color: #ff0000;\">DIRETTA RADIO\u00a0<\/span><\/span><\/strong><\/p><\/blockquote>\n<p><strong>il giornale radionazionale e&#8217; in onda ogni ora, dalle sette del mattino alle venti della sera\u00a0 \u00a0<\/strong><strong>\u00a0<\/strong><\/p>\n<p>&nbsp;<\/p>\n<h2><\/h2>\n<p>&nbsp;<\/p>\n<p><strong>Dimezzati<\/strong> gli arrivi dei migranti, 25mila nel 2024\u00a0 <strong>VICENZA<\/strong> Scatta l&#8217;allarme, banca circondata ma i ladri fuggono\u00a0 <strong>SICILIA<\/strong> Per il bimbo morto nel pozzo 9 indagati, anche chi cerc\u00f2 di aiutarlo\u00a0 <strong>Nubifragi<\/strong> in Valle d&#8217;Aosta e Piemonte: Cogne isolata e senza acqua. A Cervinia &#8216;danni per milioni&#8217;\u00a0 <strong>GARDA<\/strong> Gastroenteriti sul Garda, il norovirus \u00e8 in alcuni serbatoi terzo giorno di emergenza\u00a0 \u00a0<strong>ROMA<\/strong> Matrimonio religioso, niente tatuaggi e piercing: le regole per chi lavora a San Pietro\u00a0 <strong>RAVENNA<\/strong> Carabiniere assolto dopo un rapporto con una donna in caserma Aveva segnato anche uno straordinario. In primo grado fu condannato per falso e truffa<\/p>\n<h1>AUDIO dalle sette del mattino, ogni ora alla radio<\/h1>\n<audio class=\"wp-audio-shortcode\" id=\"audio-396906-5\" preload=\"none\" style=\"width: 100%;\" controls=\"controls\"><source type=\"audio\/mpeg\" src=\"https:\/\/www.radiopiu.net\/wordpress\/wp-content\/uploads\/2024\/07\/giornale07.mp3?_=5\" \/><a href=\"https:\/\/www.radiopiu.net\/wordpress\/wp-content\/uploads\/2024\/07\/giornale07.mp3\">https:\/\/www.radiopiu.net\/wordpress\/wp-content\/uploads\/2024\/07\/giornale07.mp3<\/a><\/audio>\n<p>&nbsp;<\/p>\n<p>&nbsp;<\/p>\n<hr \/>\n<p>&nbsp;<\/p>\n<p>&nbsp;<\/p>\n<h1><span style=\"color: #ff0000;\">I podcast informativi del mattino &#8211; video &#8211;\u00a0<\/span><\/h1>\n<h2><strong><a class=\"dt-pswp-item\" href=\"https:\/\/www.radiopiu.net\/wordpress\/wp-content\/uploads\/2023\/12\/th-10.jpg\" data-dt-img-description=\"\" data-large_image_width=\"245\" data-large_image_height=\"180\"><img loading=\"lazy\" decoding=\"async\" class=\" wp-image-367395 alignleft\" src=\"https:\/\/www.radiopiu.net\/wordpress\/wp-content\/uploads\/2023\/12\/th-10.jpg\" alt=\"\" width=\"166\" height=\"122\" \/><\/a>RASSEGNA STAMPA LOCALE, ORE OTTO 05<\/strong><\/h2>\n<h2><strong> <span style=\"color: #0000ff;\">viene\u00a0 <\/span><\/strong><strong><span style=\"color: #0000ff;\">pubblicata alle 8.05 <span style=\"color: #ff0000;\">DIRETTA RADIO\u00a0\u00a0<\/span><\/span><\/strong><\/h2>\n<p><strong>DI MIRKO MEZZACASA\u00a0 \u00a0<\/strong><button class=\"rounded-lg text-token-text-secondary hover:bg-token-main-surface-secondary\"><\/button><\/p>\n<p><strong>OGGI SUL Corriere delle Alpi E NOTIZIARI DI Radio Pi\u00f9<\/strong><\/p>\n<p><strong>Auto si ribalta sul fianco: traffico alternato nella galleria Macchietto<\/strong><br \/>\nPERAROLO\u00a0 Ieri pomeriggio, una vettura si \u00e8 ribaltata su un fianco nella galleria di Macchietto a Perarolo di Cadore. Illesi i passeggeri. Sul posto sono intervenuti i vigili del fuoco e i carabinieri<br \/>\n<strong>VALLE DI CADORE<\/strong>\u00a0 Ieri \u00a0nel cantiere della variante di Valle di Cadore\u00a0 le maestranze hanno riposizionato la macchina perforatrice per pali, che si era ribaltata sabato mattina a causa del cedimento del terreno. Lo stabile di servizio delle scuole\u00a0 \u00e8 stato danneggiato dal crollo.<br \/>\nCORTINA Sono gravi le condizioni di un alpinista polacco di 44 anni, precipitato per una trentina di metri sul primo tiro del secondo Spigolo della Tofana di Rozes, a lanciare l&#8217;allarme delle persone che avevano assistito all&#8217;incidente. Recuperato dall&#8217;elicottero dell&#8217;Aiut Alpin Dolomites di Bolzano, l&#8217;uomo \u00e8 stato trasportato con un sospetto politrauma all&#8217;ospedale di Bolzano. Una squadra del Soccorso alpino della Guardia di finanza di Cortina \u00e8 salita incontro al compagno di cordata.<br \/>\n<strong>MISURINA<\/strong> Di seguito l&#8217;elicottero del Suem di Pieve di Cadore \u00e8 intervenuto sul Sentiero delle Pale di Misurina, per un sessantenne colto da malore. L&#8217;escursionista \u00e8 stato portato per accertamenti all&#8217;ospedale di Belluno.<br \/>\n<strong>LONGARONE<\/strong> Attorno alle 15.30 di ieri l&#8217;elicottero di Treviso emergenza \u00e8 intervenuto al Rifugio Pian de Fontana a Longarone, dove una 67enne di Longarone, che si trovava con il marito e amici, aveva accusato un malore e non era in grado di camminare. Dopo un primo controllo del medico, la donna \u00e8 stata imbarellata, recuperata con un verricello di 15 metri e trasportata all&#8217;ospedale di Belluno per accertamenti.<\/p>\n<p><strong>ALPAGO<\/strong> Sempre ieri verso le 14 la Centrale del 118 ha allertato il Soccorso alpino dell&#8217;Alpago per un escursionista con sospetta frattura alla caviglia sotto il Col Nudo, a 2.040 metri di quota. L&#8217;elicottero del Suem di Pieve di Cadore, impedito dalle nubi, ha imbarcato 4 soccorritori, lasciandoli a 1.650 metri prima di essere dirottato su un codice rosso. Un elicottero dell&#8217;Air Service Center ha trasportato altri 3 soccorritori in supporto. La prima squadra ha raggiunto a piedi l&#8217;infortunato, un cinquantenne di Monastier (TV), e, dopo averlo imbarellato, ha iniziato il trasporto. I sette soccorritori hanno calato la barella per 300 metri fino a 1.750 metri, dove l&#8217;eliambulanza del Suem \u00e8 intervenuta per portare l&#8217;uomo all&#8217;ospedale di Belluno. I soccorritori e il compagno illeso sono stati riportati a valle dall&#8217;elicottero dell&#8217;Air Service Center.<\/p>\n<h2><span style=\"color: #ff0000;\"><strong>VIDEO\u00a0 \u00a0in diretta dalle 8 del mattino\u00a0 \u00a0<\/strong><\/span><\/h2>\n<p><iframe loading=\"lazy\" title=\"DAL 1983 LA RASSEGNA STAMPA LOCALE di mirko mezzacasa. L&#039;ORIGINALE\" width=\"1200\" height=\"675\" src=\"https:\/\/www.youtube.com\/embed\/i-C6vlG6uYI?feature=oembed\" frameborder=\"0\" allow=\"accelerometer; autoplay; clipboard-write; encrypted-media; gyroscope; picture-in-picture; web-share\" referrerpolicy=\"strict-origin-when-cross-origin\" allowfullscreen><\/iframe><\/p>\n<p>&nbsp;<\/p>\n<hr \/>\n<p>&nbsp;<\/p>\n<p>&nbsp;<\/p>\n<p><strong><a class=\"dt-pswp-item\" href=\"https:\/\/www.radiopiu.net\/wordpress\/wp-content\/uploads\/2023\/12\/ANTENNA.png\" data-dt-img-description=\"\" data-large_image_width=\"300\" data-large_image_height=\"166\"><img loading=\"lazy\" decoding=\"async\" class=\" wp-image-366306 alignleft\" src=\"https:\/\/www.radiopiu.net\/wordpress\/wp-content\/uploads\/2023\/12\/ANTENNA.png\" alt=\"\" width=\"175\" height=\"97\" \/><\/a>DAL TG DI ANTENNA 3, ogni sera alle 19 le anticipazioni alla radio, quello che poi seguirete nel TELEGIORNALE BELLUNESE\u00a0 in onda alle 19.30 sul CANALE 10 del digitale terrestre.\u00a0\u00a0<\/strong><\/p>\n<p>&nbsp;<\/p>\n<p>&nbsp;<\/p>\n<hr \/>\n<p>&nbsp;<\/p>\n<blockquote>\n<h3>GOSALDO E LIVINALLONGO: ACQUA INQUINATA<\/h3>\n<\/blockquote>\n<p><strong><img loading=\"lazy\" decoding=\"async\" class=\"alignleft\" src=\"https:\/\/www.radiopiu.net\/wordpress\/wp-content\/uploads\/2024\/05\/cantiere-municipio-Livinallongo-scaled.jpg\" width=\"231\" height=\"104\" \/><\/strong><b><\/b><\/p>\n<p><strong>GOSALDO<\/strong> in localit\u00e0 VALLASIN l&#8217;acqua erogata dall&#8217;acquedotto non \u00e8 potabile e pu\u00f2 essere usata per scopi alimentari SOLO PREVIA bollitura.<\/p>\n<p><strong>LIVINALLONGO<\/strong> Gestione Servizi Pubblici informa che a LIVINALLONGO DEL COL DI LANA in localit\u00e0 VARDA l&#8217;acqua erogata dall&#8217;acquedotto \u00e8 di nuovo potabile e pu\u00f2 essere usata, quindi, per scopi alimentari. Nelle localit\u00e0 COLLAZ e LARZONEI l&#8217;acqua erogata dall&#8217;acquedotto non \u00e8 potabile e pu\u00f2 essere usata per scopi alimentari SOLO PREVIA bollitura. GSP ha, comunque, gi\u00e0 adottato le necessarie misure per la disinfezione dell&#8217;acqua presente nei serbatoi e nella rete idrica con l&#8217;aggiunta di cloro.<\/p>\n<p>&nbsp;<\/p>\n<p>&nbsp;<\/p>\n<hr \/>\n<p>&nbsp;<\/p>\n<blockquote>\n<h2><a class=\"dt-pswp-item\" href=\"https:\/\/www.radiopiu.net\/wordpress\/wp-content\/uploads\/2024\/06\/351da379-1be7-4507-b36b-b50bb637da7c.jpg\" data-dt-img-description=\"\" data-large_image_width=\"688\" data-large_image_height=\"1080\"><img loading=\"lazy\" decoding=\"async\" class=\"wp-image-397148 alignleft\" src=\"https:\/\/www.radiopiu.net\/wordpress\/wp-content\/uploads\/2024\/06\/351da379-1be7-4507-b36b-b50bb637da7c-191x300.jpg\" alt=\"\" width=\"126\" height=\"198\" srcset=\"https:\/\/www.radiopiu.net\/wordpress\/wp-content\/uploads\/2024\/06\/351da379-1be7-4507-b36b-b50bb637da7c-191x300.jpg 191w, https:\/\/www.radiopiu.net\/wordpress\/wp-content\/uploads\/2024\/06\/351da379-1be7-4507-b36b-b50bb637da7c-652x1024.jpg 652w, https:\/\/www.radiopiu.net\/wordpress\/wp-content\/uploads\/2024\/06\/351da379-1be7-4507-b36b-b50bb637da7c.jpg 688w\" sizes=\"auto, (max-width: 126px) 100vw, 126px\" \/><\/a><\/h2>\n<h2><\/h2>\n<h2><\/h2>\n<h2>Lieve scossa di terremoto in Cadore<\/h2>\n<\/blockquote>\n<p><strong>SANTO STEFANO DI CADORE<\/strong> Scossa di terremoto di 1,7 gradi della Richeter ha fatto &#8220;tremolare&#8221; il Cadore, Santo Stefano in particolare, epicentro del fenomeno registrato ieri sera alle 20.51.<\/p>\n<hr \/>\n<p>&nbsp;<\/p>\n<blockquote>\n<h3><\/h3>\n<h3>MALTEMPO: ATTESI TEMPORALI IN TUTTO IL VENETO<\/h3>\n<\/blockquote>\n<p><strong><a class=\"dt-pswp-item\" href=\"https:\/\/www.radiopiu.net\/wordpress\/wp-content\/uploads\/2018\/06\/temporale.jpg\" data-dt-img-description=\"\" data-large_image_width=\"1920\" data-large_image_height=\"1272\"><img loading=\"lazy\" decoding=\"async\" class=\" wp-image-50334 alignleft\" src=\"https:\/\/www.radiopiu.net\/wordpress\/wp-content\/uploads\/2018\/06\/temporale-300x199.jpg\" alt=\"\" width=\"178\" height=\"118\" srcset=\"https:\/\/www.radiopiu.net\/wordpress\/wp-content\/uploads\/2018\/06\/temporale-300x199.jpg 300w, https:\/\/www.radiopiu.net\/wordpress\/wp-content\/uploads\/2018\/06\/temporale-768x509.jpg 768w, https:\/\/www.radiopiu.net\/wordpress\/wp-content\/uploads\/2018\/06\/temporale-1024x678.jpg 1024w, https:\/\/www.radiopiu.net\/wordpress\/wp-content\/uploads\/2018\/06\/temporale.jpg 1920w\" sizes=\"auto, (max-width: 178px) 100vw, 178px\" \/><\/a>VENEZIA<\/strong> Il Centro Funzionale Decentrato della Protezione Civile della Regione del Veneto, al fine di garantire un monitoraggio costante della situazione e la massima prontezza operativa, ha emesso un nuovo avviso di criticit\u00e0 idrogeologica ed idraulica. Nella giornata di oggi le precipitazioni, anche a carattere di rovescio e temporale, saranno pi\u00f9 diffuse e frequenti, ad iniziare dalle zone montane in mattinata per poi spostarsi verso la pianura, sulle cui zone meridionali potranno persistere anche nelle prime ore di domani. Saranno possibili dei temporali localmente intensi (forti rovesci, forti raffiche, locali grandinate).<\/p>\n<p>&nbsp;<\/p>\n<p>&nbsp;<\/p>\n<hr \/>\n<p>&nbsp;<\/p>\n<blockquote>\n<h3><a class=\"dt-pswp-item\" href=\"https:\/\/www.radiopiu.net\/wordpress\/wp-content\/uploads\/2024\/06\/Cassol-Fabio-Borca-di-cadore-1543x2048-1.jpg\" data-dt-img-description=\"\" data-large_image_width=\"1543\" data-large_image_height=\"2048\"><img loading=\"lazy\" decoding=\"async\" class=\" wp-image-397122 alignleft\" src=\"https:\/\/www.radiopiu.net\/wordpress\/wp-content\/uploads\/2024\/06\/Cassol-Fabio-Borca-di-cadore-1543x2048-1-226x300.jpg\" alt=\"\" width=\"126\" height=\"167\" srcset=\"https:\/\/www.radiopiu.net\/wordpress\/wp-content\/uploads\/2024\/06\/Cassol-Fabio-Borca-di-cadore-1543x2048-1-226x300.jpg 226w, https:\/\/www.radiopiu.net\/wordpress\/wp-content\/uploads\/2024\/06\/Cassol-Fabio-Borca-di-cadore-1543x2048-1-772x1024.jpg 772w, https:\/\/www.radiopiu.net\/wordpress\/wp-content\/uploads\/2024\/06\/Cassol-Fabio-Borca-di-cadore-1543x2048-1-768x1019.jpg 768w, https:\/\/www.radiopiu.net\/wordpress\/wp-content\/uploads\/2024\/06\/Cassol-Fabio-Borca-di-cadore-1543x2048-1-1157x1536.jpg 1157w, https:\/\/www.radiopiu.net\/wordpress\/wp-content\/uploads\/2024\/06\/Cassol-Fabio-Borca-di-cadore-1543x2048-1.jpg 1543w\" sizes=\"auto, (max-width: 126px) 100vw, 126px\" \/><\/a>E&#8217; MORTO DON FABIO CASSOL<\/h3>\n<\/blockquote>\n<p><strong>BELLUNO<\/strong> Se n&#8217;\u00e8 andato don Fabio Cassol, 85 anni, trovato morto vicino alla sua auto dopo una passeggiata serale. Nato a San Gregorio nelle Alpi nel 1938, fu ordinato prete nel 1965. Serv\u00ec come vicario a Cadola, Santo Stefano di Cadore e Castion, e poi come parroco a Levego-Sagrogna, Visome e Pez. Fu impegnato con la Commissione diocesana &#8220;Migrantes&#8221; e come vice assistente del Movimento Lavoratori. Dal 1998 fece esperienza missionaria in Albania. Rientrato in Italia, fu parroco a Voltago, Frassen\u00e8, Gosaldo e Rasai, e assistente ecclesiastico del Movimento Apostolico dei Ciechi. I funerali si terranno domani in Cattedrale a Belluno, con il Rosario in suffragio oggi. (foto: Diocesi Belluno Feltre)<\/p>\n<p>&nbsp;<\/p>\n<p>&nbsp;<\/p>\n<hr \/>\n<p>&nbsp;<\/p>\n<blockquote>\n<h3 class=\"entry-title\"><a href=\"https:\/\/www.radiopiu.net\/wordpress\/wp-content\/uploads\/2024\/07\/164720265-2220acd8-f90c-418d-b322-f5603a458b17.webp\"><img loading=\"lazy\" decoding=\"async\" class=\"wp-image-397187 alignleft\" src=\"https:\/\/www.radiopiu.net\/wordpress\/wp-content\/uploads\/2024\/07\/164720265-2220acd8-f90c-418d-b322-f5603a458b17-300x169.webp\" alt=\"\" width=\"211\" height=\"119\" srcset=\"https:\/\/www.radiopiu.net\/wordpress\/wp-content\/uploads\/2024\/07\/164720265-2220acd8-f90c-418d-b322-f5603a458b17-300x169.webp 300w, https:\/\/www.radiopiu.net\/wordpress\/wp-content\/uploads\/2024\/07\/164720265-2220acd8-f90c-418d-b322-f5603a458b17-768x432.webp 768w, https:\/\/www.radiopiu.net\/wordpress\/wp-content\/uploads\/2024\/07\/164720265-2220acd8-f90c-418d-b322-f5603a458b17.webp 800w\" sizes=\"auto, (max-width: 211px) 100vw, 211px\" \/><\/a><\/h3>\n<h3>Motociclista di Arsi\u00e8 in Gravi Condizioni Dopo Scontro<\/h3>\n<p><strong>FELTRE<\/strong> Un motociclista di Arsi\u00e8, M.Z. di 32 anni, \u00e8 stato ricoverato in gravi condizioni al Ca&#8217; Foncello di Treviso dopo uno scontro con una Fiat 500L al Casonetto. L&#8217;incidente \u00e8 avvenuto sulla statale 50 quando l&#8217;auto, svoltando a sinistra, ha tagliato la strada alla motocicletta. Il motociclista, stabilizzato e trasportato d&#8217;urgenza con l&#8217;elicottero del Suem, \u00e8 stato operato per le lesioni riportate. La circolazione sulla statale \u00e8 rimasta bloccata per oltre un&#8217;ora.<\/p><\/blockquote>\n<p>&nbsp;<\/p>\n<hr \/>\n<p>&nbsp;<\/p>\n<blockquote>\n<h2 class=\"articlePlainTitle\">Auto si ribalta sul fianco: traffico alternato nella galleria Macchietto<\/h2>\n<\/blockquote>\n<div class=\"addthis_sharing_toolbox\" data-url=\"http:\/\/sfoglio.corrierealpi.gelocal.it\/share_article.php?article_id=14203406\" data-title=\"Rialzata la perforatriceAuto si ribalta sul fianco: traffico alternato nella galleria Macchietto\">\n<p><a class=\"dt-pswp-item\" href=\"https:\/\/www.radiopiu.net\/wordpress\/wp-content\/uploads\/2024\/07\/447bff9d-765f-4990-9470-85f2e10780c6.jpg\" data-dt-img-description=\"\" data-large_image_width=\"411\" data-large_image_height=\"263\"><img loading=\"lazy\" decoding=\"async\" class=\"size-medium wp-image-397186 alignleft\" src=\"https:\/\/www.radiopiu.net\/wordpress\/wp-content\/uploads\/2024\/07\/447bff9d-765f-4990-9470-85f2e10780c6-300x192.jpg\" alt=\"\" width=\"300\" height=\"192\" srcset=\"https:\/\/www.radiopiu.net\/wordpress\/wp-content\/uploads\/2024\/07\/447bff9d-765f-4990-9470-85f2e10780c6-300x192.jpg 300w, https:\/\/www.radiopiu.net\/wordpress\/wp-content\/uploads\/2024\/07\/447bff9d-765f-4990-9470-85f2e10780c6.jpg 411w\" sizes=\"auto, (max-width: 300px) 100vw, 300px\" \/><\/a><strong>PERAROLO\u00a0<\/strong><\/p>\n<div class=\"flex flex-grow flex-col max-w-full\">\n<div class=\"min-h-[20px] text-message flex flex-col items-start whitespace-pre-wrap break-words [.text-message+&amp;]:mt-5 juice:w-full juice:items-end overflow-x-auto gap-2\" dir=\"auto\" data-message-author-role=\"assistant\" data-message-id=\"f5e91601-c9f7-4e09-ba73-71100435cccc\">\n<div class=\"flex w-full flex-col gap-1 juice:empty:hidden juice:first:pt-[3px]\">\n<div class=\"markdown prose w-full break-words dark:prose-invert dark\">\n<p>Ieri pomeriggio, una vettura si \u00e8 ribaltata su un fianco nella galleria di Macchietto a Perarolo di Cadore. Illesi i passeggeri. Sul posto sono intervenuti i vigili del fuoco e i carabinieri<\/p>\n<p>&nbsp;<\/p>\n<p>&nbsp;<\/p>\n<p>&nbsp;<\/p>\n<\/div>\n<\/div>\n<\/div>\n<\/div>\n<div class=\"mt-1 flex gap-3 empty:hidden juice:-ml-3\">\n<div class=\"items-center justify-start rounded-xl p-1 flex\">\n<div class=\"flex items-center\"><\/div>\n<\/div>\n<\/div>\n<\/div>\n<p>&nbsp;<\/p>\n<p>&nbsp;<\/p>\n<hr \/>\n<p>&nbsp;<\/p>\n<blockquote>\n<h1 class=\"articlePlainSubHead\"><a class=\"dt-pswp-item\" href=\"https:\/\/www.radiopiu.net\/wordpress\/wp-content\/uploads\/2024\/07\/Senza-nome.png\" data-dt-img-description=\"\" data-large_image_width=\"518\" data-large_image_height=\"359\"><img loading=\"lazy\" decoding=\"async\" class=\"wp-image-397188 alignleft\" src=\"https:\/\/www.radiopiu.net\/wordpress\/wp-content\/uploads\/2024\/07\/Senza-nome-300x208.png\" alt=\"\" width=\"208\" height=\"144\" srcset=\"https:\/\/www.radiopiu.net\/wordpress\/wp-content\/uploads\/2024\/07\/Senza-nome-300x208.png 300w, https:\/\/www.radiopiu.net\/wordpress\/wp-content\/uploads\/2024\/07\/Senza-nome.png 518w\" sizes=\"auto, (max-width: 208px) 100vw, 208px\" \/><\/a>Incidente nel cantiere<\/h1>\n<\/blockquote>\n<div class=\"addthis_sharing_toolbox\" data-url=\"http:\/\/sfoglio.corrierealpi.gelocal.it\/share_article.php?article_id=14203611\" data-title=\"Cade per 30 metri, gravissimo un alpinistaRialzata la perforatrice\"><strong>VALLE DI CADORE<\/strong>\u00a0 Ieri \u00a0nel cantiere della variante di Valle di Cadore\u00a0 le maestranze hanno riposizionato la macchina perforatrice per pali, che si era ribaltata sabato mattina a causa del cedimento del terreno. Lo stabile di servizio delle scuole\u00a0 \u00e8 stato danneggiato dal crollo.<br \/>\nFOTO CORRIERE DELLE ALPI<\/div>\n<p>&nbsp;<\/p>\n<p>&nbsp;<\/p>\n<hr \/>\n<p>&nbsp;<\/p>\n<blockquote>\n<h3>ALPINISTA POLACCO IN CONDIZIONI GRAVI DOPO ESSERE PRECIPITATO PER 30 METRI<\/h3>\n<\/blockquote>\n<p><strong><a class=\"dt-pswp-item\" href=\"https:\/\/www.radiopiu.net\/wordpress\/wp-content\/uploads\/2024\/03\/salt-croce-verde-val-biois-1.jpg\" data-dt-img-description=\"\" data-large_image_width=\"2048\" data-large_image_height=\"1536\"><img loading=\"lazy\" decoding=\"async\" class=\" wp-image-380539 alignleft\" src=\"https:\/\/www.radiopiu.net\/wordpress\/wp-content\/uploads\/2024\/03\/salt-croce-verde-val-biois-1-300x225.jpg\" alt=\"\" width=\"168\" height=\"126\" srcset=\"https:\/\/www.radiopiu.net\/wordpress\/wp-content\/uploads\/2024\/03\/salt-croce-verde-val-biois-1-300x225.jpg 300w, https:\/\/www.radiopiu.net\/wordpress\/wp-content\/uploads\/2024\/03\/salt-croce-verde-val-biois-1-1024x768.jpg 1024w, https:\/\/www.radiopiu.net\/wordpress\/wp-content\/uploads\/2024\/03\/salt-croce-verde-val-biois-1-768x576.jpg 768w, https:\/\/www.radiopiu.net\/wordpress\/wp-content\/uploads\/2024\/03\/salt-croce-verde-val-biois-1-1536x1152.jpg 1536w, https:\/\/www.radiopiu.net\/wordpress\/wp-content\/uploads\/2024\/03\/salt-croce-verde-val-biois-1.jpg 2048w\" sizes=\"auto, (max-width: 168px) 100vw, 168px\" \/><\/a>CORTINA<\/strong> Sono gravi le condizioni di un alpinista polacco di 44 anni, precipitato per una trentina di metri sul primo tiro del secondo Spigolo della Tofana di Rozes, a lanciare l&#8217;allarme delle persone che avevano assistito all&#8217;incidente. Recuperato dall&#8217;elicottero dell&#8217;Aiut Alpin Dolomites di Bolzano, l&#8217;uomo \u00e8 stato trasportato con un sospetto politrauma all&#8217;ospedale di Bolzano. Una squadra del Soccorso alpino della Guardia di finanza di Cortina \u00e8 salita incontro al compagno di cordata.<\/p>\n<p><strong>MISURINA<\/strong> Di seguito l&#8217;elicottero del Suem di Pieve di Cadore \u00e8 intervenuto sul Sentiero delle Pale di Misurina, per un sessantenne colto da malore. L&#8217;escursionista \u00e8 stato portato per accertamenti all&#8217;ospedale di Belluno.<\/p>\n<p>&nbsp;<\/p>\n<p>&nbsp;<\/p>\n<hr \/>\n<p>&nbsp;<\/p>\n<blockquote>\n<h3>MALORE AL RIFUGIO PIAN DE FONTANA. ESCURSIONISTA INFORTUNATA SOTTO A COL NUDO<\/h3>\n<\/blockquote>\n<p dir=\"auto\"><strong>LONGARONE<\/strong> Attorno alle 15.30 di ieri l&#8217;elicottero di Treviso emergenza \u00e8 intervenuto al Rifugio Pian de Fontana a Longarone, dove una 67enne di Longarone, che si trovava con il marito e amici, aveva accusato un malore e non era in grado di camminare. Dopo un primo controllo del medico, la donna \u00e8 stata imbarellata, recuperata con un verricello di 15 metri e trasportata all&#8217;ospedale di Belluno per accertamenti.<\/p>\n<p dir=\"auto\"><strong>ALPAGO<\/strong> Sempre ieri verso le 14 la Centrale del 118 ha allertato il Soccorso alpino dell&#8217;Alpago per un escursionista con sospetta frattura alla caviglia sotto il Col Nudo, a 2.040 metri di quota. L&#8217;elicottero del Suem di Pieve di Cadore, impedito dalle nubi, ha imbarcato 4 soccorritori, lasciandoli a 1.650 metri prima di essere dirottato su un codice rosso. Un elicottero dell&#8217;Air Service Center ha trasportato altri 3 soccorritori in supporto. La prima squadra ha raggiunto a piedi l&#8217;infortunato, un cinquantenne di Monastier (TV), e, dopo averlo imbarellato, ha iniziato il trasporto. I sette soccorritori hanno calato la barella per 300 metri fino a 1.750 metri, dove l&#8217;eliambulanza del Suem \u00e8 intervenuta per portare l&#8217;uomo all&#8217;ospedale di Belluno. I soccorritori e il compagno illeso sono stati riportati a valle dall&#8217;elicottero dell&#8217;Air Service Center.<\/p>\n\n\t\t\t<style type='text\/css'>\n\t\t\t\t#gallery-1 {\n\t\t\t\t\tmargin: auto;\n\t\t\t\t}\n\t\t\t\t#gallery-1 .gallery-item {\n\t\t\t\t\tfloat: left;\n\t\t\t\t\tmargin-top: 10px;\n\t\t\t\t\ttext-align: center;\n\t\t\t\t\twidth: 50%;\n\t\t\t\t}\n\t\t\t\t#gallery-1 img {\n\t\t\t\t\tborder: 2px solid #cfcfcf;\n\t\t\t\t}\n\t\t\t\t#gallery-1 .gallery-caption {\n\t\t\t\t\tmargin-left: 0;\n\t\t\t\t}\n\t\t\t\t\/* see gallery_shortcode() in wp-includes\/media.php *\/\n\t\t\t<\/style>\n\t\t<div id='gallery-1' class='dt-gallery-container gallery galleryid-396906 gallery-columns-2 gallery-size-thumbnail'><dl class='gallery-item'>\n\t\t\t\t<dt class='gallery-icon portrait'>\n\t\t\t\t\t<a class=\"rollover rollover-zoom dt-pswp-item\" title=\"Watermark_20240630_192620_510\" data-dt-img-description=\"\" data-large_image_width=\"1773\" data-large_image_height=\"2364\"href='https:\/\/www.radiopiu.net\/wordpress\/wp-content\/uploads\/2024\/06\/Watermark_20240630_192620_510.jpg'><img loading=\"lazy\" decoding=\"async\" width=\"150\" height=\"150\" src=\"https:\/\/www.radiopiu.net\/wordpress\/wp-content\/uploads\/2024\/06\/Watermark_20240630_192620_510-150x150.jpg\" class=\"attachment-thumbnail size-thumbnail\" alt=\"\" \/><\/a>\n\t\t\t\t<\/dt><\/dl><dl class='gallery-item'>\n\t\t\t\t<dt class='gallery-icon landscape'>\n\t\t\t\t\t<a class=\"rollover rollover-zoom dt-pswp-item\" title=\"Watermark_20240630_192738_996\" data-dt-img-description=\"\" data-large_image_width=\"2364\" data-large_image_height=\"1773\"href='https:\/\/www.radiopiu.net\/wordpress\/wp-content\/uploads\/2024\/06\/Watermark_20240630_192738_996.jpg'><img loading=\"lazy\" decoding=\"async\" width=\"150\" height=\"150\" src=\"https:\/\/www.radiopiu.net\/wordpress\/wp-content\/uploads\/2024\/06\/Watermark_20240630_192738_996-150x150.jpg\" class=\"attachment-thumbnail size-thumbnail\" alt=\"\" \/><\/a>\n\t\t\t\t<\/dt><\/dl><br style=\"clear: both\" \/>\n\t\t\t<\/div>\n\n<p>&nbsp;<\/p>\n<hr \/>\n<p>&nbsp;<\/p>\n<blockquote>\n<h3>PADRE E FIGLIA RECUPERATI SUL SASS DE ROCIA<\/h3>\n<\/blockquote>\n<p><strong>ROCCA PIETORE<\/strong> Sabato sera verso le 20.30 si \u00e8 concluso un difficile intervento per recuperare un uomo di 52 anni e la figlia di 10, caduti per 30 metri in una cavit\u00e0 sul Sass de Rocia. L&#8217;allarme \u00e8 stato lanciato alle 16.10 da alcuni ragazzi, che hanno sentito le grida di aiuto. La bambina \u00e8 scivolata per prima, seguita dal padre nel tentativo di salvarla. Sul posto sono intervenuti il tecnico di elisoccorso e il Soccorso alpino della Val Pettorina. La bambina, con sospetto trauma cranico, \u00e8 stata trasportata all&#8217;ospedale di Treviso. Il padre, incastrato, \u00e8 stato liberato dagli speleologi della Stazione Veneto Orientale e portato all&#8217;ospedale di Belluno con sospetto politrauma.<\/p>\n\n\t\t\t<style type='text\/css'>\n\t\t\t\t#gallery-2 {\n\t\t\t\t\tmargin: auto;\n\t\t\t\t}\n\t\t\t\t#gallery-2 .gallery-item {\n\t\t\t\t\tfloat: left;\n\t\t\t\t\tmargin-top: 10px;\n\t\t\t\t\ttext-align: center;\n\t\t\t\t\twidth: 50%;\n\t\t\t\t}\n\t\t\t\t#gallery-2 img {\n\t\t\t\t\tborder: 2px solid #cfcfcf;\n\t\t\t\t}\n\t\t\t\t#gallery-2 .gallery-caption {\n\t\t\t\t\tmargin-left: 0;\n\t\t\t\t}\n\t\t\t\t\/* see gallery_shortcode() in wp-includes\/media.php *\/\n\t\t\t<\/style>\n\t\t<div id='gallery-2' class='dt-gallery-container gallery galleryid-396906 gallery-columns-2 gallery-size-thumbnail'><dl class='gallery-item'>\n\t\t\t\t<dt class='gallery-icon landscape'>\n\t\t\t\t\t<a class=\"rollover rollover-zoom dt-pswp-item\" title=\"Unknown\" data-dt-img-description=\"\" data-large_image_width=\"2364\" data-large_image_height=\"1773\"href='https:\/\/www.radiopiu.net\/wordpress\/wp-content\/uploads\/2024\/06\/Unknown-1.jpeg'><img loading=\"lazy\" decoding=\"async\" width=\"150\" height=\"150\" src=\"https:\/\/www.radiopiu.net\/wordpress\/wp-content\/uploads\/2024\/06\/Unknown-1-150x150.jpeg\" class=\"attachment-thumbnail size-thumbnail\" alt=\"\" \/><\/a>\n\t\t\t\t<\/dt><\/dl><dl class='gallery-item'>\n\t\t\t\t<dt class='gallery-icon portrait'>\n\t\t\t\t\t<a class=\"rollover rollover-zoom dt-pswp-item\" title=\"Watermark_20240629_211246_125\" data-dt-img-description=\"\" data-large_image_width=\"1773\" data-large_image_height=\"2364\"href='https:\/\/www.radiopiu.net\/wordpress\/wp-content\/uploads\/2024\/06\/Watermark_20240629_211246_125.jpg'><img loading=\"lazy\" decoding=\"async\" width=\"150\" height=\"150\" src=\"https:\/\/www.radiopiu.net\/wordpress\/wp-content\/uploads\/2024\/06\/Watermark_20240629_211246_125-150x150.jpg\" class=\"attachment-thumbnail size-thumbnail\" alt=\"\" \/><\/a>\n\t\t\t\t<\/dt><\/dl><br style=\"clear: both\" \/>\n\t\t\t<\/div>\n\n<p>&nbsp;<\/p>\n<hr \/>\n<p>&nbsp;<\/p>\n<blockquote>\n<h3>RECUPERATI ESCURSIONISTI INGLESI IN UN CANALE<\/h3>\n<\/blockquote>\n<p><strong>CORTINA<\/strong> Passate le 19 di ieri l&#8217;elicottero dell&#8217;Aiut Alpin Dolomites di Bolzano \u00e8 riuscito a individuare e recuperare due escursionisti inglesi di 26 anni, che smarrita la traccia nella zona del Ciadin del Laudo, erano finiti incrodati all&#8217;interno di uno stretto canale. Ritrovati dell&#8217;equipaggio, non senza difficolt\u00e0, i due ragazzi sono stati issati a bordo dal tecnico di elisoccorso con un verricello di 50 metri.<\/p>\n<p>&nbsp;<\/p>\n<p>&nbsp;<\/p>\n<hr \/>\n<p>&nbsp;<\/p>\n<blockquote>\n<h3>RECUPERATI TRE ESCURSIONISTI BLOCCATI DALLA NEVE SULLA FERRATA DIBONA<\/h3>\n<\/blockquote>\n<p><strong>CORTINA<\/strong> Attorno alle 17.50 di sabato tre escursionisti stranieri hanno chiesto aiuto, bloccati dalla neve nella parte alta della Ferrata Ivano Dibona al Cristallo. I tre una coppia olandese, lui 34 anni, lei 31, e un 36enne belga, avevano raggiunto il tratto di canale innevato, con il cavo nascosto da neve ghiacciata, e non potevano pi\u00f9 avanzare. Richiesto l&#8217;intervento dalla Centrale, il Pelikan ha imbarcato un tecnico di elisoccorso del Soccorso alpino di Cortina e si \u00e8 diretto verso il canale, dove i tre &#8211; due con calzature inappropriate &#8211; nel frattempo si erano spostati in un punto pi\u00f9 agevole per il recupero. Smontato in hovering, il soccorritore ha aiutato i tre a salire a bordo. L&#8217;elicottero li ha poi trasportati in piazzola a Cortina.<\/p>\n<p>&nbsp;<\/p>\n<p>&nbsp;<\/p>\n<hr \/>\n<p>&nbsp;<\/p>\n<blockquote>\n<h3>PERDONO IL SENTIERO, IL SOCCORSO ALPINO INTERVIENE<\/h3>\n<\/blockquote>\n<p><strong>DOMEGGE DI CADORE<\/strong> Sabato verso le 17.30 il Soccorso alpino del Centro Cadore \u00e8 stato allertato per una coppia di escursionisti rodigini, che avevano perso la traccia del sentiero 352, mentre dal Rifugio Tita Barba erano diretti al Rifugio Padova. Non potendo geolocalizzarli e non riuscendo a ricontattarli al cellulare, le squadre sono partiti a cercare i due, lei 55 anni di Rosolina, lui 61 di Loreo, con il supporto dei soccorritori di Pieve di Cadore, sapendo soltanto che si trovavano a quota 1.500. Distribuiti in varie zone, fortunatamente una squadra ha sentito i loro richiami e li ha individuati, riportandoli sul sentiero, per poi riaccompagnarli alla macchina.<\/p>\n<p>&nbsp;<\/p>\n<p>&nbsp;<\/p>\n<hr \/>\n<p>&nbsp;<\/p>\n<blockquote>\n<h3>IN PROVINCIA NASCE IL TAVOLO AGRICOLTURA<\/h3>\n<\/blockquote>\n<p><strong><a class=\"dt-pswp-item\" href=\"https:\/\/www.radiopiu.net\/wordpress\/wp-content\/uploads\/2020\/06\/palazzo_piloni_belluno.jpg\" data-dt-img-description=\"\" data-large_image_width=\"1000\" data-large_image_height=\"667\"><img loading=\"lazy\" decoding=\"async\" class=\" wp-image-144771 alignleft\" src=\"https:\/\/www.radiopiu.net\/wordpress\/wp-content\/uploads\/2020\/06\/palazzo_piloni_belluno-300x200.jpg\" alt=\"\" width=\"182\" height=\"121\" srcset=\"https:\/\/www.radiopiu.net\/wordpress\/wp-content\/uploads\/2020\/06\/palazzo_piloni_belluno-300x200.jpg 300w, https:\/\/www.radiopiu.net\/wordpress\/wp-content\/uploads\/2020\/06\/palazzo_piloni_belluno-768x512.jpg 768w, https:\/\/www.radiopiu.net\/wordpress\/wp-content\/uploads\/2020\/06\/palazzo_piloni_belluno.jpg 1000w\" sizes=\"auto, (max-width: 182px) 100vw, 182px\" \/><\/a>BELLUNO<\/strong> In Provincia di Belluno \u00e8 stato istituito il Tavolo Agricoltura, che riunisce tutte le associazioni di categoria del settore agricolo per sviluppare politiche di crescita in un contesto montano. La prima riunione si \u00e8 svolta a Palazzo Piloni, coordinata dalla vice presidente provinciale Silvia Calligaro e dal senatore Luca De Carlo. L&#8217;iniziativa \u00e8 nata dall&#8217;ascolto delle esigenze delle associazioni agricole, puntando a superare le sfide delle piccole aziende e sfruttare le opportunit\u00e0 delle produzioni di nicchia e biologiche. Il Tavolo faciliter\u00e0 la sinergia tra la Provincia e il settore primario, aggiornando anche sulle normative e sostenendo misure come il bando latterie. L&#8217;agricoltura \u00e8 vista come cruciale per l&#8217;economia locale, il turismo e la prevenzione dello spopolamento e del dissesto idrogeologico.<\/p>\n<p><strong>LA VICE PRESIDENTE DELLA PROVINCIA SILVIA CALLIGARO<\/strong><\/p>\n<audio class=\"wp-audio-shortcode\" id=\"audio-396906-6\" preload=\"none\" style=\"width: 100%;\" controls=\"controls\"><source type=\"audio\/mpeg\" src=\"https:\/\/www.radiopiu.net\/wordpress\/wp-content\/uploads\/2024\/06\/SILVIA-CALLIGARO-AGRICOLTURA.mp3?_=6\" \/><a href=\"https:\/\/www.radiopiu.net\/wordpress\/wp-content\/uploads\/2024\/06\/SILVIA-CALLIGARO-AGRICOLTURA.mp3\">https:\/\/www.radiopiu.net\/wordpress\/wp-content\/uploads\/2024\/06\/SILVIA-CALLIGARO-AGRICOLTURA.mp3<\/a><\/audio>\n<p>&nbsp;<\/p>\n<hr \/>\n<p>&nbsp;<\/p>\n<blockquote>\n<h3>DOMANI MAURIZIO LANDINI ALLO STABILIMENTO ESSILORLUXOTTICA DI AGORDO<\/h3>\n<\/blockquote>\n<p><strong><a class=\"dt-pswp-item\" href=\"https:\/\/www.radiopiu.net\/wordpress\/wp-content\/uploads\/2024\/06\/maurizio-landini.png\" data-dt-img-description=\"\" data-large_image_width=\"631\" data-large_image_height=\"406\"><img loading=\"lazy\" decoding=\"async\" class=\" wp-image-395979 alignleft\" src=\"https:\/\/www.radiopiu.net\/wordpress\/wp-content\/uploads\/2024\/06\/maurizio-landini-300x193.png\" alt=\"\" width=\"179\" height=\"115\" srcset=\"https:\/\/www.radiopiu.net\/wordpress\/wp-content\/uploads\/2024\/06\/maurizio-landini-300x193.png 300w, https:\/\/www.radiopiu.net\/wordpress\/wp-content\/uploads\/2024\/06\/maurizio-landini.png 631w\" sizes=\"auto, (max-width: 179px) 100vw, 179px\" \/><\/a>DI MARCO GAZ<\/strong><\/p>\n<p>OSPITE: Luigi Dell&#8217;Atti, RSU EssilorLuxottica FILCTEM CGIL stabilimento di Agordo<\/p>\n<audio class=\"wp-audio-shortcode\" id=\"audio-396906-7\" preload=\"none\" style=\"width: 100%;\" controls=\"controls\"><source type=\"audio\/mpeg\" src=\"https:\/\/www.radiopiu.net\/wordpress\/wp-content\/uploads\/2024\/06\/LUIGI-DELLATTI-LANDINI-AGORDO.mp3?_=7\" \/><a href=\"https:\/\/www.radiopiu.net\/wordpress\/wp-content\/uploads\/2024\/06\/LUIGI-DELLATTI-LANDINI-AGORDO.mp3\">https:\/\/www.radiopiu.net\/wordpress\/wp-content\/uploads\/2024\/06\/LUIGI-DELLATTI-LANDINI-AGORDO.mp3<\/a><\/audio>\n<p>&nbsp;<\/p>\n<hr \/>\n<p>&nbsp;<\/p>\n<blockquote>\n<h3>ESTATE A FALCADE: DAL RITIRO DEL VENEZIA CALCIO A MISS ITALIA<\/h3>\n<\/blockquote>\n<p><strong><a class=\"dt-pswp-item\" href=\"https:\/\/www.radiopiu.net\/wordpress\/wp-content\/uploads\/2020\/09\/FALCADE-5.jpg\" data-dt-img-description=\"\" data-large_image_width=\"960\" data-large_image_height=\"720\"><img loading=\"lazy\" decoding=\"async\" class=\" wp-image-163181 alignleft\" src=\"https:\/\/www.radiopiu.net\/wordpress\/wp-content\/uploads\/2020\/09\/FALCADE-5-300x225.jpg\" alt=\"\" width=\"147\" height=\"110\" srcset=\"https:\/\/www.radiopiu.net\/wordpress\/wp-content\/uploads\/2020\/09\/FALCADE-5-300x225.jpg 300w, https:\/\/www.radiopiu.net\/wordpress\/wp-content\/uploads\/2020\/09\/FALCADE-5-768x576.jpg 768w, https:\/\/www.radiopiu.net\/wordpress\/wp-content\/uploads\/2020\/09\/FALCADE-5-640x480.jpg 640w, https:\/\/www.radiopiu.net\/wordpress\/wp-content\/uploads\/2020\/09\/FALCADE-5.jpg 960w\" sizes=\"auto, (max-width: 147px) 100vw, 147px\" \/><\/a>DI MIRKO MEZZACASA<\/strong><\/p>\n<p>OSPITI: IL SINDACO DI FALCADE MAURO SALVATERRA, L\u2019ASSESSORE FLAVIO MURER E IL CONSIGLIERE FULVIO VALT<\/p>\n<p>&nbsp;<\/p>\n<p>&nbsp;<\/p>\n<p><strong>PRIMA PARTE<\/strong><\/p>\n<audio class=\"wp-audio-shortcode\" id=\"audio-396906-8\" preload=\"none\" style=\"width: 100%;\" controls=\"controls\"><source type=\"audio\/mpeg\" src=\"https:\/\/www.radiopiu.net\/wordpress\/wp-content\/uploads\/2024\/06\/FALCADE-PRIMA-PUNTATA-1.mp3?_=8\" \/><a href=\"https:\/\/www.radiopiu.net\/wordpress\/wp-content\/uploads\/2024\/06\/FALCADE-PRIMA-PUNTATA-1.mp3\">https:\/\/www.radiopiu.net\/wordpress\/wp-content\/uploads\/2024\/06\/FALCADE-PRIMA-PUNTATA-1.mp3<\/a><\/audio>\n<p>&nbsp;<\/p>\n<p><strong>SECONDA PARTE<\/strong><\/p>\n<audio class=\"wp-audio-shortcode\" id=\"audio-396906-9\" preload=\"none\" style=\"width: 100%;\" controls=\"controls\"><source type=\"audio\/mpeg\" src=\"https:\/\/www.radiopiu.net\/wordpress\/wp-content\/uploads\/2024\/06\/FALCADE-SECONDA-PUNTATA.mp3?_=9\" \/><a href=\"https:\/\/www.radiopiu.net\/wordpress\/wp-content\/uploads\/2024\/06\/FALCADE-SECONDA-PUNTATA.mp3\">https:\/\/www.radiopiu.net\/wordpress\/wp-content\/uploads\/2024\/06\/FALCADE-SECONDA-PUNTATA.mp3<\/a><\/audio>\n<p>&nbsp;<\/p>\n<p><span style=\"color: #ff0000;\"><strong>IL SUMMER CAMP PER I GIOVANI CALCIATORI<\/strong><\/span><\/p>\n<a href=\"https:\/\/www.radiopiu.net\/wordpress\/wp-content\/uploads\/2024\/06\/04_Volantino-summer-camp-2024_Falcade_Digital.pdf\" class=\"pdfemb-viewer\" style=\"\" data-width=\"max\" data-height=\"max\" data-toolbar=\"top\" data-toolbar-fixed=\"on\">04_Volantino summer camp 2024_Falcade_Digital<\/a>\n<p>&nbsp;<\/p>\n<p>&nbsp;<\/p>\n<hr \/>\n<p>&nbsp;<\/p>\n<blockquote>\n<h3>DUE SETTIMANE DI ESPLORAZIONI IN MALGA PELSA CON IL GAMP<\/h3>\n<\/blockquote>\n<p><strong>DAVIDE CONEDERA DEL GAMP AGORDO<\/strong><\/p>\n<audio class=\"wp-audio-shortcode\" id=\"audio-396906-10\" preload=\"none\" style=\"width: 100%;\" controls=\"controls\"><source type=\"audio\/mpeg\" src=\"https:\/\/www.radiopiu.net\/wordpress\/wp-content\/uploads\/2024\/06\/DAVIDE-CONODERA-GAMP.mp3?_=10\" \/><a href=\"https:\/\/www.radiopiu.net\/wordpress\/wp-content\/uploads\/2024\/06\/DAVIDE-CONODERA-GAMP.mp3\">https:\/\/www.radiopiu.net\/wordpress\/wp-content\/uploads\/2024\/06\/DAVIDE-CONODERA-GAMP.mp3<\/a><\/audio>\n<p>&nbsp;<\/p>\n<p><strong>PROF. ANDREA TINTORI, PROFESSORE DI PALEONTOLOGIA ALL&#8217;UNIVERSIT\u00c0 DI MILANO, IN PENSIONE<\/strong><\/p>\n<audio class=\"wp-audio-shortcode\" id=\"audio-396906-11\" preload=\"none\" style=\"width: 100%;\" controls=\"controls\"><source type=\"audio\/mpeg\" src=\"https:\/\/www.radiopiu.net\/wordpress\/wp-content\/uploads\/2024\/06\/ANDREA-TINTORI-GAMP.mp3?_=11\" \/><a href=\"https:\/\/www.radiopiu.net\/wordpress\/wp-content\/uploads\/2024\/06\/ANDREA-TINTORI-GAMP.mp3\">https:\/\/www.radiopiu.net\/wordpress\/wp-content\/uploads\/2024\/06\/ANDREA-TINTORI-GAMP.mp3<\/a><\/audio>\n<p>&nbsp;<\/p>\n<p><strong>DOTT. STEFANO DOMINICI, CURATORE DEL MUSEO DI STORIA NATURALE DELL&#8217;UNIVERSIT\u00c0 DI FIRENZE<\/strong><\/p>\n<audio class=\"wp-audio-shortcode\" id=\"audio-396906-12\" preload=\"none\" style=\"width: 100%;\" controls=\"controls\"><source type=\"audio\/mpeg\" src=\"https:\/\/www.radiopiu.net\/wordpress\/wp-content\/uploads\/2024\/06\/STEFANO-DOMINICIS-GAMP.mp3?_=12\" \/><a href=\"https:\/\/www.radiopiu.net\/wordpress\/wp-content\/uploads\/2024\/06\/STEFANO-DOMINICIS-GAMP.mp3\">https:\/\/www.radiopiu.net\/wordpress\/wp-content\/uploads\/2024\/06\/STEFANO-DOMINICIS-GAMP.mp3<\/a><\/audio>\n<p>&nbsp;<\/p>\n\n\t\t\t<style type='text\/css'>\n\t\t\t\t#gallery-3 {\n\t\t\t\t\tmargin: auto;\n\t\t\t\t}\n\t\t\t\t#gallery-3 .gallery-item {\n\t\t\t\t\tfloat: left;\n\t\t\t\t\tmargin-top: 10px;\n\t\t\t\t\ttext-align: center;\n\t\t\t\t\twidth: 20%;\n\t\t\t\t}\n\t\t\t\t#gallery-3 img {\n\t\t\t\t\tborder: 2px solid #cfcfcf;\n\t\t\t\t}\n\t\t\t\t#gallery-3 .gallery-caption {\n\t\t\t\t\tmargin-left: 0;\n\t\t\t\t}\n\t\t\t\t\/* see gallery_shortcode() in wp-includes\/media.php *\/\n\t\t\t<\/style>\n\t\t<div id='gallery-3' class='dt-gallery-container gallery galleryid-396906 gallery-columns-5 gallery-size-thumbnail'><dl class='gallery-item'>\n\t\t\t\t<dt class='gallery-icon landscape'>\n\t\t\t\t\t<a class=\"rollover rollover-zoom dt-pswp-item\" title=\"de7b3ae0-8689-44a9-903c-64aefe0fb6cf\" data-dt-img-description=\"\" data-large_image_width=\"2048\" data-large_image_height=\"1170\"href='https:\/\/www.radiopiu.net\/wordpress\/wp-content\/uploads\/2024\/06\/de7b3ae0-8689-44a9-903c-64aefe0fb6cf.jpg'><img loading=\"lazy\" decoding=\"async\" width=\"150\" height=\"150\" src=\"https:\/\/www.radiopiu.net\/wordpress\/wp-content\/uploads\/2024\/06\/de7b3ae0-8689-44a9-903c-64aefe0fb6cf-150x150.jpg\" class=\"attachment-thumbnail size-thumbnail\" alt=\"\" \/><\/a>\n\t\t\t\t<\/dt><\/dl><dl class='gallery-item'>\n\t\t\t\t<dt class='gallery-icon portrait'>\n\t\t\t\t\t<a class=\"rollover rollover-zoom dt-pswp-item\" title=\"1dd03466-6389-404f-89b4-09888aa884e6\" data-dt-img-description=\"\" data-large_image_width=\"586\" data-large_image_height=\"928\"href='https:\/\/www.radiopiu.net\/wordpress\/wp-content\/uploads\/2024\/06\/1dd03466-6389-404f-89b4-09888aa884e6.jpg'><img loading=\"lazy\" decoding=\"async\" width=\"150\" height=\"150\" src=\"https:\/\/www.radiopiu.net\/wordpress\/wp-content\/uploads\/2024\/06\/1dd03466-6389-404f-89b4-09888aa884e6-150x150.jpg\" class=\"attachment-thumbnail size-thumbnail\" alt=\"\" \/><\/a>\n\t\t\t\t<\/dt><\/dl><dl class='gallery-item'>\n\t\t\t\t<dt class='gallery-icon landscape'>\n\t\t\t\t\t<a class=\"rollover rollover-zoom dt-pswp-item\" title=\"5d84a6ac-3ee6-4f09-83c2-3f8a7832c50f\" data-dt-img-description=\"\" data-large_image_width=\"1531\" data-large_image_height=\"1297\"href='https:\/\/www.radiopiu.net\/wordpress\/wp-content\/uploads\/2024\/06\/5d84a6ac-3ee6-4f09-83c2-3f8a7832c50f.jpg'><img loading=\"lazy\" decoding=\"async\" width=\"150\" height=\"150\" src=\"https:\/\/www.radiopiu.net\/wordpress\/wp-content\/uploads\/2024\/06\/5d84a6ac-3ee6-4f09-83c2-3f8a7832c50f-150x150.jpg\" class=\"attachment-thumbnail size-thumbnail\" alt=\"\" \/><\/a>\n\t\t\t\t<\/dt><\/dl><dl class='gallery-item'>\n\t\t\t\t<dt class='gallery-icon landscape'>\n\t\t\t\t\t<a class=\"rollover rollover-zoom dt-pswp-item\" title=\"df97db2a-bd37-4a76-9bcf-9c950323c588\" data-dt-img-description=\"\" data-large_image_width=\"1600\" data-large_image_height=\"1225\"href='https:\/\/www.radiopiu.net\/wordpress\/wp-content\/uploads\/2024\/06\/df97db2a-bd37-4a76-9bcf-9c950323c588.jpg'><img loading=\"lazy\" decoding=\"async\" width=\"150\" height=\"150\" src=\"https:\/\/www.radiopiu.net\/wordpress\/wp-content\/uploads\/2024\/06\/df97db2a-bd37-4a76-9bcf-9c950323c588-150x150.jpg\" class=\"attachment-thumbnail size-thumbnail\" alt=\"\" \/><\/a>\n\t\t\t\t<\/dt><\/dl><dl class='gallery-item'>\n\t\t\t\t<dt class='gallery-icon portrait'>\n\t\t\t\t\t<a class=\"rollover rollover-zoom dt-pswp-item\" title=\"0f2d9c61-7f67-4c01-9a6d-efc95c4a1b4f\" data-dt-img-description=\"\" data-large_image_width=\"1102\" data-large_image_height=\"1600\"href='https:\/\/www.radiopiu.net\/wordpress\/wp-content\/uploads\/2024\/06\/0f2d9c61-7f67-4c01-9a6d-efc95c4a1b4f.jpg'><img loading=\"lazy\" decoding=\"async\" width=\"150\" height=\"150\" src=\"https:\/\/www.radiopiu.net\/wordpress\/wp-content\/uploads\/2024\/06\/0f2d9c61-7f67-4c01-9a6d-efc95c4a1b4f-150x150.jpg\" class=\"attachment-thumbnail size-thumbnail\" alt=\"\" \/><\/a>\n\t\t\t\t<\/dt><\/dl><br style=\"clear: both\" \/>\n\t\t\t<\/div>\n\n<p>&nbsp;<\/p>\n<hr \/>\n<p>&nbsp;<\/p>\n<blockquote>\n<h3>INAUGURATO IL BORGO DI PALUE A ROCCA PIETORE<\/h3>\n<\/blockquote>\n<p><strong>ROCCA PIETORE<\/strong><\/p>\n<p><strong>DI MARINA DONA&#8217;<\/strong><\/p>\n<audio class=\"wp-audio-shortcode\" id=\"audio-396906-13\" preload=\"none\" style=\"width: 100%;\" controls=\"controls\"><source type=\"audio\/mpeg\" src=\"https:\/\/www.radiopiu.net\/wordpress\/wp-content\/uploads\/2024\/06\/MARINA-INAUGURAZIONE-BORGO-PALUE.mp3?_=13\" \/><a href=\"https:\/\/www.radiopiu.net\/wordpress\/wp-content\/uploads\/2024\/06\/MARINA-INAUGURAZIONE-BORGO-PALUE.mp3\">https:\/\/www.radiopiu.net\/wordpress\/wp-content\/uploads\/2024\/06\/MARINA-INAUGURAZIONE-BORGO-PALUE.mp3<\/a><\/audio>\n<p>&nbsp;<\/p>\n\n\t\t\t<style type='text\/css'>\n\t\t\t\t#gallery-4 {\n\t\t\t\t\tmargin: auto;\n\t\t\t\t}\n\t\t\t\t#gallery-4 .gallery-item {\n\t\t\t\t\tfloat: left;\n\t\t\t\t\tmargin-top: 10px;\n\t\t\t\t\ttext-align: center;\n\t\t\t\t\twidth: 33%;\n\t\t\t\t}\n\t\t\t\t#gallery-4 img {\n\t\t\t\t\tborder: 2px solid #cfcfcf;\n\t\t\t\t}\n\t\t\t\t#gallery-4 .gallery-caption {\n\t\t\t\t\tmargin-left: 0;\n\t\t\t\t}\n\t\t\t\t\/* see gallery_shortcode() in wp-includes\/media.php *\/\n\t\t\t<\/style>\n\t\t<div id='gallery-4' class='dt-gallery-container gallery galleryid-396906 gallery-columns-3 gallery-size-medium'><dl class='gallery-item'>\n\t\t\t\t<dt class='gallery-icon landscape'>\n\t\t\t\t\t<a class=\"rollover rollover-zoom dt-pswp-item\" title=\"c780cb9e-82ed-406e-aadf-809d56705cde\" data-dt-img-description=\"\" data-large_image_width=\"1080\" data-large_image_height=\"606\"href='https:\/\/www.radiopiu.net\/wordpress\/wp-content\/uploads\/2024\/06\/c780cb9e-82ed-406e-aadf-809d56705cde.jpg'><img loading=\"lazy\" decoding=\"async\" width=\"300\" height=\"168\" src=\"https:\/\/www.radiopiu.net\/wordpress\/wp-content\/uploads\/2024\/06\/c780cb9e-82ed-406e-aadf-809d56705cde-300x168.jpg\" class=\"attachment-medium size-medium\" alt=\"\" srcset=\"https:\/\/www.radiopiu.net\/wordpress\/wp-content\/uploads\/2024\/06\/c780cb9e-82ed-406e-aadf-809d56705cde-300x168.jpg 300w, https:\/\/www.radiopiu.net\/wordpress\/wp-content\/uploads\/2024\/06\/c780cb9e-82ed-406e-aadf-809d56705cde-1024x575.jpg 1024w, https:\/\/www.radiopiu.net\/wordpress\/wp-content\/uploads\/2024\/06\/c780cb9e-82ed-406e-aadf-809d56705cde-768x431.jpg 768w, https:\/\/www.radiopiu.net\/wordpress\/wp-content\/uploads\/2024\/06\/c780cb9e-82ed-406e-aadf-809d56705cde.jpg 1080w\" sizes=\"auto, (max-width: 300px) 100vw, 300px\" \/><\/a>\n\t\t\t\t<\/dt><\/dl><dl class='gallery-item'>\n\t\t\t\t<dt class='gallery-icon landscape'>\n\t\t\t\t\t<a class=\"rollover rollover-zoom dt-pswp-item\" title=\"29a0fc33-7367-4cb0-8b4d-7403519db28c\" data-dt-img-description=\"\" data-large_image_width=\"1600\" data-large_image_height=\"1200\"href='https:\/\/www.radiopiu.net\/wordpress\/wp-content\/uploads\/2024\/06\/29a0fc33-7367-4cb0-8b4d-7403519db28c.jpg'><img loading=\"lazy\" decoding=\"async\" width=\"300\" height=\"225\" src=\"https:\/\/www.radiopiu.net\/wordpress\/wp-content\/uploads\/2024\/06\/29a0fc33-7367-4cb0-8b4d-7403519db28c-300x225.jpg\" class=\"attachment-medium size-medium\" alt=\"\" srcset=\"https:\/\/www.radiopiu.net\/wordpress\/wp-content\/uploads\/2024\/06\/29a0fc33-7367-4cb0-8b4d-7403519db28c-300x225.jpg 300w, https:\/\/www.radiopiu.net\/wordpress\/wp-content\/uploads\/2024\/06\/29a0fc33-7367-4cb0-8b4d-7403519db28c-1024x768.jpg 1024w, https:\/\/www.radiopiu.net\/wordpress\/wp-content\/uploads\/2024\/06\/29a0fc33-7367-4cb0-8b4d-7403519db28c-768x576.jpg 768w, https:\/\/www.radiopiu.net\/wordpress\/wp-content\/uploads\/2024\/06\/29a0fc33-7367-4cb0-8b4d-7403519db28c-1536x1152.jpg 1536w, https:\/\/www.radiopiu.net\/wordpress\/wp-content\/uploads\/2024\/06\/29a0fc33-7367-4cb0-8b4d-7403519db28c.jpg 1600w\" sizes=\"auto, (max-width: 300px) 100vw, 300px\" \/><\/a>\n\t\t\t\t<\/dt><\/dl><dl class='gallery-item'>\n\t\t\t\t<dt class='gallery-icon landscape'>\n\t\t\t\t\t<a class=\"rollover rollover-zoom dt-pswp-item\" title=\"32b7780f-9332-42be-9cff-d2cf7b1ad186\" data-dt-img-description=\"\" data-large_image_width=\"1600\" data-large_image_height=\"1200\"href='https:\/\/www.radiopiu.net\/wordpress\/wp-content\/uploads\/2024\/06\/32b7780f-9332-42be-9cff-d2cf7b1ad186.jpg'><img loading=\"lazy\" decoding=\"async\" width=\"300\" height=\"225\" src=\"https:\/\/www.radiopiu.net\/wordpress\/wp-content\/uploads\/2024\/06\/32b7780f-9332-42be-9cff-d2cf7b1ad186-300x225.jpg\" class=\"attachment-medium size-medium\" alt=\"\" srcset=\"https:\/\/www.radiopiu.net\/wordpress\/wp-content\/uploads\/2024\/06\/32b7780f-9332-42be-9cff-d2cf7b1ad186-300x225.jpg 300w, https:\/\/www.radiopiu.net\/wordpress\/wp-content\/uploads\/2024\/06\/32b7780f-9332-42be-9cff-d2cf7b1ad186-1024x768.jpg 1024w, https:\/\/www.radiopiu.net\/wordpress\/wp-content\/uploads\/2024\/06\/32b7780f-9332-42be-9cff-d2cf7b1ad186-768x576.jpg 768w, https:\/\/www.radiopiu.net\/wordpress\/wp-content\/uploads\/2024\/06\/32b7780f-9332-42be-9cff-d2cf7b1ad186-1536x1152.jpg 1536w, https:\/\/www.radiopiu.net\/wordpress\/wp-content\/uploads\/2024\/06\/32b7780f-9332-42be-9cff-d2cf7b1ad186.jpg 1600w\" sizes=\"auto, (max-width: 300px) 100vw, 300px\" \/><\/a>\n\t\t\t\t<\/dt><\/dl><br style=\"clear: both\" \/><dl class='gallery-item'>\n\t\t\t\t<dt class='gallery-icon landscape'>\n\t\t\t\t\t<a class=\"rollover rollover-zoom dt-pswp-item\" title=\"c365ac8f-0b80-4af5-bc5a-5741be709fed\" data-dt-img-description=\"\" data-large_image_width=\"1600\" data-large_image_height=\"1200\"href='https:\/\/www.radiopiu.net\/wordpress\/wp-content\/uploads\/2024\/06\/c365ac8f-0b80-4af5-bc5a-5741be709fed.jpg'><img loading=\"lazy\" decoding=\"async\" width=\"300\" height=\"225\" src=\"https:\/\/www.radiopiu.net\/wordpress\/wp-content\/uploads\/2024\/06\/c365ac8f-0b80-4af5-bc5a-5741be709fed-300x225.jpg\" class=\"attachment-medium size-medium\" alt=\"\" srcset=\"https:\/\/www.radiopiu.net\/wordpress\/wp-content\/uploads\/2024\/06\/c365ac8f-0b80-4af5-bc5a-5741be709fed-300x225.jpg 300w, https:\/\/www.radiopiu.net\/wordpress\/wp-content\/uploads\/2024\/06\/c365ac8f-0b80-4af5-bc5a-5741be709fed-1024x768.jpg 1024w, https:\/\/www.radiopiu.net\/wordpress\/wp-content\/uploads\/2024\/06\/c365ac8f-0b80-4af5-bc5a-5741be709fed-768x576.jpg 768w, https:\/\/www.radiopiu.net\/wordpress\/wp-content\/uploads\/2024\/06\/c365ac8f-0b80-4af5-bc5a-5741be709fed-1536x1152.jpg 1536w, https:\/\/www.radiopiu.net\/wordpress\/wp-content\/uploads\/2024\/06\/c365ac8f-0b80-4af5-bc5a-5741be709fed.jpg 1600w\" sizes=\"auto, (max-width: 300px) 100vw, 300px\" \/><\/a>\n\t\t\t\t<\/dt><\/dl><dl class='gallery-item'>\n\t\t\t\t<dt class='gallery-icon landscape'>\n\t\t\t\t\t<a class=\"rollover rollover-zoom dt-pswp-item\" title=\"9c62efac-3668-4b00-bf17-9255fd764407\" data-dt-img-description=\"\" data-large_image_width=\"1080\" data-large_image_height=\"623\"href='https:\/\/www.radiopiu.net\/wordpress\/wp-content\/uploads\/2024\/06\/9c62efac-3668-4b00-bf17-9255fd764407.jpg'><img loading=\"lazy\" decoding=\"async\" width=\"300\" height=\"173\" src=\"https:\/\/www.radiopiu.net\/wordpress\/wp-content\/uploads\/2024\/06\/9c62efac-3668-4b00-bf17-9255fd764407-300x173.jpg\" class=\"attachment-medium size-medium\" alt=\"\" srcset=\"https:\/\/www.radiopiu.net\/wordpress\/wp-content\/uploads\/2024\/06\/9c62efac-3668-4b00-bf17-9255fd764407-300x173.jpg 300w, https:\/\/www.radiopiu.net\/wordpress\/wp-content\/uploads\/2024\/06\/9c62efac-3668-4b00-bf17-9255fd764407-1024x591.jpg 1024w, https:\/\/www.radiopiu.net\/wordpress\/wp-content\/uploads\/2024\/06\/9c62efac-3668-4b00-bf17-9255fd764407-768x443.jpg 768w, https:\/\/www.radiopiu.net\/wordpress\/wp-content\/uploads\/2024\/06\/9c62efac-3668-4b00-bf17-9255fd764407.jpg 1080w\" sizes=\"auto, (max-width: 300px) 100vw, 300px\" \/><\/a>\n\t\t\t\t<\/dt><\/dl><dl class='gallery-item'>\n\t\t\t\t<dt class='gallery-icon landscape'>\n\t\t\t\t\t<a class=\"rollover rollover-zoom dt-pswp-item\" title=\"bbd9b201-44cc-42f1-ad84-b8ce0205b646\" data-dt-img-description=\"\" data-large_image_width=\"1600\" data-large_image_height=\"1200\"href='https:\/\/www.radiopiu.net\/wordpress\/wp-content\/uploads\/2024\/06\/bbd9b201-44cc-42f1-ad84-b8ce0205b646.jpg'><img loading=\"lazy\" decoding=\"async\" width=\"300\" height=\"225\" src=\"https:\/\/www.radiopiu.net\/wordpress\/wp-content\/uploads\/2024\/06\/bbd9b201-44cc-42f1-ad84-b8ce0205b646-300x225.jpg\" class=\"attachment-medium size-medium\" alt=\"\" srcset=\"https:\/\/www.radiopiu.net\/wordpress\/wp-content\/uploads\/2024\/06\/bbd9b201-44cc-42f1-ad84-b8ce0205b646-300x225.jpg 300w, https:\/\/www.radiopiu.net\/wordpress\/wp-content\/uploads\/2024\/06\/bbd9b201-44cc-42f1-ad84-b8ce0205b646-1024x768.jpg 1024w, https:\/\/www.radiopiu.net\/wordpress\/wp-content\/uploads\/2024\/06\/bbd9b201-44cc-42f1-ad84-b8ce0205b646-768x576.jpg 768w, https:\/\/www.radiopiu.net\/wordpress\/wp-content\/uploads\/2024\/06\/bbd9b201-44cc-42f1-ad84-b8ce0205b646-1536x1152.jpg 1536w, https:\/\/www.radiopiu.net\/wordpress\/wp-content\/uploads\/2024\/06\/bbd9b201-44cc-42f1-ad84-b8ce0205b646.jpg 1600w\" sizes=\"auto, (max-width: 300px) 100vw, 300px\" \/><\/a>\n\t\t\t\t<\/dt><\/dl><br style=\"clear: both\" \/>\n\t\t\t<\/div>\n\n<p>&nbsp;<\/p>\n<div style=\"width: 848px;\" class=\"wp-video\"><video class=\"wp-video-shortcode\" id=\"video-396906-1\" width=\"848\" height=\"480\" preload=\"metadata\" controls=\"controls\"><source type=\"video\/mp4\" src=\"https:\/\/www.radiopiu.net\/wordpress\/wp-content\/uploads\/2024\/06\/WhatsApp-Video-2024-06-30-at-21.00.30.mp4?_=1\" \/><a href=\"https:\/\/www.radiopiu.net\/wordpress\/wp-content\/uploads\/2024\/06\/WhatsApp-Video-2024-06-30-at-21.00.30.mp4\">https:\/\/www.radiopiu.net\/wordpress\/wp-content\/uploads\/2024\/06\/WhatsApp-Video-2024-06-30-at-21.00.30.mp4<\/a><\/video><\/div>\n<p>&nbsp;<\/p>\n<p>&nbsp;<\/p>\n<blockquote>\n<h3 class=\"entry-title\">PULIZIA DEI SENTIERI CON IL PIODEC E CAI DI TAIBON<\/h3>\n<\/blockquote>\n<p><strong>TAIBON<\/strong> Con l&#8217;arrivo dell&#8217;estate iniziano anche i lavori per mantenere puliti i sentieri dei boschi ma non solo. Lo sanno bene i volontaro del Piodec di Taibon e del CAI di Taibon che decespugliatori in mano hanno pulito tutto il tratto che va da Casera Pian De La Stua fino a Malga Campigat. Un gruppo di giovani e meno giovani che tengono alla pulizia del territorio.<\/p>\n\n\t\t\t<style type='text\/css'>\n\t\t\t\t#gallery-5 {\n\t\t\t\t\tmargin: auto;\n\t\t\t\t}\n\t\t\t\t#gallery-5 .gallery-item {\n\t\t\t\t\tfloat: left;\n\t\t\t\t\tmargin-top: 10px;\n\t\t\t\t\ttext-align: center;\n\t\t\t\t\twidth: 25%;\n\t\t\t\t}\n\t\t\t\t#gallery-5 img {\n\t\t\t\t\tborder: 2px solid #cfcfcf;\n\t\t\t\t}\n\t\t\t\t#gallery-5 .gallery-caption {\n\t\t\t\t\tmargin-left: 0;\n\t\t\t\t}\n\t\t\t\t\/* see gallery_shortcode() in wp-includes\/media.php *\/\n\t\t\t<\/style>\n\t\t<div id='gallery-5' class='dt-gallery-container gallery galleryid-396906 gallery-columns-4 gallery-size-medium'><dl class='gallery-item'>\n\t\t\t\t<dt class='gallery-icon landscape'>\n\t\t\t\t\t<a class=\"rollover rollover-zoom dt-pswp-item\" title=\"02ebc592-a9c4-45c4-a6ff-219f5a55d3e5\" data-dt-img-description=\"\" data-large_image_width=\"2016\" data-large_image_height=\"908\"href='https:\/\/www.radiopiu.net\/wordpress\/wp-content\/uploads\/2024\/06\/02ebc592-a9c4-45c4-a6ff-219f5a55d3e5.jpg'><img loading=\"lazy\" decoding=\"async\" width=\"300\" height=\"135\" src=\"https:\/\/www.radiopiu.net\/wordpress\/wp-content\/uploads\/2024\/06\/02ebc592-a9c4-45c4-a6ff-219f5a55d3e5-300x135.jpg\" class=\"attachment-medium size-medium\" alt=\"\" srcset=\"https:\/\/www.radiopiu.net\/wordpress\/wp-content\/uploads\/2024\/06\/02ebc592-a9c4-45c4-a6ff-219f5a55d3e5-300x135.jpg 300w, https:\/\/www.radiopiu.net\/wordpress\/wp-content\/uploads\/2024\/06\/02ebc592-a9c4-45c4-a6ff-219f5a55d3e5-1024x461.jpg 1024w, https:\/\/www.radiopiu.net\/wordpress\/wp-content\/uploads\/2024\/06\/02ebc592-a9c4-45c4-a6ff-219f5a55d3e5-768x346.jpg 768w, https:\/\/www.radiopiu.net\/wordpress\/wp-content\/uploads\/2024\/06\/02ebc592-a9c4-45c4-a6ff-219f5a55d3e5-1536x692.jpg 1536w, https:\/\/www.radiopiu.net\/wordpress\/wp-content\/uploads\/2024\/06\/02ebc592-a9c4-45c4-a6ff-219f5a55d3e5.jpg 2016w\" sizes=\"auto, (max-width: 300px) 100vw, 300px\" \/><\/a>\n\t\t\t\t<\/dt><\/dl><dl class='gallery-item'>\n\t\t\t\t<dt class='gallery-icon landscape'>\n\t\t\t\t\t<a class=\"rollover rollover-zoom dt-pswp-item\" title=\"5f978a1e-ddb4-424c-9fb1-af8b1ad2964f\" data-dt-img-description=\"\" data-large_image_width=\"2016\" data-large_image_height=\"908\"href='https:\/\/www.radiopiu.net\/wordpress\/wp-content\/uploads\/2024\/06\/5f978a1e-ddb4-424c-9fb1-af8b1ad2964f.jpg'><img loading=\"lazy\" decoding=\"async\" width=\"300\" height=\"135\" src=\"https:\/\/www.radiopiu.net\/wordpress\/wp-content\/uploads\/2024\/06\/5f978a1e-ddb4-424c-9fb1-af8b1ad2964f-300x135.jpg\" class=\"attachment-medium size-medium\" alt=\"\" srcset=\"https:\/\/www.radiopiu.net\/wordpress\/wp-content\/uploads\/2024\/06\/5f978a1e-ddb4-424c-9fb1-af8b1ad2964f-300x135.jpg 300w, https:\/\/www.radiopiu.net\/wordpress\/wp-content\/uploads\/2024\/06\/5f978a1e-ddb4-424c-9fb1-af8b1ad2964f-1024x461.jpg 1024w, https:\/\/www.radiopiu.net\/wordpress\/wp-content\/uploads\/2024\/06\/5f978a1e-ddb4-424c-9fb1-af8b1ad2964f-768x346.jpg 768w, https:\/\/www.radiopiu.net\/wordpress\/wp-content\/uploads\/2024\/06\/5f978a1e-ddb4-424c-9fb1-af8b1ad2964f-1536x692.jpg 1536w, https:\/\/www.radiopiu.net\/wordpress\/wp-content\/uploads\/2024\/06\/5f978a1e-ddb4-424c-9fb1-af8b1ad2964f.jpg 2016w\" sizes=\"auto, (max-width: 300px) 100vw, 300px\" \/><\/a>\n\t\t\t\t<\/dt><\/dl><dl class='gallery-item'>\n\t\t\t\t<dt class='gallery-icon landscape'>\n\t\t\t\t\t<a class=\"rollover rollover-zoom dt-pswp-item\" title=\"b3348007-7a82-49fd-b86b-e59e2b63d695\" data-dt-img-description=\"\" data-large_image_width=\"2016\" data-large_image_height=\"908\"href='https:\/\/www.radiopiu.net\/wordpress\/wp-content\/uploads\/2024\/06\/b3348007-7a82-49fd-b86b-e59e2b63d695.jpg'><img loading=\"lazy\" decoding=\"async\" width=\"300\" height=\"135\" src=\"https:\/\/www.radiopiu.net\/wordpress\/wp-content\/uploads\/2024\/06\/b3348007-7a82-49fd-b86b-e59e2b63d695-300x135.jpg\" class=\"attachment-medium size-medium\" alt=\"\" srcset=\"https:\/\/www.radiopiu.net\/wordpress\/wp-content\/uploads\/2024\/06\/b3348007-7a82-49fd-b86b-e59e2b63d695-300x135.jpg 300w, https:\/\/www.radiopiu.net\/wordpress\/wp-content\/uploads\/2024\/06\/b3348007-7a82-49fd-b86b-e59e2b63d695-1024x461.jpg 1024w, https:\/\/www.radiopiu.net\/wordpress\/wp-content\/uploads\/2024\/06\/b3348007-7a82-49fd-b86b-e59e2b63d695-768x346.jpg 768w, https:\/\/www.radiopiu.net\/wordpress\/wp-content\/uploads\/2024\/06\/b3348007-7a82-49fd-b86b-e59e2b63d695-1536x692.jpg 1536w, https:\/\/www.radiopiu.net\/wordpress\/wp-content\/uploads\/2024\/06\/b3348007-7a82-49fd-b86b-e59e2b63d695.jpg 2016w\" sizes=\"auto, (max-width: 300px) 100vw, 300px\" \/><\/a>\n\t\t\t\t<\/dt><\/dl><dl class='gallery-item'>\n\t\t\t\t<dt class='gallery-icon landscape'>\n\t\t\t\t\t<a class=\"rollover rollover-zoom dt-pswp-item\" title=\"8abb77ee-b296-437d-907b-93d9c1250b44\" data-dt-img-description=\"\" data-large_image_width=\"2016\" data-large_image_height=\"908\"href='https:\/\/www.radiopiu.net\/wordpress\/wp-content\/uploads\/2024\/06\/8abb77ee-b296-437d-907b-93d9c1250b44.jpg'><img loading=\"lazy\" decoding=\"async\" width=\"300\" height=\"135\" src=\"https:\/\/www.radiopiu.net\/wordpress\/wp-content\/uploads\/2024\/06\/8abb77ee-b296-437d-907b-93d9c1250b44-300x135.jpg\" class=\"attachment-medium size-medium\" alt=\"\" srcset=\"https:\/\/www.radiopiu.net\/wordpress\/wp-content\/uploads\/2024\/06\/8abb77ee-b296-437d-907b-93d9c1250b44-300x135.jpg 300w, https:\/\/www.radiopiu.net\/wordpress\/wp-content\/uploads\/2024\/06\/8abb77ee-b296-437d-907b-93d9c1250b44-1024x461.jpg 1024w, https:\/\/www.radiopiu.net\/wordpress\/wp-content\/uploads\/2024\/06\/8abb77ee-b296-437d-907b-93d9c1250b44-768x346.jpg 768w, https:\/\/www.radiopiu.net\/wordpress\/wp-content\/uploads\/2024\/06\/8abb77ee-b296-437d-907b-93d9c1250b44-1536x692.jpg 1536w, https:\/\/www.radiopiu.net\/wordpress\/wp-content\/uploads\/2024\/06\/8abb77ee-b296-437d-907b-93d9c1250b44.jpg 2016w\" sizes=\"auto, (max-width: 300px) 100vw, 300px\" \/><\/a>\n\t\t\t\t<\/dt><\/dl><br style=\"clear: both\" \/>\n\t\t\t<\/div>\n\n<p>&nbsp;<\/p>\n<hr \/>\n<p>&nbsp;<\/p>\n<blockquote class=\"wp-embedded-content\" data-secret=\"mbML9RjWiZ\"><p><a href=\"https:\/\/www.radiopiu.net\/wordpress\/feltre-un-mondo-artigianale-alla-radio-diretta-radiopiu-da-piazza-maggiore\/\">FELTRE, UN MONDO ARTIGIANALE ALLA RADIO, diretta radiopiu da piazza maggiore<\/a><\/p><\/blockquote>\n<p><iframe loading=\"lazy\" class=\"wp-embedded-content\" sandbox=\"allow-scripts\" security=\"restricted\" style=\"position: absolute; clip: rect(1px, 1px, 1px, 1px);\" title=\"&#8220;FELTRE, UN MONDO ARTIGIANALE ALLA RADIO, diretta radiopiu da piazza maggiore&#8221; &#8212; Radio Pi\u00f9\" src=\"https:\/\/www.radiopiu.net\/wordpress\/feltre-un-mondo-artigianale-alla-radio-diretta-radiopiu-da-piazza-maggiore\/embed\/#?secret=AO6biazl6j#?secret=mbML9RjWiZ\" data-secret=\"mbML9RjWiZ\" width=\"600\" height=\"338\" frameborder=\"0\" marginwidth=\"0\" marginheight=\"0\" scrolling=\"no\"><\/iframe><\/p>\n<p>&nbsp;<\/p>\n<hr \/>\n<p>&nbsp;<\/p>\n<h2><span style=\"color: #ff0000;\">CONSIGLI COMUNALI IN AGORDINO<\/span><\/h2>\n<p><strong>AGORDO<\/strong> Oggi alle 19 \u00e8 stato convocato il consiglio comunale ad Agordo. Tra gli 8 punti all&#8217;rodine del giorno la convalida degli eletti a sindaco e consiglieri, il giuramento del sindaco Roberto Chissal\u00e8, la nomina degli assessori, l&#8217;elezione della commissione elettorale e la designazione dei rappresentanti del comune presso enti, aziende ed istituzioni<\/p>\n<p><strong>FALCADE<\/strong> Il Consiglio Comunale di Falcade si riunir\u00e0 venerd\u00ec alle 20. Tra i punti da discutere le modifiche ai programmi dei lavori pubblici e delle forniture per il triennio 2024-2026, 12^ variazione al bilancio di previsione 2024-2026, e potenziamento del collegamento sciabile con l&#8217;area del Passo San Pellegrino.<\/p>\n<p>&nbsp;<\/p>\n<p>&nbsp;<\/p>\n<hr \/>\n<p>&nbsp;<\/p>\n<blockquote>\n<h3 class=\"entry-title\">LAVORO NERO E CAPORALATO: GIRO D\u2019AFFARI DI 4,6 MILIARDI<\/h3>\n<\/blockquote>\n<p class=\"photoswipe-wrapper\"><a class=\"dt-pswp-item pspw-wrap-ready\" href=\"https:\/\/www.radiopiu.net\/wordpress\/wp-content\/uploads\/2024\/06\/Schermata-2024-06-29-alle-09.07.06.png\" data-dt-img-description=\"\" data-large_image_width=\"1198\" data-large_image_height=\"1628\"><img loading=\"lazy\" decoding=\"async\" class=\"size-medium wp-image-396923 alignleft\" src=\"https:\/\/www.radiopiu.net\/wordpress\/wp-content\/uploads\/2024\/06\/Schermata-2024-06-29-alle-09.07.06-221x300.png\" sizes=\"auto, (max-width: 221px) 100vw, 221px\" srcset=\"https:\/\/www.radiopiu.net\/wordpress\/wp-content\/uploads\/2024\/06\/Schermata-2024-06-29-alle-09.07.06-221x300.png 221w, https:\/\/www.radiopiu.net\/wordpress\/wp-content\/uploads\/2024\/06\/Schermata-2024-06-29-alle-09.07.06-754x1024.png 754w, https:\/\/www.radiopiu.net\/wordpress\/wp-content\/uploads\/2024\/06\/Schermata-2024-06-29-alle-09.07.06-768x1044.png 768w, https:\/\/www.radiopiu.net\/wordpress\/wp-content\/uploads\/2024\/06\/Schermata-2024-06-29-alle-09.07.06-1130x1536.png 1130w, https:\/\/www.radiopiu.net\/wordpress\/wp-content\/uploads\/2024\/06\/Schermata-2024-06-29-alle-09.07.06.png 1198w\" alt=\"\" width=\"221\" height=\"300\" \/><\/a>Ammonta a 4,6 miliardi di euro il volume d\u2019affari annuo riconducibile al lavoro irregolare presente in Veneto. Se questo importo lo rapportiamo al valore aggiunto totale regionale, la quota \u00e8 pari al 3,1 per cento. Tra tutte le regioni d\u2019Italia solo la Lombardia presenta un\u2019incidenza inferiore alla nostra. Questo vuol dire che il peso del \u201cnero\u201d in Veneto \u00e8 molto contenuto. Nonostante ci\u00f2, questa piaga sociale deve essere monitorata costantemente e contrastata ovunque essa si annidi. Le persone coinvolte nella nostra regione dall\u2019economia sommersa sono stimate in 185.400 unit\u00e0, pari al 6,5 per cento del totale nazionale. In termini assoluti l\u2019esercito dei lavoratori invisibili \u00e8 importante anche se, ovviamente, si ridimensiona quando lo rapportiamo al numero degli occupati. Infatti, il tasso di irregolarit\u00e0 del Veneto \u00e8 all\u20198,1 per cento e tra tutte le aree monitorate solo la Provincia Autonoma di Bolzano con il 7,9 per cento ha un tasso inferiore al nostro.<\/p>\n<p>Pur non essendoci dati a livello regionale, siamo in grado di stimare con buona approssimazione che anche in Veneto i settori dove si concentra il maggior numero di lavoratori irregolari sono i servizi alla persona (colf e badanti), l\u2019agricoltura, le costruzioni e il settore ricettivo.<\/p>\n<p><strong>Quelli appena richiamati sono alcuni flash emersi da un\u2019analisi condotta dall\u2019Ufficio studi della CGIA.<\/strong><\/p>\n<p><strong>Economia in nero al top in Calabria, Campania e Sicilia<\/strong><br \/>\nIl valore aggiunto prodotto nel 2021 dal lavoro irregolare in Italia \u00e8 stato pari a 68 miliardi di euro, di cui 23,7 miliardi nel Mezzogiorno, 17,3 nel Nordovest, 14,5 nel Centro e 12,4 nel Nordest. Se misuriamo l\u2019incidenza percentuale di questo ammontare sul valore aggiunto totale regionale, la quota pi\u00f9 elevata, pari all\u20198,3 per cento, interessa la Calabria. Seguono la Campania con il 6,9 per cento, la Sicilia con il 6,6 per cento e la Puglia con il 6,2 per cento. La media nazionale \u00e8 del 4,2 per cento. Dei 2.848.100 occupati non regolari stimati in Italia dall\u2019Istat, 1.061.900 sono ubicati nel Mezzogiorno, 691.300 nel Nordovest, 630.000 nel Centro e 464.900 nel Nordest. Se calcoliamo il tasso di irregolarit\u00e0, dato dal rapporto tra il numero degli irregolari e il totale occupati per regione, la presenza pi\u00f9 significativa si registra sempre nel Sud e, in particolare, in Calabria con il 19,6 per cento. Seguono la Campania con il 16,5 per cento e la Sicilia con il 16 per cento. Il dato medio Italia \u00e8 dell\u201911,3 per cento (vedi Tab.1).<\/p>\n<p><strong>Tanto lavoro nero \u00e8 diventato lavoro forzato<\/strong><\/p>\n<p>Dopo la crisi economica provocata dalla pandemia, in alcune aree del paese pezzi importanti dell\u2019economia sono passati sotto il controllo delle organizzazioni criminali di stampo mafioso che agli imponenti investimenti economici hanno affiancato l\u2019uso della violenza, delle minacce e del sequestro dei documenti per \u201cconquistare\u201d il favore di ampie masse di lavoratori, soprattutto stranieri. L\u2019applicazione di queste coercizioni ha trasformato tante sacche di economia sommersa in lavoro forzato, facendo scivolare all\u2019interno di questo girone infernale anche molti italiani che si trovavano in condizioni di vulnerabilit\u00e0.<br \/>\nCaporalato e agroalimentare<br \/>\nDa sempre il fenomeno del lavoro nero\/forzato \u00e8 legato al caporalato. Anzi, in moltissimi casi il primo \u00e8 l\u2019anticamera del secondo; non solo in agricoltura o nell\u2019edilizia, ma anche nel tessile, nella logistica, nei servizi di consegna e di assistenza. Ad essere sfruttati sono i pi\u00f9 fragili, come le persone in condizione di estrema povert\u00e0, gli immigrati e le donne. Il comparto maggiormente investito da questa piaga sociale ed economica \u00e8 sicuramente l\u2019agricoltura. Lo sfruttamento della manodopera in questo settore \u00e8 riconducibile alla presenza simultanea di queste criticit\u00e0:<br \/>\nl\u2019uso massiccio della forza lavoro per brevi periodi e in luoghi isolati, che spesso portano alla creazione di insediamenti abitativi informali;<br \/>\nle condizioni inadeguate sia dei servizi di trasporto che di alloggio;<br \/>\nlo status giuridico precario o irregolare di diversi lavoratori migranti.<br \/>\nFenomeni di caporalato ai danni degli immigrati sono presenti da moltissimi decenni nell\u2019Agro Pontino (LT), nell\u2019Agro nocerino-sarnese (SA), a Villa Literno (CE), nell\u2019area della Capitanata (FG) e nella Piana di Gioia Tauro (RC). Senza contare che da almeno venti anni decine e decine di casi sono stati scoperti e perseguiti dalle forze dell\u2019ordine anche nelle aree agricole del Nordest.<\/p>\n<p><strong>Stop al monopolio di pochi grandi<\/strong><br \/>\nLa tragedia che si \u00e8 consumata la settimana scorsa nelle campagne dell\u2019Agro Pontino \u00e8 sicuramente figlia dello sfruttamento e delle pratiche schiavistiche praticate dagli imprenditori agricoli di quella zona.<br \/>\nSfruttando lo status irregolare dei migranti, gli imprenditori coinvolgono i lavoratori senza garantire contratti regolari, pagando salari bassi e innescando una serie di problemi legati all\u2019 alloggio, ai trasporti e ai servizi sociali. Tuttavia non va dimenticato che spesso queste condotte criminali sono indotte, non solo al Sud, dalla struttura del mercato agroalimentare che, spesso, \u00e8 monopolizzata da poche imprese della grande distribuzione che continuano a spremere i piccoli agricoltori, che per rimanere sul mercato sono costretti a ridurre gli stipendi della manodopera, alimentando cos\u00ec ancor pi\u00f9 il sistema del caporalato. Nonostante l\u2019Italia abbia recepito la direttiva UE contro le pratiche commerciali sleali e le vendite sottocosto, la grande distribuzione continua a mantenere i listini fermi nonostante i rincari, mettendo in grave difficolt\u00e0 tanti piccoli produttori. Ricordiamo, infine, che la legislazione italiana appena richiamata ha escluso dal campo di applicazione i conferimenti dei soci nelle cooperative e le cessioni di prodotti agricoli e alimentari alle organizzazioni di produttori. Questo vuol dire che chi trasferisce le sue derrate alla cooperativa o all\u2019organizzazione dei produttori non pu\u00f2 contare sulle tutele previste dalla legge rispetto ai tempi di pagamento e contro le vendite sottocosto. Quindi, oltre a modificare la legge nazionale includendo anche questi soggetti tra coloro che non possono tenere pratiche commerciali sleali, bisogna incentivare l\u2019attivit\u00e0 ispettiva, garantendo, nel contempo, un forte aumento degli investimenti pubblici nel settore del trasporto e soluzioni abitative temporanee che consentano a queste persone una vita dignitosa.<\/p>\n<p>&nbsp;<\/p>\n<p>&nbsp;<\/p>\n<hr \/>\n<p>&nbsp;<\/p>\n<blockquote>\n<h3>IL LUNGO VIAGGIO DEI FAGIOLI DALL&#8217;AMERICA ALLE DOLOMITI<\/h3>\n<\/blockquote>\n<p><strong><a class=\"dt-pswp-item\" href=\"https:\/\/www.radiopiu.net\/wordpress\/wp-content\/uploads\/2024\/06\/Marco-Perale-a-San-Tomaso-scaled.jpg\" data-dt-img-description=\"\" data-large_image_width=\"2560\" data-large_image_height=\"1440\"><img loading=\"lazy\" decoding=\"async\" class=\" wp-image-397087 alignleft\" src=\"https:\/\/www.radiopiu.net\/wordpress\/wp-content\/uploads\/2024\/06\/Marco-Perale-a-San-Tomaso-300x169.jpg\" alt=\"\" width=\"241\" height=\"136\" srcset=\"https:\/\/www.radiopiu.net\/wordpress\/wp-content\/uploads\/2024\/06\/Marco-Perale-a-San-Tomaso-300x169.jpg 300w, https:\/\/www.radiopiu.net\/wordpress\/wp-content\/uploads\/2024\/06\/Marco-Perale-a-San-Tomaso-1024x576.jpg 1024w, https:\/\/www.radiopiu.net\/wordpress\/wp-content\/uploads\/2024\/06\/Marco-Perale-a-San-Tomaso-768x432.jpg 768w, https:\/\/www.radiopiu.net\/wordpress\/wp-content\/uploads\/2024\/06\/Marco-Perale-a-San-Tomaso-1536x864.jpg 1536w, https:\/\/www.radiopiu.net\/wordpress\/wp-content\/uploads\/2024\/06\/Marco-Perale-a-San-Tomaso-2048x1152.jpg 2048w\" sizes=\"auto, (max-width: 241px) 100vw, 241px\" \/><\/a>DI LUISA MANFROI<\/strong><\/p>\n<p><strong>SAN TOMASO <\/strong>Come per l\u2019incontro di fine gennaio, il fagiolo \u00e8 stato ancora protagonista di un approfondimento. Questa volta, l\u2019argomento era la conferenza \u201cAnno Domini 1532: il lungo viaggio dei fagioli dall\u2019America alle Dolomiti\u201d\u00a0 che si \u00e8 svolta secondo il programma previsto, presso il \u201cCentro Orti Rupestri\u201d di San Tomaso e nella mattinata di sabato 29 giugno,\u00a0 con relatore lo storico\u00a0 e giornalista Marco Perale, intervistato da Radio Pi\u00f9 pochi giorni fa. A maggio, Perale, aveva presentato l\u2019argomento all\u2019Increase Meeting annuale della FAO a Roma con\u00a0 l\u2019agrotecnico agordino Renato Da Ronch che aveva condiviso\u00a0 l\u2019esperienza degli \u201cOrti Rupestri\u201d di San Tomaso, associazione di cui \u00e8 presidente. L\u2019evento, patrocinato dal Comune e sostenuto da Banca Prealpi SanBiagio, \u00e8 stato introdotto dal sindaco Moreno De Val e da Renato Da Ronch.\u00a0 Perale ha spiegato che i fagioli, originari delle Americhe, sono arrivati in Europa dopo la conquista spagnola. Nel 1530, l&#8217;imperatore Carlo V regal\u00f2 un carico di questi \u201cstrani\u201d semi al papa Clemente VII. Pierio Valeriano, presente nell\u2019entourage del pontefice, diede inizio alla coltivazione di questi legumi nella Val Belluna rivoluzionando in questo modo l&#8217;agricoltura e la dieta europea del XVI secolo che in seguito avrebbe visto l\u2019introduzione\u00a0 di altri alimenti americani come il mais e le patate. Il relatore ha discusso del suo libro &#8220;Milacis cultus aperire paramus&#8221;, basato sul manoscritto di Valeriano &#8220;De milacis cultura&#8221;, il primo testo analitico sulla coltivazione dei fagioli. Valeriano fu un precursore della &#8220;citizen science&#8221;, distribuendo i semi a vari umanisti per sperimentarne la coltivazione e raccogliendo i loro rapporti per creare un manuale. La storia della loro diffusione offre insegnamenti per affrontare la fame e la sostenibilit\u00e0 agricola oggi. Le universit\u00e0, in collaborazione con la FAO e ricercatori italiani, stanno tracciando geneticamente i fagioli originari per riportarli nelle regioni del sud del mondo, come esempio di economia circolare e scienza partecipativa. <a class=\"dt-pswp-item\" href=\"https:\/\/www.radiopiu.net\/wordpress\/wp-content\/uploads\/2024\/06\/Un-momento-della-conferenza-sul-fagiolo-a-San-Tomaso.jpg\" data-dt-img-description=\"\" data-large_image_width=\"1621\" data-large_image_height=\"912\"><img loading=\"lazy\" decoding=\"async\" class=\" wp-image-397088 alignright\" src=\"https:\/\/www.radiopiu.net\/wordpress\/wp-content\/uploads\/2024\/06\/Un-momento-della-conferenza-sul-fagiolo-a-San-Tomaso-300x169.jpg\" alt=\"\" width=\"261\" height=\"147\" srcset=\"https:\/\/www.radiopiu.net\/wordpress\/wp-content\/uploads\/2024\/06\/Un-momento-della-conferenza-sul-fagiolo-a-San-Tomaso-300x169.jpg 300w, https:\/\/www.radiopiu.net\/wordpress\/wp-content\/uploads\/2024\/06\/Un-momento-della-conferenza-sul-fagiolo-a-San-Tomaso-1024x576.jpg 1024w, https:\/\/www.radiopiu.net\/wordpress\/wp-content\/uploads\/2024\/06\/Un-momento-della-conferenza-sul-fagiolo-a-San-Tomaso-768x432.jpg 768w, https:\/\/www.radiopiu.net\/wordpress\/wp-content\/uploads\/2024\/06\/Un-momento-della-conferenza-sul-fagiolo-a-San-Tomaso-1536x864.jpg 1536w, https:\/\/www.radiopiu.net\/wordpress\/wp-content\/uploads\/2024\/06\/Un-momento-della-conferenza-sul-fagiolo-a-San-Tomaso.jpg 1621w\" sizes=\"auto, (max-width: 261px) 100vw, 261px\" \/><\/a>Marco Perale, laureato in lettere antiche a Padova con un diploma di archivistica\u00a0\u00a0 paleografia e diplomatica a Venezia,\u00a0 scrive di storia con una particolare attenzione all\u2019Alto Medioevo e al Rinascimento nel Veneto. Tra le sue numerose pubblicazioni figura appunto anche\u00a0 il &#8220;Milacis cultus aperire paramus &#8211; De milacis cultura\u00a0 di Pierio Valeriano\u201d.\u00a0 Presidente dell\u2019Associazione Internazionale \u201cDino Buzzati\u201d e Cavaliere al merito della Repubblica Italiana, in Agordino, negli ultimi due anni \u00e8 stato ospite a Vallada, dove ha esposto una tesi relativa al nome del Monte Celentone e a Cencenighe, dove ha parlato di storie e luoghi dell\u2019Agordino.<\/p>\n<p>&nbsp;<\/p>\n<p>&nbsp;<\/p>\n<hr \/>\n<p>&nbsp;<\/p>\n<p>&nbsp;<\/p>\n<blockquote class=\"wp-embedded-content\" data-secret=\"r3pwqnOtET\"><p><a href=\"https:\/\/www.radiopiu.net\/wordpress\/il-viaggio-in-inghilterra-con-claudia-magic-teacher-la-raccolta\/\">IL VIAGGIO IN INGHILTERRA CON CLAUDIA MAGIC TEACHER &#8211; LA RACCOLTA<\/a><\/p><\/blockquote>\n<p><iframe loading=\"lazy\" class=\"wp-embedded-content\" sandbox=\"allow-scripts\" security=\"restricted\" style=\"position: absolute; clip: rect(1px, 1px, 1px, 1px);\" title=\"&#8220;IL VIAGGIO IN INGHILTERRA CON CLAUDIA MAGIC TEACHER &#8211; LA RACCOLTA&#8221; &#8212; Radio Pi\u00f9\" src=\"https:\/\/www.radiopiu.net\/wordpress\/il-viaggio-in-inghilterra-con-claudia-magic-teacher-la-raccolta\/embed\/#?secret=MarAx0Y4lg#?secret=r3pwqnOtET\" data-secret=\"r3pwqnOtET\" width=\"600\" height=\"338\" frameborder=\"0\" marginwidth=\"0\" marginheight=\"0\" scrolling=\"no\"><\/iframe><\/p>\n<p>&nbsp;<\/p>\n<hr \/>\n<p>&nbsp;<\/p>\n<blockquote>\n<h3>Diario di un Sindaco: Vent&#8217;anni di Esperienze e Dedizione<\/h3>\n<\/blockquote>\n<blockquote><p><em>&#8220;uno spaccato interessante della nostra societ\u00e0 e delle vicissitudini amministrative&#8221;.\u00a0<\/em><\/p><\/blockquote>\n<p style=\"padding-left: 40px;\"><strong>ROCCA PIETORE<\/strong><\/p>\n<p><img decoding=\"async\" src=\"https:\/\/www.radiopiu.net\/wordpress\/wp-content\/uploads\/2024\/06\/23cf37c2-45db-4ab5-81e2-738189f8850b.jpg\" \/><\/p>\n<div class=\"flex flex-grow flex-col max-w-full\">\n<div class=\"min-h-[20px] text-message flex flex-col items-start whitespace-pre-wrap break-words [.text-message+&amp;]:mt-5 juice:w-full juice:items-end overflow-x-auto gap-2\" dir=\"auto\" data-message-author-role=\"assistant\" data-message-id=\"eceef8cf-552a-4279-af45-64ad67149b76\">\n<div class=\"flex w-full flex-col gap-1 juice:empty:hidden juice:first:pt-[3px]\">\n<div class=\"markdown prose w-full break-words dark:prose-invert dark\">\n<p>&#8220;Diario di un Sindaco&#8221; di Andrea De Bernardin: Vent&#8217;anni in municipio, quindici da sindaco. Un percorso di vita tra l&#8217;ordinaria amministrazione e eventi straordinari come tempeste, valanghe, frane e confini. Un tributo alla protezione civile e ai volontari che donano il loro tempo prezioso. Ora in distribuzione.<\/p>\n<\/div>\n<\/div>\n<\/div>\n<\/div>\n<p><strong>AUDIO<\/strong><\/p>\n<audio class=\"wp-audio-shortcode\" id=\"audio-396906-14\" preload=\"none\" style=\"width: 100%;\" controls=\"controls\"><source type=\"audio\/mpeg\" src=\"https:\/\/www.radiopiu.net\/wordpress\/wp-content\/uploads\/2024\/06\/DIARIO-DI-UN-SINDACO_BA.mp3?_=14\" \/><a href=\"https:\/\/www.radiopiu.net\/wordpress\/wp-content\/uploads\/2024\/06\/DIARIO-DI-UN-SINDACO_BA.mp3\">https:\/\/www.radiopiu.net\/wordpress\/wp-content\/uploads\/2024\/06\/DIARIO-DI-UN-SINDACO_BA.mp3<\/a><\/audio>\n<p>&nbsp;<\/p>\n<hr \/>\n<p>&nbsp;<\/p>\n<blockquote>\n<h3><a class=\"dt-pswp-item\" href=\"https:\/\/www.radiopiu.net\/wordpress\/wp-content\/uploads\/2024\/06\/Tisoi-7-luglio.jpg\" data-dt-img-description=\"\" data-large_image_width=\"1199\" data-large_image_height=\"1600\"><img loading=\"lazy\" decoding=\"async\" class=\" wp-image-396842 alignleft\" src=\"https:\/\/www.radiopiu.net\/wordpress\/wp-content\/uploads\/2024\/06\/Tisoi-7-luglio-225x300.jpg\" alt=\"\" width=\"131\" height=\"175\" srcset=\"https:\/\/www.radiopiu.net\/wordpress\/wp-content\/uploads\/2024\/06\/Tisoi-7-luglio-225x300.jpg 225w, https:\/\/www.radiopiu.net\/wordpress\/wp-content\/uploads\/2024\/06\/Tisoi-7-luglio-767x1024.jpg 767w, https:\/\/www.radiopiu.net\/wordpress\/wp-content\/uploads\/2024\/06\/Tisoi-7-luglio-768x1025.jpg 768w, https:\/\/www.radiopiu.net\/wordpress\/wp-content\/uploads\/2024\/06\/Tisoi-7-luglio-1151x1536.jpg 1151w, https:\/\/www.radiopiu.net\/wordpress\/wp-content\/uploads\/2024\/06\/Tisoi-7-luglio.jpg 1199w\" sizes=\"auto, (max-width: 131px) 100vw, 131px\" \/><\/a>LE USCITE CON IL FAI DI BELLUNO<\/h3>\n<\/blockquote>\n<p><strong>BELLUNO<\/strong> La delegazione FAI di Belluno organizza un&#8217;escursione estiva per esplorare tre piccole chiese fuori citt\u00e0, domenica 7 luglio. L&#8217;incontro \u00e8 alle 14:45 presso la chiesa di Tisoi, con partenza alle 15:00. Il percorso di 6,5 km, su stradine asfaltate in contesto rurale, offre panorami montani e include le chiese dei Santi Simone e Giuda a Zeneghe, San Bernardino a Giazzoi e San Nicol\u00f2 ai Zei, eccezionalmente aperte per l&#8217;occasione. Un esperto di arte e cultura locale accompagner\u00e0 i partecipanti. La passeggiata, con 150 metri di dislivello, \u00e8 riservata a un massimo di 30 partecipanti, previa prenotazione. Il contributo richiesto varia da 4 a 8 euro, mentre i bambini fino a 10 anni partecipano gratuitamente.<\/p>\n<p>&nbsp;<\/p>\n<p>&nbsp;<\/p>\n<hr \/>\n<p>&nbsp;<\/p>\n<h2><span style=\"color: #ff6600;\">ALLA RADIO<\/span><\/h2>\n<h2><span style=\"color: #00ccff;\">LA RASSEGNA STAMPA DA L&#8217;AMICO DEL POPOLO<\/span><\/h2>\n<p><strong><a class=\"dt-pswp-item\" href=\"https:\/\/www.radiopiu.net\/wordpress\/wp-content\/uploads\/2020\/03\/AMICO-POPOLOpng.png\" data-dt-img-description=\"\" data-large_image_width=\"225\" data-large_image_height=\"225\"><img loading=\"lazy\" decoding=\"async\" class=\" wp-image-123043 alignleft\" src=\"https:\/\/www.radiopiu.net\/wordpress\/wp-content\/uploads\/2020\/03\/AMICO-POPOLOpng.png\" alt=\"\" width=\"138\" height=\"138\" srcset=\"https:\/\/www.radiopiu.net\/wordpress\/wp-content\/uploads\/2020\/03\/AMICO-POPOLOpng.png 225w, https:\/\/www.radiopiu.net\/wordpress\/wp-content\/uploads\/2020\/03\/AMICO-POPOLOpng-150x150.png 150w\" sizes=\"auto, (max-width: 138px) 100vw, 138px\" \/><\/a>DI GIANNI SANTOMASO<\/strong><\/p>\n<audio class=\"wp-audio-shortcode\" id=\"audio-396906-15\" preload=\"none\" style=\"width: 100%;\" controls=\"controls\"><source type=\"audio\/mpeg\" src=\"https:\/\/www.radiopiu.net\/wordpress\/wp-content\/uploads\/2024\/06\/RASSEGNA-GIANNI-5.mp3?_=15\" \/><a href=\"https:\/\/www.radiopiu.net\/wordpress\/wp-content\/uploads\/2024\/06\/RASSEGNA-GIANNI-5.mp3\">https:\/\/www.radiopiu.net\/wordpress\/wp-content\/uploads\/2024\/06\/RASSEGNA-GIANNI-5.mp3<\/a><\/audio>\n<p>&nbsp;<\/p>\n<h2><span style=\"color: #99cc00;\">DUE MINUTI PER TE<\/span><\/h2>\n<p><strong><a class=\"dt-pswp-item\" href=\"https:\/\/www.radiopiu.net\/wordpress\/wp-content\/uploads\/2020\/12\/DON-GIORGIO-LISE.jpg\" data-dt-img-description=\"\" data-large_image_width=\"1600\" data-large_image_height=\"901\"><img loading=\"lazy\" decoding=\"async\" class=\" wp-image-177420 alignleft\" src=\"https:\/\/www.radiopiu.net\/wordpress\/wp-content\/uploads\/2020\/12\/DON-GIORGIO-LISE-300x169.jpg\" alt=\"\" width=\"199\" height=\"112\" srcset=\"https:\/\/www.radiopiu.net\/wordpress\/wp-content\/uploads\/2020\/12\/DON-GIORGIO-LISE-300x169.jpg 300w, https:\/\/www.radiopiu.net\/wordpress\/wp-content\/uploads\/2020\/12\/DON-GIORGIO-LISE-1024x577.jpg 1024w, https:\/\/www.radiopiu.net\/wordpress\/wp-content\/uploads\/2020\/12\/DON-GIORGIO-LISE-768x432.jpg 768w, https:\/\/www.radiopiu.net\/wordpress\/wp-content\/uploads\/2020\/12\/DON-GIORGIO-LISE-1536x865.jpg 1536w, https:\/\/www.radiopiu.net\/wordpress\/wp-content\/uploads\/2020\/12\/DON-GIORGIO-LISE.jpg 1600w\" sizes=\"auto, (max-width: 199px) 100vw, 199px\" \/><\/a>APPUNTAMENTO DELLA DOMENICA CON IL PENSIERO DI MONSIGNOR GIORGIO LISE<\/strong><\/p>\n<audio class=\"wp-audio-shortcode\" id=\"audio-396906-16\" preload=\"none\" style=\"width: 100%;\" controls=\"controls\"><source type=\"audio\/mpeg\" src=\"https:\/\/www.radiopiu.net\/wordpress\/wp-content\/uploads\/2024\/06\/DON-GIORGIO-5.mp3?_=16\" \/><a href=\"https:\/\/www.radiopiu.net\/wordpress\/wp-content\/uploads\/2024\/06\/DON-GIORGIO-5.mp3\">https:\/\/www.radiopiu.net\/wordpress\/wp-content\/uploads\/2024\/06\/DON-GIORGIO-5.mp3<\/a><\/audio>\n<p>&nbsp;<\/p>\n<blockquote class=\"wp-embedded-content\" data-secret=\"79bcfEckBX\"><p><a href=\"https:\/\/www.radiopiu.net\/wordpress\/piu-siamo-con-marina-settimana-dal-24-al-28-giugno-2024\/\">PIU&#8217; SIAMO&#8230;CON MARINA &#8211; SETTIMANA DAL 24 AL 28 GIUGNO 2024<\/a><\/p><\/blockquote>\n<p><iframe loading=\"lazy\" class=\"wp-embedded-content\" sandbox=\"allow-scripts\" security=\"restricted\" style=\"position: absolute; clip: rect(1px, 1px, 1px, 1px);\" title=\"&#8220;PIU&#8217; SIAMO&#8230;CON MARINA &#8211; SETTIMANA DAL 24 AL 28 GIUGNO 2024&#8221; &#8212; Radio Pi\u00f9\" src=\"https:\/\/www.radiopiu.net\/wordpress\/piu-siamo-con-marina-settimana-dal-24-al-28-giugno-2024\/embed\/#?secret=5Lsils8tq0#?secret=79bcfEckBX\" data-secret=\"79bcfEckBX\" width=\"600\" height=\"338\" frameborder=\"0\" marginwidth=\"0\" marginheight=\"0\" scrolling=\"no\"><\/iframe><\/p>\n<p>&nbsp;<\/p>\n<blockquote class=\"wp-embedded-content\" data-secret=\"0ocBmS1Dxg\"><p><a href=\"https:\/\/www.radiopiu.net\/wordpress\/i-racconti-di-paolo-soppelsa-in-video-la-raccolta\/\">I RACCONTI DI PAOLO SOPPELSA IN VIDEO &#8211; LA RACCOLTA<\/a><\/p><\/blockquote>\n<p><iframe loading=\"lazy\" class=\"wp-embedded-content\" sandbox=\"allow-scripts\" security=\"restricted\" style=\"position: absolute; clip: rect(1px, 1px, 1px, 1px);\" title=\"&#8220;I RACCONTI DI PAOLO SOPPELSA IN VIDEO &#8211; LA RACCOLTA&#8221; &#8212; Radio Pi\u00f9\" src=\"https:\/\/www.radiopiu.net\/wordpress\/i-racconti-di-paolo-soppelsa-in-video-la-raccolta\/embed\/#?secret=Mq77UAH4HJ#?secret=0ocBmS1Dxg\" data-secret=\"0ocBmS1Dxg\" width=\"600\" height=\"338\" frameborder=\"0\" marginwidth=\"0\" marginheight=\"0\" scrolling=\"no\"><\/iframe><\/p>\n<p>&nbsp;<\/p>\n<blockquote class=\"wp-embedded-content\" data-secret=\"nfyMCJjCK0\"><p><a href=\"https:\/\/www.radiopiu.net\/wordpress\/set3a\/\">EL BAL DEL FIOR, DETTI E MODI DI DIRE  LA RACCOLTA COMPLETA<\/a><\/p><\/blockquote>\n<p><iframe loading=\"lazy\" class=\"wp-embedded-content\" sandbox=\"allow-scripts\" security=\"restricted\" style=\"position: absolute; clip: rect(1px, 1px, 1px, 1px);\" title=\"&#8220;EL BAL DEL FIOR, DETTI E MODI DI DIRE  LA RACCOLTA COMPLETA&#8221; &#8212; Radio Pi\u00f9\" src=\"https:\/\/www.radiopiu.net\/wordpress\/set3a\/embed\/#?secret=ihdAf9XrRm#?secret=nfyMCJjCK0\" data-secret=\"nfyMCJjCK0\" width=\"600\" height=\"338\" frameborder=\"0\" marginwidth=\"0\" marginheight=\"0\" scrolling=\"no\"><\/iframe><\/p>\n<p>&nbsp;<\/p>\n<blockquote class=\"wp-embedded-content\" data-secret=\"Ggx9KN3c7a\"><p><a href=\"https:\/\/www.radiopiu.net\/wordpress\/pirole-de-lenga-la-parola-del-giorno-a-cura-del-musla-raccolta-completa\/\">PIROLE DE LENGA&#8230; LA PAROLA DEL GIORNO A CURA DEL MUSLA -raccolta completa &#8211;<\/a><\/p><\/blockquote>\n<p><iframe loading=\"lazy\" class=\"wp-embedded-content\" sandbox=\"allow-scripts\" security=\"restricted\" style=\"position: absolute; clip: rect(1px, 1px, 1px, 1px);\" title=\"&#8220;PIROLE DE LENGA&#8230; LA PAROLA DEL GIORNO A CURA DEL MUSLA -raccolta completa &#8211;&#8221; &#8212; Radio Pi\u00f9\" src=\"https:\/\/www.radiopiu.net\/wordpress\/pirole-de-lenga-la-parola-del-giorno-a-cura-del-musla-raccolta-completa\/embed\/#?secret=rFbPJVHsCz#?secret=Ggx9KN3c7a\" data-secret=\"Ggx9KN3c7a\" width=\"600\" height=\"338\" frameborder=\"0\" marginwidth=\"0\" marginheight=\"0\" scrolling=\"no\"><\/iframe><\/p>\n<hr \/>\n<p>&nbsp;<\/p>\n<h2><span style=\"color: #ff0000;\">DAL SITO DI RADIO PIU&#8230; ALCUNI PODCAST, I PIU&#8217; VISUALIZZATI NELLA SETTIMANA&#8230;\u00a0<\/span><\/h2>\n<blockquote class=\"wp-embedded-content\" data-secret=\"0iYe4FdUXQ\"><p><a href=\"https:\/\/www.radiopiu.net\/wordpress\/biblioteca-del-territorio-i-podcast-di-radiopiu\/\">BIBLIOTECA DEL TERRITORIO&#8230; I PODCAST DI RADIOPIU<\/a><\/p><\/blockquote>\n<p><iframe loading=\"lazy\" class=\"wp-embedded-content\" sandbox=\"allow-scripts\" security=\"restricted\" style=\"position: absolute; clip: rect(1px, 1px, 1px, 1px);\" title=\"&#8220;BIBLIOTECA DEL TERRITORIO&#8230; I PODCAST DI RADIOPIU&#8221; &#8212; Radio Pi\u00f9\" src=\"https:\/\/www.radiopiu.net\/wordpress\/biblioteca-del-territorio-i-podcast-di-radiopiu\/embed\/#?secret=WoPkIX7nj2#?secret=0iYe4FdUXQ\" data-secret=\"0iYe4FdUXQ\" width=\"600\" height=\"338\" frameborder=\"0\" marginwidth=\"0\" marginheight=\"0\" scrolling=\"no\"><\/iframe><\/p>\n<p>&nbsp;<\/p>\n<blockquote class=\"wp-embedded-content\" data-secret=\"SPPnTxG49Q\"><p><a href=\"https:\/\/www.radiopiu.net\/wordpress\/lad08aaaa\/\">&#8220;NCONTONSE&#8221; IN LADINO SU RADIO PI\u00d9<\/a><\/p><\/blockquote>\n<p><iframe loading=\"lazy\" class=\"wp-embedded-content\" sandbox=\"allow-scripts\" security=\"restricted\" style=\"position: absolute; clip: rect(1px, 1px, 1px, 1px);\" title=\"&#8220;&#8220;NCONTONSE&#8221; IN LADINO SU RADIO PI\u00d9&#8221; &#8212; Radio Pi\u00f9\" src=\"https:\/\/www.radiopiu.net\/wordpress\/lad08aaaa\/embed\/#?secret=xZaVInccZx#?secret=SPPnTxG49Q\" data-secret=\"SPPnTxG49Q\" width=\"600\" height=\"338\" frameborder=\"0\" marginwidth=\"0\" marginheight=\"0\" scrolling=\"no\"><\/iframe><\/p>\n<p>&nbsp;<\/p>\n<hr \/>\n<p>&nbsp;<\/p>\n<h2><span style=\"color: #ff0000;\"><a class=\"dt-pswp-item\" href=\"https:\/\/www.radiopiu.net\/wordpress\/wp-content\/uploads\/2018\/09\/appuntamenti.jpeg\" data-dt-img-description=\"\" data-large_image_width=\"800\" data-large_image_height=\"100\"><img loading=\"lazy\" decoding=\"async\" class=\"wp-image-61958 size-full aligncenter\" src=\"https:\/\/www.radiopiu.net\/wordpress\/wp-content\/uploads\/2018\/09\/appuntamenti.jpeg\" alt=\"\" width=\"800\" height=\"100\" srcset=\"https:\/\/www.radiopiu.net\/wordpress\/wp-content\/uploads\/2018\/09\/appuntamenti.jpeg 800w, https:\/\/www.radiopiu.net\/wordpress\/wp-content\/uploads\/2018\/09\/appuntamenti-300x38.jpeg 300w, https:\/\/www.radiopiu.net\/wordpress\/wp-content\/uploads\/2018\/09\/appuntamenti-768x96.jpeg 768w\" sizes=\"auto, (max-width: 800px) 100vw, 800px\" \/><\/a><\/span><\/h2>\n<div>\n<div class=\"\" dir=\"auto\">\n<div id=\":r9h:\" class=\"x1iorvi4 x1pi30zi x1l90r2v x1swvt13\" data-ad-comet-preview=\"message\" data-ad-preview=\"message\">\n\n\t\t\t<style type='text\/css'>\n\t\t\t\t#gallery-6 {\n\t\t\t\t\tmargin: auto;\n\t\t\t\t}\n\t\t\t\t#gallery-6 .gallery-item {\n\t\t\t\t\tfloat: left;\n\t\t\t\t\tmargin-top: 10px;\n\t\t\t\t\ttext-align: center;\n\t\t\t\t\twidth: 16%;\n\t\t\t\t}\n\t\t\t\t#gallery-6 img {\n\t\t\t\t\tborder: 2px solid #cfcfcf;\n\t\t\t\t}\n\t\t\t\t#gallery-6 .gallery-caption {\n\t\t\t\t\tmargin-left: 0;\n\t\t\t\t}\n\t\t\t\t\/* see gallery_shortcode() in wp-includes\/media.php *\/\n\t\t\t<\/style>\n\t\t<div id='gallery-6' class='dt-gallery-container gallery galleryid-396906 gallery-columns-6 gallery-size-thumbnail'><dl class='gallery-item'>\n\t\t\t\t<dt class='gallery-icon portrait'>\n\t\t\t\t\t<a class=\"rollover rollover-zoom dt-pswp-item\" title=\"09d50e2a-86d9-4273-aeb6-415f92136bc3\" data-dt-img-description=\"\" data-large_image_width=\"750\" data-large_image_height=\"1022\"href='https:\/\/www.radiopiu.net\/wordpress\/wp-content\/uploads\/2024\/06\/09d50e2a-86d9-4273-aeb6-415f92136bc3.jpg'><img loading=\"lazy\" decoding=\"async\" width=\"150\" height=\"150\" src=\"https:\/\/www.radiopiu.net\/wordpress\/wp-content\/uploads\/2024\/06\/09d50e2a-86d9-4273-aeb6-415f92136bc3-150x150.jpg\" class=\"attachment-thumbnail size-thumbnail\" alt=\"\" aria-describedby=\"gallery-6-393715\" \/><\/a>\n\t\t\t\t<\/dt>\n\t\t\t\t\t<dd class='wp-caption-text gallery-caption' id='gallery-6-393715'>\n\t\t\t\t\tCORSO DI BALLO A VOLTAGO\n\t\t\t\t\t<\/dd><\/dl><dl class='gallery-item'>\n\t\t\t\t<dt class='gallery-icon portrait'>\n\t\t\t\t\t<a class=\"rollover rollover-zoom dt-pswp-item\" title=\"441936111_953300066803441_3663667299753321850_n\" data-dt-img-description=\"\" data-large_image_width=\"520\" data-large_image_height=\"640\"href='https:\/\/www.radiopiu.net\/wordpress\/wp-content\/uploads\/2024\/06\/441936111_953300066803441_3663667299753321850_n.jpg'><img loading=\"lazy\" decoding=\"async\" width=\"150\" height=\"150\" src=\"https:\/\/www.radiopiu.net\/wordpress\/wp-content\/uploads\/2024\/06\/441936111_953300066803441_3663667299753321850_n-150x150.jpg\" class=\"attachment-thumbnail size-thumbnail\" alt=\"\" aria-describedby=\"gallery-6-394061\" \/><\/a>\n\t\t\t\t<\/dt>\n\t\t\t\t\t<dd class='wp-caption-text gallery-caption' id='gallery-6-394061'>\n\t\t\t\t\t31 LUGLIO AL MINIERE E IN DIRETTA ALLA RADIO \n\t\t\t\t\t<\/dd><\/dl><dl class='gallery-item'>\n\t\t\t\t<dt class='gallery-icon portrait'>\n\t\t\t\t\t<a class=\"rollover rollover-zoom dt-pswp-item\" title=\"Presepi fuori tempo\" data-dt-img-description=\"\" data-large_image_width=\"1414\" data-large_image_height=\"2000\"href='https:\/\/www.radiopiu.net\/wordpress\/wp-content\/uploads\/2024\/06\/Presepi-fuori-tempo.png'><img loading=\"lazy\" decoding=\"async\" width=\"150\" height=\"150\" src=\"https:\/\/www.radiopiu.net\/wordpress\/wp-content\/uploads\/2024\/06\/Presepi-fuori-tempo-150x150.png\" class=\"attachment-thumbnail size-thumbnail\" alt=\"\" aria-describedby=\"gallery-6-395141\" \/><\/a>\n\t\t\t\t<\/dt>\n\t\t\t\t\t<dd class='wp-caption-text gallery-caption' id='gallery-6-395141'>\n\t\t\t\t\tPRESEPI FUORI TEMPO AD AGORDO\n\t\t\t\t\t<\/dd><\/dl><dl class='gallery-item'>\n\t\t\t\t<dt class='gallery-icon portrait'>\n\t\t\t\t\t<a class=\"rollover rollover-zoom dt-pswp-item\" title=\"447443480_320674017756499_9025951349706877056_n\" data-dt-img-description=\"\" data-large_image_width=\"509\" data-large_image_height=\"720\"href='https:\/\/www.radiopiu.net\/wordpress\/wp-content\/uploads\/2024\/06\/447443480_320674017756499_9025951349706877056_n.jpg'><img loading=\"lazy\" decoding=\"async\" width=\"150\" height=\"150\" src=\"https:\/\/www.radiopiu.net\/wordpress\/wp-content\/uploads\/2024\/06\/447443480_320674017756499_9025951349706877056_n-150x150.jpg\" class=\"attachment-thumbnail size-thumbnail\" alt=\"\" aria-describedby=\"gallery-6-395159\" \/><\/a>\n\t\t\t\t<\/dt>\n\t\t\t\t\t<dd class='wp-caption-text gallery-caption' id='gallery-6-395159'>\n\t\t\t\t\t6 LUGLIO AGORDO BAR DELLE BOCCE\n\t\t\t\t\t<\/dd><\/dl><dl class='gallery-item'>\n\t\t\t\t<dt class='gallery-icon portrait'>\n\t\t\t\t\t<a class=\"rollover rollover-zoom dt-pswp-item\" title=\"6a884a5b-a4cf-4bb3-a957-2de3050cec0b\" data-dt-img-description=\"\" data-large_image_width=\"1127\" data-large_image_height=\"1600\"href='https:\/\/www.radiopiu.net\/wordpress\/wp-content\/uploads\/2024\/06\/6a884a5b-a4cf-4bb3-a957-2de3050cec0b-2.jpg'><img loading=\"lazy\" decoding=\"async\" width=\"150\" height=\"150\" src=\"https:\/\/www.radiopiu.net\/wordpress\/wp-content\/uploads\/2024\/06\/6a884a5b-a4cf-4bb3-a957-2de3050cec0b-2-150x150.jpg\" class=\"attachment-thumbnail size-thumbnail\" alt=\"\" aria-describedby=\"gallery-6-395683\" \/><\/a>\n\t\t\t\t<\/dt>\n\t\t\t\t\t<dd class='wp-caption-text gallery-caption' id='gallery-6-395683'>\n\t\t\t\t\tCON MOSTO RICCO AD AGORDO \n\t\t\t\t\t<\/dd><\/dl><dl class='gallery-item'>\n\t\t\t\t<dt class='gallery-icon portrait'>\n\t\t\t\t\t<a class=\"rollover rollover-zoom dt-pswp-item\" title=\"f84567d6-a1d2-47de-9596-ef8505986952\" data-dt-img-description=\"\" data-large_image_width=\"745\" data-large_image_height=\"1073\"href='https:\/\/www.radiopiu.net\/wordpress\/wp-content\/uploads\/2024\/06\/f84567d6-a1d2-47de-9596-ef8505986952.jpg'><img loading=\"lazy\" decoding=\"async\" width=\"150\" height=\"150\" src=\"https:\/\/www.radiopiu.net\/wordpress\/wp-content\/uploads\/2024\/06\/f84567d6-a1d2-47de-9596-ef8505986952-150x150.jpg\" class=\"attachment-thumbnail size-thumbnail\" alt=\"\" aria-describedby=\"gallery-6-396466\" \/><\/a>\n\t\t\t\t<\/dt>\n\t\t\t\t\t<dd class='wp-caption-text gallery-caption' id='gallery-6-396466'>\n\t\t\t\t\tSUMMER GREEN VOLLEY AGORDINO\n\t\t\t\t\t<\/dd><\/dl><br style=\"clear: both\" \/><dl class='gallery-item'>\n\t\t\t\t<dt class='gallery-icon portrait'>\n\t\t\t\t\t<a class=\"rollover rollover-zoom dt-pswp-item\" title=\"6611bb69-29ce-483e-ba61-1b39542903cc\" data-dt-img-description=\"\" data-large_image_width=\"1032\" data-large_image_height=\"1473\"href='https:\/\/www.radiopiu.net\/wordpress\/wp-content\/uploads\/2024\/06\/6611bb69-29ce-483e-ba61-1b39542903cc.jpg'><img loading=\"lazy\" decoding=\"async\" width=\"150\" height=\"150\" src=\"https:\/\/www.radiopiu.net\/wordpress\/wp-content\/uploads\/2024\/06\/6611bb69-29ce-483e-ba61-1b39542903cc-150x150.jpg\" class=\"attachment-thumbnail size-thumbnail\" alt=\"\" aria-describedby=\"gallery-6-396645\" \/><\/a>\n\t\t\t\t<\/dt>\n\t\t\t\t\t<dd class='wp-caption-text gallery-caption' id='gallery-6-396645'>\n\t\t\t\t\t12 LUGLIO AGORDO BAR DELLE BOCCE\n\t\t\t\t\t<\/dd><\/dl><dl class='gallery-item'>\n\t\t\t\t<dt class='gallery-icon landscape'>\n\t\t\t\t\t<a class=\"rollover rollover-zoom dt-pswp-item\" title=\"d5b0b734-6816-4395-8e21-976a97a70deb\" data-dt-img-description=\"\" data-large_image_width=\"1080\" data-large_image_height=\"1080\"href='https:\/\/www.radiopiu.net\/wordpress\/wp-content\/uploads\/2024\/06\/d5b0b734-6816-4395-8e21-976a97a70deb.jpg'><img loading=\"lazy\" decoding=\"async\" width=\"150\" height=\"150\" src=\"https:\/\/www.radiopiu.net\/wordpress\/wp-content\/uploads\/2024\/06\/d5b0b734-6816-4395-8e21-976a97a70deb-150x150.jpg\" class=\"attachment-thumbnail size-thumbnail\" alt=\"\" aria-describedby=\"gallery-6-396287\" srcset=\"https:\/\/www.radiopiu.net\/wordpress\/wp-content\/uploads\/2024\/06\/d5b0b734-6816-4395-8e21-976a97a70deb-150x150.jpg 150w, https:\/\/www.radiopiu.net\/wordpress\/wp-content\/uploads\/2024\/06\/d5b0b734-6816-4395-8e21-976a97a70deb-300x300.jpg 300w, https:\/\/www.radiopiu.net\/wordpress\/wp-content\/uploads\/2024\/06\/d5b0b734-6816-4395-8e21-976a97a70deb-1024x1024.jpg 1024w, https:\/\/www.radiopiu.net\/wordpress\/wp-content\/uploads\/2024\/06\/d5b0b734-6816-4395-8e21-976a97a70deb-768x768.jpg 768w, https:\/\/www.radiopiu.net\/wordpress\/wp-content\/uploads\/2024\/06\/d5b0b734-6816-4395-8e21-976a97a70deb.jpg 1080w\" sizes=\"auto, (max-width: 150px) 100vw, 150px\" \/><\/a>\n\t\t\t\t<\/dt>\n\t\t\t\t\t<dd class='wp-caption-text gallery-caption' id='gallery-6-396287'>\n\t\t\t\t\t25 LUGLIO A VOLTAGO\n\t\t\t\t\t<\/dd><\/dl><dl class='gallery-item'>\n\t\t\t\t<dt class='gallery-icon portrait'>\n\t\t\t\t\t<a class=\"rollover rollover-zoom dt-pswp-item\" title=\"40970b49-6296-4dc3-93d6-aa5934e19f37\" data-dt-img-description=\"\" data-large_image_width=\"1131\" data-large_image_height=\"1600\"href='https:\/\/www.radiopiu.net\/wordpress\/wp-content\/uploads\/2024\/06\/40970b49-6296-4dc3-93d6-aa5934e19f37.jpg'><img loading=\"lazy\" decoding=\"async\" width=\"150\" height=\"150\" src=\"https:\/\/www.radiopiu.net\/wordpress\/wp-content\/uploads\/2024\/06\/40970b49-6296-4dc3-93d6-aa5934e19f37-150x150.jpg\" class=\"attachment-thumbnail size-thumbnail\" alt=\"\" aria-describedby=\"gallery-6-396648\" \/><\/a>\n\t\t\t\t<\/dt>\n\t\t\t\t\t<dd class='wp-caption-text gallery-caption' id='gallery-6-396648'>\n\t\t\t\t\t14 LUGLIO IL PROFESSORE! PRESENTA IL LIBRO\n\t\t\t\t\t<\/dd><\/dl><dl class='gallery-item'>\n\t\t\t\t<dt class='gallery-icon portrait'>\n\t\t\t\t\t<a class=\"rollover rollover-zoom dt-pswp-item\" title=\"29cc183b-9830-4d50-8ac6-cbf3c300cc4f\" data-dt-img-description=\"\" data-large_image_width=\"1087\" data-large_image_height=\"1600\"href='https:\/\/www.radiopiu.net\/wordpress\/wp-content\/uploads\/2024\/06\/29cc183b-9830-4d50-8ac6-cbf3c300cc4f.jpg'><img loading=\"lazy\" decoding=\"async\" width=\"150\" height=\"150\" src=\"https:\/\/www.radiopiu.net\/wordpress\/wp-content\/uploads\/2024\/06\/29cc183b-9830-4d50-8ac6-cbf3c300cc4f-150x150.jpg\" class=\"attachment-thumbnail size-thumbnail\" alt=\"\" aria-describedby=\"gallery-6-396857\" \/><\/a>\n\t\t\t\t<\/dt>\n\t\t\t\t\t<dd class='wp-caption-text gallery-caption' id='gallery-6-396857'>\n\t\t\t\t\t13 LUGLIO&#8230; DAI ROMANIIIIIIIIIII\n\t\t\t\t\t<\/dd><\/dl><dl class='gallery-item'>\n\t\t\t\t<dt class='gallery-icon landscape'>\n\t\t\t\t\t<a class=\"rollover rollover-zoom dt-pswp-item\" title=\"449189900_484613757290091_1574838248887562981_n\" data-dt-img-description=\"\" data-large_image_width=\"960\" data-large_image_height=\"540\"href='https:\/\/www.radiopiu.net\/wordpress\/wp-content\/uploads\/2024\/06\/449189900_484613757290091_1574838248887562981_n.jpg'><img loading=\"lazy\" decoding=\"async\" width=\"150\" height=\"150\" src=\"https:\/\/www.radiopiu.net\/wordpress\/wp-content\/uploads\/2024\/06\/449189900_484613757290091_1574838248887562981_n-150x150.jpg\" class=\"attachment-thumbnail size-thumbnail\" alt=\"\" aria-describedby=\"gallery-6-396872\" \/><\/a>\n\t\t\t\t<\/dt>\n\t\t\t\t\t<dd class='wp-caption-text gallery-caption' id='gallery-6-396872'>\n\t\t\t\t\t A CANALE D&#8217;AGORDO VALLE DI GARES\n\t\t\t\t\t<\/dd><\/dl><dl class='gallery-item'>\n\t\t\t\t<dt class='gallery-icon portrait'>\n\t\t\t\t\t<a class=\"rollover rollover-zoom dt-pswp-item\" title=\"A VOLANTINO A4 def\" data-dt-img-description=\"\" data-large_image_width=\"1240\" data-large_image_height=\"1753\"href='https:\/\/www.radiopiu.net\/wordpress\/wp-content\/uploads\/2024\/06\/A-VOLANTINO-A4-def.jpg'><img loading=\"lazy\" decoding=\"async\" width=\"150\" height=\"150\" src=\"https:\/\/www.radiopiu.net\/wordpress\/wp-content\/uploads\/2024\/06\/A-VOLANTINO-A4-def-150x150.jpg\" class=\"attachment-thumbnail size-thumbnail\" alt=\"\" aria-describedby=\"gallery-6-397138\" \/><\/a>\n\t\t\t\t<\/dt>\n\t\t\t\t\t<dd class='wp-caption-text gallery-caption' id='gallery-6-397138'>\n\t\t\t\t\tVENERDI&#8217; A BELLLUNO\n\t\t\t\t\t<\/dd><\/dl><br style=\"clear: both\" \/>\n\t\t\t<\/div>\n\n<\/div>\n<\/div>\n<\/div>\n<p><strong>BELLUNO\u00a0<\/strong>Mercoled\u00ec 3 luglio la Biblioteca delle migrazioni \u201cDino Buzzati\u201d organizza una serata a ingresso libero dedicata alla scoperta delle meraviglie della Colombia e alle radici bellunesi che vi si intrecciano. Questo evento offrir\u00e0 un&#8217;opportunit\u00e0 unica per esplorare la ricca cultura colombiana e per celebrare le connessioni storiche tra Belluno e il paese sudamericano.<\/p>\n<p>&nbsp;<\/p>\n<h2><span style=\"color: #ff0000;\">PROSSIMAMENTE\u00a0<\/span><\/h2>\n<p>Preparatevi a scatenare la vostra energia e a superare i vostri limiti con CorriPoi 2024. Il trofeo di Corse Podistiche a tappe Nell&#8217;Agordino, quattro tappe emozionanti, ognuna delle quali vi porter\u00e0 a scoprire le bellezze naturali del territorio. 7 LUGLIO FORCELLA AURINE, 7 SETTEMBRE VOLTAGO Alla CorriPoi parteciperanno, fianco a fianco, forti runner, atleti della domenica, famiglie, gruppi di amici, giovani corridori in erba, tutti con l&#8217;obiettivo di correre e di divertirsi. Corri verso la vittoria, corri verso il trofeo Alpenpluss. Regolamento delle quattro gare sul sito KEEPSPORTING.COM, in collaborazione con Kiwi Sport, abbigliamento sportivo per tutta la famiglia, ad ALLEGHE- CENCENIGHE &#8211; BELLUNO<\/p>\n<p>&nbsp;<\/p>\n<hr \/>\n<p>&nbsp;<\/p>\n<p><a class=\"dt-pswp-item\" href=\"https:\/\/www.radiopiu.net\/wordpress\/wp-content\/uploads\/2018\/09\/viabilita.jpeg\" data-dt-img-description=\"\" data-large_image_width=\"800\" data-large_image_height=\"100\"><img loading=\"lazy\" decoding=\"async\" class=\"aligncenter wp-image-61954 size-full\" src=\"https:\/\/www.radiopiu.net\/wordpress\/wp-content\/uploads\/2018\/09\/viabilita.jpeg\" alt=\"\" width=\"800\" height=\"100\" srcset=\"https:\/\/www.radiopiu.net\/wordpress\/wp-content\/uploads\/2018\/09\/viabilita.jpeg 800w, https:\/\/www.radiopiu.net\/wordpress\/wp-content\/uploads\/2018\/09\/viabilita-300x38.jpeg 300w, https:\/\/www.radiopiu.net\/wordpress\/wp-content\/uploads\/2018\/09\/viabilita-768x96.jpeg 768w\" sizes=\"auto, (max-width: 800px) 100vw, 800px\" \/><\/a><\/p>\n<p>&nbsp;<\/p>\n<p><a class=\"dt-pswp-item\" href=\"https:\/\/www.radiopiu.net\/wordpress\/wp-content\/uploads\/2023\/12\/botol-car-service.jpg\" data-dt-img-description=\"\" data-large_image_width=\"600\" data-large_image_height=\"600\"><img loading=\"lazy\" decoding=\"async\" class=\"size-medium wp-image-367044 aligncenter\" src=\"https:\/\/www.radiopiu.net\/wordpress\/wp-content\/uploads\/2023\/12\/botol-car-service-300x300.jpg\" alt=\"\" width=\"300\" height=\"300\" srcset=\"https:\/\/www.radiopiu.net\/wordpress\/wp-content\/uploads\/2023\/12\/botol-car-service-300x300.jpg 300w, https:\/\/www.radiopiu.net\/wordpress\/wp-content\/uploads\/2023\/12\/botol-car-service-150x150.jpg 150w, https:\/\/www.radiopiu.net\/wordpress\/wp-content\/uploads\/2023\/12\/botol-car-service.jpg 600w\" sizes=\"auto, (max-width: 300px) 100vw, 300px\" \/><\/a><\/p>\n<p>&nbsp;<\/p>\n<p>&nbsp;<\/p>\n<h1>BOLLETTINO QUOTIDIANO, CLICCA QUI<\/h1>\n<blockquote class=\"wp-embedded-content\" data-secret=\"DwZugRfymo\"><p><a href=\"https:\/\/www.radiopiu.net\/wordpress\/viabilita-2\/\">viabilita<\/a><\/p><\/blockquote>\n<p><iframe loading=\"lazy\" class=\"wp-embedded-content\" sandbox=\"allow-scripts\" security=\"restricted\" style=\"position: absolute; clip: rect(1px, 1px, 1px, 1px);\" title=\"&#8220;viabilita&#8221; &#8212; Radio Pi\u00f9\" src=\"https:\/\/www.radiopiu.net\/wordpress\/viabilita-2\/embed\/#?secret=Z9BPw8YOUh#?secret=DwZugRfymo\" data-secret=\"DwZugRfymo\" width=\"600\" height=\"338\" frameborder=\"0\" marginwidth=\"0\" marginheight=\"0\" scrolling=\"no\"><\/iframe><\/p>\n<p>&nbsp;<\/p>\n<p>&nbsp;<\/p>\n<hr \/>\n<p>&nbsp;<\/p>\n<p><a class=\"dt-pswp-item\" href=\"https:\/\/www.radiopiu.net\/wordpress\/wp-content\/uploads\/2018\/09\/WhatsApp-Image-2018-09-20-at-16.04.06.jpeg\" data-dt-img-description=\"\" data-large_image_width=\"800\" data-large_image_height=\"100\"><img loading=\"lazy\" decoding=\"async\" class=\"wp-image-61378 size-full aligncenter\" src=\"https:\/\/www.radiopiu.net\/wordpress\/wp-content\/uploads\/2018\/09\/WhatsApp-Image-2018-09-20-at-16.04.06.jpeg\" alt=\"\" width=\"800\" height=\"100\" srcset=\"https:\/\/www.radiopiu.net\/wordpress\/wp-content\/uploads\/2018\/09\/WhatsApp-Image-2018-09-20-at-16.04.06.jpeg 800w, https:\/\/www.radiopiu.net\/wordpress\/wp-content\/uploads\/2018\/09\/WhatsApp-Image-2018-09-20-at-16.04.06-300x38.jpeg 300w, https:\/\/www.radiopiu.net\/wordpress\/wp-content\/uploads\/2018\/09\/WhatsApp-Image-2018-09-20-at-16.04.06-768x96.jpeg 768w\" sizes=\"auto, (max-width: 800px) 100vw, 800px\" \/><\/a><\/p>\n<p><center><\/center><center><\/center><center><\/center><center><\/center><center><\/center><center><\/center>&nbsp;<\/p>\n<p><center><\/center><center><\/center><center><\/center><center><\/center><center><\/center><center><\/center><center><\/center><center><\/center><center><\/center><center><\/center><center><b>OGGI<\/b><\/center>Cielo in prevalenza nuvoloso anche per moderata attivit\u00e0 cumuliforme, con schiarite brevi e locali, pi\u00f9 ampie in serata; per buona parte della giornata possibili fenomeni, anche se discontinui, meno probabili in serata.<br \/>\n<b>Precipitazioni: <\/b>Probabilit\u00e0 alta di piogge, perlopi\u00f9 a carattere di rovescio e anche di temporale, che potranno interessare tutte le zone, in cessazione al pomeriggio\/sera a partire dalle Dolomiti, pi\u00f9 durature sulle Prealpi, dove potrebbero iniziare solo nelle ore centrali. Non esclusi fenomeni di forte intensit\u00e0.<br \/>\n<b>Temperature: <\/b>In calo anche sensibile rispetto a domenica, specie nei valori massimi.<\/p>\n<hr \/>\n<p><center><b>DOMANI<\/b><\/center>Al mattino tempo in prevalenza soleggiato, con ampie schiarite e inizio di attivit\u00e0 cumuliforme entro le ore centrali, che diverr\u00e0 pi\u00f9 sviluppata al pomeriggio e che potr\u00e0 essere associata a fenomeni sparsi.<br \/>\n<b>Precipitazioni: <\/b>Al mattino generalmente assenti; dalle ore centrali e al pomeriggio possibili rovesci sparsi e locali temporali, che potranno protrarsi anche in serata sulle Prealpi.<br \/>\n<b>Temperature: <\/b>Minime perlopi\u00f9 stazionarie o in lieve calo nelle valli; massime in lieve aumento, localmente pi\u00f9 sensibile nelle valli per maggiore soleggiamento, stazionarie alle quote pi\u00f9 elevate.<\/p>\n<hr \/>\n<p><center><b>MERCOLEDI<\/b><\/center>Tempo instabile, con cielo spesso nuvoloso o molto nuvoloso e rovesci\/temporali che sulle Dolomiti saranno pi\u00f9 probabili al mattino e fino al primo pomeriggio, mentre sulle Prealpi potranno risultare pi\u00f9 diffusi al pomeriggio\/sera. Contesto termico decisamente fresco per il periodo<\/p>\n<hr \/>\n<p><center><b>GIOVEDI<\/b><\/center>Tempo in miglioramento, parzialmente soleggiato con modesta attivit\u00e0 cumuliforme diurna e bassa probabilit\u00e0 di qualche rovescio o isolato temporale, residuo nella notte sulle Prealpi e sporadico nelle ore pi\u00f9 calde. Contesto termico fresco al mattino e caldo ma senza eccessi di giorno.<\/p>\n<p>&nbsp;<\/p>\n<hr \/>\n<p>&nbsp;<\/p>\n<p><img loading=\"lazy\" decoding=\"async\" class=\"wp-image-60761 size-full aligncenter\" src=\"https:\/\/www.radiopiu.net\/wordpress\/wp-content\/uploads\/2018\/09\/sport.jpg\" alt=\"\" width=\"800\" height=\"100\" srcset=\"https:\/\/www.radiopiu.net\/wordpress\/wp-content\/uploads\/2018\/09\/sport.jpg 800w, https:\/\/www.radiopiu.net\/wordpress\/wp-content\/uploads\/2018\/09\/sport-300x38.jpg 300w, https:\/\/www.radiopiu.net\/wordpress\/wp-content\/uploads\/2018\/09\/sport-768x96.jpg 768w\" sizes=\"auto, (max-width: 800px) 100vw, 800px\" \/><\/p>\n<p>&nbsp;<\/p>\n<div class=\"html-div xe8uvvx xdj266r x11i5rnm xat24cr x1mh8g0r xexx8yu x4uap5 x18d9i69 xkhd6sd\" dir=\"auto\">\n<div id=\":rrc:\" class=\"x1iorvi4 x1pi30zi x1l90r2v x1swvt13\" data-ad-comet-preview=\"message\" data-ad-preview=\"message\">\n<div class=\"x78zum5 xdt5ytf xz62fqu x16ldp7u\">\n<div class=\"xu06os2 x1ok221b\">\n<div class=\"xdj266r x11i5rnm xat24cr x1mh8g0r x1vvkbs x126k92a\">\n<div dir=\"auto\"><a class=\"dt-pswp-item\" href=\"https:\/\/www.radiopiu.net\/wordpress\/wp-content\/uploads\/2024\/07\/Senza-nome-1.png\" data-dt-img-description=\"\" data-large_image_width=\"1052\" data-large_image_height=\"759\"><img loading=\"lazy\" decoding=\"async\" class=\"wp-image-397191 aligncenter\" src=\"https:\/\/www.radiopiu.net\/wordpress\/wp-content\/uploads\/2024\/07\/Senza-nome-1-300x216.png\" alt=\"\" width=\"263\" height=\"189\" srcset=\"https:\/\/www.radiopiu.net\/wordpress\/wp-content\/uploads\/2024\/07\/Senza-nome-1-300x216.png 300w, https:\/\/www.radiopiu.net\/wordpress\/wp-content\/uploads\/2024\/07\/Senza-nome-1-1024x739.png 1024w, https:\/\/www.radiopiu.net\/wordpress\/wp-content\/uploads\/2024\/07\/Senza-nome-1-768x554.png 768w, https:\/\/www.radiopiu.net\/wordpress\/wp-content\/uploads\/2024\/07\/Senza-nome-1.png 1052w\" sizes=\"auto, (max-width: 263px) 100vw, 263px\" \/><\/a><\/div>\n<div dir=\"auto\"><strong>CAMPIONATO AGORDINO DI CALCIO, IL PRINCIPALE EVENTO SPORTIVO DELL&#8217;ESTATE AGORDINA.<\/strong><\/div>\n<div dir=\"auto\"><strong>OGGI SOLO!!! SUL<\/strong> <span class=\"html-span xdj266r x11i5rnm xat24cr x1mh8g0r xexx8yu x4uap5 x18d9i69 xkhd6sd x1hl2dhg x16tdsg8 x1vvkbs\"><a class=\"x1i10hfl xjbqb8w x1ejq31n xd10rxx x1sy0etr x17r0tee x972fbf xcfux6l x1qhh985 xm0m39n x9f619 x1ypdohk xt0psk2 xe8uvvx xdj266r x11i5rnm xat24cr x1mh8g0r xexx8yu x4uap5 x18d9i69 xkhd6sd x16tdsg8 x1hl2dhg xggy1nq x1a2a7pz x1sur9pj xkrqix3 x1fey0fg xo1l8bm\" tabindex=\"0\" role=\"link\" href=\"https:\/\/www.facebook.com\/corrieredellealpi?__cft__[0]=AZUWl-qSEpNbTfg1fuzRz3vBImbnhbVD8atArrh5_G97Qe8DSM0g6x1_8uhdnI4oOnHJ_bx8-Ir1_WDwoniY1YVQJNTrO_BXvguisYvs2BUPfBICob-7Mxe0xMU7-E86HeMGF41iiYbAn0xcEUiJ9CZAsh_PCdU5D-pP2hi-6sq_Ig&amp;__tn__=-]K-R\"><span class=\"xt0psk2\">Corriere delle Alpi<\/span><\/a><\/span> E <span class=\"html-span xdj266r x11i5rnm xat24cr x1mh8g0r xexx8yu x4uap5 x18d9i69 xkhd6sd x1hl2dhg x16tdsg8 x1vvkbs\"><a class=\"x1i10hfl xjbqb8w x1ejq31n xd10rxx x1sy0etr x17r0tee x972fbf xcfux6l x1qhh985 xm0m39n x9f619 x1ypdohk xt0psk2 xe8uvvx xdj266r x11i5rnm xat24cr x1mh8g0r xexx8yu x4uap5 x18d9i69 xkhd6sd x16tdsg8 x1hl2dhg xggy1nq x1a2a7pz x1sur9pj xkrqix3 x1fey0fg xo1l8bm\" tabindex=\"0\" role=\"link\" href=\"https:\/\/www.facebook.com\/groups\/radiopiu\/?__cft__[0]=AZUWl-qSEpNbTfg1fuzRz3vBImbnhbVD8atArrh5_G97Qe8DSM0g6x1_8uhdnI4oOnHJ_bx8-Ir1_WDwoniY1YVQJNTrO_BXvguisYvs2BUPfBICob-7Mxe0xMU7-E86HeMGF41iiYbAn0xcEUiJ9CZAsh_PCdU5D-pP2hi-6sq_Ig&amp;__tn__=-UK-R\"><span class=\"xt0psk2\">RADIO PIU&#8217; EMITTENTE AGORDINA (Taibon_32027)<\/span><\/a><\/span><\/div>\n<\/div>\n<\/div>\n<\/div>\n<\/div>\n<\/div>\n<p>&nbsp;<\/p>\n<p>&nbsp;<\/p>\n<p><span style=\"color: #0000ff;\"><b>CALCIO<\/b><\/span><\/p>\n<blockquote>\n<h3>CAMPIONATO AGORDINO DI CALCIO: IL LE VILLE FA IL COLPACCIO A CANALE. DUE PAREGGI NEL GIRONE A<\/h3>\n<\/blockquote>\n<p><strong><a class=\"dt-pswp-item\" href=\"https:\/\/www.radiopiu.net\/wordpress\/wp-content\/uploads\/2022\/04\/CALCIO.jpg\" data-dt-img-description=\"\" data-large_image_width=\"1920\" data-large_image_height=\"1280\"><img loading=\"lazy\" decoding=\"async\" class=\" wp-image-270520 alignleft\" src=\"https:\/\/www.radiopiu.net\/wordpress\/wp-content\/uploads\/2022\/04\/CALCIO-300x200.jpg\" alt=\"\" width=\"197\" height=\"131\" srcset=\"https:\/\/www.radiopiu.net\/wordpress\/wp-content\/uploads\/2022\/04\/CALCIO-300x200.jpg 300w, https:\/\/www.radiopiu.net\/wordpress\/wp-content\/uploads\/2022\/04\/CALCIO-1024x683.jpg 1024w, https:\/\/www.radiopiu.net\/wordpress\/wp-content\/uploads\/2022\/04\/CALCIO-768x512.jpg 768w, https:\/\/www.radiopiu.net\/wordpress\/wp-content\/uploads\/2022\/04\/CALCIO-1536x1024.jpg 1536w, https:\/\/www.radiopiu.net\/wordpress\/wp-content\/uploads\/2022\/04\/CALCIO.jpg 1920w\" sizes=\"auto, (max-width: 197px) 100vw, 197px\" \/><\/a>DI MARCO GAZ<\/strong><\/p>\n<p><strong>REDAZIONE<\/strong> In archivio anche il quinto fine settimana del Campionato Agordino di Calcio, Memorial Attilio Moretti. Un turno che ha visto conferme e sorprese. Nel girone A La Valle e Fodom non vanno oltre lo 0 a 0. Il Vallada vince con l\u2019Alleghe e resta in testa alla classifica e lo sar\u00e0 anche dopo il turno infrasettimanale che vede gli arancionero riposare. Nel big match di Taibon il Caprile chiude la prima frazione avanti di due reti ma i taiboner pareggiano i conti nella ripresa. Nel girone B la sorpresa arriva dal Maracanal dove il Canale di Lorenzi perde la prima partita stagionale e lo fa contro il Le Ville. Il Voltago vince ampiamente contro il Falcade\/Caviola e si aggiudica la prima posizione del girone. Anche il Gosaldo si riprende e incamera 3 punti contro il fanalino di coda Cencenighe. In entrambi i gironi i giochi sono ancora aperti e nessuna formazione \u00e8 sicura di essersi aggiudicata la qualificazione diretta ai quarti di finale.<\/p>\n<p><strong>I RISULTATI<\/strong> Girone A: La Valle \u2013 Fodom 0-0, Alleghe \u2013 Vallada 0-5, Taibon \u2013 Caprile 2-2. Riposa il Rivamonte. Girone B: Cencenighe \u2013 Gosaldo 2-3, Voltago \u2013 Falcade\/Caviola 5-1 , Canale \u2013 Le Ville 2-3.<br \/>\n<strong>LA CLASSIFICA:<\/strong> Girone A: Vallada 13, Caprile* 8, La Valle* 7, Taibon* 6, Fodom 5, Rivamonte* 1, Alleghe* 0 (* una partita in meno)<br \/>\nGirone B: Voltago 10, Canale, Gosaldo e Le Ville 7, Falcade\/Caviola 3, Cencenighe 0<br \/>\n<strong>PROSSIMO TURNO:<\/strong> Girone A: Mercoledi alle 20:30 Taibon \u2013 Rivamonte, Alleghe \u2013 Fodom, La Valle \u2013 Caprile. Riposa il Vallada. Girone B: domenica alle 16 Gosaldo \u2013 Voltago, Canale \u2013 Falcade\/Caviola, Cencenighe \u2013 La Valle.<\/p>\n<p>&nbsp;<\/p>\n<h3><span style=\"color: #008000;\"><strong>CAMPIONATO AGORDINO GIOVANILE<\/strong><\/span><\/h3>\n<p>Dopo il turno infrasettimanale che ha visto Taibon e Le Ville vincere, con le partite giocate sabato pomeriggio la classifica del Campionato Agordino di calcio, Memorial Gabriele Orzetti, si accorcia ulteriormente con 6 squadre in lotta per accedere alla fase finale. Il Canale, che deve recuperare la sfida con il Fodom, ora \u00e8 secondo nonostante una vittoria sonante con il Cencenighe. Il Taibon \u00e8 inarrestabile e rifila 4 gol al Caprile. Il La Valle rialza la testa portando a casa i 3 punti sul campo di Vallada. Bene il Le Ville che incamera un\u2019altra vittoria, questa volta sul sintetico di Cernadoi contro il Fodom.<\/p>\n<p><strong>I RISULTATI <\/strong>Canale \u2013 Cencenighe 7-1, Taibon \u2013 Caprile 4-0, Vallada \u2013 La Valle 0-5, Fodom \u2013 Le Ville 1-4<\/p>\n<p><strong>LA CLASSIFICA <\/strong>Taibon 13, Canale* e Le Ville 10, Cencenighe 7, La Valle 6, Caprile 5, Fodom* e Vallada 1<\/p>\n<p><strong>IL PROSSIMO TURNO <\/strong>Cencenighe \u2013 Fodom, Le Ville \u2013 Taibon, Canale \u2013 La Valle, Vallada \u2013 Caprile<\/p>\n<p>&nbsp;<\/p>\n<p><span style=\"color: #0000ff;\"><strong>HOCKEY SU GHIACCIO<\/strong><\/span><\/p>\n<blockquote>\n<h3 class=\"entry-title\">MARWIN MARTINI CONFERMATO NEL ROSTER DELL\u2019ALLEGHE HOCKEY<\/h3>\n<\/blockquote>\n<p><strong class=\"photoswipe-wrapper\"><a class=\"dt-pswp-item pspw-wrap-ready\" href=\"https:\/\/www.radiopiu.net\/wordpress\/wp-content\/uploads\/2024\/06\/7ec81d7b-09d9-4a7f-9e09-42850c2267eb.jpg\" data-dt-img-description=\"\" data-large_image_width=\"940\" data-large_image_height=\"518\"><img loading=\"lazy\" decoding=\"async\" class=\" wp-image-397012 alignleft\" src=\"https:\/\/www.radiopiu.net\/wordpress\/wp-content\/uploads\/2024\/06\/7ec81d7b-09d9-4a7f-9e09-42850c2267eb-300x165.jpg\" sizes=\"auto, (max-width: 202px) 100vw, 202px\" srcset=\"https:\/\/www.radiopiu.net\/wordpress\/wp-content\/uploads\/2024\/06\/7ec81d7b-09d9-4a7f-9e09-42850c2267eb-300x165.jpg 300w, https:\/\/www.radiopiu.net\/wordpress\/wp-content\/uploads\/2024\/06\/7ec81d7b-09d9-4a7f-9e09-42850c2267eb-768x423.jpg 768w, https:\/\/www.radiopiu.net\/wordpress\/wp-content\/uploads\/2024\/06\/7ec81d7b-09d9-4a7f-9e09-42850c2267eb.jpg 940w\" alt=\"\" width=\"202\" height=\"111\" \/><\/a>DI ROBERTO MIANA, PORTAVOCE DELL\u2019ALLEGHE HOCKEY<\/strong><\/p>\n<p>Nuove conferme in casa Alleghe, con la Societ\u00e0 di via lungolago che annuncia la presenza, anche per la prossima stagione, del giovane Marwin Martini. Attaccante classe 2004 di Selva Di Cadore, lavora per il Consorzio impianti a fune di Arabba e al di fuori dell\u2019hockey ha come grande passione andare a camminare in montagna e pescare nei torrenti. Cresciuto nelle giovanili delle Civette, ha esordito con la prima squadra nella stagione 2020\/2021, facendo registrare 106 presenze. Le parole di Marwin: \u201cPrima di dire s\u00ec a questa mia nuova avventura in biancorosso ci ho pensato un po\u2019 per diversi motivi, ma poi ho capito che la decisione giusta era di continuare a giocare qui ad Alleghe, perch\u00e9 era quello che volevo veramente. Con questi compagni di squadra mi trovo davvero bene, specialmente con Manfri (alias Matthias Manfroi), con il quale vado molto d\u2019accordo. Per la prossima stagione un po\u2019 tutti i team si stanno rinforzando, quindi sicuramente troveremo squadre forti e competitive, ma anche noi non saremo da meno\u201d.<\/p>\n<p>&nbsp;<\/p>\n<p><span style=\"color: #0000ff;\"><strong>GREEN VOLLEY<\/strong><\/span><\/p>\n<blockquote>\n<h3>LA PRIMA TAPPA DEL GREEN VOLLEY AGORDINO A FALCADE<\/h3>\n<\/blockquote>\n<p><strong>FALCADE<\/strong> Si \u00e8 svolta nella giornata di sabato la prima tappa del Green Volley Agordino organizzata dal Volley Club Agordino. Sotto al sole della piana di Falcade, L&#8217;Aivaz ha ospitato il primo dei 5 appuntamenti in programma durante l&#8217;estate. Un inizio incoraggiante con ben 15 squadre iscritte che sono state separate in 3 gironi. Alla fine delle partite di qualificazione, le migliori 8 formazioni si sono sfidate nella fase finale che visto la formazione di Giannino &amp; Co aggiudicarsi il torneo. Una giornata di sport e divertimento premiata da una giornata stupenda con sole e caldo. Prossima tappa a La valle il 13 luglio con il Green Tek Volley.<\/p>\n\n\t\t\t<style type='text\/css'>\n\t\t\t\t#gallery-7 {\n\t\t\t\t\tmargin: auto;\n\t\t\t\t}\n\t\t\t\t#gallery-7 .gallery-item {\n\t\t\t\t\tfloat: left;\n\t\t\t\t\tmargin-top: 10px;\n\t\t\t\t\ttext-align: center;\n\t\t\t\t\twidth: 12%;\n\t\t\t\t}\n\t\t\t\t#gallery-7 img {\n\t\t\t\t\tborder: 2px solid #cfcfcf;\n\t\t\t\t}\n\t\t\t\t#gallery-7 .gallery-caption {\n\t\t\t\t\tmargin-left: 0;\n\t\t\t\t}\n\t\t\t\t\/* see gallery_shortcode() in wp-includes\/media.php *\/\n\t\t\t<\/style>\n\t\t<div id='gallery-7' class='dt-gallery-container gallery galleryid-396906 gallery-columns-8 gallery-size-thumbnail'><dl class='gallery-item'>\n\t\t\t\t<dt class='gallery-icon portrait'>\n\t\t\t\t\t<a class=\"rollover rollover-zoom dt-pswp-item\" title=\"c8a74237-5143-4b09-8dd9-980b867a5bbf\" data-dt-img-description=\"\" data-large_image_width=\"1200\" data-large_image_height=\"1600\"href='https:\/\/www.radiopiu.net\/wordpress\/wp-content\/uploads\/2024\/06\/c8a74237-5143-4b09-8dd9-980b867a5bbf.jpg'><img loading=\"lazy\" decoding=\"async\" width=\"150\" height=\"150\" src=\"https:\/\/www.radiopiu.net\/wordpress\/wp-content\/uploads\/2024\/06\/c8a74237-5143-4b09-8dd9-980b867a5bbf-150x150.jpg\" class=\"attachment-thumbnail size-thumbnail\" alt=\"\" \/><\/a>\n\t\t\t\t<\/dt><\/dl><dl class='gallery-item'>\n\t\t\t\t<dt class='gallery-icon portrait'>\n\t\t\t\t\t<a class=\"rollover rollover-zoom dt-pswp-item\" title=\"fafbe180-1794-441e-8085-2306752254d2\" data-dt-img-description=\"\" data-large_image_width=\"1200\" data-large_image_height=\"1600\"href='https:\/\/www.radiopiu.net\/wordpress\/wp-content\/uploads\/2024\/06\/fafbe180-1794-441e-8085-2306752254d2.jpg'><img loading=\"lazy\" decoding=\"async\" width=\"150\" height=\"150\" src=\"https:\/\/www.radiopiu.net\/wordpress\/wp-content\/uploads\/2024\/06\/fafbe180-1794-441e-8085-2306752254d2-150x150.jpg\" class=\"attachment-thumbnail size-thumbnail\" alt=\"\" \/><\/a>\n\t\t\t\t<\/dt><\/dl><dl class='gallery-item'>\n\t\t\t\t<dt class='gallery-icon landscape'>\n\t\t\t\t\t<a class=\"rollover rollover-zoom dt-pswp-item\" title=\"b6914685-bb01-4203-ac95-a5fac2e2cbbb\" data-dt-img-description=\"\" data-large_image_width=\"1600\" data-large_image_height=\"1200\"href='https:\/\/www.radiopiu.net\/wordpress\/wp-content\/uploads\/2024\/06\/b6914685-bb01-4203-ac95-a5fac2e2cbbb.jpg'><img loading=\"lazy\" decoding=\"async\" width=\"150\" height=\"150\" src=\"https:\/\/www.radiopiu.net\/wordpress\/wp-content\/uploads\/2024\/06\/b6914685-bb01-4203-ac95-a5fac2e2cbbb-150x150.jpg\" class=\"attachment-thumbnail size-thumbnail\" alt=\"\" \/><\/a>\n\t\t\t\t<\/dt><\/dl><dl class='gallery-item'>\n\t\t\t\t<dt class='gallery-icon landscape'>\n\t\t\t\t\t<a class=\"rollover rollover-zoom dt-pswp-item\" title=\"0db595f2-757c-4184-9259-c663723afa85\" data-dt-img-description=\"\" data-large_image_width=\"1600\" data-large_image_height=\"1200\"href='https:\/\/www.radiopiu.net\/wordpress\/wp-content\/uploads\/2024\/06\/0db595f2-757c-4184-9259-c663723afa85.jpg'><img loading=\"lazy\" decoding=\"async\" width=\"150\" height=\"150\" src=\"https:\/\/www.radiopiu.net\/wordpress\/wp-content\/uploads\/2024\/06\/0db595f2-757c-4184-9259-c663723afa85-150x150.jpg\" class=\"attachment-thumbnail size-thumbnail\" alt=\"\" \/><\/a>\n\t\t\t\t<\/dt><\/dl><dl class='gallery-item'>\n\t\t\t\t<dt class='gallery-icon portrait'>\n\t\t\t\t\t<a class=\"rollover rollover-zoom dt-pswp-item\" title=\"9ae93171-598f-486a-80ec-ac98cd53e043\" data-dt-img-description=\"\" data-large_image_width=\"1152\" data-large_image_height=\"2048\"href='https:\/\/www.radiopiu.net\/wordpress\/wp-content\/uploads\/2024\/06\/9ae93171-598f-486a-80ec-ac98cd53e043.jpg'><img loading=\"lazy\" decoding=\"async\" width=\"150\" height=\"150\" src=\"https:\/\/www.radiopiu.net\/wordpress\/wp-content\/uploads\/2024\/06\/9ae93171-598f-486a-80ec-ac98cd53e043-150x150.jpg\" class=\"attachment-thumbnail size-thumbnail\" alt=\"\" \/><\/a>\n\t\t\t\t<\/dt><\/dl><dl class='gallery-item'>\n\t\t\t\t<dt class='gallery-icon portrait'>\n\t\t\t\t\t<a class=\"rollover rollover-zoom dt-pswp-item\" title=\"8069ab0e-034d-40d6-bbf1-5868d9713e73\" data-dt-img-description=\"\" data-large_image_width=\"1152\" data-large_image_height=\"2048\"href='https:\/\/www.radiopiu.net\/wordpress\/wp-content\/uploads\/2024\/06\/8069ab0e-034d-40d6-bbf1-5868d9713e73.jpg'><img loading=\"lazy\" decoding=\"async\" width=\"150\" height=\"150\" src=\"https:\/\/www.radiopiu.net\/wordpress\/wp-content\/uploads\/2024\/06\/8069ab0e-034d-40d6-bbf1-5868d9713e73-150x150.jpg\" class=\"attachment-thumbnail size-thumbnail\" alt=\"\" \/><\/a>\n\t\t\t\t<\/dt><\/dl><dl class='gallery-item'>\n\t\t\t\t<dt class='gallery-icon portrait'>\n\t\t\t\t\t<a class=\"rollover rollover-zoom dt-pswp-item\" title=\"85bdeb70-b397-465a-939a-19529ed11266\" data-dt-img-description=\"\" data-large_image_width=\"1200\" data-large_image_height=\"1600\"href='https:\/\/www.radiopiu.net\/wordpress\/wp-content\/uploads\/2024\/06\/85bdeb70-b397-465a-939a-19529ed11266.jpg'><img loading=\"lazy\" decoding=\"async\" width=\"150\" height=\"150\" src=\"https:\/\/www.radiopiu.net\/wordpress\/wp-content\/uploads\/2024\/06\/85bdeb70-b397-465a-939a-19529ed11266-150x150.jpg\" class=\"attachment-thumbnail size-thumbnail\" alt=\"\" \/><\/a>\n\t\t\t\t<\/dt><\/dl><dl class='gallery-item'>\n\t\t\t\t<dt class='gallery-icon portrait'>\n\t\t\t\t\t<a class=\"rollover rollover-zoom dt-pswp-item\" title=\"12f7f186-768a-4db2-9cf8-d5d993c52592\" data-dt-img-description=\"\" data-large_image_width=\"1200\" data-large_image_height=\"1600\"href='https:\/\/www.radiopiu.net\/wordpress\/wp-content\/uploads\/2024\/06\/12f7f186-768a-4db2-9cf8-d5d993c52592.jpg'><img loading=\"lazy\" decoding=\"async\" width=\"150\" height=\"150\" src=\"https:\/\/www.radiopiu.net\/wordpress\/wp-content\/uploads\/2024\/06\/12f7f186-768a-4db2-9cf8-d5d993c52592-150x150.jpg\" class=\"attachment-thumbnail size-thumbnail\" alt=\"\" \/><\/a>\n\t\t\t\t<\/dt><\/dl><br style=\"clear: both\" \/><dl class='gallery-item'>\n\t\t\t\t<dt class='gallery-icon portrait'>\n\t\t\t\t\t<a class=\"rollover rollover-zoom dt-pswp-item\" title=\"867bd4b0-71e3-4dd8-b2d2-ddbf5b7cb720\" data-dt-img-description=\"\" data-large_image_width=\"1200\" data-large_image_height=\"1600\"href='https:\/\/www.radiopiu.net\/wordpress\/wp-content\/uploads\/2024\/06\/867bd4b0-71e3-4dd8-b2d2-ddbf5b7cb720.jpg'><img loading=\"lazy\" decoding=\"async\" width=\"150\" height=\"150\" src=\"https:\/\/www.radiopiu.net\/wordpress\/wp-content\/uploads\/2024\/06\/867bd4b0-71e3-4dd8-b2d2-ddbf5b7cb720-150x150.jpg\" class=\"attachment-thumbnail size-thumbnail\" alt=\"\" \/><\/a>\n\t\t\t\t<\/dt><\/dl><dl class='gallery-item'>\n\t\t\t\t<dt class='gallery-icon portrait'>\n\t\t\t\t\t<a class=\"rollover rollover-zoom dt-pswp-item\" title=\"0fb14250-7758-4d49-bb14-2fc3ee188ac6\" data-dt-img-description=\"\" data-large_image_width=\"1200\" data-large_image_height=\"1600\"href='https:\/\/www.radiopiu.net\/wordpress\/wp-content\/uploads\/2024\/06\/0fb14250-7758-4d49-bb14-2fc3ee188ac6.jpg'><img loading=\"lazy\" decoding=\"async\" width=\"150\" height=\"150\" src=\"https:\/\/www.radiopiu.net\/wordpress\/wp-content\/uploads\/2024\/06\/0fb14250-7758-4d49-bb14-2fc3ee188ac6-150x150.jpg\" class=\"attachment-thumbnail size-thumbnail\" alt=\"\" \/><\/a>\n\t\t\t\t<\/dt><\/dl><dl class='gallery-item'>\n\t\t\t\t<dt class='gallery-icon portrait'>\n\t\t\t\t\t<a class=\"rollover rollover-zoom dt-pswp-item\" title=\"0b9f4cd6-13d9-448b-8108-0f2da93b0170\" data-dt-img-description=\"\" data-large_image_width=\"1200\" data-large_image_height=\"1600\"href='https:\/\/www.radiopiu.net\/wordpress\/wp-content\/uploads\/2024\/06\/0b9f4cd6-13d9-448b-8108-0f2da93b0170.jpg'><img loading=\"lazy\" decoding=\"async\" width=\"150\" height=\"150\" src=\"https:\/\/www.radiopiu.net\/wordpress\/wp-content\/uploads\/2024\/06\/0b9f4cd6-13d9-448b-8108-0f2da93b0170-150x150.jpg\" class=\"attachment-thumbnail size-thumbnail\" alt=\"\" \/><\/a>\n\t\t\t\t<\/dt><\/dl><dl class='gallery-item'>\n\t\t\t\t<dt class='gallery-icon portrait'>\n\t\t\t\t\t<a class=\"rollover rollover-zoom dt-pswp-item\" title=\"6f321521-0a63-4c97-a673-73c311067d1e\" data-dt-img-description=\"\" data-large_image_width=\"1200\" data-large_image_height=\"1600\"href='https:\/\/www.radiopiu.net\/wordpress\/wp-content\/uploads\/2024\/06\/6f321521-0a63-4c97-a673-73c311067d1e.jpg'><img loading=\"lazy\" decoding=\"async\" width=\"150\" height=\"150\" src=\"https:\/\/www.radiopiu.net\/wordpress\/wp-content\/uploads\/2024\/06\/6f321521-0a63-4c97-a673-73c311067d1e-150x150.jpg\" class=\"attachment-thumbnail size-thumbnail\" alt=\"\" \/><\/a>\n\t\t\t\t<\/dt><\/dl><dl class='gallery-item'>\n\t\t\t\t<dt class='gallery-icon portrait'>\n\t\t\t\t\t<a class=\"rollover rollover-zoom dt-pswp-item\" title=\"0f1f32ee-2fb6-413b-ba8e-88cc4360048d\" data-dt-img-description=\"\" data-large_image_width=\"1200\" data-large_image_height=\"1600\"href='https:\/\/www.radiopiu.net\/wordpress\/wp-content\/uploads\/2024\/06\/0f1f32ee-2fb6-413b-ba8e-88cc4360048d.jpg'><img loading=\"lazy\" decoding=\"async\" width=\"150\" height=\"150\" src=\"https:\/\/www.radiopiu.net\/wordpress\/wp-content\/uploads\/2024\/06\/0f1f32ee-2fb6-413b-ba8e-88cc4360048d-150x150.jpg\" class=\"attachment-thumbnail size-thumbnail\" alt=\"\" \/><\/a>\n\t\t\t\t<\/dt><\/dl><dl class='gallery-item'>\n\t\t\t\t<dt class='gallery-icon portrait'>\n\t\t\t\t\t<a class=\"rollover rollover-zoom dt-pswp-item\" title=\"960e0a8d-596a-4229-970e-14079ac7a93e\" data-dt-img-description=\"\" data-large_image_width=\"1200\" data-large_image_height=\"1600\"href='https:\/\/www.radiopiu.net\/wordpress\/wp-content\/uploads\/2024\/06\/960e0a8d-596a-4229-970e-14079ac7a93e.jpg'><img loading=\"lazy\" decoding=\"async\" width=\"150\" height=\"150\" src=\"https:\/\/www.radiopiu.net\/wordpress\/wp-content\/uploads\/2024\/06\/960e0a8d-596a-4229-970e-14079ac7a93e-150x150.jpg\" class=\"attachment-thumbnail size-thumbnail\" alt=\"\" \/><\/a>\n\t\t\t\t<\/dt><\/dl><dl class='gallery-item'>\n\t\t\t\t<dt class='gallery-icon portrait'>\n\t\t\t\t\t<a class=\"rollover rollover-zoom dt-pswp-item\" title=\"3c63b74f-fd24-4dd1-af39-1c8f4d74cf6d\" data-dt-img-description=\"\" data-large_image_width=\"1200\" data-large_image_height=\"1600\"href='https:\/\/www.radiopiu.net\/wordpress\/wp-content\/uploads\/2024\/06\/3c63b74f-fd24-4dd1-af39-1c8f4d74cf6d.jpg'><img loading=\"lazy\" decoding=\"async\" width=\"150\" height=\"150\" src=\"https:\/\/www.radiopiu.net\/wordpress\/wp-content\/uploads\/2024\/06\/3c63b74f-fd24-4dd1-af39-1c8f4d74cf6d-150x150.jpg\" class=\"attachment-thumbnail size-thumbnail\" alt=\"\" \/><\/a>\n\t\t\t\t<\/dt><\/dl><dl class='gallery-item'>\n\t\t\t\t<dt class='gallery-icon portrait'>\n\t\t\t\t\t<a class=\"rollover rollover-zoom dt-pswp-item\" title=\"29019101-a2f0-4ee0-9efb-90bc0d96c6fe\" data-dt-img-description=\"\" data-large_image_width=\"1200\" data-large_image_height=\"1600\"href='https:\/\/www.radiopiu.net\/wordpress\/wp-content\/uploads\/2024\/06\/29019101-a2f0-4ee0-9efb-90bc0d96c6fe.jpg'><img loading=\"lazy\" decoding=\"async\" width=\"150\" height=\"150\" src=\"https:\/\/www.radiopiu.net\/wordpress\/wp-content\/uploads\/2024\/06\/29019101-a2f0-4ee0-9efb-90bc0d96c6fe-150x150.jpg\" class=\"attachment-thumbnail size-thumbnail\" alt=\"\" \/><\/a>\n\t\t\t\t<\/dt><\/dl><br style=\"clear: both\" \/>\n\t\t\t<\/div>\n\n<p>&nbsp;<\/p>\n<p><span style=\"color: #0000ff;\"><strong>ATLETICA<\/strong><\/span><\/p>\n<blockquote>\n<h3>15 VITTORIE PER CSI BELLUNO NELLA SECONDA PROVA DEL CAMPIONATO REGIONALE CSI DI VALLESELLA<\/h3>\n<\/blockquote>\n<p><a class=\"dt-pswp-item\" href=\"https:\/\/www.radiopiu.net\/wordpress\/wp-content\/uploads\/2024\/06\/regionale_csi_vallesella_gara-ostacoli_30-giugno-2024.jpeg\" data-dt-img-description=\"\" data-large_image_width=\"2000\" data-large_image_height=\"1333\"><img loading=\"lazy\" decoding=\"async\" class=\" wp-image-397136 alignleft\" src=\"https:\/\/www.radiopiu.net\/wordpress\/wp-content\/uploads\/2024\/06\/regionale_csi_vallesella_gara-ostacoli_30-giugno-2024-300x200.jpeg\" alt=\"\" width=\"173\" height=\"115\" srcset=\"https:\/\/www.radiopiu.net\/wordpress\/wp-content\/uploads\/2024\/06\/regionale_csi_vallesella_gara-ostacoli_30-giugno-2024-300x200.jpeg 300w, https:\/\/www.radiopiu.net\/wordpress\/wp-content\/uploads\/2024\/06\/regionale_csi_vallesella_gara-ostacoli_30-giugno-2024-1024x682.jpeg 1024w, https:\/\/www.radiopiu.net\/wordpress\/wp-content\/uploads\/2024\/06\/regionale_csi_vallesella_gara-ostacoli_30-giugno-2024-768x512.jpeg 768w, https:\/\/www.radiopiu.net\/wordpress\/wp-content\/uploads\/2024\/06\/regionale_csi_vallesella_gara-ostacoli_30-giugno-2024-1536x1024.jpeg 1536w, https:\/\/www.radiopiu.net\/wordpress\/wp-content\/uploads\/2024\/06\/regionale_csi_vallesella_gara-ostacoli_30-giugno-2024.jpeg 2000w\" sizes=\"auto, (max-width: 173px) 100vw, 173px\" \/><\/a>In 350 a Vallesella di Cadore per la seconda prova del Campionato regionale di atletica su pista del Centro sportivo italiano. A organizzare l\u2019evento nella struttura del Centro Cadore, diventata negli anni un riferimento importante per l\u2019atletica non solo bellunese, sono state tre societ\u00e0: l\u2019As Pozzale, As Vodo e Marciatori Calalzo. Una bella sinergia per l\u2019evento ciessino che ha visto la disputa di gare di salto in lungo, salto in alto, getto del peso, giavellotto, 60 ostacoli 200 metri, 400 metri, 600 metri, 800 metri, 1500 metri, 3 mila metri e 5 mila metri.Molto bene si sono comportati gli atleti delle societ\u00e0 di Csi Belluno, capaci di conquistare ben quindici vittorie.<\/p>\n<p><strong>I RISULTATI<\/strong><\/p>\n<p>Vittorie: Leonardo Pivirotto (600 metri Esordienti, Polisportiva Caprioli San Vito); <strong>Ernesto Pison (800 metri Veterani A, Atletica Agordina)<\/strong>; Valdis Frada (800 metri Veterani B, Polisportiva Santa Giustina); Gabriele Del Favero (1500 metri Amatori A, Marciatori Calalzo); Marianna Zandegiacomo Caneva (1500 Allieve, Us Tre Cime Auronzo); Valeria Tormen (1500 metri Amatori A, Marciatori Calalzo); Sabrina Boldrin (1500 Amatori B, Atletica Cortina); Naike Bergamo (1500 metri Seniores, Aquilotti Pelos); Lorenzo Da Rin De Monego (5 mila metri Seniores, Modesto Team); Francesco Bressan (Peso Ragazzi, Polisportiva Santa Giustina); Oscar Specia (Giavellotto Juniores, Astra Quero); Barbara Da Ros (Giavellotto e Alto Amatori B, Atletica Zoldo); Matteo Cesco (Alto Amatori B, Astra Quero); Margherita Bressan (Alto Cadette, Polisportiva Santa Giustina). Secondi posti: Elide Dimai (400 metri Juniores, Atletica Cortina); Hoda Belkarroumia (400 metri Seniores, Astra Quero); Emilie Giazzon (600 metri Esordienti, Polisportiva Santa Giustina); Ivano Marcon (800 metri Veterani A, Atletica Agordina); Dante Passuello (800 metri Veterani B, As Pozzale); Erwin Ronchi (1500 Amatori B, Polisportiva Montereale &#8211; Pordenone); Aur\u00e9lie Sciullintano (1500 metri Amatori A, Polisportiva Santa Giustina); Silvia Giacomelli (1500 Amatori B, Marciatori Calalzo); Beatrice Da Rin De Monego (1500 metri Seniores, Modesto Team); Alessandro Porta (3 mila metri Allievi, Astra Quero); Mattia Scopel (5 mila metri Seniores, Modesto Team); Daniel Tom\u00e8 (Giavellotto Juniores, Astra Quero); Giorgia Resente (Lungo Esordienti, Polisportiva Caprioli); Angelica Balest (Lungo Allieve, Polisportiva Santa Giustina).<\/p>\n<p>&nbsp;<\/p>\n","protected":false},"excerpt":{"rendered":"<p>******* ATTENZIONE: LA NUOVA APP PER IOS-IPHONE di Nicola Vettorello https:\/\/apps.apple.com\/it\/app\/radio-pi%C3%B9-emittente-agordina\/id1515939845 ATTENZIONE: LA NUOVA APP RADIO\u00a0 PER ANDROID di Nicola Vettorello https:\/\/play.google.com\/store\/apps\/details?id=net.radiopiu.iniko\u00a0\u00a0\u00a0 &nbsp; &nbsp; &nbsp; OGGI ALLA RADIO:\u00a0ALLE 6.15 PIROLE DE LENGA, CON IL MUSLA\u00a0\u00a0ALLE 7.20\u00a0EL BAL DEL FIOR, DETTI E TRADIZIONI DI GIULIANA DA RONCH;\u00a0ALLE 8.20\u00a0PIU&#8217; SIAMO ESTATE DI MARINA DONA&#8217;\u00a0 9.00 OGGI COME&hellip;<\/p>\n","protected":false},"author":4,"featured_media":397186,"comment_status":"closed","ping_status":"closed","sticky":false,"template":"","format":"standard","meta":{"_monsterinsights_skip_tracking":false,"_monsterinsights_sitenote_active":false,"_monsterinsights_sitenote_note":"","_monsterinsights_sitenote_category":0,"footnotes":""},"categories":[51,86,49],"tags":[],"class_list":["post-396906","post","type-post","status-publish","format-standard","has-post-thumbnail","hentry","category-evidenza-top","category-gr","category-news-18","category-51","category-86","category-49","description-off"],"img_url":"https:\/\/www.radiopiu.net\/wordpress\/wp-content\/uploads\/2024\/07\/447bff9d-765f-4990-9470-85f2e10780c6.jpg","_links":{"self":[{"href":"https:\/\/www.radiopiu.net\/wordpress\/wp-json\/wp\/v2\/posts\/396906","targetHints":{"allow":["GET"]}}],"collection":[{"href":"https:\/\/www.radiopiu.net\/wordpress\/wp-json\/wp\/v2\/posts"}],"about":[{"href":"https:\/\/www.radiopiu.net\/wordpress\/wp-json\/wp\/v2\/types\/post"}],"author":[{"embeddable":true,"href":"https:\/\/www.radiopiu.net\/wordpress\/wp-json\/wp\/v2\/users\/4"}],"replies":[{"embeddable":true,"href":"https:\/\/www.radiopiu.net\/wordpress\/wp-json\/wp\/v2\/comments?post=396906"}],"version-history":[{"count":0,"href":"https:\/\/www.radiopiu.net\/wordpress\/wp-json\/wp\/v2\/posts\/396906\/revisions"}],"wp:featuredmedia":[{"embeddable":true,"href":"https:\/\/www.radiopiu.net\/wordpress\/wp-json\/wp\/v2\/media\/397186"}],"wp:attachment":[{"href":"https:\/\/www.radiopiu.net\/wordpress\/wp-json\/wp\/v2\/media?parent=396906"}],"wp:term":[{"taxonomy":"category","embeddable":true,"href":"https:\/\/www.radiopiu.net\/wordpress\/wp-json\/wp\/v2\/categories?post=396906"},{"taxonomy":"post_tag","embeddable":true,"href":"https:\/\/www.radiopiu.net\/wordpress\/wp-json\/wp\/v2\/tags?post=396906"}],"curies":[{"name":"wp","href":"https:\/\/api.w.org\/{rel}","templated":true}]}}