{"id":396951,"date":"2024-06-29T10:43:17","date_gmt":"2024-06-29T08:43:17","guid":{"rendered":"https:\/\/www.radiopiu.net\/wordpress\/?p=396951"},"modified":"2024-06-29T10:43:17","modified_gmt":"2024-06-29T08:43:17","slug":"grazie-ai-volontari-che-si-spendono-per-la-crescita-turistica-ed-economica-della-valle","status":"publish","type":"post","link":"https:\/\/www.radiopiu.net\/wordpress\/grazie-ai-volontari-che-si-spendono-per-la-crescita-turistica-ed-economica-della-valle\/","title":{"rendered":"GRAZIE AI VOLONTARI CHE SI SPENDONO PER LA CRESCITA TURISTICA ED ECONOMICA DELLA VALLE"},"content":{"rendered":"<p>**<\/p>\n<p>&nbsp;<\/p>\n<p><strong>CANALE D&#8217;AGORDO<\/strong> Il Gruppo Volontari Sentieri, composto da uomini e donne di Canale d&#8217;Agordo e della Valle del Biois, \u00e8 impegnato da tempo nel miglioramento dei sentieri che collegano la Valle di Gares con quella di San Lucano. Questo percorso, incorniciato dalle maestose Dolomiti, \u00e8 ideale per escursionisti e amanti della bike. Attualmente, i volontari stanno lavorando sulla strada che conduce a Campigat e Val Bona. La comunit\u00e0 e i turisti ringraziano per rendere accessibili queste aree di incomparabile bellezza.<\/p>\n<p>&nbsp;<\/p>\n\n\t\t\t<style type='text\/css'>\n\t\t\t\t#gallery-1 {\n\t\t\t\t\tmargin: auto;\n\t\t\t\t}\n\t\t\t\t#gallery-1 .gallery-item {\n\t\t\t\t\tfloat: left;\n\t\t\t\t\tmargin-top: 10px;\n\t\t\t\t\ttext-align: center;\n\t\t\t\t\twidth: 33%;\n\t\t\t\t}\n\t\t\t\t#gallery-1 img {\n\t\t\t\t\tborder: 2px solid #cfcfcf;\n\t\t\t\t}\n\t\t\t\t#gallery-1 .gallery-caption {\n\t\t\t\t\tmargin-left: 0;\n\t\t\t\t}\n\t\t\t\t\/* see gallery_shortcode() in wp-includes\/media.php *\/\n\t\t\t<\/style>\n\t\t<div id='gallery-1' class='dt-gallery-container gallery galleryid-396951 gallery-columns-3 gallery-size-thumbnail'><dl class='gallery-item'>\n\t\t\t\t<dt class='gallery-icon portrait'>\n\t\t\t\t\t<a class=\"rollover rollover-zoom dt-pswp-item\" title=\"cb74a118-1eab-4c6c-945c-a4616578f095\" data-dt-img-description=\"\" data-large_image_width=\"1200\" data-large_image_height=\"1600\"href='https:\/\/www.radiopiu.net\/wordpress\/wp-content\/uploads\/2024\/06\/cb74a118-1eab-4c6c-945c-a4616578f095.jpg'><img loading=\"lazy\" decoding=\"async\" width=\"150\" height=\"150\" src=\"https:\/\/www.radiopiu.net\/wordpress\/wp-content\/uploads\/2024\/06\/cb74a118-1eab-4c6c-945c-a4616578f095-150x150.jpg\" class=\"attachment-thumbnail size-thumbnail\" alt=\"\" \/><\/a>\n\t\t\t\t<\/dt><\/dl><dl class='gallery-item'>\n\t\t\t\t<dt class='gallery-icon portrait'>\n\t\t\t\t\t<a class=\"rollover rollover-zoom dt-pswp-item\" title=\"0ab70670-4ca9-459a-a2f7-6403840d2e7e\" data-dt-img-description=\"\" data-large_image_width=\"1200\" data-large_image_height=\"1600\"href='https:\/\/www.radiopiu.net\/wordpress\/wp-content\/uploads\/2024\/06\/0ab70670-4ca9-459a-a2f7-6403840d2e7e.jpg'><img loading=\"lazy\" decoding=\"async\" width=\"150\" height=\"150\" src=\"https:\/\/www.radiopiu.net\/wordpress\/wp-content\/uploads\/2024\/06\/0ab70670-4ca9-459a-a2f7-6403840d2e7e-150x150.jpg\" class=\"attachment-thumbnail size-thumbnail\" alt=\"\" \/><\/a>\n\t\t\t\t<\/dt><\/dl><dl class='gallery-item'>\n\t\t\t\t<dt class='gallery-icon portrait'>\n\t\t\t\t\t<a class=\"rollover rollover-zoom dt-pswp-item\" title=\"296c6b7c-9e04-460c-b77e-fc3544afba24\" data-dt-img-description=\"\" data-large_image_width=\"1200\" data-large_image_height=\"1600\"href='https:\/\/www.radiopiu.net\/wordpress\/wp-content\/uploads\/2024\/06\/296c6b7c-9e04-460c-b77e-fc3544afba24.jpg'><img loading=\"lazy\" decoding=\"async\" width=\"150\" height=\"150\" src=\"https:\/\/www.radiopiu.net\/wordpress\/wp-content\/uploads\/2024\/06\/296c6b7c-9e04-460c-b77e-fc3544afba24-150x150.jpg\" class=\"attachment-thumbnail size-thumbnail\" alt=\"\" \/><\/a>\n\t\t\t\t<\/dt><\/dl><br style=\"clear: both\" \/>\n\t\t\t<\/div>\n\n<p>&nbsp;<\/p>\n<p><strong>DILLO A RADIO PIU&#8217;&#8230;.<\/strong>I Volontari Sentieri di Canale d&#8217;Agordo al Lavoro per la Comunit\u00e0<\/p>\n<p><em>Grazie, per il vostro impegno, per il tempo che dedicate senza nulla chiedere alla comunit\u00e0 e in ricaduta anche a noi operatori turistici. Grazie per il vostro lavoro che render\u00e0 la nostra vallata ancora pi\u00f9 appetibile al turista tanto italiano che straniero.<\/em><\/p>\n<p>CD<\/p>\n<p>&nbsp;<\/p>\n<p>&nbsp;<\/p>\n<hr \/>\n<p>&nbsp;<\/p>\n","protected":false},"excerpt":{"rendered":"<p>** &nbsp; CANALE D&#8217;AGORDO Il Gruppo Volontari Sentieri, composto da uomini e donne di Canale d&#8217;Agordo e della Valle del Biois, \u00e8 impegnato da tempo nel miglioramento dei sentieri che collegano la Valle di Gares con quella di San Lucano. Questo percorso, incorniciato dalle maestose Dolomiti, \u00e8 ideale per escursionisti e amanti della bike. Attualmente,&hellip;<\/p>\n","protected":false},"author":4,"featured_media":396955,"comment_status":"closed","ping_status":"closed","sticky":false,"template":"","format":"standard","meta":{"_monsterinsights_skip_tracking":false,"_monsterinsights_sitenote_active":false,"_monsterinsights_sitenote_note":"","_monsterinsights_sitenote_category":0,"footnotes":""},"categories":[49],"tags":[],"class_list":["post-396951","post","type-post","status-publish","format-standard","has-post-thumbnail","hentry","category-news-18","category-49","description-off"],"img_url":"https:\/\/www.radiopiu.net\/wordpress\/wp-content\/uploads\/2024\/06\/Senza-nome-86.png","_links":{"self":[{"href":"https:\/\/www.radiopiu.net\/wordpress\/wp-json\/wp\/v2\/posts\/396951","targetHints":{"allow":["GET"]}}],"collection":[{"href":"https:\/\/www.radiopiu.net\/wordpress\/wp-json\/wp\/v2\/posts"}],"about":[{"href":"https:\/\/www.radiopiu.net\/wordpress\/wp-json\/wp\/v2\/types\/post"}],"author":[{"embeddable":true,"href":"https:\/\/www.radiopiu.net\/wordpress\/wp-json\/wp\/v2\/users\/4"}],"replies":[{"embeddable":true,"href":"https:\/\/www.radiopiu.net\/wordpress\/wp-json\/wp\/v2\/comments?post=396951"}],"version-history":[{"count":0,"href":"https:\/\/www.radiopiu.net\/wordpress\/wp-json\/wp\/v2\/posts\/396951\/revisions"}],"wp:featuredmedia":[{"embeddable":true,"href":"https:\/\/www.radiopiu.net\/wordpress\/wp-json\/wp\/v2\/media\/396955"}],"wp:attachment":[{"href":"https:\/\/www.radiopiu.net\/wordpress\/wp-json\/wp\/v2\/media?parent=396951"}],"wp:term":[{"taxonomy":"category","embeddable":true,"href":"https:\/\/www.radiopiu.net\/wordpress\/wp-json\/wp\/v2\/categories?post=396951"},{"taxonomy":"post_tag","embeddable":true,"href":"https:\/\/www.radiopiu.net\/wordpress\/wp-json\/wp\/v2\/tags?post=396951"}],"curies":[{"name":"wp","href":"https:\/\/api.w.org\/{rel}","templated":true}]}}