{"id":396960,"date":"2024-06-29T21:51:57","date_gmt":"2024-06-29T19:51:57","guid":{"rendered":"https:\/\/www.radiopiu.net\/wordpress\/?p=396960"},"modified":"2024-06-29T21:51:57","modified_gmt":"2024-06-29T19:51:57","slug":"padre-e-figlia-recuperati-sul-sass-de-rocia","status":"publish","type":"post","link":"https:\/\/www.radiopiu.net\/wordpress\/padre-e-figlia-recuperati-sul-sass-de-rocia\/","title":{"rendered":"PADRE E FIGLIA RECUPERATI SUL SASS DE ROCIA"},"content":{"rendered":"<p>******<\/p>\n<p>&nbsp;<\/p>\n<p><strong>ROCCA PIETORE<\/strong> Si \u00e8 concluso verso le 20.30 il difficile intervento per recuperare un uomo di 52 anni e la figlia di 10 di Pordenone, scivolati per 30 metri all&#8217;interno di una stretta cavit\u00e0 sul Sass de Rocia. A lanciare l&#8217;allarme verso le 16.10 dei ragazzi, che si erano mobilitati sentendo i familiari preoccupati perch\u00e9 il pap\u00e0 \u00e8 la bimba tardavano, e che hanno per caso sentito le grida di aiuto provenire dalla gola, larga dai 40 ai 10 centimetri. Da una prima ricostruzione i due stavano passeggiando dietro il Bivacco Pian delle Stelle, quando la bambina \u00e8 scivolata, cadendo in profondit\u00e0, e il padre \u00e8 a sua volta finito all&#8217;interno nel tentativo di aiutarla. Sul posto casualmente due soccorritori, che hanno cercato di aiutare il tecnico di elisoccorso, sbarcato dall&#8217;elicottero del Suem di Pieve di Cadore nelle vicinanze e subito calatosi, mentre sopraggiungeva una squadra del Soccorso alpino della Val Pettorina. La bambina, con sospetto trauma cranico e un taglio sul volto, \u00e8 stata riportata in superficie per prima &#8211; sollevata assieme al tecnico con sistema di paranchi verso l&#8217;esterno &#8211; imbarcata e trasportata all&#8217;ospedale di Treviso. Poich\u00e9 era impossibile avvicinarsi all&#8217;uomo, incastrato in fondo alla gola in una strettoia con un masso vicino, \u00e8 stato chiesto l&#8217;intervento degli speleologi della Stazione Veneto Orientale, trasportati sul luogo in elicottero. Con una serie di manovre tecniche, dopo un paio di ore, i soccorritori sono riusciti a portarlo fuori. Lamentava dolori alla schiena e alle gambe. Dopo aver ricevuto le prime cure urgenti, con un sospetto politrauma \u00e8 stato portato all&#8217;ospedale di Belluno.<\/p>\n\n\t\t\t<style type='text\/css'>\n\t\t\t\t#gallery-1 {\n\t\t\t\t\tmargin: auto;\n\t\t\t\t}\n\t\t\t\t#gallery-1 .gallery-item {\n\t\t\t\t\tfloat: left;\n\t\t\t\t\tmargin-top: 10px;\n\t\t\t\t\ttext-align: center;\n\t\t\t\t\twidth: 50%;\n\t\t\t\t}\n\t\t\t\t#gallery-1 img {\n\t\t\t\t\tborder: 2px solid #cfcfcf;\n\t\t\t\t}\n\t\t\t\t#gallery-1 .gallery-caption {\n\t\t\t\t\tmargin-left: 0;\n\t\t\t\t}\n\t\t\t\t\/* see gallery_shortcode() in wp-includes\/media.php *\/\n\t\t\t<\/style>\n\t\t<div id='gallery-1' class='dt-gallery-container gallery galleryid-396960 gallery-columns-2 gallery-size-medium'><dl class='gallery-item'>\n\t\t\t\t<dt class='gallery-icon landscape'>\n\t\t\t\t\t<a class=\"rollover rollover-zoom dt-pswp-item\" title=\"Unknown\" data-dt-img-description=\"\" data-large_image_width=\"2364\" data-large_image_height=\"1773\"href='https:\/\/www.radiopiu.net\/wordpress\/wp-content\/uploads\/2024\/06\/Unknown-1.jpeg'><img loading=\"lazy\" decoding=\"async\" width=\"300\" height=\"225\" src=\"https:\/\/www.radiopiu.net\/wordpress\/wp-content\/uploads\/2024\/06\/Unknown-1-300x225.jpeg\" class=\"attachment-medium size-medium\" alt=\"\" srcset=\"https:\/\/www.radiopiu.net\/wordpress\/wp-content\/uploads\/2024\/06\/Unknown-1-300x225.jpeg 300w, https:\/\/www.radiopiu.net\/wordpress\/wp-content\/uploads\/2024\/06\/Unknown-1-1024x768.jpeg 1024w, https:\/\/www.radiopiu.net\/wordpress\/wp-content\/uploads\/2024\/06\/Unknown-1-768x576.jpeg 768w, https:\/\/www.radiopiu.net\/wordpress\/wp-content\/uploads\/2024\/06\/Unknown-1-1536x1152.jpeg 1536w, https:\/\/www.radiopiu.net\/wordpress\/wp-content\/uploads\/2024\/06\/Unknown-1-2048x1536.jpeg 2048w\" sizes=\"auto, (max-width: 300px) 100vw, 300px\" \/><\/a>\n\t\t\t\t<\/dt><\/dl><dl class='gallery-item'>\n\t\t\t\t<dt class='gallery-icon portrait'>\n\t\t\t\t\t<a class=\"rollover rollover-zoom dt-pswp-item\" title=\"Watermark_20240629_211246_125\" data-dt-img-description=\"\" data-large_image_width=\"1773\" data-large_image_height=\"2364\"href='https:\/\/www.radiopiu.net\/wordpress\/wp-content\/uploads\/2024\/06\/Watermark_20240629_211246_125.jpg'><img loading=\"lazy\" decoding=\"async\" width=\"225\" height=\"300\" src=\"https:\/\/www.radiopiu.net\/wordpress\/wp-content\/uploads\/2024\/06\/Watermark_20240629_211246_125-225x300.jpg\" class=\"attachment-medium size-medium\" alt=\"\" srcset=\"https:\/\/www.radiopiu.net\/wordpress\/wp-content\/uploads\/2024\/06\/Watermark_20240629_211246_125-225x300.jpg 225w, https:\/\/www.radiopiu.net\/wordpress\/wp-content\/uploads\/2024\/06\/Watermark_20240629_211246_125-768x1024.jpg 768w, https:\/\/www.radiopiu.net\/wordpress\/wp-content\/uploads\/2024\/06\/Watermark_20240629_211246_125-1152x1536.jpg 1152w, https:\/\/www.radiopiu.net\/wordpress\/wp-content\/uploads\/2024\/06\/Watermark_20240629_211246_125-1536x2048.jpg 1536w, https:\/\/www.radiopiu.net\/wordpress\/wp-content\/uploads\/2024\/06\/Watermark_20240629_211246_125.jpg 1773w\" sizes=\"auto, (max-width: 225px) 100vw, 225px\" \/><\/a>\n\t\t\t\t<\/dt><\/dl><br style=\"clear: both\" \/>\n\t\t\t<\/div>\n\n<p>&nbsp;<\/p>\n<p>&nbsp;<\/p>\n<p>*******<\/p>\n","protected":false},"excerpt":{"rendered":"<p>****** &nbsp; ROCCA PIETORE Si \u00e8 concluso verso le 20.30 il difficile intervento per recuperare un uomo di 52 anni e la figlia di 10 di Pordenone, scivolati per 30 metri all&#8217;interno di una stretta cavit\u00e0 sul Sass de Rocia. A lanciare l&#8217;allarme verso le 16.10 dei ragazzi, che si erano mobilitati sentendo i familiari&hellip;<\/p>\n","protected":false},"author":4,"featured_media":396961,"comment_status":"closed","ping_status":"closed","sticky":false,"template":"","format":"standard","meta":{"_monsterinsights_skip_tracking":false,"_monsterinsights_sitenote_active":false,"_monsterinsights_sitenote_note":"","_monsterinsights_sitenote_category":0,"footnotes":""},"categories":[49],"tags":[],"class_list":["post-396960","post","type-post","status-publish","format-standard","has-post-thumbnail","hentry","category-news-18","category-49","description-off"],"img_url":"https:\/\/www.radiopiu.net\/wordpress\/wp-content\/uploads\/2024\/06\/Unknown-1.jpeg","_links":{"self":[{"href":"https:\/\/www.radiopiu.net\/wordpress\/wp-json\/wp\/v2\/posts\/396960","targetHints":{"allow":["GET"]}}],"collection":[{"href":"https:\/\/www.radiopiu.net\/wordpress\/wp-json\/wp\/v2\/posts"}],"about":[{"href":"https:\/\/www.radiopiu.net\/wordpress\/wp-json\/wp\/v2\/types\/post"}],"author":[{"embeddable":true,"href":"https:\/\/www.radiopiu.net\/wordpress\/wp-json\/wp\/v2\/users\/4"}],"replies":[{"embeddable":true,"href":"https:\/\/www.radiopiu.net\/wordpress\/wp-json\/wp\/v2\/comments?post=396960"}],"version-history":[{"count":0,"href":"https:\/\/www.radiopiu.net\/wordpress\/wp-json\/wp\/v2\/posts\/396960\/revisions"}],"wp:featuredmedia":[{"embeddable":true,"href":"https:\/\/www.radiopiu.net\/wordpress\/wp-json\/wp\/v2\/media\/396961"}],"wp:attachment":[{"href":"https:\/\/www.radiopiu.net\/wordpress\/wp-json\/wp\/v2\/media?parent=396960"}],"wp:term":[{"taxonomy":"category","embeddable":true,"href":"https:\/\/www.radiopiu.net\/wordpress\/wp-json\/wp\/v2\/categories?post=396960"},{"taxonomy":"post_tag","embeddable":true,"href":"https:\/\/www.radiopiu.net\/wordpress\/wp-json\/wp\/v2\/tags?post=396960"}],"curies":[{"name":"wp","href":"https:\/\/api.w.org\/{rel}","templated":true}]}}