{"id":397077,"date":"2024-07-01T13:30:52","date_gmt":"2024-07-01T11:30:52","guid":{"rendered":"https:\/\/www.radiopiu.net\/wordpress\/?p=397077"},"modified":"2024-06-30T12:58:30","modified_gmt":"2024-06-30T10:58:30","slug":"i-racconti-di-paolo-soppelsa-puntata-231-2","status":"publish","type":"post","link":"https:\/\/www.radiopiu.net\/wordpress\/i-racconti-di-paolo-soppelsa-puntata-231-2\/","title":{"rendered":"I RACCONTI DI PAOLO SOPPELSA &#8211; PUNTATA 231"},"content":{"rendered":"<p>******<\/p>\n<p>&nbsp;<\/p>\n<p><strong>RITORNO A VALLE IMPERINA <\/strong><\/p>\n<p><strong>AUDIO<\/strong><\/p>\n<audio class=\"wp-audio-shortcode\" id=\"audio-397077-1\" preload=\"none\" style=\"width: 100%;\" controls=\"controls\"><source type=\"audio\/mpeg\" src=\"https:\/\/www.radiopiu.net\/wordpress\/wp-content\/uploads\/2024\/06\/PAOLOS-4.mp3?_=1\" \/><a href=\"https:\/\/www.radiopiu.net\/wordpress\/wp-content\/uploads\/2024\/06\/PAOLOS-4.mp3\">https:\/\/www.radiopiu.net\/wordpress\/wp-content\/uploads\/2024\/06\/PAOLOS-4.mp3<\/a><\/audio>\n<p>&nbsp;<\/p>\n<p><a class=\"dt-pswp-item\" href=\"https:\/\/www.radiopiu.net\/wordpress\/wp-content\/uploads\/2024\/06\/6f269d2c-1d55-4028-9a29-64eb1103e10a.jpg\" data-dt-img-description=\"\" data-large_image_width=\"1600\" data-large_image_height=\"1200\"><img loading=\"lazy\" decoding=\"async\" class=\" wp-image-397078 alignleft\" src=\"https:\/\/www.radiopiu.net\/wordpress\/wp-content\/uploads\/2024\/06\/6f269d2c-1d55-4028-9a29-64eb1103e10a-300x225.jpg\" alt=\"\" width=\"179\" height=\"134\" srcset=\"https:\/\/www.radiopiu.net\/wordpress\/wp-content\/uploads\/2024\/06\/6f269d2c-1d55-4028-9a29-64eb1103e10a-300x225.jpg 300w, https:\/\/www.radiopiu.net\/wordpress\/wp-content\/uploads\/2024\/06\/6f269d2c-1d55-4028-9a29-64eb1103e10a-1024x768.jpg 1024w, https:\/\/www.radiopiu.net\/wordpress\/wp-content\/uploads\/2024\/06\/6f269d2c-1d55-4028-9a29-64eb1103e10a-768x576.jpg 768w, https:\/\/www.radiopiu.net\/wordpress\/wp-content\/uploads\/2024\/06\/6f269d2c-1d55-4028-9a29-64eb1103e10a-1536x1152.jpg 1536w, https:\/\/www.radiopiu.net\/wordpress\/wp-content\/uploads\/2024\/06\/6f269d2c-1d55-4028-9a29-64eb1103e10a.jpg 1600w\" sizes=\"auto, (max-width: 179px) 100vw, 179px\" \/><\/a>Com&#8217;era cambiata la valle rispetto a quel giorno di maggio di tre anni fa in cui mi ero inoltrato lungo la strada sterrata che conduce nel cuore di Valle Imperina. In quel pomeriggio di leggera pioviggine non c&#8217;era nessuno ad ascoltare il canto d&#8217;acqua del torrente che scorre fra le pietre color ruggine. A quel tempo la vegetazione sembrava voler ingoiare quel luogo di fatiche e storia, la strada era stanca, un ponte era malmesso e l&#8217;atmosfera, complice il grigiore che avvolgeva la valle in quel giorno umido, era malinconica. Tre anni pi\u00f9 tardi, invece, c&#8217;era uno sprazzo di sole e un bel gruppo di persone pronte ad iniziare il percorso che le avrebbe condotte nel cuore della valle. Io ero l\u00ec, insieme a loro, a vivere finalmente un momento importante che attendevo da lungo tempo. Ero bambino quando durante il perenne peregrinare lungo la Strada Madre, giunti all&#8217;altezza delle Miniere mi incollavo al finestrino per ammirare quel villaggio fantasma situato aldil\u00e0 del Cordevole. Avevo vissuto gli ultimi anni dell\u2019oblio calato su quegli edifici che anno dopo anno si disfacevano sempre pi\u00f9, poi avevo seguito la rinascita e infine i nuovi silenzi che erano scesi su questo antico villaggio di minatori. Ora quei silenzi erano scemati e per me era giunto il tempo di aggiungere un ulteriore tassello a questa storia che mi lega a questo luogo storico. Circa venti minuti di cammino mi separavano dall&#8217;ingresso della galleria Santa Barbara, venti minuti trascorsi camminando in leggera salita fino a raggiungere il portale di questo antico accesso alla miniera. Dopo avere indossato la mantellina e il caschetto ecco il varcare la soglia della galleria; pietre incastrate ad arte che hanno resistito ai secoli permettono di percorrere i primi metri, poi \u00e8 nuda roccia scura illuminata dalle lampade elettriche. Un mondo umido sul cui fondo scorre un rigagnolo d&#8217;acqua, un mondo antico che trasuda fatica. Qualche goccia d&#8217;acqua che scende lungo le pareti, le voci amplificate e poi la scala di pietra che ci riporta all&#8217;esterno. Ho pensato all&#8217;uscita dei minatori dopo lunghe ore di lavoro, ho immaginato i loro occhi che faticavano ad affrontare la luce del sole, il loro momentaneo sollievo provato nell&#8217;attimo in cui abbandonavano momentaneamente quel luogo di fatica e pericoli. Poi un altro tratto di strada sterrata fino a raggiungere il Pozzo Capitale. Una scala in ferro ci conduce qualche metro sotto il piano stradale e ci permette di entrare nella galleria Fusinella. Incute soggezione questa galleria dalla cui volta scende parecchia acqua. \u00c8 stretta ma non molto lunga, e a circa met\u00e0 percorso una breve deviazione ci permette di visitare il Pozzo Capitale. \u00c8 un affacciarsi su di un baratro oscuro che attrae e spaventa allo stesso tempo. Sul fondo si intravede dell&#8217;acqua e questa visione inquieta e induce a riflettere in merito alla vita vissuta da quegli uomini coraggiosi che si calavano nelle viscere di questa terra agordina. Pochi minuti dopo aver guadagnato l&#8217;uscita mi ritrovo a attraversare il torrente Imperina fino a raggiungere l&#8217;ingresso della galleria Magni, la pi\u00f9 recente, quella che conduce al Pozzo Donegani. Si cammina bene lungo l\u2019ampia galleria rivestita in cemento, e in breve raggiungo il grande antro in cui erano presenti gli ascensori. In questo tempio consacrato alla fatica si pu\u00f2 notare come la roccia, apparentemente immobile sia in realt\u00e0 viva, e ci\u00f2 \u00e8 testimoniato dalle massicce putrelle in ferro posate a rinforzo della volta che si mostrano piegate da una forza immane che impressiona. Ritornati al villaggio, un&#8217;ultima importante sosta per visitare i Forni Fusori situati all&#8217;interno di un edificio carico di storia, custode di memorie che inducono a riflessioni accompagnate dal canto del torrente che scorre nei pressi. Mentre mi apprestavo a lasciare le Miniere osservavo quelle possenti mura tirate s\u00f9 con sapienza e fatica e pensavo a quelle vite consumate in galleria, e in quegli attimi mi sono venute in mente le parole di uno struggente canto di montagna dedicato ai minatori;<br \/>\n&#8220;&#8230;Oh Santa Barbara<br \/>\nprega pei minatori<br \/>\nsempre in periglio<br \/>\ndella lor vita\u2026&#8221;<\/p>\n<p>&nbsp;<\/p>\n<p>&nbsp;<\/p>\n<p>********<\/p>\n","protected":false},"excerpt":{"rendered":"<p>****** &nbsp; RITORNO A VALLE IMPERINA AUDIO &nbsp; Com&#8217;era cambiata la valle rispetto a quel giorno di maggio di tre anni fa in cui mi ero inoltrato lungo la strada sterrata che conduce nel cuore di Valle Imperina. In quel pomeriggio di leggera pioviggine non c&#8217;era nessuno ad ascoltare il canto d&#8217;acqua del torrente che&hellip;<\/p>\n","protected":false},"author":4,"featured_media":397078,"comment_status":"closed","ping_status":"closed","sticky":false,"template":"","format":"standard","meta":{"_monsterinsights_skip_tracking":false,"_monsterinsights_sitenote_active":false,"_monsterinsights_sitenote_note":"","_monsterinsights_sitenote_category":0,"footnotes":""},"categories":[49,112],"tags":[],"class_list":["post-397077","post","type-post","status-publish","format-standard","has-post-thumbnail","hentry","category-news-18","category-racconti-soppelsa","category-49","category-112","description-off"],"img_url":"https:\/\/www.radiopiu.net\/wordpress\/wp-content\/uploads\/2024\/06\/6f269d2c-1d55-4028-9a29-64eb1103e10a.jpg","_links":{"self":[{"href":"https:\/\/www.radiopiu.net\/wordpress\/wp-json\/wp\/v2\/posts\/397077","targetHints":{"allow":["GET"]}}],"collection":[{"href":"https:\/\/www.radiopiu.net\/wordpress\/wp-json\/wp\/v2\/posts"}],"about":[{"href":"https:\/\/www.radiopiu.net\/wordpress\/wp-json\/wp\/v2\/types\/post"}],"author":[{"embeddable":true,"href":"https:\/\/www.radiopiu.net\/wordpress\/wp-json\/wp\/v2\/users\/4"}],"replies":[{"embeddable":true,"href":"https:\/\/www.radiopiu.net\/wordpress\/wp-json\/wp\/v2\/comments?post=397077"}],"version-history":[{"count":0,"href":"https:\/\/www.radiopiu.net\/wordpress\/wp-json\/wp\/v2\/posts\/397077\/revisions"}],"wp:featuredmedia":[{"embeddable":true,"href":"https:\/\/www.radiopiu.net\/wordpress\/wp-json\/wp\/v2\/media\/397078"}],"wp:attachment":[{"href":"https:\/\/www.radiopiu.net\/wordpress\/wp-json\/wp\/v2\/media?parent=397077"}],"wp:term":[{"taxonomy":"category","embeddable":true,"href":"https:\/\/www.radiopiu.net\/wordpress\/wp-json\/wp\/v2\/categories?post=397077"},{"taxonomy":"post_tag","embeddable":true,"href":"https:\/\/www.radiopiu.net\/wordpress\/wp-json\/wp\/v2\/tags?post=397077"}],"curies":[{"name":"wp","href":"https:\/\/api.w.org\/{rel}","templated":true}]}}