{"id":397093,"date":"2024-07-01T05:35:02","date_gmt":"2024-07-01T03:35:02","guid":{"rendered":"https:\/\/www.radiopiu.net\/wordpress\/?p=397093"},"modified":"2024-07-01T05:44:45","modified_gmt":"2024-07-01T03:44:45","slug":"incidente-aoto","status":"publish","type":"post","link":"https:\/\/www.radiopiu.net\/wordpress\/incidente-aoto\/","title":{"rendered":"Motociclista di Arsi\u00e8 in Gravi Condizioni Dopo Scontro"},"content":{"rendered":"<p>*****<\/p>\n<h3 class=\"entry-title\"><a href=\"https:\/\/www.radiopiu.net\/wordpress\/wp-content\/uploads\/2024\/07\/164720265-2220acd8-f90c-418d-b322-f5603a458b17.webp\"><img loading=\"lazy\" decoding=\"async\" class=\"wp-image-397187 alignleft\" src=\"https:\/\/www.radiopiu.net\/wordpress\/wp-content\/uploads\/2024\/07\/164720265-2220acd8-f90c-418d-b322-f5603a458b17-300x169.webp\" alt=\"\" width=\"211\" height=\"119\" srcset=\"https:\/\/www.radiopiu.net\/wordpress\/wp-content\/uploads\/2024\/07\/164720265-2220acd8-f90c-418d-b322-f5603a458b17-300x169.webp 300w, https:\/\/www.radiopiu.net\/wordpress\/wp-content\/uploads\/2024\/07\/164720265-2220acd8-f90c-418d-b322-f5603a458b17-768x432.webp 768w, https:\/\/www.radiopiu.net\/wordpress\/wp-content\/uploads\/2024\/07\/164720265-2220acd8-f90c-418d-b322-f5603a458b17.webp 800w\" sizes=\"auto, (max-width: 211px) 100vw, 211px\" \/><\/a><\/h3>\n<p><strong>FELTRE<\/strong> Un motociclista di Arsi\u00e8, M.Z. di 32 anni, \u00e8 stato ricoverato in gravi condizioni al Ca&#8217; Foncello di Treviso dopo uno scontro con una Fiat 500L al Casonetto. L&#8217;incidente \u00e8 avvenuto sulla statale 50 quando l&#8217;auto, svoltando a sinistra, ha tagliato la strada alla motocicletta. Il motociclista, stabilizzato e trasportato d&#8217;urgenza con l&#8217;elicottero del Suem, \u00e8 stato operato per le lesioni riportate. La circolazione sulla statale \u00e8 rimasta bloccata per oltre un&#8217;ora.<\/p>\n<p><strong>FELTRE<\/strong> Traffico bloccato in localit\u00e0 Casonetto a Feltre dove un&#8217;auto ed una moto sono entrate in collisione. Ad avere la peggio il centauro, un 32enne di Arsi\u00e8, che \u00e8 stato elitrasportato all&#8217;ospedale di Treviso con ferite gravi. Il traffico \u00e8 rimasto bloccato per pi\u00f9 di un&#8217;ora per consentire ai sanitari di prestare le prime cure e alle forze dell&#8217;ordine di effettuare i rilievi di legge.<\/p>\n<p>&nbsp;<\/p>\n<p>&nbsp;<\/p>\n<p>******<\/p>\n","protected":false},"excerpt":{"rendered":"<p>***** FELTRE Un motociclista di Arsi\u00e8, M.Z. di 32 anni, \u00e8 stato ricoverato in gravi condizioni al Ca&#8217; Foncello di Treviso dopo uno scontro con una Fiat 500L al Casonetto. L&#8217;incidente \u00e8 avvenuto sulla statale 50 quando l&#8217;auto, svoltando a sinistra, ha tagliato la strada alla motocicletta. Il motociclista, stabilizzato e trasportato d&#8217;urgenza con l&#8217;elicottero&hellip;<\/p>\n","protected":false},"author":4,"featured_media":397187,"comment_status":"closed","ping_status":"closed","sticky":false,"template":"","format":"standard","meta":{"_monsterinsights_skip_tracking":false,"_monsterinsights_sitenote_active":false,"_monsterinsights_sitenote_note":"","_monsterinsights_sitenote_category":0,"footnotes":""},"categories":[51,49],"tags":[],"class_list":["post-397093","post","type-post","status-publish","format-standard","has-post-thumbnail","hentry","category-evidenza-top","category-news-18","category-51","category-49","description-off"],"img_url":"https:\/\/www.radiopiu.net\/wordpress\/wp-content\/uploads\/2024\/07\/164720265-2220acd8-f90c-418d-b322-f5603a458b17.webp","_links":{"self":[{"href":"https:\/\/www.radiopiu.net\/wordpress\/wp-json\/wp\/v2\/posts\/397093","targetHints":{"allow":["GET"]}}],"collection":[{"href":"https:\/\/www.radiopiu.net\/wordpress\/wp-json\/wp\/v2\/posts"}],"about":[{"href":"https:\/\/www.radiopiu.net\/wordpress\/wp-json\/wp\/v2\/types\/post"}],"author":[{"embeddable":true,"href":"https:\/\/www.radiopiu.net\/wordpress\/wp-json\/wp\/v2\/users\/4"}],"replies":[{"embeddable":true,"href":"https:\/\/www.radiopiu.net\/wordpress\/wp-json\/wp\/v2\/comments?post=397093"}],"version-history":[{"count":0,"href":"https:\/\/www.radiopiu.net\/wordpress\/wp-json\/wp\/v2\/posts\/397093\/revisions"}],"wp:featuredmedia":[{"embeddable":true,"href":"https:\/\/www.radiopiu.net\/wordpress\/wp-json\/wp\/v2\/media\/397187"}],"wp:attachment":[{"href":"https:\/\/www.radiopiu.net\/wordpress\/wp-json\/wp\/v2\/media?parent=397093"}],"wp:term":[{"taxonomy":"category","embeddable":true,"href":"https:\/\/www.radiopiu.net\/wordpress\/wp-json\/wp\/v2\/categories?post=397093"},{"taxonomy":"post_tag","embeddable":true,"href":"https:\/\/www.radiopiu.net\/wordpress\/wp-json\/wp\/v2\/tags?post=397093"}],"curies":[{"name":"wp","href":"https:\/\/api.w.org\/{rel}","templated":true}]}}