{"id":397144,"date":"2024-07-02T05:43:54","date_gmt":"2024-07-02T03:43:54","guid":{"rendered":"https:\/\/www.radiopiu.net\/wordpress\/?p=397144"},"modified":"2024-07-02T08:49:06","modified_gmt":"2024-07-02T06:49:06","slug":"giornale-radiopiu-02-luglio-2024-direttore-mirko-mezzacasada-41-anni-25-giugno-1983-25-giugno-2024","status":"publish","type":"post","link":"https:\/\/www.radiopiu.net\/wordpress\/giornale-radiopiu-02-luglio-2024-direttore-mirko-mezzacasada-41-anni-25-giugno-1983-25-giugno-2024\/","title":{"rendered":"GIORNALE RADIOPIU 02 LUGLIO 2024 DIRETTORE MIRKO MEZZACASA\u2026DA 41 ANNI 25 GIUGNO 1983-25 GIUGNO 2024"},"content":{"rendered":"<p>*******<\/p>\n<p>&nbsp;<\/p>\n<h1>ultim&#8217;ora SASSO SULLA STRADA DI CAMPAGNA ore 06.00 chat viabilita&#8217; provincia belluno<\/h1>\n<p><strong>TAIBON<\/strong> Grandi lavori in localit\u00e0 campagna sulla\u00a0 strada che collega il paese con Agordo e la sua zona industriale. Grandi lavori a valle per convogliare le acque. Ed a monte? Scende l&#8217;acqua, per ora rimane imbrigliata&#8230; ma cadono i sassi. Pericolo scampato, come si dice&#8230;\u00e8 andata bene ancora una volta.<\/p>\n<p><a class=\"dt-pswp-item\" href=\"https:\/\/www.radiopiu.net\/wordpress\/wp-content\/uploads\/2024\/07\/sss.jpg\" data-dt-img-description=\"\" data-large_image_width=\"1024\" data-large_image_height=\"1280\"><img loading=\"lazy\" decoding=\"async\" class=\"size-medium wp-image-397412 aligncenter\" src=\"https:\/\/www.radiopiu.net\/wordpress\/wp-content\/uploads\/2024\/07\/sss-240x300.jpg\" alt=\"\" width=\"240\" height=\"300\" srcset=\"https:\/\/www.radiopiu.net\/wordpress\/wp-content\/uploads\/2024\/07\/sss-240x300.jpg 240w, https:\/\/www.radiopiu.net\/wordpress\/wp-content\/uploads\/2024\/07\/sss-819x1024.jpg 819w, https:\/\/www.radiopiu.net\/wordpress\/wp-content\/uploads\/2024\/07\/sss-768x960.jpg 768w, https:\/\/www.radiopiu.net\/wordpress\/wp-content\/uploads\/2024\/07\/sss.jpg 1024w\" sizes=\"auto, (max-width: 240px) 100vw, 240px\" \/><\/a><\/p>\n<p>&nbsp;<\/p>\n<h1><img loading=\"lazy\" decoding=\"async\" class=\"alignleft\" src=\"https:\/\/www.radiopiu.net\/wordpress\/wp-content\/uploads\/2023\/12\/ALLEGHE.jpg\" width=\"286\" height=\"161\" \/>ULTIM&#8217;ORA 7.00<\/h1>\n<h2>STAGIONE TURISTICA AD ALLEGHE, TRA DISSERVIZI IDRICI, TELEFONICI E SEMAFORI<\/h2>\n<p><strong>ALLEGHE<\/strong> Ci mancava solo il disservizio di GSP dopo quelli telefonici, per non parlare dei semafori disseminati tra Masar\u00e8 e l&#8217;Alto Cordevole. Preoccupazione tra gli operatori turistici stamane rimasti a secco, senz&#8217;acqua da Coldemies in gi\u00f9, Oggi \u00e8 anche giorno di\u00a0 mercato<\/p>\n<p>&nbsp;<\/p>\n<p>&nbsp;<\/p>\n<p>&nbsp;<\/p>\n<p><em><span style=\"color: #ff0000;\">ATTENZIONE: LA NUOVA APP PER IOS-IPHONE di Nicola Vettorello <\/span><\/em><a href=\"https:\/\/apps.apple.com\/it\/app\/radio-pi%C3%B9-emittente-agordina\/id1515939845\">https:\/\/apps.apple.com\/it\/app\/radio-pi%C3%B9-emittente-agordina\/id1515939845<\/a><\/p>\n<p><em style=\"color: #ff0000;\">ATTENZIONE: LA NUOVA APP RADIO\u00a0 PER ANDROID di Nicola Vettorello<\/em><\/p>\n<p><a href=\"https:\/\/play.google.com\/store\/apps\/details?id=net.radiopiu.iniko\" target=\"_blank\" rel=\"noopener noreferrer\">https:\/\/play.google.com\/store\/apps\/details?id=net.radiopiu.iniko\u00a0\u00a0\u00a0<\/a><\/p>\n<p>&nbsp;<\/p>\n<p>&nbsp;<\/p>\n<hr \/>\n<p>&nbsp;<\/p>\n<p><strong class=\"photoswipe-wrapper\"><span style=\"color: #ff0000;\"><a class=\"dt-pswp-item\" href=\"https:\/\/www.radiopiu.net\/wordpress\/wp-content\/uploads\/2024\/06\/WhatsApp-Image-2024-06-30-at-07.48.37-24.jpeg\" data-dt-img-description=\"\" data-large_image_width=\"750\" data-large_image_height=\"1209\"><img loading=\"lazy\" decoding=\"async\" class=\" wp-image-396973 alignleft\" src=\"https:\/\/www.radiopiu.net\/wordpress\/wp-content\/uploads\/2024\/06\/WhatsApp-Image-2024-06-30-at-07.48.37-24-186x300.jpeg\" alt=\"\" width=\"158\" height=\"255\" srcset=\"https:\/\/www.radiopiu.net\/wordpress\/wp-content\/uploads\/2024\/06\/WhatsApp-Image-2024-06-30-at-07.48.37-24-186x300.jpeg 186w, https:\/\/www.radiopiu.net\/wordpress\/wp-content\/uploads\/2024\/06\/WhatsApp-Image-2024-06-30-at-07.48.37-24-635x1024.jpeg 635w, https:\/\/www.radiopiu.net\/wordpress\/wp-content\/uploads\/2024\/06\/WhatsApp-Image-2024-06-30-at-07.48.37-24.jpeg 750w\" sizes=\"auto, (max-width: 158px) 100vw, 158px\" \/><\/a>OGGI ALLA RADIO<\/span><\/strong>:\u00a0<strong>ALLE 6.15 <\/strong>PIROLE DE LENGA, CON IL MUSLA\u00a0\u00a0<strong>ALLE 7.20<\/strong>\u00a0EL BAL DEL FIOR, DETTI E TRADIZIONI DI GIULIANA DA RONCH;\u00a0<strong>ALLE 8.20\u00a0<\/strong>PIU&#8217; SIAMO ESTATE DI MARINA DONA&#8217;\u00a0 <strong>9.00<\/strong>\u00a0 ALEX NASCINBEN LA MUSICA COUNTRY\u00a0 \u00a0<strong>9.30\u00a0<\/strong>VIABILITA\u2019 Botol_Car <strong>10.10<\/strong>\u00a0 JAQUALINE LEZUO CONDUCE IL GR DEL MUSLA\u00a0 <span style=\"color: #0000ff;\"><strong><span style=\"color: #000000;\">10.30\u00a0<\/span><\/strong><span style=\"color: #000000;\">\u00a0 \u00a0VOCI RIBELLI DI ALESSIA DALL&#8217;O <\/span><span style=\"color: #000000;\">\u00a0<\/span><\/span><strong>11.10 <\/strong>LA STORIA DEL FESTIVALBAR RACCONTATA DA MIRCO BENCIVENN<strong>I <\/strong>\u00a0\u00a0<strong>12.00\u00a0<\/strong>VA TUTTO LISCIO\u00a0<strong>12.30\u00a0<\/strong>GIORNALE RADIO EDIZIONE PRINCIPALE \u00a0<strong>13.20<\/strong> TRE PEZZI ESTIVI DI MARINA DONA&#8217; <strong>14.00\u00a0<\/strong> LORIS SCUSSEL E LE NOSTALGICHE SELEZIONI DI COLLAGE, OPERAZIONE NOSTALGIA\u00a0 <strong>15.00\u00a0<\/strong>\u00a0 IL MARTEDI DI LUISA ALCHINI, OSPITI I CRIFU\u00a0 <strong>1<\/strong><strong>6.00\u00a0<\/strong>IL ROCK DI MARCO COSTANTINI\u00a0<strong>16.45\u00a0<\/strong>LE HIT DI MIRCO BENCIVENNI\u00a0 <strong>19\u00a0<\/strong>ANTICIPAZIONI DAL TG DI ANTENNA 3<\/p>\n<blockquote><p><strong>rassegna stampa nazionale, ogni giorno alle 5 e alle 6 del mattino<\/strong><br \/>\n<em>giornali locali 7 rassegna stampa flash, 8 rassegna stampa, gr flash alle 10 e alle 11, principale 12.30. Informazione pomerIggio alle 15 (speciale) 16, 17, 18. Giornale radio nazionale: ogni ora dalle 5 del mattino, alle 20 della sera.\u00a0<\/em><\/p><\/blockquote>\n<div class=\"x11i5rnm xat24cr x1mh8g0r x1vvkbs xtlvy1s x126k92a\">\n<div dir=\"auto\">\n<p>&nbsp;<\/p>\n<p>&nbsp;<\/p>\n<hr \/>\n<p>&nbsp;<\/p>\n<p>&nbsp;<\/p>\n<div class=\"x11i5rnm xat24cr x1mh8g0r x1vvkbs xtlvy1s x126k92a\">\n<div dir=\"auto\">\n<p><strong><a class=\"dt-pswp-item\" href=\"https:\/\/www.radiopiu.net\/wordpress\/wp-content\/uploads\/2024\/02\/2d44e751-d8a8-461b-8e22-d8e4e853b032.jpg\" data-dt-img-description=\"\" data-large_image_width=\"1600\" data-large_image_height=\"1200\"><img loading=\"lazy\" decoding=\"async\" class=\"wp-image-373307 alignleft\" src=\"https:\/\/www.radiopiu.net\/wordpress\/wp-content\/uploads\/2024\/02\/2d44e751-d8a8-461b-8e22-d8e4e853b032-300x225.jpg\" alt=\"\" width=\"105\" height=\"79\" srcset=\"https:\/\/www.radiopiu.net\/wordpress\/wp-content\/uploads\/2024\/02\/2d44e751-d8a8-461b-8e22-d8e4e853b032-300x225.jpg 300w, https:\/\/www.radiopiu.net\/wordpress\/wp-content\/uploads\/2024\/02\/2d44e751-d8a8-461b-8e22-d8e4e853b032-1024x768.jpg 1024w, https:\/\/www.radiopiu.net\/wordpress\/wp-content\/uploads\/2024\/02\/2d44e751-d8a8-461b-8e22-d8e4e853b032-768x576.jpg 768w, https:\/\/www.radiopiu.net\/wordpress\/wp-content\/uploads\/2024\/02\/2d44e751-d8a8-461b-8e22-d8e4e853b032-1536x1152.jpg 1536w, https:\/\/www.radiopiu.net\/wordpress\/wp-content\/uploads\/2024\/02\/2d44e751-d8a8-461b-8e22-d8e4e853b032.jpg 1600w\" sizes=\"auto, (max-width: 105px) 100vw, 105px\" \/><\/a>EL BAL DEL FIOR, DI GIULIANA DA RONCH, 02 LUGLIO<\/strong><strong>\u00a02024<em>\u00a0<\/em><\/strong><\/p>\n<p>&nbsp;<\/p>\n<\/div>\n<\/div>\n<\/div>\n<audio class=\"wp-audio-shortcode\" id=\"audio-397144-1\" preload=\"none\" style=\"width: 100%;\" controls=\"controls\"><source type=\"audio\/mpeg\" src=\"https:\/\/www.radiopiu.net\/wordpress\/wp-content\/uploads\/2024\/06\/GMA-4.m4a?_=1\" \/><a href=\"https:\/\/www.radiopiu.net\/wordpress\/wp-content\/uploads\/2024\/06\/GMA-4.m4a\">https:\/\/www.radiopiu.net\/wordpress\/wp-content\/uploads\/2024\/06\/GMA-4.m4a<\/a><\/audio>\n<p>&nbsp;<\/p>\n<hr \/>\n<p>&nbsp;<\/p>\n<p>&nbsp;<\/p>\n<h1><span style=\"color: #ff0000;\"><a class=\"dt-pswp-item\" href=\"https:\/\/www.radiopiu.net\/wordpress\/wp-content\/uploads\/2024\/06\/th-5.jpg\" data-dt-img-description=\"\" data-large_image_width=\"326\" data-large_image_height=\"180\"><img loading=\"lazy\" decoding=\"async\" class=\"size-medium wp-image-395881 alignleft\" src=\"https:\/\/www.radiopiu.net\/wordpress\/wp-content\/uploads\/2024\/06\/th-5-300x166.jpg\" alt=\"\" width=\"300\" height=\"166\" srcset=\"https:\/\/www.radiopiu.net\/wordpress\/wp-content\/uploads\/2024\/06\/th-5-300x166.jpg 300w, https:\/\/www.radiopiu.net\/wordpress\/wp-content\/uploads\/2024\/06\/th-5.jpg 326w\" sizes=\"auto, (max-width: 300px) 100vw, 300px\" \/><\/a><\/span><\/h1>\n<h1><\/h1>\n<h1><\/h1>\n<h1><span style=\"color: #000000;\">02 luglio&#8230; alla radio l&#8217;almanacco\u00a0<\/span><\/h1>\n<audio class=\"wp-audio-shortcode\" id=\"audio-397144-2\" preload=\"none\" style=\"width: 100%;\" controls=\"controls\"><source type=\"audio\/mpeg\" src=\"https:\/\/www.radiopiu.net\/wordpress\/wp-content\/uploads\/2024\/07\/ALMANACCONEW-1.mp3?_=2\" \/><a href=\"https:\/\/www.radiopiu.net\/wordpress\/wp-content\/uploads\/2024\/07\/ALMANACCONEW-1.mp3\">https:\/\/www.radiopiu.net\/wordpress\/wp-content\/uploads\/2024\/07\/ALMANACCONEW-1.mp3<\/a><\/audio>\n<p>&nbsp;<\/p>\n<p>&nbsp;<\/p>\n<p>&nbsp;<\/p>\n<div dir=\"auto\">\n<hr \/>\n<\/div>\n<\/div>\n<blockquote>\n<blockquote>\n<h1><span style=\"color: #ff0000;\">\u00a0<\/span><\/h1>\n<h1><span style=\"color: #ff0000;\">I podcast informativi del mattino &#8211; audio &#8211;\u00a0\u00a0<\/span><\/h1>\n<\/blockquote>\n<p><strong><a class=\"dt-pswp-item\" href=\"https:\/\/www.radiopiu.net\/wordpress\/wp-content\/uploads\/2023\/11\/th-10.jpg\" data-dt-img-description=\"\" data-large_image_width=\"320\" data-large_image_height=\"180\"><img loading=\"lazy\" decoding=\"async\" class=\"wp-image-362866 alignleft\" src=\"https:\/\/www.radiopiu.net\/wordpress\/wp-content\/uploads\/2023\/11\/th-10-300x169.jpg\" alt=\"\" width=\"185\" height=\"104\" srcset=\"https:\/\/www.radiopiu.net\/wordpress\/wp-content\/uploads\/2023\/11\/th-10-300x169.jpg 300w, https:\/\/www.radiopiu.net\/wordpress\/wp-content\/uploads\/2023\/11\/th-10.jpg 320w\" sizes=\"auto, (max-width: 185px) 100vw, 185px\" \/><\/a>LA RASSEGNA STAMPA NAZIONALE ALLA RADIO, OGNI GIORNO ALLE 5 E ALLE 6 DEL MATTINO <span style=\"color: #0000ff;\">viene pubblicata alle 6.00 <span style=\"color: #ff0000;\">DIRETTA RADIO\u00a0 \u00a0\u00a0<\/span><\/span><\/strong><\/p><\/blockquote>\n<p>&nbsp;<\/p>\n<p><strong>NOTIZIE DELLA NOTTE\u00a0\u00a0<\/strong><\/p>\n<p><strong>Beryl<\/strong> sale a uragano categoria 5, &#8216;potenzialmente catastrofico&#8217;\u00a0<strong>Coppa America:<\/strong> Usa e Bolivia ko, ai quarti Uruguay e Panama\u00a0<strong>Maduro,<\/strong> &#8216;mercoled\u00ec il Venezuela riprende il dialogo con gli Usa&#8217;\u00a0<strong>Ucraina,<\/strong> media: oggi visita a sorpresa di Orban a Kiev\u00a0<strong>Lufthansa<\/strong> sospende i voli notturni per Beirut<\/p>\n<h2>AUDIO dalle 6 del mattino<\/h2>\n<audio class=\"wp-audio-shortcode\" id=\"audio-397144-3\" preload=\"none\" style=\"width: 100%;\" controls=\"controls\"><source type=\"audio\/mpeg\" src=\"https:\/\/www.radiopiu.net\/wordpress\/wp-content\/uploads\/2024\/07\/GIORNALEDELLESEI-1.mp3?_=3\" \/><a href=\"https:\/\/www.radiopiu.net\/wordpress\/wp-content\/uploads\/2024\/07\/GIORNALEDELLESEI-1.mp3\">https:\/\/www.radiopiu.net\/wordpress\/wp-content\/uploads\/2024\/07\/GIORNALEDELLESEI-1.mp3<\/a><\/audio>\n<p>&nbsp;<\/p>\n<p>&nbsp;<\/p>\n<hr \/>\n<p>&nbsp;<\/p>\n<h1 style=\"text-align: center;\"><span style=\"color: #ff0000;\">I podcast informativi del mattino &#8211; audio &#8211;\u00a0<\/span><\/h1>\n<p><strong><a class=\"dt-pswp-item\" href=\"https:\/\/www.radiopiu.net\/wordpress\/wp-content\/uploads\/2023\/12\/images.png\" data-dt-img-description=\"\" data-large_image_width=\"316\" data-large_image_height=\"160\"><img loading=\"lazy\" decoding=\"async\" class=\"wp-image-367008 alignleft\" src=\"https:\/\/www.radiopiu.net\/wordpress\/wp-content\/uploads\/2023\/12\/images-300x152.png\" alt=\"\" width=\"235\" height=\"119\" srcset=\"https:\/\/www.radiopiu.net\/wordpress\/wp-content\/uploads\/2023\/12\/images-300x152.png 300w, https:\/\/www.radiopiu.net\/wordpress\/wp-content\/uploads\/2023\/12\/images.png 316w\" sizes=\"auto, (max-width: 235px) 100vw, 235px\" \/><\/a>OGNI GIORNO ALLE SETTE DEL MATTINO, LA RASSEGNA STAMPA LOCALE FLASH&#8230; PER CHI VA IN FRETTA. I TITOLI DAI GIORNALI E DAL SITO WWW.RADIOPIU.NET <span style=\"color: #0000ff;\">viene pubblicato alle 7.00<\/span> <span style=\"color: #ff0000;\">DIRETTA RADIO\u00a0<\/span><\/strong><\/p>\n<p><em><span style=\"color: #ff0000;\">per chi va in fretta&#8230; tante notizie in pochi minuti. L&#8217;informazione locale alla radio, ogni ora dalle 7 del mattino alle 19 della sera.\u00a0 <\/span><\/em><\/p>\n<p><strong>LA VALLE<\/strong> La strada provinciale 347 del passo Duran \u00e8 bloccata a Le Vare, Val di Zoldo, a causa di una frana causata dalle intense piogge. <strong>TAIBON<\/strong>\u00a0 Pericolo scampato, come si dice&#8230;\u00e8 andata bene ancora una volta. Stamane infatti, un grosso macigno \u00e8 rotolato fino alla strada provinciale che collega Taibon con Agordo fermandosi contro il guardrail <strong>AGORDO\u00a0<\/strong> trauma alla caviglia per un escursionista\u00a0 tra Casera Pecole e Malghe Foch: l\u2019infortunato, un 72enne statunitense preso in carico dal Soccorso Alpino <strong>VAL DI ZOLDO<\/strong> escursionista bulgaro in difficolt\u00e0 in cima al Civetta. Il 49enne si trovava nel bivacco invernale del Torrani in attesa dei soccorsi, stava bene e aveva con s\u00e9 acqua e viveri, \u00e8 stato recuperato dall\u2019elicottero dell\u2019Air service center e trasportato a valle. <strong>BELLUNO<\/strong> Donna cade in bagno e non risponde, portata in ospedale. Scivolata in casa, \u00e8 stata soccorsa dai vigili del fuoco e dall&#8217;ambulanza in via del Cansiglio. Nulla di grave.<br \/>\n<span style=\"color: #0000ff;\">SAN PELLEGRINO-FALCADE:\u00a0 IMPIANTI APERTI, DA SABATO SI SALE AL LARESEI VIA LE BUSE DA MOLINO DI FALCADE, LE ANTICIPAZIONI ALLA RADIO DI MIRCO TANCON IN PODCAST SUL SITO DI RADIOPIU<\/span><\/p>\n<h1>AUDIO dalle 7 del mattino<\/h1>\n<audio class=\"wp-audio-shortcode\" id=\"audio-397144-4\" preload=\"none\" style=\"width: 100%;\" controls=\"controls\"><source type=\"audio\/mpeg\" src=\"https:\/\/www.radiopiu.net\/wordpress\/wp-content\/uploads\/2024\/07\/GF07.mp3?_=4\" \/><a href=\"https:\/\/www.radiopiu.net\/wordpress\/wp-content\/uploads\/2024\/07\/GF07.mp3\">https:\/\/www.radiopiu.net\/wordpress\/wp-content\/uploads\/2024\/07\/GF07.mp3<\/a><\/audio>\n<p>&nbsp;<\/p>\n<p>&nbsp;<\/p>\n<hr \/>\n<p>&nbsp;<\/p>\n<h1><\/h1>\n<h1 style=\"text-align: center;\"><span style=\"color: #ff0000;\"><a class=\"dt-pswp-item\" href=\"https:\/\/www.radiopiu.net\/wordpress\/wp-content\/uploads\/2022\/01\/026c3f9d-dae9-4040-a3c1-a6530231bcc3.jpg\" data-dt-img-description=\"\" data-large_image_width=\"1152\" data-large_image_height=\"2048\"><img loading=\"lazy\" decoding=\"async\" class=\"wp-image-251839 alignleft\" src=\"https:\/\/www.radiopiu.net\/wordpress\/wp-content\/uploads\/2022\/01\/026c3f9d-dae9-4040-a3c1-a6530231bcc3-169x300.jpg\" alt=\"\" width=\"100\" height=\"177\" srcset=\"https:\/\/www.radiopiu.net\/wordpress\/wp-content\/uploads\/2022\/01\/026c3f9d-dae9-4040-a3c1-a6530231bcc3-169x300.jpg 169w, https:\/\/www.radiopiu.net\/wordpress\/wp-content\/uploads\/2022\/01\/026c3f9d-dae9-4040-a3c1-a6530231bcc3-576x1024.jpg 576w, https:\/\/www.radiopiu.net\/wordpress\/wp-content\/uploads\/2022\/01\/026c3f9d-dae9-4040-a3c1-a6530231bcc3-768x1365.jpg 768w, https:\/\/www.radiopiu.net\/wordpress\/wp-content\/uploads\/2022\/01\/026c3f9d-dae9-4040-a3c1-a6530231bcc3-864x1536.jpg 864w, https:\/\/www.radiopiu.net\/wordpress\/wp-content\/uploads\/2022\/01\/026c3f9d-dae9-4040-a3c1-a6530231bcc3.jpg 1152w\" sizes=\"auto, (max-width: 100px) 100vw, 100px\" \/><\/a>I podcast informativi del mattino &#8211; audio &#8211;\u00a0<\/span><\/h1>\n<blockquote><p><strong>GIORNALE RADIO NAZIONALE, EDIZIONE DELLE SETTE <span style=\"color: #0000ff;\">viene pubblicato alle 7.05 <span style=\"color: #ff0000;\">DIRETTA RADIO\u00a0<\/span><\/span><\/strong><\/p><\/blockquote>\n<p><strong>il giornale radionazionale e&#8217; in onda ogni ora, dalle sette del mattino alle venti della sera\u00a0 \u00a0<\/strong><strong>\u00a0<\/strong><\/p>\n<p><strong>GENOVA<\/strong> Signorini resta in carcere, rigettata istanza domiciliari\u00a0<strong>NAPOLI<\/strong> Bimba di 3 anni figlia del rampollo del clan contesa, 9 arresti\u00a0<strong>MILANO<\/strong> Il trapper Baby Gang assolto in appello per rapina\u00a0<strong>AOSTA<\/strong> Sindaco di Cogne, cerchiamo di salvare la stagione turistica\u00a0<strong>ROMA<\/strong> Furto in casa di Caterina Balivo, rubati gioielli e borse\u00a0<strong>MILANO<\/strong> Bloccate a Malpensa 6 tonnellate di &#8216;ingredienti&#8217; per fabbricare ecstasy\u00a0<strong>In cella<\/strong> 555 minori, mai cos\u00ec tanti nel post pandemia<\/p>\n<h2>AUDIO dalle sette del mattino, ogni ora alla radio<\/h2>\n<audio class=\"wp-audio-shortcode\" id=\"audio-397144-5\" preload=\"none\" style=\"width: 100%;\" controls=\"controls\"><source type=\"audio\/mpeg\" src=\"https:\/\/www.radiopiu.net\/wordpress\/wp-content\/uploads\/2024\/07\/giornale07-1.mp3?_=5\" \/><a href=\"https:\/\/www.radiopiu.net\/wordpress\/wp-content\/uploads\/2024\/07\/giornale07-1.mp3\">https:\/\/www.radiopiu.net\/wordpress\/wp-content\/uploads\/2024\/07\/giornale07-1.mp3<\/a><\/audio>\n<p>&nbsp;<\/p>\n<p>&nbsp;<\/p>\n<hr \/>\n<p>&nbsp;<\/p>\n<p>&nbsp;<\/p>\n<h1><span style=\"color: #ff0000;\">I podcast informativi del mattino &#8211; video &#8211;\u00a0<\/span><\/h1>\n<h2><strong><a class=\"dt-pswp-item\" href=\"https:\/\/www.radiopiu.net\/wordpress\/wp-content\/uploads\/2023\/12\/th-10.jpg\" data-dt-img-description=\"\" data-large_image_width=\"245\" data-large_image_height=\"180\"><img loading=\"lazy\" decoding=\"async\" class=\" wp-image-367395 alignleft\" src=\"https:\/\/www.radiopiu.net\/wordpress\/wp-content\/uploads\/2023\/12\/th-10.jpg\" alt=\"\" width=\"166\" height=\"122\" \/><\/a>RASSEGNA STAMPA LOCALE, ORE OTTO 05<\/strong><\/h2>\n<h2><strong> <span style=\"color: #0000ff;\">viene\u00a0 <\/span><\/strong><strong><span style=\"color: #0000ff;\">pubblicata alle 8.05 <span style=\"color: #ff0000;\">DIRETTA RADIO\u00a0\u00a0<\/span><\/span><\/strong><\/h2>\n<p><strong>DI MIRKO MEZZACASA\u00a0 \u00a0<\/strong><button class=\"rounded-lg text-token-text-secondary hover:bg-token-main-surface-secondary\"><\/button><\/p>\n<p><strong>OGGI SUL Corriere delle Alpi E NOTIZIARI DI Radio Pi\u00f9<\/strong><\/p>\n<p><strong>ARSIE&#8217;\u00a0<\/strong> Restano gravi le condizioni del 32enne motociclista di Arsi\u00e8, coinvolto nell&#8217;incidente di domenica pomeriggio a Casonetto. <strong>SELVA DI CADORE<\/strong> i Pompieri Volontari di Selva di Cadore sono intervenuti per un salvataggio animale. L&#8217;intervento si \u00e8 reso necessario a seguito della caduta di una mucca in un canale <strong>REDAZIONE<\/strong> Tra il 2024 e il 2026 la Regione investir\u00e0 sul territorio oltre 18 milioni di euro, la stima degli interventi \u00e8 infatti nota: 12 milioni il primo anno, poco meno di 5 il secondo e un&#8217;altro milione nel 2026. <strong>ROCCA PIETORE<\/strong>\u00a0 Il presidente del CAI Veneto, Renato Frigo, ha avviato un&#8217;indagine sul comportamento di un gruppo salito sulla Marmolada. Carlo Budel, gestore di Capanna Punta Penia, ha denunciato su Facebook la mancanza di rispetto da parte di 17 giovani accompagnati da un istruttore <strong>AGORDO<\/strong> Le educatrici dell\u2019Asilo nido di Agordo, con la coordinatrice Ljanka Dal Col e A.S.C.A., hanno avviato il progetto \u201cMani che si intrecciano\u201d per promuovere incontri tra bambini del Nido e anziani ospitati nelle strutture A.S.C.A. Durante il primo incontro, anziani e bambini hanno disegnato insieme un cartellone simbolico e cantato.<\/p>\n<h2><span style=\"color: #ff0000;\"><strong>VIDEO\u00a0 \u00a0in diretta dalle 8 del mattino\u00a0\u00a0<\/strong><\/span><\/h2>\n<p>&nbsp;<\/p>\n<p><iframe loading=\"lazy\" title=\"DAL 1983 LA RASSEGNA STAMPA LOCALE di mirko mezzacasa. L&#039;ORIGINALE\" width=\"1200\" height=\"675\" src=\"https:\/\/www.youtube.com\/embed\/uunKbHLxMLk?feature=oembed\" frameborder=\"0\" allow=\"accelerometer; autoplay; clipboard-write; encrypted-media; gyroscope; picture-in-picture; web-share\" referrerpolicy=\"strict-origin-when-cross-origin\" allowfullscreen><\/iframe><\/p>\n<p>&nbsp;<\/p>\n<p>&nbsp;<\/p>\n<hr \/>\n<p>&nbsp;<\/p>\n<p>&nbsp;<\/p>\n<p><strong><a class=\"dt-pswp-item\" href=\"https:\/\/www.radiopiu.net\/wordpress\/wp-content\/uploads\/2023\/12\/ANTENNA.png\" data-dt-img-description=\"\" data-large_image_width=\"300\" data-large_image_height=\"166\"><img loading=\"lazy\" decoding=\"async\" class=\" wp-image-366306 alignleft\" src=\"https:\/\/www.radiopiu.net\/wordpress\/wp-content\/uploads\/2023\/12\/ANTENNA.png\" alt=\"\" width=\"175\" height=\"97\" \/><\/a>IERI SERA, DAL TG DI ANTENNA 3, ogni sera alle 19 le anticipazioni alla radio, quello che poi seguirete nel TELEGIORNALE BELLUNESE\u00a0 in onda alle 19.30 sul CANALE 10 del digitale terrestre.\u00a0\u00a0<\/strong><\/p>\n<p>&nbsp;<\/p>\n<p><span style=\"color: #ff0000;\"><strong>\u00a0IERI SERA ALLA RADIO&#8230; LE ANTICIPAZIONI DI\u00a0 tiziana bolognani<br \/>\n<\/strong><\/span><\/p>\n<audio class=\"wp-audio-shortcode\" id=\"audio-397144-6\" preload=\"none\" style=\"width: 100%;\" controls=\"controls\"><source type=\"audio\/mpeg\" src=\"https:\/\/www.radiopiu.net\/wordpress\/wp-content\/uploads\/2024\/07\/ANTENNA3.mp3?_=6\" \/><a href=\"https:\/\/www.radiopiu.net\/wordpress\/wp-content\/uploads\/2024\/07\/ANTENNA3.mp3\">https:\/\/www.radiopiu.net\/wordpress\/wp-content\/uploads\/2024\/07\/ANTENNA3.mp3<\/a><\/audio>\n<p><span style=\"color: #ff0000;\"><strong>\u00a0<\/strong><\/span><\/p>\n<p>&nbsp;<\/p>\n<p>&nbsp;<\/p>\n<hr \/>\n<p><strong>\u00a0\u00a0<\/strong><\/p>\n<p>&nbsp;<\/p>\n<p><a class=\"dt-pswp-item\" href=\"https:\/\/www.radiopiu.net\/wordpress\/wp-content\/uploads\/2024\/07\/e54c1c70-c312-46c6-b6d4-4191f1c5996c.jpg\" data-dt-img-description=\"\" data-large_image_width=\"800\" data-large_image_height=\"600\"><img loading=\"lazy\" decoding=\"async\" class=\"size-medium wp-image-397416 aligncenter\" src=\"https:\/\/www.radiopiu.net\/wordpress\/wp-content\/uploads\/2024\/07\/e54c1c70-c312-46c6-b6d4-4191f1c5996c-300x225.jpg\" alt=\"\" width=\"300\" height=\"225\" srcset=\"https:\/\/www.radiopiu.net\/wordpress\/wp-content\/uploads\/2024\/07\/e54c1c70-c312-46c6-b6d4-4191f1c5996c-300x225.jpg 300w, https:\/\/www.radiopiu.net\/wordpress\/wp-content\/uploads\/2024\/07\/e54c1c70-c312-46c6-b6d4-4191f1c5996c-768x576.jpg 768w, https:\/\/www.radiopiu.net\/wordpress\/wp-content\/uploads\/2024\/07\/e54c1c70-c312-46c6-b6d4-4191f1c5996c.jpg 800w\" sizes=\"auto, (max-width: 300px) 100vw, 300px\" \/><\/a><\/p>\n<p><strong>347 DURAN, LOCALITA&#8217; VARE, CHIUSA DA IERI POMERIGGIO PER COLATA DETRITICA\u00a0<\/strong><\/p>\n<p>La strada provinciale 347 del passo Duran \u00e8 bloccata a Le Vare, Val di Zoldo, a causa di una frana causata dalle intense piogge. Nessun ferito, ma i detriti hanno riempito le vasche di contenimento, tracimando sulla carreggiata. Intervento dei vigili del fuoco e dei tecnici comunali in corso. Il sindaco De Pellegrin prevede giorni di lavoro per riaprire la strada. Eventi meteo estremi come questo sono sempre pi\u00f9 frequenti, richiedendo maggiore supporto finanziario per la manutenzione del territorio.<\/p>\n<blockquote>\n<h3>Consigliere Massimo Bortoluzzi (difesa del suolo e Protezione Civile) sulla frana di Passo Duran<\/h3>\n<\/blockquote>\n<p>Siamo in contatto con la sala operativa della Regione Veneto e ho telefonato al sindaco De Pellegrin per capire meglio cos\u2019\u00e8 successo e verificare la situazione. Siamo a disposizione se serve un aiuto tecnico, anche con i nostri geologi e la struttura della Difesa del Suolo, se necessario.<br \/>\nLa strada \u00e8 in gestione a Veneto Strade che si sta occupando di tutto. Questi eventi meteo violenti sono sempre pi\u00f9 frequenti purtroppo e bisogner\u00e0 trovare una forma condivisa per risolvere le criticit\u00e0 in maniera sempre pi\u00f9 puntuale, compatibilmente con i mezzi &#8211; umani e finanziari &#8211; che vengono messi a disposizione del territorio e dell\u2019ente Provincia.<strong>\u00a0<\/strong><\/p>\n<p><strong>\u00a0<\/strong><\/p>\n<p><strong>VIDEO DA INTERNET, AUTORE NON CONOSCIUTO gradita eventuale segnalazione\u00a0<\/strong><\/p>\n<p><iframe loading=\"lazy\" title=\"WhatsApp Video 2024 07 01 at 16 37 20\" width=\"1200\" height=\"675\" src=\"https:\/\/www.youtube.com\/embed\/-YzHnLAEZBY?feature=oembed\" frameborder=\"0\" allow=\"accelerometer; autoplay; clipboard-write; encrypted-media; gyroscope; picture-in-picture; web-share\" referrerpolicy=\"strict-origin-when-cross-origin\" allowfullscreen><\/iframe><\/p>\n<p><iframe loading=\"lazy\" title=\"PASSO DURAN\" width=\"1200\" height=\"675\" src=\"https:\/\/www.youtube.com\/embed\/IyR9a1JG6D8?feature=oembed\" frameborder=\"0\" allow=\"accelerometer; autoplay; clipboard-write; encrypted-media; gyroscope; picture-in-picture; web-share\" referrerpolicy=\"strict-origin-when-cross-origin\" allowfullscreen><\/iframe><\/p>\n<p>&nbsp;<\/p>\n<p>&nbsp;<\/p>\n<p><strong>ANTENNA 3, TIZIANA BOLOGNANI<\/strong><\/p>\n<p><iframe loading=\"lazy\" title=\"SI MUOVE DI NUOVO LA FRANA STORICA DEL DURAN, CHIUSA LA PROVINCIALE  347 | 01\/07\/2024\" width=\"1200\" height=\"675\" src=\"https:\/\/www.youtube.com\/embed\/gJpo9A-g7gE?feature=oembed\" frameborder=\"0\" allow=\"accelerometer; autoplay; clipboard-write; encrypted-media; gyroscope; picture-in-picture; web-share\" referrerpolicy=\"strict-origin-when-cross-origin\" allowfullscreen><\/iframe><\/p>\n<p>&nbsp;<\/p>\n<hr \/>\n<blockquote>\n<h1><strong><img loading=\"lazy\" decoding=\"async\" class=\"alignleft\" src=\"https:\/\/www.radiopiu.net\/wordpress\/wp-content\/uploads\/2024\/07\/Senza-nome-3.png\" width=\"258\" height=\"177\" \/><\/strong><\/h1>\n<h1><\/h1>\n<h1><strong>Incidente autostrada viadotto fadalto<\/strong><\/h1>\n<\/blockquote>\n<p>IERI\u00a0 IN PROVINCIA, AD AGORDO, IL RADUNO DELLE\u00a0 FERRARI.<br \/>\nPROBABILMENTE UN PILOTA DELLA ROSSA (NERA IN QUESTO CASO) HA CONCLUSO LA GIORNATA AMARAMENTE.<\/p>\n<p><a class=\"dt-pswp-item\" href=\"https:\/\/www.radiopiu.net\/wordpress\/wp-content\/uploads\/2024\/07\/Senza-nome-11.png\" data-dt-img-description=\"\" data-large_image_width=\"486\" data-large_image_height=\"249\"><img loading=\"lazy\" decoding=\"async\" class=\" wp-image-397395 alignleft\" src=\"https:\/\/www.radiopiu.net\/wordpress\/wp-content\/uploads\/2024\/07\/Senza-nome-11-300x154.png\" alt=\"\" width=\"281\" height=\"144\" srcset=\"https:\/\/www.radiopiu.net\/wordpress\/wp-content\/uploads\/2024\/07\/Senza-nome-11-300x154.png 300w, https:\/\/www.radiopiu.net\/wordpress\/wp-content\/uploads\/2024\/07\/Senza-nome-11.png 486w\" sizes=\"auto, (max-width: 281px) 100vw, 281px\" \/><\/a>Poco prima una seconda Ferrari \u00e8 andata in &#8220;fumo&#8221; a Mestre.\u00a0 Il\u00a0<strong>pilota\u00a0<\/strong>della spider che stava prendendo parte a una manifestazione sportiva partita dal Tronchetto e diretta sulle Dolomiti, ha notato che qualcosa non andava, si \u00e8 fermato ed \u00e8 sceso, mentre l\u2019auto ha preso fuoco: nessuno \u00e8 rimasto ferito. I vigili del fuoco arrivati con due automezzi antincendi, hanno spento con la schiuma la potente vettura ad alimentazione ibrida, andata irrimediabilmente distrutta. Al vaglio dei tecnici dei vigili del fuoco le cause dell\u2019incendio.<\/p>\n<p><span style=\"color: #ff0000;\">ieri, PAGINA FACEBOOK QUESTURA BELLUNO<\/span><\/p>\n<p><a class=\"dt-pswp-item\" href=\"https:\/\/www.radiopiu.net\/wordpress\/wp-content\/uploads\/2024\/07\/Senza-nome-6.png\" data-dt-img-description=\"\" data-large_image_width=\"733\" data-large_image_height=\"488\"><img loading=\"lazy\" decoding=\"async\" class=\"aligncenter wp-image-397348 \" src=\"https:\/\/www.radiopiu.net\/wordpress\/wp-content\/uploads\/2024\/07\/Senza-nome-6.png\" alt=\"\" width=\"578\" height=\"385\" srcset=\"https:\/\/www.radiopiu.net\/wordpress\/wp-content\/uploads\/2024\/07\/Senza-nome-6.png 733w, https:\/\/www.radiopiu.net\/wordpress\/wp-content\/uploads\/2024\/07\/Senza-nome-6-300x200.png 300w\" sizes=\"auto, (max-width: 578px) 100vw, 578px\" \/>\u00a0<\/a><\/p>\n<p>&nbsp;<\/p>\n<h3><a class=\"dt-pswp-item\" href=\"https:\/\/www.radiopiu.net\/wordpress\/wp-content\/uploads\/2024\/07\/Senza-nome-12.png\" data-dt-img-description=\"\" data-large_image_width=\"559\" data-large_image_height=\"212\"><img loading=\"lazy\" decoding=\"async\" class=\"size-medium wp-image-397397 alignleft\" src=\"https:\/\/www.radiopiu.net\/wordpress\/wp-content\/uploads\/2024\/07\/Senza-nome-12-300x114.png\" alt=\"\" width=\"300\" height=\"114\" srcset=\"https:\/\/www.radiopiu.net\/wordpress\/wp-content\/uploads\/2024\/07\/Senza-nome-12-300x114.png 300w, https:\/\/www.radiopiu.net\/wordpress\/wp-content\/uploads\/2024\/07\/Senza-nome-12.png 559w\" sizes=\"auto, (max-width: 300px) 100vw, 300px\" \/><\/a>Il Serpentone delle Ferrari in Veneto per Cavalcade 2024<\/h3>\n<p>Il lungo serpentone delle Ferrari ha attraversato il Veneto, passando per Mestre, Feltre, Agordo e Belluno, come parte della Cavalcade 2024. L&#8217;evento, dedicato ai clienti pi\u00f9 importanti di Ferrari, propone un itinerario attraverso Veneto, Trentino-Alto Adige ed Emilia-Romagna. Durante la tappa odierna, il passaggio delle 123 Ferrari ha catturato l&#8217;attenzione del pubblico, nonostante un nubifragio a Belluno.<\/p>\n<p>&nbsp;<\/p>\n<p>&nbsp;<\/p>\n<hr \/>\n<p>&nbsp;<\/p>\n<p>&nbsp;<\/p>\n<p><strong>ALLAGAMENTO STRADALE IERI A BRIBANO DI SEDICO IN PROSSIMITA&#8217; DEL PONTE\u00a0\u00a0<\/strong><\/p>\n<p><a class=\"dt-pswp-item\" href=\"https:\/\/www.radiopiu.net\/wordpress\/wp-content\/uploads\/2024\/07\/Senza-nome-5.png\" data-dt-img-description=\"\" data-large_image_width=\"577\" data-large_image_height=\"361\"><img loading=\"lazy\" decoding=\"async\" class=\"size-medium wp-image-397347 aligncenter\" src=\"https:\/\/www.radiopiu.net\/wordpress\/wp-content\/uploads\/2024\/07\/Senza-nome-5-300x188.png\" alt=\"\" width=\"300\" height=\"188\" srcset=\"https:\/\/www.radiopiu.net\/wordpress\/wp-content\/uploads\/2024\/07\/Senza-nome-5-300x188.png 300w, https:\/\/www.radiopiu.net\/wordpress\/wp-content\/uploads\/2024\/07\/Senza-nome-5.png 577w\" sizes=\"auto, (max-width: 300px) 100vw, 300px\" \/><\/a><\/p>\n<p>&nbsp;<\/p>\n<p>&nbsp;<\/p>\n<hr \/>\n<p>&nbsp;<\/p>\n<blockquote>\n<h3>SOCCORSO ALPINO IN AZIONE SOTTO LA PIOGGIA PER UNA CAVIGLIA SLOGATA<\/h3>\n<\/blockquote>\n<p><strong>AGORDO<\/strong>\u00a0 Ieri alle 13.40 il Soccorso Alpino di Agordo \u00e8 stato allertato da tre escursionisti, uno dei quali\u00a0 ha riportato un trauma alla caviglia, impedendogli di proseguire. Individuati sul sentiero 548, nei pressi del bivio con la strada forestale tra Casera Pecole e Malghe Foch, \u00e8 stata inviata una squadra di soccorso. Tuttavia, la squadra \u00e8 stata bloccata dall\u2019impetuosit\u00e0 di un torrente da guadare. Dopo aver deciso di attendere l\u2019abbassamento del livello dell\u2019acqua, attorno alle 15:30 i soccorritori sono riusciti a raggiungere i tre escursionisti: l\u2019infortunato, un 72enne statunitense, e una coppia spagnola. La squadra li ha quindi accompagnati in sicurezza ad Agordo.<\/p>\n<blockquote>\n<h3>L&#8217;ALLARME DAL CIVETTA ALLA CAPITANIERIA DI PORTO<\/h3>\n<\/blockquote>\n<p><strong>VAL DI ZOLDO<\/strong> Attorno alle 17.40 di ieri la Centrale del Suem \u00e8 stata attivata dai Vigili del fuoco, che, tramite la Capitaneria di porto, avevano ricevuto una richiesta di aiuto lanciata tramite messaggio satellitare da un escursionista bulgaro in difficolt\u00e0 in cima al Civetta. Il 49enne si trovava nel bivacco invernale del Torrani in attesa dei soccorsi, stava bene e aveva con s\u00e9 acqua e viveri. L\u2019uomo, che aveva trovato molta neve arrivato in vetta, \u00e8 stato recuperato dall\u2019elicottero dell\u2019Air service center e trasportato a valle.<\/p>\n<p>&nbsp;<\/p>\n<hr \/>\n<p>&nbsp;<\/p>\n<blockquote>\n<h3>Soccorso in Centro<\/h3>\n<\/blockquote>\n<p><strong>BELLUNO<\/strong> Donna cade in bagno e non risponde, portata in ospedale. Scivolata in casa, \u00e8 stata soccorsa dai vigili del fuoco e dall&#8217;ambulanza in via del Cansiglio. Nulla di grave.<\/p>\n<p>&nbsp;<\/p>\n<hr \/>\n<p>&nbsp;<\/p>\n<h3>\u00a0Grave il Motociclista di Arsi\u00e8<\/h3>\n<p><strong>ARSIE&#8217;<\/strong>\u00a0 Restano gravi le condizioni del 32enne motociclista di Arsi\u00e8, coinvolto nell&#8217;incidente di domenica pomeriggio a Casonetto. Trasportato in elicottero all&#8217;ospedale di Treviso, \u00e8 stato operato per lesioni al collo e a un braccio.<\/p>\n<p>&nbsp;<\/p>\n<hr \/>\n<p>&nbsp;<\/p>\n<blockquote>\n<h2>I VIGILI DEL FUOCO VOLONTARI DI SELVA SALVANO LA MUCCA<\/h2>\n<\/blockquote>\n<p><strong><a class=\"dt-pswp-item\" href=\"https:\/\/www.radiopiu.net\/wordpress\/wp-content\/uploads\/2024\/07\/Senza-nome-9.png\" data-dt-img-description=\"\" data-large_image_width=\"345\" data-large_image_height=\"197\"><img loading=\"lazy\" decoding=\"async\" class=\" wp-image-397390 alignleft\" src=\"https:\/\/www.radiopiu.net\/wordpress\/wp-content\/uploads\/2024\/07\/Senza-nome-9-300x171.png\" alt=\"\" width=\"270\" height=\"154\" srcset=\"https:\/\/www.radiopiu.net\/wordpress\/wp-content\/uploads\/2024\/07\/Senza-nome-9-300x171.png 300w, https:\/\/www.radiopiu.net\/wordpress\/wp-content\/uploads\/2024\/07\/Senza-nome-9.png 345w\" sizes=\"auto, (max-width: 270px) 100vw, 270px\" \/><\/a>SELVA DI CADORE<\/strong><\/p>\n<p>Su richiesta della Sala Operativa 115 del Comando Provinciale dei Vigili del Fuoco di Belluno, i Pompieri Volontari di Selva di Cadore sono intervenuti questa sera per un salvataggio animale. A supporto dell&#8217;operazione \u00e8 intervenuta una squadra SAF dalla Centrale dei Vigili del Fuoco di Belluno e una ditta privata con un mezzo dotato di gru.L&#8217;intervento si \u00e8 reso necessario a seguito della caduta di una mucca in un canale, rendendo impossibile per l&#8217;animale risalire da sola. L&#8217;animale impaurito \u00e8 stato imbragato e sollevato con cura, venendo successivamente riportato nel vicino prato. L&#8217;operazione \u00e8 stata eseguita con grande precisione e tempestivit\u00e0, meritando l&#8217;applauso dei presenti per la sua perfetta riuscita.L&#8217;intervento \u00e8 stato un esempio di collaborazione efficiente tra i Vigili del Fuoco e le risorse private, garantendo la sicurezza e il benessere dell&#8217;animale in difficolt\u00e0.<\/p>\n<h2 class=\"html-h2 xe8uvvx x11i5rnm xat24cr x1mh8g0r xexx8yu x4uap5 x18d9i69 xkhd6sd x1vvkbs x1heor9g x1qlqyl8 x1pd3egz x1a2a7pz x1gslohp x1yc453h\"><\/h2>\n<h1><span style=\"color: #0000ff;\"><strong><a style=\"color: #0000ff;\" href=\"https:\/\/www.facebook.com\/100022883616333\/videos\/381383691621745\/\">VIDEO\u00a0<\/a><\/strong><\/span><\/h1>\n<h2 id=\":r454:\" class=\"html-h2 xe8uvvx x11i5rnm xat24cr x1mh8g0r xexx8yu x4uap5 x18d9i69 xkhd6sd x1vvkbs x1heor9g x1qlqyl8 x1pd3egz x1a2a7pz x1gslohp x1yc453h\"><span class=\"\"><span class=\"xt0psk2\"><a class=\"x1i10hfl xjbqb8w x1ejq31n xd10rxx x1sy0etr x17r0tee x972fbf xcfux6l x1qhh985 xm0m39n x9f619 x1ypdohk xt0psk2 xe8uvvx xdj266r x11i5rnm xat24cr x1mh8g0r xexx8yu x4uap5 x18d9i69 xkhd6sd x16tdsg8 x1hl2dhg xggy1nq x1a2a7pz x1sur9pj xkrqix3 xzsf02u x1s688f\" tabindex=\"0\" role=\"link\" href=\"https:\/\/www.facebook.com\/groups\/1441840852715463\/user\/100022883616333\/?__cft__[0]=AZVHammAsVZTZhpcT10FT1CucyP_GUXUB-t-AstVuu8cH2VILkEmeLkUZyaP1ZST5WtunQ-8R0hDnnkftVqM7n3ypQXdNz9TgIHvuHy3295c1ypxDHwV1q8Lf7pDnVMyKw7dnJyKCHZheqzWogqxs0BS9f9YkihPn9Qmzmtq-hiOixq0GWmtaM-I5Z5zfOZ8jS0XTM2gQXLLAVYaERVLeeJIOWfQY1_oo3NiBXRH7cg_uQ&amp;__tn__=-UC%2CP-R\"><strong><span class=\"html-span xdj266r x11i5rnm xat24cr x1mh8g0r xexx8yu x4uap5 x18d9i69 xkhd6sd x1hl2dhg x16tdsg8 x1vvkbs\">Lucio Bellato<\/span><\/strong><\/a><\/span><\/span><\/h2>\n<p>&nbsp;<\/p>\n<p>&nbsp;<\/p>\n<p>&nbsp;<\/p>\n<hr \/>\n<p>&nbsp;<\/p>\n<blockquote>\n<h3>GOSALDO E LIVINALLONGO: ACQUA INQUINATA<\/h3>\n<\/blockquote>\n<p><strong><img loading=\"lazy\" decoding=\"async\" class=\"alignleft\" src=\"https:\/\/www.radiopiu.net\/wordpress\/wp-content\/uploads\/2024\/05\/cantiere-municipio-Livinallongo-scaled.jpg\" width=\"231\" height=\"104\" \/><\/strong><b><\/b><\/p>\n<p><strong>GOSALDO<\/strong> in localit\u00e0 VALLASIN l&#8217;acqua erogata dall&#8217;acquedotto non \u00e8 potabile e pu\u00f2 essere usata per scopi alimentari SOLO PREVIA bollitura.<\/p>\n<p><strong>LIVINALLONGO<\/strong> Gestione Servizi Pubblici informa che a LIVINALLONGO DEL COL DI LANA in localit\u00e0 VARDA l&#8217;acqua erogata dall&#8217;acquedotto \u00e8 di nuovo potabile e pu\u00f2 essere usata, quindi, per scopi alimentari. Nelle localit\u00e0 COLLAZ e LARZONEI l&#8217;acqua erogata dall&#8217;acquedotto non \u00e8 potabile e pu\u00f2 essere usata per scopi alimentari SOLO PREVIA bollitura. GSP ha, comunque, gi\u00e0 adottato le necessarie misure per la disinfezione dell&#8217;acqua presente nei serbatoi e nella rete idrica con l&#8217;aggiunta di cloro.<\/p>\n<p>&nbsp;<\/p>\n<blockquote>\n<h3>LAVORI PROGRAMMATI BIM GSP<\/h3>\n<\/blockquote>\n<p>Gestione Servizi Pubblici informa che, per lavori alla rete idrica comunale, DOMANI E GIOVEDI dalle 8:00 alle 17:00 verr\u00e0 sospesa l\u2019erogazione dell\u2019acqua a LIVINALLONGO DEL COL DI LANA, nelle Localit\u00e0 PALLA e AGA.<\/p>\n<p>&nbsp;<\/p>\n<p>&nbsp;<\/p>\n<hr \/>\n<p>&nbsp;<\/p>\n<blockquote>\n<h3>AUTONOMIA: LE PAROLE DI ZAIA DOPO IL PUNTO STAMPA<\/h3>\n<\/blockquote>\n<p><strong>VENEZIA<\/strong> Conferenza Stampa del presidente del veneto Luca Zaia per parlare di autonomia ed altri argomenti<\/p>\n<p><strong>PER LE TRE RADIO, BARBARA PAOLAZZI<\/strong><\/p>\n<audio class=\"wp-audio-shortcode\" id=\"audio-397144-7\" preload=\"none\" style=\"width: 100%;\" controls=\"controls\"><source type=\"audio\/mpeg\" src=\"https:\/\/www.radiopiu.net\/wordpress\/wp-content\/uploads\/2024\/07\/barabra-zaia.mp3?_=7\" \/><a href=\"https:\/\/www.radiopiu.net\/wordpress\/wp-content\/uploads\/2024\/07\/barabra-zaia.mp3\">https:\/\/www.radiopiu.net\/wordpress\/wp-content\/uploads\/2024\/07\/barabra-zaia.mp3<\/a><\/audio>\n<p>&nbsp;<\/p>\n<p><strong>IL VIDEO<\/strong><\/p>\n<p><iframe loading=\"lazy\" title=\"ZAIA SU RICHIESTA AUTONOMIA MELONI + ATTUALITA&#039;\" width=\"1200\" height=\"675\" src=\"https:\/\/www.youtube.com\/embed\/rMZ0GLIj2GU?feature=oembed\" frameborder=\"0\" allow=\"accelerometer; autoplay; clipboard-write; encrypted-media; gyroscope; picture-in-picture; web-share\" referrerpolicy=\"strict-origin-when-cross-origin\" allowfullscreen><\/iframe><\/p>\n<p>&nbsp;<\/p>\n<hr \/>\n<p>&nbsp;<\/p>\n<blockquote>\n<h3>DUE ANNI FA IL CROLLO DEL SERACCO IN MARMOLADA<\/h3>\n<\/blockquote>\n<p><strong><a class=\"dt-pswp-item\" href=\"https:\/\/www.radiopiu.net\/wordpress\/wp-content\/uploads\/2022\/07\/Foto-Soccorso-Alpino-Marmolada-2.png\" data-dt-img-description=\"\" data-large_image_width=\"1600\" data-large_image_height=\"1200\"><img loading=\"lazy\" decoding=\"async\" class=\" wp-image-285051 alignleft\" src=\"https:\/\/www.radiopiu.net\/wordpress\/wp-content\/uploads\/2022\/07\/Foto-Soccorso-Alpino-Marmolada-2-300x225.png\" alt=\"\" width=\"158\" height=\"118\" srcset=\"https:\/\/www.radiopiu.net\/wordpress\/wp-content\/uploads\/2022\/07\/Foto-Soccorso-Alpino-Marmolada-2-300x225.png 300w, https:\/\/www.radiopiu.net\/wordpress\/wp-content\/uploads\/2022\/07\/Foto-Soccorso-Alpino-Marmolada-2-1024x768.png 1024w, https:\/\/www.radiopiu.net\/wordpress\/wp-content\/uploads\/2022\/07\/Foto-Soccorso-Alpino-Marmolada-2-768x576.png 768w, https:\/\/www.radiopiu.net\/wordpress\/wp-content\/uploads\/2022\/07\/Foto-Soccorso-Alpino-Marmolada-2-1536x1152.png 1536w, https:\/\/www.radiopiu.net\/wordpress\/wp-content\/uploads\/2022\/07\/Foto-Soccorso-Alpino-Marmolada-2.png 1600w\" sizes=\"auto, (max-width: 158px) 100vw, 158px\" \/><\/a>BELLUNO<\/strong> Il 3 luglio 2022, sulla Marmolada, il crollo di un seracco ha causato una valanga devastante di 63.300 metri cubi di ghiaccio e roccia, uccidendo undici persone e ferendone otto. Il presidente della Provincia, Roberto Padrin, ha riflettuto sull&#8217;evento, sottolineando che la montagna richiede attenzione, cura e rispetto. Ha evidenziato l&#8217;importanza di comprendere e adattarsi al cambiamento climatico, specialmente in montagna. Padrin ha lodato il sistema di soccorsi, dimostrando che un equilibrio tra attivit\u00e0 umane e tutela ambientale \u00e8 essenziale per preservare l&#8217;ecosistema montano e la sicurezza delle persone.<\/p>\n<p>&nbsp;<\/p>\n<hr \/>\n<p>&nbsp;<\/p>\n<blockquote>\n<h2>CRITICITA&#8217; IDRAULICHE A MAS DI SEDICO: VERSO LA SOLUZIONE DEFINITIVA<\/h2>\n<h2><em style=\"font-size: 14px; font-weight: normal;\">Interventi tempestivi e mirati sono essenziali per garantire la sicurezza e la protezione della comunit\u00e0 di Mas e delle sue infrastrutture.<\/em><\/h2>\n<\/blockquote>\n<blockquote><p><strong><a class=\"dt-pswp-item\" href=\"https:\/\/www.radiopiu.net\/wordpress\/wp-content\/uploads\/2024\/07\/fb961c48-94eb-4b29-8e51-ef9491a2e7ea.jpg\" data-dt-img-description=\"\" data-large_image_width=\"620\" data-large_image_height=\"498\"><img loading=\"lazy\" decoding=\"async\" class=\"size-medium wp-image-397286 alignleft\" src=\"https:\/\/www.radiopiu.net\/wordpress\/wp-content\/uploads\/2024\/07\/fb961c48-94eb-4b29-8e51-ef9491a2e7ea-300x241.jpg\" alt=\"\" width=\"300\" height=\"241\" srcset=\"https:\/\/www.radiopiu.net\/wordpress\/wp-content\/uploads\/2024\/07\/fb961c48-94eb-4b29-8e51-ef9491a2e7ea-300x241.jpg 300w, https:\/\/www.radiopiu.net\/wordpress\/wp-content\/uploads\/2024\/07\/fb961c48-94eb-4b29-8e51-ef9491a2e7ea.jpg 620w\" sizes=\"auto, (max-width: 300px) 100vw, 300px\" \/><\/a>VENEZIA<\/strong> La Giunta Regionale, con delibera n. 81 del 12 febbraio 2024, avente come oggetto \u201cAdozione del Programma triennale dei Lavori Pubblici 2024-2026 ed Elenco annuale 2024 dell&#8217;Amministrazione Regione del Veneto\u201d, ha fatto proprio il programma triennale dei lavori pubblici 2024-2026 ed ha reso noto l&#8217;elenco degli interventi inclusi nel programma. Ebbene per gli abitanti del Mas di Sedico la notizia \u00e8 di quelle importanti: in questo elenco \u00e8 iscritto l\u2019importo di \u20ac 1.400.000,00 per \u201cInterventi di mitigazione del rischio idraulico sul rio Val Fontana e sul rio Salsa\u201d. Il succitato intervento \u00e8 iscritto nell\u2019annualit\u00e0 2024, che individua, quale Responsabile Unico del Procedimento, il dr. Gianmaria Sommavilla, direttore della Direzione Foreste,<br \/>\n<a class=\"dt-pswp-item\" href=\"https:\/\/www.radiopiu.net\/wordpress\/wp-content\/uploads\/2024\/07\/54454d28-10da-4ae0-b0a2-e6dc0771f8af.jpg\" data-dt-img-description=\"\" data-large_image_width=\"1600\" data-large_image_height=\"1200\"><img loading=\"lazy\" decoding=\"async\" class=\"size-medium wp-image-397298 alignright\" src=\"https:\/\/www.radiopiu.net\/wordpress\/wp-content\/uploads\/2024\/07\/54454d28-10da-4ae0-b0a2-e6dc0771f8af-300x225.jpg\" alt=\"\" width=\"300\" height=\"225\" srcset=\"https:\/\/www.radiopiu.net\/wordpress\/wp-content\/uploads\/2024\/07\/54454d28-10da-4ae0-b0a2-e6dc0771f8af-300x225.jpg 300w, https:\/\/www.radiopiu.net\/wordpress\/wp-content\/uploads\/2024\/07\/54454d28-10da-4ae0-b0a2-e6dc0771f8af-1024x768.jpg 1024w, https:\/\/www.radiopiu.net\/wordpress\/wp-content\/uploads\/2024\/07\/54454d28-10da-4ae0-b0a2-e6dc0771f8af-768x576.jpg 768w, https:\/\/www.radiopiu.net\/wordpress\/wp-content\/uploads\/2024\/07\/54454d28-10da-4ae0-b0a2-e6dc0771f8af-1536x1152.jpg 1536w, https:\/\/www.radiopiu.net\/wordpress\/wp-content\/uploads\/2024\/07\/54454d28-10da-4ae0-b0a2-e6dc0771f8af.jpg 1600w\" sizes=\"auto, (max-width: 300px) 100vw, 300px\" \/><\/a>Selvicoltura e Sistemazioni Idraulico Forestali della Regione Veneto. Al Mas, i corsi d&#8217;acqua Rio Val di Fontana e Rio Salsa presentano criticit\u00e0 significative in occasione di eventi alluvionali come quelli verificatisi nel 2016, nel 2019 e nel 2021, che hanno evidenziato gravi problemi di gestione delle acque e inadeguatezza delle opere di mitigazione esistenti.<\/p>\n<p><span style=\"color: #ff0000;\"><strong>Rio Val di Fontana <\/strong>\u00a0<span style=\"color: #000000;\">attraversa l\u2019abitato di Mas, passa sotto la SR203 in una tubazione di circa 80 metri e riprende il suo corso a cielo aperto. Durante l\u2019alluvione del 2016, il Rio Val di Fontana esond\u00f2, allagando le infrastrutture sportive vicine, nonch\u00e9 piani bassi di abitazioni. L\u2019evento ha evidenziando l\u2019inadeguatezza sia della canalizzazione a cielo aperto di contenimento della portata di piena, sia dell\u2019attraversamento stradale sulla S.R. 203 con relativa annessa tombinatura di un tratto del corso d\u2019acqua.<\/span><span style=\"color: #000000;\"><span style=\"color: #000000;\">\u00a0<\/span>Il Rio Salsa scorre a monte del Rio Val di Fontana e confluisce in esso a valle della SR203, <\/span><span style=\"color: #000000;\">attraversando l&#8217;abitato di Mas e la SR203. Anche il Rio Salsa esond\u00f2 durante l&#8217;alluvione del 2016, fuoriuscendo dall&#8217;alveo per l\u2019inadeguatezza dimensionale della del tombotto di attraversamento stradale, causando allagamenti delle infrastrutture limitrofe. L\u2019importo attivato dall\u2019amministrazione regionale \u00e8 di quelli tali da garantire la messa in opera di interventi\u00a0 che mitigheranno sensibilmente gli effetti di precipitazioni intense e di breve durata, le stesse che, anche nel recente passato hanno causato disagi <\/span><span style=\"color: #000000;\">e danni, conseguenti ad allagamenti di garage, scantinati e piani bassi di edifici in via Dolomiti e via Dino Buzzati, invasi da acqua e fango.<\/span> <\/span><\/p>\n<div class=\"mt-1 flex gap-3 empty:hidden juice:-ml-3\">\n<div class=\"items-center justify-start rounded-xl p-1 flex\">\n<div class=\"flex items-center\">\n<div class=\"flex\"><\/div>\n<\/div>\n<\/div>\n<\/div>\n<\/blockquote>\n<hr \/>\n<p>&nbsp;<\/p>\n<blockquote>\n<h3>NEL PROGRAMMA TRIENNALE DELLA REGIONE ANCHE L&#8217;INTERVENTO SUL SARZANA A VOLTAGO<\/h3>\n<\/blockquote>\n<p>&nbsp;<\/p>\n<p><strong><img loading=\"lazy\" decoding=\"async\" class=\"alignleft\" src=\"https:\/\/www.radiopiu.net\/wordpress\/wp-content\/uploads\/2020\/09\/b02367e5-1196-46a9-ae96-15143d25c59f.jpg\" width=\"244\" height=\"122\" \/>REDAZIONE<\/strong> Tra il 2024 e il 2026 la Regione investir\u00e0 sul territorio oltre 18 milioni di euro, la stima degli interventi \u00e8 infatti nota: 12 milioni il primo anno, poco meno di 5 il secondo e un&#8217;altro milione nel 2026. Si tratta del programma triennale dei lavori pubbici (24-26) dell&#8217;amministrazione regionale che ha gi\u00e0 divulgato l&#8217;elenco degli interventi nel bellunese. Da Quero a Voltago,\u00a0 dall&#8217;Alpago a Sedico (Mas, vedi articolo precedente pubblicato nel pomeriggio). Intervento importante sul Sarzana a Voltago, 800 mila euro, lavori previsti nel 2026.<\/p>\n<p><strong>ECCO LA SCHEDA DETTAGLIATA<\/strong><\/p>\n<p><a class=\"dt-pswp-item\" href=\"https:\/\/www.radiopiu.net\/wordpress\/wp-content\/uploads\/2024\/07\/Senza-nome-7.png\" data-dt-img-description=\"\" data-large_image_width=\"1237\" data-large_image_height=\"887\"><img loading=\"lazy\" decoding=\"async\" class=\"alignnone wp-image-397376 size-full\" src=\"https:\/\/www.radiopiu.net\/wordpress\/wp-content\/uploads\/2024\/07\/Senza-nome-7.png\" alt=\"\" width=\"1237\" height=\"887\" srcset=\"https:\/\/www.radiopiu.net\/wordpress\/wp-content\/uploads\/2024\/07\/Senza-nome-7.png 1237w, https:\/\/www.radiopiu.net\/wordpress\/wp-content\/uploads\/2024\/07\/Senza-nome-7-300x215.png 300w, https:\/\/www.radiopiu.net\/wordpress\/wp-content\/uploads\/2024\/07\/Senza-nome-7-1024x734.png 1024w, https:\/\/www.radiopiu.net\/wordpress\/wp-content\/uploads\/2024\/07\/Senza-nome-7-768x551.png 768w\" sizes=\"auto, (max-width: 1237px) 100vw, 1237px\" \/>\u00a0<\/a><\/p>\n<p>&nbsp;<\/p>\n<p>&nbsp;<\/p>\n<p>&nbsp;<\/p>\n<hr \/>\n<p>&nbsp;<\/p>\n<blockquote>\n<h3>LA PREVENZIONE SI IMPARA FIN DALL&#8217;ASILO: NELLE SCUOLE A PARLARE DI SICUREZZA IN MONTAGNA<\/h3>\n<\/blockquote>\n<p><strong>BELLUNO <\/strong>Nel corso dei primi mesi del 2024, la Stazione del Soccorso Alpino di Belluno ha partecipato attivamente al progetto &#8220;La montagna. Amarla in sicurezza&#8221;, rivolto agli studenti delle scuole della provincia di Belluno. L&#8217;iniziativa, realizzata in collaborazione con il Servizio Promozione della Salute dell&#8217;Ulss 1 Dolomiti e l&#8217;Ufficio Scolastico Regionale per il Veneto, ha coinvolto bambini e ragazzi di varie et\u00e0 in lezioni sulle regole di sicurezza in montagna e dimostrazioni pratiche di soccorso. Le attivit\u00e0 includevano il montaggio di barelle, l&#8217;uso di presidi sanitari, l&#8217;importanza della protezione solare, e la prevenzione contro zecche e insetti. Gli incontri, supportati da altre stazioni del Soccorso Alpino e caratterizzati da attivit\u00e0 formative e dimostrative, hanno riscontrato un grande successo tra studenti e docenti.<\/p>\n\n\t\t\t<style type='text\/css'>\n\t\t\t\t#gallery-1 {\n\t\t\t\t\tmargin: auto;\n\t\t\t\t}\n\t\t\t\t#gallery-1 .gallery-item {\n\t\t\t\t\tfloat: left;\n\t\t\t\t\tmargin-top: 10px;\n\t\t\t\t\ttext-align: center;\n\t\t\t\t\twidth: 25%;\n\t\t\t\t}\n\t\t\t\t#gallery-1 img {\n\t\t\t\t\tborder: 2px solid #cfcfcf;\n\t\t\t\t}\n\t\t\t\t#gallery-1 .gallery-caption {\n\t\t\t\t\tmargin-left: 0;\n\t\t\t\t}\n\t\t\t\t\/* see gallery_shortcode() in wp-includes\/media.php *\/\n\t\t\t<\/style>\n\t\t<div id='gallery-1' class='dt-gallery-container gallery galleryid-397144 gallery-columns-4 gallery-size-medium'><dl class='gallery-item'>\n\t\t\t\t<dt class='gallery-icon portrait'>\n\t\t\t\t\t<a class=\"rollover rollover-zoom dt-pswp-item\" title=\"Screenshot_20240701-115609_Drive\" data-dt-img-description=\"\" data-large_image_width=\"736\" data-large_image_height=\"986\"href='https:\/\/www.radiopiu.net\/wordpress\/wp-content\/uploads\/2024\/07\/Screenshot_20240701-115609_Drive.jpg'><img loading=\"lazy\" decoding=\"async\" width=\"224\" height=\"300\" src=\"https:\/\/www.radiopiu.net\/wordpress\/wp-content\/uploads\/2024\/07\/Screenshot_20240701-115609_Drive-224x300.jpg\" class=\"attachment-medium size-medium\" alt=\"\" srcset=\"https:\/\/www.radiopiu.net\/wordpress\/wp-content\/uploads\/2024\/07\/Screenshot_20240701-115609_Drive-224x300.jpg 224w, https:\/\/www.radiopiu.net\/wordpress\/wp-content\/uploads\/2024\/07\/Screenshot_20240701-115609_Drive.jpg 736w\" sizes=\"auto, (max-width: 224px) 100vw, 224px\" \/><\/a>\n\t\t\t\t<\/dt><\/dl><dl class='gallery-item'>\n\t\t\t\t<dt class='gallery-icon landscape'>\n\t\t\t\t\t<a class=\"rollover rollover-zoom dt-pswp-item\" title=\"Screenshot_20240701-115613_Drive\" data-dt-img-description=\"\" data-large_image_width=\"727\" data-large_image_height=\"467\"href='https:\/\/www.radiopiu.net\/wordpress\/wp-content\/uploads\/2024\/07\/Screenshot_20240701-115613_Drive.jpg'><img loading=\"lazy\" decoding=\"async\" width=\"300\" height=\"193\" src=\"https:\/\/www.radiopiu.net\/wordpress\/wp-content\/uploads\/2024\/07\/Screenshot_20240701-115613_Drive-300x193.jpg\" class=\"attachment-medium size-medium\" alt=\"\" srcset=\"https:\/\/www.radiopiu.net\/wordpress\/wp-content\/uploads\/2024\/07\/Screenshot_20240701-115613_Drive-300x193.jpg 300w, https:\/\/www.radiopiu.net\/wordpress\/wp-content\/uploads\/2024\/07\/Screenshot_20240701-115613_Drive.jpg 727w\" sizes=\"auto, (max-width: 300px) 100vw, 300px\" \/><\/a>\n\t\t\t\t<\/dt><\/dl><dl class='gallery-item'>\n\t\t\t\t<dt class='gallery-icon landscape'>\n\t\t\t\t\t<a class=\"rollover rollover-zoom dt-pswp-item\" title=\"Screenshot_20240701-115629_Drive\" data-dt-img-description=\"\" data-large_image_width=\"711\" data-large_image_height=\"551\"href='https:\/\/www.radiopiu.net\/wordpress\/wp-content\/uploads\/2024\/07\/Screenshot_20240701-115629_Drive.jpg'><img loading=\"lazy\" decoding=\"async\" width=\"300\" height=\"232\" src=\"https:\/\/www.radiopiu.net\/wordpress\/wp-content\/uploads\/2024\/07\/Screenshot_20240701-115629_Drive-300x232.jpg\" class=\"attachment-medium size-medium\" alt=\"\" srcset=\"https:\/\/www.radiopiu.net\/wordpress\/wp-content\/uploads\/2024\/07\/Screenshot_20240701-115629_Drive-300x232.jpg 300w, https:\/\/www.radiopiu.net\/wordpress\/wp-content\/uploads\/2024\/07\/Screenshot_20240701-115629_Drive.jpg 711w\" sizes=\"auto, (max-width: 300px) 100vw, 300px\" \/><\/a>\n\t\t\t\t<\/dt><\/dl><dl class='gallery-item'>\n\t\t\t\t<dt class='gallery-icon portrait'>\n\t\t\t\t\t<a class=\"rollover rollover-zoom dt-pswp-item\" title=\"Screenshot_20240701-115636_Drive\" data-dt-img-description=\"\" data-large_image_width=\"722\" data-large_image_height=\"984\"href='https:\/\/www.radiopiu.net\/wordpress\/wp-content\/uploads\/2024\/07\/Screenshot_20240701-115636_Drive.jpg'><img loading=\"lazy\" decoding=\"async\" width=\"220\" height=\"300\" src=\"https:\/\/www.radiopiu.net\/wordpress\/wp-content\/uploads\/2024\/07\/Screenshot_20240701-115636_Drive-220x300.jpg\" class=\"attachment-medium size-medium\" alt=\"\" srcset=\"https:\/\/www.radiopiu.net\/wordpress\/wp-content\/uploads\/2024\/07\/Screenshot_20240701-115636_Drive-220x300.jpg 220w, https:\/\/www.radiopiu.net\/wordpress\/wp-content\/uploads\/2024\/07\/Screenshot_20240701-115636_Drive.jpg 722w\" sizes=\"auto, (max-width: 220px) 100vw, 220px\" \/><\/a>\n\t\t\t\t<\/dt><\/dl><br style=\"clear: both\" \/>\n\t\t\t<\/div>\n\n<p>&nbsp;<\/p>\n<p>&nbsp;<\/p>\n<hr \/>\n<p>&nbsp;<\/p>\n<blockquote>\n<h2>POLEMICHE AD ALTA QUOTA, prese di posizione del CAI<\/h2>\n<\/blockquote>\n<p><strong>ROCCA PIETORE\u00a0 <\/strong>Il presidente del CAI Veneto, Renato Frigo, ha avviato un&#8217;indagine sul comportamento di un gruppo salito sulla Marmolada. Carlo Budel, gestore di Capanna Punta Penia, ha denunciato su Facebook la mancanza di rispetto da parte di 17 giovani accompagnati da un <img loading=\"lazy\" decoding=\"async\" class=\"alignleft\" src=\"https:\/\/www.radiopiu.net\/wordpress\/wp-content\/uploads\/2024\/07\/37893158_10212017168559632_7622571449995231232_n.jpg\" width=\"316\" height=\"237\" \/>istruttore, che hanno consumato cibo proprio e lasciato il rifugio in pessime condizioni. Frigo e il presidente generale Antonio Montani hanno espresso sconcerto, sottolineando che tali comportamenti sono opposti ai valori del CAI.<\/p>\n<p><em><strong>Lo sfogo di Carlo Budel su facebook:<\/strong> &#8220;Oggi, domenica, mi ero preparato torte, polenta, formaggio, minestrone e altro per i visitatori del rifugio. Un gruppo CAI di 17 persone con un istruttore \u00e8 arrivato, riempiendo il rifugio e consumando cibo e bevande proprie. Hanno chiesto caff\u00e8 e carte da briscola, rendendo inutili le mie preparazioni. Il bagno \u00e8 stato lasciato in condizioni pessime. Chiedo al CAI: \u00e8 giusto comportarsi cos\u00ec? Questo atteggiamento non sostiene i rifugi, che rischiano di chiudere&#8221;.<\/em><\/p>\n<p><strong>La risposta del Cai di Belluno<\/strong><br \/>\n<a class=\"dt-pswp-item\" href=\"https:\/\/www.radiopiu.net\/wordpress\/wp-content\/uploads\/2024\/07\/449688973_2024449538011879_8955233557083417363_n.jpg\" data-dt-img-description=\"\" data-large_image_width=\"526\" data-large_image_height=\"584\"><img loading=\"lazy\" decoding=\"async\" class=\"wp-image-397401 size-full aligncenter\" src=\"https:\/\/www.radiopiu.net\/wordpress\/wp-content\/uploads\/2024\/07\/449688973_2024449538011879_8955233557083417363_n.jpg\" alt=\"\" width=\"526\" height=\"584\" srcset=\"https:\/\/www.radiopiu.net\/wordpress\/wp-content\/uploads\/2024\/07\/449688973_2024449538011879_8955233557083417363_n.jpg 526w, https:\/\/www.radiopiu.net\/wordpress\/wp-content\/uploads\/2024\/07\/449688973_2024449538011879_8955233557083417363_n-270x300.jpg 270w\" sizes=\"auto, (max-width: 526px) 100vw, 526px\" \/><\/a><\/p>\n<p>&nbsp;<\/p>\n<p>&nbsp;<\/p>\n<hr \/>\n<blockquote>\n<div class=\"flex-shrink-0 flex flex-col relative items-end\">\n<div class=\"pt-0.5 juice:pt-0\">\n<div class=\"gizmo-bot-avatar flex h-6 w-6 items-center justify-center overflow-hidden rounded-full juice:h-8 juice:w-8\">\n<div class=\"relative p-1 rounded-sm flex items-center justify-center bg-token-main-surface-primary text-token-text-primary h-8 w-8\"><\/div>\n<\/div>\n<\/div>\n<\/div>\n<div class=\"group\/conversation-turn relative flex w-full min-w-0 flex-col agent-turn\">\n<div class=\"flex-col gap-1 md:gap-3\">\n<div class=\"flex flex-grow flex-col max-w-full\">\n<div class=\"min-h-[20px] text-message flex flex-col items-start whitespace-pre-wrap break-words [.text-message+&amp;]:mt-5 juice:w-full juice:items-end overflow-x-auto gap-2\" dir=\"auto\" data-message-author-role=\"assistant\" data-message-id=\"e7ceb6d5-825f-4705-9478-6ce638e7e2c3\">\n<div class=\"flex w-full flex-col gap-1 juice:empty:hidden juice:first:pt-[3px]\">\n<div class=\"markdown prose w-full break-words dark:prose-invert dark\">\n<h3>Progetto \u201cMani che si intrecciano\u201d Unisce Generazioni<\/h3>\n<p><strong>AGORDO<\/strong> Le educatrici dell\u2019Asilo nido di Agordo, con la coordinatrice Ljanka Dal Col e A.S.C.A., hanno avviato il progetto \u201cMani che si intrecciano\u201d per promuovere incontri tra bambini del Nido e anziani ospitati nelle strutture A.S.C.A. Durante il primo incontro, anziani e bambini hanno disegnato insieme un cartellone simbolico e cantato. I bambini hanno poi visitato gli anziani nella struttura di Agordo, coinvolgendoli in giochi e canti. Questo progetto intergenerazionale ha regalato momenti di gioia e condivisione, dimostrando che le emozioni autentiche non hanno et\u00e0. Educatrici e A.S.C.A. sperano di riproporre l\u2019iniziativa in futuro, per continuare a unire grandi e piccoli nel segno dell\u2019amicizia.<\/p>\n<\/div>\n<\/div>\n<\/div>\n<\/div>\n<\/div>\n<\/div>\n<\/blockquote>\n\n\t\t\t<style type='text\/css'>\n\t\t\t\t#gallery-2 {\n\t\t\t\t\tmargin: auto;\n\t\t\t\t}\n\t\t\t\t#gallery-2 .gallery-item {\n\t\t\t\t\tfloat: left;\n\t\t\t\t\tmargin-top: 10px;\n\t\t\t\t\ttext-align: center;\n\t\t\t\t\twidth: 20%;\n\t\t\t\t}\n\t\t\t\t#gallery-2 img {\n\t\t\t\t\tborder: 2px solid #cfcfcf;\n\t\t\t\t}\n\t\t\t\t#gallery-2 .gallery-caption {\n\t\t\t\t\tmargin-left: 0;\n\t\t\t\t}\n\t\t\t\t\/* see gallery_shortcode() in wp-includes\/media.php *\/\n\t\t\t<\/style>\n\t\t<div id='gallery-2' class='dt-gallery-container gallery galleryid-397144 gallery-columns-5 gallery-size-thumbnail'><dl class='gallery-item'>\n\t\t\t\t<dt class='gallery-icon landscape'>\n\t\t\t\t\t<a class=\"rollover rollover-zoom dt-pswp-item\" title=\"IMG-20240509-WA0073\" data-dt-img-description=\"\" data-large_image_width=\"1600\" data-large_image_height=\"1200\"href='https:\/\/www.radiopiu.net\/wordpress\/wp-content\/uploads\/2024\/07\/IMG-20240509-WA0073.jpg'><img loading=\"lazy\" decoding=\"async\" width=\"150\" height=\"150\" src=\"https:\/\/www.radiopiu.net\/wordpress\/wp-content\/uploads\/2024\/07\/IMG-20240509-WA0073-150x150.jpg\" class=\"attachment-thumbnail size-thumbnail\" alt=\"\" \/><\/a>\n\t\t\t\t<\/dt><\/dl><dl class='gallery-item'>\n\t\t\t\t<dt class='gallery-icon portrait'>\n\t\t\t\t\t<a class=\"rollover rollover-zoom dt-pswp-item\" title=\"IMG-20240605-WA0047\" data-dt-img-description=\"\" data-large_image_width=\"900\" data-large_image_height=\"1600\"href='https:\/\/www.radiopiu.net\/wordpress\/wp-content\/uploads\/2024\/07\/IMG-20240605-WA0047.jpg'><img loading=\"lazy\" decoding=\"async\" width=\"150\" height=\"150\" src=\"https:\/\/www.radiopiu.net\/wordpress\/wp-content\/uploads\/2024\/07\/IMG-20240605-WA0047-150x150.jpg\" class=\"attachment-thumbnail size-thumbnail\" alt=\"\" \/><\/a>\n\t\t\t\t<\/dt><\/dl><dl class='gallery-item'>\n\t\t\t\t<dt class='gallery-icon landscape'>\n\t\t\t\t\t<a class=\"rollover rollover-zoom dt-pswp-item\" title=\"IMG-20240509-WA0081\" data-dt-img-description=\"\" data-large_image_width=\"1600\" data-large_image_height=\"1200\"href='https:\/\/www.radiopiu.net\/wordpress\/wp-content\/uploads\/2024\/07\/IMG-20240509-WA0081.jpg'><img loading=\"lazy\" decoding=\"async\" width=\"150\" height=\"150\" src=\"https:\/\/www.radiopiu.net\/wordpress\/wp-content\/uploads\/2024\/07\/IMG-20240509-WA0081-150x150.jpg\" class=\"attachment-thumbnail size-thumbnail\" alt=\"\" \/><\/a>\n\t\t\t\t<\/dt><\/dl><dl class='gallery-item'>\n\t\t\t\t<dt class='gallery-icon landscape'>\n\t\t\t\t\t<a class=\"rollover rollover-zoom dt-pswp-item\" title=\"IMG-20240509-WA0075\" data-dt-img-description=\"\" data-large_image_width=\"1439\" data-large_image_height=\"1199\"href='https:\/\/www.radiopiu.net\/wordpress\/wp-content\/uploads\/2024\/07\/IMG-20240509-WA0075.jpg'><img loading=\"lazy\" decoding=\"async\" width=\"150\" height=\"150\" src=\"https:\/\/www.radiopiu.net\/wordpress\/wp-content\/uploads\/2024\/07\/IMG-20240509-WA0075-150x150.jpg\" class=\"attachment-thumbnail size-thumbnail\" alt=\"\" \/><\/a>\n\t\t\t\t<\/dt><\/dl><dl class='gallery-item'>\n\t\t\t\t<dt class='gallery-icon portrait'>\n\t\t\t\t\t<a class=\"rollover rollover-zoom dt-pswp-item\" title=\"IMG-20240605-WA0035 - Copia\" data-dt-img-description=\"\" data-large_image_width=\"900\" data-large_image_height=\"1600\"href='https:\/\/www.radiopiu.net\/wordpress\/wp-content\/uploads\/2024\/07\/IMG-20240605-WA0035-Copia.jpg'><img loading=\"lazy\" decoding=\"async\" width=\"150\" height=\"150\" src=\"https:\/\/www.radiopiu.net\/wordpress\/wp-content\/uploads\/2024\/07\/IMG-20240605-WA0035-Copia-150x150.jpg\" class=\"attachment-thumbnail size-thumbnail\" alt=\"\" \/><\/a>\n\t\t\t\t<\/dt><\/dl><br style=\"clear: both\" \/>\n\t\t\t<\/div>\n\n<p>&nbsp;<\/p>\n<p>&nbsp;<\/p>\n<hr \/>\n<p>&nbsp;<\/p>\n<blockquote>\n<h3>POLIZIA DI STATO E AIRBNB ASSIEME CONTRO LE TRUFFE<\/h3>\n<\/blockquote>\n<p><strong><a class=\"dt-pswp-item\" href=\"https:\/\/www.radiopiu.net\/wordpress\/wp-content\/uploads\/2024\/07\/Foto-comunicato-scaled.jpg\" data-dt-img-description=\"\" data-large_image_width=\"2560\" data-large_image_height=\"1551\"><img loading=\"lazy\" decoding=\"async\" class=\" wp-image-397233 alignleft\" src=\"https:\/\/www.radiopiu.net\/wordpress\/wp-content\/uploads\/2024\/07\/Foto-comunicato-300x182.jpg\" alt=\"\" width=\"166\" height=\"101\" srcset=\"https:\/\/www.radiopiu.net\/wordpress\/wp-content\/uploads\/2024\/07\/Foto-comunicato-300x182.jpg 300w, https:\/\/www.radiopiu.net\/wordpress\/wp-content\/uploads\/2024\/07\/Foto-comunicato-1024x620.jpg 1024w, https:\/\/www.radiopiu.net\/wordpress\/wp-content\/uploads\/2024\/07\/Foto-comunicato-768x465.jpg 768w, https:\/\/www.radiopiu.net\/wordpress\/wp-content\/uploads\/2024\/07\/Foto-comunicato-1536x931.jpg 1536w, https:\/\/www.radiopiu.net\/wordpress\/wp-content\/uploads\/2024\/07\/Foto-comunicato-2048x1241.jpg 2048w\" sizes=\"auto, (max-width: 166px) 100vw, 166px\" \/><\/a>ROMA<\/strong> Il fenomeno delle truffe online continua a crescere, colpendo soprattutto Gen Z e Millennial, nonostante la loro familiarit\u00e0 con il digitale. La Polizia di Stato e Airbnb hanno rinnovato la loro collaborazione per sensibilizzare i cittadini. Secondo il Report 2023 della Polizia Postale, le truffe online sono aumentate del 6% tra il 2022 e il 2023, con un incremento del denaro sottratto del 20%. Le nuove generazioni sono particolarmente vulnerabili, con 1 giovane su 3 nella fascia 25-34 anni vittima di truffe e-commerce. I giovani spesso utilizzano pratiche meno sicure rispetto alle generazioni precedenti, come il pagamento con bonifico o l&#8217;uso di social network per le transazioni. Airbnb e la Polizia Postale sottolineano l&#8217;importanza di prenotare e pagare solo attraverso piattaforme ufficiali per evitare truffe.<\/p>\n<p>&nbsp;<\/p>\n<hr \/>\n<p>&nbsp;<\/p>\n<p><strong><a class=\"dt-pswp-item\" href=\"https:\/\/www.radiopiu.net\/wordpress\/wp-content\/uploads\/2021\/06\/8554eb80-bb6e-4752-a6d3-57aff91a2903.jpg\" data-dt-img-description=\"\" data-large_image_width=\"768\" data-large_image_height=\"1024\"><img loading=\"lazy\" decoding=\"async\" class=\"wp-image-215003 alignleft\" src=\"https:\/\/www.radiopiu.net\/wordpress\/wp-content\/uploads\/2021\/06\/8554eb80-bb6e-4752-a6d3-57aff91a2903-225x300.jpg\" alt=\"\" width=\"103\" height=\"137\" srcset=\"https:\/\/www.radiopiu.net\/wordpress\/wp-content\/uploads\/2021\/06\/8554eb80-bb6e-4752-a6d3-57aff91a2903-225x300.jpg 225w, https:\/\/www.radiopiu.net\/wordpress\/wp-content\/uploads\/2021\/06\/8554eb80-bb6e-4752-a6d3-57aff91a2903.jpg 768w\" sizes=\"auto, (max-width: 103px) 100vw, 103px\" \/><\/a>AVVISO INCONTRO CON VENETO STRADE\u00a0<\/strong><\/p>\n<p>&nbsp;<\/p>\n<p><strong>ROCCA PIETORE\u00a0<\/strong> Il sindaco Valerio Davare convoca la popolazione per un incontro pubblico con i tecnici di Veneto Strade sui lavori della Strada Provinciale 563 di Salesei in localit\u00e0 Digonera. L&#8217;incontro si terr\u00e0 luned\u00ec 8 luglio 2024 alle ore 18:15 presso la Sala dei Pompieri a Laste. \u00c8 raccomandata la presenza dei cittadini per discutere e chiarire i lavori in corso che interessano da anni la comunit\u00e0.<\/p>\n<p>&nbsp;<\/p>\n<hr \/>\n<p>&nbsp;<\/p>\n<blockquote>\n<h3>LA GIUDIZIARIA, OGGI SUL CORRIERE DELLE ALPI DI GIGI SOSSO (sintesi)<\/h3>\n<\/blockquote>\n<blockquote>\n<h3>Pedone Investito: Impossibile Non Vederlo<\/h3>\n<\/blockquote>\n<p><strong>BELLUNO<\/strong> Secondo la ricostruzione ufficiale, era impossibile non vedere il pedone Gabriele Bettio, investito l&#8217;11 agosto 2020 a Ponte Mas. L&#8217;accusato,\u00a0 deve rispondere di lesioni stradali aggravate. Bettio, triatleta, \u00e8 stato colpito mentre correva, con la sua posizione confermata dal suo Garmin. Claudio Coral, perito della parte civile, ha dichiarato che l&#8217;auto\u00a0 ha colpito Bettio uscendo dal parcheggio, contestando la versione della difesa. Prossima udienza il 20 gennaio.<\/p>\n<p>&nbsp;<\/p>\n<hr \/>\n<p>&nbsp;<\/p>\n<blockquote>\n<h2>legambiente CINQUE VELE PER LE ACQUE, TUTELA TURISTICA E ACCOGLIENZA<\/h2>\n<\/blockquote>\n<p><strong><a class=\"dt-pswp-item\" href=\"https:\/\/www.radiopiu.net\/wordpress\/wp-content\/uploads\/2024\/07\/e9bc3a5a-a8ea-41b0-802e-c22125d1ca5e.jpg\" data-dt-img-description=\"\" data-large_image_width=\"2048\" data-large_image_height=\"1536\"><img loading=\"lazy\" decoding=\"async\" class=\"size-medium wp-image-397356 alignleft\" src=\"https:\/\/www.radiopiu.net\/wordpress\/wp-content\/uploads\/2024\/07\/e9bc3a5a-a8ea-41b0-802e-c22125d1ca5e-300x225.jpg\" alt=\"\" width=\"300\" height=\"225\" srcset=\"https:\/\/www.radiopiu.net\/wordpress\/wp-content\/uploads\/2024\/07\/e9bc3a5a-a8ea-41b0-802e-c22125d1ca5e-300x225.jpg 300w, https:\/\/www.radiopiu.net\/wordpress\/wp-content\/uploads\/2024\/07\/e9bc3a5a-a8ea-41b0-802e-c22125d1ca5e-1024x768.jpg 1024w, https:\/\/www.radiopiu.net\/wordpress\/wp-content\/uploads\/2024\/07\/e9bc3a5a-a8ea-41b0-802e-c22125d1ca5e-768x576.jpg 768w, https:\/\/www.radiopiu.net\/wordpress\/wp-content\/uploads\/2024\/07\/e9bc3a5a-a8ea-41b0-802e-c22125d1ca5e-1536x1152.jpg 1536w, https:\/\/www.radiopiu.net\/wordpress\/wp-content\/uploads\/2024\/07\/e9bc3a5a-a8ea-41b0-802e-c22125d1ca5e.jpg 2048w\" sizes=\"auto, (max-width: 300px) 100vw, 300px\" \/><\/a>Doppia promozione per i laghi di Santa Croce e del Mis, che hanno superato con ottimi risultati i test di qualit\u00e0 dell&#8217;acqua di Goletta dei Laghi e che si sono aggiudicati anche quest&#8217;anno la bandiera a cinque vele di Legambiente e Touring Club.<\/strong><\/p>\n<p>di DANIELE DAL VIT<\/p>\n<audio class=\"wp-audio-shortcode\" id=\"audio-397144-8\" preload=\"none\" style=\"width: 100%;\" controls=\"controls\"><source type=\"audio\/mpeg\" src=\"https:\/\/www.radiopiu.net\/wordpress\/wp-content\/uploads\/2024\/07\/Servizio-Goletta-dei-Laghi-2024.mp3?_=8\" \/><a href=\"https:\/\/www.radiopiu.net\/wordpress\/wp-content\/uploads\/2024\/07\/Servizio-Goletta-dei-Laghi-2024.mp3\">https:\/\/www.radiopiu.net\/wordpress\/wp-content\/uploads\/2024\/07\/Servizio-Goletta-dei-Laghi-2024.mp3<\/a><\/audio>\n<p>&nbsp;<\/p>\n<hr \/>\n<p>&nbsp;<\/p>\n<p>&nbsp;<\/p>\n<blockquote>\n<h3>SAN PELLEGRINO-FALCADE:\u00a0 IMPIANTI APERTI, DA SABATO SI SALE AL LARESEI VIA LE BUSE DA MOLINO DI FALCADE, LE ANTICIPAZIONI ALLA RADIO DI MIRCO TANCON<\/h3>\n<\/blockquote>\n<p><strong><a class=\"dt-pswp-item\" href=\"https:\/\/www.radiopiu.net\/wordpress\/wp-content\/uploads\/2024\/06\/impanti-estate-san-pellegrino.jpg\" data-dt-img-description=\"\" data-large_image_width=\"1920\" data-large_image_height=\"1080\"><img loading=\"lazy\" decoding=\"async\" class=\" wp-image-396811 alignleft\" src=\"https:\/\/www.radiopiu.net\/wordpress\/wp-content\/uploads\/2024\/06\/impanti-estate-san-pellegrino-300x169.jpg\" alt=\"\" width=\"188\" height=\"106\" srcset=\"https:\/\/www.radiopiu.net\/wordpress\/wp-content\/uploads\/2024\/06\/impanti-estate-san-pellegrino-300x169.jpg 300w, https:\/\/www.radiopiu.net\/wordpress\/wp-content\/uploads\/2024\/06\/impanti-estate-san-pellegrino-1024x576.jpg 1024w, https:\/\/www.radiopiu.net\/wordpress\/wp-content\/uploads\/2024\/06\/impanti-estate-san-pellegrino-768x432.jpg 768w, https:\/\/www.radiopiu.net\/wordpress\/wp-content\/uploads\/2024\/06\/impanti-estate-san-pellegrino-1536x864.jpg 1536w, https:\/\/www.radiopiu.net\/wordpress\/wp-content\/uploads\/2024\/06\/impanti-estate-san-pellegrino.jpg 1920w\" sizes=\"auto, (max-width: 188px) 100vw, 188px\" \/><\/a>DI MIRKO MEZZACASA<\/strong><\/p>\n<p>OSPITE: Mirco Tancon<\/p>\n<audio class=\"wp-audio-shortcode\" id=\"audio-397144-9\" preload=\"none\" style=\"width: 100%;\" controls=\"controls\"><source type=\"audio\/mpeg\" src=\"https:\/\/www.radiopiu.net\/wordpress\/wp-content\/uploads\/2024\/06\/MIRCO-TANCON.mp3?_=9\" \/><a href=\"https:\/\/www.radiopiu.net\/wordpress\/wp-content\/uploads\/2024\/06\/MIRCO-TANCON.mp3\">https:\/\/www.radiopiu.net\/wordpress\/wp-content\/uploads\/2024\/06\/MIRCO-TANCON.mp3<\/a><\/audio>\n<p>&nbsp;<\/p>\n<p>&nbsp;<\/p>\n<hr \/>\n<p>&nbsp;<\/p>\n<p>&nbsp;<\/p>\n<h3><a class=\"dt-pswp-item\" href=\"https:\/\/www.radiopiu.net\/wordpress\/wp-content\/uploads\/2024\/07\/e00c7fe4-8a21-4f0d-8653-ae351d44a5c5.jpg\" data-dt-img-description=\"\" data-large_image_width=\"1529\" data-large_image_height=\"1600\"><img loading=\"lazy\" decoding=\"async\" class=\"wp-image-397371 alignleft\" src=\"https:\/\/www.radiopiu.net\/wordpress\/wp-content\/uploads\/2024\/07\/e00c7fe4-8a21-4f0d-8653-ae351d44a5c5-287x300.jpg\" alt=\"\" width=\"187\" height=\"195\" srcset=\"https:\/\/www.radiopiu.net\/wordpress\/wp-content\/uploads\/2024\/07\/e00c7fe4-8a21-4f0d-8653-ae351d44a5c5-287x300.jpg 287w, https:\/\/www.radiopiu.net\/wordpress\/wp-content\/uploads\/2024\/07\/e00c7fe4-8a21-4f0d-8653-ae351d44a5c5-979x1024.jpg 979w, https:\/\/www.radiopiu.net\/wordpress\/wp-content\/uploads\/2024\/07\/e00c7fe4-8a21-4f0d-8653-ae351d44a5c5-768x804.jpg 768w, https:\/\/www.radiopiu.net\/wordpress\/wp-content\/uploads\/2024\/07\/e00c7fe4-8a21-4f0d-8653-ae351d44a5c5-1468x1536.jpg 1468w, https:\/\/www.radiopiu.net\/wordpress\/wp-content\/uploads\/2024\/07\/e00c7fe4-8a21-4f0d-8653-ae351d44a5c5.jpg 1529w\" sizes=\"auto, (max-width: 187px) 100vw, 187px\" \/><\/a><strong>CANTIERI OLIMPICI IN CADORE<\/strong><\/h3>\n<h3><strong>PER LE TRE RADIO, BARBARA PAOLAZZI\u00a0<\/strong><\/h3>\n<audio class=\"wp-audio-shortcode\" id=\"audio-397144-10\" preload=\"none\" style=\"width: 100%;\" controls=\"controls\"><source type=\"audio\/mpeg\" src=\"https:\/\/www.radiopiu.net\/wordpress\/wp-content\/uploads\/2024\/07\/barbara-hofer.mp3?_=10\" \/><a href=\"https:\/\/www.radiopiu.net\/wordpress\/wp-content\/uploads\/2024\/07\/barbara-hofer.mp3\">https:\/\/www.radiopiu.net\/wordpress\/wp-content\/uploads\/2024\/07\/barbara-hofer.mp3<\/a><\/audio>\n<p>&nbsp;<\/p>\n<p>&nbsp;<\/p>\n<hr \/>\n<p>&nbsp;<\/p>\n<blockquote>\n<h3>IL CONSIGLIO COMUNALE DI AGORDO, CHISSALE&#8217; GIURAMENTO BIS,\u00a0 I NUOVI INCARICHI, LE DELEGHE<\/h3>\n<\/blockquote>\n<p><span style=\"color: #ff0000;\"><strong>LA DIRETTA DI RADIOPIU<\/strong><\/span><\/p>\n<blockquote class=\"wp-embedded-content\" data-secret=\"pfhus6cXVf\"><p><a href=\"https:\/\/www.radiopiu.net\/wordpress\/il-consiglio-comunale-di-agordo-il-giuramento-del-sindaco\/\">IL CONSIGLIO COMUNALE DI AGORDO, IL GIURAMENTO DEL SINDACO<\/a><\/p><\/blockquote>\n<p><iframe loading=\"lazy\" class=\"wp-embedded-content\" sandbox=\"allow-scripts\" security=\"restricted\" style=\"position: absolute; clip: rect(1px, 1px, 1px, 1px);\" title=\"&#8220;IL CONSIGLIO COMUNALE DI AGORDO, IL GIURAMENTO DEL SINDACO&#8221; &#8212; Radio Pi\u00f9\" src=\"https:\/\/www.radiopiu.net\/wordpress\/il-consiglio-comunale-di-agordo-il-giuramento-del-sindaco\/embed\/#?secret=Hqzp0BGrpb#?secret=pfhus6cXVf\" data-secret=\"pfhus6cXVf\" width=\"600\" height=\"338\" frameborder=\"0\" marginwidth=\"0\" marginheight=\"0\" scrolling=\"no\"><\/iframe><\/p>\n<p>&nbsp;<\/p>\n<p>&nbsp;<\/p>\n<p>&nbsp;<\/p>\n<hr \/>\n<blockquote>\n<h3><\/h3>\n<h3>LEONARDO MARIA DEL VECCHIO PUNTA SUL CINEMA<\/h3>\n<\/blockquote>\n<p><strong><a class=\"dt-pswp-item\" href=\"https:\/\/www.radiopiu.net\/wordpress\/wp-content\/uploads\/2024\/05\/LEONARDO-MARIA-DEL-VECCHIO-FORBES.jpg\" data-dt-img-description=\"\" data-large_image_width=\"1537\" data-large_image_height=\"988\"><img loading=\"lazy\" decoding=\"async\" class=\" wp-image-388132 alignleft\" src=\"https:\/\/www.radiopiu.net\/wordpress\/wp-content\/uploads\/2024\/05\/LEONARDO-MARIA-DEL-VECCHIO-FORBES-300x193.jpg\" alt=\"\" width=\"129\" height=\"83\" srcset=\"https:\/\/www.radiopiu.net\/wordpress\/wp-content\/uploads\/2024\/05\/LEONARDO-MARIA-DEL-VECCHIO-FORBES-300x193.jpg 300w, https:\/\/www.radiopiu.net\/wordpress\/wp-content\/uploads\/2024\/05\/LEONARDO-MARIA-DEL-VECCHIO-FORBES-1024x658.jpg 1024w, https:\/\/www.radiopiu.net\/wordpress\/wp-content\/uploads\/2024\/05\/LEONARDO-MARIA-DEL-VECCHIO-FORBES-768x494.jpg 768w, https:\/\/www.radiopiu.net\/wordpress\/wp-content\/uploads\/2024\/05\/LEONARDO-MARIA-DEL-VECCHIO-FORBES.jpg 1537w\" sizes=\"auto, (max-width: 129px) 100vw, 129px\" \/><\/a>MILANO<\/strong> Il Family Office di Leonardo Maria Del Vecchio ha annunciato il suo primo investimento nella produzione audiovisiva, considerato un settore strategico per l&#8217;economia del Made in Italy. LMDV Capital S.r.l. ha acquisito il 13,78% delle quote di Leone Film Group S.p.A, una delle principali societ\u00e0 italiane indipendenti nel campo della produzione e distribuzione audiovisiva. (fonte: Affaritaliani.it)<\/p>\n<p>&nbsp;<\/p>\n<p>&nbsp;<\/p>\n<hr \/>\n<p>&nbsp;<\/p>\n<blockquote>\n<h3>QUARANTA RAPPRESENTANTI SINDACALI DI CGIL CISL UIL IN FORMAZIONE PER FAR CRESCERE LE COMPETENZE DELLE COMMISSIONI PARI OPPORTUNIT\u00c0 DELLE AZIENDE DEL BELLUNESE<\/h3>\n<\/blockquote>\n<p><strong><a class=\"dt-pswp-item\" href=\"https:\/\/www.radiopiu.net\/wordpress\/wp-content\/uploads\/2024\/07\/28.06-FEM-FACTOR-DOLOMITI-1.jpeg\" data-dt-img-description=\"\" data-large_image_width=\"1600\" data-large_image_height=\"1200\"><img loading=\"lazy\" decoding=\"async\" class=\" wp-image-397270 alignleft\" src=\"https:\/\/www.radiopiu.net\/wordpress\/wp-content\/uploads\/2024\/07\/28.06-FEM-FACTOR-DOLOMITI-1-300x225.jpeg\" alt=\"\" width=\"160\" height=\"120\" srcset=\"https:\/\/www.radiopiu.net\/wordpress\/wp-content\/uploads\/2024\/07\/28.06-FEM-FACTOR-DOLOMITI-1-300x225.jpeg 300w, https:\/\/www.radiopiu.net\/wordpress\/wp-content\/uploads\/2024\/07\/28.06-FEM-FACTOR-DOLOMITI-1-1024x768.jpeg 1024w, https:\/\/www.radiopiu.net\/wordpress\/wp-content\/uploads\/2024\/07\/28.06-FEM-FACTOR-DOLOMITI-1-768x576.jpeg 768w, https:\/\/www.radiopiu.net\/wordpress\/wp-content\/uploads\/2024\/07\/28.06-FEM-FACTOR-DOLOMITI-1-1536x1152.jpeg 1536w, https:\/\/www.radiopiu.net\/wordpress\/wp-content\/uploads\/2024\/07\/28.06-FEM-FACTOR-DOLOMITI-1.jpeg 1600w\" sizes=\"auto, (max-width: 160px) 100vw, 160px\" \/><\/a>SANTA GIUSTINA<\/strong> Il 28 giugno \u00e8 iniziato un percorso formativo di 15 ore per lo sviluppo delle Commissioni Pari Opportunit\u00e0 di alcune aziende bellunesi, nell&#8217;ambito del progetto Fem Factor Dolomiti. L&#8217;iniziativa, finanziata dal bando P.A.R.I. e realizzata in collaborazione con CGIL, CISL, UIL, Forcoop Cora, Ialanapia e In Principio, mira a rafforzare il ruolo delle commissioni, promuovendo una maggiore partecipazione e accesso al lavoro per le giovani donne del bellunese. Durante il corso, i partecipanti esploreranno stereotipi di genere sul lavoro e il divario di genere in Veneto, con l&#8217;obiettivo di creare un modello di intervento per un welfare territoriale efficace.<\/p>\n<p>&nbsp;<\/p>\n<p>&nbsp;<\/p>\n<hr \/>\n<p>&nbsp;<\/p>\n<blockquote>\n<h3>PRIMO CONSIGLIO COMUNALE SENZA LINEE PROGRAMMATICHE A LIMANA<\/h3>\n<\/blockquote>\n<p><strong><a class=\"dt-pswp-item\" href=\"https:\/\/www.radiopiu.net\/wordpress\/wp-content\/uploads\/2023\/10\/IMG_20231020_123623-scaled.jpg\" data-dt-img-description=\"\" data-large_image_width=\"2560\" data-large_image_height=\"1920\"><img loading=\"lazy\" decoding=\"async\" class=\" wp-image-357611 alignleft\" src=\"https:\/\/www.radiopiu.net\/wordpress\/wp-content\/uploads\/2023\/10\/IMG_20231020_123623-300x225.jpg\" alt=\"\" width=\"167\" height=\"125\" srcset=\"https:\/\/www.radiopiu.net\/wordpress\/wp-content\/uploads\/2023\/10\/IMG_20231020_123623-300x225.jpg 300w, https:\/\/www.radiopiu.net\/wordpress\/wp-content\/uploads\/2023\/10\/IMG_20231020_123623-1024x768.jpg 1024w, https:\/\/www.radiopiu.net\/wordpress\/wp-content\/uploads\/2023\/10\/IMG_20231020_123623-768x576.jpg 768w, https:\/\/www.radiopiu.net\/wordpress\/wp-content\/uploads\/2023\/10\/IMG_20231020_123623-1536x1152.jpg 1536w, https:\/\/www.radiopiu.net\/wordpress\/wp-content\/uploads\/2023\/10\/IMG_20231020_123623-2048x1536.jpg 2048w\" sizes=\"auto, (max-width: 167px) 100vw, 167px\" \/><\/a>LIMANA<\/strong> Al primo Consiglio Comunale, la nuova maggioranza si \u00e8 presentata senza le linee programmatiche, come richiesto dallo statuto del Comune, e il gruppo Oltre Limana ha subito sollevato la questione. Il capogruppo Milena De Zanet ha evidenziato che si tratta di un fatto inedito negli ultimi 15 anni, sottolineando l&#8217;importanza di presentare il programma del sindaco per garantire trasparenza e monitoraggio delle attivit\u00e0 amministrative. Il consigliere Segat ha criticato il sindaco per aver accennato a presunti contrasti tra normativa nazionale e statuto, suggerendo che avrebbe dovuto seguire la prassi consolidata. Il gruppo Oltre Limana esprime preoccupazione per le competenze dell&#8217;amministrazione nel gestire dossier pi\u00f9 complessi, data l&#8217;incapacit\u00e0 di presentare un documento di indirizzo politico-amministrativo gi\u00e0 al primo consiglio.<\/p>\n<p>&nbsp;<\/p>\n<p>&nbsp;<\/p>\n<hr \/>\n<p>&nbsp;<\/p>\n<blockquote>\n<h3>IL CONCORSO DI CONFARTIGIANATO BELLUNO ALLA 38A MOSTRA DELL&#8217;ARTIGIANATO<\/h3>\n<\/blockquote>\n<p><strong><a class=\"dt-pswp-item\" href=\"https:\/\/www.radiopiu.net\/wordpress\/wp-content\/uploads\/2024\/07\/Mostra-Artigianato-Feltre-Concorso-Design-1.jpeg\" data-dt-img-description=\"\" data-large_image_width=\"1126\" data-large_image_height=\"1200\"><img loading=\"lazy\" decoding=\"async\" class=\" wp-image-397235 alignleft\" src=\"https:\/\/www.radiopiu.net\/wordpress\/wp-content\/uploads\/2024\/07\/Mostra-Artigianato-Feltre-Concorso-Design-1-282x300.jpeg\" alt=\"\" width=\"141\" height=\"150\" srcset=\"https:\/\/www.radiopiu.net\/wordpress\/wp-content\/uploads\/2024\/07\/Mostra-Artigianato-Feltre-Concorso-Design-1-282x300.jpeg 282w, https:\/\/www.radiopiu.net\/wordpress\/wp-content\/uploads\/2024\/07\/Mostra-Artigianato-Feltre-Concorso-Design-1-961x1024.jpeg 961w, https:\/\/www.radiopiu.net\/wordpress\/wp-content\/uploads\/2024\/07\/Mostra-Artigianato-Feltre-Concorso-Design-1-768x818.jpeg 768w, https:\/\/www.radiopiu.net\/wordpress\/wp-content\/uploads\/2024\/07\/Mostra-Artigianato-Feltre-Concorso-Design-1.jpeg 1126w\" sizes=\"auto, (max-width: 141px) 100vw, 141px\" \/><\/a>FELTRE<\/strong> Sabato 29 giugno \u00e8 stato presentato il progetto vincitore del concorso di design co-promosso da Confartigianato Belluno, nell&#8217;ambito della 38a Mostra dell&#8217;Artigianato Artistico e Tradizionale di Feltre. L&#8217;architetto Danilo Santoro ha vinto con un progetto che valorizza l&#8217;artigianato locale tramite l&#8217;uso innovativo di legno, pietra e ferro battuto. La presidente di Confartigianato Imprese Belluno, Claudia Scarzanella, ha sottolineato l&#8217;importanza del concorso come ponte tra artigianato, architettura e design. Il tema era la progettazione di una lampada a LED, nelle varianti da tavolo e da terra. Dopo la premiazione, un evento di confronto ha facilitato il dialogo tra artigiani e professionisti, favorendo sinergie e opportunit\u00e0 di mercato. La collaborazione tra artigianato e design arricchisce l&#8217;offerta con prodotti unici e incrementa la competitivit\u00e0 delle aziende.<\/p>\n<p>&nbsp;<\/p>\n<p>&nbsp;<\/p>\n<hr \/>\n<p>&nbsp;<\/p>\n<blockquote>\n<h3>VOLONTARI AL LAVORO PER RIPRISTINARE I SENTIERI TRA CANALE D&#8217;AGORDO E CARFON<\/h3>\n<\/blockquote>\n<p><strong>CANALE D&#8217;AGORDO<\/strong> Grande lavoro dei volontari di Canale D&#8217;Agordo che hanno ripulito i sentieri che dal paese portano alla frazione di Carfon.<\/p>\n\n\t\t\t<style type='text\/css'>\n\t\t\t\t#gallery-3 {\n\t\t\t\t\tmargin: auto;\n\t\t\t\t}\n\t\t\t\t#gallery-3 .gallery-item {\n\t\t\t\t\tfloat: left;\n\t\t\t\t\tmargin-top: 10px;\n\t\t\t\t\ttext-align: center;\n\t\t\t\t\twidth: 25%;\n\t\t\t\t}\n\t\t\t\t#gallery-3 img {\n\t\t\t\t\tborder: 2px solid #cfcfcf;\n\t\t\t\t}\n\t\t\t\t#gallery-3 .gallery-caption {\n\t\t\t\t\tmargin-left: 0;\n\t\t\t\t}\n\t\t\t\t\/* see gallery_shortcode() in wp-includes\/media.php *\/\n\t\t\t<\/style>\n\t\t<div id='gallery-3' class='dt-gallery-container gallery galleryid-397144 gallery-columns-4 gallery-size-thumbnail'><dl class='gallery-item'>\n\t\t\t\t<dt class='gallery-icon portrait'>\n\t\t\t\t\t<a class=\"rollover rollover-zoom dt-pswp-item\" title=\"3b704f08-b341-43c4-8361-0cd42f830ef5\" data-dt-img-description=\"\" data-large_image_width=\"1200\" data-large_image_height=\"1600\"href='https:\/\/www.radiopiu.net\/wordpress\/wp-content\/uploads\/2024\/07\/3b704f08-b341-43c4-8361-0cd42f830ef5.jpg'><img loading=\"lazy\" decoding=\"async\" width=\"150\" height=\"150\" src=\"https:\/\/www.radiopiu.net\/wordpress\/wp-content\/uploads\/2024\/07\/3b704f08-b341-43c4-8361-0cd42f830ef5-150x150.jpg\" class=\"attachment-thumbnail size-thumbnail\" alt=\"\" \/><\/a>\n\t\t\t\t<\/dt><\/dl><dl class='gallery-item'>\n\t\t\t\t<dt class='gallery-icon portrait'>\n\t\t\t\t\t<a class=\"rollover rollover-zoom dt-pswp-item\" title=\"dfa2a245-08fb-457a-8dc5-cb26fb6eb597\" data-dt-img-description=\"\" data-large_image_width=\"1200\" data-large_image_height=\"1600\"href='https:\/\/www.radiopiu.net\/wordpress\/wp-content\/uploads\/2024\/07\/dfa2a245-08fb-457a-8dc5-cb26fb6eb597.jpg'><img loading=\"lazy\" decoding=\"async\" width=\"150\" height=\"150\" src=\"https:\/\/www.radiopiu.net\/wordpress\/wp-content\/uploads\/2024\/07\/dfa2a245-08fb-457a-8dc5-cb26fb6eb597-150x150.jpg\" class=\"attachment-thumbnail size-thumbnail\" alt=\"\" \/><\/a>\n\t\t\t\t<\/dt><\/dl><dl class='gallery-item'>\n\t\t\t\t<dt class='gallery-icon portrait'>\n\t\t\t\t\t<a class=\"rollover rollover-zoom dt-pswp-item\" title=\"691d79db-7e1a-4ecd-add0-453174568697\" data-dt-img-description=\"\" data-large_image_width=\"1200\" data-large_image_height=\"1600\"href='https:\/\/www.radiopiu.net\/wordpress\/wp-content\/uploads\/2024\/07\/691d79db-7e1a-4ecd-add0-453174568697.jpg'><img loading=\"lazy\" decoding=\"async\" width=\"150\" height=\"150\" src=\"https:\/\/www.radiopiu.net\/wordpress\/wp-content\/uploads\/2024\/07\/691d79db-7e1a-4ecd-add0-453174568697-150x150.jpg\" class=\"attachment-thumbnail size-thumbnail\" alt=\"\" \/><\/a>\n\t\t\t\t<\/dt><\/dl><dl class='gallery-item'>\n\t\t\t\t<dt class='gallery-icon landscape'>\n\t\t\t\t\t<a class=\"rollover rollover-zoom dt-pswp-item\" title=\"e1f608a3-64b4-4cfb-979d-be1fa85247c4\" data-dt-img-description=\"\" data-large_image_width=\"1600\" data-large_image_height=\"1200\"href='https:\/\/www.radiopiu.net\/wordpress\/wp-content\/uploads\/2024\/07\/e1f608a3-64b4-4cfb-979d-be1fa85247c4.jpg'><img loading=\"lazy\" decoding=\"async\" width=\"150\" height=\"150\" src=\"https:\/\/www.radiopiu.net\/wordpress\/wp-content\/uploads\/2024\/07\/e1f608a3-64b4-4cfb-979d-be1fa85247c4-150x150.jpg\" class=\"attachment-thumbnail size-thumbnail\" alt=\"\" \/><\/a>\n\t\t\t\t<\/dt><\/dl><br style=\"clear: both\" \/><dl class='gallery-item'>\n\t\t\t\t<dt class='gallery-icon landscape'>\n\t\t\t\t\t<a class=\"rollover rollover-zoom dt-pswp-item\" title=\"93f05dfe-a849-4472-9504-df74aa39b685\" data-dt-img-description=\"\" data-large_image_width=\"1600\" data-large_image_height=\"1200\"href='https:\/\/www.radiopiu.net\/wordpress\/wp-content\/uploads\/2024\/07\/93f05dfe-a849-4472-9504-df74aa39b685.jpg'><img loading=\"lazy\" decoding=\"async\" width=\"150\" height=\"150\" src=\"https:\/\/www.radiopiu.net\/wordpress\/wp-content\/uploads\/2024\/07\/93f05dfe-a849-4472-9504-df74aa39b685-150x150.jpg\" class=\"attachment-thumbnail size-thumbnail\" alt=\"\" \/><\/a>\n\t\t\t\t<\/dt><\/dl><dl class='gallery-item'>\n\t\t\t\t<dt class='gallery-icon portrait'>\n\t\t\t\t\t<a class=\"rollover rollover-zoom dt-pswp-item\" title=\"cd883546-1194-4cb4-b933-5f17d599a58d\" data-dt-img-description=\"\" data-large_image_width=\"1200\" data-large_image_height=\"1600\"href='https:\/\/www.radiopiu.net\/wordpress\/wp-content\/uploads\/2024\/07\/cd883546-1194-4cb4-b933-5f17d599a58d.jpg'><img loading=\"lazy\" decoding=\"async\" width=\"150\" height=\"150\" src=\"https:\/\/www.radiopiu.net\/wordpress\/wp-content\/uploads\/2024\/07\/cd883546-1194-4cb4-b933-5f17d599a58d-150x150.jpg\" class=\"attachment-thumbnail size-thumbnail\" alt=\"\" \/><\/a>\n\t\t\t\t<\/dt><\/dl><dl class='gallery-item'>\n\t\t\t\t<dt class='gallery-icon landscape'>\n\t\t\t\t\t<a class=\"rollover rollover-zoom dt-pswp-item\" title=\"809f8bfd-6814-494e-b31d-717eddecb37a\" data-dt-img-description=\"\" data-large_image_width=\"1600\" data-large_image_height=\"1200\"href='https:\/\/www.radiopiu.net\/wordpress\/wp-content\/uploads\/2024\/07\/809f8bfd-6814-494e-b31d-717eddecb37a.jpg'><img loading=\"lazy\" decoding=\"async\" width=\"150\" height=\"150\" src=\"https:\/\/www.radiopiu.net\/wordpress\/wp-content\/uploads\/2024\/07\/809f8bfd-6814-494e-b31d-717eddecb37a-150x150.jpg\" class=\"attachment-thumbnail size-thumbnail\" alt=\"\" \/><\/a>\n\t\t\t\t<\/dt><\/dl>\n\t\t\t\t<br style='clear: both' \/>\n\t\t\t<\/div>\n\n<p>&nbsp;<\/p>\n<hr \/>\n<p>&nbsp;<\/p>\n<blockquote>\n<h3>CALA IL SIPARIO SULLA 38ESIMA MOSTRA DELL&#8217;ARTIGIANATO DI FELTRE<\/h3>\n<\/blockquote>\n<p><strong>FELTRE<\/strong> Il presidente del comitato organizzatore della Mostra dell&#8217;Artigianato Artistico e Tradizionale di Feltre, Luciano Gesiot, ha dichiarato che l&#8217;edizione di quest&#8217;anno \u00e8 stata tra le migliori degli ultimi anni, con circa 150 espositori e operatori. I materiali e mestieri della tradizione veneziana sono stati i protagonisti, celebrando anche i 700 anni dalla scomparsa di Marco Polo. La manifestazione ha attirato molti visitatori, inclusi i residenti di Feltre, registrando numeri in crescita rispetto al 2023. La zona ai piedi del Castello di Alboino \u00e8 stata centrale per il concorso di forgiatura, vinto da Andrea Cosci con l&#8217;opera &#8220;Pinyin che vieni da lontano&#8221;. Il concorso &#8220;Carlo Rizzarda&#8221; \u00e8 stato vinto da Giampaolo Maniero con &#8220;Sulla via del Dragone&#8221;. Il sindaco di Feltre, Viviana Fusaro, ha espresso soddisfazione per l&#8217;evento, promettendo supporto per le future edizioni.<\/p>\n\n\t\t\t<style type='text\/css'>\n\t\t\t\t#gallery-4 {\n\t\t\t\t\tmargin: auto;\n\t\t\t\t}\n\t\t\t\t#gallery-4 .gallery-item {\n\t\t\t\t\tfloat: left;\n\t\t\t\t\tmargin-top: 10px;\n\t\t\t\t\ttext-align: center;\n\t\t\t\t\twidth: 33%;\n\t\t\t\t}\n\t\t\t\t#gallery-4 img {\n\t\t\t\t\tborder: 2px solid #cfcfcf;\n\t\t\t\t}\n\t\t\t\t#gallery-4 .gallery-caption {\n\t\t\t\t\tmargin-left: 0;\n\t\t\t\t}\n\t\t\t\t\/* see gallery_shortcode() in wp-includes\/media.php *\/\n\t\t\t<\/style>\n\t\t<div id='gallery-4' class='dt-gallery-container gallery galleryid-397144 gallery-columns-3 gallery-size-medium'><dl class='gallery-item'>\n\t\t\t\t<dt class='gallery-icon landscape'>\n\t\t\t\t\t<a class=\"rollover rollover-zoom dt-pswp-item\" title=\"Visitatori in Mostra\" data-dt-img-description=\"\" data-large_image_width=\"1920\" data-large_image_height=\"1080\"href='https:\/\/www.radiopiu.net\/wordpress\/wp-content\/uploads\/2024\/07\/Visitatori-in-Mostra.jpg'><img loading=\"lazy\" decoding=\"async\" width=\"300\" height=\"169\" src=\"https:\/\/www.radiopiu.net\/wordpress\/wp-content\/uploads\/2024\/07\/Visitatori-in-Mostra-300x169.jpg\" class=\"attachment-medium size-medium\" alt=\"\" srcset=\"https:\/\/www.radiopiu.net\/wordpress\/wp-content\/uploads\/2024\/07\/Visitatori-in-Mostra-300x169.jpg 300w, https:\/\/www.radiopiu.net\/wordpress\/wp-content\/uploads\/2024\/07\/Visitatori-in-Mostra-1024x576.jpg 1024w, https:\/\/www.radiopiu.net\/wordpress\/wp-content\/uploads\/2024\/07\/Visitatori-in-Mostra-768x432.jpg 768w, https:\/\/www.radiopiu.net\/wordpress\/wp-content\/uploads\/2024\/07\/Visitatori-in-Mostra-1536x864.jpg 1536w, https:\/\/www.radiopiu.net\/wordpress\/wp-content\/uploads\/2024\/07\/Visitatori-in-Mostra.jpg 1920w\" sizes=\"auto, (max-width: 300px) 100vw, 300px\" \/><\/a>\n\t\t\t\t<\/dt><\/dl><dl class='gallery-item'>\n\t\t\t\t<dt class='gallery-icon landscape'>\n\t\t\t\t\t<a class=\"rollover rollover-zoom dt-pswp-item\" title=\"I partecipanti al Concorso di Forgiatura\" data-dt-img-description=\"\" data-large_image_width=\"1920\" data-large_image_height=\"1080\"href='https:\/\/www.radiopiu.net\/wordpress\/wp-content\/uploads\/2024\/07\/I-partecipanti-al-Concorso-di-Forgiatura.jpg'><img loading=\"lazy\" decoding=\"async\" width=\"300\" height=\"169\" src=\"https:\/\/www.radiopiu.net\/wordpress\/wp-content\/uploads\/2024\/07\/I-partecipanti-al-Concorso-di-Forgiatura-300x169.jpg\" class=\"attachment-medium size-medium\" alt=\"\" srcset=\"https:\/\/www.radiopiu.net\/wordpress\/wp-content\/uploads\/2024\/07\/I-partecipanti-al-Concorso-di-Forgiatura-300x169.jpg 300w, https:\/\/www.radiopiu.net\/wordpress\/wp-content\/uploads\/2024\/07\/I-partecipanti-al-Concorso-di-Forgiatura-1024x576.jpg 1024w, https:\/\/www.radiopiu.net\/wordpress\/wp-content\/uploads\/2024\/07\/I-partecipanti-al-Concorso-di-Forgiatura-768x432.jpg 768w, https:\/\/www.radiopiu.net\/wordpress\/wp-content\/uploads\/2024\/07\/I-partecipanti-al-Concorso-di-Forgiatura-1536x864.jpg 1536w, https:\/\/www.radiopiu.net\/wordpress\/wp-content\/uploads\/2024\/07\/I-partecipanti-al-Concorso-di-Forgiatura.jpg 1920w\" sizes=\"auto, (max-width: 300px) 100vw, 300px\" \/><\/a>\n\t\t\t\t<\/dt><\/dl><dl class='gallery-item'>\n\t\t\t\t<dt class='gallery-icon landscape'>\n\t\t\t\t\t<a class=\"rollover rollover-zoom dt-pswp-item\" title=\"I vincitori del premio Carlo Rizzarda\" data-dt-img-description=\"\" data-large_image_width=\"1920\" data-large_image_height=\"1080\"href='https:\/\/www.radiopiu.net\/wordpress\/wp-content\/uploads\/2024\/07\/I-vincitori-del-premio-Carlo-Rizzarda.jpg'><img loading=\"lazy\" decoding=\"async\" width=\"300\" height=\"169\" src=\"https:\/\/www.radiopiu.net\/wordpress\/wp-content\/uploads\/2024\/07\/I-vincitori-del-premio-Carlo-Rizzarda-300x169.jpg\" class=\"attachment-medium size-medium\" alt=\"\" srcset=\"https:\/\/www.radiopiu.net\/wordpress\/wp-content\/uploads\/2024\/07\/I-vincitori-del-premio-Carlo-Rizzarda-300x169.jpg 300w, https:\/\/www.radiopiu.net\/wordpress\/wp-content\/uploads\/2024\/07\/I-vincitori-del-premio-Carlo-Rizzarda-1024x576.jpg 1024w, https:\/\/www.radiopiu.net\/wordpress\/wp-content\/uploads\/2024\/07\/I-vincitori-del-premio-Carlo-Rizzarda-768x432.jpg 768w, https:\/\/www.radiopiu.net\/wordpress\/wp-content\/uploads\/2024\/07\/I-vincitori-del-premio-Carlo-Rizzarda-1536x864.jpg 1536w, https:\/\/www.radiopiu.net\/wordpress\/wp-content\/uploads\/2024\/07\/I-vincitori-del-premio-Carlo-Rizzarda.jpg 1920w\" sizes=\"auto, (max-width: 300px) 100vw, 300px\" \/><\/a>\n\t\t\t\t<\/dt><\/dl><br style=\"clear: both\" \/>\n\t\t\t<\/div>\n\n<p>&nbsp;<\/p>\n<hr \/>\n<p>&nbsp;<\/p>\n<blockquote>\n<h3>CON I BANDI CARIVERONA DUE PROGETTI A BELLUNO<\/h3>\n<\/blockquote>\n<p><strong><a class=\"dt-pswp-item\" href=\"https:\/\/www.radiopiu.net\/wordpress\/wp-content\/uploads\/2024\/05\/CARIVERONA.jpg\" data-dt-img-description=\"\" data-large_image_width=\"2048\" data-large_image_height=\"2048\"><img loading=\"lazy\" decoding=\"async\" class=\" wp-image-389215 alignleft\" src=\"https:\/\/www.radiopiu.net\/wordpress\/wp-content\/uploads\/2024\/05\/CARIVERONA-300x300.jpg\" alt=\"\" width=\"101\" height=\"101\" srcset=\"https:\/\/www.radiopiu.net\/wordpress\/wp-content\/uploads\/2024\/05\/CARIVERONA-300x300.jpg 300w, https:\/\/www.radiopiu.net\/wordpress\/wp-content\/uploads\/2024\/05\/CARIVERONA-1024x1024.jpg 1024w, https:\/\/www.radiopiu.net\/wordpress\/wp-content\/uploads\/2024\/05\/CARIVERONA-150x150.jpg 150w, https:\/\/www.radiopiu.net\/wordpress\/wp-content\/uploads\/2024\/05\/CARIVERONA-768x768.jpg 768w, https:\/\/www.radiopiu.net\/wordpress\/wp-content\/uploads\/2024\/05\/CARIVERONA-1536x1536.jpg 1536w, https:\/\/www.radiopiu.net\/wordpress\/wp-content\/uploads\/2024\/05\/CARIVERONA.jpg 2048w\" sizes=\"auto, (max-width: 101px) 100vw, 101px\" \/><\/a>VERONA<\/strong> Fondazione Cariverona sostiene 15 progetti con oltre 500mila euro attraverso il bando Sinergie, promuovendo la collaborazione tra settori profit e non-profit per sostenibilit\u00e0 ambientale, sviluppo economico e innovazione sociale. Questi progetti, distribuiti tra Verona, Vicenza, Belluno, Mantova e Ancona, sono nati grazie alla condivisione di obiettivi e competenze tra enti del terzo settore e aziende locali. Il presidente Bruno Giordano ha espresso soddisfazione per la qualit\u00e0 dei progetti, sottolineando l&#8217;importanza della cooperazione tra realt\u00e0 diverse. I progetti spaziano dall\u2019inclusione lavorativa all\u2019economia circolare, con un focus sulla sostenibilit\u00e0 economica e il coinvolgimento di tutti i partner. A Belluno, il progetto Al.Pe.S. Ambiente coinvolge persone svantaggiate nella produzione di compost bio, mentre l\u2019iniziativa Il valore della reputazione mira a sviluppare un welfare territoriale innovativo attraverso la collaborazione tra profit e non-profit, migliorando competenze e strategie di fundraising.<\/p>\n<p>&nbsp;<\/p>\n<p>&nbsp;<\/p>\n<hr \/>\n<p>&nbsp;<\/p>\n<blockquote class=\"wp-embedded-content\" data-secret=\"jRhi3glDCP\"><p><a href=\"https:\/\/www.radiopiu.net\/wordpress\/feltre-un-mondo-artigianale-alla-radio-diretta-radiopiu-da-piazza-maggiore\/\">FELTRE, UN MONDO ARTIGIANALE ALLA RADIO, diretta radiopiu da piazza maggiore<\/a><\/p><\/blockquote>\n<p><iframe loading=\"lazy\" class=\"wp-embedded-content\" sandbox=\"allow-scripts\" security=\"restricted\" style=\"position: absolute; clip: rect(1px, 1px, 1px, 1px);\" title=\"&#8220;FELTRE, UN MONDO ARTIGIANALE ALLA RADIO, diretta radiopiu da piazza maggiore&#8221; &#8212; Radio Pi\u00f9\" src=\"https:\/\/www.radiopiu.net\/wordpress\/feltre-un-mondo-artigianale-alla-radio-diretta-radiopiu-da-piazza-maggiore\/embed\/#?secret=LqsSjl4gDy#?secret=jRhi3glDCP\" data-secret=\"jRhi3glDCP\" width=\"600\" height=\"338\" frameborder=\"0\" marginwidth=\"0\" marginheight=\"0\" scrolling=\"no\"><\/iframe><\/p>\n<p>&nbsp;<\/p>\n<hr \/>\n<p>&nbsp;<\/p>\n<h2><span style=\"color: #ff0000;\">CONSIGLI COMUNALI IN AGORDINO<\/span><\/h2>\n<p><strong>FALCADE<\/strong> Il Consiglio Comunale di Falcade si riunir\u00e0 venerd\u00ec alle 20. Tra i punti da discutere le modifiche ai programmi dei lavori pubblici e delle forniture per il triennio 2024-2026, 12^ variazione al bilancio di previsione 2024-2026, e potenziamento del collegamento sciabile con l&#8217;area del Passo San Pellegrino.<\/p>\n<p>&nbsp;<\/p>\n<p>&nbsp;<\/p>\n<hr \/>\n<p>&nbsp;<\/p>\n<blockquote>\n<h3>40 ORE DI LABORATORI ESTIVI SULLE EMOZIONI DEI VOLONTARI<\/h3>\n<\/blockquote>\n<p><strong>BELLUNO<\/strong> Sono in partenza i laboratori sulle emozioni per i ragazzi volontari delle strutture dell\u2019Opera Diocesana di Assistenza Religiosa (ODAR) a Cavallino Treporti e Auronzo. Organizzati dal Centro Italiano di Solidariet\u00e0 (CeIS) di Belluno, nell\u2019ambito del progetto \u201cCreativit\u00e0 per la Libert\u00e0\u201d, questi laboratori arricchiscono la proposta \u201cUn\u2019estate volontariamente\u201d, promossa da ODAR con l\u2019Associazione Amici dei Disabili e dei Minori. Circa 250 ragazzi tra i 14 e i 18 anni parteciperanno a 40 ore di attivit\u00e0 di gruppo per approfondire la conoscenza delle emozioni e sperimentarsi nella comunicazione e relazione tramite tecniche di movimento espressivo e laboratori pratici.<\/p>\n<p>&nbsp;<\/p>\n<p>&nbsp;<\/p>\n<hr \/>\n<p>&nbsp;<\/p>\n<p>&nbsp;<\/p>\n<blockquote>\n<h3>Programmazione Estiva delle Biblioteche della Valle del Biois<\/h3>\n<\/blockquote>\n<blockquote><p><img loading=\"lazy\" decoding=\"async\" class=\"alignleft\" src=\"https:\/\/www.radiopiu.net\/wordpress\/wp-content\/uploads\/2024\/07\/Senza-nome-2.png\" width=\"195\" height=\"168\" \/><strong>VALLE DEL BIOIS<\/strong> La programmazione estiva delle Biblioteche della Valle del Biois (Falcade, Canale, Vallada) offre un ricco calendario di eventi per promuovere incontri, arricchimento culturale e informazione. La maggior parte degli operatori sono volontari, impegnati a rendere le risorse accessibili a tutti. Le biblioteche offrono prestiti gratuiti di libri e il servizio di interprestito librario. Il primo evento sar\u00e0 il concerto del cantautore Benito Madonia, il 11 luglio a Canale d\u2019Agordo, seguito dall\u2019incontro con il geologo Vittorio Fenti il 14 luglio. Queste iniziative arricchiscono la vita culturale della valle e coinvolgono la comunit\u00e0<\/p><\/blockquote>\n<div class=\"mt-1 flex gap-3 empty:hidden juice:-ml-3\">\n<div class=\"items-center justify-start rounded-xl p-1 flex\"><\/div>\n<\/div>\n<p>&nbsp;<\/p>\n<p>&nbsp;<\/p>\n<hr \/>\n<p>&nbsp;<\/p>\n<blockquote>\n<h3><a class=\"dt-pswp-item\" href=\"https:\/\/www.radiopiu.net\/wordpress\/wp-content\/uploads\/2024\/06\/Tisoi-7-luglio.jpg\" data-dt-img-description=\"\" data-large_image_width=\"1199\" data-large_image_height=\"1600\"><img loading=\"lazy\" decoding=\"async\" class=\" wp-image-396842 alignleft\" src=\"https:\/\/www.radiopiu.net\/wordpress\/wp-content\/uploads\/2024\/06\/Tisoi-7-luglio-225x300.jpg\" alt=\"\" width=\"131\" height=\"175\" srcset=\"https:\/\/www.radiopiu.net\/wordpress\/wp-content\/uploads\/2024\/06\/Tisoi-7-luglio-225x300.jpg 225w, https:\/\/www.radiopiu.net\/wordpress\/wp-content\/uploads\/2024\/06\/Tisoi-7-luglio-767x1024.jpg 767w, https:\/\/www.radiopiu.net\/wordpress\/wp-content\/uploads\/2024\/06\/Tisoi-7-luglio-768x1025.jpg 768w, https:\/\/www.radiopiu.net\/wordpress\/wp-content\/uploads\/2024\/06\/Tisoi-7-luglio-1151x1536.jpg 1151w, https:\/\/www.radiopiu.net\/wordpress\/wp-content\/uploads\/2024\/06\/Tisoi-7-luglio.jpg 1199w\" sizes=\"auto, (max-width: 131px) 100vw, 131px\" \/><\/a>LE USCITE CON IL FAI DI BELLUNO<\/h3>\n<\/blockquote>\n<p><strong>BELLUNO<\/strong> La delegazione FAI di Belluno organizza un&#8217;escursione estiva per esplorare tre piccole chiese fuori citt\u00e0, domenica 7 luglio. L&#8217;incontro \u00e8 alle 14:45 presso la chiesa di Tisoi, con partenza alle 15:00. Il percorso di 6,5 km, su stradine asfaltate in contesto rurale, offre panorami montani e include le chiese dei Santi Simone e Giuda a Zeneghe, San Bernardino a Giazzoi e San Nicol\u00f2 ai Zei, eccezionalmente aperte per l&#8217;occasione. Un esperto di arte e cultura locale accompagner\u00e0 i partecipanti. La passeggiata, con 150 metri di dislivello, \u00e8 riservata a un massimo di 30 partecipanti, previa prenotazione. Il contributo richiesto varia da 4 a 8 euro, mentre i bambini fino a 10 anni partecipano gratuitamente.<\/p>\n<p>&nbsp;<\/p>\n<p>&nbsp;<\/p>\n<hr \/>\n<p>&nbsp;<\/p>\n<h2><span style=\"color: #ff6600;\">ALLA RADIO<\/span><\/h2>\n<h2><span style=\"color: #ff0000;\">OGGI COME IERI di e con SILVIA BALDO<\/span><\/h2>\n<p><img decoding=\"async\" class=\"aligncenter\" src=\"https:\/\/www.radiopiu.net\/wordpress\/wp-content\/uploads\/2023\/09\/309000774_10222572118595513_7956305457803922499_n.jpg\" \/><\/p>\n<p><strong>\u00a0 \u00a0 \u00a0\u00a0<\/strong><\/p>\n<p><strong>PUNTATA DEL 01 LUGLIO<\/strong><\/p>\n<audio class=\"wp-audio-shortcode\" id=\"audio-397144-11\" preload=\"none\" style=\"width: 100%;\" controls=\"controls\"><source type=\"audio\/mpeg\" src=\"https:\/\/www.radiopiu.net\/wordpress\/wp-content\/uploads\/2024\/01\/SIBI-13.mp3?_=11\" \/><a href=\"https:\/\/www.radiopiu.net\/wordpress\/wp-content\/uploads\/2024\/01\/SIBI-13.mp3\">https:\/\/www.radiopiu.net\/wordpress\/wp-content\/uploads\/2024\/01\/SIBI-13.mp3<\/a><\/audio>\n<p>&nbsp;<\/p>\n<h2>LA RACCOLTA COMPLETA <a href=\"https:\/\/www.radiopiu.net\/wordpress\/alle-nove-oggi-come-ieri-di-e-con-silvia-baldo\/\"><span style=\"color: #3366ff;\">CLICCA QUI<\/span><\/a><\/h2>\n<p>&nbsp;<\/p>\n<hr \/>\n<p>&nbsp;<\/p>\n<h2><span style=\"color: #00ccff;\">SALUTE E SOCIETA&#8217;<\/span><\/h2>\n<p><strong><a class=\"dt-pswp-item\" href=\"https:\/\/www.radiopiu.net\/wordpress\/wp-content\/uploads\/2024\/07\/652f01bb-80b1-4cb5-0573-d6e41713339e.jpg\" data-dt-img-description=\"\" data-large_image_width=\"800\" data-large_image_height=\"445\"><img loading=\"lazy\" decoding=\"async\" class=\" wp-image-397225 alignleft\" src=\"https:\/\/www.radiopiu.net\/wordpress\/wp-content\/uploads\/2024\/07\/652f01bb-80b1-4cb5-0573-d6e41713339e-300x167.jpg\" alt=\"\" width=\"144\" height=\"80\" srcset=\"https:\/\/www.radiopiu.net\/wordpress\/wp-content\/uploads\/2024\/07\/652f01bb-80b1-4cb5-0573-d6e41713339e-300x167.jpg 300w, https:\/\/www.radiopiu.net\/wordpress\/wp-content\/uploads\/2024\/07\/652f01bb-80b1-4cb5-0573-d6e41713339e-768x427.jpg 768w, https:\/\/www.radiopiu.net\/wordpress\/wp-content\/uploads\/2024\/07\/652f01bb-80b1-4cb5-0573-d6e41713339e.jpg 800w\" sizes=\"auto, (max-width: 144px) 100vw, 144px\" \/><\/a>PUNTATA DEL 01 LUGLIO 2024<\/strong><\/p>\n<p><strong>Epilessia, speciale LICE <\/strong>In occasione della 47\u00b0 edizione del Congresso nazionale della Lega italiana contro l\u2019epilessia (Lice) alla presenza di oltre 700 specialisti, in corso a Roma dal 5 al 7 giugno, si chiude con grande successo la campagna di sensibilizzazione Lice e Fondazione Lice \u201cEpilessia al cinema: racconti di storie reali. Incontri con le scuole\u201d in collaborazione con Anec (Associazione nazionale esercenti cinema), e \u2018Metti in panchina l\u2019epilessia\u2019, con la collocazione di numerose panchine viola in tutta Italia, per sensibilizzare le persone sull\u2019importanza dell\u2019inclusione sociale e combattere tutti insieme lo stigma che la malattia comporta.<\/p>\n<audio class=\"wp-audio-shortcode\" id=\"audio-397144-12\" preload=\"none\" style=\"width: 100%;\" controls=\"controls\"><source type=\"audio\/mpeg\" src=\"https:\/\/www.radiopiu.net\/wordpress\/wp-content\/uploads\/2024\/07\/SALUTE.mp3?_=12\" \/><a href=\"https:\/\/www.radiopiu.net\/wordpress\/wp-content\/uploads\/2024\/07\/SALUTE.mp3\">https:\/\/www.radiopiu.net\/wordpress\/wp-content\/uploads\/2024\/07\/SALUTE.mp3<\/a><\/audio>\n<p>&nbsp;<\/p>\n<hr \/>\n<p>&nbsp;<\/p>\n<blockquote>\n<h2>VENERDI IL TOP DEL MONDO CORALE NELL&#8217;ARCIDIACONALE<\/h2>\n<\/blockquote>\n<p><img loading=\"lazy\" decoding=\"async\" class=\"alignleft\" src=\"https:\/\/www.radiopiu.net\/wordpress\/wp-content\/uploads\/2024\/07\/Cantemus-Childrens-Choir.jpg\" width=\"258\" height=\"172\" \/><strong>AGORDO<\/strong> Venerd\u00ec 5 luglio, alle ore 21 presso la Chiesa Arcidiaconale di Agordo, si terr\u00e0 un evento straordinario con l\u2019esibizione del \u201cCantemus Children\u2019s Choir\u201d, coro giovanile femminile ungherese di fama mondiale, diretto dal Maestro D\u00e9nes Szab\u00f3. D\u00e9nes Szab\u00f3, figura di spicco nel panorama corale internazionale, ha fondato il coro nel 1975. Dopo aver studiato musica a Szeged, Miskolc e Budapest, Szab\u00f3 inizi\u00f2 a insegnare alla Scuola Elementare \u201cZolt\u00e1n Kod\u00e1ly\u201d di Ny\u00edregyh\u00e1za, dove ogni giorno si tengono lezioni musicali e vocali. Il &#8220;Cantemus Children\u2019s Choir&#8221; \u00e8 parte di un istituto corale che include anche il \u201cPro Musica Girls\u2019 Choir\u201d e il \u201cCantemus Mixed Voice Choir\u201d. Cantemus si esibisce globalmente e partecipa a numerosi concorsi internazionali. L&#8217;evento ad Agordo \u00e8 organizzato dal Coro Misto Polifonico di Trichiana, in collaborazione con l\u2019ASAC e grazie all\u2019impegno di Paolo Gardenal, presidente del Coro di Trichiana. Cantemus si esibir\u00e0 anche il 6 luglio a Trichiana e il 7 luglio a Par\u00e8 di Conegliano. La serata vedr\u00e0 anche le performance del Coro Val Biois e delle voci bianche della \u201cScuola interregionale di Canto e Teatro\u201d, un progetto che unisce bambini e ragazzi delle Dolomiti.<\/p>\n<p>&nbsp;<\/p>\n<p>&nbsp;<\/p>\n<p>&nbsp;<\/p>\n<hr \/>\n<p>&nbsp;<\/p>\n<h2><span style=\"color: #993300;\">PERITI MINERARI DALL\u2019AGORDINO AL MONDO<\/span><\/h2>\n<p><strong>REDAZIONE<\/strong> Continua la serie di racconti con i periti minerari agordini. Nelle prossime quattro puntate la storia di Adriano Zasso. I racconti dei periti minerari agordini che hanno lavorato nel mondo, ogni luned\u00ec alle 10:30 e alle 19 su Radio Pi\u00f9.<\/p>\n<p><iframe loading=\"lazy\" title=\"ADRIANO ZASSO\" width=\"1200\" height=\"675\" src=\"https:\/\/www.youtube.com\/embed\/bAkH3XQoHyQ?feature=oembed\" frameborder=\"0\" allow=\"accelerometer; autoplay; clipboard-write; encrypted-media; gyroscope; picture-in-picture; web-share\" referrerpolicy=\"strict-origin-when-cross-origin\" allowfullscreen><\/iframe><\/p>\n<p>&nbsp;<\/p>\n<h2><strong>LA RACCOLTA COMPLETA <a href=\"https:\/\/www.radiopiu.net\/wordpress\/periti-minerari-dallagordino-al-mondo\/\"><span style=\"color: #0000ff;\">CLICCA QUI<\/span><\/a><\/strong><a href=\"https:\/\/www.radiopiu.net\/wordpress\/periti-minerari-dallagordino-al-mondo\/\"><span style=\"color: #0000ff;\">\u00a0<\/span><\/a><\/h2>\n<p>&nbsp;<\/p>\n<hr \/>\n<p>&nbsp;<\/p>\n<h2><span style=\"color: #993366;\"><a class=\"dt-pswp-item\" href=\"https:\/\/www.radiopiu.net\/wordpress\/wp-content\/uploads\/2024\/06\/c2f4f425-e175-4bc7-918a-e3d1330c6c31.jpg\" data-dt-img-description=\"\" data-large_image_width=\"1080\" data-large_image_height=\"907\"><img loading=\"lazy\" decoding=\"async\" class=\" wp-image-393091 alignleft\" src=\"https:\/\/www.radiopiu.net\/wordpress\/wp-content\/uploads\/2024\/06\/c2f4f425-e175-4bc7-918a-e3d1330c6c31-300x252.jpg\" alt=\"\" width=\"119\" height=\"100\" srcset=\"https:\/\/www.radiopiu.net\/wordpress\/wp-content\/uploads\/2024\/06\/c2f4f425-e175-4bc7-918a-e3d1330c6c31-300x252.jpg 300w, https:\/\/www.radiopiu.net\/wordpress\/wp-content\/uploads\/2024\/06\/c2f4f425-e175-4bc7-918a-e3d1330c6c31-1024x860.jpg 1024w, https:\/\/www.radiopiu.net\/wordpress\/wp-content\/uploads\/2024\/06\/c2f4f425-e175-4bc7-918a-e3d1330c6c31-768x645.jpg 768w, https:\/\/www.radiopiu.net\/wordpress\/wp-content\/uploads\/2024\/06\/c2f4f425-e175-4bc7-918a-e3d1330c6c31.jpg 1080w\" sizes=\"auto, (max-width: 119px) 100vw, 119px\" \/><\/a><span style=\"color: #ff00ff;\">ZAINO DA VIAGGIO AL FEMMINILE<\/span><\/span><\/h2>\n<p><strong>IL PROGRAMMA DI PAOLA LANCIATO<\/strong><\/p>\n<p>OTTAVA PUNTATA: GIBELLINA<\/p>\n<blockquote class=\"wp-embedded-content\" data-secret=\"L64Zs0Qbsh\"><p><a href=\"https:\/\/www.radiopiu.net\/wordpress\/zaino-femminile-lanciato\/\">Zaino da viaggio al femminile<\/a><\/p><\/blockquote>\n<p><iframe loading=\"lazy\" class=\"wp-embedded-content\" sandbox=\"allow-scripts\" security=\"restricted\" style=\"position: absolute; clip: rect(1px, 1px, 1px, 1px);\" title=\"&#8220;Zaino da viaggio al femminile&#8221; &#8212; Radio Pi\u00f9\" src=\"https:\/\/www.radiopiu.net\/wordpress\/zaino-femminile-lanciato\/embed\/#?secret=Vr5Fdagbua#?secret=L64Zs0Qbsh\" data-secret=\"L64Zs0Qbsh\" width=\"600\" height=\"338\" frameborder=\"0\" marginwidth=\"0\" marginheight=\"0\" scrolling=\"no\"><\/iframe><\/p>\n<hr \/>\n<p>&nbsp;<\/p>\n<h2><span style=\"color: #808000;\">I RACCONTI DI PAOLO SOPPELSA<\/span><\/h2>\n<p><strong>RITORNO A VALLE IMPERINA <\/strong><\/p>\n<p><strong>AUDIO<\/strong><\/p>\n<audio class=\"wp-audio-shortcode\" id=\"audio-397144-13\" preload=\"none\" style=\"width: 100%;\" controls=\"controls\"><source type=\"audio\/mpeg\" src=\"https:\/\/www.radiopiu.net\/wordpress\/wp-content\/uploads\/2024\/06\/PAOLOS-4.mp3?_=13\" \/><a href=\"https:\/\/www.radiopiu.net\/wordpress\/wp-content\/uploads\/2024\/06\/PAOLOS-4.mp3\">https:\/\/www.radiopiu.net\/wordpress\/wp-content\/uploads\/2024\/06\/PAOLOS-4.mp3<\/a><\/audio>\n<p>&nbsp;<\/p>\n<p><a class=\"dt-pswp-item\" href=\"https:\/\/www.radiopiu.net\/wordpress\/wp-content\/uploads\/2024\/06\/6f269d2c-1d55-4028-9a29-64eb1103e10a.jpg\" data-dt-img-description=\"\" data-large_image_width=\"1600\" data-large_image_height=\"1200\"><img loading=\"lazy\" decoding=\"async\" class=\" wp-image-397078 alignleft\" src=\"https:\/\/www.radiopiu.net\/wordpress\/wp-content\/uploads\/2024\/06\/6f269d2c-1d55-4028-9a29-64eb1103e10a-300x225.jpg\" alt=\"\" width=\"179\" height=\"134\" srcset=\"https:\/\/www.radiopiu.net\/wordpress\/wp-content\/uploads\/2024\/06\/6f269d2c-1d55-4028-9a29-64eb1103e10a-300x225.jpg 300w, https:\/\/www.radiopiu.net\/wordpress\/wp-content\/uploads\/2024\/06\/6f269d2c-1d55-4028-9a29-64eb1103e10a-1024x768.jpg 1024w, https:\/\/www.radiopiu.net\/wordpress\/wp-content\/uploads\/2024\/06\/6f269d2c-1d55-4028-9a29-64eb1103e10a-768x576.jpg 768w, https:\/\/www.radiopiu.net\/wordpress\/wp-content\/uploads\/2024\/06\/6f269d2c-1d55-4028-9a29-64eb1103e10a-1536x1152.jpg 1536w, https:\/\/www.radiopiu.net\/wordpress\/wp-content\/uploads\/2024\/06\/6f269d2c-1d55-4028-9a29-64eb1103e10a.jpg 1600w\" sizes=\"auto, (max-width: 179px) 100vw, 179px\" \/><\/a>Com&#8217;era cambiata la valle rispetto a quel giorno di maggio di tre anni fa in cui mi ero inoltrato lungo la strada sterrata che conduce nel cuore di Valle Imperina. In quel pomeriggio di leggera pioviggine non c&#8217;era nessuno ad ascoltare il canto d&#8217;acqua del torrente che scorre fra le pietre color ruggine. A quel tempo la vegetazione sembrava voler ingoiare quel luogo di fatiche e storia, la strada era stanca, un ponte era malmesso e l&#8217;atmosfera, complice il grigiore che avvolgeva la valle in quel giorno umido, era malinconica. Tre anni pi\u00f9 tardi, invece, c&#8217;era uno sprazzo di sole e un bel gruppo di persone pronte ad iniziare il percorso che le avrebbe condotte nel cuore della valle. Io ero l\u00ec, insieme a loro, a vivere finalmente un momento importante che attendevo da lungo tempo. Ero bambino quando durante il perenne peregrinare lungo la Strada Madre, giunti all&#8217;altezza delle Miniere mi incollavo al finestrino per ammirare quel villaggio fantasma situato aldil\u00e0 del Cordevole. Avevo vissuto gli ultimi anni dell\u2019oblio calato su quegli edifici che anno dopo anno si disfacevano sempre pi\u00f9, poi avevo seguito la rinascita e infine i nuovi silenzi che erano scesi su questo antico villaggio di minatori. Ora quei silenzi erano scemati e per me era giunto il tempo di aggiungere un ulteriore tassello a questa storia che mi lega a questo luogo storico. Circa venti minuti di cammino mi separavano dall&#8217;ingresso della galleria Santa Barbara, venti minuti trascorsi camminando in leggera salita fino a raggiungere il portale di questo antico accesso alla miniera. Dopo avere indossato la mantellina e il caschetto ecco il varcare la soglia della galleria; pietre incastrate ad arte che hanno resistito ai secoli permettono di percorrere i primi metri, poi \u00e8 nuda roccia scura illuminata dalle lampade elettriche. Un mondo umido sul cui fondo scorre un rigagnolo d&#8217;acqua, un mondo antico che trasuda fatica. Qualche goccia d&#8217;acqua che scende lungo le pareti, le voci amplificate e poi la scala di pietra che ci riporta all&#8217;esterno. Ho pensato all&#8217;uscita dei minatori dopo lunghe ore di lavoro, ho immaginato i loro occhi che faticavano ad affrontare la luce del sole, il loro momentaneo sollievo provato nell&#8217;attimo in cui abbandonavano momentaneamente quel luogo di fatica e pericoli. Poi un altro tratto di strada sterrata fino a raggiungere il Pozzo Capitale. Una scala in ferro ci conduce qualche metro sotto il piano stradale e ci permette di entrare nella galleria Fusinella. Incute soggezione questa galleria dalla cui volta scende parecchia acqua. \u00c8 stretta ma non molto lunga, e a circa met\u00e0 percorso una breve deviazione ci permette di visitare il Pozzo Capitale. \u00c8 un affacciarsi su di un baratro oscuro che attrae e spaventa allo stesso tempo. Sul fondo si intravede dell&#8217;acqua e questa visione inquieta e induce a riflettere in merito alla vita vissuta da quegli uomini coraggiosi che si calavano nelle viscere di questa terra agordina. Pochi minuti dopo aver guadagnato l&#8217;uscita mi ritrovo a attraversare il torrente Imperina fino a raggiungere l&#8217;ingresso della galleria Magni, la pi\u00f9 recente, quella che conduce al Pozzo Donegani. Si cammina bene lungo l\u2019ampia galleria rivestita in cemento, e in breve raggiungo il grande antro in cui erano presenti gli ascensori. In questo tempio consacrato alla fatica si pu\u00f2 notare come la roccia, apparentemente immobile sia in realt\u00e0 viva, e ci\u00f2 \u00e8 testimoniato dalle massicce putrelle in ferro posate a rinforzo della volta che si mostrano piegate da una forza immane che impressiona. Ritornati al villaggio, un&#8217;ultima importante sosta per visitare i Forni Fusori situati all&#8217;interno di un edificio carico di storia, custode di memorie che inducono a riflessioni accompagnate dal canto del torrente che scorre nei pressi. Mentre mi apprestavo a lasciare le Miniere osservavo quelle possenti mura tirate s\u00f9 con sapienza e fatica e pensavo a quelle vite consumate in galleria, e in quegli attimi mi sono venute in mente le parole di uno struggente canto di montagna dedicato ai minatori;<br \/>\n&#8220;&#8230;Oh Santa Barbara<br \/>\nprega pei minatori<br \/>\nsempre in periglio<br \/>\ndella lor vita\u2026&#8221;<\/p>\n<p>&nbsp;<\/p>\n<p>&nbsp;<\/p>\n<hr \/>\n<p>&nbsp;<\/p>\n<h2><span style=\"color: #ff0000;\">DAL SITO DI RADIO PIU&#8230; ALCUNI PODCAST, I PIU&#8217; VISUALIZZATI NELLA SETTIMANA&#8230;\u00a0<\/span><\/h2>\n<blockquote class=\"wp-embedded-content\" data-secret=\"mx50I7OVVr\"><p><a href=\"https:\/\/www.radiopiu.net\/wordpress\/biblioteca-del-territorio-i-podcast-di-radiopiu\/\">BIBLIOTECA DEL TERRITORIO&#8230; I PODCAST DI RADIOPIU<\/a><\/p><\/blockquote>\n<p><iframe loading=\"lazy\" class=\"wp-embedded-content\" sandbox=\"allow-scripts\" security=\"restricted\" style=\"position: absolute; clip: rect(1px, 1px, 1px, 1px);\" title=\"&#8220;BIBLIOTECA DEL TERRITORIO&#8230; I PODCAST DI RADIOPIU&#8221; &#8212; Radio Pi\u00f9\" src=\"https:\/\/www.radiopiu.net\/wordpress\/biblioteca-del-territorio-i-podcast-di-radiopiu\/embed\/#?secret=f0lUbiwUaU#?secret=mx50I7OVVr\" data-secret=\"mx50I7OVVr\" width=\"600\" height=\"338\" frameborder=\"0\" marginwidth=\"0\" marginheight=\"0\" scrolling=\"no\"><\/iframe><\/p>\n<p>&nbsp;<\/p>\n<blockquote class=\"wp-embedded-content\" data-secret=\"3ihI3tPJvn\"><p><a href=\"https:\/\/www.radiopiu.net\/wordpress\/lad08aaaa\/\">&#8220;NCONTONSE&#8221; IN LADINO SU RADIO PI\u00d9<\/a><\/p><\/blockquote>\n<p><iframe loading=\"lazy\" class=\"wp-embedded-content\" sandbox=\"allow-scripts\" security=\"restricted\" style=\"position: absolute; clip: rect(1px, 1px, 1px, 1px);\" title=\"&#8220;&#8220;NCONTONSE&#8221; IN LADINO SU RADIO PI\u00d9&#8221; &#8212; Radio Pi\u00f9\" src=\"https:\/\/www.radiopiu.net\/wordpress\/lad08aaaa\/embed\/#?secret=vNC42AwCK4#?secret=3ihI3tPJvn\" data-secret=\"3ihI3tPJvn\" width=\"600\" height=\"338\" frameborder=\"0\" marginwidth=\"0\" marginheight=\"0\" scrolling=\"no\"><\/iframe><\/p>\n<p>&nbsp;<\/p>\n<hr \/>\n<p>&nbsp;<\/p>\n<h2><span style=\"color: #ff0000;\"><a class=\"dt-pswp-item\" href=\"https:\/\/www.radiopiu.net\/wordpress\/wp-content\/uploads\/2018\/09\/appuntamenti.jpeg\" data-dt-img-description=\"\" data-large_image_width=\"800\" data-large_image_height=\"100\"><img loading=\"lazy\" decoding=\"async\" class=\"wp-image-61958 size-full aligncenter\" src=\"https:\/\/www.radiopiu.net\/wordpress\/wp-content\/uploads\/2018\/09\/appuntamenti.jpeg\" alt=\"\" width=\"800\" height=\"100\" srcset=\"https:\/\/www.radiopiu.net\/wordpress\/wp-content\/uploads\/2018\/09\/appuntamenti.jpeg 800w, https:\/\/www.radiopiu.net\/wordpress\/wp-content\/uploads\/2018\/09\/appuntamenti-300x38.jpeg 300w, https:\/\/www.radiopiu.net\/wordpress\/wp-content\/uploads\/2018\/09\/appuntamenti-768x96.jpeg 768w\" sizes=\"auto, (max-width: 800px) 100vw, 800px\" \/><\/a><\/span><\/h2>\n<div>\n<div class=\"\" dir=\"auto\">\n<div id=\":r9h:\" class=\"x1iorvi4 x1pi30zi x1l90r2v x1swvt13\" data-ad-comet-preview=\"message\" data-ad-preview=\"message\">\n\n\t\t\t<style type='text\/css'>\n\t\t\t\t#gallery-5 {\n\t\t\t\t\tmargin: auto;\n\t\t\t\t}\n\t\t\t\t#gallery-5 .gallery-item {\n\t\t\t\t\tfloat: left;\n\t\t\t\t\tmargin-top: 10px;\n\t\t\t\t\ttext-align: center;\n\t\t\t\t\twidth: 16%;\n\t\t\t\t}\n\t\t\t\t#gallery-5 img {\n\t\t\t\t\tborder: 2px solid #cfcfcf;\n\t\t\t\t}\n\t\t\t\t#gallery-5 .gallery-caption {\n\t\t\t\t\tmargin-left: 0;\n\t\t\t\t}\n\t\t\t\t\/* see gallery_shortcode() in wp-includes\/media.php *\/\n\t\t\t<\/style>\n\t\t<div id='gallery-5' class='dt-gallery-container gallery galleryid-397144 gallery-columns-6 gallery-size-thumbnail'><dl class='gallery-item'>\n\t\t\t\t<dt class='gallery-icon portrait'>\n\t\t\t\t\t<a class=\"rollover rollover-zoom dt-pswp-item\" title=\"09d50e2a-86d9-4273-aeb6-415f92136bc3\" data-dt-img-description=\"\" data-large_image_width=\"750\" data-large_image_height=\"1022\"href='https:\/\/www.radiopiu.net\/wordpress\/wp-content\/uploads\/2024\/06\/09d50e2a-86d9-4273-aeb6-415f92136bc3.jpg'><img loading=\"lazy\" decoding=\"async\" width=\"150\" height=\"150\" src=\"https:\/\/www.radiopiu.net\/wordpress\/wp-content\/uploads\/2024\/06\/09d50e2a-86d9-4273-aeb6-415f92136bc3-150x150.jpg\" class=\"attachment-thumbnail size-thumbnail\" alt=\"\" aria-describedby=\"gallery-5-393715\" \/><\/a>\n\t\t\t\t<\/dt>\n\t\t\t\t\t<dd class='wp-caption-text gallery-caption' id='gallery-5-393715'>\n\t\t\t\t\tCORSO DI BALLO A VOLTAGO\n\t\t\t\t\t<\/dd><\/dl><dl class='gallery-item'>\n\t\t\t\t<dt class='gallery-icon portrait'>\n\t\t\t\t\t<a class=\"rollover rollover-zoom dt-pswp-item\" title=\"441936111_953300066803441_3663667299753321850_n\" data-dt-img-description=\"\" data-large_image_width=\"520\" data-large_image_height=\"640\"href='https:\/\/www.radiopiu.net\/wordpress\/wp-content\/uploads\/2024\/06\/441936111_953300066803441_3663667299753321850_n.jpg'><img loading=\"lazy\" decoding=\"async\" width=\"150\" height=\"150\" src=\"https:\/\/www.radiopiu.net\/wordpress\/wp-content\/uploads\/2024\/06\/441936111_953300066803441_3663667299753321850_n-150x150.jpg\" class=\"attachment-thumbnail size-thumbnail\" alt=\"\" aria-describedby=\"gallery-5-394061\" \/><\/a>\n\t\t\t\t<\/dt>\n\t\t\t\t\t<dd class='wp-caption-text gallery-caption' id='gallery-5-394061'>\n\t\t\t\t\t31 LUGLIO AL MINIERE E IN DIRETTA ALLA RADIO \n\t\t\t\t\t<\/dd><\/dl><dl class='gallery-item'>\n\t\t\t\t<dt class='gallery-icon portrait'>\n\t\t\t\t\t<a class=\"rollover rollover-zoom dt-pswp-item\" title=\"Presepi fuori tempo\" data-dt-img-description=\"\" data-large_image_width=\"1414\" data-large_image_height=\"2000\"href='https:\/\/www.radiopiu.net\/wordpress\/wp-content\/uploads\/2024\/06\/Presepi-fuori-tempo.png'><img loading=\"lazy\" decoding=\"async\" width=\"150\" height=\"150\" src=\"https:\/\/www.radiopiu.net\/wordpress\/wp-content\/uploads\/2024\/06\/Presepi-fuori-tempo-150x150.png\" class=\"attachment-thumbnail size-thumbnail\" alt=\"\" aria-describedby=\"gallery-5-395141\" \/><\/a>\n\t\t\t\t<\/dt>\n\t\t\t\t\t<dd class='wp-caption-text gallery-caption' id='gallery-5-395141'>\n\t\t\t\t\tPRESEPI FUORI TEMPO AD AGORDO\n\t\t\t\t\t<\/dd><\/dl><dl class='gallery-item'>\n\t\t\t\t<dt class='gallery-icon portrait'>\n\t\t\t\t\t<a class=\"rollover rollover-zoom dt-pswp-item\" title=\"447443480_320674017756499_9025951349706877056_n\" data-dt-img-description=\"\" data-large_image_width=\"509\" data-large_image_height=\"720\"href='https:\/\/www.radiopiu.net\/wordpress\/wp-content\/uploads\/2024\/06\/447443480_320674017756499_9025951349706877056_n.jpg'><img loading=\"lazy\" decoding=\"async\" width=\"150\" height=\"150\" src=\"https:\/\/www.radiopiu.net\/wordpress\/wp-content\/uploads\/2024\/06\/447443480_320674017756499_9025951349706877056_n-150x150.jpg\" class=\"attachment-thumbnail size-thumbnail\" alt=\"\" aria-describedby=\"gallery-5-395159\" \/><\/a>\n\t\t\t\t<\/dt>\n\t\t\t\t\t<dd class='wp-caption-text gallery-caption' id='gallery-5-395159'>\n\t\t\t\t\t6 LUGLIO AGORDO BAR DELLE BOCCE\n\t\t\t\t\t<\/dd><\/dl><dl class='gallery-item'>\n\t\t\t\t<dt class='gallery-icon portrait'>\n\t\t\t\t\t<a class=\"rollover rollover-zoom dt-pswp-item\" title=\"6a884a5b-a4cf-4bb3-a957-2de3050cec0b\" data-dt-img-description=\"\" data-large_image_width=\"1127\" data-large_image_height=\"1600\"href='https:\/\/www.radiopiu.net\/wordpress\/wp-content\/uploads\/2024\/06\/6a884a5b-a4cf-4bb3-a957-2de3050cec0b-2.jpg'><img loading=\"lazy\" decoding=\"async\" width=\"150\" height=\"150\" src=\"https:\/\/www.radiopiu.net\/wordpress\/wp-content\/uploads\/2024\/06\/6a884a5b-a4cf-4bb3-a957-2de3050cec0b-2-150x150.jpg\" class=\"attachment-thumbnail size-thumbnail\" alt=\"\" aria-describedby=\"gallery-5-395683\" \/><\/a>\n\t\t\t\t<\/dt>\n\t\t\t\t\t<dd class='wp-caption-text gallery-caption' id='gallery-5-395683'>\n\t\t\t\t\tCON MOSTO RICCO AD AGORDO \n\t\t\t\t\t<\/dd><\/dl><dl class='gallery-item'>\n\t\t\t\t<dt class='gallery-icon portrait'>\n\t\t\t\t\t<a class=\"rollover rollover-zoom dt-pswp-item\" title=\"f84567d6-a1d2-47de-9596-ef8505986952\" data-dt-img-description=\"\" data-large_image_width=\"745\" data-large_image_height=\"1073\"href='https:\/\/www.radiopiu.net\/wordpress\/wp-content\/uploads\/2024\/06\/f84567d6-a1d2-47de-9596-ef8505986952.jpg'><img loading=\"lazy\" decoding=\"async\" width=\"150\" height=\"150\" src=\"https:\/\/www.radiopiu.net\/wordpress\/wp-content\/uploads\/2024\/06\/f84567d6-a1d2-47de-9596-ef8505986952-150x150.jpg\" class=\"attachment-thumbnail size-thumbnail\" alt=\"\" aria-describedby=\"gallery-5-396466\" \/><\/a>\n\t\t\t\t<\/dt>\n\t\t\t\t\t<dd class='wp-caption-text gallery-caption' id='gallery-5-396466'>\n\t\t\t\t\tSUMMER GREEN VOLLEY AGORDINO\n\t\t\t\t\t<\/dd><\/dl><br style=\"clear: both\" \/><dl class='gallery-item'>\n\t\t\t\t<dt class='gallery-icon portrait'>\n\t\t\t\t\t<a class=\"rollover rollover-zoom dt-pswp-item\" title=\"6611bb69-29ce-483e-ba61-1b39542903cc\" data-dt-img-description=\"\" data-large_image_width=\"1032\" data-large_image_height=\"1473\"href='https:\/\/www.radiopiu.net\/wordpress\/wp-content\/uploads\/2024\/06\/6611bb69-29ce-483e-ba61-1b39542903cc.jpg'><img loading=\"lazy\" decoding=\"async\" width=\"150\" height=\"150\" src=\"https:\/\/www.radiopiu.net\/wordpress\/wp-content\/uploads\/2024\/06\/6611bb69-29ce-483e-ba61-1b39542903cc-150x150.jpg\" class=\"attachment-thumbnail size-thumbnail\" alt=\"\" aria-describedby=\"gallery-5-396645\" \/><\/a>\n\t\t\t\t<\/dt>\n\t\t\t\t\t<dd class='wp-caption-text gallery-caption' id='gallery-5-396645'>\n\t\t\t\t\t12 LUGLIO AGORDO BAR DELLE BOCCE\n\t\t\t\t\t<\/dd><\/dl><dl class='gallery-item'>\n\t\t\t\t<dt class='gallery-icon landscape'>\n\t\t\t\t\t<a class=\"rollover rollover-zoom dt-pswp-item\" title=\"d5b0b734-6816-4395-8e21-976a97a70deb\" data-dt-img-description=\"\" data-large_image_width=\"1080\" data-large_image_height=\"1080\"href='https:\/\/www.radiopiu.net\/wordpress\/wp-content\/uploads\/2024\/06\/d5b0b734-6816-4395-8e21-976a97a70deb.jpg'><img loading=\"lazy\" decoding=\"async\" width=\"150\" height=\"150\" src=\"https:\/\/www.radiopiu.net\/wordpress\/wp-content\/uploads\/2024\/06\/d5b0b734-6816-4395-8e21-976a97a70deb-150x150.jpg\" class=\"attachment-thumbnail size-thumbnail\" alt=\"\" aria-describedby=\"gallery-5-396287\" srcset=\"https:\/\/www.radiopiu.net\/wordpress\/wp-content\/uploads\/2024\/06\/d5b0b734-6816-4395-8e21-976a97a70deb-150x150.jpg 150w, https:\/\/www.radiopiu.net\/wordpress\/wp-content\/uploads\/2024\/06\/d5b0b734-6816-4395-8e21-976a97a70deb-300x300.jpg 300w, https:\/\/www.radiopiu.net\/wordpress\/wp-content\/uploads\/2024\/06\/d5b0b734-6816-4395-8e21-976a97a70deb-1024x1024.jpg 1024w, https:\/\/www.radiopiu.net\/wordpress\/wp-content\/uploads\/2024\/06\/d5b0b734-6816-4395-8e21-976a97a70deb-768x768.jpg 768w, https:\/\/www.radiopiu.net\/wordpress\/wp-content\/uploads\/2024\/06\/d5b0b734-6816-4395-8e21-976a97a70deb.jpg 1080w\" sizes=\"auto, (max-width: 150px) 100vw, 150px\" \/><\/a>\n\t\t\t\t<\/dt>\n\t\t\t\t\t<dd class='wp-caption-text gallery-caption' id='gallery-5-396287'>\n\t\t\t\t\t25 LUGLIO A VOLTAGO\n\t\t\t\t\t<\/dd><\/dl><dl class='gallery-item'>\n\t\t\t\t<dt class='gallery-icon portrait'>\n\t\t\t\t\t<a class=\"rollover rollover-zoom dt-pswp-item\" title=\"40970b49-6296-4dc3-93d6-aa5934e19f37\" data-dt-img-description=\"\" data-large_image_width=\"1131\" data-large_image_height=\"1600\"href='https:\/\/www.radiopiu.net\/wordpress\/wp-content\/uploads\/2024\/06\/40970b49-6296-4dc3-93d6-aa5934e19f37.jpg'><img loading=\"lazy\" decoding=\"async\" width=\"150\" height=\"150\" src=\"https:\/\/www.radiopiu.net\/wordpress\/wp-content\/uploads\/2024\/06\/40970b49-6296-4dc3-93d6-aa5934e19f37-150x150.jpg\" class=\"attachment-thumbnail size-thumbnail\" alt=\"\" aria-describedby=\"gallery-5-396648\" \/><\/a>\n\t\t\t\t<\/dt>\n\t\t\t\t\t<dd class='wp-caption-text gallery-caption' id='gallery-5-396648'>\n\t\t\t\t\t14 LUGLIO IL PROFESSORE! PRESENTA IL LIBRO\n\t\t\t\t\t<\/dd><\/dl><dl class='gallery-item'>\n\t\t\t\t<dt class='gallery-icon portrait'>\n\t\t\t\t\t<a class=\"rollover rollover-zoom dt-pswp-item\" title=\"29cc183b-9830-4d50-8ac6-cbf3c300cc4f\" data-dt-img-description=\"\" data-large_image_width=\"1087\" data-large_image_height=\"1600\"href='https:\/\/www.radiopiu.net\/wordpress\/wp-content\/uploads\/2024\/06\/29cc183b-9830-4d50-8ac6-cbf3c300cc4f.jpg'><img loading=\"lazy\" decoding=\"async\" width=\"150\" height=\"150\" src=\"https:\/\/www.radiopiu.net\/wordpress\/wp-content\/uploads\/2024\/06\/29cc183b-9830-4d50-8ac6-cbf3c300cc4f-150x150.jpg\" class=\"attachment-thumbnail size-thumbnail\" alt=\"\" aria-describedby=\"gallery-5-396857\" \/><\/a>\n\t\t\t\t<\/dt>\n\t\t\t\t\t<dd class='wp-caption-text gallery-caption' id='gallery-5-396857'>\n\t\t\t\t\t13 LUGLIO&#8230; DAI ROMANIIIIIIIIIII\n\t\t\t\t\t<\/dd><\/dl><dl class='gallery-item'>\n\t\t\t\t<dt class='gallery-icon landscape'>\n\t\t\t\t\t<a class=\"rollover rollover-zoom dt-pswp-item\" title=\"449189900_484613757290091_1574838248887562981_n\" data-dt-img-description=\"\" data-large_image_width=\"960\" data-large_image_height=\"540\"href='https:\/\/www.radiopiu.net\/wordpress\/wp-content\/uploads\/2024\/06\/449189900_484613757290091_1574838248887562981_n.jpg'><img loading=\"lazy\" decoding=\"async\" width=\"150\" height=\"150\" src=\"https:\/\/www.radiopiu.net\/wordpress\/wp-content\/uploads\/2024\/06\/449189900_484613757290091_1574838248887562981_n-150x150.jpg\" class=\"attachment-thumbnail size-thumbnail\" alt=\"\" aria-describedby=\"gallery-5-396872\" \/><\/a>\n\t\t\t\t<\/dt>\n\t\t\t\t\t<dd class='wp-caption-text gallery-caption' id='gallery-5-396872'>\n\t\t\t\t\t A CANALE D&#8217;AGORDO VALLE DI GARES\n\t\t\t\t\t<\/dd><\/dl><dl class='gallery-item'>\n\t\t\t\t<dt class='gallery-icon portrait'>\n\t\t\t\t\t<a class=\"rollover rollover-zoom dt-pswp-item\" title=\"A VOLANTINO A4 def\" data-dt-img-description=\"\" data-large_image_width=\"1240\" data-large_image_height=\"1753\"href='https:\/\/www.radiopiu.net\/wordpress\/wp-content\/uploads\/2024\/06\/A-VOLANTINO-A4-def.jpg'><img loading=\"lazy\" decoding=\"async\" width=\"150\" height=\"150\" src=\"https:\/\/www.radiopiu.net\/wordpress\/wp-content\/uploads\/2024\/06\/A-VOLANTINO-A4-def-150x150.jpg\" class=\"attachment-thumbnail size-thumbnail\" alt=\"\" aria-describedby=\"gallery-5-397138\" \/><\/a>\n\t\t\t\t<\/dt>\n\t\t\t\t\t<dd class='wp-caption-text gallery-caption' id='gallery-5-397138'>\n\t\t\t\t\tVENERDI&#8217; A BELLLUNO\n\t\t\t\t\t<\/dd><\/dl><br style=\"clear: both\" \/>\n\t\t\t<\/div>\n\n<p>&nbsp;<\/p>\n<p><strong><a class=\"dt-pswp-item\" href=\"https:\/\/www.radiopiu.net\/wordpress\/wp-content\/uploads\/2024\/07\/449200672_122158132022160070_1155254120683685018_n.jpg\" data-dt-img-description=\"\" data-large_image_width=\"1080\" data-large_image_height=\"1080\"><img loading=\"lazy\" decoding=\"async\" class=\" wp-image-397238 alignleft\" src=\"https:\/\/www.radiopiu.net\/wordpress\/wp-content\/uploads\/2024\/07\/449200672_122158132022160070_1155254120683685018_n-300x300.jpg\" alt=\"\" width=\"113\" height=\"113\" srcset=\"https:\/\/www.radiopiu.net\/wordpress\/wp-content\/uploads\/2024\/07\/449200672_122158132022160070_1155254120683685018_n-300x300.jpg 300w, https:\/\/www.radiopiu.net\/wordpress\/wp-content\/uploads\/2024\/07\/449200672_122158132022160070_1155254120683685018_n-1024x1024.jpg 1024w, https:\/\/www.radiopiu.net\/wordpress\/wp-content\/uploads\/2024\/07\/449200672_122158132022160070_1155254120683685018_n-150x150.jpg 150w, https:\/\/www.radiopiu.net\/wordpress\/wp-content\/uploads\/2024\/07\/449200672_122158132022160070_1155254120683685018_n-768x768.jpg 768w, https:\/\/www.radiopiu.net\/wordpress\/wp-content\/uploads\/2024\/07\/449200672_122158132022160070_1155254120683685018_n.jpg 1080w\" sizes=\"auto, (max-width: 113px) 100vw, 113px\" \/><\/a>FALCADE<\/strong> Con il mese di luglio tornano le proiezioni al Cinema Dolomiti di Falcade. Inizio con il botto con due fine settimane dedicate al film d&#8217;animazione Disney Pixar &#8220;Inside Out 2&#8221;. Cosa accade quando la ragazzina protagonista del primo INSIDE OUT diventa adolescente? Alle emozioni quali Gioia, Rabbia, Tristezza, Paura e Disgusto si aggiungono Ennui, Invidia, Imbarazzo e soprattutto Ansia: nulla sar\u00e0 pi\u00f9 uguale a prima! Spettacoli alle 17 e alle 21:15 sia sabato che domenica. Programmazione il 6, 7, 13 e 14 luglio.<\/p>\n<p>&nbsp;<\/p>\n<\/div>\n<\/div>\n<\/div>\n<p><strong>BELLUNO\u00a0<\/strong>Mercoled\u00ec 3 luglio la Biblioteca delle migrazioni \u201cDino Buzzati\u201d organizza una serata a ingresso libero dedicata alla scoperta delle meraviglie della Colombia e alle radici bellunesi che vi si intrecciano. Questo evento offrir\u00e0 un&#8217;opportunit\u00e0 unica per esplorare la ricca cultura colombiana e per celebrare le connessioni storiche tra Belluno e il paese sudamericano.<\/p>\n<p><strong>BELLUNO <\/strong>Un\u2019edizione spumeggiante del Cielo Sopra Belluno- Estate Teatrale sotto le Stelle e molto altro\u2026 \u2013 quella che avr\u00e0 inizio venerd\u00ec 5 luglio presso la Casa delle Arti \u2013 Spazio EX (via Tiziano Vecellio 82\/f) che porta la duplice firma della co-direzione artistica di Daniela Nicosia e Vassilij Mangheras. Due generazioni a confronto coinvolte nella scelta e composizione di un format originale di crescente successo che \u2013 dal food and drink a cura di Infermento e di Cosci per i piatti multietnici, ai concerti live, di alcuni tra i gruppi musicali bellunesi pi\u00f9 gettonati, agli spettacoli di formazioni di rilievo nel panorama teatrale contemporaneo (tra cui ben 4 premi Ubu- il pi\u00f9 prestigioso riconoscimento del Teatro Italiano) \u2013 allieter\u00e0 dalle h. 19 in poi l\u2019estate bellunese per quattro venerd\u00ec (5, 12, 19 e 26 luglio).<\/p>\n<p>&nbsp;<\/p>\n<h2><span style=\"color: #ff0000;\">PROSSIMAMENTE\u00a0<\/span><\/h2>\n<p><strong>CANALE D&#8217;AGORDO\u00a0<\/strong> Giovedi 11 luglio alle 20.30 in sala Emigranti concerto Luglio Incanto con Benito Madonia. Ingresso libero, organizzazione biblioteche Valle del Biois.<\/p>\n<p><strong>CANALE D&#8217;AGORDO<\/strong> Domenica 14 luglio alle 17 al Bar Colmean presentazione del libro Panorami e Curiosit\u00e0 geologiche con il prof. Vittorio Fenti, brindisi conclusivo. Con Union Ladina Val Biois, Amici dei Minerarim Biblioteche Valle del Biois.<\/p>\n<p>&nbsp;<\/p>\n<p>&nbsp;<\/p>\n<hr \/>\n<p>&nbsp;<\/p>\n<p><a class=\"dt-pswp-item\" href=\"https:\/\/www.radiopiu.net\/wordpress\/wp-content\/uploads\/2018\/09\/viabilita.jpeg\" data-dt-img-description=\"\" data-large_image_width=\"800\" data-large_image_height=\"100\"><img loading=\"lazy\" decoding=\"async\" class=\"aligncenter wp-image-61954 size-full\" src=\"https:\/\/www.radiopiu.net\/wordpress\/wp-content\/uploads\/2018\/09\/viabilita.jpeg\" alt=\"\" width=\"800\" height=\"100\" srcset=\"https:\/\/www.radiopiu.net\/wordpress\/wp-content\/uploads\/2018\/09\/viabilita.jpeg 800w, https:\/\/www.radiopiu.net\/wordpress\/wp-content\/uploads\/2018\/09\/viabilita-300x38.jpeg 300w, https:\/\/www.radiopiu.net\/wordpress\/wp-content\/uploads\/2018\/09\/viabilita-768x96.jpeg 768w\" sizes=\"auto, (max-width: 800px) 100vw, 800px\" \/><\/a><\/p>\n<p>&nbsp;<\/p>\n<p><a class=\"dt-pswp-item\" href=\"https:\/\/www.radiopiu.net\/wordpress\/wp-content\/uploads\/2023\/12\/botol-car-service.jpg\" data-dt-img-description=\"\" data-large_image_width=\"600\" data-large_image_height=\"600\"><img loading=\"lazy\" decoding=\"async\" class=\"size-medium wp-image-367044 aligncenter\" src=\"https:\/\/www.radiopiu.net\/wordpress\/wp-content\/uploads\/2023\/12\/botol-car-service-300x300.jpg\" alt=\"\" width=\"300\" height=\"300\" srcset=\"https:\/\/www.radiopiu.net\/wordpress\/wp-content\/uploads\/2023\/12\/botol-car-service-300x300.jpg 300w, https:\/\/www.radiopiu.net\/wordpress\/wp-content\/uploads\/2023\/12\/botol-car-service-150x150.jpg 150w, https:\/\/www.radiopiu.net\/wordpress\/wp-content\/uploads\/2023\/12\/botol-car-service.jpg 600w\" sizes=\"auto, (max-width: 300px) 100vw, 300px\" \/><\/a><\/p>\n<p>&nbsp;<\/p>\n<p>&nbsp;<\/p>\n<h1>BOLLETTINO QUOTIDIANO, CLICCA QUI<\/h1>\n<blockquote class=\"wp-embedded-content\" data-secret=\"KYkoe4j8L6\"><p><a href=\"https:\/\/www.radiopiu.net\/wordpress\/viabilita-2\/\">viabilita<\/a><\/p><\/blockquote>\n<p><iframe loading=\"lazy\" class=\"wp-embedded-content\" sandbox=\"allow-scripts\" security=\"restricted\" style=\"position: absolute; clip: rect(1px, 1px, 1px, 1px);\" title=\"&#8220;viabilita&#8221; &#8212; Radio Pi\u00f9\" src=\"https:\/\/www.radiopiu.net\/wordpress\/viabilita-2\/embed\/#?secret=JChZqHIs7S#?secret=KYkoe4j8L6\" data-secret=\"KYkoe4j8L6\" width=\"600\" height=\"338\" frameborder=\"0\" marginwidth=\"0\" marginheight=\"0\" scrolling=\"no\"><\/iframe><\/p>\n<p>&nbsp;<\/p>\n<p>&nbsp;<\/p>\n<hr \/>\n<p>&nbsp;<\/p>\n<p><a class=\"dt-pswp-item\" href=\"https:\/\/www.radiopiu.net\/wordpress\/wp-content\/uploads\/2018\/09\/WhatsApp-Image-2018-09-20-at-16.04.06.jpeg\" data-dt-img-description=\"\" data-large_image_width=\"800\" data-large_image_height=\"100\"><img loading=\"lazy\" decoding=\"async\" class=\"wp-image-61378 size-full aligncenter\" src=\"https:\/\/www.radiopiu.net\/wordpress\/wp-content\/uploads\/2018\/09\/WhatsApp-Image-2018-09-20-at-16.04.06.jpeg\" alt=\"\" width=\"800\" height=\"100\" srcset=\"https:\/\/www.radiopiu.net\/wordpress\/wp-content\/uploads\/2018\/09\/WhatsApp-Image-2018-09-20-at-16.04.06.jpeg 800w, https:\/\/www.radiopiu.net\/wordpress\/wp-content\/uploads\/2018\/09\/WhatsApp-Image-2018-09-20-at-16.04.06-300x38.jpeg 300w, https:\/\/www.radiopiu.net\/wordpress\/wp-content\/uploads\/2018\/09\/WhatsApp-Image-2018-09-20-at-16.04.06-768x96.jpeg 768w\" sizes=\"auto, (max-width: 800px) 100vw, 800px\" \/><\/a><\/p>\n<p><center><\/center><center><\/center><center><\/center><center><\/center><center><\/center><center><\/center>&nbsp;<\/p>\n<p><center><\/center><center><\/center><center><\/center><center><\/center><center><\/center><center><\/center><center><\/center><center><\/center><center><\/center><center><\/center><center><b>OGGI<\/b><\/center>Al mattino tempo in prevalenza soleggiato con qualche stratocumulo mattutino, in rapido dissolvimento. Dalle ore centrali in poi riduzione del soleggiamento per addensamenti irregolari, localmente sufficientemente sviluppati per dar luogo a qualche fenomeno convettivo, specie sulle Prealpi.<br \/>\n<b>Precipitazioni: <\/b>Al mattino assenti; dalle ore centrali e al pomeriggio qualche piovasco\/rovescio sparso sulle Prealpi, anche temporalesco sulle zone prealpine a ridosso della pedemontana<br \/>\n<b>Temperature: <\/b>In generale calo, eccetto ripresa delle massime nelle valli.<\/p>\n<hr \/>\n<p><center><b>DOMANI<\/b><\/center>Tempo instabile, con cielo spesso nuvoloso o molto nuvoloso e fenomeni che potranno verificarsi sia al mattino che al pomeriggio. Difficile per ora capire del tutto il momento dell&#8217;apice dell&#8217;instabilit\u00e0. In ogni caso nel tardo pomeriggio probabile attenuazione della nuvolosit\u00e0 e della fenomenologia.<br \/>\n<b>Precipitazioni: <\/b>Alta probabilit\u00e0 di rovesci e temporali, a tratti diffusi, prima che ci sia un attenuazione dei fenomeni, gi\u00e0 nel corso del pomeriggio, quindi esaurimento in serata.<br \/>\n<b>Temperature: <\/b>In generale lieve calo, specie le massime.<\/p>\n<hr \/>\n<p><center><b>GIOVEDI<\/b><\/center>Tempo in miglioramento, parzialmente soleggiato con modesta attivit\u00e0 cumuliforme diurna e bassa probabilit\u00e0 di fenomeni convettivi nelle ore pi\u00f9 calde. Contesto termico fresco al mattino e pi\u00f9 caldo di giorno.<\/p>\n<hr \/>\n<p><center><b>VENERDI<\/b><\/center>Tempo decisamente migliore ed in prevalenza soleggiato nonostante una leggera attivit\u00e0 cumuliforme durante le ore pi\u00f9 calde, pi\u00f9 modesta sulle Dolomiti rispetto alle Prealpi. Temperature in leggera ripresa<\/p>\n<p>&nbsp;<\/p>\n<hr \/>\n<p>&nbsp;<\/p>\n<p>&nbsp;<\/p>\n<p>&nbsp;<\/p>\n<p>&nbsp;<\/p>\n<p>&nbsp;<\/p>\n<p>&nbsp;<\/p>\n<p>&nbsp;<\/p>\n","protected":false},"excerpt":{"rendered":"<p>******* &nbsp; ultim&#8217;ora SASSO SULLA STRADA DI CAMPAGNA ore 06.00 chat viabilita&#8217; provincia belluno TAIBON Grandi lavori in localit\u00e0 campagna sulla\u00a0 strada che collega il paese con Agordo e la sua zona industriale. Grandi lavori a valle per convogliare le acque. Ed a monte? Scende l&#8217;acqua, per ora rimane imbrigliata&#8230; ma cadono i sassi. Pericolo&hellip;<\/p>\n","protected":false},"author":4,"featured_media":397347,"comment_status":"closed","ping_status":"closed","sticky":false,"template":"","format":"standard","meta":{"_monsterinsights_skip_tracking":false,"_monsterinsights_sitenote_active":false,"_monsterinsights_sitenote_note":"","_monsterinsights_sitenote_category":0,"footnotes":""},"categories":[51,86,49],"tags":[],"class_list":["post-397144","post","type-post","status-publish","format-standard","has-post-thumbnail","hentry","category-evidenza-top","category-gr","category-news-18","category-51","category-86","category-49","description-off"],"img_url":"https:\/\/www.radiopiu.net\/wordpress\/wp-content\/uploads\/2024\/07\/Senza-nome-5.png","_links":{"self":[{"href":"https:\/\/www.radiopiu.net\/wordpress\/wp-json\/wp\/v2\/posts\/397144","targetHints":{"allow":["GET"]}}],"collection":[{"href":"https:\/\/www.radiopiu.net\/wordpress\/wp-json\/wp\/v2\/posts"}],"about":[{"href":"https:\/\/www.radiopiu.net\/wordpress\/wp-json\/wp\/v2\/types\/post"}],"author":[{"embeddable":true,"href":"https:\/\/www.radiopiu.net\/wordpress\/wp-json\/wp\/v2\/users\/4"}],"replies":[{"embeddable":true,"href":"https:\/\/www.radiopiu.net\/wordpress\/wp-json\/wp\/v2\/comments?post=397144"}],"version-history":[{"count":0,"href":"https:\/\/www.radiopiu.net\/wordpress\/wp-json\/wp\/v2\/posts\/397144\/revisions"}],"wp:featuredmedia":[{"embeddable":true,"href":"https:\/\/www.radiopiu.net\/wordpress\/wp-json\/wp\/v2\/media\/397347"}],"wp:attachment":[{"href":"https:\/\/www.radiopiu.net\/wordpress\/wp-json\/wp\/v2\/media?parent=397144"}],"wp:term":[{"taxonomy":"category","embeddable":true,"href":"https:\/\/www.radiopiu.net\/wordpress\/wp-json\/wp\/v2\/categories?post=397144"},{"taxonomy":"post_tag","embeddable":true,"href":"https:\/\/www.radiopiu.net\/wordpress\/wp-json\/wp\/v2\/tags?post=397144"}],"curies":[{"name":"wp","href":"https:\/\/api.w.org\/{rel}","templated":true}]}}