{"id":397258,"date":"2024-07-01T11:02:01","date_gmt":"2024-07-01T09:02:01","guid":{"rendered":"https:\/\/www.radiopiu.net\/wordpress\/?p=397258"},"modified":"2024-07-01T11:02:01","modified_gmt":"2024-07-01T09:02:01","slug":"cala-il-sipario-sulla-38esima-mostra-dellartigianato-di-feltre","status":"publish","type":"post","link":"https:\/\/www.radiopiu.net\/wordpress\/cala-il-sipario-sulla-38esima-mostra-dellartigianato-di-feltre\/","title":{"rendered":"CALA IL SIPARIO SULLA 38ESIMA MOSTRA DELL&#8217;ARTIGIANATO DI FELTRE"},"content":{"rendered":"<p>******<\/p>\n<p>&nbsp;<\/p>\n<p><strong>FELTRE <\/strong>&#8220;\u00c8 stata senza dubbio una delle migliori edizioni degli ultimi anni sia sul piano quantitativo, con circa 150 espositori e operatori complessivamente impegnati durante la Mostra, sia sul piano qualitativo. Grandi protagonisti sono stati infatti i materiali e i mestieri della tradizione veneziana, portati in cittadella nell&#8217;ambito di questa edizione della rassegna costruita sulle orme di Marco Polo, a settecento anni dalla scomparsa&#8221;.<br \/>\nCos\u00ec il presidente del comitato organizzatore della Mostra dell&#8217;Artigianato Artistico e Tradizionale di Feltre Luciano Gesiot traccia un primo bilancio della rassegna conclusasi da poche ore. Una manifestazione che ha incontrato il favore e il gradimento dei visitatori provenienti da fuori, ma anche dei Feltrini, che hanno garantito un costante afflusso alla rassegna, con numeri in crescita rispetto al 2023. &#8220;Di particolare soddisfazione aggiunge il presidente Gesiot, \u00e8 stata poi la centralit\u00e0 restituita alla zona della sommit\u00e0 della cittadella, nell&#8217;area ai piedi del Castello di Alboino e della Torre del Campanon, dove in questa edizione sono stati riportati i maestri del ferro battuto che si sono contesi il premio del concorso di forgiatura.<br \/>\nA tale riguardo ad imporsi \u00e8 stato Andrea Cosci, con l&#8217;opera \u201cPinyin che vieni da lontano\u201d, davanti a Giampaolo Maniero e Alessandro Di Bari. Per quanto concerne invece il concorso &#8220;Carlo Rizzarda&#8221; per il quale i maestri del ferro battuto portano alla Mostra dell&#8217;Artigianato opere gi\u00e0 eseguite in precedenza, a primeggiare \u00e8 stato Giampaolo Maniero, con l&#8217;opera \u201cSulla via del Dragone\u201d, davanti allo stesso Andrea Cosci e a Diego Imperatore. Parole di ringraziamento verso gli organizzatori e di soddisfazione per gli esiti della rassegna sono venuti, durante la cerimonia di chiusura, anche dal sindaco di Feltre Viviana Fusaro:\u00a0 \u201cSono state giornate davvero bellissime, con una cittadella costantemente animata, tanto che c&#8217;\u00e8 quasi un velo di malinconia nel chiudere la manifestazione. Noi continueremo a garantire tutte le sinergie possibili con il Comitato organizzatore\u00a0 e con i molti volontari in campo perch\u00e9 la Mostra continui\u00a0 a rappresentare anche in futuro quel luogo delle eccellenze che ha dimostrato di essere quest&#8217;anno\u201d, ha detto il sindaco Fusaro.<\/p>\n\n\t\t\t<style type='text\/css'>\n\t\t\t\t#gallery-1 {\n\t\t\t\t\tmargin: auto;\n\t\t\t\t}\n\t\t\t\t#gallery-1 .gallery-item {\n\t\t\t\t\tfloat: left;\n\t\t\t\t\tmargin-top: 10px;\n\t\t\t\t\ttext-align: center;\n\t\t\t\t\twidth: 33%;\n\t\t\t\t}\n\t\t\t\t#gallery-1 img {\n\t\t\t\t\tborder: 2px solid #cfcfcf;\n\t\t\t\t}\n\t\t\t\t#gallery-1 .gallery-caption {\n\t\t\t\t\tmargin-left: 0;\n\t\t\t\t}\n\t\t\t\t\/* see gallery_shortcode() in wp-includes\/media.php *\/\n\t\t\t<\/style>\n\t\t<div id='gallery-1' class='dt-gallery-container gallery galleryid-397258 gallery-columns-3 gallery-size-medium'><dl class='gallery-item'>\n\t\t\t\t<dt class='gallery-icon landscape'>\n\t\t\t\t\t<a class=\"rollover rollover-zoom dt-pswp-item\" title=\"Visitatori in Mostra\" data-dt-img-description=\"\" data-large_image_width=\"1920\" data-large_image_height=\"1080\"href='https:\/\/www.radiopiu.net\/wordpress\/wp-content\/uploads\/2024\/07\/Visitatori-in-Mostra.jpg'><img loading=\"lazy\" decoding=\"async\" width=\"300\" height=\"169\" src=\"https:\/\/www.radiopiu.net\/wordpress\/wp-content\/uploads\/2024\/07\/Visitatori-in-Mostra-300x169.jpg\" class=\"attachment-medium size-medium\" alt=\"\" srcset=\"https:\/\/www.radiopiu.net\/wordpress\/wp-content\/uploads\/2024\/07\/Visitatori-in-Mostra-300x169.jpg 300w, https:\/\/www.radiopiu.net\/wordpress\/wp-content\/uploads\/2024\/07\/Visitatori-in-Mostra-1024x576.jpg 1024w, https:\/\/www.radiopiu.net\/wordpress\/wp-content\/uploads\/2024\/07\/Visitatori-in-Mostra-768x432.jpg 768w, https:\/\/www.radiopiu.net\/wordpress\/wp-content\/uploads\/2024\/07\/Visitatori-in-Mostra-1536x864.jpg 1536w, https:\/\/www.radiopiu.net\/wordpress\/wp-content\/uploads\/2024\/07\/Visitatori-in-Mostra.jpg 1920w\" sizes=\"auto, (max-width: 300px) 100vw, 300px\" \/><\/a>\n\t\t\t\t<\/dt><\/dl><dl class='gallery-item'>\n\t\t\t\t<dt class='gallery-icon landscape'>\n\t\t\t\t\t<a class=\"rollover rollover-zoom dt-pswp-item\" title=\"I partecipanti al Concorso di Forgiatura\" data-dt-img-description=\"\" data-large_image_width=\"1920\" data-large_image_height=\"1080\"href='https:\/\/www.radiopiu.net\/wordpress\/wp-content\/uploads\/2024\/07\/I-partecipanti-al-Concorso-di-Forgiatura.jpg'><img loading=\"lazy\" decoding=\"async\" width=\"300\" height=\"169\" src=\"https:\/\/www.radiopiu.net\/wordpress\/wp-content\/uploads\/2024\/07\/I-partecipanti-al-Concorso-di-Forgiatura-300x169.jpg\" class=\"attachment-medium size-medium\" alt=\"\" srcset=\"https:\/\/www.radiopiu.net\/wordpress\/wp-content\/uploads\/2024\/07\/I-partecipanti-al-Concorso-di-Forgiatura-300x169.jpg 300w, https:\/\/www.radiopiu.net\/wordpress\/wp-content\/uploads\/2024\/07\/I-partecipanti-al-Concorso-di-Forgiatura-1024x576.jpg 1024w, https:\/\/www.radiopiu.net\/wordpress\/wp-content\/uploads\/2024\/07\/I-partecipanti-al-Concorso-di-Forgiatura-768x432.jpg 768w, https:\/\/www.radiopiu.net\/wordpress\/wp-content\/uploads\/2024\/07\/I-partecipanti-al-Concorso-di-Forgiatura-1536x864.jpg 1536w, https:\/\/www.radiopiu.net\/wordpress\/wp-content\/uploads\/2024\/07\/I-partecipanti-al-Concorso-di-Forgiatura.jpg 1920w\" sizes=\"auto, (max-width: 300px) 100vw, 300px\" \/><\/a>\n\t\t\t\t<\/dt><\/dl><dl class='gallery-item'>\n\t\t\t\t<dt class='gallery-icon landscape'>\n\t\t\t\t\t<a class=\"rollover rollover-zoom dt-pswp-item\" title=\"I vincitori del premio Carlo Rizzarda\" data-dt-img-description=\"\" data-large_image_width=\"1920\" data-large_image_height=\"1080\"href='https:\/\/www.radiopiu.net\/wordpress\/wp-content\/uploads\/2024\/07\/I-vincitori-del-premio-Carlo-Rizzarda.jpg'><img loading=\"lazy\" decoding=\"async\" width=\"300\" height=\"169\" src=\"https:\/\/www.radiopiu.net\/wordpress\/wp-content\/uploads\/2024\/07\/I-vincitori-del-premio-Carlo-Rizzarda-300x169.jpg\" class=\"attachment-medium size-medium\" alt=\"\" srcset=\"https:\/\/www.radiopiu.net\/wordpress\/wp-content\/uploads\/2024\/07\/I-vincitori-del-premio-Carlo-Rizzarda-300x169.jpg 300w, https:\/\/www.radiopiu.net\/wordpress\/wp-content\/uploads\/2024\/07\/I-vincitori-del-premio-Carlo-Rizzarda-1024x576.jpg 1024w, https:\/\/www.radiopiu.net\/wordpress\/wp-content\/uploads\/2024\/07\/I-vincitori-del-premio-Carlo-Rizzarda-768x432.jpg 768w, https:\/\/www.radiopiu.net\/wordpress\/wp-content\/uploads\/2024\/07\/I-vincitori-del-premio-Carlo-Rizzarda-1536x864.jpg 1536w, https:\/\/www.radiopiu.net\/wordpress\/wp-content\/uploads\/2024\/07\/I-vincitori-del-premio-Carlo-Rizzarda.jpg 1920w\" sizes=\"auto, (max-width: 300px) 100vw, 300px\" \/><\/a>\n\t\t\t\t<\/dt><\/dl><br style=\"clear: both\" \/>\n\t\t\t<\/div>\n\n<p>&nbsp;<\/p>\n<p>&nbsp;<\/p>\n<p>*******<\/p>\n","protected":false},"excerpt":{"rendered":"<p>****** &nbsp; FELTRE &#8220;\u00c8 stata senza dubbio una delle migliori edizioni degli ultimi anni sia sul piano quantitativo, con circa 150 espositori e operatori complessivamente impegnati durante la Mostra, sia sul piano qualitativo. Grandi protagonisti sono stati infatti i materiali e i mestieri della tradizione veneziana, portati in cittadella nell&#8217;ambito di questa edizione della rassegna&hellip;<\/p>\n","protected":false},"author":4,"featured_media":397260,"comment_status":"closed","ping_status":"closed","sticky":false,"template":"","format":"standard","meta":{"_monsterinsights_skip_tracking":false,"_monsterinsights_sitenote_active":false,"_monsterinsights_sitenote_note":"","_monsterinsights_sitenote_category":0,"footnotes":""},"categories":[49],"tags":[],"class_list":["post-397258","post","type-post","status-publish","format-standard","has-post-thumbnail","hentry","category-news-18","category-49","description-off"],"img_url":"https:\/\/www.radiopiu.net\/wordpress\/wp-content\/uploads\/2024\/07\/I-partecipanti-al-Concorso-di-Forgiatura.jpg","_links":{"self":[{"href":"https:\/\/www.radiopiu.net\/wordpress\/wp-json\/wp\/v2\/posts\/397258","targetHints":{"allow":["GET"]}}],"collection":[{"href":"https:\/\/www.radiopiu.net\/wordpress\/wp-json\/wp\/v2\/posts"}],"about":[{"href":"https:\/\/www.radiopiu.net\/wordpress\/wp-json\/wp\/v2\/types\/post"}],"author":[{"embeddable":true,"href":"https:\/\/www.radiopiu.net\/wordpress\/wp-json\/wp\/v2\/users\/4"}],"replies":[{"embeddable":true,"href":"https:\/\/www.radiopiu.net\/wordpress\/wp-json\/wp\/v2\/comments?post=397258"}],"version-history":[{"count":0,"href":"https:\/\/www.radiopiu.net\/wordpress\/wp-json\/wp\/v2\/posts\/397258\/revisions"}],"wp:featuredmedia":[{"embeddable":true,"href":"https:\/\/www.radiopiu.net\/wordpress\/wp-json\/wp\/v2\/media\/397260"}],"wp:attachment":[{"href":"https:\/\/www.radiopiu.net\/wordpress\/wp-json\/wp\/v2\/media?parent=397258"}],"wp:term":[{"taxonomy":"category","embeddable":true,"href":"https:\/\/www.radiopiu.net\/wordpress\/wp-json\/wp\/v2\/categories?post=397258"},{"taxonomy":"post_tag","embeddable":true,"href":"https:\/\/www.radiopiu.net\/wordpress\/wp-json\/wp\/v2\/tags?post=397258"}],"curies":[{"name":"wp","href":"https:\/\/api.w.org\/{rel}","templated":true}]}}