{"id":397276,"date":"2024-07-01T12:57:15","date_gmt":"2024-07-01T10:57:15","guid":{"rendered":"https:\/\/www.radiopiu.net\/wordpress\/?p=397276"},"modified":"2024-07-02T05:53:19","modified_gmt":"2024-07-02T03:53:19","slug":"la-prevenzione-si-impara-fin-dallasilo-nelle-scuole-a-parlare-di-sicurezza-in-montagna","status":"publish","type":"post","link":"https:\/\/www.radiopiu.net\/wordpress\/la-prevenzione-si-impara-fin-dallasilo-nelle-scuole-a-parlare-di-sicurezza-in-montagna\/","title":{"rendered":"LA PREVENZIONE SI IMPARA FIN DALL&#8217;ASILO: NELLE SCUOLE A PARLARE DI SICUREZZA IN MONTAGNA"},"content":{"rendered":"<p>******<\/p>\n<p>&nbsp;<\/p>\n<p><strong>BELLUNO <\/strong><span style=\"font-family: arial, sans-serif;\">Nel corso dei primi mesi del 2024 la Stazione del Corpo Nazionale del Soccorso Alpino (CNSAS) di Belluno ha partecipato in modo molto attivo al\u00a0 Progetto regionale &#8220;La montagna. Amarla in sicurezza&#8221; con l&#8217;obiettivo di proporre, a bambini e ragazzi frequentanti le scuole della Provincia di Belluno, semplici regole di sicurezza nella frequentazione della montagna e mostrare loro l&#8217;attivit\u00e0 delle squadre dei volontari. <\/span><span style=\"font-family: arial, sans-serif;\">Nei numerosi incontri di quest\u2019anno la squadra \u00e8 stata supportata dalla preziosa collaborazione del Servizio Promozione della Salute del Dipartimento di Prevenzione dell&#8217;Ulss 1 Dolomiti, nell&#8217;ambito del percorso regionale &#8220;Scuole che promuovono salute&#8221;, in collaborazione con l&#8217;Ufficio Scolastico Regionale per il Veneto. <\/span><span style=\"font-family: arial, sans-serif;\">Gli incontri, svolti in alcune date anche in collaborazione dei volontari delle vicine Stazioni del Soccorso dell\u2019Alpago, di Feltre e delle Prealpi, sono stati rivolti sia alle scuole dell\u2019Infanzia, Primarie che alle scuole Superiori di primo e secondo grado. Gli interventi sono stati declinati nei contenuti in base alle et\u00e0 dei bambini\/ragazzi trattando diverse tematiche, sia dal punto di vista storico culturale del territorio di montagna, agli aspetti sanitari pratici, con il montaggio di barelle all\u2019utilizzo di presidi sanitari come i bendaggi a depressione, al montaggio di\u00a0 teleferiche, la visita ai mezzi di soccorso. <\/span><span style=\"font-family: arial, sans-serif;\">Gli operatori del Dipartimento di Prevenzione hanno condotto interventi formativi \/informativo rivolti al corretto comportamento da perseguire in montagna, tra cui l\u2019 uso della crema solare in montagna, l&#8217;importanza di utilizzare occhiali da sole e il cappellino o come proteggersi dalle zecche o da altri insetti. <\/span><span style=\"font-family: arial, sans-serif;\">Sabato 13 Maggio \u00e8 stata la volta del Liceo Scientifico Galilei (classe 3\u00b0), il sabato successivo, invece, del Liceo Classico Tiziano (classe 4\u00b0). In entrambi i casi le lezioni di sensibilizzazione alle tematiche e alle problematiche inerenti il mondo della montagna e degli interventi del Soccorso Alpino, hanno trovato il riscontro sperato da parte di studenti e di docenti.\u00a0\u00a0<\/span><span style=\"font-family: arial, sans-serif;\">Dopo l\u2019appuntamento del 3 giugno 2024 con le Scuole di Cet e Badilet per circa 160 allievi, fissato presso il Parco Citt\u00e0 di Bologna in centro a Belluno e purtroppo annullato per il maltempo, il 4 giugno 2024 \u00e8 la volta della Scuola Primaria di Quartier Cadore, composta da circa 140 allievi. Le attivit\u00e0 dimostrative e formative si sono svolte in localit\u00e0 Nevegal (BL), una vera e propria uscita in ambiente nei pressi della Panchina Gigante &#8211; Casera Erte. Il programma prevedeva la partenza degli alunni da un tornante della strada delle Faverghere e il raggiungimento a piedi in circa 40 minuti del sito dove si sono svolte varie attivit\u00e0, quali la Promozione della Salute (Ulss 1 Dolomiti), presentazione dei mezzi di soccorso e dei presidi sanitari, trasporto di un ferito tramite teleferica e attivit\u00e0 di ricerca delle unit\u00e0 cinofile. <\/span><span style=\"font-family: arial, sans-serif;\">Stesso programma, stessi numeri elevati di bambini e ragazzi, seppure in uno scenario pi\u00f9 antropizzato, bagnato ma non compromesso dal maltempo, \u00e8 stato il successivo (26 giugno) incontro con la Scuola dell&#8217;Infanzia di Nogar\u00e8 e con il Gruppo Estivo (Grest) di Cusighe, incontri iniziati con i preparativi della giornata fin dalle 5:45 con i primi volontari dediti all\u2019allestimento degli scenari e alla disposizione delle due teleferiche, per finire alle 13. <\/span><span style=\"font-family: arial, sans-serif;\">La Stazione del Soccorso alpino di Belluno \u00e8 certa che qualcosa sia stato comunicato, che qualcosa sia rimasto, certa che, soprattutto, nulla di ci\u00f2 sarebbe stato possibile senza la disponibilit\u00e0, l&#8217;impegno e la professionalit\u00e0 dei tanti volontari intervenuti.<\/span><\/p>\n\n\t\t\t<style type='text\/css'>\n\t\t\t\t#gallery-1 {\n\t\t\t\t\tmargin: auto;\n\t\t\t\t}\n\t\t\t\t#gallery-1 .gallery-item {\n\t\t\t\t\tfloat: left;\n\t\t\t\t\tmargin-top: 10px;\n\t\t\t\t\ttext-align: center;\n\t\t\t\t\twidth: 25%;\n\t\t\t\t}\n\t\t\t\t#gallery-1 img {\n\t\t\t\t\tborder: 2px solid #cfcfcf;\n\t\t\t\t}\n\t\t\t\t#gallery-1 .gallery-caption {\n\t\t\t\t\tmargin-left: 0;\n\t\t\t\t}\n\t\t\t\t\/* see gallery_shortcode() in wp-includes\/media.php *\/\n\t\t\t<\/style>\n\t\t<div id='gallery-1' class='dt-gallery-container gallery galleryid-397276 gallery-columns-4 gallery-size-medium'><dl class='gallery-item'>\n\t\t\t\t<dt class='gallery-icon portrait'>\n\t\t\t\t\t<a class=\"rollover rollover-zoom dt-pswp-item\" title=\"Screenshot_20240701-115609_Drive\" data-dt-img-description=\"\" data-large_image_width=\"736\" data-large_image_height=\"986\"href='https:\/\/www.radiopiu.net\/wordpress\/wp-content\/uploads\/2024\/07\/Screenshot_20240701-115609_Drive.jpg'><img loading=\"lazy\" decoding=\"async\" width=\"224\" height=\"300\" src=\"https:\/\/www.radiopiu.net\/wordpress\/wp-content\/uploads\/2024\/07\/Screenshot_20240701-115609_Drive-224x300.jpg\" class=\"attachment-medium size-medium\" alt=\"\" srcset=\"https:\/\/www.radiopiu.net\/wordpress\/wp-content\/uploads\/2024\/07\/Screenshot_20240701-115609_Drive-224x300.jpg 224w, https:\/\/www.radiopiu.net\/wordpress\/wp-content\/uploads\/2024\/07\/Screenshot_20240701-115609_Drive.jpg 736w\" sizes=\"auto, (max-width: 224px) 100vw, 224px\" \/><\/a>\n\t\t\t\t<\/dt><\/dl><dl class='gallery-item'>\n\t\t\t\t<dt class='gallery-icon landscape'>\n\t\t\t\t\t<a class=\"rollover rollover-zoom dt-pswp-item\" title=\"Screenshot_20240701-115613_Drive\" data-dt-img-description=\"\" data-large_image_width=\"727\" data-large_image_height=\"467\"href='https:\/\/www.radiopiu.net\/wordpress\/wp-content\/uploads\/2024\/07\/Screenshot_20240701-115613_Drive.jpg'><img loading=\"lazy\" decoding=\"async\" width=\"300\" height=\"193\" src=\"https:\/\/www.radiopiu.net\/wordpress\/wp-content\/uploads\/2024\/07\/Screenshot_20240701-115613_Drive-300x193.jpg\" class=\"attachment-medium size-medium\" alt=\"\" srcset=\"https:\/\/www.radiopiu.net\/wordpress\/wp-content\/uploads\/2024\/07\/Screenshot_20240701-115613_Drive-300x193.jpg 300w, https:\/\/www.radiopiu.net\/wordpress\/wp-content\/uploads\/2024\/07\/Screenshot_20240701-115613_Drive.jpg 727w\" sizes=\"auto, (max-width: 300px) 100vw, 300px\" \/><\/a>\n\t\t\t\t<\/dt><\/dl><dl class='gallery-item'>\n\t\t\t\t<dt class='gallery-icon landscape'>\n\t\t\t\t\t<a class=\"rollover rollover-zoom dt-pswp-item\" title=\"Screenshot_20240701-115629_Drive\" data-dt-img-description=\"\" data-large_image_width=\"711\" data-large_image_height=\"551\"href='https:\/\/www.radiopiu.net\/wordpress\/wp-content\/uploads\/2024\/07\/Screenshot_20240701-115629_Drive.jpg'><img loading=\"lazy\" decoding=\"async\" width=\"300\" height=\"232\" src=\"https:\/\/www.radiopiu.net\/wordpress\/wp-content\/uploads\/2024\/07\/Screenshot_20240701-115629_Drive-300x232.jpg\" class=\"attachment-medium size-medium\" alt=\"\" srcset=\"https:\/\/www.radiopiu.net\/wordpress\/wp-content\/uploads\/2024\/07\/Screenshot_20240701-115629_Drive-300x232.jpg 300w, https:\/\/www.radiopiu.net\/wordpress\/wp-content\/uploads\/2024\/07\/Screenshot_20240701-115629_Drive.jpg 711w\" sizes=\"auto, (max-width: 300px) 100vw, 300px\" \/><\/a>\n\t\t\t\t<\/dt><\/dl><dl class='gallery-item'>\n\t\t\t\t<dt class='gallery-icon portrait'>\n\t\t\t\t\t<a class=\"rollover rollover-zoom dt-pswp-item\" title=\"Screenshot_20240701-115636_Drive\" data-dt-img-description=\"\" data-large_image_width=\"722\" data-large_image_height=\"984\"href='https:\/\/www.radiopiu.net\/wordpress\/wp-content\/uploads\/2024\/07\/Screenshot_20240701-115636_Drive.jpg'><img loading=\"lazy\" decoding=\"async\" width=\"220\" height=\"300\" src=\"https:\/\/www.radiopiu.net\/wordpress\/wp-content\/uploads\/2024\/07\/Screenshot_20240701-115636_Drive-220x300.jpg\" class=\"attachment-medium size-medium\" alt=\"\" srcset=\"https:\/\/www.radiopiu.net\/wordpress\/wp-content\/uploads\/2024\/07\/Screenshot_20240701-115636_Drive-220x300.jpg 220w, https:\/\/www.radiopiu.net\/wordpress\/wp-content\/uploads\/2024\/07\/Screenshot_20240701-115636_Drive.jpg 722w\" sizes=\"auto, (max-width: 220px) 100vw, 220px\" \/><\/a>\n\t\t\t\t<\/dt><\/dl><br style=\"clear: both\" \/>\n\t\t\t<\/div>\n\n<p>&nbsp;<\/p>\n<p>&nbsp;<\/p>\n<p>*********<\/p>\n","protected":false},"excerpt":{"rendered":"<p>****** &nbsp; BELLUNO Nel corso dei primi mesi del 2024 la Stazione del Corpo Nazionale del Soccorso Alpino (CNSAS) di Belluno ha partecipato in modo molto attivo al\u00a0 Progetto regionale &#8220;La montagna. Amarla in sicurezza&#8221; con l&#8217;obiettivo di proporre, a bambini e ragazzi frequentanti le scuole della Provincia di Belluno, semplici regole di sicurezza nella&hellip;<\/p>\n","protected":false},"author":4,"featured_media":397278,"comment_status":"closed","ping_status":"closed","sticky":false,"template":"","format":"standard","meta":{"_monsterinsights_skip_tracking":false,"_monsterinsights_sitenote_active":false,"_monsterinsights_sitenote_note":"","_monsterinsights_sitenote_category":0,"footnotes":""},"categories":[104,49],"tags":[],"class_list":["post-397276","post","type-post","status-publish","format-standard","has-post-thumbnail","hentry","category-evidenza_3","category-news-18","category-104","category-49","description-off"],"img_url":"https:\/\/www.radiopiu.net\/wordpress\/wp-content\/uploads\/2024\/07\/Screenshot_20240701-115613_Drive.jpg","_links":{"self":[{"href":"https:\/\/www.radiopiu.net\/wordpress\/wp-json\/wp\/v2\/posts\/397276","targetHints":{"allow":["GET"]}}],"collection":[{"href":"https:\/\/www.radiopiu.net\/wordpress\/wp-json\/wp\/v2\/posts"}],"about":[{"href":"https:\/\/www.radiopiu.net\/wordpress\/wp-json\/wp\/v2\/types\/post"}],"author":[{"embeddable":true,"href":"https:\/\/www.radiopiu.net\/wordpress\/wp-json\/wp\/v2\/users\/4"}],"replies":[{"embeddable":true,"href":"https:\/\/www.radiopiu.net\/wordpress\/wp-json\/wp\/v2\/comments?post=397276"}],"version-history":[{"count":0,"href":"https:\/\/www.radiopiu.net\/wordpress\/wp-json\/wp\/v2\/posts\/397276\/revisions"}],"wp:featuredmedia":[{"embeddable":true,"href":"https:\/\/www.radiopiu.net\/wordpress\/wp-json\/wp\/v2\/media\/397278"}],"wp:attachment":[{"href":"https:\/\/www.radiopiu.net\/wordpress\/wp-json\/wp\/v2\/media?parent=397276"}],"wp:term":[{"taxonomy":"category","embeddable":true,"href":"https:\/\/www.radiopiu.net\/wordpress\/wp-json\/wp\/v2\/categories?post=397276"},{"taxonomy":"post_tag","embeddable":true,"href":"https:\/\/www.radiopiu.net\/wordpress\/wp-json\/wp\/v2\/tags?post=397276"}],"curies":[{"name":"wp","href":"https:\/\/api.w.org\/{rel}","templated":true}]}}