{"id":397300,"date":"2024-07-02T05:31:01","date_gmt":"2024-07-02T03:31:01","guid":{"rendered":"https:\/\/www.radiopiu.net\/wordpress\/?p=397300"},"modified":"2024-07-02T05:53:05","modified_gmt":"2024-07-02T03:53:05","slug":"un-intreccio-di-emozioni-al-nido-di-agordo","status":"publish","type":"post","link":"https:\/\/www.radiopiu.net\/wordpress\/un-intreccio-di-emozioni-al-nido-di-agordo\/","title":{"rendered":"UN INTRECCIO DI EMOZIONI AL NIDO DI AGORDO"},"content":{"rendered":"<p>***<\/p>\n<p><strong><a class=\"dt-pswp-item\" href=\"https:\/\/www.radiopiu.net\/wordpress\/wp-content\/uploads\/2024\/07\/IMG-20240509-WA0075.jpg\" data-dt-img-description=\"\" data-large_image_width=\"1439\" data-large_image_height=\"1199\"><img loading=\"lazy\" decoding=\"async\" class=\"wp-image-397301 alignleft\" src=\"https:\/\/www.radiopiu.net\/wordpress\/wp-content\/uploads\/2024\/07\/IMG-20240509-WA0075-300x250.jpg\" alt=\"\" width=\"216\" height=\"180\" srcset=\"https:\/\/www.radiopiu.net\/wordpress\/wp-content\/uploads\/2024\/07\/IMG-20240509-WA0075-300x250.jpg 300w, https:\/\/www.radiopiu.net\/wordpress\/wp-content\/uploads\/2024\/07\/IMG-20240509-WA0075-1024x853.jpg 1024w, https:\/\/www.radiopiu.net\/wordpress\/wp-content\/uploads\/2024\/07\/IMG-20240509-WA0075-768x640.jpg 768w, https:\/\/www.radiopiu.net\/wordpress\/wp-content\/uploads\/2024\/07\/IMG-20240509-WA0075.jpg 1439w\" sizes=\"auto, (max-width: 216px) 100vw, 216px\" \/><\/a>AGORDO <\/strong>Le Educatrici dell\u2019Asilo nido di Agordo ( in capo all\u2019Azienda Speciale Agordo Servizi) coadiuvate dalla Coordinatrice Dott.ssa Ljanka Dal Col, in collaborazione con A.S.C.A, hanno dato vita al progetto \u201cMani che si intreccino\u201d. L\u2019obiettivo fondamentale \u00e8 stata la promozione di incontri intergenerazionali, tra i bambini del Nido e gli anziani ospitati nelle strutture gestite da A.S.C.A. Due giardini fioriti hanno fatto da sfondo alle iniziative proposte e non son odi certo mancate le emozioni. Nel primo incontro un gruppo di una decina di anziani, accompagnati dai bravissimi ed insostituibili volontari, hanno fatto visita ai piccoli bambini del Nido nel giardino dell\u2019asilo. I bambini hanno accolto con gioia gli ospiti disegnando con loro e realizzando assieme su un cartellone proprio un \u201cIntreccio di mani\u201d che simboleggia <a class=\"dt-pswp-item\" href=\"https:\/\/www.radiopiu.net\/wordpress\/wp-content\/uploads\/2024\/07\/IMG-20240605-WA0047.jpg\" data-dt-img-description=\"\" data-large_image_width=\"900\" data-large_image_height=\"1600\"><img loading=\"lazy\" decoding=\"async\" class=\"size-medium wp-image-397305 alignright\" src=\"https:\/\/www.radiopiu.net\/wordpress\/wp-content\/uploads\/2024\/07\/IMG-20240605-WA0047-169x300.jpg\" alt=\"\" width=\"169\" height=\"300\" srcset=\"https:\/\/www.radiopiu.net\/wordpress\/wp-content\/uploads\/2024\/07\/IMG-20240605-WA0047-169x300.jpg 169w, https:\/\/www.radiopiu.net\/wordpress\/wp-content\/uploads\/2024\/07\/IMG-20240605-WA0047-576x1024.jpg 576w, https:\/\/www.radiopiu.net\/wordpress\/wp-content\/uploads\/2024\/07\/IMG-20240605-WA0047-768x1365.jpg 768w, https:\/\/www.radiopiu.net\/wordpress\/wp-content\/uploads\/2024\/07\/IMG-20240605-WA0047-864x1536.jpg 864w, https:\/\/www.radiopiu.net\/wordpress\/wp-content\/uploads\/2024\/07\/IMG-20240605-WA0047.jpg 900w\" sizes=\"auto, (max-width: 169px) 100vw, 169px\" \/><\/a>l\u2019unione e la condivisione tra grandi e piccoli. Un\u2019allegria che si \u00e8 sciolta in canti festosi, quelli tipici dei bambini e quelli tanto cari alle generazioni di sempre come \u201cRosamunda\u201d e l\u2019immancabile \u201cMazzolin di fiori\u201d.<\/p>\n<p>Poi tutti in cerchio hanno giocato con la palla che allegramente passava di mano in mano, dai pi\u00f9 piccoli ai pi\u00f9 anziani, e con i sorrisi si trasmettevano anche il valore dell\u2019amicizia e della felicit\u00e0 di essere l\u00ec, tutti assieme, uniti nel cerchio della vita. I due gruppi si sono ripromessi di ritrovarsi presto, ed effettivamente hanno mantenuto la parola, ma questa volta sono stati i piccoli bimbi della classe degli Orsetti ( di circa tre <a class=\"dt-pswp-item\" href=\"https:\/\/www.radiopiu.net\/wordpress\/wp-content\/uploads\/2024\/07\/IMG-20240605-WA0035-Copia.jpg\" data-dt-img-description=\"\" data-large_image_width=\"900\" data-large_image_height=\"1600\"><img loading=\"lazy\" decoding=\"async\" class=\"size-medium wp-image-397304 alignleft\" src=\"https:\/\/www.radiopiu.net\/wordpress\/wp-content\/uploads\/2024\/07\/IMG-20240605-WA0035-Copia-169x300.jpg\" alt=\"\" width=\"169\" height=\"300\" srcset=\"https:\/\/www.radiopiu.net\/wordpress\/wp-content\/uploads\/2024\/07\/IMG-20240605-WA0035-Copia-169x300.jpg 169w, https:\/\/www.radiopiu.net\/wordpress\/wp-content\/uploads\/2024\/07\/IMG-20240605-WA0035-Copia-576x1024.jpg 576w, https:\/\/www.radiopiu.net\/wordpress\/wp-content\/uploads\/2024\/07\/IMG-20240605-WA0035-Copia-768x1365.jpg 768w, https:\/\/www.radiopiu.net\/wordpress\/wp-content\/uploads\/2024\/07\/IMG-20240605-WA0035-Copia-864x1536.jpg 864w, https:\/\/www.radiopiu.net\/wordpress\/wp-content\/uploads\/2024\/07\/IMG-20240605-WA0035-Copia.jpg 900w\" sizes=\"auto, (max-width: 169px) 100vw, 169px\" \/><\/a>anni) a far visita (a piedi) agli anziani nel giardino della struttura di Agordo che li ospita. Al loro arrivo i bambini hanno trovato tanti nonni entusiasti ad accoglierli, molti di pi\u00f9 di quelli che erano andati al Nido la volta precedente. Tutti erano emozionati e felici di avere con loro i piccoli, con quelle vocine delicate e la bellezza dei contagiosi sorrisi. Anche questa volta sono state organizzate diverse attivit\u00e0 congiunte: \u00e8 stato fatto un disegno, sono state proposte canzoni vecchie e moderne, i bambini hanno allietato i pi\u00f9 anziani con un allegro trenino e la danza del serpente. Una merenda deliziosa ha concluso queste memorabili giornate! Questo progetto ha riservato tante emozioni: i nonni erano felici di avere al loro fianco i bambini e, per un attimo, hanno ricordato (forse con un po&#8217; di nostalgia) i giochi della loro infanzia e la spensieratezza che solo i fanciulli hanno. Le educatrici hanno provato una grandissima gioia nel condividere assieme ai pi\u00f9 anziani l\u2019autenticit\u00e0 di quei momenti. Un progetti che ha dimostrato come non vi siano confini d\u2019et\u00e0, come le emozioni vere siano autentiche e ancora pi\u00f9 belle quando sono condivise. In un mondo orientato all\u2019individualismo, dove si d\u00e0 sempre pi\u00f9 importanza al singolo, \u00e8 stato invece riscoperto da tutti ( grandi e piccoli) un sentimento di amicizia, di affetto reciproco. L\u2019auspicio delle Educatrici del Nido, della loro Coordinatrice e anche di A.S.C.A \u00e8 quello di riproporre questo progetto in futuro, per intrecciare ancora una volta le mani di bimbi e anziani nel segno dell\u2019amicizia e della gioia di stare insieme.<\/p>\n<p>&nbsp;<\/p>\n<p>&nbsp;<\/p>\n<p>&nbsp;<\/p>\n<p>&nbsp;<\/p>\n<p>&nbsp;<\/p>\n<hr \/>\n<p>&nbsp;<\/p>\n","protected":false},"excerpt":{"rendered":"<p>*** AGORDO Le Educatrici dell\u2019Asilo nido di Agordo ( in capo all\u2019Azienda Speciale Agordo Servizi) coadiuvate dalla Coordinatrice Dott.ssa Ljanka Dal Col, in collaborazione con A.S.C.A, hanno dato vita al progetto \u201cMani che si intreccino\u201d. L\u2019obiettivo fondamentale \u00e8 stata la promozione di incontri intergenerazionali, tra i bambini del Nido e gli anziani ospitati nelle strutture&hellip;<\/p>\n","protected":false},"author":4,"featured_media":397303,"comment_status":"closed","ping_status":"closed","sticky":false,"template":"","format":"standard","meta":{"_monsterinsights_skip_tracking":false,"_monsterinsights_sitenote_active":false,"_monsterinsights_sitenote_note":"","_monsterinsights_sitenote_category":0,"footnotes":""},"categories":[51,49],"tags":[],"class_list":["post-397300","post","type-post","status-publish","format-standard","has-post-thumbnail","hentry","category-evidenza-top","category-news-18","category-51","category-49","description-off"],"img_url":"https:\/\/www.radiopiu.net\/wordpress\/wp-content\/uploads\/2024\/07\/IMG-20240509-WA0073.jpg","_links":{"self":[{"href":"https:\/\/www.radiopiu.net\/wordpress\/wp-json\/wp\/v2\/posts\/397300","targetHints":{"allow":["GET"]}}],"collection":[{"href":"https:\/\/www.radiopiu.net\/wordpress\/wp-json\/wp\/v2\/posts"}],"about":[{"href":"https:\/\/www.radiopiu.net\/wordpress\/wp-json\/wp\/v2\/types\/post"}],"author":[{"embeddable":true,"href":"https:\/\/www.radiopiu.net\/wordpress\/wp-json\/wp\/v2\/users\/4"}],"replies":[{"embeddable":true,"href":"https:\/\/www.radiopiu.net\/wordpress\/wp-json\/wp\/v2\/comments?post=397300"}],"version-history":[{"count":0,"href":"https:\/\/www.radiopiu.net\/wordpress\/wp-json\/wp\/v2\/posts\/397300\/revisions"}],"wp:featuredmedia":[{"embeddable":true,"href":"https:\/\/www.radiopiu.net\/wordpress\/wp-json\/wp\/v2\/media\/397303"}],"wp:attachment":[{"href":"https:\/\/www.radiopiu.net\/wordpress\/wp-json\/wp\/v2\/media?parent=397300"}],"wp:term":[{"taxonomy":"category","embeddable":true,"href":"https:\/\/www.radiopiu.net\/wordpress\/wp-json\/wp\/v2\/categories?post=397300"},{"taxonomy":"post_tag","embeddable":true,"href":"https:\/\/www.radiopiu.net\/wordpress\/wp-json\/wp\/v2\/tags?post=397300"}],"curies":[{"name":"wp","href":"https:\/\/api.w.org\/{rel}","templated":true}]}}