{"id":397318,"date":"2024-07-02T05:32:05","date_gmt":"2024-07-02T03:32:05","guid":{"rendered":"https:\/\/www.radiopiu.net\/wordpress\/?p=397318"},"modified":"2024-07-02T05:52:44","modified_gmt":"2024-07-02T03:52:44","slug":"avviso-incontro-con-veneto-strade","status":"publish","type":"post","link":"https:\/\/www.radiopiu.net\/wordpress\/avviso-incontro-con-veneto-strade\/","title":{"rendered":"AVVISO INCONTRO CON VENETO STRADE\u00a0"},"content":{"rendered":"<p>***<\/p>\n<p>&nbsp;<\/p>\n<p>&nbsp;<\/p>\n<p><strong><a class=\"dt-pswp-item\" href=\"https:\/\/www.radiopiu.net\/wordpress\/wp-content\/uploads\/2021\/06\/8554eb80-bb6e-4752-a6d3-57aff91a2903.jpg\" data-dt-img-description=\"\" data-large_image_width=\"768\" data-large_image_height=\"1024\"><img loading=\"lazy\" decoding=\"async\" class=\"wp-image-215003 alignleft\" src=\"https:\/\/www.radiopiu.net\/wordpress\/wp-content\/uploads\/2021\/06\/8554eb80-bb6e-4752-a6d3-57aff91a2903-225x300.jpg\" alt=\"\" width=\"103\" height=\"137\" srcset=\"https:\/\/www.radiopiu.net\/wordpress\/wp-content\/uploads\/2021\/06\/8554eb80-bb6e-4752-a6d3-57aff91a2903-225x300.jpg 225w, https:\/\/www.radiopiu.net\/wordpress\/wp-content\/uploads\/2021\/06\/8554eb80-bb6e-4752-a6d3-57aff91a2903.jpg 768w\" sizes=\"auto, (max-width: 103px) 100vw, 103px\" \/><\/a><\/strong><strong>ROCCA PIETORE\u00a0<\/strong> Il sindaco Davare Valerio convoca la popolazione per un incontro pubblico con i tecnici di Veneto Strade sui lavori della Strada Provinciale 563 di Salesei in localit\u00e0 Digonera. L&#8217;incontro si terr\u00e0 luned\u00ec 8 luglio 2024 alle ore 18:15 presso la Sala dei Pompieri a Laste. \u00c8 raccomandata la presenza dei cittadini per discutere e chiarire i lavori in corso che interessano da anni la comunit\u00e0.<\/p>\n<p>&nbsp;<\/p>\n","protected":false},"excerpt":{"rendered":"<p>*** &nbsp; &nbsp; ROCCA PIETORE\u00a0 Il sindaco Davare Valerio convoca la popolazione per un incontro pubblico con i tecnici di Veneto Strade sui lavori della Strada Provinciale 563 di Salesei in localit\u00e0 Digonera. L&#8217;incontro si terr\u00e0 luned\u00ec 8 luglio 2024 alle ore 18:15 presso la Sala dei Pompieri a Laste. \u00c8 raccomandata la presenza dei&hellip;<\/p>\n","protected":false},"author":4,"featured_media":127376,"comment_status":"closed","ping_status":"closed","sticky":false,"template":"","format":"standard","meta":{"_monsterinsights_skip_tracking":false,"_monsterinsights_sitenote_active":false,"_monsterinsights_sitenote_note":"","_monsterinsights_sitenote_category":0,"footnotes":""},"categories":[51,49],"tags":[],"class_list":["post-397318","post","type-post","status-publish","format-standard","has-post-thumbnail","hentry","category-evidenza-top","category-news-18","category-51","category-49","description-off"],"img_url":"https:\/\/www.radiopiu.net\/wordpress\/wp-content\/uploads\/2020\/04\/ROCCA-PIETORE.png","_links":{"self":[{"href":"https:\/\/www.radiopiu.net\/wordpress\/wp-json\/wp\/v2\/posts\/397318","targetHints":{"allow":["GET"]}}],"collection":[{"href":"https:\/\/www.radiopiu.net\/wordpress\/wp-json\/wp\/v2\/posts"}],"about":[{"href":"https:\/\/www.radiopiu.net\/wordpress\/wp-json\/wp\/v2\/types\/post"}],"author":[{"embeddable":true,"href":"https:\/\/www.radiopiu.net\/wordpress\/wp-json\/wp\/v2\/users\/4"}],"replies":[{"embeddable":true,"href":"https:\/\/www.radiopiu.net\/wordpress\/wp-json\/wp\/v2\/comments?post=397318"}],"version-history":[{"count":0,"href":"https:\/\/www.radiopiu.net\/wordpress\/wp-json\/wp\/v2\/posts\/397318\/revisions"}],"wp:featuredmedia":[{"embeddable":true,"href":"https:\/\/www.radiopiu.net\/wordpress\/wp-json\/wp\/v2\/media\/127376"}],"wp:attachment":[{"href":"https:\/\/www.radiopiu.net\/wordpress\/wp-json\/wp\/v2\/media?parent=397318"}],"wp:term":[{"taxonomy":"category","embeddable":true,"href":"https:\/\/www.radiopiu.net\/wordpress\/wp-json\/wp\/v2\/categories?post=397318"},{"taxonomy":"post_tag","embeddable":true,"href":"https:\/\/www.radiopiu.net\/wordpress\/wp-json\/wp\/v2\/tags?post=397318"}],"curies":[{"name":"wp","href":"https:\/\/api.w.org\/{rel}","templated":true}]}}