{"id":397339,"date":"2024-07-05T04:00:01","date_gmt":"2024-07-05T02:00:01","guid":{"rendered":"https:\/\/www.radiopiu.net\/wordpress\/?p=397339"},"modified":"2024-07-05T05:57:27","modified_gmt":"2024-07-05T03:57:27","slug":"nerdi-ie","status":"publish","type":"post","link":"https:\/\/www.radiopiu.net\/wordpress\/nerdi-ie\/","title":{"rendered":"OGGI IL TOP DEL MONDO CORALE  NELL&#8217;ARCIDIACONALE"},"content":{"rendered":"<p>***<\/p>\n<p><img loading=\"lazy\" decoding=\"async\" class=\"alignleft\" src=\"https:\/\/www.radiopiu.net\/wordpress\/wp-content\/uploads\/2024\/07\/Cantemus-Childrens-Choir.jpg\" width=\"258\" height=\"172\" \/><strong>AGORDO<\/strong> Oggi, alle ore 21 presso la Chiesa Arcidiaconale di Agordo, si terr\u00e0 un evento straordinario con l\u2019esibizione del \u201cCantemus Children\u2019s Choir\u201d, coro giovanile femminile ungherese di fama mondiale, diretto dal Maestro D\u00e9nes Szab\u00f3. D\u00e9nes Szab\u00f3, figura di spicco nel panorama corale internazionale, ha fondato il coro nel 1975. Dopo aver studiato musica a Szeged, Miskolc e Budapest, Szab\u00f3 inizi\u00f2 a insegnare alla Scuola Elementare \u201cZolt\u00e1n Kod\u00e1ly\u201d di Ny\u00edregyh\u00e1za, dove ogni giorno si tengono lezioni musicali e vocali. Il &#8220;Cantemus Children\u2019s Choir&#8221; \u00e8 parte di un istituto corale che include anche il \u201cPro Musica Girls\u2019 Choir\u201d e il \u201cCantemus Mixed Voice Choir\u201d. Cantemus si esibisce globalmente e partecipa a numerosi concorsi internazionali. L&#8217;evento ad Agordo \u00e8 organizzato dal Coro Misto Polifonico di Trichiana, in collaborazione con l\u2019ASAC e grazie all\u2019impegno di Paolo Gardenal, presidente del Coro di Trichiana. Cantemus si esibir\u00e0 anche il 6 luglio a Trichiana e il 7 luglio a Par\u00e8 di Conegliano. La serata vedr\u00e0 anche le performance del Coro Val Biois e delle voci bianche della \u201cScuola interregionale di Canto e Teatro\u201d, un progetto che unisce bambini e ragazzi delle Dolomiti.<\/p>\n<p>&nbsp;<\/p>\n<p>&nbsp;<\/p>\n<hr \/>\n<p>&nbsp;<\/p>\n","protected":false},"excerpt":{"rendered":"<p>*** AGORDO Oggi, alle ore 21 presso la Chiesa Arcidiaconale di Agordo, si terr\u00e0 un evento straordinario con l\u2019esibizione del \u201cCantemus Children\u2019s Choir\u201d, coro giovanile femminile ungherese di fama mondiale, diretto dal Maestro D\u00e9nes Szab\u00f3. D\u00e9nes Szab\u00f3, figura di spicco nel panorama corale internazionale, ha fondato il coro nel 1975. Dopo aver studiato musica a&hellip;<\/p>\n","protected":false},"author":4,"featured_media":397340,"comment_status":"closed","ping_status":"closed","sticky":false,"template":"","format":"standard","meta":{"_monsterinsights_skip_tracking":false,"_monsterinsights_sitenote_active":false,"_monsterinsights_sitenote_note":"","_monsterinsights_sitenote_category":0,"footnotes":""},"categories":[104,49],"tags":[],"class_list":["post-397339","post","type-post","status-publish","format-standard","has-post-thumbnail","hentry","category-evidenza_3","category-news-18","category-104","category-49","description-off"],"img_url":"https:\/\/www.radiopiu.net\/wordpress\/wp-content\/uploads\/2024\/07\/Cantemus-Childrens-Choir.jpg","_links":{"self":[{"href":"https:\/\/www.radiopiu.net\/wordpress\/wp-json\/wp\/v2\/posts\/397339","targetHints":{"allow":["GET"]}}],"collection":[{"href":"https:\/\/www.radiopiu.net\/wordpress\/wp-json\/wp\/v2\/posts"}],"about":[{"href":"https:\/\/www.radiopiu.net\/wordpress\/wp-json\/wp\/v2\/types\/post"}],"author":[{"embeddable":true,"href":"https:\/\/www.radiopiu.net\/wordpress\/wp-json\/wp\/v2\/users\/4"}],"replies":[{"embeddable":true,"href":"https:\/\/www.radiopiu.net\/wordpress\/wp-json\/wp\/v2\/comments?post=397339"}],"version-history":[{"count":0,"href":"https:\/\/www.radiopiu.net\/wordpress\/wp-json\/wp\/v2\/posts\/397339\/revisions"}],"wp:featuredmedia":[{"embeddable":true,"href":"https:\/\/www.radiopiu.net\/wordpress\/wp-json\/wp\/v2\/media\/397340"}],"wp:attachment":[{"href":"https:\/\/www.radiopiu.net\/wordpress\/wp-json\/wp\/v2\/media?parent=397339"}],"wp:term":[{"taxonomy":"category","embeddable":true,"href":"https:\/\/www.radiopiu.net\/wordpress\/wp-json\/wp\/v2\/categories?post=397339"},{"taxonomy":"post_tag","embeddable":true,"href":"https:\/\/www.radiopiu.net\/wordpress\/wp-json\/wp\/v2\/tags?post=397339"}],"curies":[{"name":"wp","href":"https:\/\/api.w.org\/{rel}","templated":true}]}}