{"id":397387,"date":"2024-07-03T05:45:52","date_gmt":"2024-07-03T03:45:52","guid":{"rendered":"https:\/\/www.radiopiu.net\/wordpress\/?p=397387"},"modified":"2024-07-03T05:48:11","modified_gmt":"2024-07-03T03:48:11","slug":"i-vigili-del-fuoco-volontari-di-selva-salvano-la-mucca","status":"publish","type":"post","link":"https:\/\/www.radiopiu.net\/wordpress\/i-vigili-del-fuoco-volontari-di-selva-salvano-la-mucca\/","title":{"rendered":"IERI ALLA RADIO, OGGI SUI GIORNALI. I VIGILI DEL FUOCO VOLONTARI DI SELVA SALVANO LA MUCCA"},"content":{"rendered":"<p>***<\/p>\n<p><strong><a class=\"dt-pswp-item\" href=\"https:\/\/www.radiopiu.net\/wordpress\/wp-content\/uploads\/2024\/07\/Senza-nome-9.png\" data-dt-img-description=\"\" data-large_image_width=\"345\" data-large_image_height=\"197\"><img loading=\"lazy\" decoding=\"async\" class=\" wp-image-397390 alignleft\" src=\"https:\/\/www.radiopiu.net\/wordpress\/wp-content\/uploads\/2024\/07\/Senza-nome-9-300x171.png\" alt=\"\" width=\"270\" height=\"154\" srcset=\"https:\/\/www.radiopiu.net\/wordpress\/wp-content\/uploads\/2024\/07\/Senza-nome-9-300x171.png 300w, https:\/\/www.radiopiu.net\/wordpress\/wp-content\/uploads\/2024\/07\/Senza-nome-9.png 345w\" sizes=\"auto, (max-width: 270px) 100vw, 270px\" \/><\/a>SELVA DI CADORE<\/strong><\/p>\n<p>Su richiesta della Sala Operativa 115 del Comando Provinciale dei Vigili del Fuoco di Belluno, i Pompieri Volontari di Selva di Cadore sono intervenuti questa sera per un salvataggio animale. A supporto dell&#8217;operazione \u00e8 intervenuta una squadra SAF dalla Centrale dei Vigili del Fuoco di Belluno e una ditta privata con un mezzo dotato di gru.L&#8217;intervento si \u00e8 reso necessario a seguito della caduta di una mucca in un canale, rendendo impossibile per l&#8217;animale risalire da sola. L&#8217;animale impaurito \u00e8 stato imbragato e sollevato con cura, venendo successivamente riportato nel vicino prato. L&#8217;operazione \u00e8 stata eseguita con grande precisione e tempestivit\u00e0, meritando l&#8217;applauso dei presenti per la sua perfetta riuscita.L&#8217;intervento \u00e8 stato un esempio di collaborazione efficiente tra i Vigili del Fuoco e le risorse private, garantendo la sicurezza e il benessere dell&#8217;animale in difficolt\u00e0.<\/p>\n<h2 class=\"html-h2 xe8uvvx x11i5rnm xat24cr x1mh8g0r xexx8yu x4uap5 x18d9i69 xkhd6sd x1vvkbs x1heor9g x1qlqyl8 x1pd3egz x1a2a7pz x1gslohp x1yc453h\"><\/h2>\n<h1><span style=\"color: #0000ff;\"><strong><a style=\"color: #0000ff;\" href=\"https:\/\/www.facebook.com\/100022883616333\/videos\/381383691621745\/\">VIDEO\u00a0<\/a><\/strong><\/span><\/h1>\n<h2 id=\":r454:\" class=\"html-h2 xe8uvvx x11i5rnm xat24cr x1mh8g0r xexx8yu x4uap5 x18d9i69 xkhd6sd x1vvkbs x1heor9g x1qlqyl8 x1pd3egz x1a2a7pz x1gslohp x1yc453h\"><span class=\"\"><span class=\"xt0psk2\"><a class=\"x1i10hfl xjbqb8w x1ejq31n xd10rxx x1sy0etr x17r0tee x972fbf xcfux6l x1qhh985 xm0m39n x9f619 x1ypdohk xt0psk2 xe8uvvx xdj266r x11i5rnm xat24cr x1mh8g0r xexx8yu x4uap5 x18d9i69 xkhd6sd x16tdsg8 x1hl2dhg xggy1nq x1a2a7pz x1sur9pj xkrqix3 xzsf02u x1s688f\" tabindex=\"0\" role=\"link\" href=\"https:\/\/www.facebook.com\/groups\/1441840852715463\/user\/100022883616333\/?__cft__[0]=AZVHammAsVZTZhpcT10FT1CucyP_GUXUB-t-AstVuu8cH2VILkEmeLkUZyaP1ZST5WtunQ-8R0hDnnkftVqM7n3ypQXdNz9TgIHvuHy3295c1ypxDHwV1q8Lf7pDnVMyKw7dnJyKCHZheqzWogqxs0BS9f9YkihPn9Qmzmtq-hiOixq0GWmtaM-I5Z5zfOZ8jS0XTM2gQXLLAVYaERVLeeJIOWfQY1_oo3NiBXRH7cg_uQ&amp;__tn__=-UC%2CP-R\"><strong><span class=\"html-span xdj266r x11i5rnm xat24cr x1mh8g0r xexx8yu x4uap5 x18d9i69 xkhd6sd x1hl2dhg x16tdsg8 x1vvkbs\">Lucio Bellato<\/span><\/strong><\/a><\/span><\/span><\/h2>\n<p>&nbsp;<\/p>\n<hr \/>\n<p>&nbsp;<\/p>\n<p><a class=\"dt-pswp-item\" href=\"https:\/\/www.radiopiu.net\/wordpress\/wp-content\/uploads\/2024\/07\/Senza-nome-10.png\" data-dt-img-description=\"\" data-large_image_width=\"702\" data-large_image_height=\"354\"><img loading=\"lazy\" decoding=\"async\" class=\"size-medium wp-image-397391 aligncenter\" src=\"https:\/\/www.radiopiu.net\/wordpress\/wp-content\/uploads\/2024\/07\/Senza-nome-10-300x151.png\" alt=\"\" width=\"300\" height=\"151\" srcset=\"https:\/\/www.radiopiu.net\/wordpress\/wp-content\/uploads\/2024\/07\/Senza-nome-10-300x151.png 300w, https:\/\/www.radiopiu.net\/wordpress\/wp-content\/uploads\/2024\/07\/Senza-nome-10.png 702w\" sizes=\"auto, (max-width: 300px) 100vw, 300px\" \/><\/a><\/p>\n<p>&nbsp;<\/p>\n<hr \/>\n<p>&nbsp;<\/p>\n<p>&nbsp;<\/p>\n<hr \/>\n<p>&nbsp;<\/p>\n","protected":false},"excerpt":{"rendered":"<p>*** SELVA DI CADORE Su richiesta della Sala Operativa 115 del Comando Provinciale dei Vigili del Fuoco di Belluno, i Pompieri Volontari di Selva di Cadore sono intervenuti questa sera per un salvataggio animale. A supporto dell&#8217;operazione \u00e8 intervenuta una squadra SAF dalla Centrale dei Vigili del Fuoco di Belluno e una ditta privata con&hellip;<\/p>\n","protected":false},"author":4,"featured_media":397389,"comment_status":"closed","ping_status":"closed","sticky":false,"template":"","format":"standard","meta":{"_monsterinsights_skip_tracking":false,"_monsterinsights_sitenote_active":false,"_monsterinsights_sitenote_note":"","_monsterinsights_sitenote_category":0,"footnotes":""},"categories":[104,49],"tags":[],"class_list":["post-397387","post","type-post","status-publish","format-standard","has-post-thumbnail","hentry","category-evidenza_3","category-news-18","category-104","category-49","description-off"],"img_url":"https:\/\/www.radiopiu.net\/wordpress\/wp-content\/uploads\/2024\/07\/Senza-nome-8.png","_links":{"self":[{"href":"https:\/\/www.radiopiu.net\/wordpress\/wp-json\/wp\/v2\/posts\/397387","targetHints":{"allow":["GET"]}}],"collection":[{"href":"https:\/\/www.radiopiu.net\/wordpress\/wp-json\/wp\/v2\/posts"}],"about":[{"href":"https:\/\/www.radiopiu.net\/wordpress\/wp-json\/wp\/v2\/types\/post"}],"author":[{"embeddable":true,"href":"https:\/\/www.radiopiu.net\/wordpress\/wp-json\/wp\/v2\/users\/4"}],"replies":[{"embeddable":true,"href":"https:\/\/www.radiopiu.net\/wordpress\/wp-json\/wp\/v2\/comments?post=397387"}],"version-history":[{"count":0,"href":"https:\/\/www.radiopiu.net\/wordpress\/wp-json\/wp\/v2\/posts\/397387\/revisions"}],"wp:featuredmedia":[{"embeddable":true,"href":"https:\/\/www.radiopiu.net\/wordpress\/wp-json\/wp\/v2\/media\/397389"}],"wp:attachment":[{"href":"https:\/\/www.radiopiu.net\/wordpress\/wp-json\/wp\/v2\/media?parent=397387"}],"wp:term":[{"taxonomy":"category","embeddable":true,"href":"https:\/\/www.radiopiu.net\/wordpress\/wp-json\/wp\/v2\/categories?post=397387"},{"taxonomy":"post_tag","embeddable":true,"href":"https:\/\/www.radiopiu.net\/wordpress\/wp-json\/wp\/v2\/tags?post=397387"}],"curies":[{"name":"wp","href":"https:\/\/api.w.org\/{rel}","templated":true}]}}