{"id":397419,"date":"2024-07-02T07:55:02","date_gmt":"2024-07-02T05:55:02","guid":{"rendered":"https:\/\/www.radiopiu.net\/wordpress\/?p=397419"},"modified":"2024-07-02T08:39:46","modified_gmt":"2024-07-02T06:39:46","slug":"loriginale-dal-1983-la-rassegna-della-stampa-locale-alle-otto-del-mattino","status":"publish","type":"post","link":"https:\/\/www.radiopiu.net\/wordpress\/loriginale-dal-1983-la-rassegna-della-stampa-locale-alle-otto-del-mattino\/","title":{"rendered":"l&#8217;originale! DAL 1983 LA RASSEGNA DELLA STAMPA LOCALE ALLE OTTO DEL MATTINO"},"content":{"rendered":"<p>^^^<\/p>\n<p>&nbsp;<\/p>\n<p><a class=\"dt-pswp-item\" href=\"https:\/\/www.radiopiu.net\/wordpress\/wp-content\/uploads\/2022\/02\/MyRadioPiu_miaidea.png\" data-dt-img-description=\"\" data-large_image_width=\"483\" data-large_image_height=\"374\"><img loading=\"lazy\" decoding=\"async\" class=\" wp-image-325190 alignleft\" src=\"https:\/\/www.radiopiu.net\/wordpress\/wp-content\/uploads\/2022\/02\/MyRadioPiu_miaidea-300x232.png\" alt=\"\" width=\"199\" height=\"154\" srcset=\"https:\/\/www.radiopiu.net\/wordpress\/wp-content\/uploads\/2022\/02\/MyRadioPiu_miaidea-300x232.png 300w, https:\/\/www.radiopiu.net\/wordpress\/wp-content\/uploads\/2022\/02\/MyRadioPiu_miaidea.png 483w\" sizes=\"auto, (max-width: 199px) 100vw, 199px\" \/><\/a><strong>OGGI ALLA RADIO:<\/strong> ALLE 6.15 PIROLE DE LENGA, CON IL MUSLA\u00a0\u00a0ALLE 7.20 EL BAL DEL FIOR, DETTI E TRADIZIONI DI GIULIANA DA RONCH; ALLE 8.20 PIU&#8217; SIAMO ESTATE DI MARINA DONA&#8217;\u00a0 9.00\u00a0 ALEX NASCINBEN LA MUSICA COUNTRY\u00a0 \u00a09.30 VIABILITA\u2019 Botol_Car 10.10\u00a0 JAQUELINE LEZUO CONDUCE IL GR DEL MUSLA\u00a0 10.30\u00a0\u00a0 VOCI RIBELLI CON ALESSIA DALL&#8217;O\u00a0 11.10 LA STORIA DEL FESTIVALBAR RACCONTATA DA MIRCO BENCIVENNI \u00a0\u00a012.00 VA TUTTO LISCIO 12.30 GIORNALE RADIO EDIZIONE PRINCIPALE \u00a013.20 TRE PEZZI ESTIVI DI MARINA DONA&#8217; 14.00\u00a0 LORIS SCUSSEL E LE NOSTALGICHE SELEZIONI DI COLLAGE, OPERAZIONE NOSTALGIA\u00a0 15.00\u00a0\u00a0 IL MARTEDI DI LUISA ALCHINI, OSPITI I CRIFU\u00a0 16.00 IL ROCK DI MARCO COSTANTINI 16.45 LE HIT DI MIRCO BENCIVENNI\u00a0 19 ANTICIPAZIONI DAL TG DI ANTENNA 3<\/p>\n<p>&nbsp;<\/p>\n<p><iframe loading=\"lazy\" title=\"DAL 1983 LA RASSEGNA STAMPA LOCALE di mirko mezzacasa. L&#039;ORIGINALE\" width=\"1200\" height=\"675\" src=\"https:\/\/www.youtube.com\/embed\/uunKbHLxMLk?feature=oembed\" frameborder=\"0\" allow=\"accelerometer; autoplay; clipboard-write; encrypted-media; gyroscope; picture-in-picture; web-share\" referrerpolicy=\"strict-origin-when-cross-origin\" allowfullscreen><\/iframe><\/p>\n<p>&nbsp;<\/p>\n<p>&nbsp;<\/p>\n<p>&nbsp;<\/p>\n<p>&nbsp;<\/p>\n<p><a class=\"dt-pswp-item\" href=\"https:\/\/www.radiopiu.net\/wordpress\/wp-content\/uploads\/2024\/07\/e54c1c70-c312-46c6-b6d4-4191f1c5996c.jpg\" data-dt-img-description=\"\" data-large_image_width=\"800\" data-large_image_height=\"600\"><img loading=\"lazy\" decoding=\"async\" class=\"size-medium wp-image-397416 alignleft\" src=\"https:\/\/www.radiopiu.net\/wordpress\/wp-content\/uploads\/2024\/07\/e54c1c70-c312-46c6-b6d4-4191f1c5996c-300x225.jpg\" alt=\"\" width=\"300\" height=\"225\" srcset=\"https:\/\/www.radiopiu.net\/wordpress\/wp-content\/uploads\/2024\/07\/e54c1c70-c312-46c6-b6d4-4191f1c5996c-300x225.jpg 300w, https:\/\/www.radiopiu.net\/wordpress\/wp-content\/uploads\/2024\/07\/e54c1c70-c312-46c6-b6d4-4191f1c5996c-768x576.jpg 768w, https:\/\/www.radiopiu.net\/wordpress\/wp-content\/uploads\/2024\/07\/e54c1c70-c312-46c6-b6d4-4191f1c5996c.jpg 800w\" sizes=\"auto, (max-width: 300px) 100vw, 300px\" \/><\/a>LA VALLE La strada provinciale 347 del passo Duran \u00e8 bloccata a Le Vare, Val di Zoldo, a causa di una frana causata dalle intense piogge. Nessun ferito, ma i detriti hanno riempito le vasche di contenimento, tracimando sulla carreggiata. Intervento dei vigili del fuoco e dei tecnici comunali in corso. Il sindaco De Pellegrin prevede giorni di lavoro per riaprire la strada. Eventi meteo estremi come questo sono sempre pi\u00f9 frequenti, richiedendo maggiore supporto finanziario per la manutenzione del territorio.<br \/>\nTAIBON Grandi lavori in localit\u00e0 campagna sulla\u00a0 strada che collega il paese con Agordo e la sua zona industriale. Grandi lavori a valle per convogliare le acque. Ed a monte? Scende l&#8217;acqua, per ora rimane imbrigliata&#8230; ma cadono i sassi. Pericolo scampato, come si dice&#8230;\u00e8 andata bene ancora una volta. Stamane infatti, un grosso macigno \u00e8 rotolato fino alla strada fermandosi contro il guardrail.<br \/>\nAGORDO\u00a0 Ieri alle 13.40 il Soccorso Alpino di Agordo \u00e8 stato allertato da tre escursionisti, uno dei quali\u00a0 ha riportato un trauma alla caviglia, impedendogli di proseguire. Individuati sul sentiero 548, nei pressi del bivio con la strada forestale tra Casera Pecole e Malghe Foch, \u00e8 stata inviata una squadra di soccorso. Tuttavia, la squadra \u00e8 stata bloccata dall\u2019impetuosit\u00e0 di un torrente da guadare. Dopo aver deciso di attendere l\u2019abbassamento del livello dell\u2019acqua, attorno alle 15:30 i soccorritori sono riusciti a raggiungere i tre escursionisti: l\u2019infortunato, un 72enne statunitense, e una coppia spagnola. La squadra li ha quindi accompagnati in sicurezza ad Agordo.<br \/>\nL&#8217;ALLARME DAL CIVETTA ALLA CAPITANIERIA DI PORTO<br \/>\nVAL DI ZOLDO Attorno alle 17.40 di ieri la Centrale del Suem \u00e8 stata attivata dai Vigili del fuoco, che, tramite la Capitaneria di porto, avevano ricevuto una richiesta di aiuto lanciata tramite messaggio satellitare da un escursionista bulgaro in difficolt\u00e0 in cima al Civetta. Il 49enne si trovava nel bivacco invernale del Torrani in attesa dei soccorsi, stava bene e aveva con s\u00e9 acqua e viveri. L\u2019uomo, che aveva trovato molta neve arrivato in vetta, \u00e8 stato recuperato dall\u2019elicottero dell\u2019Air service center e trasportato a valle.<br \/>\nBELLUNO Donna cade in bagno e non risponde, portata in ospedale. Scivolata in casa, \u00e8 stata soccorsa dai vigili del fuoco e dall&#8217;ambulanza in via del Cansiglio. Nulla di grave.<br \/>\nSAN PELLEGRINO-FALCADE:\u00a0 IMPIANTI APERTI, DA SABATO SI SALE AL LARESEI VIA LE BUSE DA MOLINO DI FALCADE, LE ANTICIPAZIONI ALLA RADIO DI MIRCO TANCON IN PODCAST SUL SITO DI RADIOPIU<\/p>\n<p><a class=\"dt-pswp-item\" href=\"https:\/\/www.radiopiu.net\/wordpress\/wp-content\/uploads\/2024\/07\/sss.jpg\" data-dt-img-description=\"\" data-large_image_width=\"1024\" data-large_image_height=\"1280\"><img loading=\"lazy\" decoding=\"async\" class=\"size-medium wp-image-397412 alignleft\" src=\"https:\/\/www.radiopiu.net\/wordpress\/wp-content\/uploads\/2024\/07\/sss-240x300.jpg\" alt=\"\" width=\"240\" height=\"300\" srcset=\"https:\/\/www.radiopiu.net\/wordpress\/wp-content\/uploads\/2024\/07\/sss-240x300.jpg 240w, https:\/\/www.radiopiu.net\/wordpress\/wp-content\/uploads\/2024\/07\/sss-819x1024.jpg 819w, https:\/\/www.radiopiu.net\/wordpress\/wp-content\/uploads\/2024\/07\/sss-768x960.jpg 768w, https:\/\/www.radiopiu.net\/wordpress\/wp-content\/uploads\/2024\/07\/sss.jpg 1024w\" sizes=\"auto, (max-width: 240px) 100vw, 240px\" \/><\/a>ARSIE&#8217;\u00a0 Restano gravi le condizioni del 32enne motociclista di Arsi\u00e8, coinvolto nell&#8217;incidente di domenica pomeriggio a Casonetto. Trasportato in elicottero all&#8217;ospedale di Treviso, \u00e8 stato operato per lesioni al collo e a un braccio.<br \/>\nSELVA DI CADORE Su richiesta della Sala Operativa 115 del Comando Provinciale dei Vigili del Fuoco di Belluno, i Pompieri Volontari di Selva di Cadore sono intervenuti ieri sera per un salvataggio animale. A supporto dell&#8217;operazione \u00e8 intervenuta una squadra SAF dalla Centrale dei Vigili del Fuoco di Belluno e una ditta privata con un mezzo dotato di gru.L&#8217;intervento si \u00e8 reso necessario a seguito della caduta di una mucca in un canale, rendendo impossibile per l&#8217;animale risalire da sola. L&#8217;animale impaurito \u00e8 stato imbragato e sollevato con cura, venendo successivamente riportato nel vicino prato.<br \/>\nREDAZIONE Tra il 2024 e il 2026 la Regione investir\u00e0 sul territorio oltre 18 milioni di euro, la stima degli interventi \u00e8 infatti nota: 12 milioni il primo anno, poco meno di 5 il secondo e un&#8217;altro milione nel 2026. Si tratta del programma triennale dei lavori pubbici (24-26) dell&#8217;amministrazione regionale che ha gi\u00e0 divulgato l&#8217;elenco degli interventi nel bellunese<br \/>\nROCCA PIETORE\u00a0 Il presidente del CAI Veneto, Renato Frigo, ha avviato un&#8217;indagine sul comportamento di un gruppo salito sulla Marmolada. Carlo Budel, gestore di Capanna Punta Penia, ha denunciato su Facebook la mancanza di rispetto da parte di 17 giovani accompagnati da un<br \/>\nistruttore, che hanno consumato cibo proprio e lasciato il rifugio in pessime condizioni. Frigo e il presidente generale Antonio Montani hanno espresso sconcerto, sottolineando che tali comportamenti sono opposti ai valori del CAI.<br \/>\nAGORDO Le educatrici dell\u2019Asilo nido di Agordo, con la coordinatrice Ljanka Dal Col e A.S.C.A., hanno avviato il progetto \u201cMani che si intrecciano\u201d per promuovere incontri tra bambini del Nido e anziani ospitati nelle strutture A.S.C.A. Durante il primo incontro, anziani e bambini hanno disegnato insieme un cartellone simbolico e cantato.<\/p>\n<p><a class=\"dt-pswp-item\" href=\"https:\/\/www.radiopiu.net\/wordpress\/wp-content\/uploads\/2024\/07\/Senza-nome-12.png\" data-dt-img-description=\"\" data-large_image_width=\"559\" data-large_image_height=\"212\"><img loading=\"lazy\" decoding=\"async\" class=\"size-medium wp-image-397397 alignleft\" src=\"https:\/\/www.radiopiu.net\/wordpress\/wp-content\/uploads\/2024\/07\/Senza-nome-12-300x114.png\" alt=\"\" width=\"300\" height=\"114\" srcset=\"https:\/\/www.radiopiu.net\/wordpress\/wp-content\/uploads\/2024\/07\/Senza-nome-12-300x114.png 300w, https:\/\/www.radiopiu.net\/wordpress\/wp-content\/uploads\/2024\/07\/Senza-nome-12.png 559w\" sizes=\"auto, (max-width: 300px) 100vw, 300px\" \/><\/a>Pedone Investito: Impossibile Non Vederlo<br \/>\nBELLUNO Secondo la ricostruzione ufficiale, era impossibile non vedere il pedone Gabriele Bettio, investito l&#8217;11 agosto 2020 a Ponte Mas. L&#8217;accusato,\u00a0 deve rispondere di lesioni stradali aggravate. Bettio, triatleta, \u00e8 stato colpito mentre correva, con la sua posizione confermata dal suo Garmin. Claudio Coral, perito della parte civile, ha dichiarato che l&#8217;auto\u00a0 ha colpito Bettio uscendo dal parcheggio, contestando la versione della difesa. Prossima udienza il 20 gennaio.<br \/>\nROMA Il fenomeno delle truffe online continua a crescere, colpendo soprattutto Gen Z e Millennial, nonostante la loro familiarit\u00e0 con il digitale. La Polizia di Stato e Airbnb hanno rinnovato la loro collaborazione per sensibilizzare i cittadini. Secondo il Report 2023 della Polizia Postale, le truffe online sono aumentate del 6% tra il 2022 e il 2023, con un incremento del denaro sottratto del 20%<br \/>\nROCCA PIETORE\u00a0 Il sindaco Valerio Davare convoca la popolazione per un incontro pubblico con i tecnici di Veneto Strade sui lavori della Strada Provinciale 563 di Salesei in localit\u00e0 Digonera. L&#8217;incontro si terr\u00e0 luned\u00ec 8 luglio 2024 alle ore 18:15 presso la Sala dei Pompieri a Laste. \u00c8 raccomandata la presenza dei cittadini per discutere e chiarire i lavori in corso che interessano da anni la comunit\u00e0.<br \/>\nDoppia promozione per i laghi di Santa Croce e del Mis, che hanno superato con ottimi risultati i test di qualit\u00e0 dell&#8217;acqua di Goletta dei Laghi e che si sono aggiudicati anche quest&#8217;anno la bandiera a cinque vele di Legambiente e Touring Club.<br \/>\nFELTRE Il presidente del comitato organizzatore della Mostra dell&#8217;Artigianato Artistico e Tradizionale di Feltre, Luciano Gesiot, ha dichiarato che l&#8217;edizione di quest&#8217;anno \u00e8 stata tra le migliori degli ultimi anni, con circa 150 espositori e operatori. I materiali e mestieri della tradizione veneziana sono stati i protagonisti, celebrando anche i 700 anni dalla scomparsa di Marco Polo.<\/p>\n","protected":false},"excerpt":{"rendered":"<p>^^^ &nbsp; OGGI ALLA RADIO: ALLE 6.15 PIROLE DE LENGA, CON IL MUSLA\u00a0\u00a0ALLE 7.20 EL BAL DEL FIOR, DETTI E TRADIZIONI DI GIULIANA DA RONCH; ALLE 8.20 PIU&#8217; SIAMO ESTATE DI MARINA DONA&#8217;\u00a0 9.00\u00a0 ALEX NASCINBEN LA MUSICA COUNTRY\u00a0 \u00a09.30 VIABILITA\u2019 Botol_Car 10.10\u00a0 JAQUELINE LEZUO CONDUCE IL GR DEL MUSLA\u00a0 10.30\u00a0\u00a0 VOCI RIBELLI CON ALESSIA&hellip;<\/p>\n","protected":false},"author":4,"featured_media":397405,"comment_status":"closed","ping_status":"closed","sticky":false,"template":"","format":"standard","meta":{"_monsterinsights_skip_tracking":false,"_monsterinsights_sitenote_active":false,"_monsterinsights_sitenote_note":"","_monsterinsights_sitenote_category":0,"footnotes":""},"categories":[51,49,142],"tags":[],"class_list":["post-397419","post","type-post","status-publish","format-standard","has-post-thumbnail","hentry","category-evidenza-top","category-news-18","category-rassegna-stampa","category-51","category-49","category-142","description-off"],"img_url":"https:\/\/www.radiopiu.net\/wordpress\/wp-content\/uploads\/2024\/07\/Senza-nome-13.png","_links":{"self":[{"href":"https:\/\/www.radiopiu.net\/wordpress\/wp-json\/wp\/v2\/posts\/397419","targetHints":{"allow":["GET"]}}],"collection":[{"href":"https:\/\/www.radiopiu.net\/wordpress\/wp-json\/wp\/v2\/posts"}],"about":[{"href":"https:\/\/www.radiopiu.net\/wordpress\/wp-json\/wp\/v2\/types\/post"}],"author":[{"embeddable":true,"href":"https:\/\/www.radiopiu.net\/wordpress\/wp-json\/wp\/v2\/users\/4"}],"replies":[{"embeddable":true,"href":"https:\/\/www.radiopiu.net\/wordpress\/wp-json\/wp\/v2\/comments?post=397419"}],"version-history":[{"count":0,"href":"https:\/\/www.radiopiu.net\/wordpress\/wp-json\/wp\/v2\/posts\/397419\/revisions"}],"wp:featuredmedia":[{"embeddable":true,"href":"https:\/\/www.radiopiu.net\/wordpress\/wp-json\/wp\/v2\/media\/397405"}],"wp:attachment":[{"href":"https:\/\/www.radiopiu.net\/wordpress\/wp-json\/wp\/v2\/media?parent=397419"}],"wp:term":[{"taxonomy":"category","embeddable":true,"href":"https:\/\/www.radiopiu.net\/wordpress\/wp-json\/wp\/v2\/categories?post=397419"},{"taxonomy":"post_tag","embeddable":true,"href":"https:\/\/www.radiopiu.net\/wordpress\/wp-json\/wp\/v2\/tags?post=397419"}],"curies":[{"name":"wp","href":"https:\/\/api.w.org\/{rel}","templated":true}]}}