{"id":397436,"date":"2024-07-03T05:50:30","date_gmt":"2024-07-03T03:50:30","guid":{"rendered":"https:\/\/www.radiopiu.net\/wordpress\/?p=397436"},"modified":"2024-07-03T08:58:39","modified_gmt":"2024-07-03T06:58:39","slug":"giornale-radiopiu-03-luglio-2024-direttore-mirko-mezzacasada-41-anni-25-giugno-1983-25-giugno-2024","status":"publish","type":"post","link":"https:\/\/www.radiopiu.net\/wordpress\/giornale-radiopiu-03-luglio-2024-direttore-mirko-mezzacasada-41-anni-25-giugno-1983-25-giugno-2024\/","title":{"rendered":"GIORNALE RADIOPIU 03 LUGLIO 2024 DIRETTORE MIRKO MEZZACASA\u2026DA 41 ANNI 25 GIUGNO 1983-25 GIUGNO 2024"},"content":{"rendered":"<p>*******<\/p>\n<p>&nbsp;<\/p>\n<p><a class=\"dt-pswp-item\" href=\"https:\/\/www.radiopiu.net\/wordpress\/wp-content\/uploads\/2024\/07\/7a9866e4-dadd-4910-8fe5-4006581a4db9.jpg\" data-dt-img-description=\"\" data-large_image_width=\"600\" data-large_image_height=\"512\"><img loading=\"lazy\" decoding=\"async\" class=\"size-medium wp-image-397584 aligncenter\" src=\"https:\/\/www.radiopiu.net\/wordpress\/wp-content\/uploads\/2024\/07\/7a9866e4-dadd-4910-8fe5-4006581a4db9-300x256.jpg\" alt=\"\" width=\"300\" height=\"256\" srcset=\"https:\/\/www.radiopiu.net\/wordpress\/wp-content\/uploads\/2024\/07\/7a9866e4-dadd-4910-8fe5-4006581a4db9-300x256.jpg 300w, https:\/\/www.radiopiu.net\/wordpress\/wp-content\/uploads\/2024\/07\/7a9866e4-dadd-4910-8fe5-4006581a4db9.jpg 600w\" sizes=\"auto, (max-width: 300px) 100vw, 300px\" \/><\/a><\/p>\n<p>&nbsp;<\/p>\n<p>&nbsp;<\/p>\n<p><em><span style=\"color: #ff0000;\">ATTENZIONE: LA NUOVA APP PER IOS-IPHONE di Nicola Vettorello <\/span><\/em><a href=\"https:\/\/apps.apple.com\/it\/app\/radio-pi%C3%B9-emittente-agordina\/id1515939845\">https:\/\/apps.apple.com\/it\/app\/radio-pi%C3%B9-emittente-agordina\/id1515939845<\/a><\/p>\n<p><em style=\"color: #ff0000;\">ATTENZIONE: LA NUOVA APP RADIO\u00a0 PER ANDROID di Nicola Vettorello<\/em><\/p>\n<p><a href=\"https:\/\/play.google.com\/store\/apps\/details?id=net.radiopiu.iniko\" target=\"_blank\" rel=\"noopener noreferrer\">https:\/\/play.google.com\/store\/apps\/details?id=net.radiopiu.iniko\u00a0\u00a0\u00a0<\/a><\/p>\n<p>&nbsp;<\/p>\n<blockquote><p><strong>SUI SOCIAL FACEBOOK\u00a0 &#8230;. SIAMO\u00a0 OLTRE 30MILA<\/strong><\/p><\/blockquote>\n<div class=\"x9f619 x1n2onr6 x1ja2u2z x78zum5 xdt5ytf x2lah0s x193iq5w x1cy8zhl xexx8yu\">\n<div class=\"x78zum5 xdt5ytf x1wsgfga x9otpla\">\n<div class=\"x1e56ztr x1xmf6yo\">\n<h1 class=\"html-h1 xe8uvvx xdj266r x11i5rnm xat24cr x1mh8g0r xexx8yu x4uap5 x18d9i69 xkhd6sd x1vvkbs x1heor9g x1qlqyl8 x1pd3egz x1a2a7pz\">Radio Pi\u00f9 <a class=\"x1i10hfl xjbqb8w x1ejq31n xd10rxx x1sy0etr x17r0tee x972fbf xcfux6l x1qhh985 xm0m39n x9f619 x1ypdohk xt0psk2 xe8uvvx xdj266r x11i5rnm xat24cr x1mh8g0r xexx8yu x4uap5 x18d9i69 xkhd6sd x16tdsg8 x1hl2dhg xggy1nq x1a2a7pz x1sur9pj xkrqix3 xi81zsa x1s688f\" style=\"font-size: 14px; font-weight: normal;\" tabindex=\"0\" role=\"link\" href=\"https:\/\/www.facebook.com\/radiopiu\/friends_likes\/\">Mi piace: 9002<\/a><span style=\"font-size: 14px; font-weight: normal;\"> \u2022 <\/span><a class=\"x1i10hfl xjbqb8w x1ejq31n xd10rxx x1sy0etr x17r0tee x972fbf xcfux6l x1qhh985 xm0m39n x9f619 x1ypdohk xt0psk2 xe8uvvx xdj266r x11i5rnm xat24cr x1mh8g0r xexx8yu x4uap5 x18d9i69 xkhd6sd x16tdsg8 x1hl2dhg xggy1nq x1a2a7pz x1sur9pj xkrqix3 xi81zsa x1s688f\" style=\"font-size: 14px; font-weight: normal;\" tabindex=\"0\" role=\"link\" href=\"https:\/\/www.facebook.com\/radiopiu\/followers\/\">Follower: 11.501<\/a><\/h1>\n<\/div>\n<\/div>\n<\/div>\n<h1 class=\"xu06os2 x1ok221b\"><span class=\"x193iq5w xeuugli x13faqbe x1vvkbs x1xmvt09 x1lliihq x1s928wv xhkezso x1gmr53x x1cpjm7i x1fgarty x1943h6x xudqn12 x676frb x1lkfr7t x1lbecb7 x1s688f xzsf02u x1yc453h\" dir=\"auto\"><a class=\"x1i10hfl xjbqb8w x1ejq31n xd10rxx x1sy0etr x17r0tee x972fbf xcfux6l x1qhh985 xm0m39n x9f619 x1ypdohk xt0psk2 xe8uvvx xdj266r x11i5rnm xat24cr x1mh8g0r xexx8yu x4uap5 x18d9i69 xkhd6sd x16tdsg8 x1hl2dhg xggy1nq x1a2a7pz x1heor9g x1sur9pj xkrqix3 x1s688f\" tabindex=\"0\" role=\"link\" href=\"https:\/\/www.facebook.com\/groups\/radiopiu\/\">RADIO PIU&#8217; EMITTENTE AGORDINA (Taibon_32027)<\/a><\/span><\/h1>\n<div class=\"xu06os2 x1ok221b\">\n<div class=\"x9f619 x1n2onr6 x1ja2u2z x78zum5 x2lah0s x1nhvcw1 x6s0dn4 x1a02dak x1q0g3np xexx8yu xwrv7xz x8182xy xmgb6t1 x1kgmq87\">\n<div class=\"x9f619 x1n2onr6 x1ja2u2z x78zum5 xdt5ytf x2lah0s x193iq5w xeuugli xg83lxy x1h0ha7o x1120s5i x1nn3v0j\">\n<div class=\"x9f619 x1n2onr6 x1ja2u2z x78zum5 x2lah0s x1nhvcw1 x6s0dn4 xozqiw3 x1q0g3np xexx8yu xwrv7xz x8182xy xmgb6t1 x1kgmq87\">\n<div class=\"x9f619 x1n2onr6 x1ja2u2z x78zum5 xdt5ytf x2lah0s x193iq5w xeuugli xg83lxy x1h0ha7o x1120s5i x1nn3v0j\"><a class=\"x1i10hfl xjbqb8w x1ejq31n xd10rxx x1sy0etr x17r0tee x972fbf xcfux6l x1qhh985 xm0m39n x9f619 x1ypdohk xt0psk2 xe8uvvx xdj266r x11i5rnm xat24cr x1mh8g0r xexx8yu x4uap5 x18d9i69 xkhd6sd x16tdsg8 x1hl2dhg xggy1nq x1a2a7pz x1sur9pj xkrqix3 xi81zsa x1s688f\" tabindex=\"0\" role=\"link\" href=\"https:\/\/www.facebook.com\/groups\/61488111720\/members\/\">Membri: 18.618\u00a0<\/a><\/div>\n<div><\/div>\n<div><\/div>\n<\/div>\n<\/div>\n<\/div>\n<\/div>\n<hr \/>\n<p>&nbsp;<\/p>\n<p>&nbsp;<\/p>\n<p><strong class=\"photoswipe-wrapper\"><span style=\"color: #ff0000;\"><a class=\"dt-pswp-item\" href=\"https:\/\/www.radiopiu.net\/wordpress\/wp-content\/uploads\/2024\/07\/9ca0fffa-894c-4bda-b0dc-7edefe9e1441.jpg\" data-dt-img-description=\"\" data-large_image_width=\"1066\" data-large_image_height=\"1600\"><img loading=\"lazy\" decoding=\"async\" class=\"size-medium wp-image-397533 alignleft\" src=\"https:\/\/www.radiopiu.net\/wordpress\/wp-content\/uploads\/2024\/07\/9ca0fffa-894c-4bda-b0dc-7edefe9e1441-200x300.jpg\" alt=\"\" width=\"200\" height=\"300\" srcset=\"https:\/\/www.radiopiu.net\/wordpress\/wp-content\/uploads\/2024\/07\/9ca0fffa-894c-4bda-b0dc-7edefe9e1441-200x300.jpg 200w, https:\/\/www.radiopiu.net\/wordpress\/wp-content\/uploads\/2024\/07\/9ca0fffa-894c-4bda-b0dc-7edefe9e1441-682x1024.jpg 682w, https:\/\/www.radiopiu.net\/wordpress\/wp-content\/uploads\/2024\/07\/9ca0fffa-894c-4bda-b0dc-7edefe9e1441-768x1153.jpg 768w, https:\/\/www.radiopiu.net\/wordpress\/wp-content\/uploads\/2024\/07\/9ca0fffa-894c-4bda-b0dc-7edefe9e1441-1023x1536.jpg 1023w, https:\/\/www.radiopiu.net\/wordpress\/wp-content\/uploads\/2024\/07\/9ca0fffa-894c-4bda-b0dc-7edefe9e1441.jpg 1066w\" sizes=\"auto, (max-width: 200px) 100vw, 200px\" \/><\/a>oggi alla radio <\/span><\/strong>: <strong>ALLE 6.15 <\/strong>PIROLE DE LENGA, CON IL MUSLA\u00a0\u00a0<strong>ALLE 7.20<\/strong>\u00a0EL BAL DEL FIOR, DETTI E TRADIZIONI DI GIULIANA DA RONCH;\u00a0<strong>ALLE 8.20\u00a0<\/strong>PIU&#8217; SIAMO ESTATE DI MARINA DONA&#8217;\u00a0 <strong>9.00<\/strong>\u00a0 intervista ad ALBERTO BERTOLI (foto), di Marco V. Dal Farra\u00a0 \u00a0 <strong>9.30\u00a0<\/strong>VIABILITA\u2019 Botol_Car <strong>10.10<\/strong>\u00a0 cisl la voce per i lavoratori <span style=\"color: #0000ff;\"><strong><span style=\"color: #000000;\">10.30\u00a0<\/span><\/strong><span style=\"color: #000000;\">\u00a0 \u00a0 morgan gnech e Michele Costantini in diretta alla radio, Sali Scendi 24 a Forcella Aurine\u00a0 <\/span><span style=\"color: #000000;\">\u00a0<\/span><\/span><strong>11.10 <\/strong>LA STORIA DEL FESTIVALBAR RACCONTATA DA MIRCO BENCIVENN<strong>I <\/strong>\u00a0\u00a0<strong>12.00\u00a0<\/strong>VA TUTTO LISCIO\u00a0<strong>12.30\u00a0<\/strong>GIORNALE RADIO EDIZIONE PRINCIPALE <strong>13.10<\/strong> Diario di Bordo Claudia Magic Teacher\u00a0 <strong>13.20<\/strong> TRE PEZZI ESTIVI DI MARINA DONA&#8217; <strong>14.00\u00a0<\/strong> rimasti piu&#8217; avanti con Marco V Dal Farra, ospiti i BLACK OUT\u00a0 <strong>15.00\u00a0<\/strong>\u00a0 LA CLASIFICA UFFICIALE DI RADIOPIU. DI MARCO GAZ\u00a0 <strong>1<\/strong><strong>6.00\u00a0<\/strong>IL ROCK DI MARCO COSTANTINI\u00a0<strong>16.45\u00a0<\/strong>LE HIT DI MIRCO BENCIVENNI\u00a0 <strong>19\u00a0<\/strong>ANTICIPAZIONI DAL TG DI ANTENNA 3<\/p>\n<blockquote><p><em><span style=\"color: #0000ff;\"><strong>COOPERATIVA DI CORTINA, UNA STORIA LUNGA 30 ANNI&#8230; OGGI ALLA RADIO ALLE 9.45 LO SPECIALE ALLA RADIO&#8230; SU RADIO PIU&#8217;, PRIMIERO E\u00a0 RADIO CLUB 103, LE RADIO DELLE DOLOMITI, LE TRE RADIO !<\/strong><\/span><\/em><\/p><\/blockquote>\n<blockquote><p><strong>rassegna stampa nazionale, ogni giorno alle 5 e alle 6 del mattino<\/strong><br \/>\n<em>giornali locali 7 rassegna stampa flash, 8 rassegna stampa, gr flash alle 10 e alle 11, principale 12.30. Informazione pomerIggio alle 15 (speciale) 16, 17, 18. Giornale radio nazionale: ogni ora dalle 5 del mattino, alle 20 della sera.\u00a0<\/em><\/p><\/blockquote>\n<div class=\"x11i5rnm xat24cr x1mh8g0r x1vvkbs xtlvy1s x126k92a\">\n<div dir=\"auto\">\n<p>&nbsp;<\/p>\n<p>&nbsp;<\/p>\n<hr \/>\n<p>&nbsp;<\/p>\n<p>&nbsp;<\/p>\n<div class=\"x11i5rnm xat24cr x1mh8g0r x1vvkbs xtlvy1s x126k92a\">\n<div dir=\"auto\">\n<p><strong><a class=\"dt-pswp-item\" href=\"https:\/\/www.radiopiu.net\/wordpress\/wp-content\/uploads\/2024\/02\/2d44e751-d8a8-461b-8e22-d8e4e853b032.jpg\" data-dt-img-description=\"\" data-large_image_width=\"1600\" data-large_image_height=\"1200\"><img loading=\"lazy\" decoding=\"async\" class=\"wp-image-373307 alignleft\" src=\"https:\/\/www.radiopiu.net\/wordpress\/wp-content\/uploads\/2024\/02\/2d44e751-d8a8-461b-8e22-d8e4e853b032-300x225.jpg\" alt=\"\" width=\"105\" height=\"79\" srcset=\"https:\/\/www.radiopiu.net\/wordpress\/wp-content\/uploads\/2024\/02\/2d44e751-d8a8-461b-8e22-d8e4e853b032-300x225.jpg 300w, https:\/\/www.radiopiu.net\/wordpress\/wp-content\/uploads\/2024\/02\/2d44e751-d8a8-461b-8e22-d8e4e853b032-1024x768.jpg 1024w, https:\/\/www.radiopiu.net\/wordpress\/wp-content\/uploads\/2024\/02\/2d44e751-d8a8-461b-8e22-d8e4e853b032-768x576.jpg 768w, https:\/\/www.radiopiu.net\/wordpress\/wp-content\/uploads\/2024\/02\/2d44e751-d8a8-461b-8e22-d8e4e853b032-1536x1152.jpg 1536w, https:\/\/www.radiopiu.net\/wordpress\/wp-content\/uploads\/2024\/02\/2d44e751-d8a8-461b-8e22-d8e4e853b032.jpg 1600w\" sizes=\"auto, (max-width: 105px) 100vw, 105px\" \/><\/a>EL BAL DEL FIOR, DI GIULIANA DA RONCH, 03 LUGLIO<\/strong><strong>\u00a02024<em>\u00a0<\/em><\/strong><\/p>\n<p>&nbsp;<\/p>\n<\/div>\n<\/div>\n<\/div>\n<audio class=\"wp-audio-shortcode\" id=\"audio-397436-1\" preload=\"none\" style=\"width: 100%;\" controls=\"controls\"><source type=\"audio\/mpeg\" src=\"https:\/\/www.radiopiu.net\/wordpress\/wp-content\/uploads\/2024\/06\/GME-4.m4a?_=1\" \/><a href=\"https:\/\/www.radiopiu.net\/wordpress\/wp-content\/uploads\/2024\/06\/GME-4.m4a\">https:\/\/www.radiopiu.net\/wordpress\/wp-content\/uploads\/2024\/06\/GME-4.m4a<\/a><\/audio>\n<p>&nbsp;<\/p>\n<hr \/>\n<p>&nbsp;<\/p>\n<p>&nbsp;<\/p>\n<h1><span style=\"color: #ff0000;\"><a class=\"dt-pswp-item\" href=\"https:\/\/www.radiopiu.net\/wordpress\/wp-content\/uploads\/2024\/06\/th-5.jpg\" data-dt-img-description=\"\" data-large_image_width=\"326\" data-large_image_height=\"180\"><img loading=\"lazy\" decoding=\"async\" class=\"size-medium wp-image-395881 alignleft\" src=\"https:\/\/www.radiopiu.net\/wordpress\/wp-content\/uploads\/2024\/06\/th-5-300x166.jpg\" alt=\"\" width=\"300\" height=\"166\" srcset=\"https:\/\/www.radiopiu.net\/wordpress\/wp-content\/uploads\/2024\/06\/th-5-300x166.jpg 300w, https:\/\/www.radiopiu.net\/wordpress\/wp-content\/uploads\/2024\/06\/th-5.jpg 326w\" sizes=\"auto, (max-width: 300px) 100vw, 300px\" \/><\/a><\/span><\/h1>\n<h1><\/h1>\n<h1><\/h1>\n<h1><span style=\"color: #000000;\">03 luglio&#8230; alla radio l&#8217;almanacco\u00a0<\/span><\/h1>\n<audio class=\"wp-audio-shortcode\" id=\"audio-397436-2\" preload=\"none\" style=\"width: 100%;\" controls=\"controls\"><source type=\"audio\/mpeg\" src=\"https:\/\/www.radiopiu.net\/wordpress\/wp-content\/uploads\/2024\/07\/ALMANACCONEW-2.mp3?_=2\" \/><a href=\"https:\/\/www.radiopiu.net\/wordpress\/wp-content\/uploads\/2024\/07\/ALMANACCONEW-2.mp3\">https:\/\/www.radiopiu.net\/wordpress\/wp-content\/uploads\/2024\/07\/ALMANACCONEW-2.mp3<\/a><\/audio>\n<p>&nbsp;<\/p>\n<p>&nbsp;<\/p>\n<p>&nbsp;<\/p>\n<div dir=\"auto\">\n<hr \/>\n<\/div>\n<\/div>\n<blockquote>\n<blockquote>\n<h1><span style=\"color: #ff0000;\">\u00a0<\/span><\/h1>\n<h1><span style=\"color: #ff0000;\">I podcast informativi del mattino &#8211; audio &#8211;\u00a0\u00a0<\/span><\/h1>\n<\/blockquote>\n<p><strong><a class=\"dt-pswp-item\" href=\"https:\/\/www.radiopiu.net\/wordpress\/wp-content\/uploads\/2023\/11\/th-10.jpg\" data-dt-img-description=\"\" data-large_image_width=\"320\" data-large_image_height=\"180\"><img loading=\"lazy\" decoding=\"async\" class=\"wp-image-362866 alignleft\" src=\"https:\/\/www.radiopiu.net\/wordpress\/wp-content\/uploads\/2023\/11\/th-10-300x169.jpg\" alt=\"\" width=\"185\" height=\"104\" srcset=\"https:\/\/www.radiopiu.net\/wordpress\/wp-content\/uploads\/2023\/11\/th-10-300x169.jpg 300w, https:\/\/www.radiopiu.net\/wordpress\/wp-content\/uploads\/2023\/11\/th-10.jpg 320w\" sizes=\"auto, (max-width: 185px) 100vw, 185px\" \/><\/a>LA RASSEGNA STAMPA NAZIONALE ALLA RADIO, OGNI GIORNO ALLE 5 E ALLE 6 DEL MATTINO <span style=\"color: #0000ff;\">viene pubblicata alle 6.00 <span style=\"color: #ff0000;\">DIRETTA RADIO\u00a0 \u00a0\u00a0<\/span><\/span><\/strong><\/p><\/blockquote>\n<p>&nbsp;<\/p>\n<p><strong>NOTIZIE DELLA NOTTE\u00a0\u00a0<\/strong><\/p>\n<p><strong>Campi Flegrei<\/strong>, terremoto di magnitudo 3.2 vicino Pozzuoli\u00a0 <strong>116 morti<\/strong> per la calca ad un raduno religioso in India\u00a0 <strong>La sentenza<\/strong> di Trump a New York posticipata al 18 settembre\u00a0 <strong>Biden<\/strong>: &#8216;Al dibattito quasi addormentato, colpa dei viaggi&#8217;\u00a0 <strong>Centrodestra<\/strong> si spacca su maternit\u00e0 surrogata e detenute madri<\/p>\n<h2>AUDIO dalle 6 del mattino<\/h2>\n<audio class=\"wp-audio-shortcode\" id=\"audio-397436-3\" preload=\"none\" style=\"width: 100%;\" controls=\"controls\"><source type=\"audio\/mpeg\" src=\"https:\/\/www.radiopiu.net\/wordpress\/wp-content\/uploads\/2024\/07\/GIORNALEDELLESEI-2.mp3?_=3\" \/><a href=\"https:\/\/www.radiopiu.net\/wordpress\/wp-content\/uploads\/2024\/07\/GIORNALEDELLESEI-2.mp3\">https:\/\/www.radiopiu.net\/wordpress\/wp-content\/uploads\/2024\/07\/GIORNALEDELLESEI-2.mp3<\/a><\/audio>\n<p>&nbsp;<\/p>\n<p>&nbsp;<\/p>\n<hr \/>\n<p>&nbsp;<\/p>\n<h1 style=\"text-align: center;\"><span style=\"color: #ff0000;\">I podcast informativi del mattino &#8211; audio &#8211;\u00a0<\/span><\/h1>\n<p><strong><a class=\"dt-pswp-item\" href=\"https:\/\/www.radiopiu.net\/wordpress\/wp-content\/uploads\/2023\/12\/images.png\" data-dt-img-description=\"\" data-large_image_width=\"316\" data-large_image_height=\"160\"><img loading=\"lazy\" decoding=\"async\" class=\"wp-image-367008 alignleft\" src=\"https:\/\/www.radiopiu.net\/wordpress\/wp-content\/uploads\/2023\/12\/images-300x152.png\" alt=\"\" width=\"235\" height=\"119\" srcset=\"https:\/\/www.radiopiu.net\/wordpress\/wp-content\/uploads\/2023\/12\/images-300x152.png 300w, https:\/\/www.radiopiu.net\/wordpress\/wp-content\/uploads\/2023\/12\/images.png 316w\" sizes=\"auto, (max-width: 235px) 100vw, 235px\" \/><\/a>OGNI GIORNO ALLE SETTE DEL MATTINO, LA RASSEGNA STAMPA LOCALE FLASH&#8230; PER CHI VA IN FRETTA. I TITOLI DAI GIORNALI E DAL SITO WWW.RADIOPIU.NET <span style=\"color: #0000ff;\">viene pubblicato alle 7.00<\/span> <span style=\"color: #ff0000;\">DIRETTA RADIO\u00a0<\/span><\/strong><\/p>\n<p><em><span style=\"color: #ff0000;\">per chi va in fretta&#8230; tante notizie in pochi minuti. L&#8217;informazione locale alla radio, ogni ora dalle 7 del mattino alle 19 della sera.\u00a0 <\/span><\/em><\/p>\n<p><strong>REDAZIONE<\/strong> Due ciclisti sono finiti in ospedale ieri,\u00a0 tra le 11 e le 13. Prima chiamata in Cadore, a San Vito, un giovane (minore) \u00e8 caduto procurandosi alcuni traumi, l&#8217;elicottero lo ha trasportato con un codice di media gravit\u00e0 al San Martino di Belluno. L&#8217;altro incidente ad Agordo, ha coinvolto un giovane di 24 anni, fortunatamente senza gravi conseguenze, un ferito ma fortunatamente in condizioni leggere, codice 1. Illeso il conducente dell&#8217;auto<br \/>\n<strong>COMELICO<\/strong> \u00c8 stato ritrovato nel pomeriggio di ieri e sta bene, l\u201981enne di Venezia, perso di vista dalla moglie. Dopo aver parcheggiato la macchina, l\u2019uomo avrebbe dovuto raggiungere la moglie e due amici in una Baita nelle vicinanze in zona Passo di Sant\u2019Antonio. Ma non era mai arrivato. Presenti anche i Vigili del fuoco.<br \/>\n<strong>BELLUNO<\/strong> Era il 3 luglio del 2022 quando sulla Marmolada si consum\u00f2 una tragedia: Il crollo di un seracco ha provocato una valanga devastante composta da 63.300 metri cubi di ghiaccio e roccia, equivalente a un grattacielo di 30 piani, che \u00e8 scesa a una velocit\u00e0 di 80 metri al secondo. L&#8217;incidente ha causato la morte di undici persone e otto sono rimaste ferite.<br \/>\n<strong>BELLUNO<\/strong> Don Fabio Cassol, sacerdote di 85 anni, \u00e8 scomparso venerd\u00ec scorso per un malore. Il vescovo Renato Marangoni lo ha ricordato come un uomo &#8220;frizzante e gioioso&#8221; durante la messa funebre nella Cattedrale. Don Fabio, ordinato sacerdote nel 1965, ha lasciato un&#8217;impronta profonda nelle parrocchie bellunesi e in Albania, dove \u00e8 stato missionario.<br \/>\n<strong>VAL DI ZOLDO<\/strong>\u00a0 localit\u00e0 Le Vare, una frana ha invaso la SP 347 con 5.000 m\u00b3 di detriti, mentre il movimento franoso complessivo \u00e8 di 20.000 m\u00b3. La strada rimarr\u00e0 chiusa per almeno quattro o cinque giorni.<\/p>\n<h1>AUDIO dalle 7 del mattino<\/h1>\n<audio class=\"wp-audio-shortcode\" id=\"audio-397436-4\" preload=\"none\" style=\"width: 100%;\" controls=\"controls\"><source type=\"audio\/mpeg\" src=\"https:\/\/www.radiopiu.net\/wordpress\/wp-content\/uploads\/2024\/07\/GF07-1.mp3?_=4\" \/><a href=\"https:\/\/www.radiopiu.net\/wordpress\/wp-content\/uploads\/2024\/07\/GF07-1.mp3\">https:\/\/www.radiopiu.net\/wordpress\/wp-content\/uploads\/2024\/07\/GF07-1.mp3<\/a><\/audio>\n<p>&nbsp;<\/p>\n<p>&nbsp;<\/p>\n<hr \/>\n<p>&nbsp;<\/p>\n<h1><\/h1>\n<h1 style=\"text-align: center;\"><span style=\"color: #ff0000;\"><a class=\"dt-pswp-item\" href=\"https:\/\/www.radiopiu.net\/wordpress\/wp-content\/uploads\/2022\/01\/026c3f9d-dae9-4040-a3c1-a6530231bcc3.jpg\" data-dt-img-description=\"\" data-large_image_width=\"1152\" data-large_image_height=\"2048\"><img loading=\"lazy\" decoding=\"async\" class=\"wp-image-251839 alignleft\" src=\"https:\/\/www.radiopiu.net\/wordpress\/wp-content\/uploads\/2022\/01\/026c3f9d-dae9-4040-a3c1-a6530231bcc3-169x300.jpg\" alt=\"\" width=\"100\" height=\"177\" srcset=\"https:\/\/www.radiopiu.net\/wordpress\/wp-content\/uploads\/2022\/01\/026c3f9d-dae9-4040-a3c1-a6530231bcc3-169x300.jpg 169w, https:\/\/www.radiopiu.net\/wordpress\/wp-content\/uploads\/2022\/01\/026c3f9d-dae9-4040-a3c1-a6530231bcc3-576x1024.jpg 576w, https:\/\/www.radiopiu.net\/wordpress\/wp-content\/uploads\/2022\/01\/026c3f9d-dae9-4040-a3c1-a6530231bcc3-768x1365.jpg 768w, https:\/\/www.radiopiu.net\/wordpress\/wp-content\/uploads\/2022\/01\/026c3f9d-dae9-4040-a3c1-a6530231bcc3-864x1536.jpg 864w, https:\/\/www.radiopiu.net\/wordpress\/wp-content\/uploads\/2022\/01\/026c3f9d-dae9-4040-a3c1-a6530231bcc3.jpg 1152w\" sizes=\"auto, (max-width: 100px) 100vw, 100px\" \/><\/a>I podcast informativi del mattino &#8211; audio &#8211;\u00a0<\/span><\/h1>\n<blockquote><p><strong>GIORNALE RADIO NAZIONALE, EDIZIONE DELLE SETTE <span style=\"color: #0000ff;\">viene pubblicato alle 7.05 <span style=\"color: #ff0000;\">DIRETTA RADIO\u00a0<\/span><\/span><\/strong><\/p><\/blockquote>\n<p><strong>il giornale radionazionale e&#8217; in onda ogni ora, dalle sette del mattino alle venti della sera\u00a0 \u00a0<\/strong><strong>\u00a0<\/strong><\/p>\n<p><strong>Omicidio Bozzoli<\/strong>, confermato l&#8217;ergastolo per il nipote, ma lui non si trova: \u00e8 ricercato\u00a0<strong>Lite per un pallone<\/strong> a Roma, insulti razzisti e botte\u00a0<strong>Operaio muore<\/strong> schiacciato da un macchinario nel Novarese\u00a0<strong>Alberto Genovese<\/strong> patteggia una multa per evasione fiscale\u00a0<strong>La morte di Satnam<\/strong>, arrestato il suo datore di lavoro: lo abbandon\u00f2 dopo l&#8217;incidente\u00a0<strong>Ancora maltempo,<\/strong> allerta gialla in 9 regioni\u00a0<strong>Cogne<\/strong> isolata per almeno un mese, stagione a rischio\u00a0<strong>Morgan<\/strong> assolto, per il giudice non diffam\u00f2 Bugo a Sanremo <strong>Non solo i polmoni<\/strong>, il Covid ha colpito anche cuore e reni<\/p>\n<h2>AUDIO dalle sette del mattino, ogni ora alla radio<\/h2>\n<audio class=\"wp-audio-shortcode\" id=\"audio-397436-5\" preload=\"none\" style=\"width: 100%;\" controls=\"controls\"><source type=\"audio\/mpeg\" src=\"https:\/\/www.radiopiu.net\/wordpress\/wp-content\/uploads\/2024\/07\/giornale07-2.mp3?_=5\" \/><a href=\"https:\/\/www.radiopiu.net\/wordpress\/wp-content\/uploads\/2024\/07\/giornale07-2.mp3\">https:\/\/www.radiopiu.net\/wordpress\/wp-content\/uploads\/2024\/07\/giornale07-2.mp3<\/a><\/audio>\n<p>&nbsp;<\/p>\n<p>&nbsp;<\/p>\n<hr \/>\n<p>&nbsp;<\/p>\n<p>&nbsp;<\/p>\n<h1><span style=\"color: #ff0000;\">I podcast informativi del mattino &#8211; video &#8211;\u00a0<\/span><\/h1>\n<h2><strong><a class=\"dt-pswp-item\" href=\"https:\/\/www.radiopiu.net\/wordpress\/wp-content\/uploads\/2023\/12\/th-10.jpg\" data-dt-img-description=\"\" data-large_image_width=\"245\" data-large_image_height=\"180\"><img loading=\"lazy\" decoding=\"async\" class=\" wp-image-367395 alignleft\" src=\"https:\/\/www.radiopiu.net\/wordpress\/wp-content\/uploads\/2023\/12\/th-10.jpg\" alt=\"\" width=\"166\" height=\"122\" \/><\/a>RASSEGNA STAMPA LOCALE, ORE OTTO 05<\/strong><\/h2>\n<h2><strong> <span style=\"color: #0000ff;\">viene\u00a0 <\/span><\/strong><strong><span style=\"color: #0000ff;\">pubblicata alle 8.05 <span style=\"color: #ff0000;\">DIRETTA RADIO\u00a0\u00a0<\/span><\/span><\/strong><\/h2>\n<p><strong>DI MIRKO MEZZACASA\u00a0 \u00a0<\/strong><button class=\"rounded-lg text-token-text-secondary hover:bg-token-main-surface-secondary\"><\/button><\/p>\n<p><strong>OGGI SUL Corriere delle Alpi E NOTIZIARI DI Radio Pi\u00f9<\/strong><\/p>\n<p><strong>BELLUNO<\/strong>\u00a0 Il recente maltempo, sommato a quello della tarda primavera, ha portato la Provincia ad attivare tre emergenze per frane tra maggio e inizio giugno, con interventi per oltre 555mila euro, approvati dal consiglio provinciale.<br \/>\n<strong>BELLUNO<\/strong> Il consiglio provinciale ha approvato\u00a0 lo schema di accordo di programma con il Comune di Ponte nelle Alpi e Ater per il recupero e la valorizzazione della Casa del Sole<br \/>\nProgetto per Diagnosi Precoce dei Cittadini ad Alto Rischio Vascolare: Prendere in carico i cittadini ad alto rischio vascolare attraverso una diagnosi tempestiva, con protagonisti i medici di medicina generale. Questo l&#8217;obiettivo del progetto sovraregionale, firmato tra il Fondo dei Comuni Confinanti e l&#8217;Azienda ULSS n. 1 \u201cDolomiti\u201d<br \/>\n<strong>VENEZIA<\/strong> Il presidente della Regione Veneto, Luca Zaia, ha annunciato significativi progressi nella riduzione delle liste d&#8217;attesa per le prestazioni sanitarie, grazie a un rigoroso controllo di gestione e a un sistema informatico aggiornato. Risultati notevoli includono la riduzione delle prestazioni con priorit\u00e0 D da 83.000 a 13.000 in un anno.<br \/>\n<strong>AGORDO<\/strong> VERSO IL SALTO DI QUALITA&#8217;, PAROLA DI ROBERTO CHISSALE&#8217;<br \/>\nPrimo consiglio della nuova legislatura, il giuramento del sindaco e gli obiettivi dei vincitori della contesa elettorale. Il grazie di Chissal\u00e8 e l&#8217;intervento di circostanza della minoranza dello sconfitto bis Paolo Selva Moretti.\u00a0 La prima polemica firmata Masoch.<br \/>\n<strong>FELTRE<\/strong> Un giovane cubano \u00e8 imputato per lesioni e violazione della legge sulle armi, difeso dall&#8217;avvocato Paolo Serrangeli. La vicenda nasce dalla gelosia del fidanzato ufficiale, che ha denunciato l&#8217;uomo e si \u00e8 costituito parte civile con l&#8217;avvocato Davide Fent. L&#8217;episodio incriminato risale al 21 novembre 2019, quando il fidanzato si rec\u00f2 a casa dell&#8217;imputato per chiarire una presunta tresca con la sua ragazza, sfociando in una colluttazione. Le versioni delle parti divergono sulla presenza di un coltello.<\/p>\n<h2><span style=\"color: #ff0000;\"><strong>VIDEO\u00a0 \u00a0in diretta dalle 8 del mattino\u00a0\u00a0<\/strong><\/span><\/h2>\n<p><iframe loading=\"lazy\" title=\"DAL 1983 LA RASSEGNA STAMPA LOCALE di mirko mezzacasa. L&#039;ORIGINALE\" width=\"1200\" height=\"675\" src=\"https:\/\/www.youtube.com\/embed\/aaNNn_KlEU0?feature=oembed\" frameborder=\"0\" allow=\"accelerometer; autoplay; clipboard-write; encrypted-media; gyroscope; picture-in-picture; web-share\" referrerpolicy=\"strict-origin-when-cross-origin\" allowfullscreen><\/iframe><\/p>\n<p>&nbsp;<\/p>\n<hr \/>\n<p>&nbsp;<\/p>\n<p>&nbsp;<\/p>\n<p><strong><a class=\"dt-pswp-item\" href=\"https:\/\/www.radiopiu.net\/wordpress\/wp-content\/uploads\/2023\/12\/ANTENNA.png\" data-dt-img-description=\"\" data-large_image_width=\"300\" data-large_image_height=\"166\"><img loading=\"lazy\" decoding=\"async\" class=\" wp-image-366306 alignleft\" src=\"https:\/\/www.radiopiu.net\/wordpress\/wp-content\/uploads\/2023\/12\/ANTENNA.png\" alt=\"\" width=\"175\" height=\"97\" \/><\/a>IERI SERA, DAL TG DI ANTENNA 3, ogni sera alle 19 le anticipazioni alla radio, quello che poi seguirete nel TELEGIORNALE BELLUNESE\u00a0 in onda alle 19.30 sul CANALE 10 del digitale terrestre.\u00a0\u00a0<\/strong><\/p>\n<p>&nbsp;<\/p>\n<p><span style=\"color: #ff0000;\"><strong>\u00a0IERI SERA ALLA RADIO&#8230; LE ANTICIPAZIONI DI\u00a0 tiziana bolognani<\/strong><\/span><\/p>\n<audio class=\"wp-audio-shortcode\" id=\"audio-397436-6\" preload=\"none\" style=\"width: 100%;\" controls=\"controls\"><source type=\"audio\/mpeg\" src=\"https:\/\/www.radiopiu.net\/wordpress\/wp-content\/uploads\/2024\/07\/ALMANACCONEW-2.mp3?_=6\" \/><a href=\"https:\/\/www.radiopiu.net\/wordpress\/wp-content\/uploads\/2024\/07\/ALMANACCONEW-2.mp3\">https:\/\/www.radiopiu.net\/wordpress\/wp-content\/uploads\/2024\/07\/ALMANACCONEW-2.mp3<\/a><\/audio>\n<p><span style=\"color: #ff0000;\"><strong>\u00a0<\/strong><\/span><\/p>\n<p><span style=\"color: #ff0000;\"><strong>\u00a0<\/strong><\/span><\/p>\n<hr \/>\n<p><strong>\u00a0 \u00a0<\/strong><\/p>\n<blockquote>\n<h3>GOSALDO E LIVINALLONGO: ACQUA INQUINATA<\/h3>\n<\/blockquote>\n<p><strong><img loading=\"lazy\" decoding=\"async\" class=\"alignleft\" src=\"https:\/\/www.radiopiu.net\/wordpress\/wp-content\/uploads\/2024\/05\/cantiere-municipio-Livinallongo-scaled.jpg\" width=\"231\" height=\"104\" \/><\/strong><b><\/b><\/p>\n<p><strong>GOSALDO<\/strong> in localit\u00e0 VALLASIN l&#8217;acqua erogata dall&#8217;acquedotto non \u00e8 potabile e pu\u00f2 essere usata per scopi alimentari SOLO PREVIA bollitura.<\/p>\n<p><strong>LIVINALLONGO<\/strong> Gestione Servizi Pubblici informa che a LIVINALLONGO DEL COL DI LANA in localit\u00e0 VARDA l&#8217;acqua erogata dall&#8217;acquedotto \u00e8 di nuovo potabile e pu\u00f2 essere usata, quindi, per scopi alimentari. Nelle localit\u00e0 COLLAZ e LARZONEI l&#8217;acqua erogata dall&#8217;acquedotto non \u00e8 potabile e pu\u00f2 essere usata per scopi alimentari SOLO PREVIA bollitura.<\/p>\n<blockquote>\n<h3>LAVORI PROGRAMMATI BIM GSP<\/h3>\n<\/blockquote>\n<p>Gestione Servizi Pubblici informa che, per lavori alla rete idrica comunale, OGGI E DOMANI dalle 8:00 alle 17:00 verr\u00e0 sospesa l\u2019erogazione dell\u2019acqua a LIVINALLONGO DEL COL DI LANA, nelle Localit\u00e0 PALLA e AGA.<\/p>\n<p>&nbsp;<\/p>\n<hr \/>\n<p>&nbsp;<\/p>\n<blockquote>\n<h2>CICLISTI IN OSPEDALE, DUE INCIDENTI TRA IL CADORE E L&#8217;AGORDINO<\/h2>\n<\/blockquote>\n<p><strong>REDAZIONE<\/strong> Due ciclisti sono finiti in ospedale ieri,\u00a0 tra le 11 e le 13. Prima chiamata in Cadore, a San Vito, un giovane (minore) \u00e8 caduto procurandosi alcuni traumi, l&#8217;elicottero lo ha trasportato con un codice di media gravit\u00e0 al San Martino di Belluno. L&#8217;altro incidente ad Agordo, ha coinvolto un giovane di 24 anni, fortunatamente senza gravi conseguenze, un ferito ma fortunatamente in condizioni leggere, codice 1. Illeso il conducente dell&#8217;auto<\/p>\n<p>&nbsp;<\/p>\n<hr \/>\n<p>&nbsp;<\/p>\n<p>&nbsp;<\/p>\n<div dir=\"auto\"><strong>COMELICO<\/strong> \u00c8 stato ritrovato nel pomeriggio di ieri e sta bene, l\u201981enne di Venezia, perso di vista dalla moglie. Dopo aver parcheggiato la macchina, l\u2019uomo avrebbe dovuto raggiungere la moglie e due amici in una Baita nelle vicinanze in zona Passo di Sant\u2019Antonio. Ma non era mai arrivato. Partite le ricerche attorno alle 14, sul posto si sono distribuiti i soccorritori della Val Comelico, di Auronzo, Centro Cadore e della Guardia di finanza, mentre sopraggiungevano il Centro mobile di coordinamento, dronisti e unit\u00e0 cinofile. Presenti anche i Vigili del fuoco e i Carabinieri. Fortunatamente l\u2019anziano, che aveva sbagliato sentiero inoltrandosi sull\u2019itinerario che conduce ad Auronzo \u00e8 stato individuato da una squadra. Stava bene, ma in via precauzionale \u00e8 stato accompagnato al punto di primo soccorso per i dovuti controlli.<\/div>\n<div dir=\"auto\"><\/div>\n<div dir=\"auto\"><strong>AURONZO<\/strong> Verso le 12.15 il Soccorso alpino di Auronzo era invece stato allertato per una escursionista straniera, che era caduta dentro il Rifugio Auronzo e si era fatta male. Una squadra del Soccorso alpino della Guardia di finanza \u00e8 salita con i mezzi, l&#8217;ha caricata a bordo e accompagnata a Misurina al rendez vous con l&#8217;ambulanza.<\/div>\n<p>&nbsp;<\/p>\n<hr \/>\n<h2 class=\"titolonews\"><\/h2>\n<blockquote>\n<h3>3 luglio, ricorda la tragedia della Marmolada, dove il crollo del ghiacciaio ha causato undici vittime.<\/h3>\n<div class=\"flex flex-grow flex-col max-w-full\">\n<div class=\"min-h-[20px] text-message flex flex-col items-start whitespace-pre-wrap break-words [.text-message+&amp;]:mt-5 juice:w-full juice:items-end overflow-x-auto gap-2\" dir=\"auto\" data-message-author-role=\"assistant\" data-message-id=\"473254e3-95fa-4ca9-a37e-b20c61b9580f\">\n<div class=\"flex w-full flex-col gap-1 juice:empty:hidden juice:first:pt-[3px]\">\n<div class=\"markdown prose w-full break-words dark:prose-invert dark\">\n<p><strong><a class=\"dt-pswp-item\" href=\"https:\/\/www.radiopiu.net\/wordpress\/wp-content\/uploads\/2022\/07\/Foto-Soccorso-Alpino-Marmolada-2.png\" data-dt-img-description=\"\" data-large_image_width=\"1600\" data-large_image_height=\"1200\"><img loading=\"lazy\" decoding=\"async\" class=\" wp-image-285051 alignleft\" src=\"https:\/\/www.radiopiu.net\/wordpress\/wp-content\/uploads\/2022\/07\/Foto-Soccorso-Alpino-Marmolada-2-300x225.png\" alt=\"\" width=\"223\" height=\"167\" srcset=\"https:\/\/www.radiopiu.net\/wordpress\/wp-content\/uploads\/2022\/07\/Foto-Soccorso-Alpino-Marmolada-2-300x225.png 300w, https:\/\/www.radiopiu.net\/wordpress\/wp-content\/uploads\/2022\/07\/Foto-Soccorso-Alpino-Marmolada-2-1024x768.png 1024w, https:\/\/www.radiopiu.net\/wordpress\/wp-content\/uploads\/2022\/07\/Foto-Soccorso-Alpino-Marmolada-2-768x576.png 768w, https:\/\/www.radiopiu.net\/wordpress\/wp-content\/uploads\/2022\/07\/Foto-Soccorso-Alpino-Marmolada-2-1536x1152.png 1536w, https:\/\/www.radiopiu.net\/wordpress\/wp-content\/uploads\/2022\/07\/Foto-Soccorso-Alpino-Marmolada-2.png 1600w\" sizes=\"auto, (max-width: 223px) 100vw, 223px\" \/><\/a>BELLUNO<\/strong> Era il 3 luglio del 2022 quando sulla Marmolada si consum\u00f2 una tragedia: Il crollo di un seracco ha provocato una valanga devastante composta da 63.300 metri cubi di ghiaccio e roccia, equivalente a un grattacielo di 30 piani, che \u00e8 scesa a una velocit\u00e0 di 80 metri al secondo. L&#8217;incidente ha causato la morte di undici persone e otto sono rimaste ferite.<\/p>\n<h3>Ricordo e Gratitudine: Due Anni dalla Tragedia della Marmolada<\/h3>\n<p><strong>L&#8217;ASSESSORE ALLA PROTEZIONE CIVILE GIAMPAOLO BOTTACIN<\/strong><\/p>\n<\/div>\n<\/div>\n<\/div>\n<\/div>\n<\/blockquote>\n<div class=\"flex flex-grow flex-col max-w-full\">\n<div class=\"min-h-[20px] text-message flex flex-col items-start whitespace-pre-wrap break-words [.text-message+&amp;]:mt-5 juice:w-full juice:items-end overflow-x-auto gap-2\" dir=\"auto\" data-message-author-role=\"assistant\" data-message-id=\"473254e3-95fa-4ca9-a37e-b20c61b9580f\">\n<div class=\"flex w-full flex-col gap-1 juice:empty:hidden juice:first:pt-[3px]\">\n<div class=\"markdown prose w-full break-words dark:prose-invert dark\">\n<p><em>&#8220;A due anni dal crollo del ghiacciaio della Marmolada che caus\u00f2 undici vittime, il ricordo di quella tragica domenica resta indelebile. Il presidente della Regione Veneto rinnova il pensiero per le vittime e ringrazia i trecento soccorritori che intervennero tempestivamente. La macchina dei soccorsi, coinvolgendo il Veneto e le Province Autonome, salv\u00f2 vite anche in situazioni disperate, dimostrando efficienza e prontezza con l&#8217;impiego di elicotteri del Suem e della Protezione Civile&#8221;.\u00a0<\/em><\/p>\n<\/div>\n<\/div>\n<\/div>\n<\/div>\n<blockquote>\n<div class=\"flex flex-grow flex-col max-w-full\">\n<div class=\"min-h-[20px] text-message flex flex-col items-start whitespace-pre-wrap break-words [.text-message+&amp;]:mt-5 juice:w-full juice:items-end overflow-x-auto gap-2\" dir=\"auto\" data-message-author-role=\"assistant\" data-message-id=\"473254e3-95fa-4ca9-a37e-b20c61b9580f\">\n<div class=\"flex w-full flex-col gap-1 juice:empty:hidden juice:first:pt-[3px]\">\n<div class=\"markdown prose w-full break-words dark:prose-invert dark\">\n<blockquote>\n<h3>Commemorazione della Tragedia della Marmolada: Due Anni Dopo<\/h3>\n<\/blockquote>\n<\/div>\n<\/div>\n<\/div>\n<\/div>\n<\/blockquote>\n<div class=\"flex flex-grow flex-col max-w-full\">\n<div class=\"min-h-[20px] text-message flex flex-col items-start whitespace-pre-wrap break-words [.text-message+&amp;]:mt-5 juice:w-full juice:items-end overflow-x-auto gap-2\" dir=\"auto\" data-message-author-role=\"assistant\" data-message-id=\"473254e3-95fa-4ca9-a37e-b20c61b9580f\">\n<div class=\"flex w-full flex-col gap-1 juice:empty:hidden juice:first:pt-[3px]\">\n<div class=\"markdown prose w-full break-words dark:prose-invert dark\">\n<div class=\"flex flex-grow flex-col max-w-full\">\n<div class=\"min-h-[20px] text-message flex flex-col items-start whitespace-pre-wrap break-words [.text-message+&amp;]:mt-5 juice:w-full juice:items-end overflow-x-auto gap-2\" dir=\"auto\" data-message-author-role=\"assistant\" data-message-id=\"473254e3-95fa-4ca9-a37e-b20c61b9580f\">\n<div class=\"flex w-full flex-col gap-1 juice:empty:hidden juice:first:pt-[3px]\">\n<div class=\"markdown prose w-full break-words dark:prose-invert dark\">\n<p>\u00a0Il presidente del Veneto, Luca Zaia, ha ricordato il dolore e l&#8217;apprensione di quel giorno, sottolineando l&#8217;eroico intervento del SUEM 118, del Soccorso Alpino, dei Vigili del Fuoco, della Guardia di Finanza e della Protezione Civile. La tragedia ha segnato profondamente la regione, con otto veneti tra le vittime. Zaia ha evidenziato l&#8217;importanza di affrontare la montagna con consapevolezza dei rischi e ha espresso gratitudine ai soccorritori per il loro coraggio e dedizione.<\/p>\n<\/div>\n<\/div>\n<\/div>\n<\/div>\n<\/div>\n<\/div>\n<\/div>\n<\/div>\n<blockquote>\n<div class=\"flex flex-grow flex-col max-w-full\">\n<div class=\"min-h-[20px] text-message flex flex-col items-start whitespace-pre-wrap break-words [.text-message+&amp;]:mt-5 juice:w-full juice:items-end overflow-x-auto gap-2\" dir=\"auto\" data-message-author-role=\"assistant\" data-message-id=\"473254e3-95fa-4ca9-a37e-b20c61b9580f\">\n<div class=\"flex w-full flex-col gap-1 juice:empty:hidden juice:first:pt-[3px]\">\n<div class=\"markdown prose w-full break-words dark:prose-invert dark\">\n<blockquote>\n<div class=\"flex flex-grow flex-col max-w-full\">\n<div class=\"min-h-[20px] text-message flex flex-col items-start whitespace-pre-wrap break-words [.text-message+&amp;]:mt-5 juice:w-full juice:items-end overflow-x-auto gap-2\" dir=\"auto\" data-message-author-role=\"assistant\" data-message-id=\"473254e3-95fa-4ca9-a37e-b20c61b9580f\">\n<div class=\"flex w-full flex-col gap-1 juice:empty:hidden juice:first:pt-[3px]\">\n<div class=\"markdown prose w-full break-words dark:prose-invert dark\">\n<p>\u00a0<strong>IL PRESIDENTE DELLA PROVINCIA ROBERTO PADRIN<\/strong><\/p>\n<\/div>\n<\/div>\n<\/div>\n<\/div>\n<\/blockquote>\n<\/div>\n<\/div>\n<\/div>\n<\/div>\n<\/blockquote>\n<div class=\"flex flex-grow flex-col max-w-full\">\n<div class=\"min-h-[20px] text-message flex flex-col items-start whitespace-pre-wrap break-words [.text-message+&amp;]:mt-5 juice:w-full juice:items-end overflow-x-auto gap-2\" dir=\"auto\" data-message-author-role=\"assistant\" data-message-id=\"473254e3-95fa-4ca9-a37e-b20c61b9580f\">\n<div class=\"flex w-full flex-col gap-1 juice:empty:hidden juice:first:pt-[3px]\">\n<div class=\"markdown prose w-full break-words dark:prose-invert dark\">\n<div class=\"flex flex-grow flex-col max-w-full\">\n<div class=\"min-h-[20px] text-message flex flex-col items-start whitespace-pre-wrap break-words [.text-message+&amp;]:mt-5 juice:w-full juice:items-end overflow-x-auto gap-2\" dir=\"auto\" data-message-author-role=\"assistant\" data-message-id=\"473254e3-95fa-4ca9-a37e-b20c61b9580f\">\n<div class=\"flex w-full flex-col gap-1 juice:empty:hidden juice:first:pt-[3px]\">\n<div class=\"markdown prose w-full break-words dark:prose-invert dark\">\n<p><em>&#8220;A due anni dal disastro della Marmolada, emerge che la montagna richiede attenzione, dedizione e rispetto. Il cambiamento climatico accentua la fragilit\u00e0 montana, rendendo essenziale l&#8217;adattamento umano. La tragedia ha evidenziato l&#8217;efficacia del sistema di soccorso e l&#8217;importanza di abitare e curare la montagna per mantenerne l&#8217;equilibrio&#8221;.<\/em><\/p>\n<\/div>\n<\/div>\n<\/div>\n<\/div>\n<\/div>\n<\/div>\n<\/div>\n<\/div>\n<blockquote>\n<div class=\"flex flex-grow flex-col max-w-full\">\n<div class=\"min-h-[20px] text-message flex flex-col items-start whitespace-pre-wrap break-words [.text-message+&amp;]:mt-5 juice:w-full juice:items-end overflow-x-auto gap-2\" dir=\"auto\" data-message-author-role=\"assistant\" data-message-id=\"473254e3-95fa-4ca9-a37e-b20c61b9580f\">\n<div class=\"flex w-full flex-col gap-1 juice:empty:hidden juice:first:pt-[3px]\">\n<div class=\"markdown prose w-full break-words dark:prose-invert dark\">\n<blockquote>\n<div class=\"mt-1 flex gap-3 empty:hidden juice:-ml-3\">\n<div class=\"items-center justify-start rounded-xl p-1 flex\">\n<div class=\"flex items-center\">\n<div class=\"flex items-center pb-0.5 juice:pb-0\">\n<div class=\"[&amp;_svg]:h-full [&amp;_svg]:w-full icon-md h-4 w-4\"><strong>3 luglio, secondo anniversario della tragedia della Marmolada. Il ricordo di Toigo (Uil Veneto), originario di Belluno.<\/strong><\/div>\n<\/div>\n<\/div>\n<\/div>\n<\/div>\n<\/blockquote>\n<\/div>\n<\/div>\n<\/div>\n<\/div>\n<\/blockquote>\n<div class=\"flex flex-grow flex-col max-w-full\">\n<div class=\"min-h-[20px] text-message flex flex-col items-start whitespace-pre-wrap break-words [.text-message+&amp;]:mt-5 juice:w-full juice:items-end overflow-x-auto gap-2\" dir=\"auto\" data-message-author-role=\"assistant\" data-message-id=\"473254e3-95fa-4ca9-a37e-b20c61b9580f\">\n<div class=\"flex w-full flex-col gap-1 juice:empty:hidden juice:first:pt-[3px]\">\n<div class=\"markdown prose w-full break-words dark:prose-invert dark\">\n<p><em>\u201cLa montagna \u00e8 un luogo fantastico e surreale, lo conosco bene visto che l\u00ec ci sono nato e ci vivo, ma nasconde anche insidie e imprevisti pericolosi. La montagna va vissuta e goduta pienamente, ma va anche rispettata e protetta. L\u2019ambiente che ci circonda nasconde fragilit\u00e0 che, spesso e volentieri, contribuiamo ad ingrandire e che, inevitabilmente, ci mettono in pericolo e ci costringono a nuove riflessioni sulla sostenibilit\u00e0. Perch\u00e9, ricordiamocelo, l\u2019ambiente \u00e8 la nostra casa\u201d.<\/em><\/p>\n<\/div>\n<\/div>\n<\/div>\n<\/div>\n<blockquote>\n<div class=\"flex flex-grow flex-col max-w-full\">\n<div class=\"min-h-[20px] text-message flex flex-col items-start whitespace-pre-wrap break-words [.text-message+&amp;]:mt-5 juice:w-full juice:items-end overflow-x-auto gap-2\" dir=\"auto\" data-message-author-role=\"assistant\" data-message-id=\"473254e3-95fa-4ca9-a37e-b20c61b9580f\">\n<div class=\"flex w-full flex-col gap-1 juice:empty:hidden juice:first:pt-[3px]\">\n<div class=\"markdown prose w-full break-words dark:prose-invert dark\">\n<p>&nbsp;<\/p>\n<\/div>\n<\/div>\n<\/div>\n<\/div>\n<\/blockquote>\n<div class=\"flex flex-grow flex-col max-w-full\">\n<div class=\"min-h-[20px] text-message flex flex-col items-start whitespace-pre-wrap break-words [.text-message+&amp;]:mt-5 juice:w-full juice:items-end overflow-x-auto gap-2\" dir=\"auto\" data-message-author-role=\"assistant\" data-message-id=\"473254e3-95fa-4ca9-a37e-b20c61b9580f\">\n<div class=\"flex w-full flex-col gap-1 juice:empty:hidden juice:first:pt-[3px]\">\n<div class=\"markdown prose w-full break-words dark:prose-invert dark\">\n<hr \/>\n<p>&nbsp;<\/p>\n<\/div>\n<\/div>\n<\/div>\n<\/div>\n<blockquote>\n<div class=\"flex flex-grow flex-col max-w-full\">\n<div class=\"min-h-[20px] text-message flex flex-col items-start whitespace-pre-wrap break-words [.text-message+&amp;]:mt-5 juice:w-full juice:items-end overflow-x-auto gap-2\" dir=\"auto\" data-message-author-role=\"assistant\" data-message-id=\"473254e3-95fa-4ca9-a37e-b20c61b9580f\">\n<div class=\"flex w-full flex-col gap-1 juice:empty:hidden juice:first:pt-[3px]\">\n<h3><a class=\"dt-pswp-item\" href=\"https:\/\/www.radiopiu.net\/wordpress\/wp-content\/uploads\/2024\/06\/Cassol-Fabio-Borca-di-cadore-1543x2048-1.jpg\" data-dt-img-description=\"\" data-large_image_width=\"1543\" data-large_image_height=\"2048\"><img loading=\"lazy\" decoding=\"async\" class=\"wp-image-397122 alignleft\" src=\"https:\/\/www.radiopiu.net\/wordpress\/wp-content\/uploads\/2024\/06\/Cassol-Fabio-Borca-di-cadore-1543x2048-1-226x300.jpg\" alt=\"\" width=\"130\" height=\"173\" srcset=\"https:\/\/www.radiopiu.net\/wordpress\/wp-content\/uploads\/2024\/06\/Cassol-Fabio-Borca-di-cadore-1543x2048-1-226x300.jpg 226w, https:\/\/www.radiopiu.net\/wordpress\/wp-content\/uploads\/2024\/06\/Cassol-Fabio-Borca-di-cadore-1543x2048-1-772x1024.jpg 772w, https:\/\/www.radiopiu.net\/wordpress\/wp-content\/uploads\/2024\/06\/Cassol-Fabio-Borca-di-cadore-1543x2048-1-768x1019.jpg 768w, https:\/\/www.radiopiu.net\/wordpress\/wp-content\/uploads\/2024\/06\/Cassol-Fabio-Borca-di-cadore-1543x2048-1-1157x1536.jpg 1157w, https:\/\/www.radiopiu.net\/wordpress\/wp-content\/uploads\/2024\/06\/Cassol-Fabio-Borca-di-cadore-1543x2048-1.jpg 1543w\" sizes=\"auto, (max-width: 130px) 100vw, 130px\" \/><\/a>Addio a Don Fabio Cassol, Sacerdote &#8220;Frizzante e Gioioso&#8221;<\/h3>\n<\/div>\n<\/div>\n<\/div>\n<\/blockquote>\n<div class=\"flex flex-grow flex-col max-w-full\">\n<div class=\"min-h-[20px] text-message flex flex-col items-start whitespace-pre-wrap break-words [.text-message+&amp;]:mt-5 juice:w-full juice:items-end overflow-x-auto gap-2\" dir=\"auto\" data-message-author-role=\"assistant\" data-message-id=\"473254e3-95fa-4ca9-a37e-b20c61b9580f\">\n<div class=\"flex w-full flex-col gap-1 juice:empty:hidden juice:first:pt-[3px]\">\n<div class=\"markdown prose w-full break-words dark:prose-invert dark\">\n<div class=\"group\/conversation-turn relative flex w-full min-w-0 flex-col agent-turn\">\n<div class=\"flex-col gap-1 md:gap-3\">\n<div class=\"flex flex-grow flex-col max-w-full\">\n<div class=\"min-h-[20px] text-message flex flex-col items-start whitespace-pre-wrap break-words [.text-message+&amp;]:mt-5 juice:w-full juice:items-end overflow-x-auto gap-2\" dir=\"auto\" data-message-author-role=\"assistant\" data-message-id=\"4f1cb4d2-a928-4674-a8b8-f16d5a7b7578\">\n<div class=\"flex w-full flex-col gap-1 juice:empty:hidden juice:first:pt-[3px]\">\n<div class=\"markdown prose w-full break-words dark:prose-invert dark\">\n<p><strong>BELLUNO<\/strong> Don Fabio Cassol, sacerdote di 85 anni, \u00e8 scomparso venerd\u00ec scorso per un malore. Il vescovo Renato Marangoni lo ha ricordato come un uomo &#8220;frizzante e gioioso&#8221; durante la messa funebre nella Cattedrale. Don Fabio, ordinato sacerdote nel 1965, ha lasciato un&#8217;impronta profonda nelle parrocchie bellunesi e in Albania, dove \u00e8 stato missionario. Il vescovo ha sottolineato la sua fede genuina e radicale, e il suo instancabile impegno fino alla fine. Numerosi sacerdoti e fedeli hanno partecipato alla cerimonia.<\/p>\n<\/div>\n<\/div>\n<\/div>\n<\/div>\n<\/div>\n<\/div>\n<\/div>\n<\/div>\n<\/div>\n<\/div>\n<blockquote>\n<div class=\"flex flex-grow flex-col max-w-full\">\n<div class=\"min-h-[20px] text-message flex flex-col items-start whitespace-pre-wrap break-words [.text-message+&amp;]:mt-5 juice:w-full juice:items-end overflow-x-auto gap-2\" dir=\"auto\" data-message-author-role=\"assistant\" data-message-id=\"473254e3-95fa-4ca9-a37e-b20c61b9580f\">\n<div class=\"flex w-full flex-col gap-1 juice:empty:hidden juice:first:pt-[3px]\">\n<div class=\"markdown prose w-full break-words dark:prose-invert dark\">\n<p>&nbsp;<\/p>\n<\/div>\n<\/div>\n<\/div>\n<\/div>\n<\/blockquote>\n<div class=\"flex flex-grow flex-col max-w-full\">\n<div class=\"min-h-[20px] text-message flex flex-col items-start whitespace-pre-wrap break-words [.text-message+&amp;]:mt-5 juice:w-full juice:items-end overflow-x-auto gap-2\" dir=\"auto\" data-message-author-role=\"assistant\" data-message-id=\"473254e3-95fa-4ca9-a37e-b20c61b9580f\">\n<div class=\"flex w-full flex-col gap-1 juice:empty:hidden juice:first:pt-[3px]\">\n<div class=\"markdown prose w-full break-words dark:prose-invert dark\">\n<hr \/>\n<\/div>\n<\/div>\n<\/div>\n<\/div>\n<blockquote>\n<div class=\"flex flex-grow flex-col max-w-full\">\n<div class=\"min-h-[20px] text-message flex flex-col items-start whitespace-pre-wrap break-words [.text-message+&amp;]:mt-5 juice:w-full juice:items-end overflow-x-auto gap-2\" dir=\"auto\" data-message-author-role=\"assistant\" data-message-id=\"473254e3-95fa-4ca9-a37e-b20c61b9580f\">\n<div class=\"flex w-full flex-col gap-1 juice:empty:hidden juice:first:pt-[3px]\">\n<div class=\"markdown prose w-full break-words dark:prose-invert dark\">\n<h3><\/h3>\n<h3>Frana a Val di Zoldo: SP 347 chiusa per giorni<\/h3>\n<div class=\"articlePlainText\"><em><a class=\"dt-pswp-item\" href=\"https:\/\/www.radiopiu.net\/wordpress\/wp-content\/uploads\/2024\/07\/e54c1c70-c312-46c6-b6d4-4191f1c5996c.jpg\" data-dt-img-description=\"\" data-large_image_width=\"800\" data-large_image_height=\"600\"><img loading=\"lazy\" decoding=\"async\" class=\" wp-image-397416 alignleft\" src=\"https:\/\/www.radiopiu.net\/wordpress\/wp-content\/uploads\/2024\/07\/e54c1c70-c312-46c6-b6d4-4191f1c5996c-300x225.jpg\" alt=\"\" width=\"231\" height=\"173\" srcset=\"https:\/\/www.radiopiu.net\/wordpress\/wp-content\/uploads\/2024\/07\/e54c1c70-c312-46c6-b6d4-4191f1c5996c-300x225.jpg 300w, https:\/\/www.radiopiu.net\/wordpress\/wp-content\/uploads\/2024\/07\/e54c1c70-c312-46c6-b6d4-4191f1c5996c-768x576.jpg 768w, https:\/\/www.radiopiu.net\/wordpress\/wp-content\/uploads\/2024\/07\/e54c1c70-c312-46c6-b6d4-4191f1c5996c.jpg 800w\" sizes=\"auto, (max-width: 231px) 100vw, 231px\" \/><\/a>\u00a0l&#8217;urgenza \u00e8 riaprire la strada. Difficile dire quanti giorni ci vorranno, ma l&#8217;operazione non sar\u00e0 breve.\u00a0<\/em><\/div>\n<p>&nbsp;<\/p>\n<\/div>\n<\/div>\n<\/div>\n<\/div>\n<\/blockquote>\n<div class=\"flex flex-grow flex-col max-w-full\">\n<div class=\"min-h-[20px] text-message flex flex-col items-start whitespace-pre-wrap break-words [.text-message+&amp;]:mt-5 juice:w-full juice:items-end overflow-x-auto gap-2\" dir=\"auto\" data-message-author-role=\"assistant\" data-message-id=\"473254e3-95fa-4ca9-a37e-b20c61b9580f\">\n<div class=\"flex w-full flex-col gap-1 juice:empty:hidden juice:first:pt-[3px]\">\n<div class=\"markdown prose w-full break-words dark:prose-invert dark\">\n<p><strong>VAL DI ZOLDO\u00a0<\/strong> localit\u00e0 Le Vare, una frana ha invaso la SP 347 con 5.000 m\u00b3 di detriti, mentre il movimento franoso complessivo \u00e8 di 20.000 m\u00b3. La strada rimarr\u00e0 chiusa per almeno quattro o cinque giorni. Veneto Strade utilizza droni per monitorare la situazione. Il direttore Giuseppe Franco evidenzia la necessit\u00e0 di autorizzazioni per rimuovere e utilizzare il materiale. Il sindaco Camillo De Pellegrin sottolinea i disagi per i residenti e l&#8217;importanza di opere di prevenzione per gestire eventi meteo sempre pi\u00f9 frequenti.<\/p>\n<\/div>\n<\/div>\n<\/div>\n<\/div>\n<div class=\"flex flex-grow flex-col max-w-full\">\n<div class=\"min-h-[20px] text-message flex flex-col items-start whitespace-pre-wrap break-words [.text-message+&amp;]:mt-5 juice:w-full juice:items-end overflow-x-auto gap-2\" dir=\"auto\" data-message-author-role=\"assistant\" data-message-id=\"473254e3-95fa-4ca9-a37e-b20c61b9580f\">\n<div class=\"flex w-full flex-col gap-1 juice:empty:hidden juice:first:pt-[3px]\">\n<div class=\"markdown prose w-full break-words dark:prose-invert dark\">\n<p><strong>GRANDI DISAGI <\/strong>per chi vive in Val di Zoldo e lavora in Agordino, CHE NON E&#8217; SOLO LUXOTTICA. Il tragitto che prima richiedeva 25 minuti ora necessita almeno 50 minuti passando per il passo Staulanza.<\/p>\n<div><\/div>\n<\/div>\n<\/div>\n<\/div>\n<\/div>\n<div class=\"flex flex-grow flex-col max-w-full\">\n<div class=\"min-h-[20px] text-message flex flex-col items-start whitespace-pre-wrap break-words [.text-message+&amp;]:mt-5 juice:w-full juice:items-end overflow-x-auto gap-2\" dir=\"auto\" data-message-author-role=\"assistant\" data-message-id=\"473254e3-95fa-4ca9-a37e-b20c61b9580f\">\n<div class=\"flex w-full flex-col gap-1 juice:empty:hidden juice:first:pt-[3px]\">\n<div class=\"markdown prose w-full break-words dark:prose-invert dark\">\n<hr \/>\n<p>&nbsp;<\/p>\n<blockquote>\n<h3>Emergenze Maltempo: Provincia Attiva Interventi per Tre Frane<\/h3>\n<\/blockquote>\n<p><strong>BELLUNO\u00a0<\/strong> Il recente maltempo, sommato a quello della tarda primavera, ha portato la Provincia ad attivare tre emergenze per frane tra maggio e inizio giugno, con interventi per oltre 555mila euro, approvati\u00a0 dal consiglio provinciale. Le aree interessate sono Curago (Alpago), Cibiana e Mo\u00e8 di Laste (Rocca Pietore), dove il maltempo ha provocato smottamenti e colate detritiche. Il consigliere delegato Massimo Bortoluzzi sottolinea la necessit\u00e0 di interventi costosi ma essenziali per ridurre il rischio di frane e promuovere la resilienza del territorio montano.<\/p>\n<p>&nbsp;<\/p>\n<hr \/>\n<p>&nbsp;<\/p>\n<\/div>\n<blockquote>\n<h3><span style=\"font-size: large;\">CASA DEL SOLE<\/span><\/h3>\n<\/blockquote>\n<p><span style=\"font-size: large;\"><strong>BELLUNO<\/strong> Il consiglio provinciale ha approvato\u00a0 lo schema di accordo di programma con il Comune di Ponte nelle Alpi e Ater per il recupero e la valorizzazione della Casa del Sole, un compendio di edifici e terreni che l\u2019amministrazione di Palazzo Piloni, insieme agli altri due soggetti istituzionali, intende trasformare in cittadella di servizi.<span class=\"gmail-Apple-converted-space\">\u00a0<\/span><\/span><\/p>\n<\/div>\n<\/div>\n<\/div>\n<p>&nbsp;<\/p>\n<p>&nbsp;<\/p>\n<hr \/>\n<p>&nbsp;<\/p>\n<p><span style=\"color: #ff0000;\">IERI ALLA RADIO (PIU&#8217;)&#8230;. OGGI SUI GIORNALI.<\/span><\/p>\n<blockquote>\n<h2>I VIGILI DEL FUOCO VOLONTARI DI SELVA SALVANO LA MUCCA<\/h2>\n<\/blockquote>\n<p><strong><a class=\"dt-pswp-item\" href=\"https:\/\/www.radiopiu.net\/wordpress\/wp-content\/uploads\/2024\/07\/Senza-nome-9.png\" data-dt-img-description=\"\" data-large_image_width=\"345\" data-large_image_height=\"197\"><img loading=\"lazy\" decoding=\"async\" class=\" wp-image-397390 alignleft\" src=\"https:\/\/www.radiopiu.net\/wordpress\/wp-content\/uploads\/2024\/07\/Senza-nome-9-300x171.png\" alt=\"\" width=\"270\" height=\"154\" srcset=\"https:\/\/www.radiopiu.net\/wordpress\/wp-content\/uploads\/2024\/07\/Senza-nome-9-300x171.png 300w, https:\/\/www.radiopiu.net\/wordpress\/wp-content\/uploads\/2024\/07\/Senza-nome-9.png 345w\" sizes=\"auto, (max-width: 270px) 100vw, 270px\" \/><\/a>SELVA DI CADORE<\/strong><\/p>\n<p>Su richiesta della Sala Operativa 115 del Comando Provinciale dei Vigili del Fuoco di Belluno, i Pompieri Volontari di Selva di Cadore sono intervenuti questa sera per un salvataggio animale. A supporto dell&#8217;operazione \u00e8 intervenuta una squadra SAF dalla Centrale dei Vigili del Fuoco di Belluno e una ditta privata con un mezzo dotato di gru.L&#8217;intervento si \u00e8 reso necessario a seguito della caduta di una mucca in un canale, rendendo impossibile per l&#8217;animale risalire da sola. L&#8217;animale impaurito \u00e8 stato imbragato e sollevato con cura, venendo successivamente riportato nel vicino prato. L&#8217;operazione \u00e8 stata eseguita con grande precisione e tempestivit\u00e0, meritando l&#8217;applauso dei presenti per la sua perfetta riuscita.L&#8217;intervento \u00e8 stato un esempio di collaborazione efficiente tra i Vigili del Fuoco e le risorse private, garantendo la sicurezza e il benessere dell&#8217;animale in difficolt\u00e0.<\/p>\n<h1><span style=\"color: #0000ff;\"><strong><a style=\"color: #0000ff;\" href=\"https:\/\/www.facebook.com\/100022883616333\/videos\/381383691621745\/\">VIDEO\u00a0<\/a><\/strong><\/span><\/h1>\n<h2 id=\":r454:\" class=\"html-h2 xe8uvvx x11i5rnm xat24cr x1mh8g0r xexx8yu x4uap5 x18d9i69 xkhd6sd x1vvkbs x1heor9g x1qlqyl8 x1pd3egz x1a2a7pz x1gslohp x1yc453h\"><span class=\"\"><span class=\"xt0psk2\"><a class=\"x1i10hfl xjbqb8w x1ejq31n xd10rxx x1sy0etr x17r0tee x972fbf xcfux6l x1qhh985 xm0m39n x9f619 x1ypdohk xt0psk2 xe8uvvx xdj266r x11i5rnm xat24cr x1mh8g0r xexx8yu x4uap5 x18d9i69 xkhd6sd x16tdsg8 x1hl2dhg xggy1nq x1a2a7pz x1sur9pj xkrqix3 xzsf02u x1s688f\" tabindex=\"0\" role=\"link\" href=\"https:\/\/www.facebook.com\/groups\/1441840852715463\/user\/100022883616333\/?__cft__[0]=AZVHammAsVZTZhpcT10FT1CucyP_GUXUB-t-AstVuu8cH2VILkEmeLkUZyaP1ZST5WtunQ-8R0hDnnkftVqM7n3ypQXdNz9TgIHvuHy3295c1ypxDHwV1q8Lf7pDnVMyKw7dnJyKCHZheqzWogqxs0BS9f9YkihPn9Qmzmtq-hiOixq0GWmtaM-I5Z5zfOZ8jS0XTM2gQXLLAVYaERVLeeJIOWfQY1_oo3NiBXRH7cg_uQ&amp;__tn__=-UC%2CP-R\"><strong><span class=\"html-span xdj266r x11i5rnm xat24cr x1mh8g0r xexx8yu x4uap5 x18d9i69 xkhd6sd x1hl2dhg x16tdsg8 x1vvkbs\">Lucio Bellato<\/span><\/strong><\/a><\/span><\/span><\/h2>\n<p>&nbsp;<\/p>\n<hr \/>\n<blockquote>\n<h3><\/h3>\n<h3>Progetto per Diagnosi Precoce dei Cittadini ad Alto Rischio Vascolare<\/h3>\n<\/blockquote>\n<p><strong>IL PRESIDENTE DEL FONDO COMUNI CONFINANTI, DARIO BOND\u00a0<\/strong><\/p>\n<p><a class=\"dt-pswp-item\" href=\"https:\/\/www.radiopiu.net\/wordpress\/wp-content\/uploads\/2024\/07\/Senza-nome-14.png\" data-dt-img-description=\"\" data-large_image_width=\"314\" data-large_image_height=\"151\"><img loading=\"lazy\" decoding=\"async\" class=\"size-medium wp-image-397481 alignleft\" src=\"https:\/\/www.radiopiu.net\/wordpress\/wp-content\/uploads\/2024\/07\/Senza-nome-14-300x144.png\" alt=\"\" width=\"300\" height=\"144\" srcset=\"https:\/\/www.radiopiu.net\/wordpress\/wp-content\/uploads\/2024\/07\/Senza-nome-14-300x144.png 300w, https:\/\/www.radiopiu.net\/wordpress\/wp-content\/uploads\/2024\/07\/Senza-nome-14.png 314w\" sizes=\"auto, (max-width: 300px) 100vw, 300px\" \/><\/a>Prendere in carico i cittadini ad alto rischio vascolare attraverso una diagnosi tempestiva, con protagonisti i medici di medicina generale. Questo l&#8217;obiettivo del progetto sovraregionale, firmato tra il Fondo dei Comuni Confinanti e l&#8217;Azienda ULSS n. 1 \u201cDolomiti\u201d, mirato a dare una risposta diagnostica precoce ai cittadini delle aree montane e a complessit\u00e0 logistica, spesso svantaggiati nell&#8217;accesso alle strutture ospedaliere. Il progetto, del costo di 1,4 milioni di euro, ricever\u00e0 un contributo di 520 mila euro dal FCC. Dario Bond, presidente del Comitato di Gestione del Fondo Comuni Confinanti, sottolinea l&#8217;importanza di ridurre le differenze nell&#8217;accesso a diagnosi e cure tra i pazienti delle aree montane e quelli delle citt\u00e0.<\/p>\n<p><strong>AUDIO DarioBond<\/strong><\/p>\n<audio class=\"wp-audio-shortcode\" id=\"audio-397436-7\" preload=\"none\" style=\"width: 100%;\" controls=\"controls\"><source type=\"audio\/mpeg\" src=\"https:\/\/www.radiopiu.net\/wordpress\/wp-content\/uploads\/2024\/07\/Audio-Bond-su-progetto-diagnosi-vascolare.mp3?_=7\" \/><a href=\"https:\/\/www.radiopiu.net\/wordpress\/wp-content\/uploads\/2024\/07\/Audio-Bond-su-progetto-diagnosi-vascolare.mp3\">https:\/\/www.radiopiu.net\/wordpress\/wp-content\/uploads\/2024\/07\/Audio-Bond-su-progetto-diagnosi-vascolare.mp3<\/a><\/audio>\n<p>&nbsp;<\/p>\n<hr \/>\n<p>&nbsp;<\/p>\n<blockquote>\n<h3>MAURIZIO LANDINI ALLO STABILIMENTO ESSILORLUXOTTICA DI AGORDO PER LE ASSEMBLEE DEL 2 LUGLIO<\/h3>\n<\/blockquote>\n<p><strong><a class=\"dt-pswp-item\" href=\"https:\/\/www.radiopiu.net\/wordpress\/wp-content\/uploads\/2024\/06\/6722e9eb-3b8b-4778-9d70-990971e1584f.jpg\" data-dt-img-description=\"\" data-large_image_width=\"2048\" data-large_image_height=\"1536\"><img loading=\"lazy\" decoding=\"async\" class=\"size-medium wp-image-397490 aligncenter\" src=\"https:\/\/www.radiopiu.net\/wordpress\/wp-content\/uploads\/2024\/06\/6722e9eb-3b8b-4778-9d70-990971e1584f-300x225.jpg\" alt=\"\" width=\"300\" height=\"225\" srcset=\"https:\/\/www.radiopiu.net\/wordpress\/wp-content\/uploads\/2024\/06\/6722e9eb-3b8b-4778-9d70-990971e1584f-300x225.jpg 300w, https:\/\/www.radiopiu.net\/wordpress\/wp-content\/uploads\/2024\/06\/6722e9eb-3b8b-4778-9d70-990971e1584f-1024x768.jpg 1024w, https:\/\/www.radiopiu.net\/wordpress\/wp-content\/uploads\/2024\/06\/6722e9eb-3b8b-4778-9d70-990971e1584f-768x576.jpg 768w, https:\/\/www.radiopiu.net\/wordpress\/wp-content\/uploads\/2024\/06\/6722e9eb-3b8b-4778-9d70-990971e1584f-1536x1152.jpg 1536w, https:\/\/www.radiopiu.net\/wordpress\/wp-content\/uploads\/2024\/06\/6722e9eb-3b8b-4778-9d70-990971e1584f.jpg 2048w\" sizes=\"auto, (max-width: 300px) 100vw, 300px\" \/><\/a><\/strong><\/p>\n<p>&nbsp;<\/p>\n<p><strong>MAURIZIO LANDINI AD AGORDO, PUNTO STAMPA.<\/strong><\/p>\n<p><span style=\"color: #ff0000;\">di Marco Gaz<\/span><\/p>\n<audio class=\"wp-audio-shortcode\" id=\"audio-397436-8\" preload=\"none\" style=\"width: 100%;\" controls=\"controls\"><source type=\"audio\/mpeg\" src=\"https:\/\/www.radiopiu.net\/wordpress\/wp-content\/uploads\/2024\/07\/landini-ok.mp3?_=8\" \/><a href=\"https:\/\/www.radiopiu.net\/wordpress\/wp-content\/uploads\/2024\/07\/landini-ok.mp3\">https:\/\/www.radiopiu.net\/wordpress\/wp-content\/uploads\/2024\/07\/landini-ok.mp3<\/a><\/audio>\n<p>&nbsp;<\/p>\n<hr \/>\n<p>&nbsp;<\/p>\n<blockquote>\n<h3>Sanit\u00e0 Veneto: Riduzione delle Liste d&#8217;Attesa<\/h3>\n<\/blockquote>\n<p><strong>VENEZIA<\/strong> Il presidente della Regione Veneto, Luca Zaia, ha annunciato significativi progressi nella riduzione delle liste d&#8217;attesa per le prestazioni sanitarie, grazie a un rigoroso controllo di gestione e a un sistema informatico aggiornato. Risultati notevoli includono la riduzione delle prestazioni con priorit\u00e0 D da 83.000 a 13.000 in un anno. Zaia ha ringraziato il personale sanitario per l&#8217;impegno. L&#8217;assessore Manuela Lanzarin ha sottolineato l&#8217;uso dell&#8217;intelligenza artificiale per migliorare la gestione delle prenotazioni, con l&#8217;obiettivo di ulteriori riduzioni entro fine anno.<\/p>\n<p>L&#8217;ASSESSORE ALLA SANITA&#8217;, MANUELA LANZARIN<\/p>\n<p><iframe loading=\"lazy\" title=\"02 07 2024 LANZARIN LISTE D ATTESA 1\" width=\"1200\" height=\"675\" src=\"https:\/\/www.youtube.com\/embed\/C4nRSnt3U8I?feature=oembed\" frameborder=\"0\" allow=\"accelerometer; autoplay; clipboard-write; encrypted-media; gyroscope; picture-in-picture; web-share\" referrerpolicy=\"strict-origin-when-cross-origin\" allowfullscreen><\/iframe><\/p>\n<p>&nbsp;<\/p>\n<p>&nbsp;<\/p>\n<hr \/>\n<p>&nbsp;<\/p>\n<blockquote>\n<h3>AGORDO VERSO IL SALTO DI QUALITA&#8217;, PAROLA DI ROBERTO CHISSALE&#8217;<\/h3>\n<\/blockquote>\n<blockquote><p><em><a class=\"dt-pswp-item\" href=\"https:\/\/www.radiopiu.net\/wordpress\/wp-content\/uploads\/2023\/04\/chissale.png\" data-dt-img-description=\"\" data-large_image_width=\"341\" data-large_image_height=\"252\"><img loading=\"lazy\" decoding=\"async\" class=\"wp-image-331934 alignleft\" src=\"https:\/\/www.radiopiu.net\/wordpress\/wp-content\/uploads\/2023\/04\/chissale-300x222.png\" alt=\"\" width=\"203\" height=\"150\" srcset=\"https:\/\/www.radiopiu.net\/wordpress\/wp-content\/uploads\/2023\/04\/chissale-300x222.png 300w, https:\/\/www.radiopiu.net\/wordpress\/wp-content\/uploads\/2023\/04\/chissale.png 341w\" sizes=\"auto, (max-width: 203px) 100vw, 203px\" \/><\/a>Primo consiglio della nuova legislatura, il giuramento del sindaco e gli obiettivi dei vincitori della contesa elettorale. Il grazie di Chissal\u00e8 e l&#8217;intervento di circostanza della minoranza dello sconfitto bis Paolo Selva Moretti.\u00a0 La prima polemica firmata Masoch.<\/em><\/p>\n<p><strong>DI GIANNI SANTOMASO\u00a0<\/strong><\/p><\/blockquote>\n<audio class=\"wp-audio-shortcode\" id=\"audio-397436-9\" preload=\"none\" style=\"width: 100%;\" controls=\"controls\"><source type=\"audio\/mpeg\" src=\"https:\/\/www.radiopiu.net\/wordpress\/wp-content\/uploads\/2024\/07\/CHISSALE-GIANI.mp3?_=9\" \/><a href=\"https:\/\/www.radiopiu.net\/wordpress\/wp-content\/uploads\/2024\/07\/CHISSALE-GIANI.mp3\">https:\/\/www.radiopiu.net\/wordpress\/wp-content\/uploads\/2024\/07\/CHISSALE-GIANI.mp3<\/a><\/audio>\n<p>&nbsp;<\/p>\n<p>DIRETTA DEL CONSIGLIO COMUNALE DI AGORDO.<\/p>\n<p><iframe loading=\"lazy\" title=\"Diretta Esterna Radio Pi\u00f9\" width=\"1200\" height=\"675\" src=\"https:\/\/www.youtube.com\/embed\/S2eLl7s74QE?start=620&#038;feature=oembed\" frameborder=\"0\" allow=\"accelerometer; autoplay; clipboard-write; encrypted-media; gyroscope; picture-in-picture; web-share\" referrerpolicy=\"strict-origin-when-cross-origin\" allowfullscreen><\/iframe><\/p>\n<hr \/>\n<p>&nbsp;<\/p>\n<blockquote>\n<h3>LA GIUDIZIARIA OGGI SUL CORRIERE DELLE ALPI DI GIGI SOSSO<\/h3>\n<\/blockquote>\n<h3>Gelosia e Violenza alla Birreria Pedavena<\/h3>\n<p><strong>FELTRE<\/strong> Un giovane cubano \u00e8 imputato per lesioni e violazione della legge sulle armi, difeso dall&#8217;avvocato Paolo Serrangeli. La vicenda nasce dalla gelosia del fidanzato ufficiale, che ha denunciato l&#8217;uomo e si \u00e8 costituito parte civile con l&#8217;avvocato Davide Fent. L&#8217;episodio incriminato risale al 21 novembre 2019, quando il fidanzato si rec\u00f2 a casa dell&#8217;imputato per chiarire una presunta tresca con la sua ragazza, sfociando in una colluttazione. Le versioni delle parti divergono sulla presenza di un coltello.<\/p>\n<p>&nbsp;<\/p>\n<hr \/>\n<p>&nbsp;<\/p>\n<blockquote>\n<h3>Funivie Arabba ricorre al TAR contro il Comune di Livinallongo<\/h3>\n<div class=\"articlePlainText\"><em><a class=\"dt-pswp-item\" href=\"https:\/\/www.radiopiu.net\/wordpress\/wp-content\/uploads\/2024\/07\/Senza-nome-18.png\" data-dt-img-description=\"\" data-large_image_width=\"795\" data-large_image_height=\"332\"><img loading=\"lazy\" decoding=\"async\" class=\"size-medium wp-image-397566 alignleft\" src=\"https:\/\/www.radiopiu.net\/wordpress\/wp-content\/uploads\/2024\/07\/Senza-nome-18-300x125.png\" alt=\"\" width=\"300\" height=\"125\" srcset=\"https:\/\/www.radiopiu.net\/wordpress\/wp-content\/uploads\/2024\/07\/Senza-nome-18-300x125.png 300w, https:\/\/www.radiopiu.net\/wordpress\/wp-content\/uploads\/2024\/07\/Senza-nome-18-768x321.png 768w, https:\/\/www.radiopiu.net\/wordpress\/wp-content\/uploads\/2024\/07\/Senza-nome-18.png 795w\" sizes=\"auto, (max-width: 300px) 100vw, 300px\" \/><\/a>Al Comune non rimane che dare l&#8217;incarico all&#8217;avvocato a resistere al ricorso, per il quale ha impegnato un importo di 10 mila euro.\u00a0\u00a0<\/em><\/div>\n<\/blockquote>\n<p><strong>LIVINALLONGO<\/strong> Funivie Arabba ha impugnato al TAR la delibera del Comune di Livinallongo, che imponeva la rinuncia ai terreni occupati dalla strada di Zorz. La controversia riguarda l&#8217;accesso invernale alla frazione Zorz, occupata dalle piste da sci gestite dalla societ\u00e0. Nel febbraio scorso, il Comune aveva chiesto alla societ\u00e0 di regolarizzare i canoni arretrati e di firmare una convenzione entro il 22 marzo, pena la decadenza della concessione dei terreni. Funivie Arabba ha pagato i canoni, ma non ha rinunciato ai terreni, portando cos\u00ec la disputa legale avanti con un ricorso al TAR.<\/p>\n<p>&nbsp;<\/p>\n<hr \/>\n<p>&nbsp;<\/p>\n<p><span style=\"color: #0000ff;\"><em>OGNI SERA ALLE 19.05 SU RADIOPIU, A CURA DI TIZIANA BOLOGNANI, LE ANTICIPAZIONI DAL TG BELLUNESE DI ANTENNA 3, IN ONDA ALLE 19.30 SUL CANALE 10 DEL CANALE TERRESTRE&#8230;\u00a0<\/em><\/span><\/p>\n<blockquote>\n<h1 class=\"_title post-title entry-title\"><a class=\"dt-pswp-item\" href=\"https:\/\/www.radiopiu.net\/wordpress\/wp-content\/uploads\/2023\/12\/ANTENNA.png\" data-dt-img-description=\"\" data-large_image_width=\"300\" data-large_image_height=\"166\"><img loading=\"lazy\" decoding=\"async\" class=\"wp-image-366306 alignleft\" src=\"https:\/\/www.radiopiu.net\/wordpress\/wp-content\/uploads\/2023\/12\/ANTENNA.png\" alt=\"\" width=\"233\" height=\"129\" \/><\/a>NEVEGAL, UOFFY ITALIA : \u00abVENTO IN POPPA PER IL RILANCIO DEL COLLE\u00bb<\/h1>\n<\/blockquote>\n<p>\u2013 Intervistati LORENZO BALDANELLO UOFFY ITALIA \u2013 WE LOVE NEVEGAL (AL TELEFONO) (Servizio di\u00a0<a href=\"https:\/\/antennatre.medianordest.it\/redazione\/Tiziana-Bolognani\/\">Tiziana Bolognani<\/a>)<\/p>\n<p>&nbsp;<\/p>\n<p><iframe loading=\"lazy\" title=\"NEVEGAL, UOFFY ITALIA : \u00abVENTO IN POPPA PER IL RILANCIO DEL COLLE\u00bb  | 02\/07\/2024\" width=\"1200\" height=\"675\" src=\"https:\/\/www.youtube.com\/embed\/jnT2zeuDsk8?feature=oembed\" frameborder=\"0\" allow=\"accelerometer; autoplay; clipboard-write; encrypted-media; gyroscope; picture-in-picture; web-share\" referrerpolicy=\"strict-origin-when-cross-origin\" allowfullscreen><\/iframe><\/p>\n<hr \/>\n<p>&nbsp;<\/p>\n<blockquote>\n<h3>Successo del XV Trofeo Lions Nord Est 2024 al Golf Club Cansiglio<\/h3>\n<\/blockquote>\n<p>Domenica 30 giugno, al Golf Club Cansiglio, si \u00e8 svolto il XV Trofeo Lions Nord Est 2024, una gara &#8220;Stableford 3 Categorie&#8221; aperta a tutti e valida per l&#8217;Handicap. L&#8217;evento, promosso dai Lions Club della provincia di Belluno, ha visto la partecipazione di giocatori da quindici circoli diversi. Il responsabile Stefano Ianiro ha espresso soddisfazione per l&#8217;evento, che ha raccolto oltre cinquemila euro per la Fondazione Lions Clubs International (LCIF). Le premiazioni hanno celebrato i vincitori e l&#8217;importanza della solidariet\u00e0.<\/p>\n<p>&nbsp;<\/p>\n<p>&nbsp;<\/p>\n<hr \/>\n<p>&nbsp;<\/p>\n<blockquote>\n<h3>DILLO A RADIO PIU&#8217;&#8230;DOLOMITI BUS E IL SERVIZIO IN AGORDINO<\/h3>\n<\/blockquote>\n<p><strong><a class=\"dt-pswp-item\" href=\"https:\/\/www.radiopiu.net\/wordpress\/wp-content\/uploads\/2024\/06\/DolomitiBus_Trillo_02.jpg\" data-dt-img-description=\"\" data-large_image_width=\"900\" data-large_image_height=\"601\"><img loading=\"lazy\" decoding=\"async\" class=\" wp-image-395175 alignleft\" src=\"https:\/\/www.radiopiu.net\/wordpress\/wp-content\/uploads\/2024\/06\/DolomitiBus_Trillo_02-300x200.jpg\" alt=\"\" width=\"233\" height=\"155\" srcset=\"https:\/\/www.radiopiu.net\/wordpress\/wp-content\/uploads\/2024\/06\/DolomitiBus_Trillo_02-300x200.jpg 300w, https:\/\/www.radiopiu.net\/wordpress\/wp-content\/uploads\/2024\/06\/DolomitiBus_Trillo_02-768x513.jpg 768w, https:\/\/www.radiopiu.net\/wordpress\/wp-content\/uploads\/2024\/06\/DolomitiBus_Trillo_02.jpg 900w\" sizes=\"auto, (max-width: 233px) 100vw, 233px\" \/><\/a>RICEVIAMO E PUBBLICHIAMO<\/strong><\/p>\n<p>Scrivo questa mail per il problema nell&#8217;agordino riguardante l&#8217;unica azienda di trasporti presente, ovvero Dolomitibus. Nonostante nell&#8217;ultimo periodo sia stato introdotto a Belluno il nuovo servizio Trillo nell&#8217;agordino si fa sentire sempre di pi\u00f9 la presenza di tratte sia nello stesso agordino che corse che collegano l&#8217;agordino a Belluno e gli orari talvolta non sono molto comodi per le coincidenze. Ormai da anni sia dal punto di vista scolastico si tende a viaggiare per questi 30 km spesso e volentieri in piedi e ammassati ma anche nelle vacanze estiva tendono a mancare le corse e rispetto a Belluno i territori dell&#8217;agordino restano abbastanza dimenticati. Ultima cosa ma non per importanza, l&#8217;educazione del personale che molte volte tende a mancare totalmente. Grazie anticipatamente.<\/p>\n<p>Lettera Firmata<\/p>\n<blockquote>\n<h3>DILLO A RADIO PIU&#8230;. DOLOMITIBUS E L&#8217;AGORDINO DIMENTICATO<\/h3>\n<\/blockquote>\n<p><em>A margine della pubblicazione dell&#8217;ennesima segnalazione circa il servizio della Dolomitibus tra le vallate agordine sempre pi\u00f9 preda della parola &#8220;spopolamento&#8221; riceviamo e pubblichiamo\u00a0<\/em><\/p>\n<p><img loading=\"lazy\" decoding=\"async\" class=\"alignleft\" src=\"https:\/\/www.radiopiu.net\/wordpress\/wp-content\/uploads\/2024\/06\/DolomitiBus_Trillo_02.jpg\" width=\"252\" height=\"168\" \/><\/p>\n<p>Ho letto l ennesimo articolo su Dolomitibus&#8230;. vorrei aggiungere in merito al personale che essendoci purtroppo tanti autisti non del posto questi non spesso ignorano le informazioni fondamentali della propria corsa,\u00a0 non conoscendo le coincidenze,\u00a0 infatti quando\u00a0 i turisti chiedono, \u00e8 capitato di sentire la risposta &#8220;non lo so&#8221;. Spesso la risposta \u00e8 &#8220;consulti il sito&#8221;, fosse almeno chiaro.\u00a0 Una lancia va spezzata invece per gli &#8220;storici&#8221; autisti che purtroppo non possono essere presenti ovunque<\/p>\n<p><strong>Simonetta.\u00a0<\/strong><\/p>\n<p>&nbsp;<\/p>\n<hr \/>\n<p>&nbsp;<\/p>\n<h2><span style=\"color: #ff0000;\">CONSIGLI COMUNALI IN AGORDINO<\/span><\/h2>\n<p><strong>FALCADE<\/strong> Il Consiglio Comunale di Falcade si riunir\u00e0 venerd\u00ec alle 20. Tra i punti da discutere le modifiche ai programmi dei lavori pubblici e delle forniture per il triennio 2024-2026, 12^ variazione al bilancio di previsione 2024-2026, e potenziamento del collegamento sciabile con l&#8217;area del Passo San Pellegrino.<\/p>\n<p>&nbsp;<\/p>\n<h2><span style=\"color: #ff0000;\">CONSIGLIO DELL&#8217;UNIONE MONTANA AGORDINA<\/span><\/h2>\n<p><strong>AGORDO<\/strong> \u00c8 in programma domani alle 20 in Sala Don Tamis il consiglio dell&#8217;Unione Montana Agordina convocato d&#8217;urgenza dal presidente Paolo Frena. Oltre all&#8217;approvazione dei verbali precedenti, il consiglio \u00e8 stato convocato per la presa d&#8217;atto dei nuovi rappresentanti dei comuni di Agordo, Alleghe, San Tomaso, Taibon e Vallada in seguito alle elezioni amministrative del 8 e 9 giugno scorso.<\/p>\n<p>&nbsp;<\/p>\n<hr \/>\n<p>&nbsp;<\/p>\n<div class=\"flex flex-grow flex-col max-w-full\">\n<div class=\"min-h-[20px] text-message flex flex-col items-start whitespace-pre-wrap break-words [.text-message+&amp;]:mt-5 juice:w-full juice:items-end overflow-x-auto gap-2\" dir=\"auto\" data-message-author-role=\"assistant\" data-message-id=\"92d7b12c-e703-44be-82ee-aa6273bd9f3d\">\n<div class=\"flex w-full flex-col gap-1 juice:empty:hidden juice:first:pt-[3px]\">\n<div class=\"markdown prose w-full break-words dark:prose-invert dark\">\n<blockquote>\n<h3><a class=\"dt-pswp-item\" href=\"https:\/\/www.radiopiu.net\/wordpress\/wp-content\/uploads\/2024\/07\/pressrelease_img_20_1719226069754_1.jpg\" data-dt-img-description=\"\" data-large_image_width=\"640\" data-large_image_height=\"480\"><img loading=\"lazy\" decoding=\"async\" class=\" wp-image-397570 alignleft\" src=\"https:\/\/www.radiopiu.net\/wordpress\/wp-content\/uploads\/2024\/07\/pressrelease_img_20_1719226069754_1-300x225.jpg\" alt=\"\" width=\"248\" height=\"186\" srcset=\"https:\/\/www.radiopiu.net\/wordpress\/wp-content\/uploads\/2024\/07\/pressrelease_img_20_1719226069754_1-300x225.jpg 300w, https:\/\/www.radiopiu.net\/wordpress\/wp-content\/uploads\/2024\/07\/pressrelease_img_20_1719226069754_1.jpg 640w\" sizes=\"auto, (max-width: 248px) 100vw, 248px\" \/><\/a>Valentina Pallua Vince il Premio &#8220;Francesco Saverio Pavone&#8221;<\/h3>\n<p><em>Valentina Pallua, classe 1987, originaria di Falcade e assistente sociale a Gaiarine, nel Trevigiano, si \u00e8 aggiudicata il secondo premio del concorso &#8220;Francesco Saverio Pavone&#8221; indetto dal consiglio regionale e dedicato al magistrato che fu anche procuratore capo a Belluno.<\/em><\/p><\/blockquote>\n<p><strong>LA TESI<\/strong> &#8220;Veneto tra mafia e vittimizzazione \u2013 No v\u00f2 a combater \u2013 Riflessioni sulla regione che non voleva riconoscersi&#8221;. Il lavoro, discusso all&#8217;Universit\u00e0 di Bologna e premiato con 2000 euro, analizza il radicamento della criminalit\u00e0 organizzata in Veneto. Il concorso, promosso dal consiglio regionale, onora il magistrato Pavone e mira a sensibilizzare i giovani ricercatori sul fenomeno mafioso in Veneto. La tesi sar\u00e0 pubblicata per contribuire alla diffusione di conoscenze cruciali<\/p>\n<\/div>\n<\/div>\n<\/div>\n<\/div>\n<div class=\"mt-1 flex gap-3 empty:hidden juice:-ml-3\">\n<div class=\"items-center justify-start rounded-xl p-1 flex\">\n<div class=\"flex items-center\">\n<div class=\"flex items-center pb-0.5 juice:pb-0\"><\/div>\n<\/div>\n<\/div>\n<\/div>\n<p>&nbsp;<\/p>\n<hr \/>\n<p>&nbsp;<\/p>\n<p>&nbsp;<\/p>\n<blockquote>\n<h3><a class=\"dt-pswp-item\" href=\"https:\/\/www.radiopiu.net\/wordpress\/wp-content\/uploads\/2024\/07\/Top10-classifica-finale.jpeg\" data-dt-img-description=\"\" data-large_image_width=\"1080\" data-large_image_height=\"1080\"><img loading=\"lazy\" decoding=\"async\" class=\" wp-image-397487 alignleft\" src=\"https:\/\/www.radiopiu.net\/wordpress\/wp-content\/uploads\/2024\/07\/Top10-classifica-finale-300x300.jpeg\" alt=\"\" width=\"142\" height=\"142\" srcset=\"https:\/\/www.radiopiu.net\/wordpress\/wp-content\/uploads\/2024\/07\/Top10-classifica-finale-300x300.jpeg 300w, https:\/\/www.radiopiu.net\/wordpress\/wp-content\/uploads\/2024\/07\/Top10-classifica-finale-1024x1024.jpeg 1024w, https:\/\/www.radiopiu.net\/wordpress\/wp-content\/uploads\/2024\/07\/Top10-classifica-finale-150x150.jpeg 150w, https:\/\/www.radiopiu.net\/wordpress\/wp-content\/uploads\/2024\/07\/Top10-classifica-finale-768x768.jpeg 768w, https:\/\/www.radiopiu.net\/wordpress\/wp-content\/uploads\/2024\/07\/Top10-classifica-finale.jpeg 1080w\" sizes=\"auto, (max-width: 142px) 100vw, 142px\" \/><\/a><\/h3>\n<h3>Coppa Dono: Successo per Dynamo Vellai e GS Astra Quero<\/h3>\n<\/blockquote>\n<blockquote><p><strong>FELTRE<\/strong> \u00c8 terminato il 30 giugno il concorso Coppa Dono, competizione tra le societ\u00e0 sportive del Feltrino e Primiero sui lettini del Centro Trasfusionale di Feltre. Le societ\u00e0 hanno promosso il dono del sangue tra i propri sostenitori, guadagnando punti per ogni donazione. Dynamo Vellai e GS Astra Quero hanno conquistato i primi posti, grazie alla generosit\u00e0 dei loro membri, ottenendo premi in attrezzatura sportiva. Le premiazioni si terranno a settembre, con la previsione di riproporre l\u2019iniziativa in autunno.<\/p><\/blockquote>\n<div class=\"mt-1 flex gap-3 empty:hidden juice:-ml-3\">\n<div class=\"items-center justify-start rounded-xl p-1 flex\"><\/div>\n<div>\n<hr \/>\n<\/div>\n<div><\/div>\n<blockquote>\n<h3><a class=\"dt-pswp-item\" href=\"https:\/\/www.radiopiu.net\/wordpress\/wp-content\/uploads\/2024\/07\/181f5680-a49b-4993-b139-6d39c31670aa.jpg\" data-dt-img-description=\"\" data-large_image_width=\"1536\" data-large_image_height=\"2048\"><img loading=\"lazy\" decoding=\"async\" class=\"wp-image-397525 alignleft\" src=\"https:\/\/www.radiopiu.net\/wordpress\/wp-content\/uploads\/2024\/07\/181f5680-a49b-4993-b139-6d39c31670aa-225x300.jpg\" alt=\"\" width=\"117\" height=\"156\" srcset=\"https:\/\/www.radiopiu.net\/wordpress\/wp-content\/uploads\/2024\/07\/181f5680-a49b-4993-b139-6d39c31670aa-225x300.jpg 225w, https:\/\/www.radiopiu.net\/wordpress\/wp-content\/uploads\/2024\/07\/181f5680-a49b-4993-b139-6d39c31670aa-768x1024.jpg 768w, https:\/\/www.radiopiu.net\/wordpress\/wp-content\/uploads\/2024\/07\/181f5680-a49b-4993-b139-6d39c31670aa-1152x1536.jpg 1152w, https:\/\/www.radiopiu.net\/wordpress\/wp-content\/uploads\/2024\/07\/181f5680-a49b-4993-b139-6d39c31670aa.jpg 1536w\" sizes=\"auto, (max-width: 117px) 100vw, 117px\" \/><\/a>BELLUNO DI SERA, ANCHE PER I PIU&#8217; PICCOLI<\/h3>\n<\/blockquote>\n<p>Pi\u00f9 spazio a bambini e famiglie, una promozione online e offline, un primo assaggio gi\u00e0 questo weekend: torna \u201cBelluno di Sera\u201d, il tradizionale appuntamento con i gioved\u00ec in piazza nel capoluogo.<\/p>\n<h3>DI DANIELE DALVIT<\/h3>\n<audio class=\"wp-audio-shortcode\" id=\"audio-397436-10\" preload=\"none\" style=\"width: 100%;\" controls=\"controls\"><source type=\"audio\/mpeg\" src=\"https:\/\/www.radiopiu.net\/wordpress\/wp-content\/uploads\/2024\/07\/Servizio-Belluno-di-Sera-2024.mp3?_=10\" \/><a href=\"https:\/\/www.radiopiu.net\/wordpress\/wp-content\/uploads\/2024\/07\/Servizio-Belluno-di-Sera-2024.mp3\">https:\/\/www.radiopiu.net\/wordpress\/wp-content\/uploads\/2024\/07\/Servizio-Belluno-di-Sera-2024.mp3<\/a><\/audio>\n<p>&nbsp;<\/p>\n<blockquote>\n<h3><a class=\"dt-pswp-item\" href=\"https:\/\/www.radiopiu.net\/wordpress\/wp-content\/uploads\/2024\/07\/6b6d174e-47bb-454e-8d81-6018ab1670e2-1.jpg\" data-dt-img-description=\"\" data-large_image_width=\"2048\" data-large_image_height=\"1610\"><img loading=\"lazy\" decoding=\"async\" class=\" wp-image-397524 alignleft\" src=\"https:\/\/www.radiopiu.net\/wordpress\/wp-content\/uploads\/2024\/07\/6b6d174e-47bb-454e-8d81-6018ab1670e2-1-300x236.jpg\" alt=\"\" width=\"203\" height=\"160\" srcset=\"https:\/\/www.radiopiu.net\/wordpress\/wp-content\/uploads\/2024\/07\/6b6d174e-47bb-454e-8d81-6018ab1670e2-1-300x236.jpg 300w, https:\/\/www.radiopiu.net\/wordpress\/wp-content\/uploads\/2024\/07\/6b6d174e-47bb-454e-8d81-6018ab1670e2-1-1024x805.jpg 1024w, https:\/\/www.radiopiu.net\/wordpress\/wp-content\/uploads\/2024\/07\/6b6d174e-47bb-454e-8d81-6018ab1670e2-1-768x604.jpg 768w, https:\/\/www.radiopiu.net\/wordpress\/wp-content\/uploads\/2024\/07\/6b6d174e-47bb-454e-8d81-6018ab1670e2-1-1536x1208.jpg 1536w, https:\/\/www.radiopiu.net\/wordpress\/wp-content\/uploads\/2024\/07\/6b6d174e-47bb-454e-8d81-6018ab1670e2-1.jpg 2048w\" sizes=\"auto, (max-width: 203px) 100vw, 203px\" \/><\/a>MUNDIALITO 2024<\/h3>\n<\/blockquote>\n<p><strong>BELLUNO<\/strong> Torna a met\u00e0 luglio per la seconda edizione a Belluno il Mundialito, il torneo calcistico promosso dal Comune di Belluno e dal Coordinamento Rete Immigrazione che vedr\u00e0 coinvolte ben 10 squadre, rappresentative di altrettante nazionalit\u00e0 che popolano il capoluogo. Tante le novit\u00e0 di quest&#8217;anno.<\/p>\n<p><strong>DI DANIELE DALVIT<\/strong><\/p>\n<audio class=\"wp-audio-shortcode\" id=\"audio-397436-11\" preload=\"none\" style=\"width: 100%;\" controls=\"controls\"><source type=\"audio\/mpeg\" src=\"https:\/\/www.radiopiu.net\/wordpress\/wp-content\/uploads\/2024\/07\/Servizio-Presentazione-Mundialito-2024.mp3?_=11\" \/><a href=\"https:\/\/www.radiopiu.net\/wordpress\/wp-content\/uploads\/2024\/07\/Servizio-Presentazione-Mundialito-2024.mp3\">https:\/\/www.radiopiu.net\/wordpress\/wp-content\/uploads\/2024\/07\/Servizio-Presentazione-Mundialito-2024.mp3<\/a><\/audio>\n<div><\/div>\n<\/div>\n<p>&nbsp;<\/p>\n<p>&nbsp;<\/p>\n<hr \/>\n<p>&nbsp;<\/p>\n<blockquote>\n<h3><a class=\"dt-pswp-item\" href=\"https:\/\/www.radiopiu.net\/wordpress\/wp-content\/uploads\/2024\/06\/Tisoi-7-luglio.jpg\" data-dt-img-description=\"\" data-large_image_width=\"1199\" data-large_image_height=\"1600\"><img loading=\"lazy\" decoding=\"async\" class=\" wp-image-396842 alignleft\" src=\"https:\/\/www.radiopiu.net\/wordpress\/wp-content\/uploads\/2024\/06\/Tisoi-7-luglio-225x300.jpg\" alt=\"\" width=\"131\" height=\"175\" srcset=\"https:\/\/www.radiopiu.net\/wordpress\/wp-content\/uploads\/2024\/06\/Tisoi-7-luglio-225x300.jpg 225w, https:\/\/www.radiopiu.net\/wordpress\/wp-content\/uploads\/2024\/06\/Tisoi-7-luglio-767x1024.jpg 767w, https:\/\/www.radiopiu.net\/wordpress\/wp-content\/uploads\/2024\/06\/Tisoi-7-luglio-768x1025.jpg 768w, https:\/\/www.radiopiu.net\/wordpress\/wp-content\/uploads\/2024\/06\/Tisoi-7-luglio-1151x1536.jpg 1151w, https:\/\/www.radiopiu.net\/wordpress\/wp-content\/uploads\/2024\/06\/Tisoi-7-luglio.jpg 1199w\" sizes=\"auto, (max-width: 131px) 100vw, 131px\" \/><\/a>LE USCITE CON IL FAI DI BELLUNO<\/h3>\n<\/blockquote>\n<p><strong>BELLUNO<\/strong> La delegazione FAI di Belluno organizza un&#8217;escursione estiva per esplorare tre piccole chiese fuori citt\u00e0, domenica 7 luglio. L&#8217;incontro \u00e8 alle 14:45 presso la chiesa di Tisoi, con partenza alle 15:00. Il percorso di 6,5 km, su stradine asfaltate in contesto rurale, offre panorami montani e include le chiese dei Santi Simone e Giuda a Zeneghe, San Bernardino a Giazzoi e San Nicol\u00f2 ai Zei, eccezionalmente aperte per l&#8217;occasione. Un esperto di arte e cultura locale accompagner\u00e0 i partecipanti. La passeggiata, con 150 metri di dislivello, \u00e8 riservata a un massimo di 30 partecipanti, previa prenotazione. Il contributo richiesto varia da 4 a 8 euro, mentre i bambini fino a 10 anni partecipano gratuitamente.<\/p>\n<p>&nbsp;<\/p>\n<p>&nbsp;<\/p>\n<hr \/>\n<p>&nbsp;<\/p>\n<h2><span style=\"color: #ff6600;\">ALLA RADIO<\/span><\/h2>\n<h2><span style=\"color: #800080;\">&#8220;DINTORN E FORA VIA&#8221;\u00a0 IL PROGRAMMA\u00a0 A CURA DEL MUSLA<\/span><\/h2>\n<p><strong><a class=\"dt-pswp-item\" href=\"https:\/\/www.radiopiu.net\/wordpress\/wp-content\/uploads\/2024\/05\/GIORNALE.jpg\" data-dt-img-description=\"\" data-large_image_width=\"1280\" data-large_image_height=\"805\"><img loading=\"lazy\" decoding=\"async\" class=\" wp-image-389981 alignleft\" src=\"https:\/\/www.radiopiu.net\/wordpress\/wp-content\/uploads\/2024\/05\/GIORNALE-300x189.jpg\" alt=\"\" width=\"162\" height=\"102\" srcset=\"https:\/\/www.radiopiu.net\/wordpress\/wp-content\/uploads\/2024\/05\/GIORNALE-300x189.jpg 300w, https:\/\/www.radiopiu.net\/wordpress\/wp-content\/uploads\/2024\/05\/GIORNALE-1024x644.jpg 1024w, https:\/\/www.radiopiu.net\/wordpress\/wp-content\/uploads\/2024\/05\/GIORNALE-768x483.jpg 768w, https:\/\/www.radiopiu.net\/wordpress\/wp-content\/uploads\/2024\/05\/GIORNALE.jpg 1280w\" sizes=\"auto, (max-width: 162px) 100vw, 162px\" \/><\/a>PUNTATA DEL 02 LUGLIO, JAQUELINE CAZZETTA<\/strong><\/p>\n<p>Liete da la Jacqueline da Selva. Nuove da foravia con nuof pat europeo su la migrazion e asilo, rebalton in Nuova Caledonia, Festival de Cannes e Eurovision Song Contest. Rubrica del vender co le Set Mareveie del Mondo Modern<\/p>\n<audio class=\"wp-audio-shortcode\" id=\"audio-397436-12\" preload=\"none\" style=\"width: 100%;\" controls=\"controls\"><source type=\"audio\/mpeg\" src=\"https:\/\/www.radiopiu.net\/wordpress\/wp-content\/uploads\/2024\/07\/MUSLA.mp3?_=12\" \/><a href=\"https:\/\/www.radiopiu.net\/wordpress\/wp-content\/uploads\/2024\/07\/MUSLA.mp3\">https:\/\/www.radiopiu.net\/wordpress\/wp-content\/uploads\/2024\/07\/MUSLA.mp3<\/a><\/audio>\n<p>&nbsp;<\/p>\n<h2>LA RACCOLTA COMPLETA <a href=\"https:\/\/www.radiopiu.net\/wordpress\/musla\/\"><span style=\"color: #3366ff;\">CLICCA QUI<\/span><\/a><\/h2>\n<p>&nbsp;<\/p>\n<hr \/>\n<p>&nbsp;<\/p>\n<h2><span style=\"color: #808000;\">VOCI RIBELLI: CONVERSAZIONI SENZA FILTRI PER RAGAZZI AUDACI<\/span><\/h2>\n<p><a class=\"dt-pswp-item\" href=\"https:\/\/www.radiopiu.net\/wordpress\/wp-content\/uploads\/2023\/09\/ass.-dafne.png\" data-dt-img-description=\"\" data-large_image_width=\"225\" data-large_image_height=\"225\"><img loading=\"lazy\" decoding=\"async\" class=\" wp-image-352143 alignleft\" src=\"https:\/\/www.radiopiu.net\/wordpress\/wp-content\/uploads\/2023\/09\/ass.-dafne.png\" alt=\"\" width=\"137\" height=\"137\" srcset=\"https:\/\/www.radiopiu.net\/wordpress\/wp-content\/uploads\/2023\/09\/ass.-dafne.png 225w, https:\/\/www.radiopiu.net\/wordpress\/wp-content\/uploads\/2023\/09\/ass.-dafne-150x150.png 150w\" sizes=\"auto, (max-width: 137px) 100vw, 137px\" \/><\/a>Benvenuti a &#8220;VOCI RIBELLI: CONVERSAZIONI SENZA FILTRI PER RAGAZZI AUDACI,&#8221; il podcast che sfida gli stereotipi e apre la porta a conversazioni senza paura per i giovani coraggiosi. Questo podcast, prodotto dall&#8217;Associazione Dafne con la regia di Lorenzo Cassol, \u00e8 il luogo dove la voce dell&#8217;audacia incontra la sincerit\u00e0 pi\u00f9 profond<\/p>\n<p>&nbsp;<\/p>\n<h1><\/h1>\n<h1><span style=\"color: #ff0000;\">STAGIONE 2024<\/span><\/h1>\n<p>&nbsp;<\/p>\n<p><strong>PUNTATA 05 &#8211; CRISTIAN FACCHIN (SECONDA PARTE)<\/strong><\/p>\n<audio class=\"wp-audio-shortcode\" id=\"audio-397436-13\" preload=\"none\" style=\"width: 100%;\" controls=\"controls\"><source type=\"audio\/mpeg\" src=\"https:\/\/www.radiopiu.net\/wordpress\/wp-content\/uploads\/2024\/06\/VRIB-4.mp3?_=13\" \/><a href=\"https:\/\/www.radiopiu.net\/wordpress\/wp-content\/uploads\/2024\/06\/VRIB-4.mp3\">https:\/\/www.radiopiu.net\/wordpress\/wp-content\/uploads\/2024\/06\/VRIB-4.mp3<\/a><\/audio>\n<p>&nbsp;<\/p>\n<h2>LA RACCOLTA COMPLETA <a href=\"https:\/\/www.radiopiu.net\/wordpress\/voci-ribelli-conversazioni-senza-filtri-per-ragazzi-audaci\/\"><span style=\"color: #3366ff;\">CLICCA QUI<\/span><\/a><\/h2>\n<p>&nbsp;<\/p>\n<hr \/>\n<p>&nbsp;<\/p>\n<h2><span style=\"color: #00ccff;\">DI MARTEDI&#8230; POMERIGGIO CON LUISA ALCHINI<\/span><\/h2>\n<p><span style=\"color: #ff0000;\"><strong><a class=\"dt-pswp-item\" href=\"https:\/\/www.radiopiu.net\/wordpress\/wp-content\/uploads\/2024\/06\/449621826_10219784287037351_4642847673111754069_n.jpg\" data-dt-img-description=\"\" data-large_image_width=\"720\" data-large_image_height=\"525\"><img loading=\"lazy\" decoding=\"async\" class=\" wp-image-397472 alignleft\" src=\"https:\/\/www.radiopiu.net\/wordpress\/wp-content\/uploads\/2024\/06\/449621826_10219784287037351_4642847673111754069_n-300x219.jpg\" alt=\"\" width=\"175\" height=\"128\" srcset=\"https:\/\/www.radiopiu.net\/wordpress\/wp-content\/uploads\/2024\/06\/449621826_10219784287037351_4642847673111754069_n-300x219.jpg 300w, https:\/\/www.radiopiu.net\/wordpress\/wp-content\/uploads\/2024\/06\/449621826_10219784287037351_4642847673111754069_n.jpg 720w\" sizes=\"auto, (max-width: 175px) 100vw, 175px\" \/><\/a>PUNTATA 05 PARTE UNO ospiti I CRIFU<\/strong><\/span><\/p>\n<audio class=\"wp-audio-shortcode\" id=\"audio-397436-14\" preload=\"none\" style=\"width: 100%;\" controls=\"controls\"><source type=\"audio\/mpeg\" src=\"https:\/\/www.radiopiu.net\/wordpress\/wp-content\/uploads\/2024\/06\/LMD1-5.mp3?_=14\" \/><a href=\"https:\/\/www.radiopiu.net\/wordpress\/wp-content\/uploads\/2024\/06\/LMD1-5.mp3\">https:\/\/www.radiopiu.net\/wordpress\/wp-content\/uploads\/2024\/06\/LMD1-5.mp3<\/a><\/audio>\n<p><span style=\"color: #ff0000;\">\u00a0<\/span><\/p>\n<p><span style=\"color: #ff0000;\"><strong>PARTE DUE<\/strong><\/span><\/p>\n<audio class=\"wp-audio-shortcode\" id=\"audio-397436-15\" preload=\"none\" style=\"width: 100%;\" controls=\"controls\"><source type=\"audio\/mpeg\" src=\"https:\/\/www.radiopiu.net\/wordpress\/wp-content\/uploads\/2024\/06\/LMD2-5.mp3?_=15\" \/><a href=\"https:\/\/www.radiopiu.net\/wordpress\/wp-content\/uploads\/2024\/06\/LMD2-5.mp3\">https:\/\/www.radiopiu.net\/wordpress\/wp-content\/uploads\/2024\/06\/LMD2-5.mp3<\/a><\/audio>\n<p>&nbsp;<\/p>\n<h2>LA RACCOLTA COMPLETA <a href=\"https:\/\/www.radiopiu.net\/wordpress\/di-martedi-pomeriggio-con-luisa-alchini-la-raccolta-04\/\"><span style=\"color: #0000ff;\">CLICCA QUI<\/span><\/a><\/h2>\n<p>&nbsp;<\/p>\n<hr \/>\n<p>&nbsp;<\/p>\n<h2><span style=\"color: #ff0000;\">DAL SITO DI RADIO PIU&#8230; ALCUNI PODCAST, I PIU&#8217; VISUALIZZATI NELLA SETTIMANA&#8230;\u00a0<\/span><\/h2>\n<blockquote class=\"wp-embedded-content\" data-secret=\"47Q2ffKbqa\"><p><a href=\"https:\/\/www.radiopiu.net\/wordpress\/biblioteca-del-territorio-i-podcast-di-radiopiu\/\">BIBLIOTECA DEL TERRITORIO&#8230; I PODCAST DI RADIOPIU<\/a><\/p><\/blockquote>\n<p><iframe loading=\"lazy\" class=\"wp-embedded-content\" sandbox=\"allow-scripts\" security=\"restricted\" style=\"position: absolute; clip: rect(1px, 1px, 1px, 1px);\" title=\"&#8220;BIBLIOTECA DEL TERRITORIO&#8230; I PODCAST DI RADIOPIU&#8221; &#8212; Radio Pi\u00f9\" src=\"https:\/\/www.radiopiu.net\/wordpress\/biblioteca-del-territorio-i-podcast-di-radiopiu\/embed\/#?secret=MAeNV6edKX#?secret=47Q2ffKbqa\" data-secret=\"47Q2ffKbqa\" width=\"600\" height=\"338\" frameborder=\"0\" marginwidth=\"0\" marginheight=\"0\" scrolling=\"no\"><\/iframe><\/p>\n<p>&nbsp;<\/p>\n<blockquote class=\"wp-embedded-content\" data-secret=\"iD6Rg5ytwJ\"><p><a href=\"https:\/\/www.radiopiu.net\/wordpress\/lad08aaaa\/\">&#8220;NCONTONSE&#8221; IN LADINO SU RADIO PI\u00d9<\/a><\/p><\/blockquote>\n<p><iframe loading=\"lazy\" class=\"wp-embedded-content\" sandbox=\"allow-scripts\" security=\"restricted\" style=\"position: absolute; clip: rect(1px, 1px, 1px, 1px);\" title=\"&#8220;&#8220;NCONTONSE&#8221; IN LADINO SU RADIO PI\u00d9&#8221; &#8212; Radio Pi\u00f9\" src=\"https:\/\/www.radiopiu.net\/wordpress\/lad08aaaa\/embed\/#?secret=MqaKbwdr2c#?secret=iD6Rg5ytwJ\" data-secret=\"iD6Rg5ytwJ\" width=\"600\" height=\"338\" frameborder=\"0\" marginwidth=\"0\" marginheight=\"0\" scrolling=\"no\"><\/iframe><\/p>\n<p>&nbsp;<\/p>\n<p>&nbsp;<\/p>\n<hr \/>\n<p>&nbsp;<\/p>\n<blockquote>\n<h2>BIBLIOTECHE DELLA VALLE DEL BIOIS &#8220;INIZIATIVE CHE ARRICCHISCONO&#8221;<\/h2>\n<\/blockquote>\n<blockquote>\n<h3>Programmazione Estiva delle Biblioteche della Valle del Biois<\/h3>\n<\/blockquote>\n<blockquote><p><strong><a class=\"dt-pswp-item\" href=\"https:\/\/www.radiopiu.net\/wordpress\/wp-content\/uploads\/2024\/07\/558e7467-bad9-4f56-af80-7a4ca08f0b35.jpg\" data-dt-img-description=\"\" data-large_image_width=\"1131\" data-large_image_height=\"1600\"><img loading=\"lazy\" decoding=\"async\" class=\" wp-image-397557 alignleft\" src=\"https:\/\/www.radiopiu.net\/wordpress\/wp-content\/uploads\/2024\/07\/558e7467-bad9-4f56-af80-7a4ca08f0b35-212x300.jpg\" alt=\"\" width=\"159\" height=\"225\" srcset=\"https:\/\/www.radiopiu.net\/wordpress\/wp-content\/uploads\/2024\/07\/558e7467-bad9-4f56-af80-7a4ca08f0b35-212x300.jpg 212w, https:\/\/www.radiopiu.net\/wordpress\/wp-content\/uploads\/2024\/07\/558e7467-bad9-4f56-af80-7a4ca08f0b35-724x1024.jpg 724w, https:\/\/www.radiopiu.net\/wordpress\/wp-content\/uploads\/2024\/07\/558e7467-bad9-4f56-af80-7a4ca08f0b35-768x1086.jpg 768w, https:\/\/www.radiopiu.net\/wordpress\/wp-content\/uploads\/2024\/07\/558e7467-bad9-4f56-af80-7a4ca08f0b35-1086x1536.jpg 1086w, https:\/\/www.radiopiu.net\/wordpress\/wp-content\/uploads\/2024\/07\/558e7467-bad9-4f56-af80-7a4ca08f0b35.jpg 1131w\" sizes=\"auto, (max-width: 159px) 100vw, 159px\" \/><\/a>VALLE DEL BIOIS<\/strong> La programmazione estiva delle Biblioteche della Valle del Biois (Falcade, Canale, Vallada) offre un ricco calendario di eventi per promuovere incontri, arricchimento culturale e informazione. La maggior parte degli operatori sono volontari, impegnati a rendere le risorse accessibili a tutti. Le biblioteche offrono prestiti gratuiti di libri e il servizio di interprestito librario. Il primo evento sar\u00e0 il concerto del cantautore Benito Madonia, il 11 luglio a Canale d\u2019Agordo, seguito dall\u2019incontro con il geologo Vittorio Fenti il 14 luglio. Queste iniziative arricchiscono la vita culturale della valle e coinvolgono la comunit\u00e0<\/p><\/blockquote>\n<audio class=\"wp-audio-shortcode\" id=\"audio-397436-16\" preload=\"none\" style=\"width: 100%;\" controls=\"controls\"><source type=\"audio\/mpeg\" src=\"https:\/\/www.radiopiu.net\/wordpress\/wp-content\/uploads\/2024\/07\/VALLE-DEL-BIOIS-GIANNI.mp3?_=16\" \/><a href=\"https:\/\/www.radiopiu.net\/wordpress\/wp-content\/uploads\/2024\/07\/VALLE-DEL-BIOIS-GIANNI.mp3\">https:\/\/www.radiopiu.net\/wordpress\/wp-content\/uploads\/2024\/07\/VALLE-DEL-BIOIS-GIANNI.mp3<\/a><\/audio>\n<p>&nbsp;<\/p>\n<p>&nbsp;<\/p>\n<p>&nbsp;<\/p>\n<hr \/>\n<p>&nbsp;<\/p>\n<h2><span style=\"color: #ff0000;\"><a class=\"dt-pswp-item\" href=\"https:\/\/www.radiopiu.net\/wordpress\/wp-content\/uploads\/2018\/09\/appuntamenti.jpeg\" data-dt-img-description=\"\" data-large_image_width=\"800\" data-large_image_height=\"100\"><img loading=\"lazy\" decoding=\"async\" class=\"wp-image-61958 size-full aligncenter\" src=\"https:\/\/www.radiopiu.net\/wordpress\/wp-content\/uploads\/2018\/09\/appuntamenti.jpeg\" alt=\"\" width=\"800\" height=\"100\" srcset=\"https:\/\/www.radiopiu.net\/wordpress\/wp-content\/uploads\/2018\/09\/appuntamenti.jpeg 800w, https:\/\/www.radiopiu.net\/wordpress\/wp-content\/uploads\/2018\/09\/appuntamenti-300x38.jpeg 300w, https:\/\/www.radiopiu.net\/wordpress\/wp-content\/uploads\/2018\/09\/appuntamenti-768x96.jpeg 768w\" sizes=\"auto, (max-width: 800px) 100vw, 800px\" \/><\/a><\/span><\/h2>\n<div>\n<div class=\"\" dir=\"auto\">\n<div id=\":r9h:\" class=\"x1iorvi4 x1pi30zi x1l90r2v x1swvt13\" data-ad-comet-preview=\"message\" data-ad-preview=\"message\">\n\n\t\t\t<style type='text\/css'>\n\t\t\t\t#gallery-1 {\n\t\t\t\t\tmargin: auto;\n\t\t\t\t}\n\t\t\t\t#gallery-1 .gallery-item {\n\t\t\t\t\tfloat: left;\n\t\t\t\t\tmargin-top: 10px;\n\t\t\t\t\ttext-align: center;\n\t\t\t\t\twidth: 14%;\n\t\t\t\t}\n\t\t\t\t#gallery-1 img {\n\t\t\t\t\tborder: 2px solid #cfcfcf;\n\t\t\t\t}\n\t\t\t\t#gallery-1 .gallery-caption {\n\t\t\t\t\tmargin-left: 0;\n\t\t\t\t}\n\t\t\t\t\/* see gallery_shortcode() in wp-includes\/media.php *\/\n\t\t\t<\/style>\n\t\t<div id='gallery-1' class='dt-gallery-container gallery galleryid-397436 gallery-columns-7 gallery-size-thumbnail'><dl class='gallery-item'>\n\t\t\t\t<dt class='gallery-icon portrait'>\n\t\t\t\t\t<a class=\"rollover rollover-zoom dt-pswp-item\" title=\"441936111_953300066803441_3663667299753321850_n\" data-dt-img-description=\"\" data-large_image_width=\"520\" data-large_image_height=\"640\"href='https:\/\/www.radiopiu.net\/wordpress\/wp-content\/uploads\/2024\/06\/441936111_953300066803441_3663667299753321850_n.jpg'><img loading=\"lazy\" decoding=\"async\" width=\"150\" height=\"150\" src=\"https:\/\/www.radiopiu.net\/wordpress\/wp-content\/uploads\/2024\/06\/441936111_953300066803441_3663667299753321850_n-150x150.jpg\" class=\"attachment-thumbnail size-thumbnail\" alt=\"\" aria-describedby=\"gallery-1-394061\" \/><\/a>\n\t\t\t\t<\/dt>\n\t\t\t\t\t<dd class='wp-caption-text gallery-caption' id='gallery-1-394061'>\n\t\t\t\t\t31 LUGLIO AL MINIERE E IN DIRETTA ALLA RADIO \n\t\t\t\t\t<\/dd><\/dl><dl class='gallery-item'>\n\t\t\t\t<dt class='gallery-icon portrait'>\n\t\t\t\t\t<a class=\"rollover rollover-zoom dt-pswp-item\" title=\"447443480_320674017756499_9025951349706877056_n\" data-dt-img-description=\"\" data-large_image_width=\"509\" data-large_image_height=\"720\"href='https:\/\/www.radiopiu.net\/wordpress\/wp-content\/uploads\/2024\/06\/447443480_320674017756499_9025951349706877056_n.jpg'><img loading=\"lazy\" decoding=\"async\" width=\"150\" height=\"150\" src=\"https:\/\/www.radiopiu.net\/wordpress\/wp-content\/uploads\/2024\/06\/447443480_320674017756499_9025951349706877056_n-150x150.jpg\" class=\"attachment-thumbnail size-thumbnail\" alt=\"\" aria-describedby=\"gallery-1-395159\" \/><\/a>\n\t\t\t\t<\/dt>\n\t\t\t\t\t<dd class='wp-caption-text gallery-caption' id='gallery-1-395159'>\n\t\t\t\t\t6 LUGLIO AGORDO BAR DELLE BOCCE\n\t\t\t\t\t<\/dd><\/dl><dl class='gallery-item'>\n\t\t\t\t<dt class='gallery-icon landscape'>\n\t\t\t\t\t<a class=\"rollover rollover-zoom dt-pswp-item\" title=\"Senza nome\" data-dt-img-description=\"\" data-large_image_width=\"1137\" data-large_image_height=\"664\"href='https:\/\/www.radiopiu.net\/wordpress\/wp-content\/uploads\/2024\/07\/Senza-nome-17.png'><img loading=\"lazy\" decoding=\"async\" width=\"150\" height=\"150\" src=\"https:\/\/www.radiopiu.net\/wordpress\/wp-content\/uploads\/2024\/07\/Senza-nome-17-150x150.png\" class=\"attachment-thumbnail size-thumbnail\" alt=\"\" aria-describedby=\"gallery-1-397539\" \/><\/a>\n\t\t\t\t<\/dt>\n\t\t\t\t\t<dd class='wp-caption-text gallery-caption' id='gallery-1-397539'>\n\t\t\t\t\t6 LUGLIO RIVAMONTE\n\t\t\t\t\t<\/dd><\/dl><dl class='gallery-item'>\n\t\t\t\t<dt class='gallery-icon portrait'>\n\t\t\t\t\t<a class=\"rollover rollover-zoom dt-pswp-item\" title=\"6611bb69-29ce-483e-ba61-1b39542903cc\" data-dt-img-description=\"\" data-large_image_width=\"1032\" data-large_image_height=\"1473\"href='https:\/\/www.radiopiu.net\/wordpress\/wp-content\/uploads\/2024\/06\/6611bb69-29ce-483e-ba61-1b39542903cc.jpg'><img loading=\"lazy\" decoding=\"async\" width=\"150\" height=\"150\" src=\"https:\/\/www.radiopiu.net\/wordpress\/wp-content\/uploads\/2024\/06\/6611bb69-29ce-483e-ba61-1b39542903cc-150x150.jpg\" class=\"attachment-thumbnail size-thumbnail\" alt=\"\" aria-describedby=\"gallery-1-396645\" \/><\/a>\n\t\t\t\t<\/dt>\n\t\t\t\t\t<dd class='wp-caption-text gallery-caption' id='gallery-1-396645'>\n\t\t\t\t\t12 LUGLIO AGORDO BAR DELLE BOCCE\n\t\t\t\t\t<\/dd><\/dl><dl class='gallery-item'>\n\t\t\t\t<dt class='gallery-icon portrait'>\n\t\t\t\t\t<a class=\"rollover rollover-zoom dt-pswp-item\" title=\"29cc183b-9830-4d50-8ac6-cbf3c300cc4f\" data-dt-img-description=\"\" data-large_image_width=\"1087\" data-large_image_height=\"1600\"href='https:\/\/www.radiopiu.net\/wordpress\/wp-content\/uploads\/2024\/06\/29cc183b-9830-4d50-8ac6-cbf3c300cc4f.jpg'><img loading=\"lazy\" decoding=\"async\" width=\"150\" height=\"150\" src=\"https:\/\/www.radiopiu.net\/wordpress\/wp-content\/uploads\/2024\/06\/29cc183b-9830-4d50-8ac6-cbf3c300cc4f-150x150.jpg\" class=\"attachment-thumbnail size-thumbnail\" alt=\"\" aria-describedby=\"gallery-1-396857\" \/><\/a>\n\t\t\t\t<\/dt>\n\t\t\t\t\t<dd class='wp-caption-text gallery-caption' id='gallery-1-396857'>\n\t\t\t\t\t13 LUGLIO&#8230; DAI ROMANIIIIIIIIIII\n\t\t\t\t\t<\/dd><\/dl><dl class='gallery-item'>\n\t\t\t\t<dt class='gallery-icon portrait'>\n\t\t\t\t\t<a class=\"rollover rollover-zoom dt-pswp-item\" title=\"40970b49-6296-4dc3-93d6-aa5934e19f37\" data-dt-img-description=\"\" data-large_image_width=\"1131\" data-large_image_height=\"1600\"href='https:\/\/www.radiopiu.net\/wordpress\/wp-content\/uploads\/2024\/06\/40970b49-6296-4dc3-93d6-aa5934e19f37.jpg'><img loading=\"lazy\" decoding=\"async\" width=\"150\" height=\"150\" src=\"https:\/\/www.radiopiu.net\/wordpress\/wp-content\/uploads\/2024\/06\/40970b49-6296-4dc3-93d6-aa5934e19f37-150x150.jpg\" class=\"attachment-thumbnail size-thumbnail\" alt=\"\" aria-describedby=\"gallery-1-396648\" \/><\/a>\n\t\t\t\t<\/dt>\n\t\t\t\t\t<dd class='wp-caption-text gallery-caption' id='gallery-1-396648'>\n\t\t\t\t\t14 LUGLIO IL PROFESSORE! PRESENTA IL LIBRO\n\t\t\t\t\t<\/dd><\/dl><dl class='gallery-item'>\n\t\t\t\t<dt class='gallery-icon portrait'>\n\t\t\t\t\t<a class=\"rollover rollover-zoom dt-pswp-item\" title=\"6aaaad58-800e-4990-a3b1-996dabdbe745\" data-dt-img-description=\"\" data-large_image_width=\"1131\" data-large_image_height=\"1600\"href='https:\/\/www.radiopiu.net\/wordpress\/wp-content\/uploads\/2024\/07\/6aaaad58-800e-4990-a3b1-996dabdbe745.jpg'><img loading=\"lazy\" decoding=\"async\" width=\"150\" height=\"150\" src=\"https:\/\/www.radiopiu.net\/wordpress\/wp-content\/uploads\/2024\/07\/6aaaad58-800e-4990-a3b1-996dabdbe745-150x150.jpg\" class=\"attachment-thumbnail size-thumbnail\" alt=\"\" aria-describedby=\"gallery-1-397565\" \/><\/a>\n\t\t\t\t<\/dt>\n\t\t\t\t\t<dd class='wp-caption-text gallery-caption' id='gallery-1-397565'>\n\t\t\t\t\tDAL 20 LUGLIO A VOLTAGO\n\t\t\t\t\t<\/dd><\/dl><br style=\"clear: both\" \/><dl class='gallery-item'>\n\t\t\t\t<dt class='gallery-icon landscape'>\n\t\t\t\t\t<a class=\"rollover rollover-zoom dt-pswp-item\" title=\"d5b0b734-6816-4395-8e21-976a97a70deb\" data-dt-img-description=\"\" data-large_image_width=\"1080\" data-large_image_height=\"1080\"href='https:\/\/www.radiopiu.net\/wordpress\/wp-content\/uploads\/2024\/06\/d5b0b734-6816-4395-8e21-976a97a70deb.jpg'><img loading=\"lazy\" decoding=\"async\" width=\"150\" height=\"150\" src=\"https:\/\/www.radiopiu.net\/wordpress\/wp-content\/uploads\/2024\/06\/d5b0b734-6816-4395-8e21-976a97a70deb-150x150.jpg\" class=\"attachment-thumbnail size-thumbnail\" alt=\"\" aria-describedby=\"gallery-1-396287\" srcset=\"https:\/\/www.radiopiu.net\/wordpress\/wp-content\/uploads\/2024\/06\/d5b0b734-6816-4395-8e21-976a97a70deb-150x150.jpg 150w, https:\/\/www.radiopiu.net\/wordpress\/wp-content\/uploads\/2024\/06\/d5b0b734-6816-4395-8e21-976a97a70deb-300x300.jpg 300w, https:\/\/www.radiopiu.net\/wordpress\/wp-content\/uploads\/2024\/06\/d5b0b734-6816-4395-8e21-976a97a70deb-1024x1024.jpg 1024w, https:\/\/www.radiopiu.net\/wordpress\/wp-content\/uploads\/2024\/06\/d5b0b734-6816-4395-8e21-976a97a70deb-768x768.jpg 768w, https:\/\/www.radiopiu.net\/wordpress\/wp-content\/uploads\/2024\/06\/d5b0b734-6816-4395-8e21-976a97a70deb.jpg 1080w\" sizes=\"auto, (max-width: 150px) 100vw, 150px\" \/><\/a>\n\t\t\t\t<\/dt>\n\t\t\t\t\t<dd class='wp-caption-text gallery-caption' id='gallery-1-396287'>\n\t\t\t\t\t25 LUGLIO A VOLTAGO\n\t\t\t\t\t<\/dd><\/dl><dl class='gallery-item'>\n\t\t\t\t<dt class='gallery-icon portrait'>\n\t\t\t\t\t<a class=\"rollover rollover-zoom dt-pswp-item\" title=\"f84567d6-a1d2-47de-9596-ef8505986952\" data-dt-img-description=\"\" data-large_image_width=\"745\" data-large_image_height=\"1073\"href='https:\/\/www.radiopiu.net\/wordpress\/wp-content\/uploads\/2024\/06\/f84567d6-a1d2-47de-9596-ef8505986952.jpg'><img loading=\"lazy\" decoding=\"async\" width=\"150\" height=\"150\" src=\"https:\/\/www.radiopiu.net\/wordpress\/wp-content\/uploads\/2024\/06\/f84567d6-a1d2-47de-9596-ef8505986952-150x150.jpg\" class=\"attachment-thumbnail size-thumbnail\" alt=\"\" aria-describedby=\"gallery-1-396466\" \/><\/a>\n\t\t\t\t<\/dt>\n\t\t\t\t\t<dd class='wp-caption-text gallery-caption' id='gallery-1-396466'>\n\t\t\t\t\tSUMMER GREEN VOLLEY AGORDINO\n\t\t\t\t\t<\/dd><\/dl><dl class='gallery-item'>\n\t\t\t\t<dt class='gallery-icon landscape'>\n\t\t\t\t\t<a class=\"rollover rollover-zoom dt-pswp-item\" title=\"449189900_484613757290091_1574838248887562981_n\" data-dt-img-description=\"\" data-large_image_width=\"960\" data-large_image_height=\"540\"href='https:\/\/www.radiopiu.net\/wordpress\/wp-content\/uploads\/2024\/06\/449189900_484613757290091_1574838248887562981_n.jpg'><img loading=\"lazy\" decoding=\"async\" width=\"150\" height=\"150\" src=\"https:\/\/www.radiopiu.net\/wordpress\/wp-content\/uploads\/2024\/06\/449189900_484613757290091_1574838248887562981_n-150x150.jpg\" class=\"attachment-thumbnail size-thumbnail\" alt=\"\" aria-describedby=\"gallery-1-396872\" \/><\/a>\n\t\t\t\t<\/dt>\n\t\t\t\t\t<dd class='wp-caption-text gallery-caption' id='gallery-1-396872'>\n\t\t\t\t\t A CANALE D&#8217;AGORDO VALLE DI GARES\n\t\t\t\t\t<\/dd><\/dl><dl class='gallery-item'>\n\t\t\t\t<dt class='gallery-icon portrait'>\n\t\t\t\t\t<a class=\"rollover rollover-zoom dt-pswp-item\" title=\"A VOLANTINO A4 def\" data-dt-img-description=\"\" data-large_image_width=\"1240\" data-large_image_height=\"1753\"href='https:\/\/www.radiopiu.net\/wordpress\/wp-content\/uploads\/2024\/06\/A-VOLANTINO-A4-def.jpg'><img loading=\"lazy\" decoding=\"async\" width=\"150\" height=\"150\" src=\"https:\/\/www.radiopiu.net\/wordpress\/wp-content\/uploads\/2024\/06\/A-VOLANTINO-A4-def-150x150.jpg\" class=\"attachment-thumbnail size-thumbnail\" alt=\"\" aria-describedby=\"gallery-1-397138\" \/><\/a>\n\t\t\t\t<\/dt>\n\t\t\t\t\t<dd class='wp-caption-text gallery-caption' id='gallery-1-397138'>\n\t\t\t\t\tVENERDI&#8217; A BELLLUNO\n\t\t\t\t\t<\/dd><\/dl><dl class='gallery-item'>\n\t\t\t\t<dt class='gallery-icon portrait'>\n\t\t\t\t\t<a class=\"rollover rollover-zoom dt-pswp-item\" title=\"original-84F78277-839A-4868-BE6A-5A10A5605E21\" data-dt-img-description=\"\" data-large_image_width=\"1754\" data-large_image_height=\"2480\"href='https:\/\/www.radiopiu.net\/wordpress\/wp-content\/uploads\/2024\/07\/original-84F78277-839A-4868-BE6A-5A10A5605E21.jpeg'><img loading=\"lazy\" decoding=\"async\" width=\"150\" height=\"150\" src=\"https:\/\/www.radiopiu.net\/wordpress\/wp-content\/uploads\/2024\/07\/original-84F78277-839A-4868-BE6A-5A10A5605E21-150x150.jpeg\" class=\"attachment-thumbnail size-thumbnail\" alt=\"\" aria-describedby=\"gallery-1-397532\" \/><\/a>\n\t\t\t\t<\/dt>\n\t\t\t\t\t<dd class='wp-caption-text gallery-caption' id='gallery-1-397532'>\n\t\t\t\t\tHOTEL STELLA ALPINA ESTATE D&#8217;EVENTI \n\t\t\t\t\t<\/dd><\/dl><dl class='gallery-item'>\n\t\t\t\t<dt class='gallery-icon portrait'>\n\t\t\t\t\t<a class=\"rollover rollover-zoom dt-pswp-item\" title=\"8b2155a6-d732-4852-a73f-6ad1b59fac91\" data-dt-img-description=\"\" data-large_image_width=\"1131\" data-large_image_height=\"1600\"href='https:\/\/www.radiopiu.net\/wordpress\/wp-content\/uploads\/2024\/07\/8b2155a6-d732-4852-a73f-6ad1b59fac91-1.jpg'><img loading=\"lazy\" decoding=\"async\" width=\"150\" height=\"150\" src=\"https:\/\/www.radiopiu.net\/wordpress\/wp-content\/uploads\/2024\/07\/8b2155a6-d732-4852-a73f-6ad1b59fac91-1-150x150.jpg\" class=\"attachment-thumbnail size-thumbnail\" alt=\"\" aria-describedby=\"gallery-1-397366\" \/><\/a>\n\t\t\t\t<\/dt>\n\t\t\t\t\t<dd class='wp-caption-text gallery-caption' id='gallery-1-397366'>\n\t\t\t\t\tASSOCIAZIONE BORGO SOTTOGUDA \n\t\t\t\t\t<\/dd><\/dl>\n\t\t\t\t<br style='clear: both' \/>\n\t\t\t<\/div>\n\n<p>&nbsp;<\/p>\n<p><strong><a class=\"dt-pswp-item\" href=\"https:\/\/www.radiopiu.net\/wordpress\/wp-content\/uploads\/2024\/07\/449200672_122158132022160070_1155254120683685018_n.jpg\" data-dt-img-description=\"\" data-large_image_width=\"1080\" data-large_image_height=\"1080\"><img loading=\"lazy\" decoding=\"async\" class=\" wp-image-397238 alignleft\" src=\"https:\/\/www.radiopiu.net\/wordpress\/wp-content\/uploads\/2024\/07\/449200672_122158132022160070_1155254120683685018_n-300x300.jpg\" alt=\"\" width=\"113\" height=\"113\" srcset=\"https:\/\/www.radiopiu.net\/wordpress\/wp-content\/uploads\/2024\/07\/449200672_122158132022160070_1155254120683685018_n-300x300.jpg 300w, https:\/\/www.radiopiu.net\/wordpress\/wp-content\/uploads\/2024\/07\/449200672_122158132022160070_1155254120683685018_n-1024x1024.jpg 1024w, https:\/\/www.radiopiu.net\/wordpress\/wp-content\/uploads\/2024\/07\/449200672_122158132022160070_1155254120683685018_n-150x150.jpg 150w, https:\/\/www.radiopiu.net\/wordpress\/wp-content\/uploads\/2024\/07\/449200672_122158132022160070_1155254120683685018_n-768x768.jpg 768w, https:\/\/www.radiopiu.net\/wordpress\/wp-content\/uploads\/2024\/07\/449200672_122158132022160070_1155254120683685018_n.jpg 1080w\" sizes=\"auto, (max-width: 113px) 100vw, 113px\" \/><\/a>FALCADE<\/strong> Con il mese di luglio tornano le proiezioni al Cinema Dolomiti di Falcade. Inizio con il botto con due fine settimane dedicate al film d&#8217;animazione Disney Pixar &#8220;Inside Out 2&#8221;. Cosa accade quando la ragazzina protagonista del primo INSIDE OUT diventa adolescente? Alle emozioni quali Gioia, Rabbia, Tristezza, Paura e Disgusto si aggiungono Ennui, Invidia, Imbarazzo e soprattutto Ansia: nulla sar\u00e0 pi\u00f9 uguale a prima! Spettacoli alle 17 e alle 21:15 sia sabato che domenica. Programmazione il 6, 7, 13 e 14 luglio.<\/p>\n<p>&nbsp;<\/p>\n<p><strong>TRICHIANA<\/strong>\u00a0 Sabato alle 20.30 nella chiesa arcipretale concerto del Coro Polifonico di Trichiana diretto da <a class=\"dt-pswp-item\" href=\"https:\/\/www.radiopiu.net\/wordpress\/wp-content\/uploads\/2024\/07\/Coro-ungherese.jpg\" data-dt-img-description=\"\" data-large_image_width=\"1600\" data-large_image_height=\"747\"><img loading=\"lazy\" decoding=\"async\" class=\"size-medium wp-image-397541 alignleft\" src=\"https:\/\/www.radiopiu.net\/wordpress\/wp-content\/uploads\/2024\/07\/Coro-ungherese-300x140.jpg\" alt=\"\" width=\"300\" height=\"140\" srcset=\"https:\/\/www.radiopiu.net\/wordpress\/wp-content\/uploads\/2024\/07\/Coro-ungherese-300x140.jpg 300w, https:\/\/www.radiopiu.net\/wordpress\/wp-content\/uploads\/2024\/07\/Coro-ungherese-1024x478.jpg 1024w, https:\/\/www.radiopiu.net\/wordpress\/wp-content\/uploads\/2024\/07\/Coro-ungherese-768x359.jpg 768w, https:\/\/www.radiopiu.net\/wordpress\/wp-content\/uploads\/2024\/07\/Coro-ungherese-1536x717.jpg 1536w, https:\/\/www.radiopiu.net\/wordpress\/wp-content\/uploads\/2024\/07\/Coro-ungherese.jpg 1600w\" sizes=\"auto, (max-width: 300px) 100vw, 300px\" \/><\/a>Stefano Bittante,\u00a0 Schola Cantorum trichianese diretta da Federico Cortina, Coro giovanile SingOverSound di Vittorio Veneto diretto da Marco Simeoni e Cantemus Children&#8217;s Choir\u00a0 diretto da Denes Szabo (FOTO) Ingresso libero<\/p>\n<\/div>\n<\/div>\n<\/div>\n<p><strong>BELLUNO\u00a0<\/strong>Oggi la Biblioteca delle migrazioni \u201cDino Buzzati\u201d organizza una serata a ingresso libero dedicata alla scoperta delle meraviglie della Colombia e alle radici bellunesi che vi si intrecciano. Questo evento offrir\u00e0 un&#8217;opportunit\u00e0 unica per esplorare la ricca cultura colombiana e per celebrare le connessioni storiche tra Belluno e il paese sudamericano.<\/p>\n<p><b>RIVAMONTE <\/b>Elo ncora vera.. di e con Mario, Bruno e la Valbelluna Fold Band. A Rivamonte, casa della Giovent\u00f9 sabato alle 20.30<\/p>\n<p>&nbsp;<\/p>\n<h2><span style=\"color: #ff0000;\">PROSSIMAMENTE\u00a0<\/span><\/h2>\n<p><strong>CANALE D&#8217;AGORDO\u00a0<\/strong> Giovedi 11 luglio alle 20.30 in sala Emigranti concerto Luglio Incanto con Benito Madonia. Ingresso libero, organizzazione biblioteche Valle del Biois.<\/p>\n<p><strong>CANALE D&#8217;AGORDO<\/strong> Domenica 14 luglio alle 17 al Bar Colmean presentazione del libro Panorami e Curiosit\u00e0 geologiche con il prof. Vittorio Fenti, brindisi conclusivo. Con Union Ladina Val Biois, Amici dei Minerarim Biblioteche Valle del Biois.<\/p>\n<p>&nbsp;<\/p>\n<p>&nbsp;<\/p>\n<hr \/>\n<p>&nbsp;<\/p>\n<p><a class=\"dt-pswp-item\" href=\"https:\/\/www.radiopiu.net\/wordpress\/wp-content\/uploads\/2018\/09\/viabilita.jpeg\" data-dt-img-description=\"\" data-large_image_width=\"800\" data-large_image_height=\"100\"><img loading=\"lazy\" decoding=\"async\" class=\"aligncenter wp-image-61954 size-full\" src=\"https:\/\/www.radiopiu.net\/wordpress\/wp-content\/uploads\/2018\/09\/viabilita.jpeg\" alt=\"\" width=\"800\" height=\"100\" srcset=\"https:\/\/www.radiopiu.net\/wordpress\/wp-content\/uploads\/2018\/09\/viabilita.jpeg 800w, https:\/\/www.radiopiu.net\/wordpress\/wp-content\/uploads\/2018\/09\/viabilita-300x38.jpeg 300w, https:\/\/www.radiopiu.net\/wordpress\/wp-content\/uploads\/2018\/09\/viabilita-768x96.jpeg 768w\" sizes=\"auto, (max-width: 800px) 100vw, 800px\" \/><\/a><\/p>\n<p>&nbsp;<\/p>\n<p><a class=\"dt-pswp-item\" href=\"https:\/\/www.radiopiu.net\/wordpress\/wp-content\/uploads\/2023\/12\/botol-car-service.jpg\" data-dt-img-description=\"\" data-large_image_width=\"600\" data-large_image_height=\"600\"><img loading=\"lazy\" decoding=\"async\" class=\"size-medium wp-image-367044 aligncenter\" src=\"https:\/\/www.radiopiu.net\/wordpress\/wp-content\/uploads\/2023\/12\/botol-car-service-300x300.jpg\" alt=\"\" width=\"300\" height=\"300\" srcset=\"https:\/\/www.radiopiu.net\/wordpress\/wp-content\/uploads\/2023\/12\/botol-car-service-300x300.jpg 300w, https:\/\/www.radiopiu.net\/wordpress\/wp-content\/uploads\/2023\/12\/botol-car-service-150x150.jpg 150w, https:\/\/www.radiopiu.net\/wordpress\/wp-content\/uploads\/2023\/12\/botol-car-service.jpg 600w\" sizes=\"auto, (max-width: 300px) 100vw, 300px\" \/><\/a><\/p>\n<p>&nbsp;<\/p>\n<p>&nbsp;<\/p>\n<h1>BOLLETTINO QUOTIDIANO, CLICCA QUI<\/h1>\n<blockquote class=\"wp-embedded-content\" data-secret=\"iRjCdgK2Yd\"><p><a href=\"https:\/\/www.radiopiu.net\/wordpress\/viabilita-2\/\">viabilita<\/a><\/p><\/blockquote>\n<p><iframe loading=\"lazy\" class=\"wp-embedded-content\" sandbox=\"allow-scripts\" security=\"restricted\" style=\"position: absolute; clip: rect(1px, 1px, 1px, 1px);\" title=\"&#8220;viabilita&#8221; &#8212; Radio Pi\u00f9\" src=\"https:\/\/www.radiopiu.net\/wordpress\/viabilita-2\/embed\/#?secret=WXFUjDoZsO#?secret=iRjCdgK2Yd\" data-secret=\"iRjCdgK2Yd\" width=\"600\" height=\"338\" frameborder=\"0\" marginwidth=\"0\" marginheight=\"0\" scrolling=\"no\"><\/iframe><\/p>\n<p>&nbsp;<\/p>\n<p>&nbsp;<\/p>\n<hr \/>\n<p>&nbsp;<\/p>\n<p><a class=\"dt-pswp-item\" href=\"https:\/\/www.radiopiu.net\/wordpress\/wp-content\/uploads\/2018\/09\/WhatsApp-Image-2018-09-20-at-16.04.06.jpeg\" data-dt-img-description=\"\" data-large_image_width=\"800\" data-large_image_height=\"100\"><img loading=\"lazy\" decoding=\"async\" class=\"wp-image-61378 size-full aligncenter\" src=\"https:\/\/www.radiopiu.net\/wordpress\/wp-content\/uploads\/2018\/09\/WhatsApp-Image-2018-09-20-at-16.04.06.jpeg\" alt=\"\" width=\"800\" height=\"100\" srcset=\"https:\/\/www.radiopiu.net\/wordpress\/wp-content\/uploads\/2018\/09\/WhatsApp-Image-2018-09-20-at-16.04.06.jpeg 800w, https:\/\/www.radiopiu.net\/wordpress\/wp-content\/uploads\/2018\/09\/WhatsApp-Image-2018-09-20-at-16.04.06-300x38.jpeg 300w, https:\/\/www.radiopiu.net\/wordpress\/wp-content\/uploads\/2018\/09\/WhatsApp-Image-2018-09-20-at-16.04.06-768x96.jpeg 768w\" sizes=\"auto, (max-width: 800px) 100vw, 800px\" \/><\/a><\/p>\n<p><center><\/center><center><\/center><center><\/center><center><\/center><center><\/center><center><\/center>&nbsp;<\/p>\n<p><b>OGGI <\/b>Tempo in parte instabile, con cielo spesso nuvoloso o molto nuvoloso e fenomeni che potranno verificarsi tra la notte ed il mattino sulle Prealpi ed a cavallo tra la tarda mattinata e la sera sulle Dolomiti. In ogni caso nel corso del pomeriggio esaurimento dei fenomeni ed attenuazione della nuvolosit\u00e0 sulle Prealpi occidentali, mentre l&#8217;instabilit\u00e0 tender\u00e0 a perdurare sul Bellunese.<br \/>\n<strong>Precipitazioni.<\/strong> Alta probabilit\u00e0 di rovesci e temporali, a tratti diffusi, e localmente intensi prima che ci sia un attenuazione dei fenomeni, gi\u00e0 al pomeriggio sui settori occidentale, mentre l&#8217;instabilit\u00e0 potrebbe aumentare sul Bellunese per il passaggio di una discontnuit\u00e0 tra il tardo pomeriggio e la prima serata.<br \/>\n<strong>Temperature.<\/strong> In generale lieve calo, eccetto rialzo delle minime nelle valli.<\/p>\n<hr \/>\n<p><b>DOMANI <\/b>Tempo in miglioramento, da soleggiato al mattino a parzialmente soleggiato al pomeriggio per modesta o localmente moderata attivit\u00e0 cumuliforme durante le ore pi\u00f9 calde, ma con bassa probabilit\u00e0 di fenomeni convettivi.<br \/>\n<strong>Precipitazioni.<\/strong> Generalmente assenti , anche se non si potr\u00e0 escludere totalmente qualche isolato piovasco sulle Prealpi, ma saranno eccezioni in un contesto assai pi\u00f9 stabile rispetto ai giorni passati.<br \/>\n<strong>Temperature.<\/strong>\u00a0Calo delle temperature minime, soprattutto per irraggiamento notturno, e rialzo delle massime a tutte le quote.<\/p>\n<hr \/>\n<p><strong>VENERDI<\/strong> Tempo decisamente migliore ed in prevalenza soleggiato, nonostante una leggera attivit\u00e0 cumuliforme durante le ore pi\u00f9 calde, pi\u00f9 modesta sulle Dolomiti rispetto alle Prealpi. Temperature in leggera ripresa.<\/p>\n<hr \/>\n<p><strong>SABATO<\/strong>\u00a0Tempo in prevalenza soleggiato, nonostante una leggera attivit\u00e0 cumuliforme durante le ore pi\u00f9 calde, pi\u00f9 modesta sulle Dolomiti rispetto alle Prealpi. Temperature in ulteriore rialzo con contesto prettamente estivo, anche caldo nei fondovalle prealpini.<\/p>\n<p>&nbsp;<\/p>\n<hr \/>\n<p>&nbsp;<\/p>\n<p><a class=\"dt-pswp-item\" href=\"https:\/\/www.radiopiu.net\/wordpress\/wp-content\/uploads\/2018\/09\/sport.jpg\" data-dt-img-description=\"\" data-large_image_width=\"800\" data-large_image_height=\"100\"><img loading=\"lazy\" decoding=\"async\" class=\"aligncenter wp-image-60761 size-full\" src=\"https:\/\/www.radiopiu.net\/wordpress\/wp-content\/uploads\/2018\/09\/sport.jpg\" alt=\"\" width=\"800\" height=\"100\" srcset=\"https:\/\/www.radiopiu.net\/wordpress\/wp-content\/uploads\/2018\/09\/sport.jpg 800w, https:\/\/www.radiopiu.net\/wordpress\/wp-content\/uploads\/2018\/09\/sport-300x38.jpg 300w, https:\/\/www.radiopiu.net\/wordpress\/wp-content\/uploads\/2018\/09\/sport-768x96.jpg 768w\" sizes=\"auto, (max-width: 800px) 100vw, 800px\" \/><\/a><\/p>\n<p>&nbsp;<\/p>\n<p><span style=\"color: #0000ff;\"><strong>CALCIO<\/strong><\/span><\/p>\n<blockquote>\n<h3>CAMPIONATO AGORDINO DI CALCIO: OGGI TURNO INFRASETTIMANALE PER IL GIRONE A<\/h3>\n<\/blockquote>\n<p><strong><a class=\"dt-pswp-item\" href=\"https:\/\/www.radiopiu.net\/wordpress\/wp-content\/uploads\/2023\/04\/calcio-dangolo-2023.jpg\" data-dt-img-description=\"\" data-large_image_width=\"1920\" data-large_image_height=\"1270\"><img loading=\"lazy\" decoding=\"async\" class=\" wp-image-330971 alignleft\" src=\"https:\/\/www.radiopiu.net\/wordpress\/wp-content\/uploads\/2023\/04\/calcio-dangolo-2023-300x198.jpg\" alt=\"\" width=\"183\" height=\"121\" srcset=\"https:\/\/www.radiopiu.net\/wordpress\/wp-content\/uploads\/2023\/04\/calcio-dangolo-2023-300x198.jpg 300w, https:\/\/www.radiopiu.net\/wordpress\/wp-content\/uploads\/2023\/04\/calcio-dangolo-2023-1024x677.jpg 1024w, https:\/\/www.radiopiu.net\/wordpress\/wp-content\/uploads\/2023\/04\/calcio-dangolo-2023-768x508.jpg 768w, https:\/\/www.radiopiu.net\/wordpress\/wp-content\/uploads\/2023\/04\/calcio-dangolo-2023-1536x1016.jpg 1536w, https:\/\/www.radiopiu.net\/wordpress\/wp-content\/uploads\/2023\/04\/calcio-dangolo-2023.jpg 1920w\" sizes=\"auto, (max-width: 183px) 100vw, 183px\" \/><\/a>DI MARCO GAZ<\/strong><\/p>\n<p><strong>REDAZIONE<\/strong> Si giocano questa sera le partite valide per la sesta giornata del girone A del Campionato Agordino di calcio, Memorial Attilio Moretti. Una penultima giornata che vede la capolista Vallada ai box per rispettare il turno di riposo. Tre le partite in programma, tutte alle 20:30. La sfida pi\u00f9 interessante si gioca al \u201cBernaboa\u201d di La Valle dove i padroni di casa ospitano il Caprile. Lavallesi che cercano punti preziosi per ambire ad una qualificazione diretta ai quarti ma di fronte avranno una squadra che lotter\u00e0 fino alla fine per aggiudicarsi la vittoria e la qualificazione matematica alla seconda fase che conta. Al \u201cCesare Scatena\u201d di Taibon arriva il Rivamonte. Taiboner vogliosi di vittoria per una posizione ideale ai miniottavi e Rivamonte che tenter\u00e0 di anticipare la qualificazione alla fase finale per evitare di giocarsi il tutto per tutto nello scontro diretto con l\u2019Alleghe domenica. Infine, a Boscoverde di Rocca Pietore la sfida tra Alleghe e Fodom con gli orsetti che avranno l\u2019ultima occasione di racimolare punti visto che nel fine settimana rispetteranno il riposo.<\/p>\n<p><strong>PROSSIMO TURNO:<\/strong> Girone A: oggi alle 20:30 Taibon \u2013 Rivamonte, Alleghe \u2013 Fodom, La Valle \u2013 Caprile. Riposa il Vallada.<\/p>\n<p><strong>CLASSIFICA:<\/strong> Girone A: Vallada 13, Caprile* 8, La Valle* 7, Taibon* 6, Fodom 5, Rivamonte* 1, Alleghe* 0 (* una partita in meno)<\/p>\n<p>&nbsp;<\/p>\n<p><span style=\"color: #0000ff;\"><strong>CORSA IN MONTAGNA<\/strong><\/span><\/p>\n<blockquote>\n<h3>PROROGATE LE ISCRIZIONI ALLA TRANSCIVETTA 2024<\/h3>\n<\/blockquote>\n<p><strong><a class=\"dt-pswp-item\" href=\"https:\/\/www.radiopiu.net\/wordpress\/wp-content\/uploads\/2024\/07\/transcivetta-2023-scaled.jpg\" data-dt-img-description=\"\" data-large_image_width=\"2560\" data-large_image_height=\"1707\"><img loading=\"lazy\" decoding=\"async\" class=\" wp-image-397462 alignleft\" src=\"https:\/\/www.radiopiu.net\/wordpress\/wp-content\/uploads\/2024\/07\/transcivetta-2023-300x200.jpg\" alt=\"\" width=\"137\" height=\"91\" srcset=\"https:\/\/www.radiopiu.net\/wordpress\/wp-content\/uploads\/2024\/07\/transcivetta-2023-300x200.jpg 300w, https:\/\/www.radiopiu.net\/wordpress\/wp-content\/uploads\/2024\/07\/transcivetta-2023-1024x683.jpg 1024w, https:\/\/www.radiopiu.net\/wordpress\/wp-content\/uploads\/2024\/07\/transcivetta-2023-768x512.jpg 768w, https:\/\/www.radiopiu.net\/wordpress\/wp-content\/uploads\/2024\/07\/transcivetta-2023-1536x1024.jpg 1536w, https:\/\/www.radiopiu.net\/wordpress\/wp-content\/uploads\/2024\/07\/transcivetta-2023-2048x1366.jpg 2048w\" sizes=\"auto, (max-width: 137px) 100vw, 137px\" \/><\/a>ALLEGHE <\/strong>Lo staff organizzativo di Transcivetta Karpos, la storica gara di corsa in montagna a coppie che si svolge sulle Dolomiti Bellunesi, informa che il termine ultimo per iscriversi \u00e8 stato prorogato al 10 luglio. Le iscrizioni si possono perfezionare sul sito ufficiale della manifestazione, <a href=\"http:\/\/www.transcivetta.com\">www.transcivetta.com<\/a>. Sar\u00e0 possibile partecipare in maniera competitiva, e in questo caso bisogner\u00e0 essere in possesso del certificato medico agonistico, oppure in maniera non competitiva. In quest\u2019ultimo caso sar\u00e0 sufficiente un certificato medico non agonistico. Il costo dell\u2019iscrizione \u00e8 fissato in 100 euro a coppia. Transcivetta Karpos 2024 si svolger\u00e0 domenica 21 luglio, con partenza da Listolade di Taibon Agordino e arrivo ad Alleghe. I chilometri di sviluppo sono 23,5, il dislivello di 1950 metri. Per approfondimenti: <a href=\"http:\/\/www.transcivetta.com\">www.transcivetta.com<\/a><\/p>\n<p>&nbsp;<\/p>\n<p><span style=\"color: #0000ff;\"><strong>BASKET<\/strong><\/span><\/p>\n<blockquote>\n<h3><a class=\"dt-pswp-item\" href=\"https:\/\/www.radiopiu.net\/wordpress\/wp-content\/uploads\/2024\/07\/Maretto-Italia.jpg\" data-dt-img-description=\"\" data-large_image_width=\"1200\" data-large_image_height=\"2131\"><img loading=\"lazy\" decoding=\"async\" class=\" wp-image-397497 alignleft\" src=\"https:\/\/www.radiopiu.net\/wordpress\/wp-content\/uploads\/2024\/07\/Maretto-Italia-169x300.jpg\" alt=\"\" width=\"73\" height=\"130\" srcset=\"https:\/\/www.radiopiu.net\/wordpress\/wp-content\/uploads\/2024\/07\/Maretto-Italia-169x300.jpg 169w, https:\/\/www.radiopiu.net\/wordpress\/wp-content\/uploads\/2024\/07\/Maretto-Italia-577x1024.jpg 577w, https:\/\/www.radiopiu.net\/wordpress\/wp-content\/uploads\/2024\/07\/Maretto-Italia-768x1364.jpg 768w, https:\/\/www.radiopiu.net\/wordpress\/wp-content\/uploads\/2024\/07\/Maretto-Italia-865x1536.jpg 865w, https:\/\/www.radiopiu.net\/wordpress\/wp-content\/uploads\/2024\/07\/Maretto-Italia-1153x2048.jpg 1153w, https:\/\/www.radiopiu.net\/wordpress\/wp-content\/uploads\/2024\/07\/Maretto-Italia.jpg 1200w\" sizes=\"auto, (max-width: 73px) 100vw, 73px\" \/><\/a>AL VIA IL RITIRO IN CADORE DELLA NAZIONALE UNDER 20DI BASKET<\/h3>\n<\/blockquote>\n<p>Luned\u00ec 1 luglio ha avuto inizio il raduno della Nazionale under 20 di basket maschile presso il Park Hotel Bellavista di Calalzo di Cadore (BL). Gli azzurrini, guidati dal coach Galbiati, si trovano tra le montagne del Cadore per prepararsi al 22\u00b0 Torneo Internazionale U20 \u201cMemorial Vigilio De Silvestro \u2013 Trofeo Bepi Meneghin\u201d e agli Europei di Gdynia in Polonia, che si terranno dal 13 al 21 luglio. Gli allenamenti culmineranno con l&#8217;esordio della Nazionale al Pala Cian Toma di Domegge di Cadore (BL) contro la Slovenia, venerd\u00ec 5 luglio alle 20.45. Il torneo si concluder\u00e0 domenica 7 luglio.<\/p>\n<p>&nbsp;<\/p>\n<p>&nbsp;<\/p>\n<hr \/>\n<p>&nbsp;<\/p>\n<h2><span style=\"color: #00ff00;\">GOODBYE BY BICICLE&#8230;UN VIAGGIO DALL&#8217;INDIA A SEREN DEL GRAPPA IN BICICLETTA<\/span><\/h2>\n<p><span style=\"color: #ff0000;\"><strong>PUNTATA 20 &#8211; DALLA CINA AD ISTANBUL<\/strong><\/span><\/p>\n<audio class=\"wp-audio-shortcode\" id=\"audio-397436-17\" preload=\"none\" style=\"width: 100%;\" controls=\"controls\"><source type=\"audio\/mpeg\" src=\"https:\/\/www.radiopiu.net\/wordpress\/wp-content\/uploads\/2024\/06\/AIRE-INDIA-PUNTATA-20.mp3?_=17\" \/><a href=\"https:\/\/www.radiopiu.net\/wordpress\/wp-content\/uploads\/2024\/06\/AIRE-INDIA-PUNTATA-20.mp3\">https:\/\/www.radiopiu.net\/wordpress\/wp-content\/uploads\/2024\/06\/AIRE-INDIA-PUNTATA-20.mp3<\/a><\/audio>\n<p>&nbsp;<\/p>\n<p><strong>PER VISITARE I SITI DEI LUOGHI VISITATI, CLICCA SULLE SEGUENTI SCRITTE: <span style=\"color: #3366ff;\"><a href=\"https:\/\/earthist.in\/\">EARTH IST<\/a> (<a href=\"https:\/\/www.instagram.com\/earthist.in?igsh=cHUzbWp0YnQycG9o\">INSTAGRAM<\/a>)\u00a0 \u00a0<a href=\"https:\/\/www.thegreensilkroad.com\/\">THE GREEN SILK ROAD<\/a> (<a href=\"https:\/\/www.instagram.com\/thegreensilkroad?igsh=MWt2M2Z5MXR4M3F5NQ==\">INSTAGRAM<\/a>)<\/span><\/strong><\/p>\n<p>&nbsp;<\/p>\n\n\t\t\t<style type='text\/css'>\n\t\t\t\t#gallery-2 {\n\t\t\t\t\tmargin: auto;\n\t\t\t\t}\n\t\t\t\t#gallery-2 .gallery-item {\n\t\t\t\t\tfloat: left;\n\t\t\t\t\tmargin-top: 10px;\n\t\t\t\t\ttext-align: center;\n\t\t\t\t\twidth: 25%;\n\t\t\t\t}\n\t\t\t\t#gallery-2 img {\n\t\t\t\t\tborder: 2px solid #cfcfcf;\n\t\t\t\t}\n\t\t\t\t#gallery-2 .gallery-caption {\n\t\t\t\t\tmargin-left: 0;\n\t\t\t\t}\n\t\t\t\t\/* see gallery_shortcode() in wp-includes\/media.php *\/\n\t\t\t<\/style>\n\t\t<div id='gallery-2' class='dt-gallery-container gallery galleryid-397436 gallery-columns-4 gallery-size-thumbnail'><dl class='gallery-item'>\n\t\t\t\t<dt class='gallery-icon landscape'>\n\t\t\t\t\t<a class=\"rollover rollover-zoom dt-pswp-item\" title=\"139efe29-7cac-4f3b-b657-a00d7c77fec9\" data-dt-img-description=\"\" data-large_image_width=\"1600\" data-large_image_height=\"1200\"href='https:\/\/www.radiopiu.net\/wordpress\/wp-content\/uploads\/2024\/06\/139efe29-7cac-4f3b-b657-a00d7c77fec9.jpg'><img loading=\"lazy\" decoding=\"async\" width=\"150\" height=\"150\" src=\"https:\/\/www.radiopiu.net\/wordpress\/wp-content\/uploads\/2024\/06\/139efe29-7cac-4f3b-b657-a00d7c77fec9-150x150.jpg\" class=\"attachment-thumbnail size-thumbnail\" alt=\"\" \/><\/a>\n\t\t\t\t<\/dt><\/dl><dl class='gallery-item'>\n\t\t\t\t<dt class='gallery-icon portrait'>\n\t\t\t\t\t<a class=\"rollover rollover-zoom dt-pswp-item\" title=\"dc34114c-ff06-4ec2-ab87-3ea1278d58f6\" data-dt-img-description=\"\" data-large_image_width=\"1200\" data-large_image_height=\"1600\"href='https:\/\/www.radiopiu.net\/wordpress\/wp-content\/uploads\/2024\/06\/dc34114c-ff06-4ec2-ab87-3ea1278d58f6.jpg'><img loading=\"lazy\" decoding=\"async\" width=\"150\" height=\"150\" src=\"https:\/\/www.radiopiu.net\/wordpress\/wp-content\/uploads\/2024\/06\/dc34114c-ff06-4ec2-ab87-3ea1278d58f6-150x150.jpg\" class=\"attachment-thumbnail size-thumbnail\" alt=\"\" \/><\/a>\n\t\t\t\t<\/dt><\/dl><dl class='gallery-item'>\n\t\t\t\t<dt class='gallery-icon portrait'>\n\t\t\t\t\t<a class=\"rollover rollover-zoom dt-pswp-item\" title=\"0ac6a402-afe3-4aa9-ae64-bc15596bf4ce\" data-dt-img-description=\"\" data-large_image_width=\"963\" data-large_image_height=\"1280\"href='https:\/\/www.radiopiu.net\/wordpress\/wp-content\/uploads\/2024\/06\/0ac6a402-afe3-4aa9-ae64-bc15596bf4ce.jpg'><img loading=\"lazy\" decoding=\"async\" width=\"150\" height=\"150\" src=\"https:\/\/www.radiopiu.net\/wordpress\/wp-content\/uploads\/2024\/06\/0ac6a402-afe3-4aa9-ae64-bc15596bf4ce-150x150.jpg\" class=\"attachment-thumbnail size-thumbnail\" alt=\"\" \/><\/a>\n\t\t\t\t<\/dt><\/dl><dl class='gallery-item'>\n\t\t\t\t<dt class='gallery-icon landscape'>\n\t\t\t\t\t<a class=\"rollover rollover-zoom dt-pswp-item\" title=\"43e82a59-14a2-4764-9783-bd2541f88249\" data-dt-img-description=\"\" data-large_image_width=\"1600\" data-large_image_height=\"1200\"href='https:\/\/www.radiopiu.net\/wordpress\/wp-content\/uploads\/2024\/06\/43e82a59-14a2-4764-9783-bd2541f88249.jpg'><img loading=\"lazy\" decoding=\"async\" width=\"150\" height=\"150\" src=\"https:\/\/www.radiopiu.net\/wordpress\/wp-content\/uploads\/2024\/06\/43e82a59-14a2-4764-9783-bd2541f88249-150x150.jpg\" class=\"attachment-thumbnail size-thumbnail\" alt=\"\" \/><\/a>\n\t\t\t\t<\/dt><\/dl><br style=\"clear: both\" \/>\n\t\t\t<\/div>\n\n<p>&nbsp;<\/p>\n<p>&nbsp;<\/p>\n<p>&nbsp;<\/p>\n<p>&nbsp;<\/p>\n","protected":false},"excerpt":{"rendered":"<p>******* &nbsp; &nbsp; &nbsp; ATTENZIONE: LA NUOVA APP PER IOS-IPHONE di Nicola Vettorello https:\/\/apps.apple.com\/it\/app\/radio-pi%C3%B9-emittente-agordina\/id1515939845 ATTENZIONE: LA NUOVA APP RADIO\u00a0 PER ANDROID di Nicola Vettorello https:\/\/play.google.com\/store\/apps\/details?id=net.radiopiu.iniko\u00a0\u00a0\u00a0 &nbsp; SUI SOCIAL FACEBOOK\u00a0 &#8230;. SIAMO\u00a0 OLTRE 30MILA Radio Pi\u00f9 Mi piace: 9002 \u2022 Follower: 11.501 RADIO PIU&#8217; EMITTENTE AGORDINA (Taibon_32027) Membri: 18.618\u00a0 &nbsp; &nbsp; oggi alla radio : ALLE&hellip;<\/p>\n","protected":false},"author":4,"featured_media":397416,"comment_status":"closed","ping_status":"closed","sticky":false,"template":"","format":"standard","meta":{"_monsterinsights_skip_tracking":false,"_monsterinsights_sitenote_active":false,"_monsterinsights_sitenote_note":"","_monsterinsights_sitenote_category":0,"footnotes":""},"categories":[51,86,49],"tags":[],"class_list":["post-397436","post","type-post","status-publish","format-standard","has-post-thumbnail","hentry","category-evidenza-top","category-gr","category-news-18","category-51","category-86","category-49","description-off"],"img_url":"https:\/\/www.radiopiu.net\/wordpress\/wp-content\/uploads\/2024\/07\/e54c1c70-c312-46c6-b6d4-4191f1c5996c.jpg","_links":{"self":[{"href":"https:\/\/www.radiopiu.net\/wordpress\/wp-json\/wp\/v2\/posts\/397436","targetHints":{"allow":["GET"]}}],"collection":[{"href":"https:\/\/www.radiopiu.net\/wordpress\/wp-json\/wp\/v2\/posts"}],"about":[{"href":"https:\/\/www.radiopiu.net\/wordpress\/wp-json\/wp\/v2\/types\/post"}],"author":[{"embeddable":true,"href":"https:\/\/www.radiopiu.net\/wordpress\/wp-json\/wp\/v2\/users\/4"}],"replies":[{"embeddable":true,"href":"https:\/\/www.radiopiu.net\/wordpress\/wp-json\/wp\/v2\/comments?post=397436"}],"version-history":[{"count":0,"href":"https:\/\/www.radiopiu.net\/wordpress\/wp-json\/wp\/v2\/posts\/397436\/revisions"}],"wp:featuredmedia":[{"embeddable":true,"href":"https:\/\/www.radiopiu.net\/wordpress\/wp-json\/wp\/v2\/media\/397416"}],"wp:attachment":[{"href":"https:\/\/www.radiopiu.net\/wordpress\/wp-json\/wp\/v2\/media?parent=397436"}],"wp:term":[{"taxonomy":"category","embeddable":true,"href":"https:\/\/www.radiopiu.net\/wordpress\/wp-json\/wp\/v2\/categories?post=397436"},{"taxonomy":"post_tag","embeddable":true,"href":"https:\/\/www.radiopiu.net\/wordpress\/wp-json\/wp\/v2\/tags?post=397436"}],"curies":[{"name":"wp","href":"https:\/\/api.w.org\/{rel}","templated":true}]}}