{"id":397526,"date":"2024-07-02T17:18:47","date_gmt":"2024-07-02T15:18:47","guid":{"rendered":"https:\/\/www.radiopiu.net\/wordpress\/?p=397526"},"modified":"2024-07-03T05:49:14","modified_gmt":"2024-07-03T03:49:14","slug":"eventi-estivi-a-belluno-dai","status":"publish","type":"post","link":"https:\/\/www.radiopiu.net\/wordpress\/eventi-estivi-a-belluno-dai\/","title":{"rendered":"EVENTI ESTIVI A BELLUNO DAI GIOVEDI DI SERA AL MUNDIALITO"},"content":{"rendered":"<p>***<\/p>\n<div><\/div>\n<div><\/div>\n<blockquote>\n<h3><a class=\"dt-pswp-item\" href=\"https:\/\/www.radiopiu.net\/wordpress\/wp-content\/uploads\/2024\/07\/181f5680-a49b-4993-b139-6d39c31670aa.jpg\" data-dt-img-description=\"\" data-large_image_width=\"1536\" data-large_image_height=\"2048\"><img loading=\"lazy\" decoding=\"async\" class=\"wp-image-397525 alignleft\" src=\"https:\/\/www.radiopiu.net\/wordpress\/wp-content\/uploads\/2024\/07\/181f5680-a49b-4993-b139-6d39c31670aa-225x300.jpg\" alt=\"\" width=\"117\" height=\"156\" srcset=\"https:\/\/www.radiopiu.net\/wordpress\/wp-content\/uploads\/2024\/07\/181f5680-a49b-4993-b139-6d39c31670aa-225x300.jpg 225w, https:\/\/www.radiopiu.net\/wordpress\/wp-content\/uploads\/2024\/07\/181f5680-a49b-4993-b139-6d39c31670aa-768x1024.jpg 768w, https:\/\/www.radiopiu.net\/wordpress\/wp-content\/uploads\/2024\/07\/181f5680-a49b-4993-b139-6d39c31670aa-1152x1536.jpg 1152w, https:\/\/www.radiopiu.net\/wordpress\/wp-content\/uploads\/2024\/07\/181f5680-a49b-4993-b139-6d39c31670aa.jpg 1536w\" sizes=\"auto, (max-width: 117px) 100vw, 117px\" \/><\/a>BELLUNO DI SERA, ANCHE PER I PIU&#8217; PICCOLI<\/h3>\n<\/blockquote>\n<p>Pi\u00f9 spazio a bambini e famiglie, una promozione online e offline, un primo assaggio gi\u00e0 questo weekend: torna \u201cBelluno di Sera\u201d, il tradizionale appuntamento con i gioved\u00ec in piazza nel capoluogo.<\/p>\n<h3>DI DANIELE DALVIT<\/h3>\n<audio class=\"wp-audio-shortcode\" id=\"audio-397526-1\" preload=\"none\" style=\"width: 100%;\" controls=\"controls\"><source type=\"audio\/mpeg\" src=\"https:\/\/www.radiopiu.net\/wordpress\/wp-content\/uploads\/2024\/07\/Servizio-Belluno-di-Sera-2024.mp3?_=1\" \/><a href=\"https:\/\/www.radiopiu.net\/wordpress\/wp-content\/uploads\/2024\/07\/Servizio-Belluno-di-Sera-2024.mp3\">https:\/\/www.radiopiu.net\/wordpress\/wp-content\/uploads\/2024\/07\/Servizio-Belluno-di-Sera-2024.mp3<\/a><\/audio>\n<p>&nbsp;<\/p>\n<blockquote>\n<h3><a class=\"dt-pswp-item\" href=\"https:\/\/www.radiopiu.net\/wordpress\/wp-content\/uploads\/2024\/07\/6b6d174e-47bb-454e-8d81-6018ab1670e2-1.jpg\" data-dt-img-description=\"\" data-large_image_width=\"2048\" data-large_image_height=\"1610\"><img loading=\"lazy\" decoding=\"async\" class=\" wp-image-397524 alignleft\" src=\"https:\/\/www.radiopiu.net\/wordpress\/wp-content\/uploads\/2024\/07\/6b6d174e-47bb-454e-8d81-6018ab1670e2-1-300x236.jpg\" alt=\"\" width=\"203\" height=\"160\" srcset=\"https:\/\/www.radiopiu.net\/wordpress\/wp-content\/uploads\/2024\/07\/6b6d174e-47bb-454e-8d81-6018ab1670e2-1-300x236.jpg 300w, https:\/\/www.radiopiu.net\/wordpress\/wp-content\/uploads\/2024\/07\/6b6d174e-47bb-454e-8d81-6018ab1670e2-1-1024x805.jpg 1024w, https:\/\/www.radiopiu.net\/wordpress\/wp-content\/uploads\/2024\/07\/6b6d174e-47bb-454e-8d81-6018ab1670e2-1-768x604.jpg 768w, https:\/\/www.radiopiu.net\/wordpress\/wp-content\/uploads\/2024\/07\/6b6d174e-47bb-454e-8d81-6018ab1670e2-1-1536x1208.jpg 1536w, https:\/\/www.radiopiu.net\/wordpress\/wp-content\/uploads\/2024\/07\/6b6d174e-47bb-454e-8d81-6018ab1670e2-1.jpg 2048w\" sizes=\"auto, (max-width: 203px) 100vw, 203px\" \/><\/a>MUNDIALITO 2024<\/h3>\n<\/blockquote>\n<p><strong>BELLUNO<\/strong> Torna a met\u00e0 luglio per la seconda edizione a Belluno il Mundialito, il torneo calcistico promosso dal Comune di Belluno e dal Coordinamento Rete Immigrazione che vedr\u00e0 coinvolte ben 10 squadre, rappresentative di altrettante nazionalit\u00e0 che popolano il capoluogo. Tante le novit\u00e0 di quest&#8217;anno.<\/p>\n<p><strong>DI DANIELE DALVIT<\/strong><\/p>\n<audio class=\"wp-audio-shortcode\" id=\"audio-397526-2\" preload=\"none\" style=\"width: 100%;\" controls=\"controls\"><source type=\"audio\/mpeg\" src=\"https:\/\/www.radiopiu.net\/wordpress\/wp-content\/uploads\/2024\/07\/Servizio-Presentazione-Mundialito-2024.mp3?_=2\" \/><a href=\"https:\/\/www.radiopiu.net\/wordpress\/wp-content\/uploads\/2024\/07\/Servizio-Presentazione-Mundialito-2024.mp3\">https:\/\/www.radiopiu.net\/wordpress\/wp-content\/uploads\/2024\/07\/Servizio-Presentazione-Mundialito-2024.mp3<\/a><\/audio>\n<p>&nbsp;<\/p>\n<hr \/>\n<div><\/div>\n","protected":false},"excerpt":{"rendered":"<p>*** BELLUNO DI SERA, ANCHE PER I PIU&#8217; PICCOLI Pi\u00f9 spazio a bambini e famiglie, una promozione online e offline, un primo assaggio gi\u00e0 questo weekend: torna \u201cBelluno di Sera\u201d, il tradizionale appuntamento con i gioved\u00ec in piazza nel capoluogo. DI DANIELE DALVIT &nbsp; MUNDIALITO 2024 BELLUNO Torna a met\u00e0 luglio per la seconda edizione&hellip;<\/p>\n","protected":false},"author":4,"featured_media":397523,"comment_status":"closed","ping_status":"closed","sticky":false,"template":"","format":"standard","meta":{"_monsterinsights_skip_tracking":false,"_monsterinsights_sitenote_active":false,"_monsterinsights_sitenote_note":"","_monsterinsights_sitenote_category":0,"footnotes":""},"categories":[51,49],"tags":[],"class_list":["post-397526","post","type-post","status-publish","format-standard","has-post-thumbnail","hentry","category-evidenza-top","category-news-18","category-51","category-49","description-off"],"img_url":"https:\/\/www.radiopiu.net\/wordpress\/wp-content\/uploads\/2024\/07\/6b6d174e-47bb-454e-8d81-6018ab1670e2.jpg","_links":{"self":[{"href":"https:\/\/www.radiopiu.net\/wordpress\/wp-json\/wp\/v2\/posts\/397526","targetHints":{"allow":["GET"]}}],"collection":[{"href":"https:\/\/www.radiopiu.net\/wordpress\/wp-json\/wp\/v2\/posts"}],"about":[{"href":"https:\/\/www.radiopiu.net\/wordpress\/wp-json\/wp\/v2\/types\/post"}],"author":[{"embeddable":true,"href":"https:\/\/www.radiopiu.net\/wordpress\/wp-json\/wp\/v2\/users\/4"}],"replies":[{"embeddable":true,"href":"https:\/\/www.radiopiu.net\/wordpress\/wp-json\/wp\/v2\/comments?post=397526"}],"version-history":[{"count":0,"href":"https:\/\/www.radiopiu.net\/wordpress\/wp-json\/wp\/v2\/posts\/397526\/revisions"}],"wp:featuredmedia":[{"embeddable":true,"href":"https:\/\/www.radiopiu.net\/wordpress\/wp-json\/wp\/v2\/media\/397523"}],"wp:attachment":[{"href":"https:\/\/www.radiopiu.net\/wordpress\/wp-json\/wp\/v2\/media?parent=397526"}],"wp:term":[{"taxonomy":"category","embeddable":true,"href":"https:\/\/www.radiopiu.net\/wordpress\/wp-json\/wp\/v2\/categories?post=397526"},{"taxonomy":"post_tag","embeddable":true,"href":"https:\/\/www.radiopiu.net\/wordpress\/wp-json\/wp\/v2\/tags?post=397526"}],"curies":[{"name":"wp","href":"https:\/\/api.w.org\/{rel}","templated":true}]}}