{"id":397550,"date":"2024-07-04T05:38:27","date_gmt":"2024-07-04T03:38:27","guid":{"rendered":"https:\/\/www.radiopiu.net\/wordpress\/?p=397550"},"modified":"2024-07-04T07:01:34","modified_gmt":"2024-07-04T05:01:34","slug":"giornale-radiopiu-04-luglio-2024-direttore-mirko-mezzacasada-41-anni-25-giugno-1983-25-giugno-2024","status":"publish","type":"post","link":"https:\/\/www.radiopiu.net\/wordpress\/giornale-radiopiu-04-luglio-2024-direttore-mirko-mezzacasada-41-anni-25-giugno-1983-25-giugno-2024\/","title":{"rendered":"GIORNALE RADIOPIU 04 LUGLIO 2024 DIRETTORE MIRKO MEZZACASA\u2026DA 41 ANNI 25 GIUGNO 1983-25 GIUGNO 2024"},"content":{"rendered":"<p>*******<\/p>\n<p>&nbsp;<\/p>\n<blockquote>\n<h3><a class=\"dt-pswp-item\" href=\"https:\/\/www.radiopiu.net\/wordpress\/wp-content\/uploads\/2021\/06\/8554eb80-bb6e-4752-a6d3-57aff91a2903.jpg\" data-dt-img-description=\"\" data-large_image_width=\"768\" data-large_image_height=\"1024\"><img loading=\"lazy\" decoding=\"async\" class=\"wp-image-215003 alignleft\" src=\"https:\/\/www.radiopiu.net\/wordpress\/wp-content\/uploads\/2021\/06\/8554eb80-bb6e-4752-a6d3-57aff91a2903-225x300.jpg\" alt=\"\" width=\"117\" height=\"156\" srcset=\"https:\/\/www.radiopiu.net\/wordpress\/wp-content\/uploads\/2021\/06\/8554eb80-bb6e-4752-a6d3-57aff91a2903-225x300.jpg 225w, https:\/\/www.radiopiu.net\/wordpress\/wp-content\/uploads\/2021\/06\/8554eb80-bb6e-4752-a6d3-57aff91a2903.jpg 768w\" sizes=\"auto, (max-width: 117px) 100vw, 117px\" \/><\/a>GETTO DEL SOLAIO<\/h3>\n<\/blockquote>\n<p><strong>Veneto strade comunica che oggi\u00a0 la strada per Digonera sar\u00e0 interdetta al traffico anche dalle 12:30 alle 13:30.<\/strong><\/p>\n<p>&nbsp;<\/p>\n<p><em><span style=\"color: #ff0000;\">INFO Comune Rocca Pietore.\u00a0\u00a0<\/span><\/em><\/p>\n<p>&nbsp;<\/p>\n<div class=\"flex flex-grow flex-col max-w-full\">\n<div class=\"min-h-[20px] text-message flex flex-col items-start whitespace-pre-wrap break-words [.text-message+&amp;]:mt-5 juice:w-full juice:items-end overflow-x-auto gap-2\" dir=\"auto\" data-message-author-role=\"assistant\" data-message-id=\"8117fbfd-e6d7-47e3-9646-e69e9e1e7c81\">\n<div class=\"flex w-full flex-col gap-1 juice:empty:hidden juice:first:pt-[3px]\">\n<div class=\"markdown prose w-full break-words dark:prose-invert dark\">\n<h3><em>E dopo la pioggia, il sole risplende pi\u00f9 luminoso, di john francis della pietra\u00a0<\/em><br \/>\noggi, ore 5.45 <em>valle di gares, canale d&#8217;agordo &#8211; dolomiti- belluno- veneto-italia- world<\/em><\/h3>\n\n\t\t\t<style type='text\/css'>\n\t\t\t\t#gallery-1 {\n\t\t\t\t\tmargin: auto;\n\t\t\t\t}\n\t\t\t\t#gallery-1 .gallery-item {\n\t\t\t\t\tfloat: left;\n\t\t\t\t\tmargin-top: 10px;\n\t\t\t\t\ttext-align: center;\n\t\t\t\t\twidth: 50%;\n\t\t\t\t}\n\t\t\t\t#gallery-1 img {\n\t\t\t\t\tborder: 2px solid #cfcfcf;\n\t\t\t\t}\n\t\t\t\t#gallery-1 .gallery-caption {\n\t\t\t\t\tmargin-left: 0;\n\t\t\t\t}\n\t\t\t\t\/* see gallery_shortcode() in wp-includes\/media.php *\/\n\t\t\t<\/style>\n\t\t<div id='gallery-1' class='dt-gallery-container gallery galleryid-397550 gallery-columns-2 gallery-size-medium'><dl class='gallery-item'>\n\t\t\t\t<dt class='gallery-icon landscape'>\n\t\t\t\t\t<a class=\"rollover rollover-zoom dt-pswp-item\" title=\"df5fa28f-d54c-43c1-b04c-222aa4ab85c7\" data-dt-img-description=\"\" data-large_image_width=\"1600\" data-large_image_height=\"720\"href='https:\/\/www.radiopiu.net\/wordpress\/wp-content\/uploads\/2024\/07\/df5fa28f-d54c-43c1-b04c-222aa4ab85c7.jpg'><img loading=\"lazy\" decoding=\"async\" width=\"300\" height=\"135\" src=\"https:\/\/www.radiopiu.net\/wordpress\/wp-content\/uploads\/2024\/07\/df5fa28f-d54c-43c1-b04c-222aa4ab85c7-300x135.jpg\" class=\"attachment-medium size-medium\" alt=\"\" aria-describedby=\"gallery-1-397753\" srcset=\"https:\/\/www.radiopiu.net\/wordpress\/wp-content\/uploads\/2024\/07\/df5fa28f-d54c-43c1-b04c-222aa4ab85c7-300x135.jpg 300w, https:\/\/www.radiopiu.net\/wordpress\/wp-content\/uploads\/2024\/07\/df5fa28f-d54c-43c1-b04c-222aa4ab85c7-1024x461.jpg 1024w, https:\/\/www.radiopiu.net\/wordpress\/wp-content\/uploads\/2024\/07\/df5fa28f-d54c-43c1-b04c-222aa4ab85c7-768x346.jpg 768w, https:\/\/www.radiopiu.net\/wordpress\/wp-content\/uploads\/2024\/07\/df5fa28f-d54c-43c1-b04c-222aa4ab85c7-1536x691.jpg 1536w, https:\/\/www.radiopiu.net\/wordpress\/wp-content\/uploads\/2024\/07\/df5fa28f-d54c-43c1-b04c-222aa4ab85c7.jpg 1600w\" sizes=\"auto, (max-width: 300px) 100vw, 300px\" \/><\/a>\n\t\t\t\t<\/dt>\n\t\t\t\t\t<dd class='wp-caption-text gallery-caption' id='gallery-1-397753'>\n\t\t\t\t\tpale di s Martino con altipiani delle comelle sopra gares\n\t\t\t\t\t<\/dd><\/dl><dl class='gallery-item'>\n\t\t\t\t<dt class='gallery-icon landscape'>\n\t\t\t\t\t<a class=\"rollover rollover-zoom dt-pswp-item\" title=\"CIVETTA DA CANALE\" data-dt-img-description=\"\" data-large_image_width=\"1600\" data-large_image_height=\"720\"href='https:\/\/www.radiopiu.net\/wordpress\/wp-content\/uploads\/2024\/07\/47f5ffd1-6748-40fd-9925-b25a3b78b688.jpg'><img loading=\"lazy\" decoding=\"async\" width=\"300\" height=\"135\" src=\"https:\/\/www.radiopiu.net\/wordpress\/wp-content\/uploads\/2024\/07\/47f5ffd1-6748-40fd-9925-b25a3b78b688-300x135.jpg\" class=\"attachment-medium size-medium\" alt=\"\" srcset=\"https:\/\/www.radiopiu.net\/wordpress\/wp-content\/uploads\/2024\/07\/47f5ffd1-6748-40fd-9925-b25a3b78b688-300x135.jpg 300w, https:\/\/www.radiopiu.net\/wordpress\/wp-content\/uploads\/2024\/07\/47f5ffd1-6748-40fd-9925-b25a3b78b688-1024x461.jpg 1024w, https:\/\/www.radiopiu.net\/wordpress\/wp-content\/uploads\/2024\/07\/47f5ffd1-6748-40fd-9925-b25a3b78b688-768x346.jpg 768w, https:\/\/www.radiopiu.net\/wordpress\/wp-content\/uploads\/2024\/07\/47f5ffd1-6748-40fd-9925-b25a3b78b688-1536x691.jpg 1536w, https:\/\/www.radiopiu.net\/wordpress\/wp-content\/uploads\/2024\/07\/47f5ffd1-6748-40fd-9925-b25a3b78b688.jpg 1600w\" sizes=\"auto, (max-width: 300px) 100vw, 300px\" \/><\/a>\n\t\t\t\t<\/dt><\/dl><br style=\"clear: both\" \/>\n\t\t\t<\/div>\n\n<\/div>\n<\/div>\n<\/div>\n<\/div>\n<div class=\"mt-1 flex gap-3 empty:hidden juice:-ml-3\">\n<div class=\"items-center justify-start rounded-xl p-1 flex\">\n<div class=\"flex items-center\">\n<div class=\"flex\"><\/div>\n<div class=\"flex items-center pb-0.5 juice:pb-0\">\n<div class=\"[&amp;_svg]:h-full [&amp;_svg]:w-full icon-md h-4 w-4\"><\/div>\n<\/div>\n<\/div>\n<\/div>\n<\/div>\n<p>&nbsp;<\/p>\n<hr \/>\n<p><em><span style=\"color: #ff0000;\">\u00a0<\/span><\/em><\/p>\n<p><em><span style=\"color: #ff0000;\">ATTENZIONE: LA NUOVA APP PER IOS-IPHONE di Nicola Vettorello <\/span><\/em><a href=\"https:\/\/apps.apple.com\/it\/app\/radio-pi%C3%B9-emittente-agordina\/id1515939845\">https:\/\/apps.apple.com\/it\/app\/radio-pi%C3%B9-emittente-agordina\/id1515939845<\/a><\/p>\n<p><em style=\"color: #ff0000;\">ATTENZIONE: LA NUOVA APP RADIO\u00a0 PER ANDROID di Nicola Vettorello<\/em><\/p>\n<p><a href=\"https:\/\/play.google.com\/store\/apps\/details?id=net.radiopiu.iniko\" target=\"_blank\" rel=\"noopener noreferrer\">https:\/\/play.google.com\/store\/apps\/details?id=net.radiopiu.iniko\u00a0\u00a0\u00a0<\/a><\/p>\n<p>&nbsp;<\/p>\n<p>&nbsp;<\/p>\n<hr \/>\n<p>&nbsp;<\/p>\n<p>&nbsp;<\/p>\n<p><strong class=\"photoswipe-wrapper\"><span style=\"color: #ff0000;\"><a class=\"dt-pswp-item\" href=\"https:\/\/www.radiopiu.net\/wordpress\/wp-content\/uploads\/2024\/07\/afe5a252-db48-4f6d-b6a4-aacf30f41426.jpg\" data-dt-img-description=\"\" data-large_image_width=\"1049\" data-large_image_height=\"1389\"><img loading=\"lazy\" decoding=\"async\" class=\" wp-image-397730 alignright\" src=\"https:\/\/www.radiopiu.net\/wordpress\/wp-content\/uploads\/2024\/07\/afe5a252-db48-4f6d-b6a4-aacf30f41426-227x300.jpg\" alt=\"\" width=\"148\" height=\"196\" srcset=\"https:\/\/www.radiopiu.net\/wordpress\/wp-content\/uploads\/2024\/07\/afe5a252-db48-4f6d-b6a4-aacf30f41426-227x300.jpg 227w, https:\/\/www.radiopiu.net\/wordpress\/wp-content\/uploads\/2024\/07\/afe5a252-db48-4f6d-b6a4-aacf30f41426-773x1024.jpg 773w, https:\/\/www.radiopiu.net\/wordpress\/wp-content\/uploads\/2024\/07\/afe5a252-db48-4f6d-b6a4-aacf30f41426-768x1017.jpg 768w, https:\/\/www.radiopiu.net\/wordpress\/wp-content\/uploads\/2024\/07\/afe5a252-db48-4f6d-b6a4-aacf30f41426.jpg 1049w\" sizes=\"auto, (max-width: 148px) 100vw, 148px\" \/><\/a>OGGI ALLA RADIO<\/span><\/strong>: <strong>ALLE 6.15 <\/strong>PIROLE DE LENGA, CON IL MUSLA\u00a0\u00a0<strong>ALLE 7.20<\/strong>\u00a0EL BAL DEL FIOR, DETTI E TRADIZIONI DI GIULIANA DA RONCH;\u00a0<strong>ALLE 8.20\u00a0<\/strong>PIU&#8217; SIAMO ESTATE DI MARINA DONA&#8217;\u00a0 <strong>9.00<\/strong> IL COUNTRY ALLA RADIO, CON ALEX NASCINBEN\u00a0 <strong>9.30\u00a0<\/strong>VIABILITA\u2019 Botol_Car <strong>10.10 <\/strong>ZAINO DA VIAGGIO AL FEMMINILE, CON PAOLA LANCIAT\u00a0<span style=\"color: #0000ff;\"><strong><span style=\"color: #000000;\">10.30<\/span><\/strong><span style=\"color: #000000;\"> SPI CGIL BELLUNO, QUINDICINALE APPUNTAMENTO CON MARIA RITA GENTILIN<\/span><span style=\"color: #000000;\">\u00a0<\/span><span style=\"color: #000000;\">\u00a0<\/span><\/span><strong>11.10 <\/strong>LA STORIA DEL FESTIVALBAR RACCONTATA DA MIRCO BENCIVENN<strong>I <\/strong>\u00a0\u00a0<strong>12.00\u00a0<\/strong>VA TUTTO LISCIO\u00a0<strong>12.30\u00a0<\/strong>GIORNALE RADIO EDIZIONE PRINCIPALE <strong>13.10<\/strong> Diario di Bordo Claudia Magic Teacher\u00a0 <strong>13.20<\/strong> TRE PEZZI ESTIVI DI MARINA DONA&#8217; <strong>14.00\u00a0<\/strong> COLLAGE OPERAZIONE NOSTALGIA, CON LORIS SCUSSEL\u00a0 <strong>15.00\u00a0<\/strong>\u00a0 TIME FOR ME CON MARINA DONA&#8217; <strong>1<\/strong><strong>6.00\u00a0<\/strong>IL ROCK DI MARCO COSTANTINI\u00a0<strong>16.45\u00a0<\/strong>LE HIT DI MIRCO BENCIVENNI\u00a0 <strong>19\u00a0<\/strong>ANTICIPAZIONI DAL TG DI ANTENNA 3<\/p>\n<blockquote><p><strong>rassegna stampa nazionale, ogni giorno alle 5 e alle 6 del mattino<\/strong><br \/>\n<em>giornali locali 7 rassegna stampa flash, 8 rassegna stampa, gr flash alle 10 e alle 11, principale 12.30. Informazione pomerIggio alle 15 (speciale) 16, 17, 18. Giornale radio nazionale: ogni ora dalle 5 del mattino, alle 20 della sera.\u00a0<\/em><\/p><\/blockquote>\n<div class=\"x11i5rnm xat24cr x1mh8g0r x1vvkbs xtlvy1s x126k92a\">\n<div dir=\"auto\">\n<p>&nbsp;<\/p>\n<p>&nbsp;<\/p>\n<hr \/>\n<p>&nbsp;<\/p>\n<p>&nbsp;<\/p>\n<div class=\"x11i5rnm xat24cr x1mh8g0r x1vvkbs xtlvy1s x126k92a\">\n<div dir=\"auto\">\n<p><strong><a class=\"dt-pswp-item\" href=\"https:\/\/www.radiopiu.net\/wordpress\/wp-content\/uploads\/2024\/02\/2d44e751-d8a8-461b-8e22-d8e4e853b032.jpg\" data-dt-img-description=\"\" data-large_image_width=\"1600\" data-large_image_height=\"1200\"><img loading=\"lazy\" decoding=\"async\" class=\"wp-image-373307 alignleft\" src=\"https:\/\/www.radiopiu.net\/wordpress\/wp-content\/uploads\/2024\/02\/2d44e751-d8a8-461b-8e22-d8e4e853b032-300x225.jpg\" alt=\"\" width=\"105\" height=\"79\" srcset=\"https:\/\/www.radiopiu.net\/wordpress\/wp-content\/uploads\/2024\/02\/2d44e751-d8a8-461b-8e22-d8e4e853b032-300x225.jpg 300w, https:\/\/www.radiopiu.net\/wordpress\/wp-content\/uploads\/2024\/02\/2d44e751-d8a8-461b-8e22-d8e4e853b032-1024x768.jpg 1024w, https:\/\/www.radiopiu.net\/wordpress\/wp-content\/uploads\/2024\/02\/2d44e751-d8a8-461b-8e22-d8e4e853b032-768x576.jpg 768w, https:\/\/www.radiopiu.net\/wordpress\/wp-content\/uploads\/2024\/02\/2d44e751-d8a8-461b-8e22-d8e4e853b032-1536x1152.jpg 1536w, https:\/\/www.radiopiu.net\/wordpress\/wp-content\/uploads\/2024\/02\/2d44e751-d8a8-461b-8e22-d8e4e853b032.jpg 1600w\" sizes=\"auto, (max-width: 105px) 100vw, 105px\" \/><\/a>EL BAL DEL FIOR, DI GIULIANA DA RONCH, 04 LUGLIO<\/strong><strong>\u00a02024<em>\u00a0<\/em><\/strong><\/p>\n<\/div>\n<\/div>\n<\/div>\n<audio class=\"wp-audio-shortcode\" id=\"audio-397550-1\" preload=\"none\" style=\"width: 100%;\" controls=\"controls\"><source type=\"audio\/mpeg\" src=\"https:\/\/www.radiopiu.net\/wordpress\/wp-content\/uploads\/2024\/06\/GGI-3.m4a?_=1\" \/><a href=\"https:\/\/www.radiopiu.net\/wordpress\/wp-content\/uploads\/2024\/06\/GGI-3.m4a\">https:\/\/www.radiopiu.net\/wordpress\/wp-content\/uploads\/2024\/06\/GGI-3.m4a<\/a><\/audio>\n<p>&nbsp;<\/p>\n<hr \/>\n<p>&nbsp;<\/p>\n<h1><span style=\"color: #ff0000;\"><a class=\"dt-pswp-item\" href=\"https:\/\/www.radiopiu.net\/wordpress\/wp-content\/uploads\/2024\/06\/th-5.jpg\" data-dt-img-description=\"\" data-large_image_width=\"326\" data-large_image_height=\"180\"><img loading=\"lazy\" decoding=\"async\" class=\" wp-image-395881 alignleft\" src=\"https:\/\/www.radiopiu.net\/wordpress\/wp-content\/uploads\/2024\/06\/th-5-300x166.jpg\" alt=\"\" width=\"175\" height=\"97\" srcset=\"https:\/\/www.radiopiu.net\/wordpress\/wp-content\/uploads\/2024\/06\/th-5-300x166.jpg 300w, https:\/\/www.radiopiu.net\/wordpress\/wp-content\/uploads\/2024\/06\/th-5.jpg 326w\" sizes=\"auto, (max-width: 175px) 100vw, 175px\" \/><\/a><\/span><\/h1>\n<h1><\/h1>\n<h1><span style=\"color: #000000;\">04 luglio&#8230; alla radio l&#8217;almanacco\u00a0<\/span><\/h1>\n<p>&nbsp;<\/p>\n<audio class=\"wp-audio-shortcode\" id=\"audio-397550-2\" preload=\"none\" style=\"width: 100%;\" controls=\"controls\"><source type=\"audio\/mpeg\" src=\"https:\/\/www.radiopiu.net\/wordpress\/wp-content\/uploads\/2024\/07\/ALMANACCONEW-3.mp3?_=2\" \/><a href=\"https:\/\/www.radiopiu.net\/wordpress\/wp-content\/uploads\/2024\/07\/ALMANACCONEW-3.mp3\">https:\/\/www.radiopiu.net\/wordpress\/wp-content\/uploads\/2024\/07\/ALMANACCONEW-3.mp3<\/a><\/audio>\n<p>&nbsp;<\/p>\n<p>&nbsp;<\/p>\n<p>&nbsp;<\/p>\n<div dir=\"auto\">\n<hr \/>\n<\/div>\n<\/div>\n<blockquote>\n<blockquote>\n<h1><span style=\"color: #ff0000;\">\u00a0<\/span><\/h1>\n<h1><span style=\"color: #ff0000;\">I podcast informativi del mattino &#8211; audio &#8211;\u00a0\u00a0<\/span><\/h1>\n<\/blockquote>\n<p><strong><a class=\"dt-pswp-item\" href=\"https:\/\/www.radiopiu.net\/wordpress\/wp-content\/uploads\/2023\/11\/th-10.jpg\" data-dt-img-description=\"\" data-large_image_width=\"320\" data-large_image_height=\"180\"><img loading=\"lazy\" decoding=\"async\" class=\"wp-image-362866 alignleft\" src=\"https:\/\/www.radiopiu.net\/wordpress\/wp-content\/uploads\/2023\/11\/th-10-300x169.jpg\" alt=\"\" width=\"185\" height=\"104\" srcset=\"https:\/\/www.radiopiu.net\/wordpress\/wp-content\/uploads\/2023\/11\/th-10-300x169.jpg 300w, https:\/\/www.radiopiu.net\/wordpress\/wp-content\/uploads\/2023\/11\/th-10.jpg 320w\" sizes=\"auto, (max-width: 185px) 100vw, 185px\" \/><\/a>LA RASSEGNA STAMPA NAZIONALE ALLA RADIO, OGNI GIORNO ALLE 5 E ALLE 6 DEL MATTINO <span style=\"color: #0000ff;\">viene pubblicata alle 6.00 <span style=\"color: #ff0000;\">DIRETTA RADIO\u00a0 \u00a0\u00a0<\/span><\/span><\/strong><\/p><\/blockquote>\n<p>&nbsp;<\/p>\n<p><strong>NOTIZIE DELLA NOTTE\u00a0\u00a0<\/strong><\/p>\n<p><strong>Biden,<\/strong> &#8216;al duello tv ho fatto un casino <strong>La Casa Bianca<\/strong> insiste, &#8216;Biden non sta pensando al ritiro&#8217;\u00a0 <strong>Wimbledon:<\/strong> Berrettini ko nel derby, Sinner al terzo turno\u00a0 <strong>Aggredita<\/strong> la portavoce del governo francese Prisca Thevenot <strong>Axios,<\/strong> per Israele importanti progressi in risposta Hamas<br \/>\n<strong>Israele<\/strong> ha avuto risposta di Hamas su tregua, \u00e8 in esame <strong>Cremlino,<\/strong> Erdogan non pu\u00f2 essere mediatore sull&#8217;Ucraina<\/p>\n<h2>AUDIO dalle 6 del mattino<\/h2>\n<audio class=\"wp-audio-shortcode\" id=\"audio-397550-3\" preload=\"none\" style=\"width: 100%;\" controls=\"controls\"><source type=\"audio\/mpeg\" src=\"https:\/\/www.radiopiu.net\/wordpress\/wp-content\/uploads\/2024\/07\/GIORNALEDELLESEI-3.mp3?_=3\" \/><a href=\"https:\/\/www.radiopiu.net\/wordpress\/wp-content\/uploads\/2024\/07\/GIORNALEDELLESEI-3.mp3\">https:\/\/www.radiopiu.net\/wordpress\/wp-content\/uploads\/2024\/07\/GIORNALEDELLESEI-3.mp3<\/a><\/audio>\n<p>&nbsp;<\/p>\n<p>&nbsp;<\/p>\n<hr \/>\n<p>&nbsp;<\/p>\n<h1 style=\"text-align: center;\"><span style=\"color: #ff0000;\">I podcast informativi del mattino &#8211; audio &#8211;\u00a0<\/span><\/h1>\n<p><strong><a class=\"dt-pswp-item\" href=\"https:\/\/www.radiopiu.net\/wordpress\/wp-content\/uploads\/2023\/12\/images.png\" data-dt-img-description=\"\" data-large_image_width=\"316\" data-large_image_height=\"160\"><img loading=\"lazy\" decoding=\"async\" class=\"wp-image-367008 alignleft\" src=\"https:\/\/www.radiopiu.net\/wordpress\/wp-content\/uploads\/2023\/12\/images-300x152.png\" alt=\"\" width=\"235\" height=\"119\" srcset=\"https:\/\/www.radiopiu.net\/wordpress\/wp-content\/uploads\/2023\/12\/images-300x152.png 300w, https:\/\/www.radiopiu.net\/wordpress\/wp-content\/uploads\/2023\/12\/images.png 316w\" sizes=\"auto, (max-width: 235px) 100vw, 235px\" \/><\/a>OGNI GIORNO ALLE SETTE DEL MATTINO, LA RASSEGNA STAMPA LOCALE FLASH&#8230; PER CHI VA IN FRETTA. I TITOLI DAI GIORNALI E DAL SITO WWW.RADIOPIU.NET <span style=\"color: #0000ff;\">viene pubblicato alle 7.00<\/span> <span style=\"color: #ff0000;\">DIRETTA RADIO\u00a0<\/span><\/strong><\/p>\n<p><em><span style=\"color: #ff0000;\">per chi va in fretta&#8230; tante notizie in pochi minuti. L&#8217;informazione locale alla radio, ogni ora dalle 7 del mattino alle 19 della sera.\u00a0 <\/span><\/em><\/p>\n<p><strong>Veneto strade comunica che oggi\u00a0 la strada per Digonera sar\u00e0 interdetta al traffico anche dalle 12:30 alle 13:30.<\/strong><br \/>\n<strong>PASSO FALZAREGO<\/strong> Anche ieri\u00a0 non sono mancate le chiamate d&#8217;emergenza per gli uomini e le donne del Suem. L&#8217;episodio pi\u00f9 grave nel pomeriggio a Forcella Lagazuoi, soccorso in condizioni molto gravi (cardiopalmo) un uomo di 61 anni. Da Brunico si \u00e8 alzato in volo l&#8217;elicottero dell&#8217;Aiut Alpin, precedentemente la chiamata per Falco, ma il volo \u00e8 stato annullato causa maltempo.<br \/>\nIn mattinata un 66enne tedesco in quad \u00e8 rimasto coinvolto nell&#8217;incidente stradale ad Auronzo lungo la strada statale. E&#8217; stato portato in elicottero a Belluno in condizioni di media gravit\u00e0.<br \/>\n<strong>MISURINA<\/strong> Due alpinisti, un moldavo di 35 anni e una rumena di 30, sono rimasti incrodati al rientro dalla scalata nei Cadini di Misurina. Dopo aver raggiunto la cima, avevano sbagliato il percorso di discesa, rimanendo bloccati. Hanno lanciato un SOS tramite un sistema satellitare. Attivati poco prima delle 22, i soccorritori li hanno individuati con droni dotati di termocamera. A causa del peggioramento delle condizioni meteo, \u00e8 stato richiesto l&#8217;intervento dell&#8217;elicottero, che ha recuperato la coppia con il verricello.<br \/>\n<strong>BORCA DI CADORE<\/strong>\u00a0 Un cercatore di funghi \u00e8 scivolato nel bosco riportando un trauma alla caviglia, la squadra gli ha immobilizzato la parte dolorante, per poi caricarlo in barella e trasportarlo 500 metri a piedi fino alla strada, dove attendeva l&#8217;ambulanza.<br \/>\n<strong>CASTELLAVAZZO\u00a0<\/strong> Nella notte tra marted\u00ec e mercoled\u00ec, due auto sono andate a fuoco in via Roma a Castellavazzo, costringendo una famiglia a fuggire dall&#8217;abitazione vicina. Nessuno \u00e8 rimasto ferito e i vigili del fuoco, arrivati da Belluno con il supporto dei volontari di Longarone, hanno evitato ulteriori danni. Le cause del rogo, che ha annerito la facciata della casa, sono ancora incerte: si stanno verificando se sia stato accidentale o doloso. L&#8217;auto da cui \u00e8 partito l&#8217;incendio \u00e8 stata sequestrata per indagini.<\/p>\n<h1>AUDIO dalle 7 del mattino<\/h1>\n<audio class=\"wp-audio-shortcode\" id=\"audio-397550-4\" preload=\"none\" style=\"width: 100%;\" controls=\"controls\"><source type=\"audio\/mpeg\" src=\"https:\/\/www.radiopiu.net\/wordpress\/wp-content\/uploads\/2024\/07\/GF07-2.mp3?_=4\" \/><a href=\"https:\/\/www.radiopiu.net\/wordpress\/wp-content\/uploads\/2024\/07\/GF07-2.mp3\">https:\/\/www.radiopiu.net\/wordpress\/wp-content\/uploads\/2024\/07\/GF07-2.mp3<\/a><\/audio>\n<p>&nbsp;<\/p>\n<p>&nbsp;<\/p>\n<hr \/>\n<p>&nbsp;<\/p>\n<h1><\/h1>\n<h1 style=\"text-align: center;\"><span style=\"color: #ff0000;\"><a class=\"dt-pswp-item\" href=\"https:\/\/www.radiopiu.net\/wordpress\/wp-content\/uploads\/2022\/01\/026c3f9d-dae9-4040-a3c1-a6530231bcc3.jpg\" data-dt-img-description=\"\" data-large_image_width=\"1152\" data-large_image_height=\"2048\"><img loading=\"lazy\" decoding=\"async\" class=\"wp-image-251839 alignleft\" src=\"https:\/\/www.radiopiu.net\/wordpress\/wp-content\/uploads\/2022\/01\/026c3f9d-dae9-4040-a3c1-a6530231bcc3-169x300.jpg\" alt=\"\" width=\"100\" height=\"177\" srcset=\"https:\/\/www.radiopiu.net\/wordpress\/wp-content\/uploads\/2022\/01\/026c3f9d-dae9-4040-a3c1-a6530231bcc3-169x300.jpg 169w, https:\/\/www.radiopiu.net\/wordpress\/wp-content\/uploads\/2022\/01\/026c3f9d-dae9-4040-a3c1-a6530231bcc3-576x1024.jpg 576w, https:\/\/www.radiopiu.net\/wordpress\/wp-content\/uploads\/2022\/01\/026c3f9d-dae9-4040-a3c1-a6530231bcc3-768x1365.jpg 768w, https:\/\/www.radiopiu.net\/wordpress\/wp-content\/uploads\/2022\/01\/026c3f9d-dae9-4040-a3c1-a6530231bcc3-864x1536.jpg 864w, https:\/\/www.radiopiu.net\/wordpress\/wp-content\/uploads\/2022\/01\/026c3f9d-dae9-4040-a3c1-a6530231bcc3.jpg 1152w\" sizes=\"auto, (max-width: 100px) 100vw, 100px\" \/><\/a>I podcast informativi del mattino &#8211; audio &#8211;\u00a0<\/span><\/h1>\n<blockquote><p><strong>GIORNALE RADIO NAZIONALE, EDIZIONE DELLE SETTE <span style=\"color: #0000ff;\">viene pubblicato alle 7.05 <span style=\"color: #ff0000;\">DIRETTA RADIO\u00a0<\/span><\/span><\/strong><\/p><\/blockquote>\n<p><strong>il giornale radionazionale e&#8217; in onda ogni ora, dalle sette del mattino alle venti della sera\u00a0 \u00a0<\/strong><strong>\u00a0<\/strong><\/p>\n<p><strong>Palermo<\/strong> L&#8217;ex pm Natoli indagato per favoreggiamento &#8211; mafia &#8211;\u00a0 <strong>Napoli<\/strong> L&#8217;ex boss dei Casalesi Sandokan torna al 41 bis, la procura: &#8216;Stop alla collaborazione&#8217;<strong>Latina<\/strong> Ad Aprilia arresti per mafia, il sindaco ai domiciliari<strong>Milano<\/strong> Calci e insulti omofobi ai volontari da neonazisti tedeschi<br \/>\n<strong>Roma<\/strong> Omicidio Cerciello, ridotta la pena per gli americani nell&#8217;appello bis<strong>Bologna<\/strong> Strage 8 luglio attesa la sentenza di appello per Bellini<strong>Calabria<\/strong> Corruzione per appalti nella sanit\u00e0, tre arresti <strong>Bologna<\/strong> Sequestrata e violentata da tre ragazzi, arrestati<\/p>\n<h2>AUDIO dalle sette del mattino, ogni ora alla radio<\/h2>\n<audio class=\"wp-audio-shortcode\" id=\"audio-397550-5\" preload=\"none\" style=\"width: 100%;\" controls=\"controls\"><source type=\"audio\/mpeg\" src=\"https:\/\/www.radiopiu.net\/wordpress\/wp-content\/uploads\/2024\/07\/giornale07-3.mp3?_=5\" \/><a href=\"https:\/\/www.radiopiu.net\/wordpress\/wp-content\/uploads\/2024\/07\/giornale07-3.mp3\">https:\/\/www.radiopiu.net\/wordpress\/wp-content\/uploads\/2024\/07\/giornale07-3.mp3<\/a><\/audio>\n<p>&nbsp;<\/p>\n<p>&nbsp;<\/p>\n<hr \/>\n<p>&nbsp;<\/p>\n<p>&nbsp;<\/p>\n<h1><span style=\"color: #ff0000;\">I podcast informativi del mattino &#8211; video &#8211;\u00a0<\/span><\/h1>\n<h2><strong><a class=\"dt-pswp-item\" href=\"https:\/\/www.radiopiu.net\/wordpress\/wp-content\/uploads\/2023\/12\/th-10.jpg\" data-dt-img-description=\"\" data-large_image_width=\"245\" data-large_image_height=\"180\"><img loading=\"lazy\" decoding=\"async\" class=\" wp-image-367395 alignleft\" src=\"https:\/\/www.radiopiu.net\/wordpress\/wp-content\/uploads\/2023\/12\/th-10.jpg\" alt=\"\" width=\"166\" height=\"122\" \/><\/a>RASSEGNA STAMPA LOCALE, ORE OTTO 05<\/strong><\/h2>\n<h2><strong> <span style=\"color: #0000ff;\">viene\u00a0 <\/span><\/strong><strong><span style=\"color: #0000ff;\">pubblicata alle 8.05 <span style=\"color: #ff0000;\">DIRETTA RADIO\u00a0\u00a0<\/span><\/span><\/strong><\/h2>\n<p><strong>DI MIRKO MEZZACASA\u00a0 \u00a0<\/strong><button class=\"rounded-lg text-token-text-secondary hover:bg-token-main-surface-secondary\"><\/button><\/p>\n<p><strong>OGGI SUL Corriere delle Alpi E NOTIZIARI DI Radio Pi\u00f9<\/strong><\/p>\n<p><strong>VAL DI ZOLDO<\/strong> Due escavatori di Veneto Strade hanno iniziato a rimuovere i detriti che luned\u00ec pomeriggio hanno bloccato la strada provinciale 347 in Val di Goima, dopo un intenso acquazzone.La riapertura della SP 347 potrebbe richiedere diversi giorni di lavoro, sperando di poter ripristinare la circolazione almeno su una corsia entro luned\u00ec.<br \/>\n<strong>VENEZIA<\/strong> Anas ha pubblicato dati aggiornati riguardo al traffico sulla strada statale 51 &#8220;di Alemagna&#8221;, evidenziando che solo una piccola percentuale del traffico merci ha origine o destinazione al di fuori della Valle. Gli studi condotti dall&#8217;Universit\u00e0 di Padova dal 2006 hanno fornito un quadro dettagliato, confermando che il traffico pesante di attraversamento sulla tratta tra Pieve di Cadore e il Passo Cimabanche rappresenta circa il 5% del totale.<br \/>\n<strong>BELLUNO<\/strong> Il Prefetto Mariano Savastano \u00e8 in partenza per Cuneo, lascia la guida di\u00a0 Palazzo dei Rettori al successore Antonello Roccoberton, gi\u00e0 Prefetto delle Dolomiti alla fine degli anni Ottanta (anche se solo per un breve periodo). Antonello Roccoberton, 62 anni (dal 2019 Vicario in Prefettura a Treviso) ha lavorato in precedenza a Belluno, Rovigo e Venezia.<br \/>\n<strong>ALPAGO<\/strong> Il nuovo accordo integrativo firmato il 20 giugno presso Marchon Italia a Puos d\u2019Alpago introduce significativi miglioramenti per i 300 dipendenti, valido fino al 2026. Include il trattamento economico al 100% oltre i sei mesi di malattia grave, buoni pasto da 6 a 8 euro in tre anni, contributo aziendale per la previdenza complementare aumentato dal 2% al 2,5%, e nuove indennit\u00e0 per trasferte e turni. Il premio di risultato aumenta fino a 875 euro all&#8217;anno<br \/>\n<strong>FELTRE<\/strong> Il Comune di Feltre ha recentemente completato un intervento di ristrutturazione dei locali spogliatoio dell&#8217;area rugby presso l&#8217;impianto del Boscherai, risolvendo problemi di infiltrazioni e perdite d&#8217;acqua che avevano danneggiato i controsoffitti.<\/p>\n<h2><span style=\"color: #ff0000;\"><strong>VIDEO\u00a0 \u00a0in diretta dalle 8 del mattino\u00a0\u00a0<\/strong><\/span><\/h2>\n<p>&nbsp;<\/p>\n<p><a class=\"dt-pswp-item\" href=\"https:\/\/www.radiopiu.net\/wordpress\/wp-content\/uploads\/2024\/07\/copertina.png\" data-dt-img-description=\"\" data-large_image_width=\"501\" data-large_image_height=\"329\"><img loading=\"lazy\" decoding=\"async\" class=\"size-medium wp-image-397749 aligncenter\" src=\"https:\/\/www.radiopiu.net\/wordpress\/wp-content\/uploads\/2024\/07\/copertina-300x197.png\" alt=\"\" width=\"300\" height=\"197\" srcset=\"https:\/\/www.radiopiu.net\/wordpress\/wp-content\/uploads\/2024\/07\/copertina-300x197.png 300w, https:\/\/www.radiopiu.net\/wordpress\/wp-content\/uploads\/2024\/07\/copertina.png 501w\" sizes=\"auto, (max-width: 300px) 100vw, 300px\" \/><\/a><\/p>\n<hr \/>\n<p>&nbsp;<\/p>\n<p>&nbsp;<\/p>\n<p><strong><a class=\"dt-pswp-item\" href=\"https:\/\/www.radiopiu.net\/wordpress\/wp-content\/uploads\/2023\/12\/ANTENNA.png\" data-dt-img-description=\"\" data-large_image_width=\"300\" data-large_image_height=\"166\"><img loading=\"lazy\" decoding=\"async\" class=\" wp-image-366306 alignleft\" src=\"https:\/\/www.radiopiu.net\/wordpress\/wp-content\/uploads\/2023\/12\/ANTENNA.png\" alt=\"\" width=\"175\" height=\"97\" \/><\/a>IERI SERA, DAL TG DI ANTENNA 3, ogni sera alle 19 le anticipazioni alla radio, quello che poi seguirete nel TELEGIORNALE BELLUNESE\u00a0 in onda alle 19.30 sul CANALE 10 del digitale terrestre.\u00a0\u00a0<\/strong><\/p>\n<p>&nbsp;<\/p>\n<p><span style=\"color: #ff0000;\"><strong>\u00a0IERI SERA ALLA RADIO&#8230; LE ANTICIPAZIONI DI\u00a0 tiziana bolognani<\/strong><\/span><\/p>\n<audio class=\"wp-audio-shortcode\" id=\"audio-397550-6\" preload=\"none\" style=\"width: 100%;\" controls=\"controls\"><source type=\"audio\/mpeg\" src=\"https:\/\/www.radiopiu.net\/wordpress\/wp-content\/uploads\/2024\/07\/ANT.mp3?_=6\" \/><a href=\"https:\/\/www.radiopiu.net\/wordpress\/wp-content\/uploads\/2024\/07\/ANT.mp3\">https:\/\/www.radiopiu.net\/wordpress\/wp-content\/uploads\/2024\/07\/ANT.mp3<\/a><\/audio>\n<p><span style=\"color: #ff0000;\"><strong>\u00a0<\/strong><\/span><\/p>\n<hr \/>\n<p><strong>\u00a0 \u00a0<\/strong><\/p>\n<blockquote>\n<h3>GOSALDO E LIVINALLONGO: ACQUA INQUINATA<\/h3>\n<\/blockquote>\n<p><strong><img loading=\"lazy\" decoding=\"async\" class=\"alignleft\" src=\"https:\/\/www.radiopiu.net\/wordpress\/wp-content\/uploads\/2024\/05\/cantiere-municipio-Livinallongo-scaled.jpg\" width=\"231\" height=\"104\" \/><\/strong><b><\/b><\/p>\n<p><strong>GOSALDO<\/strong> in localit\u00e0 VALLASIN l&#8217;acqua erogata dall&#8217;acquedotto non \u00e8 potabile e pu\u00f2 essere usata per scopi alimentari SOLO PREVIA bollitura.<\/p>\n<p><strong>LIVINALLONGO<\/strong> Gestione Servizi Pubblici informa che a LIVINALLONGO DEL COL DI LANA in localit\u00e0 VARDA l&#8217;acqua erogata dall&#8217;acquedotto \u00e8 di nuovo potabile e pu\u00f2 essere usata, quindi, per scopi alimentari. Nelle localit\u00e0 COLLAZ e LARZONEI l&#8217;acqua erogata dall&#8217;acquedotto non \u00e8 potabile e pu\u00f2 essere usata per scopi alimentari SOLO PREVIA bollitura. GSP ha, comunque, gi\u00e0 adottato le necessarie misure per la disinfezione dell&#8217;acqua presente nei serbatoi e nella rete idrica con l&#8217;aggiunta di cloro.<\/p>\n<p>&nbsp;<\/p>\n<blockquote>\n<h3>LAVORI PROGRAMMATI BIM GSP<\/h3>\n<\/blockquote>\n<p>Gestione Servizi Pubblici informa che, per lavori alla rete idrica comunale, OGGI dalle 8:00 alle 17:00 verr\u00e0 sospesa l\u2019erogazione dell\u2019acqua a LIVINALLONGO DEL COL DI LANA, nelle Localit\u00e0 PALLA e AGA.<\/p>\n<p>&nbsp;<\/p>\n<hr \/>\n<p>&nbsp;<\/p>\n<blockquote>\n<h3>RICERCHE IN CORSO PER IL MANCATO RIENTRO DI UN TURISTA TEDESCO<\/h3>\n<\/blockquote>\n<p><strong><a class=\"dt-pswp-item\" href=\"https:\/\/www.radiopiu.net\/wordpress\/wp-content\/uploads\/2021\/09\/salt_20210904_182828_871.jpg\" data-dt-img-description=\"\" data-large_image_width=\"2364\" data-large_image_height=\"1773\"><img loading=\"lazy\" decoding=\"async\" class=\" wp-image-231136 alignleft\" src=\"https:\/\/www.radiopiu.net\/wordpress\/wp-content\/uploads\/2021\/09\/salt_20210904_182828_871-300x225.jpg\" alt=\"\" width=\"184\" height=\"138\" srcset=\"https:\/\/www.radiopiu.net\/wordpress\/wp-content\/uploads\/2021\/09\/salt_20210904_182828_871-300x225.jpg 300w, https:\/\/www.radiopiu.net\/wordpress\/wp-content\/uploads\/2021\/09\/salt_20210904_182828_871-1024x768.jpg 1024w, https:\/\/www.radiopiu.net\/wordpress\/wp-content\/uploads\/2021\/09\/salt_20210904_182828_871-768x576.jpg 768w, https:\/\/www.radiopiu.net\/wordpress\/wp-content\/uploads\/2021\/09\/salt_20210904_182828_871-1536x1152.jpg 1536w, https:\/\/www.radiopiu.net\/wordpress\/wp-content\/uploads\/2021\/09\/salt_20210904_182828_871-2048x1536.jpg 2048w\" sizes=\"auto, (max-width: 184px) 100vw, 184px\" \/><\/a>CORTINA<\/strong> Marted\u00ec sera attorno alle 21, su richiesta dei Carabinieri, \u00e8 stato attivato il Soccorso alpino di Cortina per la ricerca di un turista tedesco di 73 anni, che manca da sabato da un B&amp;B di Follina dove era arrivato da qualche settimana, tappa di un lungo giro. Il telefono dell&#8217;uomo, che ha lasciato nella struttura le sue cose, suona libero, ma lui non risponde e la tracciatura lo ha indicato dapprima nella zona di Col Drusci\u00e8, dove si sono subito concentrate le squadre nella notte, e poi nella zona di Pocol, dove i soccorritori si sono spostati senza rinvenire traccia dell&#8217;uomo. Sono presenti oltre al Soccorso alpino di Cortina e della Guardia di finanza, anche i Vigili del fuoco che stanno effettuando dei sorvoli con droni dotati di apparecchiatura Imsi Catcher, in grado di rilevare i cellulari.<\/p>\n<p>foto archivio<\/p>\n<p>&nbsp;<\/p>\n<hr \/>\n<p>&nbsp;<\/p>\n<blockquote>\n<h2>SESSANTENNE IN GRAVI CONDIZIONI A FORCELLA LAGAZUOI<\/h2>\n<\/blockquote>\n<p><strong><img loading=\"lazy\" decoding=\"async\" class=\"alignleft\" src=\"https:\/\/www.radiopiu.net\/wordpress\/wp-content\/uploads\/2020\/06\/ELICOTTERO-SUEM.jpg\" width=\"218\" height=\"122\" \/>REDAZIONE<\/strong> Anche ieri\u00a0 non sono mancate le chiamate d&#8217;emergenza per gli uomini e le donne del Suem. L&#8217;episodio pi\u00f9 grave nel pomeriggio a Forcella Lagazuoi, soccorso in condizioni molto gravi (cardiopalmo) un uomo di 61 anni. Da Brunico si \u00e8 alzato in volo l&#8217;elicottero dell&#8217;Aiut Alpin, precedentemente la chiamata per Falco, ma il volo \u00e8 stato annullato causa maltempo.<br \/>\nIn mattinata un 66enne tedesco in quad \u00e8 rimasto coinvolto nell&#8217;incidente stradale ad Auronzo lungo la strada statale. E&#8217; stato portato in elicottero a Belluno in condizioni di media gravit\u00e0.<\/p>\n<p>&nbsp;<\/p>\n<p>&nbsp;<\/p>\n<hr \/>\n<blockquote>\n<h3><\/h3>\n<h3>DUE ALPINISTI STRANIERI RECUPERATI SUI CADINI DI MISURINA<\/h3>\n<\/blockquote>\n<p><strong><a class=\"dt-pswp-item\" href=\"https:\/\/www.radiopiu.net\/wordpress\/wp-content\/uploads\/2021\/12\/salt-suem.jpg\" data-dt-img-description=\"\" data-large_image_width=\"1440\" data-large_image_height=\"1080\"><img loading=\"lazy\" decoding=\"async\" class=\" wp-image-247613 alignleft\" src=\"https:\/\/www.radiopiu.net\/wordpress\/wp-content\/uploads\/2021\/12\/salt-suem-300x225.jpg\" alt=\"\" width=\"169\" height=\"127\" srcset=\"https:\/\/www.radiopiu.net\/wordpress\/wp-content\/uploads\/2021\/12\/salt-suem-300x225.jpg 300w, https:\/\/www.radiopiu.net\/wordpress\/wp-content\/uploads\/2021\/12\/salt-suem-1024x768.jpg 1024w, https:\/\/www.radiopiu.net\/wordpress\/wp-content\/uploads\/2021\/12\/salt-suem-768x576.jpg 768w, https:\/\/www.radiopiu.net\/wordpress\/wp-content\/uploads\/2021\/12\/salt-suem.jpg 1440w\" sizes=\"auto, (max-width: 169px) 100vw, 169px\" \/><\/a>MISURINA <\/strong>L&#8217;intervento del Soccorso alpino di Auronzo e dell&#8217;elicottero dell&#8217;Aiut Alpin Dolomites di Bolzano si \u00e8 concluso attorno alle 2 di ieri. Due alpinisti, un moldavo di 35 anni e una rumena di 30, erano rimasti incrodati al rientro dalla scalata della Torre Wundt nei Cadini di Misurina. Dopo aver raggiunto la cima, avevano sbagliato il percorso di discesa, rimanendo bloccati. Hanno lanciato un SOS tramite un sistema satellitare. Attivati poco prima delle 22, i soccorritori li hanno individuati con droni dotati di termocamera. A causa del peggioramento delle condizioni meteo, \u00e8 stato richiesto l&#8217;intervento dell&#8217;elicottero, che ha recuperato la coppia con il verricello.<\/p>\n\n\t\t\t<style type='text\/css'>\n\t\t\t\t#gallery-2 {\n\t\t\t\t\tmargin: auto;\n\t\t\t\t}\n\t\t\t\t#gallery-2 .gallery-item {\n\t\t\t\t\tfloat: left;\n\t\t\t\t\tmargin-top: 10px;\n\t\t\t\t\ttext-align: center;\n\t\t\t\t\twidth: 33%;\n\t\t\t\t}\n\t\t\t\t#gallery-2 img {\n\t\t\t\t\tborder: 2px solid #cfcfcf;\n\t\t\t\t}\n\t\t\t\t#gallery-2 .gallery-caption {\n\t\t\t\t\tmargin-left: 0;\n\t\t\t\t}\n\t\t\t\t\/* see gallery_shortcode() in wp-includes\/media.php *\/\n\t\t\t<\/style>\n\t\t<div id='gallery-2' class='dt-gallery-container gallery galleryid-397550 gallery-columns-3 gallery-size-thumbnail'><dl class='gallery-item'>\n\t\t\t\t<dt class='gallery-icon portrait'>\n\t\t\t\t\t<a class=\"rollover rollover-zoom dt-pswp-item\" title=\"e36a3e89-d64c-4b28-88dd-84d00d6381d6\" data-dt-img-description=\"\" data-large_image_width=\"961\" data-large_image_height=\"1280\"href='https:\/\/www.radiopiu.net\/wordpress\/wp-content\/uploads\/2024\/07\/e36a3e89-d64c-4b28-88dd-84d00d6381d6.jpg'><img loading=\"lazy\" decoding=\"async\" width=\"150\" height=\"150\" src=\"https:\/\/www.radiopiu.net\/wordpress\/wp-content\/uploads\/2024\/07\/e36a3e89-d64c-4b28-88dd-84d00d6381d6-150x150.jpg\" class=\"attachment-thumbnail size-thumbnail\" alt=\"\" \/><\/a>\n\t\t\t\t<\/dt><\/dl><dl class='gallery-item'>\n\t\t\t\t<dt class='gallery-icon landscape'>\n\t\t\t\t\t<a class=\"rollover rollover-zoom dt-pswp-item\" title=\"542d46b2-c69a-4011-a3ed-dbe8426eb967\" data-dt-img-description=\"\" data-large_image_width=\"1280\" data-large_image_height=\"704\"href='https:\/\/www.radiopiu.net\/wordpress\/wp-content\/uploads\/2024\/07\/542d46b2-c69a-4011-a3ed-dbe8426eb967.jpg'><img loading=\"lazy\" decoding=\"async\" width=\"150\" height=\"150\" src=\"https:\/\/www.radiopiu.net\/wordpress\/wp-content\/uploads\/2024\/07\/542d46b2-c69a-4011-a3ed-dbe8426eb967-150x150.jpg\" class=\"attachment-thumbnail size-thumbnail\" alt=\"\" \/><\/a>\n\t\t\t\t<\/dt><\/dl><dl class='gallery-item'>\n\t\t\t\t<dt class='gallery-icon portrait'>\n\t\t\t\t\t<a class=\"rollover rollover-zoom dt-pswp-item\" title=\"cdfad870-62cc-40e4-a19e-66c897a5598e\" data-dt-img-description=\"\" data-large_image_width=\"961\" data-large_image_height=\"1280\"href='https:\/\/www.radiopiu.net\/wordpress\/wp-content\/uploads\/2024\/07\/cdfad870-62cc-40e4-a19e-66c897a5598e.jpg'><img loading=\"lazy\" decoding=\"async\" width=\"150\" height=\"150\" src=\"https:\/\/www.radiopiu.net\/wordpress\/wp-content\/uploads\/2024\/07\/cdfad870-62cc-40e4-a19e-66c897a5598e-150x150.jpg\" class=\"attachment-thumbnail size-thumbnail\" alt=\"\" \/><\/a>\n\t\t\t\t<\/dt><\/dl><br style=\"clear: both\" \/>\n\t\t\t<\/div>\n\n<p><strong>\u00a0<\/strong><\/p>\n<p><strong>SOCCORSO CERCATORE DI FUNGHI<\/strong><\/p>\n<div><strong><a href=\"https:\/\/www.radiopiu.net\/wordpress\/wp-content\/uploads\/2022\/02\/mushrooms-548360__340.webp\"><img loading=\"lazy\" decoding=\"async\" class=\"wp-image-262157 alignleft\" src=\"https:\/\/www.radiopiu.net\/wordpress\/wp-content\/uploads\/2022\/02\/mushrooms-548360__340-300x200.webp\" alt=\"\" width=\"155\" height=\"103\" srcset=\"https:\/\/www.radiopiu.net\/wordpress\/wp-content\/uploads\/2022\/02\/mushrooms-548360__340-300x200.webp 300w, https:\/\/www.radiopiu.net\/wordpress\/wp-content\/uploads\/2022\/02\/mushrooms-548360__340.webp 510w\" sizes=\"auto, (max-width: 155px) 100vw, 155px\" \/><\/a>BORCA DI CADORE\u00a0 Un <\/strong>cercatore di funghi \u00e8 scivolato nel bosco in una zona non ben definita, riportando un sospetto trauma alla caviglia che gli impediva di rientrare autonomamente. Risaliti alla probabile zona in cui doveva trovarsi il 62enne di San Vito di Cadore &#8211; tra Ponte Cancia e la soprastante cascata &#8211; sette soccorritori sono partiti a cercarlo. Una volta individuato e raggiunto fuori sentiero, la squadra gli ha immobilizzato la parte dolorante, per poi caricarlo in barella e trasportarlo 500 metri a piedi fino alla strada, dove attendeva l&#8217;ambulanza.<\/div>\n<div><\/div>\n<div><\/div>\n<hr \/>\n<p>&nbsp;<\/p>\n<blockquote>\n<h3>Incendio di Due Auto a Castellavazzo<\/h3>\n<\/blockquote>\n<p><strong>CASTELLAVAZZO\u00a0<\/strong><\/p>\n<div class=\"flex flex-grow flex-col max-w-full\">\n<div class=\"min-h-[20px] text-message flex flex-col items-start whitespace-pre-wrap break-words [.text-message+&amp;]:mt-5 juice:w-full juice:items-end overflow-x-auto gap-2\" dir=\"auto\" data-message-author-role=\"assistant\" data-message-id=\"71ffa6b4-166a-4467-8738-e439066382e7\">\n<div class=\"flex w-full flex-col gap-1 juice:empty:hidden juice:first:pt-[3px]\">\n<div class=\"markdown prose w-full break-words dark:prose-invert dark\">\n<p>Nella notte tra marted\u00ec e mercoled\u00ec, due auto sono andate a fuoco in via Roma a Castellavazzo, costringendo una famiglia a fuggire dall&#8217;abitazione vicina. Nessuno \u00e8 rimasto ferito e i vigili del fuoco, arrivati da Belluno con il supporto dei volontari di Longarone, hanno evitato ulteriori danni. Le cause del rogo, che ha annerito la facciata della casa, sono ancora incerte: si stanno verificando se sia stato accidentale o doloso. L&#8217;auto da cui \u00e8 partito l&#8217;incendio \u00e8 stata sequestrata per indagini.<\/p>\n<\/div>\n<\/div>\n<\/div>\n<\/div>\n<div class=\"mt-1 flex gap-3 empty:hidden juice:-ml-3\">\n<div class=\"items-center justify-start rounded-xl p-1 flex\">\n<div class=\"flex items-center\">\n<div class=\"flex items-center pb-0.5 juice:pb-0\">\n<div class=\"[&amp;_svg]:h-full [&amp;_svg]:w-full icon-md h-4 w-4\"><\/div>\n<\/div>\n<\/div>\n<\/div>\n<\/div>\n\n\t\t\t<style type='text\/css'>\n\t\t\t\t#gallery-3 {\n\t\t\t\t\tmargin: auto;\n\t\t\t\t}\n\t\t\t\t#gallery-3 .gallery-item {\n\t\t\t\t\tfloat: left;\n\t\t\t\t\tmargin-top: 10px;\n\t\t\t\t\ttext-align: center;\n\t\t\t\t\twidth: 20%;\n\t\t\t\t}\n\t\t\t\t#gallery-3 img {\n\t\t\t\t\tborder: 2px solid #cfcfcf;\n\t\t\t\t}\n\t\t\t\t#gallery-3 .gallery-caption {\n\t\t\t\t\tmargin-left: 0;\n\t\t\t\t}\n\t\t\t\t\/* see gallery_shortcode() in wp-includes\/media.php *\/\n\t\t\t<\/style>\n\t\t<div id='gallery-3' class='dt-gallery-container gallery galleryid-397550 gallery-columns-5 gallery-size-thumbnail'><dl class='gallery-item'>\n\t\t\t\t<dt class='gallery-icon landscape'>\n\t\t\t\t\t<a class=\"rollover\" href='https:\/\/www.radiopiu.net\/wordpress\/incendio-di-due-auto-a-castellavazzo\/5b1aaf92-c779-4976-b5a5-c5e5ecb0c22f\/'><img loading=\"lazy\" decoding=\"async\" width=\"150\" height=\"150\" src=\"https:\/\/www.radiopiu.net\/wordpress\/wp-content\/uploads\/2024\/07\/5b1aaf92-c779-4976-b5a5-c5e5ecb0c22f-150x150.jpg\" class=\"attachment-thumbnail size-thumbnail\" alt=\"\" \/><\/a>\n\t\t\t\t<\/dt><\/dl><dl class='gallery-item'>\n\t\t\t\t<dt class='gallery-icon landscape'>\n\t\t\t\t\t<a class=\"rollover\" href='https:\/\/www.radiopiu.net\/wordpress\/incendio-di-due-auto-a-castellavazzo\/18f98d9d-6a56-47d0-a460-cb364dc6ca72\/'><img loading=\"lazy\" decoding=\"async\" width=\"150\" height=\"150\" src=\"https:\/\/www.radiopiu.net\/wordpress\/wp-content\/uploads\/2024\/07\/18f98d9d-6a56-47d0-a460-cb364dc6ca72-150x150.jpg\" class=\"attachment-thumbnail size-thumbnail\" alt=\"\" \/><\/a>\n\t\t\t\t<\/dt><\/dl><dl class='gallery-item'>\n\t\t\t\t<dt class='gallery-icon landscape'>\n\t\t\t\t\t<a class=\"rollover\" href='https:\/\/www.radiopiu.net\/wordpress\/incendio-di-due-auto-a-castellavazzo\/536696ee-bd19-4bd8-a410-fb58bb92e041\/'><img loading=\"lazy\" decoding=\"async\" width=\"150\" height=\"150\" src=\"https:\/\/www.radiopiu.net\/wordpress\/wp-content\/uploads\/2024\/07\/536696ee-bd19-4bd8-a410-fb58bb92e041-150x150.jpg\" class=\"attachment-thumbnail size-thumbnail\" alt=\"\" \/><\/a>\n\t\t\t\t<\/dt><\/dl><dl class='gallery-item'>\n\t\t\t\t<dt class='gallery-icon landscape'>\n\t\t\t\t\t<a class=\"rollover\" href='https:\/\/www.radiopiu.net\/wordpress\/incendio-di-due-auto-a-castellavazzo\/6ccbe159-f52a-4166-849b-e5b46b51040d\/'><img loading=\"lazy\" decoding=\"async\" width=\"150\" height=\"150\" src=\"https:\/\/www.radiopiu.net\/wordpress\/wp-content\/uploads\/2024\/07\/6ccbe159-f52a-4166-849b-e5b46b51040d-150x150.jpg\" class=\"attachment-thumbnail size-thumbnail\" alt=\"\" \/><\/a>\n\t\t\t\t<\/dt><\/dl><dl class='gallery-item'>\n\t\t\t\t<dt class='gallery-icon landscape'>\n\t\t\t\t\t<a class=\"rollover\" href='https:\/\/www.radiopiu.net\/wordpress\/incendio-di-due-auto-a-castellavazzo\/cd1e9ed1-6c83-4235-9563-9bb97bea8ecb\/'><img loading=\"lazy\" decoding=\"async\" width=\"150\" height=\"150\" src=\"https:\/\/www.radiopiu.net\/wordpress\/wp-content\/uploads\/2024\/07\/cd1e9ed1-6c83-4235-9563-9bb97bea8ecb-150x150.jpg\" class=\"attachment-thumbnail size-thumbnail\" alt=\"\" \/><\/a>\n\t\t\t\t<\/dt><\/dl><br style=\"clear: both\" \/>\n\t\t\t<\/div>\n\n<p>&nbsp;<\/p>\n<hr \/>\n<p>&nbsp;<\/p>\n<blockquote>\n<h3>EFFETTI DEL MALTEMPO, IERI SERA<\/h3>\n<h3>Strada secondaria Casoni, albero in mezzo la strada<br \/>\nCHAT VIABILITA PROVINCIA BELLUNO V P B<\/h3>\n<\/blockquote>\n<h3><a class=\"dt-pswp-item\" href=\"https:\/\/www.radiopiu.net\/wordpress\/wp-content\/uploads\/2024\/07\/SS.jpg\" data-dt-img-description=\"\" data-large_image_width=\"1280\" data-large_image_height=\"960\"><img loading=\"lazy\" decoding=\"async\" class=\"size-medium wp-image-397725 aligncenter\" src=\"https:\/\/www.radiopiu.net\/wordpress\/wp-content\/uploads\/2024\/07\/SS-300x225.jpg\" alt=\"\" width=\"300\" height=\"225\" srcset=\"https:\/\/www.radiopiu.net\/wordpress\/wp-content\/uploads\/2024\/07\/SS-300x225.jpg 300w, https:\/\/www.radiopiu.net\/wordpress\/wp-content\/uploads\/2024\/07\/SS-1024x768.jpg 1024w, https:\/\/www.radiopiu.net\/wordpress\/wp-content\/uploads\/2024\/07\/SS-768x576.jpg 768w, https:\/\/www.radiopiu.net\/wordpress\/wp-content\/uploads\/2024\/07\/SS.jpg 1280w\" sizes=\"auto, (max-width: 300px) 100vw, 300px\" \/><\/a><\/h3>\n<p>&nbsp;<\/p>\n<p>&nbsp;<\/p>\n<hr \/>\n<blockquote>\n<h3><\/h3>\n<h3>Frana Blocca Strada del Passo Duran: Lavori in Corso<\/h3>\n<\/blockquote>\n<p><strong>VAL DI ZOLDO <\/strong>Due escavatori di Veneto Strade hanno iniziato a rimuovere i detriti che luned\u00ec pomeriggio hanno bloccato la strada provinciale 347 in Val di Goima, dopo un intenso acquazzone. Il sindaco di Val di Zoldo, Camillo De Pellegrin, ha espresso soddisfazione per l&#8217;intervento, anche se le tempistiche per la riapertura restano incerte. I detriti saranno utilizzati per argini temporanei e successivamente depositati in zone individuate dal Comune. Non verranno rimossi dalla Val di Goima per evitare ulteriori problemi di viabilit\u00e0. La riapertura della SP 347 potrebbe richiedere diversi giorni di lavoro, sperando di poter ripristinare la circolazione almeno su una corsia entro luned\u00ec.<\/p>\n<div class=\"mt-1 flex gap-3 empty:hidden juice:-ml-3\">\n<div class=\"items-center justify-start rounded-xl p-1 flex\">\n<div class=\"flex items-center\">\n<div class=\"flex\"><span style=\"color: #ff0000;\"><strong>FOTO SINDACO VAL DI ZOLDO CAMILLO DE PELLEGRIN\u00a0<\/strong><\/span><\/div>\n<div><\/div>\n<div>\n\n\t\t\t<style type='text\/css'>\n\t\t\t\t#gallery-4 {\n\t\t\t\t\tmargin: auto;\n\t\t\t\t}\n\t\t\t\t#gallery-4 .gallery-item {\n\t\t\t\t\tfloat: left;\n\t\t\t\t\tmargin-top: 10px;\n\t\t\t\t\ttext-align: center;\n\t\t\t\t\twidth: 20%;\n\t\t\t\t}\n\t\t\t\t#gallery-4 img {\n\t\t\t\t\tborder: 2px solid #cfcfcf;\n\t\t\t\t}\n\t\t\t\t#gallery-4 .gallery-caption {\n\t\t\t\t\tmargin-left: 0;\n\t\t\t\t}\n\t\t\t\t\/* see gallery_shortcode() in wp-includes\/media.php *\/\n\t\t\t<\/style>\n\t\t<div id='gallery-4' class='dt-gallery-container gallery galleryid-397550 gallery-columns-5 gallery-size-thumbnail'><dl class='gallery-item'>\n\t\t\t\t<dt class='gallery-icon portrait'>\n\t\t\t\t\t<a class=\"rollover rollover-zoom dt-pswp-item\" title=\"449702863_894580252699079_6916691441916704751_n\" data-dt-img-description=\"\" data-large_image_width=\"1200\" data-large_image_height=\"1600\"href='https:\/\/www.radiopiu.net\/wordpress\/wp-content\/uploads\/2024\/07\/449702863_894580252699079_6916691441916704751_n.jpg'><img loading=\"lazy\" decoding=\"async\" width=\"150\" height=\"150\" src=\"https:\/\/www.radiopiu.net\/wordpress\/wp-content\/uploads\/2024\/07\/449702863_894580252699079_6916691441916704751_n-150x150.jpg\" class=\"attachment-thumbnail size-thumbnail\" alt=\"\" \/><\/a>\n\t\t\t\t<\/dt><\/dl><dl class='gallery-item'>\n\t\t\t\t<dt class='gallery-icon portrait'>\n\t\t\t\t\t<a class=\"rollover rollover-zoom dt-pswp-item\" title=\"449703797_894580399365731_2069520585670588339_n\" data-dt-img-description=\"\" data-large_image_width=\"1200\" data-large_image_height=\"1600\"href='https:\/\/www.radiopiu.net\/wordpress\/wp-content\/uploads\/2024\/07\/449703797_894580399365731_2069520585670588339_n.jpg'><img loading=\"lazy\" decoding=\"async\" width=\"150\" height=\"150\" src=\"https:\/\/www.radiopiu.net\/wordpress\/wp-content\/uploads\/2024\/07\/449703797_894580399365731_2069520585670588339_n-150x150.jpg\" class=\"attachment-thumbnail size-thumbnail\" alt=\"\" \/><\/a>\n\t\t\t\t<\/dt><\/dl><dl class='gallery-item'>\n\t\t\t\t<dt class='gallery-icon portrait'>\n\t\t\t\t\t<a class=\"rollover rollover-zoom dt-pswp-item\" title=\"449703856_894580336032404_1061498853147926014_n\" data-dt-img-description=\"\" data-large_image_width=\"1200\" data-large_image_height=\"1600\"href='https:\/\/www.radiopiu.net\/wordpress\/wp-content\/uploads\/2024\/07\/449703856_894580336032404_1061498853147926014_n.jpg'><img loading=\"lazy\" decoding=\"async\" width=\"150\" height=\"150\" src=\"https:\/\/www.radiopiu.net\/wordpress\/wp-content\/uploads\/2024\/07\/449703856_894580336032404_1061498853147926014_n-150x150.jpg\" class=\"attachment-thumbnail size-thumbnail\" alt=\"\" \/><\/a>\n\t\t\t\t<\/dt><\/dl><dl class='gallery-item'>\n\t\t\t\t<dt class='gallery-icon portrait'>\n\t\t\t\t\t<a class=\"rollover rollover-zoom dt-pswp-item\" title=\"449704019_894580502699054_5280923097092802344_n\" data-dt-img-description=\"\" data-large_image_width=\"1200\" data-large_image_height=\"1600\"href='https:\/\/www.radiopiu.net\/wordpress\/wp-content\/uploads\/2024\/07\/449704019_894580502699054_5280923097092802344_n.jpg'><img loading=\"lazy\" decoding=\"async\" width=\"150\" height=\"150\" src=\"https:\/\/www.radiopiu.net\/wordpress\/wp-content\/uploads\/2024\/07\/449704019_894580502699054_5280923097092802344_n-150x150.jpg\" class=\"attachment-thumbnail size-thumbnail\" alt=\"\" \/><\/a>\n\t\t\t\t<\/dt><\/dl><dl class='gallery-item'>\n\t\t\t\t<dt class='gallery-icon portrait'>\n\t\t\t\t\t<a class=\"rollover rollover-zoom dt-pswp-item\" title=\"449735130_894580346032403_8769017903032521321_n\" data-dt-img-description=\"\" data-large_image_width=\"1200\" data-large_image_height=\"1600\"href='https:\/\/www.radiopiu.net\/wordpress\/wp-content\/uploads\/2024\/07\/449735130_894580346032403_8769017903032521321_n.jpg'><img loading=\"lazy\" decoding=\"async\" width=\"150\" height=\"150\" src=\"https:\/\/www.radiopiu.net\/wordpress\/wp-content\/uploads\/2024\/07\/449735130_894580346032403_8769017903032521321_n-150x150.jpg\" class=\"attachment-thumbnail size-thumbnail\" alt=\"\" \/><\/a>\n\t\t\t\t<\/dt><\/dl><br style=\"clear: both\" \/><dl class='gallery-item'>\n\t\t\t\t<dt class='gallery-icon portrait'>\n\t\t\t\t\t<a class=\"rollover rollover-zoom dt-pswp-item\" title=\"449314907_894580422699062_7521683758709231664_n\" data-dt-img-description=\"\" data-large_image_width=\"1200\" data-large_image_height=\"1600\"href='https:\/\/www.radiopiu.net\/wordpress\/wp-content\/uploads\/2024\/07\/449314907_894580422699062_7521683758709231664_n.jpg'><img loading=\"lazy\" decoding=\"async\" width=\"150\" height=\"150\" src=\"https:\/\/www.radiopiu.net\/wordpress\/wp-content\/uploads\/2024\/07\/449314907_894580422699062_7521683758709231664_n-150x150.jpg\" class=\"attachment-thumbnail size-thumbnail\" alt=\"\" \/><\/a>\n\t\t\t\t<\/dt><\/dl><dl class='gallery-item'>\n\t\t\t\t<dt class='gallery-icon portrait'>\n\t\t\t\t\t<a class=\"rollover rollover-zoom dt-pswp-item\" title=\"449317725_894580456032392_177878495582199854_n\" data-dt-img-description=\"\" data-large_image_width=\"1200\" data-large_image_height=\"1600\"href='https:\/\/www.radiopiu.net\/wordpress\/wp-content\/uploads\/2024\/07\/449317725_894580456032392_177878495582199854_n.jpg'><img loading=\"lazy\" decoding=\"async\" width=\"150\" height=\"150\" src=\"https:\/\/www.radiopiu.net\/wordpress\/wp-content\/uploads\/2024\/07\/449317725_894580456032392_177878495582199854_n-150x150.jpg\" class=\"attachment-thumbnail size-thumbnail\" alt=\"\" \/><\/a>\n\t\t\t\t<\/dt><\/dl><dl class='gallery-item'>\n\t\t\t\t<dt class='gallery-icon portrait'>\n\t\t\t\t\t<a class=\"rollover rollover-zoom dt-pswp-item\" title=\"449342555_894580476032390_8177588858313051239_n\" data-dt-img-description=\"\" data-large_image_width=\"1200\" data-large_image_height=\"1600\"href='https:\/\/www.radiopiu.net\/wordpress\/wp-content\/uploads\/2024\/07\/449342555_894580476032390_8177588858313051239_n.jpg'><img loading=\"lazy\" decoding=\"async\" width=\"150\" height=\"150\" src=\"https:\/\/www.radiopiu.net\/wordpress\/wp-content\/uploads\/2024\/07\/449342555_894580476032390_8177588858313051239_n-150x150.jpg\" class=\"attachment-thumbnail size-thumbnail\" alt=\"\" \/><\/a>\n\t\t\t\t<\/dt><\/dl><dl class='gallery-item'>\n\t\t\t\t<dt class='gallery-icon portrait'>\n\t\t\t\t\t<a class=\"rollover rollover-zoom dt-pswp-item\" title=\"449615629_894580266032411_7072442292225940791_n\" data-dt-img-description=\"\" data-large_image_width=\"1200\" data-large_image_height=\"1600\"href='https:\/\/www.radiopiu.net\/wordpress\/wp-content\/uploads\/2024\/07\/449615629_894580266032411_7072442292225940791_n.jpg'><img loading=\"lazy\" decoding=\"async\" width=\"150\" height=\"150\" src=\"https:\/\/www.radiopiu.net\/wordpress\/wp-content\/uploads\/2024\/07\/449615629_894580266032411_7072442292225940791_n-150x150.jpg\" class=\"attachment-thumbnail size-thumbnail\" alt=\"\" \/><\/a>\n\t\t\t\t<\/dt><\/dl><dl class='gallery-item'>\n\t\t\t\t<dt class='gallery-icon portrait'>\n\t\t\t\t\t<a class=\"rollover rollover-zoom dt-pswp-item\" title=\"449702807_894580379365733_8050879571106552067_n\" data-dt-img-description=\"\" data-large_image_width=\"1200\" data-large_image_height=\"1600\"href='https:\/\/www.radiopiu.net\/wordpress\/wp-content\/uploads\/2024\/07\/449702807_894580379365733_8050879571106552067_n.jpg'><img loading=\"lazy\" decoding=\"async\" width=\"150\" height=\"150\" src=\"https:\/\/www.radiopiu.net\/wordpress\/wp-content\/uploads\/2024\/07\/449702807_894580379365733_8050879571106552067_n-150x150.jpg\" class=\"attachment-thumbnail size-thumbnail\" alt=\"\" \/><\/a>\n\t\t\t\t<\/dt><\/dl><br style=\"clear: both\" \/>\n\t\t\t<\/div>\n\n<\/div>\n<\/div>\n<\/div>\n<\/div>\n<p>&nbsp;<\/p>\n<hr \/>\n<p>&nbsp;<\/p>\n<blockquote>\n<h3>TRAFFICO DI MEZZI PESANTI SULLA SS51 DI ALEMAGNA. ANAS FORNISCE I DATI<\/h3>\n<\/blockquote>\n<p><strong><a class=\"dt-pswp-item\" href=\"https:\/\/www.radiopiu.net\/wordpress\/wp-content\/uploads\/2021\/06\/anas.png\" data-dt-img-description=\"\" data-large_image_width=\"299\" data-large_image_height=\"169\"><img loading=\"lazy\" decoding=\"async\" class=\" wp-image-213422 alignleft\" src=\"https:\/\/www.radiopiu.net\/wordpress\/wp-content\/uploads\/2021\/06\/anas.png\" alt=\"\" width=\"196\" height=\"111\" \/><\/a>VENEZIA<\/strong> Anas ha pubblicato dati aggiornati riguardo al traffico sulla strada statale 51 &#8220;di Alemagna&#8221;, evidenziando che solo una piccola percentuale del traffico merci ha origine o destinazione al di fuori della Valle. Gli studi condotti dall&#8217;Universit\u00e0 di Padova dal 2006 hanno fornito un quadro dettagliato, confermando che il traffico pesante di attraversamento sulla tratta tra Pieve di Cadore e il Passo Cimabanche rappresenta circa il 5% del totale. Nel 2023, la media giornaliera nella sezione di Pieve di Cadore \u00e8 stata di 6.354 veicoli leggeri e 321 veicoli pesanti, con meno di 30 veicoli pesanti di attraversamento rilevati statisticamente. Anas sottolinea che limitare indiscriminatamente il transito dei mezzi pesanti avrebbe un impatto negativo sull&#8217;economia locale. Proposte mirate al traffico di attraversamento sono considerate difficili da attuare e potrebbero non migliorare significativamente la fluidit\u00e0 del traffico. Anas si dichiara disponibile a collaborare con gli Amministratori locali per valutare soluzioni scientifiche e sperimentali per mitigare gli effetti del traffico pesante sulla SS51.<\/p>\n<p>&nbsp;<\/p>\n<hr \/>\n<p>&nbsp;<\/p>\n<blockquote>\n<h3>PASSAGGIO DI TESTIMONE IN PREFETTURA, ECCO IL PREFETTO DELLE OLIMPIADI 2026<\/h3>\n<\/blockquote>\n<p><strong>Il Consiglio dei Ministri, su proposta del Ministro dell\u2019interno Matteo Piantedosi, ha deliberato le nomine e il movimento di prefetti\u00a0<\/strong><\/p>\n\n\t\t\t<style type='text\/css'>\n\t\t\t\t#gallery-5 {\n\t\t\t\t\tmargin: auto;\n\t\t\t\t}\n\t\t\t\t#gallery-5 .gallery-item {\n\t\t\t\t\tfloat: left;\n\t\t\t\t\tmargin-top: 10px;\n\t\t\t\t\ttext-align: center;\n\t\t\t\t\twidth: 50%;\n\t\t\t\t}\n\t\t\t\t#gallery-5 img {\n\t\t\t\t\tborder: 2px solid #cfcfcf;\n\t\t\t\t}\n\t\t\t\t#gallery-5 .gallery-caption {\n\t\t\t\t\tmargin-left: 0;\n\t\t\t\t}\n\t\t\t\t\/* see gallery_shortcode() in wp-includes\/media.php *\/\n\t\t\t<\/style>\n\t\t<div id='gallery-5' class='dt-gallery-container gallery galleryid-397550 gallery-columns-2 gallery-size-thumbnail'><dl class='gallery-item'>\n\t\t\t\t<dt class='gallery-icon landscape'>\n\t\t\t\t\t<a class=\"rollover rollover-zoom dt-pswp-item\" title=\"maxresdefault\" data-dt-img-description=\"\" data-large_image_width=\"1280\" data-large_image_height=\"720\"href='https:\/\/www.radiopiu.net\/wordpress\/wp-content\/uploads\/2024\/07\/maxresdefault.jpg'><img loading=\"lazy\" decoding=\"async\" width=\"150\" height=\"150\" src=\"https:\/\/www.radiopiu.net\/wordpress\/wp-content\/uploads\/2024\/07\/maxresdefault-150x150.jpg\" class=\"attachment-thumbnail size-thumbnail\" alt=\"\" aria-describedby=\"gallery-5-397742\" \/><\/a>\n\t\t\t\t<\/dt>\n\t\t\t\t\t<dd class='wp-caption-text gallery-caption' id='gallery-5-397742'>\n\t\t\t\t\tMARIANO SAVASTANO\n\t\t\t\t\t<\/dd><\/dl><dl class='gallery-item'>\n\t\t\t\t<dt class='gallery-icon landscape'>\n\t\t\t\t\t<a class=\"rollover rollover-zoom dt-pswp-item\" title=\"tsh\" data-dt-img-description=\"\" data-large_image_width=\"300\" data-large_image_height=\"180\"href='https:\/\/www.radiopiu.net\/wordpress\/wp-content\/uploads\/2024\/07\/tsh.jpg'><img loading=\"lazy\" decoding=\"async\" width=\"150\" height=\"150\" src=\"https:\/\/www.radiopiu.net\/wordpress\/wp-content\/uploads\/2024\/07\/tsh-150x150.jpg\" class=\"attachment-thumbnail size-thumbnail\" alt=\"\" aria-describedby=\"gallery-5-397743\" \/><\/a>\n\t\t\t\t<\/dt>\n\t\t\t\t\t<dd class='wp-caption-text gallery-caption' id='gallery-5-397743'>\n\t\t\t\t\tANTONELLO ROCCOBERTON\n\t\t\t\t\t<\/dd><\/dl><br style=\"clear: both\" \/>\n\t\t\t<\/div>\n\n<p><strong>BELLUNO<\/strong> Il Prefetto Mariano Savastano \u00e8 in partenza per Cuneo, lascia la guida di\u00a0 Palazzo dei Rettori al successore Antonello Roccoberton, gi\u00e0 Prefetto delle Dolomiti alla fine degli anni Ottanta (anche se solo per un breve periodo).<br \/>\nAntonello Roccoberton, 62 anni (dal 2019 Vicario in Prefettura a Treviso) ha lavorato in precedenza a Belluno, Rovigo e Venezia.\u00a0 Ha svolto l&#8217;incarico di Dirigente dell&#8217;Area Raccordo con gli enti locali, consultazioni elettorali e la funzione di dirigente dell&#8217;Area Diritti civili, cittadinanza, condizione giuridica dello straniero, immigrazione e diritto d&#8217;asilo. Ha inoltre svolto le funzioni,\u00a0 di Presidente della Commissione territoriale per il riconoscimento della protezione internazionale di Verona \u2013 Sezione di Padova.<\/p>\n<blockquote>\n<h3>Buon lavoro al Prefetto fresco di nomina, il grazie per l&#8217;impegno a Mariano Savastano<\/h3>\n<h3><\/h3>\n<\/blockquote>\n<p>&nbsp;<\/p>\n<p>&nbsp;<\/p>\n<hr \/>\n<p>&nbsp;<\/p>\n<blockquote>\n<h1 class=\"_title post-title entry-title\"><a class=\"dt-pswp-item\" href=\"https:\/\/www.radiopiu.net\/wordpress\/wp-content\/uploads\/2023\/12\/ANTENNA.png\" data-dt-img-description=\"\" data-large_image_width=\"300\" data-large_image_height=\"166\"><img loading=\"lazy\" decoding=\"async\" class=\"wp-image-366306 alignleft\" src=\"https:\/\/www.radiopiu.net\/wordpress\/wp-content\/uploads\/2023\/12\/ANTENNA.png\" alt=\"\" width=\"123\" height=\"68\" \/><\/a>BELLUNO | OMICIDIO COSTA, DAVANTI AI GIUDICI SFILA IL \u2018BLACK OUT\u2019 DEI TESTI<\/h1>\n<\/blockquote>\n<p>PAOLO SERRANGELI (LEGALE DI PEDRO DOMINGUEZ) (Servizio di\u00a0<a href=\"https:\/\/antennatre.medianordest.it\/redazione\/Tiziana-Bolognani\/\">Tiziana Bolognani<\/a>)<\/p>\n<h1 class=\"_title post-title entry-title\"><\/h1>\n<p><iframe loading=\"lazy\" title=\"OMICIDIO COSTA, DAVANTI AI GIUDICI SFILA IL &#039;BLACK OUT&#039; DEI TESTI  | 03\/07\/2024\" width=\"1200\" height=\"675\" src=\"https:\/\/www.youtube.com\/embed\/_Jy_afhQd5k?feature=oembed\" frameborder=\"0\" allow=\"accelerometer; autoplay; clipboard-write; encrypted-media; gyroscope; picture-in-picture; web-share\" referrerpolicy=\"strict-origin-when-cross-origin\" allowfullscreen><\/iframe><\/p>\n<hr \/>\n<p>&nbsp;<\/p>\n<blockquote>\n<h3>RINNOVATO IL CONTRATTO INTEGRATIVO DI MARCHON<\/h3>\n<\/blockquote>\n<p><strong><a class=\"dt-pswp-item\" href=\"https:\/\/www.radiopiu.net\/wordpress\/wp-content\/uploads\/2024\/07\/MARCHON.jpg\" data-dt-img-description=\"\" data-large_image_width=\"200\" data-large_image_height=\"200\"><img loading=\"lazy\" decoding=\"async\" class=\" wp-image-397663 alignleft\" src=\"https:\/\/www.radiopiu.net\/wordpress\/wp-content\/uploads\/2024\/07\/MARCHON.jpg\" alt=\"\" width=\"108\" height=\"108\" srcset=\"https:\/\/www.radiopiu.net\/wordpress\/wp-content\/uploads\/2024\/07\/MARCHON.jpg 200w, https:\/\/www.radiopiu.net\/wordpress\/wp-content\/uploads\/2024\/07\/MARCHON-150x150.jpg 150w\" sizes=\"auto, (max-width: 108px) 100vw, 108px\" \/><\/a>ALPAGO<\/strong> Il nuovo accordo integrativo firmato il 20 giugno presso Marchon Italia a Puos d\u2019Alpago introduce significativi miglioramenti per i 300 dipendenti, valido fino al 2026. Include il trattamento economico al 100% oltre i sei mesi di malattia grave, buoni pasto da 6 a 8 euro in tre anni, contributo aziendale per la previdenza complementare aumentato dal 2% al 2,5%, e nuove indennit\u00e0 per trasferte e turni. Il premio di risultato aumenta fino a 875 euro all&#8217;anno, legato al contenimento dei consumi energetici. \u00c8 stato accolto positivamente dalla Rsu e dalle Organizzazioni Sindacali, promuovendo il benessere lavorativo, la flessibilit\u00e0 e la parit\u00e0 di genere con l&#8217;istituzione di una commissione dedicata.<\/p>\n<p><strong>AUDIO Mauro Dalla Rosa, rappresentante della Femca Cisl Belluno Treviso su accordo Marchon<\/strong><\/p>\n<audio class=\"wp-audio-shortcode\" id=\"audio-397550-7\" preload=\"none\" style=\"width: 100%;\" controls=\"controls\"><source type=\"audio\/mpeg\" src=\"https:\/\/www.radiopiu.net\/wordpress\/wp-content\/uploads\/2024\/07\/baretti.mp3?_=7\" \/><a href=\"https:\/\/www.radiopiu.net\/wordpress\/wp-content\/uploads\/2024\/07\/baretti.mp3\">https:\/\/www.radiopiu.net\/wordpress\/wp-content\/uploads\/2024\/07\/baretti.mp3<\/a><\/audio>\n<p>&nbsp;<\/p>\n<hr \/>\n<p>&nbsp;<\/p>\n<p>&nbsp;<\/p>\n<div class=\"page-title-head hgroup\">\n<blockquote>\n<h2 class=\"entry-title\">NEL PROGRAMMA TRIENNALE DELLA REGIONE ANCHE L\u2019INTERVENTO SUL SARZANA A <a class=\"dt-pswp-item\" href=\"https:\/\/www.radiopiu.net\/wordpress\/wp-content\/uploads\/2023\/08\/SCR-20230831-suof.png\" data-dt-img-description=\"\" data-large_image_width=\"426\" data-large_image_height=\"310\"><img loading=\"lazy\" decoding=\"async\" class=\" wp-image-350838 alignleft\" src=\"https:\/\/www.radiopiu.net\/wordpress\/wp-content\/uploads\/2023\/08\/SCR-20230831-suof-300x218.png\" alt=\"\" width=\"156\" height=\"113\" srcset=\"https:\/\/www.radiopiu.net\/wordpress\/wp-content\/uploads\/2023\/08\/SCR-20230831-suof-300x218.png 300w, https:\/\/www.radiopiu.net\/wordpress\/wp-content\/uploads\/2023\/08\/SCR-20230831-suof.png 426w\" sizes=\"auto, (max-width: 156px) 100vw, 156px\" \/><\/a>VOLTAGO<\/h2>\n<\/blockquote>\n<\/div>\n<p><b>voltago <\/b>Tra il 2024 e il 2026 la Regione investir\u00e0 sul territorio oltre 18 milioni di euro, la stima degli interventi \u00e8 infatti nota: 12 milioni il primo anno, poco meno di 5 il secondo e un\u2019altr milioni nel 2026. Si tratta del programma triennale dei lavori pubbici (24-26) dell\u2019amministrazione regionale che ha gi\u00e0 divulgato l\u2019elenco degli interventi nel bellunese. Da Quero a Voltago,\u00a0 dall\u2019Alpago a Sedico (Mas, vedi articolo precedente pubblicato nel pomeriggio). Intervento importante sul Sarzana a Voltago, 800 mila euro, lavori previsti nel 2026.<\/p>\n<p><strong>IL SINDACO, GIUSEPPE SCHENA<\/strong><\/p>\n<audio class=\"wp-audio-shortcode\" id=\"audio-397550-8\" preload=\"none\" style=\"width: 100%;\" controls=\"controls\"><source type=\"audio\/mpeg\" src=\"https:\/\/www.radiopiu.net\/wordpress\/wp-content\/uploads\/2024\/07\/GIUSEPPE-SCHENA-SARZANA.mp3?_=8\" \/><a href=\"https:\/\/www.radiopiu.net\/wordpress\/wp-content\/uploads\/2024\/07\/GIUSEPPE-SCHENA-SARZANA.mp3\">https:\/\/www.radiopiu.net\/wordpress\/wp-content\/uploads\/2024\/07\/GIUSEPPE-SCHENA-SARZANA.mp3<\/a><\/audio>\n<p>&nbsp;<\/p>\n<p>&nbsp;<\/p>\n<p>&nbsp;<\/p>\n<hr \/>\n<p>&nbsp;<\/p>\n<blockquote>\n<h3>DDL MONTAGNA: PIU&#8217; VALORE AL RUOLO DELLE IMPRESE ARTIGIANE<\/h3>\n<\/blockquote>\n<p><strong><a class=\"dt-pswp-item\" href=\"https:\/\/www.radiopiu.net\/wordpress\/wp-content\/uploads\/2024\/04\/SCARZANELLA-Claudia-21-scaled.jpg\" data-dt-img-description=\"\" data-large_image_width=\"2560\" data-large_image_height=\"1920\"><img loading=\"lazy\" decoding=\"async\" class=\" wp-image-387231 alignleft\" src=\"https:\/\/www.radiopiu.net\/wordpress\/wp-content\/uploads\/2024\/04\/SCARZANELLA-Claudia-21-300x225.jpg\" alt=\"\" width=\"168\" height=\"126\" srcset=\"https:\/\/www.radiopiu.net\/wordpress\/wp-content\/uploads\/2024\/04\/SCARZANELLA-Claudia-21-300x225.jpg 300w, https:\/\/www.radiopiu.net\/wordpress\/wp-content\/uploads\/2024\/04\/SCARZANELLA-Claudia-21-1024x768.jpg 1024w, https:\/\/www.radiopiu.net\/wordpress\/wp-content\/uploads\/2024\/04\/SCARZANELLA-Claudia-21-768x576.jpg 768w, https:\/\/www.radiopiu.net\/wordpress\/wp-content\/uploads\/2024\/04\/SCARZANELLA-Claudia-21-1536x1152.jpg 1536w, https:\/\/www.radiopiu.net\/wordpress\/wp-content\/uploads\/2024\/04\/SCARZANELLA-Claudia-21-2048x1536.jpg 2048w\" sizes=\"auto, (max-width: 168px) 100vw, 168px\" \/><\/a>BELLUNO<\/strong> Il DDL Montagna \u00e8 positivo, ma Confartigianato chiede che tutte le imprese che operano nelle fragili aree montane, colpite dal cambiamento climatico, siano tutelate. Dopo le conferenze \u201cMontagna Futura\u201d, \u00e8 stato inviato un documento alla Commissione Affari Costituzionali del Senato con osservazioni e proposte. Le imprese artigiane, fondamentali per l&#8217;economia montana, chiedono maggiore attenzione e sostegno. Claudia Scarzanella, presidente di Confartigianato Belluno, evidenzia le difficolt\u00e0 delle imprese montane rispetto a quelle urbane e l&#8217;importanza di considerare tutte le attivit\u00e0, non solo agricole. Le imprese artigiane sono cruciali per il mantenimento della popolazione e l&#8217;economia circolare. Le misure fiscali per i giovani sono apprezzate, ma non sufficienti; servono incentivi estesi a tutte le imprese. Belluno, con il 100% delle imprese artigiane in area montana, \u00e8 particolarmente coinvolta.<\/p>\n<p>&nbsp;<\/p>\n<p>&nbsp;<\/p>\n<hr \/>\n<p>&nbsp;<\/p>\n<blockquote>\n<h3>LA VALBELLUNA COME ESEMPIO DI QUALITA&#8217; URBANA SOSTENIBILE<\/h3>\n<\/blockquote>\n<p><strong><a class=\"dt-pswp-item\" href=\"https:\/\/www.radiopiu.net\/wordpress\/wp-content\/uploads\/2024\/07\/IMG_6748-scaled.jpg\" data-dt-img-description=\"\" data-large_image_width=\"2560\" data-large_image_height=\"1920\"><img loading=\"lazy\" decoding=\"async\" class=\" wp-image-397656 alignleft\" src=\"https:\/\/www.radiopiu.net\/wordpress\/wp-content\/uploads\/2024\/07\/IMG_6748-300x225.jpg\" alt=\"\" width=\"153\" height=\"115\" srcset=\"https:\/\/www.radiopiu.net\/wordpress\/wp-content\/uploads\/2024\/07\/IMG_6748-300x225.jpg 300w, https:\/\/www.radiopiu.net\/wordpress\/wp-content\/uploads\/2024\/07\/IMG_6748-1024x768.jpg 1024w, https:\/\/www.radiopiu.net\/wordpress\/wp-content\/uploads\/2024\/07\/IMG_6748-768x576.jpg 768w, https:\/\/www.radiopiu.net\/wordpress\/wp-content\/uploads\/2024\/07\/IMG_6748-1536x1152.jpg 1536w, https:\/\/www.radiopiu.net\/wordpress\/wp-content\/uploads\/2024\/07\/IMG_6748-2048x1536.jpg 2048w\" sizes=\"auto, (max-width: 153px) 100vw, 153px\" \/><\/a>BELLUNO<\/strong> La Valbelluna \u00e8 vista come un modello di qualit\u00e0 urbana sostenibile da vari Paesi, secondo il professor Lucio Valerio Barbera, titolare della cattedra Unesco \u201cSustainable Urban Quality and Urban Culture\u201d. Barbera, in visita a Belluno con una delegazione italo-cinese, ha organizzato workshop internazionali per trasferire conoscenze dagli stati avanzati a quelli in via di sviluppo. L&#8217;anno scorso, un workshop si \u00e8 tenuto in Valbelluna, che viene richiesta come sede per futuri eventi internazionali grazie al suo mix di natura e industria. Il progetto coinvolge anche l&#8217;Universit\u00e0 di Pechino. La Provincia di Belluno, secondo il presidente Roberto Padrin, vede questo progetto come un&#8217;opportunit\u00e0 di sviluppo e innovazione per il territorio, integrando formazione, ricerca e produzione manifatturiera.<\/p>\n<p>&nbsp;<\/p>\n<p>&nbsp;<\/p>\n<hr \/>\n<p>&nbsp;<\/p>\n<blockquote>\n<h3><a class=\"dt-pswp-item\" href=\"https:\/\/www.radiopiu.net\/wordpress\/wp-content\/uploads\/2024\/07\/Nuova-copertura-rugby-Boscherai-1.jpg\" data-dt-img-description=\"\" data-large_image_width=\"899\" data-large_image_height=\"1599\"><img loading=\"lazy\" decoding=\"async\" class=\" wp-image-397661 alignleft\" src=\"https:\/\/www.radiopiu.net\/wordpress\/wp-content\/uploads\/2024\/07\/Nuova-copertura-rugby-Boscherai-1-169x300.jpg\" alt=\"\" width=\"109\" height=\"193\" srcset=\"https:\/\/www.radiopiu.net\/wordpress\/wp-content\/uploads\/2024\/07\/Nuova-copertura-rugby-Boscherai-1-169x300.jpg 169w, https:\/\/www.radiopiu.net\/wordpress\/wp-content\/uploads\/2024\/07\/Nuova-copertura-rugby-Boscherai-1-576x1024.jpg 576w, https:\/\/www.radiopiu.net\/wordpress\/wp-content\/uploads\/2024\/07\/Nuova-copertura-rugby-Boscherai-1-768x1366.jpg 768w, https:\/\/www.radiopiu.net\/wordpress\/wp-content\/uploads\/2024\/07\/Nuova-copertura-rugby-Boscherai-1-864x1536.jpg 864w, https:\/\/www.radiopiu.net\/wordpress\/wp-content\/uploads\/2024\/07\/Nuova-copertura-rugby-Boscherai-1.jpg 899w\" sizes=\"auto, (max-width: 109px) 100vw, 109px\" \/><\/a> SISTEMAZIONE DELLA COPERTURA DEGLI SPOGLIATOI DEL RUGBY NELL\u2019AREA SPORTIVA DEL BOSCHERAI<\/h3>\n<\/blockquote>\n<p><strong>FELTRE<\/strong> Il Comune di Feltre ha recentemente completato un intervento di ristrutturazione dei locali spogliatoio dell&#8217;area rugby presso l&#8217;impianto del Boscherai, risolvendo problemi di infiltrazioni e perdite d&#8217;acqua che avevano danneggiato i controsoffitti. I lavori hanno compreso la pulizia approfondita dell&#8217;area, la sigillatura della guaina esistente, l&#8217;installazione di nuovo isolante, telo di nylon e rete elettrosaldata, oltre al ripristino degli scarichi con 4 nuove pilette. Per proteggere la struttura, \u00e8 stato applicato uno strato di calcestruzzo di 10 cm con finitura al quarzo, resistente al gelo e al sale, e trattamenti specifici nei punti critici. Maurizio Zatta, assessore allo sport, ha elogiato l&#8217;intervento che ha restituito piena efficienza alla struttura, lodando il lavoro delle squadre comunali che hanno contenuto i costi intorno ai 10 mila euro, risparmiando significative risorse per l&#8217;Amministrazione.<\/p>\n<p>&nbsp;<\/p>\n<hr \/>\n<p>&nbsp;<\/p>\n<div class=\"flex-shrink-0 flex flex-col relative items-end\">\n<div>\n<div class=\"pt-0.5 juice:pt-0\">\n<div class=\"gizmo-bot-avatar flex h-6 w-6 items-center justify-center overflow-hidden rounded-full juice:h-8 juice:w-8\">\n<div class=\"relative p-1 rounded-sm flex items-center justify-center bg-token-main-surface-primary text-token-text-primary h-8 w-8\"><\/div>\n<\/div>\n<\/div>\n<\/div>\n<\/div>\n<div class=\"group\/conversation-turn relative flex w-full min-w-0 flex-col agent-turn\">\n<div class=\"flex-col gap-1 md:gap-3\">\n<div class=\"flex flex-grow flex-col max-w-full\">\n<div class=\"min-h-[20px] text-message flex flex-col items-start whitespace-pre-wrap break-words [.text-message+&amp;]:mt-5 juice:w-full juice:items-end overflow-x-auto gap-2\" dir=\"auto\" data-message-author-role=\"assistant\" data-message-id=\"80484ae2-1156-43de-953b-4b0b11e36511\">\n<div class=\"flex w-full flex-col gap-1 juice:empty:hidden juice:first:pt-[3px]\">\n<div class=\"markdown prose w-full break-words dark:prose-invert dark\">\n<blockquote>\n<h3>Trasformazione del Campo da Calcio Comunale di Lentiai in Sintetico<\/h3>\n<\/blockquote>\n<p><strong><a class=\"dt-pswp-item\" href=\"https:\/\/www.radiopiu.net\/wordpress\/wp-content\/uploads\/2024\/07\/LENTIAI-si-fara-campo-sportivo-sintetico_articleimage.jpg\" data-dt-img-description=\"\" data-large_image_width=\"663\" data-large_image_height=\"294\"><img loading=\"lazy\" decoding=\"async\" class=\"size-medium wp-image-397705 alignleft\" src=\"https:\/\/www.radiopiu.net\/wordpress\/wp-content\/uploads\/2024\/07\/LENTIAI-si-fara-campo-sportivo-sintetico_articleimage-300x133.jpg\" alt=\"\" width=\"300\" height=\"133\" srcset=\"https:\/\/www.radiopiu.net\/wordpress\/wp-content\/uploads\/2024\/07\/LENTIAI-si-fara-campo-sportivo-sintetico_articleimage-300x133.jpg 300w, https:\/\/www.radiopiu.net\/wordpress\/wp-content\/uploads\/2024\/07\/LENTIAI-si-fara-campo-sportivo-sintetico_articleimage.jpg 663w\" sizes=\"auto, (max-width: 300px) 100vw, 300px\" \/><\/a>LENTIAI<\/strong> Dal prossimo 8 luglio 2024 inizieranno i lavori per trasformare il manto del campo da calcio comunale di Lentiai in erba sintetica, con un investimento di 800.000\u20ac. Finanziato con 500.000\u20ac dal fondo dei Comuni Confinanti e 300.000\u20ac dal Comune, l&#8217;intervento durer\u00e0 circa quattro mesi. Il nuovo manto sintetico richiede meno manutenzione, \u00e8 pi\u00f9 resistente e sostenibile, con un sistema di recupero delle acque piovane. Hermann Beninc\u00e0, assessore allo sport, e Simone Deola, vicesindaco, sottolineano l&#8217;importanza di questo progetto per migliorare le strutture sportive e supportare l&#8217;attivit\u00e0 giovanile. La trasformazione promuove l&#8217;accessibilit\u00e0 economica e la fruizione pubblica del campo.<\/p>\n<\/div>\n<\/div>\n<\/div>\n<\/div>\n<\/div>\n<\/div>\n<p>&nbsp;<\/p>\n<p>&nbsp;<\/p>\n<p>&nbsp;<\/p>\n<hr \/>\n<p>&nbsp;<\/p>\n<blockquote>\n<h3>IL RINNOVO DEL CONSIGLIO DIRETTIVO DEI VOLONTARI AMBULANZA ROCCA PIETORE<\/h3>\n<\/blockquote>\n<p><strong><a class=\"dt-pswp-item\" href=\"https:\/\/www.radiopiu.net\/wordpress\/wp-content\/uploads\/2024\/07\/Ass.ne-Volontari-Ambulanza-Rocca-Pietore-Assemblea-Generale-2024.jpg\" data-dt-img-description=\"\" data-large_image_width=\"2000\" data-large_image_height=\"1500\"><img loading=\"lazy\" decoding=\"async\" class=\" wp-image-397642 alignleft\" src=\"https:\/\/www.radiopiu.net\/wordpress\/wp-content\/uploads\/2024\/07\/Ass.ne-Volontari-Ambulanza-Rocca-Pietore-Assemblea-Generale-2024-300x225.jpg\" alt=\"\" width=\"139\" height=\"104\" srcset=\"https:\/\/www.radiopiu.net\/wordpress\/wp-content\/uploads\/2024\/07\/Ass.ne-Volontari-Ambulanza-Rocca-Pietore-Assemblea-Generale-2024-300x225.jpg 300w, https:\/\/www.radiopiu.net\/wordpress\/wp-content\/uploads\/2024\/07\/Ass.ne-Volontari-Ambulanza-Rocca-Pietore-Assemblea-Generale-2024-1024x768.jpg 1024w, https:\/\/www.radiopiu.net\/wordpress\/wp-content\/uploads\/2024\/07\/Ass.ne-Volontari-Ambulanza-Rocca-Pietore-Assemblea-Generale-2024-768x576.jpg 768w, https:\/\/www.radiopiu.net\/wordpress\/wp-content\/uploads\/2024\/07\/Ass.ne-Volontari-Ambulanza-Rocca-Pietore-Assemblea-Generale-2024-1536x1152.jpg 1536w, https:\/\/www.radiopiu.net\/wordpress\/wp-content\/uploads\/2024\/07\/Ass.ne-Volontari-Ambulanza-Rocca-Pietore-Assemblea-Generale-2024.jpg 2000w\" sizes=\"auto, (max-width: 139px) 100vw, 139px\" \/><\/a>ROCCA PIETORE <\/strong>A seguito dell&#8217;Assemblea Generale del 26 maggio scorso dell&#8217;Associazione Volontari Ambulanza Rocca Pietore, sono state definite le nuove cariche del Consiglio Direttivo con voto unanime. Le cariche sono le seguenti: Presidente: Andrea Zanvit; Vicepresidente: Severino Darman; Segretaria: Elisa De Nardin; Consiglieri: Daniele Cattonar, Anna Chenet, Dario Darman, Cecilia De Dorigo. Il consiglio direttivo ringrazia tutti per la fiducia rinnovata.<\/p>\n<p>&nbsp;<\/p>\n<p>&nbsp;<\/p>\n<hr \/>\n<p>&nbsp;<\/p>\n<blockquote>\n<h3>AUMENTA IL PREZZO DELL&#8217;ENERGIA ELETTRICA<\/h3>\n<\/blockquote>\n<p><strong><a class=\"dt-pswp-item\" href=\"https:\/\/www.radiopiu.net\/wordpress\/wp-content\/uploads\/2021\/03\/THINK-THANK-NORD-EST.png\" data-dt-img-description=\"\" data-large_image_width=\"340\" data-large_image_height=\"292\"><img loading=\"lazy\" decoding=\"async\" class=\" wp-image-197788 alignleft\" src=\"https:\/\/www.radiopiu.net\/wordpress\/wp-content\/uploads\/2021\/03\/THINK-THANK-NORD-EST-300x258.png\" alt=\"\" width=\"150\" height=\"129\" srcset=\"https:\/\/www.radiopiu.net\/wordpress\/wp-content\/uploads\/2021\/03\/THINK-THANK-NORD-EST-300x258.png 300w, https:\/\/www.radiopiu.net\/wordpress\/wp-content\/uploads\/2021\/03\/THINK-THANK-NORD-EST.png 340w\" sizes=\"auto, (max-width: 150px) 100vw, 150px\" \/><\/a>VENEZIA<\/strong> Il prezzo dell\u2019energia elettrica in Italia \u00e8 aumentato a maggio e giugno 2024, con valori medi rispettivamente di 95 e 103 euro per megawattora, molto pi\u00f9 alti rispetto al resto d\u2019Europa. Nell\u2019ultimo anno, il prezzo \u00e8 sceso solo del 2% in Italia, mentre in Germania, Spagna e Francia le riduzioni sono state rispettivamente del 23%, 40% e 59%. Questo ha aumentato il divario di prezzo con questi Paesi, penalizzando la competitivit\u00e0 delle imprese italiane. Nonostante un forte aumento della produzione da fonti rinnovabili, con un record del 52,5% del fabbisogno coperto a maggio 2024, i costi energetici italiani rimangono elevati. Diego Pellegrino di A.R.T.E. sottolinea la necessit\u00e0 di investire nelle rinnovabili e rivedere le regole di mercato per abbassare i prezzi. Antonio Ferrarelli della Fondazione Think Tank Nord Est avverte che i costi energetici elevati riducono gli utili del settore turistico, limitando investimenti e premialit\u00e0 per i lavoratori.<\/p>\n<p>&nbsp;<\/p>\n<p>&nbsp;<\/p>\n<hr \/>\n<p>&nbsp;<\/p>\n<h2><span style=\"color: #ff0000;\">CONSIGLI COMUNALI IN AGORDINO<\/span><\/h2>\n<p><strong>FALCADE<\/strong> Il Consiglio Comunale di Falcade si riunir\u00e0 domani alle 20. Tra i punti da discutere le modifiche ai programmi dei lavori pubblici e delle forniture per il triennio 2024-2026, 12^ variazione al bilancio di previsione 2024-2026, e potenziamento del collegamento sciabile con l&#8217;area del Passo San Pellegrino.<\/p>\n<p>&nbsp;<\/p>\n<h2><span style=\"color: #ff0000;\">CONSIGLIO DELL&#8217;UNIONE MONTANA AGORDINA<\/span><\/h2>\n<p><strong>AGORDO<\/strong> \u00c8 in programma oggi alle 20 in Sala Don Tamis il consiglio dell&#8217;Unione Montana Agordina convocato d&#8217;urgenza dal presidente Paolo Frena. Oltre all&#8217;approvazione dei verbali precedenti, il consiglio \u00e8 stato convocato per la presa d&#8217;atto dei nuovi rappresentanti dei comuni di Agordo, Alleghe, San Tomaso, Taibon e Vallada in seguito alle elezioni amministrative del 8 e 9 giugno scorso.<\/p>\n<p>&nbsp;<\/p>\n<hr \/>\n<p>&nbsp;<\/p>\n<blockquote>\n<h2>Intervento dei Volontari per Ripulire la Palestra di Castion<\/h2>\n<\/blockquote>\n<p><strong>BELLUNO<\/strong> Tre volontari iscritti all&#8217;albo del Comune di Belluno, insieme al personale scolastico, sono intervenuti per pulire la palestra delle scuole medie &#8220;Zanon&#8221; di Castion, imbrattata da atti vandalici avvenuti un paio di settimane fa. Il Comune e la scuola hanno collaborato per ripristinare gli ambienti, rendendoli fruibili in tempo utile per gli interventi di manutenzione ordinaria estiva in vista della ripresa autunnale. L&#8217;Amministrazione comunale ha ringraziato i volontari per la loro disponibilit\u00e0 e l&#8217;efficacia del loro intervento<\/p>\n\n\t\t\t<style type='text\/css'>\n\t\t\t\t#gallery-6 {\n\t\t\t\t\tmargin: auto;\n\t\t\t\t}\n\t\t\t\t#gallery-6 .gallery-item {\n\t\t\t\t\tfloat: left;\n\t\t\t\t\tmargin-top: 10px;\n\t\t\t\t\ttext-align: center;\n\t\t\t\t\twidth: 50%;\n\t\t\t\t}\n\t\t\t\t#gallery-6 img {\n\t\t\t\t\tborder: 2px solid #cfcfcf;\n\t\t\t\t}\n\t\t\t\t#gallery-6 .gallery-caption {\n\t\t\t\t\tmargin-left: 0;\n\t\t\t\t}\n\t\t\t\t\/* see gallery_shortcode() in wp-includes\/media.php *\/\n\t\t\t<\/style>\n\t\t<div id='gallery-6' class='dt-gallery-container gallery galleryid-397550 gallery-columns-2 gallery-size-thumbnail'><dl class='gallery-item'>\n\t\t\t\t<dt class='gallery-icon portrait'>\n\t\t\t\t\t<a class=\"rollover rollover-zoom dt-pswp-item\" title=\"Prima\" data-dt-img-description=\"\" data-large_image_width=\"600\" data-large_image_height=\"800\"href='https:\/\/www.radiopiu.net\/wordpress\/wp-content\/uploads\/2024\/07\/Prima-rotated.jpg'><img loading=\"lazy\" decoding=\"async\" width=\"150\" height=\"150\" src=\"https:\/\/www.radiopiu.net\/wordpress\/wp-content\/uploads\/2024\/07\/Prima-150x150.jpg\" class=\"attachment-thumbnail size-thumbnail\" alt=\"\" aria-describedby=\"gallery-6-397677\" \/><\/a>\n\t\t\t\t<\/dt>\n\t\t\t\t\t<dd class='wp-caption-text gallery-caption' id='gallery-6-397677'>\n\t\t\t\t\tPRIMA\n\t\t\t\t\t<\/dd><\/dl><dl class='gallery-item'>\n\t\t\t\t<dt class='gallery-icon landscape'>\n\t\t\t\t\t<a class=\"rollover rollover-zoom dt-pswp-item\" title=\"Dopo\" data-dt-img-description=\"\" data-large_image_width=\"1600\" data-large_image_height=\"1200\"href='https:\/\/www.radiopiu.net\/wordpress\/wp-content\/uploads\/2024\/07\/Dopo.jpeg'><img loading=\"lazy\" decoding=\"async\" width=\"150\" height=\"150\" src=\"https:\/\/www.radiopiu.net\/wordpress\/wp-content\/uploads\/2024\/07\/Dopo-150x150.jpeg\" class=\"attachment-thumbnail size-thumbnail\" alt=\"\" aria-describedby=\"gallery-6-397678\" \/><\/a>\n\t\t\t\t<\/dt>\n\t\t\t\t\t<dd class='wp-caption-text gallery-caption' id='gallery-6-397678'>\n\t\t\t\t\tDOPO\n\t\t\t\t\t<\/dd><\/dl><br style=\"clear: both\" \/>\n\t\t\t<\/div>\n\n<p>&nbsp;<\/p>\n<hr \/>\n<p>&nbsp;<\/p>\n<blockquote>\n<h3>Critiche a Colle Santa Lucia da un amministratore di Selva di Cadore in veste di rappresentate politico della DC <strong style=\"font-size: 14px;\">\u00a0<\/strong><\/h3>\n<\/blockquote>\n<p><strong>COLLE SANTA LUCIA<\/strong> Leopoldo Lezuo gi\u00e0 sindaco di Colle qualche decennio fa, oggi in consiglio comunale di Selva di Cadore (sconfitto da Luca Lorenzini, quindi in minoranza) nterviene in veste di\u00a0 neo segretario della Democrazia Cristiana della Provincia di Belluno per discutere della politica locale e delle scelte dell&#8217;Amministrazione Comunale di Colle Santa Lucia, dove vive e lavora.\u00a0 <em>&#8220;Accettai questo ruolo per contrastare la politica attuale, caratterizzata da scontri e assenza di dialogo con i cittadini. Ho fatto due legislature come sindaco e assessore della Comunit\u00e0 Montana Agordina. Oggi, vedo una mancanza di confronto e strategie di sviluppo, come nei piani urbanistici e progetti incompleti, come le miniere del Fursil&#8221;.\u00a0<\/em><\/p>\n<p>&nbsp;<\/p>\n<hr \/>\n<p>&nbsp;<\/p>\n<blockquote>\n<h3>A LORENZAGO UNA MOSTRA PER DARE IL VIA AGLI EVENTI SULL&#8217;EMIGRAZIONE<\/h3>\n<\/blockquote>\n<p><strong><a class=\"dt-pswp-item\" href=\"https:\/\/www.radiopiu.net\/wordpress\/wp-content\/uploads\/2024\/07\/turismoradici_lorenzago.png\" data-dt-img-description=\"\" data-large_image_width=\"1414\" data-large_image_height=\"2000\"><img loading=\"lazy\" decoding=\"async\" class=\" wp-image-397635 alignleft\" src=\"https:\/\/www.radiopiu.net\/wordpress\/wp-content\/uploads\/2024\/07\/turismoradici_lorenzago-212x300.png\" alt=\"\" width=\"117\" height=\"165\" srcset=\"https:\/\/www.radiopiu.net\/wordpress\/wp-content\/uploads\/2024\/07\/turismoradici_lorenzago-212x300.png 212w, https:\/\/www.radiopiu.net\/wordpress\/wp-content\/uploads\/2024\/07\/turismoradici_lorenzago-724x1024.png 724w, https:\/\/www.radiopiu.net\/wordpress\/wp-content\/uploads\/2024\/07\/turismoradici_lorenzago-768x1086.png 768w, https:\/\/www.radiopiu.net\/wordpress\/wp-content\/uploads\/2024\/07\/turismoradici_lorenzago-1086x1536.png 1086w, https:\/\/www.radiopiu.net\/wordpress\/wp-content\/uploads\/2024\/07\/turismoradici_lorenzago.png 1414w\" sizes=\"auto, (max-width: 117px) 100vw, 117px\" \/><\/a>LORENZAGO DI CADORE<\/strong> Questo fine settimana iniziano gli eventi dedicati al Turismo delle Radici a Lorenzago di Cadore. Sabato verr\u00e0 inaugurata in Piazza Calvi una mostra sull&#8217;emigrazione, organizzata dall&#8217;amministrazione comunale e dalla Pro Loco in collaborazione con l&#8217;ABM. L&#8217;esposizione itinerante, &#8220;Gemellaggi, patti di amicizia in Provincia di Belluno&#8221;, esplorer\u00e0 le collaborazioni tra i comuni della provincia e le comunit\u00e0 estere, includendo foto storiche e attrezzi d&#8217;epoca. La mostra sar\u00e0 aperta fino al 24 luglio, tutti i giorni dalle 10 alle 12 e dalle 17 alle 19. Domenica 4 agosto, Paola Brolati e Charlie Gamba presenteranno lo spettacolo teatrale &#8220;Fil\u00f2 Fil\u00f2&#8221; all&#8217;esterno dell&#8217;ex asilo Facheris. Inoltre, il comune sta lavorando a un progetto di mappatura dei lorenzaghesi all&#8217;estero per intensificare le relazioni con i cittadini di origini lorenzaghesi emigrati. Questo progetto verr\u00e0 presentato nei prossimi mesi.<\/p>\n<p>&nbsp;<\/p>\n<p>&nbsp;<\/p>\n<hr \/>\n<p>&nbsp;<\/p>\n<blockquote>\n<h3><a class=\"dt-pswp-item\" href=\"https:\/\/www.radiopiu.net\/wordpress\/wp-content\/uploads\/2024\/06\/Tisoi-7-luglio.jpg\" data-dt-img-description=\"\" data-large_image_width=\"1199\" data-large_image_height=\"1600\"><img loading=\"lazy\" decoding=\"async\" class=\" wp-image-396842 alignleft\" src=\"https:\/\/www.radiopiu.net\/wordpress\/wp-content\/uploads\/2024\/06\/Tisoi-7-luglio-225x300.jpg\" alt=\"\" width=\"131\" height=\"175\" srcset=\"https:\/\/www.radiopiu.net\/wordpress\/wp-content\/uploads\/2024\/06\/Tisoi-7-luglio-225x300.jpg 225w, https:\/\/www.radiopiu.net\/wordpress\/wp-content\/uploads\/2024\/06\/Tisoi-7-luglio-767x1024.jpg 767w, https:\/\/www.radiopiu.net\/wordpress\/wp-content\/uploads\/2024\/06\/Tisoi-7-luglio-768x1025.jpg 768w, https:\/\/www.radiopiu.net\/wordpress\/wp-content\/uploads\/2024\/06\/Tisoi-7-luglio-1151x1536.jpg 1151w, https:\/\/www.radiopiu.net\/wordpress\/wp-content\/uploads\/2024\/06\/Tisoi-7-luglio.jpg 1199w\" sizes=\"auto, (max-width: 131px) 100vw, 131px\" \/><\/a>LE USCITE CON IL FAI DI BELLUNO<\/h3>\n<\/blockquote>\n<p><strong>BELLUNO<\/strong> La delegazione FAI di Belluno organizza un&#8217;escursione estiva per esplorare tre piccole chiese fuori citt\u00e0, domenica 7 luglio. L&#8217;incontro \u00e8 alle 14:45 presso la chiesa di Tisoi, con partenza alle 15:00. Il percorso di 6,5 km, su stradine asfaltate in contesto rurale, offre panorami montani e include le chiese dei Santi Simone e Giuda a Zeneghe, San Bernardino a Giazzoi e San Nicol\u00f2 ai Zei, eccezionalmente aperte per l&#8217;occasione. Un esperto di arte e cultura locale accompagner\u00e0 i partecipanti. La passeggiata, con 150 metri di dislivello, \u00e8 riservata a un massimo di 30 partecipanti, previa prenotazione. Il contributo richiesto varia da 4 a 8 euro, mentre i bambini fino a 10 anni partecipano gratuitamente.<\/p>\n<p>&nbsp;<\/p>\n<p>&nbsp;<\/p>\n<hr \/>\n<p>&nbsp;<\/p>\n<blockquote>\n<h3>Cinquant&#8217;anni del Coro Piave: Festeggiamenti e Concerti<\/h3>\n<\/blockquote>\n<p><strong><a class=\"dt-pswp-item\" href=\"https:\/\/www.radiopiu.net\/wordpress\/wp-content\/uploads\/2024\/07\/1.png\" data-dt-img-description=\"\" data-large_image_width=\"236\" data-large_image_height=\"234\"><img loading=\"lazy\" decoding=\"async\" class=\"wp-image-397692 alignleft\" src=\"https:\/\/www.radiopiu.net\/wordpress\/wp-content\/uploads\/2024\/07\/1.png\" alt=\"\" width=\"175\" height=\"174\" srcset=\"https:\/\/www.radiopiu.net\/wordpress\/wp-content\/uploads\/2024\/07\/1.png 236w, https:\/\/www.radiopiu.net\/wordpress\/wp-content\/uploads\/2024\/07\/1-150x150.png 150w\" sizes=\"auto, (max-width: 175px) 100vw, 175px\" \/><\/a>BELLUNO<\/strong> Il Coro Piave, fondato nel 1974 da dipendenti dell&#8217;Ospedale di Feltre, celebra i suoi cinquant&#8217;anni. Originariamente diretto da Arduino Tranquillin, il coro collabor\u00f2 dal 1981 con la Sezione di Feltre dell&#8217;Associazione Nazionale Alpini, diventando &#8220;Coro Piave A.N.A.&#8221; sotto Danilo Facchin fino al 2014. Attualmente, il coro \u00e8 guidato da Aldo Speranza e Gaia Da Rugna, con Antonio Gaio come presidente e Tiziana Masocco come presentatrice. I festeggiamenti includono un concerto il 5 luglio a Pedavena e una significativa presenza al Santuario dei Santi Vittore e Corona il 7 luglio, con il gruppo corale &#8220;Voci in valle&#8221; di Sedico e il chitarrista Umberto Gatti.<\/p>\n<p>&nbsp;<\/p>\n<hr \/>\n<p>&nbsp;<\/p>\n<p>&nbsp;<\/p>\n<blockquote>\n<h2><a class=\"dt-pswp-item\" href=\"https:\/\/www.radiopiu.net\/wordpress\/wp-content\/uploads\/2024\/07\/file.jpg\" data-dt-img-description=\"\" data-large_image_width=\"640\" data-large_image_height=\"640\"><img loading=\"lazy\" decoding=\"async\" class=\"wp-image-397697 alignleft\" src=\"https:\/\/www.radiopiu.net\/wordpress\/wp-content\/uploads\/2024\/07\/file-300x300.jpg\" alt=\"\" width=\"125\" height=\"125\" srcset=\"https:\/\/www.radiopiu.net\/wordpress\/wp-content\/uploads\/2024\/07\/file-300x300.jpg 300w, https:\/\/www.radiopiu.net\/wordpress\/wp-content\/uploads\/2024\/07\/file-150x150.jpg 150w, https:\/\/www.radiopiu.net\/wordpress\/wp-content\/uploads\/2024\/07\/file.jpg 640w\" sizes=\"auto, (max-width: 125px) 100vw, 125px\" \/><\/a>RADIO POESIA&#8230;. DI VIVIANA DE MIN<\/h2>\n<p><em>Viviana De Min legge le parole di una canzone dedicata a un grande poeta portoghese, fernando pessoa..le lettere d\u2019amore, di Roberto Vecchioni<\/em><\/p><\/blockquote>\n<audio class=\"wp-audio-shortcode\" id=\"audio-397550-9\" preload=\"none\" style=\"width: 100%;\" controls=\"controls\"><source type=\"audio\/mpeg\" src=\"https:\/\/www.radiopiu.net\/wordpress\/wp-content\/uploads\/2024\/07\/VIVIANA.mp3?_=9\" \/><a href=\"https:\/\/www.radiopiu.net\/wordpress\/wp-content\/uploads\/2024\/07\/VIVIANA.mp3\">https:\/\/www.radiopiu.net\/wordpress\/wp-content\/uploads\/2024\/07\/VIVIANA.mp3<\/a><\/audio>\n<p>&nbsp;<\/p>\n<hr \/>\n<p>&nbsp;<\/p>\n<h2><span style=\"color: #ff6600;\">ALLA RADIO<\/span><\/h2>\n<h2><span style=\"color: #3366ff;\">ALBERTO BERTOLI A RADIO PIU&#8217;, L&#8217;INTERVISTA<\/span><\/h2>\n<p><strong><a class=\"dt-pswp-item\" href=\"https:\/\/www.radiopiu.net\/wordpress\/wp-content\/uploads\/2024\/07\/Senza-nome-15.png\" data-dt-img-description=\"\" data-large_image_width=\"633\" data-large_image_height=\"481\"><img loading=\"lazy\" decoding=\"async\" class=\" wp-image-397535 alignleft\" src=\"https:\/\/www.radiopiu.net\/wordpress\/wp-content\/uploads\/2024\/07\/Senza-nome-15-300x228.png\" alt=\"\" width=\"176\" height=\"134\" srcset=\"https:\/\/www.radiopiu.net\/wordpress\/wp-content\/uploads\/2024\/07\/Senza-nome-15-300x228.png 300w, https:\/\/www.radiopiu.net\/wordpress\/wp-content\/uploads\/2024\/07\/Senza-nome-15.png 633w\" sizes=\"auto, (max-width: 176px) 100vw, 176px\" \/><\/a>DI MARCO V. DAL FARRA<\/strong><\/p>\n<p>OSPITE: Alberto Bertoli<\/p>\n<audio class=\"wp-audio-shortcode\" id=\"audio-397550-10\" preload=\"none\" style=\"width: 100%;\" controls=\"controls\"><source type=\"audio\/mpeg\" src=\"https:\/\/www.radiopiu.net\/wordpress\/wp-content\/uploads\/2024\/07\/Alberto-bertoli-Intervista-completa.mp3?_=10\" \/><a href=\"https:\/\/www.radiopiu.net\/wordpress\/wp-content\/uploads\/2024\/07\/Alberto-bertoli-Intervista-completa.mp3\">https:\/\/www.radiopiu.net\/wordpress\/wp-content\/uploads\/2024\/07\/Alberto-bertoli-Intervista-completa.mp3<\/a><\/audio>\n<p>&nbsp;<\/p>\n<hr \/>\n<p>&nbsp;<\/p>\n<h2><span style=\"color: #008000;\">CISL E FEMCA CISL LA VOCE PER I LAVORATORI<\/span><\/h2>\n<p><a class=\"dt-pswp-item\" href=\"https:\/\/www.radiopiu.net\/wordpress\/wp-content\/uploads\/2022\/06\/Luxottica-firmato-il-contratto-aziendale-per-lo-stabilimento-di-Pederobba_articleimage.jpg\" data-dt-img-description=\"\" data-large_image_width=\"770\" data-large_image_height=\"473\"><img loading=\"lazy\" decoding=\"async\" class=\" wp-image-281229 alignleft\" src=\"https:\/\/www.radiopiu.net\/wordpress\/wp-content\/uploads\/2022\/06\/Luxottica-firmato-il-contratto-aziendale-per-lo-stabilimento-di-Pederobba_articleimage-300x184.jpg\" alt=\"\" width=\"173\" height=\"106\" srcset=\"https:\/\/www.radiopiu.net\/wordpress\/wp-content\/uploads\/2022\/06\/Luxottica-firmato-il-contratto-aziendale-per-lo-stabilimento-di-Pederobba_articleimage-300x184.jpg 300w, https:\/\/www.radiopiu.net\/wordpress\/wp-content\/uploads\/2022\/06\/Luxottica-firmato-il-contratto-aziendale-per-lo-stabilimento-di-Pederobba_articleimage-768x472.jpg 768w, https:\/\/www.radiopiu.net\/wordpress\/wp-content\/uploads\/2022\/06\/Luxottica-firmato-il-contratto-aziendale-per-lo-stabilimento-di-Pederobba_articleimage.jpg 770w\" sizes=\"auto, (max-width: 173px) 100vw, 173px\" \/><\/a>03 luglio 2024<\/p>\n<p><strong>PUNTATA 77 DAVIDE MONTAGNER (LUXOTTICA PEDEROBBA)<\/strong><\/p>\n<audio class=\"wp-audio-shortcode\" id=\"audio-397550-11\" preload=\"none\" style=\"width: 100%;\" controls=\"controls\"><source type=\"audio\/mpeg\" src=\"https:\/\/www.radiopiu.net\/wordpress\/wp-content\/uploads\/2024\/04\/FEMCA-CISL-6.mp3?_=11\" \/><a href=\"https:\/\/www.radiopiu.net\/wordpress\/wp-content\/uploads\/2024\/04\/FEMCA-CISL-6.mp3\">https:\/\/www.radiopiu.net\/wordpress\/wp-content\/uploads\/2024\/04\/FEMCA-CISL-6.mp3<\/a><\/audio>\n<p>&nbsp;<\/p>\n<h2>LA RACCOLTA COMPLETA <a href=\"https:\/\/www.radiopiu.net\/wordpress\/cisl-e-femca-cisl-la-vocef\/\"><span style=\"color: #3366ff;\">CLICCA QUI<\/span><\/a><\/h2>\n<p>&nbsp;<\/p>\n<h1><\/h1>\n<p>&nbsp;<\/p>\n<p>&nbsp;<\/p>\n<hr \/>\n<p>&nbsp;<\/p>\n<h2><span style=\"color: #993366;\">DOMENICA LA SALI SCENDI A FORCELLA AURINE, TERZA TAPPA CORRIPOI<\/span><\/h2>\n<p><strong><a class=\"dt-pswp-item\" href=\"https:\/\/www.radiopiu.net\/wordpress\/wp-content\/uploads\/2024\/07\/sali-scendi.jpg\" data-dt-img-description=\"\" data-large_image_width=\"768\" data-large_image_height=\"1112\"><img loading=\"lazy\" decoding=\"async\" class=\" wp-image-397628 alignleft\" src=\"https:\/\/www.radiopiu.net\/wordpress\/wp-content\/uploads\/2024\/07\/sali-scendi-207x300.jpg\" alt=\"\" width=\"97\" height=\"141\" srcset=\"https:\/\/www.radiopiu.net\/wordpress\/wp-content\/uploads\/2024\/07\/sali-scendi-207x300.jpg 207w, https:\/\/www.radiopiu.net\/wordpress\/wp-content\/uploads\/2024\/07\/sali-scendi-707x1024.jpg 707w, https:\/\/www.radiopiu.net\/wordpress\/wp-content\/uploads\/2024\/07\/sali-scendi.jpg 768w\" sizes=\"auto, (max-width: 97px) 100vw, 97px\" \/><\/a>DI MIRKO MEZZACASA<\/strong><\/p>\n<p>OSPITI: Morgan Gnech e Michele Costantini<\/p>\n<audio class=\"wp-audio-shortcode\" id=\"audio-397550-12\" preload=\"none\" style=\"width: 100%;\" controls=\"controls\"><source type=\"audio\/mpeg\" src=\"https:\/\/www.radiopiu.net\/wordpress\/wp-content\/uploads\/2024\/07\/sali-scenti-2024-forcella-aurine.mp3?_=12\" \/><a href=\"https:\/\/www.radiopiu.net\/wordpress\/wp-content\/uploads\/2024\/07\/sali-scenti-2024-forcella-aurine.mp3\">https:\/\/www.radiopiu.net\/wordpress\/wp-content\/uploads\/2024\/07\/sali-scenti-2024-forcella-aurine.mp3<\/a><\/audio>\n<p>&nbsp;<\/p>\n<hr \/>\n<p>&nbsp;<\/p>\n<h2><span style=\"color: #ffcc00;\">COOPERATIVA DI CORTINA, OLTRE LO SHOPPING UN&#8217;ESPERIENZA DA VIVERE<\/span><\/h2>\n<p><a class=\"dt-pswp-item\" href=\"https:\/\/www.radiopiu.net\/wordpress\/wp-content\/uploads\/2024\/03\/esterno-coop-2-domenicali-copia.jpg\" data-dt-img-description=\"\" data-large_image_width=\"1800\" data-large_image_height=\"1014\"><img loading=\"lazy\" decoding=\"async\" class=\" wp-image-379026 alignleft\" src=\"https:\/\/www.radiopiu.net\/wordpress\/wp-content\/uploads\/2024\/03\/esterno-coop-2-domenicali-copia-300x169.jpg\" alt=\"\" width=\"169\" height=\"95\" srcset=\"https:\/\/www.radiopiu.net\/wordpress\/wp-content\/uploads\/2024\/03\/esterno-coop-2-domenicali-copia-300x169.jpg 300w, https:\/\/www.radiopiu.net\/wordpress\/wp-content\/uploads\/2024\/03\/esterno-coop-2-domenicali-copia-1024x577.jpg 1024w, https:\/\/www.radiopiu.net\/wordpress\/wp-content\/uploads\/2024\/03\/esterno-coop-2-domenicali-copia-768x433.jpg 768w, https:\/\/www.radiopiu.net\/wordpress\/wp-content\/uploads\/2024\/03\/esterno-coop-2-domenicali-copia-1536x865.jpg 1536w, https:\/\/www.radiopiu.net\/wordpress\/wp-content\/uploads\/2024\/03\/esterno-coop-2-domenicali-copia.jpg 1800w\" sizes=\"auto, (max-width: 169px) 100vw, 169px\" \/><\/a>Nuovo appuntamento dedicato alla Cooperativa di Cortina. Un programma per far conoscere agli ascoltatori l&#8217;esperienza dello shopping con un momento dedicato agli approfondimenti dai vari reparti della cooperativa<\/p>\n<p>&nbsp;<\/p>\n<p><span style=\"color: #ff0000;\"><strong>PUNTATA 08 &#8211; 03 LUGLIO 2024<\/strong><\/span><\/p>\n<audio class=\"wp-audio-shortcode\" id=\"audio-397550-13\" preload=\"none\" style=\"width: 100%;\" controls=\"controls\"><source type=\"audio\/mpeg\" src=\"https:\/\/www.radiopiu.net\/wordpress\/wp-content\/uploads\/2024\/06\/COOP-CORTINA-MERCOLEDI.mp3?_=13\" \/><a href=\"https:\/\/www.radiopiu.net\/wordpress\/wp-content\/uploads\/2024\/06\/COOP-CORTINA-MERCOLEDI.mp3\">https:\/\/www.radiopiu.net\/wordpress\/wp-content\/uploads\/2024\/06\/COOP-CORTINA-MERCOLEDI.mp3<\/a><\/audio>\n<p>&nbsp;<\/p>\n<h2>LA RACCOLTA COMPLETA <a href=\"https:\/\/www.radiopiu.net\/wordpress\/coopcortinapun06\/\"><span style=\"color: #3366ff;\">CLICCA QUI<\/span><\/a><\/h2>\n<p>&nbsp;<\/p>\n<hr \/>\n<p>&nbsp;<\/p>\n<blockquote class=\"wp-embedded-content\" data-secret=\"fFsucr3cNz\"><p><a href=\"https:\/\/www.radiopiu.net\/wordpress\/rimasti-piu-avanti-40\/\">&#8220;RIMASTI PIU&#8217; AVANTI&#8221;, ALLA SCOPERTA DELLA MUSICA BELLUNESE CON MARCO V. DAL FARRA<\/a><\/p><\/blockquote>\n<p><iframe loading=\"lazy\" class=\"wp-embedded-content\" sandbox=\"allow-scripts\" security=\"restricted\" style=\"position: absolute; clip: rect(1px, 1px, 1px, 1px);\" title=\"&#8220;&#8220;RIMASTI PIU&#8217; AVANTI&#8221;, ALLA SCOPERTA DELLA MUSICA BELLUNESE CON MARCO V. DAL FARRA&#8221; &#8212; Radio Pi\u00f9\" src=\"https:\/\/www.radiopiu.net\/wordpress\/rimasti-piu-avanti-40\/embed\/#?secret=5ggnOVRFPX#?secret=fFsucr3cNz\" data-secret=\"fFsucr3cNz\" width=\"600\" height=\"338\" frameborder=\"0\" marginwidth=\"0\" marginheight=\"0\" scrolling=\"no\"><\/iframe><\/p>\n<p>&nbsp;<\/p>\n<hr \/>\n<p>&nbsp;<\/p>\n<h2><span style=\"color: #ff0000;\">DAL SITO DI RADIO PIU&#8230; ALCUNI PODCAST, I PIU&#8217; VISUALIZZATI NELLA SETTIMANA&#8230;\u00a0<\/span><\/h2>\n<blockquote class=\"wp-embedded-content\" data-secret=\"296nv297dl\"><p><a href=\"https:\/\/www.radiopiu.net\/wordpress\/biblioteca-del-territorio-i-podcast-di-radiopiu\/\">BIBLIOTECA DEL TERRITORIO&#8230; I PODCAST DI RADIOPIU<\/a><\/p><\/blockquote>\n<p><iframe loading=\"lazy\" class=\"wp-embedded-content\" sandbox=\"allow-scripts\" security=\"restricted\" style=\"position: absolute; clip: rect(1px, 1px, 1px, 1px);\" title=\"&#8220;BIBLIOTECA DEL TERRITORIO&#8230; I PODCAST DI RADIOPIU&#8221; &#8212; Radio Pi\u00f9\" src=\"https:\/\/www.radiopiu.net\/wordpress\/biblioteca-del-territorio-i-podcast-di-radiopiu\/embed\/#?secret=QzEc5lGAUR#?secret=296nv297dl\" data-secret=\"296nv297dl\" width=\"600\" height=\"338\" frameborder=\"0\" marginwidth=\"0\" marginheight=\"0\" scrolling=\"no\"><\/iframe><\/p>\n<p>&nbsp;<\/p>\n<blockquote class=\"wp-embedded-content\" data-secret=\"QAEx6eopTN\"><p><a href=\"https:\/\/www.radiopiu.net\/wordpress\/lad08aaaa\/\">&#8220;NCONTONSE&#8221; IN LADINO SU RADIO PI\u00d9<\/a><\/p><\/blockquote>\n<p><iframe loading=\"lazy\" class=\"wp-embedded-content\" sandbox=\"allow-scripts\" security=\"restricted\" style=\"position: absolute; clip: rect(1px, 1px, 1px, 1px);\" title=\"&#8220;&#8220;NCONTONSE&#8221; IN LADINO SU RADIO PI\u00d9&#8221; &#8212; Radio Pi\u00f9\" src=\"https:\/\/www.radiopiu.net\/wordpress\/lad08aaaa\/embed\/#?secret=RVT7AHEn7a#?secret=QAEx6eopTN\" data-secret=\"QAEx6eopTN\" width=\"600\" height=\"338\" frameborder=\"0\" marginwidth=\"0\" marginheight=\"0\" scrolling=\"no\"><\/iframe><\/p>\n<p>&nbsp;<\/p>\n<hr \/>\n<p>&nbsp;<\/p>\n<h2><span style=\"color: #ff0000;\"><a class=\"dt-pswp-item\" href=\"https:\/\/www.radiopiu.net\/wordpress\/wp-content\/uploads\/2018\/09\/appuntamenti.jpeg\" data-dt-img-description=\"\" data-large_image_width=\"800\" data-large_image_height=\"100\"><img loading=\"lazy\" decoding=\"async\" class=\"wp-image-61958 size-full aligncenter\" src=\"https:\/\/www.radiopiu.net\/wordpress\/wp-content\/uploads\/2018\/09\/appuntamenti.jpeg\" alt=\"\" width=\"800\" height=\"100\" srcset=\"https:\/\/www.radiopiu.net\/wordpress\/wp-content\/uploads\/2018\/09\/appuntamenti.jpeg 800w, https:\/\/www.radiopiu.net\/wordpress\/wp-content\/uploads\/2018\/09\/appuntamenti-300x38.jpeg 300w, https:\/\/www.radiopiu.net\/wordpress\/wp-content\/uploads\/2018\/09\/appuntamenti-768x96.jpeg 768w\" sizes=\"auto, (max-width: 800px) 100vw, 800px\" \/><\/a><\/span><\/h2>\n<div>\n<div class=\"\" dir=\"auto\">\n<div id=\":r9h:\" class=\"x1iorvi4 x1pi30zi x1l90r2v x1swvt13\" data-ad-comet-preview=\"message\" data-ad-preview=\"message\">\n\n\t\t\t<style type='text\/css'>\n\t\t\t\t#gallery-7 {\n\t\t\t\t\tmargin: auto;\n\t\t\t\t}\n\t\t\t\t#gallery-7 .gallery-item {\n\t\t\t\t\tfloat: left;\n\t\t\t\t\tmargin-top: 10px;\n\t\t\t\t\ttext-align: center;\n\t\t\t\t\twidth: 20%;\n\t\t\t\t}\n\t\t\t\t#gallery-7 img {\n\t\t\t\t\tborder: 2px solid #cfcfcf;\n\t\t\t\t}\n\t\t\t\t#gallery-7 .gallery-caption {\n\t\t\t\t\tmargin-left: 0;\n\t\t\t\t}\n\t\t\t\t\/* see gallery_shortcode() in wp-includes\/media.php *\/\n\t\t\t<\/style>\n\t\t<div id='gallery-7' class='dt-gallery-container gallery galleryid-397550 gallery-columns-5 gallery-size-thumbnail'><dl class='gallery-item'>\n\t\t\t\t<dt class='gallery-icon portrait'>\n\t\t\t\t\t<a class=\"rollover rollover-zoom dt-pswp-item\" title=\"441936111_953300066803441_3663667299753321850_n\" data-dt-img-description=\"\" data-large_image_width=\"520\" data-large_image_height=\"640\"href='https:\/\/www.radiopiu.net\/wordpress\/wp-content\/uploads\/2024\/06\/441936111_953300066803441_3663667299753321850_n.jpg'><img loading=\"lazy\" decoding=\"async\" width=\"150\" height=\"150\" src=\"https:\/\/www.radiopiu.net\/wordpress\/wp-content\/uploads\/2024\/06\/441936111_953300066803441_3663667299753321850_n-150x150.jpg\" class=\"attachment-thumbnail size-thumbnail\" alt=\"\" aria-describedby=\"gallery-7-394061\" \/><\/a>\n\t\t\t\t<\/dt>\n\t\t\t\t\t<dd class='wp-caption-text gallery-caption' id='gallery-7-394061'>\n\t\t\t\t\t31 LUGLIO AL MINIERE E IN DIRETTA ALLA RADIO \n\t\t\t\t\t<\/dd><\/dl><dl class='gallery-item'>\n\t\t\t\t<dt class='gallery-icon portrait'>\n\t\t\t\t\t<a class=\"rollover rollover-zoom dt-pswp-item\" title=\"447443480_320674017756499_9025951349706877056_n\" data-dt-img-description=\"\" data-large_image_width=\"509\" data-large_image_height=\"720\"href='https:\/\/www.radiopiu.net\/wordpress\/wp-content\/uploads\/2024\/06\/447443480_320674017756499_9025951349706877056_n.jpg'><img loading=\"lazy\" decoding=\"async\" width=\"150\" height=\"150\" src=\"https:\/\/www.radiopiu.net\/wordpress\/wp-content\/uploads\/2024\/06\/447443480_320674017756499_9025951349706877056_n-150x150.jpg\" class=\"attachment-thumbnail size-thumbnail\" alt=\"\" aria-describedby=\"gallery-7-395159\" \/><\/a>\n\t\t\t\t<\/dt>\n\t\t\t\t\t<dd class='wp-caption-text gallery-caption' id='gallery-7-395159'>\n\t\t\t\t\t6 LUGLIO AGORDO BAR DELLE BOCCE\n\t\t\t\t\t<\/dd><\/dl><dl class='gallery-item'>\n\t\t\t\t<dt class='gallery-icon landscape'>\n\t\t\t\t\t<a class=\"rollover rollover-zoom dt-pswp-item\" title=\"Senza nome\" data-dt-img-description=\"\" data-large_image_width=\"1137\" data-large_image_height=\"664\"href='https:\/\/www.radiopiu.net\/wordpress\/wp-content\/uploads\/2024\/07\/Senza-nome-17.png'><img loading=\"lazy\" decoding=\"async\" width=\"150\" height=\"150\" src=\"https:\/\/www.radiopiu.net\/wordpress\/wp-content\/uploads\/2024\/07\/Senza-nome-17-150x150.png\" class=\"attachment-thumbnail size-thumbnail\" alt=\"\" aria-describedby=\"gallery-7-397539\" \/><\/a>\n\t\t\t\t<\/dt>\n\t\t\t\t\t<dd class='wp-caption-text gallery-caption' id='gallery-7-397539'>\n\t\t\t\t\t6 LUGLIO RIVAMONTE\n\t\t\t\t\t<\/dd><\/dl><dl class='gallery-item'>\n\t\t\t\t<dt class='gallery-icon portrait'>\n\t\t\t\t\t<a class=\"rollover rollover-zoom dt-pswp-item\" title=\"6611bb69-29ce-483e-ba61-1b39542903cc\" data-dt-img-description=\"\" data-large_image_width=\"1032\" data-large_image_height=\"1473\"href='https:\/\/www.radiopiu.net\/wordpress\/wp-content\/uploads\/2024\/06\/6611bb69-29ce-483e-ba61-1b39542903cc.jpg'><img loading=\"lazy\" decoding=\"async\" width=\"150\" height=\"150\" src=\"https:\/\/www.radiopiu.net\/wordpress\/wp-content\/uploads\/2024\/06\/6611bb69-29ce-483e-ba61-1b39542903cc-150x150.jpg\" class=\"attachment-thumbnail size-thumbnail\" alt=\"\" aria-describedby=\"gallery-7-396645\" \/><\/a>\n\t\t\t\t<\/dt>\n\t\t\t\t\t<dd class='wp-caption-text gallery-caption' id='gallery-7-396645'>\n\t\t\t\t\t12 LUGLIO AGORDO BAR DELLE BOCCE\n\t\t\t\t\t<\/dd><\/dl><dl class='gallery-item'>\n\t\t\t\t<dt class='gallery-icon portrait'>\n\t\t\t\t\t<a class=\"rollover rollover-zoom dt-pswp-item\" title=\"29cc183b-9830-4d50-8ac6-cbf3c300cc4f\" data-dt-img-description=\"\" data-large_image_width=\"1087\" data-large_image_height=\"1600\"href='https:\/\/www.radiopiu.net\/wordpress\/wp-content\/uploads\/2024\/06\/29cc183b-9830-4d50-8ac6-cbf3c300cc4f.jpg'><img loading=\"lazy\" decoding=\"async\" width=\"150\" height=\"150\" src=\"https:\/\/www.radiopiu.net\/wordpress\/wp-content\/uploads\/2024\/06\/29cc183b-9830-4d50-8ac6-cbf3c300cc4f-150x150.jpg\" class=\"attachment-thumbnail size-thumbnail\" alt=\"\" aria-describedby=\"gallery-7-396857\" \/><\/a>\n\t\t\t\t<\/dt>\n\t\t\t\t\t<dd class='wp-caption-text gallery-caption' id='gallery-7-396857'>\n\t\t\t\t\t13 LUGLIO&#8230; DAI ROMANIIIIIIIIIII\n\t\t\t\t\t<\/dd><\/dl><br style=\"clear: both\" \/><dl class='gallery-item'>\n\t\t\t\t<dt class='gallery-icon portrait'>\n\t\t\t\t\t<a class=\"rollover rollover-zoom dt-pswp-item\" title=\"40970b49-6296-4dc3-93d6-aa5934e19f37\" data-dt-img-description=\"\" data-large_image_width=\"1131\" data-large_image_height=\"1600\"href='https:\/\/www.radiopiu.net\/wordpress\/wp-content\/uploads\/2024\/06\/40970b49-6296-4dc3-93d6-aa5934e19f37.jpg'><img loading=\"lazy\" decoding=\"async\" width=\"150\" height=\"150\" src=\"https:\/\/www.radiopiu.net\/wordpress\/wp-content\/uploads\/2024\/06\/40970b49-6296-4dc3-93d6-aa5934e19f37-150x150.jpg\" class=\"attachment-thumbnail size-thumbnail\" alt=\"\" aria-describedby=\"gallery-7-396648\" \/><\/a>\n\t\t\t\t<\/dt>\n\t\t\t\t\t<dd class='wp-caption-text gallery-caption' id='gallery-7-396648'>\n\t\t\t\t\t14 LUGLIO IL PROFESSORE! PRESENTA IL LIBRO\n\t\t\t\t\t<\/dd><\/dl><dl class='gallery-item'>\n\t\t\t\t<dt class='gallery-icon landscape'>\n\t\t\t\t\t<a class=\"rollover rollover-zoom dt-pswp-item\" title=\"d5b0b734-6816-4395-8e21-976a97a70deb\" data-dt-img-description=\"\" data-large_image_width=\"1080\" data-large_image_height=\"1080\"href='https:\/\/www.radiopiu.net\/wordpress\/wp-content\/uploads\/2024\/06\/d5b0b734-6816-4395-8e21-976a97a70deb.jpg'><img loading=\"lazy\" decoding=\"async\" width=\"150\" height=\"150\" src=\"https:\/\/www.radiopiu.net\/wordpress\/wp-content\/uploads\/2024\/06\/d5b0b734-6816-4395-8e21-976a97a70deb-150x150.jpg\" class=\"attachment-thumbnail size-thumbnail\" alt=\"\" aria-describedby=\"gallery-7-396287\" srcset=\"https:\/\/www.radiopiu.net\/wordpress\/wp-content\/uploads\/2024\/06\/d5b0b734-6816-4395-8e21-976a97a70deb-150x150.jpg 150w, https:\/\/www.radiopiu.net\/wordpress\/wp-content\/uploads\/2024\/06\/d5b0b734-6816-4395-8e21-976a97a70deb-300x300.jpg 300w, https:\/\/www.radiopiu.net\/wordpress\/wp-content\/uploads\/2024\/06\/d5b0b734-6816-4395-8e21-976a97a70deb-1024x1024.jpg 1024w, https:\/\/www.radiopiu.net\/wordpress\/wp-content\/uploads\/2024\/06\/d5b0b734-6816-4395-8e21-976a97a70deb-768x768.jpg 768w, https:\/\/www.radiopiu.net\/wordpress\/wp-content\/uploads\/2024\/06\/d5b0b734-6816-4395-8e21-976a97a70deb.jpg 1080w\" sizes=\"auto, (max-width: 150px) 100vw, 150px\" \/><\/a>\n\t\t\t\t<\/dt>\n\t\t\t\t\t<dd class='wp-caption-text gallery-caption' id='gallery-7-396287'>\n\t\t\t\t\t25 LUGLIO A VOLTAGO\n\t\t\t\t\t<\/dd><\/dl><dl class='gallery-item'>\n\t\t\t\t<dt class='gallery-icon portrait'>\n\t\t\t\t\t<a class=\"rollover rollover-zoom dt-pswp-item\" title=\"f84567d6-a1d2-47de-9596-ef8505986952\" data-dt-img-description=\"\" data-large_image_width=\"745\" data-large_image_height=\"1073\"href='https:\/\/www.radiopiu.net\/wordpress\/wp-content\/uploads\/2024\/06\/f84567d6-a1d2-47de-9596-ef8505986952.jpg'><img loading=\"lazy\" decoding=\"async\" width=\"150\" height=\"150\" src=\"https:\/\/www.radiopiu.net\/wordpress\/wp-content\/uploads\/2024\/06\/f84567d6-a1d2-47de-9596-ef8505986952-150x150.jpg\" class=\"attachment-thumbnail size-thumbnail\" alt=\"\" aria-describedby=\"gallery-7-396466\" \/><\/a>\n\t\t\t\t<\/dt>\n\t\t\t\t\t<dd class='wp-caption-text gallery-caption' id='gallery-7-396466'>\n\t\t\t\t\tSUMMER GREEN VOLLEY AGORDINO\n\t\t\t\t\t<\/dd><\/dl><dl class='gallery-item'>\n\t\t\t\t<dt class='gallery-icon landscape'>\n\t\t\t\t\t<a class=\"rollover rollover-zoom dt-pswp-item\" title=\"449189900_484613757290091_1574838248887562981_n\" data-dt-img-description=\"\" data-large_image_width=\"960\" data-large_image_height=\"540\"href='https:\/\/www.radiopiu.net\/wordpress\/wp-content\/uploads\/2024\/06\/449189900_484613757290091_1574838248887562981_n.jpg'><img loading=\"lazy\" decoding=\"async\" width=\"150\" height=\"150\" src=\"https:\/\/www.radiopiu.net\/wordpress\/wp-content\/uploads\/2024\/06\/449189900_484613757290091_1574838248887562981_n-150x150.jpg\" class=\"attachment-thumbnail size-thumbnail\" alt=\"\" aria-describedby=\"gallery-7-396872\" \/><\/a>\n\t\t\t\t<\/dt>\n\t\t\t\t\t<dd class='wp-caption-text gallery-caption' id='gallery-7-396872'>\n\t\t\t\t\t A CANALE D&#8217;AGORDO VALLE DI GARES\n\t\t\t\t\t<\/dd><\/dl><dl class='gallery-item'>\n\t\t\t\t<dt class='gallery-icon portrait'>\n\t\t\t\t\t<a class=\"rollover rollover-zoom dt-pswp-item\" title=\"A VOLANTINO A4 def\" data-dt-img-description=\"\" data-large_image_width=\"1240\" data-large_image_height=\"1753\"href='https:\/\/www.radiopiu.net\/wordpress\/wp-content\/uploads\/2024\/06\/A-VOLANTINO-A4-def.jpg'><img loading=\"lazy\" decoding=\"async\" width=\"150\" height=\"150\" src=\"https:\/\/www.radiopiu.net\/wordpress\/wp-content\/uploads\/2024\/06\/A-VOLANTINO-A4-def-150x150.jpg\" class=\"attachment-thumbnail size-thumbnail\" alt=\"\" aria-describedby=\"gallery-7-397138\" \/><\/a>\n\t\t\t\t<\/dt>\n\t\t\t\t\t<dd class='wp-caption-text gallery-caption' id='gallery-7-397138'>\n\t\t\t\t\tVENERDI&#8217; A BELLLUNO\n\t\t\t\t\t<\/dd><\/dl><br style=\"clear: both\" \/><dl class='gallery-item'>\n\t\t\t\t<dt class='gallery-icon portrait'>\n\t\t\t\t\t<a class=\"rollover rollover-zoom dt-pswp-item\" title=\"original-84F78277-839A-4868-BE6A-5A10A5605E21\" data-dt-img-description=\"\" data-large_image_width=\"1754\" data-large_image_height=\"2480\"href='https:\/\/www.radiopiu.net\/wordpress\/wp-content\/uploads\/2024\/07\/original-84F78277-839A-4868-BE6A-5A10A5605E21.jpeg'><img loading=\"lazy\" decoding=\"async\" width=\"150\" height=\"150\" src=\"https:\/\/www.radiopiu.net\/wordpress\/wp-content\/uploads\/2024\/07\/original-84F78277-839A-4868-BE6A-5A10A5605E21-150x150.jpeg\" class=\"attachment-thumbnail size-thumbnail\" alt=\"\" aria-describedby=\"gallery-7-397532\" \/><\/a>\n\t\t\t\t<\/dt>\n\t\t\t\t\t<dd class='wp-caption-text gallery-caption' id='gallery-7-397532'>\n\t\t\t\t\tHOTEL STELLA ALPINA ESTATE D&#8217;EVENTI \n\t\t\t\t\t<\/dd><\/dl><dl class='gallery-item'>\n\t\t\t\t<dt class='gallery-icon portrait'>\n\t\t\t\t\t<a class=\"rollover rollover-zoom dt-pswp-item\" title=\"8b2155a6-d732-4852-a73f-6ad1b59fac91\" data-dt-img-description=\"\" data-large_image_width=\"1131\" data-large_image_height=\"1600\"href='https:\/\/www.radiopiu.net\/wordpress\/wp-content\/uploads\/2024\/07\/8b2155a6-d732-4852-a73f-6ad1b59fac91-1.jpg'><img loading=\"lazy\" decoding=\"async\" width=\"150\" height=\"150\" src=\"https:\/\/www.radiopiu.net\/wordpress\/wp-content\/uploads\/2024\/07\/8b2155a6-d732-4852-a73f-6ad1b59fac91-1-150x150.jpg\" class=\"attachment-thumbnail size-thumbnail\" alt=\"\" aria-describedby=\"gallery-7-397366\" \/><\/a>\n\t\t\t\t<\/dt>\n\t\t\t\t\t<dd class='wp-caption-text gallery-caption' id='gallery-7-397366'>\n\t\t\t\t\tASSOCIAZIONE BORGO SOTTOGUDA \n\t\t\t\t\t<\/dd><\/dl><dl class='gallery-item'>\n\t\t\t\t<dt class='gallery-icon portrait'>\n\t\t\t\t\t<a class=\"rollover rollover-zoom dt-pswp-item\" title=\"6aaaad58-800e-4990-a3b1-996dabdbe745\" data-dt-img-description=\"\" data-large_image_width=\"1131\" data-large_image_height=\"1600\"href='https:\/\/www.radiopiu.net\/wordpress\/wp-content\/uploads\/2024\/07\/6aaaad58-800e-4990-a3b1-996dabdbe745.jpg'><img loading=\"lazy\" decoding=\"async\" width=\"150\" height=\"150\" src=\"https:\/\/www.radiopiu.net\/wordpress\/wp-content\/uploads\/2024\/07\/6aaaad58-800e-4990-a3b1-996dabdbe745-150x150.jpg\" class=\"attachment-thumbnail size-thumbnail\" alt=\"\" aria-describedby=\"gallery-7-397565\" \/><\/a>\n\t\t\t\t<\/dt>\n\t\t\t\t\t<dd class='wp-caption-text gallery-caption' id='gallery-7-397565'>\n\t\t\t\t\tDAL 20 LUGLIO A VOLTAGO\n\t\t\t\t\t<\/dd><\/dl>\n\t\t\t\t<br style='clear: both' \/>\n\t\t\t<\/div>\n\n<p>&nbsp;<\/p>\n<p><strong><a class=\"dt-pswp-item\" href=\"https:\/\/www.radiopiu.net\/wordpress\/wp-content\/uploads\/2024\/07\/449200672_122158132022160070_1155254120683685018_n.jpg\" data-dt-img-description=\"\" data-large_image_width=\"1080\" data-large_image_height=\"1080\"><img loading=\"lazy\" decoding=\"async\" class=\" wp-image-397238 alignleft\" src=\"https:\/\/www.radiopiu.net\/wordpress\/wp-content\/uploads\/2024\/07\/449200672_122158132022160070_1155254120683685018_n-300x300.jpg\" alt=\"\" width=\"113\" height=\"113\" srcset=\"https:\/\/www.radiopiu.net\/wordpress\/wp-content\/uploads\/2024\/07\/449200672_122158132022160070_1155254120683685018_n-300x300.jpg 300w, https:\/\/www.radiopiu.net\/wordpress\/wp-content\/uploads\/2024\/07\/449200672_122158132022160070_1155254120683685018_n-1024x1024.jpg 1024w, https:\/\/www.radiopiu.net\/wordpress\/wp-content\/uploads\/2024\/07\/449200672_122158132022160070_1155254120683685018_n-150x150.jpg 150w, https:\/\/www.radiopiu.net\/wordpress\/wp-content\/uploads\/2024\/07\/449200672_122158132022160070_1155254120683685018_n-768x768.jpg 768w, https:\/\/www.radiopiu.net\/wordpress\/wp-content\/uploads\/2024\/07\/449200672_122158132022160070_1155254120683685018_n.jpg 1080w\" sizes=\"auto, (max-width: 113px) 100vw, 113px\" \/><\/a>FALCADE<\/strong> Con il mese di luglio tornano le proiezioni al Cinema Dolomiti di Falcade. Inizio con il botto con due fine settimane dedicate al film d&#8217;animazione Disney Pixar &#8220;Inside Out 2&#8221;. Cosa accade quando la ragazzina protagonista del primo INSIDE OUT diventa adolescente? Alle emozioni quali Gioia, Rabbia, Tristezza, Paura e Disgusto si aggiungono Ennui, Invidia, Imbarazzo e soprattutto Ansia: nulla sar\u00e0 pi\u00f9 uguale a prima! Spettacoli alle 17 e alle 21:15 sia sabato che domenica. Programmazione il 6, 7, 13 e 14 luglio.<\/p>\n<p><strong>TRICHIANA<\/strong>\u00a0 Sabato alle 20.30 nella chiesa arcipretale concerto del Coro Polifonico di Trichiana diretto da <a class=\"dt-pswp-item\" href=\"https:\/\/www.radiopiu.net\/wordpress\/wp-content\/uploads\/2024\/07\/Coro-ungherese.jpg\" data-dt-img-description=\"\" data-large_image_width=\"1600\" data-large_image_height=\"747\"><img loading=\"lazy\" decoding=\"async\" class=\"size-medium wp-image-397541 alignleft\" src=\"https:\/\/www.radiopiu.net\/wordpress\/wp-content\/uploads\/2024\/07\/Coro-ungherese-300x140.jpg\" alt=\"\" width=\"300\" height=\"140\" srcset=\"https:\/\/www.radiopiu.net\/wordpress\/wp-content\/uploads\/2024\/07\/Coro-ungherese-300x140.jpg 300w, https:\/\/www.radiopiu.net\/wordpress\/wp-content\/uploads\/2024\/07\/Coro-ungherese-1024x478.jpg 1024w, https:\/\/www.radiopiu.net\/wordpress\/wp-content\/uploads\/2024\/07\/Coro-ungherese-768x359.jpg 768w, https:\/\/www.radiopiu.net\/wordpress\/wp-content\/uploads\/2024\/07\/Coro-ungherese-1536x717.jpg 1536w, https:\/\/www.radiopiu.net\/wordpress\/wp-content\/uploads\/2024\/07\/Coro-ungherese.jpg 1600w\" sizes=\"auto, (max-width: 300px) 100vw, 300px\" \/><\/a>Stefano Bittante,\u00a0 Schola Cantorum trichianese diretta da Federico Cortina, Coro giovanile SingOverSound di Vittorio Veneto diretto da Marco Simeoni e Cantemus Children&#8217;s Choir\u00a0 diretto da Denes Szabo (FOTO) Ingresso libero<\/p>\n<\/div>\n<\/div>\n<\/div>\n<p><strong>BELLUNO\u00a0<\/strong>Oggi la Biblioteca delle migrazioni \u201cDino Buzzati\u201d organizza una serata a ingresso libero dedicata alla scoperta delle meraviglie della Colombia e alle radici bellunesi che vi si intrecciano. Questo evento offrir\u00e0 un&#8217;opportunit\u00e0 unica per esplorare la ricca cultura colombiana e per celebrare le connessioni storiche tra Belluno e il paese sudamericano.<\/p>\n<p><b>RIVAMONTE <\/b>Elo ncora vera.. di e con Mario, Bruno e la Valbelluna Fold Band. A Rivamonte, casa della Giovent\u00f9 sabato alle 20.30<\/p>\n<p><strong>BELLUNO<\/strong> A Belluno torna il festival &#8220;Luglio Jazz e dintorni&#8221; con la XXXV Edizione dei Concerti in Villa e nelle Corti del Circolo Culturale Bellunese. Sono previsti quattro concerti domenicali alle 17:30, dedicati a jazz, swing, rhythm and blues, soul e funky. Il primo concerto si terr\u00e0 domenica 7 luglio nell&#8217;anfiteatro del Ristorante &#8220;Al Borgo&#8221; (villa Doglioni) di Belluno, con Daniela Galli alla voce e Fausto Comunale alla chitarra.<\/p>\n<p><strong>SAN VITO DI CADORE<\/strong> Oggi a San Vito di Cadore presso la Sala Polifunzionale si terr\u00e0 un evento informale dedicato alla fiction &#8220;Un passo dal cielo&#8221;, dove il cast e la troupe incontreranno il territorio. L&#8217;incontro inizier\u00e0 con i saluti istituzionali e la proiezione di immagini e video di backstage. Sar\u00e0 anche possibile scattare foto e ottenere autografi dai protagonisti della serie televisiva. L&#8217;evento si svolger\u00e0 dalle 21:00 alle 22:30 circa.<\/p>\n<h2><span style=\"color: #ff0000;\">PROSSIMAMENTE\u00a0<\/span><\/h2>\n<p><strong>CANALE D&#8217;AGORDO\u00a0<\/strong> Giovedi 11 luglio alle 20.30 in sala Emigranti concerto Luglio Incanto con Benito Madonia. Ingresso libero, organizzazione biblioteche Valle del Biois.<\/p>\n<p><strong>CANALE D&#8217;AGORDO<\/strong> Domenica 14 luglio alle 17 al Bar Colmean presentazione del libro Panorami e Curiosit\u00e0 geologiche con il prof. Vittorio Fenti, brindisi conclusivo. Con Union Ladina Val Biois, Amici dei Minerarim Biblioteche Valle del Biois.<\/p>\n<p>&nbsp;<\/p>\n<p>&nbsp;<\/p>\n<hr \/>\n<p>&nbsp;<\/p>\n<p><a class=\"dt-pswp-item\" href=\"https:\/\/www.radiopiu.net\/wordpress\/wp-content\/uploads\/2018\/09\/viabilita.jpeg\" data-dt-img-description=\"\" data-large_image_width=\"800\" data-large_image_height=\"100\"><img loading=\"lazy\" decoding=\"async\" class=\"aligncenter wp-image-61954 size-full\" src=\"https:\/\/www.radiopiu.net\/wordpress\/wp-content\/uploads\/2018\/09\/viabilita.jpeg\" alt=\"\" width=\"800\" height=\"100\" srcset=\"https:\/\/www.radiopiu.net\/wordpress\/wp-content\/uploads\/2018\/09\/viabilita.jpeg 800w, https:\/\/www.radiopiu.net\/wordpress\/wp-content\/uploads\/2018\/09\/viabilita-300x38.jpeg 300w, https:\/\/www.radiopiu.net\/wordpress\/wp-content\/uploads\/2018\/09\/viabilita-768x96.jpeg 768w\" sizes=\"auto, (max-width: 800px) 100vw, 800px\" \/><\/a><\/p>\n<p>&nbsp;<\/p>\n<p><a class=\"dt-pswp-item\" href=\"https:\/\/www.radiopiu.net\/wordpress\/wp-content\/uploads\/2023\/12\/botol-car-service.jpg\" data-dt-img-description=\"\" data-large_image_width=\"600\" data-large_image_height=\"600\"><img loading=\"lazy\" decoding=\"async\" class=\"size-medium wp-image-367044 aligncenter\" src=\"https:\/\/www.radiopiu.net\/wordpress\/wp-content\/uploads\/2023\/12\/botol-car-service-300x300.jpg\" alt=\"\" width=\"300\" height=\"300\" srcset=\"https:\/\/www.radiopiu.net\/wordpress\/wp-content\/uploads\/2023\/12\/botol-car-service-300x300.jpg 300w, https:\/\/www.radiopiu.net\/wordpress\/wp-content\/uploads\/2023\/12\/botol-car-service-150x150.jpg 150w, https:\/\/www.radiopiu.net\/wordpress\/wp-content\/uploads\/2023\/12\/botol-car-service.jpg 600w\" sizes=\"auto, (max-width: 300px) 100vw, 300px\" \/><\/a><\/p>\n<p>&nbsp;<\/p>\n<p>&nbsp;<\/p>\n<h1>BOLLETTINO QUOTIDIANO, CLICCA QUI<\/h1>\n<blockquote class=\"wp-embedded-content\" data-secret=\"cQtAe3FXwv\"><p><a href=\"https:\/\/www.radiopiu.net\/wordpress\/viabilita-2\/\">viabilita<\/a><\/p><\/blockquote>\n<p><iframe loading=\"lazy\" class=\"wp-embedded-content\" sandbox=\"allow-scripts\" security=\"restricted\" style=\"position: absolute; clip: rect(1px, 1px, 1px, 1px);\" title=\"&#8220;viabilita&#8221; &#8212; Radio Pi\u00f9\" src=\"https:\/\/www.radiopiu.net\/wordpress\/viabilita-2\/embed\/#?secret=EsGn3aYFKS#?secret=cQtAe3FXwv\" data-secret=\"cQtAe3FXwv\" width=\"600\" height=\"338\" frameborder=\"0\" marginwidth=\"0\" marginheight=\"0\" scrolling=\"no\"><\/iframe><\/p>\n<p>&nbsp;<\/p>\n<p>&nbsp;<\/p>\n<hr \/>\n<p>&nbsp;<\/p>\n<p><a class=\"dt-pswp-item\" href=\"https:\/\/www.radiopiu.net\/wordpress\/wp-content\/uploads\/2018\/09\/WhatsApp-Image-2018-09-20-at-16.04.06.jpeg\" data-dt-img-description=\"\" data-large_image_width=\"800\" data-large_image_height=\"100\"><img loading=\"lazy\" decoding=\"async\" class=\"wp-image-61378 size-full aligncenter\" src=\"https:\/\/www.radiopiu.net\/wordpress\/wp-content\/uploads\/2018\/09\/WhatsApp-Image-2018-09-20-at-16.04.06.jpeg\" alt=\"\" width=\"800\" height=\"100\" srcset=\"https:\/\/www.radiopiu.net\/wordpress\/wp-content\/uploads\/2018\/09\/WhatsApp-Image-2018-09-20-at-16.04.06.jpeg 800w, https:\/\/www.radiopiu.net\/wordpress\/wp-content\/uploads\/2018\/09\/WhatsApp-Image-2018-09-20-at-16.04.06-300x38.jpeg 300w, https:\/\/www.radiopiu.net\/wordpress\/wp-content\/uploads\/2018\/09\/WhatsApp-Image-2018-09-20-at-16.04.06-768x96.jpeg 768w\" sizes=\"auto, (max-width: 800px) 100vw, 800px\" \/><\/a><\/p>\n<p><center><\/center><center><\/center><center><\/center><center><\/center><center><\/center><center><\/center>&nbsp;<\/p>\n<p><b>OGGI <\/b>Ad eccezione nubi basse mattutine nel catino bellunese, il tempo sar\u00e0 da soleggiato al mattino a parzialmente soleggiato nelle ore pomeridiane per modesta attivit\u00e0 cumuliforme, localmente moderata, assieme ad eventuali stratocumuli a ridosso di alcuni rilevi. L&#8217;insidia fenomeni convettivi sar\u00e0 pressoch\u00e9 scongiurata, salvo sporadiche eccezioni. <strong>Precipitazioni.<\/strong> Generalmente assenti anche se non si potr\u00e0 escludere totalmente qualche isolato piovasco, specie sulle Prealpi, ma saranno eccezioni in un contesto assai pi\u00f9 stabile rispetto ai giorni passati.<br \/>\n<strong>Temperature.<\/strong> Calo delle minime, soprattutto nelle valli per irraggiamento notturno, e rialzo delle massime a tutte le quote.<\/p>\n<hr \/>\n<p><strong>DOMANI<\/strong> Tempo pi\u00f9 stabile ed in prevalenza soleggiato, nonostante una modesta attivit\u00e0 cumuliforme durante le ore pi\u00f9 calde, minore sulle Dolomiti rispetto alle Prealpi.\u00a0 <strong>Precipitazioni.<\/strong> Assenti, anche se non sar\u00e0 da scartare del tutto qualche isolato piovasco, ma la probabilit\u00e0 sar\u00e0 piuttosto remota <strong>Temperature.<\/strong> In generale ulteriore rialzo a tutte le quote.<\/p>\n<hr \/>\n<p><strong>SABATO<\/strong>\u00a0Tempo in prevalenza soleggiato, nonostante una modesta attivit\u00e0 cumuliforme durante le ore pi\u00f9 calde, maggiore sulle Dolomiti rispetto alle Prealpi. Temperature in ulteriore rialzo con contesto prettamente estivo, anche assai caldo nei fondovalle prealpini.<\/p>\n<hr \/>\n<p><strong>DOMENICA<\/strong>\u00a0Al mattino tempo in prevalenza soleggiato con cielo perlopi\u00f9 sereno o poco nuvoloso per iniziale modesti cumuli. Nel corso del pomeriggio riduzione del soleggiamento per maggiore nuvolosit\u00e0 ed addensamenti cumuliformi, anche intensi ed associati a qualche temporale, specie sui settori confinanti con il Trentino e l&#8217;Alto Adige. Temperature elevate di stampo estivo, anche se ci sar\u00e0 una lieve flessione delle massime in alcuni settori.<\/p>\n<p>&nbsp;<\/p>\n<hr \/>\n<p>&nbsp;<\/p>\n<p><a class=\"dt-pswp-item\" href=\"https:\/\/www.radiopiu.net\/wordpress\/wp-content\/uploads\/2018\/09\/sport.jpg\" data-dt-img-description=\"\" data-large_image_width=\"800\" data-large_image_height=\"100\"><img loading=\"lazy\" decoding=\"async\" class=\"aligncenter wp-image-60761 size-full\" src=\"https:\/\/www.radiopiu.net\/wordpress\/wp-content\/uploads\/2018\/09\/sport.jpg\" alt=\"\" width=\"800\" height=\"100\" srcset=\"https:\/\/www.radiopiu.net\/wordpress\/wp-content\/uploads\/2018\/09\/sport.jpg 800w, https:\/\/www.radiopiu.net\/wordpress\/wp-content\/uploads\/2018\/09\/sport-300x38.jpg 300w, https:\/\/www.radiopiu.net\/wordpress\/wp-content\/uploads\/2018\/09\/sport-768x96.jpg 768w\" sizes=\"auto, (max-width: 800px) 100vw, 800px\" \/><\/a><\/p>\n<p>&nbsp;<\/p>\n<p><span style=\"color: #0000ff;\"><strong>CALCIO<\/strong><\/span><\/p>\n<p>&nbsp;<\/p>\n<p>&nbsp;<\/p>\n<p><span style=\"color: #0000ff;\"><strong>PALLAVOLO<\/strong><\/span><\/p>\n<blockquote>\n<h3><a class=\"dt-pswp-item\" href=\"https:\/\/www.radiopiu.net\/wordpress\/wp-content\/uploads\/2024\/07\/Loglisci_con_la_maglia_di_Pineto.jpg\" data-dt-img-description=\"\" data-large_image_width=\"1272\" data-large_image_height=\"1520\"><img loading=\"lazy\" decoding=\"async\" class=\" wp-image-397633 alignleft\" src=\"https:\/\/www.radiopiu.net\/wordpress\/wp-content\/uploads\/2024\/07\/Loglisci_con_la_maglia_di_Pineto-251x300.jpg\" alt=\"\" width=\"138\" height=\"165\" srcset=\"https:\/\/www.radiopiu.net\/wordpress\/wp-content\/uploads\/2024\/07\/Loglisci_con_la_maglia_di_Pineto-251x300.jpg 251w, https:\/\/www.radiopiu.net\/wordpress\/wp-content\/uploads\/2024\/07\/Loglisci_con_la_maglia_di_Pineto-857x1024.jpg 857w, https:\/\/www.radiopiu.net\/wordpress\/wp-content\/uploads\/2024\/07\/Loglisci_con_la_maglia_di_Pineto-768x918.jpg 768w, https:\/\/www.radiopiu.net\/wordpress\/wp-content\/uploads\/2024\/07\/Loglisci_con_la_maglia_di_Pineto.jpg 1272w\" sizes=\"auto, (max-width: 138px) 100vw, 138px\" \/><\/a>GIANLUCA LOGLISCI ULTIMO COLPO DEL BELLUNO VOLLEY<\/h3>\n<\/blockquote>\n<p>Il Belluno Volley, in vista della nuova stagione in Serie A3 Credem Banca, ha arricchito la squadra con quindici nuovi giocatori, tra cui Gianluca Loglisci, schiacciatore classe 1998, proveniente da diverse esperienze in A2. Loglisci, entusiasta della nuova squadra e delle elevate aspettative, sottolinea la profondit\u00e0 del roster come un valore aggiunto per migliorare gli allenamenti. Si definisce un giocatore completo e adattabile, con una forte voglia di vincere e creare un buon spirito di gruppo. Impegnato negli studi universitari per una laurea in Scienze motorie, Loglisci allena anche giovani nei camp estivi. Si prepara al primo campionato di A3 con grandi ambizioni, puntando sia al campionato che alla Coppa Italia.<\/p>\n<p>&nbsp;<\/p>\n<hr \/>\n<p>&nbsp;<\/p>\n<h2><span style=\"color: #00ff00;\">GOODBYE BY BICICLE&#8230;UN VIAGGIO DALL&#8217;INDIA A SEREN DEL GRAPPA IN BICICLETTA<\/span><\/h2>\n<p><span style=\"color: #ff0000;\"><strong>PUNTATA 20 &#8211; DALLA CINA AD ISTANBUL<\/strong><\/span><\/p>\n<audio class=\"wp-audio-shortcode\" id=\"audio-397550-14\" preload=\"none\" style=\"width: 100%;\" controls=\"controls\"><source type=\"audio\/mpeg\" src=\"https:\/\/www.radiopiu.net\/wordpress\/wp-content\/uploads\/2024\/06\/AIRE-INDIA-PUNTATA-20.mp3?_=14\" \/><a href=\"https:\/\/www.radiopiu.net\/wordpress\/wp-content\/uploads\/2024\/06\/AIRE-INDIA-PUNTATA-20.mp3\">https:\/\/www.radiopiu.net\/wordpress\/wp-content\/uploads\/2024\/06\/AIRE-INDIA-PUNTATA-20.mp3<\/a><\/audio>\n<p>&nbsp;<\/p>\n<p><strong>PER VISITARE I SITI DEI LUOGHI VISITATI, CLICCA SULLE SEGUENTI SCRITTE: <span style=\"color: #3366ff;\"><a href=\"https:\/\/earthist.in\/\">EARTH IST<\/a> (<a href=\"https:\/\/www.instagram.com\/earthist.in?igsh=cHUzbWp0YnQycG9o\">INSTAGRAM<\/a>)\u00a0 \u00a0<a href=\"https:\/\/www.thegreensilkroad.com\/\">THE GREEN SILK ROAD<\/a> (<a href=\"https:\/\/www.instagram.com\/thegreensilkroad?igsh=MWt2M2Z5MXR4M3F5NQ==\">INSTAGRAM<\/a>)<\/span><\/strong><\/p>\n<p>&nbsp;<\/p>\n\n\t\t\t<style type='text\/css'>\n\t\t\t\t#gallery-8 {\n\t\t\t\t\tmargin: auto;\n\t\t\t\t}\n\t\t\t\t#gallery-8 .gallery-item {\n\t\t\t\t\tfloat: left;\n\t\t\t\t\tmargin-top: 10px;\n\t\t\t\t\ttext-align: center;\n\t\t\t\t\twidth: 25%;\n\t\t\t\t}\n\t\t\t\t#gallery-8 img {\n\t\t\t\t\tborder: 2px solid #cfcfcf;\n\t\t\t\t}\n\t\t\t\t#gallery-8 .gallery-caption {\n\t\t\t\t\tmargin-left: 0;\n\t\t\t\t}\n\t\t\t\t\/* see gallery_shortcode() in wp-includes\/media.php *\/\n\t\t\t<\/style>\n\t\t<div id='gallery-8' class='dt-gallery-container gallery galleryid-397550 gallery-columns-4 gallery-size-thumbnail'><dl class='gallery-item'>\n\t\t\t\t<dt class='gallery-icon landscape'>\n\t\t\t\t\t<a class=\"rollover rollover-zoom dt-pswp-item\" title=\"139efe29-7cac-4f3b-b657-a00d7c77fec9\" data-dt-img-description=\"\" data-large_image_width=\"1600\" data-large_image_height=\"1200\"href='https:\/\/www.radiopiu.net\/wordpress\/wp-content\/uploads\/2024\/06\/139efe29-7cac-4f3b-b657-a00d7c77fec9.jpg'><img loading=\"lazy\" decoding=\"async\" width=\"150\" height=\"150\" src=\"https:\/\/www.radiopiu.net\/wordpress\/wp-content\/uploads\/2024\/06\/139efe29-7cac-4f3b-b657-a00d7c77fec9-150x150.jpg\" class=\"attachment-thumbnail size-thumbnail\" alt=\"\" \/><\/a>\n\t\t\t\t<\/dt><\/dl><dl class='gallery-item'>\n\t\t\t\t<dt class='gallery-icon portrait'>\n\t\t\t\t\t<a class=\"rollover rollover-zoom dt-pswp-item\" title=\"dc34114c-ff06-4ec2-ab87-3ea1278d58f6\" data-dt-img-description=\"\" data-large_image_width=\"1200\" data-large_image_height=\"1600\"href='https:\/\/www.radiopiu.net\/wordpress\/wp-content\/uploads\/2024\/06\/dc34114c-ff06-4ec2-ab87-3ea1278d58f6.jpg'><img loading=\"lazy\" decoding=\"async\" width=\"150\" height=\"150\" src=\"https:\/\/www.radiopiu.net\/wordpress\/wp-content\/uploads\/2024\/06\/dc34114c-ff06-4ec2-ab87-3ea1278d58f6-150x150.jpg\" class=\"attachment-thumbnail size-thumbnail\" alt=\"\" \/><\/a>\n\t\t\t\t<\/dt><\/dl><dl class='gallery-item'>\n\t\t\t\t<dt class='gallery-icon portrait'>\n\t\t\t\t\t<a class=\"rollover rollover-zoom dt-pswp-item\" title=\"0ac6a402-afe3-4aa9-ae64-bc15596bf4ce\" data-dt-img-description=\"\" data-large_image_width=\"963\" data-large_image_height=\"1280\"href='https:\/\/www.radiopiu.net\/wordpress\/wp-content\/uploads\/2024\/06\/0ac6a402-afe3-4aa9-ae64-bc15596bf4ce.jpg'><img loading=\"lazy\" decoding=\"async\" width=\"150\" height=\"150\" src=\"https:\/\/www.radiopiu.net\/wordpress\/wp-content\/uploads\/2024\/06\/0ac6a402-afe3-4aa9-ae64-bc15596bf4ce-150x150.jpg\" class=\"attachment-thumbnail size-thumbnail\" alt=\"\" \/><\/a>\n\t\t\t\t<\/dt><\/dl><dl class='gallery-item'>\n\t\t\t\t<dt class='gallery-icon landscape'>\n\t\t\t\t\t<a class=\"rollover rollover-zoom dt-pswp-item\" title=\"43e82a59-14a2-4764-9783-bd2541f88249\" data-dt-img-description=\"\" data-large_image_width=\"1600\" data-large_image_height=\"1200\"href='https:\/\/www.radiopiu.net\/wordpress\/wp-content\/uploads\/2024\/06\/43e82a59-14a2-4764-9783-bd2541f88249.jpg'><img loading=\"lazy\" decoding=\"async\" width=\"150\" height=\"150\" src=\"https:\/\/www.radiopiu.net\/wordpress\/wp-content\/uploads\/2024\/06\/43e82a59-14a2-4764-9783-bd2541f88249-150x150.jpg\" class=\"attachment-thumbnail size-thumbnail\" alt=\"\" \/><\/a>\n\t\t\t\t<\/dt><\/dl><br style=\"clear: both\" \/>\n\t\t\t<\/div>\n\n<p>&nbsp;<\/p>\n<p>&nbsp;<\/p>\n<p>&nbsp;<\/p>\n<p>&nbsp;<\/p>\n","protected":false},"excerpt":{"rendered":"<p>******* &nbsp; GETTO DEL SOLAIO Veneto strade comunica che oggi\u00a0 la strada per Digonera sar\u00e0 interdetta al traffico anche dalle 12:30 alle 13:30. &nbsp; INFO Comune Rocca Pietore.\u00a0\u00a0 &nbsp; E dopo la pioggia, il sole risplende pi\u00f9 luminoso, di john francis della pietra\u00a0 oggi, ore 5.45 valle di gares, canale d&#8217;agordo &#8211; dolomiti- belluno- veneto-italia-&hellip;<\/p>\n","protected":false},"author":4,"featured_media":397725,"comment_status":"closed","ping_status":"closed","sticky":false,"template":"","format":"standard","meta":{"_monsterinsights_skip_tracking":false,"_monsterinsights_sitenote_active":false,"_monsterinsights_sitenote_note":"","_monsterinsights_sitenote_category":0,"footnotes":""},"categories":[51,86,49],"tags":[],"class_list":["post-397550","post","type-post","status-publish","format-standard","has-post-thumbnail","hentry","category-evidenza-top","category-gr","category-news-18","category-51","category-86","category-49","description-off"],"img_url":"https:\/\/www.radiopiu.net\/wordpress\/wp-content\/uploads\/2024\/07\/SS.jpg","_links":{"self":[{"href":"https:\/\/www.radiopiu.net\/wordpress\/wp-json\/wp\/v2\/posts\/397550","targetHints":{"allow":["GET"]}}],"collection":[{"href":"https:\/\/www.radiopiu.net\/wordpress\/wp-json\/wp\/v2\/posts"}],"about":[{"href":"https:\/\/www.radiopiu.net\/wordpress\/wp-json\/wp\/v2\/types\/post"}],"author":[{"embeddable":true,"href":"https:\/\/www.radiopiu.net\/wordpress\/wp-json\/wp\/v2\/users\/4"}],"replies":[{"embeddable":true,"href":"https:\/\/www.radiopiu.net\/wordpress\/wp-json\/wp\/v2\/comments?post=397550"}],"version-history":[{"count":0,"href":"https:\/\/www.radiopiu.net\/wordpress\/wp-json\/wp\/v2\/posts\/397550\/revisions"}],"wp:featuredmedia":[{"embeddable":true,"href":"https:\/\/www.radiopiu.net\/wordpress\/wp-json\/wp\/v2\/media\/397725"}],"wp:attachment":[{"href":"https:\/\/www.radiopiu.net\/wordpress\/wp-json\/wp\/v2\/media?parent=397550"}],"wp:term":[{"taxonomy":"category","embeddable":true,"href":"https:\/\/www.radiopiu.net\/wordpress\/wp-json\/wp\/v2\/categories?post=397550"},{"taxonomy":"post_tag","embeddable":true,"href":"https:\/\/www.radiopiu.net\/wordpress\/wp-json\/wp\/v2\/tags?post=397550"}],"curies":[{"name":"wp","href":"https:\/\/api.w.org\/{rel}","templated":true}]}}