{"id":397691,"date":"2024-07-03T11:27:35","date_gmt":"2024-07-03T09:27:35","guid":{"rendered":"https:\/\/www.radiopiu.net\/wordpress\/?p=397691"},"modified":"2024-07-04T07:14:26","modified_gmt":"2024-07-04T05:14:26","slug":"cinquantanni-del-coro-piave-festeggiamenti-e-concerti","status":"publish","type":"post","link":"https:\/\/www.radiopiu.net\/wordpress\/cinquantanni-del-coro-piave-festeggiamenti-e-concerti\/","title":{"rendered":"Cinquant&#8217;anni del Coro Piave: Festeggiamenti e Concerti"},"content":{"rendered":"<p>***<\/p>\n<p>&nbsp;<\/p>\n<p><strong><a class=\"dt-pswp-item\" href=\"https:\/\/www.radiopiu.net\/wordpress\/wp-content\/uploads\/2024\/07\/1.png\" data-dt-img-description=\"\" data-large_image_width=\"236\" data-large_image_height=\"234\"><img loading=\"lazy\" decoding=\"async\" class=\" wp-image-397692 alignleft\" src=\"https:\/\/www.radiopiu.net\/wordpress\/wp-content\/uploads\/2024\/07\/1.png\" alt=\"\" width=\"204\" height=\"202\" srcset=\"https:\/\/www.radiopiu.net\/wordpress\/wp-content\/uploads\/2024\/07\/1.png 236w, https:\/\/www.radiopiu.net\/wordpress\/wp-content\/uploads\/2024\/07\/1-150x150.png 150w\" sizes=\"auto, (max-width: 204px) 100vw, 204px\" \/><\/a>BELLUNO<\/strong> Nel corso di quest\u2019anno la coralit\u00e0 bellunese, tra gli altri, il traguardo dei cinquant\u2019anni di quello che nel 1974 nacque con il nome di \u201cCoro Piave\u201d, grazie all\u2019iniziativa di alcuni dipendenti dell\u2019Ospedale di Feltre che lo fondarono: Sisto Facchin, Arduino e Mario Tranquillin, Giuseppe Turrin e Gianni Zannin. Il primo direttore fu Arduino Tranquillin, che lo diresse sino al 1979. Poi, sino al 1981 il testimone pass\u00f2 al maestro Luigi Scopel. Dal 1981 inizi\u00f2 la collaborazione con la Sezione di Feltre dell\u2019Associazione <a class=\"dt-pswp-item\" href=\"https:\/\/www.radiopiu.net\/wordpress\/wp-content\/uploads\/2024\/07\/3.png\" data-dt-img-description=\"\" data-large_image_width=\"216\" data-large_image_height=\"208\"><img loading=\"lazy\" decoding=\"async\" class=\"size-full wp-image-397694 alignright\" src=\"https:\/\/www.radiopiu.net\/wordpress\/wp-content\/uploads\/2024\/07\/3.png\" alt=\"\" width=\"216\" height=\"208\" \/><\/a>Nazionale Alpini e cos\u00ec il complesso canoro prese il nome di \u201cCoro Piave A.N.A.\u201d sotto la direzione del maestro Danilo Facchin sino al 2014. Dal 2015 il coro feltrino \u00e8 guidato dal maestro Aldo Speranza e e della maestra Gaia Da Rugna, il presidente \u00e8 Antonio Gaio e la presentatrice Tiziana Masocco. Ora \u00e8 tempo di festeggiamenti per aver raggiunto l\u2019invidiabile traguardo delle \u201cnozze d\u2019oro\u201d ed il coro ha predisposto un nutrito calendario di appuntamenti con gli appassionati di canto corale.Il concerto pi\u00f9 imminente si terr\u00e0 venerd\u00ec 5 luglio alle 20.30 nella chiesa parrocchiale di Pedavena subito seguito da una significativa presenza al Santuario dei santi Vittore e Corona che avr\u00e0 <a class=\"dt-pswp-item\" href=\"https:\/\/www.radiopiu.net\/wordpress\/wp-content\/uploads\/2024\/07\/2.png\" data-dt-img-description=\"\" data-large_image_width=\"378\" data-large_image_height=\"215\"><img loading=\"lazy\" decoding=\"async\" class=\"size-medium wp-image-397693 alignleft\" src=\"https:\/\/www.radiopiu.net\/wordpress\/wp-content\/uploads\/2024\/07\/2-300x171.png\" alt=\"\" width=\"300\" height=\"171\" srcset=\"https:\/\/www.radiopiu.net\/wordpress\/wp-content\/uploads\/2024\/07\/2-300x171.png 300w, https:\/\/www.radiopiu.net\/wordpress\/wp-content\/uploads\/2024\/07\/2.png 378w\" sizes=\"auto, (max-width: 300px) 100vw, 300px\" \/><\/a>luogo domenica 7 luglio e nelle vesti di ospite d\u2019onore sar\u00e0 il Gruppo corale \u201cVoci in valle\u201d di Sedico.\u00a0 Alle 17 i due complessi accompagneranno la celebrazione della S. Messa ed alle 20.45 avr\u00e0 inizio il concerto che vedr\u00e0 il Coro \u201cA.N.A. Piave\u201d eseguire alcuni brani del suo repertorio di canto di ispirazione popolare. Seguir\u00e0 l\u2019intervento del chitarrista e chansonnier Umberto Gatti del soprano Tiziana Masocco. Nella seconda parte del concerto, presentato da Dino Bridda, il Gruppo corale \u201cVoci in valle\u201d, di retto da Bruno Cargnel e Marisa Santomaso e presieduto da Claudia Da Gioz, proporr\u00e0 anch\u2019esso alcuni brani del suo repertorio che spazia dal canto di ispirazione popolare alla musica leggera italiana e internazionale al settore cantautorale.<\/p>\n<p>&nbsp;<\/p>\n<p>&nbsp;<\/p>\n<p>___<\/p>\n","protected":false},"excerpt":{"rendered":"<p>*** &nbsp; BELLUNO Nel corso di quest\u2019anno la coralit\u00e0 bellunese, tra gli altri, il traguardo dei cinquant\u2019anni di quello che nel 1974 nacque con il nome di \u201cCoro Piave\u201d, grazie all\u2019iniziativa di alcuni dipendenti dell\u2019Ospedale di Feltre che lo fondarono: Sisto Facchin, Arduino e Mario Tranquillin, Giuseppe Turrin e Gianni Zannin. Il primo direttore fu&hellip;<\/p>\n","protected":false},"author":4,"featured_media":397693,"comment_status":"closed","ping_status":"closed","sticky":false,"template":"","format":"standard","meta":{"_monsterinsights_skip_tracking":false,"_monsterinsights_sitenote_active":false,"_monsterinsights_sitenote_note":"","_monsterinsights_sitenote_category":0,"footnotes":""},"categories":[104,49],"tags":[],"class_list":["post-397691","post","type-post","status-publish","format-standard","has-post-thumbnail","hentry","category-evidenza_3","category-news-18","category-104","category-49","description-off"],"img_url":"https:\/\/www.radiopiu.net\/wordpress\/wp-content\/uploads\/2024\/07\/2.png","_links":{"self":[{"href":"https:\/\/www.radiopiu.net\/wordpress\/wp-json\/wp\/v2\/posts\/397691","targetHints":{"allow":["GET"]}}],"collection":[{"href":"https:\/\/www.radiopiu.net\/wordpress\/wp-json\/wp\/v2\/posts"}],"about":[{"href":"https:\/\/www.radiopiu.net\/wordpress\/wp-json\/wp\/v2\/types\/post"}],"author":[{"embeddable":true,"href":"https:\/\/www.radiopiu.net\/wordpress\/wp-json\/wp\/v2\/users\/4"}],"replies":[{"embeddable":true,"href":"https:\/\/www.radiopiu.net\/wordpress\/wp-json\/wp\/v2\/comments?post=397691"}],"version-history":[{"count":0,"href":"https:\/\/www.radiopiu.net\/wordpress\/wp-json\/wp\/v2\/posts\/397691\/revisions"}],"wp:featuredmedia":[{"embeddable":true,"href":"https:\/\/www.radiopiu.net\/wordpress\/wp-json\/wp\/v2\/media\/397693"}],"wp:attachment":[{"href":"https:\/\/www.radiopiu.net\/wordpress\/wp-json\/wp\/v2\/media?parent=397691"}],"wp:term":[{"taxonomy":"category","embeddable":true,"href":"https:\/\/www.radiopiu.net\/wordpress\/wp-json\/wp\/v2\/categories?post=397691"},{"taxonomy":"post_tag","embeddable":true,"href":"https:\/\/www.radiopiu.net\/wordpress\/wp-json\/wp\/v2\/tags?post=397691"}],"curies":[{"name":"wp","href":"https:\/\/api.w.org\/{rel}","templated":true}]}}