{"id":397719,"date":"2024-07-04T10:00:54","date_gmt":"2024-07-04T08:00:54","guid":{"rendered":"https:\/\/www.radiopiu.net\/wordpress\/?p=397719"},"modified":"2024-07-03T23:03:32","modified_gmt":"2024-07-03T21:03:32","slug":"matthias-manfroi-resta-in-biancorosso","status":"publish","type":"post","link":"https:\/\/www.radiopiu.net\/wordpress\/matthias-manfroi-resta-in-biancorosso\/","title":{"rendered":"MATTHIAS MANFROI RESTA IN BIANCOROSSO"},"content":{"rendered":"<p>*******<\/p>\n<p>&nbsp;<\/p>\n<p><strong><a class=\"dt-pswp-item\" href=\"https:\/\/www.radiopiu.net\/wordpress\/wp-content\/uploads\/2024\/07\/5c371a24-ea2a-4011-93e9-932c01ab6878.jpg\" data-dt-img-description=\"\" data-large_image_width=\"940\" data-large_image_height=\"505\"><img loading=\"lazy\" decoding=\"async\" class=\" wp-image-397721 alignleft\" src=\"https:\/\/www.radiopiu.net\/wordpress\/wp-content\/uploads\/2024\/07\/5c371a24-ea2a-4011-93e9-932c01ab6878-300x161.jpg\" alt=\"\" width=\"203\" height=\"109\" srcset=\"https:\/\/www.radiopiu.net\/wordpress\/wp-content\/uploads\/2024\/07\/5c371a24-ea2a-4011-93e9-932c01ab6878-300x161.jpg 300w, https:\/\/www.radiopiu.net\/wordpress\/wp-content\/uploads\/2024\/07\/5c371a24-ea2a-4011-93e9-932c01ab6878-768x413.jpg 768w, https:\/\/www.radiopiu.net\/wordpress\/wp-content\/uploads\/2024\/07\/5c371a24-ea2a-4011-93e9-932c01ab6878.jpg 940w\" sizes=\"auto, (max-width: 203px) 100vw, 203px\" \/><\/a>DI ROBERTO MIANA, PORTAVOCE DELL&#8217;ALLEGHE HOCKEY<\/strong><\/p>\n<p>L\u2019Alleghe Hockey conferma in biancorosso Matthias Manfroi. Attaccante classe 2003 di Selva di Cadore, lavora nell\u2019hotel di famiglia a Selva e ha come hobby la pesca. Ha cominciato a giocare ad hockey nelle giovanili di Alleghe e Fassa, facendo il suo esordio nella squadra senior delle Civette nel 2021\/2022, poi un anno a Trento e Pin\u00e8 e l\u2019anno scorso il ritorno in riva al lago dove ha fatto registrare un totale di 38 presenze. Le parole di Matthias: \u201cNon ho mai avuto dubbi e sono stato deciso fin da subito nel proseguire il mio percorso con le Civette. Mi trovo bene nello spogliatoio e vado d\u2019accordo con tutti, in particolar modo con Marwin Martini, che \u00e8 il compagno con il quale sono pi\u00f9 legato, essendo anche dello stesso paese. Per la prossima stagione la Societ\u00e0 sta lavorando bene, siamo una bella squadra competitiva. Adesso non voglio sbilanciarmi troppo, dico solo che penso che possiamo fare una bella stagione e portare a casa ottimi risultati\u201d.<\/p>\n<p>&nbsp;<\/p>\n<p>&nbsp;<\/p>\n<p>*********<\/p>\n","protected":false},"excerpt":{"rendered":"<p>******* &nbsp; DI ROBERTO MIANA, PORTAVOCE DELL&#8217;ALLEGHE HOCKEY L\u2019Alleghe Hockey conferma in biancorosso Matthias Manfroi. Attaccante classe 2003 di Selva di Cadore, lavora nell\u2019hotel di famiglia a Selva e ha come hobby la pesca. Ha cominciato a giocare ad hockey nelle giovanili di Alleghe e Fassa, facendo il suo esordio nella squadra senior delle Civette&hellip;<\/p>\n","protected":false},"author":4,"featured_media":397721,"comment_status":"closed","ping_status":"closed","sticky":false,"template":"","format":"standard","meta":{"_monsterinsights_skip_tracking":false,"_monsterinsights_sitenote_active":false,"_monsterinsights_sitenote_note":"","_monsterinsights_sitenote_category":0,"footnotes":""},"categories":[49],"tags":[],"class_list":["post-397719","post","type-post","status-publish","format-standard","has-post-thumbnail","hentry","category-news-18","category-49","description-off"],"img_url":"https:\/\/www.radiopiu.net\/wordpress\/wp-content\/uploads\/2024\/07\/5c371a24-ea2a-4011-93e9-932c01ab6878.jpg","_links":{"self":[{"href":"https:\/\/www.radiopiu.net\/wordpress\/wp-json\/wp\/v2\/posts\/397719","targetHints":{"allow":["GET"]}}],"collection":[{"href":"https:\/\/www.radiopiu.net\/wordpress\/wp-json\/wp\/v2\/posts"}],"about":[{"href":"https:\/\/www.radiopiu.net\/wordpress\/wp-json\/wp\/v2\/types\/post"}],"author":[{"embeddable":true,"href":"https:\/\/www.radiopiu.net\/wordpress\/wp-json\/wp\/v2\/users\/4"}],"replies":[{"embeddable":true,"href":"https:\/\/www.radiopiu.net\/wordpress\/wp-json\/wp\/v2\/comments?post=397719"}],"version-history":[{"count":0,"href":"https:\/\/www.radiopiu.net\/wordpress\/wp-json\/wp\/v2\/posts\/397719\/revisions"}],"wp:featuredmedia":[{"embeddable":true,"href":"https:\/\/www.radiopiu.net\/wordpress\/wp-json\/wp\/v2\/media\/397721"}],"wp:attachment":[{"href":"https:\/\/www.radiopiu.net\/wordpress\/wp-json\/wp\/v2\/media?parent=397719"}],"wp:term":[{"taxonomy":"category","embeddable":true,"href":"https:\/\/www.radiopiu.net\/wordpress\/wp-json\/wp\/v2\/categories?post=397719"},{"taxonomy":"post_tag","embeddable":true,"href":"https:\/\/www.radiopiu.net\/wordpress\/wp-json\/wp\/v2\/tags?post=397719"}],"curies":[{"name":"wp","href":"https:\/\/api.w.org\/{rel}","templated":true}]}}