{"id":397853,"date":"2024-07-05T04:54:18","date_gmt":"2024-07-05T02:54:18","guid":{"rendered":"https:\/\/www.radiopiu.net\/wordpress\/?p=397853"},"modified":"2024-07-05T05:54:28","modified_gmt":"2024-07-05T03:54:28","slug":"inaugurazione-del-museo-ladino-fodom","status":"publish","type":"post","link":"https:\/\/www.radiopiu.net\/wordpress\/inaugurazione-del-museo-ladino-fodom\/","title":{"rendered":"Inaugurazione del Museo Ladino Fodom"},"content":{"rendered":"<p>***<\/p>\n<p>&nbsp;<\/p>\n<p><strong><a class=\"dt-pswp-item\" href=\"https:\/\/www.radiopiu.net\/wordpress\/wp-content\/uploads\/2024\/07\/Senza-nome-22.png\" data-dt-img-description=\"\" data-large_image_width=\"431\" data-large_image_height=\"682\"><img loading=\"lazy\" decoding=\"async\" class=\" wp-image-397855 alignright\" src=\"https:\/\/www.radiopiu.net\/wordpress\/wp-content\/uploads\/2024\/07\/Senza-nome-22-190x300.png\" alt=\"\" width=\"145\" height=\"229\" srcset=\"https:\/\/www.radiopiu.net\/wordpress\/wp-content\/uploads\/2024\/07\/Senza-nome-22-190x300.png 190w, https:\/\/www.radiopiu.net\/wordpress\/wp-content\/uploads\/2024\/07\/Senza-nome-22.png 431w\" sizes=\"auto, (max-width: 145px) 100vw, 145px\" \/><\/a><img loading=\"lazy\" decoding=\"async\" class=\"alignleft\" src=\"https:\/\/www.radiopiu.net\/wordpress\/wp-content\/uploads\/2024\/07\/Senza-nome-21.png\" width=\"142\" height=\"107\" \/>LIVINALLONGO<\/strong> L&#8217;atteso momento \u00e8 arrivato,\u00a0 riapre il\u00a0 Museo Ladino Fodom presso il Centro Dolomiti \u2013 Cesa de la Cultura Fodoma di Pieve di Livinallongo. L\u2019evento di inaugurazione si terr\u00e0 gioved\u00ec 11 luglio 2024 alle 18. In questa occasione speciale, sar\u00e0 possibile visitare il museo nella sua nuova veste e scoprire la mostra temporanea <strong>\u201cLa memoria di un paesaggio\u201d,<\/strong> ospitata al suo interno per questa stagione. La mostra offre un viaggio affascinante attraverso il tempo, esplorando la ricca storia e la cultura del territorio ladino. Il Museo Ladino Fodom rappresenta un&#8217;importante risorsa culturale per la comunit\u00e0, permettendo ai visitatori di immergersi nelle tradizioni, nelle storie e nelle esperienze della popolazione ladina. La ristrutturazione e l&#8217;aggiornamento del museo hanno lo scopo di offrire un&#8217;esperienza pi\u00f9 coinvolgente e informativa, utilizzando tecnologie moderne per arricchire la fruizione dei contenuti esposti. L&#8217;inaugurazione \u00e8 momento\u00a0 di condivisione e celebrazione della cultura e della storia ladina. <strong>Istitut Cultural Ladin \u201cCesa de Jan\u201d | Mujeo Ladin Fodom <\/strong>Per maggiori informazioni, contattateci al numero 334 3346 680.<\/p>\n<p>&nbsp;<\/p>\n","protected":false},"excerpt":{"rendered":"<p>*** &nbsp; LIVINALLONGO L&#8217;atteso momento \u00e8 arrivato,\u00a0 riapre il\u00a0 Museo Ladino Fodom presso il Centro Dolomiti \u2013 Cesa de la Cultura Fodoma di Pieve di Livinallongo. L\u2019evento di inaugurazione si terr\u00e0 gioved\u00ec 11 luglio 2024 alle 18. In questa occasione speciale, sar\u00e0 possibile visitare il museo nella sua nuova veste e scoprire la mostra temporanea&hellip;<\/p>\n","protected":false},"author":4,"featured_media":397854,"comment_status":"closed","ping_status":"closed","sticky":false,"template":"","format":"standard","meta":{"_monsterinsights_skip_tracking":false,"_monsterinsights_sitenote_active":false,"_monsterinsights_sitenote_note":"","_monsterinsights_sitenote_category":0,"footnotes":""},"categories":[51,49],"tags":[],"class_list":["post-397853","post","type-post","status-publish","format-standard","has-post-thumbnail","hentry","category-evidenza-top","category-news-18","category-51","category-49","description-off"],"img_url":"https:\/\/www.radiopiu.net\/wordpress\/wp-content\/uploads\/2024\/07\/Senza-nome-21.png","_links":{"self":[{"href":"https:\/\/www.radiopiu.net\/wordpress\/wp-json\/wp\/v2\/posts\/397853","targetHints":{"allow":["GET"]}}],"collection":[{"href":"https:\/\/www.radiopiu.net\/wordpress\/wp-json\/wp\/v2\/posts"}],"about":[{"href":"https:\/\/www.radiopiu.net\/wordpress\/wp-json\/wp\/v2\/types\/post"}],"author":[{"embeddable":true,"href":"https:\/\/www.radiopiu.net\/wordpress\/wp-json\/wp\/v2\/users\/4"}],"replies":[{"embeddable":true,"href":"https:\/\/www.radiopiu.net\/wordpress\/wp-json\/wp\/v2\/comments?post=397853"}],"version-history":[{"count":0,"href":"https:\/\/www.radiopiu.net\/wordpress\/wp-json\/wp\/v2\/posts\/397853\/revisions"}],"wp:featuredmedia":[{"embeddable":true,"href":"https:\/\/www.radiopiu.net\/wordpress\/wp-json\/wp\/v2\/media\/397854"}],"wp:attachment":[{"href":"https:\/\/www.radiopiu.net\/wordpress\/wp-json\/wp\/v2\/media?parent=397853"}],"wp:term":[{"taxonomy":"category","embeddable":true,"href":"https:\/\/www.radiopiu.net\/wordpress\/wp-json\/wp\/v2\/categories?post=397853"},{"taxonomy":"post_tag","embeddable":true,"href":"https:\/\/www.radiopiu.net\/wordpress\/wp-json\/wp\/v2\/tags?post=397853"}],"curies":[{"name":"wp","href":"https:\/\/api.w.org\/{rel}","templated":true}]}}