{"id":397859,"date":"2024-07-04T14:55:15","date_gmt":"2024-07-04T12:55:15","guid":{"rendered":"https:\/\/www.radiopiu.net\/wordpress\/?p=397859"},"modified":"2024-07-04T15:11:45","modified_gmt":"2024-07-04T13:11:45","slug":"dolomites-ronda-dolomiti-supersummer","status":"publish","type":"post","link":"https:\/\/www.radiopiu.net\/wordpress\/dolomites-ronda-dolomiti-supersummer\/","title":{"rendered":"DOLOMITES RONDA &#8211; DOLOMITI SUPERSUMMER"},"content":{"rendered":"<p>&nbsp;<\/p>\n<p><strong>A CURA DELL&#8217;UFFICIO STAMPA, DOLOMITI SUPERSKI<\/strong><\/p>\n<blockquote>\n<p class=\"western\">\n<\/blockquote>\n<p class=\"western\" align=\"justify\"><span style=\"color: #196b24;\"><span style=\"font-family: Mark W1G, sans-serif;\"><span style=\"font-size: x-large;\"><b>L\u2019idea<\/b><\/span><\/span><\/span><\/p>\n<p class=\"western\" align=\"justify\"><span style=\"font-family: Mark W1G, sans-serif;\">Nasce nell\u2018estate 2024 il nuovo modo di vivere le Dolomiti in maniera diretta, individuale e sostenibile \u2013 Dolomites Ronda \u00e8 il trekking \u201cself guided\u201d su pi\u00f9 giorni attraverso gli angoli pi\u00f9 belli delle Dolomiti, con pernottamento in hotel a fondovalle. L\u2019obiettivo di fondo \u00e8 quello di dare alle gi\u00e0 famose e gettonate \u201cAlte Vie delle Dolomiti\u201d una \u201csorella\u201d un po\u2019 diversa. Da questo \u00e8 nata l\u2019idea di combinare il piacere dell\u2019essere immersi nella natura, a stretto contatto con le maestose vette dolomitiche, seguendo tracciati segnati e godendo di panorami mozzafiato che solo il Patrimonio mondiale UNESCO pu\u00f2 regalare, senza dover per\u00f2 rinunciare alle comodit\u00e0 di un pernottamento in paese, con tutto il confort a portata di mano. \u201c\u00c8 questo uno dei trends del momento in ambito escursionistico \u2013 trascorrere la giornata in quota e pernottare in valle, fruendo di un\u2019assistenza professionale a 360 gradi. L\u2019appassionato di montagna pu\u00f2 cos\u00ec concentrarsi sulle cose belle che le nostre montagne offrono, al resto ci pensa l\u2019organizzazione\u201d, cos\u00ec Andy Varallo, presidente di Dolomiti Supersummer, spiega in poche parole la nuova possibilit\u00e0 di vivere le Dolomiti durante le stagioni pi\u00f9 calde.\u00a0<\/span><\/p>\n<blockquote>\n<h1 align=\"justify\">\u00a0Marco Pappalardo, Direttore Marketing di Dolomiti Superski.<\/h1>\n<\/blockquote>\n<p><iframe loading=\"lazy\" title=\"Intv Marco Pappalardo 1 3 IT\" width=\"1200\" height=\"675\" src=\"https:\/\/www.youtube.com\/embed\/ClqeH0HoB2g?feature=oembed\" frameborder=\"0\" allow=\"accelerometer; autoplay; clipboard-write; encrypted-media; gyroscope; picture-in-picture; web-share\" referrerpolicy=\"strict-origin-when-cross-origin\" allowfullscreen><\/iframe><\/p>\n<p align=\"justify\">\n<p class=\"western\" align=\"justify\"><span style=\"color: #196b24;\"><span style=\"font-family: Mark W1G, sans-serif;\"><span style=\"font-size: x-large;\"><b>Il progetto<\/b><\/span><\/span><\/span><\/p>\n<p class=\"western\" align=\"justify\"><span style=\"font-family: Mark W1G, sans-serif;\">D\u00a0olomites Ronda \u00e8 il frutto di tante idee in seguito sintetizzate e concretizzate da Dolomiti Supersummer, la versione estiva di Dolomiti Superski, ASI Reisen, la piattaforma leader per viaggi attivi e sostenibili in tutto il mondo, le organizzazioni di promozione territoriale IDM S\u00fcdtirol e Trentino Marketing, nonch\u00e9 alcune valli delle Dolomiti interessate a progetto. L\u2019obiettivo \u00e8 quello di proporre un nuovo modo di vivere le montagne pi\u00f9 belle del mondo, le Dolomiti. Tra il 2024, anno di inizio del progetto e il 2025 verranno creati tre itinerari di trekking, che permetteranno di andare alla scoperta delle Dolomiti in numerose valli, progredendo giornalmente di tappa in tappa. I pernottamenti avverranno in strutture alberghiere in valle, da un lato perch\u00e9 i rifugi in quota sono pochi con posti limitati e perci\u00f2 difficili da poter prenotare, se non con larghissimo anticipo, dall\u2019altro per poter combinare le bellezze della natura con la comodit\u00e0 e il confort del sistema ricettivo nei centri abitati. I singoli pacchetti sono acquistabili tramite il sito dedicato <\/span><span style=\"color: #0000ff;\"><u><a href=\"http:\/\/www.dolomitesronda.com\/\"><span style=\"font-family: Mark W1G, sans-serif;\">www.dolomitesronda.com<\/span><\/a><\/u><\/span><\/p>\n<p class=\"western\" align=\"justify\"><span style=\"color: #196b24;\"><span style=\"font-family: Mark W1G, sans-serif;\"><span style=\"font-size: x-large;\"><b>Il prodotto<\/b><\/span><\/span><\/span><\/p>\n<p class=\"western\" align=\"justify\"><span style=\"font-family: Mark W1G, sans-serif;\">Per l\u2019estate 2024 \u00e8 stato approntato il primo dei tre percorsi trekking della Dolomites Ronda previsti. Si tratta di 5 tappe giornaliere nelle valli centrali delle Dolomiti, dislocate nelle province di Bolzano (Alpe di Siusi, Alta Badia e Carezza-Val d\u2019Ega) e Trento (Val di Fassa). L\u2019idea \u00e8 quella di mettere a disposizione degli appassionati di trekking un certo numero di tappe, dove ognuno pu\u00f2 scegliere autonomamente se fare la variante facile, quella mediamente impegnativa o quella a carattere \u201calpino\u201d che prevede anche passaggi pi\u00f9 esposti, pi\u00f9 dislivello e qualche via ferrata. A seconda delle proprie preferenze e soprattutto compatibilmente con le proprie capacit\u00e0, il tragitto \u00e8 studiato su misura per garantire sicurezza, divertimento e sensazioni indimenticabili. ASI Reisen provvede a prenotare gli alberghi scelti dal cliente tra quelli disponibili secondo la partnership in essere, a trasportare i bagagli dall\u2019inizio tappa al prossimo albergo, fornisce tutta la documentazione di viaggio con info, tragitti, dati e mette a disposizione la APP dedicata, fruibile anche offline, e naturalmente offre l\u2019assistenza telefonica h24 in caso di necessit\u00e0. Qui di seguito le 5 tappe attualmente disponibili, con qualche dato di riferimento:<\/span><\/p>\n<table width=\"650\" cellspacing=\"0\" cellpadding=\"7\">\n<tbody>\n<tr valign=\"top\">\n<td width=\"48\">\n<p class=\"western\" align=\"center\"><span style=\"font-family: Mark W1G, sans-serif;\"><b>TAPPE<\/b><\/span><\/p>\n<\/td>\n<td width=\"116\">\n<p class=\"western\" align=\"center\"><span style=\"font-family: Mark W1G, sans-serif;\"><b>PARTENZA<\/b><\/span><\/p>\n<\/td>\n<td width=\"127\">\n<p class=\"western\" align=\"center\"><span style=\"font-family: Mark W1G, sans-serif;\"><b>ARRIVO<\/b><\/span><\/p>\n<\/td>\n<td width=\"60\">\n<p class=\"western\" align=\"center\"><span style=\"font-family: Mark W1G, sans-serif;\"><b>KM<\/b><\/span><\/p>\n<\/td>\n<td width=\"159\">\n<p class=\"western\" align=\"center\"><span style=\"font-family: Mark W1G, sans-serif;\"><b>DISLIVELLO<br \/>\nSalita\/Discesa<\/b><\/span><\/p>\n<\/td>\n<td width=\"54\">\n<p class=\"western\" align=\"center\"><span style=\"font-family: Mark W1G, sans-serif;\"><b>TEMPO<\/b><\/span><\/p>\n<\/td>\n<\/tr>\n<tr valign=\"top\">\n<td width=\"48\">\n<p class=\"western\" align=\"center\"><span style=\"font-family: Mark W1G, sans-serif;\">1<\/span><\/p>\n<\/td>\n<td width=\"116\">\n<p class=\"western\"><span style=\"font-family: Mark W1G, sans-serif;\">Compaccio<br \/>\n(Alpe di Siusi)<\/span><\/p>\n<\/td>\n<td width=\"127\">\n<p class=\"western\"><span style=\"font-family: Mark W1G, sans-serif;\">Passo Sella<\/span><\/p>\n<\/td>\n<td width=\"60\">\n<p class=\"western\" align=\"right\"><span style=\"font-family: Mark W1G, sans-serif;\">I: 10 km<br \/>\nB: 7 km<br \/>\nS: 14 km<\/span><\/p>\n<\/td>\n<td width=\"159\">\n<p class=\"western\" align=\"right\"><span style=\"font-family: Mark W1G, sans-serif;\"><span lang=\"en-GB\">I: 700 m+ \/ 150 m-<br \/>\nB: 500 m+ \/ 200 m-<br \/>\nS: 1.530 m+ \/ 200 m-<\/span><\/span><\/p>\n<\/td>\n<td width=\"54\">\n<p class=\"western\" align=\"right\"><span style=\"font-family: Mark W1G, sans-serif;\"><span lang=\"en-GB\">I: 4 h<br \/>\nB: 3 h<br \/>\nS: 7 h<\/span><\/span><\/p>\n<\/td>\n<\/tr>\n<tr valign=\"top\">\n<td width=\"48\">\n<p class=\"western\" align=\"center\"><span style=\"font-family: Mark W1G, sans-serif;\">2<\/span><\/p>\n<\/td>\n<td width=\"116\">\n<p class=\"western\"><span style=\"font-family: Mark W1G, sans-serif;\">Passo Gardena<br \/>\n(Alta Badia)<\/span><\/p>\n<\/td>\n<td width=\"127\">\n<p class=\"western\"><span style=\"font-family: Mark W1G, sans-serif;\">Valle Stella Alpina<br \/>\n(Alta Badia)<\/span><\/p>\n<\/td>\n<td width=\"60\">\n<p class=\"western\" align=\"right\"><span style=\"font-family: Mark W1G, sans-serif;\">I: 8 km<br \/>\nB: 6 km<br \/>\nS: 14 km<\/span><\/p>\n<\/td>\n<td width=\"159\">\n<p class=\"western\" align=\"right\"><span style=\"font-family: Mark W1G, sans-serif;\"><span lang=\"en-GB\">I: 500 m+ \/ 750 m-<br \/>\nB: 200 m+ \/ 450 m-<br \/>\nS: 1.100 m+ \/ 1.100 m-<\/span><\/span><\/p>\n<\/td>\n<td width=\"54\">\n<p class=\"western\" align=\"right\"><span style=\"font-family: Mark W1G, sans-serif;\"><span lang=\"en-GB\">I: 3,5 h<br \/>\nB: 2 h<br \/>\nS: 6 h<\/span><\/span><\/p>\n<\/td>\n<\/tr>\n<tr valign=\"top\">\n<td width=\"48\">\n<p class=\"western\" align=\"center\"><span style=\"font-family: Mark W1G, sans-serif;\">3<\/span><\/p>\n<\/td>\n<td width=\"116\">\n<p class=\"western\"><span style=\"font-family: Mark W1G, sans-serif;\">Santa Croce<br \/>\n(Alta Badia)<\/span><\/p>\n<\/td>\n<td width=\"127\">\n<p class=\"western\"><span style=\"font-family: Mark W1G, sans-serif;\">San Cassiano<br \/>\n(Alta Badia)<\/span><\/p>\n<\/td>\n<td width=\"60\">\n<p class=\"western\" align=\"right\"><span style=\"font-family: Mark W1G, sans-serif;\">I: 13 km<br \/>\nB: 7 km<br \/>\nS: 17 km<\/span><\/p>\n<\/td>\n<td width=\"159\">\n<p class=\"western\" align=\"right\"><span style=\"font-family: Mark W1G, sans-serif;\"><span lang=\"en-GB\">I: 600 m+ \/ 1.150 m-<br \/>\nB: 500 m+ \/ 550 m-<br \/>\nS: 1.650 m+ \/ 1.650 m-<\/span><\/span><\/p>\n<\/td>\n<td width=\"54\">\n<p class=\"western\" align=\"right\"><span style=\"font-family: Mark W1G, sans-serif;\"><span lang=\"en-GB\">I: 5 h<br \/>\nB: 2 h<br \/>\nS: 7,5 h<\/span><\/span><\/p>\n<\/td>\n<\/tr>\n<tr valign=\"top\">\n<td width=\"48\">\n<p class=\"western\" align=\"center\"><span style=\"font-family: Mark W1G, sans-serif;\">4<\/span><\/p>\n<\/td>\n<td width=\"116\">\n<p class=\"western\"><span style=\"font-family: Mark W1G, sans-serif;\">Corvara<br \/>\n(Alta Badia)<\/span><\/p>\n<\/td>\n<td width=\"127\">\n<p class=\"western\"><span style=\"font-family: Mark W1G, sans-serif;\">Passo Pordoi<br \/>\n(Val di Fassa)<\/span><\/p>\n<\/td>\n<td width=\"60\">\n<p class=\"western\" align=\"right\"><span style=\"font-family: Mark W1G, sans-serif;\">I: 7 km<br \/>\nB: 8 km<br \/>\nS: 7 km<\/span><\/p>\n<\/td>\n<td width=\"159\">\n<p class=\"western\" align=\"right\"><span style=\"font-family: Mark W1G, sans-serif;\"><span lang=\"en-GB\">I: 600 m+ \/ 900 m-<br \/>\nB: 250 m+ \/ 200 m-<br \/>\nS: 800 m+ \/ 350 m-<\/span><\/span><\/p>\n<\/td>\n<td width=\"54\">\n<p class=\"western\" align=\"right\"><span style=\"font-family: Mark W1G, sans-serif;\"><span lang=\"en-GB\">I: 4,5 h<br \/>\nB: 2,5 h<br \/>\nS: 5 h<\/span><\/span><\/p>\n<\/td>\n<\/tr>\n<tr valign=\"top\">\n<td width=\"48\">\n<p class=\"western\" align=\"center\"><span style=\"font-family: Mark W1G, sans-serif;\">5<\/span><\/p>\n<\/td>\n<td width=\"116\">\n<p class=\"western\"><span style=\"font-family: Mark W1G, sans-serif;\">Ciamped\u00ede<br \/>\n(Val di Fassa)<\/span><\/p>\n<\/td>\n<td width=\"127\">\n<p class=\"western\"><span style=\"font-family: Mark W1G, sans-serif;\">Carezza<br \/>\n(Val d\u2019Ega)<\/span><\/p>\n<\/td>\n<td width=\"60\">\n<p class=\"western\" align=\"right\"><span style=\"font-family: Mark W1G, sans-serif;\">I: 9 km<br \/>\nB: 6 km<br \/>\nS: 9 km<\/span><\/p>\n<\/td>\n<td width=\"159\">\n<p class=\"western\" align=\"right\"><span style=\"font-family: Mark W1G, sans-serif;\"><span lang=\"en-GB\">I: 550 m+ \/ 200 m-<br \/>\nB: 350 m+ \/ 200 m-<br \/>\nS: 850 m+ \/ 500 m-<\/span><\/span><\/p>\n<\/td>\n<td width=\"54\">\n<p class=\"western\" align=\"right\"><span style=\"font-family: Mark W1G, sans-serif;\"><span lang=\"en-GB\">I: 4 h<br \/>\nB: 2,5 h<br \/>\nS: 5 h<\/span><\/span><\/p>\n<\/td>\n<\/tr>\n<\/tbody>\n<\/table>\n<p class=\"western\" align=\"justify\"><span style=\"font-family: Mark W1G, sans-serif;\">Legenda: <\/span><span style=\"font-family: Mark W1G, sans-serif;\"><b>I:<\/b><\/span><span style=\"font-family: Mark W1G, sans-serif;\"> Livello impegnativo <\/span><span style=\"font-family: Mark W1G, sans-serif;\"><b>B:<\/b><\/span><span style=\"font-family: Mark W1G, sans-serif;\"> Livello di base <\/span><span style=\"font-family: Mark W1G, sans-serif;\"><b>S:<\/b><\/span><span style=\"font-family: Mark W1G, sans-serif;\"> La sfida<\/span><\/p>\n<p class=\"western\" align=\"justify\"><span style=\"font-family: Mark W1G, sans-serif;\">L\u2019utente decide in autonomia e a seconda delle proprie capacit\u00e0, forma fisica, perizia e condizioni meteo, se percorrere il tracciato di base, quello pi\u00f9 impegnativo o di accettare la sfida della variante pi\u00f9 alpina e tosta. In ogni caso, l\u2019utente provvede in proprio a portare l\u2019attrezzatura di sicurezza pi\u00f9 adatta al tracciato scelto. Il prodotto \u00e8 acquistabile direttamente dal sito <\/span><span style=\"color: #0000ff;\"><u><a href=\"http:\/\/www.dolomitesronda.com\/\"><span style=\"font-family: Mark W1G, sans-serif;\">www.dolomitesronda.com<\/span><\/a><\/u><\/span><\/p>\n<p class=\"western\" align=\"justify\"><span style=\"color: #196b24;\"><span style=\"font-family: Mark W1G, sans-serif;\"><span style=\"font-size: x-large;\"><b>L\u2019offerta<\/b><\/span><\/span><\/span><\/p>\n<p class=\"western\" align=\"justify\"><span style=\"font-family: Mark W1G, sans-serif;\">Il prodotto \u201cDolomites Ronda\u201d \u00e8 acquistabile direttamente dal sito internet <\/span><span style=\"color: #0000ff;\"><u>www.<\/u><\/span><span style=\"color: #0000ff;\"><u><a href=\"http:\/\/www.asi-reisen.de\/\"><span style=\"font-family: Mark W1G, sans-serif;\">dolomitesronda.com<\/span><\/a><\/u><\/span><span style=\"color: #0000ff;\"><u>.<\/u><\/span><span style=\"font-family: Mark W1G, sans-serif;\"> ASI Reisen funge da centro prenotazioni ufficiale e si occupa degli hotel, del trasporto bagagli, fornisce le informazioni sui tracciati inclusa la propria App Dolomites Ronda. \u00c8 possibile scegliere lo slot temporale nel quale sono disponibili gli hotel partner della categoria 3 o 4 stelle a scelta e il numero di partecipanti. Nel prezzo del pacchetto sono inclusi 5 pernottamenti nelle strutture selezionate, 5 colazioni e 5 cene, i trasferimenti secondo il programma di viaggio, il trasporto bagagli da un hotel al prossimo, libro viaggio di ASI, l\u2019utilizzo dell\u2019APP dedicata con materiale informativo per il viaggio. \u00c8 compresa anche la Supersummer Card speciale con un credito di 1.200 punti per l\u2019utilizzo degli impianti di risalita contemplati nel programma di viaggio. Il pacchetto \u201cDolomites Ronda\u201d \u00e8 acquistabile a partire da 1.205 Euro a persona. Restano a carico dell\u2019utente tutto quanto non espressamente elencato nella lista \u201ccompreso\u201d, come per esempio l\u2019eventuale assicurazione personale contro infortuni o di viaggio.<\/span><\/p>\n<p class=\"western\" align=\"justify\"><span style=\"color: #196b24;\"><span style=\"font-family: Mark W1G, sans-serif;\"><span style=\"font-size: x-large;\"><b>L\u2019organizzazione<\/b><\/span><\/span><\/span><\/p>\n<p class=\"western\" align=\"justify\">\u201c<span style=\"font-family: Mark W1G, sans-serif;\">Dolomites Ronda\u201d \u00e8 una proposta alternativa di come fare conoscenza con le Dolomiti durante le stagioni pi\u00f9 calde, nata dalla collaborazione tra Dolomiti Supersummer, ASI-Reisen, IDM S\u00fcdtirol e Trentino Marketing.<\/span><\/p>\n<p class=\"western\" align=\"justify\"><span style=\"font-family: Mark W1G, sans-serif;\"><b>Dolomiti Supersummer<\/b><\/span><\/p>\n<p class=\"western\" align=\"justify\"><span style=\"font-family: Mark W1G, sans-serif;\">Dal 2014 \u00e8 il prodotto estivo di Dolomiti Superski, focalizzato sulle Dolomiti in primavera, estate e autunno, con una vasta offerta di impianti di risalita aperti e a disposizione di chi ama la montagna e vuole avvicinarsi a questo mondo fantastico, raggiungendo quote pi\u00f9 alte senza faticare, per poter investire le proprie energie nelle attivit\u00e0 a tu per tu con i giganti di roccia. Dolomiti Supersummer \u00e8 suddiviso in Dolomiti Bike Galaxy (tutto ci\u00f2 che fa felici gli amanti delle ruote grasse) e Dolomiti Hike Galaxy (il mondo di chi vuole scoprire la montagna a piedi). <\/span><span style=\"color: #0000ff;\"><u><a href=\"http:\/\/www.dolomitisupersummer.com\/\"><span style=\"font-family: Mark W1G, sans-serif;\">www.dolomitisupersummer.com<\/span><\/a><\/u><\/span><\/p>\n<p class=\"western\" align=\"justify\"><span style=\"font-family: Mark W1G, sans-serif;\"><b>ASI Reisen<\/b><\/span><\/p>\n<p class=\"western\" align=\"justify\"><span style=\"font-family: Mark W1G, sans-serif;\">\u00c8 un\u2019azienda familiare fondata nel 1963, oggi una piattaforma leader nel settore dei viaggi attivi e sostenibili in tutto il mondo. La mission dell\u2019azienda \u00e8 lo sviluppo di esperienze consapevoli per viaggiatori e comunit\u00e0 locali. Il portfolio comprende oltre 5.000 viaggi in tutti i continenti e si suddivide come segue: Trekking per piccoli gruppi con guide certificate, trekking individuali, formazione alpina, viaggi in (E)MTB e viaggi esperienziali. <\/span><span style=\"color: #0000ff;\"><u><a href=\"http:\/\/www.asi-reisen.de\/\"><span style=\"font-family: Mark W1G, sans-serif;\">www.asi-reisen.de<\/span><\/a><\/u><\/span><\/p>\n<p class=\"western\" align=\"justify\"><span style=\"font-family: Mark W1G, sans-serif;\"><b>IDM Alto Adige<\/b><\/span><\/p>\n<p class=\"western\" align=\"justify\"><span style=\"font-family: Mark W1G, sans-serif;\">IDM (Innovation Development Marketing) \u00e8 un&#8217;azienda speciale detenuta dalla Provincia di Bolzano e dalla Camera di Commercio di Bolzano, impulso e forza motrice per lo sviluppo economico sostenibile dell\u2019Alto Adige. Le competenze principali di IDM comprendono lo sviluppo e la comunicazione intersettoriale del marchio Alto Adige e il rafforzamento della competitivit\u00e0 delle imprese locali in materia di innovazione, digitalizzazione e internazionalizzazione. Inoltre, IDM \u00e8 responsabile della gestione sostenibile e del marketing della destinazione, gestisce il marketing agricolo per i prodotti di qualit\u00e0 dell&#8217;Alto Adige e persegue cos\u00ec la visione di rendere l&#8217;Alto Adige l&#8217;habitat sostenibile pi\u00f9 ambito d&#8217;Europa. <\/span><span style=\"color: #0000ff;\"><u><a href=\"http:\/\/www.idm-suedtirol.com\/\"><span style=\"font-family: Mark W1G, sans-serif;\">www.idm-suedtirol.com<\/span><\/a><\/u><\/span><\/p>\n<p class=\"western\" align=\"justify\"><span style=\"font-family: Mark W1G, sans-serif;\"><b>Trentino Marketing<\/b><\/span><\/p>\n<p align=\"justify\"><span style=\"font-family: Aptos, sans-serif;\"><span style=\"font-size: medium;\"><span style=\"font-family: Mark W1G, sans-serif;\"><span style=\"font-size: small;\">Trentino Marketing, societ\u00e0 costituita nel 2003, \u00e8 l&#8217;Agenzia di Marketing Turistico Territoriale della Provincia autonoma di Trento. \u00c8 impegnata nell\u2019ideazione, realizzazione e promozione di iniziative e progetti per lo sviluppo del turismo trentino. Questi i suoi principali compiti: Favorire lo sviluppo di alleanze strategiche e operative tra i diversi settori, anche non economici, al fine di valorizzare il territorio come destinazione e migliorare le proposte turistiche. Monitorare l&#8217;andamento del sistema turistico attraverso una conoscenza dei dati del turismo e delle dinamiche di mercato. Individuare e presidiare i mercati, nazionali e internazionali, su cui proporre l&#8217;offerta turistica trentina, nonch\u00e9 realizzare le conseguenti iniziative di promozione e comunicazione. Promuovere lo sviluppo delle competenze digitali degli operatori del territorio e gestire i sistemi di comunicazione e le piattaforme digitali funzionali al marketing turistico dell&#8217;intero territorio. Ideare, programmare e gestire Eventi a elevata rilevanza turistica promossi direttamente o assegnati sulla base della programmazione provinciale. Svolgere attivit\u00e0 di indirizzo, coordinamento e decisione relative allo sviluppo di nuovi prodotti turistici, che emergono nei territori; coordinare e favorire infine lo sviluppo di prodotti turistici interarea.<\/span><\/span> <span style=\"color: #0000ff;\"><u><a href=\"http:\/\/www.trentinomarketing.org\/\"><span style=\"font-family: Mark W1G, sans-serif;\">www.trentinomarketing.org<\/span><\/a><\/u><\/span> <\/span><\/span><\/p>\n<p class=\"western\" align=\"justify\">\n","protected":false},"excerpt":{"rendered":"<p>&nbsp; A CURA DELL&#8217;UFFICIO STAMPA, DOLOMITI SUPERSKI L\u2019idea Nasce nell\u2018estate 2024 il nuovo modo di vivere le Dolomiti in maniera diretta, individuale e sostenibile \u2013 Dolomites Ronda \u00e8 il trekking \u201cself guided\u201d su pi\u00f9 giorni attraverso gli angoli pi\u00f9 belli delle Dolomiti, con pernottamento in hotel a fondovalle. L\u2019obiettivo di fondo \u00e8 quello di dare&hellip;<\/p>\n","protected":false},"author":4,"featured_media":397861,"comment_status":"closed","ping_status":"closed","sticky":false,"template":"","format":"standard","meta":{"_monsterinsights_skip_tracking":false,"_monsterinsights_sitenote_active":false,"_monsterinsights_sitenote_note":"","_monsterinsights_sitenote_category":0,"footnotes":""},"categories":[49],"tags":[],"class_list":["post-397859","post","type-post","status-publish","format-standard","has-post-thumbnail","hentry","category-news-18","category-49","description-off"],"img_url":"https:\/\/www.radiopiu.net\/wordpress\/wp-content\/uploads\/2024\/07\/Header-Dolomites-Ronda-\u00a9wisthaler.com_23_08_dolomitisuperski_hike_DJI_0134.jpg","_links":{"self":[{"href":"https:\/\/www.radiopiu.net\/wordpress\/wp-json\/wp\/v2\/posts\/397859","targetHints":{"allow":["GET"]}}],"collection":[{"href":"https:\/\/www.radiopiu.net\/wordpress\/wp-json\/wp\/v2\/posts"}],"about":[{"href":"https:\/\/www.radiopiu.net\/wordpress\/wp-json\/wp\/v2\/types\/post"}],"author":[{"embeddable":true,"href":"https:\/\/www.radiopiu.net\/wordpress\/wp-json\/wp\/v2\/users\/4"}],"replies":[{"embeddable":true,"href":"https:\/\/www.radiopiu.net\/wordpress\/wp-json\/wp\/v2\/comments?post=397859"}],"version-history":[{"count":0,"href":"https:\/\/www.radiopiu.net\/wordpress\/wp-json\/wp\/v2\/posts\/397859\/revisions"}],"wp:featuredmedia":[{"embeddable":true,"href":"https:\/\/www.radiopiu.net\/wordpress\/wp-json\/wp\/v2\/media\/397861"}],"wp:attachment":[{"href":"https:\/\/www.radiopiu.net\/wordpress\/wp-json\/wp\/v2\/media?parent=397859"}],"wp:term":[{"taxonomy":"category","embeddable":true,"href":"https:\/\/www.radiopiu.net\/wordpress\/wp-json\/wp\/v2\/categories?post=397859"},{"taxonomy":"post_tag","embeddable":true,"href":"https:\/\/www.radiopiu.net\/wordpress\/wp-json\/wp\/v2\/tags?post=397859"}],"curies":[{"name":"wp","href":"https:\/\/api.w.org\/{rel}","templated":true}]}}