{"id":397880,"date":"2024-07-05T04:57:10","date_gmt":"2024-07-05T02:57:10","guid":{"rendered":"https:\/\/www.radiopiu.net\/wordpress\/?p=397880"},"modified":"2024-07-05T05:59:27","modified_gmt":"2024-07-05T03:59:27","slug":"livinallongo-acqua-potabile-anzi-no-ma-i-fodom-non-sono-cittadini-e-quindi-si-arrangino","status":"publish","type":"post","link":"https:\/\/www.radiopiu.net\/wordpress\/livinallongo-acqua-potabile-anzi-no-ma-i-fodom-non-sono-cittadini-e-quindi-si-arrangino\/","title":{"rendered":"LIVINALLONGO ACQUA POTABILE&#8230; ANZI NO! ma i Fodom non sono cittadini e quindi si arrangino"},"content":{"rendered":"<p>***<\/p>\n<p>&nbsp;<\/p>\n<p><img loading=\"lazy\" decoding=\"async\" class=\"alignleft\" src=\"https:\/\/www.radiopiu.net\/wordpress\/wp-content\/uploads\/2021\/06\/th-12.jpg\" width=\"201\" height=\"134\" \/><strong>REDAZIONE<\/strong> Pochi minuti fa la notizia che ha rincuorato la terra Fodom, il ritorno dell&#8217;acqua potabile a Larzonei dopo giorni di bollitura (non \u00e8 mai stato previsto il servizio autobotte come altrove). Subito dopo l&#8217;altra notizia che ancora una volta ti porta a farti una domanda &#8220;ma perch\u00e9 paghiamo tanto per un servizio che spesso \u00e8 un disservizio?&#8221;, infatti in localit\u00e0 Collaz e Castello valligiani a turisti sono invitati ad evitare l&#8217;acqua dolomitica, perch\u00e8 inquinata e non pu\u00f2 essere usata per scopi alimentari e anche in questo caso nessun servizio autobotte. Perch\u00e8? Un cittadino Fodom vale meno di un cittadino di Belluno? Ha il fisico migliore per sopportare i batteri? E&#8217; pi\u00f9 bravo ad arrangiarsi rispetto a chi vive in citt\u00e0? Ma non siamo tutti uguali oppure a Livinallongo \u00e8 previsto lo sconto per il mancato servizio? Domande alle quali nessuno dar\u00e0 mai risposta e nessuno rifonder\u00e0 mai un euro per l&#8217;acqua acquistata nel supermecato, il gas per bollirla, il danno di immagine per il turista.<\/p>\n<p>&nbsp;<\/p>\n<blockquote>\n<h3>Interruzione idrica tra Sedico e Cavarzano<\/h3>\n<\/blockquote>\n<p>Ieri, migliaia di utenze domestiche e aziendali tra Sedico e Cavarzano sono rimaste senz&#8217;acqua per diverse ore a causa di una rottura improvvisa della rete di adduzione dell&#8217;acquedotto della Val Clusa. La situazione \u00e8 stata ripristinata solo dopo le 14:30.\u00a0 L&#8217;interruzione ha causato disagi significativi, specialmente in bar e studi dentistici,<\/p>\n<p>&nbsp;<\/p>\n<p>&nbsp;<\/p>\n<p>:::::<\/p>\n","protected":false},"excerpt":{"rendered":"<p>*** &nbsp; REDAZIONE Pochi minuti fa la notizia che ha rincuorato la terra Fodom, il ritorno dell&#8217;acqua potabile a Larzonei dopo giorni di bollitura (non \u00e8 mai stato previsto il servizio autobotte come altrove). Subito dopo l&#8217;altra notizia che ancora una volta ti porta a farti una domanda &#8220;ma perch\u00e9 paghiamo tanto per un servizio&hellip;<\/p>\n","protected":false},"author":4,"featured_media":216172,"comment_status":"closed","ping_status":"closed","sticky":false,"template":"","format":"standard","meta":{"_monsterinsights_skip_tracking":false,"_monsterinsights_sitenote_active":false,"_monsterinsights_sitenote_note":"","_monsterinsights_sitenote_category":0,"footnotes":""},"categories":[51,49],"tags":[],"class_list":["post-397880","post","type-post","status-publish","format-standard","has-post-thumbnail","hentry","category-evidenza-top","category-news-18","category-51","category-49","description-off"],"img_url":"https:\/\/www.radiopiu.net\/wordpress\/wp-content\/uploads\/2021\/06\/th-12.jpg","_links":{"self":[{"href":"https:\/\/www.radiopiu.net\/wordpress\/wp-json\/wp\/v2\/posts\/397880","targetHints":{"allow":["GET"]}}],"collection":[{"href":"https:\/\/www.radiopiu.net\/wordpress\/wp-json\/wp\/v2\/posts"}],"about":[{"href":"https:\/\/www.radiopiu.net\/wordpress\/wp-json\/wp\/v2\/types\/post"}],"author":[{"embeddable":true,"href":"https:\/\/www.radiopiu.net\/wordpress\/wp-json\/wp\/v2\/users\/4"}],"replies":[{"embeddable":true,"href":"https:\/\/www.radiopiu.net\/wordpress\/wp-json\/wp\/v2\/comments?post=397880"}],"version-history":[{"count":0,"href":"https:\/\/www.radiopiu.net\/wordpress\/wp-json\/wp\/v2\/posts\/397880\/revisions"}],"wp:featuredmedia":[{"embeddable":true,"href":"https:\/\/www.radiopiu.net\/wordpress\/wp-json\/wp\/v2\/media\/216172"}],"wp:attachment":[{"href":"https:\/\/www.radiopiu.net\/wordpress\/wp-json\/wp\/v2\/media?parent=397880"}],"wp:term":[{"taxonomy":"category","embeddable":true,"href":"https:\/\/www.radiopiu.net\/wordpress\/wp-json\/wp\/v2\/categories?post=397880"},{"taxonomy":"post_tag","embeddable":true,"href":"https:\/\/www.radiopiu.net\/wordpress\/wp-json\/wp\/v2\/tags?post=397880"}],"curies":[{"name":"wp","href":"https:\/\/api.w.org\/{rel}","templated":true}]}}