{"id":397883,"date":"2024-07-05T14:59:02","date_gmt":"2024-07-05T12:59:02","guid":{"rendered":"https:\/\/www.radiopiu.net\/wordpress\/?p=397883"},"modified":"2024-07-06T06:15:03","modified_gmt":"2024-07-06T04:15:03","slug":"infrastrutture-bellunesi-priorita-alla-messa-in-sicurezza-dellagordina-conferme-dal-ministro-salvini","status":"publish","type":"post","link":"https:\/\/www.radiopiu.net\/wordpress\/infrastrutture-bellunesi-priorita-alla-messa-in-sicurezza-dellagordina-conferme-dal-ministro-salvini\/","title":{"rendered":"Infrastrutture bellunesi, priorit\u00e0 alla messa in sicurezza dell\u2019Agordina  Conferme dal ministro Salvini"},"content":{"rendered":"<p>***<\/p>\n<p><span style=\"font-size: large;\"><a class=\"dt-pswp-item\" href=\"https:\/\/www.radiopiu.net\/wordpress\/wp-content\/uploads\/2024\/07\/Padrin-Salvini-Cortina-4-luglio-scaled.jpg\" data-dt-img-description=\"\" data-large_image_width=\"2560\" data-large_image_height=\"1920\"><img loading=\"lazy\" decoding=\"async\" class=\"size-medium wp-image-397884 alignleft\" src=\"https:\/\/www.radiopiu.net\/wordpress\/wp-content\/uploads\/2024\/07\/Padrin-Salvini-Cortina-4-luglio-300x225.jpg\" alt=\"\" width=\"300\" height=\"225\" srcset=\"https:\/\/www.radiopiu.net\/wordpress\/wp-content\/uploads\/2024\/07\/Padrin-Salvini-Cortina-4-luglio-300x225.jpg 300w, https:\/\/www.radiopiu.net\/wordpress\/wp-content\/uploads\/2024\/07\/Padrin-Salvini-Cortina-4-luglio-1024x768.jpg 1024w, https:\/\/www.radiopiu.net\/wordpress\/wp-content\/uploads\/2024\/07\/Padrin-Salvini-Cortina-4-luglio-768x576.jpg 768w, https:\/\/www.radiopiu.net\/wordpress\/wp-content\/uploads\/2024\/07\/Padrin-Salvini-Cortina-4-luglio-1536x1152.jpg 1536w, https:\/\/www.radiopiu.net\/wordpress\/wp-content\/uploads\/2024\/07\/Padrin-Salvini-Cortina-4-luglio-2048x1536.jpg 2048w\" sizes=\"auto, (max-width: 300px) 100vw, 300px\" \/><\/a>\u00abLa 203 Agordina \u00e8 un\u2019arteria fondamentale per il territorio, e rimane la priorit\u00e0 di intervento. Anche il ministro Salvini \u00e8 d\u2019accordo e insieme alla Regione Veneto con l\u2019assessore De Berti stiamo lavorando per analisi tecniche e approfondimenti\u00bb. Queste le parole del presidente della Provincia di Belluno Roberto Padrin, che ha incontrato il ministro delle infrastrutture Matteo Salvini in sopralluogo sui cantieri olimpici.<\/span><\/p>\n<p><span style=\"font-size: large;\">A margine della visita alla pista da bob e al palaghiaccio di Cortina, il presidente ha potuto parlare con il ministro e l\u2019assessore De Berti, portando all\u2019attenzione la viabilit\u00e0 bellunese, oltre a quella da e per Cortina, attualmente sotto i ferri delle varianti Anas. \u00abCome gi\u00e0 segnalato a gennaio, in un incontro a Roma al ministero, la priorit\u00e0 \u00e8 e rimane l\u2019Agordina\u00bb sottolinea il presidente Padrin. \u00abIl tema \u00e8 all\u2019attenzione del ministro e della Regione, nella consapevolezza comune dell\u2019importanza di questa arteria, strategica per il territorio\u00bb.<\/span><\/p>\n<p><span style=\"font-size: large;\">Oltre alla 203 Agordina, il presidente della Provincia ha ribadito al ministro anche le altre necessit\u00e0 del territorio, su tutte la strada di collegamento della Val di Zoldo e la Feltrina. \u00abAltre arterie importanti, come ho spiegato al ministro\u00bb continua il presidente Padrin. \u00abOvviamente per tutte le opere pubbliche, come \u00e8 normale che sia, va fissata la scala di priorit\u00e0. Ma nessuna situazione viene dimenticata o tralasciata\u00bb.<span class=\"gmail-Apple-converted-space\">\u00a0<\/span><\/span><\/p>\n","protected":false},"excerpt":{"rendered":"<p>*** \u00abLa 203 Agordina \u00e8 un\u2019arteria fondamentale per il territorio, e rimane la priorit\u00e0 di intervento. Anche il ministro Salvini \u00e8 d\u2019accordo e insieme alla Regione Veneto con l\u2019assessore De Berti stiamo lavorando per analisi tecniche e approfondimenti\u00bb. Queste le parole del presidente della Provincia di Belluno Roberto Padrin, che ha incontrato il ministro delle&hellip;<\/p>\n","protected":false},"author":4,"featured_media":397884,"comment_status":"closed","ping_status":"closed","sticky":false,"template":"","format":"standard","meta":{"_monsterinsights_skip_tracking":false,"_monsterinsights_sitenote_active":false,"_monsterinsights_sitenote_note":"","_monsterinsights_sitenote_category":0,"footnotes":""},"categories":[51,49],"tags":[],"class_list":["post-397883","post","type-post","status-publish","format-standard","has-post-thumbnail","hentry","category-evidenza-top","category-news-18","category-51","category-49","description-off"],"img_url":"https:\/\/www.radiopiu.net\/wordpress\/wp-content\/uploads\/2024\/07\/Padrin-Salvini-Cortina-4-luglio-scaled.jpg","_links":{"self":[{"href":"https:\/\/www.radiopiu.net\/wordpress\/wp-json\/wp\/v2\/posts\/397883","targetHints":{"allow":["GET"]}}],"collection":[{"href":"https:\/\/www.radiopiu.net\/wordpress\/wp-json\/wp\/v2\/posts"}],"about":[{"href":"https:\/\/www.radiopiu.net\/wordpress\/wp-json\/wp\/v2\/types\/post"}],"author":[{"embeddable":true,"href":"https:\/\/www.radiopiu.net\/wordpress\/wp-json\/wp\/v2\/users\/4"}],"replies":[{"embeddable":true,"href":"https:\/\/www.radiopiu.net\/wordpress\/wp-json\/wp\/v2\/comments?post=397883"}],"version-history":[{"count":0,"href":"https:\/\/www.radiopiu.net\/wordpress\/wp-json\/wp\/v2\/posts\/397883\/revisions"}],"wp:featuredmedia":[{"embeddable":true,"href":"https:\/\/www.radiopiu.net\/wordpress\/wp-json\/wp\/v2\/media\/397884"}],"wp:attachment":[{"href":"https:\/\/www.radiopiu.net\/wordpress\/wp-json\/wp\/v2\/media?parent=397883"}],"wp:term":[{"taxonomy":"category","embeddable":true,"href":"https:\/\/www.radiopiu.net\/wordpress\/wp-json\/wp\/v2\/categories?post=397883"},{"taxonomy":"post_tag","embeddable":true,"href":"https:\/\/www.radiopiu.net\/wordpress\/wp-json\/wp\/v2\/tags?post=397883"}],"curies":[{"name":"wp","href":"https:\/\/api.w.org\/{rel}","templated":true}]}}