{"id":397941,"date":"2024-07-05T07:55:07","date_gmt":"2024-07-05T05:55:07","guid":{"rendered":"https:\/\/www.radiopiu.net\/wordpress\/?p=397941"},"modified":"2024-07-05T08:31:41","modified_gmt":"2024-07-05T06:31:41","slug":"397941-2","status":"publish","type":"post","link":"https:\/\/www.radiopiu.net\/wordpress\/397941-2\/","title":{"rendered":"alle otto del mattino, dal 1983 l&#8217;originale RASSEGNA STAMPA LOCALE solo su RADIOPIU"},"content":{"rendered":"<p>**<\/p>\n<p>&nbsp;<\/p>\n<p><strong class=\"photoswipe-wrapper\"><span style=\"color: #ff0000;\"><a class=\"dt-pswp-item\" href=\"https:\/\/www.radiopiu.net\/wordpress\/wp-content\/uploads\/2024\/07\/45cdaa97-0846-49c1-b78c-c2b75e165ba7.jpg\" data-dt-img-description=\"\" data-large_image_width=\"1080\" data-large_image_height=\"1080\"><img loading=\"lazy\" decoding=\"async\" class=\" wp-image-397838 alignleft\" src=\"https:\/\/www.radiopiu.net\/wordpress\/wp-content\/uploads\/2024\/07\/45cdaa97-0846-49c1-b78c-c2b75e165ba7-300x300.jpg\" alt=\"\" width=\"222\" height=\"222\" srcset=\"https:\/\/www.radiopiu.net\/wordpress\/wp-content\/uploads\/2024\/07\/45cdaa97-0846-49c1-b78c-c2b75e165ba7-300x300.jpg 300w, https:\/\/www.radiopiu.net\/wordpress\/wp-content\/uploads\/2024\/07\/45cdaa97-0846-49c1-b78c-c2b75e165ba7-1024x1024.jpg 1024w, https:\/\/www.radiopiu.net\/wordpress\/wp-content\/uploads\/2024\/07\/45cdaa97-0846-49c1-b78c-c2b75e165ba7-150x150.jpg 150w, https:\/\/www.radiopiu.net\/wordpress\/wp-content\/uploads\/2024\/07\/45cdaa97-0846-49c1-b78c-c2b75e165ba7-768x768.jpg 768w, https:\/\/www.radiopiu.net\/wordpress\/wp-content\/uploads\/2024\/07\/45cdaa97-0846-49c1-b78c-c2b75e165ba7.jpg 1080w\" sizes=\"auto, (max-width: 222px) 100vw, 222px\" \/><\/a>OGGI ALLA RADIO<\/span><\/strong>: <strong>ALLE 6.15 <\/strong>PIROLE DE LENGA, CON IL MUSLA\u00a0\u00a0<strong>ALLE 7.20<\/strong>\u00a0EL BAL DEL FIOR, DETTI E TRADIZIONI DI GIULIANA DA RONCH;\u00a0<strong>ALLE 8.20\u00a0<\/strong>PIU&#8217; SIAMO ESTATE DI MARINA DONA&#8217;\u00a0 <strong>9.00 premier le novit\u00e0 di Marco Gaz_Ottanta con Monic Fontanive <\/strong>\u00a0<strong>9.30\u00a0<\/strong>VIABILITA\u2019 Botol_Car <strong>10.10\u00a0 musla, le nove in ladin in dintorn e foravia tiziano<\/strong>\u00a0<span style=\"color: #0000ff;\"><strong><span style=\"color: #000000;\">10.30<\/span><\/strong><span style=\"color: #000000;\"> speciale SOLIDARIETA&#8217; VENETO FONDO PENSIONE APPUNTAMENTO MENSILE<\/span><span style=\"color: #000000;\">\u00a0<\/span><span style=\"color: #000000;\">\u00a0<\/span><\/span><strong>11.10 <\/strong>LA STORIA DEL FESTIVALBAR RACCONTATA DA MIRCO BENCIVENN<strong>I <\/strong>\u00a0\u00a0<strong>12.00\u00a0<\/strong>VA TUTTO LISCIO\u00a0<strong>12.30\u00a0<\/strong>GIORNALE RADIO EDIZIONE PRINCIPALE <strong>13.10<\/strong> Diario di Bordo Claudia Magic Teacher\u00a0 <strong>13.20<\/strong> TRE PEZZI ESTIVI DI MARINA DONA&#8217; <strong>14.00\u00a0<\/strong> GOLDEN CLASSIC CON MARCO EDELVAIS <strong>15.00\u00a0<\/strong>\u00a0 WEEK END\u00a0 MARINA C&#8217;E&#8217; <strong>1<\/strong><strong>6.00\u00a0<\/strong>IL ROCK DI MARCO COSTANTINI\u00a0<strong>16.45\u00a0<\/strong>LE HIT DI MIRCO BENCIVENNI\u00a0 <strong>19\u00a0<\/strong>ANTICIPAZIONI DAL TG DI ANTENNA 3<\/p>\n<p>&nbsp;<\/p>\n<p>&nbsp;<\/p>\n<p><iframe loading=\"lazy\" title=\"DAL 1983 LA RASSEGNA STAMPA LOCALE di mirko mezzacasa. L&#039;ORIGINALE\" width=\"1200\" height=\"675\" src=\"https:\/\/www.youtube.com\/embed\/OkjXoDta798?feature=oembed\" frameborder=\"0\" allow=\"accelerometer; autoplay; clipboard-write; encrypted-media; gyroscope; picture-in-picture; web-share\" referrerpolicy=\"strict-origin-when-cross-origin\" allowfullscreen><\/iframe><\/p>\n<p>&nbsp;<\/p>\n<p>&nbsp;<\/p>\n<p><a class=\"dt-pswp-item\" href=\"https:\/\/www.radiopiu.net\/wordpress\/wp-content\/uploads\/2024\/07\/Senza-nome-24.png\" data-dt-img-description=\"\" data-large_image_width=\"470\" data-large_image_height=\"285\"><img loading=\"lazy\" decoding=\"async\" class=\"size-medium wp-image-397942 alignleft\" src=\"https:\/\/www.radiopiu.net\/wordpress\/wp-content\/uploads\/2024\/07\/Senza-nome-24-300x182.png\" alt=\"\" width=\"300\" height=\"182\" srcset=\"https:\/\/www.radiopiu.net\/wordpress\/wp-content\/uploads\/2024\/07\/Senza-nome-24-300x182.png 300w, https:\/\/www.radiopiu.net\/wordpress\/wp-content\/uploads\/2024\/07\/Senza-nome-24.png 470w\" sizes=\"auto, (max-width: 300px) 100vw, 300px\" \/><\/a>CORTINA Prosegue il lavoro dei vigili del fuoco per la ricerca dell&#8217;uomo di 76 anni scomparso da una struttura ricettiva a Follina (TV) e di cui si sono perse le tracce due giorni fa nella zona di Pocol, a Cortina d&#8217;Ampezzo.<br \/>\nCASTELFRANCO Mercoled\u00ec notte, un&#8217;auto \u00e8 uscita di strada e si \u00e8 capovolta in via Balbi, Castelfranco Veneto, causando tre feriti, tutti giovanissimi. Il conducente, un 23enne di Asolo, e una 18enne sono stati portati all&#8217;ospedale di Castelfranco Veneto. Una 16enne di Alano di Piave, in condizioni gravi, \u00e8 stata trasportata al Ca&#8217; Foncello di Treviso.<br \/>\nARSIE Il motociclista 32enne di Arsi\u00e8, coinvolto in un incidente con una Fiat 500 L, \u00e8 stato risvegliato e ha parlato con i familiari. Le sue condizioni, seppur gravi, sono in leggero miglioramento.<br \/>\nCORTINA Ieri, a Cortina e Lamon, due cittadini non medici hanno utilizzato i defibrillatori pubblici per salvare la vita a un turista americano di 63 anni e a un lentiaiese di 65 anni, entrambi in arresto cardiocircolatorio.<br \/>\nVAL DI ZOLDO Tecnici e operatori di Veneto Strade lavorano sulla SP 347 in Val di Goima per rimuovere la colata detritica causata da un piovasco. L&#8217;obiettivo \u00e8 riaprire parzialmente la strada, permettendo il transito a senso unico alternato. Il sindaco De Pellegrin auspica il proseguimento dei lavori anche nel fine settimana<\/p>\n<p>CORTINA Poco prima di mezzogiorno un escursionista di Siena di 49 anni\u00a0 \u00e8 caduto non distante dal Rifugio Averau,\u00a0 e si \u00e8 fatto male a una spalla.\u00a0 Soccorso da una squadra della Guardia di finanza in fuoristrada, l&#8217;uomo aveva comunque raggiunto il\u00a0 Rifugio.<\/p>\n<p>CORTINA\u00a0 una turista statunitense \u00e8 uscita fuori dal sentiero 212 in zona Faloria,\u00a0 il Soccorso Alpino risalito alle coordinate del punto\u00a0 \u00e8 riuscito a guidarla nuovamente verso il tracciato&#8230;distante 200 metri, da dove la donna ha ripreso la sua camminata.<br \/>\nCORTINA i soccorritori della Guardia di finanza sono\u00a0 intervenuti lungo il sentiero 404 che sale in Tofana, per un&#8217;escursionista che si \u00e8 fatta male al volto e a un ginocchio.<br \/>\nROCCA PIETORE L&#8217;elicottero del Suem di Pieve di Cadore \u00e8 volato per un malore a Rocca Pietore al Rifugio Fallier. Percorrendo in compagnia il sentiero numero 689 che porta al Rifugio Falier, ancora nella zona boscata, una 58enne si era infatti sentita poco bene. E&#8217; stata portata al Papa Luciani di Agordo per accertamenti.<br \/>\nFORTOGNA\u00a0 Incidente stradale, ferito (media gravit\u00e0) un uomo di 64 anni di ospedale portato in ospedale a Belluno.<br \/>\nRIFUGIO VALLES Elicottero in volo dopo la chiamata di un 49enne di Udine colto da malore, ricoverato al San Martino di Belluno.<br \/>\nVENEZIA Anche quest\u2019anno il Veneto \u00e8 la regione italiana con la miglior gestione dei rifiuti domestici. Con 33,8% dei cittadini virtuosi e 173 comuni virtuosi, il Veneto ottiene il primo posto nella classifica di Legambiente. Montebelluna, Castelfranco Veneto, Mira, San Don\u00e0 di Piave, Treviso e Belluno sono ai vertici della classifica. Questo risultato eccezionale dimostra l&#8217;impegno dei Veneti verso l&#8217;ambiente, la sostenibilit\u00e0 e il riuso, supportato da un&#8217;efficiente amministrazione e quattro consorzi Rifiuti Free veneti.<\/p>\n<p>VENEZIA Il Presidente Zaia ringrazia il Governo e il Ministro Musumeci per aver decretato lo Stato di emergenza e stanziato 26 milioni di euro per i danni causati dagli eventi meteorologici di maggio e giugno. Questo finanziamento \u00e8 cruciale per il recupero delle infrastrutture e il sostegno alle famiglie e alle attivit\u00e0 economiche colpite.<br \/>\nVENEZIA L&#8217;assessore Gianpaolo Bottacin ha presentato la Strategia Regionale di Adattamento ai Cambiamenti Climatici del Veneto. Questa iniziativa mira a rafforzare la resilienza territoriale integrando misure di mitigazione in vari settori. Collaborano ARPAV e le Universit\u00e0 IUAV e Ca&#8217; Foscari.<br \/>\nLa 203 Agordina Priorit\u00e0 di Intervento: Padrin incontra Salvini<br \/>\nIl presidente della Provincia di Belluno, Roberto Padrin, ha dichiarato che la 203 Agordina \u00e8 una priorit\u00e0 per il territorio, concordata anche con il ministro delle infrastrutture, Matteo Salvini, e l&#8217;assessore regionale De Berti<br \/>\nNo alla diga del Vanoi<br \/>\n\u00abLa Provincia di Belluno ribadisce il no alla diga del Vanoi\u00bb, afferma il presidente Padrin. L\u2019amministrazione ha gi\u00e0 espresso contrariet\u00e0 in diverse occasioni, sottolineando l\u2019importanza di rispettare la montagna e migliorare prima i sistemi di irrigazione.<br \/>\nDiga del Vanoi, Camani (Pd): &#8220;Necessario chiarimento&#8221;<br \/>\nVanessa Camani del Pd Veneto solleva preoccupazioni sull&#8217;avanzamento dell&#8217;iter per la diga del Vanoi, presentando un&#8217;interrogazione per esigere chiarezza. Camani critica la Giunta Zaia per non mantenere le promesse di escludere la diga dalle opere prioritarie della Regione.<\/p>\n<p>&nbsp;<\/p>\n","protected":false},"excerpt":{"rendered":"<p>** &nbsp; OGGI ALLA RADIO: ALLE 6.15 PIROLE DE LENGA, CON IL MUSLA\u00a0\u00a0ALLE 7.20\u00a0EL BAL DEL FIOR, DETTI E TRADIZIONI DI GIULIANA DA RONCH;\u00a0ALLE 8.20\u00a0PIU&#8217; SIAMO ESTATE DI MARINA DONA&#8217;\u00a0 9.00 premier le novit\u00e0 di Marco Gaz_Ottanta con Monic Fontanive \u00a09.30\u00a0VIABILITA\u2019 Botol_Car 10.10\u00a0 musla, le nove in ladin in dintorn e foravia tiziano\u00a010.30 speciale SOLIDARIETA&#8217;&hellip;<\/p>\n","protected":false},"author":4,"featured_media":397942,"comment_status":"closed","ping_status":"closed","sticky":false,"template":"","format":"standard","meta":{"_monsterinsights_skip_tracking":false,"_monsterinsights_sitenote_active":false,"_monsterinsights_sitenote_note":"","_monsterinsights_sitenote_category":0,"footnotes":""},"categories":[104,49,142],"tags":[],"class_list":["post-397941","post","type-post","status-publish","format-standard","has-post-thumbnail","hentry","category-evidenza_3","category-news-18","category-rassegna-stampa","category-104","category-49","category-142","description-off"],"img_url":"https:\/\/www.radiopiu.net\/wordpress\/wp-content\/uploads\/2024\/07\/Senza-nome-24.png","_links":{"self":[{"href":"https:\/\/www.radiopiu.net\/wordpress\/wp-json\/wp\/v2\/posts\/397941","targetHints":{"allow":["GET"]}}],"collection":[{"href":"https:\/\/www.radiopiu.net\/wordpress\/wp-json\/wp\/v2\/posts"}],"about":[{"href":"https:\/\/www.radiopiu.net\/wordpress\/wp-json\/wp\/v2\/types\/post"}],"author":[{"embeddable":true,"href":"https:\/\/www.radiopiu.net\/wordpress\/wp-json\/wp\/v2\/users\/4"}],"replies":[{"embeddable":true,"href":"https:\/\/www.radiopiu.net\/wordpress\/wp-json\/wp\/v2\/comments?post=397941"}],"version-history":[{"count":0,"href":"https:\/\/www.radiopiu.net\/wordpress\/wp-json\/wp\/v2\/posts\/397941\/revisions"}],"wp:featuredmedia":[{"embeddable":true,"href":"https:\/\/www.radiopiu.net\/wordpress\/wp-json\/wp\/v2\/media\/397942"}],"wp:attachment":[{"href":"https:\/\/www.radiopiu.net\/wordpress\/wp-json\/wp\/v2\/media?parent=397941"}],"wp:term":[{"taxonomy":"category","embeddable":true,"href":"https:\/\/www.radiopiu.net\/wordpress\/wp-json\/wp\/v2\/categories?post=397941"},{"taxonomy":"post_tag","embeddable":true,"href":"https:\/\/www.radiopiu.net\/wordpress\/wp-json\/wp\/v2\/tags?post=397941"}],"curies":[{"name":"wp","href":"https:\/\/api.w.org\/{rel}","templated":true}]}}