{"id":397956,"date":"2024-07-06T06:04:30","date_gmt":"2024-07-06T04:04:30","guid":{"rendered":"https:\/\/www.radiopiu.net\/wordpress\/?p=397956"},"modified":"2024-07-06T08:29:30","modified_gmt":"2024-07-06T06:29:30","slug":"giornale-radiopiu-06-luglio-2024-direttore-mirko-mezzacasada-41-anni-25-giugno-1983-25-giugno-2024","status":"publish","type":"post","link":"https:\/\/www.radiopiu.net\/wordpress\/giornale-radiopiu-06-luglio-2024-direttore-mirko-mezzacasada-41-anni-25-giugno-1983-25-giugno-2024\/","title":{"rendered":"GIORNALE RADIOPIU 06 LUGLIO 2024 DIRETTORE MIRKO MEZZACASA\u2026DA 41 ANNI 25 GIUGNO 1983-25 GIUGNO 2024"},"content":{"rendered":"<p>*******<\/p>\n<p>&nbsp;<\/p>\n<p><em><span style=\"color: #ff0000;\">ATTENZIONE: LA NUOVA APP PER IOS-IPHONE di Nicola Vettorello <\/span><\/em><a href=\"https:\/\/apps.apple.com\/it\/app\/radio-pi%C3%B9-emittente-agordina\/id1515939845\">https:\/\/apps.apple.com\/it\/app\/radio-pi%C3%B9-emittente-agordina\/id1515939845<\/a><\/p>\n<p><em style=\"color: #ff0000;\">ATTENZIONE: LA NUOVA APP RADIO\u00a0 PER ANDROID di Nicola Vettorello<\/em><\/p>\n<p><a href=\"https:\/\/play.google.com\/store\/apps\/details?id=net.radiopiu.iniko\" target=\"_blank\" rel=\"noopener noreferrer\">https:\/\/play.google.com\/store\/apps\/details?id=net.radiopiu.iniko\u00a0\u00a0\u00a0<\/a><\/p>\n<p>&nbsp;<\/p>\n<p>&nbsp;<\/p>\n<hr \/>\n<p>&nbsp;<\/p>\n<h2 style=\"text-align: center;\"><span style=\"color: #ff0000;\">STRADA DEL PASSO DURAN APERTA FINO AL PASSO DAL LATO DI LA VALLE AGORDINA<\/span><\/h2>\n<p><a class=\"dt-pswp-item\" href=\"https:\/\/www.radiopiu.net\/wordpress\/wp-content\/uploads\/2024\/07\/1e2462aa-0d4d-48e8-8d5f-3ec4b8b7ab93.jpg\" data-dt-img-description=\"\" data-large_image_width=\"2048\" data-large_image_height=\"1536\"><img loading=\"lazy\" decoding=\"async\" class=\"size-medium wp-image-397829 aligncenter\" src=\"https:\/\/www.radiopiu.net\/wordpress\/wp-content\/uploads\/2024\/07\/1e2462aa-0d4d-48e8-8d5f-3ec4b8b7ab93-300x225.jpg\" alt=\"\" width=\"300\" height=\"225\" srcset=\"https:\/\/www.radiopiu.net\/wordpress\/wp-content\/uploads\/2024\/07\/1e2462aa-0d4d-48e8-8d5f-3ec4b8b7ab93-300x225.jpg 300w, https:\/\/www.radiopiu.net\/wordpress\/wp-content\/uploads\/2024\/07\/1e2462aa-0d4d-48e8-8d5f-3ec4b8b7ab93-1024x768.jpg 1024w, https:\/\/www.radiopiu.net\/wordpress\/wp-content\/uploads\/2024\/07\/1e2462aa-0d4d-48e8-8d5f-3ec4b8b7ab93-768x576.jpg 768w, https:\/\/www.radiopiu.net\/wordpress\/wp-content\/uploads\/2024\/07\/1e2462aa-0d4d-48e8-8d5f-3ec4b8b7ab93-1536x1152.jpg 1536w, https:\/\/www.radiopiu.net\/wordpress\/wp-content\/uploads\/2024\/07\/1e2462aa-0d4d-48e8-8d5f-3ec4b8b7ab93.jpg 2048w\" sizes=\"auto, (max-width: 300px) 100vw, 300px\" \/><\/a><\/p>\n<h2 style=\"text-align: center;\"><span style=\"color: #ff0000;\">\u00a0<\/span><\/h2>\n<h2 style=\"text-align: center;\"><span style=\"color: #ff0000;\">DOMANI PASSI CHIUSI PER COMPETIZIONE CICLISTICA_CORVARA<\/span><\/h2>\n<p><a class=\"dt-pswp-item\" href=\"https:\/\/www.radiopiu.net\/wordpress\/wp-content\/uploads\/2024\/07\/d6eca3ef-3a28-4428-b638-756531fd574a.jpg\" data-dt-img-description=\"\" data-large_image_width=\"567\" data-large_image_height=\"836\"><img loading=\"lazy\" decoding=\"async\" class=\"size-medium wp-image-397951 aligncenter\" src=\"https:\/\/www.radiopiu.net\/wordpress\/wp-content\/uploads\/2024\/07\/d6eca3ef-3a28-4428-b638-756531fd574a-203x300.jpg\" alt=\"\" width=\"203\" height=\"300\" srcset=\"https:\/\/www.radiopiu.net\/wordpress\/wp-content\/uploads\/2024\/07\/d6eca3ef-3a28-4428-b638-756531fd574a-203x300.jpg 203w, https:\/\/www.radiopiu.net\/wordpress\/wp-content\/uploads\/2024\/07\/d6eca3ef-3a28-4428-b638-756531fd574a.jpg 567w\" sizes=\"auto, (max-width: 203px) 100vw, 203px\" \/> <\/a><\/p>\n<p><a class=\"dt-pswp-item\" href=\"https:\/\/www.radiopiu.net\/wordpress\/wp-content\/uploads\/2024\/07\/d6eca3ef-3a28-4428-b638-756531fd574a.jpg\" data-dt-img-description=\"\" data-large_image_width=\"567\" data-large_image_height=\"836\">\u00a0<\/a><a class=\"dt-pswp-item\" href=\"https:\/\/www.radiopiu.net\/wordpress\/wp-content\/uploads\/2024\/07\/FOTO.jpg\" data-dt-img-description=\"\" data-large_image_width=\"1278\" data-large_image_height=\"827\"><img loading=\"lazy\" decoding=\"async\" class=\"alignnone wp-image-398133 size-large\" src=\"https:\/\/www.radiopiu.net\/wordpress\/wp-content\/uploads\/2024\/07\/FOTO-1024x663.jpg\" alt=\"\" width=\"1024\" height=\"663\" srcset=\"https:\/\/www.radiopiu.net\/wordpress\/wp-content\/uploads\/2024\/07\/FOTO-1024x663.jpg 1024w, https:\/\/www.radiopiu.net\/wordpress\/wp-content\/uploads\/2024\/07\/FOTO-300x194.jpg 300w, https:\/\/www.radiopiu.net\/wordpress\/wp-content\/uploads\/2024\/07\/FOTO-768x497.jpg 768w, https:\/\/www.radiopiu.net\/wordpress\/wp-content\/uploads\/2024\/07\/FOTO.jpg 1278w\" sizes=\"auto, (max-width: 1024px) 100vw, 1024px\" \/><\/a><\/p>\n<p><a class=\"dt-pswp-item\" href=\"https:\/\/www.radiopiu.net\/wordpress\/wp-content\/uploads\/2024\/07\/d6eca3ef-3a28-4428-b638-756531fd574a.jpg\" data-dt-img-description=\"\" data-large_image_width=\"567\" data-large_image_height=\"836\">\u00a0<\/a><\/p>\n<p><a class=\"dt-pswp-item\" href=\"https:\/\/www.radiopiu.net\/wordpress\/wp-content\/uploads\/2024\/07\/d6eca3ef-3a28-4428-b638-756531fd574a.jpg\" data-dt-img-description=\"\" data-large_image_width=\"567\" data-large_image_height=\"836\">\u00a0<\/a><\/p>\n<hr \/>\n<p>&nbsp;<\/p>\n<p><strong class=\"photoswipe-wrapper\"><span style=\"color: #ff0000;\"><a class=\"dt-pswp-item\" href=\"https:\/\/www.radiopiu.net\/wordpress\/wp-content\/uploads\/2024\/07\/sali-scendi.jpg\" data-dt-img-description=\"\" data-large_image_width=\"768\" data-large_image_height=\"1112\"><img loading=\"lazy\" decoding=\"async\" class=\" wp-image-397628 alignleft\" src=\"https:\/\/www.radiopiu.net\/wordpress\/wp-content\/uploads\/2024\/07\/sali-scendi-207x300.jpg\" alt=\"\" width=\"202\" height=\"293\" srcset=\"https:\/\/www.radiopiu.net\/wordpress\/wp-content\/uploads\/2024\/07\/sali-scendi-207x300.jpg 207w, https:\/\/www.radiopiu.net\/wordpress\/wp-content\/uploads\/2024\/07\/sali-scendi-707x1024.jpg 707w, https:\/\/www.radiopiu.net\/wordpress\/wp-content\/uploads\/2024\/07\/sali-scendi.jpg 768w\" sizes=\"auto, (max-width: 202px) 100vw, 202px\" \/><\/a>OGGI ALLA RADIO<\/span><\/strong>: <strong>ALLE 6.15 <\/strong>PIROLE DE LENGA, CON IL MUSLA\u00a0\u00a0<strong>ALLE 7.20<\/strong>\u00a0EL BAL DEL FIOR, DETTI E TRADIZIONI DI GIULIANA DA RONCH;\u00a0<strong>ALLE 8.20\u00a0<\/strong>WEEK END MARINA C&#8217;E&#8217;\u00a0 <strong>9.00 SAN PELLEGRINO FALCADE, DA OGGI TUTTO APERTO, SPECIALE ALLA RADIO CON MIRCO TANCON <\/strong>\u00a0<strong>9.30\u00a0<\/strong>VIABILITA\u2019 Botol_Car <span style=\"color: #0000ff;\"><strong><span style=\"color: #000000;\">10.30<\/span><\/strong><span style=\"color: #000000;\"> LA RASSEGNA STAMPA DA L&#8217;AMICO DEL POPOLO, OSPITE <\/span><span style=\"color: #000000;\"> Clara Fontanive<\/span><span style=\"color: #000000;\">\u00a0<\/span><\/span><strong>11.10 <\/strong>LA STORIA DEL FESTIVALBAR RACCONTATA DA MIRCO BENCIVENN<strong>I <\/strong>\u00a0\u00a0<strong>12.00\u00a0<\/strong>VA TUTTO LISCIO\u00a0<strong>12.30\u00a0<\/strong>GIORNALE RADIO EDIZIONE PRINCIPALE <strong>13.10<\/strong> COMPRENSORIO ALLEGHE-CIVETTA in studio ANDREA DAL FARRA E CHRISTIAN MORETTI \u00a0<strong>14.00\u00a0<\/strong>\u00a0 ELETTROCHOK CON DJ JACK <strong>15.00\u00a0<\/strong>\u00a0 LA CLASSIFICA UFFICIALE DI RADIOP PIU 16.00 claudia teacher &#8230; settima puntata diario di bordo <strong>1<\/strong><strong>6.10 <\/strong>IL ROCK DI MARCO COSTANTINI\u00a0<strong>16.45\u00a0<\/strong>LE HIT DI MIRCO BENCIVENNI\u00a0 <strong>19\u00a0<\/strong>ANTICIPAZIONI DAL TG DI ANTENNA 3<\/p>\n<blockquote><p><strong>rassegna stampa nazionale, ogni giorno alle 5 e alle 6 del mattino<\/strong><br \/>\n<em>giornali locali 7 rassegna stampa flash, 8 rassegna stampa, gr flash alle 10 e alle 11, principale 12.30. Informazione pomerIggio alle 15 (speciale) 16, 17, 18. Giornale radio nazionale: ogni ora dalle 5 del mattino, alle 20 della sera.\u00a0<\/em><\/p><\/blockquote>\n<div class=\"x11i5rnm xat24cr x1mh8g0r x1vvkbs xtlvy1s x126k92a\">\n<div dir=\"auto\">\n<p>&nbsp;<\/p>\n<p>&nbsp;<\/p>\n<hr \/>\n<p>&nbsp;<\/p>\n<p>&nbsp;<\/p>\n<div class=\"x11i5rnm xat24cr x1mh8g0r x1vvkbs xtlvy1s x126k92a\">\n<div dir=\"auto\">\n<p><strong><a class=\"dt-pswp-item\" href=\"https:\/\/www.radiopiu.net\/wordpress\/wp-content\/uploads\/2024\/02\/2d44e751-d8a8-461b-8e22-d8e4e853b032.jpg\" data-dt-img-description=\"\" data-large_image_width=\"1600\" data-large_image_height=\"1200\"><img loading=\"lazy\" decoding=\"async\" class=\"wp-image-373307 alignleft\" src=\"https:\/\/www.radiopiu.net\/wordpress\/wp-content\/uploads\/2024\/02\/2d44e751-d8a8-461b-8e22-d8e4e853b032-300x225.jpg\" alt=\"\" width=\"105\" height=\"79\" srcset=\"https:\/\/www.radiopiu.net\/wordpress\/wp-content\/uploads\/2024\/02\/2d44e751-d8a8-461b-8e22-d8e4e853b032-300x225.jpg 300w, https:\/\/www.radiopiu.net\/wordpress\/wp-content\/uploads\/2024\/02\/2d44e751-d8a8-461b-8e22-d8e4e853b032-1024x768.jpg 1024w, https:\/\/www.radiopiu.net\/wordpress\/wp-content\/uploads\/2024\/02\/2d44e751-d8a8-461b-8e22-d8e4e853b032-768x576.jpg 768w, https:\/\/www.radiopiu.net\/wordpress\/wp-content\/uploads\/2024\/02\/2d44e751-d8a8-461b-8e22-d8e4e853b032-1536x1152.jpg 1536w, https:\/\/www.radiopiu.net\/wordpress\/wp-content\/uploads\/2024\/02\/2d44e751-d8a8-461b-8e22-d8e4e853b032.jpg 1600w\" sizes=\"auto, (max-width: 105px) 100vw, 105px\" \/><\/a>EL BAL DEL FIOR, DI GIULIANA DA RONCH, 06 LUGLIO<\/strong><strong>\u00a02024<em>\u00a0<\/em><\/strong><\/p>\n<audio class=\"wp-audio-shortcode\" id=\"audio-397956-1\" preload=\"none\" style=\"width: 100%;\" controls=\"controls\"><source type=\"audio\/mpeg\" src=\"https:\/\/www.radiopiu.net\/wordpress\/wp-content\/uploads\/2024\/06\/GSA-3.m4a?_=1\" \/><a href=\"https:\/\/www.radiopiu.net\/wordpress\/wp-content\/uploads\/2024\/06\/GSA-3.m4a\">https:\/\/www.radiopiu.net\/wordpress\/wp-content\/uploads\/2024\/06\/GSA-3.m4a<\/a><\/audio>\n<p>&nbsp;<\/p>\n<\/div>\n<\/div>\n<\/div>\n<hr \/>\n<p>&nbsp;<\/p>\n<p>&nbsp;<\/p>\n<h1><span style=\"color: #ff0000;\"><a class=\"dt-pswp-item\" href=\"https:\/\/www.radiopiu.net\/wordpress\/wp-content\/uploads\/2024\/06\/th-5.jpg\" data-dt-img-description=\"\" data-large_image_width=\"326\" data-large_image_height=\"180\"><img loading=\"lazy\" decoding=\"async\" class=\"size-medium wp-image-395881 alignleft\" src=\"https:\/\/www.radiopiu.net\/wordpress\/wp-content\/uploads\/2024\/06\/th-5-300x166.jpg\" alt=\"\" width=\"300\" height=\"166\" srcset=\"https:\/\/www.radiopiu.net\/wordpress\/wp-content\/uploads\/2024\/06\/th-5-300x166.jpg 300w, https:\/\/www.radiopiu.net\/wordpress\/wp-content\/uploads\/2024\/06\/th-5.jpg 326w\" sizes=\"auto, (max-width: 300px) 100vw, 300px\" \/><\/a><\/span><\/h1>\n<h1><\/h1>\n<h1><\/h1>\n<h1><span style=\"color: #000000;\">06 luglio&#8230; alla radio l&#8217;almanacco\u00a0<\/span><\/h1>\n<audio class=\"wp-audio-shortcode\" id=\"audio-397956-2\" preload=\"none\" style=\"width: 100%;\" controls=\"controls\"><source type=\"audio\/mpeg\" src=\"https:\/\/www.radiopiu.net\/wordpress\/wp-content\/uploads\/2024\/07\/ALMANACCONEW-5.mp3?_=2\" \/><a href=\"https:\/\/www.radiopiu.net\/wordpress\/wp-content\/uploads\/2024\/07\/ALMANACCONEW-5.mp3\">https:\/\/www.radiopiu.net\/wordpress\/wp-content\/uploads\/2024\/07\/ALMANACCONEW-5.mp3<\/a><\/audio>\n<p>&nbsp;<\/p>\n<div dir=\"auto\">\n<hr \/>\n<\/div>\n<\/div>\n<blockquote>\n<blockquote>\n<h1><span style=\"color: #ff0000;\">\u00a0<\/span><\/h1>\n<h1><span style=\"color: #ff0000;\">I podcast informativi del mattino &#8211; audio &#8211;\u00a0\u00a0<\/span><\/h1>\n<\/blockquote>\n<p><strong><a class=\"dt-pswp-item\" href=\"https:\/\/www.radiopiu.net\/wordpress\/wp-content\/uploads\/2023\/11\/th-10.jpg\" data-dt-img-description=\"\" data-large_image_width=\"320\" data-large_image_height=\"180\"><img loading=\"lazy\" decoding=\"async\" class=\"wp-image-362866 alignleft\" src=\"https:\/\/www.radiopiu.net\/wordpress\/wp-content\/uploads\/2023\/11\/th-10-300x169.jpg\" alt=\"\" width=\"185\" height=\"104\" srcset=\"https:\/\/www.radiopiu.net\/wordpress\/wp-content\/uploads\/2023\/11\/th-10-300x169.jpg 300w, https:\/\/www.radiopiu.net\/wordpress\/wp-content\/uploads\/2023\/11\/th-10.jpg 320w\" sizes=\"auto, (max-width: 185px) 100vw, 185px\" \/><\/a>LA RASSEGNA STAMPA NAZIONALE ALLA RADIO, OGNI GIORNO ALLE 5 E ALLE 6 DEL MATTINO <span style=\"color: #0000ff;\">viene pubblicata alle 6.00 <span style=\"color: #ff0000;\">DIRETTA RADIO\u00a0 \u00a0\u00a0<\/span><\/span><\/strong><\/p><\/blockquote>\n<p>&nbsp;<\/p>\n<p><strong>NOTIZIE DELLA NOTTE\u00a0 \u00a0<\/strong><\/p>\n<p><strong>Iran,<\/strong> risultati parziali: Pezeshkian domina le presidenziali Il riformista guida con oltre 12 milioni di voti, 10 per Jalili<br \/>\n<strong>Gaza<\/strong>, media: 13 morti negli ultimi raid d&#8217;Israele sulla Striscia Wafa: un 22enne ucciso e 2 persone ferite da Idf in Cisgiordania<br \/>\n<strong>Orban,<\/strong> a Mosca per aprire canali dialogo, missione compiuta &#8216;E per avviare un dialogo sulla strada pi\u00f9 breve verso la pace&#8217;<br \/>\n<strong>Fico<\/strong>, &#8216;se in buona salute sarei andato a Mosca con Orban&#8217; Premier slovacco nella sua prima apparizione dopo il ferimento<br \/>\n<strong>Europei<\/strong> Francia in semifinale 5-3 al Portogallo ai rigori,\u00a0 Tempi regolamentari e supplementari senza reti. Ora la Spagna<\/p>\n<h2>AUDIO dalle 6 del mattino<\/h2>\n<audio class=\"wp-audio-shortcode\" id=\"audio-397956-3\" preload=\"none\" style=\"width: 100%;\" controls=\"controls\"><source type=\"audio\/mpeg\" src=\"https:\/\/www.radiopiu.net\/wordpress\/wp-content\/uploads\/2024\/07\/GIORNALEDELLESEI-4.mp3?_=3\" \/><a href=\"https:\/\/www.radiopiu.net\/wordpress\/wp-content\/uploads\/2024\/07\/GIORNALEDELLESEI-4.mp3\">https:\/\/www.radiopiu.net\/wordpress\/wp-content\/uploads\/2024\/07\/GIORNALEDELLESEI-4.mp3<\/a><\/audio>\n<p>&nbsp;<\/p>\n<p>&nbsp;<\/p>\n<hr \/>\n<p>&nbsp;<\/p>\n<h1 style=\"text-align: center;\"><span style=\"color: #ff0000;\">I podcast informativi del mattino &#8211; audio &#8211;\u00a0<\/span><\/h1>\n<p><strong><a class=\"dt-pswp-item\" href=\"https:\/\/www.radiopiu.net\/wordpress\/wp-content\/uploads\/2023\/12\/images.png\" data-dt-img-description=\"\" data-large_image_width=\"316\" data-large_image_height=\"160\"><img loading=\"lazy\" decoding=\"async\" class=\"wp-image-367008 alignleft\" src=\"https:\/\/www.radiopiu.net\/wordpress\/wp-content\/uploads\/2023\/12\/images-300x152.png\" alt=\"\" width=\"235\" height=\"119\" srcset=\"https:\/\/www.radiopiu.net\/wordpress\/wp-content\/uploads\/2023\/12\/images-300x152.png 300w, https:\/\/www.radiopiu.net\/wordpress\/wp-content\/uploads\/2023\/12\/images.png 316w\" sizes=\"auto, (max-width: 235px) 100vw, 235px\" \/><\/a>OGNI GIORNO ALLE SETTE DEL MATTINO, LA RASSEGNA STAMPA LOCALE FLASH&#8230; PER CHI VA IN FRETTA. I TITOLI DAI GIORNALI E DAL SITO WWW.RADIOPIU.NET <span style=\"color: #0000ff;\">viene pubblicato alle 7.00<\/span> <span style=\"color: #ff0000;\">DIRETTA RADIO\u00a0<\/span><\/strong><\/p>\n<p><em><span style=\"color: #ff0000;\">per chi va in fretta&#8230; tante notizie in pochi minuti. L&#8217;informazione locale alla radio, ogni ora dalle 7 del mattino alle 19 della sera.\u00a0 <\/span><\/em><\/p>\n<p><strong>TERAMO<\/strong> Sfruttavano i migranti nei campi, fermati madre e figlio <strong>NAPOLI<\/strong> Investito da pallet, operaio in fin di vita\u00a0 <strong>ROMA<\/strong> Uccisa con un fucile dall&#8217;ex, l&#8217;uomo ha precedenti per stalking <strong>VERONA &#8216;<\/strong>Forti chiese alla &#8216;Ndrangheta di zittire Travaglio e Lucarelli&#8217; <strong>TORINO<\/strong> Uccise il padre violento, disposto il processo di appello bis per Alex Pompa <strong>TORINO<\/strong> Ci sono due indagati per la scomparsa di Marta Favro <strong>ROMA<\/strong> l Vaticano ha scomunicato monsignor Vigan\u00f2 <strong>BRESCIA<\/strong> La compagna e il figlio di Giacomo Bozzoli rientrati in Italia da Marbella <strong>TREVISO<\/strong> Alex Marangon morto per colpi alla testa e poi finito nel Piave <strong>NAPOLI<\/strong> Stupri a Caivano, dure condanne per i due maggiorenni<\/p>\n<h1>AUDIO dalle 7 del mattino<\/h1>\n<audio class=\"wp-audio-shortcode\" id=\"audio-397956-4\" preload=\"none\" style=\"width: 100%;\" controls=\"controls\"><source type=\"audio\/mpeg\" src=\"https:\/\/www.radiopiu.net\/wordpress\/wp-content\/uploads\/2024\/07\/GF07-4.mp3?_=4\" \/><a href=\"https:\/\/www.radiopiu.net\/wordpress\/wp-content\/uploads\/2024\/07\/GF07-4.mp3\">https:\/\/www.radiopiu.net\/wordpress\/wp-content\/uploads\/2024\/07\/GF07-4.mp3<\/a><\/audio>\n<p>&nbsp;<\/p>\n<p>&nbsp;<\/p>\n<hr \/>\n<p>&nbsp;<\/p>\n<h1><\/h1>\n<h1 style=\"text-align: center;\"><span style=\"color: #ff0000;\"><a class=\"dt-pswp-item\" href=\"https:\/\/www.radiopiu.net\/wordpress\/wp-content\/uploads\/2022\/01\/026c3f9d-dae9-4040-a3c1-a6530231bcc3.jpg\" data-dt-img-description=\"\" data-large_image_width=\"1152\" data-large_image_height=\"2048\"><img loading=\"lazy\" decoding=\"async\" class=\"wp-image-251839 alignleft\" src=\"https:\/\/www.radiopiu.net\/wordpress\/wp-content\/uploads\/2022\/01\/026c3f9d-dae9-4040-a3c1-a6530231bcc3-169x300.jpg\" alt=\"\" width=\"100\" height=\"177\" srcset=\"https:\/\/www.radiopiu.net\/wordpress\/wp-content\/uploads\/2022\/01\/026c3f9d-dae9-4040-a3c1-a6530231bcc3-169x300.jpg 169w, https:\/\/www.radiopiu.net\/wordpress\/wp-content\/uploads\/2022\/01\/026c3f9d-dae9-4040-a3c1-a6530231bcc3-576x1024.jpg 576w, https:\/\/www.radiopiu.net\/wordpress\/wp-content\/uploads\/2022\/01\/026c3f9d-dae9-4040-a3c1-a6530231bcc3-768x1365.jpg 768w, https:\/\/www.radiopiu.net\/wordpress\/wp-content\/uploads\/2022\/01\/026c3f9d-dae9-4040-a3c1-a6530231bcc3-864x1536.jpg 864w, https:\/\/www.radiopiu.net\/wordpress\/wp-content\/uploads\/2022\/01\/026c3f9d-dae9-4040-a3c1-a6530231bcc3.jpg 1152w\" sizes=\"auto, (max-width: 100px) 100vw, 100px\" \/><\/a>I podcast informativi del mattino &#8211; audio &#8211;\u00a0<\/span><\/h1>\n<blockquote><p><strong>GIORNALE RADIO NAZIONALE, EDIZIONE DELLE SETTE <span style=\"color: #0000ff;\">viene pubblicato alle 7.05 <span style=\"color: #ff0000;\">DIRETTA RADIO\u00a0<\/span><\/span><\/strong><\/p><\/blockquote>\n<p><strong>il giornale radionazionale e&#8217; in onda ogni ora, dalle sette del mattino alle venti della sera\u00a0 \u00a0<\/strong><strong>\u00a0<\/strong><\/p>\n<p>&nbsp;<\/p>\n<p>&nbsp;<\/p>\n<h2>AUDIO dalle sette del mattino, ogni ora alla radio<\/h2>\n<audio class=\"wp-audio-shortcode\" id=\"audio-397956-5\" preload=\"none\" style=\"width: 100%;\" controls=\"controls\"><source type=\"audio\/mpeg\" src=\"https:\/\/www.radiopiu.net\/wordpress\/wp-content\/uploads\/2024\/07\/giornale07-5.mp3?_=5\" \/><a href=\"https:\/\/www.radiopiu.net\/wordpress\/wp-content\/uploads\/2024\/07\/giornale07-5.mp3\">https:\/\/www.radiopiu.net\/wordpress\/wp-content\/uploads\/2024\/07\/giornale07-5.mp3<\/a><\/audio>\n<p>&nbsp;<\/p>\n<hr \/>\n<p>&nbsp;<\/p>\n<p>&nbsp;<\/p>\n<h1><span style=\"color: #ff0000;\">I podcast informativi del mattino &#8211; video &#8211;\u00a0<\/span><\/h1>\n<h2><strong><a class=\"dt-pswp-item\" href=\"https:\/\/www.radiopiu.net\/wordpress\/wp-content\/uploads\/2023\/12\/th-10.jpg\" data-dt-img-description=\"\" data-large_image_width=\"245\" data-large_image_height=\"180\"><img loading=\"lazy\" decoding=\"async\" class=\" wp-image-367395 alignleft\" src=\"https:\/\/www.radiopiu.net\/wordpress\/wp-content\/uploads\/2023\/12\/th-10.jpg\" alt=\"\" width=\"166\" height=\"122\" \/><\/a>RASSEGNA STAMPA LOCALE, ORE OTTO 05<\/strong><\/h2>\n<h2><strong> <span style=\"color: #0000ff;\">viene\u00a0 <\/span><\/strong><strong><span style=\"color: #0000ff;\">pubblicata alle 8.05 <span style=\"color: #ff0000;\">DIRETTA RADIO\u00a0\u00a0<\/span><\/span><\/strong><\/h2>\n<p><strong>DI MIRKO MEZZACASA\u00a0 \u00a0<\/strong><button class=\"rounded-lg text-token-text-secondary hover:bg-token-main-surface-secondary\"><\/button><\/p>\n<p><strong>OGGI SUL Corriere delle Alpi E NOTIZIARI DI Radio Pi\u00f9<\/strong><\/p>\n<p>&nbsp;<\/p>\n<h2><span style=\"color: #ff0000;\"><strong>VIDEO\u00a0 \u00a0in diretta dalle 8 del mattino<\/strong><\/span><\/h2>\n<p><iframe loading=\"lazy\" title=\"DAL 1983 LA RASSEGNA STAMPA LOCALE di mirko mezzacasa. L&#039;ORIGINALE\" width=\"1200\" height=\"675\" src=\"https:\/\/www.youtube.com\/embed\/CmDKctzOXsA?feature=oembed\" frameborder=\"0\" allow=\"accelerometer; autoplay; clipboard-write; encrypted-media; gyroscope; picture-in-picture; web-share\" referrerpolicy=\"strict-origin-when-cross-origin\" allowfullscreen><\/iframe><\/p>\n<p>&nbsp;<\/p>\n<hr \/>\n<p>&nbsp;<\/p>\n<p>&nbsp;<\/p>\n<p><strong><a class=\"dt-pswp-item\" href=\"https:\/\/www.radiopiu.net\/wordpress\/wp-content\/uploads\/2023\/12\/ANTENNA.png\" data-dt-img-description=\"\" data-large_image_width=\"300\" data-large_image_height=\"166\"><img loading=\"lazy\" decoding=\"async\" class=\" wp-image-366306 alignleft\" src=\"https:\/\/www.radiopiu.net\/wordpress\/wp-content\/uploads\/2023\/12\/ANTENNA.png\" alt=\"\" width=\"175\" height=\"97\" \/><\/a>IERI SERA, DAL TG DI ANTENNA 3, ogni sera alle 19 le anticipazioni alla radio, quello che poi seguirete nel TELEGIORNALE BELLUNESE\u00a0 in onda alle 19.30 sul CANALE 10 del digitale terrestre.\u00a0\u00a0<\/strong><\/p>\n<p>&nbsp;<\/p>\n<p><span style=\"color: #ff0000;\"><strong>\u00a0IERI SERA ALLA RADIO&#8230; LE ANTICIPAZIONI DI\u00a0 tiziana bolognani<\/strong><\/span><\/p>\n<audio class=\"wp-audio-shortcode\" id=\"audio-397956-6\" preload=\"none\" style=\"width: 100%;\" controls=\"controls\"><source type=\"audio\/mpeg\" src=\"https:\/\/www.radiopiu.net\/wordpress\/wp-content\/uploads\/2024\/07\/ANTENNA3-4.mp3?_=6\" \/><a href=\"https:\/\/www.radiopiu.net\/wordpress\/wp-content\/uploads\/2024\/07\/ANTENNA3-4.mp3\">https:\/\/www.radiopiu.net\/wordpress\/wp-content\/uploads\/2024\/07\/ANTENNA3-4.mp3<\/a><\/audio>\n<p><span style=\"color: #ff0000;\"><strong>\u00a0<\/strong><\/span><\/p>\n<p>&nbsp;<\/p>\n<hr \/>\n<p><strong>\u00a0 \u00a0\u00a0<\/strong><\/p>\n<blockquote>\n<h3>IN TRE COMUNE ACQUA INQUINATA, AD AGORDO: CLORO?<\/h3>\n<\/blockquote>\n<p><strong><img loading=\"lazy\" decoding=\"async\" class=\"alignleft\" src=\"https:\/\/www.radiopiu.net\/wordpress\/wp-content\/uploads\/2024\/05\/cantiere-municipio-Livinallongo-scaled.jpg\" width=\"231\" height=\"104\" \/><\/strong><b><\/b><\/p>\n<p><strong>LIVINALLONGO<\/strong> In localit\u00e0 COLLAZ e Castello l&#8217;acqua erogata dall&#8217;acquedotto non \u00e8 potabile e pu\u00f2 essere usata per scopi alimentari SOLO PREVIA bollitura.<span style=\"color: #ff0000;\"> <strong>NON \u00e8 stato previsto alcun\u00a0 servizio sostitutivo con cisterna\u00a0<\/strong><\/span><\/p>\n<p><strong>GOSALDO<\/strong> in localit\u00e0 VALLASIN l&#8217;acqua erogata dall&#8217;acquedotto non \u00e8 potabile e pu\u00f2 essere usata per scopi alimentari SOLO PREVIA bollitura.\u00a0 <span style=\"color: #ff0000;\"><strong>NON \u00e8 stato previsto alcun\u00a0 servizio sostitutivo con cisterna\u00a0<\/strong><\/span><\/p>\n<p><strong>ROCCA PIETORE<\/strong> in LOCALITA&#8217; DIGONERA l&#8217;acqua erogata dall&#8217;acquedotto non \u00e8 potabile e pu\u00f2 essere usata per scopi alimentari SOLO PREVIA bollitura.<strong> Verr\u00e0 effettuato servizio sostitutivo con cisterna c\/o Albergo Digonera in localit\u00e0 Digonera.\u00a0<\/strong><\/p>\n<p>&nbsp;<\/p>\n<p>&nbsp;<\/p>\n<p>&nbsp;<\/p>\n<blockquote>\n<h3>DILLO A RADIO PIU&#8230;. AD AGORDO L&#8217;ACQUA NON E&#8217; MAI INQUINATA<\/h3>\n<\/blockquote>\n<p>riceviamo e pubblichiamo.<\/p>\n<p><strong>AGORDO<\/strong>\u00a0 in questi giorni, come molte alte volte, relativamente all&#8217; inquinamento dell&#8217; acqua in certe zone dell&#8217; Agordino. La zona di Agordo, servita dall&#8217; acquedotto della Val Corpassa, non rientra mai in quelle con l&#8221; acqua inquinata. Beviamo quotidianamente acqua costantemente clorata ed il sapore non \u00e8 dei migliori. Capisco che l&#8217;acquedotto serve anche strutture sensibili , ospedale, scuole, fabbriche,\u00a0 mi chiedo se oltre ad aggiungere cloro, nel 2024 non ci sia altro modo per prevenire e garantire la portabilit\u00e0.<\/p>\n<p><em>\u00a0Damiano Soppelsa<\/em><\/p>\n<p>&nbsp;<\/p>\n<blockquote>\n<h3>LAVORI PROGRAMMATI BIM GSP<\/h3>\n<\/blockquote>\n<p>LIVINALLONGO Mercoledi e giovedi\u00a0 dalle 8 alle 17 verr\u00e0 sospesa l\u2019erogazione dell\u2019acqua a nelle localit\u00e0 Lasta, Federa, Corte e Sief<\/p>\n<blockquote>\n<h2><strong>Sospensione dell&#8217;acqua a Chies<\/strong><\/h2>\n<\/blockquote>\n<p><strong>ALPAGO<\/strong> Marted\u00ec, dalle 8 alle 17, Chies sar\u00e0 senza acqua per lavori di manutenzione. Le localit\u00e0 interessate sono Alpaos e Lamosano.<\/p>\n<p>&nbsp;<\/p>\n<hr \/>\n<p>&nbsp;<\/p>\n<blockquote>\n<h2>Belluno, ritrovato senza vita l\u2019escursionista tedesco scomparso a Cortina<\/h2>\n<\/blockquote>\n<div style=\"width: 1200px;\" class=\"wp-video\"><video class=\"wp-video-shortcode\" id=\"video-397956-1\" width=\"1200\" height=\"675\" preload=\"metadata\" controls=\"controls\"><source type=\"video\/mp4\" src=\"https:\/\/www.radiopiu.net\/wordpress\/wp-content\/uploads\/2024\/07\/WhatsApp-Video-2024-07-05-at-14.07.14.mp4?_=1\" \/><a href=\"https:\/\/www.radiopiu.net\/wordpress\/wp-content\/uploads\/2024\/07\/WhatsApp-Video-2024-07-05-at-14.07.14.mp4\">https:\/\/www.radiopiu.net\/wordpress\/wp-content\/uploads\/2024\/07\/WhatsApp-Video-2024-07-05-at-14.07.14.mp4<\/a><\/video><\/div>\n<p><strong>\u00a0<\/strong><\/p>\n<p><strong>CORTINA<\/strong> \u00c8 stato purtroppo ritrovato privo di vita il 76enne tedesco, la cui prolungata assenza nel B&amp;B di Follina dove era in villeggiatura, aveva fatto partire nei giorni scorsi le ricerche, concentrate nella zona di Cortina d&#8217;Ampezzo, dove la tracciatura del cellulare ne indicava la presenza. Un escursionista in passeggiata assieme al figlio ha segnalato di aver visto delle scarpe in un canale tra il Rifugio Duca d&#8217;Aosta e il sentiero dei camosci. Sul posto si sono portate a piedi le prime squadre e si \u00e8 diretto l&#8217;elicottero della Guardia di finanza che stava perlustrando la zona con l&#8217;Imsi Catcher. \u00c8 quindi presto arrivata la conferma che si trattava dell&#8217;uomo disperso. Il recupero della salma, che si trovava una ventina di metri sopra il sentiero, \u00e8 stato effettuato dall&#8217;elicottero del Suem di Pieve di Cadore. Probabilmente l&#8217;escursionista ha cercato riparo dal maltempo sotto una roccia. Non si sa se a causarne la morte sia stato un malore o il freddo. Anche questa mattina in molti avevano preso parte ai sopralluoghi: Soccorso alpino, Guardia di Finanza, Vigili del fuoco, Carabinieri, con unit\u00e0 cinofile e droni.<\/p>\n<p>&nbsp;<\/p>\n\n\t\t\t<style type='text\/css'>\n\t\t\t\t#gallery-1 {\n\t\t\t\t\tmargin: auto;\n\t\t\t\t}\n\t\t\t\t#gallery-1 .gallery-item {\n\t\t\t\t\tfloat: left;\n\t\t\t\t\tmargin-top: 10px;\n\t\t\t\t\ttext-align: center;\n\t\t\t\t\twidth: 25%;\n\t\t\t\t}\n\t\t\t\t#gallery-1 img {\n\t\t\t\t\tborder: 2px solid #cfcfcf;\n\t\t\t\t}\n\t\t\t\t#gallery-1 .gallery-caption {\n\t\t\t\t\tmargin-left: 0;\n\t\t\t\t}\n\t\t\t\t\/* see gallery_shortcode() in wp-includes\/media.php *\/\n\t\t\t<\/style>\n\t\t<div id='gallery-1' class='dt-gallery-container gallery galleryid-397956 gallery-columns-4 gallery-size-thumbnail'><dl class='gallery-item'>\n\t\t\t\t<dt class='gallery-icon landscape'>\n\t\t\t\t\t<a class=\"rollover rollover-zoom dt-pswp-item\" title=\"503cdd8b-05b0-400a-b984-5fb89913d2e3\" data-dt-img-description=\"\" data-large_image_width=\"1179\" data-large_image_height=\"656\"href='https:\/\/www.radiopiu.net\/wordpress\/wp-content\/uploads\/2024\/07\/503cdd8b-05b0-400a-b984-5fb89913d2e3.jpg'><img loading=\"lazy\" decoding=\"async\" width=\"150\" height=\"150\" src=\"https:\/\/www.radiopiu.net\/wordpress\/wp-content\/uploads\/2024\/07\/503cdd8b-05b0-400a-b984-5fb89913d2e3-150x150.jpg\" class=\"attachment-thumbnail size-thumbnail\" alt=\"\" \/><\/a>\n\t\t\t\t<\/dt><\/dl><dl class='gallery-item'>\n\t\t\t\t<dt class='gallery-icon landscape'>\n\t\t\t\t\t<a class=\"rollover rollover-zoom dt-pswp-item\" title=\"66917f57-00aa-4d61-9c55-e04c4b79cd03\" data-dt-img-description=\"\" data-large_image_width=\"1600\" data-large_image_height=\"1204\"href='https:\/\/www.radiopiu.net\/wordpress\/wp-content\/uploads\/2024\/07\/66917f57-00aa-4d61-9c55-e04c4b79cd03.jpg'><img loading=\"lazy\" decoding=\"async\" width=\"150\" height=\"150\" src=\"https:\/\/www.radiopiu.net\/wordpress\/wp-content\/uploads\/2024\/07\/66917f57-00aa-4d61-9c55-e04c4b79cd03-150x150.jpg\" class=\"attachment-thumbnail size-thumbnail\" alt=\"\" \/><\/a>\n\t\t\t\t<\/dt><\/dl><dl class='gallery-item'>\n\t\t\t\t<dt class='gallery-icon portrait'>\n\t\t\t\t\t<a class=\"rollover rollover-zoom dt-pswp-item\" title=\"83dae886-70bc-4017-a3e5-8d82805aeb67\" data-dt-img-description=\"\" data-large_image_width=\"1536\" data-large_image_height=\"2048\"href='https:\/\/www.radiopiu.net\/wordpress\/wp-content\/uploads\/2024\/07\/83dae886-70bc-4017-a3e5-8d82805aeb67.jpg'><img loading=\"lazy\" decoding=\"async\" width=\"150\" height=\"150\" src=\"https:\/\/www.radiopiu.net\/wordpress\/wp-content\/uploads\/2024\/07\/83dae886-70bc-4017-a3e5-8d82805aeb67-150x150.jpg\" class=\"attachment-thumbnail size-thumbnail\" alt=\"\" \/><\/a>\n\t\t\t\t<\/dt><\/dl><dl class='gallery-item'>\n\t\t\t\t<dt class='gallery-icon portrait'>\n\t\t\t\t\t<a class=\"rollover rollover-zoom dt-pswp-item\" title=\"059835ad-d37f-4a5a-8248-dd4ee45a7320\" data-dt-img-description=\"\" data-large_image_width=\"1536\" data-large_image_height=\"2048\"href='https:\/\/www.radiopiu.net\/wordpress\/wp-content\/uploads\/2024\/07\/059835ad-d37f-4a5a-8248-dd4ee45a7320.jpg'><img loading=\"lazy\" decoding=\"async\" width=\"150\" height=\"150\" src=\"https:\/\/www.radiopiu.net\/wordpress\/wp-content\/uploads\/2024\/07\/059835ad-d37f-4a5a-8248-dd4ee45a7320-150x150.jpg\" class=\"attachment-thumbnail size-thumbnail\" alt=\"\" \/><\/a>\n\t\t\t\t<\/dt><\/dl><br style=\"clear: both\" \/>\n\t\t\t<\/div>\n\n<p>&nbsp;<\/p>\n<p>&nbsp;<\/p>\n<p>&nbsp;<\/p>\n<p>&nbsp;<\/p>\n<hr \/>\n<p>&nbsp;<\/p>\n<blockquote>\n<h3>E&#8217; MORTO BORTOLO CALLIGARO, FONDATORE DI FIAB BELLUNO<\/h3>\n<\/blockquote>\n<p><strong><a class=\"dt-pswp-item\" href=\"https:\/\/www.radiopiu.net\/wordpress\/wp-content\/uploads\/2024\/07\/img_041.jpg\" data-dt-img-description=\"\" data-large_image_width=\"432\" data-large_image_height=\"576\"><img loading=\"lazy\" decoding=\"async\" class=\" wp-image-398009 alignleft\" src=\"https:\/\/www.radiopiu.net\/wordpress\/wp-content\/uploads\/2024\/07\/img_041-225x300.jpg\" alt=\"\" width=\"95\" height=\"127\" srcset=\"https:\/\/www.radiopiu.net\/wordpress\/wp-content\/uploads\/2024\/07\/img_041-225x300.jpg 225w, https:\/\/www.radiopiu.net\/wordpress\/wp-content\/uploads\/2024\/07\/img_041.jpg 432w\" sizes=\"auto, (max-width: 95px) 100vw, 95px\" \/><\/a>BELLUNO <\/strong>FIAB Belluno ricorda con affetto e gratitudine Bortolo Calligaro, fondatore e storico Presidente dell&#8217;associazione, deceduto il 4 luglio 2024 a Borgo Pra, Belluno. Calligaro fond\u00f2 FIAB Belluno, inizialmente chiamata Amici della Bicicletta, il 14 febbraio 1999 e ne fu Presidente per molti anni. Fu determinante nella realizzazione della ciclabile da Cima Banche a Calalzo, ora parte della &#8220;Lunga via delle Dolomiti&#8221; e della ciclovia internazionale Monaco Venezia. Propose anche il collegamento ciclabile Belluno-Feltre, realizzato recentemente come &#8220;Anello della Val Belluna&#8221; e riconosciuto dalla Regione Veneto. Promosse la ciclabilit\u00e0 urbana e la mobilit\u00e0 sostenibile, diventando una figura di riferimento per l&#8217;ambientalismo locale.<\/p>\n<p><em><span class=\"gmail-s2\">\u00abAppassionato, deciso e determinato al punto da essere diventato negli anni pungolo e contemporaneamente punto di riferimento per gli amministratori bellunesi sui temi della ciclabilit\u00e0 &#8211; dice il presidente della Provincia di Belluno Roberto Padrin &#8211;\u00a0 <\/span><span class=\"gmail-s2\">ci ha stimolato a prenderci cura di quella che oggi con un termine asettico ma tanto in voga si chiama mobilit\u00e0 dolce e sostenibile. Lui stesso era esempio di sostenibilit\u00e0, e ha sempre messo a disposizione dei Comuni le sue competenze e la sua passione&#8221;.<\/span><\/em><\/p>\n<p>&nbsp;<\/p>\n<hr \/>\n<p><strong>\u00a0<\/strong><\/p>\n<blockquote><p><strong>Vespa contro auto: un ferito lieve, traffico rallentato<\/strong><\/p><\/blockquote>\n<p><strong>FELTRE<\/strong> Ieri pomeriggio, al Casonetto, una Fiat Bravo e una Vespa si sono scontrate. Il 66enne alla guida della Vespa \u00e8 stato trasferito all&#8217;ospedale Santa Maria del Prato con traumi di media gravit\u00e0. L&#8217;incidente ha causato rallentamenti del traffico. Le cause sono in corso di accertamento.<\/p>\n<p>&nbsp;<\/p>\n<hr \/>\n<p>&nbsp;<\/p>\n<blockquote>\n<h2>FRANA DEL DURAN, ECCEZIONALE DOCUMENTO DI ERIK LENA<\/h2>\n<\/blockquote>\n<p><strong><a href=\"https:\/\/www.radiopiu.net\/wordpress\/wp-content\/uploads\/2024\/07\/DJI_0485_JPG.webp\"><img loading=\"lazy\" decoding=\"async\" class=\" wp-image-398111 alignleft\" src=\"https:\/\/www.radiopiu.net\/wordpress\/wp-content\/uploads\/2024\/07\/DJI_0485_JPG-300x172.webp\" alt=\"\" width=\"242\" height=\"139\" srcset=\"https:\/\/www.radiopiu.net\/wordpress\/wp-content\/uploads\/2024\/07\/DJI_0485_JPG-300x172.webp 300w, https:\/\/www.radiopiu.net\/wordpress\/wp-content\/uploads\/2024\/07\/DJI_0485_JPG.webp 459w\" sizes=\"auto, (max-width: 242px) 100vw, 242px\" \/><\/a>REDAZIONE<\/strong> Erik Lena \u00e8 &#8220;volato&#8221; lungo il percorso della frana del Duran che da una settimana ha bloccato la strada provinciale del Passo Duran (solo lato Val di Zoldo, il Passo \u00e8 infatti raggiungibile normalmente da\u00a0 Agordo via La Valle Agordino). Un video eccezionale realizzato con il drone.\u00a0 Il collegamento Val di Zoldo-Agordino potrebbe riaprire lunedi anche se a una sola corsia. Lo ha comunicato il sindaco di Val di Zoldo, Camillo De Pellegrin. Il personale Veneto Strade sta lavorando senza sosta spostando tonnellate di roccia.<\/p>\n<blockquote><p><em>LenaErikIncorporation, Creativit\u00e0 senza confini: esplora le nostre soluzioni personalizzate per la tua immagine aziendale STAMPA FOTOGRAFICA SERVIZI FOTOGRAFICI Innovazione, qualit\u00e0, personalizzazione: i pilastri del nostro servizio di stampa su misura <span style=\"color: #0000ff;\"><strong><a style=\"color: #0000ff;\" href=\"https:\/\/www.lenaerik.com\/\">SITO CLICCA QUI<\/a><\/strong><\/span><\/em><\/p><\/blockquote>\n<p>&nbsp;<\/p>\n<p><iframe loading=\"lazy\" title=\"Ho volato sopra la frana | P.Duran | FPV Long Range\" width=\"1200\" height=\"675\" src=\"https:\/\/www.youtube.com\/embed\/vEYxG_fiTsM?feature=oembed\" frameborder=\"0\" allow=\"accelerometer; autoplay; clipboard-write; encrypted-media; gyroscope; picture-in-picture; web-share\" referrerpolicy=\"strict-origin-when-cross-origin\" allowfullscreen><\/iframe><\/p>\n<p>&nbsp;<\/p>\n\n\t\t\t<style type='text\/css'>\n\t\t\t\t#gallery-2 {\n\t\t\t\t\tmargin: auto;\n\t\t\t\t}\n\t\t\t\t#gallery-2 .gallery-item {\n\t\t\t\t\tfloat: left;\n\t\t\t\t\tmargin-top: 10px;\n\t\t\t\t\ttext-align: center;\n\t\t\t\t\twidth: 50%;\n\t\t\t\t}\n\t\t\t\t#gallery-2 img {\n\t\t\t\t\tborder: 2px solid #cfcfcf;\n\t\t\t\t}\n\t\t\t\t#gallery-2 .gallery-caption {\n\t\t\t\t\tmargin-left: 0;\n\t\t\t\t}\n\t\t\t\t\/* see gallery_shortcode() in wp-includes\/media.php *\/\n\t\t\t<\/style>\n\t\t<div id='gallery-2' class='dt-gallery-container gallery galleryid-397956 gallery-columns-2 gallery-size-large'><dl class='gallery-item'>\n\t\t\t\t<dt class='gallery-icon landscape'>\n\t\t\t\t\t<a class=\"rollover rollover-zoom dt-pswp-item\" title=\"DJI_0485_JPG\" data-dt-img-description=\"\" data-large_image_width=\"459\" data-large_image_height=\"263\"href='https:\/\/www.radiopiu.net\/wordpress\/wp-content\/uploads\/2024\/07\/DJI_0485_JPG.webp'><img loading=\"lazy\" decoding=\"async\" width=\"459\" height=\"263\" src=\"https:\/\/www.radiopiu.net\/wordpress\/wp-content\/uploads\/2024\/07\/DJI_0485_JPG.webp\" class=\"attachment-large size-large\" alt=\"\" srcset=\"https:\/\/www.radiopiu.net\/wordpress\/wp-content\/uploads\/2024\/07\/DJI_0485_JPG.webp 459w, https:\/\/www.radiopiu.net\/wordpress\/wp-content\/uploads\/2024\/07\/DJI_0485_JPG-300x172.webp 300w\" sizes=\"auto, (max-width: 459px) 100vw, 459px\" \/><\/a>\n\t\t\t\t<\/dt><\/dl><dl class='gallery-item'>\n\t\t\t\t<dt class='gallery-icon landscape'>\n\t\t\t\t\t<a class=\"rollover rollover-zoom dt-pswp-item\" title=\"DJI_0483_JPG\" data-dt-img-description=\"\" data-large_image_width=\"459\" data-large_image_height=\"263\"href='https:\/\/www.radiopiu.net\/wordpress\/wp-content\/uploads\/2024\/07\/DJI_0483_JPG.webp'><img loading=\"lazy\" decoding=\"async\" width=\"459\" height=\"263\" src=\"https:\/\/www.radiopiu.net\/wordpress\/wp-content\/uploads\/2024\/07\/DJI_0483_JPG.webp\" class=\"attachment-large size-large\" alt=\"\" srcset=\"https:\/\/www.radiopiu.net\/wordpress\/wp-content\/uploads\/2024\/07\/DJI_0483_JPG.webp 459w, https:\/\/www.radiopiu.net\/wordpress\/wp-content\/uploads\/2024\/07\/DJI_0483_JPG-300x172.webp 300w\" sizes=\"auto, (max-width: 459px) 100vw, 459px\" \/><\/a>\n\t\t\t\t<\/dt><\/dl><br style=\"clear: both\" \/>\n\t\t\t<\/div>\n\n<p>&nbsp;<\/p>\n<p>&nbsp;<\/p>\n<p>&nbsp;<\/p>\n<p>&nbsp;<\/p>\n<hr \/>\n<p>&nbsp;<\/p>\n<blockquote>\n<h3>AUTOVELOX DI VIA MARISIGA, ACCOLTO IL RICORSO DEL COMUNE<\/h3>\n<\/blockquote>\n<p><strong><a class=\"dt-pswp-item\" href=\"https:\/\/www.radiopiu.net\/wordpress\/wp-content\/uploads\/2022\/12\/autovelox-1.jpg\" data-dt-img-description=\"\" data-large_image_width=\"1217\" data-large_image_height=\"694\"><img loading=\"lazy\" decoding=\"async\" class=\" wp-image-309364 alignleft\" src=\"https:\/\/www.radiopiu.net\/wordpress\/wp-content\/uploads\/2022\/12\/autovelox-1-300x171.jpg\" alt=\"\" width=\"188\" height=\"107\" srcset=\"https:\/\/www.radiopiu.net\/wordpress\/wp-content\/uploads\/2022\/12\/autovelox-1-300x171.jpg 300w, https:\/\/www.radiopiu.net\/wordpress\/wp-content\/uploads\/2022\/12\/autovelox-1-1024x584.jpg 1024w, https:\/\/www.radiopiu.net\/wordpress\/wp-content\/uploads\/2022\/12\/autovelox-1-768x438.jpg 768w, https:\/\/www.radiopiu.net\/wordpress\/wp-content\/uploads\/2022\/12\/autovelox-1.jpg 1217w\" sizes=\"auto, (max-width: 188px) 100vw, 188px\" \/><\/a>BELLUNO <\/strong>Il Tribunale di Belluno ha confermato la legittimit\u00e0 dell&#8217;installazione di un autovelox fisso in via Marisiga, classificata come strada extraurbana secondaria, accogliendo il ricorso del Comune di Belluno contro una precedente sentenza del Giudice di Pace. La decisione si basa sul precedente della Corte di Cassazione n. 5988\/2020 e sulla corretta istruttoria tecnico-amministrativa del Prefetto. Il Tribunale ha sottolineato la pericolosit\u00e0 della strada, giustificata dal numero di incidenti, anche mortali, avvenuti. La difesa comunale ha ribadito l&#8217;importanza della prevenzione, con il Sindaco De Pellegrin esprimendo soddisfazione per la decisione, ritenendola un passo avanti per la sicurezza stradale.<\/p>\n<p>&nbsp;<\/p>\n<p>&nbsp;<\/p>\n<hr \/>\n<p>&nbsp;<\/p>\n<blockquote>\n<h3>GDF BELLUNO: SEQUESTRATI 12 MILA PRODOTTI NON SICURI E SCOPERTI DUE LAVORATORI IRREGOLARI<\/h3>\n<\/blockquote>\n<p><strong><a class=\"dt-pswp-item\" href=\"https:\/\/www.radiopiu.net\/wordpress\/wp-content\/uploads\/2020\/06\/IMG_0211-scaled.jpg\" data-dt-img-description=\"\" data-large_image_width=\"2560\" data-large_image_height=\"1707\"><img loading=\"lazy\" decoding=\"async\" class=\" wp-image-145985 alignleft\" src=\"https:\/\/www.radiopiu.net\/wordpress\/wp-content\/uploads\/2020\/06\/IMG_0211-300x200.jpg\" alt=\"\" width=\"158\" height=\"105\" srcset=\"https:\/\/www.radiopiu.net\/wordpress\/wp-content\/uploads\/2020\/06\/IMG_0211-300x200.jpg 300w, https:\/\/www.radiopiu.net\/wordpress\/wp-content\/uploads\/2020\/06\/IMG_0211-1024x683.jpg 1024w, https:\/\/www.radiopiu.net\/wordpress\/wp-content\/uploads\/2020\/06\/IMG_0211-768x512.jpg 768w, https:\/\/www.radiopiu.net\/wordpress\/wp-content\/uploads\/2020\/06\/IMG_0211-1536x1024.jpg 1536w, https:\/\/www.radiopiu.net\/wordpress\/wp-content\/uploads\/2020\/06\/IMG_0211-2048x1365.jpg 2048w\" sizes=\"auto, (max-width: 158px) 100vw, 158px\" \/><\/a>BELLUNO <\/strong>Il Comando Provinciale della Guardia di Finanza di Belluno continua l\u2019azione di controllo economico del territorio per contrastare fenomeni illeciti, con un focus sulla sicurezza dei prodotti e il lavoro irregolare. I finanzieri del Gruppo di Belluno hanno individuato un negozio che vendeva accessori e gadget estivi non conformi agli standard di sicurezza, sequestrando 12 mila prodotti, di cui oltre 1.500 nel settore moda e abbigliamento. Un cittadino cinese \u00e8 stato segnalato alla Camera di Commercio e rischia una sanzione fino a 25.833 euro. Inoltre, sono stati scoperti due lavoratori irregolari, con conseguente proposta di sospensione dell\u2019attivit\u00e0 e sanzioni per i datori di lavoro fino a 70.200 euro. La Guardia di Finanza tutela il mercato e i consumatori, assicurando condizioni di concorrenza leale e protezione efficace.<\/p>\n<p>&nbsp;<\/p>\n<p>&nbsp;<\/p>\n<hr \/>\n<p>&nbsp;<\/p>\n<blockquote>\n<h3>UN FULMINE COLPISCE UN ALBERO, INTERVENTO DEI CARABINIERI FORESTALI<\/h3>\n<\/blockquote>\n<p><strong>BELLUNO<\/strong> Nei giorni scorsi, una pattuglia del Nucleo Carabinieri Forestale di Pieve di Cadore ha avvistato un incendio in localit\u00e0 Viza Vecia durante un servizio di pattugliamento. L&#8217;origine dell&#8217;incendio, che coinvolgeva un larice, era probabilmente un fulmine caduto durante il temporale della notte precedente. La pattuglia ha allertato il Servizio Anti-Incendi Boschivi della Regione Veneto e, nel frattempo, ha prelevato estintori dal Rifugio Venezia per contenere le fiamme. Il comandante della pattuglia ha coordinato le operazioni con il Funzionario Regionale, richiedendo l&#8217;intervento di un elicottero che ha prelevato acqua dal lago idroelettrico di Vodo. Successivamente, una squadra AIB Regionale ha terminato le operazioni di spegnimento e bonifica. L&#8217;incendio \u00e8 stato dichiarato spento poche ore dopo.<\/p>\n\n\t\t\t<style type='text\/css'>\n\t\t\t\t#gallery-3 {\n\t\t\t\t\tmargin: auto;\n\t\t\t\t}\n\t\t\t\t#gallery-3 .gallery-item {\n\t\t\t\t\tfloat: left;\n\t\t\t\t\tmargin-top: 10px;\n\t\t\t\t\ttext-align: center;\n\t\t\t\t\twidth: 25%;\n\t\t\t\t}\n\t\t\t\t#gallery-3 img {\n\t\t\t\t\tborder: 2px solid #cfcfcf;\n\t\t\t\t}\n\t\t\t\t#gallery-3 .gallery-caption {\n\t\t\t\t\tmargin-left: 0;\n\t\t\t\t}\n\t\t\t\t\/* see gallery_shortcode() in wp-includes\/media.php *\/\n\t\t\t<\/style>\n\t\t<div id='gallery-3' class='dt-gallery-container gallery galleryid-397956 gallery-columns-4 gallery-size-thumbnail'><dl class='gallery-item'>\n\t\t\t\t<dt class='gallery-icon portrait'>\n\t\t\t\t\t<a class=\"rollover rollover-zoom dt-pswp-item\" title=\"05c045ca-c0a9-47dc-a8bb-ed17139b05f7\" data-dt-img-description=\"\" data-large_image_width=\"911\" data-large_image_height=\"1600\"href='https:\/\/www.radiopiu.net\/wordpress\/wp-content\/uploads\/2024\/07\/05c045ca-c0a9-47dc-a8bb-ed17139b05f7.jpg'><img loading=\"lazy\" decoding=\"async\" width=\"150\" height=\"150\" src=\"https:\/\/www.radiopiu.net\/wordpress\/wp-content\/uploads\/2024\/07\/05c045ca-c0a9-47dc-a8bb-ed17139b05f7-150x150.jpg\" class=\"attachment-thumbnail size-thumbnail\" alt=\"\" \/><\/a>\n\t\t\t\t<\/dt><\/dl><dl class='gallery-item'>\n\t\t\t\t<dt class='gallery-icon portrait'>\n\t\t\t\t\t<a class=\"rollover rollover-zoom dt-pswp-item\" title=\"0244d9f1-4466-43b4-bbc7-2777cdfa5abd\" data-dt-img-description=\"\" data-large_image_width=\"900\" data-large_image_height=\"1600\"href='https:\/\/www.radiopiu.net\/wordpress\/wp-content\/uploads\/2024\/07\/0244d9f1-4466-43b4-bbc7-2777cdfa5abd.jpg'><img loading=\"lazy\" decoding=\"async\" width=\"150\" height=\"150\" src=\"https:\/\/www.radiopiu.net\/wordpress\/wp-content\/uploads\/2024\/07\/0244d9f1-4466-43b4-bbc7-2777cdfa5abd-150x150.jpg\" class=\"attachment-thumbnail size-thumbnail\" alt=\"\" \/><\/a>\n\t\t\t\t<\/dt><\/dl><dl class='gallery-item'>\n\t\t\t\t<dt class='gallery-icon portrait'>\n\t\t\t\t\t<a class=\"rollover rollover-zoom dt-pswp-item\" title=\"1fadf605-9509-49e7-945e-bfeeeca36c06\" data-dt-img-description=\"\" data-large_image_width=\"1200\" data-large_image_height=\"1600\"href='https:\/\/www.radiopiu.net\/wordpress\/wp-content\/uploads\/2024\/07\/1fadf605-9509-49e7-945e-bfeeeca36c06.jpg'><img loading=\"lazy\" decoding=\"async\" width=\"150\" height=\"150\" src=\"https:\/\/www.radiopiu.net\/wordpress\/wp-content\/uploads\/2024\/07\/1fadf605-9509-49e7-945e-bfeeeca36c06-150x150.jpg\" class=\"attachment-thumbnail size-thumbnail\" alt=\"\" \/><\/a>\n\t\t\t\t<\/dt><\/dl><dl class='gallery-item'>\n\t\t\t\t<dt class='gallery-icon portrait'>\n\t\t\t\t\t<a class=\"rollover rollover-zoom dt-pswp-item\" title=\"aff9e355-c027-407a-a1bf-968808d377b7\" data-dt-img-description=\"\" data-large_image_width=\"901\" data-large_image_height=\"1600\"href='https:\/\/www.radiopiu.net\/wordpress\/wp-content\/uploads\/2024\/07\/aff9e355-c027-407a-a1bf-968808d377b7.jpg'><img loading=\"lazy\" decoding=\"async\" width=\"150\" height=\"150\" src=\"https:\/\/www.radiopiu.net\/wordpress\/wp-content\/uploads\/2024\/07\/aff9e355-c027-407a-a1bf-968808d377b7-150x150.jpg\" class=\"attachment-thumbnail size-thumbnail\" alt=\"\" \/><\/a>\n\t\t\t\t<\/dt><\/dl><br style=\"clear: both\" \/>\n\t\t\t<\/div>\n\n<p>&nbsp;<\/p>\n<hr \/>\n<p>&nbsp;<\/p>\n<blockquote>\n<h2>Potenziamento del soccorso in montagna<\/h2>\n<\/blockquote>\n<p><strong>BELLUNO<\/strong> Falco 2 diventa stabile nei periodi turistici, rafforzando la rete di soccorso in provincia di Belluno. Con 376 missioni nel 2023, l&#8217;elisoccorso sar\u00e0 operativo dalle 6 alle 21. Cinque nuove ambulanze e punti di assistenza sanitaria turistica completano il piano dell&#8217;Ulss 1 Dolomiti.<\/p>\n<p><strong>DI DANIELE DALVIT<\/strong><\/p>\n<audio class=\"wp-audio-shortcode\" id=\"audio-397956-7\" preload=\"none\" style=\"width: 100%;\" controls=\"controls\"><source type=\"audio\/mpeg\" src=\"https:\/\/www.radiopiu.net\/wordpress\/wp-content\/uploads\/2024\/07\/Servizio-Potenziamento-sanita-Ulss-estate-2024.mp3?_=7\" \/><a href=\"https:\/\/www.radiopiu.net\/wordpress\/wp-content\/uploads\/2024\/07\/Servizio-Potenziamento-sanita-Ulss-estate-2024.mp3\">https:\/\/www.radiopiu.net\/wordpress\/wp-content\/uploads\/2024\/07\/Servizio-Potenziamento-sanita-Ulss-estate-2024.mp3<\/a><\/audio>\n<p>&nbsp;<\/p>\n\n\t\t\t<style type='text\/css'>\n\t\t\t\t#gallery-4 {\n\t\t\t\t\tmargin: auto;\n\t\t\t\t}\n\t\t\t\t#gallery-4 .gallery-item {\n\t\t\t\t\tfloat: left;\n\t\t\t\t\tmargin-top: 10px;\n\t\t\t\t\ttext-align: center;\n\t\t\t\t\twidth: 33%;\n\t\t\t\t}\n\t\t\t\t#gallery-4 img {\n\t\t\t\t\tborder: 2px solid #cfcfcf;\n\t\t\t\t}\n\t\t\t\t#gallery-4 .gallery-caption {\n\t\t\t\t\tmargin-left: 0;\n\t\t\t\t}\n\t\t\t\t\/* see gallery_shortcode() in wp-includes\/media.php *\/\n\t\t\t<\/style>\n\t\t<div id='gallery-4' class='dt-gallery-container gallery galleryid-397956 gallery-columns-3 gallery-size-thumbnail'><dl class='gallery-item'>\n\t\t\t\t<dt class='gallery-icon landscape'>\n\t\t\t\t\t<a class=\"rollover rollover-zoom dt-pswp-item\" title=\"23d4346f-d0ad-459b-a79f-243ae228c0a8\" data-dt-img-description=\"\" data-large_image_width=\"2048\" data-large_image_height=\"1536\"href='https:\/\/www.radiopiu.net\/wordpress\/wp-content\/uploads\/2024\/07\/23d4346f-d0ad-459b-a79f-243ae228c0a8.jpg'><img loading=\"lazy\" decoding=\"async\" width=\"150\" height=\"150\" src=\"https:\/\/www.radiopiu.net\/wordpress\/wp-content\/uploads\/2024\/07\/23d4346f-d0ad-459b-a79f-243ae228c0a8-150x150.jpg\" class=\"attachment-thumbnail size-thumbnail\" alt=\"\" \/><\/a>\n\t\t\t\t<\/dt><\/dl><dl class='gallery-item'>\n\t\t\t\t<dt class='gallery-icon landscape'>\n\t\t\t\t\t<a class=\"rollover rollover-zoom dt-pswp-item\" title=\"4a6e7ac2-bed4-4036-a282-9bc4e5a9a8dd\" data-dt-img-description=\"\" data-large_image_width=\"2048\" data-large_image_height=\"1536\"href='https:\/\/www.radiopiu.net\/wordpress\/wp-content\/uploads\/2024\/07\/4a6e7ac2-bed4-4036-a282-9bc4e5a9a8dd.jpg'><img loading=\"lazy\" decoding=\"async\" width=\"150\" height=\"150\" src=\"https:\/\/www.radiopiu.net\/wordpress\/wp-content\/uploads\/2024\/07\/4a6e7ac2-bed4-4036-a282-9bc4e5a9a8dd-150x150.jpg\" class=\"attachment-thumbnail size-thumbnail\" alt=\"\" \/><\/a>\n\t\t\t\t<\/dt><\/dl><dl class='gallery-item'>\n\t\t\t\t<dt class='gallery-icon landscape'>\n\t\t\t\t\t<a class=\"rollover rollover-zoom dt-pswp-item\" title=\"7d7b74ab-e078-46c2-b684-385dfb1213a3\" data-dt-img-description=\"\" data-large_image_width=\"2048\" data-large_image_height=\"1536\"href='https:\/\/www.radiopiu.net\/wordpress\/wp-content\/uploads\/2024\/07\/7d7b74ab-e078-46c2-b684-385dfb1213a3.jpg'><img loading=\"lazy\" decoding=\"async\" width=\"150\" height=\"150\" src=\"https:\/\/www.radiopiu.net\/wordpress\/wp-content\/uploads\/2024\/07\/7d7b74ab-e078-46c2-b684-385dfb1213a3-150x150.jpg\" class=\"attachment-thumbnail size-thumbnail\" alt=\"\" \/><\/a>\n\t\t\t\t<\/dt><\/dl><br style=\"clear: both\" \/>\n\t\t\t<\/div>\n\n<p>&nbsp;<\/p>\n<p>&nbsp;<\/p>\n<hr \/>\n<p>&nbsp;<\/p>\n<blockquote>\n<h3>IMPORTANTE PROGRAMMA DI INTERVENTI SULLA VIABILIT\u00c0 E I SERVIZI IN VAL COMELICO<\/h3>\n<\/blockquote>\n<p><strong><a class=\"dt-pswp-item\" href=\"https:\/\/www.radiopiu.net\/wordpress\/wp-content\/uploads\/2020\/05\/Dario-Bond.jpg\" data-dt-img-description=\"\" data-large_image_width=\"165\" data-large_image_height=\"228\"><img loading=\"lazy\" decoding=\"async\" class=\" wp-image-138833 alignleft\" src=\"https:\/\/www.radiopiu.net\/wordpress\/wp-content\/uploads\/2020\/05\/Dario-Bond.jpg\" alt=\"\" width=\"67\" height=\"93\" \/><\/a>BELLUNO <\/strong>Ammonta a 3.183.000 euro la spesa complessiva per il progetto di \u201cAmmodernamento della viabilit\u00e0 esistente e servizi correlati nei Comuni della Val Comelico\u201d, approvato dal Fondo Comuni Confinanti e la cui convenzione \u00e8 stata firmata dal presidente Dario Bond proprio in questi giorni. Circa met\u00e0 delle risorse necessarie (per la precisione 1.646.000 euro) derivano proprio dal FCC.<\/p>\n<p><strong>DARIO BOND<\/strong><\/p>\n<audio class=\"wp-audio-shortcode\" id=\"audio-397956-8\" preload=\"none\" style=\"width: 100%;\" controls=\"controls\"><source type=\"audio\/mpeg\" src=\"https:\/\/www.radiopiu.net\/wordpress\/wp-content\/uploads\/2024\/07\/Audio-Bond-su-progetto-Val-Comelico.mp3?_=8\" \/><a href=\"https:\/\/www.radiopiu.net\/wordpress\/wp-content\/uploads\/2024\/07\/Audio-Bond-su-progetto-Val-Comelico.mp3\">https:\/\/www.radiopiu.net\/wordpress\/wp-content\/uploads\/2024\/07\/Audio-Bond-su-progetto-Val-Comelico.mp3<\/a><\/audio>\n<p>&nbsp;<\/p>\n<p>&nbsp;<\/p>\n<hr \/>\n<p>&nbsp;<\/p>\n<blockquote>\n<h2>AL VIA I LAVORI PER IL SINTETICO DI LENTIAI DA 800 MILA EURO<\/h2>\n<\/blockquote>\n<p>&nbsp;<\/p>\n<p><strong><img loading=\"lazy\" decoding=\"async\" class=\"alignleft\" src=\"https:\/\/www.radiopiu.net\/wordpress\/wp-content\/uploads\/2024\/07\/LENTIAI-si-fara-campo-sportivo-sintetico_articleimage-1.jpg\" width=\"230\" height=\"102\" \/>BORGO VALBELLUNA<\/strong><\/p>\n<p><strong>DI ROBERTO BONA<\/strong><\/p>\n<audio class=\"wp-audio-shortcode\" id=\"audio-397956-9\" preload=\"none\" style=\"width: 100%;\" controls=\"controls\"><source type=\"audio\/wav\" src=\"https:\/\/www.radiopiu.net\/wordpress\/wp-content\/uploads\/2024\/07\/SinteticoLentiai.wav?_=9\" \/><a href=\"https:\/\/www.radiopiu.net\/wordpress\/wp-content\/uploads\/2024\/07\/SinteticoLentiai.wav\">https:\/\/www.radiopiu.net\/wordpress\/wp-content\/uploads\/2024\/07\/SinteticoLentiai.wav<\/a><\/audio>\n<p>&nbsp;<\/p>\n<hr \/>\n<p>&nbsp;<\/p>\n<blockquote>\n<h1>LE DIRETTE DI RADIOPIU, IERI SERA CONSIGLIO COMUNALE<\/h1>\n<\/blockquote>\n<p><strong>FALCADE<\/strong>, in discussione anche le nuove idee di collegamento sciistico a Passo San Pellegrino (alle9 su RADIOPIU tutti i particolari con Mirco Tancon, ski area San Pellegrino_Falcade)<\/p>\n<p><iframe loading=\"lazy\" title=\"Diretta Esterna Radio Pi\u00f9\" width=\"1200\" height=\"900\" src=\"https:\/\/www.youtube.com\/embed\/oF0qBEIf-SI?feature=oembed\" frameborder=\"0\" allow=\"accelerometer; autoplay; clipboard-write; encrypted-media; gyroscope; picture-in-picture; web-share\" referrerpolicy=\"strict-origin-when-cross-origin\" allowfullscreen><\/iframe><\/p>\n<p>&nbsp;<\/p>\n<hr \/>\n<p>&nbsp;<\/p>\n<blockquote>\n<h1 class=\"_title post-title entry-title\"><a class=\"dt-pswp-item\" href=\"https:\/\/www.radiopiu.net\/wordpress\/wp-content\/uploads\/2023\/12\/ANTENNA.png\" data-dt-img-description=\"\" data-large_image_width=\"300\" data-large_image_height=\"166\"><img loading=\"lazy\" decoding=\"async\" class=\" wp-image-366306 alignleft\" src=\"https:\/\/www.radiopiu.net\/wordpress\/wp-content\/uploads\/2023\/12\/ANTENNA.png\" alt=\"\" width=\"199\" height=\"110\" \/><\/a>GIOVANI IMPRENDITORI: UN PONTE FRA LA FABBRICA DEL PRESENTE E QUELLA DEL FUTURO<\/h1>\n<\/blockquote>\n<p>LUCA ANSELMI (PRESIDENTE GRUPPO GIOVANI IMPRENDITORI CONFINDUSTRIA), FRANCESCO DE POLO (VICE PRESIDENTE GALVALUX) (Servizio di\u00a0<a href=\"https:\/\/antennatre.medianordest.it\/redazione\/Tiziana-Bolognani\/\">Tiziana Bolognani<\/a>)<\/p>\n<p><iframe loading=\"lazy\" title=\"GIOVANI IMPRENDITORI: UN PONTE FRA LA FABBRICA DEL PRESENTE E QUELLA DEL FUTURO | 05\/07\/2024\" width=\"1200\" height=\"675\" src=\"https:\/\/www.youtube.com\/embed\/562hX2Ez0LA?feature=oembed\" frameborder=\"0\" allow=\"accelerometer; autoplay; clipboard-write; encrypted-media; gyroscope; picture-in-picture; web-share\" referrerpolicy=\"strict-origin-when-cross-origin\" allowfullscreen><\/iframe><\/p>\n<p>&nbsp;<\/p>\n<hr \/>\n<p>&nbsp;<\/p>\n<blockquote>\n<h3>Per dare futuro alla montagna, servono risorse e personale per gli enti locali<\/h3>\n<\/blockquote>\n<div>\n<blockquote>\n<p class=\"gmail-p1\"><span class=\"gmail-s1\"><b>Stati generali dei Comuni montani veneti, sul tavolo criticit\u00e0 e proposte<\/b><\/span><\/p>\n<\/blockquote>\n<\/div>\n<p><strong><img loading=\"lazy\" decoding=\"async\" class=\"alignleft\" src=\"https:\/\/www.radiopiu.net\/wordpress\/wp-content\/uploads\/2023\/12\/montagna_LR.jpeg\" width=\"261\" height=\"174\" \/>VICENZA<\/strong> Roberto Padrin, presidente della Provincia di Belluno, ha sottolineato l&#8217;importanza dei servizi e della capacit\u00e0 di erogarli per il futuro delle aree montane. Intervenuto agli Stati generali dei Comuni montani veneti a Tonezza del Cimone, ha evidenziato la necessit\u00e0 di risorse e personale per contrastare lo spopolamento. Dal 2016 al 2023, la Provincia ha destinato 18,6 milioni di euro alle Unioni Montane per interventi sul territorio. Padrin ha anche proposto fusioni tra Unioni Montane per creare enti pi\u00f9 forti e capaci di fornire servizi efficienti.<\/p>\n<p><strong>IL CONSIGLIERE REGIONALE, SILVIA CESTARO<\/strong><\/p>\n<audio class=\"wp-audio-shortcode\" id=\"audio-397956-10\" preload=\"none\" style=\"width: 100%;\" controls=\"controls\"><source type=\"audio\/wav\" src=\"https:\/\/www.radiopiu.net\/wordpress\/wp-content\/uploads\/2024\/07\/CESTARO.wav?_=10\" \/><a href=\"https:\/\/www.radiopiu.net\/wordpress\/wp-content\/uploads\/2024\/07\/CESTARO.wav\">https:\/\/www.radiopiu.net\/wordpress\/wp-content\/uploads\/2024\/07\/CESTARO.wav<\/a><\/audio>\n<p>&nbsp;<\/p>\n<hr \/>\n<p>&nbsp;<\/p>\n<blockquote>\n<h3>ULTIMATI I LAVORI AL DEPURATORE DI PIEVE DI CADORE<\/h3>\n<\/blockquote>\n<p><strong>BELLUNO<\/strong> Si sono conclusi di recente i lavori di manutenzione straordinaria al depuratore di Sottocastello, il principale in Comune di Pieve di Cadore, a servizio di tutto il territorio comunale e con potenzialit\u00e0 di circa 4mila abitanti equivalenti. Bim Gsp, infatti, ha provveduto ad efficientare le opere elettromeccaniche del sedimentatore finale. L\u2019intervento \u00e8 solo il primo stralcio di un\u2019opera pi\u00f9 complessa, programmata nelle prossime annualit\u00e0 e del valore di 1 milione di euro, che porter\u00e0 all\u2019adeguamento e al rinnovamento dell\u2019intero impianto.<\/p>\n\n\t\t\t<style type='text\/css'>\n\t\t\t\t#gallery-5 {\n\t\t\t\t\tmargin: auto;\n\t\t\t\t}\n\t\t\t\t#gallery-5 .gallery-item {\n\t\t\t\t\tfloat: left;\n\t\t\t\t\tmargin-top: 10px;\n\t\t\t\t\ttext-align: center;\n\t\t\t\t\twidth: 25%;\n\t\t\t\t}\n\t\t\t\t#gallery-5 img {\n\t\t\t\t\tborder: 2px solid #cfcfcf;\n\t\t\t\t}\n\t\t\t\t#gallery-5 .gallery-caption {\n\t\t\t\t\tmargin-left: 0;\n\t\t\t\t}\n\t\t\t\t\/* see gallery_shortcode() in wp-includes\/media.php *\/\n\t\t\t<\/style>\n\t\t<div id='gallery-5' class='dt-gallery-container gallery galleryid-397956 gallery-columns-4 gallery-size-thumbnail'><dl class='gallery-item'>\n\t\t\t\t<dt class='gallery-icon landscape'>\n\t\t\t\t\t<a class=\"rollover rollover-zoom dt-pswp-item\" title=\"1_Il depuratore di Sottocastello (esterno)\" data-dt-img-description=\"\" data-large_image_width=\"1512\" data-large_image_height=\"851\"href='https:\/\/www.radiopiu.net\/wordpress\/wp-content\/uploads\/2024\/07\/1_Il-depuratore-di-Sottocastello-esterno.jpg'><img loading=\"lazy\" decoding=\"async\" width=\"150\" height=\"150\" src=\"https:\/\/www.radiopiu.net\/wordpress\/wp-content\/uploads\/2024\/07\/1_Il-depuratore-di-Sottocastello-esterno-150x150.jpg\" class=\"attachment-thumbnail size-thumbnail\" alt=\"\" \/><\/a>\n\t\t\t\t<\/dt><\/dl><dl class='gallery-item'>\n\t\t\t\t<dt class='gallery-icon landscape'>\n\t\t\t\t\t<a class=\"rollover rollover-zoom dt-pswp-item\" title=\"2_il nuovo canale di scarico della vasca di sedimentazione finale\" data-dt-img-description=\"\" data-large_image_width=\"1323\" data-large_image_height=\"745\"href='https:\/\/www.radiopiu.net\/wordpress\/wp-content\/uploads\/2024\/07\/2_il-nuovo-canale-di-scarico-della-vasca-di-sedimentazione-finale.jpg'><img loading=\"lazy\" decoding=\"async\" width=\"150\" height=\"150\" src=\"https:\/\/www.radiopiu.net\/wordpress\/wp-content\/uploads\/2024\/07\/2_il-nuovo-canale-di-scarico-della-vasca-di-sedimentazione-finale-150x150.jpg\" class=\"attachment-thumbnail size-thumbnail\" alt=\"\" \/><\/a>\n\t\t\t\t<\/dt><\/dl><dl class='gallery-item'>\n\t\t\t\t<dt class='gallery-icon landscape'>\n\t\t\t\t\t<a class=\"rollover rollover-zoom dt-pswp-item\" title=\"4_le nuove raschie nella vasca di sedimentazione finale\" data-dt-img-description=\"\" data-large_image_width=\"1323\" data-large_image_height=\"992\"href='https:\/\/www.radiopiu.net\/wordpress\/wp-content\/uploads\/2024\/07\/4_le-nuove-raschie-nella-vasca-di-sedimentazione-finale.jpg'><img loading=\"lazy\" decoding=\"async\" width=\"150\" height=\"150\" src=\"https:\/\/www.radiopiu.net\/wordpress\/wp-content\/uploads\/2024\/07\/4_le-nuove-raschie-nella-vasca-di-sedimentazione-finale-150x150.jpg\" class=\"attachment-thumbnail size-thumbnail\" alt=\"\" \/><\/a>\n\t\t\t\t<\/dt><\/dl><dl class='gallery-item'>\n\t\t\t\t<dt class='gallery-icon landscape'>\n\t\t\t\t\t<a class=\"rollover rollover-zoom dt-pswp-item\" title=\"3_le nuove raschie per la rimozione del fango\" data-dt-img-description=\"\" data-large_image_width=\"1323\" data-large_image_height=\"992\"href='https:\/\/www.radiopiu.net\/wordpress\/wp-content\/uploads\/2024\/07\/3_le-nuove-raschie-per-la-rimozione-del-fango.jpg'><img loading=\"lazy\" decoding=\"async\" width=\"150\" height=\"150\" src=\"https:\/\/www.radiopiu.net\/wordpress\/wp-content\/uploads\/2024\/07\/3_le-nuove-raschie-per-la-rimozione-del-fango-150x150.jpg\" class=\"attachment-thumbnail size-thumbnail\" alt=\"\" \/><\/a>\n\t\t\t\t<\/dt><\/dl><br style=\"clear: both\" \/>\n\t\t\t<\/div>\n\n<p>&nbsp;<\/p>\n<p>&nbsp;<\/p>\n<hr \/>\n<p>&nbsp;<\/p>\n<blockquote>\n<h3>IMBRATTATI ALCUNI GIOCHI DA POCO INSTALLATI NEL PARCO DEL QUARTIERE DI \u201cFARRA 2000\u201d.<\/h3>\n<\/blockquote>\n<p><strong>FELTRE <\/strong>\u00c8 davvero desolante lo spettacolo che alcuni cittadini si sono trovati di fronte al parco giochi di \u201cFarra 2000\u201d, recentemente ristrutturato grazie all\u2019installazione di nuove attrezzature donate dalla ditta Imeco della famiglia Turrin. \u00c8 la stessa famiglia ad aver avvisato l&#8217;Amministrazione comunale di quanto era accaduto. Ignoti, con l&#8217;ausilio di alcune bombolette spray, hanno infatti imbrattato i giochi nuovi di zecca posizionati pochi mesi fa.<\/p>\n\n\t\t\t<style type='text\/css'>\n\t\t\t\t#gallery-6 {\n\t\t\t\t\tmargin: auto;\n\t\t\t\t}\n\t\t\t\t#gallery-6 .gallery-item {\n\t\t\t\t\tfloat: left;\n\t\t\t\t\tmargin-top: 10px;\n\t\t\t\t\ttext-align: center;\n\t\t\t\t\twidth: 33%;\n\t\t\t\t}\n\t\t\t\t#gallery-6 img {\n\t\t\t\t\tborder: 2px solid #cfcfcf;\n\t\t\t\t}\n\t\t\t\t#gallery-6 .gallery-caption {\n\t\t\t\t\tmargin-left: 0;\n\t\t\t\t}\n\t\t\t\t\/* see gallery_shortcode() in wp-includes\/media.php *\/\n\t\t\t<\/style>\n\t\t<div id='gallery-6' class='dt-gallery-container gallery galleryid-397956 gallery-columns-3 gallery-size-thumbnail'><dl class='gallery-item'>\n\t\t\t\t<dt class='gallery-icon landscape'>\n\t\t\t\t\t<a class=\"rollover rollover-zoom dt-pswp-item\" title=\"1720100202523\" data-dt-img-description=\"\" data-large_image_width=\"2048\" data-large_image_height=\"1536\"href='https:\/\/www.radiopiu.net\/wordpress\/wp-content\/uploads\/2024\/07\/1720100202523.jpg'><img loading=\"lazy\" decoding=\"async\" width=\"150\" height=\"150\" src=\"https:\/\/www.radiopiu.net\/wordpress\/wp-content\/uploads\/2024\/07\/1720100202523-150x150.jpg\" class=\"attachment-thumbnail size-thumbnail\" alt=\"\" \/><\/a>\n\t\t\t\t<\/dt><\/dl><dl class='gallery-item'>\n\t\t\t\t<dt class='gallery-icon landscape'>\n\t\t\t\t\t<a class=\"rollover rollover-zoom dt-pswp-item\" title=\"1720100202477\" data-dt-img-description=\"\" data-large_image_width=\"2048\" data-large_image_height=\"1536\"href='https:\/\/www.radiopiu.net\/wordpress\/wp-content\/uploads\/2024\/07\/1720100202477.jpg'><img loading=\"lazy\" decoding=\"async\" width=\"150\" height=\"150\" src=\"https:\/\/www.radiopiu.net\/wordpress\/wp-content\/uploads\/2024\/07\/1720100202477-150x150.jpg\" class=\"attachment-thumbnail size-thumbnail\" alt=\"\" \/><\/a>\n\t\t\t\t<\/dt><\/dl><dl class='gallery-item'>\n\t\t\t\t<dt class='gallery-icon landscape'>\n\t\t\t\t\t<a class=\"rollover rollover-zoom dt-pswp-item\" title=\"1720100202449\" data-dt-img-description=\"\" data-large_image_width=\"2048\" data-large_image_height=\"1536\"href='https:\/\/www.radiopiu.net\/wordpress\/wp-content\/uploads\/2024\/07\/1720100202449.jpg'><img loading=\"lazy\" decoding=\"async\" width=\"150\" height=\"150\" src=\"https:\/\/www.radiopiu.net\/wordpress\/wp-content\/uploads\/2024\/07\/1720100202449-150x150.jpg\" class=\"attachment-thumbnail size-thumbnail\" alt=\"\" \/><\/a>\n\t\t\t\t<\/dt><\/dl><br style=\"clear: both\" \/>\n\t\t\t<\/div>\n\n<p>&nbsp;<\/p>\n<hr \/>\n<p>&nbsp;<\/p>\n<blockquote>\n<h3>QUATTRO CENTINI AL FOLLADOR DE ROSSI<\/h3>\n<\/blockquote>\n<p><strong>AGORDO<\/strong> Sono terminati gli esami di maturit\u00e0 anche al Follador De Rossi di Agordo e sono quattro i centini. Enrico Scandiuzzi del Liceo scentifico sportivo, Alice Fusina, Chimica e Materiali. Due le alunne che hanno chiuso gli esami con la lode: Aurora Pianezze, Chimica e Materiali, e Anna Feltrin, Geotecnico Mineriario.<\/p>\n\n\t\t\t<style type='text\/css'>\n\t\t\t\t#gallery-7 {\n\t\t\t\t\tmargin: auto;\n\t\t\t\t}\n\t\t\t\t#gallery-7 .gallery-item {\n\t\t\t\t\tfloat: left;\n\t\t\t\t\tmargin-top: 10px;\n\t\t\t\t\ttext-align: center;\n\t\t\t\t\twidth: 25%;\n\t\t\t\t}\n\t\t\t\t#gallery-7 img {\n\t\t\t\t\tborder: 2px solid #cfcfcf;\n\t\t\t\t}\n\t\t\t\t#gallery-7 .gallery-caption {\n\t\t\t\t\tmargin-left: 0;\n\t\t\t\t}\n\t\t\t\t\/* see gallery_shortcode() in wp-includes\/media.php *\/\n\t\t\t<\/style>\n\t\t<div id='gallery-7' class='dt-gallery-container gallery galleryid-397956 gallery-columns-4 gallery-size-thumbnail'><dl class='gallery-item'>\n\t\t\t\t<dt class='gallery-icon portrait'>\n\t\t\t\t\t<a class=\"rollover rollover-zoom dt-pswp-item\" title=\"75a9d490-6d9e-4723-9933-307b81f0c69f\" data-dt-img-description=\"\" data-large_image_width=\"1200\" data-large_image_height=\"1600\"href='https:\/\/www.radiopiu.net\/wordpress\/wp-content\/uploads\/2024\/07\/75a9d490-6d9e-4723-9933-307b81f0c69f.jpg'><img loading=\"lazy\" decoding=\"async\" width=\"150\" height=\"150\" src=\"https:\/\/www.radiopiu.net\/wordpress\/wp-content\/uploads\/2024\/07\/75a9d490-6d9e-4723-9933-307b81f0c69f-150x150.jpg\" class=\"attachment-thumbnail size-thumbnail\" alt=\"\" aria-describedby=\"gallery-7-398016\" \/><\/a>\n\t\t\t\t<\/dt>\n\t\t\t\t\t<dd class='wp-caption-text gallery-caption' id='gallery-7-398016'>\n\t\t\t\t\tENRICO SCANDIUZZI\n\t\t\t\t\t<\/dd><\/dl><dl class='gallery-item'>\n\t\t\t\t<dt class='gallery-icon portrait'>\n\t\t\t\t\t<a class=\"rollover rollover-zoom dt-pswp-item\" title=\"2d5f6777-dc9d-4f30-9f75-afcd3f427687\" data-dt-img-description=\"\" data-large_image_width=\"1202\" data-large_image_height=\"1600\"href='https:\/\/www.radiopiu.net\/wordpress\/wp-content\/uploads\/2024\/07\/2d5f6777-dc9d-4f30-9f75-afcd3f427687.jpg'><img loading=\"lazy\" decoding=\"async\" width=\"150\" height=\"150\" src=\"https:\/\/www.radiopiu.net\/wordpress\/wp-content\/uploads\/2024\/07\/2d5f6777-dc9d-4f30-9f75-afcd3f427687-150x150.jpg\" class=\"attachment-thumbnail size-thumbnail\" alt=\"\" aria-describedby=\"gallery-7-398017\" \/><\/a>\n\t\t\t\t<\/dt>\n\t\t\t\t\t<dd class='wp-caption-text gallery-caption' id='gallery-7-398017'>\n\t\t\t\t\tALICE FUSINA\n\t\t\t\t\t<\/dd><\/dl><dl class='gallery-item'>\n\t\t\t\t<dt class='gallery-icon portrait'>\n\t\t\t\t\t<a class=\"rollover rollover-zoom dt-pswp-item\" title=\"4d852911-3378-4107-accb-5d12604c5d76\" data-dt-img-description=\"\" data-large_image_width=\"1421\" data-large_image_height=\"1600\"href='https:\/\/www.radiopiu.net\/wordpress\/wp-content\/uploads\/2024\/07\/4d852911-3378-4107-accb-5d12604c5d76.jpg'><img loading=\"lazy\" decoding=\"async\" width=\"150\" height=\"150\" src=\"https:\/\/www.radiopiu.net\/wordpress\/wp-content\/uploads\/2024\/07\/4d852911-3378-4107-accb-5d12604c5d76-150x150.jpg\" class=\"attachment-thumbnail size-thumbnail\" alt=\"\" aria-describedby=\"gallery-7-398018\" \/><\/a>\n\t\t\t\t<\/dt>\n\t\t\t\t\t<dd class='wp-caption-text gallery-caption' id='gallery-7-398018'>\n\t\t\t\t\tAURORA PIANEZZE\n\t\t\t\t\t<\/dd><\/dl><dl class='gallery-item'>\n\t\t\t\t<dt class='gallery-icon portrait'>\n\t\t\t\t\t<a class=\"rollover rollover-zoom dt-pswp-item\" title=\"420ec120-c96a-4655-9702-60b10440d1b9\" data-dt-img-description=\"\" data-large_image_width=\"1390\" data-large_image_height=\"1522\"href='https:\/\/www.radiopiu.net\/wordpress\/wp-content\/uploads\/2024\/07\/420ec120-c96a-4655-9702-60b10440d1b9.jpg'><img loading=\"lazy\" decoding=\"async\" width=\"150\" height=\"150\" src=\"https:\/\/www.radiopiu.net\/wordpress\/wp-content\/uploads\/2024\/07\/420ec120-c96a-4655-9702-60b10440d1b9-150x150.jpg\" class=\"attachment-thumbnail size-thumbnail\" alt=\"\" aria-describedby=\"gallery-7-398019\" \/><\/a>\n\t\t\t\t<\/dt>\n\t\t\t\t\t<dd class='wp-caption-text gallery-caption' id='gallery-7-398019'>\n\t\t\t\t\tANNA FELTRIN\n\t\t\t\t\t<\/dd><\/dl><br style=\"clear: both\" \/>\n\t\t\t<\/div>\n\n<div class=\"articlePlainText\"><strong>Quinta Geotecnico minerario:<\/strong>\u00a0Filippo Bedont 65\/100, Raul Bettega 86, Pietro Brancaleone 64,\u00a0Anna Feltrin 100 e lode\u00a0, Samuele Fontanive 70, Lorenzo Latino Imparato 80, Alessandro Martini 75, Alessandro Miana 75, Danilo Secchi 67, Filippo Soppelsa 70, Manolo Soppelsa 65, Samuele Soppelsa 89, Andrea Vitellaro 64, Fabrizio Zambelli Tortoi 65.<\/div>\n<div class=\"articlePlainText\"><strong>Quinta Chimici:<\/strong>\u00a0Laila Berolo 64\/100, Ivan Dell&#8217;Osbel 70, Chantal Dalla Zassa 75, Tommaso Fant 75, Alessia Faoro 80,\u00a0Alice Fusina 100\u00a0, Asia Gabrielli 93, Seyram Gamor 89, Jasmine Gianfreda 69, Matthias Marcon 72, Nicole Mazzoleni Ferracini 90,\u00a0Aurora Pianezze 100 e lode\u00a0, Dylan Pianezze 66, Andrea Savio 75, Laura Soccol 93, Claudia Tom\u00e8 73.<\/div>\n<div class=\"articlePlainText\"><strong>Quinta P Ipsar:<\/strong>\u00a0Hansel Benvegn\u00f9 66\/100, Martino Busin 78, Paolo Carlin 86, David Da Campo 81, Federico De Nicol\u00f2 80, Sarajane Ganz 92, Roberto Iellici 72, Alessio Lanciato 80, Francesco Luciani 63, Drilon Tafallari 92, Florio Zanol 68.<\/div>\n<div class=\"articlePlainText\"><strong>Quinta L:<\/strong>\u00a0Angelica Alchini 88\/100,\u00a0Alessio Burigo 100\u00a0, Giada Costantin 80, Raffaele De Bernardin 81, Szymon Ryszard Fiejdasz 66, Vittorio Flamini 75, Ilaria Giardina Papa 74, Ilaria Groppa 66, Giuseppe Iacona 62, Sofia Lorefice 72, Martina Olivier 72, Kristel Paganin 80, Giulia Rossi 83, Sara Serafini 97.<\/div>\n<div class=\"articlePlainText\"><strong>Quinta En<\/strong>:\u00a0Martin De Pellegrini 61\/100, Luca Di Gregorio 80, Cristian Fa\u00e8 65, Matthias Fenti 75, Samuel Koterle 64, Valentina Manfroi 68, Gabriel Pellegrin 88, Alessio Poloni 70, Tiziano Pozza 87, Fabian Rainer 75, Fausto Rumor 67, Bryan Talamini 92, Miguel Antonio Tomei 66, Giovanni Tommasi 65.<\/div>\n<div class=\"articlePlainText\"><strong>Quinta T:<\/strong>\u00a0Erica Agostini 71, Enrico Barp 94, Lapo Borgo 64, Jessica De Gasperin 64, Riccardo Gemo 64, Sara Gorgonio 66, Federica Morandini 65, Giulia Munteanu 61, Lorenzo Pittarello 72, Jennyfer Roilo 81, Veronica Scanga 87, Nicola Xausa 65, Elena Casera60.<\/div>\n<div class=\"articlePlainText\"><strong>Quinta liceo sportivo:<\/strong> Fabrizio Armellini 66, Stefano Bianchi 61, Christian Campisi 66, Tommaso Cassisi 86, Giulia Cibien 82, Mario De Bona 72, Allyson Natalia Don\u00f2 60, Isotta Dussin 63, Michelle Farenzena 62, Andrea Franzot 67, Gabriele La Face 72, Tommaso Marcon 85, Dania Micheluzzi 75, Matthias Molin Pradel 65, Alessandro Monestier 63, Virginia Moriconi 84, Anna Pelli 72, Caterina Perera 85, Edoardo Raffa 63, Gabriele Rizza 63, Enrico Scandiuzzi 100 , Alehandro Sina 63, Jacopo Maria Tasca 60, Margherita Vascellari 81, Asia Zanvettor 73.<\/div>\n<div><\/div>\n<hr \/>\n<p>&nbsp;<\/p>\n<blockquote>\n<h3>PROGETTO SCUOLE MOBILITA&#8217; SICURA E SOSTENIBILE<\/h3>\n<\/blockquote>\n<p><strong><a class=\"dt-pswp-item\" href=\"https:\/\/www.radiopiu.net\/wordpress\/wp-content\/uploads\/2024\/07\/DolomitiBus.png\" data-dt-img-description=\"\" data-large_image_width=\"3006\" data-large_image_height=\"1276\"><img loading=\"lazy\" decoding=\"async\" class=\" wp-image-398037 alignleft\" src=\"https:\/\/www.radiopiu.net\/wordpress\/wp-content\/uploads\/2024\/07\/DolomitiBus-300x127.png\" alt=\"\" width=\"198\" height=\"84\" srcset=\"https:\/\/www.radiopiu.net\/wordpress\/wp-content\/uploads\/2024\/07\/DolomitiBus-300x127.png 300w, https:\/\/www.radiopiu.net\/wordpress\/wp-content\/uploads\/2024\/07\/DolomitiBus-1024x435.png 1024w, https:\/\/www.radiopiu.net\/wordpress\/wp-content\/uploads\/2024\/07\/DolomitiBus-768x326.png 768w, https:\/\/www.radiopiu.net\/wordpress\/wp-content\/uploads\/2024\/07\/DolomitiBus-1536x652.png 1536w, https:\/\/www.radiopiu.net\/wordpress\/wp-content\/uploads\/2024\/07\/DolomitiBus-2048x869.png 2048w\" sizes=\"auto, (max-width: 198px) 100vw, 198px\" \/><\/a>BELLUNO<\/strong> Dolomiti Bus annuncia il successo del progetto \u201cScuole &#8211; Mobilit\u00e0 Sicura e Sostenibile\u201d per l&#8217;anno scolastico 2023-2024, con 13 incontri che hanno coinvolto 350 partecipanti tra studenti e insegnanti. Il progetto, gratuito e realizzato in collaborazione con le Forze dell\u2019Ordine, ha visto la partecipazione di studenti di scuole materne, elementari e superiori. Stefano Rossi, Amministratore Delegato, ha sottolineato l&#8217;impegno dell&#8217;azienda verso educazione, sicurezza e sostenibilit\u00e0. Il Comune di Belluno e il Provveditorato agli studi hanno promosso l&#8217;iniziativa, attiva dal 2016. Il Sindaco Oscar De Pellegrin ha evidenziato l&#8217;importanza dell&#8217;educazione alla cittadinanza attiva. L&#8217;iniziativa mira a sensibilizzare i giovani sulla sicurezza stradale e la sostenibilit\u00e0 ambientale.<\/p>\n<p>&nbsp;<\/p>\n<p>&nbsp;<\/p>\n<hr \/>\n<p>&nbsp;<\/p>\n<blockquote>\n<h3>OGGI LA VICEPRESIDENTE DE BERTI DA VENEZIA A CALALZO DI CADORE E CORTINA CON IL TRENOBICIBUS DELLE DOLOMITI<\/h3>\n<\/blockquote>\n<p><strong>VENEZIA<\/strong> Oggi la Vicepresidente della Regione del Veneto e Assessore alle Infrastrutture e Trasporti, Elisa De Berti, presenter\u00e0 l\u2019edizione 2024 del servizio di mobilit\u00e0 integrata TrenoBiciBus, promosso da Regione Veneto, Trenitalia e DolomitiBus.<\/p>\n<p>&nbsp;<\/p>\n<hr \/>\n<p>&nbsp;<\/p>\n<blockquote>\n<h2>Richiedenti asilo, convenzione di Anolf con un avvocato e una psicologa<\/h2>\n<\/blockquote>\n<p><strong><span style=\"color: #000000; font-family: Helvetica;\"><img loading=\"lazy\" decoding=\"async\" class=\"alignleft\" src=\"https:\/\/www.radiopiu.net\/wordpress\/wp-content\/uploads\/2024\/07\/hand-1002634_1280.webp\" width=\"249\" height=\"166\" \/><\/span>BELLUNO<\/strong> Anolf Belluno Treviso, associazione di volontariato promossa dalla Cisl, ha attivato una convenzione con un team composto da avvocato e psicologa per supportare i richiedenti asilo in vista dell\u2019audizione presso la Commissione territoriale. Oltre alla preparazione per l\u2019audizione, l&#8217;associazione offre assistenza legale, corsi di italiano, percorsi di integrazione e inserimento lavorativo. Questo accompagnamento completo, che risponde alle esigenze di oltre duemila richiedenti nelle province di Belluno e Treviso, mira a favorire l&#8217;integrazione sociale e territoriale. &#8220;Vogliamo offrire servizi concreti per agevolare l&#8217;inserimento dei richiedenti asilo,&#8221; afferma Antonio Bianchin, presidente di Anolf Belluno Treviso. Per informazioni, contattare il numero 388 7561485.<\/p>\n<p>&nbsp;<\/p>\n<hr \/>\n<p>&nbsp;<\/p>\n<p>&nbsp;<\/p>\n<blockquote><p><strong><a class=\"dt-pswp-item\" href=\"https:\/\/www.radiopiu.net\/wordpress\/wp-content\/uploads\/2024\/07\/InCollage_20240705_164022298-scaled.jpg\" data-dt-img-description=\"\" data-large_image_width=\"2560\" data-large_image_height=\"1706\"><img loading=\"lazy\" decoding=\"async\" class=\" wp-image-398101 alignleft\" src=\"https:\/\/www.radiopiu.net\/wordpress\/wp-content\/uploads\/2024\/07\/InCollage_20240705_164022298-300x200.jpg\" alt=\"\" width=\"206\" height=\"137\" srcset=\"https:\/\/www.radiopiu.net\/wordpress\/wp-content\/uploads\/2024\/07\/InCollage_20240705_164022298-300x200.jpg 300w, https:\/\/www.radiopiu.net\/wordpress\/wp-content\/uploads\/2024\/07\/InCollage_20240705_164022298-1024x683.jpg 1024w, https:\/\/www.radiopiu.net\/wordpress\/wp-content\/uploads\/2024\/07\/InCollage_20240705_164022298-768x512.jpg 768w, https:\/\/www.radiopiu.net\/wordpress\/wp-content\/uploads\/2024\/07\/InCollage_20240705_164022298-1536x1024.jpg 1536w, https:\/\/www.radiopiu.net\/wordpress\/wp-content\/uploads\/2024\/07\/InCollage_20240705_164022298-2048x1365.jpg 2048w\" sizes=\"auto, (max-width: 206px) 100vw, 206px\" \/><\/a>Evento &#8220;Essere precari stanca&#8221; a Roma<\/strong><\/p><\/blockquote>\n<p>Marted\u00ec 9 luglio 2024, a Roma, si terr\u00e0 l&#8217;evento &#8220;Essere precari stanca&#8221; nella sala Matteotti di Palazzo Theodoli. Organizzato dal movimento Lottiamo Insieme con l&#8217;onorevole Aboubakar Soumahoro, l&#8217;incontro si concentrer\u00e0 sul precariato in Poste Italiane. Interverranno parlamentari, avvocati e sindacalisti, affrontando le problematiche legate all&#8217;uso dei contratti a tempo determinato e le difficolt\u00e0 dei lavoratori precari. Nonostante le assunzioni, molti restano senza stabilit\u00e0 lavorativa.<\/p>\n<p>&nbsp;<\/p>\n<hr \/>\n<p>&nbsp;<\/p>\n<blockquote><p><strong><a class=\"dt-pswp-item\" href=\"https:\/\/www.radiopiu.net\/wordpress\/wp-content\/uploads\/2024\/07\/IMG_5493-scaled.jpg\" data-dt-img-description=\"\" data-large_image_width=\"1920\" data-large_image_height=\"2560\"><img loading=\"lazy\" decoding=\"async\" class=\" wp-image-398102 alignleft\" src=\"https:\/\/www.radiopiu.net\/wordpress\/wp-content\/uploads\/2024\/07\/IMG_5493-225x300.jpg\" alt=\"\" width=\"170\" height=\"226\" srcset=\"https:\/\/www.radiopiu.net\/wordpress\/wp-content\/uploads\/2024\/07\/IMG_5493-225x300.jpg 225w, https:\/\/www.radiopiu.net\/wordpress\/wp-content\/uploads\/2024\/07\/IMG_5493-768x1024.jpg 768w, https:\/\/www.radiopiu.net\/wordpress\/wp-content\/uploads\/2024\/07\/IMG_5493-1152x1536.jpg 1152w, https:\/\/www.radiopiu.net\/wordpress\/wp-content\/uploads\/2024\/07\/IMG_5493-1536x2048.jpg 1536w, https:\/\/www.radiopiu.net\/wordpress\/wp-content\/uploads\/2024\/07\/IMG_5493-scaled.jpg 1920w\" sizes=\"auto, (max-width: 170px) 100vw, 170px\" \/><\/a>Inclusivit\u00e0 a Longarone: piscina e palasport pi\u00f9 accessibili<\/strong><\/p><\/blockquote>\n<p><strong>LONGARONE<\/strong> La Societ\u00e0 Sporting Club Lessinia e la farmacia Zampieri di Longarone hanno reso pi\u00f9 inclusiva la piscina locale con una sedia a rotelle per disabili. Il titolare della farmacia, Dott. Tommaso De Pellegrini, e il referente ASSI ONLUS, Mirko Bortoluzzi, hanno elogiato l&#8217;iniziativa. Sporting Club Lessinia annuncia anche nuove strutture sportive estive e piani per la stagione autunno-inverno, puntando a una maggiore accessibilit\u00e0 e professionalit\u00e0 per tutti gli utenti.<\/p>\n<p>&nbsp;<\/p>\n<p>&nbsp;<\/p>\n<hr \/>\n<p>&nbsp;<\/p>\n<h2><span style=\"color: #ff0000;\">CONSIGLI COMUNALI IN AGORDINO<\/span><\/h2>\n<p><strong>ROCCA PIETORE<\/strong> Il sindaco Valerio Davare ha convocato il consiglio comunale per gioved\u00ec alle 18:30. Saranno 7 i punti in discussione. Tra questi la nomina la designazione e la revoca dei rappresentanti per enti aziende ed istituzioni, la nomina dei rappresentanti dell&#8217;unione montana agordina, l&#8217;approvazione del bilancio di Asca e la decima variazione a bilancio.<\/p>\n<p>&nbsp;<\/p>\n<p>&nbsp;<\/p>\n<hr \/>\n<p>&nbsp;<\/p>\n<blockquote>\n<h3>LUNEDI&#8217; LA CONFERENZA DEI SINDACI DELL&#8217;ULSS 1 DOLOMITI<\/h3>\n<\/blockquote>\n<p><strong>BELLUNO<\/strong> Luned\u00ec alle 11 in sala giunta di Palazzo Rosso a Belluno si riunisce la conferenza dei sindaci dell&#8217;Ulss 1 Dolomiti per eleggere il presidente della conferenza dei sindaci.<\/p>\n<p>&nbsp;<\/p>\n<p>&nbsp;<\/p>\n<hr \/>\n<p>&nbsp;<\/p>\n<div>\n<blockquote>\n<h2><img loading=\"lazy\" decoding=\"async\" class=\"alignleft\" src=\"https:\/\/www.radiopiu.net\/wordpress\/wp-content\/uploads\/2024\/07\/Senza-nome-28.png\" width=\"162\" height=\"118\" \/><\/h2>\n<h2><strong>Festeggiamenti Bicentenario Cavalier Don Antonio Della Lucia<\/strong><\/h2>\n<\/blockquote>\n<p><strong>CANALE D&#8217;AGORDO<\/strong> La Fondazione Papa Luciani, con Comune e Parrocchia di Canale d&#8217;Agordo, organizza i festeggiamenti conclusivi per il bicentenario della nascita del Cavalier Don Antonio Della Lucia, il 19 luglio 2024 a Canale d&#8217;Agordo e Caviola di Falcade.<\/p>\n<\/div>\n<div>\u00a0LORIS SERAFINI \u00a0direttore della Fondazione Papa Luciani di\u00a0<b>Canale<\/b>\u00a0<b>d<\/b>\u2019<b>Agordo<\/b><br \/>\n<audio class=\"wp-audio-shortcode\" id=\"audio-397956-11\" preload=\"none\" style=\"width: 100%;\" controls=\"controls\"><source type=\"audio\/mpeg\" src=\"https:\/\/www.radiopiu.net\/wordpress\/wp-content\/uploads\/2024\/07\/loris-serafini-don-antonio.mp3?_=11\" \/><a href=\"https:\/\/www.radiopiu.net\/wordpress\/wp-content\/uploads\/2024\/07\/loris-serafini-don-antonio.mp3\">https:\/\/www.radiopiu.net\/wordpress\/wp-content\/uploads\/2024\/07\/loris-serafini-don-antonio.mp3<\/a><\/audio>\n<\/div>\n<div><\/div>\n<div><a class=\"dt-pswp-item\" href=\"https:\/\/www.radiopiu.net\/wordpress\/wp-content\/uploads\/2024\/07\/Senza-nome-27.png\" data-dt-img-description=\"\" data-large_image_width=\"800\" data-large_image_height=\"600\"><img loading=\"lazy\" decoding=\"async\" class=\"alignnone wp-image-398085 size-full\" src=\"https:\/\/www.radiopiu.net\/wordpress\/wp-content\/uploads\/2024\/07\/Senza-nome-27.png\" alt=\"\" width=\"800\" height=\"600\" srcset=\"https:\/\/www.radiopiu.net\/wordpress\/wp-content\/uploads\/2024\/07\/Senza-nome-27.png 800w, https:\/\/www.radiopiu.net\/wordpress\/wp-content\/uploads\/2024\/07\/Senza-nome-27-300x225.png 300w, https:\/\/www.radiopiu.net\/wordpress\/wp-content\/uploads\/2024\/07\/Senza-nome-27-768x576.png 768w\" sizes=\"auto, (max-width: 800px) 100vw, 800px\" \/>\u00a0<\/a><\/div>\n<div>\n<div class=\"x1e56ztr\" data-block=\"true\" data-editor=\"ar3s5\" data-offset-key=\"1gvlg-0-0\">\n<blockquote>\n<h1 class=\"_1mf _1mj\" data-offset-key=\"1gvlg-0-0\"><span style=\"color: #ff0000;\">ARCHIVIO RADIOPIU, ESTATE 24 PRIMA PUBBLICAZIONE 25 GIUGNO 24<\/span><\/h1>\n<\/blockquote>\n<\/div>\n<div class=\"x1e56ztr\" data-block=\"true\" data-editor=\"ar3s5\" data-offset-key=\"5uetj-0-0\">\n<div class=\"_1mf _1mj\" data-offset-key=\"5uetj-0-0\"><\/div>\n<\/div>\n<\/div>\n<div>\n<blockquote class=\"wp-embedded-content\" data-secret=\"3hpDwCVa4H\"><p><a href=\"https:\/\/www.radiopiu.net\/wordpress\/la-porta-nel-bosco-di-canale-dagordo-dove-si-scoprono-nuovi-mondi\/\">LA PORTA NEL BOSCO DI CANALE D&#8217;AGORDO DOVE SI SCOPRONO NUOVI MONDI<\/a><\/p><\/blockquote>\n<p><iframe loading=\"lazy\" class=\"wp-embedded-content\" sandbox=\"allow-scripts\" security=\"restricted\" style=\"position: absolute; clip: rect(1px, 1px, 1px, 1px);\" title=\"&#8220;LA PORTA NEL BOSCO DI CANALE D&#8217;AGORDO DOVE SI SCOPRONO NUOVI MONDI&#8221; &#8212; Radio Pi\u00f9\" src=\"https:\/\/www.radiopiu.net\/wordpress\/la-porta-nel-bosco-di-canale-dagordo-dove-si-scoprono-nuovi-mondi\/embed\/#?secret=KGQrZcQAgI#?secret=3hpDwCVa4H\" data-secret=\"3hpDwCVa4H\" width=\"600\" height=\"338\" frameborder=\"0\" marginwidth=\"0\" marginheight=\"0\" scrolling=\"no\"><\/iframe><\/p>\n<\/div>\n<div>\n<h1 class=\"_1mf _1mj\" data-offset-key=\"1gvlg-0-0\"><span style=\"color: #ff0000;\">\u00a0<\/span><\/h1>\n<h1 class=\"_1mf _1mj\" data-offset-key=\"1gvlg-0-0\"><span style=\"color: #ff0000;\">ARCHIVIO RADIOPIU, ESTATE 24 PRIMA PUBBLICAZIONE\u00a0 27 GIUGNO 2024<\/span><\/h1>\n<\/div>\n<div><\/div>\n<div>\n<blockquote class=\"wp-embedded-content\" data-secret=\"wHwwlNSjEm\"><p><a href=\"https:\/\/www.radiopiu.net\/wordpress\/time-for-me-con-andrea-de-bernardin\/\">TIME FOR ME&#8230;CON ANDREA DE BERNARDIN<\/a><\/p><\/blockquote>\n<p><iframe loading=\"lazy\" class=\"wp-embedded-content\" sandbox=\"allow-scripts\" security=\"restricted\" style=\"position: absolute; clip: rect(1px, 1px, 1px, 1px);\" title=\"&#8220;TIME FOR ME&#8230;CON ANDREA DE BERNARDIN&#8221; &#8212; Radio Pi\u00f9\" src=\"https:\/\/www.radiopiu.net\/wordpress\/time-for-me-con-andrea-de-bernardin\/embed\/#?secret=ldp4Kv55w5#?secret=wHwwlNSjEm\" data-secret=\"wHwwlNSjEm\" width=\"600\" height=\"338\" frameborder=\"0\" marginwidth=\"0\" marginheight=\"0\" scrolling=\"no\"><\/iframe><\/p>\n<\/div>\n<div><\/div>\n<hr \/>\n<p>&nbsp;<\/p>\n<blockquote>\n<h1>Inaugurazione del Museo Ladino Fodom<\/h1>\n<\/blockquote>\n<p><strong><a class=\"dt-pswp-item\" href=\"https:\/\/www.radiopiu.net\/wordpress\/wp-content\/uploads\/2024\/07\/Senza-nome-22.png\" data-dt-img-description=\"\" data-large_image_width=\"431\" data-large_image_height=\"682\"><img loading=\"lazy\" decoding=\"async\" class=\" wp-image-397855 alignright\" src=\"https:\/\/www.radiopiu.net\/wordpress\/wp-content\/uploads\/2024\/07\/Senza-nome-22-190x300.png\" alt=\"\" width=\"145\" height=\"229\" srcset=\"https:\/\/www.radiopiu.net\/wordpress\/wp-content\/uploads\/2024\/07\/Senza-nome-22-190x300.png 190w, https:\/\/www.radiopiu.net\/wordpress\/wp-content\/uploads\/2024\/07\/Senza-nome-22.png 431w\" sizes=\"auto, (max-width: 145px) 100vw, 145px\" \/><\/a><img loading=\"lazy\" decoding=\"async\" class=\"alignleft\" src=\"https:\/\/www.radiopiu.net\/wordpress\/wp-content\/uploads\/2024\/07\/Senza-nome-21.png\" width=\"142\" height=\"107\" \/>LIVINALLONGO<\/strong> L&#8217;atteso momento \u00e8 arrivato,\u00a0 riapre il\u00a0 Museo Ladino Fodom presso il Centro Dolomiti \u2013 Cesa de la Cultura Fodoma di Pieve di Livinallongo. L\u2019evento di inaugurazione si terr\u00e0 gioved\u00ec 11 luglio 2024 alle 18. In questa occasione speciale, sar\u00e0 possibile visitare il museo nella sua nuova veste e scoprire la mostra temporanea <strong>\u201cLa memoria di un paesaggio\u201d,<\/strong> ospitata al suo interno per questa stagione. La mostra offre un viaggio affascinante attraverso il tempo, esplorando la ricca storia e la cultura del territorio ladino. Il Museo Ladino Fodom rappresenta un&#8217;importante risorsa culturale per la comunit\u00e0, permettendo ai visitatori di immergersi nelle tradizioni, nelle storie e nelle esperienze della popolazione ladina. La ristrutturazione e l&#8217;aggiornamento del museo hanno lo scopo di offrire un&#8217;esperienza pi\u00f9 coinvolgente e informativa, utilizzando tecnologie moderne per arricchire la fruizione dei contenuti esposti. L&#8217;inaugurazione \u00e8 momento\u00a0 di condivisione e celebrazione della cultura e della storia ladina. <strong>Istitut Cultural Ladin \u201cCesa de Jan\u201d | Mujeo Ladin Fodom <\/strong>Per maggiori informazioni, contattateci al numero 334 3346 680.<\/p>\n<p>&nbsp;<\/p>\n<hr \/>\n<p>&nbsp;<\/p>\n<p>&nbsp;<\/p>\n<blockquote>\n<h2><strong>Concorso letterario &#8220;Raccontare l\u2019emigrazione veneta&#8221;<\/strong><\/h2>\n<\/blockquote>\n<p><strong>BELLUNO<\/strong> L&#8217;Associazione Bellunesi nel Mondo lancia la terza edizione del concorso per racconti sull&#8217;emigrazione veneta. I dieci finalisti saranno pubblicati e i primi tre riceveranno premi in denaro. Scadenza: 4 novembre, premiazione: 21 dicembre. Il bando completo su\u00a0 <a class=\"moz-txt-link-abbreviated\" href=\"http:\/\/www.bellunesinelmondo.it\">www.bellunesinelmondo.it<\/a>.<\/p>\n<p>&nbsp;<\/p>\n<p>&nbsp;<\/p>\n<hr \/>\n<p>&nbsp;<\/p>\n<blockquote>\n<h3>Inaugurazione del Percorso Culturale-Naturalistico a Carfon di Canale d&#8217;Agordo<\/h3>\n<\/blockquote>\n<p><strong>CANALE D&#8217;AGORDO <\/strong>Sabato 13 luglio alle 17, a Carfon di Canale d&#8217;Agordo, localit\u00e0 Casello, verr\u00e0 inaugurato un percorso culturale-naturalistico in onore del poeta contadino Valerio Da Pos. L&#8217;associazione I Bandoi ha organizzato l&#8217;evento per celebrare il legame tra natura e cultura. I visitatori sono invitati a raggiungere il luogo a piedi partendo da Canale d&#8217;Agordo per apprezzare appieno l&#8217;esperienza. L&#8217;iniziativa mira a promuovere la conoscenza del patrimonio locale attraverso un itinerario che unisce la bellezza del paesaggio alle opere del poeta<\/p>\n<p>&nbsp;<\/p>\n\n\t\t\t<style type='text\/css'>\n\t\t\t\t#gallery-8 {\n\t\t\t\t\tmargin: auto;\n\t\t\t\t}\n\t\t\t\t#gallery-8 .gallery-item {\n\t\t\t\t\tfloat: left;\n\t\t\t\t\tmargin-top: 10px;\n\t\t\t\t\ttext-align: center;\n\t\t\t\t\twidth: 33%;\n\t\t\t\t}\n\t\t\t\t#gallery-8 img {\n\t\t\t\t\tborder: 2px solid #cfcfcf;\n\t\t\t\t}\n\t\t\t\t#gallery-8 .gallery-caption {\n\t\t\t\t\tmargin-left: 0;\n\t\t\t\t}\n\t\t\t\t\/* see gallery_shortcode() in wp-includes\/media.php *\/\n\t\t\t<\/style>\n\t\t<div id='gallery-8' class='dt-gallery-container gallery galleryid-397956 gallery-columns-3 gallery-size-thumbnail'><dl class='gallery-item'>\n\t\t\t\t<dt class='gallery-icon portrait'>\n\t\t\t\t\t<a class=\"rollover rollover-zoom dt-pswp-item\" title=\"435E7A23-C5F1-4D6E-8C5B-BF7B4F47E9FB\" data-dt-img-description=\"\" data-large_image_width=\"750\" data-large_image_height=\"1334\"href='https:\/\/www.radiopiu.net\/wordpress\/wp-content\/uploads\/2024\/07\/435E7A23-C5F1-4D6E-8C5B-BF7B4F47E9FB.jpg'><img loading=\"lazy\" decoding=\"async\" width=\"150\" height=\"150\" src=\"https:\/\/www.radiopiu.net\/wordpress\/wp-content\/uploads\/2024\/07\/435E7A23-C5F1-4D6E-8C5B-BF7B4F47E9FB-150x150.jpg\" class=\"attachment-thumbnail size-thumbnail\" alt=\"\" aria-describedby=\"gallery-8-398115\" \/><\/a>\n\t\t\t\t<\/dt>\n\t\t\t\t\t<dd class='wp-caption-text gallery-caption' id='gallery-8-398115'>\n\t\t\t\t\tIL 13 LUGLIO A CARFON DI CANALE D&#8217;AGORDO \n\t\t\t\t\t<\/dd><\/dl><dl class='gallery-item'>\n\t\t\t\t<dt class='gallery-icon portrait'>\n\t\t\t\t\t<a class=\"rollover rollover-zoom dt-pswp-item\" title=\"Senza nome\" data-dt-img-description=\"\" data-large_image_width=\"327\" data-large_image_height=\"359\"href='https:\/\/www.radiopiu.net\/wordpress\/wp-content\/uploads\/2024\/07\/Senza-nome-29.png'><img loading=\"lazy\" decoding=\"async\" width=\"150\" height=\"150\" src=\"https:\/\/www.radiopiu.net\/wordpress\/wp-content\/uploads\/2024\/07\/Senza-nome-29-150x150.png\" class=\"attachment-thumbnail size-thumbnail\" alt=\"\" \/><\/a>\n\t\t\t\t<\/dt><\/dl><dl class='gallery-item'>\n\t\t\t\t<dt class='gallery-icon portrait'>\n\t\t\t\t\t<a class=\"rollover rollover-zoom dt-pswp-item\" title=\"Senza nome\" data-dt-img-description=\"\" data-large_image_width=\"232\" data-large_image_height=\"325\"href='https:\/\/www.radiopiu.net\/wordpress\/wp-content\/uploads\/2024\/07\/Senza-nome-30.png'><img loading=\"lazy\" decoding=\"async\" width=\"150\" height=\"150\" src=\"https:\/\/www.radiopiu.net\/wordpress\/wp-content\/uploads\/2024\/07\/Senza-nome-30-150x150.png\" class=\"attachment-thumbnail size-thumbnail\" alt=\"\" \/><\/a>\n\t\t\t\t<\/dt><\/dl><br style=\"clear: both\" \/>\n\t\t\t<\/div>\n\n<p>&nbsp;<\/p>\n<p>&nbsp;<\/p>\n<hr \/>\n<p>&nbsp;<\/p>\n<blockquote>\n<h3 class=\"photoswipe-wrapper\"><a class=\"dt-pswp-item pspw-wrap-ready\" href=\"https:\/\/www.radiopiu.net\/wordpress\/wp-content\/uploads\/2024\/06\/Tisoi-7-luglio.jpg\" data-dt-img-description=\"\" data-large_image_width=\"1199\" data-large_image_height=\"1600\"><img loading=\"lazy\" decoding=\"async\" class=\" wp-image-396842 alignleft\" src=\"https:\/\/www.radiopiu.net\/wordpress\/wp-content\/uploads\/2024\/06\/Tisoi-7-luglio-225x300.jpg\" sizes=\"auto, (max-width: 131px) 100vw, 131px\" srcset=\"https:\/\/www.radiopiu.net\/wordpress\/wp-content\/uploads\/2024\/06\/Tisoi-7-luglio-225x300.jpg 225w, https:\/\/www.radiopiu.net\/wordpress\/wp-content\/uploads\/2024\/06\/Tisoi-7-luglio-767x1024.jpg 767w, https:\/\/www.radiopiu.net\/wordpress\/wp-content\/uploads\/2024\/06\/Tisoi-7-luglio-768x1025.jpg 768w, https:\/\/www.radiopiu.net\/wordpress\/wp-content\/uploads\/2024\/06\/Tisoi-7-luglio-1151x1536.jpg 1151w, https:\/\/www.radiopiu.net\/wordpress\/wp-content\/uploads\/2024\/06\/Tisoi-7-luglio.jpg 1199w\" alt=\"\" width=\"131\" height=\"175\" \/><\/a>LE USCITE CON IL FAI DI BELLUNO<\/h3>\n<\/blockquote>\n<p><strong>BELLUNO<\/strong>\u00a0La delegazione FAI di Belluno organizza un\u2019escursione estiva per esplorare tre piccole chiese fuori citt\u00e0, domenica 7 luglio. L\u2019incontro \u00e8 alle 14:45 presso la chiesa di Tisoi, con partenza alle 15:00. Il percorso di 6,5 km, su stradine asfaltate in contesto rurale, offre panorami montani e include le chiese dei Santi Simone e Giuda a Zeneghe, San Bernardino a Giazzoi e San Nicol\u00f2 ai Zei, eccezionalmente aperte per l\u2019occasione. Un esperto di arte e cultura locale accompagner\u00e0 i partecipanti. La passeggiata, con 150 metri di dislivello, \u00e8 riservata a un massimo di 30 partecipanti, previa prenotazione. Il contributo richiesto varia da 4 a 8 euro, mentre i bambini fino a 10 anni partecipano gratuitamente.<\/p>\n<p>&nbsp;<\/p>\n<p>&nbsp;<\/p>\n<hr \/>\n<p>&nbsp;<\/p>\n<blockquote>\n<h3>AGORDO: ECCO DI NUOVO I MERCATINI DELL\u2019 ANTIQUARIATO E DEL COLLEZIONISMO<\/h3>\n<\/blockquote>\n<p><strong>DI GIORGIO FONTANIVE<\/strong><\/p>\n<p><strong>AGORDO <\/strong>Il Gruppo degli Amici dell\u2019Antiquariato con l\u2019aiuto della Pro loco ha organizzato i consueti mercatini: quattro nel capoluogo di vallata e, in collaborazione con la societ\u00e0 Desma, a Forcella Aurine che ha inserito la manifestazione nel proprio calendario. A luglio gli appuntamenti avranno luogo domenica 7 e domenica 21 mentre ad agosto sono stati fissati per domenica 4 e sabato 10; la rassegna chiuder\u00e0 marted\u00ec 13 agosto a Forcella Aurine confidando nella meteo favorevole dal momento che si svolger\u00e0 su terreno privato prativo con la partecipazione di una ventina di scelti hobbisti e commercianti. Ad Agordo ci saranno altri numeri attorno al Br\u00f3i con una cinquantina di <em>stands<\/em> come accade da ormai 14 anni, per un appuntamento conosciuto e atteso dagli appassionati di oggettistica, materiali d\u2019epoca e vintage, piccolo antiquariato, modernariato, mobili, arte e collezionismo cartaceo, cartoline, dischi, libri, ceramiche, reperti vari, medaglistica, incisioni, monete, ecc. In condizioni favorevoli ad Agordo si possono comunque contare 1500\/2000 passaggi creando un indotto non indifferente: un bel richiamo per le vie attorno al Br\u00f3i e per gli esercizi pubblici che vi gravitano. E senza creare competizione con l\u2019apparato commerciale locale perch\u00e9 i mercatini dell\u2019antiquariato intendono promuovere il collezionismo, la cultura dell\u2019oggetto antico e del riuso, escludendo gli articoli legati ai mercati rionali settimanali. Per i\u00a0 potenziali visitatori sar\u00e0 utile consultare anche il sito <a href=\"http:\/\/www.mercatinidelledolomiti.it\">www.mercatinidelledolomiti.it<\/a>. Da non mancare quindi!<\/p>\n<p>&nbsp;<\/p>\n\n\t\t\t<style type='text\/css'>\n\t\t\t\t#gallery-9 {\n\t\t\t\t\tmargin: auto;\n\t\t\t\t}\n\t\t\t\t#gallery-9 .gallery-item {\n\t\t\t\t\tfloat: left;\n\t\t\t\t\tmargin-top: 10px;\n\t\t\t\t\ttext-align: center;\n\t\t\t\t\twidth: 50%;\n\t\t\t\t}\n\t\t\t\t#gallery-9 img {\n\t\t\t\t\tborder: 2px solid #cfcfcf;\n\t\t\t\t}\n\t\t\t\t#gallery-9 .gallery-caption {\n\t\t\t\t\tmargin-left: 0;\n\t\t\t\t}\n\t\t\t\t\/* see gallery_shortcode() in wp-includes\/media.php *\/\n\t\t\t<\/style>\n\t\t<div id='gallery-9' class='dt-gallery-container gallery galleryid-397956 gallery-columns-2 gallery-size-medium'><dl class='gallery-item'>\n\t\t\t\t<dt class='gallery-icon landscape'>\n\t\t\t\t\t<a class=\"rollover rollover-zoom dt-pswp-item\" title=\"Radiopiu\u0300 (1)\" data-dt-img-description=\"\" data-large_image_width=\"2560\" data-large_image_height=\"1709\"href='https:\/\/www.radiopiu.net\/wordpress\/wp-content\/uploads\/2024\/07\/Radiopiu-1-scaled.jpg'><img loading=\"lazy\" decoding=\"async\" width=\"300\" height=\"200\" src=\"https:\/\/www.radiopiu.net\/wordpress\/wp-content\/uploads\/2024\/07\/Radiopiu-1-300x200.jpg\" class=\"attachment-medium size-medium\" alt=\"\" srcset=\"https:\/\/www.radiopiu.net\/wordpress\/wp-content\/uploads\/2024\/07\/Radiopiu-1-300x200.jpg 300w, https:\/\/www.radiopiu.net\/wordpress\/wp-content\/uploads\/2024\/07\/Radiopiu-1-1024x684.jpg 1024w, https:\/\/www.radiopiu.net\/wordpress\/wp-content\/uploads\/2024\/07\/Radiopiu-1-768x513.jpg 768w, https:\/\/www.radiopiu.net\/wordpress\/wp-content\/uploads\/2024\/07\/Radiopiu-1-1536x1025.jpg 1536w, https:\/\/www.radiopiu.net\/wordpress\/wp-content\/uploads\/2024\/07\/Radiopiu-1-2048x1367.jpg 2048w\" sizes=\"auto, (max-width: 300px) 100vw, 300px\" \/><\/a>\n\t\t\t\t<\/dt><\/dl><dl class='gallery-item'>\n\t\t\t\t<dt class='gallery-icon landscape'>\n\t\t\t\t\t<a class=\"rollover rollover-zoom dt-pswp-item\" title=\"Radiopiu\u0300 (2)\" data-dt-img-description=\"\" data-large_image_width=\"2089\" data-large_image_height=\"2088\"href='https:\/\/www.radiopiu.net\/wordpress\/wp-content\/uploads\/2024\/07\/Radiopiu-2.jpg'><img loading=\"lazy\" decoding=\"async\" width=\"300\" height=\"300\" src=\"https:\/\/www.radiopiu.net\/wordpress\/wp-content\/uploads\/2024\/07\/Radiopiu-2-300x300.jpg\" class=\"attachment-medium size-medium\" alt=\"\" srcset=\"https:\/\/www.radiopiu.net\/wordpress\/wp-content\/uploads\/2024\/07\/Radiopiu-2-300x300.jpg 300w, https:\/\/www.radiopiu.net\/wordpress\/wp-content\/uploads\/2024\/07\/Radiopiu-2-1024x1024.jpg 1024w, https:\/\/www.radiopiu.net\/wordpress\/wp-content\/uploads\/2024\/07\/Radiopiu-2-150x150.jpg 150w, https:\/\/www.radiopiu.net\/wordpress\/wp-content\/uploads\/2024\/07\/Radiopiu-2-768x768.jpg 768w, https:\/\/www.radiopiu.net\/wordpress\/wp-content\/uploads\/2024\/07\/Radiopiu-2-1536x1536.jpg 1536w, https:\/\/www.radiopiu.net\/wordpress\/wp-content\/uploads\/2024\/07\/Radiopiu-2-2048x2048.jpg 2048w\" sizes=\"auto, (max-width: 300px) 100vw, 300px\" \/><\/a>\n\t\t\t\t<\/dt><\/dl><br style=\"clear: both\" \/>\n\t\t\t<\/div>\n\n<p>&nbsp;<\/p>\n<hr \/>\n<p>&nbsp;<\/p>\n<h2><span style=\"color: #ff6600;\">ALLA RADIO\u00a0<\/span><\/h2>\n<p>&nbsp;<\/p>\n<blockquote>\n<h1>IERI SERA, LE DIRETTE DI RADIO PIU<\/h1>\n<\/blockquote>\n<blockquote class=\"wp-embedded-content\" data-secret=\"31eGrxiJVH\"><p><a href=\"https:\/\/www.radiopiu.net\/wordpress\/archetipi-nellarte-confronto-tra-le-proiezioni-linguistica-e-neuroscentifica-la-diretta\/\">ARCHETIPI NELL&#8217;ARTE, CONFRONTO TRA LE PROIEZIONI LINGUISTICA E NEUROSCENTIFICA &#8211; LA DIRETTA<\/a><\/p><\/blockquote>\n<p><iframe loading=\"lazy\" class=\"wp-embedded-content\" sandbox=\"allow-scripts\" security=\"restricted\" style=\"position: absolute; clip: rect(1px, 1px, 1px, 1px);\" title=\"&#8220;ARCHETIPI NELL&#8217;ARTE, CONFRONTO TRA LE PROIEZIONI LINGUISTICA E NEUROSCENTIFICA &#8211; LA DIRETTA&#8221; &#8212; Radio Pi\u00f9\" src=\"https:\/\/www.radiopiu.net\/wordpress\/archetipi-nellarte-confronto-tra-le-proiezioni-linguistica-e-neuroscentifica-la-diretta\/embed\/#?secret=RPYNI24ec0#?secret=31eGrxiJVH\" data-secret=\"31eGrxiJVH\" width=\"600\" height=\"338\" frameborder=\"0\" marginwidth=\"0\" marginheight=\"0\" scrolling=\"no\"><\/iframe><\/p>\n<p>&nbsp;<\/p>\n<p>&nbsp;<\/p>\n<h2><span style=\"color: #800080;\">&#8220;DINTORN E FORA VIA&#8221;\u00a0 IL PROGRAMMA\u00a0 A CURA DEL MUSLA<\/span><\/h2>\n<p><strong><a class=\"dt-pswp-item\" href=\"https:\/\/www.radiopiu.net\/wordpress\/wp-content\/uploads\/2023\/10\/GIORNALE-QUOTIDIANO.jpg\" data-dt-img-description=\"\" data-large_image_width=\"1280\" data-large_image_height=\"853\"><img loading=\"lazy\" decoding=\"async\" class=\" wp-image-356264 alignleft\" src=\"https:\/\/www.radiopiu.net\/wordpress\/wp-content\/uploads\/2023\/10\/GIORNALE-QUOTIDIANO-300x200.jpg\" alt=\"\" width=\"143\" height=\"95\" srcset=\"https:\/\/www.radiopiu.net\/wordpress\/wp-content\/uploads\/2023\/10\/GIORNALE-QUOTIDIANO-300x200.jpg 300w, https:\/\/www.radiopiu.net\/wordpress\/wp-content\/uploads\/2023\/10\/GIORNALE-QUOTIDIANO-1024x682.jpg 1024w, https:\/\/www.radiopiu.net\/wordpress\/wp-content\/uploads\/2023\/10\/GIORNALE-QUOTIDIANO-768x512.jpg 768w, https:\/\/www.radiopiu.net\/wordpress\/wp-content\/uploads\/2023\/10\/GIORNALE-QUOTIDIANO.jpg 1280w\" sizes=\"auto, (max-width: 143px) 100vw, 143px\" \/><\/a>PUNTATA DEL 05 LUGLIO, MARTINO DAL MAS<\/strong><\/p>\n<audio class=\"wp-audio-shortcode\" id=\"audio-397956-12\" preload=\"none\" style=\"width: 100%;\" controls=\"controls\"><source type=\"audio\/mpeg\" src=\"https:\/\/www.radiopiu.net\/wordpress\/wp-content\/uploads\/2024\/07\/MUSLA-1.mp3?_=12\" \/><a href=\"https:\/\/www.radiopiu.net\/wordpress\/wp-content\/uploads\/2024\/07\/MUSLA-1.mp3\">https:\/\/www.radiopiu.net\/wordpress\/wp-content\/uploads\/2024\/07\/MUSLA-1.mp3<\/a><\/audio>\n<p>&nbsp;<\/p>\n<h2>LA RACCOLTA COMPLETA <a href=\"https:\/\/www.radiopiu.net\/wordpress\/musla\/\"><span style=\"color: #3366ff;\">CLICCA QUI<\/span><\/a><\/h2>\n<p>&nbsp;<\/p>\n<p>&nbsp;<\/p>\n<hr \/>\n<p>&nbsp;<\/p>\n<h2><span style=\"color: #008000;\">SPECIALE SOLIDARIETA&#8217; VENETO<\/span><\/h2>\n<p><strong><a class=\"dt-pswp-item\" href=\"https:\/\/www.radiopiu.net\/wordpress\/wp-content\/uploads\/2020\/05\/solidariet\u00e0-veneto.jpg\" data-dt-img-description=\"\" data-large_image_width=\"1373\" data-large_image_height=\"961\"><img loading=\"lazy\" decoding=\"async\" class=\" wp-image-134366 alignleft\" src=\"https:\/\/www.radiopiu.net\/wordpress\/wp-content\/uploads\/2020\/05\/solidariet\u00e0-veneto-300x210.jpg\" alt=\"\" width=\"143\" height=\"100\" srcset=\"https:\/\/www.radiopiu.net\/wordpress\/wp-content\/uploads\/2020\/05\/solidariet\u00e0-veneto-300x210.jpg 300w, https:\/\/www.radiopiu.net\/wordpress\/wp-content\/uploads\/2020\/05\/solidariet\u00e0-veneto-1024x717.jpg 1024w, https:\/\/www.radiopiu.net\/wordpress\/wp-content\/uploads\/2020\/05\/solidariet\u00e0-veneto-768x538.jpg 768w, https:\/\/www.radiopiu.net\/wordpress\/wp-content\/uploads\/2020\/05\/solidariet\u00e0-veneto.jpg 1373w\" sizes=\"auto, (max-width: 143px) 100vw, 143px\" \/><\/a>DI MIRKO MEZZACASA<\/strong><\/p>\n<p>OSPITE: Paolo Stefan, direttore di Solidariet\u00e0 Veneto<\/p>\n<audio class=\"wp-audio-shortcode\" id=\"audio-397956-13\" preload=\"none\" style=\"width: 100%;\" controls=\"controls\"><source type=\"audio\/mpeg\" src=\"https:\/\/www.radiopiu.net\/wordpress\/wp-content\/uploads\/2024\/07\/SOLIDARIETA-LUGLIO-2024-STEFAN.mp3?_=13\" \/><a href=\"https:\/\/www.radiopiu.net\/wordpress\/wp-content\/uploads\/2024\/07\/SOLIDARIETA-LUGLIO-2024-STEFAN.mp3\">https:\/\/www.radiopiu.net\/wordpress\/wp-content\/uploads\/2024\/07\/SOLIDARIETA-LUGLIO-2024-STEFAN.mp3<\/a><\/audio>\n<p>&nbsp;<\/p>\n<hr \/>\n<p>&nbsp;<\/p>\n<h2><span style=\"color: #ffcc00;\">APRONO UFFICIALMENTE TUTTI GLI IMPIANTI DELL&#8217;AREA SAN PELLEGRINO &#8211; FALCADE<\/span><\/h2>\n<p><strong><a class=\"dt-pswp-item\" href=\"https:\/\/www.radiopiu.net\/wordpress\/wp-content\/uploads\/2020\/06\/Col-Margherita-scaled.jpg\" data-dt-img-description=\"\" data-large_image_width=\"2560\" data-large_image_height=\"1920\"><img loading=\"lazy\" decoding=\"async\" class=\" wp-image-143392 alignleft\" src=\"https:\/\/www.radiopiu.net\/wordpress\/wp-content\/uploads\/2020\/06\/Col-Margherita-300x225.jpg\" alt=\"\" width=\"212\" height=\"159\" srcset=\"https:\/\/www.radiopiu.net\/wordpress\/wp-content\/uploads\/2020\/06\/Col-Margherita-300x225.jpg 300w, https:\/\/www.radiopiu.net\/wordpress\/wp-content\/uploads\/2020\/06\/Col-Margherita-1024x768.jpg 1024w, https:\/\/www.radiopiu.net\/wordpress\/wp-content\/uploads\/2020\/06\/Col-Margherita-768x576.jpg 768w, https:\/\/www.radiopiu.net\/wordpress\/wp-content\/uploads\/2020\/06\/Col-Margherita-1536x1152.jpg 1536w, https:\/\/www.radiopiu.net\/wordpress\/wp-content\/uploads\/2020\/06\/Col-Margherita-2048x1536.jpg 2048w\" sizes=\"auto, (max-width: 212px) 100vw, 212px\" \/><\/a>DI MIRKO MEZZACASA<\/strong><\/p>\n<p>OSPITE: Mirco Tancon<\/p>\n<audio class=\"wp-audio-shortcode\" id=\"audio-397956-14\" preload=\"none\" style=\"width: 100%;\" controls=\"controls\"><source type=\"audio\/mpeg\" src=\"https:\/\/www.radiopiu.net\/wordpress\/wp-content\/uploads\/2024\/07\/GF17.mp3?_=14\" \/><a href=\"https:\/\/www.radiopiu.net\/wordpress\/wp-content\/uploads\/2024\/07\/GF17.mp3\">https:\/\/www.radiopiu.net\/wordpress\/wp-content\/uploads\/2024\/07\/GF17.mp3<\/a><\/audio>\n<p>&nbsp;<\/p>\n<hr \/>\n<p>&nbsp;<\/p>\n<blockquote class=\"wp-embedded-content\" data-secret=\"Tstq0HMgI2\"><p><a href=\"https:\/\/www.radiopiu.net\/wordpress\/il-viaggio-in-inghilterra-con-claudia-magic-teacher-la-raccolta-06\/\">IL VIAGGIO IN INGHILTERRA CON CLAUDIA MAGIC TEACHER &#8211; LA RACCOLTA<\/a><\/p><\/blockquote>\n<p><iframe loading=\"lazy\" class=\"wp-embedded-content\" sandbox=\"allow-scripts\" security=\"restricted\" style=\"position: absolute; clip: rect(1px, 1px, 1px, 1px);\" title=\"&#8220;IL VIAGGIO IN INGHILTERRA CON CLAUDIA MAGIC TEACHER &#8211; LA RACCOLTA&#8221; &#8212; Radio Pi\u00f9\" src=\"https:\/\/www.radiopiu.net\/wordpress\/il-viaggio-in-inghilterra-con-claudia-magic-teacher-la-raccolta-06\/embed\/#?secret=DBiUHIDeXW#?secret=Tstq0HMgI2\" data-secret=\"Tstq0HMgI2\" width=\"600\" height=\"338\" frameborder=\"0\" marginwidth=\"0\" marginheight=\"0\" scrolling=\"no\"><\/iframe><\/p>\n<p>&nbsp;<\/p>\n<hr \/>\n<p>&nbsp;<\/p>\n<h2><span style=\"color: #ff0000;\">DAL SITO DI RADIO PIU&#8230; ALCUNI PODCAST, I PIU&#8217; VISUALIZZATI NELLA SETTIMANA&#8230;\u00a0<\/span><\/h2>\n<blockquote class=\"wp-embedded-content\" data-secret=\"kfIG5SvCHd\"><p><a href=\"https:\/\/www.radiopiu.net\/wordpress\/biblioteca-del-territorio-i-podcast-di-radiopiu\/\">BIBLIOTECA DEL TERRITORIO&#8230; I PODCAST DI RADIOPIU<\/a><\/p><\/blockquote>\n<p><iframe loading=\"lazy\" class=\"wp-embedded-content\" sandbox=\"allow-scripts\" security=\"restricted\" style=\"position: absolute; clip: rect(1px, 1px, 1px, 1px);\" title=\"&#8220;BIBLIOTECA DEL TERRITORIO&#8230; I PODCAST DI RADIOPIU&#8221; &#8212; Radio Pi\u00f9\" src=\"https:\/\/www.radiopiu.net\/wordpress\/biblioteca-del-territorio-i-podcast-di-radiopiu\/embed\/#?secret=XN0QxDqTXB#?secret=kfIG5SvCHd\" data-secret=\"kfIG5SvCHd\" width=\"600\" height=\"338\" frameborder=\"0\" marginwidth=\"0\" marginheight=\"0\" scrolling=\"no\"><\/iframe><\/p>\n<p>&nbsp;<\/p>\n<blockquote class=\"wp-embedded-content\" data-secret=\"AkYxhXIljG\"><p><a href=\"https:\/\/www.radiopiu.net\/wordpress\/lad08aaaa\/\">&#8220;NCONTONSE&#8221; IN LADINO SU RADIO PI\u00d9<\/a><\/p><\/blockquote>\n<p><iframe loading=\"lazy\" class=\"wp-embedded-content\" sandbox=\"allow-scripts\" security=\"restricted\" style=\"position: absolute; clip: rect(1px, 1px, 1px, 1px);\" title=\"&#8220;&#8220;NCONTONSE&#8221; IN LADINO SU RADIO PI\u00d9&#8221; &#8212; Radio Pi\u00f9\" src=\"https:\/\/www.radiopiu.net\/wordpress\/lad08aaaa\/embed\/#?secret=U6OViv0ZVA#?secret=AkYxhXIljG\" data-secret=\"AkYxhXIljG\" width=\"600\" height=\"338\" frameborder=\"0\" marginwidth=\"0\" marginheight=\"0\" scrolling=\"no\"><\/iframe><\/p>\n<p>&nbsp;<\/p>\n<hr \/>\n<p>&nbsp;<\/p>\n<h2><span style=\"color: #ff0000;\"><a class=\"dt-pswp-item\" href=\"https:\/\/www.radiopiu.net\/wordpress\/wp-content\/uploads\/2018\/09\/appuntamenti.jpeg\" data-dt-img-description=\"\" data-large_image_width=\"800\" data-large_image_height=\"100\"><img loading=\"lazy\" decoding=\"async\" class=\"wp-image-61958 size-full aligncenter\" src=\"https:\/\/www.radiopiu.net\/wordpress\/wp-content\/uploads\/2018\/09\/appuntamenti.jpeg\" alt=\"\" width=\"800\" height=\"100\" srcset=\"https:\/\/www.radiopiu.net\/wordpress\/wp-content\/uploads\/2018\/09\/appuntamenti.jpeg 800w, https:\/\/www.radiopiu.net\/wordpress\/wp-content\/uploads\/2018\/09\/appuntamenti-300x38.jpeg 300w, https:\/\/www.radiopiu.net\/wordpress\/wp-content\/uploads\/2018\/09\/appuntamenti-768x96.jpeg 768w\" sizes=\"auto, (max-width: 800px) 100vw, 800px\" \/><\/a><\/span><\/h2>\n<div>\n<div class=\"\" dir=\"auto\">\n<div id=\":r9h:\" class=\"x1iorvi4 x1pi30zi x1l90r2v x1swvt13\" data-ad-comet-preview=\"message\" data-ad-preview=\"message\">\n\n\t\t\t<style type='text\/css'>\n\t\t\t\t#gallery-10 {\n\t\t\t\t\tmargin: auto;\n\t\t\t\t}\n\t\t\t\t#gallery-10 .gallery-item {\n\t\t\t\t\tfloat: left;\n\t\t\t\t\tmargin-top: 10px;\n\t\t\t\t\ttext-align: center;\n\t\t\t\t\twidth: 20%;\n\t\t\t\t}\n\t\t\t\t#gallery-10 img {\n\t\t\t\t\tborder: 2px solid #cfcfcf;\n\t\t\t\t}\n\t\t\t\t#gallery-10 .gallery-caption {\n\t\t\t\t\tmargin-left: 0;\n\t\t\t\t}\n\t\t\t\t\/* see gallery_shortcode() in wp-includes\/media.php *\/\n\t\t\t<\/style>\n\t\t<div id='gallery-10' class='dt-gallery-container gallery galleryid-397956 gallery-columns-5 gallery-size-thumbnail'><dl class='gallery-item'>\n\t\t\t\t<dt class='gallery-icon portrait'>\n\t\t\t\t\t<a class=\"rollover rollover-zoom dt-pswp-item\" title=\"441936111_953300066803441_3663667299753321850_n\" data-dt-img-description=\"\" data-large_image_width=\"520\" data-large_image_height=\"640\"href='https:\/\/www.radiopiu.net\/wordpress\/wp-content\/uploads\/2024\/06\/441936111_953300066803441_3663667299753321850_n.jpg'><img loading=\"lazy\" decoding=\"async\" width=\"150\" height=\"150\" src=\"https:\/\/www.radiopiu.net\/wordpress\/wp-content\/uploads\/2024\/06\/441936111_953300066803441_3663667299753321850_n-150x150.jpg\" class=\"attachment-thumbnail size-thumbnail\" alt=\"\" aria-describedby=\"gallery-10-394061\" \/><\/a>\n\t\t\t\t<\/dt>\n\t\t\t\t\t<dd class='wp-caption-text gallery-caption' id='gallery-10-394061'>\n\t\t\t\t\t31 LUGLIO AL MINIERE E IN DIRETTA ALLA RADIO \n\t\t\t\t\t<\/dd><\/dl><dl class='gallery-item'>\n\t\t\t\t<dt class='gallery-icon portrait'>\n\t\t\t\t\t<a class=\"rollover rollover-zoom dt-pswp-item\" title=\"447443480_320674017756499_9025951349706877056_n\" data-dt-img-description=\"\" data-large_image_width=\"509\" data-large_image_height=\"720\"href='https:\/\/www.radiopiu.net\/wordpress\/wp-content\/uploads\/2024\/06\/447443480_320674017756499_9025951349706877056_n.jpg'><img loading=\"lazy\" decoding=\"async\" width=\"150\" height=\"150\" src=\"https:\/\/www.radiopiu.net\/wordpress\/wp-content\/uploads\/2024\/06\/447443480_320674017756499_9025951349706877056_n-150x150.jpg\" class=\"attachment-thumbnail size-thumbnail\" alt=\"\" aria-describedby=\"gallery-10-395159\" \/><\/a>\n\t\t\t\t<\/dt>\n\t\t\t\t\t<dd class='wp-caption-text gallery-caption' id='gallery-10-395159'>\n\t\t\t\t\t6 LUGLIO AGORDO BAR DELLE BOCCE\n\t\t\t\t\t<\/dd><\/dl><dl class='gallery-item'>\n\t\t\t\t<dt class='gallery-icon landscape'>\n\t\t\t\t\t<a class=\"rollover rollover-zoom dt-pswp-item\" title=\"Senza nome\" data-dt-img-description=\"\" data-large_image_width=\"1137\" data-large_image_height=\"664\"href='https:\/\/www.radiopiu.net\/wordpress\/wp-content\/uploads\/2024\/07\/Senza-nome-17.png'><img loading=\"lazy\" decoding=\"async\" width=\"150\" height=\"150\" src=\"https:\/\/www.radiopiu.net\/wordpress\/wp-content\/uploads\/2024\/07\/Senza-nome-17-150x150.png\" class=\"attachment-thumbnail size-thumbnail\" alt=\"\" aria-describedby=\"gallery-10-397539\" \/><\/a>\n\t\t\t\t<\/dt>\n\t\t\t\t\t<dd class='wp-caption-text gallery-caption' id='gallery-10-397539'>\n\t\t\t\t\t6 LUGLIO RIVAMONTE\n\t\t\t\t\t<\/dd><\/dl><dl class='gallery-item'>\n\t\t\t\t<dt class='gallery-icon portrait'>\n\t\t\t\t\t<a class=\"rollover rollover-zoom dt-pswp-item\" title=\"6611bb69-29ce-483e-ba61-1b39542903cc\" data-dt-img-description=\"\" data-large_image_width=\"1032\" data-large_image_height=\"1473\"href='https:\/\/www.radiopiu.net\/wordpress\/wp-content\/uploads\/2024\/06\/6611bb69-29ce-483e-ba61-1b39542903cc.jpg'><img loading=\"lazy\" decoding=\"async\" width=\"150\" height=\"150\" src=\"https:\/\/www.radiopiu.net\/wordpress\/wp-content\/uploads\/2024\/06\/6611bb69-29ce-483e-ba61-1b39542903cc-150x150.jpg\" class=\"attachment-thumbnail size-thumbnail\" alt=\"\" aria-describedby=\"gallery-10-396645\" \/><\/a>\n\t\t\t\t<\/dt>\n\t\t\t\t\t<dd class='wp-caption-text gallery-caption' id='gallery-10-396645'>\n\t\t\t\t\t12 LUGLIO AGORDO BAR DELLE BOCCE\n\t\t\t\t\t<\/dd><\/dl><dl class='gallery-item'>\n\t\t\t\t<dt class='gallery-icon portrait'>\n\t\t\t\t\t<a class=\"rollover rollover-zoom dt-pswp-item\" title=\"29cc183b-9830-4d50-8ac6-cbf3c300cc4f\" data-dt-img-description=\"\" data-large_image_width=\"1087\" data-large_image_height=\"1600\"href='https:\/\/www.radiopiu.net\/wordpress\/wp-content\/uploads\/2024\/06\/29cc183b-9830-4d50-8ac6-cbf3c300cc4f.jpg'><img loading=\"lazy\" decoding=\"async\" width=\"150\" height=\"150\" src=\"https:\/\/www.radiopiu.net\/wordpress\/wp-content\/uploads\/2024\/06\/29cc183b-9830-4d50-8ac6-cbf3c300cc4f-150x150.jpg\" class=\"attachment-thumbnail size-thumbnail\" alt=\"\" aria-describedby=\"gallery-10-396857\" \/><\/a>\n\t\t\t\t<\/dt>\n\t\t\t\t\t<dd class='wp-caption-text gallery-caption' id='gallery-10-396857'>\n\t\t\t\t\t13 LUGLIO&#8230; DAI ROMANIIIIIIIIIII\n\t\t\t\t\t<\/dd><\/dl><br style=\"clear: both\" \/><dl class='gallery-item'>\n\t\t\t\t<dt class='gallery-icon portrait'>\n\t\t\t\t\t<a class=\"rollover rollover-zoom dt-pswp-item\" title=\"435E7A23-C5F1-4D6E-8C5B-BF7B4F47E9FB\" data-dt-img-description=\"\" data-large_image_width=\"750\" data-large_image_height=\"1334\"href='https:\/\/www.radiopiu.net\/wordpress\/wp-content\/uploads\/2024\/07\/435E7A23-C5F1-4D6E-8C5B-BF7B4F47E9FB.jpg'><img loading=\"lazy\" decoding=\"async\" width=\"150\" height=\"150\" src=\"https:\/\/www.radiopiu.net\/wordpress\/wp-content\/uploads\/2024\/07\/435E7A23-C5F1-4D6E-8C5B-BF7B4F47E9FB-150x150.jpg\" class=\"attachment-thumbnail size-thumbnail\" alt=\"\" aria-describedby=\"gallery-10-398115\" \/><\/a>\n\t\t\t\t<\/dt>\n\t\t\t\t\t<dd class='wp-caption-text gallery-caption' id='gallery-10-398115'>\n\t\t\t\t\tIL 13 LUGLIO A CARFON DI CANALE D&#8217;AGORDO \n\t\t\t\t\t<\/dd><\/dl><dl class='gallery-item'>\n\t\t\t\t<dt class='gallery-icon portrait'>\n\t\t\t\t\t<a class=\"rollover rollover-zoom dt-pswp-item\" title=\"40970b49-6296-4dc3-93d6-aa5934e19f37\" data-dt-img-description=\"\" data-large_image_width=\"1131\" data-large_image_height=\"1600\"href='https:\/\/www.radiopiu.net\/wordpress\/wp-content\/uploads\/2024\/06\/40970b49-6296-4dc3-93d6-aa5934e19f37.jpg'><img loading=\"lazy\" decoding=\"async\" width=\"150\" height=\"150\" src=\"https:\/\/www.radiopiu.net\/wordpress\/wp-content\/uploads\/2024\/06\/40970b49-6296-4dc3-93d6-aa5934e19f37-150x150.jpg\" class=\"attachment-thumbnail size-thumbnail\" alt=\"\" aria-describedby=\"gallery-10-396648\" \/><\/a>\n\t\t\t\t<\/dt>\n\t\t\t\t\t<dd class='wp-caption-text gallery-caption' id='gallery-10-396648'>\n\t\t\t\t\t14 LUGLIO IL PROFESSORE! PRESENTA IL LIBRO\n\t\t\t\t\t<\/dd><\/dl><dl class='gallery-item'>\n\t\t\t\t<dt class='gallery-icon landscape'>\n\t\t\t\t\t<a class=\"rollover rollover-zoom dt-pswp-item\" title=\"d5b0b734-6816-4395-8e21-976a97a70deb\" data-dt-img-description=\"\" data-large_image_width=\"1080\" data-large_image_height=\"1080\"href='https:\/\/www.radiopiu.net\/wordpress\/wp-content\/uploads\/2024\/06\/d5b0b734-6816-4395-8e21-976a97a70deb.jpg'><img loading=\"lazy\" decoding=\"async\" width=\"150\" height=\"150\" src=\"https:\/\/www.radiopiu.net\/wordpress\/wp-content\/uploads\/2024\/06\/d5b0b734-6816-4395-8e21-976a97a70deb-150x150.jpg\" class=\"attachment-thumbnail size-thumbnail\" alt=\"\" aria-describedby=\"gallery-10-396287\" srcset=\"https:\/\/www.radiopiu.net\/wordpress\/wp-content\/uploads\/2024\/06\/d5b0b734-6816-4395-8e21-976a97a70deb-150x150.jpg 150w, https:\/\/www.radiopiu.net\/wordpress\/wp-content\/uploads\/2024\/06\/d5b0b734-6816-4395-8e21-976a97a70deb-300x300.jpg 300w, https:\/\/www.radiopiu.net\/wordpress\/wp-content\/uploads\/2024\/06\/d5b0b734-6816-4395-8e21-976a97a70deb-1024x1024.jpg 1024w, https:\/\/www.radiopiu.net\/wordpress\/wp-content\/uploads\/2024\/06\/d5b0b734-6816-4395-8e21-976a97a70deb-768x768.jpg 768w, https:\/\/www.radiopiu.net\/wordpress\/wp-content\/uploads\/2024\/06\/d5b0b734-6816-4395-8e21-976a97a70deb.jpg 1080w\" sizes=\"auto, (max-width: 150px) 100vw, 150px\" \/><\/a>\n\t\t\t\t<\/dt>\n\t\t\t\t\t<dd class='wp-caption-text gallery-caption' id='gallery-10-396287'>\n\t\t\t\t\t25 LUGLIO A VOLTAGO\n\t\t\t\t\t<\/dd><\/dl><dl class='gallery-item'>\n\t\t\t\t<dt class='gallery-icon portrait'>\n\t\t\t\t\t<a class=\"rollover rollover-zoom dt-pswp-item\" title=\"f84567d6-a1d2-47de-9596-ef8505986952\" data-dt-img-description=\"\" data-large_image_width=\"745\" data-large_image_height=\"1073\"href='https:\/\/www.radiopiu.net\/wordpress\/wp-content\/uploads\/2024\/06\/f84567d6-a1d2-47de-9596-ef8505986952.jpg'><img loading=\"lazy\" decoding=\"async\" width=\"150\" height=\"150\" src=\"https:\/\/www.radiopiu.net\/wordpress\/wp-content\/uploads\/2024\/06\/f84567d6-a1d2-47de-9596-ef8505986952-150x150.jpg\" class=\"attachment-thumbnail size-thumbnail\" alt=\"\" aria-describedby=\"gallery-10-396466\" \/><\/a>\n\t\t\t\t<\/dt>\n\t\t\t\t\t<dd class='wp-caption-text gallery-caption' id='gallery-10-396466'>\n\t\t\t\t\tSUMMER GREEN VOLLEY AGORDINO\n\t\t\t\t\t<\/dd><\/dl><dl class='gallery-item'>\n\t\t\t\t<dt class='gallery-icon landscape'>\n\t\t\t\t\t<a class=\"rollover rollover-zoom dt-pswp-item\" title=\"449189900_484613757290091_1574838248887562981_n\" data-dt-img-description=\"\" data-large_image_width=\"960\" data-large_image_height=\"540\"href='https:\/\/www.radiopiu.net\/wordpress\/wp-content\/uploads\/2024\/06\/449189900_484613757290091_1574838248887562981_n.jpg'><img loading=\"lazy\" decoding=\"async\" width=\"150\" height=\"150\" src=\"https:\/\/www.radiopiu.net\/wordpress\/wp-content\/uploads\/2024\/06\/449189900_484613757290091_1574838248887562981_n-150x150.jpg\" class=\"attachment-thumbnail size-thumbnail\" alt=\"\" aria-describedby=\"gallery-10-396872\" \/><\/a>\n\t\t\t\t<\/dt>\n\t\t\t\t\t<dd class='wp-caption-text gallery-caption' id='gallery-10-396872'>\n\t\t\t\t\t A CANALE D&#8217;AGORDO VALLE DI GARES\n\t\t\t\t\t<\/dd><\/dl><br style=\"clear: both\" \/><dl class='gallery-item'>\n\t\t\t\t<dt class='gallery-icon portrait'>\n\t\t\t\t\t<a class=\"rollover rollover-zoom dt-pswp-item\" title=\"A VOLANTINO A4 def\" data-dt-img-description=\"\" data-large_image_width=\"1240\" data-large_image_height=\"1753\"href='https:\/\/www.radiopiu.net\/wordpress\/wp-content\/uploads\/2024\/06\/A-VOLANTINO-A4-def.jpg'><img loading=\"lazy\" decoding=\"async\" width=\"150\" height=\"150\" src=\"https:\/\/www.radiopiu.net\/wordpress\/wp-content\/uploads\/2024\/06\/A-VOLANTINO-A4-def-150x150.jpg\" class=\"attachment-thumbnail size-thumbnail\" alt=\"\" aria-describedby=\"gallery-10-397138\" \/><\/a>\n\t\t\t\t<\/dt>\n\t\t\t\t\t<dd class='wp-caption-text gallery-caption' id='gallery-10-397138'>\n\t\t\t\t\tVENERDI&#8217; A BELLLUNO\n\t\t\t\t\t<\/dd><\/dl><dl class='gallery-item'>\n\t\t\t\t<dt class='gallery-icon portrait'>\n\t\t\t\t\t<a class=\"rollover rollover-zoom dt-pswp-item\" title=\"original-84F78277-839A-4868-BE6A-5A10A5605E21\" data-dt-img-description=\"\" data-large_image_width=\"1754\" data-large_image_height=\"2480\"href='https:\/\/www.radiopiu.net\/wordpress\/wp-content\/uploads\/2024\/07\/original-84F78277-839A-4868-BE6A-5A10A5605E21.jpeg'><img loading=\"lazy\" decoding=\"async\" width=\"150\" height=\"150\" src=\"https:\/\/www.radiopiu.net\/wordpress\/wp-content\/uploads\/2024\/07\/original-84F78277-839A-4868-BE6A-5A10A5605E21-150x150.jpeg\" class=\"attachment-thumbnail size-thumbnail\" alt=\"\" aria-describedby=\"gallery-10-397532\" \/><\/a>\n\t\t\t\t<\/dt>\n\t\t\t\t\t<dd class='wp-caption-text gallery-caption' id='gallery-10-397532'>\n\t\t\t\t\tHOTEL STELLA ALPINA ESTATE D&#8217;EVENTI \n\t\t\t\t\t<\/dd><\/dl><dl class='gallery-item'>\n\t\t\t\t<dt class='gallery-icon portrait'>\n\t\t\t\t\t<a class=\"rollover rollover-zoom dt-pswp-item\" title=\"8b2155a6-d732-4852-a73f-6ad1b59fac91\" data-dt-img-description=\"\" data-large_image_width=\"1131\" data-large_image_height=\"1600\"href='https:\/\/www.radiopiu.net\/wordpress\/wp-content\/uploads\/2024\/07\/8b2155a6-d732-4852-a73f-6ad1b59fac91-1.jpg'><img loading=\"lazy\" decoding=\"async\" width=\"150\" height=\"150\" src=\"https:\/\/www.radiopiu.net\/wordpress\/wp-content\/uploads\/2024\/07\/8b2155a6-d732-4852-a73f-6ad1b59fac91-1-150x150.jpg\" class=\"attachment-thumbnail size-thumbnail\" alt=\"\" aria-describedby=\"gallery-10-397366\" \/><\/a>\n\t\t\t\t<\/dt>\n\t\t\t\t\t<dd class='wp-caption-text gallery-caption' id='gallery-10-397366'>\n\t\t\t\t\tASSOCIAZIONE BORGO SOTTOGUDA \n\t\t\t\t\t<\/dd><\/dl><dl class='gallery-item'>\n\t\t\t\t<dt class='gallery-icon portrait'>\n\t\t\t\t\t<a class=\"rollover rollover-zoom dt-pswp-item\" title=\"6aaaad58-800e-4990-a3b1-996dabdbe745\" data-dt-img-description=\"\" data-large_image_width=\"1131\" data-large_image_height=\"1600\"href='https:\/\/www.radiopiu.net\/wordpress\/wp-content\/uploads\/2024\/07\/6aaaad58-800e-4990-a3b1-996dabdbe745.jpg'><img loading=\"lazy\" decoding=\"async\" width=\"150\" height=\"150\" src=\"https:\/\/www.radiopiu.net\/wordpress\/wp-content\/uploads\/2024\/07\/6aaaad58-800e-4990-a3b1-996dabdbe745-150x150.jpg\" class=\"attachment-thumbnail size-thumbnail\" alt=\"\" aria-describedby=\"gallery-10-397565\" \/><\/a>\n\t\t\t\t<\/dt>\n\t\t\t\t\t<dd class='wp-caption-text gallery-caption' id='gallery-10-397565'>\n\t\t\t\t\tDAL 20 LUGLIO A VOLTAGO\n\t\t\t\t\t<\/dd><\/dl>\n\t\t\t\t<br style='clear: both' \/>\n\t\t\t<\/div>\n\n<p>&nbsp;<\/p>\n<p><strong><a class=\"dt-pswp-item\" href=\"https:\/\/www.radiopiu.net\/wordpress\/wp-content\/uploads\/2024\/07\/449200672_122158132022160070_1155254120683685018_n.jpg\" data-dt-img-description=\"\" data-large_image_width=\"1080\" data-large_image_height=\"1080\"><img loading=\"lazy\" decoding=\"async\" class=\" wp-image-397238 alignleft\" src=\"https:\/\/www.radiopiu.net\/wordpress\/wp-content\/uploads\/2024\/07\/449200672_122158132022160070_1155254120683685018_n-300x300.jpg\" alt=\"\" width=\"113\" height=\"113\" srcset=\"https:\/\/www.radiopiu.net\/wordpress\/wp-content\/uploads\/2024\/07\/449200672_122158132022160070_1155254120683685018_n-300x300.jpg 300w, https:\/\/www.radiopiu.net\/wordpress\/wp-content\/uploads\/2024\/07\/449200672_122158132022160070_1155254120683685018_n-1024x1024.jpg 1024w, https:\/\/www.radiopiu.net\/wordpress\/wp-content\/uploads\/2024\/07\/449200672_122158132022160070_1155254120683685018_n-150x150.jpg 150w, https:\/\/www.radiopiu.net\/wordpress\/wp-content\/uploads\/2024\/07\/449200672_122158132022160070_1155254120683685018_n-768x768.jpg 768w, https:\/\/www.radiopiu.net\/wordpress\/wp-content\/uploads\/2024\/07\/449200672_122158132022160070_1155254120683685018_n.jpg 1080w\" sizes=\"auto, (max-width: 113px) 100vw, 113px\" \/><\/a>FALCADE<\/strong> Con il mese di luglio tornano le proiezioni al Cinema Dolomiti di Falcade. Inizio con il botto con due fine settimane dedicate al film d&#8217;animazione Disney Pixar &#8220;Inside Out 2&#8221;. Cosa accade quando la ragazzina protagonista del primo INSIDE OUT diventa adolescente? Alle emozioni quali Gioia, Rabbia, Tristezza, Paura e Disgusto si aggiungono Ennui, Invidia, Imbarazzo e soprattutto Ansia: nulla sar\u00e0 pi\u00f9 uguale a prima! Spettacoli alle 17 e alle 21:15 sia oggi che domani. Programmazione il 6, 7, 13 e 14 luglio.<\/p>\n<p><strong>TRICHIANA<\/strong>\u00a0 Oggi alle 20.30 nella chiesa arcipretale concerto del Coro Polifonico di Trichiana diretto da <a class=\"dt-pswp-item\" href=\"https:\/\/www.radiopiu.net\/wordpress\/wp-content\/uploads\/2024\/07\/Coro-ungherese.jpg\" data-dt-img-description=\"\" data-large_image_width=\"1600\" data-large_image_height=\"747\"><img loading=\"lazy\" decoding=\"async\" class=\"size-medium wp-image-397541 alignleft\" src=\"https:\/\/www.radiopiu.net\/wordpress\/wp-content\/uploads\/2024\/07\/Coro-ungherese-300x140.jpg\" alt=\"\" width=\"300\" height=\"140\" srcset=\"https:\/\/www.radiopiu.net\/wordpress\/wp-content\/uploads\/2024\/07\/Coro-ungherese-300x140.jpg 300w, https:\/\/www.radiopiu.net\/wordpress\/wp-content\/uploads\/2024\/07\/Coro-ungherese-1024x478.jpg 1024w, https:\/\/www.radiopiu.net\/wordpress\/wp-content\/uploads\/2024\/07\/Coro-ungherese-768x359.jpg 768w, https:\/\/www.radiopiu.net\/wordpress\/wp-content\/uploads\/2024\/07\/Coro-ungherese-1536x717.jpg 1536w, https:\/\/www.radiopiu.net\/wordpress\/wp-content\/uploads\/2024\/07\/Coro-ungherese.jpg 1600w\" sizes=\"auto, (max-width: 300px) 100vw, 300px\" \/><\/a>Stefano Bittante,\u00a0 Schola Cantorum trichianese diretta da Federico Cortina, Coro giovanile SingOverSound di Vittorio Veneto diretto da Marco Simeoni e Cantemus Children&#8217;s Choir\u00a0 diretto da Denes Szabo (FOTO) Ingresso libero<\/p>\n<\/div>\n<\/div>\n<\/div>\n<p><b>RIVAMONTE <\/b>Elo ncora vera.. di e con Mario, Bruno e la Valbelluna Fold Band. A Rivamonte, casa della Giovent\u00f9 stasera alle 20.30<\/p>\n<p><strong>BELLUNO<\/strong> A Belluno torna il festival &#8220;Luglio Jazz e dintorni&#8221; con la XXXV Edizione dei Concerti in Villa e nelle Corti del Circolo Culturale Bellunese. Sono previsti quattro concerti domenicali alle 17:30, dedicati a jazz, swing, rhythm and blues, soul e funky. Il primo concerto si terr\u00e0 domani nell&#8217;anfiteatro del Ristorante &#8220;Al Borgo&#8221; (villa Doglioni) di Belluno, con Daniela Galli alla voce e Fausto Comunale alla chitarra.<\/p>\n<p>&nbsp;<\/p>\n<h2><span style=\"color: #ff0000;\">PROSSIMAMENTE\u00a0<\/span><\/h2>\n<p><strong>CANALE D&#8217;AGORDO\u00a0<\/strong> Giovedi 11 luglio alle 20.30 in sala Emigranti concerto Luglio Incanto con Benito Madonia. Ingresso libero, organizzazione biblioteche Valle del Biois.<\/p>\n<p><strong>CANALE D&#8217;AGORDO<\/strong> Domenica 14 luglio alle 17 al Bar Colmean presentazione del libro Panorami e Curiosit\u00e0 geologiche con il prof. Vittorio Fenti, brindisi conclusivo. Con Union Ladina Val Biois, Amici dei Minerarim Biblioteche Valle del Biois<\/p>\n<p><strong>AGORDO<\/strong> Sabato 13 luglio alle 18 in sala riunioni della Biblioteca Civica di Agordo in via 27 aprile,\u00a0 presentazione del libro Brina e il Buio di Elena Darg, organizza il Centro Culturale Agordino.<\/p>\n<p><strong>CANALE D&#8217;AGORDO<\/strong> Sabato 13 luglio alle 17 a Carfon di Canale d&#8217;Agordo, localit\u00e0 Casello, inaugurazione di un percorso culturale-naturalistico in onore del poeta contadino Valerio Da Pos. Per godere a piano dell&#8217;esperienza si consiglia di raggiungere il luogo a piedi partendo da Canale d&#8217;Agordo. Un&#8217;iniziative dell&#8217;associazione I Bandoi.<\/p>\n<p>&nbsp;<\/p>\n<p>&nbsp;<\/p>\n<p>&nbsp;<\/p>\n<hr \/>\n<p>&nbsp;<\/p>\n<p><a class=\"dt-pswp-item\" href=\"https:\/\/www.radiopiu.net\/wordpress\/wp-content\/uploads\/2018\/09\/viabilita.jpeg\" data-dt-img-description=\"\" data-large_image_width=\"800\" data-large_image_height=\"100\"><img loading=\"lazy\" decoding=\"async\" class=\"aligncenter wp-image-61954 size-full\" src=\"https:\/\/www.radiopiu.net\/wordpress\/wp-content\/uploads\/2018\/09\/viabilita.jpeg\" alt=\"\" width=\"800\" height=\"100\" srcset=\"https:\/\/www.radiopiu.net\/wordpress\/wp-content\/uploads\/2018\/09\/viabilita.jpeg 800w, https:\/\/www.radiopiu.net\/wordpress\/wp-content\/uploads\/2018\/09\/viabilita-300x38.jpeg 300w, https:\/\/www.radiopiu.net\/wordpress\/wp-content\/uploads\/2018\/09\/viabilita-768x96.jpeg 768w\" sizes=\"auto, (max-width: 800px) 100vw, 800px\" \/><\/a><\/p>\n<p>&nbsp;<\/p>\n<p><a class=\"dt-pswp-item\" href=\"https:\/\/www.radiopiu.net\/wordpress\/wp-content\/uploads\/2023\/12\/botol-car-service.jpg\" data-dt-img-description=\"\" data-large_image_width=\"600\" data-large_image_height=\"600\"><img loading=\"lazy\" decoding=\"async\" class=\"size-medium wp-image-367044 aligncenter\" src=\"https:\/\/www.radiopiu.net\/wordpress\/wp-content\/uploads\/2023\/12\/botol-car-service-300x300.jpg\" alt=\"\" width=\"300\" height=\"300\" srcset=\"https:\/\/www.radiopiu.net\/wordpress\/wp-content\/uploads\/2023\/12\/botol-car-service-300x300.jpg 300w, https:\/\/www.radiopiu.net\/wordpress\/wp-content\/uploads\/2023\/12\/botol-car-service-150x150.jpg 150w, https:\/\/www.radiopiu.net\/wordpress\/wp-content\/uploads\/2023\/12\/botol-car-service.jpg 600w\" sizes=\"auto, (max-width: 300px) 100vw, 300px\" \/><\/a><\/p>\n<p>&nbsp;<\/p>\n<p>&nbsp;<\/p>\n<h1>BOLLETTINO QUOTIDIANO, CLICCA QUI<\/h1>\n<blockquote class=\"wp-embedded-content\" data-secret=\"cNPIwHMOSr\"><p><a href=\"https:\/\/www.radiopiu.net\/wordpress\/viabilita-2\/\">viabilita<\/a><\/p><\/blockquote>\n<p><iframe loading=\"lazy\" class=\"wp-embedded-content\" sandbox=\"allow-scripts\" security=\"restricted\" style=\"position: absolute; clip: rect(1px, 1px, 1px, 1px);\" title=\"&#8220;viabilita&#8221; &#8212; Radio Pi\u00f9\" src=\"https:\/\/www.radiopiu.net\/wordpress\/viabilita-2\/embed\/#?secret=Kbw6A3OiZo#?secret=cNPIwHMOSr\" data-secret=\"cNPIwHMOSr\" width=\"600\" height=\"338\" frameborder=\"0\" marginwidth=\"0\" marginheight=\"0\" scrolling=\"no\"><\/iframe><\/p>\n<p>&nbsp;<\/p>\n<p>&nbsp;<\/p>\n<hr \/>\n<p>&nbsp;<\/p>\n<p><a class=\"dt-pswp-item\" href=\"https:\/\/www.radiopiu.net\/wordpress\/wp-content\/uploads\/2018\/09\/WhatsApp-Image-2018-09-20-at-16.04.06.jpeg\" data-dt-img-description=\"\" data-large_image_width=\"800\" data-large_image_height=\"100\"><img loading=\"lazy\" decoding=\"async\" class=\"wp-image-61378 size-full aligncenter\" src=\"https:\/\/www.radiopiu.net\/wordpress\/wp-content\/uploads\/2018\/09\/WhatsApp-Image-2018-09-20-at-16.04.06.jpeg\" alt=\"\" width=\"800\" height=\"100\" srcset=\"https:\/\/www.radiopiu.net\/wordpress\/wp-content\/uploads\/2018\/09\/WhatsApp-Image-2018-09-20-at-16.04.06.jpeg 800w, https:\/\/www.radiopiu.net\/wordpress\/wp-content\/uploads\/2018\/09\/WhatsApp-Image-2018-09-20-at-16.04.06-300x38.jpeg 300w, https:\/\/www.radiopiu.net\/wordpress\/wp-content\/uploads\/2018\/09\/WhatsApp-Image-2018-09-20-at-16.04.06-768x96.jpeg 768w\" sizes=\"auto, (max-width: 800px) 100vw, 800px\" \/><\/a><\/p>\n<p><center><\/center><center><\/center><center><\/center><center><\/center><center><\/center><center><\/center>&nbsp;<\/p>\n<p><b>OGGI <\/b>Salvo qualche temporanea nube bassa nelle ore pi\u00f9 fresche del giorno eventualmente associata a qualche foschia nelle valli, tempo in prevalenza soleggiato specie al mattino. Dalle ore centrali una moderata attivit\u00e0 cumuliforme potr\u00e0 determinare una maggiore nuvolosit\u00e0 rispetto a venerd\u00ec e innescare qualche fenomeno verso sera o la notte. <strong>Precipitazioni.<\/strong> Generalmente assenti durante la giornata, con probabilit\u00e0 in aumento dalla sera soprattutto tra la fine della giornata e le prime ore di domenica per rovesci o temporali da locali a sparsi.\u00a0 <strong>Temperature.<\/strong> Minime in aumento, massime in lieve o contenuta diminuzione su valori tipicamente estivi<\/p>\n<hr \/>\n<p><strong>DOMANI<\/strong> Nel corso della giornata, nuvoloso o molto nuvoloso&gt;; alternanza di annuvolamenti anche consistenti, associati a qualche temporanea schiarita con fenomeni da sparsi a diffusi. <strong>Precipitazioni.<\/strong> Probabilit\u00e0 medio-alta di precipitazioni discontinue, frequenti e intermittenti, anche a carattere di rovescio o temporale. <strong>Temperature.<\/strong>\u00a0Minime senza notevoli variazioni o in lieve aumento, massime in lieve o moderato calo a tutte le quote.<\/p>\n<hr \/>\n<p><strong>LUNEDI<\/strong> Tempo di nuovo pi\u00f9 stabile e maggiormente soleggiato rispetto a domenica per riduzione dell&#8217;attivit\u00e0 cumuliforme pomeridiana, anche se al mattino il cielo potr\u00e0 ancora presentarsi nuvoloso o molto nuvoloso per residua nuvolosit\u00e0. Temperature minime in lieve calo specie nelle valli, in aumento a tutte le quote su valori leggermente superiori alla media del periodo con elevata escursione termica giornaliera.<\/p>\n<hr \/>\n<p><strong>MARTEDI<\/strong>\u00a0Giornata tipicamente estiva e calda per il periodo. Al mattino cielo sereno o poco nuvoloso, dalle ore centrali formazioni di addensamenti nuvolosi localmente significativi ma in prevalenza innocui. Precipitazioni generalmente assenti, salvo qualche eventuale sporadico piovasco nel corso del pomeriggio\/sera per l&#8217;importante riscaldamento diurno. Temperature in contenuto aumento specie le massime su valori superiori alle medie del periodo.<\/p>\n<p>&nbsp;<\/p>\n<p>&nbsp;<\/p>\n<hr \/>\n<p>&nbsp;<\/p>\n<p><a class=\"dt-pswp-item\" href=\"https:\/\/www.radiopiu.net\/wordpress\/wp-content\/uploads\/2018\/09\/sport.jpg\" data-dt-img-description=\"\" data-large_image_width=\"800\" data-large_image_height=\"100\"><img loading=\"lazy\" decoding=\"async\" class=\"aligncenter wp-image-60761 size-full\" src=\"https:\/\/www.radiopiu.net\/wordpress\/wp-content\/uploads\/2018\/09\/sport.jpg\" alt=\"\" width=\"800\" height=\"100\" srcset=\"https:\/\/www.radiopiu.net\/wordpress\/wp-content\/uploads\/2018\/09\/sport.jpg 800w, https:\/\/www.radiopiu.net\/wordpress\/wp-content\/uploads\/2018\/09\/sport-300x38.jpg 300w, https:\/\/www.radiopiu.net\/wordpress\/wp-content\/uploads\/2018\/09\/sport-768x96.jpg 768w\" sizes=\"auto, (max-width: 800px) 100vw, 800px\" \/><\/a><\/p>\n<p>&nbsp;<\/p>\n<blockquote>\n<h2>DOMANI LA SALI SCENDI A FORCELLA AURINE, TERZA TAPPA CORRIPOI<\/h2>\n<\/blockquote>\n<p>&nbsp;<\/p>\n<p><strong><a class=\"dt-pswp-item\" href=\"https:\/\/www.radiopiu.net\/wordpress\/wp-content\/uploads\/2024\/07\/sali-scendi.jpg\" data-dt-img-description=\"\" data-large_image_width=\"768\" data-large_image_height=\"1112\"><img loading=\"lazy\" decoding=\"async\" class=\" wp-image-397628 alignleft\" src=\"https:\/\/www.radiopiu.net\/wordpress\/wp-content\/uploads\/2024\/07\/sali-scendi-207x300.jpg\" alt=\"\" width=\"97\" height=\"141\" srcset=\"https:\/\/www.radiopiu.net\/wordpress\/wp-content\/uploads\/2024\/07\/sali-scendi-207x300.jpg 207w, https:\/\/www.radiopiu.net\/wordpress\/wp-content\/uploads\/2024\/07\/sali-scendi-707x1024.jpg 707w, https:\/\/www.radiopiu.net\/wordpress\/wp-content\/uploads\/2024\/07\/sali-scendi.jpg 768w\" sizes=\"auto, (max-width: 97px) 100vw, 97px\" \/><\/a>DI MIRKO MEZZACASA<\/strong><\/p>\n<p>OSPITI: Morgan Gnech e Michele Costantini<\/p>\n<audio class=\"wp-audio-shortcode\" id=\"audio-397956-15\" preload=\"none\" style=\"width: 100%;\" controls=\"controls\"><source type=\"audio\/mpeg\" src=\"https:\/\/www.radiopiu.net\/wordpress\/wp-content\/uploads\/2024\/07\/sali-scenti-2024-forcella-aurine.mp3?_=15\" \/><a href=\"https:\/\/www.radiopiu.net\/wordpress\/wp-content\/uploads\/2024\/07\/sali-scenti-2024-forcella-aurine.mp3\">https:\/\/www.radiopiu.net\/wordpress\/wp-content\/uploads\/2024\/07\/sali-scenti-2024-forcella-aurine.mp3<\/a><\/audio>\n<p>&nbsp;<\/p>\n<hr \/>\n<p>&nbsp;<\/p>\n<p><span style=\"color: #0000ff;\"><b>CALCIO<\/b><\/span><\/p>\n<blockquote>\n<h3>CAMPIONATO AGORDINO DI CALCIO, SARA&#8217; UNA DOMENICA DI VERDETTI<\/h3>\n<\/blockquote>\n<p><strong><a class=\"dt-pswp-item\" href=\"https:\/\/www.radiopiu.net\/wordpress\/wp-content\/uploads\/2021\/11\/CALCIO-2021.jpg\" data-dt-img-description=\"\" data-large_image_width=\"2560\" data-large_image_height=\"1707\"><img loading=\"lazy\" decoding=\"async\" class=\" wp-image-242798 alignleft\" src=\"https:\/\/www.radiopiu.net\/wordpress\/wp-content\/uploads\/2021\/11\/CALCIO-2021-300x200.jpg\" alt=\"\" width=\"173\" height=\"115\" srcset=\"https:\/\/www.radiopiu.net\/wordpress\/wp-content\/uploads\/2021\/11\/CALCIO-2021-300x200.jpg 300w, https:\/\/www.radiopiu.net\/wordpress\/wp-content\/uploads\/2021\/11\/CALCIO-2021-1024x683.jpg 1024w, https:\/\/www.radiopiu.net\/wordpress\/wp-content\/uploads\/2021\/11\/CALCIO-2021-768x512.jpg 768w, https:\/\/www.radiopiu.net\/wordpress\/wp-content\/uploads\/2021\/11\/CALCIO-2021-1536x1024.jpg 1536w, https:\/\/www.radiopiu.net\/wordpress\/wp-content\/uploads\/2021\/11\/CALCIO-2021-2048x1366.jpg 2048w\" sizes=\"auto, (max-width: 173px) 100vw, 173px\" \/><\/a>DI MARCO GAZ<\/strong><\/p>\n<p><strong>REDAZIONE<\/strong> Sar\u00e0 una domenica di verdetti per il Campionato Agordino di Calcio. Il Memorial Attilio Moretti vede le 13 squadre iscritte giocarsi l\u2019ultima giornata della fase a gironi e solo una squadra al momento \u00e8 sicura di aver strappato il pass per i quarti di finale. Tutte le sfide si giocheranno domani alle 16. Nel girone A il Vallada \u00e8 matematicamente ai quarti e domani sul green di casa ospita un Caprile al quale basta un punto per accedere ai quarti. Anche il Taibon ha la possibilit\u00e0 di accedere direttamente ai quarti ma dovr\u00e0 vincere la sfida con il La Valle e sperare che il Vallada vinca con il Caprile. Il Fodom rispetter\u00e0 il turno di riposo con la sicurezza dell\u2019accesso ai miniottavi assieme al La Valle. L\u2019ultimo posto disponibile per la fase finale si gioca nello scontro diretto tra Rivamonte e Alleghe dove la vincente passer\u00e0 il turno e la sconfitta saluter\u00e0 anzitempo la manifestazione. Tutto in bilico nel girone B dove sono 4 le formazioni in corsa per i 2 posti disponibili ai quarti di finale. Ai campioni in carica del Voltago basta un pareggio con il Goslado per accedere ai quarti ma i gosaldini devono vincere per sperare nella qualificazione diretta. Come deve vincere il Canale che si trova di fronte il Falcade\/Caviola. Il Le Ville deve vincere a Cencenighe e sperare in un pareggio tra Voltago e Gosaldo per accedere ai quarti grazie alla classifica avulsa.<\/p>\n<p><strong>LA CLASSIFICA:<\/strong> Girone A: Vallada* 13, Caprile* 11, Taibon 9, La Valle* 7, Fodom 6, Rivamonte* e Alleghe* 1 (* una partita in meno). Girone B: Voltago 10, Canale, Gosaldo e Le Ville 7, Falcade\/Caviola 3, Cencenighe 0<\/p>\n<p><strong>PROSSIMO TURNO:<\/strong> Girone A: domani alle 16 La Valle \u2013 Taibon, Vallada \u2013 Caprile e Rivamonte &#8211; Alleghe. Riposa il Fodom. Girone B: domani alle 16 Gosaldo \u2013 Voltago, Canale \u2013 Falcade\/Caviola, Cencenighe \u2013 La Valle.<\/p>\n<p>&nbsp;<\/p>\n<p><span style=\"color: #0000ff;\"><strong>PALLAVOLO<\/strong><\/span><\/p>\n<blockquote>\n<h3>MALAGUTI SECONDO ALLENATORE DEL BELLUNO VOLLEY<\/h3>\n<\/blockquote>\n<p><a class=\"dt-pswp-item\" href=\"https:\/\/www.radiopiu.net\/wordpress\/wp-content\/uploads\/2024\/07\/Malaguti_vice_allenatore.jpg\" data-dt-img-description=\"\" data-large_image_width=\"1891\" data-large_image_height=\"2454\"><img loading=\"lazy\" decoding=\"async\" class=\" wp-image-398007 alignleft\" src=\"https:\/\/www.radiopiu.net\/wordpress\/wp-content\/uploads\/2024\/07\/Malaguti_vice_allenatore-231x300.jpg\" alt=\"\" width=\"106\" height=\"138\" srcset=\"https:\/\/www.radiopiu.net\/wordpress\/wp-content\/uploads\/2024\/07\/Malaguti_vice_allenatore-231x300.jpg 231w, https:\/\/www.radiopiu.net\/wordpress\/wp-content\/uploads\/2024\/07\/Malaguti_vice_allenatore-789x1024.jpg 789w, https:\/\/www.radiopiu.net\/wordpress\/wp-content\/uploads\/2024\/07\/Malaguti_vice_allenatore-768x997.jpg 768w, https:\/\/www.radiopiu.net\/wordpress\/wp-content\/uploads\/2024\/07\/Malaguti_vice_allenatore-1184x1536.jpg 1184w, https:\/\/www.radiopiu.net\/wordpress\/wp-content\/uploads\/2024\/07\/Malaguti_vice_allenatore-1578x2048.jpg 1578w, https:\/\/www.radiopiu.net\/wordpress\/wp-content\/uploads\/2024\/07\/Malaguti_vice_allenatore.jpg 1891w\" sizes=\"auto, (max-width: 106px) 100vw, 106px\" \/><\/a>Roberto Malaguti rimane nello staff tecnico del Belluno Volley, ma passa dal ruolo di collaboratore tecnico a vice allenatore, diventando il &#8220;braccio destro&#8221; di coach Matteo De Cecco. Malaguti esprime orgoglio e felicit\u00e0 per il nuovo incarico, promettendo il massimo impegno per raggiungere nuovi traguardi. Sottolinea l&#8217;importanza della fiducia tra i membri dello staff e elogia la professionalit\u00e0 dei giocatori. Malaguti concilia il suo impegno nel volley con la sua professione quotidiana, grazie al supporto della famiglia. La sua passione per la pallavolo \u00e8 nata durante un torneo estivo e continua a crescere, ispirato da figure come Fef\u00e8 De Giorgi. Per lui, il Belluno Volley \u00e8 una grande famiglia in cui \u00e8 orgoglioso di essere immerso per il terzo anno consecutivo.<\/p>\n<p>&nbsp;<\/p>\n<hr \/>\n<p>&nbsp;<\/p>\n<h2><span style=\"color: #00ff00;\">GOODBYE BY BICICLE&#8230;UN VIAGGIO DALL&#8217;INDIA A SEREN DEL GRAPPA IN BICICLETTA<\/span><\/h2>\n<p><span style=\"color: #ff0000;\"><strong>PUNTATA 20 &#8211; DALLA CINA AD ISTANBUL<\/strong><\/span><\/p>\n<audio class=\"wp-audio-shortcode\" id=\"audio-397956-16\" preload=\"none\" style=\"width: 100%;\" controls=\"controls\"><source type=\"audio\/mpeg\" src=\"https:\/\/www.radiopiu.net\/wordpress\/wp-content\/uploads\/2024\/06\/AIRE-INDIA-PUNTATA-20.mp3?_=16\" \/><a href=\"https:\/\/www.radiopiu.net\/wordpress\/wp-content\/uploads\/2024\/06\/AIRE-INDIA-PUNTATA-20.mp3\">https:\/\/www.radiopiu.net\/wordpress\/wp-content\/uploads\/2024\/06\/AIRE-INDIA-PUNTATA-20.mp3<\/a><\/audio>\n<p>&nbsp;<\/p>\n<p><strong>PER VISITARE I SITI DEI LUOGHI VISITATI, CLICCA SULLE SEGUENTI SCRITTE: <span style=\"color: #3366ff;\"><a href=\"https:\/\/earthist.in\/\">EARTH IST<\/a> (<a href=\"https:\/\/www.instagram.com\/earthist.in?igsh=cHUzbWp0YnQycG9o\">INSTAGRAM<\/a>)\u00a0 \u00a0<a href=\"https:\/\/www.thegreensilkroad.com\/\">THE GREEN SILK ROAD<\/a> (<a href=\"https:\/\/www.instagram.com\/thegreensilkroad?igsh=MWt2M2Z5MXR4M3F5NQ==\">INSTAGRAM<\/a>)<\/span><\/strong><\/p>\n<p>&nbsp;<\/p>\n\n\t\t\t<style type='text\/css'>\n\t\t\t\t#gallery-11 {\n\t\t\t\t\tmargin: auto;\n\t\t\t\t}\n\t\t\t\t#gallery-11 .gallery-item {\n\t\t\t\t\tfloat: left;\n\t\t\t\t\tmargin-top: 10px;\n\t\t\t\t\ttext-align: center;\n\t\t\t\t\twidth: 25%;\n\t\t\t\t}\n\t\t\t\t#gallery-11 img {\n\t\t\t\t\tborder: 2px solid #cfcfcf;\n\t\t\t\t}\n\t\t\t\t#gallery-11 .gallery-caption {\n\t\t\t\t\tmargin-left: 0;\n\t\t\t\t}\n\t\t\t\t\/* see gallery_shortcode() in wp-includes\/media.php *\/\n\t\t\t<\/style>\n\t\t<div id='gallery-11' class='dt-gallery-container gallery galleryid-397956 gallery-columns-4 gallery-size-thumbnail'><dl class='gallery-item'>\n\t\t\t\t<dt class='gallery-icon landscape'>\n\t\t\t\t\t<a class=\"rollover rollover-zoom dt-pswp-item\" title=\"139efe29-7cac-4f3b-b657-a00d7c77fec9\" data-dt-img-description=\"\" data-large_image_width=\"1600\" data-large_image_height=\"1200\"href='https:\/\/www.radiopiu.net\/wordpress\/wp-content\/uploads\/2024\/06\/139efe29-7cac-4f3b-b657-a00d7c77fec9.jpg'><img loading=\"lazy\" decoding=\"async\" width=\"150\" height=\"150\" src=\"https:\/\/www.radiopiu.net\/wordpress\/wp-content\/uploads\/2024\/06\/139efe29-7cac-4f3b-b657-a00d7c77fec9-150x150.jpg\" class=\"attachment-thumbnail size-thumbnail\" alt=\"\" \/><\/a>\n\t\t\t\t<\/dt><\/dl><dl class='gallery-item'>\n\t\t\t\t<dt class='gallery-icon portrait'>\n\t\t\t\t\t<a class=\"rollover rollover-zoom dt-pswp-item\" title=\"dc34114c-ff06-4ec2-ab87-3ea1278d58f6\" data-dt-img-description=\"\" data-large_image_width=\"1200\" data-large_image_height=\"1600\"href='https:\/\/www.radiopiu.net\/wordpress\/wp-content\/uploads\/2024\/06\/dc34114c-ff06-4ec2-ab87-3ea1278d58f6.jpg'><img loading=\"lazy\" decoding=\"async\" width=\"150\" height=\"150\" src=\"https:\/\/www.radiopiu.net\/wordpress\/wp-content\/uploads\/2024\/06\/dc34114c-ff06-4ec2-ab87-3ea1278d58f6-150x150.jpg\" class=\"attachment-thumbnail size-thumbnail\" alt=\"\" \/><\/a>\n\t\t\t\t<\/dt><\/dl><dl class='gallery-item'>\n\t\t\t\t<dt class='gallery-icon portrait'>\n\t\t\t\t\t<a class=\"rollover rollover-zoom dt-pswp-item\" title=\"0ac6a402-afe3-4aa9-ae64-bc15596bf4ce\" data-dt-img-description=\"\" data-large_image_width=\"963\" data-large_image_height=\"1280\"href='https:\/\/www.radiopiu.net\/wordpress\/wp-content\/uploads\/2024\/06\/0ac6a402-afe3-4aa9-ae64-bc15596bf4ce.jpg'><img loading=\"lazy\" decoding=\"async\" width=\"150\" height=\"150\" src=\"https:\/\/www.radiopiu.net\/wordpress\/wp-content\/uploads\/2024\/06\/0ac6a402-afe3-4aa9-ae64-bc15596bf4ce-150x150.jpg\" class=\"attachment-thumbnail size-thumbnail\" alt=\"\" \/><\/a>\n\t\t\t\t<\/dt><\/dl><dl class='gallery-item'>\n\t\t\t\t<dt class='gallery-icon landscape'>\n\t\t\t\t\t<a class=\"rollover rollover-zoom dt-pswp-item\" title=\"43e82a59-14a2-4764-9783-bd2541f88249\" data-dt-img-description=\"\" data-large_image_width=\"1600\" data-large_image_height=\"1200\"href='https:\/\/www.radiopiu.net\/wordpress\/wp-content\/uploads\/2024\/06\/43e82a59-14a2-4764-9783-bd2541f88249.jpg'><img loading=\"lazy\" decoding=\"async\" width=\"150\" height=\"150\" src=\"https:\/\/www.radiopiu.net\/wordpress\/wp-content\/uploads\/2024\/06\/43e82a59-14a2-4764-9783-bd2541f88249-150x150.jpg\" class=\"attachment-thumbnail size-thumbnail\" alt=\"\" \/><\/a>\n\t\t\t\t<\/dt><\/dl><br style=\"clear: both\" \/>\n\t\t\t<\/div>\n\n<p>&nbsp;<\/p>\n<p>&nbsp;<\/p>\n<p>&nbsp;<\/p>\n<p>&nbsp;<\/p>\n","protected":false},"excerpt":{"rendered":"<p>******* &nbsp; ATTENZIONE: LA NUOVA APP PER IOS-IPHONE di Nicola Vettorello https:\/\/apps.apple.com\/it\/app\/radio-pi%C3%B9-emittente-agordina\/id1515939845 ATTENZIONE: LA NUOVA APP RADIO\u00a0 PER ANDROID di Nicola Vettorello https:\/\/play.google.com\/store\/apps\/details?id=net.radiopiu.iniko\u00a0\u00a0\u00a0 &nbsp; &nbsp; &nbsp; STRADA DEL PASSO DURAN APERTA FINO AL PASSO DAL LATO DI LA VALLE AGORDINA \u00a0 DOMANI PASSI CHIUSI PER COMPETIZIONE CICLISTICA_CORVARA \u00a0 \u00a0 \u00a0 &nbsp; OGGI ALLA RADIO: ALLE&hellip;<\/p>\n","protected":false},"author":4,"featured_media":398153,"comment_status":"closed","ping_status":"closed","sticky":false,"template":"","format":"standard","meta":{"_monsterinsights_skip_tracking":false,"_monsterinsights_sitenote_active":false,"_monsterinsights_sitenote_note":"","_monsterinsights_sitenote_category":0,"footnotes":""},"categories":[51,86,49],"tags":[],"class_list":["post-397956","post","type-post","status-publish","format-standard","has-post-thumbnail","hentry","category-evidenza-top","category-gr","category-news-18","category-51","category-86","category-49","description-off"],"img_url":"https:\/\/www.radiopiu.net\/wordpress\/wp-content\/uploads\/2024\/07\/e9d5f469-888a-4631-9fd2-01402353e347.jpg","_links":{"self":[{"href":"https:\/\/www.radiopiu.net\/wordpress\/wp-json\/wp\/v2\/posts\/397956","targetHints":{"allow":["GET"]}}],"collection":[{"href":"https:\/\/www.radiopiu.net\/wordpress\/wp-json\/wp\/v2\/posts"}],"about":[{"href":"https:\/\/www.radiopiu.net\/wordpress\/wp-json\/wp\/v2\/types\/post"}],"author":[{"embeddable":true,"href":"https:\/\/www.radiopiu.net\/wordpress\/wp-json\/wp\/v2\/users\/4"}],"replies":[{"embeddable":true,"href":"https:\/\/www.radiopiu.net\/wordpress\/wp-json\/wp\/v2\/comments?post=397956"}],"version-history":[{"count":0,"href":"https:\/\/www.radiopiu.net\/wordpress\/wp-json\/wp\/v2\/posts\/397956\/revisions"}],"wp:featuredmedia":[{"embeddable":true,"href":"https:\/\/www.radiopiu.net\/wordpress\/wp-json\/wp\/v2\/media\/398153"}],"wp:attachment":[{"href":"https:\/\/www.radiopiu.net\/wordpress\/wp-json\/wp\/v2\/media?parent=397956"}],"wp:term":[{"taxonomy":"category","embeddable":true,"href":"https:\/\/www.radiopiu.net\/wordpress\/wp-json\/wp\/v2\/categories?post=397956"},{"taxonomy":"post_tag","embeddable":true,"href":"https:\/\/www.radiopiu.net\/wordpress\/wp-json\/wp\/v2\/tags?post=397956"}],"curies":[{"name":"wp","href":"https:\/\/api.w.org\/{rel}","templated":true}]}}