{"id":398040,"date":"2024-07-05T12:33:04","date_gmt":"2024-07-05T10:33:04","guid":{"rendered":"https:\/\/www.radiopiu.net\/wordpress\/?p=398040"},"modified":"2024-07-05T12:33:04","modified_gmt":"2024-07-05T10:33:04","slug":"agordo-ecco-di-nuovo-i-mercatini-dell-antiquariato-e-del-collezionismo-2","status":"publish","type":"post","link":"https:\/\/www.radiopiu.net\/wordpress\/agordo-ecco-di-nuovo-i-mercatini-dell-antiquariato-e-del-collezionismo-2\/","title":{"rendered":"AGORDO: ECCO DI NUOVO I MERCATINI DELL\u2019 ANTIQUARIATO E DEL COLLEZIONISMO"},"content":{"rendered":"<p>*****<\/p>\n<p>&nbsp;<\/p>\n<p><strong>DI GIORGIO FONTANIVE<\/strong><\/p>\n<p><strong>AGORDO <\/strong>Il Gruppo degli Amici dell\u2019Antiquariato con l\u2019aiuto della Pro loco ha organizzato i consueti mercatini: quattro nel capoluogo di vallata e, in collaborazione con la societ\u00e0 Desma, a Forcella Aurine che ha inserito la manifestazione nel proprio calendario. A luglio gli appuntamenti avranno luogo domenica 7 e domenica 21 mentre ad agosto sono stati fissati per domenica 4 e sabato 10; la rassegna chiuder\u00e0 marted\u00ec 13 agosto a Forcella Aurine confidando nella meteo favorevole dal momento che si svolger\u00e0 su terreno privato prativo con la partecipazione di una ventina di scelti hobbisti e commercianti. Ad Agordo ci saranno altri numeri attorno al Br\u00f3i con una cinquantina di <em>stands<\/em> come accade da ormai 14 anni, per un appuntamento conosciuto e atteso dagli appassionati di oggettistica, materiali d\u2019epoca e vintage, piccolo antiquariato, modernariato, mobili, arte e collezionismo cartaceo, cartoline, dischi, libri, ceramiche, reperti vari, medaglistica, incisioni, monete, ecc. In condizioni favorevoli ad Agordo si possono comunque contare 1500\/2000 passaggi creando un indotto non indifferente: un bel richiamo per le vie attorno al Br\u00f3i e per gli esercizi pubblici che vi gravitano. E senza creare competizione con l\u2019apparato commerciale locale perch\u00e9 i mercatini dell\u2019antiquariato intendono promuovere il collezionismo, la cultura dell\u2019oggetto antico e del riuso, escludendo gli articoli legati ai mercati rionali settimanali. Per i\u00a0 potenziali visitatori sar\u00e0 utile consultare anche il sito <a href=\"http:\/\/www.mercatinidelledolomiti.it\">www.mercatinidelledolomiti.it<\/a>. Da non mancare quindi!<\/p>\n<p>&nbsp;<\/p>\n\n\t\t\t<style type='text\/css'>\n\t\t\t\t#gallery-1 {\n\t\t\t\t\tmargin: auto;\n\t\t\t\t}\n\t\t\t\t#gallery-1 .gallery-item {\n\t\t\t\t\tfloat: left;\n\t\t\t\t\tmargin-top: 10px;\n\t\t\t\t\ttext-align: center;\n\t\t\t\t\twidth: 50%;\n\t\t\t\t}\n\t\t\t\t#gallery-1 img {\n\t\t\t\t\tborder: 2px solid #cfcfcf;\n\t\t\t\t}\n\t\t\t\t#gallery-1 .gallery-caption {\n\t\t\t\t\tmargin-left: 0;\n\t\t\t\t}\n\t\t\t\t\/* see gallery_shortcode() in wp-includes\/media.php *\/\n\t\t\t<\/style>\n\t\t<div id='gallery-1' class='dt-gallery-container gallery galleryid-398040 gallery-columns-2 gallery-size-medium'><dl class='gallery-item'>\n\t\t\t\t<dt class='gallery-icon landscape'>\n\t\t\t\t\t<a class=\"rollover rollover-zoom dt-pswp-item\" title=\"Radiopiu\u0300 (1)\" data-dt-img-description=\"\" data-large_image_width=\"2560\" data-large_image_height=\"1709\"href='https:\/\/www.radiopiu.net\/wordpress\/wp-content\/uploads\/2024\/07\/Radiopiu-1-scaled.jpg'><img loading=\"lazy\" decoding=\"async\" width=\"300\" height=\"200\" src=\"https:\/\/www.radiopiu.net\/wordpress\/wp-content\/uploads\/2024\/07\/Radiopiu-1-300x200.jpg\" class=\"attachment-medium size-medium\" alt=\"\" srcset=\"https:\/\/www.radiopiu.net\/wordpress\/wp-content\/uploads\/2024\/07\/Radiopiu-1-300x200.jpg 300w, https:\/\/www.radiopiu.net\/wordpress\/wp-content\/uploads\/2024\/07\/Radiopiu-1-1024x684.jpg 1024w, https:\/\/www.radiopiu.net\/wordpress\/wp-content\/uploads\/2024\/07\/Radiopiu-1-768x513.jpg 768w, https:\/\/www.radiopiu.net\/wordpress\/wp-content\/uploads\/2024\/07\/Radiopiu-1-1536x1025.jpg 1536w, https:\/\/www.radiopiu.net\/wordpress\/wp-content\/uploads\/2024\/07\/Radiopiu-1-2048x1367.jpg 2048w\" sizes=\"auto, (max-width: 300px) 100vw, 300px\" \/><\/a>\n\t\t\t\t<\/dt><\/dl><dl class='gallery-item'>\n\t\t\t\t<dt class='gallery-icon landscape'>\n\t\t\t\t\t<a class=\"rollover rollover-zoom dt-pswp-item\" title=\"Radiopiu\u0300 (2)\" data-dt-img-description=\"\" data-large_image_width=\"2089\" data-large_image_height=\"2088\"href='https:\/\/www.radiopiu.net\/wordpress\/wp-content\/uploads\/2024\/07\/Radiopiu-2.jpg'><img loading=\"lazy\" decoding=\"async\" width=\"300\" height=\"300\" src=\"https:\/\/www.radiopiu.net\/wordpress\/wp-content\/uploads\/2024\/07\/Radiopiu-2-300x300.jpg\" class=\"attachment-medium size-medium\" alt=\"\" srcset=\"https:\/\/www.radiopiu.net\/wordpress\/wp-content\/uploads\/2024\/07\/Radiopiu-2-300x300.jpg 300w, https:\/\/www.radiopiu.net\/wordpress\/wp-content\/uploads\/2024\/07\/Radiopiu-2-1024x1024.jpg 1024w, https:\/\/www.radiopiu.net\/wordpress\/wp-content\/uploads\/2024\/07\/Radiopiu-2-150x150.jpg 150w, https:\/\/www.radiopiu.net\/wordpress\/wp-content\/uploads\/2024\/07\/Radiopiu-2-768x768.jpg 768w, https:\/\/www.radiopiu.net\/wordpress\/wp-content\/uploads\/2024\/07\/Radiopiu-2-1536x1536.jpg 1536w, https:\/\/www.radiopiu.net\/wordpress\/wp-content\/uploads\/2024\/07\/Radiopiu-2-2048x2048.jpg 2048w\" sizes=\"auto, (max-width: 300px) 100vw, 300px\" \/><\/a>\n\t\t\t\t<\/dt><\/dl><br style=\"clear: both\" \/>\n\t\t\t<\/div>\n\n<p>&nbsp;<\/p>\n<p>&nbsp;<\/p>\n<p>*******<\/p>\n","protected":false},"excerpt":{"rendered":"<p>***** &nbsp; DI GIORGIO FONTANIVE AGORDO Il Gruppo degli Amici dell\u2019Antiquariato con l\u2019aiuto della Pro loco ha organizzato i consueti mercatini: quattro nel capoluogo di vallata e, in collaborazione con la societ\u00e0 Desma, a Forcella Aurine che ha inserito la manifestazione nel proprio calendario. A luglio gli appuntamenti avranno luogo domenica 7 e domenica 21&hellip;<\/p>\n","protected":false},"author":4,"featured_media":398041,"comment_status":"closed","ping_status":"closed","sticky":false,"template":"","format":"standard","meta":{"_monsterinsights_skip_tracking":false,"_monsterinsights_sitenote_active":false,"_monsterinsights_sitenote_note":"","_monsterinsights_sitenote_category":0,"footnotes":""},"categories":[49],"tags":[],"class_list":["post-398040","post","type-post","status-publish","format-standard","has-post-thumbnail","hentry","category-news-18","category-49","description-off"],"img_url":"https:\/\/www.radiopiu.net\/wordpress\/wp-content\/uploads\/2024\/07\/Radiopiu-1-scaled.jpg","_links":{"self":[{"href":"https:\/\/www.radiopiu.net\/wordpress\/wp-json\/wp\/v2\/posts\/398040","targetHints":{"allow":["GET"]}}],"collection":[{"href":"https:\/\/www.radiopiu.net\/wordpress\/wp-json\/wp\/v2\/posts"}],"about":[{"href":"https:\/\/www.radiopiu.net\/wordpress\/wp-json\/wp\/v2\/types\/post"}],"author":[{"embeddable":true,"href":"https:\/\/www.radiopiu.net\/wordpress\/wp-json\/wp\/v2\/users\/4"}],"replies":[{"embeddable":true,"href":"https:\/\/www.radiopiu.net\/wordpress\/wp-json\/wp\/v2\/comments?post=398040"}],"version-history":[{"count":0,"href":"https:\/\/www.radiopiu.net\/wordpress\/wp-json\/wp\/v2\/posts\/398040\/revisions"}],"wp:featuredmedia":[{"embeddable":true,"href":"https:\/\/www.radiopiu.net\/wordpress\/wp-json\/wp\/v2\/media\/398041"}],"wp:attachment":[{"href":"https:\/\/www.radiopiu.net\/wordpress\/wp-json\/wp\/v2\/media?parent=398040"}],"wp:term":[{"taxonomy":"category","embeddable":true,"href":"https:\/\/www.radiopiu.net\/wordpress\/wp-json\/wp\/v2\/categories?post=398040"},{"taxonomy":"post_tag","embeddable":true,"href":"https:\/\/www.radiopiu.net\/wordpress\/wp-json\/wp\/v2\/tags?post=398040"}],"curies":[{"name":"wp","href":"https:\/\/api.w.org\/{rel}","templated":true}]}}