{"id":398107,"date":"2024-07-06T06:01:50","date_gmt":"2024-07-06T04:01:50","guid":{"rendered":"https:\/\/www.radiopiu.net\/wordpress\/?p=398107"},"modified":"2024-07-06T06:11:39","modified_gmt":"2024-07-06T04:11:39","slug":"tre-incidenti-sulle-strade-bellunesi","status":"publish","type":"post","link":"https:\/\/www.radiopiu.net\/wordpress\/tre-incidenti-sulle-strade-bellunesi\/","title":{"rendered":"TRE INCIDENTI SULLE STRADE BELLUNESI"},"content":{"rendered":"<p>****<br \/>\nREDAZIONE Suem impegnato in tre incidenti stradali nella giornata di oggi. Il primo poco dopo le 12 sul Passo Giau dove un motociclista ha avuto la peggio. Il 33enne di Latisana (UD) \u00e8 stato soccorso dall\u2019ambulanza e dall\u2019elicottero Falco che lo ha elitrasportato al San Martino di Belluno con ferite di media gravit\u00e0. Poco prima delle 17 il secondo incidente, quasta volta a Feltre dove sono entrate in collisione un\u2019auto e una moto. Rimasto ferito un uomo di 66 anni del posto che \u00e8 stato portato in ospedale in ambulanza. Infine, alle 18, un incidente a Caprile di Alleghe dove una moto ed un furgone sono entrati in collisione. Sul posto l\u2019ambulanza di Alleghe che si \u00e8 occupata del ferito, un 55enne di Rocca Pietore, che \u00e8 stato portato al Papa Luciani di Agordo con ferite di media gravit\u00e0.<\/p>\n<p>******<\/p>\n","protected":false},"excerpt":{"rendered":"<p>**** REDAZIONE Suem impegnato in tre incidenti stradali nella giornata di oggi. Il primo poco dopo le 12 sul Passo Giau dove un motociclista ha avuto la peggio. Il 33enne di Latisana (UD) \u00e8 stato soccorso dall\u2019ambulanza e dall\u2019elicottero Falco che lo ha elitrasportato al San Martino di Belluno con ferite di media gravit\u00e0. Poco&hellip;<\/p>\n","protected":false},"author":4,"featured_media":382581,"comment_status":"closed","ping_status":"closed","sticky":false,"template":"","format":"standard","meta":{"_monsterinsights_skip_tracking":false,"_monsterinsights_sitenote_active":false,"_monsterinsights_sitenote_note":"","_monsterinsights_sitenote_category":0,"footnotes":""},"categories":[49],"tags":[],"class_list":["post-398107","post","type-post","status-publish","format-standard","has-post-thumbnail","hentry","category-news-18","category-49","description-off"],"img_url":"https:\/\/www.radiopiu.net\/wordpress\/wp-content\/uploads\/2024\/04\/salt-suem-agordo-croce.jpeg","_links":{"self":[{"href":"https:\/\/www.radiopiu.net\/wordpress\/wp-json\/wp\/v2\/posts\/398107","targetHints":{"allow":["GET"]}}],"collection":[{"href":"https:\/\/www.radiopiu.net\/wordpress\/wp-json\/wp\/v2\/posts"}],"about":[{"href":"https:\/\/www.radiopiu.net\/wordpress\/wp-json\/wp\/v2\/types\/post"}],"author":[{"embeddable":true,"href":"https:\/\/www.radiopiu.net\/wordpress\/wp-json\/wp\/v2\/users\/4"}],"replies":[{"embeddable":true,"href":"https:\/\/www.radiopiu.net\/wordpress\/wp-json\/wp\/v2\/comments?post=398107"}],"version-history":[{"count":0,"href":"https:\/\/www.radiopiu.net\/wordpress\/wp-json\/wp\/v2\/posts\/398107\/revisions"}],"wp:featuredmedia":[{"embeddable":true,"href":"https:\/\/www.radiopiu.net\/wordpress\/wp-json\/wp\/v2\/media\/382581"}],"wp:attachment":[{"href":"https:\/\/www.radiopiu.net\/wordpress\/wp-json\/wp\/v2\/media?parent=398107"}],"wp:term":[{"taxonomy":"category","embeddable":true,"href":"https:\/\/www.radiopiu.net\/wordpress\/wp-json\/wp\/v2\/categories?post=398107"},{"taxonomy":"post_tag","embeddable":true,"href":"https:\/\/www.radiopiu.net\/wordpress\/wp-json\/wp\/v2\/tags?post=398107"}],"curies":[{"name":"wp","href":"https:\/\/api.w.org\/{rel}","templated":true}]}}