{"id":398178,"date":"2024-07-06T09:42:44","date_gmt":"2024-07-06T07:42:44","guid":{"rendered":"https:\/\/www.radiopiu.net\/wordpress\/?p=398178"},"modified":"2024-07-09T05:36:47","modified_gmt":"2024-07-09T03:36:47","slug":"la-cura-ambientale-a-lato-della-sr-203-in-comune-di-sedico","status":"publish","type":"post","link":"https:\/\/www.radiopiu.net\/wordpress\/la-cura-ambientale-a-lato-della-sr-203-in-comune-di-sedico\/","title":{"rendered":"LA CURA AMBIENTALE  A LATO DELLA SR 203 IN COMUNE DI SEDICO"},"content":{"rendered":"<p>******<\/p>\n<p>&nbsp;<\/p>\n<p><strong>DI GIORGIO FONTANIVE<\/strong><\/p>\n<p><strong>SEDICO <\/strong>Che dire? Il luogo si trova all\u2019altezza delle tracce murarie dell\u2019antica via delle Scalette oggi al km 11.500 della S.R. n.203 in Comune di Sedico poco sotto il ponte medievale dove c\u2019\u00e8 un\u2019ampia piazzola che non \u00e8 per\u00f2 di sosta visto il cartello: ci si pu\u00f2 fermare per qualche impellente necessit\u00e0. Qui, non molto tempo fa, un automezzo di una certa stazza ha scaricato il materiale sul cassone tra la vegetazione, ben dissimulando oltre una ventina di sacchi grigi per l\u2019immondizia; \u00e8 stata tale quantit\u00e0 di porcheria a far pensare alla fermata di un camioncino dove erano stati ammassati tutti i rifiuti indifferenziati probabilmente residuo di una festa all\u2019aperto visto tovaglioli e altro materiale tipico fuoriuscito da qualche sacco, fra i tanti tutti uguali. Non \u00e8 pensabile soprassedere a questa tal fatta di maleducazione ambientale che, in territorio del Parco potrebbe essere anche penale: chi di dovere \u00e8 tenuto a verificare se \u00e8 possibile risalire a qualche traccia che porti agli esecutori materiali del caso.<\/p>\n\n\t\t\t<style type='text\/css'>\n\t\t\t\t#gallery-1 {\n\t\t\t\t\tmargin: auto;\n\t\t\t\t}\n\t\t\t\t#gallery-1 .gallery-item {\n\t\t\t\t\tfloat: left;\n\t\t\t\t\tmargin-top: 10px;\n\t\t\t\t\ttext-align: center;\n\t\t\t\t\twidth: 50%;\n\t\t\t\t}\n\t\t\t\t#gallery-1 img {\n\t\t\t\t\tborder: 2px solid #cfcfcf;\n\t\t\t\t}\n\t\t\t\t#gallery-1 .gallery-caption {\n\t\t\t\t\tmargin-left: 0;\n\t\t\t\t}\n\t\t\t\t\/* see gallery_shortcode() in wp-includes\/media.php *\/\n\t\t\t<\/style>\n\t\t<div id='gallery-1' class='dt-gallery-container gallery galleryid-398178 gallery-columns-2 gallery-size-medium'><dl class='gallery-item'>\n\t\t\t\t<dt class='gallery-icon landscape'>\n\t\t\t\t\t<a class=\"rollover rollover-zoom dt-pswp-item\" title=\"Cura ambientale sulla 203 (2) - Copia\" data-dt-img-description=\"\" data-large_image_width=\"2252\" data-large_image_height=\"1560\"href='https:\/\/www.radiopiu.net\/wordpress\/wp-content\/uploads\/2024\/07\/Cura-ambientale-sulla-203-2-Copia.jpg'><img loading=\"lazy\" decoding=\"async\" width=\"300\" height=\"208\" src=\"https:\/\/www.radiopiu.net\/wordpress\/wp-content\/uploads\/2024\/07\/Cura-ambientale-sulla-203-2-Copia-300x208.jpg\" class=\"attachment-medium size-medium\" alt=\"\" srcset=\"https:\/\/www.radiopiu.net\/wordpress\/wp-content\/uploads\/2024\/07\/Cura-ambientale-sulla-203-2-Copia-300x208.jpg 300w, https:\/\/www.radiopiu.net\/wordpress\/wp-content\/uploads\/2024\/07\/Cura-ambientale-sulla-203-2-Copia-1024x709.jpg 1024w, https:\/\/www.radiopiu.net\/wordpress\/wp-content\/uploads\/2024\/07\/Cura-ambientale-sulla-203-2-Copia-768x532.jpg 768w, https:\/\/www.radiopiu.net\/wordpress\/wp-content\/uploads\/2024\/07\/Cura-ambientale-sulla-203-2-Copia-1536x1064.jpg 1536w, https:\/\/www.radiopiu.net\/wordpress\/wp-content\/uploads\/2024\/07\/Cura-ambientale-sulla-203-2-Copia-2048x1419.jpg 2048w\" sizes=\"auto, (max-width: 300px) 100vw, 300px\" \/><\/a>\n\t\t\t\t<\/dt><\/dl><dl class='gallery-item'>\n\t\t\t\t<dt class='gallery-icon landscape'>\n\t\t\t\t\t<a class=\"rollover rollover-zoom dt-pswp-item\" title=\"Cura ambientale sulla 203 (2)\" data-dt-img-description=\"\" data-large_image_width=\"2560\" data-large_image_height=\"1709\"href='https:\/\/www.radiopiu.net\/wordpress\/wp-content\/uploads\/2024\/07\/Cura-ambientale-sulla-203-2-scaled.jpg'><img loading=\"lazy\" decoding=\"async\" width=\"300\" height=\"200\" src=\"https:\/\/www.radiopiu.net\/wordpress\/wp-content\/uploads\/2024\/07\/Cura-ambientale-sulla-203-2-300x200.jpg\" class=\"attachment-medium size-medium\" alt=\"\" srcset=\"https:\/\/www.radiopiu.net\/wordpress\/wp-content\/uploads\/2024\/07\/Cura-ambientale-sulla-203-2-300x200.jpg 300w, https:\/\/www.radiopiu.net\/wordpress\/wp-content\/uploads\/2024\/07\/Cura-ambientale-sulla-203-2-1024x684.jpg 1024w, https:\/\/www.radiopiu.net\/wordpress\/wp-content\/uploads\/2024\/07\/Cura-ambientale-sulla-203-2-768x513.jpg 768w, https:\/\/www.radiopiu.net\/wordpress\/wp-content\/uploads\/2024\/07\/Cura-ambientale-sulla-203-2-1536x1025.jpg 1536w, https:\/\/www.radiopiu.net\/wordpress\/wp-content\/uploads\/2024\/07\/Cura-ambientale-sulla-203-2-2048x1367.jpg 2048w\" sizes=\"auto, (max-width: 300px) 100vw, 300px\" \/><\/a>\n\t\t\t\t<\/dt><\/dl><br style=\"clear: both\" \/>\n\t\t\t<\/div>\n\n<p>&nbsp;<\/p>\n<p>&nbsp;<\/p>\n<p>*********<\/p>\n","protected":false},"excerpt":{"rendered":"<p>****** &nbsp; DI GIORGIO FONTANIVE SEDICO Che dire? Il luogo si trova all\u2019altezza delle tracce murarie dell\u2019antica via delle Scalette oggi al km 11.500 della S.R. n.203 in Comune di Sedico poco sotto il ponte medievale dove c\u2019\u00e8 un\u2019ampia piazzola che non \u00e8 per\u00f2 di sosta visto il cartello: ci si pu\u00f2 fermare per qualche&hellip;<\/p>\n","protected":false},"author":4,"featured_media":398179,"comment_status":"closed","ping_status":"closed","sticky":false,"template":"","format":"standard","meta":{"_monsterinsights_skip_tracking":false,"_monsterinsights_sitenote_active":false,"_monsterinsights_sitenote_note":"","_monsterinsights_sitenote_category":0,"footnotes":""},"categories":[51,49],"tags":[],"class_list":["post-398178","post","type-post","status-publish","format-standard","has-post-thumbnail","hentry","category-evidenza-top","category-news-18","category-51","category-49","description-off"],"img_url":"https:\/\/www.radiopiu.net\/wordpress\/wp-content\/uploads\/2024\/07\/Cura-ambientale-sulla-203-2-Copia.jpg","_links":{"self":[{"href":"https:\/\/www.radiopiu.net\/wordpress\/wp-json\/wp\/v2\/posts\/398178","targetHints":{"allow":["GET"]}}],"collection":[{"href":"https:\/\/www.radiopiu.net\/wordpress\/wp-json\/wp\/v2\/posts"}],"about":[{"href":"https:\/\/www.radiopiu.net\/wordpress\/wp-json\/wp\/v2\/types\/post"}],"author":[{"embeddable":true,"href":"https:\/\/www.radiopiu.net\/wordpress\/wp-json\/wp\/v2\/users\/4"}],"replies":[{"embeddable":true,"href":"https:\/\/www.radiopiu.net\/wordpress\/wp-json\/wp\/v2\/comments?post=398178"}],"version-history":[{"count":0,"href":"https:\/\/www.radiopiu.net\/wordpress\/wp-json\/wp\/v2\/posts\/398178\/revisions"}],"wp:featuredmedia":[{"embeddable":true,"href":"https:\/\/www.radiopiu.net\/wordpress\/wp-json\/wp\/v2\/media\/398179"}],"wp:attachment":[{"href":"https:\/\/www.radiopiu.net\/wordpress\/wp-json\/wp\/v2\/media?parent=398178"}],"wp:term":[{"taxonomy":"category","embeddable":true,"href":"https:\/\/www.radiopiu.net\/wordpress\/wp-json\/wp\/v2\/categories?post=398178"},{"taxonomy":"post_tag","embeddable":true,"href":"https:\/\/www.radiopiu.net\/wordpress\/wp-json\/wp\/v2\/tags?post=398178"}],"curies":[{"name":"wp","href":"https:\/\/api.w.org\/{rel}","templated":true}]}}