{"id":398183,"date":"2024-07-06T10:02:26","date_gmt":"2024-07-06T08:02:26","guid":{"rendered":"https:\/\/www.radiopiu.net\/wordpress\/?p=398183"},"modified":"2024-07-06T12:02:11","modified_gmt":"2024-07-06T10:02:11","slug":"esce-in-passeggiata-con-il-cane-ritrovato-senza-vitaaaa","status":"publish","type":"post","link":"https:\/\/www.radiopiu.net\/wordpress\/esce-in-passeggiata-con-il-cane-ritrovato-senza-vitaaaa\/","title":{"rendered":"ESCE IN PASSEGGIATA CON IL CANE, RITROVATO SENZA VITA"},"content":{"rendered":"<p>******<\/p>\n<p>&nbsp;<\/p>\n<p><strong><a class=\"dt-pswp-item\" href=\"https:\/\/www.radiopiu.net\/wordpress\/wp-content\/uploads\/2024\/07\/6b52842b-ebfc-437a-8e42-8bf1e91d5dfd.jpg\" data-dt-img-description=\"\" data-large_image_width=\"400\" data-large_image_height=\"601\"><img loading=\"lazy\" decoding=\"async\" class=\" wp-image-398190 alignleft\" src=\"https:\/\/www.radiopiu.net\/wordpress\/wp-content\/uploads\/2024\/07\/6b52842b-ebfc-437a-8e42-8bf1e91d5dfd-200x300.jpg\" alt=\"\" width=\"133\" height=\"200\" srcset=\"https:\/\/www.radiopiu.net\/wordpress\/wp-content\/uploads\/2024\/07\/6b52842b-ebfc-437a-8e42-8bf1e91d5dfd-200x300.jpg 200w, https:\/\/www.radiopiu.net\/wordpress\/wp-content\/uploads\/2024\/07\/6b52842b-ebfc-437a-8e42-8bf1e91d5dfd.jpg 400w\" sizes=\"auto, (max-width: 133px) 100vw, 133px\" \/><\/a>ALLEGHE<\/strong> Ieri sera verso le 23 il Soccorso alpino di Alleghe \u00e8 stato allertato per il mancato rientro di un uomo da una passeggiata con il cane. Dalle indicazioni raccolte, Piergiorgio Adami, 69 anni da compiere, di Canale d&#8217;Agordo si era diretto sul percorso che da Masar\u00e8 sale a Casera Ciesamata, camminata che era solito fare pi\u00f9 volte all&#8217;anno. Le squadre si sono portate sul posto, dove \u00e8 stata rinvenuta la macchina, e hanno iniziato a perlustrare i sentieri, finch\u00e9 a circa 1.500 metri di quota non hanno sentito il cane abbaiare. Il corpo senza vita dell&#8217;uomo \u00e8 stato individuato in un canale a lato del sentiero per Ciesamata, dove era ruzzolato per un&#8217;ottantina di metri tra gli alberi. Poich\u00e9 il cane lo proteggeva, per riuscire ad avvicinarsi \u00e8 stato chiesto l&#8217;intervento del conduttore di un&#8217;unit\u00e0 cinofila del Soccorso alpino di Livinallongo. Il soccorritore con calma ha guadagnato la fiducia dell&#8217;animale e lo ha riportato con s\u00e9 sul sentiero. Una squadra ha quindi provveduto a preparare la salma per il recupero, ultimato da Falco 2. Il corpo, recuperato con un verricello di 50 metri, \u00e8 stato trasportato a valle. Alla ricerca hanno preso parte anche i Vigili del fuoco. Sul posto i Carabinieri.<\/p>\n<p>Piergiorgio Adami, persona molto conosciuta, \u00e8 stato per 30 anni rocciatore dei Carabinieri a Selva di Val Gardena. Era sempre presente nel volontariato del paese. Assieme al figlio aveva gestito il Parco Giochi di Caviola. Faceva parte della scuola sci Equipe di Falcade.<\/p>\n<p>Un abbraccio va alla famiglia di Piergiorgio: la moglie Rosa, i figli, ai fratelli Alfio, Enio e la sorella Nadia (foto: Scuola Sci Equipe Falcade)<\/p>\n<p>&nbsp;<\/p>\n<p>&nbsp;<\/p>\n<p>********<\/p>\n","protected":false},"excerpt":{"rendered":"<p>****** &nbsp; ALLEGHE Ieri sera verso le 23 il Soccorso alpino di Alleghe \u00e8 stato allertato per il mancato rientro di un uomo da una passeggiata con il cane. Dalle indicazioni raccolte, Piergiorgio Adami, 69 anni da compiere, di Canale d&#8217;Agordo si era diretto sul percorso che da Masar\u00e8 sale a Casera Ciesamata, camminata che&hellip;<\/p>\n","protected":false},"author":4,"featured_media":398190,"comment_status":"closed","ping_status":"closed","sticky":false,"template":"","format":"standard","meta":{"_monsterinsights_skip_tracking":false,"_monsterinsights_sitenote_active":false,"_monsterinsights_sitenote_note":"","_monsterinsights_sitenote_category":0,"footnotes":""},"categories":[51,49],"tags":[],"class_list":["post-398183","post","type-post","status-publish","format-standard","has-post-thumbnail","hentry","category-evidenza-top","category-news-18","category-51","category-49","description-off"],"img_url":"https:\/\/www.radiopiu.net\/wordpress\/wp-content\/uploads\/2024\/07\/6b52842b-ebfc-437a-8e42-8bf1e91d5dfd.jpg","_links":{"self":[{"href":"https:\/\/www.radiopiu.net\/wordpress\/wp-json\/wp\/v2\/posts\/398183","targetHints":{"allow":["GET"]}}],"collection":[{"href":"https:\/\/www.radiopiu.net\/wordpress\/wp-json\/wp\/v2\/posts"}],"about":[{"href":"https:\/\/www.radiopiu.net\/wordpress\/wp-json\/wp\/v2\/types\/post"}],"author":[{"embeddable":true,"href":"https:\/\/www.radiopiu.net\/wordpress\/wp-json\/wp\/v2\/users\/4"}],"replies":[{"embeddable":true,"href":"https:\/\/www.radiopiu.net\/wordpress\/wp-json\/wp\/v2\/comments?post=398183"}],"version-history":[{"count":0,"href":"https:\/\/www.radiopiu.net\/wordpress\/wp-json\/wp\/v2\/posts\/398183\/revisions"}],"wp:featuredmedia":[{"embeddable":true,"href":"https:\/\/www.radiopiu.net\/wordpress\/wp-json\/wp\/v2\/media\/398190"}],"wp:attachment":[{"href":"https:\/\/www.radiopiu.net\/wordpress\/wp-json\/wp\/v2\/media?parent=398183"}],"wp:term":[{"taxonomy":"category","embeddable":true,"href":"https:\/\/www.radiopiu.net\/wordpress\/wp-json\/wp\/v2\/categories?post=398183"},{"taxonomy":"post_tag","embeddable":true,"href":"https:\/\/www.radiopiu.net\/wordpress\/wp-json\/wp\/v2\/tags?post=398183"}],"curies":[{"name":"wp","href":"https:\/\/api.w.org\/{rel}","templated":true}]}}