{"id":398281,"date":"2024-07-07T10:09:08","date_gmt":"2024-07-07T08:09:08","guid":{"rendered":"https:\/\/www.radiopiu.net\/wordpress\/?p=398281"},"modified":"2024-07-07T10:09:08","modified_gmt":"2024-07-07T08:09:08","slug":"erik-caldart-confermato-nel-roster-dellalleghe-hockey","status":"publish","type":"post","link":"https:\/\/www.radiopiu.net\/wordpress\/erik-caldart-confermato-nel-roster-dellalleghe-hockey\/","title":{"rendered":"ERIK CALDART CONFERMATO NEL ROSTER DELL&#8217;ALLEGHE HOCKEY"},"content":{"rendered":"<p>*******<\/p>\n<p>&nbsp;<\/p>\n<p><strong><a class=\"dt-pswp-item\" href=\"https:\/\/www.radiopiu.net\/wordpress\/wp-content\/uploads\/2024\/07\/e234a9b0-25b1-40b6-b27b-aa923b0e2751.jpg\" data-dt-img-description=\"\" data-large_image_width=\"940\" data-large_image_height=\"503\"><img loading=\"lazy\" decoding=\"async\" class=\" wp-image-398282 alignleft\" src=\"https:\/\/www.radiopiu.net\/wordpress\/wp-content\/uploads\/2024\/07\/e234a9b0-25b1-40b6-b27b-aa923b0e2751-300x161.jpg\" alt=\"\" width=\"194\" height=\"104\" srcset=\"https:\/\/www.radiopiu.net\/wordpress\/wp-content\/uploads\/2024\/07\/e234a9b0-25b1-40b6-b27b-aa923b0e2751-300x161.jpg 300w, https:\/\/www.radiopiu.net\/wordpress\/wp-content\/uploads\/2024\/07\/e234a9b0-25b1-40b6-b27b-aa923b0e2751-768x411.jpg 768w, https:\/\/www.radiopiu.net\/wordpress\/wp-content\/uploads\/2024\/07\/e234a9b0-25b1-40b6-b27b-aa923b0e2751.jpg 940w\" sizes=\"auto, (max-width: 194px) 100vw, 194px\" \/><\/a>DI ROBERTO MIANA, PORTAVOCE DELL&#8217;ALLEGHE HOCKEY<\/strong><\/p>\n<p>L\u2019Alleghe hockey comunica la conferma, per la prossima stagione, di Erik Caldart.<br \/>\nAttaccante classe 1991 di Agordo, lavora come consulente aziendale nel settore delle costruzioni e nel tempo libero ha come hobby coltivare bonsai e intagliare il legno. Ha cominciato a giocare ad hockey nelle giovanili di Feltre, Alleghe ed Egna, per disputare poi tre campionati a Trento, uno a Feltre e Pieve di Cadore e approdare la passata stagione sotto al Civetta, dove ha fatto registrare 23 presenze.<br \/>\nQueste le parole di Erik \u201cNon avevo dubbi nel tornare a giocare ad Alleghe, ho dato subito la mia disponibilit\u00e0 appena la Societ\u00e0 mi ha contattato. La scorsa stagione mi sono trovato bene qui con tutti i compagni, motivo in pi\u00f9 per essere felice di rimanere. Il prossimo campionato sar\u00e0 senza dubbio ancora pi\u00f9 impegnativo ma anche pi\u00f9 entusiasmante e la Societ\u00e0 punta sicuramente a fare meglio dello scorso anno, come d\u2019altronde tutti noi\u201d.<\/p>\n<p>&nbsp;<\/p>\n<p>&nbsp;<\/p>\n<p>*******<\/p>\n","protected":false},"excerpt":{"rendered":"<p>******* &nbsp; DI ROBERTO MIANA, PORTAVOCE DELL&#8217;ALLEGHE HOCKEY L\u2019Alleghe hockey comunica la conferma, per la prossima stagione, di Erik Caldart. Attaccante classe 1991 di Agordo, lavora come consulente aziendale nel settore delle costruzioni e nel tempo libero ha come hobby coltivare bonsai e intagliare il legno. Ha cominciato a giocare ad hockey nelle giovanili di&hellip;<\/p>\n","protected":false},"author":4,"featured_media":398282,"comment_status":"closed","ping_status":"closed","sticky":false,"template":"","format":"standard","meta":{"_monsterinsights_skip_tracking":false,"_monsterinsights_sitenote_active":false,"_monsterinsights_sitenote_note":"","_monsterinsights_sitenote_category":0,"footnotes":""},"categories":[49],"tags":[],"class_list":["post-398281","post","type-post","status-publish","format-standard","has-post-thumbnail","hentry","category-news-18","category-49","description-off"],"img_url":"https:\/\/www.radiopiu.net\/wordpress\/wp-content\/uploads\/2024\/07\/e234a9b0-25b1-40b6-b27b-aa923b0e2751.jpg","_links":{"self":[{"href":"https:\/\/www.radiopiu.net\/wordpress\/wp-json\/wp\/v2\/posts\/398281","targetHints":{"allow":["GET"]}}],"collection":[{"href":"https:\/\/www.radiopiu.net\/wordpress\/wp-json\/wp\/v2\/posts"}],"about":[{"href":"https:\/\/www.radiopiu.net\/wordpress\/wp-json\/wp\/v2\/types\/post"}],"author":[{"embeddable":true,"href":"https:\/\/www.radiopiu.net\/wordpress\/wp-json\/wp\/v2\/users\/4"}],"replies":[{"embeddable":true,"href":"https:\/\/www.radiopiu.net\/wordpress\/wp-json\/wp\/v2\/comments?post=398281"}],"version-history":[{"count":0,"href":"https:\/\/www.radiopiu.net\/wordpress\/wp-json\/wp\/v2\/posts\/398281\/revisions"}],"wp:featuredmedia":[{"embeddable":true,"href":"https:\/\/www.radiopiu.net\/wordpress\/wp-json\/wp\/v2\/media\/398282"}],"wp:attachment":[{"href":"https:\/\/www.radiopiu.net\/wordpress\/wp-json\/wp\/v2\/media?parent=398281"}],"wp:term":[{"taxonomy":"category","embeddable":true,"href":"https:\/\/www.radiopiu.net\/wordpress\/wp-json\/wp\/v2\/categories?post=398281"},{"taxonomy":"post_tag","embeddable":true,"href":"https:\/\/www.radiopiu.net\/wordpress\/wp-json\/wp\/v2\/tags?post=398281"}],"curies":[{"name":"wp","href":"https:\/\/api.w.org\/{rel}","templated":true}]}}