{"id":398503,"date":"2024-07-08T11:21:35","date_gmt":"2024-07-08T09:21:35","guid":{"rendered":"https:\/\/www.radiopiu.net\/wordpress\/?p=398503"},"modified":"2024-07-08T11:21:35","modified_gmt":"2024-07-08T09:21:35","slug":"agordo-gli-alpini-onorano-la-tomba-del-tenente-luigi-schenardi","status":"publish","type":"post","link":"https:\/\/www.radiopiu.net\/wordpress\/agordo-gli-alpini-onorano-la-tomba-del-tenente-luigi-schenardi\/","title":{"rendered":"Agordo: gli alpini onorano la tomba del tenente Luigi Schenardi"},"content":{"rendered":"<p>&nbsp;<\/p>\n<p><strong>di GIANNI SANTOMASO<\/strong><\/p>\n<p><span style=\"font-family: Calibri, serif;\"><a class=\"dt-pswp-item\" href=\"https:\/\/www.radiopiu.net\/wordpress\/wp-content\/uploads\/2024\/07\/AGORDO-Tenente-Luigi-Schenardi-1891-1915.jpg\" data-dt-img-description=\"\" data-large_image_width=\"300\" data-large_image_height=\"374\"><img loading=\"lazy\" decoding=\"async\" class=\"size-medium wp-image-398506 alignleft\" src=\"https:\/\/www.radiopiu.net\/wordpress\/wp-content\/uploads\/2024\/07\/AGORDO-Tenente-Luigi-Schenardi-1891-1915-241x300.jpg\" alt=\"\" width=\"241\" height=\"300\" srcset=\"https:\/\/www.radiopiu.net\/wordpress\/wp-content\/uploads\/2024\/07\/AGORDO-Tenente-Luigi-Schenardi-1891-1915-241x300.jpg 241w, https:\/\/www.radiopiu.net\/wordpress\/wp-content\/uploads\/2024\/07\/AGORDO-Tenente-Luigi-Schenardi-1891-1915.jpg 300w\" sizes=\"auto, (max-width: 241px) 100vw, 241px\" \/><\/a><strong>AGORDO <\/strong><\/span><span style=\"font-family: Calibri, serif;\">Merita di essere segnalato l\u2019ennesimo esempio di sensibilit\u00e0 solidale che contraddistingue gli alpini. \u00c8 il caso del gruppo penne nere di Agordo Taibon Rivamonte, guidato dal colonnello Giovanni Da Pra, che, con la collaborazione tecnica della ditta Garavana di Agordo, ha provveduto alla manutenzione e al completo ripristino della tomba del tenente Luigi Schenardi, medaglia d\u2019argento, caduto nella prima guerra mondiale sul fronte del passo San Pellegrino, e tumulato nel cimitero di Agordo. <\/span><em><span style=\"font-family: Calibri, serif;\">\u00abIl gruppo alpini\u00bb, ha detto Da Pra, \u00abha ritenuto doveroso rendere omaggio a chi ha sacrificato tutto per darci la libert\u00e0 di cui godiamo, cercando di dare un esempio positivo anche alla collettivit\u00e0 agordina\u00bb. <\/span><\/em><span style=\"font-family: Calibri, serif;\">Va ricordato che anche in precedenza la tomba del tenente Schenardi fu oggetto di cura, in particolare da parte del compianto alpino del gruppo, Giorgio Favero, ma questa volta si \u00e8 pensato al completo ripristino.<br \/>\n<\/span><span style=\"font-family: Calibri, serif;\"><strong><a class=\"dt-pswp-item\" href=\"https:\/\/www.radiopiu.net\/wordpress\/wp-content\/uploads\/2024\/07\/AGORDO-Cimitero-tomba-tenente-Luigi-Schenardi.jpg\" data-dt-img-description=\"\" data-large_image_width=\"984\" data-large_image_height=\"1312\"><img loading=\"lazy\" decoding=\"async\" class=\"size-medium wp-image-398505 alignright\" src=\"https:\/\/www.radiopiu.net\/wordpress\/wp-content\/uploads\/2024\/07\/AGORDO-Cimitero-tomba-tenente-Luigi-Schenardi-225x300.jpg\" alt=\"\" width=\"225\" height=\"300\" srcset=\"https:\/\/www.radiopiu.net\/wordpress\/wp-content\/uploads\/2024\/07\/AGORDO-Cimitero-tomba-tenente-Luigi-Schenardi-225x300.jpg 225w, https:\/\/www.radiopiu.net\/wordpress\/wp-content\/uploads\/2024\/07\/AGORDO-Cimitero-tomba-tenente-Luigi-Schenardi-768x1024.jpg 768w, https:\/\/www.radiopiu.net\/wordpress\/wp-content\/uploads\/2024\/07\/AGORDO-Cimitero-tomba-tenente-Luigi-Schenardi.jpg 984w\" sizes=\"auto, (max-width: 225px) 100vw, 225px\" \/><\/a>Dall\u2019Archivio Danilo Morell<\/strong> ricaviamo le note biografiche e la vicenda del caduto, nonch\u00e9 le ragioni della sua sepoltura ad Agordo e la motivazione della decorazione al valor militare.\u00a0<\/span> \u201c<span style=\"font-family: Calibri, serif;\">Luigi Schenardi nasce a Viterbo da Raffaele ed Erba Isabella il 4 ottobre 1891. Frequent\u00f2 le scuole classiche nel Ginnasio e il Liceo di Roma con grandissimo successo. Ammesso all&#8217;Accademia militare di Torino ne usc\u00ec per la scuola di Applicazione riuscendo tra i primi. Con lo scoppio della prima guerra mondiale parte per il fronte quale tenente del 33\u00b0 Reggimento Artiglieria da Campagna. Raggiunger\u00e0 cos\u00ec il fronte dell&#8217;Alto Cordevole. La sua batteria entra in azione nel giugno del 1915 in concomitanza con i primi piani di attacco dell&#8217;esercito italiano sul fronte dolomitico. Il 12 giugno viene ferito leggermente durante una ricognizione allo scopo di effettuare alcuni rilievi necessari al tiro, ma non abbandona la posizione. La mattina del 14 giugno comincia il fuoco della sua batteria. Si trovava al posto di comando quando una scheggia di granata lo colp\u00ec gravemente al collo. Anche questa volta non volle allontanarsi dal pezzo per recarsi al posto di medicazione e si fasci\u00f2 alla meglio. Dopo tre ore di fuoco ininterrotto una granata austro-ungarica cadde sulla ruota del pezzo investendo in pieno un sergente, un sottotenente e lo stesso Luigi che ricevette schegge ad una coscia e al capo. Venne trasportato all&#8217;ospedaletto da campo 073 di Agordo dove sub\u00ec l&#8217;amputazione della gamba. Il 21 giugno 1915 le sue condizioni si aggravarono sempre pi\u00f9 fino a che spir\u00f2 alle ore 12:50. Sul punto di morte <a class=\"dt-pswp-item\" href=\"https:\/\/www.radiopiu.net\/wordpress\/wp-content\/uploads\/2024\/07\/AGORDO-Alpini-e-tomba-Luigi-Schenardi.jpg\" data-dt-img-description=\"\" data-large_image_width=\"984\" data-large_image_height=\"1312\"><img loading=\"lazy\" decoding=\"async\" class=\"size-medium wp-image-398504 alignleft\" src=\"https:\/\/www.radiopiu.net\/wordpress\/wp-content\/uploads\/2024\/07\/AGORDO-Alpini-e-tomba-Luigi-Schenardi-225x300.jpg\" alt=\"\" width=\"225\" height=\"300\" srcset=\"https:\/\/www.radiopiu.net\/wordpress\/wp-content\/uploads\/2024\/07\/AGORDO-Alpini-e-tomba-Luigi-Schenardi-225x300.jpg 225w, https:\/\/www.radiopiu.net\/wordpress\/wp-content\/uploads\/2024\/07\/AGORDO-Alpini-e-tomba-Luigi-Schenardi-768x1024.jpg 768w, https:\/\/www.radiopiu.net\/wordpress\/wp-content\/uploads\/2024\/07\/AGORDO-Alpini-e-tomba-Luigi-Schenardi.jpg 984w\" sizes=\"auto, (max-width: 225px) 100vw, 225px\" \/><\/a>rifer\u00ec le sue ultime parole ad una dama della Croce Rossa: \u00ab<\/span><span style=\"font-family: Calibri, serif;\">Dite a mio padre che ho fatto il mio dovere, che non sono morto vicino ai miei cannoni, perch\u00e9 mi hanno portato via contro mia volont\u00e0\u00bb<\/span><span style=\"font-family: Calibri, serif;\">. Gli fu conferita la medaglia d&#8217;argento al valor militare alla memoria di motu proprio del Re <\/span><span style=\"font-family: Calibri, serif;\"><a href=\"https:\/\/www.frontedolomitico.it\/Uomini\/protagonisti\/SavoiaVittorioEmanuele.html\">Vittorio Emanuele III<\/a><\/span><span style=\"font-family: Calibri, serif;\">. Da quel 21 giugno 1915 riposa nel cimitero comunale di Agordo, secondo il volere del fratello\u201d.<\/span><\/p>\n<blockquote><p><em><span style=\"font-family: Calibri, serif;\">La motivazione della decorazione: \u201c <\/span><span style=\"font-family: Calibri, serif;\">Ten. Luigi Schenardi, n<\/span><span style=\"font-family: Calibri, serif;\">ato il 4 ottobre 1891 a Viterbo, morto il 21 giugno 1915 nell&#8217;ospedale da campo 073 di Agordo. <\/span><span style=\"font-family: Calibri, serif;\">Dal 7 all&#8217;8 giugno 1915, quale comandante interinale di batteria, post\u00f2 questa, blindandola, sotto il fuoco nemico, e diresse il tiro con calma e successo, bench\u00e9 il suo osservatorio fosse stato individuato dall&#8217;avversario. Il 14 detto, quale comandante di sezione, mentre i proiettili cadevano intorno ai pezzi, solo curando di fare ben coprire i serventi, lasci\u00f2 se stesso scoperto finch\u00e9 una scheggia lo fer\u00ec gravemente (20 giugno 1915)\u201d.<\/span><\/em><\/p><\/blockquote>\n<p><span style=\"font-family: Calibri, serif;\"><b>Foto<\/b><\/span><span style=\"font-family: Calibri, serif;\">:<\/span><\/p>\n<p><span style=\"font-family: Calibri, serif;\">AGORDO \u2013 Il tenente Luigi Schenardi (1891-1915).<\/span><\/p>\n<p><span style=\"font-family: Calibri, serif;\">AGORDO \u2013 La tomba del tenente Schenardi nel cimitero di Agordo.<\/span><\/p>\n<p><span style=\"font-family: Calibri, serif;\">AGORDO \u2013 Il capo gruppo Da Pra, con alcuni alpini al termine del lavoro di ripristino della tomba Schenardi.<\/span><\/p>\n","protected":false},"excerpt":{"rendered":"<p>&nbsp; di GIANNI SANTOMASO AGORDO Merita di essere segnalato l\u2019ennesimo esempio di sensibilit\u00e0 solidale che contraddistingue gli alpini. \u00c8 il caso del gruppo penne nere di Agordo Taibon Rivamonte, guidato dal colonnello Giovanni Da Pra, che, con la collaborazione tecnica della ditta Garavana di Agordo, ha provveduto alla manutenzione e al completo ripristino della tomba&hellip;<\/p>\n","protected":false},"author":4,"featured_media":398507,"comment_status":"closed","ping_status":"closed","sticky":false,"template":"","format":"standard","meta":{"_monsterinsights_skip_tracking":false,"_monsterinsights_sitenote_active":false,"_monsterinsights_sitenote_note":"","_monsterinsights_sitenote_category":0,"footnotes":""},"categories":[49],"tags":[],"class_list":["post-398503","post","type-post","status-publish","format-standard","has-post-thumbnail","hentry","category-news-18","category-49","description-off"],"img_url":"https:\/\/www.radiopiu.net\/wordpress\/wp-content\/uploads\/2024\/07\/Senza-nome-34.png","_links":{"self":[{"href":"https:\/\/www.radiopiu.net\/wordpress\/wp-json\/wp\/v2\/posts\/398503","targetHints":{"allow":["GET"]}}],"collection":[{"href":"https:\/\/www.radiopiu.net\/wordpress\/wp-json\/wp\/v2\/posts"}],"about":[{"href":"https:\/\/www.radiopiu.net\/wordpress\/wp-json\/wp\/v2\/types\/post"}],"author":[{"embeddable":true,"href":"https:\/\/www.radiopiu.net\/wordpress\/wp-json\/wp\/v2\/users\/4"}],"replies":[{"embeddable":true,"href":"https:\/\/www.radiopiu.net\/wordpress\/wp-json\/wp\/v2\/comments?post=398503"}],"version-history":[{"count":0,"href":"https:\/\/www.radiopiu.net\/wordpress\/wp-json\/wp\/v2\/posts\/398503\/revisions"}],"wp:featuredmedia":[{"embeddable":true,"href":"https:\/\/www.radiopiu.net\/wordpress\/wp-json\/wp\/v2\/media\/398507"}],"wp:attachment":[{"href":"https:\/\/www.radiopiu.net\/wordpress\/wp-json\/wp\/v2\/media?parent=398503"}],"wp:term":[{"taxonomy":"category","embeddable":true,"href":"https:\/\/www.radiopiu.net\/wordpress\/wp-json\/wp\/v2\/categories?post=398503"},{"taxonomy":"post_tag","embeddable":true,"href":"https:\/\/www.radiopiu.net\/wordpress\/wp-json\/wp\/v2\/tags?post=398503"}],"curies":[{"name":"wp","href":"https:\/\/api.w.org\/{rel}","templated":true}]}}