{"id":398618,"date":"2024-07-10T05:26:53","date_gmt":"2024-07-10T03:26:53","guid":{"rendered":"https:\/\/www.radiopiu.net\/wordpress\/?p=398618"},"modified":"2024-07-10T08:13:41","modified_gmt":"2024-07-10T06:13:41","slug":"giornale-radiopiu-10-luglio-2024-direttore-mirko-mezzacasada-41-anni-25-giugno-1983-25-giugno-2024","status":"publish","type":"post","link":"https:\/\/www.radiopiu.net\/wordpress\/giornale-radiopiu-10-luglio-2024-direttore-mirko-mezzacasada-41-anni-25-giugno-1983-25-giugno-2024\/","title":{"rendered":"GIORNALE RADIOPIU 10 LUGLIO 2024 DIRETTORE MIRKO MEZZACASA\u2026DA 41 ANNI 25 GIUGNO 1983-25 GIUGNO 2024"},"content":{"rendered":"<p>*******<\/p>\n<p>&nbsp;<\/p>\n<p><em><span style=\"color: #ff0000;\">ATTENZIONE: LA NUOVA APP PER IOS-IPHONE di Nicola Vettorello <\/span><\/em><a href=\"https:\/\/apps.apple.com\/it\/app\/radio-pi%C3%B9-emittente-agordina\/id1515939845\">https:\/\/apps.apple.com\/it\/app\/radio-pi%C3%B9-emittente-agordina\/id1515939845<\/a><\/p>\n<p><em style=\"color: #ff0000;\">ATTENZIONE: LA NUOVA APP RADIO\u00a0 PER ANDROID di Nicola Vettorello<\/em><\/p>\n<p><a href=\"https:\/\/play.google.com\/store\/apps\/details?id=net.radiopiu.iniko\" target=\"_blank\" rel=\"noopener noreferrer\">https:\/\/play.google.com\/store\/apps\/details?id=net.radiopiu.iniko\u00a0\u00a0\u00a0<\/a><\/p>\n<p>&nbsp;<\/p>\n<p>&nbsp;<\/p>\n<hr \/>\n<p>&nbsp;<\/p>\n<p><strong class=\"photoswipe-wrapper\"><span style=\"color: #ff0000;\"><a class=\"dt-pswp-item\" href=\"https:\/\/www.radiopiu.net\/wordpress\/wp-content\/uploads\/2024\/07\/b20b09a1-6c9e-48e2-9724-f0fc9792c310.jpg\" data-dt-img-description=\"\" data-large_image_width=\"1032\" data-large_image_height=\"1473\"><img loading=\"lazy\" decoding=\"async\" class=\"size-medium wp-image-398633 alignleft\" src=\"https:\/\/www.radiopiu.net\/wordpress\/wp-content\/uploads\/2024\/07\/b20b09a1-6c9e-48e2-9724-f0fc9792c310-210x300.jpg\" alt=\"\" width=\"210\" height=\"300\" srcset=\"https:\/\/www.radiopiu.net\/wordpress\/wp-content\/uploads\/2024\/07\/b20b09a1-6c9e-48e2-9724-f0fc9792c310-210x300.jpg 210w, https:\/\/www.radiopiu.net\/wordpress\/wp-content\/uploads\/2024\/07\/b20b09a1-6c9e-48e2-9724-f0fc9792c310-717x1024.jpg 717w, https:\/\/www.radiopiu.net\/wordpress\/wp-content\/uploads\/2024\/07\/b20b09a1-6c9e-48e2-9724-f0fc9792c310-768x1096.jpg 768w, https:\/\/www.radiopiu.net\/wordpress\/wp-content\/uploads\/2024\/07\/b20b09a1-6c9e-48e2-9724-f0fc9792c310.jpg 1032w\" sizes=\"auto, (max-width: 210px) 100vw, 210px\" \/><\/a>OGGI ALLA RADIO<\/span><\/strong>: <strong>ALLE 6.15 <\/strong>PIROLE DE LENGA, CON IL MUSLA\u00a0\u00a0<strong>ALLE 7.20<\/strong>\u00a0EL BAL DEL FIOR, DETTI E TRADIZIONI DI GIULIANA DA RONCH;\u00a0<strong>ALLE 8.20\u00a0<\/strong>PIU&#8217; SIAMO ESTATE DI MARINA DONA&#8217;\u00a0 <strong>9.00 COOPERATIVA DI CORTINA, SPAZIO SETTIMANALE SULLE TRE RADIO\u00a0 <\/strong>\u00a0<strong>9.30\u00a0<\/strong>VIABILITA\u2019 Botol_Car <strong>10.10\u00a0 \u00a0FEMCA CISL, LA VOCE\u00a0 PER I LAVORATORI<\/strong>\u00a0 CON ALESSIO PICCOLI OPERATORE CISL BELLUNO TREVISO <span style=\"color: #0000ff;\"><strong><span style=\"color: #000000;\">10.30<\/span><\/strong><span style=\"color: #000000;\">\u00a0 LUIGI DELL&#8217;ATTI, PREMIO DI RISULTATO LUXOTTICA <\/span><span style=\"color: #000000;\">\u00a0<\/span><span style=\"color: #000000;\">\u00a0<\/span><\/span><strong>11.10 <\/strong>LA STORIA DEL FESTIVALBAR RACCONTATA DA MIRCO BENCIVENN<strong>I <\/strong>\u00a0\u00a0<strong>12.00\u00a0<\/strong>VA TUTTO LISCIO\u00a0<strong>12.30\u00a0<\/strong>GIORNALE RADIO EDIZIONE PRINCIPALE <strong>13.10<\/strong> Diario di Bordo Claudia Magic Teacher\u00a0 <strong>13.20<\/strong> TRE PEZZI ESTIVI DI MARINA DONA&#8217; <strong>15.00\u00a0<\/strong>LA CLASSIFICA UFFICIALE DI RADIOPIU, DI MARCO GAZ <strong>1<\/strong><strong>6.00\u00a0<\/strong>IL ROCK DI MARCO COSTANTINI\u00a0<strong>16.45\u00a0<\/strong>LE HIT DI MIRCO BENCIVENNI\u00a0 <strong>19\u00a0<\/strong>ANTICIPAZIONI DAL TG DI ANTENNA 3<\/p>\n<blockquote><p><strong>rassegna stampa nazionale, ogni giorno alle 5 e alle 6 del mattino<\/strong><br \/>\n<em>giornali locali 7 rassegna stampa flash, 8 rassegna stampa, gr flash alle 10 e alle 11, principale 12.30. Informazione pomerIggio alle 15 (speciale) 16, 17, 18. Giornale radio nazionale: ogni ora dalle 5 del mattino, alle 20 della sera.\u00a0<\/em><\/p><\/blockquote>\n<div class=\"x11i5rnm xat24cr x1mh8g0r x1vvkbs xtlvy1s x126k92a\">\n<div dir=\"auto\">\n<p>&nbsp;<\/p>\n<p>&nbsp;<\/p>\n<hr \/>\n<p>&nbsp;<\/p>\n<p>&nbsp;<\/p>\n<div class=\"x11i5rnm xat24cr x1mh8g0r x1vvkbs xtlvy1s x126k92a\">\n<div dir=\"auto\">\n<p><strong><a class=\"dt-pswp-item\" href=\"https:\/\/www.radiopiu.net\/wordpress\/wp-content\/uploads\/2024\/02\/2d44e751-d8a8-461b-8e22-d8e4e853b032.jpg\" data-dt-img-description=\"\" data-large_image_width=\"1600\" data-large_image_height=\"1200\"><img loading=\"lazy\" decoding=\"async\" class=\"wp-image-373307 alignleft\" src=\"https:\/\/www.radiopiu.net\/wordpress\/wp-content\/uploads\/2024\/02\/2d44e751-d8a8-461b-8e22-d8e4e853b032-300x225.jpg\" alt=\"\" width=\"105\" height=\"79\" srcset=\"https:\/\/www.radiopiu.net\/wordpress\/wp-content\/uploads\/2024\/02\/2d44e751-d8a8-461b-8e22-d8e4e853b032-300x225.jpg 300w, https:\/\/www.radiopiu.net\/wordpress\/wp-content\/uploads\/2024\/02\/2d44e751-d8a8-461b-8e22-d8e4e853b032-1024x768.jpg 1024w, https:\/\/www.radiopiu.net\/wordpress\/wp-content\/uploads\/2024\/02\/2d44e751-d8a8-461b-8e22-d8e4e853b032-768x576.jpg 768w, https:\/\/www.radiopiu.net\/wordpress\/wp-content\/uploads\/2024\/02\/2d44e751-d8a8-461b-8e22-d8e4e853b032-1536x1152.jpg 1536w, https:\/\/www.radiopiu.net\/wordpress\/wp-content\/uploads\/2024\/02\/2d44e751-d8a8-461b-8e22-d8e4e853b032.jpg 1600w\" sizes=\"auto, (max-width: 105px) 100vw, 105px\" \/><\/a>EL BAL DEL FIOR, DI GIULIANA DA RONCH, 10 LUGLIO<\/strong><strong>\u00a02024<em>\u00a0<\/em><\/strong><\/p>\n<audio class=\"wp-audio-shortcode\" id=\"audio-398618-1\" preload=\"none\" style=\"width: 100%;\" controls=\"controls\"><source type=\"audio\/mpeg\" src=\"https:\/\/www.radiopiu.net\/wordpress\/wp-content\/uploads\/2024\/07\/GME.m4a?_=1\" \/><a href=\"https:\/\/www.radiopiu.net\/wordpress\/wp-content\/uploads\/2024\/07\/GME.m4a\">https:\/\/www.radiopiu.net\/wordpress\/wp-content\/uploads\/2024\/07\/GME.m4a<\/a><\/audio>\n<p>&nbsp;<\/p>\n<\/div>\n<\/div>\n<\/div>\n<hr \/>\n<p>&nbsp;<\/p>\n<p>&nbsp;<\/p>\n<h1><span style=\"color: #ff0000;\"><a class=\"dt-pswp-item\" href=\"https:\/\/www.radiopiu.net\/wordpress\/wp-content\/uploads\/2024\/06\/th-5.jpg\" data-dt-img-description=\"\" data-large_image_width=\"326\" data-large_image_height=\"180\"><img loading=\"lazy\" decoding=\"async\" class=\"size-medium wp-image-395881 alignleft\" src=\"https:\/\/www.radiopiu.net\/wordpress\/wp-content\/uploads\/2024\/06\/th-5-300x166.jpg\" alt=\"\" width=\"300\" height=\"166\" srcset=\"https:\/\/www.radiopiu.net\/wordpress\/wp-content\/uploads\/2024\/06\/th-5-300x166.jpg 300w, https:\/\/www.radiopiu.net\/wordpress\/wp-content\/uploads\/2024\/06\/th-5.jpg 326w\" sizes=\"auto, (max-width: 300px) 100vw, 300px\" \/><\/a><\/span><\/h1>\n<h1><\/h1>\n<h1><\/h1>\n<h1><span style=\"color: #000000;\">10 luglio&#8230; alla radio l&#8217;almanacco\u00a0<\/span><\/h1>\n<audio class=\"wp-audio-shortcode\" id=\"audio-398618-2\" preload=\"none\" style=\"width: 100%;\" controls=\"controls\"><source type=\"audio\/mpeg\" src=\"https:\/\/www.radiopiu.net\/wordpress\/wp-content\/uploads\/2024\/07\/ALMANACCONEW-8.mp3?_=2\" \/><a href=\"https:\/\/www.radiopiu.net\/wordpress\/wp-content\/uploads\/2024\/07\/ALMANACCONEW-8.mp3\">https:\/\/www.radiopiu.net\/wordpress\/wp-content\/uploads\/2024\/07\/ALMANACCONEW-8.mp3<\/a><\/audio>\n<p>&nbsp;<\/p>\n<div dir=\"auto\">\n<hr \/>\n<\/div>\n<\/div>\n<blockquote>\n<blockquote>\n<h1><span style=\"color: #ff0000;\">\u00a0<\/span><\/h1>\n<h1><span style=\"color: #ff0000;\">I podcast informativi del mattino &#8211; audio &#8211;\u00a0\u00a0<\/span><\/h1>\n<\/blockquote>\n<p><strong><a class=\"dt-pswp-item\" href=\"https:\/\/www.radiopiu.net\/wordpress\/wp-content\/uploads\/2023\/11\/th-10.jpg\" data-dt-img-description=\"\" data-large_image_width=\"320\" data-large_image_height=\"180\"><img loading=\"lazy\" decoding=\"async\" class=\"wp-image-362866 alignleft\" src=\"https:\/\/www.radiopiu.net\/wordpress\/wp-content\/uploads\/2023\/11\/th-10-300x169.jpg\" alt=\"\" width=\"185\" height=\"104\" srcset=\"https:\/\/www.radiopiu.net\/wordpress\/wp-content\/uploads\/2023\/11\/th-10-300x169.jpg 300w, https:\/\/www.radiopiu.net\/wordpress\/wp-content\/uploads\/2023\/11\/th-10.jpg 320w\" sizes=\"auto, (max-width: 185px) 100vw, 185px\" \/><\/a>LA RASSEGNA STAMPA NAZIONALE ALLA RADIO, OGNI GIORNO ALLE 5 E ALLE 6 DEL MATTINO <span style=\"color: #0000ff;\">viene pubblicata alle 6.00 <span style=\"color: #ff0000;\">DIRETTA RADIO\u00a0 \u00a0\u00a0<\/span><\/span><\/strong><\/p><\/blockquote>\n<p><span style=\"color: #ff0000;\"><strong>NOTIZIE DELLA NOTTE\u00a0 \u00a0\u00a0<\/strong><\/span><\/p>\n<p><strong>Usa 2024, Trump sfida Biden<\/strong>: facciamo subito un altro dibattito\u00a0<strong>Dall&#8217;Ue 10,5 milioni alla Colombia<\/strong> contro la deforestazione Per rafforzare la lotta contro i crimini ambientali <strong>La Procura peruviana<\/strong> chiede 30 anni per Keiko Fujimori La figlia dell&#8217;ex presidente \u00e8 accusata di riciclaggio di denaro <strong>Ucraina, Nato:<\/strong> da Usa e alleati decine di sistemi di difesa aera Italia fornir\u00e0 un altro Samp-T. Centinaia di intercettori a Kiev\u00a0 <strong>Euro 24: 2-1 alla Francia, Spagna in finale<\/strong> Francesi avanti con Kolo Muani poi Olmo e Yamal la ribaltano<\/p>\n<h2>AUDIO dalle 6 del mattino<\/h2>\n<audio class=\"wp-audio-shortcode\" id=\"audio-398618-3\" preload=\"none\" style=\"width: 100%;\" controls=\"controls\"><source type=\"audio\/mpeg\" src=\"https:\/\/www.radiopiu.net\/wordpress\/wp-content\/uploads\/2024\/07\/GIORNALEDELLESEI-7.mp3?_=3\" \/><a href=\"https:\/\/www.radiopiu.net\/wordpress\/wp-content\/uploads\/2024\/07\/GIORNALEDELLESEI-7.mp3\">https:\/\/www.radiopiu.net\/wordpress\/wp-content\/uploads\/2024\/07\/GIORNALEDELLESEI-7.mp3<\/a><\/audio>\n<p>&nbsp;<\/p>\n<p>&nbsp;<\/p>\n<hr \/>\n<p>&nbsp;<\/p>\n<h1 style=\"text-align: center;\"><span style=\"color: #ff0000;\">I podcast informativi del mattino &#8211; audio &#8211;\u00a0<\/span><\/h1>\n<p><strong><a class=\"dt-pswp-item\" href=\"https:\/\/www.radiopiu.net\/wordpress\/wp-content\/uploads\/2023\/12\/images.png\" data-dt-img-description=\"\" data-large_image_width=\"316\" data-large_image_height=\"160\"><img loading=\"lazy\" decoding=\"async\" class=\"wp-image-367008 alignleft\" src=\"https:\/\/www.radiopiu.net\/wordpress\/wp-content\/uploads\/2023\/12\/images-300x152.png\" alt=\"\" width=\"235\" height=\"119\" srcset=\"https:\/\/www.radiopiu.net\/wordpress\/wp-content\/uploads\/2023\/12\/images-300x152.png 300w, https:\/\/www.radiopiu.net\/wordpress\/wp-content\/uploads\/2023\/12\/images.png 316w\" sizes=\"auto, (max-width: 235px) 100vw, 235px\" \/><\/a>OGNI GIORNO ALLE SETTE DEL MATTINO, LA RASSEGNA STAMPA LOCALE FLASH&#8230; PER CHI VA IN FRETTA. I TITOLI DAI GIORNALI E DAL SITO WWW.RADIOPIU.NET <span style=\"color: #0000ff;\">viene pubblicato alle 7.00<\/span> <span style=\"color: #ff0000;\">DIRETTA RADIO\u00a0<\/span><\/strong><\/p>\n<p><em><span style=\"color: #ff0000;\">per chi va in fretta&#8230; tante notizie in pochi minuti. L&#8217;informazione locale alla radio, ogni ora dalle 7 del mattino alle 19 della sera.\u00a0 <\/span><\/em><\/p>\n<p><strong>CAMPOLONGO<\/strong> Poco dopo, a Campolongo, un boscaiolo di 46 anni dipendente di Veneto Agricoltura\u00a0 \u00e8 stato colpito da un tronco in Val Frison. \u00c8 stato soccorso e trasportato all&#8217;ospedale di Belluno.<br \/>\n<strong>CORTINA\u00a0<\/strong> Ieri, il Soccorso alpino \u00e8 intervenuto\u00a0 per soccorrere una turista francese infortunata alla caviglia presso il lago del Sorapis. La donna \u00e8 stata recuperata dall&#8217;elicottero del Suem di Pieve di Cadore.<br \/>\n<strong>CANALE D&#8217;AGORDO<\/strong> un 69enne di Ascoli Piceno \u00e8 stato soccorso sulle Pale di San Martino per traumi al bacino e alla testa dopo una caduta sul ghiacciaio.<br \/>\n<strong>VAL DI ZOLDO\u00a0<\/strong>una squadra ha ritrovato un turista 27enne di Singapore che si era perso scendendo dal Van delle Sasse. Disidratato, \u00e8 stato aiutato e riportato <strong>al sentiero.<\/strong><br \/>\n<strong>AURONZO\u00a0<\/strong> una coppia tedesca, lui 39 anni, lei 38,\u00a0 \u00e8 stata recuperata al Bivacco Battaglione Cadore e portata a Padola. Erano troppo stanchi, hanno detto, per tornare a valle da soli.<\/p>\n<h1>AUDIO dalle 7 del mattino<\/h1>\n<audio class=\"wp-audio-shortcode\" id=\"audio-398618-4\" preload=\"none\" style=\"width: 100%;\" controls=\"controls\"><source type=\"audio\/mpeg\" src=\"https:\/\/www.radiopiu.net\/wordpress\/wp-content\/uploads\/2024\/07\/GF07-7.mp3?_=4\" \/><a href=\"https:\/\/www.radiopiu.net\/wordpress\/wp-content\/uploads\/2024\/07\/GF07-7.mp3\">https:\/\/www.radiopiu.net\/wordpress\/wp-content\/uploads\/2024\/07\/GF07-7.mp3<\/a><\/audio>\n<p>&nbsp;<\/p>\n<p>&nbsp;<\/p>\n<hr \/>\n<p>&nbsp;<\/p>\n<h1><\/h1>\n<h1 style=\"text-align: center;\"><span style=\"color: #ff0000;\"><a class=\"dt-pswp-item\" href=\"https:\/\/www.radiopiu.net\/wordpress\/wp-content\/uploads\/2022\/01\/026c3f9d-dae9-4040-a3c1-a6530231bcc3.jpg\" data-dt-img-description=\"\" data-large_image_width=\"1152\" data-large_image_height=\"2048\"><img loading=\"lazy\" decoding=\"async\" class=\"wp-image-251839 alignleft\" src=\"https:\/\/www.radiopiu.net\/wordpress\/wp-content\/uploads\/2022\/01\/026c3f9d-dae9-4040-a3c1-a6530231bcc3-169x300.jpg\" alt=\"\" width=\"100\" height=\"177\" srcset=\"https:\/\/www.radiopiu.net\/wordpress\/wp-content\/uploads\/2022\/01\/026c3f9d-dae9-4040-a3c1-a6530231bcc3-169x300.jpg 169w, https:\/\/www.radiopiu.net\/wordpress\/wp-content\/uploads\/2022\/01\/026c3f9d-dae9-4040-a3c1-a6530231bcc3-576x1024.jpg 576w, https:\/\/www.radiopiu.net\/wordpress\/wp-content\/uploads\/2022\/01\/026c3f9d-dae9-4040-a3c1-a6530231bcc3-768x1365.jpg 768w, https:\/\/www.radiopiu.net\/wordpress\/wp-content\/uploads\/2022\/01\/026c3f9d-dae9-4040-a3c1-a6530231bcc3-864x1536.jpg 864w, https:\/\/www.radiopiu.net\/wordpress\/wp-content\/uploads\/2022\/01\/026c3f9d-dae9-4040-a3c1-a6530231bcc3.jpg 1152w\" sizes=\"auto, (max-width: 100px) 100vw, 100px\" \/><\/a>I podcast informativi del mattino &#8211; audio &#8211;\u00a0<\/span><\/h1>\n<blockquote><p><strong>GIORNALE RADIO NAZIONALE, EDIZIONE DELLE SETTE <span style=\"color: #0000ff;\">viene pubblicato alle 7.05 <span style=\"color: #ff0000;\">DIRETTA RADIO\u00a0<\/span><\/span><\/strong><\/p><\/blockquote>\n<p><strong>il giornale radionazionale e&#8217; in onda ogni ora, dalle sette del mattino alle venti della sera\u00a0 \u00a0<\/strong><strong>\u00a0<\/strong><\/p>\n<p>&nbsp;<\/p>\n<p><strong>MILANO\u00a0<\/strong> Nuova condanna per Alberto Genovese, un anno e 3 mesi, assolto da una serie abusi <strong>CAGLIARI<\/strong> Donna scomparsa a maggio, i carabinieri alla ricerca del corpo Rastrellamento nella zona in cui si \u00e8 attivato il cellulare<br \/>\n<strong>MILANO<\/strong> Per il trapper Baby Gang condanna dimezzata in appello, ridotta anche la condanna per Simba la Rue <strong>VARESE<\/strong> Percepiva il reddito senza averne diritto&#8217;, Bossi jr a processo. L&#8217;accusa \u00e8 false attestazioni, Il 15 ottobre davanti al gup<br \/>\n<strong>PISTOIA<\/strong> &#8216;Sequestra e violenta&#8217; una donna conosciuta sui social, arrestato<br \/>\nLe presunte violenze avvenute in un&#8217;abitazione nel Pistoiese <strong>TREVISO<\/strong> Filippo Turetta a Giulia Cecchettin: &#8216;La laurea insieme o vita \u00e8 finita&#8217;La minaccia in un messaggio 9 mesi prima dell&#8217;omicidio<\/p>\n<h2>AUDIO dalle sette del mattino, ogni ora alla radio<\/h2>\n<audio class=\"wp-audio-shortcode\" id=\"audio-398618-5\" preload=\"none\" style=\"width: 100%;\" controls=\"controls\"><source type=\"audio\/mpeg\" src=\"https:\/\/www.radiopiu.net\/wordpress\/wp-content\/uploads\/2024\/07\/giornale07-9.mp3?_=5\" \/><a href=\"https:\/\/www.radiopiu.net\/wordpress\/wp-content\/uploads\/2024\/07\/giornale07-9.mp3\">https:\/\/www.radiopiu.net\/wordpress\/wp-content\/uploads\/2024\/07\/giornale07-9.mp3<\/a><\/audio>\n<p>&nbsp;<\/p>\n<p>&nbsp;<\/p>\n<hr \/>\n<p>&nbsp;<\/p>\n<p>&nbsp;<\/p>\n<h1><span style=\"color: #ff0000;\">I podcast informativi del mattino &#8211; video &#8211;\u00a0<\/span><\/h1>\n<h2><strong><a class=\"dt-pswp-item\" href=\"https:\/\/www.radiopiu.net\/wordpress\/wp-content\/uploads\/2023\/12\/th-10.jpg\" data-dt-img-description=\"\" data-large_image_width=\"245\" data-large_image_height=\"180\"><img loading=\"lazy\" decoding=\"async\" class=\" wp-image-367395 alignleft\" src=\"https:\/\/www.radiopiu.net\/wordpress\/wp-content\/uploads\/2023\/12\/th-10.jpg\" alt=\"\" width=\"166\" height=\"122\" \/><\/a>RASSEGNA STAMPA LOCALE, ORE OTTO 05<\/strong><\/h2>\n<h2><strong> <span style=\"color: #0000ff;\">viene\u00a0 <\/span><\/strong><strong><span style=\"color: #0000ff;\">pubblicata alle 8.05 <span style=\"color: #ff0000;\">DIRETTA RADIO\u00a0\u00a0<\/span><\/span><\/strong><\/h2>\n<p><strong>DI MIRKO MEZZACASA\u00a0 \u00a0<\/strong><button class=\"rounded-lg text-token-text-secondary hover:bg-token-main-surface-secondary\"><\/button><\/p>\n<p><strong>OGGI SUL Corriere delle Alpi E NOTIZIARI DI Radio Pi\u00f9<\/strong><\/p>\n<p><strong>CANALE D&#8217;AGORDO<\/strong> Nella chiesa di Canale d&#8217;Agordo, amici e familiari hanno dato l&#8217;ultimo saluto a Piergiorgio Adami, ex carabiniere e maestro di sci, morto a 68 anni in un tragico incidente a Masar\u00e8 di Alleghe. Il parroco don Vito De Vido ha ricordato la dedizione di Adami nell&#8217;Arma dei carabinieri e nella montagna, descrivendolo come un uomo che insegnava con passione e coinvolgimento. La cerimonia ha visto la partecipazione di carabinieri della Scuola alpina di Selva di Val Gardena, maestri di sci, e rappresentanti delle associazioni sportive della Valle del Biois, tutti commossi dalla perdita di una figura amata e rispettata.<br \/>\n<strong>CORTINA<\/strong> Ieri,sulla Ferrata Lipella, un escursionista belga di 42 anni, Jelle Van Eekel, \u00e8 deceduto dopo una caduta di 50 metri. Il soccorritore che ha assistito all&#8217;incidente ha allertato il 118, che ha inviato l&#8217;elicottero del Suem di Pieve di Cadore. La compagna dell&#8217;escursionista, una 28enne slovena, \u00e8 stata soccorsa in stato di shock.<br \/>\n<strong>TAIBON<\/strong> Ieri mattina, il Soccorso alpino di Agordo ha trasportato in ospedale una 47enne statunitense colta da malore al Rifugio Vazzoler.<\/p>\n<h2><span style=\"color: #ff0000;\"><strong>VIDEO\u00a0 \u00a0in diretta dalle 8 del mattino<\/strong><\/span><\/h2>\n<p>&nbsp;<\/p>\n<p><iframe loading=\"lazy\" title=\"DAL 1983 LA RASSEGNA STAMPA LOCALE di mirko mezzacasa. L&#039;ORIGINALE\" width=\"1200\" height=\"675\" src=\"https:\/\/www.youtube.com\/embed\/EbyLbxvzLQ0?feature=oembed\" frameborder=\"0\" allow=\"accelerometer; autoplay; clipboard-write; encrypted-media; gyroscope; picture-in-picture; web-share\" referrerpolicy=\"strict-origin-when-cross-origin\" allowfullscreen><\/iframe><\/p>\n<p>&nbsp;<\/p>\n<hr \/>\n<p>&nbsp;<\/p>\n<p>&nbsp;<\/p>\n<p><strong><a class=\"dt-pswp-item\" href=\"https:\/\/www.radiopiu.net\/wordpress\/wp-content\/uploads\/2023\/12\/ANTENNA.png\" data-dt-img-description=\"\" data-large_image_width=\"300\" data-large_image_height=\"166\"><img loading=\"lazy\" decoding=\"async\" class=\" wp-image-366306 alignleft\" src=\"https:\/\/www.radiopiu.net\/wordpress\/wp-content\/uploads\/2023\/12\/ANTENNA.png\" alt=\"\" width=\"175\" height=\"97\" \/><\/a>IERI SERA, DAL TG DI ANTENNA 3, ogni sera alle 19 le anticipazioni alla radio, quello che poi seguirete nel TELEGIORNALE BELLUNESE\u00a0 in onda alle 19.30 sul CANALE 10 del digitale terrestre.\u00a0\u00a0<\/strong><\/p>\n<p>&nbsp;<\/p>\n<p><span style=\"color: #ff0000;\"><strong>\u00a0IERI SERA ALLA RADIO&#8230; LE ANTICIPAZIONI DI\u00a0 tiziana bolognani<\/strong><\/span><\/p>\n<audio class=\"wp-audio-shortcode\" id=\"audio-398618-6\" preload=\"none\" style=\"width: 100%;\" controls=\"controls\"><source type=\"audio\/mpeg\" src=\"https:\/\/www.radiopiu.net\/wordpress\/wp-content\/uploads\/2024\/07\/ANTENNA3-6.mp3?_=6\" \/><a href=\"https:\/\/www.radiopiu.net\/wordpress\/wp-content\/uploads\/2024\/07\/ANTENNA3-6.mp3\">https:\/\/www.radiopiu.net\/wordpress\/wp-content\/uploads\/2024\/07\/ANTENNA3-6.mp3<\/a><\/audio>\n<p><span style=\"color: #ff0000;\"><strong>\u00a0<\/strong><\/span><\/p>\n<p>&nbsp;<\/p>\n<hr \/>\n<p><strong>\u00a0 \u00a0\u00a0<\/strong><\/p>\n<blockquote>\n<h3>IN TRE COMUNI ACQUA INQUINATA<\/h3>\n<\/blockquote>\n<p><strong><img loading=\"lazy\" decoding=\"async\" class=\"alignleft\" src=\"https:\/\/www.radiopiu.net\/wordpress\/wp-content\/uploads\/2024\/05\/cantiere-municipio-Livinallongo-scaled.jpg\" width=\"231\" height=\"104\" \/><\/strong><b><\/b><\/p>\n<p><strong>LIVINALLONGO<\/strong> In localit\u00e0 COLLAZ e Castello l&#8217;acqua erogata dall&#8217;acquedotto non \u00e8 potabile e pu\u00f2 essere usata per scopi alimentari SOLO PREVIA bollitura.<span style=\"color: #ff0000;\">\u00a0<\/span><\/p>\n<p><strong>GOSALDO<\/strong> in localit\u00e0 VALLASIN l&#8217;acqua erogata dall&#8217;acquedotto non \u00e8 potabile e pu\u00f2 essere usata per scopi alimentari SOLO PREVIA bollitura.<\/p>\n<p><strong>ROCCA PIETORE<\/strong> in LOCALITA&#8217; DIGONERA l&#8217;acqua erogata dall&#8217;acquedotto non \u00e8 potabile e pu\u00f2 essere usata per scopi alimentari SOLO PREVIA bollitura.<strong> Verr\u00e0 effettuato servizio sostitutivo con cisterna c\/o Albergo Digonera in localit\u00e0 Digonera.\u00a0<\/strong><\/p>\n<p>&nbsp;<\/p>\n<blockquote>\n<h3>LAVORI PROGRAMMATI BIM GSP<\/h3>\n<\/blockquote>\n<p><strong>LIVINALLONGO<\/strong>\u00a0 Oggi e domani\u00a0 dalle 8 alle 17 verr\u00e0 sospesa l\u2019erogazione dell\u2019acqua\u00a0 nelle localit\u00e0 LASTA, FEDERA, CORTE e SIEF.<\/p>\n<p><strong>ROCCA PIETORE<\/strong>\u00a0 Domani dalle 8 alle 17, verr\u00e0 sospesa l\u2019erogazione dell\u2019acqua nelle vie SOTTOGUDA e MALGA CIAPELA.<\/p>\n<p>&nbsp;<\/p>\n<p>&nbsp;<\/p>\n<hr \/>\n<p>&nbsp;<\/p>\n<blockquote>\n<h3 class=\"entry-title\">PRECIPITA DALLA FERRATA LIPELLA E PERDE LA VITA<\/h3>\n<\/blockquote>\n<p><strong class=\"photoswipe-wrapper\"><a class=\"dt-pswp-item pspw-wrap-ready\" href=\"https:\/\/www.radiopiu.net\/wordpress\/wp-content\/uploads\/2024\/07\/Watermark_20240709_163205_943-1.jpg\" data-dt-img-description=\"\" data-large_image_width=\"1773\" data-large_image_height=\"2364\"><img loading=\"lazy\" decoding=\"async\" class=\" wp-image-398739 alignleft\" src=\"https:\/\/www.radiopiu.net\/wordpress\/wp-content\/uploads\/2024\/07\/Watermark_20240709_163205_943-1-225x300.jpg\" sizes=\"auto, (max-width: 225px) 100vw, 225px\" srcset=\"https:\/\/www.radiopiu.net\/wordpress\/wp-content\/uploads\/2024\/07\/Watermark_20240709_163205_943-1-225x300.jpg 225w, https:\/\/www.radiopiu.net\/wordpress\/wp-content\/uploads\/2024\/07\/Watermark_20240709_163205_943-1-768x1024.jpg 768w, https:\/\/www.radiopiu.net\/wordpress\/wp-content\/uploads\/2024\/07\/Watermark_20240709_163205_943-1-1152x1536.jpg 1152w, https:\/\/www.radiopiu.net\/wordpress\/wp-content\/uploads\/2024\/07\/Watermark_20240709_163205_943-1-1536x2048.jpg 1536w, https:\/\/www.radiopiu.net\/wordpress\/wp-content\/uploads\/2024\/07\/Watermark_20240709_163205_943-1.jpg 1773w\" alt=\"\" width=\"150\" height=\"200\" \/><\/a>CORTINA <\/strong><\/p>\n<p>Ieri,sulla Ferrata Lipella, un escursionista belga di 42 anni, Jelle Van Eekel, \u00e8 deceduto dopo una caduta di 50 metri. Il soccorritore che ha assistito all&#8217;incidente ha allertato il 118, che ha inviato l&#8217;elicottero del Suem di Pieve di Cadore. La compagna dell&#8217;escursionista, una 28enne slovena, \u00e8 stata soccorsa in stato di shock.<\/p>\n<p>&nbsp;<\/p>\n<p>&nbsp;<\/p>\n<p>&nbsp;<\/p>\n<p>&nbsp;<\/p>\n<p>&nbsp;<\/p>\n<hr \/>\n<p>&nbsp;<\/p>\n<blockquote>\n<h3>Interventi del Soccorso Alpino a Taibon e Campolongo<\/h3>\n<p><strong>TAIBON <\/strong>Ieri mattina, il Soccorso alpino di Agordo ha trasportato in ospedale una 47enne statunitense colta da malore al Rifugio Vazzoler.<br \/>\n<strong>CAMPOLONGO<\/strong> Poco dopo, a Campolongo, un boscaiolo di 46 anni dipendente di Veneto Agricoltura\u00a0 \u00e8 stato colpito da un tronco in Val Frison. \u00c8 stato soccorso e trasportato all&#8217;ospedale di Belluno.<\/p><\/blockquote>\n<p>&nbsp;<\/p>\n<hr \/>\n<p>&nbsp;<\/p>\n<blockquote>\n<h3>Interventi di Soccorso Alpino a Cortina e altre localit\u00e0<\/h3>\n<\/blockquote>\n<p><strong><a class=\"dt-pswp-item\" href=\"https:\/\/www.radiopiu.net\/wordpress\/wp-content\/uploads\/2024\/07\/Watermark_20240709_201434_472.jpg\" data-dt-img-description=\"\" data-large_image_width=\"1773\" data-large_image_height=\"2364\"><img loading=\"lazy\" decoding=\"async\" class=\" wp-image-398757 alignleft\" src=\"https:\/\/www.radiopiu.net\/wordpress\/wp-content\/uploads\/2024\/07\/Watermark_20240709_201434_472-225x300.jpg\" alt=\"\" width=\"158\" height=\"211\" srcset=\"https:\/\/www.radiopiu.net\/wordpress\/wp-content\/uploads\/2024\/07\/Watermark_20240709_201434_472-225x300.jpg 225w, https:\/\/www.radiopiu.net\/wordpress\/wp-content\/uploads\/2024\/07\/Watermark_20240709_201434_472-768x1024.jpg 768w, https:\/\/www.radiopiu.net\/wordpress\/wp-content\/uploads\/2024\/07\/Watermark_20240709_201434_472-1152x1536.jpg 1152w, https:\/\/www.radiopiu.net\/wordpress\/wp-content\/uploads\/2024\/07\/Watermark_20240709_201434_472-1536x2048.jpg 1536w, https:\/\/www.radiopiu.net\/wordpress\/wp-content\/uploads\/2024\/07\/Watermark_20240709_201434_472.jpg 1773w\" sizes=\"auto, (max-width: 158px) 100vw, 158px\" \/><\/a>CORTINA<\/strong>\u00a0 Ieri, il Soccorso alpino \u00e8 intervenuto\u00a0 per soccorrere una turista francese infortunata alla caviglia presso il lago del Sorapis. La donna \u00e8 stata recuperata dall&#8217;elicottero del Suem di Pieve di Cadore.<\/p>\n<p><strong>CANALE D&#8217;AGORDO<\/strong> un 69enne di Ascoli Piceno \u00e8 stato soccorso sulle Pale di San Martino per traumi al bacino e alla testa dopo una caduta sul ghiacciaio.<\/p>\n<p><strong>VAL DI ZOLDO<\/strong>\u00a0una squadra ha ritrovato un turista 27enne di Singapore che si era perso scendendo dal Van delle Sasse. Disidratato, \u00e8 stato aiutato e riportato al sentiero.<\/p>\n<p><strong>AURONZO<\/strong>\u00a0 una coppia tedesca, lui 39 anni, lei 38,\u00a0 \u00a0\u00e8 stata recuperata al Bivacco Battaglione Cadore e portata a Padola. Erano troppo stanchi, hanno detto, per tornare a valle da soli.<\/p>\n<p>&nbsp;<\/p>\n<hr \/>\n<p>&nbsp;<\/p>\n<p>&nbsp;<\/p>\n<blockquote>\n<h1>Commovente Saluto a Piergiorgio Adami<\/h1>\n<p><a class=\"dt-pswp-item\" href=\"https:\/\/www.radiopiu.net\/wordpress\/wp-content\/uploads\/2024\/07\/Senza-nome-39.png\" data-dt-img-description=\"\" data-large_image_width=\"944\" data-large_image_height=\"294\"><img loading=\"lazy\" decoding=\"async\" class=\"alignnone wp-image-398785 size-full\" src=\"https:\/\/www.radiopiu.net\/wordpress\/wp-content\/uploads\/2024\/07\/Senza-nome-39.png\" alt=\"\" width=\"944\" height=\"294\" srcset=\"https:\/\/www.radiopiu.net\/wordpress\/wp-content\/uploads\/2024\/07\/Senza-nome-39.png 944w, https:\/\/www.radiopiu.net\/wordpress\/wp-content\/uploads\/2024\/07\/Senza-nome-39-300x93.png 300w, https:\/\/www.radiopiu.net\/wordpress\/wp-content\/uploads\/2024\/07\/Senza-nome-39-768x239.png 768w\" sizes=\"auto, (max-width: 944px) 100vw, 944px\" \/><\/a><\/p><\/blockquote>\n<p>Nella chiesa di Canale d&#8217;Agordo, amici e familiari hanno dato l&#8217;ultimo saluto a Piergiorgio Adami, ex carabiniere e maestro di sci, morto a 68 anni in un tragico incidente a Masar\u00e8 di Alleghe. Il parroco don Vito De Vido ha ricordato la dedizione di Adami nell&#8217;Arma dei carabinieri e nella montagna, descrivendolo come un uomo che insegnava con passione e coinvolgimento. La cerimonia ha visto la partecipazione di carabinieri della Scuola alpina di Selva di Val Gardena, maestri di sci, e rappresentanti delle associazioni sportive della Valle del Biois, tutti commossi dalla perdita di una figura amata e rispettata.<\/p>\n<p>foto CORRIERE DELLE ALPI.<\/p>\n<p>&nbsp;<\/p>\n<p><strong>jonh francis della pietra\u00a0\u00a0<\/strong><\/p>\n<p>Senza parole<\/p>\n<p>Un silenzio immantinente<br \/>\n\u00c8 penetrato nei recessi della mia mente<br \/>\nLo percepisco, lo sto a sentire<br \/>\nMa proprio non so cosa dire<br \/>\nAlzo lo sguardo all ins\u00f9<br \/>\nOsservo le cime lass\u00f9<br \/>\nSono immote e silenti<br \/>\nDeserte quasi senza genti<br \/>\nNeppure un alito di vento nell azzurro cielo<br \/>\nN\u00e9 di nubi un leggero velo<br \/>\nPoi pian piano nella memoria compare<br \/>\nUn minuscolo ricordo accompagnato da un soffice batter d ale<br \/>\nSi giungono per un attimo le mie mani le mie dita<br \/>\nMentre riprende a palpitar incessante la vita&#8230;<\/p>\n<audio class=\"wp-audio-shortcode\" id=\"audio-398618-7\" preload=\"none\" style=\"width: 100%;\" controls=\"controls\"><source type=\"audio\/ogg\" src=\"https:\/\/www.radiopiu.net\/wordpress\/wp-content\/uploads\/2024\/07\/WhatsApp-Ptt-2024-07-10-at-07.05.06.ogg?_=7\" \/><a href=\"https:\/\/www.radiopiu.net\/wordpress\/wp-content\/uploads\/2024\/07\/WhatsApp-Ptt-2024-07-10-at-07.05.06.ogg\">https:\/\/www.radiopiu.net\/wordpress\/wp-content\/uploads\/2024\/07\/WhatsApp-Ptt-2024-07-10-at-07.05.06.ogg<\/a><\/audio>\n<p>&nbsp;<\/p>\n<p>&nbsp;<\/p>\n<hr \/>\n<p>&nbsp;<\/p>\n<blockquote>\n<h3>INFORTUNIO AL SINDACO VIVIANA FUSARO, CON GLI AUGURI DI PRONTA GUARIGIONE<\/h3>\n<\/blockquote>\n<p><img loading=\"lazy\" decoding=\"async\" class=\"alignleft\" src=\"https:\/\/www.radiopiu.net\/wordpress\/wp-content\/uploads\/2023\/07\/Fusaro-Viviana-image.jpg_fdetail_558h720w-467x445-1.jpg\" width=\"186\" height=\"177\" \/><strong>FELTRE<\/strong> <span style=\"font-size: 16pt; background-color: #fdfdfd; color: #000000; font-family: arial, helvetica, sans-serif;\">A seguito di un banale incidente durante qualche giorno di vacanza, il sindaco di Feltre Viviana Fusaro ha riportato una frattura ad una gamba. <\/span><span style=\"font-size: 16pt; background-color: #fdfdfd; color: #000000; font-family: arial, helvetica, sans-serif;\">\u00c8 attualmente ricoverata in una struttura ospedaliera dove \u00e8 stata sottoposta ad un intervento chirurgico ortopedico <\/span><span style=\"font-size: 16pt; background-color: #fdfdfd; color: #000000; font-family: arial, helvetica, sans-serif;\">per stabilizzare l&#8217;arto ed accelerare i tempi di recupero. <\/span><span style=\"font-size: 16pt; background-color: #fdfdfd; color: #000000; font-family: arial, helvetica, sans-serif;\">Tutti gli impegni amministrativi rimangono in carico al Vice Sindaco e agli Assessori competenti. <\/span><span style=\"font-size: 16pt; background-color: #fdfdfd; color: #000000; font-family: arial, helvetica, sans-serif;\">Da tutti i colleghi dell&#8217;Amministrazione comunale sono giunti al sindaco gli auguri di guarigione e di un pronto recupero.\u00a0<\/span><\/p>\n<p>&nbsp;<\/p>\n<hr \/>\n<p>&nbsp;<\/p>\n<blockquote>\n<h3>IL CORAGGIOSO TENTATIVO DEL MEZZO DOLOMITI BUS<\/h3>\n<\/blockquote>\n<p><strong>AGORDO<\/strong> L&#8221;autista di Dolomiti Bus ieri si \u00e8 avventurato sulla strada che porta all&#8217;Ospedale di Agordo. Siamo in Via Fadig\u00e0, dietro la chiesa di Agordo, un punto in cui la strada si ristringe al punto che un&#8217;auto passa di misura tra le mura delle due abitazioni. Nella foto il coraggioso tentativo di affrontare la scorciatoia con il mezzo di linea.<\/p>\n\n\t\t\t<style type='text\/css'>\n\t\t\t\t#gallery-1 {\n\t\t\t\t\tmargin: auto;\n\t\t\t\t}\n\t\t\t\t#gallery-1 .gallery-item {\n\t\t\t\t\tfloat: left;\n\t\t\t\t\tmargin-top: 10px;\n\t\t\t\t\ttext-align: center;\n\t\t\t\t\twidth: 100%;\n\t\t\t\t}\n\t\t\t\t#gallery-1 img {\n\t\t\t\t\tborder: 2px solid #cfcfcf;\n\t\t\t\t}\n\t\t\t\t#gallery-1 .gallery-caption {\n\t\t\t\t\tmargin-left: 0;\n\t\t\t\t}\n\t\t\t\t\/* see gallery_shortcode() in wp-includes\/media.php *\/\n\t\t\t<\/style>\n\t\t<div id='gallery-1' class='dt-gallery-container gallery galleryid-398618 gallery-columns-1 gallery-size-medium'><dl class='gallery-item'>\n\t\t\t\t<dt class='gallery-icon portrait'>\n\t\t\t\t\t<a class=\"rollover rollover-zoom dt-pswp-item\" title=\"Screenshot\" data-dt-img-description=\"\" data-large_image_width=\"1080\" data-large_image_height=\"1350\"href='https:\/\/www.radiopiu.net\/wordpress\/wp-content\/uploads\/2024\/07\/SCR-20240709-quyr.jpeg'><img loading=\"lazy\" decoding=\"async\" width=\"240\" height=\"300\" src=\"https:\/\/www.radiopiu.net\/wordpress\/wp-content\/uploads\/2024\/07\/SCR-20240709-quyr-240x300.jpeg\" class=\"attachment-medium size-medium\" alt=\"\" srcset=\"https:\/\/www.radiopiu.net\/wordpress\/wp-content\/uploads\/2024\/07\/SCR-20240709-quyr-240x300.jpeg 240w, https:\/\/www.radiopiu.net\/wordpress\/wp-content\/uploads\/2024\/07\/SCR-20240709-quyr-819x1024.jpeg 819w, https:\/\/www.radiopiu.net\/wordpress\/wp-content\/uploads\/2024\/07\/SCR-20240709-quyr-768x960.jpeg 768w, https:\/\/www.radiopiu.net\/wordpress\/wp-content\/uploads\/2024\/07\/SCR-20240709-quyr.jpeg 1080w\" sizes=\"auto, (max-width: 240px) 100vw, 240px\" \/><\/a>\n\t\t\t\t<\/dt><\/dl><br style=\"clear: both\" \/>\n\t\t\t<\/div>\n\n<p>&nbsp;<\/p>\n<p>&nbsp;<\/p>\n<hr \/>\n<p>&nbsp;<\/p>\n<blockquote>\n<h3 class=\"titolonews\">APPROVATO IN CONSIGLIO REGIONALE L\u2019ASSESTAMENTO DI BILANCIO 2024<\/h3>\n<\/blockquote>\n<p><strong><a class=\"dt-pswp-item\" href=\"https:\/\/www.radiopiu.net\/wordpress\/wp-content\/uploads\/2021\/09\/regione-veneto.png\" data-dt-img-description=\"\" data-large_image_width=\"455\" data-large_image_height=\"344\"><img loading=\"lazy\" decoding=\"async\" class=\" wp-image-234211 alignleft\" src=\"https:\/\/www.radiopiu.net\/wordpress\/wp-content\/uploads\/2021\/09\/regione-veneto-300x227.png\" alt=\"\" width=\"151\" height=\"114\" srcset=\"https:\/\/www.radiopiu.net\/wordpress\/wp-content\/uploads\/2021\/09\/regione-veneto-300x227.png 300w, https:\/\/www.radiopiu.net\/wordpress\/wp-content\/uploads\/2021\/09\/regione-veneto.png 455w\" sizes=\"auto, (max-width: 151px) 100vw, 151px\" \/><\/a>VENEZIA<\/strong> L&#8217;assessore al Bilancio della Regione Veneto, Francesco Calzavara, ha annunciato l&#8217;approvazione dell&#8217;assestamento di bilancio 2024, ottenendo in anticipo 18 milioni di euro per priorit\u00e0 della Giunta: sociale, diritto allo studio e rete viaria regionale. Questo assestamento garantisce l&#8217;equilibrio finanziario senza nuove linee di spesa, utilizzando le economie disponibili per sostenere famiglie, cittadini, cultura e turismo. Sono destinati 6,70 milioni di euro a iniziative sociali, 3 milioni di euro per borse di studio, con l&#8217;obiettivo di coprire ulteriori richieste tramite fondi ministeriali, e 2,1 milioni di euro per migliorare la sicurezza stradale.<\/p>\n<p>&nbsp;<\/p>\n<p>&nbsp;<\/p>\n<hr \/>\n<p>&nbsp;<\/p>\n<blockquote>\n<h3>Cresce la domanda di immobili in Veneto nel primo semestre <a class=\"dt-pswp-item\" href=\"https:\/\/www.radiopiu.net\/wordpress\/wp-content\/uploads\/2024\/07\/house-1477041_640.jpg\" data-dt-img-description=\"\" data-large_image_width=\"640\" data-large_image_height=\"360\"><img loading=\"lazy\" decoding=\"async\" class=\" wp-image-398692 alignleft\" src=\"https:\/\/www.radiopiu.net\/wordpress\/wp-content\/uploads\/2024\/07\/house-1477041_640-300x169.jpg\" alt=\"\" width=\"218\" height=\"123\" srcset=\"https:\/\/www.radiopiu.net\/wordpress\/wp-content\/uploads\/2024\/07\/house-1477041_640-300x169.jpg 300w, https:\/\/www.radiopiu.net\/wordpress\/wp-content\/uploads\/2024\/07\/house-1477041_640.jpg 640w\" sizes=\"auto, (max-width: 218px) 100vw, 218px\" \/><\/a>del 2024<\/h3>\n<\/blockquote>\n<p><strong>REDAZIONE<\/strong> Nel primo semestre del 2024, la domanda di immobili in vendita e in affitto in Veneto \u00e8 aumentata, nonostante il rialzo dei prezzi. Secondo l&#8217;Osservatorio semestrale di Immobiliare.it Insights, il costo medio per acquistare casa \u00e8 di 2.253 euro\/mq (+4,9% rispetto a inizio anno), mentre i canoni di affitto sfiorano i 12 euro\/mq (+5,3%). Venezia rimane la citt\u00e0 pi\u00f9 cara, con 3.258 euro\/mq (+3,1% su base semestrale). Questi dati evidenziano un trend di crescita sostenuta nel mercato immobiliare regionale, sia per la vendita che per l&#8217;affitto.<\/p>\n<p>FOTO PIXABAY <a href=\"http:\/\/www.holzimage.com\/\" target=\"_blank\" rel=\"noopener\">www.holzimage.com\u00a0<\/a><\/p>\n<p>&nbsp;<\/p>\n<hr \/>\n<p>&nbsp;<\/p>\n<blockquote>\n<h3 class=\"_title post-title entry-title\"><a class=\"dt-pswp-item\" href=\"https:\/\/www.radiopiu.net\/wordpress\/wp-content\/uploads\/2023\/12\/ANTENNA.png\" data-dt-img-description=\"\" data-large_image_width=\"300\" data-large_image_height=\"166\"><img loading=\"lazy\" decoding=\"async\" class=\"wp-image-366306 alignleft\" src=\"https:\/\/www.radiopiu.net\/wordpress\/wp-content\/uploads\/2023\/12\/ANTENNA.png\" alt=\"\" width=\"139\" height=\"77\" \/><\/a>FONDAZIONE TEATRI SENZA PRESIDENTE. DE PELLEGRIN: \u00abINCONTRERO\u2019 FERIGUTTI\u00bb<\/h3>\n<\/blockquote>\n<p>Intervistati OSCAR DE PELLEGRIN (SINDACO DI BELLUNO) (Servizio di\u00a0<a href=\"https:\/\/antennatre.medianordest.it\/redazione\/Tiziana-Bolognani\/\">Tiziana Bolognani<\/a>)<\/p>\n<p><iframe loading=\"lazy\" title=\"FONDAZIONE TEATRI SENZA PRESIDENTE. DE PELLEGRIN: \u00abINCONTRERO&#039; FERIGUTTI\u00bb | 09\/07\/2024\" width=\"1200\" height=\"675\" src=\"https:\/\/www.youtube.com\/embed\/1igFTOncVIc?feature=oembed\" frameborder=\"0\" allow=\"accelerometer; autoplay; clipboard-write; encrypted-media; gyroscope; picture-in-picture; web-share\" referrerpolicy=\"strict-origin-when-cross-origin\" allowfullscreen><\/iframe><\/p>\n<p>&nbsp;<\/p>\n<p>&nbsp;<\/p>\n<hr \/>\n<p>&nbsp;<\/p>\n<blockquote>\n<h3>Un regalo speciale tra colleghi con gli Alamari: Una Fiamma in legno per la Caserma dei Carabinieri<\/h3>\n<\/blockquote>\n<p><strong><a class=\"dt-pswp-item\" href=\"https:\/\/www.radiopiu.net\/wordpress\/wp-content\/uploads\/2024\/07\/29e9f700-cab7-471f-814d-e19a38fd9620-scaled.jpg\" data-dt-img-description=\"\" data-large_image_width=\"2560\" data-large_image_height=\"1920\"><img loading=\"lazy\" decoding=\"async\" class=\" wp-image-398690 alignleft\" src=\"https:\/\/www.radiopiu.net\/wordpress\/wp-content\/uploads\/2024\/07\/29e9f700-cab7-471f-814d-e19a38fd9620-300x225.jpg\" alt=\"\" width=\"235\" height=\"176\" srcset=\"https:\/\/www.radiopiu.net\/wordpress\/wp-content\/uploads\/2024\/07\/29e9f700-cab7-471f-814d-e19a38fd9620-300x225.jpg 300w, https:\/\/www.radiopiu.net\/wordpress\/wp-content\/uploads\/2024\/07\/29e9f700-cab7-471f-814d-e19a38fd9620-1024x768.jpg 1024w, https:\/\/www.radiopiu.net\/wordpress\/wp-content\/uploads\/2024\/07\/29e9f700-cab7-471f-814d-e19a38fd9620-768x576.jpg 768w, https:\/\/www.radiopiu.net\/wordpress\/wp-content\/uploads\/2024\/07\/29e9f700-cab7-471f-814d-e19a38fd9620-1536x1152.jpg 1536w, https:\/\/www.radiopiu.net\/wordpress\/wp-content\/uploads\/2024\/07\/29e9f700-cab7-471f-814d-e19a38fd9620-2048x1536.jpg 2048w\" sizes=\"auto, (max-width: 235px) 100vw, 235px\" \/><\/a>BELLUNO<\/strong> Una grande Fiamma in legno, simbolo dei Carabinieri, \u00e8 stata collocata sulla facciata del Comando Provinciale di Belluno. Realizzata dai Carabinieri Forestali del Reparto Biodiversit\u00e0 con legno recuperato dalla tempesta Vaia, l&#8217;opera \u00e8 stata inaugurata dal Colonnello Enrico Pigozzo, il Ten. Col. Elisabetta Tropea, e l&#8217;autore Stefano Lezzi. Alta oltre 3 metri, la Fiamma abbellisce e conferisce un tocco d\u2019arte alla caserma. La cerimonia coincide con l&#8217;anniversario della fondazione dell\u2019Arma, il 13 luglio 1814. La Fiamma rappresenta un legame forte con il territorio e un simbolo di forza, sicurezza e stabilit\u00e0.<\/p>\n<blockquote>\n<h3>Un&#8217;opera simbolica in legno alla Caserma dei Carabinieri<\/h3>\n<\/blockquote>\n<p>Il Ten.Col. Tropea ha sottolineato l&#8217;onore di creare un&#8217;opera in legno recuperato dalla tempesta Vaia, simbolo di forza e stabilit\u00e0. L&#8217;autore Stefano Lezzi ha espresso grande emozione nel vedere l&#8217;opera affissa, destinata a durare per decenni.<\/p>\n<p>&nbsp;<\/p>\n<hr \/>\n<p>&nbsp;<\/p>\n<blockquote>\n<h2>Seconda Edizione del Belluno Pride: Inclusivit\u00e0 e Partecipazione<\/h2>\n<\/blockquote>\n<p><strong><a class=\"dt-pswp-item\" href=\"https:\/\/www.radiopiu.net\/wordpress\/wp-content\/uploads\/2023\/07\/683dd057-501c-4117-b87b-c85585f67e7a-1.jpg\" data-dt-img-description=\"\" data-large_image_width=\"2048\" data-large_image_height=\"1536\"><img loading=\"lazy\" decoding=\"async\" class=\"size-medium wp-image-398685 alignleft\" src=\"https:\/\/www.radiopiu.net\/wordpress\/wp-content\/uploads\/2023\/07\/683dd057-501c-4117-b87b-c85585f67e7a-1-300x225.jpg\" alt=\"\" width=\"300\" height=\"225\" srcset=\"https:\/\/www.radiopiu.net\/wordpress\/wp-content\/uploads\/2023\/07\/683dd057-501c-4117-b87b-c85585f67e7a-1-300x225.jpg 300w, https:\/\/www.radiopiu.net\/wordpress\/wp-content\/uploads\/2023\/07\/683dd057-501c-4117-b87b-c85585f67e7a-1-1024x768.jpg 1024w, https:\/\/www.radiopiu.net\/wordpress\/wp-content\/uploads\/2023\/07\/683dd057-501c-4117-b87b-c85585f67e7a-1-768x576.jpg 768w, https:\/\/www.radiopiu.net\/wordpress\/wp-content\/uploads\/2023\/07\/683dd057-501c-4117-b87b-c85585f67e7a-1-1536x1152.jpg 1536w, https:\/\/www.radiopiu.net\/wordpress\/wp-content\/uploads\/2023\/07\/683dd057-501c-4117-b87b-c85585f67e7a-1.jpg 2048w\" sizes=\"auto, (max-width: 300px) 100vw, 300px\" \/><\/a>BELLUNO<\/strong> Sabato 13 luglio si terr\u00e0 la seconda edizione del Belluno Pride, con significative migliorie organizzative rispetto all&#8217;anno scorso. Basandosi sul manifesto del Belluno Pride, consultabile sui social, gli organizzatori hanno condotto uno studio sull&#8217;accessibilit\u00e0 per rendere la manifestazione inclusiva per tutti. Sono state create linee guida per garantire un&#8217;esperienza positiva per persone con disabilit\u00e0 o neurodivergenza, con volontari dedicati e un servizio navetta per persone in carrozzina, prenotabile al numero 366.2131876. Una &#8220;Zona Bianca&#8221; offrir\u00e0 uno spazio sicuro con minore carico sensoriale e verranno tradotti in LIS gli interventi sul palco. Numerose associazioni parteciperanno attivamente, tra cui Famiglie Arcobaleno, Agedo, Dafne, Rete Studenti Medi, Non Una di Meno, Gi\u00f9 le mani dalla salute bellunese, Mediterranea Rescue Humans e Adl Cobas. L&#8217;Ordine delle psicologhe e degli psicologi del Veneto prender\u00e0 parte per la prima volta. Vladimir Luxuria sar\u00e0 la madrina dell&#8217;evento. Il corteo partir\u00e0 alle 15.30 dai giardini della Stazione dei treni di Belluno, attraverser\u00e0 la citt\u00e0 e terminer\u00e0 in Piazza Duomo e Piazza dei Martiri. Il motto dell&#8217;edizione: &#8220;Siamo qui, esistiamo, resistiamo e vogliamo tutto!<\/p>\n<p>&nbsp;<\/p>\n<p>&nbsp;<\/p>\n<hr \/>\n<p>&nbsp;<\/p>\n<blockquote>\n<h3>CANDIDATURE DEI CAPIFRAZIONE: LE PERPLESSITA&#8217; DI INSIEME PER BELLUNO<\/h3>\n<\/blockquote>\n<p><strong><a class=\"dt-pswp-item\" href=\"https:\/\/www.radiopiu.net\/wordpress\/wp-content\/uploads\/2024\/07\/LUCIA-OLIVOTTO.jpg\" data-dt-img-description=\"\" data-large_image_width=\"194\" data-large_image_height=\"259\"><img loading=\"lazy\" decoding=\"async\" class=\" wp-image-398743 alignleft\" src=\"https:\/\/www.radiopiu.net\/wordpress\/wp-content\/uploads\/2024\/07\/LUCIA-OLIVOTTO.jpg\" alt=\"\" width=\"98\" height=\"131\" \/><\/a>BELLUNO<\/strong> L&#8217;apertura delle candidature in piena estate, ma anche il ruolo delle assemblee frazionali e gli interventi da realizzare nei territori: all&#8217;indomani della pubblicazione dell&#8217;avviso per la candidatura a capofrazione, il gruppo consiliare Insieme per Belluno Bene Comune torna a esprimere le sue perplessit\u00e0.<\/p>\n<p><strong>DI DANIELE DALVIT<\/strong><\/p>\n<audio class=\"wp-audio-shortcode\" id=\"audio-398618-8\" preload=\"none\" style=\"width: 100%;\" controls=\"controls\"><source type=\"audio\/mpeg\" src=\"https:\/\/www.radiopiu.net\/wordpress\/wp-content\/uploads\/2024\/07\/Servizio-Olivotto-capifrazione.mp3?_=8\" \/><a href=\"https:\/\/www.radiopiu.net\/wordpress\/wp-content\/uploads\/2024\/07\/Servizio-Olivotto-capifrazione.mp3\">https:\/\/www.radiopiu.net\/wordpress\/wp-content\/uploads\/2024\/07\/Servizio-Olivotto-capifrazione.mp3<\/a><\/audio>\n<p>&nbsp;<\/p>\n<hr \/>\n<p>&nbsp;<\/p>\n<blockquote>\n<h3><a class=\"dt-pswp-item\" href=\"https:\/\/www.radiopiu.net\/wordpress\/wp-content\/uploads\/2024\/07\/SCR-20240709-qxll.jpeg\" data-dt-img-description=\"\" data-large_image_width=\"1430\" data-large_image_height=\"1392\"><img loading=\"lazy\" decoding=\"async\" class=\" wp-image-398753 alignleft\" src=\"https:\/\/www.radiopiu.net\/wordpress\/wp-content\/uploads\/2024\/07\/SCR-20240709-qxll-300x292.jpeg\" alt=\"\" width=\"163\" height=\"159\" srcset=\"https:\/\/www.radiopiu.net\/wordpress\/wp-content\/uploads\/2024\/07\/SCR-20240709-qxll-300x292.jpeg 300w, https:\/\/www.radiopiu.net\/wordpress\/wp-content\/uploads\/2024\/07\/SCR-20240709-qxll-1024x997.jpeg 1024w, https:\/\/www.radiopiu.net\/wordpress\/wp-content\/uploads\/2024\/07\/SCR-20240709-qxll-768x748.jpeg 768w, https:\/\/www.radiopiu.net\/wordpress\/wp-content\/uploads\/2024\/07\/SCR-20240709-qxll.jpeg 1430w\" sizes=\"auto, (max-width: 163px) 100vw, 163px\" \/><\/a>IL SALUTO DI DE PELLEGRIN AL PREFETTO SAVASTANO<\/h3>\n<\/blockquote>\n<p><strong>BELLUNO<\/strong> In occasione del trasferimento del Prefetto Mariano Savastano a Cuneo, il Sindaco di Belluno, Oscar De Pellegrin, ha espresso gratitudine e auguri per il nuovo incarico. Durante i due anni di collaborazione, De Pellegrin ha evidenziato la sintonia e il confronto sui temi cruciali per il territorio. Savastano, che ha servito a Belluno per circa tre anni, \u00e8 stato apprezzato per il suo impegno verso le comunit\u00e0 locali, affrontando le fragilit\u00e0 e valorizzando le potenzialit\u00e0 della provincia. De Pellegrin ha lodato il dialogo costante e cordiale instaurato con i sindaci, orientato sempre al bene comune.<\/p>\n<p>&nbsp;<\/p>\n<p>&nbsp;<\/p>\n<hr \/>\n<p>&nbsp;<\/p>\n<blockquote>\n<h3>ANZIANI NON AUTOSUFFICIENTI: LA REGIONE ATTINGE AL FSE PER POTENZIARNE LA GESTIONE<\/h3>\n<\/blockquote>\n<p><strong><a class=\"dt-pswp-item\" href=\"https:\/\/www.radiopiu.net\/wordpress\/wp-content\/uploads\/2024\/01\/ANZIANI.jpg\" data-dt-img-description=\"\" data-large_image_width=\"1280\" data-large_image_height=\"853\"><img loading=\"lazy\" decoding=\"async\" class=\" wp-image-371639 alignleft\" src=\"https:\/\/www.radiopiu.net\/wordpress\/wp-content\/uploads\/2024\/01\/ANZIANI-300x200.jpg\" alt=\"\" width=\"182\" height=\"121\" srcset=\"https:\/\/www.radiopiu.net\/wordpress\/wp-content\/uploads\/2024\/01\/ANZIANI-300x200.jpg 300w, https:\/\/www.radiopiu.net\/wordpress\/wp-content\/uploads\/2024\/01\/ANZIANI-1024x682.jpg 1024w, https:\/\/www.radiopiu.net\/wordpress\/wp-content\/uploads\/2024\/01\/ANZIANI-768x512.jpg 768w, https:\/\/www.radiopiu.net\/wordpress\/wp-content\/uploads\/2024\/01\/ANZIANI.jpg 1280w\" sizes=\"auto, (max-width: 182px) 100vw, 182px\" \/><\/a>VENEZIA<\/strong> La Regione Veneto ha destinato circa 61,5 milioni di euro della programmazione PR Veneto FSE Plus 2021-2027 per sostenere la non autosufficienza degli anziani. Questo progetto sperimentale coinvolge gli assessorati regionali alla Sanit\u00e0, sociale, Lavoro e formazione, e prevede un contributo mensile di 400 euro per un anno a 12.500 anziani non autosufficienti, di cui 5.200 assistiti a domicilio e 7.300 in struttura. Tuttavia, il progetto copre solo il 4% degli anziani non autosufficienti in Veneto e rischia di non raggiungere i pi\u00f9 bisognosi. I requisiti per accedere al bando includono una valutazione SVAMA con almeno 70 punti e un Isee sociosanitario sotto i 40.000 euro. Nonostante l&#8217;iniziativa sia un buon inizio, \u00e8 necessario un impegno maggiore da parte della Regione per affrontare adeguatamente la crescente non autosufficienza tra gli anziani.<\/p>\n<p>&nbsp;<\/p>\n<p>&nbsp;<\/p>\n<hr \/>\n<p>&nbsp;<\/p>\n<blockquote>\n<h3>GIORNATA DELLA PREVENZIONE DELL\u2019IPERTENSIONE ARTERIOSA NEI RIFUGI<\/h3>\n<\/blockquote>\n<p><strong><a class=\"dt-pswp-item\" href=\"https:\/\/www.radiopiu.net\/wordpress\/wp-content\/uploads\/2021\/03\/ULSS-1.jpg\" data-dt-img-description=\"\" data-large_image_width=\"776\" data-large_image_height=\"408\"><img loading=\"lazy\" decoding=\"async\" class=\" wp-image-198838 alignleft\" src=\"https:\/\/www.radiopiu.net\/wordpress\/wp-content\/uploads\/2021\/03\/ULSS-1-300x158.jpg\" alt=\"\" width=\"165\" height=\"87\" srcset=\"https:\/\/www.radiopiu.net\/wordpress\/wp-content\/uploads\/2021\/03\/ULSS-1-300x158.jpg 300w, https:\/\/www.radiopiu.net\/wordpress\/wp-content\/uploads\/2021\/03\/ULSS-1-768x404.jpg 768w, https:\/\/www.radiopiu.net\/wordpress\/wp-content\/uploads\/2021\/03\/ULSS-1.jpg 776w\" sizes=\"auto, (max-width: 165px) 100vw, 165px\" \/><\/a>BELLUNO<\/strong> L&#8217;Ulss Dolomiti partecipa a un progetto nazionale di prevenzione dell&#8217;ipertensione arteriosa in alta quota, promosso dalla SIIA, dal Club Alpino Italiano e dalla S.I.Me.M., con il supporto dell\u2019Istituto Auxologico Italiano e dell\u2019Universit\u00e0 di Milano-Bicocca. L&#8217;iniziativa coinvolge vari rifugi alpini, con giornate dedicate alla misurazione volontaria della pressione arteriosa e della saturazione degli escursionisti. Gli appuntamenti sono previsti il 14 luglio (Rifugio Carestiato e Rifugio San Sebastiano), il 26 luglio (Rifugio Citt\u00e0 di Fiume), il 1 agosto (Rifugio Col Gallina), il 9 agosto (Rifugio Ciareido) e il 22 agosto (Rifugio Lavaredo e Rifugio Auronzo). Durante questi eventi, sar\u00e0 possibile compilare anonimamente un questionario per raccogliere dati sanitari utili alla ricerca. Inoltre, prosegue la campagna &#8220;Montagna S\u00ec, Melanoma No&#8221;, che include attivit\u00e0 informative sulla prevenzione del melanoma e la distribuzione di tovagliette educative nei rifugi.<\/p>\n<p>&nbsp;<\/p>\n<p>&nbsp;<\/p>\n<hr \/>\n<blockquote>\n<h3>LE NUOVE FIORIERE IN PIAZZA DUOMO A BELLUNO<\/h3>\n<\/blockquote>\n<p><strong>BELLUNO<\/strong> Sono state completate ieri mattina le operazioni di collocazione delle nuove fioriere di piazza Duomo. Dopo lo spostamento per i campionati di bocce dello scorso fine settimana, ora le fioriere hanno la loro sistemazione definitiva e sono state corredate anche delle catenelle che contribuiranno a dare piena attuazione al divieto di sosta che vige nell&#8217;area, anche nelle ore serali<\/p>\n<p>&nbsp;<\/p>\n<p>&nbsp;<\/p>\n<hr \/>\n<p>&nbsp;<\/p>\n<h2><span style=\"color: #ff0000;\">CONSIGLI COMUNALI IN AGORDINO<\/span><\/h2>\n<p><strong>ALLEGHE<\/strong> Oggi alle 20.30 consiglio comunale convocato dal sindaco Danilo De Toni. All&#8217;ordine del giorno anche il recesso dalla convenzione per la segreteria comunale e le comunicazioni delle deleghe conferite ai consiglieri.<\/p>\n<p><strong>ROCCA PIETORE<\/strong> Il sindaco Valerio Davare ha convocato il consiglio comunale per domani alle 18:30. Saranno 7 i punti in discussione. Tra questi la nomina la designazione e la revoca dei rappresentanti per enti aziende ed istituzioni, la nomina dei rappresentanti dell&#8217;unione montana agordina, l&#8217;approvazione del bilancio di Asca e la decima variazione a bilancio.<\/p>\n<p>&nbsp;<\/p>\n<hr \/>\n<p>&nbsp;<\/p>\n<p>&nbsp;<\/p>\n<blockquote>\n<h3 style=\"text-align: left;\"><a class=\"dt-pswp-item\" href=\"https:\/\/www.radiopiu.net\/wordpress\/wp-content\/uploads\/2024\/07\/Senza-nome-38.png\" data-dt-img-description=\"\" data-large_image_width=\"443\" data-large_image_height=\"163\"><img loading=\"lazy\" decoding=\"async\" class=\" wp-image-398701 alignleft\" src=\"https:\/\/www.radiopiu.net\/wordpress\/wp-content\/uploads\/2024\/07\/Senza-nome-38-300x110.png\" alt=\"\" width=\"164\" height=\"60\" srcset=\"https:\/\/www.radiopiu.net\/wordpress\/wp-content\/uploads\/2024\/07\/Senza-nome-38-300x110.png 300w, https:\/\/www.radiopiu.net\/wordpress\/wp-content\/uploads\/2024\/07\/Senza-nome-38.png 443w\" sizes=\"auto, (max-width: 164px) 100vw, 164px\" \/><\/a>Convegno \u201cOrizzonte Futuro: le sfide sostenibili per le imprese\u201d a Cortina d\u2019Ampezzo<\/h3>\n<\/blockquote>\n<p><strong>BELLUNO<\/strong> Il Ministro del Turismo Daniela Santanch\u00e8 e il Presidente nazionale di Confartigianato Imprese Marco Granelli parteciperanno venerd\u00ec 12 luglio a \u201cOrizzonte Futuro: le sfide sostenibili per le imprese\u201d a Cortina d\u2019Ampezzo. L&#8217;evento, organizzato da Confartigianato Imprese Belluno, evidenzia l&#8217;importanza delle imprese artigiane per lo sviluppo territoriale e turistico, in vista delle Olimpiadi 2026.<\/p>\n<p>&nbsp;<\/p>\n<hr \/>\n<p>&nbsp;<\/p>\n<p>&nbsp;<\/p>\n<div class=\"flex-1 overflow-hidden\">\n<div class=\"h-full\">\n<div class=\"react-scroll-to-bottom--css-nnpvr-79elbk h-full\">\n<div class=\"react-scroll-to-bottom--css-nnpvr-1n7m0yu\">\n<div class=\"flex flex-col text-sm md:pb-9\">\n<div class=\"w-full text-token-text-primary\" dir=\"auto\" data-testid=\"conversation-turn-33\" data-scroll-anchor=\"true\">\n<div class=\"py-2 juice:py-[18px] px-3 text-base md:px-4 m-auto md:px-5 lg:px-1 xl:px-5\">\n<div class=\"mx-auto flex flex-1 gap-3 text-base juice:gap-4 juice:md:gap-5 juice:lg:gap-6 md:max-w-3xl\">\n<div class=\"group\/conversation-turn relative flex w-full min-w-0 flex-col agent-turn\">\n<div class=\"flex-col gap-1 md:gap-3\">\n<div class=\"flex flex-grow flex-col max-w-full\">\n<div class=\"min-h-[20px] text-message flex flex-col items-start whitespace-pre-wrap break-words [.text-message+&amp;]:mt-5 juice:w-full juice:items-end overflow-x-auto gap-2\" dir=\"auto\" data-message-author-role=\"assistant\" data-message-id=\"83cc33ad-1a5a-4e4f-bffc-cddbab7f0bb9\">\n<div class=\"flex w-full flex-col gap-1 juice:empty:hidden juice:first:pt-[3px]\">\n<div class=\"markdown prose w-full break-words dark:prose-invert dark\">\n<blockquote>\n<h3><a class=\"dt-pswp-item\" href=\"https:\/\/www.radiopiu.net\/wordpress\/wp-content\/uploads\/2024\/07\/Pocchiesa-e-Frescura-con-i-giovani-scaled.jpg\" data-dt-img-description=\"\" data-large_image_width=\"1921\" data-large_image_height=\"2560\"><img loading=\"lazy\" decoding=\"async\" class=\" wp-image-398781 alignleft\" src=\"https:\/\/www.radiopiu.net\/wordpress\/wp-content\/uploads\/2024\/07\/Pocchiesa-e-Frescura-con-i-giovani-225x300.jpg\" alt=\"\" width=\"209\" height=\"279\" srcset=\"https:\/\/www.radiopiu.net\/wordpress\/wp-content\/uploads\/2024\/07\/Pocchiesa-e-Frescura-con-i-giovani-225x300.jpg 225w, https:\/\/www.radiopiu.net\/wordpress\/wp-content\/uploads\/2024\/07\/Pocchiesa-e-Frescura-con-i-giovani-768x1024.jpg 768w, https:\/\/www.radiopiu.net\/wordpress\/wp-content\/uploads\/2024\/07\/Pocchiesa-e-Frescura-con-i-giovani-1153x1536.jpg 1153w, https:\/\/www.radiopiu.net\/wordpress\/wp-content\/uploads\/2024\/07\/Pocchiesa-e-Frescura-con-i-giovani-1537x2048.jpg 1537w, https:\/\/www.radiopiu.net\/wordpress\/wp-content\/uploads\/2024\/07\/Pocchiesa-e-Frescura-con-i-giovani-scaled.jpg 1921w\" sizes=\"auto, (max-width: 209px) 100vw, 209px\" \/><\/a>Sala Piena a San Pietro, il Comitato Supera i 160 Iscritti<\/h3>\n<\/blockquote>\n<p>Luned\u00ec 8 luglio, il Comitato &#8220;Sanit\u00e0 e servizi-Salviamo la montagna!&#8221; ha tenuto un incontro a San Pietro in Comelico, con una sala gremita e oltre 160 iscritti. Gloria Pocchiesa Marian e Luca Frescura hanno sottolineato l&#8217;importanza di lottare per i diritti delle comunit\u00e0 montane e dei giovani, contro l&#8217;abbandono del territorio. Frescura ha ringraziato i sostenitori dell&#8217;associazione Giovani&amp;Futuro, che celebra due anni di attivit\u00e0 e presenza in 11 regioni italiane.<\/p>\n<\/div>\n<\/div>\n<\/div>\n<\/div>\n<div class=\"mt-1 flex gap-3 empty:hidden juice:-ml-3\">\n<div class=\"items-center justify-start rounded-xl p-1 flex\">\n<div class=\"flex items-center\"><\/div>\n<div><\/div>\n<div><\/div>\n<div><\/div>\n<div><\/div>\n<div><\/div>\n<div><\/div>\n<div><\/div>\n<div><\/div>\n<\/div>\n<\/div>\n<\/div>\n<\/div>\n<\/div>\n<\/div>\n<\/div>\n<\/div>\n<\/div>\n<\/div>\n<\/div>\n<\/div>\n<p>&nbsp;<\/p>\n<hr \/>\n<p>&nbsp;<\/p>\n<h3><a class=\"dt-pswp-item\" href=\"https:\/\/www.radiopiu.net\/wordpress\/wp-content\/uploads\/2024\/07\/dal-pan.jpeg\" data-dt-img-description=\"\" data-large_image_width=\"940\" data-large_image_height=\"788\"><img loading=\"lazy\" decoding=\"async\" class=\"wp-image-398700 alignleft\" src=\"https:\/\/www.radiopiu.net\/wordpress\/wp-content\/uploads\/2024\/07\/dal-pan-300x251.jpeg\" alt=\"\" width=\"155\" height=\"130\" srcset=\"https:\/\/www.radiopiu.net\/wordpress\/wp-content\/uploads\/2024\/07\/dal-pan-300x251.jpeg 300w, https:\/\/www.radiopiu.net\/wordpress\/wp-content\/uploads\/2024\/07\/dal-pan-768x644.jpeg 768w, https:\/\/www.radiopiu.net\/wordpress\/wp-content\/uploads\/2024\/07\/dal-pan.jpeg 940w\" sizes=\"auto, (max-width: 155px) 100vw, 155px\" \/><\/a>Nuova Federazione Provinciale di Fronte Verde a Belluno<\/h3>\n<p><strong>BELLUNO<\/strong> Vincenzo Galizia, Presidente nazionale di Fronte Verde, annuncia la nomina di Roberto Dal Pan come nuovo Responsabile locale a Belluno. Dal Pan, gi\u00e0 responsabile regionale veneto dei GRE, si impegner\u00e0 a promuovere la conoscenza del movimento e la salvaguardia delle Dolomiti Bellunesi.<\/p>\n<p>&nbsp;<\/p>\n<hr \/>\n<p>&nbsp;<\/p>\n<p>&nbsp;<\/p>\n<blockquote>\n<h3>CONCERTO CORALE IN MEMORIA DI MANUELA DE COL<\/h3>\n<\/blockquote>\n<p><strong><a class=\"dt-pswp-item\" href=\"https:\/\/www.radiopiu.net\/wordpress\/wp-content\/uploads\/2024\/07\/Senza-nome-37.png\" data-dt-img-description=\"\" data-large_image_width=\"512\" data-large_image_height=\"291\"><img loading=\"lazy\" decoding=\"async\" class=\" wp-image-398634 alignleft\" src=\"https:\/\/www.radiopiu.net\/wordpress\/wp-content\/uploads\/2024\/07\/Senza-nome-37-300x171.png\" alt=\"\" width=\"216\" height=\"123\" srcset=\"https:\/\/www.radiopiu.net\/wordpress\/wp-content\/uploads\/2024\/07\/Senza-nome-37-300x171.png 300w, https:\/\/www.radiopiu.net\/wordpress\/wp-content\/uploads\/2024\/07\/Senza-nome-37.png 512w\" sizes=\"auto, (max-width: 216px) 100vw, 216px\" \/><\/a><\/strong><strong>LA VALLE <\/strong>Venerd\u00ec 12 luglio, alle 20:45, nella chiesa parrocchiale di La Valle Agordina si terr\u00e0 il concerto &#8220;Rester\u00e0 la luce&#8221;. Il Coro Agordo, diretto da Anna Devich, e il Coro parrocchiale di La Valle, diretto da Milena Da Roit, eseguiranno il concerto in ricordo di Manuela De Col, corista scomparsa prematuramente a 50 anni. Il presidente Gabriele Riva ricorda che \u201crester\u00e0 la luce\u201d del suo ricordo e del suo amore per il canto. Verranno ricordati anche altri coristi scomparsi. L\u2019eventuale ricavato sar\u00e0 devoluto all\u2019Associazione Pettirosso Agordino.<\/p>\n<div class=\"mt-1 flex gap-3 empty:hidden juice:-ml-3\">\n<div class=\"items-center justify-start rounded-xl p-1 flex\">\n<div class=\"flex items-center\">\n<div class=\"flex items-center pb-0.5 juice:pb-0\">\n<div class=\"[&amp;_svg]:h-full [&amp;_svg]:w-full icon-md h-4 w-4\"><\/div>\n<\/div>\n<\/div>\n<\/div>\n<\/div>\n<p>&nbsp;<\/p>\n<p>&nbsp;<\/p>\n<hr \/>\n<p>&nbsp;<\/p>\n<div>\n<blockquote>\n<h2><img loading=\"lazy\" decoding=\"async\" class=\"alignleft\" src=\"https:\/\/www.radiopiu.net\/wordpress\/wp-content\/uploads\/2024\/07\/Senza-nome-28.png\" width=\"162\" height=\"118\" \/><\/h2>\n<h2><strong>Festeggiamenti Bicentenario Cavalier Don Antonio Della Lucia<\/strong><\/h2>\n<\/blockquote>\n<p><strong>CANALE D&#8217;AGORDO<\/strong> La Fondazione Papa Luciani, con Comune e Parrocchia di Canale d&#8217;Agordo, organizza i festeggiamenti conclusivi per il bicentenario della nascita del Cavalier Don Antonio Della Lucia, il 19 luglio 2024 a Canale d&#8217;Agordo e Caviola di Falcade.<\/p>\n<\/div>\n<div>\u00a0LORIS SERAFINI \u00a0direttore della Fondazione Papa Luciani di\u00a0<b>Canale<\/b>\u00a0<b>d<\/b>\u2019<b>Agordo<\/b><br \/>\n<audio class=\"wp-audio-shortcode\" id=\"audio-398618-9\" preload=\"none\" style=\"width: 100%;\" controls=\"controls\"><source type=\"audio\/mpeg\" src=\"https:\/\/www.radiopiu.net\/wordpress\/wp-content\/uploads\/2024\/07\/loris-serafini-don-antonio.mp3?_=9\" \/><a href=\"https:\/\/www.radiopiu.net\/wordpress\/wp-content\/uploads\/2024\/07\/loris-serafini-don-antonio.mp3\">https:\/\/www.radiopiu.net\/wordpress\/wp-content\/uploads\/2024\/07\/loris-serafini-don-antonio.mp3<\/a><\/audio>\n<\/div>\n<div><\/div>\n<div><a class=\"dt-pswp-item\" href=\"https:\/\/www.radiopiu.net\/wordpress\/wp-content\/uploads\/2024\/07\/Senza-nome-27.png\" data-dt-img-description=\"\" data-large_image_width=\"800\" data-large_image_height=\"600\"><img loading=\"lazy\" decoding=\"async\" class=\"alignnone wp-image-398085 size-full\" src=\"https:\/\/www.radiopiu.net\/wordpress\/wp-content\/uploads\/2024\/07\/Senza-nome-27.png\" alt=\"\" width=\"800\" height=\"600\" srcset=\"https:\/\/www.radiopiu.net\/wordpress\/wp-content\/uploads\/2024\/07\/Senza-nome-27.png 800w, https:\/\/www.radiopiu.net\/wordpress\/wp-content\/uploads\/2024\/07\/Senza-nome-27-300x225.png 300w, https:\/\/www.radiopiu.net\/wordpress\/wp-content\/uploads\/2024\/07\/Senza-nome-27-768x576.png 768w\" sizes=\"auto, (max-width: 800px) 100vw, 800px\" \/><\/a><\/div>\n<hr \/>\n<p>&nbsp;<\/p>\n<blockquote>\n<h3>TRE GRANDI APPUNTAMENTI CON LE MUSE E LE DOLOMITI<\/h3>\n<\/blockquote>\n<p><strong>REDAZIONE<\/strong> &#8220;Le Muse e le Dolomiti&#8221; \u00e8 un&#8217;associazione fondata nel 2013 che organizza eventi di musica classica, lirica e teatro musicale nel territorio dolomitico. L&#8217;associazione \u00e8 nota per i suoi progetti formativi, tra cui la Masterclass Internazionale di Canto Lirico condotta dalla Maestra Adelisa Tabiadon, e dal 2023, una Masterclass di violino con Myriam Dal Don. La &#8220;Scuola Interregionale di Canto e Teatro&#8221; per bambini e ragazzi ha sedi a Cembra, Fiemme, Fassa, Col di Lana e Agordino, unendo giovani talenti in un progetto educativo di grande valore sociale. La dodicesima rassegna estiva del 2024 include due grandi opere liriche e una serie di eventi che mirano a creare ponti tra spettacolo professionale e amatoriale. Dal 14 al 25 luglio, la scuola primaria di Falcade ospiter\u00e0 lezioni aperte delle masterclass. Il 21 luglio si terr\u00e0 un concerto lirico-sacro a Vallada Agordina e il 23 luglio un concerto di violino a Caviola.<\/p>\n\n\t\t\t<style type='text\/css'>\n\t\t\t\t#gallery-2 {\n\t\t\t\t\tmargin: auto;\n\t\t\t\t}\n\t\t\t\t#gallery-2 .gallery-item {\n\t\t\t\t\tfloat: left;\n\t\t\t\t\tmargin-top: 10px;\n\t\t\t\t\ttext-align: center;\n\t\t\t\t\twidth: 50%;\n\t\t\t\t}\n\t\t\t\t#gallery-2 img {\n\t\t\t\t\tborder: 2px solid #cfcfcf;\n\t\t\t\t}\n\t\t\t\t#gallery-2 .gallery-caption {\n\t\t\t\t\tmargin-left: 0;\n\t\t\t\t}\n\t\t\t\t\/* see gallery_shortcode() in wp-includes\/media.php *\/\n\t\t\t<\/style>\n\t\t<div id='gallery-2' class='dt-gallery-container gallery galleryid-398618 gallery-columns-2 gallery-size-thumbnail'><dl class='gallery-item'>\n\t\t\t\t<dt class='gallery-icon portrait'>\n\t\t\t\t\t<a class=\"rollover rollover-zoom dt-pswp-item\" title=\"MuseDolomiti_manifesto2024\" data-dt-img-description=\"\" data-large_image_width=\"734\" data-large_image_height=\"1120\"href='https:\/\/www.radiopiu.net\/wordpress\/wp-content\/uploads\/2024\/07\/MuseDolomiti_manifesto2024.jpg'><img loading=\"lazy\" decoding=\"async\" width=\"150\" height=\"150\" src=\"https:\/\/www.radiopiu.net\/wordpress\/wp-content\/uploads\/2024\/07\/MuseDolomiti_manifesto2024-150x150.jpg\" class=\"attachment-thumbnail size-thumbnail\" alt=\"\" \/><\/a>\n\t\t\t\t<\/dt><\/dl><dl class='gallery-item'>\n\t\t\t\t<dt class='gallery-icon landscape'>\n\t\t\t\t\t<a class=\"rollover rollover-zoom dt-pswp-item\" title=\"MuseDolomiti_PhCarloLorenzi2023\" data-dt-img-description=\"\" data-large_image_width=\"1500\" data-large_image_height=\"1000\"href='https:\/\/www.radiopiu.net\/wordpress\/wp-content\/uploads\/2024\/07\/MuseDolomiti_PhCarloLorenzi2023.jpg'><img loading=\"lazy\" decoding=\"async\" width=\"150\" height=\"150\" src=\"https:\/\/www.radiopiu.net\/wordpress\/wp-content\/uploads\/2024\/07\/MuseDolomiti_PhCarloLorenzi2023-150x150.jpg\" class=\"attachment-thumbnail size-thumbnail\" alt=\"\" \/><\/a>\n\t\t\t\t<\/dt><\/dl><br style=\"clear: both\" \/>\n\t\t\t<\/div>\n\n<p>&nbsp;<\/p>\n<hr \/>\n<p>&nbsp;<\/p>\n<blockquote>\n<h3>L&#8217;INAUGURAZIONE DEL PERCORSO NATURALISTICO &#8220;IL RITORNO DEL POETA&#8221;<\/h3>\n<\/blockquote>\n<p><strong>CANALE D&#8217;AGORDO<\/strong> L&#8217;Associazione \u201cI Bandoi\u201d di Carfon, fondata due anni fa per salvaguardare il territorio e la frazione nel comune di Canale d\u2019Agordo, ha celebrato nel 2022 il 2000\u00b0 anniversario della morte del poeta Valerio Da Pos con un murales realizzato dall&#8217;artista Dunio Piccolin. Nello stesso anno, i volontari hanno completato un museo etnografico nella latteria locale, mantenendo intatta l&#8217;antica attrezzatura casearia e dedicando una sezione al poeta Valerio Da Pos con oggetti della sua casa e copie dei suoi manoscritti. Il museo espone anche opere degli scultori Benedetto e Amedeo Da Pos e strumenti della vita quotidiana di un tempo. Il 13 luglio, alle ore 17.00, verr\u00e0 inaugurato il percorso culturale naturalistico \u201cIl Ritorno del Poeta\u201d lungo la strada pedonale Canale d\u2019Agordo-Carfon, con poesie di Valerio Da Pos in bacheche. Questo percorso onora il poeta e ricorda gli emigranti che fino agli anni \u201970 tornavano a piedi al paese. La cerimonia includer\u00e0 la benedizione del Parroco Don Vito e la presenza dei sindaci della valle e sostenitori dell\u2019Associazione.<\/p>\n\n\t\t\t<style type='text\/css'>\n\t\t\t\t#gallery-3 {\n\t\t\t\t\tmargin: auto;\n\t\t\t\t}\n\t\t\t\t#gallery-3 .gallery-item {\n\t\t\t\t\tfloat: left;\n\t\t\t\t\tmargin-top: 10px;\n\t\t\t\t\ttext-align: center;\n\t\t\t\t\twidth: 33%;\n\t\t\t\t}\n\t\t\t\t#gallery-3 img {\n\t\t\t\t\tborder: 2px solid #cfcfcf;\n\t\t\t\t}\n\t\t\t\t#gallery-3 .gallery-caption {\n\t\t\t\t\tmargin-left: 0;\n\t\t\t\t}\n\t\t\t\t\/* see gallery_shortcode() in wp-includes\/media.php *\/\n\t\t\t<\/style>\n\t\t<div id='gallery-3' class='dt-gallery-container gallery galleryid-398618 gallery-columns-3 gallery-size-thumbnail'><dl class='gallery-item'>\n\t\t\t\t<dt class='gallery-icon portrait'>\n\t\t\t\t\t<a class=\"rollover rollover-zoom dt-pswp-item\" title=\"DB2117E6\" data-dt-img-description=\"\" data-large_image_width=\"720\" data-large_image_height=\"1280\"href='https:\/\/www.radiopiu.net\/wordpress\/wp-content\/uploads\/2024\/07\/DB2117E6.jpg'><img loading=\"lazy\" decoding=\"async\" width=\"150\" height=\"150\" src=\"https:\/\/www.radiopiu.net\/wordpress\/wp-content\/uploads\/2024\/07\/DB2117E6-150x150.jpg\" class=\"attachment-thumbnail size-thumbnail\" alt=\"\" \/><\/a>\n\t\t\t\t<\/dt><\/dl><dl class='gallery-item'>\n\t\t\t\t<dt class='gallery-icon portrait'>\n\t\t\t\t\t<a class=\"rollover rollover-zoom dt-pswp-item\" title=\"IMG_8532\" data-dt-img-description=\"\" data-large_image_width=\"1512\" data-large_image_height=\"2016\"href='https:\/\/www.radiopiu.net\/wordpress\/wp-content\/uploads\/2024\/07\/IMG_8532-rotated.jpg'><img loading=\"lazy\" decoding=\"async\" width=\"150\" height=\"150\" src=\"https:\/\/www.radiopiu.net\/wordpress\/wp-content\/uploads\/2024\/07\/IMG_8532-150x150.jpg\" class=\"attachment-thumbnail size-thumbnail\" alt=\"\" \/><\/a>\n\t\t\t\t<\/dt><\/dl><dl class='gallery-item'>\n\t\t\t\t<dt class='gallery-icon portrait'>\n\t\t\t\t\t<a class=\"rollover rollover-zoom dt-pswp-item\" title=\"IMG_8541\" data-dt-img-description=\"\" data-large_image_width=\"1512\" data-large_image_height=\"2016\"href='https:\/\/www.radiopiu.net\/wordpress\/wp-content\/uploads\/2024\/07\/IMG_8541-rotated.jpg'><img loading=\"lazy\" decoding=\"async\" width=\"150\" height=\"150\" src=\"https:\/\/www.radiopiu.net\/wordpress\/wp-content\/uploads\/2024\/07\/IMG_8541-150x150.jpg\" class=\"attachment-thumbnail size-thumbnail\" alt=\"\" \/><\/a>\n\t\t\t\t<\/dt><\/dl><br style=\"clear: both\" \/>\n\t\t\t<\/div>\n\n<p>&nbsp;<\/p>\n<hr \/>\n<p>&nbsp;<\/p>\n<blockquote>\n<h1>Inaugurazione del Museo Ladino Fodom<\/h1>\n<\/blockquote>\n<p><strong><a class=\"dt-pswp-item\" href=\"https:\/\/www.radiopiu.net\/wordpress\/wp-content\/uploads\/2024\/07\/Senza-nome-22.png\" data-dt-img-description=\"\" data-large_image_width=\"431\" data-large_image_height=\"682\"><img loading=\"lazy\" decoding=\"async\" class=\" wp-image-397855 alignright\" src=\"https:\/\/www.radiopiu.net\/wordpress\/wp-content\/uploads\/2024\/07\/Senza-nome-22-190x300.png\" alt=\"\" width=\"145\" height=\"229\" srcset=\"https:\/\/www.radiopiu.net\/wordpress\/wp-content\/uploads\/2024\/07\/Senza-nome-22-190x300.png 190w, https:\/\/www.radiopiu.net\/wordpress\/wp-content\/uploads\/2024\/07\/Senza-nome-22.png 431w\" sizes=\"auto, (max-width: 145px) 100vw, 145px\" \/><\/a><img loading=\"lazy\" decoding=\"async\" class=\"alignleft\" src=\"https:\/\/www.radiopiu.net\/wordpress\/wp-content\/uploads\/2024\/07\/Senza-nome-21.png\" width=\"142\" height=\"107\" \/>LIVINALLONGO<\/strong> L&#8217;atteso momento \u00e8 arrivato,\u00a0 riapre il\u00a0 Museo Ladino Fodom presso il Centro Dolomiti \u2013 Cesa de la Cultura Fodoma di Pieve di Livinallongo. L\u2019evento di inaugurazione si terr\u00e0 gioved\u00ec 11 luglio 2024 alle 18. In questa occasione speciale, sar\u00e0 possibile visitare il museo nella sua nuova veste e scoprire la mostra temporanea <strong>\u201cLa memoria di un paesaggio\u201d,<\/strong> ospitata al suo interno per questa stagione. La mostra offre un viaggio affascinante attraverso il tempo, esplorando la ricca storia e la cultura del territorio ladino. Il Museo Ladino Fodom rappresenta un&#8217;importante risorsa culturale per la comunit\u00e0, permettendo ai visitatori di immergersi nelle tradizioni, nelle storie e nelle esperienze della popolazione ladina. La ristrutturazione e l&#8217;aggiornamento del museo hanno lo scopo di offrire un&#8217;esperienza pi\u00f9 coinvolgente e informativa, utilizzando tecnologie moderne per arricchire la fruizione dei contenuti esposti. L&#8217;inaugurazione \u00e8 momento\u00a0 di condivisione e celebrazione della cultura e della storia ladina. <strong>Istitut Cultural Ladin \u201cCesa de Jan\u201d | Mujeo Ladin Fodom <\/strong>Per maggiori informazioni, contattateci al numero 334 3346 680.<\/p>\n<p>&nbsp;<\/p>\n<hr \/>\n<p>&nbsp;<\/p>\n<blockquote>\n<h3>A PONTE SAN FELICE LA COMMEMORAZIONE DEI PARTIGIANI CADUTI<\/h3>\n<\/blockquote>\n<p><strong>BELLUNO<\/strong><\/p>\n<p>DI ROBERTO BONA<\/p>\n<audio class=\"wp-audio-shortcode\" id=\"audio-398618-10\" preload=\"none\" style=\"width: 100%;\" controls=\"controls\"><source type=\"audio\/mpeg\" src=\"https:\/\/www.radiopiu.net\/wordpress\/wp-content\/uploads\/2024\/07\/BONA-A-PONTE-SAN-FELICE-LA-COMMEMORAZIONE-DEI-PARTIGIANI-CADUTI.mp3?_=10\" \/><a href=\"https:\/\/www.radiopiu.net\/wordpress\/wp-content\/uploads\/2024\/07\/BONA-A-PONTE-SAN-FELICE-LA-COMMEMORAZIONE-DEI-PARTIGIANI-CADUTI.mp3\">https:\/\/www.radiopiu.net\/wordpress\/wp-content\/uploads\/2024\/07\/BONA-A-PONTE-SAN-FELICE-LA-COMMEMORAZIONE-DEI-PARTIGIANI-CADUTI.mp3<\/a><\/audio>\n<p>&nbsp;<\/p>\n<hr \/>\n<p>&nbsp;<\/p>\n<h2><span style=\"color: #ff0000;\">VOCI RIBELLI: CONVERSAZIONI SENZA FILTRI PER RAGAZZI AUDACI<\/span><\/h2>\n<p><a class=\"dt-pswp-item\" href=\"https:\/\/www.radiopiu.net\/wordpress\/wp-content\/uploads\/2023\/09\/ass.-dafne.png\" data-dt-img-description=\"\" data-large_image_width=\"225\" data-large_image_height=\"225\"><img loading=\"lazy\" decoding=\"async\" class=\" wp-image-352143 alignleft\" src=\"https:\/\/www.radiopiu.net\/wordpress\/wp-content\/uploads\/2023\/09\/ass.-dafne.png\" alt=\"\" width=\"137\" height=\"137\" srcset=\"https:\/\/www.radiopiu.net\/wordpress\/wp-content\/uploads\/2023\/09\/ass.-dafne.png 225w, https:\/\/www.radiopiu.net\/wordpress\/wp-content\/uploads\/2023\/09\/ass.-dafne-150x150.png 150w\" sizes=\"auto, (max-width: 137px) 100vw, 137px\" \/><\/a>Benvenuti a &#8220;VOCI RIBELLI: CONVERSAZIONI SENZA FILTRI PER RAGAZZI AUDACI,&#8221; il podcast che sfida gli stereotipi e apre la porta a conversazioni senza paura per i giovani coraggiosi. Questo podcast, prodotto dall&#8217;Associazione Dafne con la regia di Lorenzo Cassol, \u00e8 il luogo dove la voce dell&#8217;audacia incontra la sincerit\u00e0 pi\u00f9 profond<\/p>\n<h1><\/h1>\n<h1><span style=\"color: #ff0000;\">STAGIONE 2024<\/span><\/h1>\n<p><strong>PUNTATA 06 &#8211; VIOLETTA NESIN, DIRIGENTE SCOLASTICO ISTITUTO RENIER\u00a0<\/strong><\/p>\n<audio class=\"wp-audio-shortcode\" id=\"audio-398618-11\" preload=\"none\" style=\"width: 100%;\" controls=\"controls\"><source type=\"audio\/mpeg\" src=\"https:\/\/www.radiopiu.net\/wordpress\/wp-content\/uploads\/2024\/06\/fatto-PUNTATA-4-Violetta-Nesin-dirigente-scolastico-Renier-.mp3?_=11\" \/><a href=\"https:\/\/www.radiopiu.net\/wordpress\/wp-content\/uploads\/2024\/06\/fatto-PUNTATA-4-Violetta-Nesin-dirigente-scolastico-Renier-.mp3\">https:\/\/www.radiopiu.net\/wordpress\/wp-content\/uploads\/2024\/06\/fatto-PUNTATA-4-Violetta-Nesin-dirigente-scolastico-Renier-.mp3<\/a><\/audio>\n<p>&nbsp;<\/p>\n<h1>RACCOLTA COMPLETA,<span style=\"color: #0000ff;\"><a style=\"color: #0000ff;\" href=\"https:\/\/www.radiopiu.net\/wordpress\/voci-ribelli-conversazioni-senza-filtri-per-ragazzi-audaci\/\"> CLICCA QUI<\/a><\/span><\/h1>\n<h2><\/h2>\n<p>&nbsp;<\/p>\n<hr \/>\n<p>&nbsp;<\/p>\n<h2><span style=\"color: #00ccff;\">&#8220;DINTORN E FORA VIA&#8221;\u00a0 IL PROGRAMMA\u00a0 A CURA DEL MUSLA<\/span><\/h2>\n<p><b><strong><a class=\"dt-pswp-item\" href=\"https:\/\/www.radiopiu.net\/wordpress\/wp-content\/uploads\/2023\/08\/GIORNALI.jpg\" data-dt-img-description=\"\" data-large_image_width=\"1280\" data-large_image_height=\"853\"><img loading=\"lazy\" decoding=\"async\" class=\" wp-image-350810 alignleft\" src=\"https:\/\/www.radiopiu.net\/wordpress\/wp-content\/uploads\/2023\/08\/GIORNALI-300x200.jpg\" alt=\"\" width=\"158\" height=\"105\" srcset=\"https:\/\/www.radiopiu.net\/wordpress\/wp-content\/uploads\/2023\/08\/GIORNALI-300x200.jpg 300w, https:\/\/www.radiopiu.net\/wordpress\/wp-content\/uploads\/2023\/08\/GIORNALI-1024x682.jpg 1024w, https:\/\/www.radiopiu.net\/wordpress\/wp-content\/uploads\/2023\/08\/GIORNALI-768x512.jpg 768w, https:\/\/www.radiopiu.net\/wordpress\/wp-content\/uploads\/2023\/08\/GIORNALI.jpg 1280w\" sizes=\"auto, (max-width: 158px) 100vw, 158px\" \/><\/a><\/strong>PUNTATA DEL 09 LUGLIO, MICHELA DELL&#8217;OSBEL<\/b><\/p>\n<audio class=\"wp-audio-shortcode\" id=\"audio-398618-12\" preload=\"none\" style=\"width: 100%;\" controls=\"controls\"><source type=\"audio\/mpeg\" src=\"https:\/\/www.radiopiu.net\/wordpress\/wp-content\/uploads\/2024\/07\/MUSLA-2.mp3?_=12\" \/><a href=\"https:\/\/www.radiopiu.net\/wordpress\/wp-content\/uploads\/2024\/07\/MUSLA-2.mp3\">https:\/\/www.radiopiu.net\/wordpress\/wp-content\/uploads\/2024\/07\/MUSLA-2.mp3<\/a><\/audio>\n<p>&nbsp;<\/p>\n<h2>LA RACCOLTA COMPLETA <a href=\"https:\/\/www.radiopiu.net\/wordpress\/musla\/\"><span style=\"color: #3366ff;\">CLICCA QUI<\/span><\/a><\/h2>\n<p>&nbsp;<\/p>\n<hr \/>\n<p>&nbsp;<\/p>\n<h2><span style=\"color: #ff00ff;\">DI MARTEDI&#8230; POMERIGGIO CON LUISA ALCHINI<\/span><\/h2>\n<p><span style=\"color: #ff0000;\"><strong><a class=\"dt-pswp-item\" href=\"https:\/\/www.radiopiu.net\/wordpress\/wp-content\/uploads\/2024\/07\/450250901_10219821770174406_7840621363459523549_n-1.jpg\" data-dt-img-description=\"\" data-large_image_width=\"720\" data-large_image_height=\"526\"><img loading=\"lazy\" decoding=\"async\" class=\" wp-image-398728 alignleft\" src=\"https:\/\/www.radiopiu.net\/wordpress\/wp-content\/uploads\/2024\/07\/450250901_10219821770174406_7840621363459523549_n-1-300x219.jpg\" alt=\"\" width=\"163\" height=\"119\" srcset=\"https:\/\/www.radiopiu.net\/wordpress\/wp-content\/uploads\/2024\/07\/450250901_10219821770174406_7840621363459523549_n-1-300x219.jpg 300w, https:\/\/www.radiopiu.net\/wordpress\/wp-content\/uploads\/2024\/07\/450250901_10219821770174406_7840621363459523549_n-1.jpg 720w\" sizes=\"auto, (max-width: 163px) 100vw, 163px\" \/><\/a>PUNTATA 06 PARTE UNO ospite RAUL BARATTIN<\/strong><\/span><\/p>\n<audio class=\"wp-audio-shortcode\" id=\"audio-398618-13\" preload=\"none\" style=\"width: 100%;\" controls=\"controls\"><source type=\"audio\/mpeg\" src=\"https:\/\/www.radiopiu.net\/wordpress\/wp-content\/uploads\/2024\/07\/LMD1-1.mp3?_=13\" \/><a href=\"https:\/\/www.radiopiu.net\/wordpress\/wp-content\/uploads\/2024\/07\/LMD1-1.mp3\">https:\/\/www.radiopiu.net\/wordpress\/wp-content\/uploads\/2024\/07\/LMD1-1.mp3<\/a><\/audio>\n<p><span style=\"color: #ff0000;\">\u00a0<\/span><\/p>\n<p><span style=\"color: #ff0000;\"><strong>PARTE DUE<\/strong><\/span><\/p>\n<audio class=\"wp-audio-shortcode\" id=\"audio-398618-14\" preload=\"none\" style=\"width: 100%;\" controls=\"controls\"><source type=\"audio\/mpeg\" src=\"https:\/\/www.radiopiu.net\/wordpress\/wp-content\/uploads\/2024\/07\/LMD2-1.mp3?_=14\" \/><a href=\"https:\/\/www.radiopiu.net\/wordpress\/wp-content\/uploads\/2024\/07\/LMD2-1.mp3\">https:\/\/www.radiopiu.net\/wordpress\/wp-content\/uploads\/2024\/07\/LMD2-1.mp3<\/a><\/audio>\n<p>&nbsp;<\/p>\n<h2>LA RACCOLTA COMPLETA <a href=\"https:\/\/www.radiopiu.net\/wordpress\/di-martedi-pomeriggio-con-luisa-alchini-la-raccolta-06\/\"><span style=\"color: #3366ff;\">CLICCA QUI<\/span><\/a><\/h2>\n<p>&nbsp;<\/p>\n<hr \/>\n<p>&nbsp;<\/p>\n<blockquote class=\"wp-embedded-content\" data-secret=\"Xf7rpv0Lha\"><p><a href=\"https:\/\/www.radiopiu.net\/wordpress\/il-viaggio-in-inghilterra-con-claudia-magic-teacher-la-raccolta-09\/\">IL VIAGGIO IN INGHILTERRA CON CLAUDIA MAGIC TEACHER &#8211; LA RACCOLTA<\/a><\/p><\/blockquote>\n<p><iframe loading=\"lazy\" class=\"wp-embedded-content\" sandbox=\"allow-scripts\" security=\"restricted\" style=\"position: absolute; clip: rect(1px, 1px, 1px, 1px);\" title=\"&#8220;IL VIAGGIO IN INGHILTERRA CON CLAUDIA MAGIC TEACHER &#8211; LA RACCOLTA&#8221; &#8212; Radio Pi\u00f9\" src=\"https:\/\/www.radiopiu.net\/wordpress\/il-viaggio-in-inghilterra-con-claudia-magic-teacher-la-raccolta-09\/embed\/#?secret=iCV7LwEd6x#?secret=Xf7rpv0Lha\" data-secret=\"Xf7rpv0Lha\" width=\"600\" height=\"338\" frameborder=\"0\" marginwidth=\"0\" marginheight=\"0\" scrolling=\"no\"><\/iframe><\/p>\n<p>&nbsp;<\/p>\n<hr \/>\n<h2><\/h2>\n<p><a class=\"dt-pswp-item\" href=\"https:\/\/www.radiopiu.net\/wordpress\/wp-content\/uploads\/2024\/07\/0b126a69-d682-44c8-a98a-95dddf79a17e-1.jpg\" data-dt-img-description=\"20 LUGLIO FEDER, CANALE D'AGODO\" data-large_image_width=\"720\" data-large_image_height=\"1600\"><img loading=\"lazy\" decoding=\"async\" class=\" wp-image-398780\" src=\"https:\/\/www.radiopiu.net\/wordpress\/wp-content\/uploads\/2024\/07\/0b126a69-d682-44c8-a98a-95dddf79a17e-1-135x300.jpg\" alt=\"\" width=\"203\" height=\"451\" srcset=\"https:\/\/www.radiopiu.net\/wordpress\/wp-content\/uploads\/2024\/07\/0b126a69-d682-44c8-a98a-95dddf79a17e-1-135x300.jpg 135w, https:\/\/www.radiopiu.net\/wordpress\/wp-content\/uploads\/2024\/07\/0b126a69-d682-44c8-a98a-95dddf79a17e-1-461x1024.jpg 461w, https:\/\/www.radiopiu.net\/wordpress\/wp-content\/uploads\/2024\/07\/0b126a69-d682-44c8-a98a-95dddf79a17e-1-691x1536.jpg 691w, https:\/\/www.radiopiu.net\/wordpress\/wp-content\/uploads\/2024\/07\/0b126a69-d682-44c8-a98a-95dddf79a17e-1.jpg 720w\" sizes=\"auto, (max-width: 203px) 100vw, 203px\" \/><\/a><\/p>\n<h2><span style=\"color: #ff0000;\"><a class=\"dt-pswp-item\" href=\"https:\/\/www.radiopiu.net\/wordpress\/wp-content\/uploads\/2018\/09\/appuntamenti.jpeg\" data-dt-img-description=\"\" data-large_image_width=\"800\" data-large_image_height=\"100\"><img loading=\"lazy\" decoding=\"async\" class=\"wp-image-61958 size-full aligncenter\" src=\"https:\/\/www.radiopiu.net\/wordpress\/wp-content\/uploads\/2018\/09\/appuntamenti.jpeg\" alt=\"\" width=\"800\" height=\"100\" srcset=\"https:\/\/www.radiopiu.net\/wordpress\/wp-content\/uploads\/2018\/09\/appuntamenti.jpeg 800w, https:\/\/www.radiopiu.net\/wordpress\/wp-content\/uploads\/2018\/09\/appuntamenti-300x38.jpeg 300w, https:\/\/www.radiopiu.net\/wordpress\/wp-content\/uploads\/2018\/09\/appuntamenti-768x96.jpeg 768w\" sizes=\"auto, (max-width: 800px) 100vw, 800px\" \/><\/a><\/span><\/h2>\n<div>\n<div class=\"\" dir=\"auto\">\n<div id=\":r9h:\" class=\"x1iorvi4 x1pi30zi x1l90r2v x1swvt13\" data-ad-comet-preview=\"message\" data-ad-preview=\"message\">\n\n\t\t\t<style type='text\/css'>\n\t\t\t\t#gallery-4 {\n\t\t\t\t\tmargin: auto;\n\t\t\t\t}\n\t\t\t\t#gallery-4 .gallery-item {\n\t\t\t\t\tfloat: left;\n\t\t\t\t\tmargin-top: 10px;\n\t\t\t\t\ttext-align: center;\n\t\t\t\t\twidth: 16%;\n\t\t\t\t}\n\t\t\t\t#gallery-4 img {\n\t\t\t\t\tborder: 2px solid #cfcfcf;\n\t\t\t\t}\n\t\t\t\t#gallery-4 .gallery-caption {\n\t\t\t\t\tmargin-left: 0;\n\t\t\t\t}\n\t\t\t\t\/* see gallery_shortcode() in wp-includes\/media.php *\/\n\t\t\t<\/style>\n\t\t<div id='gallery-4' class='dt-gallery-container gallery galleryid-398618 gallery-columns-6 gallery-size-thumbnail'><dl class='gallery-item'>\n\t\t\t\t<dt class='gallery-icon portrait'>\n\t\t\t\t\t<a class=\"rollover rollover-zoom dt-pswp-item\" title=\"441936111_953300066803441_3663667299753321850_n\" data-dt-img-description=\"\" data-large_image_width=\"520\" data-large_image_height=\"640\"href='https:\/\/www.radiopiu.net\/wordpress\/wp-content\/uploads\/2024\/06\/441936111_953300066803441_3663667299753321850_n.jpg'><img loading=\"lazy\" decoding=\"async\" width=\"150\" height=\"150\" src=\"https:\/\/www.radiopiu.net\/wordpress\/wp-content\/uploads\/2024\/06\/441936111_953300066803441_3663667299753321850_n-150x150.jpg\" class=\"attachment-thumbnail size-thumbnail\" alt=\"\" aria-describedby=\"gallery-4-394061\" \/><\/a>\n\t\t\t\t<\/dt>\n\t\t\t\t\t<dd class='wp-caption-text gallery-caption' id='gallery-4-394061'>\n\t\t\t\t\t31 LUGLIO AL MINIERE E IN DIRETTA ALLA RADIO \n\t\t\t\t\t<\/dd><\/dl><dl class='gallery-item'>\n\t\t\t\t<dt class='gallery-icon portrait'>\n\t\t\t\t\t<a class=\"rollover rollover-zoom dt-pswp-item\" title=\"6611bb69-29ce-483e-ba61-1b39542903cc\" data-dt-img-description=\"\" data-large_image_width=\"1032\" data-large_image_height=\"1473\"href='https:\/\/www.radiopiu.net\/wordpress\/wp-content\/uploads\/2024\/06\/6611bb69-29ce-483e-ba61-1b39542903cc.jpg'><img loading=\"lazy\" decoding=\"async\" width=\"150\" height=\"150\" src=\"https:\/\/www.radiopiu.net\/wordpress\/wp-content\/uploads\/2024\/06\/6611bb69-29ce-483e-ba61-1b39542903cc-150x150.jpg\" class=\"attachment-thumbnail size-thumbnail\" alt=\"\" aria-describedby=\"gallery-4-396645\" \/><\/a>\n\t\t\t\t<\/dt>\n\t\t\t\t\t<dd class='wp-caption-text gallery-caption' id='gallery-4-396645'>\n\t\t\t\t\t12 LUGLIO AGORDO BAR DELLE BOCCE\n\t\t\t\t\t<\/dd><\/dl><dl class='gallery-item'>\n\t\t\t\t<dt class='gallery-icon portrait'>\n\t\t\t\t\t<a class=\"rollover rollover-zoom dt-pswp-item\" title=\"29cc183b-9830-4d50-8ac6-cbf3c300cc4f\" data-dt-img-description=\"\" data-large_image_width=\"1087\" data-large_image_height=\"1600\"href='https:\/\/www.radiopiu.net\/wordpress\/wp-content\/uploads\/2024\/06\/29cc183b-9830-4d50-8ac6-cbf3c300cc4f.jpg'><img loading=\"lazy\" decoding=\"async\" width=\"150\" height=\"150\" src=\"https:\/\/www.radiopiu.net\/wordpress\/wp-content\/uploads\/2024\/06\/29cc183b-9830-4d50-8ac6-cbf3c300cc4f-150x150.jpg\" class=\"attachment-thumbnail size-thumbnail\" alt=\"\" aria-describedby=\"gallery-4-396857\" \/><\/a>\n\t\t\t\t<\/dt>\n\t\t\t\t\t<dd class='wp-caption-text gallery-caption' id='gallery-4-396857'>\n\t\t\t\t\t13 LUGLIO&#8230; DAI ROMANIIIIIIIIIII\n\t\t\t\t\t<\/dd><\/dl><dl class='gallery-item'>\n\t\t\t\t<dt class='gallery-icon portrait'>\n\t\t\t\t\t<a class=\"rollover rollover-zoom dt-pswp-item\" title=\"40970b49-6296-4dc3-93d6-aa5934e19f37\" data-dt-img-description=\"\" data-large_image_width=\"1131\" data-large_image_height=\"1600\"href='https:\/\/www.radiopiu.net\/wordpress\/wp-content\/uploads\/2024\/06\/40970b49-6296-4dc3-93d6-aa5934e19f37.jpg'><img loading=\"lazy\" decoding=\"async\" width=\"150\" height=\"150\" src=\"https:\/\/www.radiopiu.net\/wordpress\/wp-content\/uploads\/2024\/06\/40970b49-6296-4dc3-93d6-aa5934e19f37-150x150.jpg\" class=\"attachment-thumbnail size-thumbnail\" alt=\"\" aria-describedby=\"gallery-4-396648\" \/><\/a>\n\t\t\t\t<\/dt>\n\t\t\t\t\t<dd class='wp-caption-text gallery-caption' id='gallery-4-396648'>\n\t\t\t\t\t14 LUGLIO IL PROFESSORE! PRESENTA IL LIBRO\n\t\t\t\t\t<\/dd><\/dl><dl class='gallery-item'>\n\t\t\t\t<dt class='gallery-icon portrait'>\n\t\t\t\t\t<a class=\"rollover rollover-zoom dt-pswp-item\" title=\"449991823_122137296134256756_778850350827646908_n\" data-dt-img-description=\"\" data-large_image_width=\"1080\" data-large_image_height=\"1528\"href='https:\/\/www.radiopiu.net\/wordpress\/wp-content\/uploads\/2024\/07\/449991823_122137296134256756_778850350827646908_n.jpg'><img loading=\"lazy\" decoding=\"async\" width=\"150\" height=\"150\" src=\"https:\/\/www.radiopiu.net\/wordpress\/wp-content\/uploads\/2024\/07\/449991823_122137296134256756_778850350827646908_n-150x150.jpg\" class=\"attachment-thumbnail size-thumbnail\" alt=\"\" aria-describedby=\"gallery-4-398203\" \/><\/a>\n\t\t\t\t<\/dt>\n\t\t\t\t\t<dd class='wp-caption-text gallery-caption' id='gallery-4-398203'>\n\t\t\t\t\tSABATO 20 LUGLIO A CANALE D&#8217;AGORDO\n\t\t\t\t\t<\/dd><\/dl><dl class='gallery-item'>\n\t\t\t\t<dt class='gallery-icon landscape'>\n\t\t\t\t\t<a class=\"rollover rollover-zoom dt-pswp-item\" title=\"d5b0b734-6816-4395-8e21-976a97a70deb\" data-dt-img-description=\"\" data-large_image_width=\"1080\" data-large_image_height=\"1080\"href='https:\/\/www.radiopiu.net\/wordpress\/wp-content\/uploads\/2024\/06\/d5b0b734-6816-4395-8e21-976a97a70deb.jpg'><img loading=\"lazy\" decoding=\"async\" width=\"150\" height=\"150\" src=\"https:\/\/www.radiopiu.net\/wordpress\/wp-content\/uploads\/2024\/06\/d5b0b734-6816-4395-8e21-976a97a70deb-150x150.jpg\" class=\"attachment-thumbnail size-thumbnail\" alt=\"\" aria-describedby=\"gallery-4-396287\" srcset=\"https:\/\/www.radiopiu.net\/wordpress\/wp-content\/uploads\/2024\/06\/d5b0b734-6816-4395-8e21-976a97a70deb-150x150.jpg 150w, https:\/\/www.radiopiu.net\/wordpress\/wp-content\/uploads\/2024\/06\/d5b0b734-6816-4395-8e21-976a97a70deb-300x300.jpg 300w, https:\/\/www.radiopiu.net\/wordpress\/wp-content\/uploads\/2024\/06\/d5b0b734-6816-4395-8e21-976a97a70deb-1024x1024.jpg 1024w, https:\/\/www.radiopiu.net\/wordpress\/wp-content\/uploads\/2024\/06\/d5b0b734-6816-4395-8e21-976a97a70deb-768x768.jpg 768w, https:\/\/www.radiopiu.net\/wordpress\/wp-content\/uploads\/2024\/06\/d5b0b734-6816-4395-8e21-976a97a70deb.jpg 1080w\" sizes=\"auto, (max-width: 150px) 100vw, 150px\" \/><\/a>\n\t\t\t\t<\/dt>\n\t\t\t\t\t<dd class='wp-caption-text gallery-caption' id='gallery-4-396287'>\n\t\t\t\t\t25 LUGLIO A VOLTAGO\n\t\t\t\t\t<\/dd><\/dl><br style=\"clear: both\" \/><dl class='gallery-item'>\n\t\t\t\t<dt class='gallery-icon portrait'>\n\t\t\t\t\t<a class=\"rollover rollover-zoom dt-pswp-item\" title=\"f84567d6-a1d2-47de-9596-ef8505986952\" data-dt-img-description=\"\" data-large_image_width=\"745\" data-large_image_height=\"1073\"href='https:\/\/www.radiopiu.net\/wordpress\/wp-content\/uploads\/2024\/06\/f84567d6-a1d2-47de-9596-ef8505986952.jpg'><img loading=\"lazy\" decoding=\"async\" width=\"150\" height=\"150\" src=\"https:\/\/www.radiopiu.net\/wordpress\/wp-content\/uploads\/2024\/06\/f84567d6-a1d2-47de-9596-ef8505986952-150x150.jpg\" class=\"attachment-thumbnail size-thumbnail\" alt=\"\" aria-describedby=\"gallery-4-396466\" \/><\/a>\n\t\t\t\t<\/dt>\n\t\t\t\t\t<dd class='wp-caption-text gallery-caption' id='gallery-4-396466'>\n\t\t\t\t\tSUMMER GREEN VOLLEY AGORDINO\n\t\t\t\t\t<\/dd><\/dl><dl class='gallery-item'>\n\t\t\t\t<dt class='gallery-icon landscape'>\n\t\t\t\t\t<a class=\"rollover rollover-zoom dt-pswp-item\" title=\"449189900_484613757290091_1574838248887562981_n\" data-dt-img-description=\"\" data-large_image_width=\"960\" data-large_image_height=\"540\"href='https:\/\/www.radiopiu.net\/wordpress\/wp-content\/uploads\/2024\/06\/449189900_484613757290091_1574838248887562981_n.jpg'><img loading=\"lazy\" decoding=\"async\" width=\"150\" height=\"150\" src=\"https:\/\/www.radiopiu.net\/wordpress\/wp-content\/uploads\/2024\/06\/449189900_484613757290091_1574838248887562981_n-150x150.jpg\" class=\"attachment-thumbnail size-thumbnail\" alt=\"\" aria-describedby=\"gallery-4-396872\" \/><\/a>\n\t\t\t\t<\/dt>\n\t\t\t\t\t<dd class='wp-caption-text gallery-caption' id='gallery-4-396872'>\n\t\t\t\t\t A CANALE D&#8217;AGORDO VALLE DI GARES\n\t\t\t\t\t<\/dd><\/dl><dl class='gallery-item'>\n\t\t\t\t<dt class='gallery-icon portrait'>\n\t\t\t\t\t<a class=\"rollover rollover-zoom dt-pswp-item\" title=\"original-84F78277-839A-4868-BE6A-5A10A5605E21\" data-dt-img-description=\"\" data-large_image_width=\"1754\" data-large_image_height=\"2480\"href='https:\/\/www.radiopiu.net\/wordpress\/wp-content\/uploads\/2024\/07\/original-84F78277-839A-4868-BE6A-5A10A5605E21.jpeg'><img loading=\"lazy\" decoding=\"async\" width=\"150\" height=\"150\" src=\"https:\/\/www.radiopiu.net\/wordpress\/wp-content\/uploads\/2024\/07\/original-84F78277-839A-4868-BE6A-5A10A5605E21-150x150.jpeg\" class=\"attachment-thumbnail size-thumbnail\" alt=\"\" aria-describedby=\"gallery-4-397532\" \/><\/a>\n\t\t\t\t<\/dt>\n\t\t\t\t\t<dd class='wp-caption-text gallery-caption' id='gallery-4-397532'>\n\t\t\t\t\tHOTEL STELLA ALPINA ESTATE D&#8217;EVENTI \n\t\t\t\t\t<\/dd><\/dl><dl class='gallery-item'>\n\t\t\t\t<dt class='gallery-icon portrait'>\n\t\t\t\t\t<a class=\"rollover rollover-zoom dt-pswp-item\" title=\"8b2155a6-d732-4852-a73f-6ad1b59fac91\" data-dt-img-description=\"\" data-large_image_width=\"1131\" data-large_image_height=\"1600\"href='https:\/\/www.radiopiu.net\/wordpress\/wp-content\/uploads\/2024\/07\/8b2155a6-d732-4852-a73f-6ad1b59fac91-1.jpg'><img loading=\"lazy\" decoding=\"async\" width=\"150\" height=\"150\" src=\"https:\/\/www.radiopiu.net\/wordpress\/wp-content\/uploads\/2024\/07\/8b2155a6-d732-4852-a73f-6ad1b59fac91-1-150x150.jpg\" class=\"attachment-thumbnail size-thumbnail\" alt=\"\" aria-describedby=\"gallery-4-397366\" \/><\/a>\n\t\t\t\t<\/dt>\n\t\t\t\t\t<dd class='wp-caption-text gallery-caption' id='gallery-4-397366'>\n\t\t\t\t\tASSOCIAZIONE BORGO SOTTOGUDA \n\t\t\t\t\t<\/dd><\/dl><dl class='gallery-item'>\n\t\t\t\t<dt class='gallery-icon portrait'>\n\t\t\t\t\t<a class=\"rollover rollover-zoom dt-pswp-item\" title=\"6aaaad58-800e-4990-a3b1-996dabdbe745\" data-dt-img-description=\"\" data-large_image_width=\"1131\" data-large_image_height=\"1600\"href='https:\/\/www.radiopiu.net\/wordpress\/wp-content\/uploads\/2024\/07\/6aaaad58-800e-4990-a3b1-996dabdbe745.jpg'><img loading=\"lazy\" decoding=\"async\" width=\"150\" height=\"150\" src=\"https:\/\/www.radiopiu.net\/wordpress\/wp-content\/uploads\/2024\/07\/6aaaad58-800e-4990-a3b1-996dabdbe745-150x150.jpg\" class=\"attachment-thumbnail size-thumbnail\" alt=\"\" aria-describedby=\"gallery-4-397565\" \/><\/a>\n\t\t\t\t<\/dt>\n\t\t\t\t\t<dd class='wp-caption-text gallery-caption' id='gallery-4-397565'>\n\t\t\t\t\tDAL 20 LUGLIO A VOLTAGO\n\t\t\t\t\t<\/dd><\/dl><dl class='gallery-item'>\n\t\t\t\t<dt class='gallery-icon portrait'>\n\t\t\t\t\t<a class=\"rollover rollover-zoom dt-pswp-item\" title=\"0b126a69-d682-44c8-a98a-95dddf79a17e\" data-dt-img-description=\"\" data-large_image_width=\"720\" data-large_image_height=\"1600\"href='https:\/\/www.radiopiu.net\/wordpress\/wp-content\/uploads\/2024\/07\/0b126a69-d682-44c8-a98a-95dddf79a17e-1.jpg'><img loading=\"lazy\" decoding=\"async\" width=\"150\" height=\"150\" src=\"https:\/\/www.radiopiu.net\/wordpress\/wp-content\/uploads\/2024\/07\/0b126a69-d682-44c8-a98a-95dddf79a17e-1-150x150.jpg\" class=\"attachment-thumbnail size-thumbnail\" alt=\"\" aria-describedby=\"gallery-4-398780\" \/><\/a>\n\t\t\t\t<\/dt>\n\t\t\t\t\t<dd class='wp-caption-text gallery-caption' id='gallery-4-398780'>\n\t\t\t\t\t20 LUGLIO FEDER, CANALE D&#8217;AGODO\n\t\t\t\t\t<\/dd><\/dl><br style=\"clear: both\" \/>\n\t\t\t<\/div>\n\n<p>&nbsp;<\/p>\n<p><strong><a class=\"dt-pswp-item\" href=\"https:\/\/www.radiopiu.net\/wordpress\/wp-content\/uploads\/2024\/07\/449200672_122158132022160070_1155254120683685018_n.jpg\" data-dt-img-description=\"\" data-large_image_width=\"1080\" data-large_image_height=\"1080\"><img loading=\"lazy\" decoding=\"async\" class=\" wp-image-397238 alignleft\" src=\"https:\/\/www.radiopiu.net\/wordpress\/wp-content\/uploads\/2024\/07\/449200672_122158132022160070_1155254120683685018_n-300x300.jpg\" alt=\"\" width=\"113\" height=\"113\" srcset=\"https:\/\/www.radiopiu.net\/wordpress\/wp-content\/uploads\/2024\/07\/449200672_122158132022160070_1155254120683685018_n-300x300.jpg 300w, https:\/\/www.radiopiu.net\/wordpress\/wp-content\/uploads\/2024\/07\/449200672_122158132022160070_1155254120683685018_n-1024x1024.jpg 1024w, https:\/\/www.radiopiu.net\/wordpress\/wp-content\/uploads\/2024\/07\/449200672_122158132022160070_1155254120683685018_n-150x150.jpg 150w, https:\/\/www.radiopiu.net\/wordpress\/wp-content\/uploads\/2024\/07\/449200672_122158132022160070_1155254120683685018_n-768x768.jpg 768w, https:\/\/www.radiopiu.net\/wordpress\/wp-content\/uploads\/2024\/07\/449200672_122158132022160070_1155254120683685018_n.jpg 1080w\" sizes=\"auto, (max-width: 113px) 100vw, 113px\" \/><\/a>FALCADE<\/strong> Con il mese di luglio tornano le proiezioni al Cinema Dolomiti di Falcade. Fine settimana dedicato al film d&#8217;animazione Disney Pixar &#8220;Inside Out 2&#8221;. Cosa accade quando la ragazzina protagonista del primo INSIDE OUT diventa adolescente? Alle emozioni quali Gioia, Rabbia, Tristezza, Paura e Disgusto si aggiungono Ennui, Invidia, Imbarazzo e soprattutto Ansia: nulla sar\u00e0 pi\u00f9 uguale a prima! Spettacoli alle 17 e alle 21:15 sia sabato che domenica<\/p>\n<\/div>\n<\/div>\n<\/div>\n<p><strong>CANALE D&#8217;AGORDO\u00a0<\/strong> Giovedi 11 luglio alle 20.30 in sala Emigranti concerto Luglio Incanto con Benito Madonia. Ingresso libero, organizzazione biblioteche Valle del Biois.<\/p>\n<p><strong>MEL<\/strong> Sabato alle 20.30 nella chiesa San Maria Annunziata in piazza Papa Luciani, ottavo appuntamento con le note solidali d&#8217;organo con l&#8217;Auser &#8220;il sole&#8221; di Mel. Protagonista alle tastiere anche questa volta sar\u00e0 Fiorenzo Mori,<\/p>\n<p><strong><a class=\"dt-pswp-item\" href=\"https:\/\/www.radiopiu.net\/wordpress\/wp-content\/uploads\/2024\/07\/Certosa-di-Vedana_52.jpg\" data-dt-img-description=\"\" data-large_image_width=\"1900\" data-large_image_height=\"1266\"><img loading=\"lazy\" decoding=\"async\" class=\"size-medium wp-image-398697 alignleft\" src=\"https:\/\/www.radiopiu.net\/wordpress\/wp-content\/uploads\/2024\/07\/Certosa-di-Vedana_52-300x200.jpg\" alt=\"\" width=\"300\" height=\"200\" srcset=\"https:\/\/www.radiopiu.net\/wordpress\/wp-content\/uploads\/2024\/07\/Certosa-di-Vedana_52-300x200.jpg 300w, https:\/\/www.radiopiu.net\/wordpress\/wp-content\/uploads\/2024\/07\/Certosa-di-Vedana_52-1024x682.jpg 1024w, https:\/\/www.radiopiu.net\/wordpress\/wp-content\/uploads\/2024\/07\/Certosa-di-Vedana_52-768x512.jpg 768w, https:\/\/www.radiopiu.net\/wordpress\/wp-content\/uploads\/2024\/07\/Certosa-di-Vedana_52-1536x1023.jpg 1536w, https:\/\/www.radiopiu.net\/wordpress\/wp-content\/uploads\/2024\/07\/Certosa-di-Vedana_52.jpg 1900w\" sizes=\"auto, (max-width: 300px) 100vw, 300px\" \/><\/a>SOSPIROLO<\/strong>\u00a0 Domenica 14 luglio passeggiata tra spirituralit\u00e0 e natura a Lago Vedana, Certosa, San Gottardo con la proloco Monti del Sole di Sospirolo (foto)\u00a0 Ritrovo ore 9.15, partenza alle 9.30 al Lago.<br \/>\nL\u2019evento celebra la Giornata Nazionale delle Pro Loco. Partecipazione libera e gratuita\u00a0Info:\u00a0<a href=\"mailto:proloco@sospirolo.net\" target=\"_blank\" rel=\"noopener\">proloco@sospirolo.net<\/a>\u00a0\u2013 320 3342082<\/p>\n<p><strong>CANALE D&#8217;AGORDO<\/strong> Domenica 14 luglio alle 17 al Bar Colmean presentazione del libro Panorami e Curiosit\u00e0 geologiche con il prof. Vittorio Fenti, brindisi conclusivo. Con Union Ladina Val Biois, Amici dei Minerarim Biblioteche Valle del Biois<\/p>\n<p><strong>AGORDO<\/strong> Sabato 13 luglio alle 18 in sala riunioni della Biblioteca Civica di Agordo in via 27 aprile,\u00a0 presentazione del libro Brina e il Buio di Elena Darg, organizza il Centro Culturale Agordino.<\/p>\n<p>FELTRE <strong>7\u00aa Edizione corsa-pedonata &#8220;Celarda tra storia e Natura&#8221; il 14 luglio, organizza <\/strong>La Polisportiva Feltrese. Iscrizioni online e nei locali di Feltre.<\/p>\n<h2><span style=\"color: #ff0000;\">PROSSIMAMENTE\u00a0<\/span><\/h2>\n<p>&nbsp;<\/p>\n<p>&nbsp;<\/p>\n<p>&nbsp;<\/p>\n<hr \/>\n<p>&nbsp;<\/p>\n<p><a class=\"dt-pswp-item\" href=\"https:\/\/www.radiopiu.net\/wordpress\/wp-content\/uploads\/2018\/09\/viabilita.jpeg\" data-dt-img-description=\"\" data-large_image_width=\"800\" data-large_image_height=\"100\"><img loading=\"lazy\" decoding=\"async\" class=\"aligncenter wp-image-61954 size-full\" src=\"https:\/\/www.radiopiu.net\/wordpress\/wp-content\/uploads\/2018\/09\/viabilita.jpeg\" alt=\"\" width=\"800\" height=\"100\" srcset=\"https:\/\/www.radiopiu.net\/wordpress\/wp-content\/uploads\/2018\/09\/viabilita.jpeg 800w, https:\/\/www.radiopiu.net\/wordpress\/wp-content\/uploads\/2018\/09\/viabilita-300x38.jpeg 300w, https:\/\/www.radiopiu.net\/wordpress\/wp-content\/uploads\/2018\/09\/viabilita-768x96.jpeg 768w\" sizes=\"auto, (max-width: 800px) 100vw, 800px\" \/><\/a><\/p>\n<p>&nbsp;<\/p>\n<p><a class=\"dt-pswp-item\" href=\"https:\/\/www.radiopiu.net\/wordpress\/wp-content\/uploads\/2023\/12\/botol-car-service.jpg\" data-dt-img-description=\"\" data-large_image_width=\"600\" data-large_image_height=\"600\"><img loading=\"lazy\" decoding=\"async\" class=\"size-medium wp-image-367044 aligncenter\" src=\"https:\/\/www.radiopiu.net\/wordpress\/wp-content\/uploads\/2023\/12\/botol-car-service-300x300.jpg\" alt=\"\" width=\"300\" height=\"300\" srcset=\"https:\/\/www.radiopiu.net\/wordpress\/wp-content\/uploads\/2023\/12\/botol-car-service-300x300.jpg 300w, https:\/\/www.radiopiu.net\/wordpress\/wp-content\/uploads\/2023\/12\/botol-car-service-150x150.jpg 150w, https:\/\/www.radiopiu.net\/wordpress\/wp-content\/uploads\/2023\/12\/botol-car-service.jpg 600w\" sizes=\"auto, (max-width: 300px) 100vw, 300px\" \/><\/a><\/p>\n<p>&nbsp;<\/p>\n<p>&nbsp;<\/p>\n<h1>BOLLETTINO QUOTIDIANO, CLICCA QUI<\/h1>\n<blockquote class=\"wp-embedded-content\" data-secret=\"GCQlUvx871\"><p><a href=\"https:\/\/www.radiopiu.net\/wordpress\/viabilita-2\/\">viabilita<\/a><\/p><\/blockquote>\n<p><iframe loading=\"lazy\" class=\"wp-embedded-content\" sandbox=\"allow-scripts\" security=\"restricted\" style=\"position: absolute; clip: rect(1px, 1px, 1px, 1px);\" title=\"&#8220;viabilita&#8221; &#8212; Radio Pi\u00f9\" src=\"https:\/\/www.radiopiu.net\/wordpress\/viabilita-2\/embed\/#?secret=E3QnluLZkC#?secret=GCQlUvx871\" data-secret=\"GCQlUvx871\" width=\"600\" height=\"338\" frameborder=\"0\" marginwidth=\"0\" marginheight=\"0\" scrolling=\"no\"><\/iframe><\/p>\n<p>&nbsp;<\/p>\n<p>&nbsp;<\/p>\n<hr \/>\n<p>&nbsp;<\/p>\n<p><a class=\"dt-pswp-item\" href=\"https:\/\/www.radiopiu.net\/wordpress\/wp-content\/uploads\/2018\/09\/WhatsApp-Image-2018-09-20-at-16.04.06.jpeg\" data-dt-img-description=\"\" data-large_image_width=\"800\" data-large_image_height=\"100\"><img loading=\"lazy\" decoding=\"async\" class=\"wp-image-61378 size-full aligncenter\" src=\"https:\/\/www.radiopiu.net\/wordpress\/wp-content\/uploads\/2018\/09\/WhatsApp-Image-2018-09-20-at-16.04.06.jpeg\" alt=\"\" width=\"800\" height=\"100\" srcset=\"https:\/\/www.radiopiu.net\/wordpress\/wp-content\/uploads\/2018\/09\/WhatsApp-Image-2018-09-20-at-16.04.06.jpeg 800w, https:\/\/www.radiopiu.net\/wordpress\/wp-content\/uploads\/2018\/09\/WhatsApp-Image-2018-09-20-at-16.04.06-300x38.jpeg 300w, https:\/\/www.radiopiu.net\/wordpress\/wp-content\/uploads\/2018\/09\/WhatsApp-Image-2018-09-20-at-16.04.06-768x96.jpeg 768w\" sizes=\"auto, (max-width: 800px) 100vw, 800px\" \/><\/a><\/p>\n<p><center><\/center><center><\/center><center><\/center><center><\/center><center><\/center><center><\/center>&nbsp;<\/p>\n<p><center><\/center><center><\/center><b>OGGI : <\/b>Giornata estiva e calda per il periodo, con cielo sereno o poco nuvoloso specie al mattino con passaggi di sottili velature e con qualche modesto e innocuo annuvolamento in prossimit\u00e0 delle cime; dalle ore centrali, formazioni di addensamenti nuvolosi localmente significativi che potranno generare qualche fenomeno verso sera o nella notte.<br \/>\n<b>Precipitazioni: <\/b>Al mattino assenti (0%). Nel tardo pomeriggio sera, possibile qualche rovescio o temporale (20-40%) specie sulle Dolomiti. <b>Temperature: <\/b>Senza notevoli variazioni,<\/p>\n<hr \/>\n<p><center><\/center><b>GIOVEDI : <\/b>Ancora una giornata estiva e pi\u00f9 calda della norma con cielo generalmente sereno o poco nuvoloso soprattutto al mattino, con qualche modesto addensamento lungo i pendii dei rilievi o in prossimit\u00e0 delle cime. Maggiore nuvolosit\u00e0 nel corso del pomeriggio con fenomeni per una moderata attivit\u00e0 cumuliforme. <b>Precipitazioni: <\/b>Assenti (0%) al mattino, mentre nel pomeriggio\/sera non sono esclusi (20-30%) brevi piovaschi specie a ridosso dei pendii dolomitici di confine con le altre regioni.<\/p>\n<p>&nbsp;<\/p>\n<hr \/>\n<p><center><\/center><strong>VENERDI<\/strong> Tempo variabile con cielo generalmente irregolarmente nuvoloso fin dal mattino, a tratti anche instabile con possibili precipitazioni sparse specie dalle ore centrali anche a carattere di rovescio o di temporale. Temperature senza notevoli variazioni, salvo un lieve rialzo delle minime e un lieve calo della massime, su valori ancora superiori alla norma<\/p>\n<p>&nbsp;<\/p>\n<hr \/>\n<p><center><\/center><strong>SABATO<\/strong> Tempo ancora variabile a tratti instabile con cielo irregolarmente nuvoloso con possibili precipitazioni sparse specie dalle ore centrali anche a carattere di rovescio o di temporale. Temperature in lieve o contenuta diminuzione su valori prossimi o di poco sopra la norma<\/p>\n<p>&nbsp;<\/p>\n<hr \/>\n<p>&nbsp;<\/p>\n<p><a class=\"dt-pswp-item\" href=\"https:\/\/www.radiopiu.net\/wordpress\/wp-content\/uploads\/2018\/09\/sport.jpg\" data-dt-img-description=\"\" data-large_image_width=\"800\" data-large_image_height=\"100\"><img loading=\"lazy\" decoding=\"async\" class=\"aligncenter wp-image-60761 size-full\" src=\"https:\/\/www.radiopiu.net\/wordpress\/wp-content\/uploads\/2018\/09\/sport.jpg\" alt=\"\" width=\"800\" height=\"100\" srcset=\"https:\/\/www.radiopiu.net\/wordpress\/wp-content\/uploads\/2018\/09\/sport.jpg 800w, https:\/\/www.radiopiu.net\/wordpress\/wp-content\/uploads\/2018\/09\/sport-300x38.jpg 300w, https:\/\/www.radiopiu.net\/wordpress\/wp-content\/uploads\/2018\/09\/sport-768x96.jpg 768w\" sizes=\"auto, (max-width: 800px) 100vw, 800px\" \/><\/a><\/p>\n<p>&nbsp;<\/p>\n<p><span style=\"color: #0000ff;\"><strong>PALLAVOLO<\/strong><\/span><\/p>\n<blockquote><p><strong><a class=\"dt-pswp-item\" href=\"https:\/\/www.radiopiu.net\/wordpress\/wp-content\/uploads\/2024\/07\/Alessio_Carraro_preparatore_atletico.jpg\" data-dt-img-description=\"\" data-large_image_width=\"1257\" data-large_image_height=\"778\"><img loading=\"lazy\" decoding=\"async\" class=\"wp-image-398687 alignleft\" src=\"https:\/\/www.radiopiu.net\/wordpress\/wp-content\/uploads\/2024\/07\/Alessio_Carraro_preparatore_atletico-300x186.jpg\" alt=\"\" width=\"161\" height=\"100\" srcset=\"https:\/\/www.radiopiu.net\/wordpress\/wp-content\/uploads\/2024\/07\/Alessio_Carraro_preparatore_atletico-300x186.jpg 300w, https:\/\/www.radiopiu.net\/wordpress\/wp-content\/uploads\/2024\/07\/Alessio_Carraro_preparatore_atletico-1024x634.jpg 1024w, https:\/\/www.radiopiu.net\/wordpress\/wp-content\/uploads\/2024\/07\/Alessio_Carraro_preparatore_atletico-768x475.jpg 768w, https:\/\/www.radiopiu.net\/wordpress\/wp-content\/uploads\/2024\/07\/Alessio_Carraro_preparatore_atletico.jpg 1257w\" sizes=\"auto, (max-width: 161px) 100vw, 161px\" \/><\/a>Alessio Carraro nuovo preparatore atletico del Belluno Volley<\/strong><\/p><\/blockquote>\n<p><strong>BELLUNO<\/strong> Alessio Carraro \u00e8 il nuovo preparatore atletico del Belluno Volley. Carraro, professionista di alto profilo, continuer\u00e0 anche il suo ruolo con la Pallavolo Padova. A Belluno sar\u00e0 affiancato da Tommaso Pavan.<\/p>\n<p>&nbsp;<\/p>\n<p>&nbsp;<\/p>\n<p><span style=\"color: #0000ff;\"><strong>MOTORI<\/strong><\/span><\/p>\n<blockquote>\n<h3>50ESIMA ALPE DEL NEVEGAL SEMPRE PIU&#8217; VICINA<\/h3>\n<\/blockquote>\n<p><strong><a class=\"dt-pswp-item\" href=\"https:\/\/www.radiopiu.net\/wordpress\/wp-content\/uploads\/2024\/07\/fa43bf2d-e9f6-4311-8d03-cbe3008803e1.jpg\" data-dt-img-description=\"\" data-large_image_width=\"1100\" data-large_image_height=\"733\"><img loading=\"lazy\" decoding=\"async\" class=\" wp-image-398773 alignleft\" src=\"https:\/\/www.radiopiu.net\/wordpress\/wp-content\/uploads\/2024\/07\/fa43bf2d-e9f6-4311-8d03-cbe3008803e1-300x200.jpg\" alt=\"\" width=\"197\" height=\"131\" srcset=\"https:\/\/www.radiopiu.net\/wordpress\/wp-content\/uploads\/2024\/07\/fa43bf2d-e9f6-4311-8d03-cbe3008803e1-300x200.jpg 300w, https:\/\/www.radiopiu.net\/wordpress\/wp-content\/uploads\/2024\/07\/fa43bf2d-e9f6-4311-8d03-cbe3008803e1-1024x682.jpg 1024w, https:\/\/www.radiopiu.net\/wordpress\/wp-content\/uploads\/2024\/07\/fa43bf2d-e9f6-4311-8d03-cbe3008803e1-768x512.jpg 768w, https:\/\/www.radiopiu.net\/wordpress\/wp-content\/uploads\/2024\/07\/fa43bf2d-e9f6-4311-8d03-cbe3008803e1.jpg 1100w\" sizes=\"auto, (max-width: 197px) 100vw, 197px\" \/><\/a>BELLUNO<\/strong><\/p>\n<p>DI ROBERTO BONA<\/p>\n<p>FOTO: Flavio Casoni<\/p>\n<audio class=\"wp-audio-shortcode\" id=\"audio-398618-15\" preload=\"none\" style=\"width: 100%;\" controls=\"controls\"><source type=\"audio\/mpeg\" src=\"https:\/\/www.radiopiu.net\/wordpress\/wp-content\/uploads\/2024\/07\/BONA-50ESIMA-ALPE-DEL-NEVEGAL-SEMPRE-PIU-VICINA.mp3?_=15\" \/><a href=\"https:\/\/www.radiopiu.net\/wordpress\/wp-content\/uploads\/2024\/07\/BONA-50ESIMA-ALPE-DEL-NEVEGAL-SEMPRE-PIU-VICINA.mp3\">https:\/\/www.radiopiu.net\/wordpress\/wp-content\/uploads\/2024\/07\/BONA-50ESIMA-ALPE-DEL-NEVEGAL-SEMPRE-PIU-VICINA.mp3<\/a><\/audio>\n<p>&nbsp;<\/p>\n<blockquote>\n<h3>FANT AL MUGELLO NELLA PORSCHE CARRERA CUP<\/h3>\n<\/blockquote>\n<p><strong><a class=\"dt-pswp-item\" href=\"https:\/\/www.radiopiu.net\/wordpress\/wp-content\/uploads\/2024\/07\/2c75f874-6235-47b3-a4f8-a93b100a952d.jpg\" data-dt-img-description=\"\" data-large_image_width=\"1024\" data-large_image_height=\"550\"><img loading=\"lazy\" decoding=\"async\" class=\" wp-image-398766 alignleft\" src=\"https:\/\/www.radiopiu.net\/wordpress\/wp-content\/uploads\/2024\/07\/2c75f874-6235-47b3-a4f8-a93b100a952d-300x161.jpg\" alt=\"\" width=\"201\" height=\"108\" srcset=\"https:\/\/www.radiopiu.net\/wordpress\/wp-content\/uploads\/2024\/07\/2c75f874-6235-47b3-a4f8-a93b100a952d-300x161.jpg 300w, https:\/\/www.radiopiu.net\/wordpress\/wp-content\/uploads\/2024\/07\/2c75f874-6235-47b3-a4f8-a93b100a952d-768x413.jpg 768w, https:\/\/www.radiopiu.net\/wordpress\/wp-content\/uploads\/2024\/07\/2c75f874-6235-47b3-a4f8-a93b100a952d.jpg 1024w\" sizes=\"auto, (max-width: 201px) 100vw, 201px\" \/><\/a>MUGELLO<\/strong><\/p>\n<p>DI ROBERTO BONA<\/p>\n<p>FOTO: Claudia Cavalleri &#8211; Porsche<\/p>\n<audio class=\"wp-audio-shortcode\" id=\"audio-398618-16\" preload=\"none\" style=\"width: 100%;\" controls=\"controls\"><source type=\"audio\/mpeg\" src=\"https:\/\/www.radiopiu.net\/wordpress\/wp-content\/uploads\/2024\/07\/BONA-FANT-AL-MUGELLO-NELLA-PORSCHE-CARRERA-CUP.mp3?_=16\" \/><a href=\"https:\/\/www.radiopiu.net\/wordpress\/wp-content\/uploads\/2024\/07\/BONA-FANT-AL-MUGELLO-NELLA-PORSCHE-CARRERA-CUP.mp3\">https:\/\/www.radiopiu.net\/wordpress\/wp-content\/uploads\/2024\/07\/BONA-FANT-AL-MUGELLO-NELLA-PORSCHE-CARRERA-CUP.mp3<\/a><\/audio>\n<p>&nbsp;<\/p>\n<blockquote>\n<h3>DENIS MEZZACASA SI PREPARA PER LA VAL CAMONICA<\/h3>\n<\/blockquote>\n<p><strong><a class=\"dt-pswp-item\" href=\"https:\/\/www.radiopiu.net\/wordpress\/wp-content\/uploads\/2024\/07\/4744fd87-da73-4eb3-9f24-4cb8f4ded759.jpg\" data-dt-img-description=\"\" data-large_image_width=\"1024\" data-large_image_height=\"630\"><img loading=\"lazy\" decoding=\"async\" class=\" wp-image-398770 alignleft\" src=\"https:\/\/www.radiopiu.net\/wordpress\/wp-content\/uploads\/2024\/07\/4744fd87-da73-4eb3-9f24-4cb8f4ded759-300x185.jpg\" alt=\"\" width=\"225\" height=\"139\" srcset=\"https:\/\/www.radiopiu.net\/wordpress\/wp-content\/uploads\/2024\/07\/4744fd87-da73-4eb3-9f24-4cb8f4ded759-300x185.jpg 300w, https:\/\/www.radiopiu.net\/wordpress\/wp-content\/uploads\/2024\/07\/4744fd87-da73-4eb3-9f24-4cb8f4ded759-768x473.jpg 768w, https:\/\/www.radiopiu.net\/wordpress\/wp-content\/uploads\/2024\/07\/4744fd87-da73-4eb3-9f24-4cb8f4ded759.jpg 1024w\" sizes=\"auto, (max-width: 225px) 100vw, 225px\" \/><\/a>LA VALLE<\/strong><\/p>\n<p>DI ROBERTO BONA<\/p>\n<p>FOTO: Samp Shot<\/p>\n<audio class=\"wp-audio-shortcode\" id=\"audio-398618-17\" preload=\"none\" style=\"width: 100%;\" controls=\"controls\"><source type=\"audio\/mpeg\" src=\"https:\/\/www.radiopiu.net\/wordpress\/wp-content\/uploads\/2024\/07\/BONA-DENIS-MEZZACASA-SI-PREPARA-PER-LA-VAL-CAMONICA.mp3?_=17\" \/><a href=\"https:\/\/www.radiopiu.net\/wordpress\/wp-content\/uploads\/2024\/07\/BONA-DENIS-MEZZACASA-SI-PREPARA-PER-LA-VAL-CAMONICA.mp3\">https:\/\/www.radiopiu.net\/wordpress\/wp-content\/uploads\/2024\/07\/BONA-DENIS-MEZZACASA-SI-PREPARA-PER-LA-VAL-CAMONICA.mp3<\/a><\/audio>\n<p>&nbsp;<\/p>\n","protected":false},"excerpt":{"rendered":"<p>******* &nbsp; ATTENZIONE: LA NUOVA APP PER IOS-IPHONE di Nicola Vettorello https:\/\/apps.apple.com\/it\/app\/radio-pi%C3%B9-emittente-agordina\/id1515939845 ATTENZIONE: LA NUOVA APP RADIO\u00a0 PER ANDROID di Nicola Vettorello https:\/\/play.google.com\/store\/apps\/details?id=net.radiopiu.iniko\u00a0\u00a0\u00a0 &nbsp; &nbsp; &nbsp; OGGI ALLA RADIO: ALLE 6.15 PIROLE DE LENGA, CON IL MUSLA\u00a0\u00a0ALLE 7.20\u00a0EL BAL DEL FIOR, DETTI E TRADIZIONI DI GIULIANA DA RONCH;\u00a0ALLE 8.20\u00a0PIU&#8217; SIAMO ESTATE DI MARINA DONA&#8217;\u00a0 9.00&hellip;<\/p>\n","protected":false},"author":4,"featured_media":398781,"comment_status":"closed","ping_status":"closed","sticky":false,"template":"","format":"standard","meta":{"_monsterinsights_skip_tracking":false,"_monsterinsights_sitenote_active":false,"_monsterinsights_sitenote_note":"","_monsterinsights_sitenote_category":0,"footnotes":""},"categories":[51,86,49],"tags":[],"class_list":["post-398618","post","type-post","status-publish","format-standard","has-post-thumbnail","hentry","category-evidenza-top","category-gr","category-news-18","category-51","category-86","category-49","description-off"],"img_url":"https:\/\/www.radiopiu.net\/wordpress\/wp-content\/uploads\/2024\/07\/Pocchiesa-e-Frescura-con-i-giovani-scaled.jpg","_links":{"self":[{"href":"https:\/\/www.radiopiu.net\/wordpress\/wp-json\/wp\/v2\/posts\/398618","targetHints":{"allow":["GET"]}}],"collection":[{"href":"https:\/\/www.radiopiu.net\/wordpress\/wp-json\/wp\/v2\/posts"}],"about":[{"href":"https:\/\/www.radiopiu.net\/wordpress\/wp-json\/wp\/v2\/types\/post"}],"author":[{"embeddable":true,"href":"https:\/\/www.radiopiu.net\/wordpress\/wp-json\/wp\/v2\/users\/4"}],"replies":[{"embeddable":true,"href":"https:\/\/www.radiopiu.net\/wordpress\/wp-json\/wp\/v2\/comments?post=398618"}],"version-history":[{"count":0,"href":"https:\/\/www.radiopiu.net\/wordpress\/wp-json\/wp\/v2\/posts\/398618\/revisions"}],"wp:featuredmedia":[{"embeddable":true,"href":"https:\/\/www.radiopiu.net\/wordpress\/wp-json\/wp\/v2\/media\/398781"}],"wp:attachment":[{"href":"https:\/\/www.radiopiu.net\/wordpress\/wp-json\/wp\/v2\/media?parent=398618"}],"wp:term":[{"taxonomy":"category","embeddable":true,"href":"https:\/\/www.radiopiu.net\/wordpress\/wp-json\/wp\/v2\/categories?post=398618"},{"taxonomy":"post_tag","embeddable":true,"href":"https:\/\/www.radiopiu.net\/wordpress\/wp-json\/wp\/v2\/tags?post=398618"}],"curies":[{"name":"wp","href":"https:\/\/api.w.org\/{rel}","templated":true}]}}