{"id":398667,"date":"2024-07-09T07:55:45","date_gmt":"2024-07-09T05:55:45","guid":{"rendered":"https:\/\/www.radiopiu.net\/wordpress\/?p=398667"},"modified":"2024-07-09T08:01:09","modified_gmt":"2024-07-09T06:01:09","slug":"dal-1983-loriginale-rassegna-stampa-quotidiana-alle-otto-del-mattino","status":"publish","type":"post","link":"https:\/\/www.radiopiu.net\/wordpress\/dal-1983-loriginale-rassegna-stampa-quotidiana-alle-otto-del-mattino\/","title":{"rendered":"dal 1983 l&#8217;originale rassegna stampa quotidiana ALLE OTTO DEL MATTINO"},"content":{"rendered":"<p>&nbsp;<\/p>\n<p><span style=\"color: #ff0000;\"><strong>OGGI ALLA RADIO<em>:<\/em><\/strong><\/span><em> ALLE 6.15 PIROLE DE LENGA, CON IL MUSLA ALLE 7.20 EL BAL DEL FIOR, DETTI E TRADIZIONI DI GIULIANA DA RONCH; ALLE 8.20 PIU\u2019 SIAMO ESTATE DI MARINA DONA\u2019 9.00 LA MUSICA COUNTRY DI ALEX NASCINBEN 9.30 VIABILITA\u2019 Botol_Car 10.10 musla, le nove in ladin in dintorn e foravia di Michela Dell\u2019Osbel 10.30 VOCI RIBELLI, DI ALESSIA DALL\u2019O 11.10 LA STORIA DEL FESTIVALBAR RACCONTATA DA MIRCO BENCIVENNI 12.00 VA TUTTO LISCIO 12.30 GIORNALE RADIO EDIZIONE PRINCIPALE 13.10 Diario di Bordo Claudia Magic Teacher 13.20 TRE PEZZI ESTIVI DI MARINA DONA\u2019 14.00 COLLAGE OPERAZIONE NOSTALGIA LORIS SCUSSEL 15.00 IL MARTEDI DI LUISA ALCHINIM OSPITE RAUL BARATTIN 16.00 IL ROCK DI MARCO COSTANTINI 16.45 LE HIT DI MIRCO BENCIVENNI 19 ANTICIPAZIONI DAL TG DI ANTENNA 3\u00a0\u00a0<\/em><\/p>\n<p><iframe loading=\"lazy\" title=\"DAL 1983 LA RASSEGNA STAMPA LOCALE di mirko mezzacasa. L&#039;ORIGINALE\" width=\"1200\" height=\"675\" src=\"https:\/\/www.youtube.com\/embed\/sjifDtW-Vqk?feature=oembed\" frameborder=\"0\" allow=\"accelerometer; autoplay; clipboard-write; encrypted-media; gyroscope; picture-in-picture; web-share\" referrerpolicy=\"strict-origin-when-cross-origin\" allowfullscreen><\/iframe><\/p>\n<p><strong>347 DURAN E CEREDA, DA IERI ALLE 16 STRADA RIAPERTA IN LOCALITA\u2019 VARE, VAL DI ZOLDO<\/strong><br \/>\n<strong>LIVINALLONGO<\/strong>\u00a0 DOMANI e GIOVED\u00ec dalle 8:00 alle 17:00 verr\u00e0 sospesa l\u2019erogazione dell\u2019acqua\u00a0 nelle localit\u00e0 LASTA, FEDERA, CORTE e SIEF.<br \/>\n<strong>ROCCA PIETORE<\/strong> GIOVED\u00ec dalle 8:00 alle 17:00, verr\u00e0 sospesa l\u2019erogazione dell\u2019acqua nelle vie SOTTOGUDA e MALGA CIAPELA.<br \/>\n<strong>SOVRAMONTE<\/strong> Domenica sera attorno alle 21.20 la Centrale del 118 ha attivato il Soccorso alpino di Feltre, in supporto all\u2019ambulanza, per un ragazzo minorenne che si era sentito male in una casera poco sotto passo Croce d\u2019Aune. Poich\u00e9 non era raggiungibile dall\u2019ambulanza, gli amici hanno atteso per accompagnare sul posto il primo soccorritore. Il ragazzo \u00e8 stato poi trasportato fino alla strada, per rende vous sanitario.<br \/>\n<strong>FALCADE<\/strong> Primo intervento della giornata dell\u2019elicottero Falco (peraltro l\u2019uomo, israeliano di 62 anni ha rifiutato il trasporto) al Rifugio Mulaz. La chiamata per un trauma alla gamba alle 8.30 di ieri mattina , intervento definito di gravit\u00e0 zero.<br \/>\n<strong>ROCCA PIETORE<\/strong> Attorno alle 15.15 di ieri una squadra del Soccorso alpino della Val Pettorina \u00e8 salita in fuoristrada sul tornante sottostante Malga Ombreta, a quota 1.800, dove un giovane escursionista aveva riportato un sospetto trauma alla caviglia. Il quindicenne di Fidenza \u00e8 stato raggiunto, caricato a bordo, trasportato fino alla strada e affidato all\u2019ambulanza.<\/p>\n<p><strong>VODO DI CADORE <\/strong>\u00c8 stata individuata e recuperata sana e salva dall\u2019equipaggio dell\u2019elicottero Drago 154 dei vigili del fuoco su un costone nei pressi di Tabi\u00e0 Socroda in Val di Zoldo (BL), la donna di cui non sia avevano pi\u00f9 notizie dal pomeriggio di luned\u00ec 8 luglio dopo essere uscita per andare a funghi perdendosi nel bosco. La donna una 69enne in vacanza con il marito si era allontanata dal rifugio Giampietro Talamini di Vodo di Cadore, dicendo che avrebbe fatto una piccola escursione lungo il sentiero alla ricerca di funghi. Alle 18:10 sono stati attivati anche i vigili del fuoco, che hanno fatto alzare in volo l\u2019elicottero di Venezia, che intorno alle 20:00, ha individuato la donna in mezzo agli alberi<br \/>\n<strong>OGGI I FUNERALI DI PIERGIORGIO ADAMI<\/strong><br \/>\n<strong>CANALE D\u2019AGORDO<\/strong> Si svolgeranno oggi alle 14:30 i funerali di Piergiorgio nella chiesa di Canale D\u2019Agordo. La cerimonia funebre sar\u00e0 preceduta dal Rosario alle 14.<br \/>\n<strong>ROCCA PIETORE<\/strong> Finalmente a quasi sei anni dalla tempesta Vaia e dopo un pacco di milioni spesi, riaprono i Serrai di Sottoguda anche per valligiani e turisti. Taglio del nastro a fine mese, il 29 luglio alle 12. I lavori non sono comunque ancora terminati e fino ad oggi sono stati spesi 11 milioni di euro.<br \/>\n<strong>TRENTO<\/strong> Si \u00e8 tenuta l\u2019assemblea dell\u2019AINEVA (Associazione Interregionale di Coordinamento e Documentazione per i Problemi Inerenti alla Neve e alle Valanghe), durante la quale l\u2019assessore regionale Gianpaolo Bottacin ha assunto ufficialmente la presidenza. Oltre all\u2019approvazione del consuntivo del 2023, l\u2019evento ha visto la firma di un importante protocollo con le truppe alpine<br \/>\n<strong>AGORDO<\/strong> E\u2019 in arrivo con la busta paga di giugno, in consegna il 10 luglio, il premio di risultato per i dipendenti di EssilorLuxottica. La somma pi\u00f9 alta mai erogata fino ad ora con i 4100 euro lordi per coloro che sono stati sempre presenti al lavoro. Premio che va anche ai lavoratori interinali (con agenzia) fino ad un massimo di 1400 euro.<\/p>\n<p><strong>AGORDO<\/strong> Merita di essere segnalato l\u2019ennesimo esempio di sensibilit\u00e0 solidale che contraddistingue gli alpini. \u00c8 il caso del gruppo penne nere di Agordo Taibon Rivamonte, guidato dal colonnello Giovanni Da Pra, che, con la collaborazione tecnica della ditta Garavana di Agordo, ha provveduto alla manutenzione e al completo ripristino della tomba del tenente Luigi Schenardi, medaglia d\u2019argento, caduto nella prima guerra mondiale sul fronte del passo San Pellegrino, e tumulato nel cimitero di Agordo.<br \/>\nA BELLUNO APERTE LE CANDIDATURE A CAPOFRAZIONE<br \/>\n<strong>BELLUNO<\/strong> Al via a Belluno la possibilit\u00e0 di candidarsi a capofrazione; c\u2019\u00e8 tempo fino al 17 agosto per presentare la propria candidatura in vista delle assemblee frazionali.<br \/>\n<strong>FELTRE<\/strong> Il Comitato di Feltre della Croce Rossa Italiana ha diplomato 12 nuovi volontari specializzati nel trasporto sanitario e soccorso in ambulanza. La lunga preparazione si \u00e8 conclusa recentemente, permettendo al comitato di disporre di nuove risorse per rispondere alle esigenze del territorio. I volontari della CRI di Feltre svolgono numerosi servizi, dai trasporti privati all\u2019assistenza alle manifestazioni e ai servizi convenzionati con l\u2019Ulss 1 Dolomiti.<br \/>\n<strong>REDAZIONE<\/strong> Mutui in provincia di Belluno: importo medio richiesto tra i pi\u00f9 bassi del Veneto Secondo l\u2019analisi di Facile.it e Mutui.it, nei primi sei mesi dell\u2019anno, l\u2019importo medio richiesto per un mutuo in provincia di Belluno \u00e8 stato di 128.774 euro, il secondo valore pi\u00f9 basso rilevato in Veneto. Nel complesso regionale, la richiesta di finanziamenti \u00e8 aumentata del 19% rispetto allo stesso periodo del 2023.<br \/>\n<strong>LA VALLE<\/strong> \u201cRester\u00e0 la luce\u201d, \u00e8 il titolo, mutuato da un suggestivo canto di Giorgio Susana, del concerto che il Coro Agordo, diretto da Anna Devich e il Coro parrocchiale di La Valle, diretto da Milena Da Roit, eseguiranno venerd\u00ec 12 luglio, alle ore 20,45, nella chiesa parrocchiale di La Valle Agordina. Un incontro corale \u201cper ricordare\u201d Manuela De Col, la giovane corista, morta prematuramente il 7 febbraio 2023 a soli 50 anni<\/p>\n<p>&nbsp;<\/p>\n","protected":false},"excerpt":{"rendered":"<p>&nbsp; OGGI ALLA RADIO: ALLE 6.15 PIROLE DE LENGA, CON IL MUSLA ALLE 7.20 EL BAL DEL FIOR, DETTI E TRADIZIONI DI GIULIANA DA RONCH; ALLE 8.20 PIU\u2019 SIAMO ESTATE DI MARINA DONA\u2019 9.00 LA MUSICA COUNTRY DI ALEX NASCINBEN 9.30 VIABILITA\u2019 Botol_Car 10.10 musla, le nove in ladin in dintorn e foravia di Michela&hellip;<\/p>\n","protected":false},"author":4,"featured_media":398655,"comment_status":"closed","ping_status":"closed","sticky":false,"template":"","format":"standard","meta":{"_monsterinsights_skip_tracking":false,"_monsterinsights_sitenote_active":false,"_monsterinsights_sitenote_note":"","_monsterinsights_sitenote_category":0,"footnotes":""},"categories":[51,49,142],"tags":[],"class_list":["post-398667","post","type-post","status-publish","format-standard","has-post-thumbnail","hentry","category-evidenza-top","category-news-18","category-rassegna-stampa","category-51","category-49","category-142","description-off"],"img_url":"https:\/\/www.radiopiu.net\/wordpress\/wp-content\/uploads\/2024\/07\/SSSSS.png","_links":{"self":[{"href":"https:\/\/www.radiopiu.net\/wordpress\/wp-json\/wp\/v2\/posts\/398667","targetHints":{"allow":["GET"]}}],"collection":[{"href":"https:\/\/www.radiopiu.net\/wordpress\/wp-json\/wp\/v2\/posts"}],"about":[{"href":"https:\/\/www.radiopiu.net\/wordpress\/wp-json\/wp\/v2\/types\/post"}],"author":[{"embeddable":true,"href":"https:\/\/www.radiopiu.net\/wordpress\/wp-json\/wp\/v2\/users\/4"}],"replies":[{"embeddable":true,"href":"https:\/\/www.radiopiu.net\/wordpress\/wp-json\/wp\/v2\/comments?post=398667"}],"version-history":[{"count":0,"href":"https:\/\/www.radiopiu.net\/wordpress\/wp-json\/wp\/v2\/posts\/398667\/revisions"}],"wp:featuredmedia":[{"embeddable":true,"href":"https:\/\/www.radiopiu.net\/wordpress\/wp-json\/wp\/v2\/media\/398655"}],"wp:attachment":[{"href":"https:\/\/www.radiopiu.net\/wordpress\/wp-json\/wp\/v2\/media?parent=398667"}],"wp:term":[{"taxonomy":"category","embeddable":true,"href":"https:\/\/www.radiopiu.net\/wordpress\/wp-json\/wp\/v2\/categories?post=398667"},{"taxonomy":"post_tag","embeddable":true,"href":"https:\/\/www.radiopiu.net\/wordpress\/wp-json\/wp\/v2\/tags?post=398667"}],"curies":[{"name":"wp","href":"https:\/\/api.w.org\/{rel}","templated":true}]}}