{"id":398826,"date":"2024-07-11T05:30:51","date_gmt":"2024-07-11T03:30:51","guid":{"rendered":"https:\/\/www.radiopiu.net\/wordpress\/?p=398826"},"modified":"2024-07-11T05:45:50","modified_gmt":"2024-07-11T03:45:50","slug":"lestate-di-promofalcade-dolomiti-tra-turismo-locals-e-autentiche-esperienze-di-montagna","status":"publish","type":"post","link":"https:\/\/www.radiopiu.net\/wordpress\/lestate-di-promofalcade-dolomiti-tra-turismo-locals-e-autentiche-esperienze-di-montagna\/","title":{"rendered":"L&#8217;ESTATE DI PROMOFALCADE DOLOMITI, TRA TURISMO &#8220;LOCALS&#8221; E AUTENTICHE ESPERIENZE DI MONTAGNA"},"content":{"rendered":"<p>******<\/p>\n<p>&nbsp;<\/p>\n<p><strong><a class=\"dt-pswp-item\" href=\"https:\/\/www.radiopiu.net\/wordpress\/wp-content\/uploads\/2023\/11\/promofalcade.png\" data-dt-img-description=\"\" data-large_image_width=\"329\" data-large_image_height=\"193\"><img loading=\"lazy\" decoding=\"async\" class=\" wp-image-363771 alignleft\" src=\"https:\/\/www.radiopiu.net\/wordpress\/wp-content\/uploads\/2023\/11\/promofalcade-300x176.png\" alt=\"\" width=\"216\" height=\"127\" srcset=\"https:\/\/www.radiopiu.net\/wordpress\/wp-content\/uploads\/2023\/11\/promofalcade-300x176.png 300w, https:\/\/www.radiopiu.net\/wordpress\/wp-content\/uploads\/2023\/11\/promofalcade.png 329w\" sizes=\"auto, (max-width: 216px) 100vw, 216px\" \/><\/a>FALCADE<\/strong> PromoFalcade Dolomiti \u00e8 lieto di annunciare l\u2019inizio di una stagione estiva caratterizzata da un forte spirito di coinvolgimento delle realt\u00e0 locali nel fare turismo attraverso un calendario eventi e proposte. Questa nuova ottica &#8220;locals&#8221; \u00e8 stata molto apprezzata dai turisti, i quali grazie alle nuove tecnologie digitali esplorano il territorio gi\u00e0 da casa e trovano motivazioni aggiuntive per visitare le Dolomiti Bellunesi, come l\u2019enogastronomia, lo sport e la ricerca di esperienze autentiche.<\/p>\n<p><strong><span style=\"color: #ff0000;\">IL TURISTA CERCA ESPERIENZE AUTENTICHE<\/span><\/strong><\/p>\n<p>\u201cDurante i nostri consueti workshop di promozione turistica e gli incontri con i tour operators che ogni anno il nostro Consorzio organizza\u201d racconta Fiorenza Manfroi di PromoFalcade Dolomiti, \u201cabbiamo osservato che anche le travel agency ed operatori con cui collaboriamo da oltre 20 anni non ci chiedono pi\u00f9 solo l\u2019esperienza invernale sulla neve come prodotto turistico. Ora cercano offerte pi\u00f9 particolari e uniche dalla nostra montagna, nota per il suo carattere genuino anche al di fuori del nostro contesto provinciale.\u201d Giugno 2024 ha visto una prevalenza di turisti stranieri con visitatori provenienti anche dalla Corea e da tutta l\u2019Europa. Con l\u2019inizio di luglio sono arrivati i numerosi turisti italiani che sono fedelissimi da sempre a questa destinazione molto apprezzata nel contesto Dolomitico. Previsioni di crescita per il resto dell\u2019estate sia per mercato italiano che estero.<\/p>\n<p>&nbsp;<\/p>\n<p>&nbsp;<\/p>\n<p>&nbsp;<\/p>\n<p>*********<\/p>\n","protected":false},"excerpt":{"rendered":"<p>****** &nbsp; FALCADE PromoFalcade Dolomiti \u00e8 lieto di annunciare l\u2019inizio di una stagione estiva caratterizzata da un forte spirito di coinvolgimento delle realt\u00e0 locali nel fare turismo attraverso un calendario eventi e proposte. Questa nuova ottica &#8220;locals&#8221; \u00e8 stata molto apprezzata dai turisti, i quali grazie alle nuove tecnologie digitali esplorano il territorio gi\u00e0 da&hellip;<\/p>\n","protected":false},"author":4,"featured_media":363771,"comment_status":"closed","ping_status":"closed","sticky":false,"template":"","format":"standard","meta":{"_monsterinsights_skip_tracking":false,"_monsterinsights_sitenote_active":false,"_monsterinsights_sitenote_note":"","_monsterinsights_sitenote_category":0,"footnotes":""},"categories":[104,49],"tags":[],"class_list":["post-398826","post","type-post","status-publish","format-standard","has-post-thumbnail","hentry","category-evidenza_3","category-news-18","category-104","category-49","description-off"],"img_url":"https:\/\/www.radiopiu.net\/wordpress\/wp-content\/uploads\/2023\/11\/promofalcade.png","_links":{"self":[{"href":"https:\/\/www.radiopiu.net\/wordpress\/wp-json\/wp\/v2\/posts\/398826","targetHints":{"allow":["GET"]}}],"collection":[{"href":"https:\/\/www.radiopiu.net\/wordpress\/wp-json\/wp\/v2\/posts"}],"about":[{"href":"https:\/\/www.radiopiu.net\/wordpress\/wp-json\/wp\/v2\/types\/post"}],"author":[{"embeddable":true,"href":"https:\/\/www.radiopiu.net\/wordpress\/wp-json\/wp\/v2\/users\/4"}],"replies":[{"embeddable":true,"href":"https:\/\/www.radiopiu.net\/wordpress\/wp-json\/wp\/v2\/comments?post=398826"}],"version-history":[{"count":0,"href":"https:\/\/www.radiopiu.net\/wordpress\/wp-json\/wp\/v2\/posts\/398826\/revisions"}],"wp:featuredmedia":[{"embeddable":true,"href":"https:\/\/www.radiopiu.net\/wordpress\/wp-json\/wp\/v2\/media\/363771"}],"wp:attachment":[{"href":"https:\/\/www.radiopiu.net\/wordpress\/wp-json\/wp\/v2\/media?parent=398826"}],"wp:term":[{"taxonomy":"category","embeddable":true,"href":"https:\/\/www.radiopiu.net\/wordpress\/wp-json\/wp\/v2\/categories?post=398826"},{"taxonomy":"post_tag","embeddable":true,"href":"https:\/\/www.radiopiu.net\/wordpress\/wp-json\/wp\/v2\/tags?post=398826"}],"curies":[{"name":"wp","href":"https:\/\/api.w.org\/{rel}","templated":true}]}}