{"id":398898,"date":"2024-07-12T05:48:44","date_gmt":"2024-07-12T03:48:44","guid":{"rendered":"https:\/\/www.radiopiu.net\/wordpress\/?p=398898"},"modified":"2024-07-12T12:36:36","modified_gmt":"2024-07-12T10:36:36","slug":"giornale-radiopiu-12-luglio-2024-direttore-mirko-mezzacasada-41-anni-25-giugno-1983-25-giugno-2024","status":"publish","type":"post","link":"https:\/\/www.radiopiu.net\/wordpress\/giornale-radiopiu-12-luglio-2024-direttore-mirko-mezzacasada-41-anni-25-giugno-1983-25-giugno-2024\/","title":{"rendered":"GIORNALE RADIOPIU 12 LUGLIO 2024 DIRETTORE MIRKO MEZZACASA\u2026DA 41 ANNI 25 GIUGNO 1983-25 GIUGNO 2024"},"content":{"rendered":"<p>*******<\/p>\n<p>&nbsp;<\/p>\n<p><em><span style=\"color: #ff0000;\">ATTENZIONE: LA NUOVA APP PER IOS-IPHONE di Nicola Vettorello <\/span><\/em><a href=\"https:\/\/apps.apple.com\/it\/app\/radio-pi%C3%B9-emittente-agordina\/id1515939845\">https:\/\/apps.apple.com\/it\/app\/radio-pi%C3%B9-emittente-agordina\/id1515939845<\/a><\/p>\n<p><em style=\"color: #ff0000;\">ATTENZIONE: LA NUOVA APP RADIO\u00a0 PER ANDROID di Nicola Vettorello<\/em><\/p>\n<p><a href=\"https:\/\/play.google.com\/store\/apps\/details?id=net.radiopiu.iniko\" target=\"_blank\" rel=\"noopener noreferrer\">https:\/\/play.google.com\/store\/apps\/details?id=net.radiopiu.iniko\u00a0\u00a0\u00a0<\/a><\/p>\n<p>&nbsp;<\/p>\n<p>&nbsp;<\/p>\n<hr \/>\n<p>&nbsp;<\/p>\n<p><strong class=\"photoswipe-wrapper\"><span style=\"color: #ff0000;\"><a class=\"dt-pswp-item\" href=\"https:\/\/www.radiopiu.net\/wordpress\/wp-content\/uploads\/2024\/07\/b20b09a1-6c9e-48e2-9724-f0fc9792c310.jpg\" data-dt-img-description=\"\" data-large_image_width=\"1032\" data-large_image_height=\"1473\"><img loading=\"lazy\" decoding=\"async\" class=\"wp-image-398633 alignleft\" src=\"https:\/\/www.radiopiu.net\/wordpress\/wp-content\/uploads\/2024\/07\/b20b09a1-6c9e-48e2-9724-f0fc9792c310-210x300.jpg\" alt=\"\" width=\"142\" height=\"203\" srcset=\"https:\/\/www.radiopiu.net\/wordpress\/wp-content\/uploads\/2024\/07\/b20b09a1-6c9e-48e2-9724-f0fc9792c310-210x300.jpg 210w, https:\/\/www.radiopiu.net\/wordpress\/wp-content\/uploads\/2024\/07\/b20b09a1-6c9e-48e2-9724-f0fc9792c310-717x1024.jpg 717w, https:\/\/www.radiopiu.net\/wordpress\/wp-content\/uploads\/2024\/07\/b20b09a1-6c9e-48e2-9724-f0fc9792c310-768x1096.jpg 768w, https:\/\/www.radiopiu.net\/wordpress\/wp-content\/uploads\/2024\/07\/b20b09a1-6c9e-48e2-9724-f0fc9792c310.jpg 1032w\" sizes=\"auto, (max-width: 142px) 100vw, 142px\" \/><\/a>OGGI ALLA RADIO<\/span><\/strong>: <strong>ALLE 6.15 <\/strong>PIROLE DE LENGA, CON IL MUSLA\u00a0\u00a0<strong>ALLE 7.20<\/strong>\u00a0EL BAL DEL FIOR, DETTI E TRADIZIONI DI GIULIANA DA RONCH;\u00a0<strong>ALLE 8.20\u00a0<\/strong>PIU&#8217; SIAMO ESTATE DI MARINA DONA&#8217;\u00a0 <strong>9.00 premier le novit\u00e0 discografiche di Marco Gaz 9.15 OTTANTA DI MONICA FONTANIVE\u00a0 <\/strong>\u00a0<strong>9.30\u00a0<\/strong>VIABILITA\u2019 Botol_Car <strong>10.10\u00a0 MUSLA, LE NOVE IN LADIN CON GIORGIA TAIOA\u00ec<\/strong>\u00a0<span style=\"color: #0000ff;\"><strong><span style=\"color: #000000;\">10.30<\/span><\/strong><span style=\"color: #000000;\">\u00a0 LE MUSE E LE DOLOMITI, LA NUOVA STAGIONE CON ODA E ADELISA <\/span><span style=\"color: #000000;\">\u00a0<\/span><span style=\"color: #000000;\">\u00a0<\/span><\/span><strong>11.10 <\/strong>LA STORIA DEL FESTIVALBAR RACCONTATA DA MIRCO BENCIVENN<strong>I <\/strong>\u00a0\u00a0<strong>12.00\u00a0<\/strong>VA TUTTO LISCIO\u00a0<strong>12.30\u00a0<\/strong>GIORNALE RADIO EDIZIONE PRINCIPALE \u00a0\u00a0<strong>13.20<\/strong> TRE PEZZI ESTIVI DI MARINA DONA&#8217; <strong>14.00\u00a0<\/strong> GOLDEN CLASSIC, CON MARCO EDELVAIS\u00a0 <strong>15.00\u00a0<\/strong>\u00a0 WEEK END&#8230; MARINA C&#8217;E&#8217;\u00a0 <strong>1<\/strong><strong>6.00\u00a0<\/strong>IL ROCK DI MARCO COSTANTINI\u00a0<strong>16.45\u00a0<\/strong>LE HIT DI MIRCO BENCIVENNI\u00a0 <strong>19\u00a0<\/strong>ANTICIPAZIONI DAL TG DI ANTENNA 3<\/p>\n<blockquote><p><strong>rassegna stampa nazionale, ogni giorno alle 5 e alle 6 del mattino<\/strong><br \/>\n<em>giornali locali 7 rassegna stampa flash, 8 rassegna stampa, gr flash alle 10 e alle 11, principale 12.30. Informazione pomerIggio alle 15 (speciale) 16, 17, 18. Giornale radio nazionale: ogni ora dalle 5 del mattino, alle 20 della sera.\u00a0<\/em><\/p><\/blockquote>\n<div class=\"x11i5rnm xat24cr x1mh8g0r x1vvkbs xtlvy1s x126k92a\">\n<div dir=\"auto\">\n<p>&nbsp;<\/p>\n<p>&nbsp;<\/p>\n<hr \/>\n<p>&nbsp;<\/p>\n<p>&nbsp;<\/p>\n<div class=\"x11i5rnm xat24cr x1mh8g0r x1vvkbs xtlvy1s x126k92a\">\n<div dir=\"auto\">\n<p><strong><a class=\"dt-pswp-item\" href=\"https:\/\/www.radiopiu.net\/wordpress\/wp-content\/uploads\/2024\/02\/2d44e751-d8a8-461b-8e22-d8e4e853b032.jpg\" data-dt-img-description=\"\" data-large_image_width=\"1600\" data-large_image_height=\"1200\"><img loading=\"lazy\" decoding=\"async\" class=\"wp-image-373307 alignleft\" src=\"https:\/\/www.radiopiu.net\/wordpress\/wp-content\/uploads\/2024\/02\/2d44e751-d8a8-461b-8e22-d8e4e853b032-300x225.jpg\" alt=\"\" width=\"105\" height=\"79\" srcset=\"https:\/\/www.radiopiu.net\/wordpress\/wp-content\/uploads\/2024\/02\/2d44e751-d8a8-461b-8e22-d8e4e853b032-300x225.jpg 300w, https:\/\/www.radiopiu.net\/wordpress\/wp-content\/uploads\/2024\/02\/2d44e751-d8a8-461b-8e22-d8e4e853b032-1024x768.jpg 1024w, https:\/\/www.radiopiu.net\/wordpress\/wp-content\/uploads\/2024\/02\/2d44e751-d8a8-461b-8e22-d8e4e853b032-768x576.jpg 768w, https:\/\/www.radiopiu.net\/wordpress\/wp-content\/uploads\/2024\/02\/2d44e751-d8a8-461b-8e22-d8e4e853b032-1536x1152.jpg 1536w, https:\/\/www.radiopiu.net\/wordpress\/wp-content\/uploads\/2024\/02\/2d44e751-d8a8-461b-8e22-d8e4e853b032.jpg 1600w\" sizes=\"auto, (max-width: 105px) 100vw, 105px\" \/><\/a>EL BAL DEL FIOR, DI GIULIANA DA RONCH, 12 LUGLIO<\/strong><strong>\u00a02024<em>\u00a0<\/em><\/strong><\/p>\n<\/div>\n<\/div>\n<\/div>\n<audio class=\"wp-audio-shortcode\" id=\"audio-398898-1\" preload=\"none\" style=\"width: 100%;\" controls=\"controls\"><source type=\"audio\/mpeg\" src=\"https:\/\/www.radiopiu.net\/wordpress\/wp-content\/uploads\/2024\/07\/GVE-1.m4a?_=1\" \/><a href=\"https:\/\/www.radiopiu.net\/wordpress\/wp-content\/uploads\/2024\/07\/GVE-1.m4a\">https:\/\/www.radiopiu.net\/wordpress\/wp-content\/uploads\/2024\/07\/GVE-1.m4a<\/a><\/audio>\n<p>&nbsp;<\/p>\n<p>&nbsp;<\/p>\n<hr \/>\n<p>&nbsp;<\/p>\n<p>&nbsp;<\/p>\n<h1><span style=\"color: #ff0000;\"><a class=\"dt-pswp-item\" href=\"https:\/\/www.radiopiu.net\/wordpress\/wp-content\/uploads\/2024\/06\/th-5.jpg\" data-dt-img-description=\"\" data-large_image_width=\"326\" data-large_image_height=\"180\"><img loading=\"lazy\" decoding=\"async\" class=\"size-medium wp-image-395881 alignleft\" src=\"https:\/\/www.radiopiu.net\/wordpress\/wp-content\/uploads\/2024\/06\/th-5-300x166.jpg\" alt=\"\" width=\"300\" height=\"166\" srcset=\"https:\/\/www.radiopiu.net\/wordpress\/wp-content\/uploads\/2024\/06\/th-5-300x166.jpg 300w, https:\/\/www.radiopiu.net\/wordpress\/wp-content\/uploads\/2024\/06\/th-5.jpg 326w\" sizes=\"auto, (max-width: 300px) 100vw, 300px\" \/><\/a><\/span><\/h1>\n<h1><\/h1>\n<h1><\/h1>\n<h1><span style=\"color: #000000;\">12 luglio&#8230; alla radio l&#8217;almanacco\u00a0<\/span><\/h1>\n<p>&nbsp;<\/p>\n<audio class=\"wp-audio-shortcode\" id=\"audio-398898-2\" preload=\"none\" style=\"width: 100%;\" controls=\"controls\"><source type=\"audio\/mpeg\" src=\"https:\/\/www.radiopiu.net\/wordpress\/wp-content\/uploads\/2024\/07\/ALMANACCONEW-10.mp3?_=2\" \/><a href=\"https:\/\/www.radiopiu.net\/wordpress\/wp-content\/uploads\/2024\/07\/ALMANACCONEW-10.mp3\">https:\/\/www.radiopiu.net\/wordpress\/wp-content\/uploads\/2024\/07\/ALMANACCONEW-10.mp3<\/a><\/audio>\n<p>&nbsp;<\/p>\n<p>&nbsp;<\/p>\n<div dir=\"auto\">\n<hr \/>\n<\/div>\n<\/div>\n<blockquote>\n<blockquote>\n<h1><span style=\"color: #ff0000;\">\u00a0<\/span><\/h1>\n<h1><span style=\"color: #ff0000;\">I podcast informativi del mattino &#8211; audio &#8211;\u00a0\u00a0<\/span><\/h1>\n<\/blockquote>\n<p><strong><a class=\"dt-pswp-item\" href=\"https:\/\/www.radiopiu.net\/wordpress\/wp-content\/uploads\/2023\/11\/th-10.jpg\" data-dt-img-description=\"\" data-large_image_width=\"320\" data-large_image_height=\"180\"><img loading=\"lazy\" decoding=\"async\" class=\"wp-image-362866 alignleft\" src=\"https:\/\/www.radiopiu.net\/wordpress\/wp-content\/uploads\/2023\/11\/th-10-300x169.jpg\" alt=\"\" width=\"185\" height=\"104\" srcset=\"https:\/\/www.radiopiu.net\/wordpress\/wp-content\/uploads\/2023\/11\/th-10-300x169.jpg 300w, https:\/\/www.radiopiu.net\/wordpress\/wp-content\/uploads\/2023\/11\/th-10.jpg 320w\" sizes=\"auto, (max-width: 185px) 100vw, 185px\" \/><\/a>LA RASSEGNA STAMPA NAZIONALE ALLA RADIO, OGNI GIORNO ALLE 5 E ALLE 6 DEL MATTINO <span style=\"color: #0000ff;\">viene pubblicata alle 6.00 <span style=\"color: #ff0000;\">DIRETTA RADIO\u00a0 \u00a0\u00a0<\/span><\/span><\/strong><\/p><\/blockquote>\n<p>&nbsp;<\/p>\n<p><strong>NOTIZIE DELLA NOTTE\u00a0 \u00a0<\/strong><\/p>\n<p><strong>Aumento<\/strong> dell&#8217;1,8% per scambi commerciali Cina-Russia <strong>Amb.<\/strong> russo in Usa: Da vertice Nato via a preparazione guerra <strong>Macron,<\/strong> &#8216;Biden \u00e8 preciso sui dossier, li conosce bene&#8217; <strong>Biden<\/strong> presenta Zelensky come Putin, poi si corregge <strong>Rivolta in carcere<\/strong> Trieste, cinque portati via in ambulanza <strong>Stoltenberg,<\/strong> sull&#8217;Ucraina forte messaggio Nato a Mosca <strong>Cremlino,<\/strong> con missili Usa in Germania torna guerra fredda<\/p>\n<h2>AUDIO dalle 6 del mattino<\/h2>\n<audio class=\"wp-audio-shortcode\" id=\"audio-398898-3\" preload=\"none\" style=\"width: 100%;\" controls=\"controls\"><source type=\"audio\/mpeg\" src=\"https:\/\/www.radiopiu.net\/wordpress\/wp-content\/uploads\/2024\/07\/GIORNALEDELLESEI-9.mp3?_=3\" \/><a href=\"https:\/\/www.radiopiu.net\/wordpress\/wp-content\/uploads\/2024\/07\/GIORNALEDELLESEI-9.mp3\">https:\/\/www.radiopiu.net\/wordpress\/wp-content\/uploads\/2024\/07\/GIORNALEDELLESEI-9.mp3<\/a><\/audio>\n<p>&nbsp;<\/p>\n<p>&nbsp;<\/p>\n<hr \/>\n<p>&nbsp;<\/p>\n<h1 style=\"text-align: center;\"><span style=\"color: #ff0000;\">I podcast informativi del mattino &#8211; audio &#8211;\u00a0<\/span><\/h1>\n<p><strong><a class=\"dt-pswp-item\" href=\"https:\/\/www.radiopiu.net\/wordpress\/wp-content\/uploads\/2023\/12\/images.png\" data-dt-img-description=\"\" data-large_image_width=\"316\" data-large_image_height=\"160\"><img loading=\"lazy\" decoding=\"async\" class=\"wp-image-367008 alignleft\" src=\"https:\/\/www.radiopiu.net\/wordpress\/wp-content\/uploads\/2023\/12\/images-300x152.png\" alt=\"\" width=\"235\" height=\"119\" srcset=\"https:\/\/www.radiopiu.net\/wordpress\/wp-content\/uploads\/2023\/12\/images-300x152.png 300w, https:\/\/www.radiopiu.net\/wordpress\/wp-content\/uploads\/2023\/12\/images.png 316w\" sizes=\"auto, (max-width: 235px) 100vw, 235px\" \/><\/a>OGNI GIORNO ALLE SETTE DEL MATTINO, LA RASSEGNA STAMPA LOCALE FLASH&#8230; PER CHI VA IN FRETTA. I TITOLI DAI GIORNALI E DAL SITO WWW.RADIOPIU.NET <span style=\"color: #0000ff;\">viene pubblicato alle 7.00<\/span> <span style=\"color: #ff0000;\">DIRETTA RADIO\u00a0<\/span><\/strong><\/p>\n<p><em><span style=\"color: #ff0000;\">per chi va in fretta&#8230; tante notizie in pochi minuti. L&#8217;informazione locale alla radio, ogni ora dalle 7 del mattino alle 19 della sera.\u00a0 <\/span><\/em><\/p>\n<p>&nbsp;<\/p>\n<p>VENEZIA Il meteo regionale comunica che dalle ore centrali di oggi e fino alle prime ore di domani, \u00e8 prevista una fase di instabilit\u00e0 specie su zone montane e pedemontane dove saranno maggiormente probabili rovesci e temporali sparsi anche intensi (forti rovesci, locali grandinate, forti raffiche di vento). Non \u00e8 escluso qualche fenomeno anche in pianura. Sulla base di queste previsioni meteo, il Centro Funzionale Decentrato della Protezione Civile regionale ha emesso un bollettino che, dalle ore 10 di oggi alle ore 8 di domani, dichiara lo stato di \u201cAttenzione\u201d (Giallo) per criticit\u00e0 idrogeologica.<br \/>\nVAL DI ZOLDO una signora di Mira (VE) che, partecipando assieme ai figli a un\u2019uscita micologia, messo male un piede aveva riportato una distorsione. La donna, che si trovava un centinaio di metri all\u2019interno di un bosco nella zona di Palafavera, \u00e8 stata raggiunta da una squadra, caricata in barella, trasportata alla strada e affidata all\u2019ambulanza.<br \/>\nAURONZO DI CADORE Sulla Croda del Banco una 26enne inglese si era trovata in difficolt\u00e0 e, intimorita, non era pi\u00f9 stata capace di spostarsi. Individuata dalle coordinate Gps, dalla ragazza si \u00e8 portato il tecnico di elisoccorso. L\u2019escursionista, illesa, \u00e8 stata lasciata al Passo Tre Croci dove aveva la macchina.<br \/>\nSOSPIROLO Un ragazzo si \u00e8 tuffato nella forra del torrente Cordevole nella zona \u201cbalneare\u201d di Ponte Mas tra Sospirolo e Sedico, riportando un infortunio al polso trattato all\u2019ospedale San Martino di Belluno. La tradizione estiva di tuffarsi dal ponte, popolare tra i giovani, si \u00e8 trasformata in un incidente, ma fortunatamente senza gravi conseguenze.<br \/>\nCANALE D&#8217;AGORDO . Domani, alle ore 17.00, verr\u00e0 inaugurato il percorso culturale naturalistico \u201cIl Ritorno del Poeta\u201d lungo la strada pedonale Canale d\u2019Agordo-Carfon, con poesie di Valerio Da Pos in bacheche. Questo percorso onora il poeta e ricorda gli emigranti che fino agli anni \u201970 tornavano a piedi al paese.<\/p>\n<h1>AUDIO dalle 7 del mattino<\/h1>\n<audio class=\"wp-audio-shortcode\" id=\"audio-398898-4\" preload=\"none\" style=\"width: 100%;\" controls=\"controls\"><source type=\"audio\/mpeg\" src=\"https:\/\/www.radiopiu.net\/wordpress\/wp-content\/uploads\/2024\/07\/GF07-9.mp3?_=4\" \/><a href=\"https:\/\/www.radiopiu.net\/wordpress\/wp-content\/uploads\/2024\/07\/GF07-9.mp3\">https:\/\/www.radiopiu.net\/wordpress\/wp-content\/uploads\/2024\/07\/GF07-9.mp3<\/a><\/audio>\n<p>&nbsp;<\/p>\n<p>&nbsp;<\/p>\n<hr \/>\n<p>&nbsp;<\/p>\n<h1><\/h1>\n<h1 style=\"text-align: center;\"><span style=\"color: #ff0000;\"><a class=\"dt-pswp-item\" href=\"https:\/\/www.radiopiu.net\/wordpress\/wp-content\/uploads\/2022\/01\/026c3f9d-dae9-4040-a3c1-a6530231bcc3.jpg\" data-dt-img-description=\"\" data-large_image_width=\"1152\" data-large_image_height=\"2048\"><img loading=\"lazy\" decoding=\"async\" class=\"wp-image-251839 alignleft\" src=\"https:\/\/www.radiopiu.net\/wordpress\/wp-content\/uploads\/2022\/01\/026c3f9d-dae9-4040-a3c1-a6530231bcc3-169x300.jpg\" alt=\"\" width=\"100\" height=\"177\" srcset=\"https:\/\/www.radiopiu.net\/wordpress\/wp-content\/uploads\/2022\/01\/026c3f9d-dae9-4040-a3c1-a6530231bcc3-169x300.jpg 169w, https:\/\/www.radiopiu.net\/wordpress\/wp-content\/uploads\/2022\/01\/026c3f9d-dae9-4040-a3c1-a6530231bcc3-576x1024.jpg 576w, https:\/\/www.radiopiu.net\/wordpress\/wp-content\/uploads\/2022\/01\/026c3f9d-dae9-4040-a3c1-a6530231bcc3-768x1365.jpg 768w, https:\/\/www.radiopiu.net\/wordpress\/wp-content\/uploads\/2022\/01\/026c3f9d-dae9-4040-a3c1-a6530231bcc3-864x1536.jpg 864w, https:\/\/www.radiopiu.net\/wordpress\/wp-content\/uploads\/2022\/01\/026c3f9d-dae9-4040-a3c1-a6530231bcc3.jpg 1152w\" sizes=\"auto, (max-width: 100px) 100vw, 100px\" \/><\/a>I podcast informativi del mattino &#8211; audio &#8211;\u00a0<\/span><\/h1>\n<blockquote><p><strong>GIORNALE RADIO NAZIONALE, EDIZIONE DELLE SETTE <span style=\"color: #0000ff;\">viene pubblicato alle 7.05 <span style=\"color: #ff0000;\">DIRETTA RADIO\u00a0<\/span><\/span><\/strong><\/p><\/blockquote>\n<p><strong>il giornale radionazionale e&#8217; in onda ogni ora, dalle sette del mattino alle venti della sera\u00a0 \u00a0<\/strong><strong>\u00a0<\/strong><\/p>\n<p>&nbsp;<\/p>\n<p><strong>PALERMO<\/strong> Condannata a 14 anni la sorella di Messina Denaro <strong>TREVISO<\/strong> Alex Marangon, le ferite incompatibili con una caduta: \u00e8 omicidio <strong>MODENA<\/strong> Suicidio dopo un&#8217;estorsione sessuale, arrestato un 40enne <strong>VERONA<\/strong> Giacomo Bozzoli fermato dai carabinieri a Soiano del Garda, Era latitante da 10 giorni, dopo la condanna in via definitiva all&#8217;ergastolo per l&#8217;omicidio dello zio <strong>PALERMO<\/strong> Nuova esplosione sullo Stromboli, nube sull&#8217;isola<\/p>\n<h2>AUDIO dalle sette del mattino, ogni ora alla radio<\/h2>\n<audio class=\"wp-audio-shortcode\" id=\"audio-398898-5\" preload=\"none\" style=\"width: 100%;\" controls=\"controls\"><source type=\"audio\/mpeg\" src=\"https:\/\/www.radiopiu.net\/wordpress\/wp-content\/uploads\/2024\/07\/giornale07-11.mp3?_=5\" \/><a href=\"https:\/\/www.radiopiu.net\/wordpress\/wp-content\/uploads\/2024\/07\/giornale07-11.mp3\">https:\/\/www.radiopiu.net\/wordpress\/wp-content\/uploads\/2024\/07\/giornale07-11.mp3<\/a><\/audio>\n<p>&nbsp;<\/p>\n<p>&nbsp;<\/p>\n<hr \/>\n<p>&nbsp;<\/p>\n<p>&nbsp;<\/p>\n<h1><span style=\"color: #ff0000;\">I podcast informativi del mattino &#8211; video &#8211;\u00a0<\/span><\/h1>\n<h2><strong><a class=\"dt-pswp-item\" href=\"https:\/\/www.radiopiu.net\/wordpress\/wp-content\/uploads\/2023\/12\/th-10.jpg\" data-dt-img-description=\"\" data-large_image_width=\"245\" data-large_image_height=\"180\"><img loading=\"lazy\" decoding=\"async\" class=\" wp-image-367395 alignleft\" src=\"https:\/\/www.radiopiu.net\/wordpress\/wp-content\/uploads\/2023\/12\/th-10.jpg\" alt=\"\" width=\"166\" height=\"122\" \/><\/a>RASSEGNA STAMPA LOCALE, ORE OTTO 05<\/strong><\/h2>\n<h2><strong> <span style=\"color: #0000ff;\">viene\u00a0 <\/span><\/strong><strong><span style=\"color: #0000ff;\">pubblicata alle 8.05 <span style=\"color: #ff0000;\">DIRETTA RADIO\u00a0\u00a0<\/span><\/span><\/strong><\/h2>\n<p><strong>DI MIRKO MEZZACASA\u00a0 \u00a0<\/strong><button class=\"rounded-lg text-token-text-secondary hover:bg-token-main-surface-secondary\"><\/button><\/p>\n<p><strong>OGGI SUL Corriere delle Alpi E NOTIZIARI DI Radio Pi\u00f9<\/strong><\/p>\n<p>LA VALLE Nel pomeriggio di ieri i vigili del fuoco sono intervenuti con l\u2019elicottero Drago 149 nei pressi di malga Calleda per spostare una mucca bisognosa di cure veterinarie. La richiesta ai vigili del fuoco da parte del medico veterinario che per curare l\u2019animale aveva necessit\u00e0 di spostarlo in un luogo pi\u00f9 idoneo. La mucca dopo essere stata imbragata \u00e8 stata issata con il gancio baricentrico dell\u2019elicottero e trasportata nell\u2019adiacenza della malga. Le operazioni di soccorso dei vigili del fuoco sono terminate poco prima delle 20:00.<br \/>\nARSIE&#8217;\u00a0 Gioved\u00ec 18 luglio, tra le 12 e le 13, verr\u00e0 testato il sistema IT-Alert con un allarme simulato per il collasso della diga della Stua. L&#8217;iniziativa, coordinata dalla Regione Veneto e dalla Protezione Civile, coinvolge tre Comuni del Feltrino e dieci del Trevigiano. I telefoni cellulari nelle aree interessate riceveranno un messaggio di allerta<br \/>\nREDAZIONE Gino Comelli, icona del Soccorso Alpino e fondatore dell&#8217;Aiut Alpin Dolomites, si \u00e8 spento a 70 anni. Originario del Friuli, ma fassano di adozione, aveva portato a termine 2.500 interventi di soccorso. Lascia la moglie e due figli.<br \/>\nFELTRE Mauro De Menech, dirigente feltrino e appassionato di calcio, si \u00e8 spento a pochi giorni dal suo 72\u00b0 compleanno. Ricoverato a Feltre, ha dedicato la vita al calcio locale, sostenendo fusioni di club e seguendo la Dolomiti Bellunesi fino all&#8217;ultimo. Lascia un vuoto profondo nel cuore della comunit\u00e0 sportiva.<br \/>\nBELLUNO Continuano a far discutere nel capoluogo le dimissioni del Presidente della Fondazione Teatri, Massimo Ferigutti: in attesa dell&#8217;incontro annunciato dal sindaco di Belluno Oscar De Pellegrin, dall&#8217;opposizione si chiedono chiarezza e scelte decise.<br \/>\nLA VALLE Oggi, alle 20:45, nella chiesa parrocchiale di La Valle Agordina si terr\u00e0 il concerto &#8220;Rester\u00e0 la luce&#8221;. Il Coro Agordo, diretto da Anna Devich, e il Coro parrocchiale di La Valle, diretto da Milena Da Roit, eseguiranno il concerto in ricordo di Manuela De Col, corista scomparsa prematuramente a 50 anni.<\/p>\n<h2><span style=\"color: #ff0000;\"><strong>VIDEO\u00a0 \u00a0in diretta dalle 8 del mattino<\/strong><\/span><\/h2>\n<p><a class=\"dt-pswp-item\" href=\"https:\/\/www.radiopiu.net\/wordpress\/wp-content\/uploads\/2024\/07\/Senza-nome-43.png\" data-dt-img-description=\"\" data-large_image_width=\"474\" data-large_image_height=\"281\"><img loading=\"lazy\" decoding=\"async\" class=\"size-medium wp-image-399077 aligncenter\" src=\"https:\/\/www.radiopiu.net\/wordpress\/wp-content\/uploads\/2024\/07\/Senza-nome-43-300x178.png\" alt=\"\" width=\"300\" height=\"178\" srcset=\"https:\/\/www.radiopiu.net\/wordpress\/wp-content\/uploads\/2024\/07\/Senza-nome-43-300x178.png 300w, https:\/\/www.radiopiu.net\/wordpress\/wp-content\/uploads\/2024\/07\/Senza-nome-43.png 474w\" sizes=\"auto, (max-width: 300px) 100vw, 300px\" \/><\/a><\/p>\n<hr \/>\n<p>&nbsp;<\/p>\n<p>&nbsp;<\/p>\n<p><strong><a class=\"dt-pswp-item\" href=\"https:\/\/www.radiopiu.net\/wordpress\/wp-content\/uploads\/2023\/12\/ANTENNA.png\" data-dt-img-description=\"\" data-large_image_width=\"300\" data-large_image_height=\"166\"><img loading=\"lazy\" decoding=\"async\" class=\" wp-image-366306 alignleft\" src=\"https:\/\/www.radiopiu.net\/wordpress\/wp-content\/uploads\/2023\/12\/ANTENNA.png\" alt=\"\" width=\"175\" height=\"97\" \/><\/a>IERI SERA, DAL TG DI ANTENNA 3, ogni sera alle 19 le anticipazioni alla radio, quello che poi seguirete nel TELEGIORNALE BELLUNESE\u00a0 in onda alle 19.30 sul CANALE 10 del digitale terrestre.\u00a0\u00a0<\/strong><\/p>\n<p>&nbsp;<\/p>\n<p><span style=\"color: #ff0000;\"><strong>\u00a0IERI SERA ALLA RADIO&#8230; LE ANTICIPAZIONI DI\u00a0 tiziana bolognani<\/strong><\/span><\/p>\n<audio class=\"wp-audio-shortcode\" id=\"audio-398898-6\" preload=\"none\" style=\"width: 100%;\" controls=\"controls\"><source type=\"audio\/mpeg\" src=\"https:\/\/www.radiopiu.net\/wordpress\/wp-content\/uploads\/2024\/07\/ANTENNA3-8.mp3?_=6\" \/><a href=\"https:\/\/www.radiopiu.net\/wordpress\/wp-content\/uploads\/2024\/07\/ANTENNA3-8.mp3\">https:\/\/www.radiopiu.net\/wordpress\/wp-content\/uploads\/2024\/07\/ANTENNA3-8.mp3<\/a><\/audio>\n<p><span style=\"color: #ff0000;\"><strong>\u00a0<\/strong><\/span><\/p>\n<p>&nbsp;<\/p>\n<hr \/>\n<p><strong>\u00a0 \u00a0\u00a0<\/strong><\/p>\n<hr \/>\n<p>&nbsp;<\/p>\n<blockquote>\n<h3>IN TRE COMUNI ACQUA INQUINATA. TORNA POTABILE A ROCCA PIETORE<\/h3>\n<\/blockquote>\n<p>&nbsp;<\/p>\n<p><strong><a class=\"dt-pswp-item\" href=\"https:\/\/www.radiopiu.net\/wordpress\/wp-content\/uploads\/2024\/07\/POLLICE.png\" data-dt-img-description=\"\" data-large_image_width=\"579\" data-large_image_height=\"640\"><img loading=\"lazy\" decoding=\"async\" class=\"wp-image-398917 alignleft\" src=\"https:\/\/www.radiopiu.net\/wordpress\/wp-content\/uploads\/2024\/07\/POLLICE-271x300.png\" alt=\"\" width=\"81\" height=\"89\" srcset=\"https:\/\/www.radiopiu.net\/wordpress\/wp-content\/uploads\/2024\/07\/POLLICE-271x300.png 271w, https:\/\/www.radiopiu.net\/wordpress\/wp-content\/uploads\/2024\/07\/POLLICE.png 579w\" sizes=\"auto, (max-width: 81px) 100vw, 81px\" \/><\/a>LIVINALLONGO<\/strong> In localit\u00e0 COLLAZ l&#8217;acqua erogata dall&#8217;acquedotto non \u00e8 potabile e pu\u00f2 essere usata per scopi alimentari SOLO PREVIA bollitura. Torna potabile l&#8217;acqua in frazione CASTELLO. <span style=\"color: #ff0000;\">\u00a0<\/span><\/p>\n<p><strong>GOSALDO<\/strong> in localit\u00e0 VALLASIN l&#8217;acqua erogata dall&#8217;acquedotto non \u00e8 potabile e pu\u00f2 essere usata per scopi alimentari SOLO PREVIA bollitura.<\/p>\n<p><strong>AGORDO<\/strong> nelle localit\u00e0 PIASENT, COLVIGNAS, CAMPON e LE FOCHE l&#8217;acqua erogata dall&#8217;acquedotto non \u00e8 potabile e non <a href=\"https:\/\/www.radiopiu.net\/wordpress\/wp-content\/uploads\/2024\/07\/POLLICE.webp\"><img loading=\"lazy\" decoding=\"async\" class=\"wp-image-398918 alignleft\" src=\"https:\/\/www.radiopiu.net\/wordpress\/wp-content\/uploads\/2024\/07\/POLLICE-271x300.webp\" alt=\"\" width=\"98\" height=\"108\" srcset=\"https:\/\/www.radiopiu.net\/wordpress\/wp-content\/uploads\/2024\/07\/POLLICE-271x300.webp 271w, https:\/\/www.radiopiu.net\/wordpress\/wp-content\/uploads\/2024\/07\/POLLICE.webp 579w\" sizes=\"auto, (max-width: 98px) 100vw, 98px\" \/><\/a>pu\u00f2 essere usata per scopi alimentari, se non previa bollitura. Verr\u00e0 effettuato servizio sostitutivo con cisterna in localit\u00e0 Piasent.<\/p>\n<p><strong>ROCCA PIETORE<\/strong> Gestione Servizi Pubblici informa che a ROCCA PIETORE in localit\u00e0 DIGONERA l&#8217;acqua erogata dall&#8217;acquedotto \u00e8 di nuovo potabile e pu\u00f2 essere usata, quindi, per scopi alimentari.<strong>\u00a0<\/strong><\/p>\n<p>&nbsp;<\/p>\n<p>&nbsp;<\/p>\n<hr \/>\n<blockquote>\n<h3><\/h3>\n<h3><a class=\"dt-pswp-item\" href=\"https:\/\/www.radiopiu.net\/wordpress\/wp-content\/uploads\/2024\/07\/Senza-nome-47.png\" data-dt-img-description=\"\" data-large_image_width=\"140\" data-large_image_height=\"88\"><img loading=\"lazy\" decoding=\"async\" class=\"size-full wp-image-399089 alignleft\" src=\"https:\/\/www.radiopiu.net\/wordpress\/wp-content\/uploads\/2024\/07\/Senza-nome-47.png\" alt=\"\" width=\"140\" height=\"88\" \/><\/a>GIOVEDI&#8217; 18 LUGLIO SCIOPERO DEI TRASPORTI<\/h3>\n<\/blockquote>\n<p><strong>BELLUNO <\/strong>Dolomiti Bus S.p.A. comunica che, a causa dello sciopero nazionale indetto dalle OO.SS. FILT-CGIL, FIT-CISL, UILTRASPORTI, FAISA-CISAL e UGL-FNA per gioved\u00ec 18 luglio 2024, non saranno garantite le corse in partenza dalle ore 12:00 alle 15:59. Le corse iniziate prima dell&#8217;orario di sciopero proseguiranno fino al capolinea.<\/p>\n<p>&nbsp;<\/p>\n<p>&nbsp;<\/p>\n<hr \/>\n<p>&nbsp;<\/p>\n<blockquote>\n<h3>METEO. DA OGGI DICHIARATO LO STATO DI ATTENZIONE PER CRITICITA&#8217; IDROGEOLOGICA PER TEMPORALI NELLE AREE MONTANE E PEDEMONTANE<\/h3>\n<\/blockquote>\n<p><strong>VENEZIA <\/strong>Il meteo regionale comunica che dalle ore centrali di oggi e fino alle prime ore di domani, \u00e8 prevista una fase di instabilit\u00e0 specie su zone montane e pedemontane dove saranno maggiormente probabili rovesci e temporali sparsi anche intensi (forti rovesci, locali grandinate, forti raffiche di vento). Non \u00e8 escluso qualche fenomeno anche in pianura. Sulla base di queste previsioni meteo, il Centro Funzionale Decentrato della Protezione Civile regionale ha emesso un bollettino che, dalle ore 10 di oggi alle ore 8 di domani, dichiara lo stato di \u201cAttenzione\u201d (Giallo) per criticit\u00e0 idrogeologica.<\/p>\n<p><a class=\"dt-pswp-item\" href=\"https:\/\/www.radiopiu.net\/wordpress\/wp-content\/uploads\/2024\/07\/RUFDSAOVG.png\" data-dt-img-description=\"\" data-large_image_width=\"944\" data-large_image_height=\"270\"><img loading=\"lazy\" decoding=\"async\" class=\"alignnone wp-image-398987 size-full\" src=\"https:\/\/www.radiopiu.net\/wordpress\/wp-content\/uploads\/2024\/07\/RUFDSAOVG.png\" alt=\"\" width=\"944\" height=\"270\" srcset=\"https:\/\/www.radiopiu.net\/wordpress\/wp-content\/uploads\/2024\/07\/RUFDSAOVG.png 944w, https:\/\/www.radiopiu.net\/wordpress\/wp-content\/uploads\/2024\/07\/RUFDSAOVG-300x86.png 300w, https:\/\/www.radiopiu.net\/wordpress\/wp-content\/uploads\/2024\/07\/RUFDSAOVG-768x220.png 768w, https:\/\/www.radiopiu.net\/wordpress\/wp-content\/uploads\/2024\/07\/RUFDSAOVG-350x100.png 350w\" sizes=\"auto, (max-width: 944px) 100vw, 944px\" \/><\/a><\/p>\n<p>&nbsp;<\/p>\n<hr \/>\n<p>&nbsp;<\/p>\n<blockquote>\n<h3 class=\"entry-title\">LA VALLE: GRAVE INCIDENTE STRADALE SULLA PROVINCIALE DEL DURAN. DUE MOTOCICLISTI COINVOLTI<\/h3>\n<\/blockquote>\n<p><strong>LA VALLE\u00a0 <\/strong>Poco prima delle 12 di ieri, un grave incidente stradale si \u00e8 verificato lungo la provinciale del Duran (SP347), poco oltre l&#8217;abitato di Crostolin di Agordo, al Ponte Valine in localit\u00e0 Lantrago. Due motociclisti sono entrati in collisione all&#8217;altezza\u00a0 del bivio per la frazione interna di La Valle, non una curva, piuttosto un rettilineo che invita ad aumentare la velocit\u00e0.\u00a0 Una delle moto \u00e8 finita\u00a0 sul&#8217;asfalto sul lato destro della carreggiata, l&#8217;altra sul lato opposto . I primi soccorritori giunti sul posto si sono trovati difronte\u00a0 una scena raccapricciante, soprattutto per il motociclista austriaco, viennese di 67 anni,\u00a0 che era incosciente e sanguinante. L&#8217;elicottero del Suem \u00e8 intervenuto immediatamente, l&#8217;uomo in condizioni pi\u00f9 gravi \u00e8 stato elitrasportato al Ca Foncello di Treviso i condizioni gravissime,\u00a0 mentre il secondo motociclista, un 58enne di Salgareda (TV) \u00e8 stato preso in carico dall&#8217;ospedale di Agordo grazie all&#8217;intervento dell&#8217;ambulanza del Pronto Soccorso del Papa Luciani. L&#8217;incidente \u00e8 avvenuto in una zona con buona visibilit\u00e0, rendendo lo scontro frontale ancora pi\u00f9 sorprendente. Sul luogo dell&#8217;incidente sono arrivati i Carabinieri di Cencenighe e Falcade per i rilievi. La strada \u00e8 rimasta chiusa per oltre un&#8217;ora e mezza, per consentire le operazioni di soccorso e i rilievi, e successivamente \u00e8 stata rimessa in sicurezza dai vigili del fuoco di Agordo. L&#8217;agente di Polizia Locale ha deviato il traffico in discesa da Passo Duran verso le frazioni interne, ma si \u00e8 formata una lunga coda tra Agordo e il Ponte Valine.<\/p>\n\n\t\t\t<style type='text\/css'>\n\t\t\t\t#gallery-1 {\n\t\t\t\t\tmargin: auto;\n\t\t\t\t}\n\t\t\t\t#gallery-1 .gallery-item {\n\t\t\t\t\tfloat: left;\n\t\t\t\t\tmargin-top: 10px;\n\t\t\t\t\ttext-align: center;\n\t\t\t\t\twidth: 33%;\n\t\t\t\t}\n\t\t\t\t#gallery-1 img {\n\t\t\t\t\tborder: 2px solid #cfcfcf;\n\t\t\t\t}\n\t\t\t\t#gallery-1 .gallery-caption {\n\t\t\t\t\tmargin-left: 0;\n\t\t\t\t}\n\t\t\t\t\/* see gallery_shortcode() in wp-includes\/media.php *\/\n\t\t\t<\/style>\n\t\t<div id='gallery-1' class='dt-gallery-container gallery galleryid-398898 gallery-columns-3 gallery-size-thumbnail'><dl class='gallery-item'>\n\t\t\t\t<dt class='gallery-icon landscape'>\n\t\t\t\t\t<a class=\"rollover rollover-zoom dt-pswp-item\" title=\"WhatsApp Image 2024-07-11 at 13.16.07\" data-dt-img-description=\"\" data-large_image_width=\"1600\" data-large_image_height=\"1200\"href='https:\/\/www.radiopiu.net\/wordpress\/wp-content\/uploads\/2024\/07\/WhatsApp-Image-2024-07-11-at-13.16.07.jpeg'><img loading=\"lazy\" decoding=\"async\" width=\"150\" height=\"150\" src=\"https:\/\/www.radiopiu.net\/wordpress\/wp-content\/uploads\/2024\/07\/WhatsApp-Image-2024-07-11-at-13.16.07-150x150.jpeg\" class=\"attachment-thumbnail size-thumbnail\" alt=\"\" \/><\/a>\n\t\t\t\t<\/dt><\/dl><dl class='gallery-item'>\n\t\t\t\t<dt class='gallery-icon landscape'>\n\t\t\t\t\t<a class=\"rollover rollover-zoom dt-pswp-item\" title=\"WhatsApp Image 2024-07-11 at 13.17.19\" data-dt-img-description=\"\" data-large_image_width=\"1600\" data-large_image_height=\"1200\"href='https:\/\/www.radiopiu.net\/wordpress\/wp-content\/uploads\/2024\/07\/WhatsApp-Image-2024-07-11-at-13.17.19.jpeg'><img loading=\"lazy\" decoding=\"async\" width=\"150\" height=\"150\" src=\"https:\/\/www.radiopiu.net\/wordpress\/wp-content\/uploads\/2024\/07\/WhatsApp-Image-2024-07-11-at-13.17.19-150x150.jpeg\" class=\"attachment-thumbnail size-thumbnail\" alt=\"\" \/><\/a>\n\t\t\t\t<\/dt><\/dl><dl class='gallery-item'>\n\t\t\t\t<dt class='gallery-icon landscape'>\n\t\t\t\t\t<a class=\"rollover rollover-zoom dt-pswp-item\" title=\"WhatsApp Image 2024-07-11 at 13.16.39\" data-dt-img-description=\"\" data-large_image_width=\"1600\" data-large_image_height=\"1200\"href='https:\/\/www.radiopiu.net\/wordpress\/wp-content\/uploads\/2024\/07\/WhatsApp-Image-2024-07-11-at-13.16.39.jpeg'><img loading=\"lazy\" decoding=\"async\" width=\"150\" height=\"150\" src=\"https:\/\/www.radiopiu.net\/wordpress\/wp-content\/uploads\/2024\/07\/WhatsApp-Image-2024-07-11-at-13.16.39-150x150.jpeg\" class=\"attachment-thumbnail size-thumbnail\" alt=\"\" \/><\/a>\n\t\t\t\t<\/dt><\/dl><br style=\"clear: both\" \/><dl class='gallery-item'>\n\t\t\t\t<dt class='gallery-icon landscape'>\n\t\t\t\t\t<a class=\"rollover rollover-zoom dt-pswp-item\" title=\"WhatsApp Image 2024-07-11 at 13.16.15\" data-dt-img-description=\"\" data-large_image_width=\"1600\" data-large_image_height=\"1200\"href='https:\/\/www.radiopiu.net\/wordpress\/wp-content\/uploads\/2024\/07\/WhatsApp-Image-2024-07-11-at-13.16.15.jpg'><img loading=\"lazy\" decoding=\"async\" width=\"150\" height=\"150\" src=\"https:\/\/www.radiopiu.net\/wordpress\/wp-content\/uploads\/2024\/07\/WhatsApp-Image-2024-07-11-at-13.16.15-150x150.jpg\" class=\"attachment-thumbnail size-thumbnail\" alt=\"\" \/><\/a>\n\t\t\t\t<\/dt><\/dl><dl class='gallery-item'>\n\t\t\t\t<dt class='gallery-icon landscape'>\n\t\t\t\t\t<a class=\"rollover rollover-zoom dt-pswp-item\" title=\"WhatsApp Image 2024-07-11 at 13.16.47\" data-dt-img-description=\"\" data-large_image_width=\"1600\" data-large_image_height=\"1200\"href='https:\/\/www.radiopiu.net\/wordpress\/wp-content\/uploads\/2024\/07\/WhatsApp-Image-2024-07-11-at-13.16.47.jpeg'><img loading=\"lazy\" decoding=\"async\" width=\"150\" height=\"150\" src=\"https:\/\/www.radiopiu.net\/wordpress\/wp-content\/uploads\/2024\/07\/WhatsApp-Image-2024-07-11-at-13.16.47-150x150.jpeg\" class=\"attachment-thumbnail size-thumbnail\" alt=\"\" \/><\/a>\n\t\t\t\t<\/dt><\/dl><dl class='gallery-item'>\n\t\t\t\t<dt class='gallery-icon landscape'>\n\t\t\t\t\t<a class=\"rollover rollover-zoom dt-pswp-item\" title=\"WhatsApp Image 2024-07-11 at 13.17.07\" data-dt-img-description=\"\" data-large_image_width=\"1600\" data-large_image_height=\"1200\"href='https:\/\/www.radiopiu.net\/wordpress\/wp-content\/uploads\/2024\/07\/WhatsApp-Image-2024-07-11-at-13.17.07.jpeg'><img loading=\"lazy\" decoding=\"async\" width=\"150\" height=\"150\" src=\"https:\/\/www.radiopiu.net\/wordpress\/wp-content\/uploads\/2024\/07\/WhatsApp-Image-2024-07-11-at-13.17.07-150x150.jpeg\" class=\"attachment-thumbnail size-thumbnail\" alt=\"\" \/><\/a>\n\t\t\t\t<\/dt><\/dl><br style=\"clear: both\" \/>\n\t\t\t<\/div>\n\n<p>&nbsp;<\/p>\n<hr \/>\n<p><span style=\"color: #ff0000;\"><strong>ELITAXI&#8230;<\/strong><\/span><\/p>\n<blockquote>\n<h3>ANCHE IERI, COME MERCOLEDI UNA CAVIGLIA SLOGATA E UN&#8217;ESCURSIONISTA &#8220;PERSA&#8221; TRA I SENTIERI<\/h3>\n<\/blockquote>\n<p><strong><a class=\"dt-pswp-item\" href=\"https:\/\/www.radiopiu.net\/wordpress\/wp-content\/uploads\/2022\/08\/salt_20220825_171725_606.jpg\" data-dt-img-description=\"\" data-large_image_width=\"2364\" data-large_image_height=\"1773\"><img loading=\"lazy\" decoding=\"async\" class=\" wp-image-294603 alignleft\" src=\"https:\/\/www.radiopiu.net\/wordpress\/wp-content\/uploads\/2022\/08\/salt_20220825_171725_606-300x225.jpg\" alt=\"\" width=\"157\" height=\"118\" srcset=\"https:\/\/www.radiopiu.net\/wordpress\/wp-content\/uploads\/2022\/08\/salt_20220825_171725_606-300x225.jpg 300w, https:\/\/www.radiopiu.net\/wordpress\/wp-content\/uploads\/2022\/08\/salt_20220825_171725_606-1024x768.jpg 1024w, https:\/\/www.radiopiu.net\/wordpress\/wp-content\/uploads\/2022\/08\/salt_20220825_171725_606-768x576.jpg 768w, https:\/\/www.radiopiu.net\/wordpress\/wp-content\/uploads\/2022\/08\/salt_20220825_171725_606-1536x1152.jpg 1536w, https:\/\/www.radiopiu.net\/wordpress\/wp-content\/uploads\/2022\/08\/salt_20220825_171725_606-2048x1536.jpg 2048w\" sizes=\"auto, (max-width: 157px) 100vw, 157px\" \/><\/a>VAL DI ZOLDO<\/strong>\u00a0 una signora di Mira (VE) che, partecipando assieme ai figli a un&#8217;uscita micologia, messo male un piede aveva riportato una distorsione. La donna, che si trovava un centinaio di metri all&#8217;interno di un bosco nella zona di Palafavera, \u00e8 stata raggiunta da una squadra, caricata in barella, trasportata alla strada e affidata all&#8217;ambulanza.<\/p>\n<p><strong>AURONZO DI CADORE\u00a0 <\/strong>Sulla Croda del Banco una 26enne inglese si era trovata in difficolt\u00e0 e, intimorita, non era pi\u00f9 stata capace di spostarsi. Individuata dalle coordinate Gps, dalla ragazza si \u00e8 portato il tecnico di elisoccorso. L&#8217;escursionista, illesa, \u00e8 stata lasciata al Passo Tre Croci dove aveva la macchina.<\/p>\n<p>&nbsp;<\/p>\n<hr \/>\n<p>&nbsp;<\/p>\n<blockquote>\n<h3><a class=\"dt-pswp-item\" href=\"https:\/\/www.radiopiu.net\/wordpress\/wp-content\/uploads\/2024\/07\/Senza-nome-45.png\" data-dt-img-description=\"\" data-large_image_width=\"129\" data-large_image_height=\"112\"><img loading=\"lazy\" decoding=\"async\" class=\"size-full wp-image-399080 alignleft\" src=\"https:\/\/www.radiopiu.net\/wordpress\/wp-content\/uploads\/2024\/07\/Senza-nome-45.png\" alt=\"\" width=\"129\" height=\"112\" \/><\/a>Tuffo pericoloso nel Cordevole<\/h3>\n<\/blockquote>\n<p><strong>SOSPIROLO<\/strong> Un ragazzo si \u00e8 tuffato nella forra del torrente Cordevole nella zona &#8220;balneare&#8221; di Ponte Mas tra Sospirolo e Sedico, riportando un infortunio al polso trattato all&#8217;ospedale San Martino di Belluno. La tradizione estiva di tuffarsi dal ponte, popolare tra i giovani, si \u00e8 trasformata in un incidente, ma fortunatamente senza gravi conseguenze.<button class=\"rounded-lg text-token-text-secondary hover:bg-token-main-surface-secondary\"><\/button><\/p>\n<p>&nbsp;<\/p>\n<div class=\"mt-1 flex gap-3 empty:hidden juice:-ml-3\">\n<div class=\"items-center justify-start rounded-xl p-1 flex\">\n<div class=\"flex items-center\">\n<div class=\"flex\"><\/div>\n<\/div>\n<\/div>\n<\/div>\n<p>&nbsp;<\/p>\n<hr \/>\n<p>&nbsp;<\/p>\n<blockquote>\n<h3>LA VALLE AGORDINA, MUCCA BISOGNOSA DI CURE<\/h3>\n<\/blockquote>\n<p><strong>LA VALLE\u00a0<\/strong> Gioved\u00ec pomeriggio, 11 luglio, i vigili del fuoco sono intervenuti con l\u2019elicottero Drago 149 nei pressi di malga Calleda nel comune di La Valle Agordina per spostare una mucca bisognosa di cure veterinarie. La richiesta ai vigili del fuoco da parte del medico veterinario che per curare l\u2019animale aveva necessit\u00e0 di spostarlo in un luogo pi\u00f9 idoneo. La mucca dopo essere stata imbragata \u00e8 stata issata con il gancio baricentrico dell\u2019elicottero e trasportata nell\u2019adiacenza della malga. Le operazioni di soccorso dei vigili del fuoco sono terminate poco prima delle 20:00.<\/p>\n\n\t\t\t<style type='text\/css'>\n\t\t\t\t#gallery-2 {\n\t\t\t\t\tmargin: auto;\n\t\t\t\t}\n\t\t\t\t#gallery-2 .gallery-item {\n\t\t\t\t\tfloat: left;\n\t\t\t\t\tmargin-top: 10px;\n\t\t\t\t\ttext-align: center;\n\t\t\t\t\twidth: 33%;\n\t\t\t\t}\n\t\t\t\t#gallery-2 img {\n\t\t\t\t\tborder: 2px solid #cfcfcf;\n\t\t\t\t}\n\t\t\t\t#gallery-2 .gallery-caption {\n\t\t\t\t\tmargin-left: 0;\n\t\t\t\t}\n\t\t\t\t\/* see gallery_shortcode() in wp-includes\/media.php *\/\n\t\t\t<\/style>\n\t\t<div id='gallery-2' class='dt-gallery-container gallery galleryid-398898 gallery-columns-3 gallery-size-thumbnail'><dl class='gallery-item'>\n\t\t\t\t<dt class='gallery-icon portrait'>\n\t\t\t\t\t<a class=\"rollover rollover-zoom dt-pswp-item\" title=\"490476b7-c5a8-4b2b-a892-a040ed8791da\" data-dt-img-description=\"\" data-large_image_width=\"577\" data-large_image_height=\"875\"href='https:\/\/www.radiopiu.net\/wordpress\/wp-content\/uploads\/2024\/07\/490476b7-c5a8-4b2b-a892-a040ed8791da.jpg'><img loading=\"lazy\" decoding=\"async\" width=\"150\" height=\"150\" src=\"https:\/\/www.radiopiu.net\/wordpress\/wp-content\/uploads\/2024\/07\/490476b7-c5a8-4b2b-a892-a040ed8791da-150x150.jpg\" class=\"attachment-thumbnail size-thumbnail\" alt=\"\" \/><\/a>\n\t\t\t\t<\/dt><\/dl><dl class='gallery-item'>\n\t\t\t\t<dt class='gallery-icon portrait'>\n\t\t\t\t\t<a class=\"rollover rollover-zoom dt-pswp-item\" title=\"7eea40dc-e003-4495-9fac-829999b9a779\" data-dt-img-description=\"\" data-large_image_width=\"577\" data-large_image_height=\"824\"href='https:\/\/www.radiopiu.net\/wordpress\/wp-content\/uploads\/2024\/07\/7eea40dc-e003-4495-9fac-829999b9a779.jpg'><img loading=\"lazy\" decoding=\"async\" width=\"150\" height=\"150\" src=\"https:\/\/www.radiopiu.net\/wordpress\/wp-content\/uploads\/2024\/07\/7eea40dc-e003-4495-9fac-829999b9a779-150x150.jpg\" class=\"attachment-thumbnail size-thumbnail\" alt=\"\" \/><\/a>\n\t\t\t\t<\/dt><\/dl><dl class='gallery-item'>\n\t\t\t\t<dt class='gallery-icon portrait'>\n\t\t\t\t\t<a class=\"rollover rollover-zoom dt-pswp-item\" title=\"2b4aca5a-327a-4c80-9853-0427646356e3\" data-dt-img-description=\"\" data-large_image_width=\"577\" data-large_image_height=\"1032\"href='https:\/\/www.radiopiu.net\/wordpress\/wp-content\/uploads\/2024\/07\/2b4aca5a-327a-4c80-9853-0427646356e3.jpg'><img loading=\"lazy\" decoding=\"async\" width=\"150\" height=\"150\" src=\"https:\/\/www.radiopiu.net\/wordpress\/wp-content\/uploads\/2024\/07\/2b4aca5a-327a-4c80-9853-0427646356e3-150x150.jpg\" class=\"attachment-thumbnail size-thumbnail\" alt=\"\" \/><\/a>\n\t\t\t\t<\/dt><\/dl><br style=\"clear: both\" \/>\n\t\t\t<\/div>\n\n<p>&nbsp;<\/p>\n<hr \/>\n<p>&nbsp;<\/p>\n<blockquote>\n<h2>CROLLA LA DIGA, IL TEST IN PROGRAMMA GIOVEDI<\/h2>\n<\/blockquote>\n<blockquote><p><em>I telefoni cellulari presenti nel perimetro amministrativo dei Comuni coinvolti saranno raggiunti da un messaggio di IT-Alert,<\/em><\/p><\/blockquote>\n<p><strong>ARSIE&#8217;\u00a0<\/strong> Gioved\u00ec 18 luglio, tra le 12 e le 13, verr\u00e0 testato il sistema IT-Alert con un allarme simulato per il collasso della diga della Stua. L&#8217;iniziativa, coordinata dalla Regione Veneto e dalla Protezione Civile, coinvolge tre Comuni del Feltrino e dieci del Trevigiano. I telefoni cellulari nelle aree interessate riceveranno un messaggio di allerta. Questo test, il terzo in Veneto, mira a verificare l&#8217;efficacia del sistema di allarme pubblico nazionale in caso di emergenze. La regione, caratterizzata da una fragile situazione idrogeologica, utilizza questo strumento per migliorare la risposta alle emergenze e sensibilizzare la popolazione sulla gestione delle crisi.<\/p>\n<p>&nbsp;<\/p>\n<hr \/>\n<p>&nbsp;<\/p>\n<div class=\"flex-shrink-0 flex flex-col relative items-end\">\n<div>\n<div class=\"pt-0.5 juice:pt-0\">\n<div class=\"gizmo-bot-avatar flex h-6 w-6 items-center justify-center overflow-hidden rounded-full juice:h-8 juice:w-8\">\n<div class=\"relative p-1 rounded-sm flex items-center justify-center bg-token-main-surface-primary text-token-text-primary h-8 w-8\"><\/div>\n<\/div>\n<\/div>\n<\/div>\n<\/div>\n<div class=\"group\/conversation-turn relative flex w-full min-w-0 flex-col agent-turn\">\n<div class=\"flex-col gap-1 md:gap-3\">\n<div class=\"flex flex-grow flex-col max-w-full\">\n<div class=\"min-h-[20px] text-message flex flex-col items-start whitespace-pre-wrap break-words [.text-message+&amp;]:mt-5 juice:w-full juice:items-end overflow-x-auto gap-2\" dir=\"auto\" data-message-author-role=\"assistant\" data-message-id=\"ed989300-76b0-4696-a35a-f6987bc042d0\">\n<div class=\"flex w-full flex-col gap-1 juice:empty:hidden juice:first:pt-[3px]\">\n<div class=\"markdown prose w-full break-words dark:prose-invert dark\">\n<blockquote>\n<h2><strong><a class=\"dt-pswp-item\" href=\"https:\/\/www.radiopiu.net\/wordpress\/wp-content\/uploads\/2024\/07\/Senza-nome-41.png\" data-dt-img-description=\"\" data-large_image_width=\"96\" data-large_image_height=\"131\"><img loading=\"lazy\" decoding=\"async\" class=\"size-full wp-image-399071 alignleft\" src=\"https:\/\/www.radiopiu.net\/wordpress\/wp-content\/uploads\/2024\/07\/Senza-nome-41.png\" alt=\"\" width=\"96\" height=\"131\" \/><\/a>Addio a Gino Comelli, Colonna del Soccorso Alpino<\/strong><\/h2>\n<\/blockquote>\n<p>Gino Comelli, icona del Soccorso Alpino e fondatore dell&#8217;Aiut Alpin Dolomites, si \u00e8 spento a 70 anni. Originario del Friuli, ma fassano di adozione, aveva portato a termine 2.500 interventi di soccorso. Lascia la moglie e due figli.<\/p>\n<\/div>\n<\/div>\n<\/div>\n<\/div>\n<\/div>\n<\/div>\n<p>&nbsp;<\/p>\n<p>&nbsp;<\/p>\n<p>&nbsp;<\/p>\n<hr \/>\n<p>&nbsp;<\/p>\n<p>&nbsp;<\/p>\n<h3><a class=\"dt-pswp-item\" href=\"https:\/\/www.radiopiu.net\/wordpress\/wp-content\/uploads\/2024\/07\/Senza-nome-44.png\" data-dt-img-description=\"\" data-large_image_width=\"223\" data-large_image_height=\"204\"><img loading=\"lazy\" decoding=\"async\" class=\"wp-image-399078 alignleft\" src=\"https:\/\/www.radiopiu.net\/wordpress\/wp-content\/uploads\/2024\/07\/Senza-nome-44.png\" alt=\"\" width=\"120\" height=\"110\" \/><\/a>Mauro De Menech, Icona del Calcio Feltrino<\/h3>\n<p>Mauro De Menech, dirigente feltrino e appassionato di calcio, si \u00e8 spento a pochi giorni dal suo 72\u00b0 compleanno. Ricoverato a Feltre, ha dedicato la vita al calcio locale, sostenendo fusioni di club e seguendo la Dolomiti Bellunesi fino all&#8217;ultimo. Lascia un vuoto profondo nel cuore della comunit\u00e0 sportiva.<\/p>\n<p>&nbsp;<\/p>\n<p>&nbsp;<\/p>\n<p>&nbsp;<\/p>\n<hr \/>\n<p>&nbsp;<\/p>\n<blockquote>\n<h3>FANNO DISCUTERE LE DIMISSIONI DEL PRESIDENTE DELLA FONDAZIONE TEATRI MASSIMO FERIGUTTI<\/h3>\n<\/blockquote>\n<p><strong><a class=\"dt-pswp-item\" href=\"https:\/\/www.radiopiu.net\/wordpress\/wp-content\/uploads\/2021\/05\/foto-comunale.jpg\" data-dt-img-description=\"\" data-large_image_width=\"1600\" data-large_image_height=\"1237\"><img loading=\"lazy\" decoding=\"async\" class=\" wp-image-210486 alignleft\" src=\"https:\/\/www.radiopiu.net\/wordpress\/wp-content\/uploads\/2021\/05\/foto-comunale-300x232.jpg\" alt=\"\" width=\"129\" height=\"100\" srcset=\"https:\/\/www.radiopiu.net\/wordpress\/wp-content\/uploads\/2021\/05\/foto-comunale-300x232.jpg 300w, https:\/\/www.radiopiu.net\/wordpress\/wp-content\/uploads\/2021\/05\/foto-comunale-1024x792.jpg 1024w, https:\/\/www.radiopiu.net\/wordpress\/wp-content\/uploads\/2021\/05\/foto-comunale-768x594.jpg 768w, https:\/\/www.radiopiu.net\/wordpress\/wp-content\/uploads\/2021\/05\/foto-comunale-1536x1188.jpg 1536w, https:\/\/www.radiopiu.net\/wordpress\/wp-content\/uploads\/2021\/05\/foto-comunale.jpg 1600w\" sizes=\"auto, (max-width: 129px) 100vw, 129px\" \/><\/a>BELLUNO<\/strong> Continuano a far discutere nel capoluogo le dimissioni del Presidente della Fondazione Teatri, Massimo Ferigutti: in attesa dell&#8217;incontro annunciato dal sindaco di Belluno Oscar De Pellegrin, dall&#8217;opposizione si chiedono chiarezza e scelte decise.<\/p>\n<p><strong>DI DANIELE DALVIT<\/strong><\/p>\n<audio class=\"wp-audio-shortcode\" id=\"audio-398898-7\" preload=\"none\" style=\"width: 100%;\" controls=\"controls\"><source type=\"audio\/mpeg\" src=\"https:\/\/www.radiopiu.net\/wordpress\/wp-content\/uploads\/2024\/07\/Servizio-Polemiche-dimissioni-Ferigutti.mp3?_=7\" \/><a href=\"https:\/\/www.radiopiu.net\/wordpress\/wp-content\/uploads\/2024\/07\/Servizio-Polemiche-dimissioni-Ferigutti.mp3\">https:\/\/www.radiopiu.net\/wordpress\/wp-content\/uploads\/2024\/07\/Servizio-Polemiche-dimissioni-Ferigutti.mp3<\/a><\/audio>\n<p>&nbsp;<\/p>\n<p>&nbsp;<\/p>\n<hr \/>\n<p>&nbsp;<\/p>\n<p>&nbsp;<\/p>\n<blockquote>\n<h3>BIM GSP A CACCIA DI PERDITE CON LA SMARTBALL<\/h3>\n<\/blockquote>\n<p><strong>BELLUNO<\/strong> Bim Gsp ha utilizzato la tecnologia SmartBall per monitorare l&#8217;acquedotto della Val Clusa, che si estende per oltre 130 km e serve 50mila abitanti in 8 Comuni della provincia di Belluno. La SmartBall, sviluppata da Xylem Water Solution, \u00e8 una sfera metallica con sensori acustici che rilevano perdite d&#8217;acqua dall&#8217;interno delle condotte senza interrompere la fornitura. Utilizzata su un tratto di 40 km, ha identificato diverse anomalie che saranno verificate. Questo intervento \u00e8 parte di un progetto da 25,6 milioni di euro finanziato con fondi PNRR, volto a ridurre le perdite idriche del 35% e a digitalizzare 1.615 km di rete idrica in 16 Comuni della provincia di Belluno. Ad oggi, sono stati distrettualizzati circa 570 km di condotte, con l&#8217;obiettivo di raggiungere 1.000 km entro la fine del 2024.<\/p>\n\n\t\t\t<style type='text\/css'>\n\t\t\t\t#gallery-3 {\n\t\t\t\t\tmargin: auto;\n\t\t\t\t}\n\t\t\t\t#gallery-3 .gallery-item {\n\t\t\t\t\tfloat: left;\n\t\t\t\t\tmargin-top: 10px;\n\t\t\t\t\ttext-align: center;\n\t\t\t\t\twidth: 20%;\n\t\t\t\t}\n\t\t\t\t#gallery-3 img {\n\t\t\t\t\tborder: 2px solid #cfcfcf;\n\t\t\t\t}\n\t\t\t\t#gallery-3 .gallery-caption {\n\t\t\t\t\tmargin-left: 0;\n\t\t\t\t}\n\t\t\t\t\/* see gallery_shortcode() in wp-includes\/media.php *\/\n\t\t\t<\/style>\n\t\t<div id='gallery-3' class='dt-gallery-container gallery galleryid-398898 gallery-columns-5 gallery-size-medium'><dl class='gallery-item'>\n\t\t\t\t<dt class='gallery-icon landscape'>\n\t\t\t\t\t<a class=\"rollover rollover-zoom dt-pswp-item\" title=\"1_la SmartBall\" data-dt-img-description=\"\" data-large_image_width=\"1323\" data-large_image_height=\"744\"href='https:\/\/www.radiopiu.net\/wordpress\/wp-content\/uploads\/2024\/07\/1_la-SmartBall.jpg'><img loading=\"lazy\" decoding=\"async\" width=\"300\" height=\"169\" src=\"https:\/\/www.radiopiu.net\/wordpress\/wp-content\/uploads\/2024\/07\/1_la-SmartBall-300x169.jpg\" class=\"attachment-medium size-medium\" alt=\"\" srcset=\"https:\/\/www.radiopiu.net\/wordpress\/wp-content\/uploads\/2024\/07\/1_la-SmartBall-300x169.jpg 300w, https:\/\/www.radiopiu.net\/wordpress\/wp-content\/uploads\/2024\/07\/1_la-SmartBall-1024x576.jpg 1024w, https:\/\/www.radiopiu.net\/wordpress\/wp-content\/uploads\/2024\/07\/1_la-SmartBall-768x432.jpg 768w, https:\/\/www.radiopiu.net\/wordpress\/wp-content\/uploads\/2024\/07\/1_la-SmartBall.jpg 1323w\" sizes=\"auto, (max-width: 300px) 100vw, 300px\" \/><\/a>\n\t\t\t\t<\/dt><\/dl><dl class='gallery-item'>\n\t\t\t\t<dt class='gallery-icon landscape'>\n\t\t\t\t\t<a class=\"rollover rollover-zoom dt-pswp-item\" title=\"2_inserimento della SmartBall in condotta\" data-dt-img-description=\"\" data-large_image_width=\"1323\" data-large_image_height=\"744\"href='https:\/\/www.radiopiu.net\/wordpress\/wp-content\/uploads\/2024\/07\/2_inserimento-della-SmartBall-in-condotta.jpg'><img loading=\"lazy\" decoding=\"async\" width=\"300\" height=\"169\" src=\"https:\/\/www.radiopiu.net\/wordpress\/wp-content\/uploads\/2024\/07\/2_inserimento-della-SmartBall-in-condotta-300x169.jpg\" class=\"attachment-medium size-medium\" alt=\"\" srcset=\"https:\/\/www.radiopiu.net\/wordpress\/wp-content\/uploads\/2024\/07\/2_inserimento-della-SmartBall-in-condotta-300x169.jpg 300w, https:\/\/www.radiopiu.net\/wordpress\/wp-content\/uploads\/2024\/07\/2_inserimento-della-SmartBall-in-condotta-1024x576.jpg 1024w, https:\/\/www.radiopiu.net\/wordpress\/wp-content\/uploads\/2024\/07\/2_inserimento-della-SmartBall-in-condotta-768x432.jpg 768w, https:\/\/www.radiopiu.net\/wordpress\/wp-content\/uploads\/2024\/07\/2_inserimento-della-SmartBall-in-condotta.jpg 1323w\" sizes=\"auto, (max-width: 300px) 100vw, 300px\" \/><\/a>\n\t\t\t\t<\/dt><\/dl><dl class='gallery-item'>\n\t\t\t\t<dt class='gallery-icon landscape'>\n\t\t\t\t\t<a class=\"rollover rollover-zoom dt-pswp-item\" title=\"3_inserimento della SmartBall in condotta\" data-dt-img-description=\"\" data-large_image_width=\"1323\" data-large_image_height=\"744\"href='https:\/\/www.radiopiu.net\/wordpress\/wp-content\/uploads\/2024\/07\/3_inserimento-della-SmartBall-in-condotta.jpg'><img loading=\"lazy\" decoding=\"async\" width=\"300\" height=\"169\" src=\"https:\/\/www.radiopiu.net\/wordpress\/wp-content\/uploads\/2024\/07\/3_inserimento-della-SmartBall-in-condotta-300x169.jpg\" class=\"attachment-medium size-medium\" alt=\"\" srcset=\"https:\/\/www.radiopiu.net\/wordpress\/wp-content\/uploads\/2024\/07\/3_inserimento-della-SmartBall-in-condotta-300x169.jpg 300w, https:\/\/www.radiopiu.net\/wordpress\/wp-content\/uploads\/2024\/07\/3_inserimento-della-SmartBall-in-condotta-1024x576.jpg 1024w, https:\/\/www.radiopiu.net\/wordpress\/wp-content\/uploads\/2024\/07\/3_inserimento-della-SmartBall-in-condotta-768x432.jpg 768w, https:\/\/www.radiopiu.net\/wordpress\/wp-content\/uploads\/2024\/07\/3_inserimento-della-SmartBall-in-condotta.jpg 1323w\" sizes=\"auto, (max-width: 300px) 100vw, 300px\" \/><\/a>\n\t\t\t\t<\/dt><\/dl><dl class='gallery-item'>\n\t\t\t\t<dt class='gallery-icon landscape'>\n\t\t\t\t\t<a class=\"rollover rollover-zoom dt-pswp-item\" title=\"4_monitoraggio del tragitto in condotta della SmartBall\" data-dt-img-description=\"\" data-large_image_width=\"1323\" data-large_image_height=\"744\"href='https:\/\/www.radiopiu.net\/wordpress\/wp-content\/uploads\/2024\/07\/4_monitoraggio-del-tragitto-in-condotta-della-SmartBall.jpg'><img loading=\"lazy\" decoding=\"async\" width=\"300\" height=\"169\" src=\"https:\/\/www.radiopiu.net\/wordpress\/wp-content\/uploads\/2024\/07\/4_monitoraggio-del-tragitto-in-condotta-della-SmartBall-300x169.jpg\" class=\"attachment-medium size-medium\" alt=\"\" srcset=\"https:\/\/www.radiopiu.net\/wordpress\/wp-content\/uploads\/2024\/07\/4_monitoraggio-del-tragitto-in-condotta-della-SmartBall-300x169.jpg 300w, https:\/\/www.radiopiu.net\/wordpress\/wp-content\/uploads\/2024\/07\/4_monitoraggio-del-tragitto-in-condotta-della-SmartBall-1024x576.jpg 1024w, https:\/\/www.radiopiu.net\/wordpress\/wp-content\/uploads\/2024\/07\/4_monitoraggio-del-tragitto-in-condotta-della-SmartBall-768x432.jpg 768w, https:\/\/www.radiopiu.net\/wordpress\/wp-content\/uploads\/2024\/07\/4_monitoraggio-del-tragitto-in-condotta-della-SmartBall.jpg 1323w\" sizes=\"auto, (max-width: 300px) 100vw, 300px\" \/><\/a>\n\t\t\t\t<\/dt><\/dl><dl class='gallery-item'>\n\t\t\t\t<dt class='gallery-icon landscape'>\n\t\t\t\t\t<a class=\"rollover rollover-zoom dt-pswp-item\" title=\"5_estrazione della SmartBall\" data-dt-img-description=\"\" data-large_image_width=\"1323\" data-large_image_height=\"744\"href='https:\/\/www.radiopiu.net\/wordpress\/wp-content\/uploads\/2024\/07\/5_estrazione-della-SmartBall.jpg'><img loading=\"lazy\" decoding=\"async\" width=\"300\" height=\"169\" src=\"https:\/\/www.radiopiu.net\/wordpress\/wp-content\/uploads\/2024\/07\/5_estrazione-della-SmartBall-300x169.jpg\" class=\"attachment-medium size-medium\" alt=\"\" srcset=\"https:\/\/www.radiopiu.net\/wordpress\/wp-content\/uploads\/2024\/07\/5_estrazione-della-SmartBall-300x169.jpg 300w, https:\/\/www.radiopiu.net\/wordpress\/wp-content\/uploads\/2024\/07\/5_estrazione-della-SmartBall-1024x576.jpg 1024w, https:\/\/www.radiopiu.net\/wordpress\/wp-content\/uploads\/2024\/07\/5_estrazione-della-SmartBall-768x432.jpg 768w, https:\/\/www.radiopiu.net\/wordpress\/wp-content\/uploads\/2024\/07\/5_estrazione-della-SmartBall.jpg 1323w\" sizes=\"auto, (max-width: 300px) 100vw, 300px\" \/><\/a>\n\t\t\t\t<\/dt><\/dl><br style=\"clear: both\" \/>\n\t\t\t<\/div>\n\n<p>&nbsp;<\/p>\n<p>&nbsp;<\/p>\n<hr \/>\n<p>&nbsp;<\/p>\n<blockquote>\n<h3>A SETTEMBRE LO SPORT BUSINESS FORUM IN PROVINCIA<\/h3>\n<p><em>Lo Sport Business Forum si terr\u00e0 dall&#8217;11 al 15 settembre 2024 tra Montebelluna, Longarone, Belluno e Cortina, con la partecipazione di campioni sportivi e esponenti istituzionali.<\/em><\/p><\/blockquote>\n<p><strong>BELLUNO<\/strong> La presidente di Confindustria Belluno Dolomiti, Lorraine Berton, ha annunciato il lancio dello Sport Business Forum, un festival che promuove il settore sportivo come motore economico, sociale e formativo, nel contesto del Veneto come Regione europea dello sport. Paolo Possamai e Leopoldo Destro hanno sottolineato l&#8217;importanza di valorizzare le eccellenze locali e creare una &#8220;Sport Valley&#8221;. Mario Pozza ha evidenziato l&#8217;ambizione di rendere il progetto nazionale. Emiliano Briante ha illustrato il potenziale economico del settore sportivo, che potrebbe crescere significativamente promuovendo la pratica sportiva in Italia. Alessio Cremonese e il sindaco di Belluno, Oscar De Pellegrin, hanno enfatizzato l&#8217;importanza di eventi come il forum per sfruttare le opportunit\u00e0 delle Olimpiadi Milano-Cortina 2026 e promuovere inclusione e collaborazione tra enti locali.<\/p>\n<p>&nbsp;<\/p>\n<p>&nbsp;<\/p>\n<p>&nbsp;<\/p>\n<hr \/>\n<p>&nbsp;<\/p>\n<blockquote>\n<h3>SINERGIA TRA PROVINCIA E DOLOMITI BUS. CONFERMATO INVESTI SCUOLA<\/h3>\n<\/blockquote>\n<p><strong><a class=\"dt-pswp-item\" href=\"https:\/\/www.radiopiu.net\/wordpress\/wp-content\/uploads\/2020\/06\/f662441c-c6a1-40df-8978-3ff5202173f9.jpg\" data-dt-img-description=\"\" data-large_image_width=\"1280\" data-large_image_height=\"960\"><img loading=\"lazy\" decoding=\"async\" class=\" wp-image-145519 alignleft\" src=\"https:\/\/www.radiopiu.net\/wordpress\/wp-content\/uploads\/2020\/06\/f662441c-c6a1-40df-8978-3ff5202173f9-300x225.jpg\" alt=\"\" width=\"172\" height=\"129\" srcset=\"https:\/\/www.radiopiu.net\/wordpress\/wp-content\/uploads\/2020\/06\/f662441c-c6a1-40df-8978-3ff5202173f9-300x225.jpg 300w, https:\/\/www.radiopiu.net\/wordpress\/wp-content\/uploads\/2020\/06\/f662441c-c6a1-40df-8978-3ff5202173f9-1024x768.jpg 1024w, https:\/\/www.radiopiu.net\/wordpress\/wp-content\/uploads\/2020\/06\/f662441c-c6a1-40df-8978-3ff5202173f9-768x576.jpg 768w, https:\/\/www.radiopiu.net\/wordpress\/wp-content\/uploads\/2020\/06\/f662441c-c6a1-40df-8978-3ff5202173f9.jpg 1280w\" sizes=\"auto, (max-width: 172px) 100vw, 172px\" \/><\/a>BELLUNO<\/strong> Il progetto &#8220;Investi Scuola&#8221; sar\u00e0 confermato anche per il prossimo anno scolastico grazie alla collaborazione tra Provincia, Consorzio dei Comuni Bim Piave e Dolomitibus, che hanno trovato la copertura finanziaria di 1,1 milioni di euro per garantire abbonamenti bus a prezzo calmierato per gli studenti bellunesi. Questo sar\u00e0 l&#8217;ottavo anno consecutivo del progetto, sostenuto dal cofinanziamento del Consorzio, della Provincia e dal contributo di Dolomitibus. Massimo Bortoluzzi, consigliere provinciale delegato ai trasporti, sottolinea l&#8217;importanza del progetto per le famiglie e gli studenti, che possono beneficiare di abbonamenti a prezzo base. Stefano Rossi, amministratore delegato di Dolomitibus, evidenzia l&#8217;importanza del trasporto scolastico per garantire l&#8217;accesso all&#8217;istruzione e promuovere inclusione e uguaglianza. Marco Staunovo, presidente del Consorzio, ribadisce l&#8217;impegno a sostenere il diritto all&#8217;istruzione e lo sviluppo socioeconomico della provincia di Belluno.<\/p>\n<p>&nbsp;<\/p>\n<hr \/>\n<p>&nbsp;<\/p>\n<p>&nbsp;<\/p>\n<blockquote>\n<h3 class=\"_title post-title entry-title\"><a class=\"dt-pswp-item\" href=\"https:\/\/www.radiopiu.net\/wordpress\/wp-content\/uploads\/2023\/12\/ANTENNA.png\" data-dt-img-description=\"\" data-large_image_width=\"300\" data-large_image_height=\"166\"><img loading=\"lazy\" decoding=\"async\" class=\"wp-image-366306 alignleft\" src=\"https:\/\/www.radiopiu.net\/wordpress\/wp-content\/uploads\/2023\/12\/ANTENNA.png\" alt=\"\" width=\"190\" height=\"105\" \/><\/a>ODISSEA \u2018TRILLO\u2019, I NUMERI DI DOLOMITI BUS E I FATTI. RABBIA FRA ANZIANI E COMMERCIANTI<\/h3>\n<\/blockquote>\n<p>Intervistati STEFANO DE TOFFOL (EDICOLANTE PIAZZA DEI MARTIRI) (Servizio di\u00a0<a href=\"https:\/\/antennatre.medianordest.it\/redazione\/Tiziana-Bolognani\/\">Tiziana Bolognani<\/a>)<\/p>\n<p><iframe loading=\"lazy\" title=\"ODISSEA &#039;TRILLO&#039;, I NUMERI DI DOLOMITI BUS E I FATTI. RABBIA FRA ANZIANI E COMMERCIANTI | 11\/07\/2024\" width=\"1200\" height=\"675\" src=\"https:\/\/www.youtube.com\/embed\/6TwJk2v9uA8?feature=oembed\" frameborder=\"0\" allow=\"accelerometer; autoplay; clipboard-write; encrypted-media; gyroscope; picture-in-picture; web-share\" referrerpolicy=\"strict-origin-when-cross-origin\" allowfullscreen><\/iframe><\/p>\n<hr \/>\n<p>&nbsp;<\/p>\n<blockquote>\n<h3>FIBRA OTTICA: DISSERVIZIO DI 24 IN VALLE DEL BIOIS<\/h3>\n<\/blockquote>\n<p><strong><a class=\"dt-pswp-item\" href=\"https:\/\/www.radiopiu.net\/wordpress\/wp-content\/uploads\/2023\/08\/OF_fibra.jpg\" data-dt-img-description=\"\" data-large_image_width=\"1000\" data-large_image_height=\"666\"><img loading=\"lazy\" decoding=\"async\" class=\" wp-image-348634 alignleft\" src=\"https:\/\/www.radiopiu.net\/wordpress\/wp-content\/uploads\/2023\/08\/OF_fibra-300x200.jpg\" alt=\"\" width=\"137\" height=\"91\" srcset=\"https:\/\/www.radiopiu.net\/wordpress\/wp-content\/uploads\/2023\/08\/OF_fibra-300x200.jpg 300w, https:\/\/www.radiopiu.net\/wordpress\/wp-content\/uploads\/2023\/08\/OF_fibra-768x511.jpg 768w, https:\/\/www.radiopiu.net\/wordpress\/wp-content\/uploads\/2023\/08\/OF_fibra.jpg 1000w\" sizes=\"auto, (max-width: 137px) 100vw, 137px\" \/><\/a>REDAZIONE<\/strong> Non sono mancate le segnalazioni in radio su un disservizio della fibra ottica che ha interessato la Valle del Biois. 24 ore di stop a causa di un guasto che \u00e8 stato prontamente sistemato dai tecnici di Open Fiber. Un intervento nei tempi standard ha permesso il ritorno della linea internet in tutta la vallata, in periodo delicato in cui il turismo entra nel vivo ed albergatori, ma non solo, trovano essenziale il servizio FTTH per offrire agli ospiti una connessione internet e per consentire ai clienti di poter pagare con le carte elettroniche.<\/p>\n<p>&nbsp;<\/p>\n<p>&nbsp;<\/p>\n<hr \/>\n<p>&nbsp;<\/p>\n<blockquote>\n<h3>I RINGRAZIAMENTI AI VOLONTARI DEL SINDACO DI ROCCA PIETORE VALERIO DAVARE<\/h3>\n<\/blockquote>\n<p><strong><a class=\"dt-pswp-item\" href=\"https:\/\/www.radiopiu.net\/wordpress\/wp-content\/uploads\/2024\/07\/24947741-2ed9-401a-90c8-462bc12fe26e.jpg\" data-dt-img-description=\"\" data-large_image_width=\"1200\" data-large_image_height=\"1600\"><img loading=\"lazy\" decoding=\"async\" class=\" wp-image-398966 alignleft\" src=\"https:\/\/www.radiopiu.net\/wordpress\/wp-content\/uploads\/2024\/07\/24947741-2ed9-401a-90c8-462bc12fe26e-225x300.jpg\" alt=\"\" width=\"89\" height=\"119\" srcset=\"https:\/\/www.radiopiu.net\/wordpress\/wp-content\/uploads\/2024\/07\/24947741-2ed9-401a-90c8-462bc12fe26e-225x300.jpg 225w, https:\/\/www.radiopiu.net\/wordpress\/wp-content\/uploads\/2024\/07\/24947741-2ed9-401a-90c8-462bc12fe26e-768x1024.jpg 768w, https:\/\/www.radiopiu.net\/wordpress\/wp-content\/uploads\/2024\/07\/24947741-2ed9-401a-90c8-462bc12fe26e-1152x1536.jpg 1152w, https:\/\/www.radiopiu.net\/wordpress\/wp-content\/uploads\/2024\/07\/24947741-2ed9-401a-90c8-462bc12fe26e.jpg 1200w\" sizes=\"auto, (max-width: 89px) 100vw, 89px\" \/><\/a>ROCCA PIETORE <\/strong>La macchina del volontariato non si ferma mai e il nuovo sindaco di Rocca Pietore se n&#8217;\u00e8 reso conto fin da subito. &#8220;A nome mio e dell&#8217;Amministrazione Comunale desidero ringraziare tutte le persone che con grande spirito di comunit\u00e0 si prendono cura periodicamente del nostro territorio &#8211; dice il primo cittadino Valerio Davare &#8211; Quotidianamente ricevo foto di volontari che sfalciano, si prendono cura dei fiori, fanno manutenzione ai sentieri e abbelliscono i nostri paesi con originali idee. Tutto ci\u00f2 \u00e8 di grande stimolo per tutti noi e dimostra, in ogni villaggio del Comune, l&#8217;attaccamento della nostra gente al bene pubblico&#8221;.<\/p>\n<p>&nbsp;<\/p>\n<p>&nbsp;<\/p>\n<hr \/>\n<p>&nbsp;<\/p>\n<blockquote>\n<h3>IL CASTELLO DI ANDRAZ DIVENTA UNO STUDIO DI REGISTRAZIONE PER STRUMENTI PREISTORICI<\/h3>\n<\/blockquote>\n<p><strong><a class=\"dt-pswp-item\" href=\"https:\/\/www.radiopiu.net\/wordpress\/wp-content\/uploads\/2024\/07\/IMG_20240704_180242834-01-scaled.jpeg\" data-dt-img-description=\"\" data-large_image_width=\"1815\" data-large_image_height=\"2560\"><img loading=\"lazy\" decoding=\"async\" class=\" wp-image-399004 alignleft\" src=\"https:\/\/www.radiopiu.net\/wordpress\/wp-content\/uploads\/2024\/07\/IMG_20240704_180242834-01-213x300.jpeg\" alt=\"\" width=\"111\" height=\"156\" srcset=\"https:\/\/www.radiopiu.net\/wordpress\/wp-content\/uploads\/2024\/07\/IMG_20240704_180242834-01-213x300.jpeg 213w, https:\/\/www.radiopiu.net\/wordpress\/wp-content\/uploads\/2024\/07\/IMG_20240704_180242834-01-726x1024.jpeg 726w, https:\/\/www.radiopiu.net\/wordpress\/wp-content\/uploads\/2024\/07\/IMG_20240704_180242834-01-768x1083.jpeg 768w, https:\/\/www.radiopiu.net\/wordpress\/wp-content\/uploads\/2024\/07\/IMG_20240704_180242834-01-1089x1536.jpeg 1089w, https:\/\/www.radiopiu.net\/wordpress\/wp-content\/uploads\/2024\/07\/IMG_20240704_180242834-01-1452x2048.jpeg 1452w, https:\/\/www.radiopiu.net\/wordpress\/wp-content\/uploads\/2024\/07\/IMG_20240704_180242834-01-scaled.jpeg 1815w\" sizes=\"auto, (max-width: 111px) 100vw, 111px\" \/><\/a>LIVINALLONGO<\/strong><\/p>\n<p>DI LORENZO SORATROI<\/p>\n<audio class=\"wp-audio-shortcode\" id=\"audio-398898-8\" preload=\"none\" style=\"width: 100%;\" controls=\"controls\"><source type=\"audio\/mpeg\" src=\"https:\/\/www.radiopiu.net\/wordpress\/wp-content\/uploads\/2024\/07\/SORATROI-IL-CASTELLO-DI-ANDRAZ-DIVENTA-UNO-STUDIO-DI-REGISTRAZIONE-PER-STRUMENTI-PREISTORICI.mp3?_=8\" \/><a href=\"https:\/\/www.radiopiu.net\/wordpress\/wp-content\/uploads\/2024\/07\/SORATROI-IL-CASTELLO-DI-ANDRAZ-DIVENTA-UNO-STUDIO-DI-REGISTRAZIONE-PER-STRUMENTI-PREISTORICI.mp3\">https:\/\/www.radiopiu.net\/wordpress\/wp-content\/uploads\/2024\/07\/SORATROI-IL-CASTELLO-DI-ANDRAZ-DIVENTA-UNO-STUDIO-DI-REGISTRAZIONE-PER-STRUMENTI-PREISTORICI.mp3<\/a><\/audio>\n<p>&nbsp;<\/p>\n<hr \/>\n<p>&nbsp;<\/p>\n<blockquote>\n<h2>Il Museo Ladino Fodom ha riaperto ieri i battenti dopo quattro anni<\/h2>\n<\/blockquote>\n<p><strong>LIVINALLONGO<\/strong><\/p>\n<p><strong>DI LORENZO SORATROI<\/strong><\/p>\n<div class=\"flex flex-grow flex-col max-w-full\">\n<div class=\"min-h-[20px] text-message flex flex-col items-start whitespace-pre-wrap break-words [.text-message+&amp;]:mt-5 juice:w-full juice:items-end overflow-x-auto gap-2\" dir=\"auto\" data-message-author-role=\"assistant\" data-message-id=\"611ec8d9-b04b-4def-8bca-be95f577469b\">\n<div class=\"flex w-full flex-col gap-1 juice:empty:hidden juice:first:pt-[3px]\">\n<div class=\"markdown prose w-full break-words dark:prose-invert dark\">\n<p>Il Museo Ladino Fodom ha riaperto dopo quattro anni con una nuova ala e oltre 2000 oggetti riallestiti. Denni Dorigo, direttore dell&#8217;Istitut Ladin Cesa de Jan, ha evidenziato l&#8217;importanza culturale del museo. Collaborazioni interladine e nuove mostre arricchiranno l&#8217;offerta.\u00a0Il museo sar\u00e0 aperto tutti i giorni fino al 8 settembre e poi dal gioved\u00ec alla domenica dal 12 al 29 settembre, dalle 15.30 alle 19.<\/p>\n<\/div>\n<p>l&#8217;approfondimento, OGGI SUL CORRIERE DELLE ALPI.<\/p>\n<audio class=\"wp-audio-shortcode\" id=\"audio-398898-9\" preload=\"none\" style=\"width: 100%;\" controls=\"controls\"><source type=\"audio\/mpeg\" src=\"https:\/\/www.radiopiu.net\/wordpress\/wp-content\/uploads\/2024\/07\/LORENZO-MSEO-DENNI.mp3?_=9\" \/><a href=\"https:\/\/www.radiopiu.net\/wordpress\/wp-content\/uploads\/2024\/07\/LORENZO-MSEO-DENNI.mp3\">https:\/\/www.radiopiu.net\/wordpress\/wp-content\/uploads\/2024\/07\/LORENZO-MSEO-DENNI.mp3<\/a><\/audio>\n<\/div>\n<\/div>\n<\/div>\n<p><a class=\"dt-pswp-item\" href=\"https:\/\/www.radiopiu.net\/wordpress\/wp-content\/uploads\/2024\/07\/Senza-nome-46.png\" data-dt-img-description=\"\" data-large_image_width=\"292\" data-large_image_height=\"110\"><img loading=\"lazy\" decoding=\"async\" class=\"aligncenter wp-image-399083 size-full\" src=\"https:\/\/www.radiopiu.net\/wordpress\/wp-content\/uploads\/2024\/07\/Senza-nome-46.png\" alt=\"\" width=\"292\" height=\"110\" \/><\/a><\/p>\n<p>___<\/p>\n<div class=\"mt-1 flex gap-3 empty:hidden juice:-ml-3\">\n<div class=\"items-center justify-start rounded-xl p-1 flex\">\n<div class=\"flex items-center\">\n<div class=\"flex\"><\/div>\n<div>\n<hr \/>\n<\/div>\n<div><\/div>\n<div><\/div>\n<\/div>\n<\/div>\n<\/div>\n<blockquote>\n<h2>IL CENTESIMO COMPLEANNO DI GINA<\/h2>\n<\/blockquote>\n<p><strong>TAIBON<\/strong> Una grande festa a Taibon, alla casa di Soggiorno. Il personale ha festeggiato con una torta che ricorda il secolo di vita, la splendida Gina Stefanoli\u00a0 nata il 02\/07\/1924.<\/p>\n<p>TANTI AUGURI!!!!<\/p>\n\n\t\t\t<style type='text\/css'>\n\t\t\t\t#gallery-4 {\n\t\t\t\t\tmargin: auto;\n\t\t\t\t}\n\t\t\t\t#gallery-4 .gallery-item {\n\t\t\t\t\tfloat: left;\n\t\t\t\t\tmargin-top: 10px;\n\t\t\t\t\ttext-align: center;\n\t\t\t\t\twidth: 33%;\n\t\t\t\t}\n\t\t\t\t#gallery-4 img {\n\t\t\t\t\tborder: 2px solid #cfcfcf;\n\t\t\t\t}\n\t\t\t\t#gallery-4 .gallery-caption {\n\t\t\t\t\tmargin-left: 0;\n\t\t\t\t}\n\t\t\t\t\/* see gallery_shortcode() in wp-includes\/media.php *\/\n\t\t\t<\/style>\n\t\t<div id='gallery-4' class='dt-gallery-container gallery galleryid-398898 gallery-columns-3 gallery-size-thumbnail'><dl class='gallery-item'>\n\t\t\t\t<dt class='gallery-icon portrait'>\n\t\t\t\t\t<a class=\"rollover rollover-zoom dt-pswp-item\" title=\"657396b2-7661-4f7d-a2c4-005cc0c9e1c5\" data-dt-img-description=\"\" data-large_image_width=\"1148\" data-large_image_height=\"2040\"href='https:\/\/www.radiopiu.net\/wordpress\/wp-content\/uploads\/2024\/07\/657396b2-7661-4f7d-a2c4-005cc0c9e1c5.jpg'><img loading=\"lazy\" decoding=\"async\" width=\"150\" height=\"150\" src=\"https:\/\/www.radiopiu.net\/wordpress\/wp-content\/uploads\/2024\/07\/657396b2-7661-4f7d-a2c4-005cc0c9e1c5-150x150.jpg\" class=\"attachment-thumbnail size-thumbnail\" alt=\"\" \/><\/a>\n\t\t\t\t<\/dt><\/dl><dl class='gallery-item'>\n\t\t\t\t<dt class='gallery-icon portrait'>\n\t\t\t\t\t<a class=\"rollover rollover-zoom dt-pswp-item\" title=\"baf88b6c-8aa2-4a5d-af1b-c0b1267b20dc\" data-dt-img-description=\"\" data-large_image_width=\"900\" data-large_image_height=\"1600\"href='https:\/\/www.radiopiu.net\/wordpress\/wp-content\/uploads\/2024\/07\/baf88b6c-8aa2-4a5d-af1b-c0b1267b20dc.jpg'><img loading=\"lazy\" decoding=\"async\" width=\"150\" height=\"150\" src=\"https:\/\/www.radiopiu.net\/wordpress\/wp-content\/uploads\/2024\/07\/baf88b6c-8aa2-4a5d-af1b-c0b1267b20dc-150x150.jpg\" class=\"attachment-thumbnail size-thumbnail\" alt=\"\" \/><\/a>\n\t\t\t\t<\/dt><\/dl><dl class='gallery-item'>\n\t\t\t\t<dt class='gallery-icon landscape'>\n\t\t\t\t\t<a class=\"rollover rollover-zoom dt-pswp-item\" title=\"f022b9ae-68b0-4fc4-87ac-273b2a823b53\" data-dt-img-description=\"\" data-large_image_width=\"1600\" data-large_image_height=\"900\"href='https:\/\/www.radiopiu.net\/wordpress\/wp-content\/uploads\/2024\/07\/f022b9ae-68b0-4fc4-87ac-273b2a823b53.jpg'><img loading=\"lazy\" decoding=\"async\" width=\"150\" height=\"150\" src=\"https:\/\/www.radiopiu.net\/wordpress\/wp-content\/uploads\/2024\/07\/f022b9ae-68b0-4fc4-87ac-273b2a823b53-150x150.jpg\" class=\"attachment-thumbnail size-thumbnail\" alt=\"\" \/><\/a>\n\t\t\t\t<\/dt><\/dl><br style=\"clear: both\" \/>\n\t\t\t<\/div>\n\n<p>&nbsp;<\/p>\n<p>&nbsp;<\/p>\n<p>&nbsp;<\/p>\n<hr \/>\n<blockquote>\n<h3><\/h3>\n<h3>CORSI DI INFORMATICA PER ADULTI: GRANDE SODDISFAZIONE DEI PARTECIPANTI A FELTRE<\/h3>\n<\/blockquote>\n<p><strong><a class=\"dt-pswp-item\" href=\"https:\/\/www.radiopiu.net\/wordpress\/wp-content\/uploads\/2024\/07\/Immagine1.jpg\" data-dt-img-description=\"\" data-large_image_width=\"643\" data-large_image_height=\"361\"><img loading=\"lazy\" decoding=\"async\" class=\" wp-image-398972 alignleft\" src=\"https:\/\/www.radiopiu.net\/wordpress\/wp-content\/uploads\/2024\/07\/Immagine1-300x168.jpg\" alt=\"\" width=\"220\" height=\"123\" srcset=\"https:\/\/www.radiopiu.net\/wordpress\/wp-content\/uploads\/2024\/07\/Immagine1-300x168.jpg 300w, https:\/\/www.radiopiu.net\/wordpress\/wp-content\/uploads\/2024\/07\/Immagine1.jpg 643w\" sizes=\"auto, (max-width: 220px) 100vw, 220px\" \/><\/a>FELTRE<\/strong> Si \u00e8 concluso con successo uno dei tre corsi gratuiti di informatica per adulti e anziani, organizzati dalle Scuole in Rete per un Mondo di Solidariet\u00e0 e Pace, insieme all\u2019associazione Amici delle Scuole in Rete. Il corso, alla 14\u00b0 edizione, si \u00e8 tenuto presso il Liceo Dal Piaz di Feltre, coinvolgendo 20 partecipanti seguiti da giovani tutor. Il 85,7% dei partecipanti ha dichiarato che le lezioni li aiuteranno a integrarsi meglio nel mondo digitale. Valentino Condoluci, coordinatore del corso, ha sottolineato la variet\u00e0 dei temi trattati e l&#8217;entusiasmo dei partecipanti, che hanno valutato l&#8217;esperienza come &#8220;molto positiva&#8221;. I corsi continuano a Belluno e Ponte nelle Alpi, con iscrizioni disponibili sul sito studentibelluno.it.<\/p>\n<p>&nbsp;<\/p>\n<p>&nbsp;<\/p>\n<hr \/>\n<p>&nbsp;<\/p>\n<blockquote>\n<h3>SOSPIROLO TRA LEGGENDE E MISTERI<\/h3>\n<\/blockquote>\n<p><strong><a class=\"dt-pswp-item\" href=\"https:\/\/www.radiopiu.net\/wordpress\/wp-content\/uploads\/2024\/07\/premiati-23-scaled.jpeg\" data-dt-img-description=\"\" data-large_image_width=\"2560\" data-large_image_height=\"1707\"><img loading=\"lazy\" decoding=\"async\" class=\" wp-image-398974 alignleft\" src=\"https:\/\/www.radiopiu.net\/wordpress\/wp-content\/uploads\/2024\/07\/premiati-23-300x200.jpeg\" alt=\"\" width=\"158\" height=\"105\" srcset=\"https:\/\/www.radiopiu.net\/wordpress\/wp-content\/uploads\/2024\/07\/premiati-23-300x200.jpeg 300w, https:\/\/www.radiopiu.net\/wordpress\/wp-content\/uploads\/2024\/07\/premiati-23-1024x683.jpeg 1024w, https:\/\/www.radiopiu.net\/wordpress\/wp-content\/uploads\/2024\/07\/premiati-23-768x512.jpeg 768w, https:\/\/www.radiopiu.net\/wordpress\/wp-content\/uploads\/2024\/07\/premiati-23-1536x1024.jpeg 1536w, https:\/\/www.radiopiu.net\/wordpress\/wp-content\/uploads\/2024\/07\/premiati-23-2048x1365.jpeg 2048w\" sizes=\"auto, (max-width: 158px) 100vw, 158px\" \/><\/a>SOSPIROLO<\/strong> La Pro loco &#8220;Monti del Sole&#8221; e il Comune di Sospirolo indicono la 15esima edizione del concorso letterario \u201cSospirolo tra leggende e misteri\u201d, dedicato allo zodiaco e alla figura di Girolamo Segato. Il concorso, aperto ai nati e\/o residenti nel Triveneto, invita a scrivere racconti brevi inediti sul tema dello zodiaco, comprendendo aspetti astronomici, mitici e antropologici. Due le sezioni: A) per singoli di 6-14 anni o lavori scolastici di gruppo, e B) per partecipanti dai 15 anni. Premi in denaro fino a 500 euro e attestati di partecipazione. I vincitori saranno pubblicati su &#8220;il Veses&#8221;. Scadenza: 19 ottobre. Info su <a href=\"http:\/\/www.sospirolo.net\" target=\"_new\" rel=\"noreferrer noopener\">www.sospirolo.net<\/a>.<\/p>\n<p>&nbsp;<\/p>\n<p>&nbsp;<\/p>\n<hr \/>\n<p>&nbsp;<\/p>\n<blockquote>\n<h3><a class=\"dt-pswp-item\" href=\"https:\/\/www.radiopiu.net\/wordpress\/wp-content\/uploads\/2023\/06\/vittorio-fenti-geologo.jpg\" data-dt-img-description=\"\" data-large_image_width=\"1280\" data-large_image_height=\"720\"><img loading=\"lazy\" decoding=\"async\" class=\"wp-image-338574 alignleft\" src=\"https:\/\/www.radiopiu.net\/wordpress\/wp-content\/uploads\/2023\/06\/vittorio-fenti-geologo-300x169.jpg\" alt=\"\" width=\"193\" height=\"109\" srcset=\"https:\/\/www.radiopiu.net\/wordpress\/wp-content\/uploads\/2023\/06\/vittorio-fenti-geologo-300x169.jpg 300w, https:\/\/www.radiopiu.net\/wordpress\/wp-content\/uploads\/2023\/06\/vittorio-fenti-geologo-1024x576.jpg 1024w, https:\/\/www.radiopiu.net\/wordpress\/wp-content\/uploads\/2023\/06\/vittorio-fenti-geologo-768x432.jpg 768w, https:\/\/www.radiopiu.net\/wordpress\/wp-content\/uploads\/2023\/06\/vittorio-fenti-geologo.jpg 1280w\" sizes=\"auto, (max-width: 193px) 100vw, 193px\" \/><\/a>DOMENICA AL BAR COLMEAN<\/h3>\n<\/blockquote>\n<p><strong>CANALE D&#8217;AGORDO<\/strong> \u00a0 Domenica alle 17, al bar di Colme\u00e0n, le biblioteche della Valle del Biois in collaborazione con l&#8217;Union Ladina Val Bi\u00f3is e l&#8217;associazione &#8220;Amici dei Minerari&#8221;, verr\u00e0 presentato il libro &#8220;Panorami e curiosit\u00e0 geologiche della Valle del Bi\u00f3is. Origine, fragilit\u00e0 e bellezza&#8221;, ultima opera del noto geologo &#8220;autoctono&#8221; (di Caviola) Vittorio Fenti. Un&#8217;opera di sicuro pregio in cui l&#8217;autore, docente per tanti anni anche all&#8217;Istituto &#8220;Follador&#8221; di Agordo, ha esplorato e analizzato con la testa, le mani e il cuore questa parte delle Dolomiti a lui tanto care.<\/p>\n<p>&nbsp;<\/p>\n<hr \/>\n<p>&nbsp;<\/p>\n<blockquote>\n<h3>CONCERTO CORALE IN MEMORIA DI MANUELA DE COL<\/h3>\n<\/blockquote>\n<p><strong><a class=\"dt-pswp-item\" href=\"https:\/\/www.radiopiu.net\/wordpress\/wp-content\/uploads\/2024\/07\/Senza-nome-37.png\" data-dt-img-description=\"\" data-large_image_width=\"512\" data-large_image_height=\"291\"><img loading=\"lazy\" decoding=\"async\" class=\" wp-image-398634 alignleft\" src=\"https:\/\/www.radiopiu.net\/wordpress\/wp-content\/uploads\/2024\/07\/Senza-nome-37-300x171.png\" alt=\"\" width=\"216\" height=\"123\" srcset=\"https:\/\/www.radiopiu.net\/wordpress\/wp-content\/uploads\/2024\/07\/Senza-nome-37-300x171.png 300w, https:\/\/www.radiopiu.net\/wordpress\/wp-content\/uploads\/2024\/07\/Senza-nome-37.png 512w\" sizes=\"auto, (max-width: 216px) 100vw, 216px\" \/><\/a><\/strong><strong>LA VALLE <\/strong>Oggi, alle 20:45, nella chiesa parrocchiale di La Valle Agordina si terr\u00e0 il concerto &#8220;Rester\u00e0 la luce&#8221;. Il Coro Agordo, diretto da Anna Devich, e il Coro parrocchiale di La Valle, diretto da Milena Da Roit, eseguiranno il concerto in ricordo di Manuela De Col, corista scomparsa prematuramente a 50 anni. Il presidente Gabriele Riva ricorda che \u201crester\u00e0 la luce\u201d del suo ricordo e del suo amore per il canto. Verranno ricordati anche altri coristi scomparsi. L\u2019eventuale ricavato sar\u00e0 devoluto all\u2019Associazione Pettirosso Agordino.<\/p>\n<div class=\"mt-1 flex gap-3 empty:hidden juice:-ml-3\">\n<div class=\"items-center justify-start rounded-xl p-1 flex\">\n<div class=\"flex items-center\">\n<div class=\"flex items-center pb-0.5 juice:pb-0\">\n<div class=\"[&amp;_svg]:h-full [&amp;_svg]:w-full icon-md h-4 w-4\"><\/div>\n<div><\/div>\n<div>\n<hr \/>\n<\/div>\n<div><\/div>\n<div>\n<h2><span style=\"color: #008000;\">ENZO CAVIOLA E FEDERICO BRANCALEONE DELLA PRO LOCO MONTI DEL SOLE<\/span><\/h2>\n<p><strong><a class=\"dt-pswp-item\" href=\"https:\/\/www.radiopiu.net\/wordpress\/wp-content\/uploads\/2024\/07\/pro-loco-monti-del-sole.jpg\" data-dt-img-description=\"\" data-large_image_width=\"987\" data-large_image_height=\"817\"><img loading=\"lazy\" decoding=\"async\" class=\" wp-image-399026 alignleft\" src=\"https:\/\/www.radiopiu.net\/wordpress\/wp-content\/uploads\/2024\/07\/pro-loco-monti-del-sole-300x248.jpg\" alt=\"\" width=\"186\" height=\"154\" srcset=\"https:\/\/www.radiopiu.net\/wordpress\/wp-content\/uploads\/2024\/07\/pro-loco-monti-del-sole-300x248.jpg 300w, https:\/\/www.radiopiu.net\/wordpress\/wp-content\/uploads\/2024\/07\/pro-loco-monti-del-sole-768x636.jpg 768w, https:\/\/www.radiopiu.net\/wordpress\/wp-content\/uploads\/2024\/07\/pro-loco-monti-del-sole.jpg 987w\" sizes=\"auto, (max-width: 186px) 100vw, 186px\" \/><\/a>DI MIRKO MEZZACASA<\/strong><\/p>\n<p>OSPITI: Enzo Caviola e Federico Brancaleone della Pro Loco Monti Del Sole di Sospirolo<\/p>\n<audio class=\"wp-audio-shortcode\" id=\"audio-398898-10\" preload=\"none\" style=\"width: 100%;\" controls=\"controls\"><source type=\"audio\/mpeg\" src=\"https:\/\/www.radiopiu.net\/wordpress\/wp-content\/uploads\/2024\/07\/ENZO-CAVIOLA-FEDERICO-BRANCALEONE.mp3?_=10\" \/><a href=\"https:\/\/www.radiopiu.net\/wordpress\/wp-content\/uploads\/2024\/07\/ENZO-CAVIOLA-FEDERICO-BRANCALEONE.mp3\">https:\/\/www.radiopiu.net\/wordpress\/wp-content\/uploads\/2024\/07\/ENZO-CAVIOLA-FEDERICO-BRANCALEONE.mp3<\/a><\/audio>\n<p>&nbsp;<\/p>\n<\/div>\n<\/div>\n<\/div>\n<\/div>\n<\/div>\n<p>&nbsp;<\/p>\n<p>&nbsp;<\/p>\n<hr \/>\n<p>&nbsp;<\/p>\n<div>\n<blockquote>\n<h2><img loading=\"lazy\" decoding=\"async\" class=\"alignleft\" src=\"https:\/\/www.radiopiu.net\/wordpress\/wp-content\/uploads\/2024\/07\/Senza-nome-28.png\" width=\"162\" height=\"118\" \/><\/h2>\n<h2><strong>Festeggiamenti Bicentenario Cavalier Don Antonio Della Lucia<\/strong><\/h2>\n<\/blockquote>\n<p><strong>CANALE D&#8217;AGORDO<\/strong> La Fondazione Papa Luciani, con Comune e Parrocchia di Canale d&#8217;Agordo, organizza i festeggiamenti conclusivi per il bicentenario della nascita del Cavalier Don Antonio Della Lucia, il 19 luglio 2024 a Canale d&#8217;Agordo e Caviola di Falcade.<\/p>\n<\/div>\n<div>\u00a0LORIS SERAFINI \u00a0direttore della Fondazione Papa Luciani di\u00a0<b>Canale<\/b>\u00a0<b>d<\/b>\u2019<b>Agordo<\/b><br \/>\n<audio class=\"wp-audio-shortcode\" id=\"audio-398898-11\" preload=\"none\" style=\"width: 100%;\" controls=\"controls\"><source type=\"audio\/mpeg\" src=\"https:\/\/www.radiopiu.net\/wordpress\/wp-content\/uploads\/2024\/07\/loris-serafini-don-antonio.mp3?_=11\" \/><a href=\"https:\/\/www.radiopiu.net\/wordpress\/wp-content\/uploads\/2024\/07\/loris-serafini-don-antonio.mp3\">https:\/\/www.radiopiu.net\/wordpress\/wp-content\/uploads\/2024\/07\/loris-serafini-don-antonio.mp3<\/a><\/audio>\n<\/div>\n<div><\/div>\n<div><a class=\"dt-pswp-item\" href=\"https:\/\/www.radiopiu.net\/wordpress\/wp-content\/uploads\/2024\/07\/Senza-nome-27.png\" data-dt-img-description=\"\" data-large_image_width=\"800\" data-large_image_height=\"600\"><img loading=\"lazy\" decoding=\"async\" class=\"alignnone wp-image-398085 size-full\" src=\"https:\/\/www.radiopiu.net\/wordpress\/wp-content\/uploads\/2024\/07\/Senza-nome-27.png\" alt=\"\" width=\"800\" height=\"600\" srcset=\"https:\/\/www.radiopiu.net\/wordpress\/wp-content\/uploads\/2024\/07\/Senza-nome-27.png 800w, https:\/\/www.radiopiu.net\/wordpress\/wp-content\/uploads\/2024\/07\/Senza-nome-27-300x225.png 300w, https:\/\/www.radiopiu.net\/wordpress\/wp-content\/uploads\/2024\/07\/Senza-nome-27-768x576.png 768w\" sizes=\"auto, (max-width: 800px) 100vw, 800px\" \/><\/a><\/div>\n<hr \/>\n<p>&nbsp;<\/p>\n<blockquote>\n<h3>TORNA LA SGUBIADA A CANALE D&#8217;AGORDO<\/h3>\n<\/blockquote>\n<p><strong><a class=\"dt-pswp-item\" href=\"https:\/\/www.radiopiu.net\/wordpress\/wp-content\/uploads\/2024\/07\/SGUBIADA.jpg\" data-dt-img-description=\"\" data-large_image_width=\"807\" data-large_image_height=\"610\"><img loading=\"lazy\" decoding=\"async\" class=\" wp-image-398854 alignleft\" src=\"https:\/\/www.radiopiu.net\/wordpress\/wp-content\/uploads\/2024\/07\/SGUBIADA-300x227.jpg\" alt=\"\" width=\"177\" height=\"134\" srcset=\"https:\/\/www.radiopiu.net\/wordpress\/wp-content\/uploads\/2024\/07\/SGUBIADA-300x227.jpg 300w, https:\/\/www.radiopiu.net\/wordpress\/wp-content\/uploads\/2024\/07\/SGUBIADA-768x581.jpg 768w, https:\/\/www.radiopiu.net\/wordpress\/wp-content\/uploads\/2024\/07\/SGUBIADA.jpg 807w\" sizes=\"auto, (max-width: 177px) 100vw, 177px\" \/><\/a>CANALE<\/strong> <strong>D&#8217;AGORDO<\/strong> Dal 19 al 21 luglio 2024 si svolger\u00e0 a Canale d&#8217;Agordo la terza edizione de &#8220;La Sgubiada&#8221;, rassegna di scultura di maschere su legno. Il programma include l&#8217;assegnazione delle postazioni agli scultori il venerd\u00ec alle 14:30 in Piazza Papa Luciani, seguita dal lavoro degli artisti dalle 15:00 alle 18:00 e la presentazione della rassegna alle 18:20. Sabato, gli scultori lavoreranno sia al mattino che al pomeriggio, con una conferenza alle 16:00 presso la sala Zand\u00f2 del MUSAL sul tema &#8220;Nei carnevali alpini cosa ci accomuna?&#8221;, seguita da balli in piazza con il Gruppo Folk Val Biois alle 21:00. Domenica, gli scultori saranno in piazza dalle 8:30 alle 12:00 e dalle 15:00 alle 17:00, seguiti dalla consegna di premi e saluti di chiusura nella sala consiliare del municipio, dove si terr\u00e0 anche una mostra a tema. La rassegna, promossa dal Comitato La Zinghenesta, ha l&#8217;obiettivo di rivitalizzare la tradizione della scultura di maschere in legno e di animare il centro storico di Canale d&#8217;Agordo, rendendo la zona pedonale per permettere ai visitatori di apprezzare l&#8217;ambiente senza il passaggio delle auto.<\/p>\n<p>&nbsp;<\/p>\n<p>&nbsp;<\/p>\n<hr \/>\n<p>&nbsp;<\/p>\n<blockquote>\n<h3>CAI-AGORDO Escursionismo: Alla Conquista di Cima Cece nella Catena dei Lagorai<\/h3>\n<\/blockquote>\n<p><strong><a class=\"dt-pswp-item\" href=\"https:\/\/www.radiopiu.net\/wordpress\/wp-content\/uploads\/2024\/07\/th-4.jpg\" data-dt-img-description=\"\" data-large_image_width=\"270\" data-large_image_height=\"180\"><img loading=\"lazy\" decoding=\"async\" class=\"size-full wp-image-399063 alignleft\" src=\"https:\/\/www.radiopiu.net\/wordpress\/wp-content\/uploads\/2024\/07\/th-4.jpg\" alt=\"\" width=\"270\" height=\"180\" \/><\/a>AGORDO<\/strong> Un percorso escursionistico di grande fascino e impegno attende gli appassionati di montagna domenica 14 luglio. L&#8217;obiettivo: raggiungere la vetta di Cima Cece, la cima pi\u00f9 alta della Catena dei Lagorai, con i suoi 2.754 metri di altitudine. L&#8217;escursione si snoda attraverso paesaggi selvaggi e suggestivi, caratterizzati dai contrasti cromatici delle scure rocce porfiriche e delle circostanti dolomie. I partecipanti avranno l&#8217;opportunit\u00e0 di calpestare i resti dei camminamenti della Grande Guerra, attraversare creste frastagliate e ammirare snelle guglie. La croce in ferro battuto sulla sommit\u00e0 rappresenta l&#8217;ambito premio per chi completa questa impegnativa escursione. Una volta in cima, la vista panoramica a 360 gradi ripagher\u00e0 ogni sforzo con una prospettiva inebriante sulle Dolomiti di Fiemme. Classificata come escursione EE (Escursionisti Esperti), il percorso \u00e8 impegnativo sia per il dislivello che per lo sviluppo, richiedendo buona preparazione fisica ed esperienza in montagna. Un&#8217;esperienza da non perdere per chi ama le sfide e desidera immergersi in uno degli angoli pi\u00f9 affascinanti delle Dolomiti.Per Iscrizioni e info telefonare al : 380.6983040<\/p>\n<p>&nbsp;<\/p>\n<p>&nbsp;<\/p>\n<hr \/>\n<p>&nbsp;<\/p>\n<blockquote>\n<h3>L&#8217;INAUGURAZIONE DEL PERCORSO NATURALISTICO &#8220;IL RITORNO DEL POETA&#8221;<\/h3>\n<\/blockquote>\n<p><strong>CANALE D&#8217;AGORDO<\/strong> L&#8217;Associazione \u201cI Bandoi\u201d di Carfon, fondata due anni fa per salvaguardare il territorio e la frazione nel comune di Canale d\u2019Agordo, ha celebrato nel 2022 il 2000\u00b0 anniversario della morte del poeta Valerio Da Pos con un murales realizzato dall&#8217;artista Dunio Piccolin. Nello stesso anno, i volontari hanno completato un museo etnografico nella latteria locale, mantenendo intatta l&#8217;antica attrezzatura casearia e dedicando una sezione al poeta Valerio Da Pos con oggetti della sua casa e copie dei suoi manoscritti. Il museo espone anche opere degli scultori Benedetto e Amedeo Da Pos e strumenti della vita quotidiana di un tempo. Domani, alle ore 17.00, verr\u00e0 inaugurato il percorso culturale naturalistico \u201cIl Ritorno del Poeta\u201d lungo la strada pedonale Canale d\u2019Agordo-Carfon, con poesie di Valerio Da Pos in bacheche. Questo percorso onora il poeta e ricorda gli emigranti che fino agli anni \u201970 tornavano a piedi al paese. La cerimonia includer\u00e0 la benedizione del Parroco Don Vito e la presenza dei sindaci della valle e sostenitori dell\u2019Associazione.<\/p>\n\n\t\t\t<style type='text\/css'>\n\t\t\t\t#gallery-5 {\n\t\t\t\t\tmargin: auto;\n\t\t\t\t}\n\t\t\t\t#gallery-5 .gallery-item {\n\t\t\t\t\tfloat: left;\n\t\t\t\t\tmargin-top: 10px;\n\t\t\t\t\ttext-align: center;\n\t\t\t\t\twidth: 33%;\n\t\t\t\t}\n\t\t\t\t#gallery-5 img {\n\t\t\t\t\tborder: 2px solid #cfcfcf;\n\t\t\t\t}\n\t\t\t\t#gallery-5 .gallery-caption {\n\t\t\t\t\tmargin-left: 0;\n\t\t\t\t}\n\t\t\t\t\/* see gallery_shortcode() in wp-includes\/media.php *\/\n\t\t\t<\/style>\n\t\t<div id='gallery-5' class='dt-gallery-container gallery galleryid-398898 gallery-columns-3 gallery-size-thumbnail'><dl class='gallery-item'>\n\t\t\t\t<dt class='gallery-icon portrait'>\n\t\t\t\t\t<a class=\"rollover rollover-zoom dt-pswp-item\" title=\"DB2117E6\" data-dt-img-description=\"\" data-large_image_width=\"720\" data-large_image_height=\"1280\"href='https:\/\/www.radiopiu.net\/wordpress\/wp-content\/uploads\/2024\/07\/DB2117E6.jpg'><img loading=\"lazy\" decoding=\"async\" width=\"150\" height=\"150\" src=\"https:\/\/www.radiopiu.net\/wordpress\/wp-content\/uploads\/2024\/07\/DB2117E6-150x150.jpg\" class=\"attachment-thumbnail size-thumbnail\" alt=\"\" \/><\/a>\n\t\t\t\t<\/dt><\/dl><dl class='gallery-item'>\n\t\t\t\t<dt class='gallery-icon portrait'>\n\t\t\t\t\t<a class=\"rollover rollover-zoom dt-pswp-item\" title=\"IMG_8532\" data-dt-img-description=\"\" data-large_image_width=\"1512\" data-large_image_height=\"2016\"href='https:\/\/www.radiopiu.net\/wordpress\/wp-content\/uploads\/2024\/07\/IMG_8532-rotated.jpg'><img loading=\"lazy\" decoding=\"async\" width=\"150\" height=\"150\" src=\"https:\/\/www.radiopiu.net\/wordpress\/wp-content\/uploads\/2024\/07\/IMG_8532-150x150.jpg\" class=\"attachment-thumbnail size-thumbnail\" alt=\"\" \/><\/a>\n\t\t\t\t<\/dt><\/dl><dl class='gallery-item'>\n\t\t\t\t<dt class='gallery-icon portrait'>\n\t\t\t\t\t<a class=\"rollover rollover-zoom dt-pswp-item\" title=\"IMG_8541\" data-dt-img-description=\"\" data-large_image_width=\"1512\" data-large_image_height=\"2016\"href='https:\/\/www.radiopiu.net\/wordpress\/wp-content\/uploads\/2024\/07\/IMG_8541-rotated.jpg'><img loading=\"lazy\" decoding=\"async\" width=\"150\" height=\"150\" src=\"https:\/\/www.radiopiu.net\/wordpress\/wp-content\/uploads\/2024\/07\/IMG_8541-150x150.jpg\" class=\"attachment-thumbnail size-thumbnail\" alt=\"\" \/><\/a>\n\t\t\t\t<\/dt><\/dl><br style=\"clear: both\" \/>\n\t\t\t<\/div>\n\n<p>&nbsp;<\/p>\n<p>&nbsp;<\/p>\n<hr \/>\n<p>&nbsp;<\/p>\n<blockquote>\n<h2>Festival &#8220;Trichiana Paese del Libro&#8221; a Borgo Valbelluna<\/h2>\n<\/blockquote>\n<blockquote><p><em>Dal 22 al 27 luglio, eventi letterari e culturali per la 34a edizione del Premio Letterario Nazionale<\/em><\/p><\/blockquote>\n<p><strong>BORGO VALBELLUNA<\/strong><\/p>\n<p><img loading=\"lazy\" decoding=\"async\" class=\"alignleft\" src=\"https:\/\/www.radiopiu.net\/wordpress\/wp-content\/uploads\/2024\/07\/th-3.jpg\" width=\"150\" height=\"150\" \/>Dal 22 al 27 luglio, Borgo Valbelluna ospiter\u00e0 il Festival \u201cTrichiana Paese del Libro\u201d in occasione della 34a edizione del Premio Letterario Nazionale. I fratelli Aldo, Mario e Renzo Cortina, originari di Trichiana e noti librai, donarono nel 1972 circa seimila libri per fondare la biblioteca comunale, conferendo al comune il titolo di &#8220;Paese del Libro&#8221;. Nel 1991 nacque il concorso per racconti inediti, giunto ora alla 34a edizione con il tema &#8220;Inventare, trasformare, costruire: storie dal mondo del lavoro&#8221;. Il festival si aprir\u00e0 luned\u00ec 22 luglio con una lettura teatrale di Matteo Lancini. Mercoled\u00ec 24, Michele Firpo presenter\u00e0 un reading tratto da &#8220;Sogno di un muratore&#8221; di Stefano Benni. Venerd\u00ec 26, Chiara Alpago-Novello dialogher\u00e0 con l&#8217;autrice Silvia Bencivelli. La chiusura, sabato 27, vedr\u00e0 un intervento di Alessandra Grandelis e la premiazione dei 10 finalisti del concorso. Tutti gli eventi sono gratuiti e non richiedono prenotazione.<\/p>\n<p>&nbsp;<\/p>\n<hr \/>\n<p>&nbsp;<\/p>\n<blockquote>\n<h3>DOMANI CORTIVI APERTI<\/h3>\n<\/blockquote>\n<p><strong><a class=\"dt-pswp-item\" href=\"https:\/\/www.radiopiu.net\/wordpress\/wp-content\/uploads\/2023\/01\/Schermata-2023-01-04-alle-11.37.29.png\" data-dt-img-description=\"\" data-large_image_width=\"344\" data-large_image_height=\"222\"><img loading=\"lazy\" decoding=\"async\" class=\" wp-image-314871 alignleft\" src=\"https:\/\/www.radiopiu.net\/wordpress\/wp-content\/uploads\/2023\/01\/Schermata-2023-01-04-alle-11.37.29-300x194.png\" alt=\"\" width=\"142\" height=\"92\" srcset=\"https:\/\/www.radiopiu.net\/wordpress\/wp-content\/uploads\/2023\/01\/Schermata-2023-01-04-alle-11.37.29-300x194.png 300w, https:\/\/www.radiopiu.net\/wordpress\/wp-content\/uploads\/2023\/01\/Schermata-2023-01-04-alle-11.37.29.png 344w\" sizes=\"auto, (max-width: 142px) 100vw, 142px\" \/><\/a>BELLUNO<\/strong> Domani, alle 20:30, si terr\u00e0 un concerto corale all&#8217;aperto presso la suggestiva Corte Varola in via Col del Vin 6, promosso dall&#8217;associazione &#8220;Cortivi aperti&#8221; di Bes con il patrocinio del Comune di Belluno e in collaborazione con l&#8217;AICS. Due complessi corali si esibiranno: il Coro Oio di S. Giustina, diretto da Enzo Dal Molin e presentato da Luciano Dal Molin, noto per il repertorio di canti popolari locali e tradizionali, e il Gruppo corale &#8220;Voci in valle&#8221; di Sedico, diretto da Bruno Cargnel e Marisa Santomaso, con un repertorio che spazia dal folk internazionale alla musica leggera. In caso di maltempo, l&#8217;evento si terr\u00e0 nella chiesa di S. Martino di Bes. L&#8217;ingresso \u00e8 libero e sar\u00e0 disponibile uno stand enogastronomico prima e dopo il concerto.<\/p>\n<p>&nbsp;<\/p>\n<p>&nbsp;<\/p>\n<hr \/>\n<p>&nbsp;<\/p>\n<blockquote>\n<h3>TORNA DOLOMITI FILM FESTIVAL<\/h3>\n<\/blockquote>\n<p><strong><a class=\"dt-pswp-item\" href=\"https:\/\/www.radiopiu.net\/wordpress\/wp-content\/uploads\/2024\/07\/DOLOMITI-FILM-FESTIVAL.png\" data-dt-img-description=\"\" data-large_image_width=\"786\" data-large_image_height=\"508\"><img loading=\"lazy\" decoding=\"async\" class=\" wp-image-398975 alignleft\" src=\"https:\/\/www.radiopiu.net\/wordpress\/wp-content\/uploads\/2024\/07\/DOLOMITI-FILM-FESTIVAL-300x194.png\" alt=\"\" width=\"199\" height=\"129\" srcset=\"https:\/\/www.radiopiu.net\/wordpress\/wp-content\/uploads\/2024\/07\/DOLOMITI-FILM-FESTIVAL-300x194.png 300w, https:\/\/www.radiopiu.net\/wordpress\/wp-content\/uploads\/2024\/07\/DOLOMITI-FILM-FESTIVAL-768x496.png 768w, https:\/\/www.radiopiu.net\/wordpress\/wp-content\/uploads\/2024\/07\/DOLOMITI-FILM-FESTIVAL.png 786w\" sizes=\"auto, (max-width: 199px) 100vw, 199px\" \/><\/a>CORTINA <\/strong>Il Dolomiti Film Festival, nato nel 2021, si terr\u00e0 dal 25 al 28 luglio 2024 tra Cortina d\u2019Ampezzo, San Vito e Vodo di Cadore. La quarta edizione celebra il 70\u00b0 anniversario della conquista del K2 da parte della spedizione italiana. Il festival include un concorso internazionale di documentari, incontri ed eventi per la tutela della natura, l&#8217;inclusivit\u00e0 e la promozione della cultura e dello sport di montagna. Organizzato da Federico Massa e Tommaso Brugin, il festival mira a promuovere il documentario come forma d\u2019arte e a valorizzare le Terre Alte. L&#8217;edizione 2024 avr\u00e0 ospiti come Tamara Lunger e collaborazioni con gli Scoiattoli di Cortina.<\/p>\n<p>&nbsp;<\/p>\n<p>&nbsp;<\/p>\n<hr \/>\n<p>&nbsp;<\/p>\n<blockquote>\n<h3>A PONTE SAN FELICE LA COMMEMORAZIONE DEI PARTIGIANI CADUTI<\/h3>\n<\/blockquote>\n<p><strong>BELLUNO<\/strong><\/p>\n<p>DI ROBERTO BONA<\/p>\n<audio class=\"wp-audio-shortcode\" id=\"audio-398898-12\" preload=\"none\" style=\"width: 100%;\" controls=\"controls\"><source type=\"audio\/mpeg\" src=\"https:\/\/www.radiopiu.net\/wordpress\/wp-content\/uploads\/2024\/07\/BONA-A-PONTE-SAN-FELICE-LA-COMMEMORAZIONE-DEI-PARTIGIANI-CADUTI.mp3?_=12\" \/><a href=\"https:\/\/www.radiopiu.net\/wordpress\/wp-content\/uploads\/2024\/07\/BONA-A-PONTE-SAN-FELICE-LA-COMMEMORAZIONE-DEI-PARTIGIANI-CADUTI.mp3\">https:\/\/www.radiopiu.net\/wordpress\/wp-content\/uploads\/2024\/07\/BONA-A-PONTE-SAN-FELICE-LA-COMMEMORAZIONE-DEI-PARTIGIANI-CADUTI.mp3<\/a><\/audio>\n<p>&nbsp;<\/p>\n<p>&nbsp;<\/p>\n<hr \/>\n<p>&nbsp;<\/p>\n<h2><span style=\"color: #ff6600;\">ALLA RADIO<\/span><\/h2>\n<h2><span style=\"color: #ff00ff;\">TIME FOR ME&#8230;.CON VANESSA BASSOT<\/span><\/h2>\n<p><strong><a class=\"dt-pswp-item\" href=\"https:\/\/www.radiopiu.net\/wordpress\/wp-content\/uploads\/2024\/07\/b90c0560-12ab-4fd1-a191-0e592dfd4519.jpg\" data-dt-img-description=\"\" data-large_image_width=\"1080\" data-large_image_height=\"1109\"><img loading=\"lazy\" decoding=\"async\" class=\" wp-image-399021 alignleft\" src=\"https:\/\/www.radiopiu.net\/wordpress\/wp-content\/uploads\/2024\/07\/b90c0560-12ab-4fd1-a191-0e592dfd4519-292x300.jpg\" alt=\"\" width=\"187\" height=\"192\" srcset=\"https:\/\/www.radiopiu.net\/wordpress\/wp-content\/uploads\/2024\/07\/b90c0560-12ab-4fd1-a191-0e592dfd4519-292x300.jpg 292w, https:\/\/www.radiopiu.net\/wordpress\/wp-content\/uploads\/2024\/07\/b90c0560-12ab-4fd1-a191-0e592dfd4519-997x1024.jpg 997w, https:\/\/www.radiopiu.net\/wordpress\/wp-content\/uploads\/2024\/07\/b90c0560-12ab-4fd1-a191-0e592dfd4519-768x789.jpg 768w, https:\/\/www.radiopiu.net\/wordpress\/wp-content\/uploads\/2024\/07\/b90c0560-12ab-4fd1-a191-0e592dfd4519.jpg 1080w\" sizes=\"auto, (max-width: 187px) 100vw, 187px\" \/><\/a>DI MARINA DONA&#8217;<\/strong><\/p>\n<p>OSPITE VANESSA BASSOT<\/p>\n<p><span style=\"color: #0000ff;\"><strong>PRIMA PARTE<\/strong><\/span><\/p>\n<audio class=\"wp-audio-shortcode\" id=\"audio-398898-13\" preload=\"none\" style=\"width: 100%;\" controls=\"controls\"><source type=\"audio\/mpeg\" src=\"https:\/\/www.radiopiu.net\/wordpress\/wp-content\/uploads\/2024\/07\/TIME1-1.mp3?_=13\" \/><a href=\"https:\/\/www.radiopiu.net\/wordpress\/wp-content\/uploads\/2024\/07\/TIME1-1.mp3\">https:\/\/www.radiopiu.net\/wordpress\/wp-content\/uploads\/2024\/07\/TIME1-1.mp3<\/a><\/audio>\n<p><span style=\"color: #0000ff;\"><strong>\u00a0<\/strong><\/span><\/p>\n<p><span style=\"color: #0000ff;\"><strong>SECONDA PARTE<\/strong><\/span><\/p>\n<audio class=\"wp-audio-shortcode\" id=\"audio-398898-14\" preload=\"none\" style=\"width: 100%;\" controls=\"controls\"><source type=\"audio\/mpeg\" src=\"https:\/\/www.radiopiu.net\/wordpress\/wp-content\/uploads\/2024\/07\/TIME2-1.mp3?_=14\" \/><a href=\"https:\/\/www.radiopiu.net\/wordpress\/wp-content\/uploads\/2024\/07\/TIME2-1.mp3\">https:\/\/www.radiopiu.net\/wordpress\/wp-content\/uploads\/2024\/07\/TIME2-1.mp3<\/a><\/audio>\n<p><span style=\"color: #0000ff;\"><strong>\u00a0<\/strong><\/span><\/p>\n<p><span style=\"color: #0000ff;\"><strong>TERZA PARTE<\/strong><\/span><\/p>\n<audio class=\"wp-audio-shortcode\" id=\"audio-398898-15\" preload=\"none\" style=\"width: 100%;\" controls=\"controls\"><source type=\"audio\/mpeg\" src=\"https:\/\/www.radiopiu.net\/wordpress\/wp-content\/uploads\/2024\/07\/TIME3-1.mp3?_=15\" \/><a href=\"https:\/\/www.radiopiu.net\/wordpress\/wp-content\/uploads\/2024\/07\/TIME3-1.mp3\">https:\/\/www.radiopiu.net\/wordpress\/wp-content\/uploads\/2024\/07\/TIME3-1.mp3<\/a><\/audio>\n<p>&nbsp;<\/p>\n<p>&nbsp;<\/p>\n<p>&nbsp;<\/p>\n<hr \/>\n<p>&nbsp;<\/p>\n<h2><span style=\"color: #993366;\"><a class=\"dt-pswp-item\" href=\"https:\/\/www.radiopiu.net\/wordpress\/wp-content\/uploads\/2024\/06\/c2f4f425-e175-4bc7-918a-e3d1330c6c31.jpg\" data-dt-img-description=\"\" data-large_image_width=\"1080\" data-large_image_height=\"907\"><img loading=\"lazy\" decoding=\"async\" class=\" wp-image-393091 alignleft\" src=\"https:\/\/www.radiopiu.net\/wordpress\/wp-content\/uploads\/2024\/06\/c2f4f425-e175-4bc7-918a-e3d1330c6c31-300x252.jpg\" alt=\"\" width=\"119\" height=\"100\" srcset=\"https:\/\/www.radiopiu.net\/wordpress\/wp-content\/uploads\/2024\/06\/c2f4f425-e175-4bc7-918a-e3d1330c6c31-300x252.jpg 300w, https:\/\/www.radiopiu.net\/wordpress\/wp-content\/uploads\/2024\/06\/c2f4f425-e175-4bc7-918a-e3d1330c6c31-1024x860.jpg 1024w, https:\/\/www.radiopiu.net\/wordpress\/wp-content\/uploads\/2024\/06\/c2f4f425-e175-4bc7-918a-e3d1330c6c31-768x645.jpg 768w, https:\/\/www.radiopiu.net\/wordpress\/wp-content\/uploads\/2024\/06\/c2f4f425-e175-4bc7-918a-e3d1330c6c31.jpg 1080w\" sizes=\"auto, (max-width: 119px) 100vw, 119px\" \/><\/a><span style=\"color: #00ccff;\">ZAINO DA VIAGGIO AL FEMMINILE<\/span><\/span><\/h2>\n<p><strong>IL PROGRAMMA DI PAOLA LANCIATO<\/strong><\/p>\n<p>UNDICESIMA PUNTATA: IL CASTELLO DI DUINO<\/p>\n<blockquote class=\"wp-embedded-content\" data-secret=\"pZtkoJ5i6P\"><p><a href=\"https:\/\/www.radiopiu.net\/wordpress\/zaino-femminile-lanciato\/\">Zaino da viaggio al femminile<\/a><\/p><\/blockquote>\n<p><iframe loading=\"lazy\" class=\"wp-embedded-content\" sandbox=\"allow-scripts\" security=\"restricted\" style=\"position: absolute; clip: rect(1px, 1px, 1px, 1px);\" title=\"&#8220;Zaino da viaggio al femminile&#8221; &#8212; Radio Pi\u00f9\" src=\"https:\/\/www.radiopiu.net\/wordpress\/zaino-femminile-lanciato\/embed\/#?secret=Hkvc5MWEBy#?secret=pZtkoJ5i6P\" data-secret=\"pZtkoJ5i6P\" width=\"600\" height=\"338\" frameborder=\"0\" marginwidth=\"0\" marginheight=\"0\" scrolling=\"no\"><\/iframe><\/p>\n<p>&nbsp;<\/p>\n<hr \/>\n<p>&nbsp;<\/p>\n<h2><span style=\"color: #ff0000;\"><a class=\"dt-pswp-item\" href=\"https:\/\/www.radiopiu.net\/wordpress\/wp-content\/uploads\/2018\/09\/appuntamenti.jpeg\" data-dt-img-description=\"\" data-large_image_width=\"800\" data-large_image_height=\"100\"><img loading=\"lazy\" decoding=\"async\" class=\"wp-image-61958 size-full aligncenter\" src=\"https:\/\/www.radiopiu.net\/wordpress\/wp-content\/uploads\/2018\/09\/appuntamenti.jpeg\" alt=\"\" width=\"800\" height=\"100\" srcset=\"https:\/\/www.radiopiu.net\/wordpress\/wp-content\/uploads\/2018\/09\/appuntamenti.jpeg 800w, https:\/\/www.radiopiu.net\/wordpress\/wp-content\/uploads\/2018\/09\/appuntamenti-300x38.jpeg 300w, https:\/\/www.radiopiu.net\/wordpress\/wp-content\/uploads\/2018\/09\/appuntamenti-768x96.jpeg 768w\" sizes=\"auto, (max-width: 800px) 100vw, 800px\" \/><\/a><\/span><\/h2>\n<div>\n<div class=\"\" dir=\"auto\">\n<div id=\":r9h:\" class=\"x1iorvi4 x1pi30zi x1l90r2v x1swvt13\" data-ad-comet-preview=\"message\" data-ad-preview=\"message\">\n\n\t\t\t<style type='text\/css'>\n\t\t\t\t#gallery-6 {\n\t\t\t\t\tmargin: auto;\n\t\t\t\t}\n\t\t\t\t#gallery-6 .gallery-item {\n\t\t\t\t\tfloat: left;\n\t\t\t\t\tmargin-top: 10px;\n\t\t\t\t\ttext-align: center;\n\t\t\t\t\twidth: 14%;\n\t\t\t\t}\n\t\t\t\t#gallery-6 img {\n\t\t\t\t\tborder: 2px solid #cfcfcf;\n\t\t\t\t}\n\t\t\t\t#gallery-6 .gallery-caption {\n\t\t\t\t\tmargin-left: 0;\n\t\t\t\t}\n\t\t\t\t\/* see gallery_shortcode() in wp-includes\/media.php *\/\n\t\t\t<\/style>\n\t\t<div id='gallery-6' class='dt-gallery-container gallery galleryid-398898 gallery-columns-7 gallery-size-thumbnail'><dl class='gallery-item'>\n\t\t\t\t<dt class='gallery-icon portrait'>\n\t\t\t\t\t<a class=\"rollover rollover-zoom dt-pswp-item\" title=\"6611bb69-29ce-483e-ba61-1b39542903cc\" data-dt-img-description=\"\" data-large_image_width=\"1032\" data-large_image_height=\"1473\"href='https:\/\/www.radiopiu.net\/wordpress\/wp-content\/uploads\/2024\/06\/6611bb69-29ce-483e-ba61-1b39542903cc.jpg'><img loading=\"lazy\" decoding=\"async\" width=\"150\" height=\"150\" src=\"https:\/\/www.radiopiu.net\/wordpress\/wp-content\/uploads\/2024\/06\/6611bb69-29ce-483e-ba61-1b39542903cc-150x150.jpg\" class=\"attachment-thumbnail size-thumbnail\" alt=\"\" aria-describedby=\"gallery-6-396645\" \/><\/a>\n\t\t\t\t<\/dt>\n\t\t\t\t\t<dd class='wp-caption-text gallery-caption' id='gallery-6-396645'>\n\t\t\t\t\t12 LUGLIO AGORDO BAR DELLE BOCCE\n\t\t\t\t\t<\/dd><\/dl><dl class='gallery-item'>\n\t\t\t\t<dt class='gallery-icon landscape'>\n\t\t\t\t\t<a class=\"rollover rollover-zoom dt-pswp-item\" title=\"47e827aa-7a16-4fad-a5c6-13b40e1918c0\" data-dt-img-description=\"\" data-large_image_width=\"1080\" data-large_image_height=\"1080\"href='https:\/\/www.radiopiu.net\/wordpress\/wp-content\/uploads\/2024\/07\/47e827aa-7a16-4fad-a5c6-13b40e1918c0.jpg'><img loading=\"lazy\" decoding=\"async\" width=\"150\" height=\"150\" src=\"https:\/\/www.radiopiu.net\/wordpress\/wp-content\/uploads\/2024\/07\/47e827aa-7a16-4fad-a5c6-13b40e1918c0-150x150.jpg\" class=\"attachment-thumbnail size-thumbnail\" alt=\"\" aria-describedby=\"gallery-6-398864\" srcset=\"https:\/\/www.radiopiu.net\/wordpress\/wp-content\/uploads\/2024\/07\/47e827aa-7a16-4fad-a5c6-13b40e1918c0-150x150.jpg 150w, https:\/\/www.radiopiu.net\/wordpress\/wp-content\/uploads\/2024\/07\/47e827aa-7a16-4fad-a5c6-13b40e1918c0-300x300.jpg 300w, https:\/\/www.radiopiu.net\/wordpress\/wp-content\/uploads\/2024\/07\/47e827aa-7a16-4fad-a5c6-13b40e1918c0-1024x1024.jpg 1024w, https:\/\/www.radiopiu.net\/wordpress\/wp-content\/uploads\/2024\/07\/47e827aa-7a16-4fad-a5c6-13b40e1918c0-768x768.jpg 768w, https:\/\/www.radiopiu.net\/wordpress\/wp-content\/uploads\/2024\/07\/47e827aa-7a16-4fad-a5c6-13b40e1918c0.jpg 1080w\" sizes=\"auto, (max-width: 150px) 100vw, 150px\" \/><\/a>\n\t\t\t\t<\/dt>\n\t\t\t\t\t<dd class='wp-caption-text gallery-caption' id='gallery-6-398864'>\n\t\t\t\t\tCAMMINATA MEDITATIVA A SELVA DI CADORE\n\t\t\t\t\t<\/dd><\/dl><dl class='gallery-item'>\n\t\t\t\t<dt class='gallery-icon portrait'>\n\t\t\t\t\t<a class=\"rollover rollover-zoom dt-pswp-item\" title=\"29cc183b-9830-4d50-8ac6-cbf3c300cc4f\" data-dt-img-description=\"\" data-large_image_width=\"1087\" data-large_image_height=\"1600\"href='https:\/\/www.radiopiu.net\/wordpress\/wp-content\/uploads\/2024\/06\/29cc183b-9830-4d50-8ac6-cbf3c300cc4f.jpg'><img loading=\"lazy\" decoding=\"async\" width=\"150\" height=\"150\" src=\"https:\/\/www.radiopiu.net\/wordpress\/wp-content\/uploads\/2024\/06\/29cc183b-9830-4d50-8ac6-cbf3c300cc4f-150x150.jpg\" class=\"attachment-thumbnail size-thumbnail\" alt=\"\" aria-describedby=\"gallery-6-396857\" \/><\/a>\n\t\t\t\t<\/dt>\n\t\t\t\t\t<dd class='wp-caption-text gallery-caption' id='gallery-6-396857'>\n\t\t\t\t\t13 LUGLIO&#8230; DAI ROMANIIIIIIIIIII\n\t\t\t\t\t<\/dd><\/dl><dl class='gallery-item'>\n\t\t\t\t<dt class='gallery-icon portrait'>\n\t\t\t\t\t<a class=\"rollover rollover-zoom dt-pswp-item\" title=\"40970b49-6296-4dc3-93d6-aa5934e19f37\" data-dt-img-description=\"\" data-large_image_width=\"1131\" data-large_image_height=\"1600\"href='https:\/\/www.radiopiu.net\/wordpress\/wp-content\/uploads\/2024\/06\/40970b49-6296-4dc3-93d6-aa5934e19f37.jpg'><img loading=\"lazy\" decoding=\"async\" width=\"150\" height=\"150\" src=\"https:\/\/www.radiopiu.net\/wordpress\/wp-content\/uploads\/2024\/06\/40970b49-6296-4dc3-93d6-aa5934e19f37-150x150.jpg\" class=\"attachment-thumbnail size-thumbnail\" alt=\"\" aria-describedby=\"gallery-6-396648\" \/><\/a>\n\t\t\t\t<\/dt>\n\t\t\t\t\t<dd class='wp-caption-text gallery-caption' id='gallery-6-396648'>\n\t\t\t\t\t14 LUGLIO IL PROFESSORE! PRESENTA IL LIBRO\n\t\t\t\t\t<\/dd><\/dl><dl class='gallery-item'>\n\t\t\t\t<dt class='gallery-icon portrait'>\n\t\t\t\t\t<a class=\"rollover rollover-zoom dt-pswp-item\" title=\"85560c93-2023-4ff8-a991-c581dc31b996\" data-dt-img-description=\"\" data-large_image_width=\"1132\" data-large_image_height=\"1600\"href='https:\/\/www.radiopiu.net\/wordpress\/wp-content\/uploads\/2024\/07\/85560c93-2023-4ff8-a991-c581dc31b996.jpg'><img loading=\"lazy\" decoding=\"async\" width=\"150\" height=\"150\" src=\"https:\/\/www.radiopiu.net\/wordpress\/wp-content\/uploads\/2024\/07\/85560c93-2023-4ff8-a991-c581dc31b996-150x150.jpg\" class=\"attachment-thumbnail size-thumbnail\" alt=\"\" aria-describedby=\"gallery-6-399066\" \/><\/a>\n\t\t\t\t<\/dt>\n\t\t\t\t\t<dd class='wp-caption-text gallery-caption' id='gallery-6-399066'>\n\t\t\t\t\t19 LUGLIO CON BORGO SOTTOGUDA\n\t\t\t\t\t<\/dd><\/dl><dl class='gallery-item'>\n\t\t\t\t<dt class='gallery-icon portrait'>\n\t\t\t\t\t<a class=\"rollover rollover-zoom dt-pswp-item\" title=\"449991823_122137296134256756_778850350827646908_n\" data-dt-img-description=\"\" data-large_image_width=\"1080\" data-large_image_height=\"1528\"href='https:\/\/www.radiopiu.net\/wordpress\/wp-content\/uploads\/2024\/07\/449991823_122137296134256756_778850350827646908_n.jpg'><img loading=\"lazy\" decoding=\"async\" width=\"150\" height=\"150\" src=\"https:\/\/www.radiopiu.net\/wordpress\/wp-content\/uploads\/2024\/07\/449991823_122137296134256756_778850350827646908_n-150x150.jpg\" class=\"attachment-thumbnail size-thumbnail\" alt=\"\" aria-describedby=\"gallery-6-398203\" \/><\/a>\n\t\t\t\t<\/dt>\n\t\t\t\t\t<dd class='wp-caption-text gallery-caption' id='gallery-6-398203'>\n\t\t\t\t\tSABATO 20 LUGLIO A CANALE D&#8217;AGORDO\n\t\t\t\t\t<\/dd><\/dl><dl class='gallery-item'>\n\t\t\t\t<dt class='gallery-icon portrait'>\n\t\t\t\t\t<a class=\"rollover rollover-zoom dt-pswp-item\" title=\"6aaaad58-800e-4990-a3b1-996dabdbe745\" data-dt-img-description=\"\" data-large_image_width=\"1131\" data-large_image_height=\"1600\"href='https:\/\/www.radiopiu.net\/wordpress\/wp-content\/uploads\/2024\/07\/6aaaad58-800e-4990-a3b1-996dabdbe745.jpg'><img loading=\"lazy\" decoding=\"async\" width=\"150\" height=\"150\" src=\"https:\/\/www.radiopiu.net\/wordpress\/wp-content\/uploads\/2024\/07\/6aaaad58-800e-4990-a3b1-996dabdbe745-150x150.jpg\" class=\"attachment-thumbnail size-thumbnail\" alt=\"\" aria-describedby=\"gallery-6-397565\" \/><\/a>\n\t\t\t\t<\/dt>\n\t\t\t\t\t<dd class='wp-caption-text gallery-caption' id='gallery-6-397565'>\n\t\t\t\t\tDAL 20 LUGLIO A VOLTAGO\n\t\t\t\t\t<\/dd><\/dl><br style=\"clear: both\" \/><dl class='gallery-item'>\n\t\t\t\t<dt class='gallery-icon landscape'>\n\t\t\t\t\t<a class=\"rollover rollover-zoom dt-pswp-item\" title=\"d5b0b734-6816-4395-8e21-976a97a70deb\" data-dt-img-description=\"\" data-large_image_width=\"1080\" data-large_image_height=\"1080\"href='https:\/\/www.radiopiu.net\/wordpress\/wp-content\/uploads\/2024\/06\/d5b0b734-6816-4395-8e21-976a97a70deb.jpg'><img loading=\"lazy\" decoding=\"async\" width=\"150\" height=\"150\" src=\"https:\/\/www.radiopiu.net\/wordpress\/wp-content\/uploads\/2024\/06\/d5b0b734-6816-4395-8e21-976a97a70deb-150x150.jpg\" class=\"attachment-thumbnail size-thumbnail\" alt=\"\" aria-describedby=\"gallery-6-396287\" srcset=\"https:\/\/www.radiopiu.net\/wordpress\/wp-content\/uploads\/2024\/06\/d5b0b734-6816-4395-8e21-976a97a70deb-150x150.jpg 150w, https:\/\/www.radiopiu.net\/wordpress\/wp-content\/uploads\/2024\/06\/d5b0b734-6816-4395-8e21-976a97a70deb-300x300.jpg 300w, https:\/\/www.radiopiu.net\/wordpress\/wp-content\/uploads\/2024\/06\/d5b0b734-6816-4395-8e21-976a97a70deb-1024x1024.jpg 1024w, https:\/\/www.radiopiu.net\/wordpress\/wp-content\/uploads\/2024\/06\/d5b0b734-6816-4395-8e21-976a97a70deb-768x768.jpg 768w, https:\/\/www.radiopiu.net\/wordpress\/wp-content\/uploads\/2024\/06\/d5b0b734-6816-4395-8e21-976a97a70deb.jpg 1080w\" sizes=\"auto, (max-width: 150px) 100vw, 150px\" \/><\/a>\n\t\t\t\t<\/dt>\n\t\t\t\t\t<dd class='wp-caption-text gallery-caption' id='gallery-6-396287'>\n\t\t\t\t\t25 LUGLIO A VOLTAGO\n\t\t\t\t\t<\/dd><\/dl><dl class='gallery-item'>\n\t\t\t\t<dt class='gallery-icon portrait'>\n\t\t\t\t\t<a class=\"rollover rollover-zoom dt-pswp-item\" title=\"441936111_953300066803441_3663667299753321850_n\" data-dt-img-description=\"\" data-large_image_width=\"520\" data-large_image_height=\"640\"href='https:\/\/www.radiopiu.net\/wordpress\/wp-content\/uploads\/2024\/06\/441936111_953300066803441_3663667299753321850_n.jpg'><img loading=\"lazy\" decoding=\"async\" width=\"150\" height=\"150\" src=\"https:\/\/www.radiopiu.net\/wordpress\/wp-content\/uploads\/2024\/06\/441936111_953300066803441_3663667299753321850_n-150x150.jpg\" class=\"attachment-thumbnail size-thumbnail\" alt=\"\" aria-describedby=\"gallery-6-394061\" \/><\/a>\n\t\t\t\t<\/dt>\n\t\t\t\t\t<dd class='wp-caption-text gallery-caption' id='gallery-6-394061'>\n\t\t\t\t\t31 LUGLIO AL MINIERE E IN DIRETTA ALLA RADIO \n\t\t\t\t\t<\/dd><\/dl><dl class='gallery-item'>\n\t\t\t\t<dt class='gallery-icon portrait'>\n\t\t\t\t\t<a class=\"rollover rollover-zoom dt-pswp-item\" title=\"f84567d6-a1d2-47de-9596-ef8505986952\" data-dt-img-description=\"\" data-large_image_width=\"745\" data-large_image_height=\"1073\"href='https:\/\/www.radiopiu.net\/wordpress\/wp-content\/uploads\/2024\/06\/f84567d6-a1d2-47de-9596-ef8505986952.jpg'><img loading=\"lazy\" decoding=\"async\" width=\"150\" height=\"150\" src=\"https:\/\/www.radiopiu.net\/wordpress\/wp-content\/uploads\/2024\/06\/f84567d6-a1d2-47de-9596-ef8505986952-150x150.jpg\" class=\"attachment-thumbnail size-thumbnail\" alt=\"\" aria-describedby=\"gallery-6-396466\" \/><\/a>\n\t\t\t\t<\/dt>\n\t\t\t\t\t<dd class='wp-caption-text gallery-caption' id='gallery-6-396466'>\n\t\t\t\t\tSUMMER GREEN VOLLEY AGORDINO\n\t\t\t\t\t<\/dd><\/dl><dl class='gallery-item'>\n\t\t\t\t<dt class='gallery-icon landscape'>\n\t\t\t\t\t<a class=\"rollover rollover-zoom dt-pswp-item\" title=\"449189900_484613757290091_1574838248887562981_n\" data-dt-img-description=\"\" data-large_image_width=\"960\" data-large_image_height=\"540\"href='https:\/\/www.radiopiu.net\/wordpress\/wp-content\/uploads\/2024\/06\/449189900_484613757290091_1574838248887562981_n.jpg'><img loading=\"lazy\" decoding=\"async\" width=\"150\" height=\"150\" src=\"https:\/\/www.radiopiu.net\/wordpress\/wp-content\/uploads\/2024\/06\/449189900_484613757290091_1574838248887562981_n-150x150.jpg\" class=\"attachment-thumbnail size-thumbnail\" alt=\"\" aria-describedby=\"gallery-6-396872\" \/><\/a>\n\t\t\t\t<\/dt>\n\t\t\t\t\t<dd class='wp-caption-text gallery-caption' id='gallery-6-396872'>\n\t\t\t\t\t A CANALE D&#8217;AGORDO VALLE DI GARES\n\t\t\t\t\t<\/dd><\/dl><dl class='gallery-item'>\n\t\t\t\t<dt class='gallery-icon portrait'>\n\t\t\t\t\t<a class=\"rollover rollover-zoom dt-pswp-item\" title=\"original-84F78277-839A-4868-BE6A-5A10A5605E21\" data-dt-img-description=\"\" data-large_image_width=\"1754\" data-large_image_height=\"2480\"href='https:\/\/www.radiopiu.net\/wordpress\/wp-content\/uploads\/2024\/07\/original-84F78277-839A-4868-BE6A-5A10A5605E21.jpeg'><img loading=\"lazy\" decoding=\"async\" width=\"150\" height=\"150\" src=\"https:\/\/www.radiopiu.net\/wordpress\/wp-content\/uploads\/2024\/07\/original-84F78277-839A-4868-BE6A-5A10A5605E21-150x150.jpeg\" class=\"attachment-thumbnail size-thumbnail\" alt=\"\" aria-describedby=\"gallery-6-397532\" \/><\/a>\n\t\t\t\t<\/dt>\n\t\t\t\t\t<dd class='wp-caption-text gallery-caption' id='gallery-6-397532'>\n\t\t\t\t\tHOTEL STELLA ALPINA ESTATE D&#8217;EVENTI \n\t\t\t\t\t<\/dd><\/dl><dl class='gallery-item'>\n\t\t\t\t<dt class='gallery-icon portrait'>\n\t\t\t\t\t<a class=\"rollover rollover-zoom dt-pswp-item\" title=\"8b2155a6-d732-4852-a73f-6ad1b59fac91\" data-dt-img-description=\"\" data-large_image_width=\"1131\" data-large_image_height=\"1600\"href='https:\/\/www.radiopiu.net\/wordpress\/wp-content\/uploads\/2024\/07\/8b2155a6-d732-4852-a73f-6ad1b59fac91-1.jpg'><img loading=\"lazy\" decoding=\"async\" width=\"150\" height=\"150\" src=\"https:\/\/www.radiopiu.net\/wordpress\/wp-content\/uploads\/2024\/07\/8b2155a6-d732-4852-a73f-6ad1b59fac91-1-150x150.jpg\" class=\"attachment-thumbnail size-thumbnail\" alt=\"\" aria-describedby=\"gallery-6-397366\" \/><\/a>\n\t\t\t\t<\/dt>\n\t\t\t\t\t<dd class='wp-caption-text gallery-caption' id='gallery-6-397366'>\n\t\t\t\t\tASSOCIAZIONE BORGO SOTTOGUDA \n\t\t\t\t\t<\/dd><\/dl><dl class='gallery-item'>\n\t\t\t\t<dt class='gallery-icon portrait'>\n\t\t\t\t\t<a class=\"rollover rollover-zoom dt-pswp-item\" title=\"449444208_484616390623161_3418734916136544576_n\" data-dt-img-description=\"\" data-large_image_width=\"808\" data-large_image_height=\"1600\"href='https:\/\/www.radiopiu.net\/wordpress\/wp-content\/uploads\/2024\/07\/449444208_484616390623161_3418734916136544576_n.jpg'><img loading=\"lazy\" decoding=\"async\" width=\"150\" height=\"150\" src=\"https:\/\/www.radiopiu.net\/wordpress\/wp-content\/uploads\/2024\/07\/449444208_484616390623161_3418734916136544576_n-150x150.jpg\" class=\"attachment-thumbnail size-thumbnail\" alt=\"\" aria-describedby=\"gallery-6-398855\" \/><\/a>\n\t\t\t\t<\/dt>\n\t\t\t\t\t<dd class='wp-caption-text gallery-caption' id='gallery-6-398855'>\n\t\t\t\t\tA CANALE D&#8217;AGORDO LA SGUBIADA\n\t\t\t\t\t<\/dd><\/dl><br style=\"clear: both\" \/><dl class='gallery-item'>\n\t\t\t\t<dt class='gallery-icon portrait'>\n\t\t\t\t\t<a class=\"rollover rollover-zoom dt-pswp-item\" title=\"c43011fa-8405-4ea2-9ca9-b934b11662df\" data-dt-img-description=\"\" data-large_image_width=\"512\" data-large_image_height=\"720\"href='https:\/\/www.radiopiu.net\/wordpress\/wp-content\/uploads\/2024\/07\/c43011fa-8405-4ea2-9ca9-b934b11662df.jpg'><img loading=\"lazy\" decoding=\"async\" width=\"150\" height=\"150\" src=\"https:\/\/www.radiopiu.net\/wordpress\/wp-content\/uploads\/2024\/07\/c43011fa-8405-4ea2-9ca9-b934b11662df-150x150.jpg\" class=\"attachment-thumbnail size-thumbnail\" alt=\"\" aria-describedby=\"gallery-6-398969\" \/><\/a>\n\t\t\t\t<\/dt>\n\t\t\t\t\t<dd class='wp-caption-text gallery-caption' id='gallery-6-398969'>\n\t\t\t\t\tA PRA DE LA MELIA\n\t\t\t\t\t<\/dd><\/dl>\n\t\t\t\t<br style='clear: both' \/>\n\t\t\t<\/div>\n\n<p>&nbsp;<\/p>\n<p><strong><a class=\"dt-pswp-item\" href=\"https:\/\/www.radiopiu.net\/wordpress\/wp-content\/uploads\/2024\/07\/449200672_122158132022160070_1155254120683685018_n.jpg\" data-dt-img-description=\"\" data-large_image_width=\"1080\" data-large_image_height=\"1080\"><img loading=\"lazy\" decoding=\"async\" class=\" wp-image-397238 alignleft\" src=\"https:\/\/www.radiopiu.net\/wordpress\/wp-content\/uploads\/2024\/07\/449200672_122158132022160070_1155254120683685018_n-300x300.jpg\" alt=\"\" width=\"113\" height=\"113\" srcset=\"https:\/\/www.radiopiu.net\/wordpress\/wp-content\/uploads\/2024\/07\/449200672_122158132022160070_1155254120683685018_n-300x300.jpg 300w, https:\/\/www.radiopiu.net\/wordpress\/wp-content\/uploads\/2024\/07\/449200672_122158132022160070_1155254120683685018_n-1024x1024.jpg 1024w, https:\/\/www.radiopiu.net\/wordpress\/wp-content\/uploads\/2024\/07\/449200672_122158132022160070_1155254120683685018_n-150x150.jpg 150w, https:\/\/www.radiopiu.net\/wordpress\/wp-content\/uploads\/2024\/07\/449200672_122158132022160070_1155254120683685018_n-768x768.jpg 768w, https:\/\/www.radiopiu.net\/wordpress\/wp-content\/uploads\/2024\/07\/449200672_122158132022160070_1155254120683685018_n.jpg 1080w\" sizes=\"auto, (max-width: 113px) 100vw, 113px\" \/><\/a>FALCADE<\/strong> Con il mese di luglio tornano le proiezioni al Cinema Dolomiti di Falcade. Fine settimana dedicato al film d&#8217;animazione Disney Pixar &#8220;Inside Out 2&#8221;. Cosa accade quando la ragazzina protagonista del primo INSIDE OUT diventa adolescente? Alle emozioni quali Gioia, Rabbia, Tristezza, Paura e Disgusto si aggiungono Ennui, Invidia, Imbarazzo e soprattutto Ansia: nulla sar\u00e0 pi\u00f9 uguale a prima! Spettacoli alle 17 e alle 21:15 sia domani che domenica<\/p>\n<\/div>\n<\/div>\n<\/div>\n<p><strong>MEL<\/strong> Domanialle 20.30 nella chiesa San Maria Annunziata in piazza Papa Luciani, ottavo appuntamento con le note solidali d&#8217;organo con l&#8217;Auser &#8220;il sole&#8221; di Mel. Protagonista alle tastiere anche questa volta sar\u00e0 Fiorenzo Mori,<\/p>\n<p><strong><a class=\"dt-pswp-item\" href=\"https:\/\/www.radiopiu.net\/wordpress\/wp-content\/uploads\/2024\/07\/Certosa-di-Vedana_52.jpg\" data-dt-img-description=\"\" data-large_image_width=\"1900\" data-large_image_height=\"1266\"><img loading=\"lazy\" decoding=\"async\" class=\"size-medium wp-image-398697 alignleft\" src=\"https:\/\/www.radiopiu.net\/wordpress\/wp-content\/uploads\/2024\/07\/Certosa-di-Vedana_52-300x200.jpg\" alt=\"\" width=\"300\" height=\"200\" srcset=\"https:\/\/www.radiopiu.net\/wordpress\/wp-content\/uploads\/2024\/07\/Certosa-di-Vedana_52-300x200.jpg 300w, https:\/\/www.radiopiu.net\/wordpress\/wp-content\/uploads\/2024\/07\/Certosa-di-Vedana_52-1024x682.jpg 1024w, https:\/\/www.radiopiu.net\/wordpress\/wp-content\/uploads\/2024\/07\/Certosa-di-Vedana_52-768x512.jpg 768w, https:\/\/www.radiopiu.net\/wordpress\/wp-content\/uploads\/2024\/07\/Certosa-di-Vedana_52-1536x1023.jpg 1536w, https:\/\/www.radiopiu.net\/wordpress\/wp-content\/uploads\/2024\/07\/Certosa-di-Vedana_52.jpg 1900w\" sizes=\"auto, (max-width: 300px) 100vw, 300px\" \/><\/a>SOSPIROLO<\/strong>\u00a0 Domenica 14 luglio passeggiata tra spirituralit\u00e0 e natura a Lago Vedana, Certosa, San Gottardo con la proloco Monti del Sole di Sospirolo (foto)\u00a0 Ritrovo ore 9.15, partenza alle 9.30 al Lago.<br \/>\nL\u2019evento celebra la Giornata Nazionale delle Pro Loco. Partecipazione libera e gratuita\u00a0Info:\u00a0<a href=\"mailto:proloco@sospirolo.net\" target=\"_blank\" rel=\"noopener\">proloco@sospirolo.net<\/a>\u00a0\u2013 320 3342082<\/p>\n<p><strong>CANALE D&#8217;AGORDO<\/strong> Domenica 14 luglio alle 17 al Bar Colmean presentazione del libro Panorami e Curiosit\u00e0 geologiche con il prof. Vittorio Fenti, brindisi conclusivo. Con Union Ladina Val Biois, Amici dei Minerarim Biblioteche Valle del Biois<\/p>\n<p><strong>AGORDO<\/strong> Domani alle 18 in sala riunioni della Biblioteca Civica di Agordo in via 27 aprile,\u00a0 presentazione del libro Brina e il Buio di Elena Darg, organizza il Centro Culturale Agordino.<\/p>\n<p><strong>TRICHIANA\u00a0<\/strong>Domani alle 11:30 inaugurazione della mostra &#8220;Viste&#8221; presso la sede di Trichiana di CivicaMente. Orari di apertura: mercoled\u00ec, venerd\u00ec, sabato 10:00-12:00 e 16:00-18:00, domenica 10:00-12:00. La mostra celebra artiste donne e include anche opere fotografiche.<\/p>\n<p>FELTRE <strong>7\u00aa Edizione corsa-pedonata &#8220;Celarda tra storia e Natura&#8221; il 14 luglio, organizza <\/strong>La Polisportiva Feltrese. Iscrizioni online e nei locali di Feltre.<\/p>\n<h2><span style=\"color: #ff0000;\">PROSSIMAMENTE\u00a0<\/span><\/h2>\n<p>&nbsp;<\/p>\n<p>&nbsp;<\/p>\n<p>&nbsp;<\/p>\n<hr \/>\n<p>&nbsp;<\/p>\n<p><a class=\"dt-pswp-item\" href=\"https:\/\/www.radiopiu.net\/wordpress\/wp-content\/uploads\/2018\/09\/viabilita.jpeg\" data-dt-img-description=\"\" data-large_image_width=\"800\" data-large_image_height=\"100\"><img loading=\"lazy\" decoding=\"async\" class=\"aligncenter wp-image-61954 size-full\" src=\"https:\/\/www.radiopiu.net\/wordpress\/wp-content\/uploads\/2018\/09\/viabilita.jpeg\" alt=\"\" width=\"800\" height=\"100\" srcset=\"https:\/\/www.radiopiu.net\/wordpress\/wp-content\/uploads\/2018\/09\/viabilita.jpeg 800w, https:\/\/www.radiopiu.net\/wordpress\/wp-content\/uploads\/2018\/09\/viabilita-300x38.jpeg 300w, https:\/\/www.radiopiu.net\/wordpress\/wp-content\/uploads\/2018\/09\/viabilita-768x96.jpeg 768w\" sizes=\"auto, (max-width: 800px) 100vw, 800px\" \/><\/a><\/p>\n<p>&nbsp;<\/p>\n<p><a class=\"dt-pswp-item\" href=\"https:\/\/www.radiopiu.net\/wordpress\/wp-content\/uploads\/2023\/12\/botol-car-service.jpg\" data-dt-img-description=\"\" data-large_image_width=\"600\" data-large_image_height=\"600\"><img loading=\"lazy\" decoding=\"async\" class=\"size-medium wp-image-367044 aligncenter\" src=\"https:\/\/www.radiopiu.net\/wordpress\/wp-content\/uploads\/2023\/12\/botol-car-service-300x300.jpg\" alt=\"\" width=\"300\" height=\"300\" srcset=\"https:\/\/www.radiopiu.net\/wordpress\/wp-content\/uploads\/2023\/12\/botol-car-service-300x300.jpg 300w, https:\/\/www.radiopiu.net\/wordpress\/wp-content\/uploads\/2023\/12\/botol-car-service-150x150.jpg 150w, https:\/\/www.radiopiu.net\/wordpress\/wp-content\/uploads\/2023\/12\/botol-car-service.jpg 600w\" sizes=\"auto, (max-width: 300px) 100vw, 300px\" \/><\/a><\/p>\n<p>&nbsp;<\/p>\n<p>&nbsp;<\/p>\n<h1>BOLLETTINO QUOTIDIANO, CLICCA QUI<\/h1>\n<blockquote class=\"wp-embedded-content\" data-secret=\"XqdEWWoLo1\"><p><a href=\"https:\/\/www.radiopiu.net\/wordpress\/viabilita-2\/\">viabilita<\/a><\/p><\/blockquote>\n<p><iframe loading=\"lazy\" class=\"wp-embedded-content\" sandbox=\"allow-scripts\" security=\"restricted\" style=\"position: absolute; clip: rect(1px, 1px, 1px, 1px);\" title=\"&#8220;viabilita&#8221; &#8212; Radio Pi\u00f9\" src=\"https:\/\/www.radiopiu.net\/wordpress\/viabilita-2\/embed\/#?secret=8lsnlJHaSI#?secret=XqdEWWoLo1\" data-secret=\"XqdEWWoLo1\" width=\"600\" height=\"338\" frameborder=\"0\" marginwidth=\"0\" marginheight=\"0\" scrolling=\"no\"><\/iframe><\/p>\n<p>&nbsp;<\/p>\n<p>&nbsp;<\/p>\n<hr \/>\n<p>&nbsp;<\/p>\n<p><a class=\"dt-pswp-item\" href=\"https:\/\/www.radiopiu.net\/wordpress\/wp-content\/uploads\/2018\/09\/WhatsApp-Image-2018-09-20-at-16.04.06.jpeg\" data-dt-img-description=\"\" data-large_image_width=\"800\" data-large_image_height=\"100\"><img loading=\"lazy\" decoding=\"async\" class=\"wp-image-61378 size-full aligncenter\" src=\"https:\/\/www.radiopiu.net\/wordpress\/wp-content\/uploads\/2018\/09\/WhatsApp-Image-2018-09-20-at-16.04.06.jpeg\" alt=\"\" width=\"800\" height=\"100\" srcset=\"https:\/\/www.radiopiu.net\/wordpress\/wp-content\/uploads\/2018\/09\/WhatsApp-Image-2018-09-20-at-16.04.06.jpeg 800w, https:\/\/www.radiopiu.net\/wordpress\/wp-content\/uploads\/2018\/09\/WhatsApp-Image-2018-09-20-at-16.04.06-300x38.jpeg 300w, https:\/\/www.radiopiu.net\/wordpress\/wp-content\/uploads\/2018\/09\/WhatsApp-Image-2018-09-20-at-16.04.06-768x96.jpeg 768w\" sizes=\"auto, (max-width: 800px) 100vw, 800px\" \/><\/a><\/p>\n<p><center><\/center><center><\/center><center><\/center><center><\/center><center><\/center><center><\/center>&nbsp;<\/p>\n<p><center><\/center><center><\/center><center><b>OGGI<\/b><\/center>Tempo variabile con cielo generalmente irregolarmente nuvoloso fin dal mattino, a tratti anche instabile specie dalle ore centrali con fenomeni da sparsi a diffusi.<br \/>\n<b>Precipitazioni: <\/b>Al mattino generalmente assenti sulle Dolomiti e Prealpi orientali, pi\u00f9 probabili sulle Prealpi centro-occidentali. Dalle ore centrali probabilit\u00e0 in aumento fino a medio-alta ovunque di precipitazioni da sparse a diffuse, anche a carattere di rovescio o di temporale, discontinue e intermittenti<br \/>\n<b>Temperature: <\/b>Minime senza notevoli variazioni o in lieve rialzo, massime in diminuzione a tutte le quote su valori ancora superiori alla norma di qualche grado con clima pomeridiano pi\u00f9 fresco rispetto ai giorni precedenti ed escursione termica giornaliera pi\u00f9 contenuta rispetto ai giorni precedenti<\/p>\n<hr \/>\n<p><center><b>DOMANI<\/b><\/center>Tempo ancora variabile a tratti instabile con cielo irregolarmente nuvoloso, con qualche schiarita specie nel pomeriggio.<br \/>\n<b>Precipitazioni: <\/b>Probabilit\u00e0 medio-bassa di precipitazioni da locali a sparse, specie dalle ore centrali, anche con qualche rovescio o temporale<br \/>\n<b>Temperature: <\/b>In lieve o contenuta diminuzione specie nelle valli, salvo risultare quasi stazionarie le massime in alta montagna, su valori prossimi o di qualche grado superiori alla norma.<\/p>\n<hr \/>\n<p><center><b>DOMENICA<\/b><\/center>Tempo pi\u00f9 stabile e pi\u00f9 soleggiato rispetto ai due giorni precedenti ma al mattino, specie nelle prime ore, sar\u00e0 ancora presente una residua nuvolosit\u00e0 che si dirader\u00e0 lentamente nel corso della mattinata. Nel pomeriggio saranno possibili degli innocui annuvolamenti irregolari a carattere cumuliforme con fenomeni per\u00f2 assenti. Temperature minime stazionarie o in lieve calo, massime in aumento.<\/p>\n<hr \/>\n<p><center><b>LUNEDI<\/b><\/center>Tempo stabile e soleggiato specie al mattino. Nel corso del pomeriggio possibili modesti e innocui annuvolamenti a carattere cumuliforme con fenomeni ancora assenti. Temperature in aumento, specie le massime con elevata escursione termica giornaliera.<\/p>\n<p>&nbsp;<\/p>\n<hr \/>\n<p>&nbsp;<\/p>\n<p><a class=\"dt-pswp-item\" href=\"https:\/\/www.radiopiu.net\/wordpress\/wp-content\/uploads\/2018\/09\/sport.jpg\" data-dt-img-description=\"\" data-large_image_width=\"800\" data-large_image_height=\"100\"><img loading=\"lazy\" decoding=\"async\" class=\"aligncenter wp-image-60761 size-full\" src=\"https:\/\/www.radiopiu.net\/wordpress\/wp-content\/uploads\/2018\/09\/sport.jpg\" alt=\"\" width=\"800\" height=\"100\" srcset=\"https:\/\/www.radiopiu.net\/wordpress\/wp-content\/uploads\/2018\/09\/sport.jpg 800w, https:\/\/www.radiopiu.net\/wordpress\/wp-content\/uploads\/2018\/09\/sport-300x38.jpg 300w, https:\/\/www.radiopiu.net\/wordpress\/wp-content\/uploads\/2018\/09\/sport-768x96.jpg 768w\" sizes=\"auto, (max-width: 800px) 100vw, 800px\" \/><\/a><\/p>\n<p>&nbsp;<\/p>\n<p><span style=\"color: #0000ff;\"><strong>PALLAVOLO<\/strong><\/span><\/p>\n<blockquote>\n<h3><a class=\"dt-pswp-item\" href=\"https:\/\/www.radiopiu.net\/wordpress\/wp-content\/uploads\/2024\/07\/Il_fisioterapista_Galifi.jpg\" data-dt-img-description=\"\" data-large_image_width=\"1495\" data-large_image_height=\"1141\"><img loading=\"lazy\" decoding=\"async\" class=\" wp-image-398970 alignleft\" src=\"https:\/\/www.radiopiu.net\/wordpress\/wp-content\/uploads\/2024\/07\/Il_fisioterapista_Galifi-300x229.jpg\" alt=\"\" width=\"202\" height=\"154\" srcset=\"https:\/\/www.radiopiu.net\/wordpress\/wp-content\/uploads\/2024\/07\/Il_fisioterapista_Galifi-300x229.jpg 300w, https:\/\/www.radiopiu.net\/wordpress\/wp-content\/uploads\/2024\/07\/Il_fisioterapista_Galifi-1024x782.jpg 1024w, https:\/\/www.radiopiu.net\/wordpress\/wp-content\/uploads\/2024\/07\/Il_fisioterapista_Galifi-768x586.jpg 768w, https:\/\/www.radiopiu.net\/wordpress\/wp-content\/uploads\/2024\/07\/Il_fisioterapista_Galifi.jpg 1495w\" sizes=\"auto, (max-width: 202px) 100vw, 202px\" \/><\/a>GALIFI, IL FISIOTERAPISTA DEL BELLUNO VOLLEY<\/h3>\n<\/blockquote>\n<p>Stefano Galifi \u00e8 il nuovo fisioterapista del Belluno Volley. Cinquantaduenne di Conegliano, diplomato in Fisioterapia nel 1998, ha lavorato in vari centri prima di aprire il proprio ambulatorio. Ha esperienza nel calcio locale e dal 2010 ha lavorato nel volley con Spes Conegliano e Imoco Volley. Dopo una pausa, ha seguito atleti individualmente e partecipato a eventi del mondiale Superbike. \u00c8 poi tornato al volley con Pallavolo Motta, contribuendo alla promozione dalla A3 alla A2. Ora, con entusiasmo, si unisce al Belluno Volley, pronto a lavorare con lo staff per raggiungere nuovi traguardi.<\/p>\n<p>&nbsp;<\/p>\n<p><span style=\"color: #0000ff;\"><strong>SPORT E SOCIALE<\/strong><\/span><\/p>\n<blockquote>\n<h3>DAL 30 LUGLIO AL 4 AGOSTO IL SUPERPARK SUMMER FEST A LENTIAI<\/h3>\n<\/blockquote>\n<p><a class=\"dt-pswp-item\" href=\"https:\/\/www.radiopiu.net\/wordpress\/wp-content\/uploads\/2024\/07\/Superpark-Summer-camp.-2024jpeg.jpeg\" data-dt-img-description=\"\" data-large_image_width=\"1235\" data-large_image_height=\"1600\"><img loading=\"lazy\" decoding=\"async\" class=\" wp-image-398995 alignleft\" src=\"https:\/\/www.radiopiu.net\/wordpress\/wp-content\/uploads\/2024\/07\/Superpark-Summer-camp.-2024jpeg-232x300.jpeg\" alt=\"\" width=\"108\" height=\"140\" srcset=\"https:\/\/www.radiopiu.net\/wordpress\/wp-content\/uploads\/2024\/07\/Superpark-Summer-camp.-2024jpeg-232x300.jpeg 232w, https:\/\/www.radiopiu.net\/wordpress\/wp-content\/uploads\/2024\/07\/Superpark-Summer-camp.-2024jpeg-790x1024.jpeg 790w, https:\/\/www.radiopiu.net\/wordpress\/wp-content\/uploads\/2024\/07\/Superpark-Summer-camp.-2024jpeg-768x995.jpeg 768w, https:\/\/www.radiopiu.net\/wordpress\/wp-content\/uploads\/2024\/07\/Superpark-Summer-camp.-2024jpeg-1186x1536.jpeg 1186w, https:\/\/www.radiopiu.net\/wordpress\/wp-content\/uploads\/2024\/07\/Superpark-Summer-camp.-2024jpeg.jpeg 1235w\" sizes=\"auto, (max-width: 108px) 100vw, 108px\" \/><\/a>Il Superpark Summer Camp si terr\u00e0 dal 30 luglio al 4 agosto a Lentiai di Borgo Valbelluna, offrendo un&#8217;esperienza dedicata a tutti, dai bambini agli adulti. Il focus principale sar\u00e0 sulla guida avanzata di moto da cross con un&#8217;attenzione particolare alla tecnica di salto. I partecipanti potranno approfondire le abilit\u00e0 nel motocross. Il programma include sessioni per migliorare le tecniche di freestyle MX, partendo da trick base fino a quelli pi\u00f9 avanzati. Alvaro Dal Farra guider\u00e0 personalmente i partecipanti attraverso un percorso che include l&#8217;apprendimento della guida tecnica, la gestione e manutenzione della moto, preparazione fisica e mentale, concentrazione e visualizzazione per migliorare le performance e aumentare la sicurezza. Il Summer Camp \u00e8 ideale per chi desidera perfezionare le proprie abilit\u00e0 nel motocross e nel freestyle MX, offrendo un ambiente dove divertirsi e imparare in sicurezza le competenze necessarie per eccellere in queste discipline.<\/p>\n<p>&nbsp;<\/p>\n<p><span style=\"color: #0000ff;\"><strong>MOTORI<\/strong><\/span><\/p>\n<blockquote>\n<h3>ANDREA FONTANA AL MUGELLO PER LA GARA ENDURANCE<\/h3>\n<\/blockquote>\n<p><a class=\"dt-pswp-item\" href=\"https:\/\/www.radiopiu.net\/wordpress\/wp-content\/uploads\/2024\/07\/4cecb8f1-c2f5-3061-51a9-3d6cd070ab1f-scaled.jpg\" data-dt-img-description=\"\" data-large_image_width=\"2560\" data-large_image_height=\"1440\"><img loading=\"lazy\" decoding=\"async\" class=\" wp-image-399029 alignleft\" src=\"https:\/\/www.radiopiu.net\/wordpress\/wp-content\/uploads\/2024\/07\/4cecb8f1-c2f5-3061-51a9-3d6cd070ab1f-300x169.jpg\" alt=\"\" width=\"172\" height=\"97\" srcset=\"https:\/\/www.radiopiu.net\/wordpress\/wp-content\/uploads\/2024\/07\/4cecb8f1-c2f5-3061-51a9-3d6cd070ab1f-300x169.jpg 300w, https:\/\/www.radiopiu.net\/wordpress\/wp-content\/uploads\/2024\/07\/4cecb8f1-c2f5-3061-51a9-3d6cd070ab1f-1024x576.jpg 1024w, https:\/\/www.radiopiu.net\/wordpress\/wp-content\/uploads\/2024\/07\/4cecb8f1-c2f5-3061-51a9-3d6cd070ab1f-768x432.jpg 768w, https:\/\/www.radiopiu.net\/wordpress\/wp-content\/uploads\/2024\/07\/4cecb8f1-c2f5-3061-51a9-3d6cd070ab1f-1536x864.jpg 1536w, https:\/\/www.radiopiu.net\/wordpress\/wp-content\/uploads\/2024\/07\/4cecb8f1-c2f5-3061-51a9-3d6cd070ab1f-2048x1152.jpg 2048w\" sizes=\"auto, (max-width: 172px) 100vw, 172px\" \/><\/a>Il Campionato Italiano GT prosegue con il secondo round della stagione endurance 2024 al Mugello. Andrea Fontana garegger\u00e0 nella categoria GT Cup a bordo della Lamborghini Hurac\u00e1n ST EVO 2 del team DL Racing, affiancato da Luca Seg\u00f9 e Alessio Caiola, compagni anche nella versione sprint del campionato. Dopo la vittoria di classe a Vallelunga, Fontana punta a confermare il successo con la sua velocit\u00e0 ed esperienza. L&#8217;evento sar\u00e0 una sfida di tre ore cruciale, con Fontana gi\u00e0 concentrato sul ritorno al Mugello ad agosto per il Campionato GT Sprint. Nonostante un ritiro a Imola, attualmente \u00e8 terzo nella classifica piloti, confermando le alte aspettative per il round di endurance. DL Racing sfrutter\u00e0 le risorse consolidate delle due versioni del campionato per aspirare ai massimi risultati. Il format include tre sessioni di prove libere e tre di qualifica, con la gara che partir\u00e0 domenica alle 15:00. La competizione sar\u00e0 trasmessa su ACI Sport TV e Rai Sport, garantendo una copertura ampia per gli appassionati di motorsport.<\/p>\n<p>&nbsp;<\/p>\n<p>&nbsp;<\/p>\n<blockquote class=\"wp-embedded-content\" data-secret=\"1nL436FIhe\"><p><a href=\"https:\/\/www.radiopiu.net\/wordpress\/campionato-agordino-show-la-sintesi-della-puntata-del-08-luglio-2024\/\">CAMPIONATO AGORDINO SHOW &#8211; LA SINTESI DELLA PUNTATA DEL 08 LUGLIO 2024<\/a><\/p><\/blockquote>\n<p><iframe loading=\"lazy\" class=\"wp-embedded-content\" sandbox=\"allow-scripts\" security=\"restricted\" style=\"position: absolute; clip: rect(1px, 1px, 1px, 1px);\" title=\"&#8220;CAMPIONATO AGORDINO SHOW &#8211; LA SINTESI DELLA PUNTATA DEL 08 LUGLIO 2024&#8221; &#8212; Radio Pi\u00f9\" src=\"https:\/\/www.radiopiu.net\/wordpress\/campionato-agordino-show-la-sintesi-della-puntata-del-08-luglio-2024\/embed\/#?secret=AmSxeptAjA#?secret=1nL436FIhe\" data-secret=\"1nL436FIhe\" width=\"600\" height=\"338\" frameborder=\"0\" marginwidth=\"0\" marginheight=\"0\" scrolling=\"no\"><\/iframe><\/p>\n<p>&nbsp;<\/p>\n<p>&nbsp;<\/p>\n<p>&nbsp;<\/p>\n","protected":false},"excerpt":{"rendered":"<p>******* &nbsp; ATTENZIONE: LA NUOVA APP PER IOS-IPHONE di Nicola Vettorello https:\/\/apps.apple.com\/it\/app\/radio-pi%C3%B9-emittente-agordina\/id1515939845 ATTENZIONE: LA NUOVA APP RADIO\u00a0 PER ANDROID di Nicola Vettorello https:\/\/play.google.com\/store\/apps\/details?id=net.radiopiu.iniko\u00a0\u00a0\u00a0 &nbsp; &nbsp; &nbsp; OGGI ALLA RADIO: ALLE 6.15 PIROLE DE LENGA, CON IL MUSLA\u00a0\u00a0ALLE 7.20\u00a0EL BAL DEL FIOR, DETTI E TRADIZIONI DI GIULIANA DA RONCH;\u00a0ALLE 8.20\u00a0PIU&#8217; SIAMO ESTATE DI MARINA DONA&#8217;\u00a0 9.00&hellip;<\/p>\n","protected":false},"author":4,"featured_media":399033,"comment_status":"closed","ping_status":"closed","sticky":false,"template":"","format":"standard","meta":{"_monsterinsights_skip_tracking":false,"_monsterinsights_sitenote_active":false,"_monsterinsights_sitenote_note":"","_monsterinsights_sitenote_category":0,"footnotes":""},"categories":[51,86,49],"tags":[],"class_list":["post-398898","post","type-post","status-publish","format-standard","has-post-thumbnail","hentry","category-evidenza-top","category-gr","category-news-18","category-51","category-86","category-49","description-off"],"img_url":"https:\/\/www.radiopiu.net\/wordpress\/wp-content\/uploads\/2024\/07\/4539a2a3-6376-43b1-becd-78603f3235e7.jpg","_links":{"self":[{"href":"https:\/\/www.radiopiu.net\/wordpress\/wp-json\/wp\/v2\/posts\/398898","targetHints":{"allow":["GET"]}}],"collection":[{"href":"https:\/\/www.radiopiu.net\/wordpress\/wp-json\/wp\/v2\/posts"}],"about":[{"href":"https:\/\/www.radiopiu.net\/wordpress\/wp-json\/wp\/v2\/types\/post"}],"author":[{"embeddable":true,"href":"https:\/\/www.radiopiu.net\/wordpress\/wp-json\/wp\/v2\/users\/4"}],"replies":[{"embeddable":true,"href":"https:\/\/www.radiopiu.net\/wordpress\/wp-json\/wp\/v2\/comments?post=398898"}],"version-history":[{"count":0,"href":"https:\/\/www.radiopiu.net\/wordpress\/wp-json\/wp\/v2\/posts\/398898\/revisions"}],"wp:featuredmedia":[{"embeddable":true,"href":"https:\/\/www.radiopiu.net\/wordpress\/wp-json\/wp\/v2\/media\/399033"}],"wp:attachment":[{"href":"https:\/\/www.radiopiu.net\/wordpress\/wp-json\/wp\/v2\/media?parent=398898"}],"wp:term":[{"taxonomy":"category","embeddable":true,"href":"https:\/\/www.radiopiu.net\/wordpress\/wp-json\/wp\/v2\/categories?post=398898"},{"taxonomy":"post_tag","embeddable":true,"href":"https:\/\/www.radiopiu.net\/wordpress\/wp-json\/wp\/v2\/tags?post=398898"}],"curies":[{"name":"wp","href":"https:\/\/api.w.org\/{rel}","templated":true}]}}