{"id":398901,"date":"2024-07-11T10:00:57","date_gmt":"2024-07-11T08:00:57","guid":{"rendered":"https:\/\/www.radiopiu.net\/wordpress\/?p=398901"},"modified":"2024-07-10T21:41:44","modified_gmt":"2024-07-10T19:41:44","slug":"riccardo-dellosbel-torna-a-vestire-la-maglia-dellalleghe","status":"publish","type":"post","link":"https:\/\/www.radiopiu.net\/wordpress\/riccardo-dellosbel-torna-a-vestire-la-maglia-dellalleghe\/","title":{"rendered":"RICCARDO DELL&#8217;OSBEL TORNA A VESTIRE LA MAGLIA DELL&#8217;ALLEGHE"},"content":{"rendered":"<p>*******<\/p>\n<p>&nbsp;<\/p>\n<p><strong><a class=\"dt-pswp-item\" href=\"https:\/\/www.radiopiu.net\/wordpress\/wp-content\/uploads\/2024\/07\/b1616eec-19a5-4071-86cc-55ddbf49500a.jpg\" data-dt-img-description=\"\" data-large_image_width=\"940\" data-large_image_height=\"502\"><img loading=\"lazy\" decoding=\"async\" class=\" wp-image-398902 alignleft\" src=\"https:\/\/www.radiopiu.net\/wordpress\/wp-content\/uploads\/2024\/07\/b1616eec-19a5-4071-86cc-55ddbf49500a-300x160.jpg\" alt=\"\" width=\"225\" height=\"120\" srcset=\"https:\/\/www.radiopiu.net\/wordpress\/wp-content\/uploads\/2024\/07\/b1616eec-19a5-4071-86cc-55ddbf49500a-300x160.jpg 300w, https:\/\/www.radiopiu.net\/wordpress\/wp-content\/uploads\/2024\/07\/b1616eec-19a5-4071-86cc-55ddbf49500a-768x410.jpg 768w, https:\/\/www.radiopiu.net\/wordpress\/wp-content\/uploads\/2024\/07\/b1616eec-19a5-4071-86cc-55ddbf49500a.jpg 940w\" sizes=\"auto, (max-width: 225px) 100vw, 225px\" \/><\/a>DI ROBERTO MIANA, PORTAVOCE DELL&#8217;ALLEGHE HOCKEY<\/strong><\/p>\n<p>La Societ\u00e0 Alleghe Hockey comunica con piacere il ritorno sul ghiaccio di Riccardo Dell\u2019Osbel.<br \/>\nAttaccante classe 2000 di La Valle Agordina, lavora come agente di Polizia Locale e come hobby \u00e8 un apprezzato DJ. Ha cominciato a prendere confidenza con il ghiaccio e la stecca da hockey nelle giovanili di Pieve di Cadore e Feltre per poi crescere sotto al Civetta, dove ha esordito in IHL nella stagione 2017\/2018, totalizzando in prima squadra 144 presenze. Purtroppo, a causa di un infortunio alla spalla per il quale si \u00e8 dovuto sottoporre ad intervento chirurgico, ha saltato tutta la passata stagione agonistica. Ora, guarito, \u00e8 tornato abile ed arruolabile alla causa biancorossa. Cos\u00ec Riccardo: \u201cSono molto contento di poter dare nuovamente il mio contributo alla squadra dopo l\u2019infortunio alla spalla. All\u2019inizio avevo qualche dubbio perch\u00e9 non sapevo se sarei tornato al 100% dopo l\u2019operazione, ma fortunatamente ora sto bene fisicamente e sono pronto per iniziare la stagione! Non vedo l\u2019ora di ritrovare i compagni di squadra e lo staff, con i quali mi trovo bene ed ho un buon rapporto. Sar\u00e0 una stagione impegnativa, il campionato si prospetta lungo e competitivo, sicuramente ci sar\u00e0 da divertirsi. La Societ\u00e0 non si sta tirando indietro e sta facendo un grandissimo lavoro per creare una squadra all\u2019altezza di questo campionato\u201d.<\/p>\n<p>&nbsp;<\/p>\n<p>&nbsp;<\/p>\n<p>********<\/p>\n","protected":false},"excerpt":{"rendered":"<p>******* &nbsp; DI ROBERTO MIANA, PORTAVOCE DELL&#8217;ALLEGHE HOCKEY La Societ\u00e0 Alleghe Hockey comunica con piacere il ritorno sul ghiaccio di Riccardo Dell\u2019Osbel. Attaccante classe 2000 di La Valle Agordina, lavora come agente di Polizia Locale e come hobby \u00e8 un apprezzato DJ. Ha cominciato a prendere confidenza con il ghiaccio e la stecca da hockey&hellip;<\/p>\n","protected":false},"author":4,"featured_media":398902,"comment_status":"closed","ping_status":"closed","sticky":false,"template":"","format":"standard","meta":{"_monsterinsights_skip_tracking":false,"_monsterinsights_sitenote_active":false,"_monsterinsights_sitenote_note":"","_monsterinsights_sitenote_category":0,"footnotes":""},"categories":[49],"tags":[],"class_list":["post-398901","post","type-post","status-publish","format-standard","has-post-thumbnail","hentry","category-news-18","category-49","description-off"],"img_url":"https:\/\/www.radiopiu.net\/wordpress\/wp-content\/uploads\/2024\/07\/b1616eec-19a5-4071-86cc-55ddbf49500a.jpg","_links":{"self":[{"href":"https:\/\/www.radiopiu.net\/wordpress\/wp-json\/wp\/v2\/posts\/398901","targetHints":{"allow":["GET"]}}],"collection":[{"href":"https:\/\/www.radiopiu.net\/wordpress\/wp-json\/wp\/v2\/posts"}],"about":[{"href":"https:\/\/www.radiopiu.net\/wordpress\/wp-json\/wp\/v2\/types\/post"}],"author":[{"embeddable":true,"href":"https:\/\/www.radiopiu.net\/wordpress\/wp-json\/wp\/v2\/users\/4"}],"replies":[{"embeddable":true,"href":"https:\/\/www.radiopiu.net\/wordpress\/wp-json\/wp\/v2\/comments?post=398901"}],"version-history":[{"count":0,"href":"https:\/\/www.radiopiu.net\/wordpress\/wp-json\/wp\/v2\/posts\/398901\/revisions"}],"wp:featuredmedia":[{"embeddable":true,"href":"https:\/\/www.radiopiu.net\/wordpress\/wp-json\/wp\/v2\/media\/398902"}],"wp:attachment":[{"href":"https:\/\/www.radiopiu.net\/wordpress\/wp-json\/wp\/v2\/media?parent=398901"}],"wp:term":[{"taxonomy":"category","embeddable":true,"href":"https:\/\/www.radiopiu.net\/wordpress\/wp-json\/wp\/v2\/categories?post=398901"},{"taxonomy":"post_tag","embeddable":true,"href":"https:\/\/www.radiopiu.net\/wordpress\/wp-json\/wp\/v2\/tags?post=398901"}],"curies":[{"name":"wp","href":"https:\/\/api.w.org\/{rel}","templated":true}]}}