{"id":398925,"date":"2024-07-11T07:55:29","date_gmt":"2024-07-11T05:55:29","guid":{"rendered":"https:\/\/www.radiopiu.net\/wordpress\/?p=398925"},"modified":"2024-07-11T08:03:15","modified_gmt":"2024-07-11T06:03:15","slug":"ogni-giorno-puntuale-alle-8-del-mattino-la-rassegna-stampa-locale-di-mirko-mezzacasa","status":"publish","type":"post","link":"https:\/\/www.radiopiu.net\/wordpress\/ogni-giorno-puntuale-alle-8-del-mattino-la-rassegna-stampa-locale-di-mirko-mezzacasa\/","title":{"rendered":"OGNI GIORNO PUNTUALE ALLE 8 DEL MATTINO, LA RASSEGNA STAMPA LOCALE DI MIRKO MEZZACASA"},"content":{"rendered":"<p>****<\/p>\n<p><iframe loading=\"lazy\" title=\"DAL 1983 LA RASSEGNA STAMPA LOCALE di mirko mezzacasa. L&#039;ORIGINALE\" width=\"1200\" height=\"675\" src=\"https:\/\/www.youtube.com\/embed\/FtCyfpPP1Mc?feature=oembed\" frameborder=\"0\" allow=\"accelerometer; autoplay; clipboard-write; encrypted-media; gyroscope; picture-in-picture; web-share\" referrerpolicy=\"strict-origin-when-cross-origin\" allowfullscreen><\/iframe><\/p>\n<p><a class=\"dt-pswp-item\" href=\"https:\/\/www.radiopiu.net\/wordpress\/wp-content\/uploads\/2024\/07\/Senza-nome.jpg\" data-dt-img-description=\"\" data-large_image_width=\"472\" data-large_image_height=\"310\"><img loading=\"lazy\" decoding=\"async\" class=\"size-medium wp-image-398914 alignleft\" src=\"https:\/\/www.radiopiu.net\/wordpress\/wp-content\/uploads\/2024\/07\/Senza-nome-300x197.jpg\" alt=\"\" width=\"300\" height=\"197\" srcset=\"https:\/\/www.radiopiu.net\/wordpress\/wp-content\/uploads\/2024\/07\/Senza-nome-300x197.jpg 300w, https:\/\/www.radiopiu.net\/wordpress\/wp-content\/uploads\/2024\/07\/Senza-nome.jpg 472w\" sizes=\"auto, (max-width: 300px) 100vw, 300px\" \/><\/a>BELLUNO Luned\u00ec sera, un anziano ha colpito con il bastone da passeggio una vicina che lo rimproverava per i bisogni del cane. Nessun ferito grave, ma la polizia \u00e8 intervenuta.<br \/>\nREDAZIONE Falco2 alle 5.37 di ieri ha raggiunto il Rifugio Vandelli in soccorso ad un uomo di nazionalit\u00e0 greca, di 48 anni, colto da malore (problema cardiaco). L\u2019uomo \u00e8 in cura al San Martino di Belluno, in codice 2 (media gravit\u00e0)<br \/>\nVAL PUSTERIA sulla Ferrata Zandonella, alla Croda Rossa di Sesto due escursionisti (un uomo di 58 anni di Chiusa e una donna di 54 anni di Val di Vizze) si sono trovati bloccati sull\u2019anticima a causa della neve e di una profonda fessura. Sono stati recuperati con un verricello di 10 metri e portati a valle.<br \/>\nBELLUNO A causa dello sciopero nazionale indetto dalle organizzazioni sindacali gioved\u00ec 18 luglio non saranno garantite le corse in partenza dalle 12 alle 15:59.<br \/>\nBELLUNO Oggi, Via Lambioi \u00e8 chiusa al traffico dalle 7.30 alle 18 per sondaggi sui sottoservizi. Lavori collegati alla riqualificazione del parco di Lambioi.<br \/>\nLIVINALLONGO In localit\u00e0 COLLAZ l\u2019acqua erogata dall\u2019acquedotto non \u00e8 potabile e pu\u00f2 essere usata per scopi alimentari SOLO PREVIA bollitura. Torna potabile l\u2019acqua in frazione CASTELLO.<br \/>\nGOSALDO in localit\u00e0 VALLASIN l\u2019acqua erogata dall\u2019acquedotto non \u00e8 potabile e pu\u00f2 essere usata per scopi alimentari SOLO PREVIA bollitura.<br \/>\nAGORDO nelle localit\u00e0 PIASENT, COLVIGNAS, CAMPON e LE FOCHE l\u2019acqua erogata dall\u2019acquedotto non \u00e8 potabile e non pu\u00f2 essere usata per scopi alimentari, se non previa bollitura. Verr\u00e0 effettuato<br \/>\nROCCA PIETORE Gestione Servizi Pubblici informa che a ROCCA PIETORE in localit\u00e0 DIGONERA l\u2019acqua erogata dall\u2019acquedotto \u00e8 di nuovo potabile e pu\u00f2 essere usata, quindi, per scopi alimentari.<br \/>\nLIVINALLONGO Oggi dalle 8 alle 17 verr\u00e0 sospesa l\u2019erogazione dell\u2019acqua nelle localit\u00e0 LASTA, FEDERA, CORTE e SIEF.<br \/>\nROCCA PIETORE Oggi dalle 8 alle 17, verr\u00e0 sospesa l\u2019erogazione dell\u2019acqua nelle vie SOTTOGUDA e MALGA CIAPELA.<br \/>\nBELLUNO Cambio della guardia a Palazzo dei Rettori: venerd\u00ec lascer\u00e0 Belluno il prefetto Mariano Savastano, destinazione Cuneo. Al suo posto, da luned\u00ec sar\u00e0 in servizio Antonello Roccoberton, in arrivo da Treviso.<\/p>\n<p>SANTO STEFANO DI CADORE un escursionista di 74 anni di Tolmezzo ha deviato dal sentiero 160 della Traversata Carnica, colto da crampi alle gambe \u00e8 stato recuperato con un verricello di 20 metri<br \/>\nCORTINA Falco 2 \u00e8 intervenuto sul sentiero 215 dal Rifugio Vandelli per un\u2019escursionista di 27 anni di Montecchio Maggiore per \u2026 una caviglia slogata, \u00e8 stata trasportata all\u2019ospedale di Belluno.<br \/>\nVAL DI ZOLDO quattro escursionisti cechi sono stati soccorsi sulla cima del Civetta. Dopo aver completato la Ferrata degli Alleghesi, si sono trovati in difficolt\u00e0 a causa della neve e della chiusura del Rifugio Torrani. Sono stati recuperati elitrasportati a Palafavera.<br \/>\nBELLUNO Il Vescovo di Belluno, Monsignor Renato Marangoni, ha visitato ieri mattina la sede provinciale dei vigili del fuoco per benedire il basso rilievo ligneo di Santa Barbara. Quest\u2019opera, originariamente ubicata a Via San Gregorio, \u00e8 stata restaurata e collocata nell\u2019atrio della nuova sede. Accolto dall\u2019architetto Fabio Jerman per conto del comandante Matteo Carretto, il Vescovo ha ricevuto un saluto scritto dal comandante assente<br \/>\nBELLUNO Il Fondo dei Comuni Confinanti continua a sostenere l\u2019ospedale di Lamon, in particolare il Centro di Riabilitazione, con un nuovo contributo di 1,45 milioni di euro. Il presidente del Comitato di Gestione del Fondo, Dario Bond, ha firmato una convenzione con l\u2019Azienda Sanitaria ULSS 1 \u201cDolomiti\u201d.<br \/>\nROMA Il deputato Aboubakar Soumahoro ha denunciato la precariet\u00e0 e i diritti violati dei lavoratori precari di Poste Italiane, evidenziando come molti giovani siano contrattualizzati per brevi periodi e poi lasciati in un limbo di incertezza. Durante un convegno, Soumahoro ha sottolineato l\u2019importanza di stabilizzare questi lavoratori per garantire sicurezza e ridurre i rischi di incidenti dovuti a turni massacranti e mezzi inadeguati. Ha promesso di lavorare per una legge che favorisca la stabilizzazione dei precari, in linea con l\u2019articolo 1 della Costituzione<\/p>\n<p>&nbsp;<\/p>\n","protected":false},"excerpt":{"rendered":"<p>**** BELLUNO Luned\u00ec sera, un anziano ha colpito con il bastone da passeggio una vicina che lo rimproverava per i bisogni del cane. Nessun ferito grave, ma la polizia \u00e8 intervenuta. REDAZIONE Falco2 alle 5.37 di ieri ha raggiunto il Rifugio Vandelli in soccorso ad un uomo di nazionalit\u00e0 greca, di 48 anni, colto da&hellip;<\/p>\n","protected":false},"author":4,"featured_media":398914,"comment_status":"closed","ping_status":"closed","sticky":false,"template":"","format":"standard","meta":{"_monsterinsights_skip_tracking":false,"_monsterinsights_sitenote_active":false,"_monsterinsights_sitenote_note":"","_monsterinsights_sitenote_category":0,"footnotes":""},"categories":[104,49,142],"tags":[],"class_list":["post-398925","post","type-post","status-publish","format-standard","has-post-thumbnail","hentry","category-evidenza_3","category-news-18","category-rassegna-stampa","category-104","category-49","category-142","description-off"],"img_url":"https:\/\/www.radiopiu.net\/wordpress\/wp-content\/uploads\/2024\/07\/Senza-nome.jpg","_links":{"self":[{"href":"https:\/\/www.radiopiu.net\/wordpress\/wp-json\/wp\/v2\/posts\/398925","targetHints":{"allow":["GET"]}}],"collection":[{"href":"https:\/\/www.radiopiu.net\/wordpress\/wp-json\/wp\/v2\/posts"}],"about":[{"href":"https:\/\/www.radiopiu.net\/wordpress\/wp-json\/wp\/v2\/types\/post"}],"author":[{"embeddable":true,"href":"https:\/\/www.radiopiu.net\/wordpress\/wp-json\/wp\/v2\/users\/4"}],"replies":[{"embeddable":true,"href":"https:\/\/www.radiopiu.net\/wordpress\/wp-json\/wp\/v2\/comments?post=398925"}],"version-history":[{"count":0,"href":"https:\/\/www.radiopiu.net\/wordpress\/wp-json\/wp\/v2\/posts\/398925\/revisions"}],"wp:featuredmedia":[{"embeddable":true,"href":"https:\/\/www.radiopiu.net\/wordpress\/wp-json\/wp\/v2\/media\/398914"}],"wp:attachment":[{"href":"https:\/\/www.radiopiu.net\/wordpress\/wp-json\/wp\/v2\/media?parent=398925"}],"wp:term":[{"taxonomy":"category","embeddable":true,"href":"https:\/\/www.radiopiu.net\/wordpress\/wp-json\/wp\/v2\/categories?post=398925"},{"taxonomy":"post_tag","embeddable":true,"href":"https:\/\/www.radiopiu.net\/wordpress\/wp-json\/wp\/v2\/tags?post=398925"}],"curies":[{"name":"wp","href":"https:\/\/api.w.org\/{rel}","templated":true}]}}