{"id":398934,"date":"2024-07-12T05:43:37","date_gmt":"2024-07-12T03:43:37","guid":{"rendered":"https:\/\/www.radiopiu.net\/wordpress\/?p=398934"},"modified":"2024-07-12T05:58:23","modified_gmt":"2024-07-12T03:58:23","slug":"la-valle-grave-incidente-stradale-sulla-provinciale-del-duran-due-motociclisti-coinvolti","status":"publish","type":"post","link":"https:\/\/www.radiopiu.net\/wordpress\/la-valle-grave-incidente-stradale-sulla-provinciale-del-duran-due-motociclisti-coinvolti\/","title":{"rendered":"LA VALLE: Grave Incidente Stradale sulla Provinciale del Duran. DUE MOTOCICLISTI COINVOLTI"},"content":{"rendered":"<p>***<\/p>\n<p><strong>LA VALLE\u00a0 <\/strong>Poco prima delle 12 di oggi, un grave incidente stradale si \u00e8 verificato lungo la provinciale del Duran (SP347), poco oltre l&#8217;abitato di Crostolin di Agordo, al Ponte Valine in localit\u00e0 Lantrago. Due motociclisti sono entrati in collisione all&#8217;altezza\u00a0 del bivio per la frazione interna di La Valle, non una curva, piuttosto un rettilineo che invita ad aumentare la velocit\u00e0.\u00a0 Una delle moto \u00e8 finita\u00a0 sul&#8217;asfalto sul lato destro della carreggiata, l&#8217;altra sul lato opposto . I primi soccorritori giunti sul posto si sono trovati difronte\u00a0 una scena raccapricciante, soprattutto per il motociclista austriaco, viennese di 67 anni,\u00a0 che era incosciente e sanguinante. L&#8217;elicottero del Suem \u00e8 intervenuto immediatamente, l&#8217;uomo in condizioni pi\u00f9 gravi \u00e8 stato elitrasportato al Ca Foncello di Treviso i condizioni gravissime,\u00a0 mentre il secondo motociclista, un 58enne di Salgareda (TV) \u00e8 stato preso in carico dall&#8217;ospedale di Agordo grazie all&#8217;intervento dell&#8217;ambulanza del Pronto Soccorso del Papa Luciani. L&#8217;incidente \u00e8 avvenuto in una zona con buona visibilit\u00e0, rendendo lo scontro frontale ancora pi\u00f9 sorprendente. Sul luogo dell&#8217;incidente sono arrivati i Carabinieri di Cencenighe e Falcade per i rilievi. La strada \u00e8 rimasta chiusa per oltre un&#8217;ora e mezza, per consentire le operazioni di soccorso e i rilievi, e successivamente \u00e8 stata rimessa in sicurezza dai vigili del fuoco di Agordo. L&#8217;agente di Polizia Locale ha deviato il traffico in discesa da Passo Duran verso le frazioni interne, ma si \u00e8 formata una lunga coda tra Agordo e il Ponte Valine.<\/p>\n\n\t\t\t<style type='text\/css'>\n\t\t\t\t#gallery-1 {\n\t\t\t\t\tmargin: auto;\n\t\t\t\t}\n\t\t\t\t#gallery-1 .gallery-item {\n\t\t\t\t\tfloat: left;\n\t\t\t\t\tmargin-top: 10px;\n\t\t\t\t\ttext-align: center;\n\t\t\t\t\twidth: 20%;\n\t\t\t\t}\n\t\t\t\t#gallery-1 img {\n\t\t\t\t\tborder: 2px solid #cfcfcf;\n\t\t\t\t}\n\t\t\t\t#gallery-1 .gallery-caption {\n\t\t\t\t\tmargin-left: 0;\n\t\t\t\t}\n\t\t\t\t\/* see gallery_shortcode() in wp-includes\/media.php *\/\n\t\t\t<\/style>\n\t\t<div id='gallery-1' class='dt-gallery-container gallery galleryid-398934 gallery-columns-5 gallery-size-thumbnail'><dl class='gallery-item'>\n\t\t\t\t<dt class='gallery-icon landscape'>\n\t\t\t\t\t<a class=\"rollover rollover-zoom dt-pswp-item\" title=\"WhatsApp Image 2024-07-11 at 13.16.07\" data-dt-img-description=\"\" data-large_image_width=\"1600\" data-large_image_height=\"1200\"href='https:\/\/www.radiopiu.net\/wordpress\/wp-content\/uploads\/2024\/07\/WhatsApp-Image-2024-07-11-at-13.16.07.jpeg'><img loading=\"lazy\" decoding=\"async\" width=\"150\" height=\"150\" src=\"https:\/\/www.radiopiu.net\/wordpress\/wp-content\/uploads\/2024\/07\/WhatsApp-Image-2024-07-11-at-13.16.07-150x150.jpeg\" class=\"attachment-thumbnail size-thumbnail\" alt=\"\" \/><\/a>\n\t\t\t\t<\/dt><\/dl><dl class='gallery-item'>\n\t\t\t\t<dt class='gallery-icon landscape'>\n\t\t\t\t\t<a class=\"rollover rollover-zoom dt-pswp-item\" title=\"WhatsApp Image 2024-07-11 at 13.17.19\" data-dt-img-description=\"\" data-large_image_width=\"1600\" data-large_image_height=\"1200\"href='https:\/\/www.radiopiu.net\/wordpress\/wp-content\/uploads\/2024\/07\/WhatsApp-Image-2024-07-11-at-13.17.19.jpeg'><img loading=\"lazy\" decoding=\"async\" width=\"150\" height=\"150\" src=\"https:\/\/www.radiopiu.net\/wordpress\/wp-content\/uploads\/2024\/07\/WhatsApp-Image-2024-07-11-at-13.17.19-150x150.jpeg\" class=\"attachment-thumbnail size-thumbnail\" alt=\"\" \/><\/a>\n\t\t\t\t<\/dt><\/dl><dl class='gallery-item'>\n\t\t\t\t<dt class='gallery-icon landscape'>\n\t\t\t\t\t<a class=\"rollover rollover-zoom dt-pswp-item\" title=\"WhatsApp Image 2024-07-11 at 13.16.39\" data-dt-img-description=\"\" data-large_image_width=\"1600\" data-large_image_height=\"1200\"href='https:\/\/www.radiopiu.net\/wordpress\/wp-content\/uploads\/2024\/07\/WhatsApp-Image-2024-07-11-at-13.16.39.jpeg'><img loading=\"lazy\" decoding=\"async\" width=\"150\" height=\"150\" src=\"https:\/\/www.radiopiu.net\/wordpress\/wp-content\/uploads\/2024\/07\/WhatsApp-Image-2024-07-11-at-13.16.39-150x150.jpeg\" class=\"attachment-thumbnail size-thumbnail\" alt=\"\" \/><\/a>\n\t\t\t\t<\/dt><\/dl><dl class='gallery-item'>\n\t\t\t\t<dt class='gallery-icon landscape'>\n\t\t\t\t\t<a class=\"rollover rollover-zoom dt-pswp-item\" title=\"WhatsApp Image 2024-07-11 at 13.16.15\" data-dt-img-description=\"\" data-large_image_width=\"1600\" data-large_image_height=\"1200\"href='https:\/\/www.radiopiu.net\/wordpress\/wp-content\/uploads\/2024\/07\/WhatsApp-Image-2024-07-11-at-13.16.15.jpg'><img loading=\"lazy\" decoding=\"async\" width=\"150\" height=\"150\" src=\"https:\/\/www.radiopiu.net\/wordpress\/wp-content\/uploads\/2024\/07\/WhatsApp-Image-2024-07-11-at-13.16.15-150x150.jpg\" class=\"attachment-thumbnail size-thumbnail\" alt=\"\" \/><\/a>\n\t\t\t\t<\/dt><\/dl><dl class='gallery-item'>\n\t\t\t\t<dt class='gallery-icon landscape'>\n\t\t\t\t\t<a class=\"rollover rollover-zoom dt-pswp-item\" title=\"WhatsApp Image 2024-07-11 at 13.16.47\" data-dt-img-description=\"\" data-large_image_width=\"1600\" data-large_image_height=\"1200\"href='https:\/\/www.radiopiu.net\/wordpress\/wp-content\/uploads\/2024\/07\/WhatsApp-Image-2024-07-11-at-13.16.47.jpeg'><img loading=\"lazy\" decoding=\"async\" width=\"150\" height=\"150\" src=\"https:\/\/www.radiopiu.net\/wordpress\/wp-content\/uploads\/2024\/07\/WhatsApp-Image-2024-07-11-at-13.16.47-150x150.jpeg\" class=\"attachment-thumbnail size-thumbnail\" alt=\"\" \/><\/a>\n\t\t\t\t<\/dt><\/dl><br style=\"clear: both\" \/><dl class='gallery-item'>\n\t\t\t\t<dt class='gallery-icon landscape'>\n\t\t\t\t\t<a class=\"rollover rollover-zoom dt-pswp-item\" title=\"WhatsApp Image 2024-07-11 at 13.17.07\" data-dt-img-description=\"\" data-large_image_width=\"1600\" data-large_image_height=\"1200\"href='https:\/\/www.radiopiu.net\/wordpress\/wp-content\/uploads\/2024\/07\/WhatsApp-Image-2024-07-11-at-13.17.07.jpeg'><img loading=\"lazy\" decoding=\"async\" width=\"150\" height=\"150\" src=\"https:\/\/www.radiopiu.net\/wordpress\/wp-content\/uploads\/2024\/07\/WhatsApp-Image-2024-07-11-at-13.17.07-150x150.jpeg\" class=\"attachment-thumbnail size-thumbnail\" alt=\"\" \/><\/a>\n\t\t\t\t<\/dt><\/dl><dl class='gallery-item'>\n\t\t\t\t<dt class='gallery-icon landscape'>\n\t\t\t\t\t<a class=\"rollover rollover-zoom dt-pswp-item\" title=\"28b3d94b-c315-4bc2-8810-08d4b276c7e2\" data-dt-img-description=\"\" data-large_image_width=\"1093\" data-large_image_height=\"577\"href='https:\/\/www.radiopiu.net\/wordpress\/wp-content\/uploads\/2024\/07\/28b3d94b-c315-4bc2-8810-08d4b276c7e2.jpg'><img loading=\"lazy\" decoding=\"async\" width=\"150\" height=\"150\" src=\"https:\/\/www.radiopiu.net\/wordpress\/wp-content\/uploads\/2024\/07\/28b3d94b-c315-4bc2-8810-08d4b276c7e2-150x150.jpg\" class=\"attachment-thumbnail size-thumbnail\" alt=\"\" \/><\/a>\n\t\t\t\t<\/dt><\/dl><dl class='gallery-item'>\n\t\t\t\t<dt class='gallery-icon landscape'>\n\t\t\t\t\t<a class=\"rollover rollover-zoom dt-pswp-item\" title=\"4539a2a3-6376-43b1-becd-78603f3235e7\" data-dt-img-description=\"\" data-large_image_width=\"893\" data-large_image_height=\"577\"href='https:\/\/www.radiopiu.net\/wordpress\/wp-content\/uploads\/2024\/07\/4539a2a3-6376-43b1-becd-78603f3235e7.jpg'><img loading=\"lazy\" decoding=\"async\" width=\"150\" height=\"150\" src=\"https:\/\/www.radiopiu.net\/wordpress\/wp-content\/uploads\/2024\/07\/4539a2a3-6376-43b1-becd-78603f3235e7-150x150.jpg\" class=\"attachment-thumbnail size-thumbnail\" alt=\"\" \/><\/a>\n\t\t\t\t<\/dt><\/dl><dl class='gallery-item'>\n\t\t\t\t<dt class='gallery-icon landscape'>\n\t\t\t\t\t<a class=\"rollover rollover-zoom dt-pswp-item\" title=\"76990fdd-34a5-4638-9a12-fb94b8bda3f0\" data-dt-img-description=\"\" data-large_image_width=\"1022\" data-large_image_height=\"577\"href='https:\/\/www.radiopiu.net\/wordpress\/wp-content\/uploads\/2024\/07\/76990fdd-34a5-4638-9a12-fb94b8bda3f0.jpg'><img loading=\"lazy\" decoding=\"async\" width=\"150\" height=\"150\" src=\"https:\/\/www.radiopiu.net\/wordpress\/wp-content\/uploads\/2024\/07\/76990fdd-34a5-4638-9a12-fb94b8bda3f0-150x150.jpg\" class=\"attachment-thumbnail size-thumbnail\" alt=\"\" \/><\/a>\n\t\t\t\t<\/dt><\/dl><dl class='gallery-item'>\n\t\t\t\t<dt class='gallery-icon landscape'>\n\t\t\t\t\t<a class=\"rollover rollover-zoom dt-pswp-item\" title=\"16b93dca-b4c0-4317-8f82-1e860ad3f1c8\" data-dt-img-description=\"\" data-large_image_width=\"947\" data-large_image_height=\"532\"href='https:\/\/www.radiopiu.net\/wordpress\/wp-content\/uploads\/2024\/07\/16b93dca-b4c0-4317-8f82-1e860ad3f1c8.jpg'><img loading=\"lazy\" decoding=\"async\" width=\"150\" height=\"150\" src=\"https:\/\/www.radiopiu.net\/wordpress\/wp-content\/uploads\/2024\/07\/16b93dca-b4c0-4317-8f82-1e860ad3f1c8-150x150.jpg\" class=\"attachment-thumbnail size-thumbnail\" alt=\"\" \/><\/a>\n\t\t\t\t<\/dt><\/dl><br style=\"clear: both\" \/>\n\t\t\t<\/div>\n\n<p>__-<\/p>\n","protected":false},"excerpt":{"rendered":"<p>*** LA VALLE\u00a0 Poco prima delle 12 di oggi, un grave incidente stradale si \u00e8 verificato lungo la provinciale del Duran (SP347), poco oltre l&#8217;abitato di Crostolin di Agordo, al Ponte Valine in localit\u00e0 Lantrago. Due motociclisti sono entrati in collisione all&#8217;altezza\u00a0 del bivio per la frazione interna di La Valle, non una curva, piuttosto&hellip;<\/p>\n","protected":false},"author":4,"featured_media":398943,"comment_status":"closed","ping_status":"closed","sticky":false,"template":"","format":"standard","meta":{"_monsterinsights_skip_tracking":false,"_monsterinsights_sitenote_active":false,"_monsterinsights_sitenote_note":"","_monsterinsights_sitenote_category":0,"footnotes":""},"categories":[51,49],"tags":[],"class_list":["post-398934","post","type-post","status-publish","format-standard","has-post-thumbnail","hentry","category-evidenza-top","category-news-18","category-51","category-49","description-off"],"img_url":"https:\/\/www.radiopiu.net\/wordpress\/wp-content\/uploads\/2024\/07\/WhatsApp-Image-2024-07-11-at-13.17.07.jpeg","_links":{"self":[{"href":"https:\/\/www.radiopiu.net\/wordpress\/wp-json\/wp\/v2\/posts\/398934","targetHints":{"allow":["GET"]}}],"collection":[{"href":"https:\/\/www.radiopiu.net\/wordpress\/wp-json\/wp\/v2\/posts"}],"about":[{"href":"https:\/\/www.radiopiu.net\/wordpress\/wp-json\/wp\/v2\/types\/post"}],"author":[{"embeddable":true,"href":"https:\/\/www.radiopiu.net\/wordpress\/wp-json\/wp\/v2\/users\/4"}],"replies":[{"embeddable":true,"href":"https:\/\/www.radiopiu.net\/wordpress\/wp-json\/wp\/v2\/comments?post=398934"}],"version-history":[{"count":0,"href":"https:\/\/www.radiopiu.net\/wordpress\/wp-json\/wp\/v2\/posts\/398934\/revisions"}],"wp:featuredmedia":[{"embeddable":true,"href":"https:\/\/www.radiopiu.net\/wordpress\/wp-json\/wp\/v2\/media\/398943"}],"wp:attachment":[{"href":"https:\/\/www.radiopiu.net\/wordpress\/wp-json\/wp\/v2\/media?parent=398934"}],"wp:term":[{"taxonomy":"category","embeddable":true,"href":"https:\/\/www.radiopiu.net\/wordpress\/wp-json\/wp\/v2\/categories?post=398934"},{"taxonomy":"post_tag","embeddable":true,"href":"https:\/\/www.radiopiu.net\/wordpress\/wp-json\/wp\/v2\/tags?post=398934"}],"curies":[{"name":"wp","href":"https:\/\/api.w.org\/{rel}","templated":true}]}}