{"id":398993,"date":"2024-07-12T05:46:35","date_gmt":"2024-07-12T03:46:35","guid":{"rendered":"https:\/\/www.radiopiu.net\/wordpress\/?p=398993"},"modified":"2024-07-12T05:57:19","modified_gmt":"2024-07-12T03:57:19","slug":"interventi-in-val-di-zoldo-ed-auronzo-per-il-soccorso-alpino","status":"publish","type":"post","link":"https:\/\/www.radiopiu.net\/wordpress\/interventi-in-val-di-zoldo-ed-auronzo-per-il-soccorso-alpino\/","title":{"rendered":"SOCCORSO ALPINO IN VAL DI ZOLDO ED AURONZO"},"content":{"rendered":"<p><span style=\"color: #ff0000;\"><strong>\u00a0<\/strong><\/span><\/p>\n<hr \/>\n<p><span style=\"color: #ff0000;\"><strong><\/p>\n<p>ELITAXI&#8230;<\/strong><\/span><\/p>\n<blockquote>\n<h3>ANCHE IERI, COME MERCOLEDI UNA CAVIGLIA SLOGATA E UN&#8217;ESCURSIONISTA &#8220;PERSA&#8221; TRA I SENTIERI<\/h3>\n<\/blockquote>\n<p><strong><a class=\"dt-pswp-item\" href=\"https:\/\/www.radiopiu.net\/wordpress\/wp-content\/uploads\/2022\/08\/salt_20220825_171725_606.jpg\" data-dt-img-description=\"\" data-large_image_width=\"2364\" data-large_image_height=\"1773\"><img loading=\"lazy\" decoding=\"async\" class=\" wp-image-294603 alignleft\" src=\"https:\/\/www.radiopiu.net\/wordpress\/wp-content\/uploads\/2022\/08\/salt_20220825_171725_606-300x225.jpg\" alt=\"\" width=\"157\" height=\"118\" srcset=\"https:\/\/www.radiopiu.net\/wordpress\/wp-content\/uploads\/2022\/08\/salt_20220825_171725_606-300x225.jpg 300w, https:\/\/www.radiopiu.net\/wordpress\/wp-content\/uploads\/2022\/08\/salt_20220825_171725_606-1024x768.jpg 1024w, https:\/\/www.radiopiu.net\/wordpress\/wp-content\/uploads\/2022\/08\/salt_20220825_171725_606-768x576.jpg 768w, https:\/\/www.radiopiu.net\/wordpress\/wp-content\/uploads\/2022\/08\/salt_20220825_171725_606-1536x1152.jpg 1536w, https:\/\/www.radiopiu.net\/wordpress\/wp-content\/uploads\/2022\/08\/salt_20220825_171725_606-2048x1536.jpg 2048w\" sizes=\"auto, (max-width: 157px) 100vw, 157px\" \/><\/a>VAL DI ZOLDO<\/strong>\u00a0 una signora di Mira (VE) che, partecipando assieme ai figli a un&#8217;uscita micologia, messo male un piede aveva riportato una distorsione. La donna, che si trovava un centinaio di metri all&#8217;interno di un bosco nella zona di Palafavera, \u00e8 stata raggiunta da una squadra, caricata in barella, trasportata alla strada e affidata all&#8217;ambulanza.<\/p>\n<p><strong>AURONZO DI CADORE\u00a0 <\/strong>Sulla Croda del Banco una 26enne inglese si era trovata in difficolt\u00e0 e, intimorita, non era pi\u00f9 stata capace di spostarsi. Individuata dalle coordinate Gps, dalla ragazza si \u00e8 portato il tecnico di elisoccorso. L&#8217;escursionista, illesa, \u00e8 stata lasciata al Passo Tre Croci dove aveva la macchina.<\/p>\n<p>&nbsp;<\/p>\n<p>&nbsp;<\/p>\n<p>******<\/p>\n","protected":false},"excerpt":{"rendered":"<p>\u00a0 ELITAXI&#8230; ANCHE IERI, COME MERCOLEDI UNA CAVIGLIA SLOGATA E UN&#8217;ESCURSIONISTA &#8220;PERSA&#8221; TRA I SENTIERI VAL DI ZOLDO\u00a0 una signora di Mira (VE) che, partecipando assieme ai figli a un&#8217;uscita micologia, messo male un piede aveva riportato una distorsione. La donna, che si trovava un centinaio di metri all&#8217;interno di un bosco nella zona di&hellip;<\/p>\n","protected":false},"author":4,"featured_media":294603,"comment_status":"closed","ping_status":"closed","sticky":false,"template":"","format":"standard","meta":{"_monsterinsights_skip_tracking":false,"_monsterinsights_sitenote_active":false,"_monsterinsights_sitenote_note":"","_monsterinsights_sitenote_category":0,"footnotes":""},"categories":[51,49],"tags":[],"class_list":["post-398993","post","type-post","status-publish","format-standard","has-post-thumbnail","hentry","category-evidenza-top","category-news-18","category-51","category-49","description-off"],"img_url":"https:\/\/www.radiopiu.net\/wordpress\/wp-content\/uploads\/2022\/08\/salt_20220825_171725_606.jpg","_links":{"self":[{"href":"https:\/\/www.radiopiu.net\/wordpress\/wp-json\/wp\/v2\/posts\/398993","targetHints":{"allow":["GET"]}}],"collection":[{"href":"https:\/\/www.radiopiu.net\/wordpress\/wp-json\/wp\/v2\/posts"}],"about":[{"href":"https:\/\/www.radiopiu.net\/wordpress\/wp-json\/wp\/v2\/types\/post"}],"author":[{"embeddable":true,"href":"https:\/\/www.radiopiu.net\/wordpress\/wp-json\/wp\/v2\/users\/4"}],"replies":[{"embeddable":true,"href":"https:\/\/www.radiopiu.net\/wordpress\/wp-json\/wp\/v2\/comments?post=398993"}],"version-history":[{"count":0,"href":"https:\/\/www.radiopiu.net\/wordpress\/wp-json\/wp\/v2\/posts\/398993\/revisions"}],"wp:featuredmedia":[{"embeddable":true,"href":"https:\/\/www.radiopiu.net\/wordpress\/wp-json\/wp\/v2\/media\/294603"}],"wp:attachment":[{"href":"https:\/\/www.radiopiu.net\/wordpress\/wp-json\/wp\/v2\/media?parent=398993"}],"wp:term":[{"taxonomy":"category","embeddable":true,"href":"https:\/\/www.radiopiu.net\/wordpress\/wp-json\/wp\/v2\/categories?post=398993"},{"taxonomy":"post_tag","embeddable":true,"href":"https:\/\/www.radiopiu.net\/wordpress\/wp-json\/wp\/v2\/tags?post=398993"}],"curies":[{"name":"wp","href":"https:\/\/api.w.org\/{rel}","templated":true}]}}