{"id":399054,"date":"2024-07-12T05:45:38","date_gmt":"2024-07-12T03:45:38","guid":{"rendered":"https:\/\/www.radiopiu.net\/wordpress\/?p=399054"},"modified":"2024-07-12T05:57:49","modified_gmt":"2024-07-12T03:57:49","slug":"la-valle-agordina-mucca-bisognosa-di-cure","status":"publish","type":"post","link":"https:\/\/www.radiopiu.net\/wordpress\/la-valle-agordina-mucca-bisognosa-di-cure\/","title":{"rendered":"LA VALLE AGORDINA, MUCCA BISOGNOSA DI CURE"},"content":{"rendered":"<p>***<\/p>\n<p><strong>LA VALLE\u00a0<\/strong> Gioved\u00ec pomeriggio, 11 luglio, i vigili del fuoco sono intervenuti con l\u2019elicottero Drago 149 nei pressi di malga Calleda nel comune di La Valle Agordina per spostare una mucca bisognosa di cure veterinarie. La richiesta ai vigili del fuoco da parte del medico veterinario che per curare l\u2019animale aveva necessit\u00e0 di spostarlo in un luogo pi\u00f9 idoneo. La mucca dopo essere stata imbragata \u00e8 stata issata con il gancio baricentrico dell\u2019elicottero e trasportata nell\u2019adiacenza della malga. Le operazioni di soccorso dei vigili del fuoco sono terminate poco prima delle 20:00.<\/p>\n\n\t\t\t<style type='text\/css'>\n\t\t\t\t#gallery-1 {\n\t\t\t\t\tmargin: auto;\n\t\t\t\t}\n\t\t\t\t#gallery-1 .gallery-item {\n\t\t\t\t\tfloat: left;\n\t\t\t\t\tmargin-top: 10px;\n\t\t\t\t\ttext-align: center;\n\t\t\t\t\twidth: 33%;\n\t\t\t\t}\n\t\t\t\t#gallery-1 img {\n\t\t\t\t\tborder: 2px solid #cfcfcf;\n\t\t\t\t}\n\t\t\t\t#gallery-1 .gallery-caption {\n\t\t\t\t\tmargin-left: 0;\n\t\t\t\t}\n\t\t\t\t\/* see gallery_shortcode() in wp-includes\/media.php *\/\n\t\t\t<\/style>\n\t\t<div id='gallery-1' class='dt-gallery-container gallery galleryid-399054 gallery-columns-3 gallery-size-thumbnail'><dl class='gallery-item'>\n\t\t\t\t<dt class='gallery-icon portrait'>\n\t\t\t\t\t<a class=\"rollover rollover-zoom dt-pswp-item\" title=\"490476b7-c5a8-4b2b-a892-a040ed8791da\" data-dt-img-description=\"\" data-large_image_width=\"577\" data-large_image_height=\"875\"href='https:\/\/www.radiopiu.net\/wordpress\/wp-content\/uploads\/2024\/07\/490476b7-c5a8-4b2b-a892-a040ed8791da.jpg'><img loading=\"lazy\" decoding=\"async\" width=\"150\" height=\"150\" src=\"https:\/\/www.radiopiu.net\/wordpress\/wp-content\/uploads\/2024\/07\/490476b7-c5a8-4b2b-a892-a040ed8791da-150x150.jpg\" class=\"attachment-thumbnail size-thumbnail\" alt=\"\" \/><\/a>\n\t\t\t\t<\/dt><\/dl><dl class='gallery-item'>\n\t\t\t\t<dt class='gallery-icon portrait'>\n\t\t\t\t\t<a class=\"rollover rollover-zoom dt-pswp-item\" title=\"7eea40dc-e003-4495-9fac-829999b9a779\" data-dt-img-description=\"\" data-large_image_width=\"577\" data-large_image_height=\"824\"href='https:\/\/www.radiopiu.net\/wordpress\/wp-content\/uploads\/2024\/07\/7eea40dc-e003-4495-9fac-829999b9a779.jpg'><img loading=\"lazy\" decoding=\"async\" width=\"150\" height=\"150\" src=\"https:\/\/www.radiopiu.net\/wordpress\/wp-content\/uploads\/2024\/07\/7eea40dc-e003-4495-9fac-829999b9a779-150x150.jpg\" class=\"attachment-thumbnail size-thumbnail\" alt=\"\" \/><\/a>\n\t\t\t\t<\/dt><\/dl><dl class='gallery-item'>\n\t\t\t\t<dt class='gallery-icon portrait'>\n\t\t\t\t\t<a class=\"rollover rollover-zoom dt-pswp-item\" title=\"2b4aca5a-327a-4c80-9853-0427646356e3\" data-dt-img-description=\"\" data-large_image_width=\"577\" data-large_image_height=\"1032\"href='https:\/\/www.radiopiu.net\/wordpress\/wp-content\/uploads\/2024\/07\/2b4aca5a-327a-4c80-9853-0427646356e3.jpg'><img loading=\"lazy\" decoding=\"async\" width=\"150\" height=\"150\" src=\"https:\/\/www.radiopiu.net\/wordpress\/wp-content\/uploads\/2024\/07\/2b4aca5a-327a-4c80-9853-0427646356e3-150x150.jpg\" class=\"attachment-thumbnail size-thumbnail\" alt=\"\" \/><\/a>\n\t\t\t\t<\/dt><\/dl><br style=\"clear: both\" \/>\n\t\t\t<\/div>\n\n","protected":false},"excerpt":{"rendered":"<p>*** LA VALLE\u00a0 Gioved\u00ec pomeriggio, 11 luglio, i vigili del fuoco sono intervenuti con l\u2019elicottero Drago 149 nei pressi di malga Calleda nel comune di La Valle Agordina per spostare una mucca bisognosa di cure veterinarie. La richiesta ai vigili del fuoco da parte del medico veterinario che per curare l\u2019animale aveva necessit\u00e0 di spostarlo&hellip;<\/p>\n","protected":false},"author":4,"featured_media":399055,"comment_status":"closed","ping_status":"closed","sticky":false,"template":"","format":"standard","meta":{"_monsterinsights_skip_tracking":false,"_monsterinsights_sitenote_active":false,"_monsterinsights_sitenote_note":"","_monsterinsights_sitenote_category":0,"footnotes":""},"categories":[104,49],"tags":[],"class_list":["post-399054","post","type-post","status-publish","format-standard","has-post-thumbnail","hentry","category-evidenza_3","category-news-18","category-104","category-49","description-off"],"img_url":"https:\/\/www.radiopiu.net\/wordpress\/wp-content\/uploads\/2024\/07\/490476b7-c5a8-4b2b-a892-a040ed8791da.jpg","_links":{"self":[{"href":"https:\/\/www.radiopiu.net\/wordpress\/wp-json\/wp\/v2\/posts\/399054","targetHints":{"allow":["GET"]}}],"collection":[{"href":"https:\/\/www.radiopiu.net\/wordpress\/wp-json\/wp\/v2\/posts"}],"about":[{"href":"https:\/\/www.radiopiu.net\/wordpress\/wp-json\/wp\/v2\/types\/post"}],"author":[{"embeddable":true,"href":"https:\/\/www.radiopiu.net\/wordpress\/wp-json\/wp\/v2\/users\/4"}],"replies":[{"embeddable":true,"href":"https:\/\/www.radiopiu.net\/wordpress\/wp-json\/wp\/v2\/comments?post=399054"}],"version-history":[{"count":0,"href":"https:\/\/www.radiopiu.net\/wordpress\/wp-json\/wp\/v2\/posts\/399054\/revisions"}],"wp:featuredmedia":[{"embeddable":true,"href":"https:\/\/www.radiopiu.net\/wordpress\/wp-json\/wp\/v2\/media\/399055"}],"wp:attachment":[{"href":"https:\/\/www.radiopiu.net\/wordpress\/wp-json\/wp\/v2\/media?parent=399054"}],"wp:term":[{"taxonomy":"category","embeddable":true,"href":"https:\/\/www.radiopiu.net\/wordpress\/wp-json\/wp\/v2\/categories?post=399054"},{"taxonomy":"post_tag","embeddable":true,"href":"https:\/\/www.radiopiu.net\/wordpress\/wp-json\/wp\/v2\/tags?post=399054"}],"curies":[{"name":"wp","href":"https:\/\/api.w.org\/{rel}","templated":true}]}}